{"id":1971,"date":"2018-03-07T11:05:00","date_gmt":"2018-03-07T10:05:00","guid":{"rendered":"https:\/\/instytutpolski.pl\/madrid\/?p=1971"},"modified":"2020-02-13T11:09:48","modified_gmt":"2020-02-13T10:09:48","slug":"alina-blonska-participa-en-la-jornada-sobre-lo-estetico","status":"publish","type":"post","link":"https:\/\/instytutpolski.pl\/madrid\/2018\/03\/07\/alina-blonska-participa-en-la-jornada-sobre-lo-estetico\/","title":{"rendered":"Alina B\u0142o\u0144ska participa en la jornada sobre &#8222;Lo Est\u00e9tico&#8221;"},"content":{"rendered":"\n<p>La Facultad de Filosof\u00eda de la Universidad Eclesi\u00e1stica San D\u00e1maso (UESD) organiza el&nbsp;mi\u00e9rcoles 7 de marzo&nbsp;de 2018&nbsp;la jornada sobre&nbsp;&#8222;Lo Est\u00e9tico&#8221;.&nbsp;Durante la sesi\u00f3n, la compositora polaca Alina B\u0142o\u0144ska dar\u00e1 un discurso sobre &#8222;M\u00fasica y fe. Una aproximaci\u00f3n a la m\u00fasica religiosa polaca contempor\u00e1nea&#8221;.<br><br>La jornada concluir\u00e1 con un concierto de m\u00fasica polaca realizado por un cuarteto que se podr\u00e1 escuchar desde las 18:30 horas en la Capilla del Seminario Conciliar (c\/San Buenaventura, 9).&nbsp;En el programa se presentar\u00e1n composiciones de la m\u00fasica religiosa contempor\u00e1nea, particularmente enfocadas en la creaci\u00f3n de los compositores polacos como W. Lutos\u0142awski, H.M. G\u00f3recki, M. Lorenc, A. B\u0142o\u0144ska y M. Surzy\u0144ski. Los artistas int\u00e9rpretes ser\u00e1n m\u00fasicos polacos: Urszula Bard\u0142owska (soprano), Alina B\u0142o\u0144ska (viola da gamba) y Marta Misztal Bloch (\u00f3rgano).<\/p>\n\n\n\n<p><br><strong>Alina B\u0142o\u0144ska<\/strong>Compositora polaca residente en Madrid. Realiza sus estudios de composici\u00f3n y m\u00fasica electroac\u00fastica en el Conservatorio Superior&nbsp;\u201cKarol Lipi\u0144ski\u201d de Wroc\u0142aw (Polonia), donde se grad\u00faa con honores en 2002.&nbsp;Su producci\u00f3n creativa comprende obras para instrumentos a solo, de c\u00e1mara, vocales, orquestales y electroac\u00fasticas, siendo una de sus principales fuentes de inspiraci\u00f3n la m\u00fasica antigua. Por su doble condici\u00f3n de&nbsp;compositora e hispanista&nbsp;(licenciada por la Universidad de Wroc\u0142aw), siente una especial atracci\u00f3n por la cultura espa\u00f1ola que se deja traslucir en sus obras.&nbsp;Caracterizadas \u00e9stas por su sobriedad arm\u00f3nica, su b\u00fasqueda t\u00edmbrica y su car\u00e1cter dram\u00e1tico e \u00edntimo, han sido estrenadas en los festivales de m\u00fasica contempor\u00e1nea m\u00e1s prestigiosos de Polonia (Oto\u00f1o de Varsovia,&nbsp;D\u00edas Internacionales de la M\u00fasica de los Compositores de Cracovia,&nbsp;Festiwal Muzyki Polskiej&nbsp;o&nbsp;Musica Polonica Nova&nbsp;de Wroc\u0142aw), as\u00ed como&nbsp;en Francia, Inglaterra, Bielorrusia, Alemania y en Suecia (donde represent\u00f3 alPolish Music Information Centre&nbsp;en el concierto de IAMIC&nbsp;-International Association of Music Information Centres-). Fuera de Europa sus obras han formado parte de los&nbsp;XXIV y XXXII Foros Internacionales de M\u00fasica Nueva&nbsp;Manuel Enr\u00edquez, de M\u00e9xico.En Espa\u00f1a han sido presentadas en las XVI-XVII Jornadas de Inform\u00e1tica y Electr\u00f3nica Musical, la&nbsp;XXXIV Semana Internacional de \u00d3rgano de Madrid, la&nbsp;V Convenci\u00f3n Internacional de Percusi\u00f3n de Mallorca, el&nbsp;VI Festival Joven de M\u00fasica Cl\u00e1sica de Segovia&nbsp;y los&nbsp;Encuentros de Composici\u00f3n Injuve 2001-2002.&nbsp;En octubre del 2016 tuvo lugar en la Iglesia de San Antonio de los Alemanes de Madrid su concierto monogr\u00e1fico. Un proyecto realizado en colaboraci\u00f3n con el Laboratorio de Inform\u00e1tica y Electr\u00f3nica Musical &#8211; Centro de Tecnolog\u00eda del Espect\u00e1culo (instituci\u00f3n dependiente de INAEM) y patrocinado por el Instituto Polaco de Cultura.&nbsp;En la actualidad, tras haber obtenido el t\u00edtulo de Doctora en composici\u00f3n en 2011,&nbsp;Alina B\u0142o\u0144ska&nbsp;imparte conferencias sobre m\u00fasica polaca contempor\u00e1nea en Espa\u00f1a y la m\u00fasica espa\u00f1ola en Polonia.<\/p>\n\n\n\n<p><strong>D\u00d3NDE<\/strong><br>Conferencias<br>Facultad de Filosof\u00eda, UESD<br>C\/ Jerte,10<br>28005 Madrid<br><br>Concierto<br>Capilla del Seminario Conciliar<br>C\/ San Buenaventura, 9<br>28005 Madrid<\/p>\n\n\n\n<p><br><strong>CU\u00c1NDO<\/strong><br>Conferencias<br>7 de marzo de 11.15 a 12.00 horas<br><br>Concierto<br>7 de marzo de 18.30 a 19.30 horas<\/p>\n\n\n\n<p>Programaci\u00f3n:&nbsp;http:\/\/www.sandamaso.es\/actos-academicos\/jornada-sobre-lo-estetico<\/p>\n","protected":false},"excerpt":{"rendered":"<p>La Facultad de Filosof\u00eda de la Universidad Eclesi\u00e1stica San D\u00e1maso (UESD) organiza el&nbsp;mi\u00e9rcoles 7 de marzo&nbsp;de 2018&nbsp;la jornada sobre&nbsp;&#8222;Lo Est\u00e9tico&#8221;.&nbsp;Durante la sesi\u00f3n, la compositora polaca Alina B\u0142o\u0144ska dar\u00e1 un discurso sobre &#8222;M\u00fasica y fe. Una aproximaci\u00f3n a la m\u00fasica religiosa polaca contempor\u00e1nea&#8221;. La jornada concluir\u00e1 con un concierto de m\u00fasica polaca realizado por un cuarteto [&hellip;]<\/p>\n","protected":false},"author":51,"featured_media":1972,"comment_status":"open","ping_status":"open","sticky":false,"template":"","format":"standard","meta":{"inline_featured_image":false,"_monsterinsights_skip_tracking":false,"_monsterinsights_sitenote_active":false,"_monsterinsights_sitenote_note":"","_monsterinsights_sitenote_category":0,"footnotes":""},"categories":[1],"tags":[],"class_list":["post-1971","post","type-post","status-publish","format-standard","has-post-thumbnail","hentry","category-noticias"],"yoast_head":"<!-- This site is optimized with the Yoast SEO plugin v24.6 - https:\/\/yoast.com\/wordpress\/plugins\/seo\/ -->\n<title>Alina B\u0142o\u0144ska participa en la jornada sobre &quot;Lo Est\u00e9tico&quot; - Instytut Polski w Madrycie<\/title>\n<meta name=\"robots\" content=\"index, follow, max-snippet:-1, max-image-preview:large, max-video-preview:-1\" \/>\n<link rel=\"canonical\" href=\"https:\/\/instytutpolski.pl\/madrid\/2018\/03\/07\/alina-blonska-participa-en-la-jornada-sobre-lo-estetico\/\" \/>\n<meta property=\"og:locale\" content=\"pl_PL\" \/>\n<meta property=\"og:type\" content=\"article\" \/>\n<meta property=\"og:title\" content=\"Alina B\u0142o\u0144ska participa en la jornada sobre &quot;Lo Est\u00e9tico&quot; - Instytut Polski w Madrycie\" \/>\n<meta property=\"og:description\" content=\"La Facultad de Filosof\u00eda de la Universidad Eclesi\u00e1stica San D\u00e1maso (UESD) organiza el&nbsp;mi\u00e9rcoles 7 de marzo&nbsp;de 2018&nbsp;la jornada sobre&nbsp;&#8222;Lo Est\u00e9tico&#8221;.&nbsp;Durante la sesi\u00f3n, la compositora polaca Alina B\u0142o\u0144ska dar\u00e1 un discurso sobre &#8222;M\u00fasica y fe. Una aproximaci\u00f3n a la m\u00fasica religiosa polaca contempor\u00e1nea&#8221;. La jornada concluir\u00e1 con un concierto de m\u00fasica polaca realizado por un cuarteto [&hellip;]\" \/>\n<meta property=\"og:url\" content=\"https:\/\/instytutpolski.pl\/madrid\/2018\/03\/07\/alina-blonska-participa-en-la-jornada-sobre-lo-estetico\/\" \/>\n<meta property=\"og:site_name\" content=\"Instytut Polski w Madrycie\" \/>\n<meta property=\"article:published_time\" content=\"2018-03-07T10:05:00+00:00\" \/>\n<meta property=\"article:modified_time\" content=\"2020-02-13T10:09:48+00:00\" \/>\n<meta property=\"og:image\" content=\"https:\/\/instytutpolski.pl\/madrid\/wp-content\/uploads\/sites\/16\/2020\/02\/filosofia_jornada_lo_estetico_universidad_san_damaso_catolica_madrid_facultad0.jpg\" \/>\n\t<meta property=\"og:image:width\" content=\"361\" \/>\n\t<meta property=\"og:image:height\" content=\"513\" \/>\n\t<meta property=\"og:image:type\" content=\"image\/jpeg\" \/>\n<meta name=\"author\" content=\"kowalczyke\" \/>\n<meta name=\"twitter:card\" content=\"summary_large_image\" \/>\n<meta name=\"twitter:label1\" content=\"Napisane przez\" \/>\n\t<meta name=\"twitter:data1\" content=\"kowalczyke\" \/>\n\t<meta name=\"twitter:label2\" content=\"Szacowany czas czytania\" \/>\n\t<meta name=\"twitter:data2\" content=\"3 minuty\" \/>\n<script type=\"application\/ld+json\" class=\"yoast-schema-graph\">{\"@context\":\"https:\/\/schema.org\",\"@graph\":[{\"@type\":\"event\",\"@id\":\"https:\/\/instytutpolski.pl\/madrid\/2018\/03\/07\/alina-blonska-participa-en-la-jornada-sobre-lo-estetico\/\",\"url\":\"https:\/\/instytutpolski.pl\/madrid\/2018\/03\/07\/alina-blonska-participa-en-la-jornada-sobre-lo-estetico\/\",\"name\":\"Alina B\u0142o\u0144ska participa en la jornada sobre \\\"Lo Est\u00e9tico\\\"\",\"isPartOf\":{\"@id\":\"https:\/\/instytutpolski.pl\/madrid\/#website\"},\"primaryImageOfPage\":{\"@id\":\"https:\/\/instytutpolski.pl\/madrid\/2018\/03\/07\/alina-blonska-participa-en-la-jornada-sobre-lo-estetico\/#primaryimage\"},\"image\":[\"https:\/\/instytutpolski.pl\/madrid\/wp-content\/uploads\/sites\/16\/2020\/02\/filosofia_jornada_lo_estetico_universidad_san_damaso_catolica_madrid_facultad0.jpg\",\"https:\/\/instytutpolski.pl\/madrid\/wp-content\/uploads\/sites\/16\/2020\/02\/filosofia_jornada_lo_estetico_universidad_san_damaso_catolica_madrid_facultad0-211x300.jpg\",\"https:\/\/instytutpolski.pl\/madrid\/wp-content\/uploads\/sites\/16\/2020\/02\/filosofia_jornada_lo_estetico_universidad_san_damaso_catolica_madrid_facultad0.jpg\",\"https:\/\/instytutpolski.pl\/madrid\/wp-content\/uploads\/sites\/16\/2020\/02\/filosofia_jornada_lo_estetico_universidad_san_damaso_catolica_madrid_facultad0.jpg\"],\"thumbnailUrl\":\"https:\/\/instytutpolski.pl\/madrid\/wp-content\/uploads\/sites\/16\/2020\/02\/filosofia_jornada_lo_estetico_universidad_san_damaso_catolica_madrid_facultad0.jpg\",\"datePublished\":\"2018-03-07T10:05:00+02:00\",\"dateModified\":\"2020-02-13T10:09:48+02:00\",\"author\":{\"@id\":\"https:\/\/instytutpolski.pl\/madrid\/#\/schema\/person\/2ef2ed85f88ad5d4e4f921140b5edc8d\"},\"breadcrumb\":{\"@id\":\"https:\/\/instytutpolski.pl\/madrid\/2018\/03\/07\/alina-blonska-participa-en-la-jornada-sobre-lo-estetico\/#breadcrumb\"},\"inLanguage\":\"pl-PL\",\"potentialAction\":[{\"@type\":\"ReadAction\",\"target\":[\"https:\/\/instytutpolski.pl\/madrid\/2018\/03\/07\/alina-blonska-participa-en-la-jornada-sobre-lo-estetico\/\"]}],\"@context\":\"https:\/\/schema.org\",\"startDate\":\"2018-03-07\",\"endDate\":\"2018-03-07\",\"eventStatus\":\"EventScheduled\",\"eventAttendanceMode\":\"OfflineEventAttendanceMode\",\"location\":{\"@type\":\"place\",\"name\":\"\",\"address\":\"\",\"geo\":{\"@type\":\"GeoCoordinates\",\"latitude\":\"\",\"longitude\":\"\"}},\"description\":\"La Facultad de Filosof\u00eda de la Universidad Eclesi\u00e1stica San D\u00e1maso (UESD) organiza el mi\u00e9rcoles 7 de marzo de 2018 la jornada sobre \\\"Lo Est\u00e9tico\\\". Durante la sesi\u00f3n, la compositora polaca Alina B\u0142o\u0144ska dar\u00e1 un discurso sobre \\\"M\u00fasica y fe. Una aproximaci\u00f3n a la m\u00fasica religiosa polaca contempor\u00e1nea\\\".La jornada concluir\u00e1 con un concierto de m\u00fasica polaca realizado por un cuarteto que se podr\u00e1 escuchar desde las 18:30 horas en la Capilla del Seminario Conciliar (c\/San Buenaventura, 9). En el programa se presentar\u00e1n composiciones de la m\u00fasica religiosa contempor\u00e1nea, particularmente enfocadas en la creaci\u00f3n de los compositores polacos como W. Lutos\u0142awski, H.M. G\u00f3recki, M. Lorenc, A. B\u0142o\u0144ska y M. Surzy\u0144ski. Los artistas int\u00e9rpretes ser\u00e1n m\u00fasicos polacos: Urszula Bard\u0142owska (soprano), Alina B\u0142o\u0144ska (viola da gamba) y Marta Misztal Bloch (\u00f3rgano).\\nAlina B\u0142o\u0144skaCompositora polaca residente en Madrid. Realiza sus estudios de composici\u00f3n y m\u00fasica electroac\u00fastica en el Conservatorio Superior \u201cKarol Lipi\u0144ski\u201d de Wroc\u0142aw (Polonia), donde se grad\u00faa con honores en 2002. Su producci\u00f3n creativa comprende obras para instrumentos a solo, de c\u00e1mara, vocales, orquestales y electroac\u00fasticas, siendo una de sus principales fuentes de inspiraci\u00f3n la m\u00fasica antigua. Por su doble condici\u00f3n de compositora e hispanista (licenciada por la Universidad de Wroc\u0142aw), siente una especial atracci\u00f3n por la cultura espa\u00f1ola que se deja traslucir en sus obras. Caracterizadas \u00e9stas por su sobriedad arm\u00f3nica, su b\u00fasqueda t\u00edmbrica y su car\u00e1cter dram\u00e1tico e \u00edntimo, han sido estrenadas en los festivales de m\u00fasica contempor\u00e1nea m\u00e1s prestigiosos de Polonia (Oto\u00f1o de Varsovia, D\u00edas Internacionales de la M\u00fasica de los Compositores de Cracovia, Festiwal Muzyki Polskiej o Musica Polonica Nova de Wroc\u0142aw), as\u00ed como en Francia, Inglaterra, Bielorrusia, Alemania y en Suecia (donde represent\u00f3 alPolish Music Information Centre en el concierto de IAMIC -International Association of Music Information Centres-). Fuera de Europa sus obras han formado parte de los XXIV y XXXII Foros Internacionales de M\u00fasica Nueva Manuel Enr\u00edquez, de M\u00e9xico.En Espa\u00f1a han sido presentadas en las XVI-XVII Jornadas de Inform\u00e1tica y Electr\u00f3nica Musical, la XXXIV Semana Internacional de \u00d3rgano de Madrid, la V Convenci\u00f3n Internacional de Percusi\u00f3n de Mallorca, el VI Festival Joven de M\u00fasica Cl\u00e1sica de Segovia y los Encuentros de Composici\u00f3n Injuve 2001-2002. En octubre del 2016 tuvo lugar en la Iglesia de San Antonio de los Alemanes de Madrid su concierto monogr\u00e1fico. Un proyecto realizado en colaboraci\u00f3n con el Laboratorio de Inform\u00e1tica y Electr\u00f3nica Musical - Centro de Tecnolog\u00eda del Espect\u00e1culo (instituci\u00f3n dependiente de INAEM) y patrocinado por el Instituto Polaco de Cultura. En la actualidad, tras haber obtenido el t\u00edtulo de Doctora en composici\u00f3n en 2011, Alina B\u0142o\u0144ska imparte conferencias sobre m\u00fasica polaca contempor\u00e1nea en Espa\u00f1a y la m\u00fasica espa\u00f1ola en Polonia.\\nD\u00d3NDEConferenciasFacultad de Filosof\u00eda, UESDC\/ Jerte,1028005 MadridConciertoCapilla del Seminario ConciliarC\/ San Buenaventura, 928005 Madrid\\nCU\u00c1NDOConferencias7 de marzo de 11.15 a 12.00 horasConcierto7 de marzo de 18.30 a 19.30 horas\\nProgramaci\u00f3n: http:\/\/www.sandamaso.es\/actos-academicos\/jornada-sobre-lo-estetico\"},{\"@type\":\"ImageObject\",\"inLanguage\":\"pl-PL\",\"@id\":\"https:\/\/instytutpolski.pl\/madrid\/2018\/03\/07\/alina-blonska-participa-en-la-jornada-sobre-lo-estetico\/#primaryimage\",\"url\":\"https:\/\/instytutpolski.pl\/madrid\/wp-content\/uploads\/sites\/16\/2020\/02\/filosofia_jornada_lo_estetico_universidad_san_damaso_catolica_madrid_facultad0.jpg\",\"contentUrl\":\"https:\/\/instytutpolski.pl\/madrid\/wp-content\/uploads\/sites\/16\/2020\/02\/filosofia_jornada_lo_estetico_universidad_san_damaso_catolica_madrid_facultad0.jpg\",\"width\":361,\"height\":513},{\"@type\":\"BreadcrumbList\",\"@id\":\"https:\/\/instytutpolski.pl\/madrid\/2018\/03\/07\/alina-blonska-participa-en-la-jornada-sobre-lo-estetico\/#breadcrumb\",\"itemListElement\":[{\"@type\":\"ListItem\",\"position\":1,\"name\":\"Home\",\"item\":\"https:\/\/instytutpolski.pl\/madrid\/\"},{\"@type\":\"ListItem\",\"position\":2,\"name\":\"Alina B\u0142o\u0144ska participa en la jornada sobre \u00abLo Est\u00e9tico\u00bb\"}]},{\"@type\":\"WebSite\",\"@id\":\"https:\/\/instytutpolski.pl\/madrid\/#website\",\"url\":\"https:\/\/instytutpolski.pl\/madrid\/\",\"name\":\"Instytut Polski w Madrycie\",\"description\":\"Instytuty Polskie\",\"potentialAction\":[{\"@type\":\"SearchAction\",\"target\":{\"@type\":\"EntryPoint\",\"urlTemplate\":\"https:\/\/instytutpolski.pl\/madrid\/?s={search_term_string}\"},\"query-input\":{\"@type\":\"PropertyValueSpecification\",\"valueRequired\":true,\"valueName\":\"search_term_string\"}}],\"inLanguage\":\"pl-PL\"},{\"@type\":\"Person\",\"@id\":\"https:\/\/instytutpolski.pl\/madrid\/#\/schema\/person\/2ef2ed85f88ad5d4e4f921140b5edc8d\",\"name\":\"kowalczyke\",\"image\":{\"@type\":\"ImageObject\",\"inLanguage\":\"pl-PL\",\"@id\":\"https:\/\/instytutpolski.pl\/madrid\/#\/schema\/person\/image\/\",\"url\":\"https:\/\/secure.gravatar.com\/avatar\/2b384c7336ca78295f66224d3a33e434?s=96&d=mm&r=g\",\"contentUrl\":\"https:\/\/secure.gravatar.com\/avatar\/2b384c7336ca78295f66224d3a33e434?s=96&d=mm&r=g\",\"caption\":\"kowalczyke\"},\"sameAs\":[\"http:\/\/lukasz.sienkiewicz@msz.gov.pl\"],\"url\":\"https:\/\/instytutpolski.pl\/madrid\/author\/kowalczyke\/\"}]}<\/script>\n<!-- \/ Yoast SEO plugin. -->","yoast_head_json":{"title":"Alina B\u0142o\u0144ska participa en la jornada sobre \"Lo Est\u00e9tico\" - Instytut Polski w Madrycie","robots":{"index":"index","follow":"follow","max-snippet":"max-snippet:-1","max-image-preview":"max-image-preview:large","max-video-preview":"max-video-preview:-1"},"canonical":"https:\/\/instytutpolski.pl\/madrid\/2018\/03\/07\/alina-blonska-participa-en-la-jornada-sobre-lo-estetico\/","og_locale":"pl_PL","og_type":"article","og_title":"Alina B\u0142o\u0144ska participa en la jornada sobre \"Lo Est\u00e9tico\" - Instytut Polski w Madrycie","og_description":"La Facultad de Filosof\u00eda de la Universidad Eclesi\u00e1stica San D\u00e1maso (UESD) organiza el&nbsp;mi\u00e9rcoles 7 de marzo&nbsp;de 2018&nbsp;la jornada sobre&nbsp;&#8222;Lo Est\u00e9tico&#8221;.&nbsp;Durante la sesi\u00f3n, la compositora polaca Alina B\u0142o\u0144ska dar\u00e1 un discurso sobre &#8222;M\u00fasica y fe. Una aproximaci\u00f3n a la m\u00fasica religiosa polaca contempor\u00e1nea&#8221;. La jornada concluir\u00e1 con un concierto de m\u00fasica polaca realizado por un cuarteto [&hellip;]","og_url":"https:\/\/instytutpolski.pl\/madrid\/2018\/03\/07\/alina-blonska-participa-en-la-jornada-sobre-lo-estetico\/","og_site_name":"Instytut Polski w Madrycie","article_published_time":"2018-03-07T10:05:00+00:00","article_modified_time":"2020-02-13T10:09:48+00:00","og_image":[{"width":361,"height":513,"url":"https:\/\/instytutpolski.pl\/madrid\/wp-content\/uploads\/sites\/16\/2020\/02\/filosofia_jornada_lo_estetico_universidad_san_damaso_catolica_madrid_facultad0.jpg","type":"image\/jpeg"}],"author":"kowalczyke","twitter_card":"summary_large_image","twitter_misc":{"Napisane przez":"kowalczyke","Szacowany czas czytania":"3 minuty"},"schema":{"@context":"https:\/\/schema.org","@graph":[{"@type":"event","@id":"https:\/\/instytutpolski.pl\/madrid\/2018\/03\/07\/alina-blonska-participa-en-la-jornada-sobre-lo-estetico\/","url":"https:\/\/instytutpolski.pl\/madrid\/2018\/03\/07\/alina-blonska-participa-en-la-jornada-sobre-lo-estetico\/","name":"Alina B\u0142o\u0144ska participa en la jornada sobre \"Lo Est\u00e9tico\"","isPartOf":{"@id":"https:\/\/instytutpolski.pl\/madrid\/#website"},"primaryImageOfPage":{"@id":"https:\/\/instytutpolski.pl\/madrid\/2018\/03\/07\/alina-blonska-participa-en-la-jornada-sobre-lo-estetico\/#primaryimage"},"image":["https:\/\/instytutpolski.pl\/madrid\/wp-content\/uploads\/sites\/16\/2020\/02\/filosofia_jornada_lo_estetico_universidad_san_damaso_catolica_madrid_facultad0.jpg","https:\/\/instytutpolski.pl\/madrid\/wp-content\/uploads\/sites\/16\/2020\/02\/filosofia_jornada_lo_estetico_universidad_san_damaso_catolica_madrid_facultad0-211x300.jpg","https:\/\/instytutpolski.pl\/madrid\/wp-content\/uploads\/sites\/16\/2020\/02\/filosofia_jornada_lo_estetico_universidad_san_damaso_catolica_madrid_facultad0.jpg","https:\/\/instytutpolski.pl\/madrid\/wp-content\/uploads\/sites\/16\/2020\/02\/filosofia_jornada_lo_estetico_universidad_san_damaso_catolica_madrid_facultad0.jpg"],"thumbnailUrl":"https:\/\/instytutpolski.pl\/madrid\/wp-content\/uploads\/sites\/16\/2020\/02\/filosofia_jornada_lo_estetico_universidad_san_damaso_catolica_madrid_facultad0.jpg","datePublished":"2018-03-07T10:05:00+02:00","dateModified":"2020-02-13T10:09:48+02:00","author":{"@id":"https:\/\/instytutpolski.pl\/madrid\/#\/schema\/person\/2ef2ed85f88ad5d4e4f921140b5edc8d"},"breadcrumb":{"@id":"https:\/\/instytutpolski.pl\/madrid\/2018\/03\/07\/alina-blonska-participa-en-la-jornada-sobre-lo-estetico\/#breadcrumb"},"inLanguage":"pl-PL","potentialAction":[{"@type":"ReadAction","target":["https:\/\/instytutpolski.pl\/madrid\/2018\/03\/07\/alina-blonska-participa-en-la-jornada-sobre-lo-estetico\/"]}],"@context":"https:\/\/schema.org","startDate":"2018-03-07","endDate":"2018-03-07","eventStatus":"EventScheduled","eventAttendanceMode":"OfflineEventAttendanceMode","location":{"@type":"place","name":"","address":"","geo":{"@type":"GeoCoordinates","latitude":"","longitude":""}},"description":"La Facultad de Filosof\u00eda de la Universidad Eclesi\u00e1stica San D\u00e1maso (UESD) organiza el mi\u00e9rcoles 7 de marzo de 2018 la jornada sobre \"Lo Est\u00e9tico\". Durante la sesi\u00f3n, la compositora polaca Alina B\u0142o\u0144ska dar\u00e1 un discurso sobre \"M\u00fasica y fe. Una aproximaci\u00f3n a la m\u00fasica religiosa polaca contempor\u00e1nea\".La jornada concluir\u00e1 con un concierto de m\u00fasica polaca realizado por un cuarteto que se podr\u00e1 escuchar desde las 18:30 horas en la Capilla del Seminario Conciliar (c\/San Buenaventura, 9). En el programa se presentar\u00e1n composiciones de la m\u00fasica religiosa contempor\u00e1nea, particularmente enfocadas en la creaci\u00f3n de los compositores polacos como W. Lutos\u0142awski, H.M. G\u00f3recki, M. Lorenc, A. B\u0142o\u0144ska y M. Surzy\u0144ski. Los artistas int\u00e9rpretes ser\u00e1n m\u00fasicos polacos: Urszula Bard\u0142owska (soprano), Alina B\u0142o\u0144ska (viola da gamba) y Marta Misztal Bloch (\u00f3rgano).\nAlina B\u0142o\u0144skaCompositora polaca residente en Madrid. Realiza sus estudios de composici\u00f3n y m\u00fasica electroac\u00fastica en el Conservatorio Superior \u201cKarol Lipi\u0144ski\u201d de Wroc\u0142aw (Polonia), donde se grad\u00faa con honores en 2002. Su producci\u00f3n creativa comprende obras para instrumentos a solo, de c\u00e1mara, vocales, orquestales y electroac\u00fasticas, siendo una de sus principales fuentes de inspiraci\u00f3n la m\u00fasica antigua. Por su doble condici\u00f3n de compositora e hispanista (licenciada por la Universidad de Wroc\u0142aw), siente una especial atracci\u00f3n por la cultura espa\u00f1ola que se deja traslucir en sus obras. Caracterizadas \u00e9stas por su sobriedad arm\u00f3nica, su b\u00fasqueda t\u00edmbrica y su car\u00e1cter dram\u00e1tico e \u00edntimo, han sido estrenadas en los festivales de m\u00fasica contempor\u00e1nea m\u00e1s prestigiosos de Polonia (Oto\u00f1o de Varsovia, D\u00edas Internacionales de la M\u00fasica de los Compositores de Cracovia, Festiwal Muzyki Polskiej o Musica Polonica Nova de Wroc\u0142aw), as\u00ed como en Francia, Inglaterra, Bielorrusia, Alemania y en Suecia (donde represent\u00f3 alPolish Music Information Centre en el concierto de IAMIC -International Association of Music Information Centres-). Fuera de Europa sus obras han formado parte de los XXIV y XXXII Foros Internacionales de M\u00fasica Nueva Manuel Enr\u00edquez, de M\u00e9xico.En Espa\u00f1a han sido presentadas en las XVI-XVII Jornadas de Inform\u00e1tica y Electr\u00f3nica Musical, la XXXIV Semana Internacional de \u00d3rgano de Madrid, la V Convenci\u00f3n Internacional de Percusi\u00f3n de Mallorca, el VI Festival Joven de M\u00fasica Cl\u00e1sica de Segovia y los Encuentros de Composici\u00f3n Injuve 2001-2002. En octubre del 2016 tuvo lugar en la Iglesia de San Antonio de los Alemanes de Madrid su concierto monogr\u00e1fico. Un proyecto realizado en colaboraci\u00f3n con el Laboratorio de Inform\u00e1tica y Electr\u00f3nica Musical - Centro de Tecnolog\u00eda del Espect\u00e1culo (instituci\u00f3n dependiente de INAEM) y patrocinado por el Instituto Polaco de Cultura. En la actualidad, tras haber obtenido el t\u00edtulo de Doctora en composici\u00f3n en 2011, Alina B\u0142o\u0144ska imparte conferencias sobre m\u00fasica polaca contempor\u00e1nea en Espa\u00f1a y la m\u00fasica espa\u00f1ola en Polonia.\nD\u00d3NDEConferenciasFacultad de Filosof\u00eda, UESDC\/ Jerte,1028005 MadridConciertoCapilla del Seminario ConciliarC\/ San Buenaventura, 928005 Madrid\nCU\u00c1NDOConferencias7 de marzo de 11.15 a 12.00 horasConcierto7 de marzo de 18.30 a 19.30 horas\nProgramaci\u00f3n: http:\/\/www.sandamaso.es\/actos-academicos\/jornada-sobre-lo-estetico"},{"@type":"ImageObject","inLanguage":"pl-PL","@id":"https:\/\/instytutpolski.pl\/madrid\/2018\/03\/07\/alina-blonska-participa-en-la-jornada-sobre-lo-estetico\/#primaryimage","url":"https:\/\/instytutpolski.pl\/madrid\/wp-content\/uploads\/sites\/16\/2020\/02\/filosofia_jornada_lo_estetico_universidad_san_damaso_catolica_madrid_facultad0.jpg","contentUrl":"https:\/\/instytutpolski.pl\/madrid\/wp-content\/uploads\/sites\/16\/2020\/02\/filosofia_jornada_lo_estetico_universidad_san_damaso_catolica_madrid_facultad0.jpg","width":361,"height":513},{"@type":"BreadcrumbList","@id":"https:\/\/instytutpolski.pl\/madrid\/2018\/03\/07\/alina-blonska-participa-en-la-jornada-sobre-lo-estetico\/#breadcrumb","itemListElement":[{"@type":"ListItem","position":1,"name":"Home","item":"https:\/\/instytutpolski.pl\/madrid\/"},{"@type":"ListItem","position":2,"name":"Alina B\u0142o\u0144ska participa en la jornada sobre \u00abLo Est\u00e9tico\u00bb"}]},{"@type":"WebSite","@id":"https:\/\/instytutpolski.pl\/madrid\/#website","url":"https:\/\/instytutpolski.pl\/madrid\/","name":"Instytut Polski w Madrycie","description":"Instytuty Polskie","potentialAction":[{"@type":"SearchAction","target":{"@type":"EntryPoint","urlTemplate":"https:\/\/instytutpolski.pl\/madrid\/?s={search_term_string}"},"query-input":{"@type":"PropertyValueSpecification","valueRequired":true,"valueName":"search_term_string"}}],"inLanguage":"pl-PL"},{"@type":"Person","@id":"https:\/\/instytutpolski.pl\/madrid\/#\/schema\/person\/2ef2ed85f88ad5d4e4f921140b5edc8d","name":"kowalczyke","image":{"@type":"ImageObject","inLanguage":"pl-PL","@id":"https:\/\/instytutpolski.pl\/madrid\/#\/schema\/person\/image\/","url":"https:\/\/secure.gravatar.com\/avatar\/2b384c7336ca78295f66224d3a33e434?s=96&d=mm&r=g","contentUrl":"https:\/\/secure.gravatar.com\/avatar\/2b384c7336ca78295f66224d3a33e434?s=96&d=mm&r=g","caption":"kowalczyke"},"sameAs":["http:\/\/lukasz.sienkiewicz@msz.gov.pl"],"url":"https:\/\/instytutpolski.pl\/madrid\/author\/kowalczyke\/"}]}},"_links":{"self":[{"href":"https:\/\/instytutpolski.pl\/madrid\/wp-json\/wp\/v2\/posts\/1971","targetHints":{"allow":["GET"]}}],"collection":[{"href":"https:\/\/instytutpolski.pl\/madrid\/wp-json\/wp\/v2\/posts"}],"about":[{"href":"https:\/\/instytutpolski.pl\/madrid\/wp-json\/wp\/v2\/types\/post"}],"author":[{"embeddable":true,"href":"https:\/\/instytutpolski.pl\/madrid\/wp-json\/wp\/v2\/users\/51"}],"replies":[{"embeddable":true,"href":"https:\/\/instytutpolski.pl\/madrid\/wp-json\/wp\/v2\/comments?post=1971"}],"version-history":[{"count":2,"href":"https:\/\/instytutpolski.pl\/madrid\/wp-json\/wp\/v2\/posts\/1971\/revisions"}],"predecessor-version":[{"id":1974,"href":"https:\/\/instytutpolski.pl\/madrid\/wp-json\/wp\/v2\/posts\/1971\/revisions\/1974"}],"wp:featuredmedia":[{"embeddable":true,"href":"https:\/\/instytutpolski.pl\/madrid\/wp-json\/wp\/v2\/media\/1972"}],"wp:attachment":[{"href":"https:\/\/instytutpolski.pl\/madrid\/wp-json\/wp\/v2\/media?parent=1971"}],"wp:term":[{"taxonomy":"category","embeddable":true,"href":"https:\/\/instytutpolski.pl\/madrid\/wp-json\/wp\/v2\/categories?post=1971"},{"taxonomy":"post_tag","embeddable":true,"href":"https:\/\/instytutpolski.pl\/madrid\/wp-json\/wp\/v2\/tags?post=1971"}],"curies":[{"name":"wp","href":"https:\/\/api.w.org\/{rel}","templated":true}]}}