{"id":5203,"date":"2021-03-23T15:08:48","date_gmt":"2021-03-23T14:08:48","guid":{"rendered":"https:\/\/instytutpolski.pl\/madrid\/?p=5203"},"modified":"2021-04-23T11:21:53","modified_gmt":"2021-04-23T09:21:53","slug":"nueve-peliculas-polacas-participan-en-la-23a-edicion-del-mecal-pro-festival-internacional-de-cortometrajes-y-animacion-de-barcelona","status":"publish","type":"post","link":"https:\/\/instytutpolski.pl\/madrid\/2021\/03\/23\/nueve-peliculas-polacas-participan-en-la-23a-edicion-del-mecal-pro-festival-internacional-de-cortometrajes-y-animacion-de-barcelona\/","title":{"rendered":"Nueve pel\u00edculas polacas participan en la 23\u00aa edici\u00f3n del MECAL PRO, Festival Internacional de Cortometrajes y Animaci\u00f3n de Barcelona"},"content":{"rendered":"\n<p>Inaugurado el 22 marzo de 2021, MECAL PRO, Festival Internacional de Cortometrajes y Animaci\u00f3n de Barcelona, es uno de los festivales de cine m\u00e1s importantes en Espa\u00f1a y un referente internacional dedicado a las pel\u00edculas en formato corto, tanto nacionales como internacionales. El Festival recibe, anualmente, alrededor de 5.000 cortometrajes de todo el mundo y es uno de los festivales de cortometrajes m\u00e1s interesados en la cinematograf\u00eda polaca.<\/p>\n\n\n\n<p><strong>Animaci\u00f3n<\/strong><br>\u201cJestem tutaj\u201d I 2020 I Julia Orlik<\/p>\n\n\n\n<p><strong>Animaci\u00f3n Oblicua<\/strong><br>\u201cTakie pi\u0119kne miasto\u201d I 2019 I Marta Koch<\/p>\n\n\n\n<p><strong>Trash Animaci\u00f3n<\/strong><br>&#8222;Ja i moja gruba dupa&#8221; I 2020 I Yelyzaveta Pysmak<\/p>\n\n\n\n<p><strong>Oblicua<\/strong><br>\u201cPassage\u201d I 2020 I Stefan Adamski<\/p>\n\n\n\n<p><strong>Documental<\/strong><br>\u201cThe Vibrant Village\u201d I 2019 I Weronika Jurkiewicz<\/p>\n\n\n\n<p><strong>SCI-FI<\/strong><br>\u201cDog Days\u201d I 2019 I Zuzzana Grajcewicz<\/p>\n\n\n\n<p><strong>Er\u00f2tic<\/strong><br>\u201cCia\u0142o\u015b\u0107 (Lushfulness) I 2020 I Weronika Szyma<\/p>\n\n\n\n<p><strong>Animadoras Este&nbsp;<\/strong><br>\u201cAn eye for an eye\u201d I 2019 I Julia Ploch<br>\u201cStory\u201d I 2019 I Jolanta Bankowska<\/p>\n\n\n\n<p>Adem\u00e1s, MECAL PRO tiene la misi\u00f3n de promover la exhibici\u00f3n y circulaci\u00f3n de la creaci\u00f3n audiovisual en formato corto, no solo al p\u00fablico en general trav\u00e9s de su proyecci\u00f3n, sino tambi\u00e9n de cara al mercado, fomentando el encuentro de los profesionales del sector a trav\u00e9s de diferentes actividades. As\u00ed mismo, est\u00e1 comprometido con el talento joven, con lo que cuenta con premios y actividades especiales para ayudar a impulsarlo. En este sentido, el festival funciona como una red de difusi\u00f3n de las obras presentadas, mediante proyecciones nacionales e internacionales y a trav\u00e9s de colaboraciones con otros festivales y eventos como el Mecal Air o Mecal Rooftop.<\/p>\n\n\n\n<p>MECAL cuenta con el apoyo de diferentes instituciones p\u00fablicas como el Ayuntamiento de Barcelona, la Generalidad de Catalu\u00f1a y el Ministerio de Cultura del Gobierno de Espa\u00f1a. Adem\u00e1s, y es de los pocos festivales espa\u00f1oles que cuentan con el apoyo internacional de la Comisi\u00f3n Europea a trav\u00e9s del programa Media. Asimismo, como en ediciones anteriores, el Instituto Polaco de Cultura ha querido sumarse al apoyo a tan gran iniciativa como instituci\u00f3n colaboradora.&nbsp;<\/p>\n\n\n\n<p><strong>M\u00c1S INFORMACI\u00d3N<\/strong><\/p>\n\n\n\n<p>MECAL<br><a href=\"http:\/\/www.mecalbcn.org\">www.mecalbcn.org<\/a>&nbsp;<\/p>\n\n\n\n<p>FESTHOME TV<br><a href=\"https:\/\/tv.festhome.com\/festivaltv\/mecal-pro-23-festival-internacional-de-cortometrajes-y-animaci-n-de-barcelona\">https:\/\/tv.festhome.com\/festivaltv\/mecal-pro-23-festival-internacional-de-cortometrajes-y-animaci-n-de-barcelona<\/a><\/p>\n","protected":false},"excerpt":{"rendered":"<p>Inaugurado el 22 marzo de 2021, MECAL PRO, Festival Internacional de Cortometrajes y Animaci\u00f3n de Barcelona, es uno de los festivales de cine m\u00e1s importantes en Espa\u00f1a y un referente internacional dedicado a las pel\u00edculas en formato corto, tanto nacionales como internacionales. El Festival recibe, anualmente, alrededor de 5.000 cortometrajes de todo el mundo y [&hellip;]<\/p>\n","protected":false},"author":53,"featured_media":5206,"comment_status":"open","ping_status":"open","sticky":false,"template":"","format":"standard","meta":{"inline_featured_image":false,"_monsterinsights_skip_tracking":false,"_monsterinsights_sitenote_active":false,"_monsterinsights_sitenote_note":"","_monsterinsights_sitenote_category":0,"footnotes":""},"categories":[83,1],"tags":[],"class_list":["post-5203","post","type-post","status-publish","format-standard","has-post-thumbnail","hentry","category-cine","category-noticias"],"yoast_head":"<!-- This site is optimized with the Yoast SEO plugin v24.6 - https:\/\/yoast.com\/wordpress\/plugins\/seo\/ -->\n<title>Nueve pel\u00edculas polacas participan en la 23\u00aa edici\u00f3n del MECAL PRO, Festival Internacional de Cortometrajes y Animaci\u00f3n de Barcelona - Instytut Polski w Madrycie<\/title>\n<meta name=\"robots\" content=\"index, follow, max-snippet:-1, max-image-preview:large, max-video-preview:-1\" \/>\n<link rel=\"canonical\" href=\"https:\/\/instytutpolski.pl\/madrid\/2021\/03\/23\/nueve-peliculas-polacas-participan-en-la-23a-edicion-del-mecal-pro-festival-internacional-de-cortometrajes-y-animacion-de-barcelona\/\" \/>\n<meta property=\"og:locale\" content=\"pl_PL\" \/>\n<meta property=\"og:type\" content=\"article\" \/>\n<meta property=\"og:title\" content=\"Nueve pel\u00edculas polacas participan en la 23\u00aa edici\u00f3n del MECAL PRO, Festival Internacional de Cortometrajes y Animaci\u00f3n de Barcelona - Instytut Polski w Madrycie\" \/>\n<meta property=\"og:description\" content=\"Inaugurado el 22 marzo de 2021, MECAL PRO, Festival Internacional de Cortometrajes y Animaci\u00f3n de Barcelona, es uno de los festivales de cine m\u00e1s importantes en Espa\u00f1a y un referente internacional dedicado a las pel\u00edculas en formato corto, tanto nacionales como internacionales. El Festival recibe, anualmente, alrededor de 5.000 cortometrajes de todo el mundo y [&hellip;]\" \/>\n<meta property=\"og:url\" content=\"https:\/\/instytutpolski.pl\/madrid\/2021\/03\/23\/nueve-peliculas-polacas-participan-en-la-23a-edicion-del-mecal-pro-festival-internacional-de-cortometrajes-y-animacion-de-barcelona\/\" \/>\n<meta property=\"og:site_name\" content=\"Instytut Polski w Madrycie\" \/>\n<meta property=\"article:published_time\" content=\"2021-03-23T14:08:48+00:00\" \/>\n<meta property=\"article:modified_time\" content=\"2021-04-23T09:21:53+00:00\" \/>\n<meta property=\"og:image\" content=\"https:\/\/instytutpolski.pl\/madrid\/wp-content\/uploads\/sites\/16\/2021\/03\/Imagen-1.jpg\" \/>\n\t<meta property=\"og:image:width\" content=\"425\" \/>\n\t<meta property=\"og:image:height\" content=\"453\" \/>\n\t<meta property=\"og:image:type\" content=\"image\/jpeg\" \/>\n<meta name=\"author\" content=\"flordiegoi\" \/>\n<meta name=\"twitter:card\" content=\"summary_large_image\" \/>\n<meta name=\"twitter:label1\" content=\"Napisane przez\" \/>\n\t<meta name=\"twitter:data1\" content=\"flordiegoi\" \/>\n\t<meta name=\"twitter:label2\" content=\"Szacowany czas czytania\" \/>\n\t<meta name=\"twitter:data2\" content=\"2 minuty\" \/>\n<script type=\"application\/ld+json\" class=\"yoast-schema-graph\">{\"@context\":\"https:\/\/schema.org\",\"@graph\":[{\"@type\":\"event\",\"@id\":\"https:\/\/instytutpolski.pl\/madrid\/2021\/03\/23\/nueve-peliculas-polacas-participan-en-la-23a-edicion-del-mecal-pro-festival-internacional-de-cortometrajes-y-animacion-de-barcelona\/\",\"url\":\"https:\/\/instytutpolski.pl\/madrid\/2021\/03\/23\/nueve-peliculas-polacas-participan-en-la-23a-edicion-del-mecal-pro-festival-internacional-de-cortometrajes-y-animacion-de-barcelona\/\",\"name\":\"Nueve pel\u00edculas polacas participan en la 23\u00aa edici\u00f3n del MECAL PRO, Festival Internacional de Cortometrajes y Animaci\u00f3n de Barcelona\",\"isPartOf\":{\"@id\":\"https:\/\/instytutpolski.pl\/madrid\/#website\"},\"primaryImageOfPage\":{\"@id\":\"https:\/\/instytutpolski.pl\/madrid\/2021\/03\/23\/nueve-peliculas-polacas-participan-en-la-23a-edicion-del-mecal-pro-festival-internacional-de-cortometrajes-y-animacion-de-barcelona\/#primaryimage\"},\"image\":[\"https:\/\/instytutpolski.pl\/madrid\/wp-content\/uploads\/sites\/16\/2021\/03\/Imagen-1.jpg\",\"https:\/\/instytutpolski.pl\/madrid\/wp-content\/uploads\/sites\/16\/2021\/03\/Imagen-1-281x300.jpg\",\"https:\/\/instytutpolski.pl\/madrid\/wp-content\/uploads\/sites\/16\/2021\/03\/Imagen-1.jpg\",\"https:\/\/instytutpolski.pl\/madrid\/wp-content\/uploads\/sites\/16\/2021\/03\/Imagen-1.jpg\"],\"thumbnailUrl\":\"https:\/\/instytutpolski.pl\/madrid\/wp-content\/uploads\/sites\/16\/2021\/03\/Imagen-1.jpg\",\"datePublished\":\"2021-03-23T14:08:48+02:00\",\"dateModified\":\"2021-04-23T09:21:53+02:00\",\"author\":{\"@id\":\"https:\/\/instytutpolski.pl\/madrid\/#\/schema\/person\/e0654e43985eb97fff1ee10123df9d6d\"},\"breadcrumb\":{\"@id\":\"https:\/\/instytutpolski.pl\/madrid\/2021\/03\/23\/nueve-peliculas-polacas-participan-en-la-23a-edicion-del-mecal-pro-festival-internacional-de-cortometrajes-y-animacion-de-barcelona\/#breadcrumb\"},\"inLanguage\":\"pl-PL\",\"potentialAction\":[{\"@type\":\"ReadAction\",\"target\":[\"https:\/\/instytutpolski.pl\/madrid\/2021\/03\/23\/nueve-peliculas-polacas-participan-en-la-23a-edicion-del-mecal-pro-festival-internacional-de-cortometrajes-y-animacion-de-barcelona\/\"]}],\"@context\":\"https:\/\/schema.org\",\"startDate\":\"2021-03-22\",\"endDate\":\"2021-04-22\",\"eventStatus\":\"EventScheduled\",\"eventAttendanceMode\":\"OfflineEventAttendanceMode\",\"location\":{\"@type\":\"place\",\"name\":\"\",\"address\":\"\",\"geo\":{\"@type\":\"GeoCoordinates\",\"latitude\":\"\",\"longitude\":\"\"}},\"description\":\"Inaugurado el 22 marzo de 2021, MECAL PRO, Festival Internacional de Cortometrajes y Animaci\u00f3n de Barcelona, es uno de los festivales de cine m\u00e1s importantes en Espa\u00f1a y un referente internacional dedicado a las pel\u00edculas en formato corto, tanto nacionales como internacionales. El Festival recibe, anualmente, alrededor de 5.000 cortometrajes de todo el mundo y es uno de los festivales de cortometrajes m\u00e1s interesados en la cinematograf\u00eda polaca.\\nAnimaci\u00f3n\u201cJestem tutaj\u201d I 2020 I Julia Orlik\\nAnimaci\u00f3n Oblicua\u201cTakie pi\u0119kne miasto\u201d I 2019 I Marta Koch\\nTrash Animaci\u00f3n\\\"Ja i moja gruba dupa\\\" I 2020 I Yelyzaveta Pysmak\\nOblicua\u201cPassage\u201d I 2020 I Stefan Adamski\\nDocumental\u201cThe Vibrant Village\u201d I 2019 I Weronika Jurkiewicz\\nSCI-FI\u201cDog Days\u201d I 2019 I Zuzzana Grajcewicz\\nEr\u00f2tic\u201cCia\u0142o\u015b\u0107 (Lushfulness) I 2020 I Weronika Szyma\\nAnimadoras Este \u201cAn eye for an eye\u201d I 2019 I Julia Ploch\u201cStory\u201d I 2019 I Jolanta Bankowska\\nAdem\u00e1s, MECAL PRO tiene la misi\u00f3n de promover la exhibici\u00f3n y circulaci\u00f3n de la creaci\u00f3n audiovisual en formato corto, no solo al p\u00fablico en general trav\u00e9s de su proyecci\u00f3n, sino tambi\u00e9n de cara al mercado, fomentando el encuentro de los profesionales del sector a trav\u00e9s de diferentes actividades. As\u00ed mismo, est\u00e1 comprometido con el talento joven, con lo que cuenta con premios y actividades especiales para ayudar a impulsarlo. En este sentido, el festival funciona como una red de difusi\u00f3n de las obras presentadas, mediante proyecciones nacionales e internacionales y a trav\u00e9s de colaboraciones con otros festivales y eventos como el Mecal Air o Mecal Rooftop.\\nMECAL cuenta con el apoyo de diferentes instituciones p\u00fablicas como el Ayuntamiento de Barcelona, la Generalidad de Catalu\u00f1a y el Ministerio de Cultura del Gobierno de Espa\u00f1a. Adem\u00e1s, y es de los pocos festivales espa\u00f1oles que cuentan con el apoyo internacional de la Comisi\u00f3n Europea a trav\u00e9s del programa Media. Asimismo, como en ediciones anteriores, el Instituto Polaco de Cultura ha querido sumarse al apoyo a tan gran iniciativa como instituci\u00f3n colaboradora. \\nM\u00c1S INFORMACI\u00d3N\\nMECALwww.mecalbcn.org \\nFESTHOME TVhttps:\/\/tv.festhome.com\/festivaltv\/mecal-pro-23-festival-internacional-de-cortometrajes-y-animaci-n-de-barcelona\"},{\"@type\":\"ImageObject\",\"inLanguage\":\"pl-PL\",\"@id\":\"https:\/\/instytutpolski.pl\/madrid\/2021\/03\/23\/nueve-peliculas-polacas-participan-en-la-23a-edicion-del-mecal-pro-festival-internacional-de-cortometrajes-y-animacion-de-barcelona\/#primaryimage\",\"url\":\"https:\/\/instytutpolski.pl\/madrid\/wp-content\/uploads\/sites\/16\/2021\/03\/Imagen-1.jpg\",\"contentUrl\":\"https:\/\/instytutpolski.pl\/madrid\/wp-content\/uploads\/sites\/16\/2021\/03\/Imagen-1.jpg\",\"width\":425,\"height\":453},{\"@type\":\"BreadcrumbList\",\"@id\":\"https:\/\/instytutpolski.pl\/madrid\/2021\/03\/23\/nueve-peliculas-polacas-participan-en-la-23a-edicion-del-mecal-pro-festival-internacional-de-cortometrajes-y-animacion-de-barcelona\/#breadcrumb\",\"itemListElement\":[{\"@type\":\"ListItem\",\"position\":1,\"name\":\"Home\",\"item\":\"https:\/\/instytutpolski.pl\/madrid\/\"},{\"@type\":\"ListItem\",\"position\":2,\"name\":\"Nueve pel\u00edculas polacas participan en la 23\u00aa edici\u00f3n del MECAL PRO, Festival Internacional de Cortometrajes y Animaci\u00f3n de Barcelona\"}]},{\"@type\":\"WebSite\",\"@id\":\"https:\/\/instytutpolski.pl\/madrid\/#website\",\"url\":\"https:\/\/instytutpolski.pl\/madrid\/\",\"name\":\"Instytut Polski w Madrycie\",\"description\":\"Instytuty Polskie\",\"potentialAction\":[{\"@type\":\"SearchAction\",\"target\":{\"@type\":\"EntryPoint\",\"urlTemplate\":\"https:\/\/instytutpolski.pl\/madrid\/?s={search_term_string}\"},\"query-input\":{\"@type\":\"PropertyValueSpecification\",\"valueRequired\":true,\"valueName\":\"search_term_string\"}}],\"inLanguage\":\"pl-PL\"},{\"@type\":\"Person\",\"@id\":\"https:\/\/instytutpolski.pl\/madrid\/#\/schema\/person\/e0654e43985eb97fff1ee10123df9d6d\",\"name\":\"flordiegoi\",\"image\":{\"@type\":\"ImageObject\",\"inLanguage\":\"pl-PL\",\"@id\":\"https:\/\/instytutpolski.pl\/madrid\/#\/schema\/person\/image\/\",\"url\":\"https:\/\/secure.gravatar.com\/avatar\/4eab36d24d5413194c55493f26080656?s=96&d=mm&r=g\",\"contentUrl\":\"https:\/\/secure.gravatar.com\/avatar\/4eab36d24d5413194c55493f26080656?s=96&d=mm&r=g\",\"caption\":\"flordiegoi\"},\"sameAs\":[\"http:\/\/lukasz.sienkiewicz@msz.gov.pl\"],\"url\":\"https:\/\/instytutpolski.pl\/madrid\/author\/flordiegoi\/\"}]}<\/script>\n<!-- \/ Yoast SEO plugin. -->","yoast_head_json":{"title":"Nueve pel\u00edculas polacas participan en la 23\u00aa edici\u00f3n del MECAL PRO, Festival Internacional de Cortometrajes y Animaci\u00f3n de Barcelona - Instytut Polski w Madrycie","robots":{"index":"index","follow":"follow","max-snippet":"max-snippet:-1","max-image-preview":"max-image-preview:large","max-video-preview":"max-video-preview:-1"},"canonical":"https:\/\/instytutpolski.pl\/madrid\/2021\/03\/23\/nueve-peliculas-polacas-participan-en-la-23a-edicion-del-mecal-pro-festival-internacional-de-cortometrajes-y-animacion-de-barcelona\/","og_locale":"pl_PL","og_type":"article","og_title":"Nueve pel\u00edculas polacas participan en la 23\u00aa edici\u00f3n del MECAL PRO, Festival Internacional de Cortometrajes y Animaci\u00f3n de Barcelona - Instytut Polski w Madrycie","og_description":"Inaugurado el 22 marzo de 2021, MECAL PRO, Festival Internacional de Cortometrajes y Animaci\u00f3n de Barcelona, es uno de los festivales de cine m\u00e1s importantes en Espa\u00f1a y un referente internacional dedicado a las pel\u00edculas en formato corto, tanto nacionales como internacionales. El Festival recibe, anualmente, alrededor de 5.000 cortometrajes de todo el mundo y [&hellip;]","og_url":"https:\/\/instytutpolski.pl\/madrid\/2021\/03\/23\/nueve-peliculas-polacas-participan-en-la-23a-edicion-del-mecal-pro-festival-internacional-de-cortometrajes-y-animacion-de-barcelona\/","og_site_name":"Instytut Polski w Madrycie","article_published_time":"2021-03-23T14:08:48+00:00","article_modified_time":"2021-04-23T09:21:53+00:00","og_image":[{"width":425,"height":453,"url":"https:\/\/instytutpolski.pl\/madrid\/wp-content\/uploads\/sites\/16\/2021\/03\/Imagen-1.jpg","type":"image\/jpeg"}],"author":"flordiegoi","twitter_card":"summary_large_image","twitter_misc":{"Napisane przez":"flordiegoi","Szacowany czas czytania":"2 minuty"},"schema":{"@context":"https:\/\/schema.org","@graph":[{"@type":"event","@id":"https:\/\/instytutpolski.pl\/madrid\/2021\/03\/23\/nueve-peliculas-polacas-participan-en-la-23a-edicion-del-mecal-pro-festival-internacional-de-cortometrajes-y-animacion-de-barcelona\/","url":"https:\/\/instytutpolski.pl\/madrid\/2021\/03\/23\/nueve-peliculas-polacas-participan-en-la-23a-edicion-del-mecal-pro-festival-internacional-de-cortometrajes-y-animacion-de-barcelona\/","name":"Nueve pel\u00edculas polacas participan en la 23\u00aa edici\u00f3n del MECAL PRO, Festival Internacional de Cortometrajes y Animaci\u00f3n de Barcelona","isPartOf":{"@id":"https:\/\/instytutpolski.pl\/madrid\/#website"},"primaryImageOfPage":{"@id":"https:\/\/instytutpolski.pl\/madrid\/2021\/03\/23\/nueve-peliculas-polacas-participan-en-la-23a-edicion-del-mecal-pro-festival-internacional-de-cortometrajes-y-animacion-de-barcelona\/#primaryimage"},"image":["https:\/\/instytutpolski.pl\/madrid\/wp-content\/uploads\/sites\/16\/2021\/03\/Imagen-1.jpg","https:\/\/instytutpolski.pl\/madrid\/wp-content\/uploads\/sites\/16\/2021\/03\/Imagen-1-281x300.jpg","https:\/\/instytutpolski.pl\/madrid\/wp-content\/uploads\/sites\/16\/2021\/03\/Imagen-1.jpg","https:\/\/instytutpolski.pl\/madrid\/wp-content\/uploads\/sites\/16\/2021\/03\/Imagen-1.jpg"],"thumbnailUrl":"https:\/\/instytutpolski.pl\/madrid\/wp-content\/uploads\/sites\/16\/2021\/03\/Imagen-1.jpg","datePublished":"2021-03-23T14:08:48+02:00","dateModified":"2021-04-23T09:21:53+02:00","author":{"@id":"https:\/\/instytutpolski.pl\/madrid\/#\/schema\/person\/e0654e43985eb97fff1ee10123df9d6d"},"breadcrumb":{"@id":"https:\/\/instytutpolski.pl\/madrid\/2021\/03\/23\/nueve-peliculas-polacas-participan-en-la-23a-edicion-del-mecal-pro-festival-internacional-de-cortometrajes-y-animacion-de-barcelona\/#breadcrumb"},"inLanguage":"pl-PL","potentialAction":[{"@type":"ReadAction","target":["https:\/\/instytutpolski.pl\/madrid\/2021\/03\/23\/nueve-peliculas-polacas-participan-en-la-23a-edicion-del-mecal-pro-festival-internacional-de-cortometrajes-y-animacion-de-barcelona\/"]}],"@context":"https:\/\/schema.org","startDate":"2021-03-22","endDate":"2021-04-22","eventStatus":"EventScheduled","eventAttendanceMode":"OfflineEventAttendanceMode","location":{"@type":"place","name":"","address":"","geo":{"@type":"GeoCoordinates","latitude":"","longitude":""}},"description":"Inaugurado el 22 marzo de 2021, MECAL PRO, Festival Internacional de Cortometrajes y Animaci\u00f3n de Barcelona, es uno de los festivales de cine m\u00e1s importantes en Espa\u00f1a y un referente internacional dedicado a las pel\u00edculas en formato corto, tanto nacionales como internacionales. El Festival recibe, anualmente, alrededor de 5.000 cortometrajes de todo el mundo y es uno de los festivales de cortometrajes m\u00e1s interesados en la cinematograf\u00eda polaca.\nAnimaci\u00f3n\u201cJestem tutaj\u201d I 2020 I Julia Orlik\nAnimaci\u00f3n Oblicua\u201cTakie pi\u0119kne miasto\u201d I 2019 I Marta Koch\nTrash Animaci\u00f3n\"Ja i moja gruba dupa\" I 2020 I Yelyzaveta Pysmak\nOblicua\u201cPassage\u201d I 2020 I Stefan Adamski\nDocumental\u201cThe Vibrant Village\u201d I 2019 I Weronika Jurkiewicz\nSCI-FI\u201cDog Days\u201d I 2019 I Zuzzana Grajcewicz\nEr\u00f2tic\u201cCia\u0142o\u015b\u0107 (Lushfulness) I 2020 I Weronika Szyma\nAnimadoras Este \u201cAn eye for an eye\u201d I 2019 I Julia Ploch\u201cStory\u201d I 2019 I Jolanta Bankowska\nAdem\u00e1s, MECAL PRO tiene la misi\u00f3n de promover la exhibici\u00f3n y circulaci\u00f3n de la creaci\u00f3n audiovisual en formato corto, no solo al p\u00fablico en general trav\u00e9s de su proyecci\u00f3n, sino tambi\u00e9n de cara al mercado, fomentando el encuentro de los profesionales del sector a trav\u00e9s de diferentes actividades. As\u00ed mismo, est\u00e1 comprometido con el talento joven, con lo que cuenta con premios y actividades especiales para ayudar a impulsarlo. En este sentido, el festival funciona como una red de difusi\u00f3n de las obras presentadas, mediante proyecciones nacionales e internacionales y a trav\u00e9s de colaboraciones con otros festivales y eventos como el Mecal Air o Mecal Rooftop.\nMECAL cuenta con el apoyo de diferentes instituciones p\u00fablicas como el Ayuntamiento de Barcelona, la Generalidad de Catalu\u00f1a y el Ministerio de Cultura del Gobierno de Espa\u00f1a. Adem\u00e1s, y es de los pocos festivales espa\u00f1oles que cuentan con el apoyo internacional de la Comisi\u00f3n Europea a trav\u00e9s del programa Media. Asimismo, como en ediciones anteriores, el Instituto Polaco de Cultura ha querido sumarse al apoyo a tan gran iniciativa como instituci\u00f3n colaboradora. \nM\u00c1S INFORMACI\u00d3N\nMECALwww.mecalbcn.org \nFESTHOME TVhttps:\/\/tv.festhome.com\/festivaltv\/mecal-pro-23-festival-internacional-de-cortometrajes-y-animaci-n-de-barcelona"},{"@type":"ImageObject","inLanguage":"pl-PL","@id":"https:\/\/instytutpolski.pl\/madrid\/2021\/03\/23\/nueve-peliculas-polacas-participan-en-la-23a-edicion-del-mecal-pro-festival-internacional-de-cortometrajes-y-animacion-de-barcelona\/#primaryimage","url":"https:\/\/instytutpolski.pl\/madrid\/wp-content\/uploads\/sites\/16\/2021\/03\/Imagen-1.jpg","contentUrl":"https:\/\/instytutpolski.pl\/madrid\/wp-content\/uploads\/sites\/16\/2021\/03\/Imagen-1.jpg","width":425,"height":453},{"@type":"BreadcrumbList","@id":"https:\/\/instytutpolski.pl\/madrid\/2021\/03\/23\/nueve-peliculas-polacas-participan-en-la-23a-edicion-del-mecal-pro-festival-internacional-de-cortometrajes-y-animacion-de-barcelona\/#breadcrumb","itemListElement":[{"@type":"ListItem","position":1,"name":"Home","item":"https:\/\/instytutpolski.pl\/madrid\/"},{"@type":"ListItem","position":2,"name":"Nueve pel\u00edculas polacas participan en la 23\u00aa edici\u00f3n del MECAL PRO, Festival Internacional de Cortometrajes y Animaci\u00f3n de Barcelona"}]},{"@type":"WebSite","@id":"https:\/\/instytutpolski.pl\/madrid\/#website","url":"https:\/\/instytutpolski.pl\/madrid\/","name":"Instytut Polski w Madrycie","description":"Instytuty Polskie","potentialAction":[{"@type":"SearchAction","target":{"@type":"EntryPoint","urlTemplate":"https:\/\/instytutpolski.pl\/madrid\/?s={search_term_string}"},"query-input":{"@type":"PropertyValueSpecification","valueRequired":true,"valueName":"search_term_string"}}],"inLanguage":"pl-PL"},{"@type":"Person","@id":"https:\/\/instytutpolski.pl\/madrid\/#\/schema\/person\/e0654e43985eb97fff1ee10123df9d6d","name":"flordiegoi","image":{"@type":"ImageObject","inLanguage":"pl-PL","@id":"https:\/\/instytutpolski.pl\/madrid\/#\/schema\/person\/image\/","url":"https:\/\/secure.gravatar.com\/avatar\/4eab36d24d5413194c55493f26080656?s=96&d=mm&r=g","contentUrl":"https:\/\/secure.gravatar.com\/avatar\/4eab36d24d5413194c55493f26080656?s=96&d=mm&r=g","caption":"flordiegoi"},"sameAs":["http:\/\/lukasz.sienkiewicz@msz.gov.pl"],"url":"https:\/\/instytutpolski.pl\/madrid\/author\/flordiegoi\/"}]}},"_links":{"self":[{"href":"https:\/\/instytutpolski.pl\/madrid\/wp-json\/wp\/v2\/posts\/5203","targetHints":{"allow":["GET"]}}],"collection":[{"href":"https:\/\/instytutpolski.pl\/madrid\/wp-json\/wp\/v2\/posts"}],"about":[{"href":"https:\/\/instytutpolski.pl\/madrid\/wp-json\/wp\/v2\/types\/post"}],"author":[{"embeddable":true,"href":"https:\/\/instytutpolski.pl\/madrid\/wp-json\/wp\/v2\/users\/53"}],"replies":[{"embeddable":true,"href":"https:\/\/instytutpolski.pl\/madrid\/wp-json\/wp\/v2\/comments?post=5203"}],"version-history":[{"count":9,"href":"https:\/\/instytutpolski.pl\/madrid\/wp-json\/wp\/v2\/posts\/5203\/revisions"}],"predecessor-version":[{"id":5307,"href":"https:\/\/instytutpolski.pl\/madrid\/wp-json\/wp\/v2\/posts\/5203\/revisions\/5307"}],"wp:featuredmedia":[{"embeddable":true,"href":"https:\/\/instytutpolski.pl\/madrid\/wp-json\/wp\/v2\/media\/5206"}],"wp:attachment":[{"href":"https:\/\/instytutpolski.pl\/madrid\/wp-json\/wp\/v2\/media?parent=5203"}],"wp:term":[{"taxonomy":"category","embeddable":true,"href":"https:\/\/instytutpolski.pl\/madrid\/wp-json\/wp\/v2\/categories?post=5203"},{"taxonomy":"post_tag","embeddable":true,"href":"https:\/\/instytutpolski.pl\/madrid\/wp-json\/wp\/v2\/tags?post=5203"}],"curies":[{"name":"wp","href":"https:\/\/api.w.org\/{rel}","templated":true}]}}