{"id":12042,"date":"2021-06-10T09:13:08","date_gmt":"2021-06-10T06:13:08","guid":{"rendered":"https:\/\/instytutpolski.pl\/minsk\/?p=12042"},"modified":"2021-06-10T09:20:21","modified_gmt":"2021-06-10T06:20:21","slug":"balladyna-juliusza-slowackiego-uhonorowana-wpisem-na-polska-liste-krajowa-programu-unesco-pamiec-swiata","status":"publish","type":"post","link":"https:\/\/instytutpolski.pl\/minsk\/pl\/2021\/06\/10\/balladyna-juliusza-slowackiego-uhonorowana-wpisem-na-polska-liste-krajowa-programu-unesco-pamiec-swiata\/","title":{"rendered":"\u201eBalladyna\u201d Juliusza S\u0142owackiego uhonorowana wpisem na Polsk\u0105 List\u0119 Krajow\u0105 Programu UNESCO \u201ePami\u0119\u0107 \u015awiata\u201d"},"content":{"rendered":"\n<p>R\u0119kopis Balladyny Juliusza S\u0142owackiego \u2013 arcydzie\u0142o polskiego dramatu epoki romantyzmu \u2013 zosta\u0142 uhonorowany wpisem na <strong>Polsk\u0105 List\u0119 Krajow\u0105 Programu UNESCO \u201ePami\u0119\u0107 \u015awiata\u201d<\/strong>.<\/p>\n<p><a href=\"https:\/\/instytutpolski.pl\/minsk\/wp-content\/uploads\/sites\/6\/2021\/06\/Balladyna-rekopis.jpg\"><img loading=\"lazy\" decoding=\"async\" class=\"aligncenter size-full wp-image-12036\" src=\"https:\/\/instytutpolski.pl\/minsk\/wp-content\/uploads\/sites\/6\/2021\/06\/Balladyna-rekopis.jpg\" alt=\"\" width=\"639\" height=\"853\" srcset=\"https:\/\/instytutpolski.pl\/minsk\/wp-content\/uploads\/sites\/6\/2021\/06\/Balladyna-rekopis.jpg 639w, https:\/\/instytutpolski.pl\/minsk\/wp-content\/uploads\/sites\/6\/2021\/06\/Balladyna-rekopis-225x300.jpg 225w\" sizes=\"auto, (max-width: 639px) 100vw, 639px\" \/><\/a><\/p>\n<p style=\"text-align: justify\"><strong>\u201eBalladyna\u201d<\/strong> zosta\u0142a zapisana r\u0119k\u0105 samego autora. Powszechnie znany w\u015br\u00f3d polskich czytelnik\u00f3w utw\u00f3r \u0142\u0105czy w sobie tragedi\u0119 i komedi\u0119, fantastyk\u0119 i ludowo\u015b\u0107 oraz ironi\u0119. Podejmuje tematyk\u0119 zbrodni, sprawiedliwej kary i niszcz\u0105cej si\u0142y w\u0142adzy. Od ponad 150 lat pozostaje jednym z najcz\u0119\u015bciej wystawianych na polskich scenach tekst\u00f3w dramatycznych. Dzie\u0142o Juliusza S\u0142owackiego jest te\u017c stale obecne w kanonie lektur szkolnych, a w roku 2020 by\u0142o tematem Narodowego Czytania.<\/p>\n<p style=\"text-align: justify\">R\u0119kopis jest kompletnym czystopisem dramatu, kt\u00f3ry zosta\u0142 podarowany przez autora J\u00f3zefowi Alojzemu Reitzenheimowi (1809\u20131883). O najwcze\u015bniejszych jego losach informuje notatka w\u0142a\u015bciciela: R\u0119kopism w\u0142asnor\u0119czny S\u0142owackiego darowany przez niego przyjacielowi jego panu J\u00f3zefowi Reitzenheimowi, a przez tego mnie, w Pary\u017cu w kwietniu 1874. St. Tarnowski. Biblioteka Narodowa zakupi\u0142a r\u0119kopis od Zdzis\u0142awa Tarnowskiego, bratanka Stanis\u0142awa, w 1937 roku.<\/p>\n<p style=\"text-align: justify\">Ze wzgl\u0119du na swoj\u0105 wyj\u0105tkow\u0105 warto\u015b\u0107 dokument ten pozostaje pod specjaln\u0105 ochron\u0105. Oryginalny r\u0119kopis zosta\u0142 zdigitalizowany, dzi\u0119ki czemu <a href=\"https:\/\/polona.pl\/item\/balladina-tragedya-w-5-aktach,ODY4MzM5\/\">mo\u017cna go obejrze\u0107 w bibliotece cyfrowej polona.pl<\/a>.<\/p>\n<p style=\"text-align: justify\"><strong>Polska Lista Krajowa Programu UNESCO \u201ePami\u0119\u0107 \u015awiata\u201d<\/strong> obejmuje najcenniejsze zabytki pi\u015bmiennictwa zwi\u0105zane z wa\u017cnymi wydarzeniami z historii Polski. Program \u201ePami\u0119\u0107 \u015awiata\u201d powsta\u0142 z inicjatywy UNESCO w 1992 roku. Jego celem jest utrwalanie znaczenia wielowiekowego dziedzictwa dokumentacyjnego ludzko\u015bci. Program zwraca uwag\u0119 na konieczno\u015b\u0107 ochrony dokument\u00f3w o szczeg\u00f3lnym znaczeniu historycznym, kt\u00f3re stanowi\u0105 \u015bwiadectwo naszej kultury i cywilizacji. Wyr\u00f3\u017cnione w tym roku wpisem na List\u0119 Krajow\u0105 obiekty b\u0119d\u0105 stopniowo ujawniane na stronie internetowej <a href=\"https:\/\/pamiecpolski.archiwa.gov.pl\/\">www.pamiecpolski.archiwa.gov.pl<\/a>, a pe\u0142na lista uhonorowanych skarb\u00f3w dziedzictwa zostanie zaprezentowana w czerwcu 2021 roku.<\/p>\n<p style=\"text-align: justify\">W poprzednich latach wpisem na List\u0119 uhonorowano wyj\u0105tkowe obiekty z zasobu polskich archiw\u00f3w, bibliotek i innych polskich instytucji w kraju i za granic\u0105.<\/p>\n<p style=\"text-align: justify\"><em>Zdj\u0119cie: <a href=\"https:\/\/pamiecpolski.archiwa.gov.pl\/\">www.pamiecpolski.archiwa.gov.pl<\/a>.<\/em><br \/><em>\u0179r\u00f3d\u0142o: <a href=\"https:\/\/www.bn.org.pl\/aktualnosci\/4324-balladyna-uhonorowana-wpisem-na-polska-liste-krajowa-programu-unesco-pamiec-swiata.html\">www.bn.org.pl<\/a><\/em><\/p>\n\n\n\n<p><\/p>\n","protected":false},"excerpt":{"rendered":"<p>R\u0119kopis Balladyny Juliusza S\u0142owackiego \u2013 arcydzie\u0142o polskiego dramatu epoki romantyzmu \u2013 zosta\u0142 uhonorowany wpisem na Polsk\u0105 List\u0119 Krajow\u0105 Programu UNESCO \u201ePami\u0119\u0107 \u015awiata\u201d. \u201eBalladyna\u201d zosta\u0142a zapisana r\u0119k\u0105 samego autora. Powszechnie znany w\u015br\u00f3d polskich czytelnik\u00f3w utw\u00f3r \u0142\u0105czy w sobie tragedi\u0119 i komedi\u0119, fantastyk\u0119 i ludowo\u015b\u0107 oraz ironi\u0119. Podejmuje tematyk\u0119 zbrodni, sprawiedliwej kary i niszcz\u0105cej si\u0142y w\u0142adzy. Od [&hellip;]<\/p>\n","protected":false},"author":65,"featured_media":12037,"comment_status":"open","ping_status":"open","sticky":true,"template":"","format":"standard","meta":{"inline_featured_image":false,"_monsterinsights_skip_tracking":false,"_monsterinsights_sitenote_active":false,"_monsterinsights_sitenote_note":"","_monsterinsights_sitenote_category":0,"footnotes":""},"categories":[7,154],"tags":[],"class_list":["post-12042","post","type-post","status-publish","format-standard","has-post-thumbnail","hentry","category-aktualnosci","category-literatura"],"yoast_head":"<!-- This site is optimized with the Yoast SEO plugin v24.6 - https:\/\/yoast.com\/wordpress\/plugins\/seo\/ -->\n<title>\u201eBalladyna\u201d Juliusza S\u0142owackiego uhonorowana wpisem na Polsk\u0105 List\u0119 Krajow\u0105 Programu UNESCO \u201ePami\u0119\u0107 \u015awiata\u201d - Instytut Polski w Mi\u0144sku<\/title>\n<meta name=\"robots\" content=\"index, follow, max-snippet:-1, max-image-preview:large, max-video-preview:-1\" \/>\n<link rel=\"canonical\" href=\"https:\/\/instytutpolski.pl\/minsk\/pl\/2021\/06\/10\/balladyna-juliusza-slowackiego-uhonorowana-wpisem-na-polska-liste-krajowa-programu-unesco-pamiec-swiata\/\" \/>\n<meta property=\"og:locale\" content=\"pl_PL\" \/>\n<meta property=\"og:type\" content=\"article\" \/>\n<meta property=\"og:title\" content=\"\u201eBalladyna\u201d Juliusza S\u0142owackiego uhonorowana wpisem na Polsk\u0105 List\u0119 Krajow\u0105 Programu UNESCO \u201ePami\u0119\u0107 \u015awiata\u201d - Instytut Polski w Mi\u0144sku\" \/>\n<meta property=\"og:description\" content=\"R\u0119kopis Balladyny Juliusza S\u0142owackiego \u2013 arcydzie\u0142o polskiego dramatu epoki romantyzmu \u2013 zosta\u0142 uhonorowany wpisem na Polsk\u0105 List\u0119 Krajow\u0105 Programu UNESCO \u201ePami\u0119\u0107 \u015awiata\u201d. \u201eBalladyna\u201d zosta\u0142a zapisana r\u0119k\u0105 samego autora. Powszechnie znany w\u015br\u00f3d polskich czytelnik\u00f3w utw\u00f3r \u0142\u0105czy w sobie tragedi\u0119 i komedi\u0119, fantastyk\u0119 i ludowo\u015b\u0107 oraz ironi\u0119. Podejmuje tematyk\u0119 zbrodni, sprawiedliwej kary i niszcz\u0105cej si\u0142y w\u0142adzy. Od [&hellip;]\" \/>\n<meta property=\"og:url\" content=\"https:\/\/instytutpolski.pl\/minsk\/pl\/2021\/06\/10\/balladyna-juliusza-slowackiego-uhonorowana-wpisem-na-polska-liste-krajowa-programu-unesco-pamiec-swiata\/\" \/>\n<meta property=\"og:site_name\" content=\"Instytut Polski w Mi\u0144sku\" \/>\n<meta property=\"article:published_time\" content=\"2021-06-10T06:13:08+00:00\" \/>\n<meta property=\"article:modified_time\" content=\"2021-06-10T06:20:21+00:00\" \/>\n<meta property=\"og:image\" content=\"https:\/\/instytutpolski.pl\/minsk\/wp-content\/uploads\/sites\/6\/2021\/06\/1622467321.jpg\" \/>\n\t<meta property=\"og:image:width\" content=\"978\" \/>\n\t<meta property=\"og:image:height\" content=\"650\" \/>\n\t<meta property=\"og:image:type\" content=\"image\/jpeg\" \/>\n<meta name=\"author\" content=\"gudo\" \/>\n<meta name=\"twitter:card\" content=\"summary_large_image\" \/>\n<meta name=\"twitter:label1\" content=\"Napisane przez\" \/>\n\t<meta name=\"twitter:data1\" content=\"gudo\" \/>\n\t<meta name=\"twitter:label2\" content=\"Szacowany czas czytania\" \/>\n\t<meta name=\"twitter:data2\" content=\"2 minuty\" \/>\n<script type=\"application\/ld+json\" class=\"yoast-schema-graph\">{\"@context\":\"https:\/\/schema.org\",\"@graph\":[{\"@type\":\"event\",\"@id\":\"https:\/\/instytutpolski.pl\/minsk\/pl\/2021\/06\/10\/balladyna-juliusza-slowackiego-uhonorowana-wpisem-na-polska-liste-krajowa-programu-unesco-pamiec-swiata\/\",\"url\":\"https:\/\/instytutpolski.pl\/minsk\/pl\/2021\/06\/10\/balladyna-juliusza-slowackiego-uhonorowana-wpisem-na-polska-liste-krajowa-programu-unesco-pamiec-swiata\/\",\"name\":\"\u201eBalladyna\u201d Juliusza S\u0142owackiego uhonorowana wpisem na Polsk\u0105 List\u0119 Krajow\u0105 Programu UNESCO \u201ePami\u0119\u0107 \u015awiata\u201d\",\"isPartOf\":{\"@id\":\"https:\/\/instytutpolski.pl\/minsk\/#website\"},\"primaryImageOfPage\":{\"@id\":\"https:\/\/instytutpolski.pl\/minsk\/pl\/2021\/06\/10\/balladyna-juliusza-slowackiego-uhonorowana-wpisem-na-polska-liste-krajowa-programu-unesco-pamiec-swiata\/#primaryimage\"},\"image\":[\"https:\/\/instytutpolski.pl\/minsk\/wp-content\/uploads\/sites\/6\/2021\/06\/1622467321.jpg\",\"https:\/\/instytutpolski.pl\/minsk\/wp-content\/uploads\/sites\/6\/2021\/06\/1622467321-300x199.jpg\",\"https:\/\/instytutpolski.pl\/minsk\/wp-content\/uploads\/sites\/6\/2021\/06\/1622467321.jpg\",\"https:\/\/instytutpolski.pl\/minsk\/wp-content\/uploads\/sites\/6\/2021\/06\/1622467321.jpg\"],\"thumbnailUrl\":\"https:\/\/instytutpolski.pl\/minsk\/wp-content\/uploads\/sites\/6\/2021\/06\/1622467321.jpg\",\"datePublished\":\"2021-06-10T06:13:08+03:00\",\"dateModified\":\"2021-06-10T06:20:21+03:00\",\"author\":{\"@id\":\"https:\/\/instytutpolski.pl\/minsk\/#\/schema\/person\/5a289b781d4e7b95c2800672408de941\"},\"breadcrumb\":{\"@id\":\"https:\/\/instytutpolski.pl\/minsk\/pl\/2021\/06\/10\/balladyna-juliusza-slowackiego-uhonorowana-wpisem-na-polska-liste-krajowa-programu-unesco-pamiec-swiata\/#breadcrumb\"},\"inLanguage\":\"pl-PL\",\"potentialAction\":[{\"@type\":\"ReadAction\",\"target\":[\"https:\/\/instytutpolski.pl\/minsk\/pl\/2021\/06\/10\/balladyna-juliusza-slowackiego-uhonorowana-wpisem-na-polska-liste-krajowa-programu-unesco-pamiec-swiata\/\"]}],\"@context\":\"https:\/\/schema.org\",\"startDate\":\"2021-06-10\",\"endDate\":\"2021-06-10\",\"eventStatus\":\"EventScheduled\",\"eventAttendanceMode\":\"OfflineEventAttendanceMode\",\"location\":{\"@type\":\"place\",\"name\":\"\",\"address\":\"\",\"geo\":{\"@type\":\"GeoCoordinates\",\"latitude\":\"\",\"longitude\":\"\"}},\"description\":\"R\u0119kopis Balladyny Juliusza S\u0142owackiego \u2013 arcydzie\u0142o polskiego dramatu epoki romantyzmu \u2013 zosta\u0142 uhonorowany wpisem na Polsk\u0105 List\u0119 Krajow\u0105 Programu UNESCO \u201ePami\u0119\u0107 \u015awiata\u201d.\\n\u201eBalladyna\u201d zosta\u0142a zapisana r\u0119k\u0105 samego autora. Powszechnie znany w\u015br\u00f3d polskich czytelnik\u00f3w utw\u00f3r \u0142\u0105czy w sobie tragedi\u0119 i komedi\u0119, fantastyk\u0119 i ludowo\u015b\u0107 oraz ironi\u0119. Podejmuje tematyk\u0119 zbrodni, sprawiedliwej kary i niszcz\u0105cej si\u0142y w\u0142adzy. Od ponad 150 lat pozostaje jednym z najcz\u0119\u015bciej wystawianych na polskich scenach tekst\u00f3w dramatycznych. Dzie\u0142o Juliusza S\u0142owackiego jest te\u017c stale obecne w kanonie lektur szkolnych, a w roku 2020 by\u0142o tematem Narodowego Czytania.\\nR\u0119kopis jest kompletnym czystopisem dramatu, kt\u00f3ry zosta\u0142 podarowany przez autora J\u00f3zefowi Alojzemu Reitzenheimowi (1809\u20131883). O najwcze\u015bniejszych jego losach informuje notatka w\u0142a\u015bciciela: R\u0119kopism w\u0142asnor\u0119czny S\u0142owackiego darowany przez niego przyjacielowi jego panu J\u00f3zefowi Reitzenheimowi, a przez tego mnie, w Pary\u017cu w kwietniu 1874. St. Tarnowski. Biblioteka Narodowa zakupi\u0142a r\u0119kopis od Zdzis\u0142awa Tarnowskiego, bratanka Stanis\u0142awa, w 1937 roku.\\nZe wzgl\u0119du na swoj\u0105 wyj\u0105tkow\u0105 warto\u015b\u0107 dokument ten pozostaje pod specjaln\u0105 ochron\u0105. Oryginalny r\u0119kopis zosta\u0142 zdigitalizowany, dzi\u0119ki czemu mo\u017cna go obejrze\u0107 w bibliotece cyfrowej polona.pl.\\nPolska Lista Krajowa Programu UNESCO \u201ePami\u0119\u0107 \u015awiata\u201d obejmuje najcenniejsze zabytki pi\u015bmiennictwa zwi\u0105zane z wa\u017cnymi wydarzeniami z historii Polski. Program \u201ePami\u0119\u0107 \u015awiata\u201d powsta\u0142 z inicjatywy UNESCO w 1992 roku. Jego celem jest utrwalanie znaczenia wielowiekowego dziedzictwa dokumentacyjnego ludzko\u015bci. Program zwraca uwag\u0119 na konieczno\u015b\u0107 ochrony dokument\u00f3w o szczeg\u00f3lnym znaczeniu historycznym, kt\u00f3re stanowi\u0105 \u015bwiadectwo naszej kultury i cywilizacji. Wyr\u00f3\u017cnione w tym roku wpisem na List\u0119 Krajow\u0105 obiekty b\u0119d\u0105 stopniowo ujawniane na stronie internetowej www.pamiecpolski.archiwa.gov.pl, a pe\u0142na lista uhonorowanych skarb\u00f3w dziedzictwa zostanie zaprezentowana w czerwcu 2021 roku.\\nW poprzednich latach wpisem na List\u0119 uhonorowano wyj\u0105tkowe obiekty z zasobu polskich archiw\u00f3w, bibliotek i innych polskich instytucji w kraju i za granic\u0105.\\nZdj\u0119cie: www.pamiecpolski.archiwa.gov.pl.\u0179r\u00f3d\u0142o: www.bn.org.pl\"},{\"@type\":\"ImageObject\",\"inLanguage\":\"pl-PL\",\"@id\":\"https:\/\/instytutpolski.pl\/minsk\/pl\/2021\/06\/10\/balladyna-juliusza-slowackiego-uhonorowana-wpisem-na-polska-liste-krajowa-programu-unesco-pamiec-swiata\/#primaryimage\",\"url\":\"https:\/\/instytutpolski.pl\/minsk\/wp-content\/uploads\/sites\/6\/2021\/06\/1622467321.jpg\",\"contentUrl\":\"https:\/\/instytutpolski.pl\/minsk\/wp-content\/uploads\/sites\/6\/2021\/06\/1622467321.jpg\",\"width\":978,\"height\":650},{\"@type\":\"BreadcrumbList\",\"@id\":\"https:\/\/instytutpolski.pl\/minsk\/pl\/2021\/06\/10\/balladyna-juliusza-slowackiego-uhonorowana-wpisem-na-polska-liste-krajowa-programu-unesco-pamiec-swiata\/#breadcrumb\",\"itemListElement\":[{\"@type\":\"ListItem\",\"position\":1,\"name\":\"Home\",\"item\":\"https:\/\/instytutpolski.pl\/minsk\/\"},{\"@type\":\"ListItem\",\"position\":2,\"name\":\"\u201eBalladyna\u201d Juliusza S\u0142owackiego uhonorowana wpisem na Polsk\u0105 List\u0119 Krajow\u0105 Programu UNESCO \u201ePami\u0119\u0107 \u015awiata\u201d\"}]},{\"@type\":\"WebSite\",\"@id\":\"https:\/\/instytutpolski.pl\/minsk\/#website\",\"url\":\"https:\/\/instytutpolski.pl\/minsk\/\",\"name\":\"Instytut Polski w Mi\u0144sku\",\"description\":\"Instytuty Polskie\",\"potentialAction\":[{\"@type\":\"SearchAction\",\"target\":{\"@type\":\"EntryPoint\",\"urlTemplate\":\"https:\/\/instytutpolski.pl\/minsk\/?s={search_term_string}\"},\"query-input\":{\"@type\":\"PropertyValueSpecification\",\"valueRequired\":true,\"valueName\":\"search_term_string\"}}],\"inLanguage\":\"pl-PL\"},{\"@type\":\"Person\",\"@id\":\"https:\/\/instytutpolski.pl\/minsk\/#\/schema\/person\/5a289b781d4e7b95c2800672408de941\",\"name\":\"gudo\",\"image\":{\"@type\":\"ImageObject\",\"inLanguage\":\"pl-PL\",\"@id\":\"https:\/\/instytutpolski.pl\/minsk\/#\/schema\/person\/image\/\",\"url\":\"https:\/\/secure.gravatar.com\/avatar\/9e61a9878af96adca2e123c46defb38f?s=96&d=mm&r=g\",\"contentUrl\":\"https:\/\/secure.gravatar.com\/avatar\/9e61a9878af96adca2e123c46defb38f?s=96&d=mm&r=g\",\"caption\":\"gudo\"},\"url\":\"https:\/\/instytutpolski.pl\/minsk\/author\/gudo\/\"}]}<\/script>\n<!-- \/ Yoast SEO plugin. -->","yoast_head_json":{"title":"\u201eBalladyna\u201d Juliusza S\u0142owackiego uhonorowana wpisem na Polsk\u0105 List\u0119 Krajow\u0105 Programu UNESCO \u201ePami\u0119\u0107 \u015awiata\u201d - Instytut Polski w Mi\u0144sku","robots":{"index":"index","follow":"follow","max-snippet":"max-snippet:-1","max-image-preview":"max-image-preview:large","max-video-preview":"max-video-preview:-1"},"canonical":"https:\/\/instytutpolski.pl\/minsk\/pl\/2021\/06\/10\/balladyna-juliusza-slowackiego-uhonorowana-wpisem-na-polska-liste-krajowa-programu-unesco-pamiec-swiata\/","og_locale":"pl_PL","og_type":"article","og_title":"\u201eBalladyna\u201d Juliusza S\u0142owackiego uhonorowana wpisem na Polsk\u0105 List\u0119 Krajow\u0105 Programu UNESCO \u201ePami\u0119\u0107 \u015awiata\u201d - Instytut Polski w Mi\u0144sku","og_description":"R\u0119kopis Balladyny Juliusza S\u0142owackiego \u2013 arcydzie\u0142o polskiego dramatu epoki romantyzmu \u2013 zosta\u0142 uhonorowany wpisem na Polsk\u0105 List\u0119 Krajow\u0105 Programu UNESCO \u201ePami\u0119\u0107 \u015awiata\u201d. \u201eBalladyna\u201d zosta\u0142a zapisana r\u0119k\u0105 samego autora. Powszechnie znany w\u015br\u00f3d polskich czytelnik\u00f3w utw\u00f3r \u0142\u0105czy w sobie tragedi\u0119 i komedi\u0119, fantastyk\u0119 i ludowo\u015b\u0107 oraz ironi\u0119. Podejmuje tematyk\u0119 zbrodni, sprawiedliwej kary i niszcz\u0105cej si\u0142y w\u0142adzy. Od [&hellip;]","og_url":"https:\/\/instytutpolski.pl\/minsk\/pl\/2021\/06\/10\/balladyna-juliusza-slowackiego-uhonorowana-wpisem-na-polska-liste-krajowa-programu-unesco-pamiec-swiata\/","og_site_name":"Instytut Polski w Mi\u0144sku","article_published_time":"2021-06-10T06:13:08+00:00","article_modified_time":"2021-06-10T06:20:21+00:00","og_image":[{"width":978,"height":650,"url":"https:\/\/instytutpolski.pl\/minsk\/wp-content\/uploads\/sites\/6\/2021\/06\/1622467321.jpg","type":"image\/jpeg"}],"author":"gudo","twitter_card":"summary_large_image","twitter_misc":{"Napisane przez":"gudo","Szacowany czas czytania":"2 minuty"},"schema":{"@context":"https:\/\/schema.org","@graph":[{"@type":"event","@id":"https:\/\/instytutpolski.pl\/minsk\/pl\/2021\/06\/10\/balladyna-juliusza-slowackiego-uhonorowana-wpisem-na-polska-liste-krajowa-programu-unesco-pamiec-swiata\/","url":"https:\/\/instytutpolski.pl\/minsk\/pl\/2021\/06\/10\/balladyna-juliusza-slowackiego-uhonorowana-wpisem-na-polska-liste-krajowa-programu-unesco-pamiec-swiata\/","name":"\u201eBalladyna\u201d Juliusza S\u0142owackiego uhonorowana wpisem na Polsk\u0105 List\u0119 Krajow\u0105 Programu UNESCO \u201ePami\u0119\u0107 \u015awiata\u201d","isPartOf":{"@id":"https:\/\/instytutpolski.pl\/minsk\/#website"},"primaryImageOfPage":{"@id":"https:\/\/instytutpolski.pl\/minsk\/pl\/2021\/06\/10\/balladyna-juliusza-slowackiego-uhonorowana-wpisem-na-polska-liste-krajowa-programu-unesco-pamiec-swiata\/#primaryimage"},"image":["https:\/\/instytutpolski.pl\/minsk\/wp-content\/uploads\/sites\/6\/2021\/06\/1622467321.jpg","https:\/\/instytutpolski.pl\/minsk\/wp-content\/uploads\/sites\/6\/2021\/06\/1622467321-300x199.jpg","https:\/\/instytutpolski.pl\/minsk\/wp-content\/uploads\/sites\/6\/2021\/06\/1622467321.jpg","https:\/\/instytutpolski.pl\/minsk\/wp-content\/uploads\/sites\/6\/2021\/06\/1622467321.jpg"],"thumbnailUrl":"https:\/\/instytutpolski.pl\/minsk\/wp-content\/uploads\/sites\/6\/2021\/06\/1622467321.jpg","datePublished":"2021-06-10T06:13:08+03:00","dateModified":"2021-06-10T06:20:21+03:00","author":{"@id":"https:\/\/instytutpolski.pl\/minsk\/#\/schema\/person\/5a289b781d4e7b95c2800672408de941"},"breadcrumb":{"@id":"https:\/\/instytutpolski.pl\/minsk\/pl\/2021\/06\/10\/balladyna-juliusza-slowackiego-uhonorowana-wpisem-na-polska-liste-krajowa-programu-unesco-pamiec-swiata\/#breadcrumb"},"inLanguage":"pl-PL","potentialAction":[{"@type":"ReadAction","target":["https:\/\/instytutpolski.pl\/minsk\/pl\/2021\/06\/10\/balladyna-juliusza-slowackiego-uhonorowana-wpisem-na-polska-liste-krajowa-programu-unesco-pamiec-swiata\/"]}],"@context":"https:\/\/schema.org","startDate":"2021-06-10","endDate":"2021-06-10","eventStatus":"EventScheduled","eventAttendanceMode":"OfflineEventAttendanceMode","location":{"@type":"place","name":"","address":"","geo":{"@type":"GeoCoordinates","latitude":"","longitude":""}},"description":"R\u0119kopis Balladyny Juliusza S\u0142owackiego \u2013 arcydzie\u0142o polskiego dramatu epoki romantyzmu \u2013 zosta\u0142 uhonorowany wpisem na Polsk\u0105 List\u0119 Krajow\u0105 Programu UNESCO \u201ePami\u0119\u0107 \u015awiata\u201d.\n\u201eBalladyna\u201d zosta\u0142a zapisana r\u0119k\u0105 samego autora. Powszechnie znany w\u015br\u00f3d polskich czytelnik\u00f3w utw\u00f3r \u0142\u0105czy w sobie tragedi\u0119 i komedi\u0119, fantastyk\u0119 i ludowo\u015b\u0107 oraz ironi\u0119. Podejmuje tematyk\u0119 zbrodni, sprawiedliwej kary i niszcz\u0105cej si\u0142y w\u0142adzy. Od ponad 150 lat pozostaje jednym z najcz\u0119\u015bciej wystawianych na polskich scenach tekst\u00f3w dramatycznych. Dzie\u0142o Juliusza S\u0142owackiego jest te\u017c stale obecne w kanonie lektur szkolnych, a w roku 2020 by\u0142o tematem Narodowego Czytania.\nR\u0119kopis jest kompletnym czystopisem dramatu, kt\u00f3ry zosta\u0142 podarowany przez autora J\u00f3zefowi Alojzemu Reitzenheimowi (1809\u20131883). O najwcze\u015bniejszych jego losach informuje notatka w\u0142a\u015bciciela: R\u0119kopism w\u0142asnor\u0119czny S\u0142owackiego darowany przez niego przyjacielowi jego panu J\u00f3zefowi Reitzenheimowi, a przez tego mnie, w Pary\u017cu w kwietniu 1874. St. Tarnowski. Biblioteka Narodowa zakupi\u0142a r\u0119kopis od Zdzis\u0142awa Tarnowskiego, bratanka Stanis\u0142awa, w 1937 roku.\nZe wzgl\u0119du na swoj\u0105 wyj\u0105tkow\u0105 warto\u015b\u0107 dokument ten pozostaje pod specjaln\u0105 ochron\u0105. Oryginalny r\u0119kopis zosta\u0142 zdigitalizowany, dzi\u0119ki czemu mo\u017cna go obejrze\u0107 w bibliotece cyfrowej polona.pl.\nPolska Lista Krajowa Programu UNESCO \u201ePami\u0119\u0107 \u015awiata\u201d obejmuje najcenniejsze zabytki pi\u015bmiennictwa zwi\u0105zane z wa\u017cnymi wydarzeniami z historii Polski. Program \u201ePami\u0119\u0107 \u015awiata\u201d powsta\u0142 z inicjatywy UNESCO w 1992 roku. Jego celem jest utrwalanie znaczenia wielowiekowego dziedzictwa dokumentacyjnego ludzko\u015bci. Program zwraca uwag\u0119 na konieczno\u015b\u0107 ochrony dokument\u00f3w o szczeg\u00f3lnym znaczeniu historycznym, kt\u00f3re stanowi\u0105 \u015bwiadectwo naszej kultury i cywilizacji. Wyr\u00f3\u017cnione w tym roku wpisem na List\u0119 Krajow\u0105 obiekty b\u0119d\u0105 stopniowo ujawniane na stronie internetowej www.pamiecpolski.archiwa.gov.pl, a pe\u0142na lista uhonorowanych skarb\u00f3w dziedzictwa zostanie zaprezentowana w czerwcu 2021 roku.\nW poprzednich latach wpisem na List\u0119 uhonorowano wyj\u0105tkowe obiekty z zasobu polskich archiw\u00f3w, bibliotek i innych polskich instytucji w kraju i za granic\u0105.\nZdj\u0119cie: www.pamiecpolski.archiwa.gov.pl.\u0179r\u00f3d\u0142o: www.bn.org.pl"},{"@type":"ImageObject","inLanguage":"pl-PL","@id":"https:\/\/instytutpolski.pl\/minsk\/pl\/2021\/06\/10\/balladyna-juliusza-slowackiego-uhonorowana-wpisem-na-polska-liste-krajowa-programu-unesco-pamiec-swiata\/#primaryimage","url":"https:\/\/instytutpolski.pl\/minsk\/wp-content\/uploads\/sites\/6\/2021\/06\/1622467321.jpg","contentUrl":"https:\/\/instytutpolski.pl\/minsk\/wp-content\/uploads\/sites\/6\/2021\/06\/1622467321.jpg","width":978,"height":650},{"@type":"BreadcrumbList","@id":"https:\/\/instytutpolski.pl\/minsk\/pl\/2021\/06\/10\/balladyna-juliusza-slowackiego-uhonorowana-wpisem-na-polska-liste-krajowa-programu-unesco-pamiec-swiata\/#breadcrumb","itemListElement":[{"@type":"ListItem","position":1,"name":"Home","item":"https:\/\/instytutpolski.pl\/minsk\/"},{"@type":"ListItem","position":2,"name":"\u201eBalladyna\u201d Juliusza S\u0142owackiego uhonorowana wpisem na Polsk\u0105 List\u0119 Krajow\u0105 Programu UNESCO \u201ePami\u0119\u0107 \u015awiata\u201d"}]},{"@type":"WebSite","@id":"https:\/\/instytutpolski.pl\/minsk\/#website","url":"https:\/\/instytutpolski.pl\/minsk\/","name":"Instytut Polski w Mi\u0144sku","description":"Instytuty Polskie","potentialAction":[{"@type":"SearchAction","target":{"@type":"EntryPoint","urlTemplate":"https:\/\/instytutpolski.pl\/minsk\/?s={search_term_string}"},"query-input":{"@type":"PropertyValueSpecification","valueRequired":true,"valueName":"search_term_string"}}],"inLanguage":"pl-PL"},{"@type":"Person","@id":"https:\/\/instytutpolski.pl\/minsk\/#\/schema\/person\/5a289b781d4e7b95c2800672408de941","name":"gudo","image":{"@type":"ImageObject","inLanguage":"pl-PL","@id":"https:\/\/instytutpolski.pl\/minsk\/#\/schema\/person\/image\/","url":"https:\/\/secure.gravatar.com\/avatar\/9e61a9878af96adca2e123c46defb38f?s=96&d=mm&r=g","contentUrl":"https:\/\/secure.gravatar.com\/avatar\/9e61a9878af96adca2e123c46defb38f?s=96&d=mm&r=g","caption":"gudo"},"url":"https:\/\/instytutpolski.pl\/minsk\/author\/gudo\/"}]}},"_links":{"self":[{"href":"https:\/\/instytutpolski.pl\/minsk\/wp-json\/wp\/v2\/posts\/12042","targetHints":{"allow":["GET"]}}],"collection":[{"href":"https:\/\/instytutpolski.pl\/minsk\/wp-json\/wp\/v2\/posts"}],"about":[{"href":"https:\/\/instytutpolski.pl\/minsk\/wp-json\/wp\/v2\/types\/post"}],"author":[{"embeddable":true,"href":"https:\/\/instytutpolski.pl\/minsk\/wp-json\/wp\/v2\/users\/65"}],"replies":[{"embeddable":true,"href":"https:\/\/instytutpolski.pl\/minsk\/wp-json\/wp\/v2\/comments?post=12042"}],"version-history":[{"count":2,"href":"https:\/\/instytutpolski.pl\/minsk\/wp-json\/wp\/v2\/posts\/12042\/revisions"}],"predecessor-version":[{"id":12044,"href":"https:\/\/instytutpolski.pl\/minsk\/wp-json\/wp\/v2\/posts\/12042\/revisions\/12044"}],"wp:featuredmedia":[{"embeddable":true,"href":"https:\/\/instytutpolski.pl\/minsk\/wp-json\/wp\/v2\/media\/12037"}],"wp:attachment":[{"href":"https:\/\/instytutpolski.pl\/minsk\/wp-json\/wp\/v2\/media?parent=12042"}],"wp:term":[{"taxonomy":"category","embeddable":true,"href":"https:\/\/instytutpolski.pl\/minsk\/wp-json\/wp\/v2\/categories?post=12042"},{"taxonomy":"post_tag","embeddable":true,"href":"https:\/\/instytutpolski.pl\/minsk\/wp-json\/wp\/v2\/tags?post=12042"}],"curies":[{"name":"wp","href":"https:\/\/api.w.org\/{rel}","templated":true}]}}