{"id":8823,"date":"2020-11-06T09:38:07","date_gmt":"2020-11-06T08:38:07","guid":{"rendered":"https:\/\/instytutpolski.pl\/minsk\/?p=8823"},"modified":"2020-11-15T09:34:19","modified_gmt":"2020-11-15T08:34:19","slug":"kinemo-online-2","status":"publish","type":"post","link":"https:\/\/instytutpolski.pl\/minsk\/pl\/2020\/11\/06\/kinemo-online-2\/","title":{"rendered":"KINEMO ONLINE"},"content":{"rendered":"\n<p><img loading=\"lazy\" decoding=\"async\" class=\"alignleft wp-image-8824 size-medium\" src=\"https:\/\/instytutpolski.pl\/minsk\/wp-content\/uploads\/sites\/6\/2020\/11\/unnamed-200x300.jpg\" alt=\"\" width=\"200\" height=\"300\" srcset=\"https:\/\/instytutpolski.pl\/minsk\/wp-content\/uploads\/sites\/6\/2020\/11\/unnamed-200x300.jpg 200w, https:\/\/instytutpolski.pl\/minsk\/wp-content\/uploads\/sites\/6\/2020\/11\/unnamed.jpg 340w\" sizes=\"auto, (max-width: 200px) 100vw, 200px\" \/><\/p>\n<p><strong>6 listopada<\/strong> w ramach <strong>Festiwalu Film\u00f3w Niemych i Muzyki Wsp\u00f3\u0142czesnej \u201eKINEMO\u201d<\/strong> odb\u0119d\u0105 si\u0119 online-pokazy film\u00f3w niemych francuskiego surrealisty&nbsp; Mana Raya <strong>\u201eZostawcie mnie w spokoju\u201d (1926)<\/strong> oraz <strong>\u201eRozgwiazda\u201d (1928)<\/strong> z muzyk\u0105, skomponowan\u0105 przez m\u0142odych polskich kompozytorek <strong>Magdalen\u0119 Gorw\u0119<\/strong> oraz<strong> Monik\u0119 Kozakiewicz.<\/strong><\/p>\n<p>Muzyk\u0119 wykonuj\u0119 bia\u0142oruski zesp\u00f3\u0142 <strong>\u201eFive &#8211; storey ensemble\u201d.<\/strong> Projekt jest zorganizowany we wsp\u00f3\u0142pracy z Ko\u0142em M\u0142odych ZKP, Stowarzyszeniem M\u0142odych Bia\u0142oruskich Kompozytor\u00f3w i projektem \u201eCinemacsope\u201d przy wsparciu Instytutu Polskiego w Mi\u0144sku. &nbsp;<br><span style=\"text-decoration: underline\"><strong>Filmy b\u0119d\u0105 dost\u0119pne od 6 do &nbsp;16 listopada pod linkiem:<\/strong> <\/span><br><span style=\"color: #0000ff\"><strong><a style=\"color: #0000ff\" href=\"https:\/\/vimeo.com\/475435325\">https:\/\/vimeo.com\/475435325<\/a>, <\/strong><\/span><br><span style=\"color: #0000ff\"><strong><a style=\"color: #0000ff\" href=\"https:\/\/vimeo.com\/475453256\">https:\/\/vimeo.com\/475453256<\/a><\/strong><\/span><\/p>\n<p><img loading=\"lazy\" decoding=\"async\" class=\"wp-image-8833 size-medium alignleft\" src=\"https:\/\/instytutpolski.pl\/minsk\/wp-content\/uploads\/sites\/6\/2020\/11\/7198966b-1f9a-4c4d-8714-8e790735cd9d_570-300x229.jpg\" alt=\"\" width=\"300\" height=\"229\" srcset=\"https:\/\/instytutpolski.pl\/minsk\/wp-content\/uploads\/sites\/6\/2020\/11\/7198966b-1f9a-4c4d-8714-8e790735cd9d_570-300x229.jpg 300w, https:\/\/instytutpolski.pl\/minsk\/wp-content\/uploads\/sites\/6\/2020\/11\/7198966b-1f9a-4c4d-8714-8e790735cd9d_570.jpg 570w\" sizes=\"auto, (max-width: 300px) 100vw, 300px\" \/>Wi\u0119cej informacji w wydarzeniu na FB: <a href=\"https:\/\/cutt.ly\/KgFSUYe\">https:\/\/cutt.ly\/KgFSUYe<\/a><\/p>\n\n\n\n<p><\/p>\n\n\n\n\n\n<figure class=\"wp-block-image size-large\"><img loading=\"lazy\" decoding=\"async\" width=\"1024\" height=\"608\" src=\"https:\/\/instytutpolski.pl\/minsk\/wp-content\/uploads\/sites\/6\/2020\/11\/Ensemble-1024x608.jpg\" alt=\"\" class=\"wp-image-8831\" srcset=\"https:\/\/instytutpolski.pl\/minsk\/wp-content\/uploads\/sites\/6\/2020\/11\/Ensemble-1024x608.jpg 1024w, https:\/\/instytutpolski.pl\/minsk\/wp-content\/uploads\/sites\/6\/2020\/11\/Ensemble-300x178.jpg 300w, https:\/\/instytutpolski.pl\/minsk\/wp-content\/uploads\/sites\/6\/2020\/11\/Ensemble-768x456.jpg 768w, https:\/\/instytutpolski.pl\/minsk\/wp-content\/uploads\/sites\/6\/2020\/11\/Ensemble.jpg 1457w\" sizes=\"auto, (max-width: 1024px) 100vw, 1024px\" \/><figcaption><strong>Five &#8211; storey ensemble<\/strong><\/figcaption><\/figure>\n","protected":false},"excerpt":{"rendered":"<p>6 listopada w ramach Festiwalu Film\u00f3w Niemych i Muzyki Wsp\u00f3\u0142czesnej \u201eKINEMO\u201d odb\u0119d\u0105 si\u0119 online-pokazy film\u00f3w niemych francuskiego surrealisty&nbsp; Mana Raya \u201eZostawcie mnie w spokoju\u201d (1926) oraz \u201eRozgwiazda\u201d (1928) z muzyk\u0105, skomponowan\u0105 przez m\u0142odych polskich kompozytorek Magdalen\u0119 Gorw\u0119 oraz Monik\u0119 Kozakiewicz. Muzyk\u0119 wykonuj\u0119 bia\u0142oruski zesp\u00f3\u0142 \u201eFive &#8211; storey ensemble\u201d. Projekt jest zorganizowany we wsp\u00f3\u0142pracy z Ko\u0142em [&hellip;]<\/p>\n","protected":false},"author":64,"featured_media":8816,"comment_status":"open","ping_status":"open","sticky":false,"template":"","format":"standard","meta":{"inline_featured_image":false,"_monsterinsights_skip_tracking":false,"_monsterinsights_sitenote_active":false,"_monsterinsights_sitenote_note":"","_monsterinsights_sitenote_category":0,"footnotes":""},"categories":[152,146],"tags":[],"class_list":["post-8823","post","type-post","status-publish","format-standard","has-post-thumbnail","hentry","category-film","category-wydarzenia"],"yoast_head":"<!-- This site is optimized with the Yoast SEO plugin v24.6 - https:\/\/yoast.com\/wordpress\/plugins\/seo\/ -->\n<title>KINEMO ONLINE - Instytut Polski w Mi\u0144sku<\/title>\n<meta name=\"robots\" content=\"index, follow, max-snippet:-1, max-image-preview:large, max-video-preview:-1\" \/>\n<link rel=\"canonical\" href=\"https:\/\/instytutpolski.pl\/minsk\/pl\/2020\/11\/06\/kinemo-online-2\/\" \/>\n<meta property=\"og:locale\" content=\"pl_PL\" \/>\n<meta property=\"og:type\" content=\"article\" \/>\n<meta property=\"og:title\" content=\"KINEMO ONLINE - Instytut Polski w Mi\u0144sku\" \/>\n<meta property=\"og:description\" content=\"6 listopada w ramach Festiwalu Film\u00f3w Niemych i Muzyki Wsp\u00f3\u0142czesnej \u201eKINEMO\u201d odb\u0119d\u0105 si\u0119 online-pokazy film\u00f3w niemych francuskiego surrealisty&nbsp; Mana Raya \u201eZostawcie mnie w spokoju\u201d (1926) oraz \u201eRozgwiazda\u201d (1928) z muzyk\u0105, skomponowan\u0105 przez m\u0142odych polskich kompozytorek Magdalen\u0119 Gorw\u0119 oraz Monik\u0119 Kozakiewicz. Muzyk\u0119 wykonuj\u0119 bia\u0142oruski zesp\u00f3\u0142 \u201eFive &#8211; storey ensemble\u201d. Projekt jest zorganizowany we wsp\u00f3\u0142pracy z Ko\u0142em [&hellip;]\" \/>\n<meta property=\"og:url\" content=\"https:\/\/instytutpolski.pl\/minsk\/pl\/2020\/11\/06\/kinemo-online-2\/\" \/>\n<meta property=\"og:site_name\" content=\"Instytut Polski w Mi\u0144sku\" \/>\n<meta property=\"article:published_time\" content=\"2020-11-06T08:38:07+00:00\" \/>\n<meta property=\"article:modified_time\" content=\"2020-11-15T08:34:19+00:00\" \/>\n<meta property=\"og:image\" content=\"https:\/\/instytutpolski.pl\/minsk\/wp-content\/uploads\/sites\/6\/2020\/11\/KINEMO-2020.jpg\" \/>\n\t<meta property=\"og:image:width\" content=\"2048\" \/>\n\t<meta property=\"og:image:height\" content=\"1153\" \/>\n\t<meta property=\"og:image:type\" content=\"image\/jpeg\" \/>\n<meta name=\"author\" content=\"zdobnikowae\" \/>\n<meta name=\"twitter:card\" content=\"summary_large_image\" \/>\n<meta name=\"twitter:label1\" content=\"Napisane przez\" \/>\n\t<meta name=\"twitter:data1\" content=\"zdobnikowae\" \/>\n\t<meta name=\"twitter:label2\" content=\"Szacowany czas czytania\" \/>\n\t<meta name=\"twitter:data2\" content=\"1 minuta\" \/>\n<script type=\"application\/ld+json\" class=\"yoast-schema-graph\">{\"@context\":\"https:\/\/schema.org\",\"@graph\":[{\"@type\":\"event\",\"@id\":\"https:\/\/instytutpolski.pl\/minsk\/pl\/2020\/11\/06\/kinemo-online-2\/\",\"url\":\"https:\/\/instytutpolski.pl\/minsk\/pl\/2020\/11\/06\/kinemo-online-2\/\",\"name\":\"KINEMO ONLINE\",\"isPartOf\":{\"@id\":\"https:\/\/instytutpolski.pl\/minsk\/#website\"},\"primaryImageOfPage\":{\"@id\":\"https:\/\/instytutpolski.pl\/minsk\/pl\/2020\/11\/06\/kinemo-online-2\/#primaryimage\"},\"image\":[\"https:\/\/instytutpolski.pl\/minsk\/wp-content\/uploads\/sites\/6\/2020\/11\/KINEMO-2020.jpg\",\"https:\/\/instytutpolski.pl\/minsk\/wp-content\/uploads\/sites\/6\/2020\/11\/KINEMO-2020-300x169.jpg\",\"https:\/\/instytutpolski.pl\/minsk\/wp-content\/uploads\/sites\/6\/2020\/11\/KINEMO-2020-1024x577.jpg\",\"https:\/\/instytutpolski.pl\/minsk\/wp-content\/uploads\/sites\/6\/2020\/11\/KINEMO-2020.jpg\"],\"thumbnailUrl\":\"https:\/\/instytutpolski.pl\/minsk\/wp-content\/uploads\/sites\/6\/2020\/11\/KINEMO-2020.jpg\",\"datePublished\":\"2020-11-06T08:38:07+03:00\",\"dateModified\":\"2020-11-15T08:34:19+03:00\",\"author\":{\"@id\":\"https:\/\/instytutpolski.pl\/minsk\/#\/schema\/person\/7d781b1194168f140bad5ba5b844f684\"},\"breadcrumb\":{\"@id\":\"https:\/\/instytutpolski.pl\/minsk\/pl\/2020\/11\/06\/kinemo-online-2\/#breadcrumb\"},\"inLanguage\":\"pl-PL\",\"potentialAction\":[{\"@type\":\"ReadAction\",\"target\":[\"https:\/\/instytutpolski.pl\/minsk\/pl\/2020\/11\/06\/kinemo-online-2\/\"]}],\"@context\":\"https:\/\/schema.org\",\"startDate\":\"2020-11-06\",\"endDate\":\"2020-11-14\",\"eventStatus\":\"EventScheduled\",\"eventAttendanceMode\":\"OfflineEventAttendanceMode\",\"location\":{\"@type\":\"place\",\"name\":\"\",\"address\":\"\",\"geo\":{\"@type\":\"GeoCoordinates\",\"latitude\":\"\",\"longitude\":\"\"}},\"description\":\"6 listopada w ramach Festiwalu Film\u00f3w Niemych i Muzyki Wsp\u00f3\u0142czesnej \u201eKINEMO\u201d odb\u0119d\u0105 si\u0119 online-pokazy film\u00f3w niemych francuskiego surrealisty  Mana Raya \u201eZostawcie mnie w spokoju\u201d (1926) oraz \u201eRozgwiazda\u201d (1928) z muzyk\u0105, skomponowan\u0105 przez m\u0142odych polskich kompozytorek Magdalen\u0119 Gorw\u0119 oraz Monik\u0119 Kozakiewicz.\\nMuzyk\u0119 wykonuj\u0119 bia\u0142oruski zesp\u00f3\u0142 \u201eFive - storey ensemble\u201d. Projekt jest zorganizowany we wsp\u00f3\u0142pracy z Ko\u0142em M\u0142odych ZKP, Stowarzyszeniem M\u0142odych Bia\u0142oruskich Kompozytor\u00f3w i projektem \u201eCinemacsope\u201d przy wsparciu Instytutu Polskiego w Mi\u0144sku.  Filmy b\u0119d\u0105 dost\u0119pne od 6 do  16 listopada pod linkiem: https:\/\/vimeo.com\/475435325, https:\/\/vimeo.com\/475453256\\nWi\u0119cej informacji w wydarzeniu na FB: https:\/\/cutt.ly\/KgFSUYe\"},{\"@type\":\"ImageObject\",\"inLanguage\":\"pl-PL\",\"@id\":\"https:\/\/instytutpolski.pl\/minsk\/pl\/2020\/11\/06\/kinemo-online-2\/#primaryimage\",\"url\":\"https:\/\/instytutpolski.pl\/minsk\/wp-content\/uploads\/sites\/6\/2020\/11\/KINEMO-2020.jpg\",\"contentUrl\":\"https:\/\/instytutpolski.pl\/minsk\/wp-content\/uploads\/sites\/6\/2020\/11\/KINEMO-2020.jpg\",\"width\":2048,\"height\":1153},{\"@type\":\"BreadcrumbList\",\"@id\":\"https:\/\/instytutpolski.pl\/minsk\/pl\/2020\/11\/06\/kinemo-online-2\/#breadcrumb\",\"itemListElement\":[{\"@type\":\"ListItem\",\"position\":1,\"name\":\"Home\",\"item\":\"https:\/\/instytutpolski.pl\/minsk\/\"},{\"@type\":\"ListItem\",\"position\":2,\"name\":\"KINEMO ONLINE\"}]},{\"@type\":\"WebSite\",\"@id\":\"https:\/\/instytutpolski.pl\/minsk\/#website\",\"url\":\"https:\/\/instytutpolski.pl\/minsk\/\",\"name\":\"Instytut Polski w Mi\u0144sku\",\"description\":\"Instytuty Polskie\",\"potentialAction\":[{\"@type\":\"SearchAction\",\"target\":{\"@type\":\"EntryPoint\",\"urlTemplate\":\"https:\/\/instytutpolski.pl\/minsk\/?s={search_term_string}\"},\"query-input\":{\"@type\":\"PropertyValueSpecification\",\"valueRequired\":true,\"valueName\":\"search_term_string\"}}],\"inLanguage\":\"pl-PL\"},{\"@type\":\"Person\",\"@id\":\"https:\/\/instytutpolski.pl\/minsk\/#\/schema\/person\/7d781b1194168f140bad5ba5b844f684\",\"name\":\"zdobnikowae\",\"image\":{\"@type\":\"ImageObject\",\"inLanguage\":\"pl-PL\",\"@id\":\"https:\/\/instytutpolski.pl\/minsk\/#\/schema\/person\/image\/\",\"url\":\"https:\/\/secure.gravatar.com\/avatar\/27d48a9c4869cab0102e3d30a9bb9e40?s=96&d=mm&r=g\",\"contentUrl\":\"https:\/\/secure.gravatar.com\/avatar\/27d48a9c4869cab0102e3d30a9bb9e40?s=96&d=mm&r=g\",\"caption\":\"zdobnikowae\"},\"url\":\"https:\/\/instytutpolski.pl\/minsk\/author\/zdobnikowae\/\"}]}<\/script>\n<!-- \/ Yoast SEO plugin. -->","yoast_head_json":{"title":"KINEMO ONLINE - Instytut Polski w Mi\u0144sku","robots":{"index":"index","follow":"follow","max-snippet":"max-snippet:-1","max-image-preview":"max-image-preview:large","max-video-preview":"max-video-preview:-1"},"canonical":"https:\/\/instytutpolski.pl\/minsk\/pl\/2020\/11\/06\/kinemo-online-2\/","og_locale":"pl_PL","og_type":"article","og_title":"KINEMO ONLINE - Instytut Polski w Mi\u0144sku","og_description":"6 listopada w ramach Festiwalu Film\u00f3w Niemych i Muzyki Wsp\u00f3\u0142czesnej \u201eKINEMO\u201d odb\u0119d\u0105 si\u0119 online-pokazy film\u00f3w niemych francuskiego surrealisty&nbsp; Mana Raya \u201eZostawcie mnie w spokoju\u201d (1926) oraz \u201eRozgwiazda\u201d (1928) z muzyk\u0105, skomponowan\u0105 przez m\u0142odych polskich kompozytorek Magdalen\u0119 Gorw\u0119 oraz Monik\u0119 Kozakiewicz. Muzyk\u0119 wykonuj\u0119 bia\u0142oruski zesp\u00f3\u0142 \u201eFive &#8211; storey ensemble\u201d. Projekt jest zorganizowany we wsp\u00f3\u0142pracy z Ko\u0142em [&hellip;]","og_url":"https:\/\/instytutpolski.pl\/minsk\/pl\/2020\/11\/06\/kinemo-online-2\/","og_site_name":"Instytut Polski w Mi\u0144sku","article_published_time":"2020-11-06T08:38:07+00:00","article_modified_time":"2020-11-15T08:34:19+00:00","og_image":[{"width":2048,"height":1153,"url":"https:\/\/instytutpolski.pl\/minsk\/wp-content\/uploads\/sites\/6\/2020\/11\/KINEMO-2020.jpg","type":"image\/jpeg"}],"author":"zdobnikowae","twitter_card":"summary_large_image","twitter_misc":{"Napisane przez":"zdobnikowae","Szacowany czas czytania":"1 minuta"},"schema":{"@context":"https:\/\/schema.org","@graph":[{"@type":"event","@id":"https:\/\/instytutpolski.pl\/minsk\/pl\/2020\/11\/06\/kinemo-online-2\/","url":"https:\/\/instytutpolski.pl\/minsk\/pl\/2020\/11\/06\/kinemo-online-2\/","name":"KINEMO ONLINE","isPartOf":{"@id":"https:\/\/instytutpolski.pl\/minsk\/#website"},"primaryImageOfPage":{"@id":"https:\/\/instytutpolski.pl\/minsk\/pl\/2020\/11\/06\/kinemo-online-2\/#primaryimage"},"image":["https:\/\/instytutpolski.pl\/minsk\/wp-content\/uploads\/sites\/6\/2020\/11\/KINEMO-2020.jpg","https:\/\/instytutpolski.pl\/minsk\/wp-content\/uploads\/sites\/6\/2020\/11\/KINEMO-2020-300x169.jpg","https:\/\/instytutpolski.pl\/minsk\/wp-content\/uploads\/sites\/6\/2020\/11\/KINEMO-2020-1024x577.jpg","https:\/\/instytutpolski.pl\/minsk\/wp-content\/uploads\/sites\/6\/2020\/11\/KINEMO-2020.jpg"],"thumbnailUrl":"https:\/\/instytutpolski.pl\/minsk\/wp-content\/uploads\/sites\/6\/2020\/11\/KINEMO-2020.jpg","datePublished":"2020-11-06T08:38:07+03:00","dateModified":"2020-11-15T08:34:19+03:00","author":{"@id":"https:\/\/instytutpolski.pl\/minsk\/#\/schema\/person\/7d781b1194168f140bad5ba5b844f684"},"breadcrumb":{"@id":"https:\/\/instytutpolski.pl\/minsk\/pl\/2020\/11\/06\/kinemo-online-2\/#breadcrumb"},"inLanguage":"pl-PL","potentialAction":[{"@type":"ReadAction","target":["https:\/\/instytutpolski.pl\/minsk\/pl\/2020\/11\/06\/kinemo-online-2\/"]}],"@context":"https:\/\/schema.org","startDate":"2020-11-06","endDate":"2020-11-14","eventStatus":"EventScheduled","eventAttendanceMode":"OfflineEventAttendanceMode","location":{"@type":"place","name":"","address":"","geo":{"@type":"GeoCoordinates","latitude":"","longitude":""}},"description":"6 listopada w ramach Festiwalu Film\u00f3w Niemych i Muzyki Wsp\u00f3\u0142czesnej \u201eKINEMO\u201d odb\u0119d\u0105 si\u0119 online-pokazy film\u00f3w niemych francuskiego surrealisty  Mana Raya \u201eZostawcie mnie w spokoju\u201d (1926) oraz \u201eRozgwiazda\u201d (1928) z muzyk\u0105, skomponowan\u0105 przez m\u0142odych polskich kompozytorek Magdalen\u0119 Gorw\u0119 oraz Monik\u0119 Kozakiewicz.\nMuzyk\u0119 wykonuj\u0119 bia\u0142oruski zesp\u00f3\u0142 \u201eFive - storey ensemble\u201d. Projekt jest zorganizowany we wsp\u00f3\u0142pracy z Ko\u0142em M\u0142odych ZKP, Stowarzyszeniem M\u0142odych Bia\u0142oruskich Kompozytor\u00f3w i projektem \u201eCinemacsope\u201d przy wsparciu Instytutu Polskiego w Mi\u0144sku.  Filmy b\u0119d\u0105 dost\u0119pne od 6 do  16 listopada pod linkiem: https:\/\/vimeo.com\/475435325, https:\/\/vimeo.com\/475453256\nWi\u0119cej informacji w wydarzeniu na FB: https:\/\/cutt.ly\/KgFSUYe"},{"@type":"ImageObject","inLanguage":"pl-PL","@id":"https:\/\/instytutpolski.pl\/minsk\/pl\/2020\/11\/06\/kinemo-online-2\/#primaryimage","url":"https:\/\/instytutpolski.pl\/minsk\/wp-content\/uploads\/sites\/6\/2020\/11\/KINEMO-2020.jpg","contentUrl":"https:\/\/instytutpolski.pl\/minsk\/wp-content\/uploads\/sites\/6\/2020\/11\/KINEMO-2020.jpg","width":2048,"height":1153},{"@type":"BreadcrumbList","@id":"https:\/\/instytutpolski.pl\/minsk\/pl\/2020\/11\/06\/kinemo-online-2\/#breadcrumb","itemListElement":[{"@type":"ListItem","position":1,"name":"Home","item":"https:\/\/instytutpolski.pl\/minsk\/"},{"@type":"ListItem","position":2,"name":"KINEMO ONLINE"}]},{"@type":"WebSite","@id":"https:\/\/instytutpolski.pl\/minsk\/#website","url":"https:\/\/instytutpolski.pl\/minsk\/","name":"Instytut Polski w Mi\u0144sku","description":"Instytuty Polskie","potentialAction":[{"@type":"SearchAction","target":{"@type":"EntryPoint","urlTemplate":"https:\/\/instytutpolski.pl\/minsk\/?s={search_term_string}"},"query-input":{"@type":"PropertyValueSpecification","valueRequired":true,"valueName":"search_term_string"}}],"inLanguage":"pl-PL"},{"@type":"Person","@id":"https:\/\/instytutpolski.pl\/minsk\/#\/schema\/person\/7d781b1194168f140bad5ba5b844f684","name":"zdobnikowae","image":{"@type":"ImageObject","inLanguage":"pl-PL","@id":"https:\/\/instytutpolski.pl\/minsk\/#\/schema\/person\/image\/","url":"https:\/\/secure.gravatar.com\/avatar\/27d48a9c4869cab0102e3d30a9bb9e40?s=96&d=mm&r=g","contentUrl":"https:\/\/secure.gravatar.com\/avatar\/27d48a9c4869cab0102e3d30a9bb9e40?s=96&d=mm&r=g","caption":"zdobnikowae"},"url":"https:\/\/instytutpolski.pl\/minsk\/author\/zdobnikowae\/"}]}},"_links":{"self":[{"href":"https:\/\/instytutpolski.pl\/minsk\/wp-json\/wp\/v2\/posts\/8823","targetHints":{"allow":["GET"]}}],"collection":[{"href":"https:\/\/instytutpolski.pl\/minsk\/wp-json\/wp\/v2\/posts"}],"about":[{"href":"https:\/\/instytutpolski.pl\/minsk\/wp-json\/wp\/v2\/types\/post"}],"author":[{"embeddable":true,"href":"https:\/\/instytutpolski.pl\/minsk\/wp-json\/wp\/v2\/users\/64"}],"replies":[{"embeddable":true,"href":"https:\/\/instytutpolski.pl\/minsk\/wp-json\/wp\/v2\/comments?post=8823"}],"version-history":[{"count":10,"href":"https:\/\/instytutpolski.pl\/minsk\/wp-json\/wp\/v2\/posts\/8823\/revisions"}],"predecessor-version":[{"id":8930,"href":"https:\/\/instytutpolski.pl\/minsk\/wp-json\/wp\/v2\/posts\/8823\/revisions\/8930"}],"wp:featuredmedia":[{"embeddable":true,"href":"https:\/\/instytutpolski.pl\/minsk\/wp-json\/wp\/v2\/media\/8816"}],"wp:attachment":[{"href":"https:\/\/instytutpolski.pl\/minsk\/wp-json\/wp\/v2\/media?parent=8823"}],"wp:term":[{"taxonomy":"category","embeddable":true,"href":"https:\/\/instytutpolski.pl\/minsk\/wp-json\/wp\/v2\/categories?post=8823"},{"taxonomy":"post_tag","embeddable":true,"href":"https:\/\/instytutpolski.pl\/minsk\/wp-json\/wp\/v2\/tags?post=8823"}],"curies":[{"name":"wp","href":"https:\/\/api.w.org\/{rel}","templated":true}]}}