{"id":12513,"date":"2026-09-04T14:58:28","date_gmt":"2026-09-04T12:58:28","guid":{"rendered":"https:\/\/instytutpolski.pl\/paris\/?p=12513"},"modified":"2026-09-04T16:09:14","modified_gmt":"2026-09-04T14:09:14","slug":"offre-demploi-poste-charge-de-laccueil-et-du-secretariat-a-linstitut-polonais-de-paris","status":"publish","type":"post","link":"https:\/\/instytutpolski.pl\/paris\/2026\/09\/04\/offre-demploi-poste-charge-de-laccueil-et-du-secretariat-a-linstitut-polonais-de-paris\/","title":{"rendered":"Offre d\u2019emploi \u2013 poste charg\u00e9 de l\u2019accueil et du secr\u00e9tariat \u00e0 l\u2019Institut Polonais de Paris"},"content":{"rendered":"\n<p><a href=\"https:\/\/instytutpolski.pl\/paris\/wp-content\/uploads\/sites\/14\/2026\/09\/Annonce-PL.pdf\">VERSION POLONAISE DE L&#8217;ANNONCE<\/a><\/p>\n\n\n\n<p><strong>Offre d\u2019emploi \u2013 poste charg\u00e9 de l\u2019accueil et du secr\u00e9tariat \u00e0 l\u2019Institut Polonais de Paris<\/strong><\/p>\n\n\n\n<p>L\u2019Institut Polonais de Paris recrute une personne pour un poste charg\u00e9 de l\u2019accueil et du secr\u00e9tariat.<\/p>\n\n\n\n<p>Nous recherchons une personne organis\u00e9e, communicative et autonome, qui sera charg\u00e9e d\u2019assister la Direction et l\u2019\u00e9quipe de l\u2019Institut Polonais dans l\u2019organisation quotidienne du secr\u00e9tariat et dans les t\u00e2ches administratives.<\/p>\n\n\n\n<h3 class=\"wp-block-heading\">Missions<\/h3>\n\n\n\n<p>Les principales missions de la personne recrut\u00e9e seront notamment les suivantes :<\/p>\n\n\n\n<ul class=\"wp-block-list\">\n<li>assister au quotidien la Direction dans l\u2019organisation du travail et la gestion de la correspondance ;<\/li>\n\n\n\n<li>g\u00e9rer l\u2019agenda des rendez-vous, organiser les r\u00e9unions et assurer le contact avec les invit\u00e9s de l\u2019Institut ;<\/li>\n\n\n\n<li>assurer la gestion des communications \u00e9lectroniques, t\u00e9l\u00e9phoniques et postales ;<\/li>\n\n\n\n<li>accueillir les visiteurs et les orienter vers les collaborateurs concern\u00e9s ;<\/li>\n\n\n\n<li>pr\u00e9parer la correspondance, les documents, les invitations et les tableaux de suivi ;<\/li>\n\n\n\n<li>organiser et apporter un soutien logistique aux \u00e9v\u00e9nements, r\u00e9unions et conf\u00e9rences organis\u00e9s par l\u2019Institut ;<\/li>\n\n\n\n<li>g\u00e9rer et mettre \u00e0 jour les bases de donn\u00e9es de contacts ainsi que la documentation administrative ;<\/li>\n\n\n\n<li>apporter un soutien dans la circulation, l\u2019enregistrement et l\u2019archivage des documents ;<\/li>\n\n\n\n<li>collaborer avec l\u2019\u00e9quipe dans la gestion quotidienne du site internet et des r\u00e9seaux sociaux ;<\/li>\n\n\n\n<li>assurer les t\u00e2ches administratives et organisationnelles courantes confi\u00e9es par la Direction.<\/li>\n<\/ul>\n\n\n\n<h3 class=\"wp-block-heading\">Profil recherch\u00e9<\/h3>\n\n\n\n<ul class=\"wp-block-list\">\n<li>Tr\u00e8s bonne ma\u00eetrise du fran\u00e7ais et du polonais, \u00e0 l\u2019oral comme \u00e0 l\u2019\u00e9crit \u2013 condition indispensable.<\/li>\n\n\n\n<li>Excellente organisation du travail et capacit\u00e9 \u00e0 d\u00e9finir les priorit\u00e9s.<\/li>\n\n\n\n<li>Autonomie, sens des responsabilit\u00e9s et rigueur dans l\u2019ex\u00e9cution des t\u00e2ches confi\u00e9es.<\/li>\n\n\n\n<li>Tr\u00e8s bonne pr\u00e9sentation et aisance relationnelle.<\/li>\n\n\n\n<li>Excellentes capacit\u00e9s de communication et aptitude au travail en \u00e9quipe.<\/li>\n\n\n\n<li>Capacit\u00e9 \u00e0 travailler dans des d\u00e9lais contraints et \u00e0 g\u00e9rer plusieurs t\u00e2ches simultan\u00e9ment.<\/li>\n\n\n\n<li>Bonne ma\u00eetrise de l\u2019outil informatique et des principaux logiciels bureautiques.<\/li>\n\n\n\n<li>Une exp\u00e9rience dans le secr\u00e9tariat, l\u2019administration ou l\u2019organisation de r\u00e9unions et d\u2019\u00e9v\u00e9nements serait appr\u00e9ci\u00e9e.<\/li>\n\n\n\n<li>Une exp\u00e9rience dans un environnement international ou au sein d\u2019une institution culturelle serait appr\u00e9ci\u00e9e.<\/li>\n<\/ul>\n\n\n\n<h3 class=\"wp-block-heading\">Nous offrons<\/h3>\n\n\n\n<ul class=\"wp-block-list\">\n<li>un environnement de travail international et culturel ;<\/li>\n\n\n\n<li>la possibilit\u00e9 de collaborer avec une \u00e9quipe travaillant sur des projets li\u00e9s \u00e0 la promotion de la culture polonaise ;<\/li>\n\n\n\n<li>des missions vari\u00e9es et la possibilit\u00e9 d\u2019acqu\u00e9rir une exp\u00e9rience dans les domaines administratif et organisationnel.<\/li>\n<\/ul>\n\n\n\n<p>Les personnes int\u00e9ress\u00e9es sont invit\u00e9es \u00e0 envoyer leur CV \u00e0 l\u2019adresse suivante : paris.info@instytutpolski.pl avant le 18 septembre 2026.<\/p>\n\n\n\n<p>Dans l\u2019objet du message, veuillez indiquer : \u00ab <strong>stanowisko ds. obs\u0142ugi Sekretariatu<\/strong> \u00bb.<\/p>\n\n\n\n<p>L\u2019Institut Polonais se r\u00e9serve le droit de contacter uniquement les candidats pr\u00e9s\u00e9lectionn\u00e9s.<\/p>\n","protected":false},"excerpt":{"rendered":"<p>VERSION POLONAISE DE L&#8217;ANNONCE Offre d\u2019emploi \u2013 poste charg\u00e9 de l\u2019accueil et du secr\u00e9tariat \u00e0 l\u2019Institut Polonais de Paris L\u2019Institut Polonais de Paris recrute une personne pour un poste charg\u00e9 de l\u2019accueil et du secr\u00e9tariat. Nous recherchons une personne organis\u00e9e, communicative et autonome, qui sera charg\u00e9e d\u2019assister la Direction et l\u2019\u00e9quipe de l\u2019Institut Polonais dans [&hellip;]<\/p>\n","protected":false},"author":188,"featured_media":12010,"comment_status":"open","ping_status":"open","sticky":false,"template":"","format":"standard","meta":{"inline_featured_image":false,"_monsterinsights_skip_tracking":false,"_monsterinsights_sitenote_active":false,"_monsterinsights_sitenote_note":"","_monsterinsights_sitenote_category":0,"footnotes":""},"categories":[20],"tags":[],"class_list":["post-12513","post","type-post","status-publish","format-standard","has-post-thumbnail","hentry","category-evenements"],"yoast_head":"<!-- This site is optimized with the Yoast SEO plugin v24.6 - https:\/\/yoast.com\/wordpress\/plugins\/seo\/ -->\n<title>Offre d\u2019emploi \u2013 poste charg\u00e9 de l\u2019accueil et du secr\u00e9tariat \u00e0 l\u2019Institut Polonais de Paris - Instytut Polski w Pary\u017cu<\/title>\n<meta name=\"robots\" content=\"index, follow, max-snippet:-1, max-image-preview:large, max-video-preview:-1\" \/>\n<link rel=\"canonical\" href=\"https:\/\/instytutpolski.pl\/paris\/2026\/09\/04\/offre-demploi-poste-charge-de-laccueil-et-du-secretariat-a-linstitut-polonais-de-paris\/\" \/>\n<meta property=\"og:locale\" content=\"pl_PL\" \/>\n<meta property=\"og:type\" content=\"article\" \/>\n<meta property=\"og:title\" content=\"Offre d\u2019emploi \u2013 poste charg\u00e9 de l\u2019accueil et du secr\u00e9tariat \u00e0 l\u2019Institut Polonais de Paris - Instytut Polski w Pary\u017cu\" \/>\n<meta property=\"og:description\" content=\"VERSION POLONAISE DE L&#8217;ANNONCE Offre d\u2019emploi \u2013 poste charg\u00e9 de l\u2019accueil et du secr\u00e9tariat \u00e0 l\u2019Institut Polonais de Paris L\u2019Institut Polonais de Paris recrute une personne pour un poste charg\u00e9 de l\u2019accueil et du secr\u00e9tariat. Nous recherchons une personne organis\u00e9e, communicative et autonome, qui sera charg\u00e9e d\u2019assister la Direction et l\u2019\u00e9quipe de l\u2019Institut Polonais dans [&hellip;]\" \/>\n<meta property=\"og:url\" content=\"https:\/\/instytutpolski.pl\/paris\/2026\/09\/04\/offre-demploi-poste-charge-de-laccueil-et-du-secretariat-a-linstitut-polonais-de-paris\/\" \/>\n<meta property=\"og:site_name\" content=\"Instytut Polski w Pary\u017cu\" \/>\n<meta property=\"article:published_time\" content=\"2026-09-04T12:58:28+00:00\" \/>\n<meta property=\"article:modified_time\" content=\"2026-09-04T14:09:14+00:00\" \/>\n<meta property=\"og:image\" content=\"https:\/\/instytutpolski.pl\/paris\/wp-content\/uploads\/sites\/14\/2026\/05\/Instytut2026-86-scaled.jpg\" \/>\n\t<meta property=\"og:image:width\" content=\"2560\" \/>\n\t<meta property=\"og:image:height\" content=\"1707\" \/>\n\t<meta property=\"og:image:type\" content=\"image\/jpeg\" \/>\n<meta name=\"author\" content=\"merkezt\" \/>\n<meta name=\"twitter:card\" content=\"summary_large_image\" \/>\n<meta name=\"twitter:label1\" content=\"Napisane przez\" \/>\n\t<meta name=\"twitter:data1\" content=\"merkezt\" \/>\n\t<meta name=\"twitter:label2\" content=\"Szacowany czas czytania\" \/>\n\t<meta name=\"twitter:data2\" content=\"3 minuty\" \/>\n<script type=\"application\/ld+json\" class=\"yoast-schema-graph\">{\"@context\":\"https:\/\/schema.org\",\"@graph\":[{\"@type\":\"event\",\"@id\":\"https:\/\/instytutpolski.pl\/paris\/2026\/09\/04\/offre-demploi-poste-charge-de-laccueil-et-du-secretariat-a-linstitut-polonais-de-paris\/\",\"url\":\"https:\/\/instytutpolski.pl\/paris\/2026\/09\/04\/offre-demploi-poste-charge-de-laccueil-et-du-secretariat-a-linstitut-polonais-de-paris\/\",\"name\":\"Offre d\u2019emploi \u2013 poste charg\u00e9 de l\u2019accueil et du secr\u00e9tariat \u00e0 l\u2019Institut Polonais de Paris\",\"isPartOf\":{\"@id\":\"https:\/\/instytutpolski.pl\/paris\/#website\"},\"primaryImageOfPage\":{\"@id\":\"https:\/\/instytutpolski.pl\/paris\/2026\/09\/04\/offre-demploi-poste-charge-de-laccueil-et-du-secretariat-a-linstitut-polonais-de-paris\/#primaryimage\"},\"image\":[\"https:\/\/instytutpolski.pl\/paris\/wp-content\/uploads\/sites\/14\/2026\/05\/Instytut2026-86-scaled.jpg\",\"https:\/\/instytutpolski.pl\/paris\/wp-content\/uploads\/sites\/14\/2026\/05\/Instytut2026-86-300x200.jpg\",\"https:\/\/instytutpolski.pl\/paris\/wp-content\/uploads\/sites\/14\/2026\/05\/Instytut2026-86-1024x683.jpg\",\"https:\/\/instytutpolski.pl\/paris\/wp-content\/uploads\/sites\/14\/2026\/05\/Instytut2026-86-scaled.jpg\"],\"thumbnailUrl\":\"https:\/\/instytutpolski.pl\/paris\/wp-content\/uploads\/sites\/14\/2026\/05\/Instytut2026-86-scaled.jpg\",\"datePublished\":\"2026-09-04T12:58:28+02:00\",\"dateModified\":\"2026-09-04T14:09:14+02:00\",\"author\":{\"@id\":\"https:\/\/instytutpolski.pl\/paris\/#\/schema\/person\/cb66a216727a2091ef661a565b4eb82a\"},\"breadcrumb\":{\"@id\":\"https:\/\/instytutpolski.pl\/paris\/2026\/09\/04\/offre-demploi-poste-charge-de-laccueil-et-du-secretariat-a-linstitut-polonais-de-paris\/#breadcrumb\"},\"inLanguage\":\"pl-PL\",\"potentialAction\":[{\"@type\":\"ReadAction\",\"target\":[\"https:\/\/instytutpolski.pl\/paris\/2026\/09\/04\/offre-demploi-poste-charge-de-laccueil-et-du-secretariat-a-linstitut-polonais-de-paris\/\"]}],\"@context\":\"https:\/\/schema.org\",\"startDate\":\"2026-09-18\",\"endDate\":\"2026-09-18\",\"eventStatus\":\"EventScheduled\",\"eventAttendanceMode\":\"OfflineEventAttendanceMode\",\"location\":{\"@type\":\"place\",\"name\":\"\",\"address\":\"\",\"geo\":{\"@type\":\"GeoCoordinates\",\"latitude\":\"\",\"longitude\":\"\"}},\"description\":\"VERSION POLONAISE DE L'ANNONCE\\nOffre d\u2019emploi \u2013 poste charg\u00e9 de l\u2019accueil et du secr\u00e9tariat \u00e0 l\u2019Institut Polonais de Paris\\nL\u2019Institut Polonais de Paris recrute une personne pour un poste charg\u00e9 de l\u2019accueil et du secr\u00e9tariat.\\nNous recherchons une personne organis\u00e9e, communicative et autonome, qui sera charg\u00e9e d\u2019assister la Direction et l\u2019\u00e9quipe de l\u2019Institut Polonais dans l\u2019organisation quotidienne du secr\u00e9tariat et dans les t\u00e2ches administratives.\\nMissions\\nLes principales missions de la personne recrut\u00e9e seront notamment les suivantes :\\nProfil recherch\u00e9\\nNous offrons\\nLes personnes int\u00e9ress\u00e9es sont invit\u00e9es \u00e0 envoyer leur CV \u00e0 l\u2019adresse suivante : paris.info@instytutpolski.pl avant le 18 septembre 2026.\\nDans l\u2019objet du message, veuillez indiquer : \u00ab stanowisko ds. obs\u0142ugi Sekretariatu \u00bb.\\nL\u2019Institut Polonais se r\u00e9serve le droit de contacter uniquement les candidats pr\u00e9s\u00e9lectionn\u00e9s.\"},{\"@type\":\"ImageObject\",\"inLanguage\":\"pl-PL\",\"@id\":\"https:\/\/instytutpolski.pl\/paris\/2026\/09\/04\/offre-demploi-poste-charge-de-laccueil-et-du-secretariat-a-linstitut-polonais-de-paris\/#primaryimage\",\"url\":\"https:\/\/instytutpolski.pl\/paris\/wp-content\/uploads\/sites\/14\/2026\/05\/Instytut2026-86-scaled.jpg\",\"contentUrl\":\"https:\/\/instytutpolski.pl\/paris\/wp-content\/uploads\/sites\/14\/2026\/05\/Instytut2026-86-scaled.jpg\",\"width\":2560,\"height\":1707},{\"@type\":\"BreadcrumbList\",\"@id\":\"https:\/\/instytutpolski.pl\/paris\/2026\/09\/04\/offre-demploi-poste-charge-de-laccueil-et-du-secretariat-a-linstitut-polonais-de-paris\/#breadcrumb\",\"itemListElement\":[{\"@type\":\"ListItem\",\"position\":1,\"name\":\"Home\",\"item\":\"https:\/\/instytutpolski.pl\/paris\/\"},{\"@type\":\"ListItem\",\"position\":2,\"name\":\"Offre d\u2019emploi \u2013 poste charg\u00e9 de l\u2019accueil et du secr\u00e9tariat \u00e0 l\u2019Institut Polonais de Paris\"}]},{\"@type\":\"WebSite\",\"@id\":\"https:\/\/instytutpolski.pl\/paris\/#website\",\"url\":\"https:\/\/instytutpolski.pl\/paris\/\",\"name\":\"Instytut Polski w Pary\u017cu\",\"description\":\"Instytuty Polskie\",\"potentialAction\":[{\"@type\":\"SearchAction\",\"target\":{\"@type\":\"EntryPoint\",\"urlTemplate\":\"https:\/\/instytutpolski.pl\/paris\/?s={search_term_string}\"},\"query-input\":{\"@type\":\"PropertyValueSpecification\",\"valueRequired\":true,\"valueName\":\"search_term_string\"}}],\"inLanguage\":\"pl-PL\"},{\"@type\":\"Person\",\"@id\":\"https:\/\/instytutpolski.pl\/paris\/#\/schema\/person\/cb66a216727a2091ef661a565b4eb82a\",\"name\":\"merkezt\",\"image\":{\"@type\":\"ImageObject\",\"inLanguage\":\"pl-PL\",\"@id\":\"https:\/\/instytutpolski.pl\/paris\/#\/schema\/person\/image\/\",\"url\":\"https:\/\/secure.gravatar.com\/avatar\/87c770ee924f6503959adf7f99a49fa5?s=96&d=mm&r=g\",\"contentUrl\":\"https:\/\/secure.gravatar.com\/avatar\/87c770ee924f6503959adf7f99a49fa5?s=96&d=mm&r=g\",\"caption\":\"merkezt\"},\"url\":\"https:\/\/instytutpolski.pl\/paris\/author\/merkezt\/\"}]}<\/script>\n<!-- \/ Yoast SEO plugin. -->","yoast_head_json":{"title":"Offre d\u2019emploi \u2013 poste charg\u00e9 de l\u2019accueil et du secr\u00e9tariat \u00e0 l\u2019Institut Polonais de Paris - Instytut Polski w Pary\u017cu","robots":{"index":"index","follow":"follow","max-snippet":"max-snippet:-1","max-image-preview":"max-image-preview:large","max-video-preview":"max-video-preview:-1"},"canonical":"https:\/\/instytutpolski.pl\/paris\/2026\/09\/04\/offre-demploi-poste-charge-de-laccueil-et-du-secretariat-a-linstitut-polonais-de-paris\/","og_locale":"pl_PL","og_type":"article","og_title":"Offre d\u2019emploi \u2013 poste charg\u00e9 de l\u2019accueil et du secr\u00e9tariat \u00e0 l\u2019Institut Polonais de Paris - Instytut Polski w Pary\u017cu","og_description":"VERSION POLONAISE DE L&#8217;ANNONCE Offre d\u2019emploi \u2013 poste charg\u00e9 de l\u2019accueil et du secr\u00e9tariat \u00e0 l\u2019Institut Polonais de Paris L\u2019Institut Polonais de Paris recrute une personne pour un poste charg\u00e9 de l\u2019accueil et du secr\u00e9tariat. Nous recherchons une personne organis\u00e9e, communicative et autonome, qui sera charg\u00e9e d\u2019assister la Direction et l\u2019\u00e9quipe de l\u2019Institut Polonais dans [&hellip;]","og_url":"https:\/\/instytutpolski.pl\/paris\/2026\/09\/04\/offre-demploi-poste-charge-de-laccueil-et-du-secretariat-a-linstitut-polonais-de-paris\/","og_site_name":"Instytut Polski w Pary\u017cu","article_published_time":"2026-09-04T12:58:28+00:00","article_modified_time":"2026-09-04T14:09:14+00:00","og_image":[{"width":2560,"height":1707,"url":"https:\/\/instytutpolski.pl\/paris\/wp-content\/uploads\/sites\/14\/2026\/05\/Instytut2026-86-scaled.jpg","type":"image\/jpeg"}],"author":"merkezt","twitter_card":"summary_large_image","twitter_misc":{"Napisane przez":"merkezt","Szacowany czas czytania":"3 minuty"},"schema":{"@context":"https:\/\/schema.org","@graph":[{"@type":"event","@id":"https:\/\/instytutpolski.pl\/paris\/2026\/09\/04\/offre-demploi-poste-charge-de-laccueil-et-du-secretariat-a-linstitut-polonais-de-paris\/","url":"https:\/\/instytutpolski.pl\/paris\/2026\/09\/04\/offre-demploi-poste-charge-de-laccueil-et-du-secretariat-a-linstitut-polonais-de-paris\/","name":"Offre d\u2019emploi \u2013 poste charg\u00e9 de l\u2019accueil et du secr\u00e9tariat \u00e0 l\u2019Institut Polonais de Paris","isPartOf":{"@id":"https:\/\/instytutpolski.pl\/paris\/#website"},"primaryImageOfPage":{"@id":"https:\/\/instytutpolski.pl\/paris\/2026\/09\/04\/offre-demploi-poste-charge-de-laccueil-et-du-secretariat-a-linstitut-polonais-de-paris\/#primaryimage"},"image":["https:\/\/instytutpolski.pl\/paris\/wp-content\/uploads\/sites\/14\/2026\/05\/Instytut2026-86-scaled.jpg","https:\/\/instytutpolski.pl\/paris\/wp-content\/uploads\/sites\/14\/2026\/05\/Instytut2026-86-300x200.jpg","https:\/\/instytutpolski.pl\/paris\/wp-content\/uploads\/sites\/14\/2026\/05\/Instytut2026-86-1024x683.jpg","https:\/\/instytutpolski.pl\/paris\/wp-content\/uploads\/sites\/14\/2026\/05\/Instytut2026-86-scaled.jpg"],"thumbnailUrl":"https:\/\/instytutpolski.pl\/paris\/wp-content\/uploads\/sites\/14\/2026\/05\/Instytut2026-86-scaled.jpg","datePublished":"2026-09-04T12:58:28+02:00","dateModified":"2026-09-04T14:09:14+02:00","author":{"@id":"https:\/\/instytutpolski.pl\/paris\/#\/schema\/person\/cb66a216727a2091ef661a565b4eb82a"},"breadcrumb":{"@id":"https:\/\/instytutpolski.pl\/paris\/2026\/09\/04\/offre-demploi-poste-charge-de-laccueil-et-du-secretariat-a-linstitut-polonais-de-paris\/#breadcrumb"},"inLanguage":"pl-PL","potentialAction":[{"@type":"ReadAction","target":["https:\/\/instytutpolski.pl\/paris\/2026\/09\/04\/offre-demploi-poste-charge-de-laccueil-et-du-secretariat-a-linstitut-polonais-de-paris\/"]}],"@context":"https:\/\/schema.org","startDate":"2026-09-18","endDate":"2026-09-18","eventStatus":"EventScheduled","eventAttendanceMode":"OfflineEventAttendanceMode","location":{"@type":"place","name":"","address":"","geo":{"@type":"GeoCoordinates","latitude":"","longitude":""}},"description":"VERSION POLONAISE DE L'ANNONCE\nOffre d\u2019emploi \u2013 poste charg\u00e9 de l\u2019accueil et du secr\u00e9tariat \u00e0 l\u2019Institut Polonais de Paris\nL\u2019Institut Polonais de Paris recrute une personne pour un poste charg\u00e9 de l\u2019accueil et du secr\u00e9tariat.\nNous recherchons une personne organis\u00e9e, communicative et autonome, qui sera charg\u00e9e d\u2019assister la Direction et l\u2019\u00e9quipe de l\u2019Institut Polonais dans l\u2019organisation quotidienne du secr\u00e9tariat et dans les t\u00e2ches administratives.\nMissions\nLes principales missions de la personne recrut\u00e9e seront notamment les suivantes :\nProfil recherch\u00e9\nNous offrons\nLes personnes int\u00e9ress\u00e9es sont invit\u00e9es \u00e0 envoyer leur CV \u00e0 l\u2019adresse suivante : paris.info@instytutpolski.pl avant le 18 septembre 2026.\nDans l\u2019objet du message, veuillez indiquer : \u00ab stanowisko ds. obs\u0142ugi Sekretariatu \u00bb.\nL\u2019Institut Polonais se r\u00e9serve le droit de contacter uniquement les candidats pr\u00e9s\u00e9lectionn\u00e9s."},{"@type":"ImageObject","inLanguage":"pl-PL","@id":"https:\/\/instytutpolski.pl\/paris\/2026\/09\/04\/offre-demploi-poste-charge-de-laccueil-et-du-secretariat-a-linstitut-polonais-de-paris\/#primaryimage","url":"https:\/\/instytutpolski.pl\/paris\/wp-content\/uploads\/sites\/14\/2026\/05\/Instytut2026-86-scaled.jpg","contentUrl":"https:\/\/instytutpolski.pl\/paris\/wp-content\/uploads\/sites\/14\/2026\/05\/Instytut2026-86-scaled.jpg","width":2560,"height":1707},{"@type":"BreadcrumbList","@id":"https:\/\/instytutpolski.pl\/paris\/2026\/09\/04\/offre-demploi-poste-charge-de-laccueil-et-du-secretariat-a-linstitut-polonais-de-paris\/#breadcrumb","itemListElement":[{"@type":"ListItem","position":1,"name":"Home","item":"https:\/\/instytutpolski.pl\/paris\/"},{"@type":"ListItem","position":2,"name":"Offre d\u2019emploi \u2013 poste charg\u00e9 de l\u2019accueil et du secr\u00e9tariat \u00e0 l\u2019Institut Polonais de Paris"}]},{"@type":"WebSite","@id":"https:\/\/instytutpolski.pl\/paris\/#website","url":"https:\/\/instytutpolski.pl\/paris\/","name":"Instytut Polski w Pary\u017cu","description":"Instytuty Polskie","potentialAction":[{"@type":"SearchAction","target":{"@type":"EntryPoint","urlTemplate":"https:\/\/instytutpolski.pl\/paris\/?s={search_term_string}"},"query-input":{"@type":"PropertyValueSpecification","valueRequired":true,"valueName":"search_term_string"}}],"inLanguage":"pl-PL"},{"@type":"Person","@id":"https:\/\/instytutpolski.pl\/paris\/#\/schema\/person\/cb66a216727a2091ef661a565b4eb82a","name":"merkezt","image":{"@type":"ImageObject","inLanguage":"pl-PL","@id":"https:\/\/instytutpolski.pl\/paris\/#\/schema\/person\/image\/","url":"https:\/\/secure.gravatar.com\/avatar\/87c770ee924f6503959adf7f99a49fa5?s=96&d=mm&r=g","contentUrl":"https:\/\/secure.gravatar.com\/avatar\/87c770ee924f6503959adf7f99a49fa5?s=96&d=mm&r=g","caption":"merkezt"},"url":"https:\/\/instytutpolski.pl\/paris\/author\/merkezt\/"}]}},"_links":{"self":[{"href":"https:\/\/instytutpolski.pl\/paris\/wp-json\/wp\/v2\/posts\/12513","targetHints":{"allow":["GET"]}}],"collection":[{"href":"https:\/\/instytutpolski.pl\/paris\/wp-json\/wp\/v2\/posts"}],"about":[{"href":"https:\/\/instytutpolski.pl\/paris\/wp-json\/wp\/v2\/types\/post"}],"author":[{"embeddable":true,"href":"https:\/\/instytutpolski.pl\/paris\/wp-json\/wp\/v2\/users\/188"}],"replies":[{"embeddable":true,"href":"https:\/\/instytutpolski.pl\/paris\/wp-json\/wp\/v2\/comments?post=12513"}],"version-history":[{"count":17,"href":"https:\/\/instytutpolski.pl\/paris\/wp-json\/wp\/v2\/posts\/12513\/revisions"}],"predecessor-version":[{"id":12537,"href":"https:\/\/instytutpolski.pl\/paris\/wp-json\/wp\/v2\/posts\/12513\/revisions\/12537"}],"wp:featuredmedia":[{"embeddable":true,"href":"https:\/\/instytutpolski.pl\/paris\/wp-json\/wp\/v2\/media\/12010"}],"wp:attachment":[{"href":"https:\/\/instytutpolski.pl\/paris\/wp-json\/wp\/v2\/media?parent=12513"}],"wp:term":[{"taxonomy":"category","embeddable":true,"href":"https:\/\/instytutpolski.pl\/paris\/wp-json\/wp\/v2\/categories?post=12513"},{"taxonomy":"post_tag","embeddable":true,"href":"https:\/\/instytutpolski.pl\/paris\/wp-json\/wp\/v2\/tags?post=12513"}],"curies":[{"name":"wp","href":"https:\/\/api.w.org\/{rel}","templated":true}]}}