{"id":1793,"date":"2020-11-06T15:32:55","date_gmt":"2020-11-06T14:32:55","guid":{"rendered":"https:\/\/instytutpolski.pl\/paris\/?p=1793"},"modified":"2024-01-03T15:22:05","modified_gmt":"2024-01-03T14:22:05","slug":"les-artistes-polonais-et-la-france","status":"publish","type":"post","link":"https:\/\/instytutpolski.pl\/paris\/2020\/11\/06\/les-artistes-polonais-et-la-france\/","title":{"rendered":"Les artistes polonais et la France"},"content":{"rendered":"\n<p><\/p>\n\n\n\n<p><strong>Tadeusz Makowski. Un Polonais dans le cercle cubiste<\/strong><br>Tadeusz Makowski est arriv\u00e9 \u00e0 Paris en 1908 en tant qu\u2019artiste d\u00e9j\u00e0 form\u00e9, dipl\u00f4m\u00e9 de l&#8217;Acad\u00e9mie des beaux-arts de Cracovie et en philosophie \u00e0 l&#8217;Universit\u00e9 Jagellonne. \u00c0 Paris, il souhaitait prendre connaissance des nouvelles tendances artistiques. Il y d\u00e9couvre le cubisme et se lie d&#8217;amiti\u00e9 avec les artistes regroup\u00e9s autour d\u2019Henri Le Fauconnier : Albert Gleizes, Jean Metzinger, Ferdinand L\u00e9ger, Alexandre Archipenko, Piet Mondrian et Guillaume Appolinnaire.<\/p>\n\n\n\n<figure class=\"wp-block-embed is-type-video is-provider-youtube wp-block-embed-youtube wp-embed-aspect-16-9 wp-has-aspect-ratio\"><div class=\"wp-block-embed__wrapper\">\nhttps:\/\/youtu.be\/cMKv71_NR8c\n<\/div><\/figure>\n\n\n\n<p><\/p>\n\n\n\n<p><\/p>\n\n\n\n<hr class=\"wp-block-separator has-css-opacity is-style-wide\" \/>\n\n\n\n<p><\/p>\n\n\n\n<p><strong>Maria Papa Rostkowska au Mus\u00e9e d&#8217;art et d&#8217;histoire de Meudon<\/strong><\/p>\n\n\n\n<p>R\u00e9sistante en Pologne durant la guerre, la jeune Maria Papa Rostkowska participe au sauvetage des Juifs du Ghetto de Varsovie avec son mari Ludwik Rostkowski (qui recevra la m\u00e9daille des Justes). Elle participe, armes \u00e0 la main, \u00e0 l\u2019Insurrection de Varsovie de 1944. Arr\u00eat\u00e9e et d\u00e9port\u00e9e par les nazis au camp de concentration d\u2019Auschwitz, elle se sauve du train qui la conduit \u00e0 une funeste destin\u00e9e. \u00c0 la Lib\u00e9ration Maria Papa Rostkowska re\u00e7oit l\u2019une des plus hautes distinctions militaires polonaises, Virtuti Militari. Artiste reconnue en Pologne, elle enseigne tout d\u2019abord la peinture \u00e0 l\u2019Acad\u00e9mie des Beaux-arts de Sopot puis de Varsovie mais choisit de poursuivre sa carri\u00e8re \u00e0 Paris dans les ann\u00e9es 1950. Dans le Paris cosmopolite de l\u2019apr\u00e8s-guerre, Maria Papa Rostkowska fr\u00e9quente alors les artistes de la Nouvelle \u00c9cole de Paris, les critiques d\u2019art et collectionneurs influents et participe \u00e0 l\u2019effervescence culturelle qui anime la capitale \u00e0 cette \u00e9poque. Elle y fait la connaissance de Gualtieri Papa di San Lazzaro, \u00e9crivain, journaliste et fondateur de la Revue XXe Si\u00e8cle, qu\u2019elle \u00e9pousera en secondes noces. \u00c0 partir de la fin des ann\u00e9es 1950, elle se consacre principalement \u00e0 la sculpture, en terre cuite dans un premier temps puis en marbre, qui devient sa mati\u00e8re de pr\u00e9dilection au milieu des ann\u00e9es 1960.<\/p>\n\n\n\n<figure class=\"wp-block-embed is-type-video is-provider-youtube wp-block-embed-youtube wp-embed-aspect-16-9 wp-has-aspect-ratio\"><div class=\"wp-block-embed__wrapper\">\nhttps:\/\/youtu.be\/Vqv0K7njwyk\n<\/div><\/figure>\n\n\n\n<p><\/p>\n\n\n\n<p><\/p>\n\n\n\n<hr class=\"wp-block-separator has-css-opacity is-style-wide\" \/>\n\n\n\n<p><\/p>\n\n\n\n<p class=\"has-medium-font-size\"><strong>Anna Bili\u0144ska. L\u2019artiste<\/strong><\/p>\n\n\n\n<p>Anna Bili\u0144ska est une premi\u00e8re artiste femme polonaise qui a connu le succ\u00e8s international et pourtant son \u0153uvre reste encore peu connue. \u00c0 son arriv\u00e9e \u00e0 Paris en 1882, elle avait 28 ans et un but pr\u00e9cis&nbsp;: devenir une artiste professionnelle. Issue de l\u2019Acad\u00e9mie Julian, elle a vite commenc\u00e9 une carri\u00e8re internationale&nbsp;: son <em>Autoportrait<\/em> peint en 1887 et expos\u00e9 au Salon des Champs-Elys\u00e9es, a \u00e9t\u00e9 r\u00e9compens\u00e9 par la m\u00e9daille de troisi\u00e8me classe et a attir\u00e9 l\u2019attention de la presse et des clients. Depuis, elle peignait des portraits r\u00e9alistes, \u00e0 l\u2019huile ou au pastel, mais aussi des paysages d\u2019apr\u00e8s nature. Elle pr\u00e9sentait ses tableaux aux expositions de Paris, Londres, Munich, Berlin, Varsovie et New York. En 2021, le Mus\u00e9e national de Varsovie, qui dispose de la plus grande collection d\u2019\u0153uvres d\u2019Anna Bili\u0144ska, a organis\u00e9 une grande exposition r\u00e9trospective : \u00ab&nbsp;L\u2019Artiste. Anna Bili\u0144ska 1854-1893&nbsp;\u00bb. <\/p>\n\n\n\n<figure class=\"wp-block-embed is-type-video is-provider-youtube wp-block-embed-youtube wp-embed-aspect-16-9 wp-has-aspect-ratio\"><div class=\"wp-block-embed__wrapper\">\nhttps:\/\/youtu.be\/VnUnI3oz_Qg\n<\/div><\/figure>\n\n\n\n<p><\/p>\n\n\n\n<hr class=\"wp-block-separator has-css-opacity is-style-wide\" \/>\n\n\n\n<p class=\"has-medium-font-size\"><strong>Portraitistes d\u2019une \u00e9poque. Les peintres polonais de Munich \u00e0 Paris.<\/strong><\/p>\n\n\n\n<p>Munich, capitale de la Bavi\u00e8re, \u00e9tait l\u2019un des plus importants centres artistiques d\u2019Europe au XIXe si\u00e8cle. Les \u00e9tudes \u00e0 l\u2019Acad\u00e9mie royale des beaux-arts de Munich attiraient des artistes du monde entier. Leur cursus achev\u00e9, ils se sont r\u00e9pandus dans diff\u00e9rents pays d\u2019Europe, surtout en France. \u00c0 Paris, Aleksander Gierymski, J\u00f3zef Che\u0142mo\u0144ski et Olga Bozna\u0144ska ont entrepris de dialoguer avec l\u2019art moderne naissant. Chacun a cr\u00e9\u00e9 \u00e0 sa fa\u00e7on le portrait de son \u00e9poque. &nbsp;<\/p>\n\n\n\n<figure class=\"wp-block-embed is-type-video is-provider-youtube wp-block-embed-youtube wp-embed-aspect-16-9 wp-has-aspect-ratio\"><div class=\"wp-block-embed__wrapper\">\nhttps:\/\/youtu.be\/3wlLgZt6tpw\n<\/div><\/figure>\n\n\n\n<p><\/p>\n\n\n\n<p><\/p>\n\n\n\n<p><\/p>\n\n\n\n<hr class=\"wp-block-separator has-css-opacity is-style-wide\" \/>\n\n\n\n<p><\/p>\n\n\n\n<p class=\"has-medium-font-size\"><strong>W\u0142adys\u0142aw \u015alewi\u0144ski et la Bretagne<\/strong><\/p>\n\n\n\n<p>Ami polonais de Gauguin, \u015alewi\u0144ski, adh\u00e8re au cercle des peintres de l\u2019\u00e9cole de Pont-Aven en 1889, en devenant un seul artiste polonais de ce groupe. Enchant\u00e9 par la Bretagne, ses habitants et ses paysages, \u015alewi\u0144ski est le premier peintre polonais qui s\u2019attache \u00e0 la r\u00e9gion. Entre 1889 et 1905, il revient en Bretagne chaque \u00e9t\u00e9 et il finit par s\u2019y \u00e9tablir en 1914. Qui \u00e9tait ce symboliste&nbsp;polonais ? Vid\u00e9o a \u00e9t\u00e9 r\u00e9alis\u00e9e \u00e0 l\u2019occasion de la conf\u00e9rence au Mus\u00e9e de Pont-Aven en septembre 2020.<\/p>\n\n\n\n<figure class=\"wp-block-embed is-type-video is-provider-youtube wp-block-embed-youtube wp-embed-aspect-16-9 wp-has-aspect-ratio\"><div class=\"wp-block-embed__wrapper\">\nhttps:\/\/youtu.be\/m_GuXlGBvik\n<\/div><\/figure>\n\n\n\n<p><\/p>\n\n\n\n<p><\/p>\n\n\n\n<hr class=\"wp-block-separator has-css-opacity is-style-wide\" \/>\n\n\n\n<p><\/p>\n\n\n\n<p class=\"has-medium-font-size\"><strong>Maria Papa Rostkowska<\/strong><\/p>\n\n\n\n<p>A la fin des ann\u00e9es 1950, Maria Papa, jusqu\u2019alors sculptrice et enseignante \u00e0 l\u2019Acad\u00e9mie des beaux-arts de Varsovie, choisit de poursuivre sa carri\u00e8re \u00e0 Paris. Soutenue par Edouard Pignon, elle fr\u00e9quente les artistes de la Nouvelle \u00c9cole de Paris et elle s\u2019oriente vers la taille directe, et vers des th\u00e9matiques de la f\u00e9minit\u00e9, du couple et de l\u2019amour, ainsi que de la guerre. Remarqu\u00e9e par Jean Arp et Lucio Fontana, elle re\u00e7oit le Prix de la sculpture William Copley en 1966. La premi\u00e8re exposition r\u00e9trospective en France de Maria Papa Rostkowska au Mus\u00e9e de l\u2019Hospice Saint Roch \u00e0 Issoudun&nbsp;:<\/p>\n\n\n<p>https:\/\/youtu.be\/msto7oWwSx4<\/p>\n\n\n<hr class=\"wp-block-separator has-css-opacity is-style-wide\" \/>\n\n\n\n<p class=\"has-medium-font-size\"><strong>Du Romantisme \u00e0 l\u2019Avant-garde<\/strong><\/p>\n\n\n\n<p class=\"has-normal-font-size\">Qu\u2019est-ce qu\u2019on apprend du tableau \u00ab&nbsp;Bataille de Somosierra&nbsp;\u00bb de Piotr Micha\u0142owski ? Pourquoi&nbsp;l\u2019art total de Stanis\u0142aw Wyspia\u0144ski est si fascinant&nbsp;? Dans le cadre du cycle <em>La Pologne vue par\u2026<\/em>, Stephane Paccoud, conservateur en chef au Mus\u00e9e des Beaux-Arts de Lyon, partage sa passion pour l\u2019art polonais du XIX si\u00e8cle et les transferts franco-polonais des id\u00e9es artistiques de l\u2019\u00e9poque, comme celui entre Piotr Micha\u0142owski et Th\u00e9odore G\u00e9ricault.<\/p>\n\n\n\n<figure class=\"wp-block-embed is-type-video is-provider-youtube wp-block-embed-youtube wp-embed-aspect-16-9 wp-has-aspect-ratio\"><div class=\"wp-block-embed__wrapper\">\nhttps:\/\/www.youtube.com\/watch?v=Bo5iqLejt54\n<\/div><\/figure>\n","protected":false},"excerpt":{"rendered":"<p>Tadeusz Makowski. Un Polonais dans le cercle cubisteTadeusz Makowski est arriv\u00e9 \u00e0 Paris en 1908 en tant qu\u2019artiste d\u00e9j\u00e0 form\u00e9, dipl\u00f4m\u00e9 de l&#8217;Acad\u00e9mie des beaux-arts de Cracovie et en philosophie \u00e0 l&#8217;Universit\u00e9 Jagellonne. \u00c0 Paris, il souhaitait prendre connaissance des nouvelles tendances artistiques. Il y d\u00e9couvre le cubisme et se lie d&#8217;amiti\u00e9 avec les artistes [&hellip;]<\/p>\n","protected":false},"author":123,"featured_media":0,"comment_status":"open","ping_status":"open","sticky":false,"template":"","format":"standard","meta":{"inline_featured_image":false,"_monsterinsights_skip_tracking":false,"_monsterinsights_sitenote_active":false,"_monsterinsights_sitenote_note":"","_monsterinsights_sitenote_category":0,"footnotes":""},"categories":[1],"tags":[],"class_list":["post-1793","post","type-post","status-publish","format-standard","hentry","category-bez-kategorii"],"yoast_head":"<!-- This site is optimized with the Yoast SEO plugin v24.6 - https:\/\/yoast.com\/wordpress\/plugins\/seo\/ -->\n<title>Les artistes polonais et la France - Instytut Polski w Pary\u017cu<\/title>\n<meta name=\"robots\" content=\"index, follow, max-snippet:-1, max-image-preview:large, max-video-preview:-1\" \/>\n<link rel=\"canonical\" href=\"https:\/\/instytutpolski.pl\/paris\/2020\/11\/06\/les-artistes-polonais-et-la-france\/\" \/>\n<meta property=\"og:locale\" content=\"pl_PL\" \/>\n<meta property=\"og:type\" content=\"article\" \/>\n<meta property=\"og:title\" content=\"Les artistes polonais et la France - Instytut Polski w Pary\u017cu\" \/>\n<meta property=\"og:description\" content=\"Tadeusz Makowski. Un Polonais dans le cercle cubisteTadeusz Makowski est arriv\u00e9 \u00e0 Paris en 1908 en tant qu\u2019artiste d\u00e9j\u00e0 form\u00e9, dipl\u00f4m\u00e9 de l&#8217;Acad\u00e9mie des beaux-arts de Cracovie et en philosophie \u00e0 l&#8217;Universit\u00e9 Jagellonne. \u00c0 Paris, il souhaitait prendre connaissance des nouvelles tendances artistiques. Il y d\u00e9couvre le cubisme et se lie d&#8217;amiti\u00e9 avec les artistes [&hellip;]\" \/>\n<meta property=\"og:url\" content=\"https:\/\/instytutpolski.pl\/paris\/2020\/11\/06\/les-artistes-polonais-et-la-france\/\" \/>\n<meta property=\"og:site_name\" content=\"Instytut Polski w Pary\u017cu\" \/>\n<meta property=\"article:published_time\" content=\"2020-11-06T14:32:55+00:00\" \/>\n<meta property=\"article:modified_time\" content=\"2024-01-03T14:22:05+00:00\" \/>\n<meta name=\"author\" content=\"ostrowskad\" \/>\n<meta name=\"twitter:card\" content=\"summary_large_image\" \/>\n<meta name=\"twitter:label1\" content=\"Napisane przez\" \/>\n\t<meta name=\"twitter:data1\" content=\"ostrowskad\" \/>\n\t<meta name=\"twitter:label2\" content=\"Szacowany czas czytania\" \/>\n\t<meta name=\"twitter:data2\" content=\"5 minut\" \/>\n<script type=\"application\/ld+json\" class=\"yoast-schema-graph\">{\"@context\":\"https:\/\/schema.org\",\"@graph\":[{\"@type\":\"WebPage\",\"@id\":\"https:\/\/instytutpolski.pl\/paris\/2020\/11\/06\/les-artistes-polonais-et-la-france\/\",\"url\":\"https:\/\/instytutpolski.pl\/paris\/2020\/11\/06\/les-artistes-polonais-et-la-france\/\",\"name\":\"Les artistes polonais et la France - Instytut Polski w Pary\u017cu\",\"isPartOf\":{\"@id\":\"https:\/\/instytutpolski.pl\/paris\/#website\"},\"datePublished\":\"2020-11-06T14:32:55+00:00\",\"dateModified\":\"2024-01-03T14:22:05+00:00\",\"author\":{\"@id\":\"https:\/\/instytutpolski.pl\/paris\/#\/schema\/person\/ffa1c8ceb68244bee2b3ef8418892a70\"},\"breadcrumb\":{\"@id\":\"https:\/\/instytutpolski.pl\/paris\/2020\/11\/06\/les-artistes-polonais-et-la-france\/#breadcrumb\"},\"inLanguage\":\"pl-PL\",\"potentialAction\":[{\"@type\":\"ReadAction\",\"target\":[\"https:\/\/instytutpolski.pl\/paris\/2020\/11\/06\/les-artistes-polonais-et-la-france\/\"]}]},{\"@type\":\"BreadcrumbList\",\"@id\":\"https:\/\/instytutpolski.pl\/paris\/2020\/11\/06\/les-artistes-polonais-et-la-france\/#breadcrumb\",\"itemListElement\":[{\"@type\":\"ListItem\",\"position\":1,\"name\":\"Home\",\"item\":\"https:\/\/instytutpolski.pl\/paris\/\"},{\"@type\":\"ListItem\",\"position\":2,\"name\":\"Les artistes polonais et la France\"}]},{\"@type\":\"WebSite\",\"@id\":\"https:\/\/instytutpolski.pl\/paris\/#website\",\"url\":\"https:\/\/instytutpolski.pl\/paris\/\",\"name\":\"Instytut Polski w Pary\u017cu\",\"description\":\"Instytuty Polskie\",\"potentialAction\":[{\"@type\":\"SearchAction\",\"target\":{\"@type\":\"EntryPoint\",\"urlTemplate\":\"https:\/\/instytutpolski.pl\/paris\/?s={search_term_string}\"},\"query-input\":{\"@type\":\"PropertyValueSpecification\",\"valueRequired\":true,\"valueName\":\"search_term_string\"}}],\"inLanguage\":\"pl-PL\"},{\"@type\":\"Person\",\"@id\":\"https:\/\/instytutpolski.pl\/paris\/#\/schema\/person\/ffa1c8ceb68244bee2b3ef8418892a70\",\"name\":\"ostrowskad\",\"image\":{\"@type\":\"ImageObject\",\"inLanguage\":\"pl-PL\",\"@id\":\"https:\/\/instytutpolski.pl\/paris\/#\/schema\/person\/image\/\",\"url\":\"https:\/\/secure.gravatar.com\/avatar\/003fcf339f421ab80399faee6c4f2416?s=96&d=mm&r=g\",\"contentUrl\":\"https:\/\/secure.gravatar.com\/avatar\/003fcf339f421ab80399faee6c4f2416?s=96&d=mm&r=g\",\"caption\":\"ostrowskad\"},\"sameAs\":[\"ostrowskad\"],\"url\":\"https:\/\/instytutpolski.pl\/paris\/author\/ostrowskad\/\"}]}<\/script>\n<!-- \/ Yoast SEO plugin. -->","yoast_head_json":{"title":"Les artistes polonais et la France - Instytut Polski w Pary\u017cu","robots":{"index":"index","follow":"follow","max-snippet":"max-snippet:-1","max-image-preview":"max-image-preview:large","max-video-preview":"max-video-preview:-1"},"canonical":"https:\/\/instytutpolski.pl\/paris\/2020\/11\/06\/les-artistes-polonais-et-la-france\/","og_locale":"pl_PL","og_type":"article","og_title":"Les artistes polonais et la France - Instytut Polski w Pary\u017cu","og_description":"Tadeusz Makowski. Un Polonais dans le cercle cubisteTadeusz Makowski est arriv\u00e9 \u00e0 Paris en 1908 en tant qu\u2019artiste d\u00e9j\u00e0 form\u00e9, dipl\u00f4m\u00e9 de l&#8217;Acad\u00e9mie des beaux-arts de Cracovie et en philosophie \u00e0 l&#8217;Universit\u00e9 Jagellonne. \u00c0 Paris, il souhaitait prendre connaissance des nouvelles tendances artistiques. Il y d\u00e9couvre le cubisme et se lie d&#8217;amiti\u00e9 avec les artistes [&hellip;]","og_url":"https:\/\/instytutpolski.pl\/paris\/2020\/11\/06\/les-artistes-polonais-et-la-france\/","og_site_name":"Instytut Polski w Pary\u017cu","article_published_time":"2020-11-06T14:32:55+00:00","article_modified_time":"2024-01-03T14:22:05+00:00","author":"ostrowskad","twitter_card":"summary_large_image","twitter_misc":{"Napisane przez":"ostrowskad","Szacowany czas czytania":"5 minut"},"schema":{"@context":"https:\/\/schema.org","@graph":[{"@type":"WebPage","@id":"https:\/\/instytutpolski.pl\/paris\/2020\/11\/06\/les-artistes-polonais-et-la-france\/","url":"https:\/\/instytutpolski.pl\/paris\/2020\/11\/06\/les-artistes-polonais-et-la-france\/","name":"Les artistes polonais et la France - Instytut Polski w Pary\u017cu","isPartOf":{"@id":"https:\/\/instytutpolski.pl\/paris\/#website"},"datePublished":"2020-11-06T14:32:55+00:00","dateModified":"2024-01-03T14:22:05+00:00","author":{"@id":"https:\/\/instytutpolski.pl\/paris\/#\/schema\/person\/ffa1c8ceb68244bee2b3ef8418892a70"},"breadcrumb":{"@id":"https:\/\/instytutpolski.pl\/paris\/2020\/11\/06\/les-artistes-polonais-et-la-france\/#breadcrumb"},"inLanguage":"pl-PL","potentialAction":[{"@type":"ReadAction","target":["https:\/\/instytutpolski.pl\/paris\/2020\/11\/06\/les-artistes-polonais-et-la-france\/"]}]},{"@type":"BreadcrumbList","@id":"https:\/\/instytutpolski.pl\/paris\/2020\/11\/06\/les-artistes-polonais-et-la-france\/#breadcrumb","itemListElement":[{"@type":"ListItem","position":1,"name":"Home","item":"https:\/\/instytutpolski.pl\/paris\/"},{"@type":"ListItem","position":2,"name":"Les artistes polonais et la France"}]},{"@type":"WebSite","@id":"https:\/\/instytutpolski.pl\/paris\/#website","url":"https:\/\/instytutpolski.pl\/paris\/","name":"Instytut Polski w Pary\u017cu","description":"Instytuty Polskie","potentialAction":[{"@type":"SearchAction","target":{"@type":"EntryPoint","urlTemplate":"https:\/\/instytutpolski.pl\/paris\/?s={search_term_string}"},"query-input":{"@type":"PropertyValueSpecification","valueRequired":true,"valueName":"search_term_string"}}],"inLanguage":"pl-PL"},{"@type":"Person","@id":"https:\/\/instytutpolski.pl\/paris\/#\/schema\/person\/ffa1c8ceb68244bee2b3ef8418892a70","name":"ostrowskad","image":{"@type":"ImageObject","inLanguage":"pl-PL","@id":"https:\/\/instytutpolski.pl\/paris\/#\/schema\/person\/image\/","url":"https:\/\/secure.gravatar.com\/avatar\/003fcf339f421ab80399faee6c4f2416?s=96&d=mm&r=g","contentUrl":"https:\/\/secure.gravatar.com\/avatar\/003fcf339f421ab80399faee6c4f2416?s=96&d=mm&r=g","caption":"ostrowskad"},"sameAs":["ostrowskad"],"url":"https:\/\/instytutpolski.pl\/paris\/author\/ostrowskad\/"}]}},"_links":{"self":[{"href":"https:\/\/instytutpolski.pl\/paris\/wp-json\/wp\/v2\/posts\/1793","targetHints":{"allow":["GET"]}}],"collection":[{"href":"https:\/\/instytutpolski.pl\/paris\/wp-json\/wp\/v2\/posts"}],"about":[{"href":"https:\/\/instytutpolski.pl\/paris\/wp-json\/wp\/v2\/types\/post"}],"author":[{"embeddable":true,"href":"https:\/\/instytutpolski.pl\/paris\/wp-json\/wp\/v2\/users\/123"}],"replies":[{"embeddable":true,"href":"https:\/\/instytutpolski.pl\/paris\/wp-json\/wp\/v2\/comments?post=1793"}],"version-history":[{"count":14,"href":"https:\/\/instytutpolski.pl\/paris\/wp-json\/wp\/v2\/posts\/1793\/revisions"}],"predecessor-version":[{"id":5401,"href":"https:\/\/instytutpolski.pl\/paris\/wp-json\/wp\/v2\/posts\/1793\/revisions\/5401"}],"wp:attachment":[{"href":"https:\/\/instytutpolski.pl\/paris\/wp-json\/wp\/v2\/media?parent=1793"}],"wp:term":[{"taxonomy":"category","embeddable":true,"href":"https:\/\/instytutpolski.pl\/paris\/wp-json\/wp\/v2\/categories?post=1793"},{"taxonomy":"post_tag","embeddable":true,"href":"https:\/\/instytutpolski.pl\/paris\/wp-json\/wp\/v2\/tags?post=1793"}],"curies":[{"name":"wp","href":"https:\/\/api.w.org\/{rel}","templated":true}]}}