{"id":219,"date":"2019-04-04T15:07:52","date_gmt":"2019-04-04T13:07:52","guid":{"rendered":"https:\/\/instytutpolski.pl\/paryz\/?p=219"},"modified":"2019-05-30T08:44:27","modified_gmt":"2019-05-30T06:44:27","slug":"darlingtonia-la-plante-cobra-arts-visuels","status":"publish","type":"post","link":"https:\/\/instytutpolski.pl\/paris\/2019\/04\/04\/darlingtonia-la-plante-cobra-arts-visuels\/","title":{"rendered":"DARLINGTONIA, LA PLANTE COBRA \/ARTS VISUELS"},"content":{"rendered":"\n<p>du 4 avril 2019 au 15 juin 2019<\/p>\n<p>Jagna Ciuchta<\/p>\n<p>Darlingtonia, la plante cobra<\/p>\n<p>Commissaire : Lionel Balouin<\/p>\n<p>Avec C\u00e9cile Bicler, \u00c9l\u00e9onore Cheneau, Arnaud Cousin, Viktorie Langer, Colombe Marcasiano, Laura Porter, Benjamin Swaim, C\u00e9line Vach\u00e9-Olivieri, Carrie Yamaoka, Virginie Yassef et des artistes anonymes (liste susceptible d\u2019\u00e9voluer au cours de l\u2019exposition).<\/p>\n<p>\u00a0<\/p>\n<p>Les expositions de Jagna Ciuchta sont pens\u00e9es comme des \u00e9cosyst\u00e8mes et le pr\u00e9texte \u00e0 des invitations multiples. Elle les investit comme des terrains de r\u00e9flexion sur les conditions de monstration et de circulation des \u0153uvres que ce soit sous forme d\u2019objet ou de reproduction. Pour ce nouveau projet Jagna Ciuchta s\u2019adosse \u00e0 la particularit\u00e9 de l\u2019\u00c9cole municipale des beaux-arts \/ galerie \u00c9douard-Manet qui s\u2019oriente aussi bien du c\u00f4t\u00e9 des pratiques amateurs qu\u2019en direction de la cr\u00e9ation contemporaine. Le titre de l\u2019exposition \u00ab\u00a0Darlingtonia, la plante cobra\u00a0\u00bb r\u00e9sonne comme\u00a0le titre d\u2019une s\u00e9rie Z centr\u00e9e autour d\u2019une h\u00e9ro\u00efne, glissant dans une succession de m\u00e9tamorphoses de l\u2019humain, au v\u00e9g\u00e9tal et \u00e0 l\u2019animal. Les\u00a0 images \u00ab\u00a0carnivores \u00bb r\u00e9alis\u00e9es \u00e0 l\u2019occasion sont autant de photographies documentaires d\u2019\u0153uvres, en conditions r\u00e9elles ou fictionnelles d\u2019exposition. Ces images c\u00f4toient parfois leur double original et d\u2019autres \u0153uvres dans un display, \u00e0 la fois d\u00e9cor et dispositif de pr\u00e9sentation con\u00e7u par Jagna Ciuchta. Dans un d\u00e9placement perp\u00e9tuel des formes, l\u2019ensemble interagit, se d\u00e9veloppe et se maintient dans un r\u00e9seau d\u2019\u00e9changes et de d\u00e9pendances.<\/p>\n<p><strong>Jagna Ciuchta\u00a0<\/strong><\/p>\n<p><a href=\"https:\/\/www.jagnaciuchta.com\/\">https:\/\/www.jagnaciuchta.com\/<\/a><\/p>\n<p>\u00a0<\/p>\n<p><strong>\u00c9cole municipale des beaux-arts\u00a0<br \/>Galerie \u00c9douard-Manet<\/strong><br \/>3, place Jean-Grandel, 92230 Gennevilliers<br \/>T\u00e9l. : 01 40 85 67 40\u00a0<br \/>Mail :\u00a0<a href=\"mailto:embamanet@ville-gennevilliers.fr\">embamanet@ville-gennevilliers.fr<\/a>\u00a0<br \/><a href=\"http:\/\/www.ville-gennevilliers.fr\/\">www.ville-gennevilliers.fr<\/a><\/p>\n","protected":false},"excerpt":{"rendered":"<p>du 4 avril 2019 au 15 juin 2019 Jagna Ciuchta Darlingtonia, la plante cobra Commissaire : Lionel Balouin Avec C\u00e9cile Bicler, \u00c9l\u00e9onore Cheneau, Arnaud Cousin, Viktorie Langer, Colombe Marcasiano, Laura Porter, Benjamin Swaim, C\u00e9line Vach\u00e9-Olivieri, Carrie Yamaoka, Virginie Yassef et des artistes anonymes (liste susceptible d\u2019\u00e9voluer au cours de l\u2019exposition). \u00a0 Les expositions de Jagna [&hellip;]<\/p>\n","protected":false},"author":1,"featured_media":220,"comment_status":"open","ping_status":"open","sticky":false,"template":"","format":"standard","meta":{"inline_featured_image":false,"_monsterinsights_skip_tracking":false,"_monsterinsights_sitenote_active":false,"_monsterinsights_sitenote_note":"","_monsterinsights_sitenote_category":0,"footnotes":""},"categories":[20],"tags":[],"class_list":["post-219","post","type-post","status-publish","format-standard","has-post-thumbnail","hentry","category-evenements"],"yoast_head":"<!-- This site is optimized with the Yoast SEO plugin v24.6 - https:\/\/yoast.com\/wordpress\/plugins\/seo\/ -->\n<title>DARLINGTONIA, LA PLANTE COBRA \/ARTS VISUELS - Instytut Polski w Pary\u017cu<\/title>\n<meta name=\"robots\" content=\"index, follow, max-snippet:-1, max-image-preview:large, max-video-preview:-1\" \/>\n<link rel=\"canonical\" href=\"https:\/\/instytutpolski.pl\/paris\/2019\/04\/04\/darlingtonia-la-plante-cobra-arts-visuels\/\" \/>\n<meta property=\"og:locale\" content=\"pl_PL\" \/>\n<meta property=\"og:type\" content=\"article\" \/>\n<meta property=\"og:title\" content=\"DARLINGTONIA, LA PLANTE COBRA \/ARTS VISUELS - Instytut Polski w Pary\u017cu\" \/>\n<meta property=\"og:description\" content=\"du 4 avril 2019 au 15 juin 2019 Jagna Ciuchta Darlingtonia, la plante cobra Commissaire : Lionel Balouin Avec C\u00e9cile Bicler, \u00c9l\u00e9onore Cheneau, Arnaud Cousin, Viktorie Langer, Colombe Marcasiano, Laura Porter, Benjamin Swaim, C\u00e9line Vach\u00e9-Olivieri, Carrie Yamaoka, Virginie Yassef et des artistes anonymes (liste susceptible d\u2019\u00e9voluer au cours de l\u2019exposition). \u00a0 Les expositions de Jagna [&hellip;]\" \/>\n<meta property=\"og:url\" content=\"https:\/\/instytutpolski.pl\/paris\/2019\/04\/04\/darlingtonia-la-plante-cobra-arts-visuels\/\" \/>\n<meta property=\"og:site_name\" content=\"Instytut Polski w Pary\u017cu\" \/>\n<meta property=\"article:published_time\" content=\"2019-04-04T13:07:52+00:00\" \/>\n<meta property=\"article:modified_time\" content=\"2019-05-30T06:44:27+00:00\" \/>\n<meta property=\"og:image\" content=\"https:\/\/instytutpolski.pl\/paris\/wp-content\/uploads\/sites\/14\/2019\/05\/jagna_ciuchta_1.png\" \/>\n\t<meta property=\"og:image:width\" content=\"444\" \/>\n\t<meta property=\"og:image:height\" content=\"395\" \/>\n\t<meta property=\"og:image:type\" content=\"image\/png\" \/>\n<meta name=\"author\" content=\"sienkiewiczl.disabled\" \/>\n<meta name=\"twitter:card\" content=\"summary_large_image\" \/>\n<meta name=\"twitter:label1\" content=\"Napisane przez\" \/>\n\t<meta name=\"twitter:data1\" content=\"sienkiewiczl.disabled\" \/>\n\t<meta name=\"twitter:label2\" content=\"Szacowany czas czytania\" \/>\n\t<meta name=\"twitter:data2\" content=\"1 minuta\" \/>\n<script type=\"application\/ld+json\" class=\"yoast-schema-graph\">{\"@context\":\"https:\/\/schema.org\",\"@graph\":[{\"@type\":\"event\",\"@id\":\"https:\/\/instytutpolski.pl\/paris\/2019\/04\/04\/darlingtonia-la-plante-cobra-arts-visuels\/\",\"url\":\"https:\/\/instytutpolski.pl\/paris\/2019\/04\/04\/darlingtonia-la-plante-cobra-arts-visuels\/\",\"name\":\"DARLINGTONIA, LA PLANTE COBRA \/ARTS VISUELS\",\"isPartOf\":{\"@id\":\"https:\/\/instytutpolski.pl\/paris\/#website\"},\"primaryImageOfPage\":{\"@id\":\"https:\/\/instytutpolski.pl\/paris\/2019\/04\/04\/darlingtonia-la-plante-cobra-arts-visuels\/#primaryimage\"},\"image\":[\"https:\/\/instytutpolski.pl\/paris\/wp-content\/uploads\/sites\/14\/2019\/05\/jagna_ciuchta_1.png\",\"https:\/\/instytutpolski.pl\/paris\/wp-content\/uploads\/sites\/14\/2019\/05\/jagna_ciuchta_1-300x267.png\",\"https:\/\/instytutpolski.pl\/paris\/wp-content\/uploads\/sites\/14\/2019\/05\/jagna_ciuchta_1.png\",\"https:\/\/instytutpolski.pl\/paris\/wp-content\/uploads\/sites\/14\/2019\/05\/jagna_ciuchta_1.png\"],\"thumbnailUrl\":\"https:\/\/instytutpolski.pl\/paris\/wp-content\/uploads\/sites\/14\/2019\/05\/jagna_ciuchta_1.png\",\"datePublished\":\"2019-04-04T13:07:52+02:00\",\"dateModified\":\"2019-05-30T06:44:27+02:00\",\"author\":{\"@id\":\"https:\/\/instytutpolski.pl\/paris\/#\/schema\/person\/0d8a0025312a17e346e67e3c446cf459\"},\"breadcrumb\":{\"@id\":\"https:\/\/instytutpolski.pl\/paris\/2019\/04\/04\/darlingtonia-la-plante-cobra-arts-visuels\/#breadcrumb\"},\"inLanguage\":\"pl-PL\",\"potentialAction\":[{\"@type\":\"ReadAction\",\"target\":[\"https:\/\/instytutpolski.pl\/paris\/2019\/04\/04\/darlingtonia-la-plante-cobra-arts-visuels\/\"]}],\"@context\":\"https:\/\/schema.org\",\"startDate\":\"2019-04-04\",\"endDate\":\"2019-06-15\",\"eventStatus\":\"EventScheduled\",\"eventAttendanceMode\":\"OfflineEventAttendanceMode\",\"location\":{\"@type\":\"place\",\"name\":\"\",\"address\":\"\",\"geo\":{\"@type\":\"GeoCoordinates\",\"latitude\":\"\",\"longitude\":\"\"}},\"description\":\"du 4 avril 2019 au 15 juin 2019\\nJagna Ciuchta\\nDarlingtonia, la plante cobra\\nCommissaire : Lionel Balouin\\nAvec C\u00e9cile Bicler, \u00c9l\u00e9onore Cheneau, Arnaud Cousin, Viktorie Langer, Colombe Marcasiano, Laura Porter, Benjamin Swaim, C\u00e9line Vach\u00e9-Olivieri, Carrie Yamaoka, Virginie Yassef et des artistes anonymes (liste susceptible d\u2019\u00e9voluer au cours de l\u2019exposition).\\n\u00a0\\nLes expositions de Jagna Ciuchta sont pens\u00e9es comme des \u00e9cosyst\u00e8mes et le pr\u00e9texte \u00e0 des invitations multiples. Elle les investit comme des terrains de r\u00e9flexion sur les conditions de monstration et de circulation des \u0153uvres que ce soit sous forme d\u2019objet ou de reproduction. Pour ce nouveau projet Jagna Ciuchta s\u2019adosse \u00e0 la particularit\u00e9 de l\u2019\u00c9cole municipale des beaux-arts \/ galerie \u00c9douard-Manet qui s\u2019oriente aussi bien du c\u00f4t\u00e9 des pratiques amateurs qu\u2019en direction de la cr\u00e9ation contemporaine. Le titre de l\u2019exposition \u00ab\u00a0Darlingtonia, la plante cobra\u00a0\u00bb r\u00e9sonne comme\u00a0le titre d\u2019une s\u00e9rie Z centr\u00e9e autour d\u2019une h\u00e9ro\u00efne, glissant dans une succession de m\u00e9tamorphoses de l\u2019humain, au v\u00e9g\u00e9tal et \u00e0 l\u2019animal. Les\u00a0 images \u00ab\u00a0carnivores \u00bb r\u00e9alis\u00e9es \u00e0 l\u2019occasion sont autant de photographies documentaires d\u2019\u0153uvres, en conditions r\u00e9elles ou fictionnelles d\u2019exposition. Ces images c\u00f4toient parfois leur double original et d\u2019autres \u0153uvres dans un display, \u00e0 la fois d\u00e9cor et dispositif de pr\u00e9sentation con\u00e7u par Jagna Ciuchta. Dans un d\u00e9placement perp\u00e9tuel des formes, l\u2019ensemble interagit, se d\u00e9veloppe et se maintient dans un r\u00e9seau d\u2019\u00e9changes et de d\u00e9pendances.\\nJagna Ciuchta\u00a0\\nhttps:\/\/www.jagnaciuchta.com\/\\n\u00a0\\n\u00c9cole municipale des beaux-arts\u00a0Galerie \u00c9douard-Manet3, place Jean-Grandel, 92230 GennevilliersT\u00e9l. : 01 40 85 67 40\u00a0Mail :\u00a0embamanet@ville-gennevilliers.fr\u00a0www.ville-gennevilliers.fr\"},{\"@type\":\"ImageObject\",\"inLanguage\":\"pl-PL\",\"@id\":\"https:\/\/instytutpolski.pl\/paris\/2019\/04\/04\/darlingtonia-la-plante-cobra-arts-visuels\/#primaryimage\",\"url\":\"https:\/\/instytutpolski.pl\/paris\/wp-content\/uploads\/sites\/14\/2019\/05\/jagna_ciuchta_1.png\",\"contentUrl\":\"https:\/\/instytutpolski.pl\/paris\/wp-content\/uploads\/sites\/14\/2019\/05\/jagna_ciuchta_1.png\",\"width\":444,\"height\":395},{\"@type\":\"BreadcrumbList\",\"@id\":\"https:\/\/instytutpolski.pl\/paris\/2019\/04\/04\/darlingtonia-la-plante-cobra-arts-visuels\/#breadcrumb\",\"itemListElement\":[{\"@type\":\"ListItem\",\"position\":1,\"name\":\"Home\",\"item\":\"https:\/\/instytutpolski.pl\/paris\/\"},{\"@type\":\"ListItem\",\"position\":2,\"name\":\"DARLINGTONIA, LA PLANTE COBRA \/ARTS VISUELS\"}]},{\"@type\":\"WebSite\",\"@id\":\"https:\/\/instytutpolski.pl\/paris\/#website\",\"url\":\"https:\/\/instytutpolski.pl\/paris\/\",\"name\":\"Instytut Polski w Pary\u017cu\",\"description\":\"Instytuty Polskie\",\"potentialAction\":[{\"@type\":\"SearchAction\",\"target\":{\"@type\":\"EntryPoint\",\"urlTemplate\":\"https:\/\/instytutpolski.pl\/paris\/?s={search_term_string}\"},\"query-input\":{\"@type\":\"PropertyValueSpecification\",\"valueRequired\":true,\"valueName\":\"search_term_string\"}}],\"inLanguage\":\"pl-PL\"},{\"@type\":\"Person\",\"@id\":\"https:\/\/instytutpolski.pl\/paris\/#\/schema\/person\/0d8a0025312a17e346e67e3c446cf459\",\"name\":\"sienkiewiczl.disabled\",\"image\":{\"@type\":\"ImageObject\",\"inLanguage\":\"pl-PL\",\"@id\":\"https:\/\/instytutpolski.pl\/paris\/#\/schema\/person\/image\/\",\"url\":\"https:\/\/secure.gravatar.com\/avatar\/37c03cac7512c34f5dfeba093c3631c1?s=96&d=mm&r=g\",\"contentUrl\":\"https:\/\/secure.gravatar.com\/avatar\/37c03cac7512c34f5dfeba093c3631c1?s=96&d=mm&r=g\",\"caption\":\"sienkiewiczl.disabled\"},\"url\":\"https:\/\/instytutpolski.pl\/paris\/author\/msz\/\"}]}<\/script>\n<!-- \/ Yoast SEO plugin. -->","yoast_head_json":{"title":"DARLINGTONIA, LA PLANTE COBRA \/ARTS VISUELS - Instytut Polski w Pary\u017cu","robots":{"index":"index","follow":"follow","max-snippet":"max-snippet:-1","max-image-preview":"max-image-preview:large","max-video-preview":"max-video-preview:-1"},"canonical":"https:\/\/instytutpolski.pl\/paris\/2019\/04\/04\/darlingtonia-la-plante-cobra-arts-visuels\/","og_locale":"pl_PL","og_type":"article","og_title":"DARLINGTONIA, LA PLANTE COBRA \/ARTS VISUELS - Instytut Polski w Pary\u017cu","og_description":"du 4 avril 2019 au 15 juin 2019 Jagna Ciuchta Darlingtonia, la plante cobra Commissaire : Lionel Balouin Avec C\u00e9cile Bicler, \u00c9l\u00e9onore Cheneau, Arnaud Cousin, Viktorie Langer, Colombe Marcasiano, Laura Porter, Benjamin Swaim, C\u00e9line Vach\u00e9-Olivieri, Carrie Yamaoka, Virginie Yassef et des artistes anonymes (liste susceptible d\u2019\u00e9voluer au cours de l\u2019exposition). \u00a0 Les expositions de Jagna [&hellip;]","og_url":"https:\/\/instytutpolski.pl\/paris\/2019\/04\/04\/darlingtonia-la-plante-cobra-arts-visuels\/","og_site_name":"Instytut Polski w Pary\u017cu","article_published_time":"2019-04-04T13:07:52+00:00","article_modified_time":"2019-05-30T06:44:27+00:00","og_image":[{"width":444,"height":395,"url":"https:\/\/instytutpolski.pl\/paris\/wp-content\/uploads\/sites\/14\/2019\/05\/jagna_ciuchta_1.png","type":"image\/png"}],"author":"sienkiewiczl.disabled","twitter_card":"summary_large_image","twitter_misc":{"Napisane przez":"sienkiewiczl.disabled","Szacowany czas czytania":"1 minuta"},"schema":{"@context":"https:\/\/schema.org","@graph":[{"@type":"event","@id":"https:\/\/instytutpolski.pl\/paris\/2019\/04\/04\/darlingtonia-la-plante-cobra-arts-visuels\/","url":"https:\/\/instytutpolski.pl\/paris\/2019\/04\/04\/darlingtonia-la-plante-cobra-arts-visuels\/","name":"DARLINGTONIA, LA PLANTE COBRA \/ARTS VISUELS","isPartOf":{"@id":"https:\/\/instytutpolski.pl\/paris\/#website"},"primaryImageOfPage":{"@id":"https:\/\/instytutpolski.pl\/paris\/2019\/04\/04\/darlingtonia-la-plante-cobra-arts-visuels\/#primaryimage"},"image":["https:\/\/instytutpolski.pl\/paris\/wp-content\/uploads\/sites\/14\/2019\/05\/jagna_ciuchta_1.png","https:\/\/instytutpolski.pl\/paris\/wp-content\/uploads\/sites\/14\/2019\/05\/jagna_ciuchta_1-300x267.png","https:\/\/instytutpolski.pl\/paris\/wp-content\/uploads\/sites\/14\/2019\/05\/jagna_ciuchta_1.png","https:\/\/instytutpolski.pl\/paris\/wp-content\/uploads\/sites\/14\/2019\/05\/jagna_ciuchta_1.png"],"thumbnailUrl":"https:\/\/instytutpolski.pl\/paris\/wp-content\/uploads\/sites\/14\/2019\/05\/jagna_ciuchta_1.png","datePublished":"2019-04-04T13:07:52+02:00","dateModified":"2019-05-30T06:44:27+02:00","author":{"@id":"https:\/\/instytutpolski.pl\/paris\/#\/schema\/person\/0d8a0025312a17e346e67e3c446cf459"},"breadcrumb":{"@id":"https:\/\/instytutpolski.pl\/paris\/2019\/04\/04\/darlingtonia-la-plante-cobra-arts-visuels\/#breadcrumb"},"inLanguage":"pl-PL","potentialAction":[{"@type":"ReadAction","target":["https:\/\/instytutpolski.pl\/paris\/2019\/04\/04\/darlingtonia-la-plante-cobra-arts-visuels\/"]}],"@context":"https:\/\/schema.org","startDate":"2019-04-04","endDate":"2019-06-15","eventStatus":"EventScheduled","eventAttendanceMode":"OfflineEventAttendanceMode","location":{"@type":"place","name":"","address":"","geo":{"@type":"GeoCoordinates","latitude":"","longitude":""}},"description":"du 4 avril 2019 au 15 juin 2019\nJagna Ciuchta\nDarlingtonia, la plante cobra\nCommissaire : Lionel Balouin\nAvec C\u00e9cile Bicler, \u00c9l\u00e9onore Cheneau, Arnaud Cousin, Viktorie Langer, Colombe Marcasiano, Laura Porter, Benjamin Swaim, C\u00e9line Vach\u00e9-Olivieri, Carrie Yamaoka, Virginie Yassef et des artistes anonymes (liste susceptible d\u2019\u00e9voluer au cours de l\u2019exposition).\n\u00a0\nLes expositions de Jagna Ciuchta sont pens\u00e9es comme des \u00e9cosyst\u00e8mes et le pr\u00e9texte \u00e0 des invitations multiples. Elle les investit comme des terrains de r\u00e9flexion sur les conditions de monstration et de circulation des \u0153uvres que ce soit sous forme d\u2019objet ou de reproduction. Pour ce nouveau projet Jagna Ciuchta s\u2019adosse \u00e0 la particularit\u00e9 de l\u2019\u00c9cole municipale des beaux-arts \/ galerie \u00c9douard-Manet qui s\u2019oriente aussi bien du c\u00f4t\u00e9 des pratiques amateurs qu\u2019en direction de la cr\u00e9ation contemporaine. Le titre de l\u2019exposition \u00ab\u00a0Darlingtonia, la plante cobra\u00a0\u00bb r\u00e9sonne comme\u00a0le titre d\u2019une s\u00e9rie Z centr\u00e9e autour d\u2019une h\u00e9ro\u00efne, glissant dans une succession de m\u00e9tamorphoses de l\u2019humain, au v\u00e9g\u00e9tal et \u00e0 l\u2019animal. Les\u00a0 images \u00ab\u00a0carnivores \u00bb r\u00e9alis\u00e9es \u00e0 l\u2019occasion sont autant de photographies documentaires d\u2019\u0153uvres, en conditions r\u00e9elles ou fictionnelles d\u2019exposition. Ces images c\u00f4toient parfois leur double original et d\u2019autres \u0153uvres dans un display, \u00e0 la fois d\u00e9cor et dispositif de pr\u00e9sentation con\u00e7u par Jagna Ciuchta. Dans un d\u00e9placement perp\u00e9tuel des formes, l\u2019ensemble interagit, se d\u00e9veloppe et se maintient dans un r\u00e9seau d\u2019\u00e9changes et de d\u00e9pendances.\nJagna Ciuchta\u00a0\nhttps:\/\/www.jagnaciuchta.com\/\n\u00a0\n\u00c9cole municipale des beaux-arts\u00a0Galerie \u00c9douard-Manet3, place Jean-Grandel, 92230 GennevilliersT\u00e9l. : 01 40 85 67 40\u00a0Mail :\u00a0embamanet@ville-gennevilliers.fr\u00a0www.ville-gennevilliers.fr"},{"@type":"ImageObject","inLanguage":"pl-PL","@id":"https:\/\/instytutpolski.pl\/paris\/2019\/04\/04\/darlingtonia-la-plante-cobra-arts-visuels\/#primaryimage","url":"https:\/\/instytutpolski.pl\/paris\/wp-content\/uploads\/sites\/14\/2019\/05\/jagna_ciuchta_1.png","contentUrl":"https:\/\/instytutpolski.pl\/paris\/wp-content\/uploads\/sites\/14\/2019\/05\/jagna_ciuchta_1.png","width":444,"height":395},{"@type":"BreadcrumbList","@id":"https:\/\/instytutpolski.pl\/paris\/2019\/04\/04\/darlingtonia-la-plante-cobra-arts-visuels\/#breadcrumb","itemListElement":[{"@type":"ListItem","position":1,"name":"Home","item":"https:\/\/instytutpolski.pl\/paris\/"},{"@type":"ListItem","position":2,"name":"DARLINGTONIA, LA PLANTE COBRA \/ARTS VISUELS"}]},{"@type":"WebSite","@id":"https:\/\/instytutpolski.pl\/paris\/#website","url":"https:\/\/instytutpolski.pl\/paris\/","name":"Instytut Polski w Pary\u017cu","description":"Instytuty Polskie","potentialAction":[{"@type":"SearchAction","target":{"@type":"EntryPoint","urlTemplate":"https:\/\/instytutpolski.pl\/paris\/?s={search_term_string}"},"query-input":{"@type":"PropertyValueSpecification","valueRequired":true,"valueName":"search_term_string"}}],"inLanguage":"pl-PL"},{"@type":"Person","@id":"https:\/\/instytutpolski.pl\/paris\/#\/schema\/person\/0d8a0025312a17e346e67e3c446cf459","name":"sienkiewiczl.disabled","image":{"@type":"ImageObject","inLanguage":"pl-PL","@id":"https:\/\/instytutpolski.pl\/paris\/#\/schema\/person\/image\/","url":"https:\/\/secure.gravatar.com\/avatar\/37c03cac7512c34f5dfeba093c3631c1?s=96&d=mm&r=g","contentUrl":"https:\/\/secure.gravatar.com\/avatar\/37c03cac7512c34f5dfeba093c3631c1?s=96&d=mm&r=g","caption":"sienkiewiczl.disabled"},"url":"https:\/\/instytutpolski.pl\/paris\/author\/msz\/"}]}},"_links":{"self":[{"href":"https:\/\/instytutpolski.pl\/paris\/wp-json\/wp\/v2\/posts\/219","targetHints":{"allow":["GET"]}}],"collection":[{"href":"https:\/\/instytutpolski.pl\/paris\/wp-json\/wp\/v2\/posts"}],"about":[{"href":"https:\/\/instytutpolski.pl\/paris\/wp-json\/wp\/v2\/types\/post"}],"author":[{"embeddable":true,"href":"https:\/\/instytutpolski.pl\/paris\/wp-json\/wp\/v2\/users\/1"}],"replies":[{"embeddable":true,"href":"https:\/\/instytutpolski.pl\/paris\/wp-json\/wp\/v2\/comments?post=219"}],"version-history":[{"count":1,"href":"https:\/\/instytutpolski.pl\/paris\/wp-json\/wp\/v2\/posts\/219\/revisions"}],"predecessor-version":[{"id":221,"href":"https:\/\/instytutpolski.pl\/paris\/wp-json\/wp\/v2\/posts\/219\/revisions\/221"}],"wp:featuredmedia":[{"embeddable":true,"href":"https:\/\/instytutpolski.pl\/paris\/wp-json\/wp\/v2\/media\/220"}],"wp:attachment":[{"href":"https:\/\/instytutpolski.pl\/paris\/wp-json\/wp\/v2\/media?parent=219"}],"wp:term":[{"taxonomy":"category","embeddable":true,"href":"https:\/\/instytutpolski.pl\/paris\/wp-json\/wp\/v2\/categories?post=219"},{"taxonomy":"post_tag","embeddable":true,"href":"https:\/\/instytutpolski.pl\/paris\/wp-json\/wp\/v2\/tags?post=219"}],"curies":[{"name":"wp","href":"https:\/\/api.w.org\/{rel}","templated":true}]}}