{"id":3278,"date":"2021-12-21T11:53:42","date_gmt":"2021-12-21T10:53:42","guid":{"rendered":"https:\/\/instytutpolski.pl\/paris\/?p=3278"},"modified":"2022-01-24T19:16:25","modified_gmt":"2022-01-24T18:16:25","slug":"joyeuses-fetes-et-bonne-annee-2022","status":"publish","type":"post","link":"https:\/\/instytutpolski.pl\/paris\/2021\/12\/21\/joyeuses-fetes-et-bonne-annee-2022\/","title":{"rendered":"Joyeuses F\u00eates et Bonne Ann\u00e9e 2022\u00a0!"},"content":{"rendered":"\n<figure class=\"wp-block-image size-large\"><img loading=\"lazy\" decoding=\"async\" width=\"1024\" height=\"576\" src=\"https:\/\/instytutpolski.pl\/paris\/wp-content\/uploads\/sites\/14\/2021\/12\/Baner-strona-2-1024x576.jpg\" alt=\"\" class=\"wp-image-3285\" srcset=\"https:\/\/instytutpolski.pl\/paris\/wp-content\/uploads\/sites\/14\/2021\/12\/Baner-strona-2-1024x576.jpg 1024w, https:\/\/instytutpolski.pl\/paris\/wp-content\/uploads\/sites\/14\/2021\/12\/Baner-strona-2-300x169.jpg 300w, https:\/\/instytutpolski.pl\/paris\/wp-content\/uploads\/sites\/14\/2021\/12\/Baner-strona-2-768x432.jpg 768w, https:\/\/instytutpolski.pl\/paris\/wp-content\/uploads\/sites\/14\/2021\/12\/Baner-strona-2-1536x864.jpg 1536w, https:\/\/instytutpolski.pl\/paris\/wp-content\/uploads\/sites\/14\/2021\/12\/Baner-strona-2-1120x630.jpg 1120w, https:\/\/instytutpolski.pl\/paris\/wp-content\/uploads\/sites\/14\/2021\/12\/Baner-strona-2.jpg 1920w\" sizes=\"auto, (max-width: 1024px) 100vw, 1024px\" \/><\/figure>\n\n\n<p>Tadeusz Makowski (1882-1932), peintre, dessinateur et graphiste polonais. En 1908, il s\u2019installa \u00e0 Paris, o\u00f9 il travaillait dans l\u2019atelier d\u2019Henri Le Fauconnier. Il faisait partie du milieu des peintres cubistes : Albert Gleizes, Jean Metzinger,\u00a0Fernand L\u00e9ger, Alexandre Archipenko, Piet Mondrian. Il exposait r\u00e9guli\u00e8rement au Salon des Ind\u00e9pendants, au Salon de Tuileries, au Salon d\u2019Automne ainsi que dans des galeries priv\u00e9es (Berthe Weil, La Licorne). A partir de 1918 il d\u00e9veloppa un leitmotiv caract\u00e9ristique de son \u0153uvre : les enfants et la mascarade. En 1929, il peignit Enfants avec un turon, montrant de jeunes chanteurs de No\u00ebl avec une figure de b\u00e8te cornue (tur, en polonais), pr\u00e9sente dans les spectacles folkloriques de No\u00ebl en tant que symbole du soleil et de la fertilit\u00e9 qui \u00e9loigne le malheur.<\/p>\n<p>\u00a0<\/p>","protected":false},"excerpt":{"rendered":"<p>Tadeusz Makowski (1882-1932), peintre, dessinateur et graphiste polonais. En 1908, il s\u2019installa \u00e0 Paris, o\u00f9 il travaillait dans l\u2019atelier d\u2019Henri Le Fauconnier. Il faisait partie du milieu des peintres cubistes : Albert Gleizes, Jean Metzinger,\u00a0Fernand L\u00e9ger, Alexandre Archipenko, Piet Mondrian. Il exposait r\u00e9guli\u00e8rement au Salon des Ind\u00e9pendants, au Salon de Tuileries, au Salon d\u2019Automne ainsi [&hellip;]<\/p>\n","protected":false},"author":123,"featured_media":3287,"comment_status":"open","ping_status":"open","sticky":false,"template":"","format":"standard","meta":{"inline_featured_image":false,"_monsterinsights_skip_tracking":false,"_monsterinsights_sitenote_active":false,"_monsterinsights_sitenote_note":"","_monsterinsights_sitenote_category":0,"footnotes":""},"categories":[1],"tags":[],"class_list":["post-3278","post","type-post","status-publish","format-standard","has-post-thumbnail","hentry","category-bez-kategorii"],"yoast_head":"<!-- This site is optimized with the Yoast SEO plugin v24.6 - https:\/\/yoast.com\/wordpress\/plugins\/seo\/ -->\n<title>Joyeuses F\u00eates et Bonne Ann\u00e9e 2022\u00a0! - Instytut Polski w Pary\u017cu<\/title>\n<meta name=\"robots\" content=\"index, follow, max-snippet:-1, max-image-preview:large, max-video-preview:-1\" \/>\n<link rel=\"canonical\" href=\"https:\/\/instytutpolski.pl\/paris\/2021\/12\/21\/joyeuses-fetes-et-bonne-annee-2022\/\" \/>\n<meta property=\"og:locale\" content=\"pl_PL\" \/>\n<meta property=\"og:type\" content=\"article\" \/>\n<meta property=\"og:title\" content=\"Joyeuses F\u00eates et Bonne Ann\u00e9e 2022\u00a0! - Instytut Polski w Pary\u017cu\" \/>\n<meta property=\"og:description\" content=\"Tadeusz Makowski (1882-1932), peintre, dessinateur et graphiste polonais. En 1908, il s\u2019installa \u00e0 Paris, o\u00f9 il travaillait dans l\u2019atelier d\u2019Henri Le Fauconnier. Il faisait partie du milieu des peintres cubistes : Albert Gleizes, Jean Metzinger,\u00a0Fernand L\u00e9ger, Alexandre Archipenko, Piet Mondrian. Il exposait r\u00e9guli\u00e8rement au Salon des Ind\u00e9pendants, au Salon de Tuileries, au Salon d\u2019Automne ainsi [&hellip;]\" \/>\n<meta property=\"og:url\" content=\"https:\/\/instytutpolski.pl\/paris\/2021\/12\/21\/joyeuses-fetes-et-bonne-annee-2022\/\" \/>\n<meta property=\"og:site_name\" content=\"Instytut Polski w Pary\u017cu\" \/>\n<meta property=\"article:published_time\" content=\"2021-12-21T10:53:42+00:00\" \/>\n<meta property=\"article:modified_time\" content=\"2022-01-24T18:16:25+00:00\" \/>\n<meta property=\"og:image\" content=\"https:\/\/instytutpolski.pl\/paris\/wp-content\/uploads\/sites\/14\/2021\/12\/Baner-strona-3.jpg\" \/>\n\t<meta property=\"og:image:width\" content=\"1920\" \/>\n\t<meta property=\"og:image:height\" content=\"1080\" \/>\n\t<meta property=\"og:image:type\" content=\"image\/jpeg\" \/>\n<meta name=\"author\" content=\"ostrowskad\" \/>\n<meta name=\"twitter:card\" content=\"summary_large_image\" \/>\n<meta name=\"twitter:label1\" content=\"Napisane przez\" \/>\n\t<meta name=\"twitter:data1\" content=\"ostrowskad\" \/>\n\t<meta name=\"twitter:label2\" content=\"Szacowany czas czytania\" \/>\n\t<meta name=\"twitter:data2\" content=\"1 minuta\" \/>\n<script type=\"application\/ld+json\" class=\"yoast-schema-graph\">{\"@context\":\"https:\/\/schema.org\",\"@graph\":[{\"@type\":\"WebPage\",\"@id\":\"https:\/\/instytutpolski.pl\/paris\/2021\/12\/21\/joyeuses-fetes-et-bonne-annee-2022\/\",\"url\":\"https:\/\/instytutpolski.pl\/paris\/2021\/12\/21\/joyeuses-fetes-et-bonne-annee-2022\/\",\"name\":\"Joyeuses F\u00eates et Bonne Ann\u00e9e 2022\u00a0! - Instytut Polski w Pary\u017cu\",\"isPartOf\":{\"@id\":\"https:\/\/instytutpolski.pl\/paris\/#website\"},\"primaryImageOfPage\":{\"@id\":\"https:\/\/instytutpolski.pl\/paris\/2021\/12\/21\/joyeuses-fetes-et-bonne-annee-2022\/#primaryimage\"},\"image\":{\"@id\":\"https:\/\/instytutpolski.pl\/paris\/2021\/12\/21\/joyeuses-fetes-et-bonne-annee-2022\/#primaryimage\"},\"thumbnailUrl\":\"https:\/\/instytutpolski.pl\/paris\/wp-content\/uploads\/sites\/14\/2021\/12\/Baner-strona-3.jpg\",\"datePublished\":\"2021-12-21T10:53:42+00:00\",\"dateModified\":\"2022-01-24T18:16:25+00:00\",\"author\":{\"@id\":\"https:\/\/instytutpolski.pl\/paris\/#\/schema\/person\/ffa1c8ceb68244bee2b3ef8418892a70\"},\"breadcrumb\":{\"@id\":\"https:\/\/instytutpolski.pl\/paris\/2021\/12\/21\/joyeuses-fetes-et-bonne-annee-2022\/#breadcrumb\"},\"inLanguage\":\"pl-PL\",\"potentialAction\":[{\"@type\":\"ReadAction\",\"target\":[\"https:\/\/instytutpolski.pl\/paris\/2021\/12\/21\/joyeuses-fetes-et-bonne-annee-2022\/\"]}]},{\"@type\":\"ImageObject\",\"inLanguage\":\"pl-PL\",\"@id\":\"https:\/\/instytutpolski.pl\/paris\/2021\/12\/21\/joyeuses-fetes-et-bonne-annee-2022\/#primaryimage\",\"url\":\"https:\/\/instytutpolski.pl\/paris\/wp-content\/uploads\/sites\/14\/2021\/12\/Baner-strona-3.jpg\",\"contentUrl\":\"https:\/\/instytutpolski.pl\/paris\/wp-content\/uploads\/sites\/14\/2021\/12\/Baner-strona-3.jpg\",\"width\":1920,\"height\":1080},{\"@type\":\"BreadcrumbList\",\"@id\":\"https:\/\/instytutpolski.pl\/paris\/2021\/12\/21\/joyeuses-fetes-et-bonne-annee-2022\/#breadcrumb\",\"itemListElement\":[{\"@type\":\"ListItem\",\"position\":1,\"name\":\"Home\",\"item\":\"https:\/\/instytutpolski.pl\/paris\/\"},{\"@type\":\"ListItem\",\"position\":2,\"name\":\"Joyeuses F\u00eates et Bonne Ann\u00e9e 2022\u00a0!\"}]},{\"@type\":\"WebSite\",\"@id\":\"https:\/\/instytutpolski.pl\/paris\/#website\",\"url\":\"https:\/\/instytutpolski.pl\/paris\/\",\"name\":\"Instytut Polski w Pary\u017cu\",\"description\":\"Instytuty Polskie\",\"potentialAction\":[{\"@type\":\"SearchAction\",\"target\":{\"@type\":\"EntryPoint\",\"urlTemplate\":\"https:\/\/instytutpolski.pl\/paris\/?s={search_term_string}\"},\"query-input\":{\"@type\":\"PropertyValueSpecification\",\"valueRequired\":true,\"valueName\":\"search_term_string\"}}],\"inLanguage\":\"pl-PL\"},{\"@type\":\"Person\",\"@id\":\"https:\/\/instytutpolski.pl\/paris\/#\/schema\/person\/ffa1c8ceb68244bee2b3ef8418892a70\",\"name\":\"ostrowskad\",\"image\":{\"@type\":\"ImageObject\",\"inLanguage\":\"pl-PL\",\"@id\":\"https:\/\/instytutpolski.pl\/paris\/#\/schema\/person\/image\/\",\"url\":\"https:\/\/secure.gravatar.com\/avatar\/003fcf339f421ab80399faee6c4f2416?s=96&d=mm&r=g\",\"contentUrl\":\"https:\/\/secure.gravatar.com\/avatar\/003fcf339f421ab80399faee6c4f2416?s=96&d=mm&r=g\",\"caption\":\"ostrowskad\"},\"sameAs\":[\"ostrowskad\"],\"url\":\"https:\/\/instytutpolski.pl\/paris\/author\/ostrowskad\/\"}]}<\/script>\n<!-- \/ Yoast SEO plugin. -->","yoast_head_json":{"title":"Joyeuses F\u00eates et Bonne Ann\u00e9e 2022\u00a0! - Instytut Polski w Pary\u017cu","robots":{"index":"index","follow":"follow","max-snippet":"max-snippet:-1","max-image-preview":"max-image-preview:large","max-video-preview":"max-video-preview:-1"},"canonical":"https:\/\/instytutpolski.pl\/paris\/2021\/12\/21\/joyeuses-fetes-et-bonne-annee-2022\/","og_locale":"pl_PL","og_type":"article","og_title":"Joyeuses F\u00eates et Bonne Ann\u00e9e 2022\u00a0! - Instytut Polski w Pary\u017cu","og_description":"Tadeusz Makowski (1882-1932), peintre, dessinateur et graphiste polonais. En 1908, il s\u2019installa \u00e0 Paris, o\u00f9 il travaillait dans l\u2019atelier d\u2019Henri Le Fauconnier. Il faisait partie du milieu des peintres cubistes : Albert Gleizes, Jean Metzinger,\u00a0Fernand L\u00e9ger, Alexandre Archipenko, Piet Mondrian. Il exposait r\u00e9guli\u00e8rement au Salon des Ind\u00e9pendants, au Salon de Tuileries, au Salon d\u2019Automne ainsi [&hellip;]","og_url":"https:\/\/instytutpolski.pl\/paris\/2021\/12\/21\/joyeuses-fetes-et-bonne-annee-2022\/","og_site_name":"Instytut Polski w Pary\u017cu","article_published_time":"2021-12-21T10:53:42+00:00","article_modified_time":"2022-01-24T18:16:25+00:00","og_image":[{"width":1920,"height":1080,"url":"https:\/\/instytutpolski.pl\/paris\/wp-content\/uploads\/sites\/14\/2021\/12\/Baner-strona-3.jpg","type":"image\/jpeg"}],"author":"ostrowskad","twitter_card":"summary_large_image","twitter_misc":{"Napisane przez":"ostrowskad","Szacowany czas czytania":"1 minuta"},"schema":{"@context":"https:\/\/schema.org","@graph":[{"@type":"WebPage","@id":"https:\/\/instytutpolski.pl\/paris\/2021\/12\/21\/joyeuses-fetes-et-bonne-annee-2022\/","url":"https:\/\/instytutpolski.pl\/paris\/2021\/12\/21\/joyeuses-fetes-et-bonne-annee-2022\/","name":"Joyeuses F\u00eates et Bonne Ann\u00e9e 2022\u00a0! - Instytut Polski w Pary\u017cu","isPartOf":{"@id":"https:\/\/instytutpolski.pl\/paris\/#website"},"primaryImageOfPage":{"@id":"https:\/\/instytutpolski.pl\/paris\/2021\/12\/21\/joyeuses-fetes-et-bonne-annee-2022\/#primaryimage"},"image":{"@id":"https:\/\/instytutpolski.pl\/paris\/2021\/12\/21\/joyeuses-fetes-et-bonne-annee-2022\/#primaryimage"},"thumbnailUrl":"https:\/\/instytutpolski.pl\/paris\/wp-content\/uploads\/sites\/14\/2021\/12\/Baner-strona-3.jpg","datePublished":"2021-12-21T10:53:42+00:00","dateModified":"2022-01-24T18:16:25+00:00","author":{"@id":"https:\/\/instytutpolski.pl\/paris\/#\/schema\/person\/ffa1c8ceb68244bee2b3ef8418892a70"},"breadcrumb":{"@id":"https:\/\/instytutpolski.pl\/paris\/2021\/12\/21\/joyeuses-fetes-et-bonne-annee-2022\/#breadcrumb"},"inLanguage":"pl-PL","potentialAction":[{"@type":"ReadAction","target":["https:\/\/instytutpolski.pl\/paris\/2021\/12\/21\/joyeuses-fetes-et-bonne-annee-2022\/"]}]},{"@type":"ImageObject","inLanguage":"pl-PL","@id":"https:\/\/instytutpolski.pl\/paris\/2021\/12\/21\/joyeuses-fetes-et-bonne-annee-2022\/#primaryimage","url":"https:\/\/instytutpolski.pl\/paris\/wp-content\/uploads\/sites\/14\/2021\/12\/Baner-strona-3.jpg","contentUrl":"https:\/\/instytutpolski.pl\/paris\/wp-content\/uploads\/sites\/14\/2021\/12\/Baner-strona-3.jpg","width":1920,"height":1080},{"@type":"BreadcrumbList","@id":"https:\/\/instytutpolski.pl\/paris\/2021\/12\/21\/joyeuses-fetes-et-bonne-annee-2022\/#breadcrumb","itemListElement":[{"@type":"ListItem","position":1,"name":"Home","item":"https:\/\/instytutpolski.pl\/paris\/"},{"@type":"ListItem","position":2,"name":"Joyeuses F\u00eates et Bonne Ann\u00e9e 2022\u00a0!"}]},{"@type":"WebSite","@id":"https:\/\/instytutpolski.pl\/paris\/#website","url":"https:\/\/instytutpolski.pl\/paris\/","name":"Instytut Polski w Pary\u017cu","description":"Instytuty Polskie","potentialAction":[{"@type":"SearchAction","target":{"@type":"EntryPoint","urlTemplate":"https:\/\/instytutpolski.pl\/paris\/?s={search_term_string}"},"query-input":{"@type":"PropertyValueSpecification","valueRequired":true,"valueName":"search_term_string"}}],"inLanguage":"pl-PL"},{"@type":"Person","@id":"https:\/\/instytutpolski.pl\/paris\/#\/schema\/person\/ffa1c8ceb68244bee2b3ef8418892a70","name":"ostrowskad","image":{"@type":"ImageObject","inLanguage":"pl-PL","@id":"https:\/\/instytutpolski.pl\/paris\/#\/schema\/person\/image\/","url":"https:\/\/secure.gravatar.com\/avatar\/003fcf339f421ab80399faee6c4f2416?s=96&d=mm&r=g","contentUrl":"https:\/\/secure.gravatar.com\/avatar\/003fcf339f421ab80399faee6c4f2416?s=96&d=mm&r=g","caption":"ostrowskad"},"sameAs":["ostrowskad"],"url":"https:\/\/instytutpolski.pl\/paris\/author\/ostrowskad\/"}]}},"_links":{"self":[{"href":"https:\/\/instytutpolski.pl\/paris\/wp-json\/wp\/v2\/posts\/3278","targetHints":{"allow":["GET"]}}],"collection":[{"href":"https:\/\/instytutpolski.pl\/paris\/wp-json\/wp\/v2\/posts"}],"about":[{"href":"https:\/\/instytutpolski.pl\/paris\/wp-json\/wp\/v2\/types\/post"}],"author":[{"embeddable":true,"href":"https:\/\/instytutpolski.pl\/paris\/wp-json\/wp\/v2\/users\/123"}],"replies":[{"embeddable":true,"href":"https:\/\/instytutpolski.pl\/paris\/wp-json\/wp\/v2\/comments?post=3278"}],"version-history":[{"count":15,"href":"https:\/\/instytutpolski.pl\/paris\/wp-json\/wp\/v2\/posts\/3278\/revisions"}],"predecessor-version":[{"id":3323,"href":"https:\/\/instytutpolski.pl\/paris\/wp-json\/wp\/v2\/posts\/3278\/revisions\/3323"}],"wp:featuredmedia":[{"embeddable":true,"href":"https:\/\/instytutpolski.pl\/paris\/wp-json\/wp\/v2\/media\/3287"}],"wp:attachment":[{"href":"https:\/\/instytutpolski.pl\/paris\/wp-json\/wp\/v2\/media?parent=3278"}],"wp:term":[{"taxonomy":"category","embeddable":true,"href":"https:\/\/instytutpolski.pl\/paris\/wp-json\/wp\/v2\/categories?post=3278"},{"taxonomy":"post_tag","embeddable":true,"href":"https:\/\/instytutpolski.pl\/paris\/wp-json\/wp\/v2\/tags?post=3278"}],"curies":[{"name":"wp","href":"https:\/\/api.w.org\/{rel}","templated":true}]}}