{"id":3758,"date":"2022-07-05T10:45:46","date_gmt":"2022-07-05T08:45:46","guid":{"rendered":"https:\/\/instytutpolski.pl\/paris\/?p=3758"},"modified":"2024-03-19T11:27:10","modified_gmt":"2024-03-19T10:27:10","slug":"polonais-remarquable-en-france-2022-xie-edition","status":"publish","type":"post","link":"https:\/\/instytutpolski.pl\/paris\/2022\/07\/05\/polonais-remarquable-en-france-2022-xie-edition\/","title":{"rendered":"Polonais Remarquable en France 2022 &#8211; XIe \u00e9dition\u00a0"},"content":{"rendered":"<p>Le comit\u00e9 d&#8217;organisation est heureux d&#8217;annoncer la liste des laur\u00e9ats de l&#8217;\u00e9dition 2022 du concours &#8221; Polonais Remarquable &#8221; en France. Les titres ont \u00e9t\u00e9 attribu\u00e9s par un vote du jury en juin de cette ann\u00e9e.<\/p>\n<p><strong><u>La liste des laur\u00e9ats<\/u><\/strong><strong><em><u>: <\/u><\/em><\/strong><\/p>\n<p><strong>Dans la cat\u00e9gorie Personnalit\u00e9<\/strong><\/p>\n<p><img loading=\"lazy\" decoding=\"async\" class=\"alignnone size-medium wp-image-3759\" src=\"https:\/\/instytutpolski.pl\/paris\/wp-content\/uploads\/sites\/14\/2022\/07\/Koslacz-200x300.jpg\" alt=\"\" width=\"200\" height=\"300\" srcset=\"https:\/\/instytutpolski.pl\/paris\/wp-content\/uploads\/sites\/14\/2022\/07\/Koslacz-200x300.jpg 200w, https:\/\/instytutpolski.pl\/paris\/wp-content\/uploads\/sites\/14\/2022\/07\/Koslacz.jpg 213w\" sizes=\"auto, (max-width: 200px) 100vw, 200px\" \/><\/p>\n<p>Madame El\u017cbiecie KO\u015aLACZ-VIROL, \u00a0Docteur en histoire du th\u00e9\u00e2tre, actrice et traductrice. Elle a jou\u00e9 sur plusieurs sc\u00e8nes en Pologne, \u00e0 la radio et \u00e0 la t\u00e9l\u00e9vision. Depuis 1966, il vit \u00e0 Paris. Elle a jou\u00e9 en tant qu&#8217;actrice dans deux langues : le polonais et le fran\u00e7ais \u00e0 Paris, et \u00e0 l&#8217;\u00e9tranger (\u00e0 Madrid). Elle a enseign\u00e9 pendant de nombreuses ann\u00e9es dans les \u00e9coles primaires fran\u00e7aises ainsi que dans les lyc\u00e9es, sur la base du r\u00e9pertoire des classiques fran\u00e7ais. .\u00a0\u00a0\u00a0\u00a0\u00a0\u00a0\u00a0\u00a0\u00a0\u00a0\u00a0\u00a0\u00a0\u00a0\u00a0\u00a0\u00a0\u00a0\u00a0\u00a0\u00a0\u00a0\u00a0\u00a0\u00a0 .\u00a0\u00a0\u00a0\u00a0\u00a0\u00a0\u00a0\u00a0\u00a0\u00a0\u00a0\u00a0\u00a0\u00a0\u00a0\u00a0\u00a0\u00a0\u00a0\u00a0\u00a0\u00a0\u00a0\u00a0\u00a0\u00a0\u00a0\u00a0\u00a0\u00a0\u00a0\u00a0\u00a0\u00a0\u00a0\u00a0\u00a0\u00a0\u00a0\u00a0\u00a0\u00a0\u00a0\u00a0\u00a0\u00a0\u00a0\u00a0\u00a0\u00a0\u00a0\u00a0\u00a0\u00a0\u00a0\u00a0\u00a0\u00a0\u00a0\u00a0\u00a0\u00a0\u00a0\u00a0\u00a0\u00a0\u00a0\u00a0\u00a0 Elle a publi\u00e9 et traduit de nombreux articles sur Gabriela Zapolska dans des magazines polonais et chez des \u00e9diteurs de livres fran\u00e7ais. Elle a particip\u00e9 \u00e0 des s\u00e9minaires sur Gabriela Zapolska : \u00e0 l&#8217;Acad\u00e9mie polonaise des sciences et \u00e0 la Biblioth\u00e8que polonaise \u00e0 Paris, \u00e0 l&#8217;universit\u00e9 de Bialystok et de Varsovie et au mus\u00e9e de la litt\u00e9rature A. Mickiewicz \u00e0 Varsovie.<\/p>\n<p><strong>Dans la cat\u00e9gorie des Sciences<\/strong><\/p>\n<p><img loading=\"lazy\" decoding=\"async\" class=\"alignnone size-medium wp-image-3760\" src=\"https:\/\/instytutpolski.pl\/paris\/wp-content\/uploads\/sites\/14\/2022\/07\/Jolanta-Swiatowska-226x300.jpg\" alt=\"\" width=\"226\" height=\"300\" srcset=\"https:\/\/instytutpolski.pl\/paris\/wp-content\/uploads\/sites\/14\/2022\/07\/Jolanta-Swiatowska-226x300.jpg 226w, https:\/\/instytutpolski.pl\/paris\/wp-content\/uploads\/sites\/14\/2022\/07\/Jolanta-Swiatowska.jpg 235w\" sizes=\"auto, (max-width: 226px) 100vw, 226px\" \/><\/p>\n<p>Madame\u00a0Jolanta \u015aWIATOWSKA (HDR) travaille comme Directrice de recherche au Centre National de la Recherche Scientifique \u00e0 l&#8217;Institut de Recherche de Chimie Paris a Chimie ParisTech (ENSCP) depuis 2008. Depuis 2021, elle est \u00e9galement directrice adjointe de l&#8217;\u00e9cole doctorale de chimie physique et de chimie analytique (ED 388). De 2003 \u00e0 2005, elle a \u00e9t\u00e9 employ\u00e9e comme professeur assistant \u00e0 l&#8217;Universit\u00e9 des sciences et de la technologie de Cracovie (AGH), o\u00f9 elle a obtenu son dipl\u00f4me de master en 1997 et son dipl\u00f4me de doctorat en 2003. En 2016, elle a obtenu l&#8217;habilitation \u00e0 diriger des recherches \u00e0 l&#8217;Universit\u00e9 Pierre et Marie Curie (Paris VI). Pendant ses \u00e9tudes de doctorat en 2000, elle a \u00e9galement travaill\u00e9 comme chercheuse \u00e0 l&#8217;universit\u00e9 de Gand, en Belgique. Son domaine de recherche est la chimie des mat\u00e9riaux (m\u00e9taux, alliages, oxydes) et plus particuli\u00e8rement, la physicochimie des surfaces, l\u2019\u00e9lectrochimie et la corrosion. Ses int\u00e9r\u00eats de recherche portent sur l\u2019influence de la composition chimique, la morphologie et la structure aux \u00e9chelles nanom\u00e9trique et atomique des mat\u00e9riaux, ainsi que leurs r\u00e9activit\u00e9s en milieu gazeux, aqueux ou solide. Pour ce faire, elle applique des m\u00e9thodes analytiques de surface avanc\u00e9es telles que la spectroscopie photo\u00e9lectronique \u00e0 rayons X, la spectrom\u00e9trie de masse des ions secondaires \u00e0 temps de vol, la microscopie \u00e0 effet tunnel ou la microscopie en champ proche. Ses recherches sont men\u00e9es en coop\u00e9ration avec de grandes entreprises fran\u00e7aises des secteurs de l&#8217;automobile, de l&#8217;a\u00e9rospatiale et de la m\u00e9tallurgie.\u00a0 En plus de travaux scientifiques, Mme Swiatowska donne des cours sur la chimie des mat\u00e9riaux appliqu\u00e9s au domaine d\u2019\u00e9nergie (comme des batteries et des piles), l&#8217;\u00e9lectrochimie et la corrosion \u00e0 l&#8217;ENSCP, \u00e0 Paris-Science &amp; Lettres, \u00e0 l&#8217;Ecole Polytechnique, \u00e0 l&#8217;Ecole de Mines de Paris et \u00e0 l&#8217;Universit\u00e9 des Sciences &amp; Technologies Huazhong (HUST, Chine). Son travail scientifique peut \u00eatre r\u00e9sum\u00e9 par une longue liste de publications : plus de 90 articles et plus de 120 pr\u00e9sentations de conf\u00e9rences internationales, s\u00e9minaires dans le monde entier souvent r\u00e9compens\u00e9es. En 2012 et 2018, Mme Swiatowska a \u00e9t\u00e9 distingu\u00e9e par le CNRS pour sa contribution exceptionnelle \u00e0 la recherche.<\/p>\n<p><strong>Dans la cat\u00e9gorie Culture<\/strong><\/p>\n<p><strong> <img loading=\"lazy\" decoding=\"async\" class=\"alignnone size-full wp-image-3761\" src=\"https:\/\/instytutpolski.pl\/paris\/wp-content\/uploads\/sites\/14\/2022\/07\/Ela-Duda.jpg\" alt=\"\" width=\"288\" height=\"186\" \/><\/strong><\/p>\n<p>Madame Elisabeth DUDA est une actrice franco-polonaise, premi\u00e8re \u00e9trang\u00e8re \u00e0 \u00eatre dipl\u00f4m\u00e9e de l&#8217;\u00c9cole nationale de cin\u00e9ma et de th\u00e9\u00e2tre de \u0141\u00f3d\u017a.\u00a0 En Pologne, elle a re\u00e7u le prix de la meilleure actrice pour son r\u00f4le exceptionnel dans les films &#8222;Run&#8221; et &#8222;Don&#8217;t look back&#8221;. Elle a \u00e9galement remport\u00e9 le prix de la meilleure actrice dans un second r\u00f4le au 44e festival de th\u00e9\u00e2tre de Kalisz et au 22e festival des \u00e9coles de th\u00e9\u00e2tre en Pologne. Elle a r\u00e9cemment remport\u00e9 4 prix internationaux pour le film &#8222;Je t&#8217;\u00e9craserai et j&#8217;irai en enfer&#8221; et la s\u00e9rie &#8222;Prisonnier&#8221;. Elle est journaliste et chroniqueuse pour plusieurs programmes de t\u00e9l\u00e9vision et de radio polonais, auteur de trois livres, traductrice de pi\u00e8ces de th\u00e9\u00e2tre, laur\u00e9ate du prix du S\u00e9nat pour la pr\u00e9sence fran\u00e7aise \u00e0 l&#8217;\u00e9tranger. Elle est apparue dans de nombreux films, drames, s\u00e9ries t\u00e9l\u00e9vis\u00e9es, courts m\u00e9trages et documentaires, interpr\u00e9tant notamment Cosima Wagner et Marie Curie. On peut souvent l&#8217;entendre dans le th\u00e9\u00e2tre de la radio polonaise.\u00a0 Depuis le 22 septembre 2021, elle joue dans la pi\u00e8ce Deux sur une Balan\u00e7oire au Th\u00e9\u00e2tre du Gymnase. Elle parle 7 langues.<\/p>\n<p><strong>Dans la cat\u00e9gorie Business<\/strong><\/p>\n<p><img loading=\"lazy\" decoding=\"async\" class=\"alignnone size-full wp-image-3762\" src=\"https:\/\/instytutpolski.pl\/paris\/wp-content\/uploads\/sites\/14\/2022\/07\/Anne-Meteyer-Pauter.jpg\" alt=\"\" width=\"245\" height=\"252\" \/><\/p>\n<p>Madame Anne M\u00c9T\u00c9YER-PAUTER Elle est dipl\u00f4m\u00e9e de l&#8217;Acad\u00e9mie de th\u00e9\u00e2tre de Varsovie. Elle est venue au pays de Moli\u00e8re pour approfondir ses connaissances dans le domaine du th\u00e9\u00e2tre. Elle a poursuivi ses \u00e9tudes \u00e0 Paris, \u00e0 la Sorbonne, \u00e0 la facult\u00e9 d&#8217;Art et Spectacle. Travaillant dans des th\u00e9\u00e2tres en Pologne et en France, pour la DRAC et dans des institutions culturelles, rien ne laissait pr\u00e9sager les surprises que lui r\u00e9servait son destin&#8230;\u00a0\u00a0 En 1999, Anna rencontre son futur mari et s&#8217;installe \u00e0 Tr\u00e9lou-sur-Marne.\u00a0 En 2015, le Champagne M\u00e9t\u00e9yer P\u00e8re et Fils a obtenu le label &#8221; Vignobles et D\u00e9couverte &#8222;, l&#8217;un des premiers de la r\u00e9gion. En 2017, le Champagne M\u00e9t\u00e9yer devient le PREMIER domaine viticole \u00e0 recevoir un prix individuel de la Mission Coteaux, Maisons et Caves de la Champagne de l&#8217;UNESCO, pour l&#8217;authenticit\u00e9, la tradition et le raffinement.\u00a0 En 2019, l&#8217;entreprise s&#8217;est enrichie de l&#8217;affiliation \u00e0 la marque &#8221; La champagne-art de vivre &#8222;, et la m\u00eame ann\u00e9e, la Mission UNESCO a r\u00e9compens\u00e9 les activit\u00e9s touristiques de l&#8217;entreprise par le label &#8221; D\u00e9couverte Insolite &#8222;.L&#8217;apog\u00e9e a \u00e9t\u00e9 la r\u00e9ception en 2020 du Troph\u00e9e de l&#8217;\u0153notourisme, pla\u00e7ant l&#8217;exploitation familiale parmi les meilleures adresses \u0153notouristiques de France ! En 2019, Anna apporte un nouveau troph\u00e9e \u00e0 la soci\u00e9t\u00e9, en devenant laur\u00e9ate de Leadexport dans la cat\u00e9gorie &#8221; P\u00e9pite &#8222;.<\/p>\n<p>En reconnaissance de ses m\u00e9rites, le ministre Julien Denormandie accorde \u00e0 Anna M\u00e9t\u00e9yer le grade de chevalier de l&#8217;ordre du M\u00e9rite agricole par d\u00e9cret du 30 septembre 2020. En 2021, Anna M\u00e9t\u00e9yer est laur\u00e9ate des Troph\u00e9es Champenois dans la cat\u00e9gorie emballage, o\u00f9 sa d\u00e9marche \u00e9cologique a convaincu le jury&#8230;cdn !<\/p>\n<p><strong>Dans la cat\u00e9gorie Jeune Polonais<\/strong><\/p>\n<p><img loading=\"lazy\" decoding=\"async\" class=\"alignnone size-medium wp-image-3763\" src=\"https:\/\/instytutpolski.pl\/paris\/wp-content\/uploads\/sites\/14\/2022\/07\/Marta-Gardolinska-219x300.png\" alt=\"\" width=\"219\" height=\"300\" srcset=\"https:\/\/instytutpolski.pl\/paris\/wp-content\/uploads\/sites\/14\/2022\/07\/Marta-Gardolinska-219x300.png 219w, https:\/\/instytutpolski.pl\/paris\/wp-content\/uploads\/sites\/14\/2022\/07\/Marta-Gardolinska.png 628w\" sizes=\"auto, (max-width: 219px) 100vw, 219px\" \/><\/p>\n<p>Madame Marta GARDOLI\u0143SKA N\u00e9e en 1988 \u00e0 Varsovie, Marta Gardolinska est l\u2019une des personnalit\u00e9s les plus illustres du monde de la musique classique de ces derni\u00e8res ann\u00e9es et l\u2019une des rares femmes \u2013 chefs d\u2019orchestre au monde. Dipl\u00f4m\u00e9e de l\u2019Universit\u00e9 Fr\u00e9d\u00e9ric Chopin de Varsovie, sp\u00e9cialit\u00e9\u00a0: chef d\u2019orchestre symphonique, elle \u00e9tudia \u00e9galement \u00e0 l\u2019Acad\u00e9mie de la Musique et des Arts de Spectacle de Vienne. Outre sa formation de chef d\u2019orchestre, elle se sp\u00e9cialise \u00e9galement dans les domaines du chant choral et de la fl\u00fbte traversi\u00e8re. Elle joue aussi du piano \u00e0 queue. A Vienne, elle \u00e9tudia \u00e9galement la physiologie de la musique.<\/p>\n<p>L\u2019artiste re\u00e7ut nombre de prix et distinctions lors de concours internationaux de musique classique. Apr\u00e8s ses d\u00e9buts en France en 2020, Marta Gardolinska fut imm\u00e9diatement appr\u00e9ci\u00e9e par le milieu fran\u00e7ais de la musique classique et fut nomm\u00e9e, en septembre 2021, directeur artistique de l\u2019Op\u00e9ra National de Lorraine \u00e0 Nancy. Elle est l\u2019une des trois femmes occupant ce poste dans toute la France. Elle collabore avec les plus grands orchestres philharmoniques du monde, dont Philharmonic Los Angeles, les orchestres symphoniques viennois, l\u2019Orchestre National Royal d\u2019Ecosse, le BBC National Orchestra of Wales, l\u2019Op\u00e9ra National du Rhin, l\u2019Orchestre Symphonique de Barcelone\u2026 Elle enregistra un disque avec le maestro Gustavo Dudamel. Lors de ses prestations internationale, Marta Gardolinska souligne toujours ses origines polonaises, en faisant conna\u00eetre les \u0153uvres des compositeurs polonais et en faisant rayonner la culture polonaise en dehors des fronti\u00e8res de notre pays. En 2016, elle fut laur\u00e9ate dans le domaine de la Culture du Concours Un Polonais Illustre en Autriche.<\/p>\n<p>Dans la liste des finalistes se sont trouv\u00e9e de tel noms : Monsieur Henryk WITKOWSKI, Monsieur Czes\u0142aw LEBELT, Madame Christine BERNARD, Madame\u00a0 Felicja LAMPRECHT, Monsieur Tomasz Drozdowicz,\u00a0\u00a0Monsieur \u00a0Daniel PIETRASZ \u00a0MD, PhD et Monsieur\u00a0 Jean-Luc SOCHACKI.<\/p>\n<p>Les prix sp\u00e9ciaux du jury ont \u00e9t\u00e9 attribu\u00e9s \u00e0 :\u00a0Monsieur \u00a0\u00c9douard PAPALSKI,\u00a0Madame Anna WO\u0179NIAK\u00a0 et\u00a0Monsieur Daniel Tadeusz CURYLO.<\/p>\n","protected":false},"excerpt":{"rendered":"<p>Le comit\u00e9 d&#8217;organisation est heureux d&#8217;annoncer la liste des laur\u00e9ats de l&#8217;\u00e9dition 2022 du concours &#8221; Polonais Remarquable &#8221; en France. Les titres ont \u00e9t\u00e9 attribu\u00e9s par un vote du jury en juin de cette ann\u00e9e. La liste des laur\u00e9ats: Dans la cat\u00e9gorie Personnalit\u00e9 Madame El\u017cbiecie KO\u015aLACZ-VIROL, \u00a0Docteur en histoire du th\u00e9\u00e2tre, actrice et traductrice. [&hellip;]<\/p>\n","protected":false},"author":123,"featured_media":3764,"comment_status":"open","ping_status":"open","sticky":false,"template":"","format":"standard","meta":{"inline_featured_image":false,"_monsterinsights_skip_tracking":false,"_monsterinsights_sitenote_active":false,"_monsterinsights_sitenote_note":"","_monsterinsights_sitenote_category":0,"footnotes":""},"categories":[1],"tags":[],"class_list":["post-3758","post","type-post","status-publish","format-standard","has-post-thumbnail","hentry","category-bez-kategorii"],"yoast_head":"<!-- This site is optimized with the Yoast SEO plugin v24.6 - https:\/\/yoast.com\/wordpress\/plugins\/seo\/ -->\n<title>Polonais Remarquable en France 2022 - XIe \u00e9dition\u00a0 - Instytut Polski w Pary\u017cu<\/title>\n<meta name=\"robots\" content=\"index, follow, max-snippet:-1, max-image-preview:large, max-video-preview:-1\" \/>\n<link rel=\"canonical\" href=\"https:\/\/instytutpolski.pl\/paris\/2022\/07\/05\/polonais-remarquable-en-france-2022-xie-edition\/\" \/>\n<meta property=\"og:locale\" content=\"pl_PL\" \/>\n<meta property=\"og:type\" content=\"article\" \/>\n<meta property=\"og:title\" content=\"Polonais Remarquable en France 2022 - XIe \u00e9dition\u00a0 - Instytut Polski w Pary\u017cu\" \/>\n<meta property=\"og:description\" content=\"Le comit\u00e9 d&#8217;organisation est heureux d&#8217;annoncer la liste des laur\u00e9ats de l&#8217;\u00e9dition 2022 du concours &#8221; Polonais Remarquable &#8221; en France. Les titres ont \u00e9t\u00e9 attribu\u00e9s par un vote du jury en juin de cette ann\u00e9e. La liste des laur\u00e9ats: Dans la cat\u00e9gorie Personnalit\u00e9 Madame El\u017cbiecie KO\u015aLACZ-VIROL, \u00a0Docteur en histoire du th\u00e9\u00e2tre, actrice et traductrice. [&hellip;]\" \/>\n<meta property=\"og:url\" content=\"https:\/\/instytutpolski.pl\/paris\/2022\/07\/05\/polonais-remarquable-en-france-2022-xie-edition\/\" \/>\n<meta property=\"og:site_name\" content=\"Instytut Polski w Pary\u017cu\" \/>\n<meta property=\"article:published_time\" content=\"2022-07-05T08:45:46+00:00\" \/>\n<meta property=\"article:modified_time\" content=\"2024-03-19T10:27:10+00:00\" \/>\n<meta property=\"og:image\" content=\"https:\/\/instytutpolski.pl\/paris\/wp-content\/uploads\/sites\/14\/2022\/07\/wybitny-Polak.jpg\" \/>\n\t<meta property=\"og:image:width\" content=\"200\" \/>\n\t<meta property=\"og:image:height\" content=\"132\" \/>\n\t<meta property=\"og:image:type\" content=\"image\/jpeg\" \/>\n<meta name=\"author\" content=\"ostrowskad\" \/>\n<meta name=\"twitter:card\" content=\"summary_large_image\" \/>\n<meta name=\"twitter:label1\" content=\"Napisane przez\" \/>\n\t<meta name=\"twitter:data1\" content=\"ostrowskad\" \/>\n\t<meta name=\"twitter:label2\" content=\"Szacowany czas czytania\" \/>\n\t<meta name=\"twitter:data2\" content=\"9 minut\" \/>\n<script type=\"application\/ld+json\" class=\"yoast-schema-graph\">{\"@context\":\"https:\/\/schema.org\",\"@graph\":[{\"@type\":\"WebPage\",\"@id\":\"https:\/\/instytutpolski.pl\/paris\/2022\/07\/05\/polonais-remarquable-en-france-2022-xie-edition\/\",\"url\":\"https:\/\/instytutpolski.pl\/paris\/2022\/07\/05\/polonais-remarquable-en-france-2022-xie-edition\/\",\"name\":\"Polonais Remarquable en France 2022 - XIe \u00e9dition\u00a0 - Instytut Polski w Pary\u017cu\",\"isPartOf\":{\"@id\":\"https:\/\/instytutpolski.pl\/paris\/#website\"},\"primaryImageOfPage\":{\"@id\":\"https:\/\/instytutpolski.pl\/paris\/2022\/07\/05\/polonais-remarquable-en-france-2022-xie-edition\/#primaryimage\"},\"image\":{\"@id\":\"https:\/\/instytutpolski.pl\/paris\/2022\/07\/05\/polonais-remarquable-en-france-2022-xie-edition\/#primaryimage\"},\"thumbnailUrl\":\"https:\/\/instytutpolski.pl\/paris\/wp-content\/uploads\/sites\/14\/2022\/07\/wybitny-Polak.jpg\",\"datePublished\":\"2022-07-05T08:45:46+00:00\",\"dateModified\":\"2024-03-19T10:27:10+00:00\",\"author\":{\"@id\":\"https:\/\/instytutpolski.pl\/paris\/#\/schema\/person\/ffa1c8ceb68244bee2b3ef8418892a70\"},\"breadcrumb\":{\"@id\":\"https:\/\/instytutpolski.pl\/paris\/2022\/07\/05\/polonais-remarquable-en-france-2022-xie-edition\/#breadcrumb\"},\"inLanguage\":\"pl-PL\",\"potentialAction\":[{\"@type\":\"ReadAction\",\"target\":[\"https:\/\/instytutpolski.pl\/paris\/2022\/07\/05\/polonais-remarquable-en-france-2022-xie-edition\/\"]}]},{\"@type\":\"ImageObject\",\"inLanguage\":\"pl-PL\",\"@id\":\"https:\/\/instytutpolski.pl\/paris\/2022\/07\/05\/polonais-remarquable-en-france-2022-xie-edition\/#primaryimage\",\"url\":\"https:\/\/instytutpolski.pl\/paris\/wp-content\/uploads\/sites\/14\/2022\/07\/wybitny-Polak.jpg\",\"contentUrl\":\"https:\/\/instytutpolski.pl\/paris\/wp-content\/uploads\/sites\/14\/2022\/07\/wybitny-Polak.jpg\",\"width\":200,\"height\":132},{\"@type\":\"BreadcrumbList\",\"@id\":\"https:\/\/instytutpolski.pl\/paris\/2022\/07\/05\/polonais-remarquable-en-france-2022-xie-edition\/#breadcrumb\",\"itemListElement\":[{\"@type\":\"ListItem\",\"position\":1,\"name\":\"Home\",\"item\":\"https:\/\/instytutpolski.pl\/paris\/\"},{\"@type\":\"ListItem\",\"position\":2,\"name\":\"Polonais Remarquable en France 2022 &#8211; XIe \u00e9dition\u00a0\"}]},{\"@type\":\"WebSite\",\"@id\":\"https:\/\/instytutpolski.pl\/paris\/#website\",\"url\":\"https:\/\/instytutpolski.pl\/paris\/\",\"name\":\"Instytut Polski w Pary\u017cu\",\"description\":\"Instytuty Polskie\",\"potentialAction\":[{\"@type\":\"SearchAction\",\"target\":{\"@type\":\"EntryPoint\",\"urlTemplate\":\"https:\/\/instytutpolski.pl\/paris\/?s={search_term_string}\"},\"query-input\":{\"@type\":\"PropertyValueSpecification\",\"valueRequired\":true,\"valueName\":\"search_term_string\"}}],\"inLanguage\":\"pl-PL\"},{\"@type\":\"Person\",\"@id\":\"https:\/\/instytutpolski.pl\/paris\/#\/schema\/person\/ffa1c8ceb68244bee2b3ef8418892a70\",\"name\":\"ostrowskad\",\"image\":{\"@type\":\"ImageObject\",\"inLanguage\":\"pl-PL\",\"@id\":\"https:\/\/instytutpolski.pl\/paris\/#\/schema\/person\/image\/\",\"url\":\"https:\/\/secure.gravatar.com\/avatar\/003fcf339f421ab80399faee6c4f2416?s=96&d=mm&r=g\",\"contentUrl\":\"https:\/\/secure.gravatar.com\/avatar\/003fcf339f421ab80399faee6c4f2416?s=96&d=mm&r=g\",\"caption\":\"ostrowskad\"},\"sameAs\":[\"ostrowskad\"],\"url\":\"https:\/\/instytutpolski.pl\/paris\/author\/ostrowskad\/\"}]}<\/script>\n<!-- \/ Yoast SEO plugin. -->","yoast_head_json":{"title":"Polonais Remarquable en France 2022 - XIe \u00e9dition\u00a0 - Instytut Polski w Pary\u017cu","robots":{"index":"index","follow":"follow","max-snippet":"max-snippet:-1","max-image-preview":"max-image-preview:large","max-video-preview":"max-video-preview:-1"},"canonical":"https:\/\/instytutpolski.pl\/paris\/2022\/07\/05\/polonais-remarquable-en-france-2022-xie-edition\/","og_locale":"pl_PL","og_type":"article","og_title":"Polonais Remarquable en France 2022 - XIe \u00e9dition\u00a0 - Instytut Polski w Pary\u017cu","og_description":"Le comit\u00e9 d&#8217;organisation est heureux d&#8217;annoncer la liste des laur\u00e9ats de l&#8217;\u00e9dition 2022 du concours &#8221; Polonais Remarquable &#8221; en France. Les titres ont \u00e9t\u00e9 attribu\u00e9s par un vote du jury en juin de cette ann\u00e9e. La liste des laur\u00e9ats: Dans la cat\u00e9gorie Personnalit\u00e9 Madame El\u017cbiecie KO\u015aLACZ-VIROL, \u00a0Docteur en histoire du th\u00e9\u00e2tre, actrice et traductrice. [&hellip;]","og_url":"https:\/\/instytutpolski.pl\/paris\/2022\/07\/05\/polonais-remarquable-en-france-2022-xie-edition\/","og_site_name":"Instytut Polski w Pary\u017cu","article_published_time":"2022-07-05T08:45:46+00:00","article_modified_time":"2024-03-19T10:27:10+00:00","og_image":[{"width":200,"height":132,"url":"https:\/\/instytutpolski.pl\/paris\/wp-content\/uploads\/sites\/14\/2022\/07\/wybitny-Polak.jpg","type":"image\/jpeg"}],"author":"ostrowskad","twitter_card":"summary_large_image","twitter_misc":{"Napisane przez":"ostrowskad","Szacowany czas czytania":"9 minut"},"schema":{"@context":"https:\/\/schema.org","@graph":[{"@type":"WebPage","@id":"https:\/\/instytutpolski.pl\/paris\/2022\/07\/05\/polonais-remarquable-en-france-2022-xie-edition\/","url":"https:\/\/instytutpolski.pl\/paris\/2022\/07\/05\/polonais-remarquable-en-france-2022-xie-edition\/","name":"Polonais Remarquable en France 2022 - XIe \u00e9dition\u00a0 - Instytut Polski w Pary\u017cu","isPartOf":{"@id":"https:\/\/instytutpolski.pl\/paris\/#website"},"primaryImageOfPage":{"@id":"https:\/\/instytutpolski.pl\/paris\/2022\/07\/05\/polonais-remarquable-en-france-2022-xie-edition\/#primaryimage"},"image":{"@id":"https:\/\/instytutpolski.pl\/paris\/2022\/07\/05\/polonais-remarquable-en-france-2022-xie-edition\/#primaryimage"},"thumbnailUrl":"https:\/\/instytutpolski.pl\/paris\/wp-content\/uploads\/sites\/14\/2022\/07\/wybitny-Polak.jpg","datePublished":"2022-07-05T08:45:46+00:00","dateModified":"2024-03-19T10:27:10+00:00","author":{"@id":"https:\/\/instytutpolski.pl\/paris\/#\/schema\/person\/ffa1c8ceb68244bee2b3ef8418892a70"},"breadcrumb":{"@id":"https:\/\/instytutpolski.pl\/paris\/2022\/07\/05\/polonais-remarquable-en-france-2022-xie-edition\/#breadcrumb"},"inLanguage":"pl-PL","potentialAction":[{"@type":"ReadAction","target":["https:\/\/instytutpolski.pl\/paris\/2022\/07\/05\/polonais-remarquable-en-france-2022-xie-edition\/"]}]},{"@type":"ImageObject","inLanguage":"pl-PL","@id":"https:\/\/instytutpolski.pl\/paris\/2022\/07\/05\/polonais-remarquable-en-france-2022-xie-edition\/#primaryimage","url":"https:\/\/instytutpolski.pl\/paris\/wp-content\/uploads\/sites\/14\/2022\/07\/wybitny-Polak.jpg","contentUrl":"https:\/\/instytutpolski.pl\/paris\/wp-content\/uploads\/sites\/14\/2022\/07\/wybitny-Polak.jpg","width":200,"height":132},{"@type":"BreadcrumbList","@id":"https:\/\/instytutpolski.pl\/paris\/2022\/07\/05\/polonais-remarquable-en-france-2022-xie-edition\/#breadcrumb","itemListElement":[{"@type":"ListItem","position":1,"name":"Home","item":"https:\/\/instytutpolski.pl\/paris\/"},{"@type":"ListItem","position":2,"name":"Polonais Remarquable en France 2022 &#8211; XIe \u00e9dition\u00a0"}]},{"@type":"WebSite","@id":"https:\/\/instytutpolski.pl\/paris\/#website","url":"https:\/\/instytutpolski.pl\/paris\/","name":"Instytut Polski w Pary\u017cu","description":"Instytuty Polskie","potentialAction":[{"@type":"SearchAction","target":{"@type":"EntryPoint","urlTemplate":"https:\/\/instytutpolski.pl\/paris\/?s={search_term_string}"},"query-input":{"@type":"PropertyValueSpecification","valueRequired":true,"valueName":"search_term_string"}}],"inLanguage":"pl-PL"},{"@type":"Person","@id":"https:\/\/instytutpolski.pl\/paris\/#\/schema\/person\/ffa1c8ceb68244bee2b3ef8418892a70","name":"ostrowskad","image":{"@type":"ImageObject","inLanguage":"pl-PL","@id":"https:\/\/instytutpolski.pl\/paris\/#\/schema\/person\/image\/","url":"https:\/\/secure.gravatar.com\/avatar\/003fcf339f421ab80399faee6c4f2416?s=96&d=mm&r=g","contentUrl":"https:\/\/secure.gravatar.com\/avatar\/003fcf339f421ab80399faee6c4f2416?s=96&d=mm&r=g","caption":"ostrowskad"},"sameAs":["ostrowskad"],"url":"https:\/\/instytutpolski.pl\/paris\/author\/ostrowskad\/"}]}},"_links":{"self":[{"href":"https:\/\/instytutpolski.pl\/paris\/wp-json\/wp\/v2\/posts\/3758","targetHints":{"allow":["GET"]}}],"collection":[{"href":"https:\/\/instytutpolski.pl\/paris\/wp-json\/wp\/v2\/posts"}],"about":[{"href":"https:\/\/instytutpolski.pl\/paris\/wp-json\/wp\/v2\/types\/post"}],"author":[{"embeddable":true,"href":"https:\/\/instytutpolski.pl\/paris\/wp-json\/wp\/v2\/users\/123"}],"replies":[{"embeddable":true,"href":"https:\/\/instytutpolski.pl\/paris\/wp-json\/wp\/v2\/comments?post=3758"}],"version-history":[{"count":1,"href":"https:\/\/instytutpolski.pl\/paris\/wp-json\/wp\/v2\/posts\/3758\/revisions"}],"predecessor-version":[{"id":3765,"href":"https:\/\/instytutpolski.pl\/paris\/wp-json\/wp\/v2\/posts\/3758\/revisions\/3765"}],"wp:featuredmedia":[{"embeddable":true,"href":"https:\/\/instytutpolski.pl\/paris\/wp-json\/wp\/v2\/media\/3764"}],"wp:attachment":[{"href":"https:\/\/instytutpolski.pl\/paris\/wp-json\/wp\/v2\/media?parent=3758"}],"wp:term":[{"taxonomy":"category","embeddable":true,"href":"https:\/\/instytutpolski.pl\/paris\/wp-json\/wp\/v2\/categories?post=3758"},{"taxonomy":"post_tag","embeddable":true,"href":"https:\/\/instytutpolski.pl\/paris\/wp-json\/wp\/v2\/tags?post=3758"}],"curies":[{"name":"wp","href":"https:\/\/api.w.org\/{rel}","templated":true}]}}