{"id":10913,"date":"2024-09-09T10:49:45","date_gmt":"2024-09-09T08:49:45","guid":{"rendered":"https:\/\/instytutpolski.pl\/praha\/?p=10913"},"modified":"2024-12-16T09:53:28","modified_gmt":"2024-12-16T08:53:28","slug":"embracing-flux-deconstruction-as-a-form-of-solidarity","status":"publish","type":"post","link":"https:\/\/instytutpolski.pl\/praha\/2024\/09\/09\/embracing-flux-deconstruction-as-a-form-of-solidarity\/","title":{"rendered":"Embracing Flux \/ Deconstruction as a Form of Solidarity"},"content":{"rendered":"\n<p>Dialog um\u011blc\u016f ze st\u0159edn\u00ed a v\u00fdchodn\u00ed Evropy inspirovan\u00fd d\u00edlem <em>De-Kon-Strukcja Krzywej Wie\u017cy II [De-konstrukce \u0161ikm\u00e9 v\u011b\u017ee II]<\/em> (1995) legend\u00e1rn\u00ed polsk\u00e9 um\u011blkyn\u011b <strong>Marie Pini\u0144sk\u00e9-Bere\u015b<\/strong> (1931\u20131999), kter\u00e1 ve sv\u00e9 tvorb\u011b zkoumala t\u00e9mata \u017eenskosti, dom\u00e1cnosti a identity prost\u0159ednictv\u00edm textilu a dal\u0161\u00edch materi\u00e1l\u016f a vyz\u00fdvala div\u00e1ky k hlubok\u00e9mu zamy\u0161len\u00ed nad jejich formou a obsahem. Um\u011blci zastoupen\u00ed na v\u00fdstav\u011b<strong><em> Embracing Flux<\/em><\/strong> roz\u0161i\u0159uj\u00ed a zpochyb\u0148uj\u00ed konven\u010dn\u00ed p\u0159\u00edstupy k pr\u00e1ci, p\u0159i\u010dem\u017e zd\u016fraz\u0148uj\u00ed vyv\u00e1\u017een\u00fd a udr\u017eiteln\u00fd p\u0159\u00edstup k um\u011bn\u00ed a \u017eivotu obecn\u011b.<\/p>\n\n\n\n<p><strong>Vernis\u00e1\u017e:\u00a0\u010dtvrtek 19. 9. 2024 \/ 18:00<\/strong><\/p>\n\n\n\n<p><a href=\"http:\/\/www.pragovka.com\" target=\"_blank\" rel=\"noreferrer noopener\">www.pragovka.com<\/a><\/p>\n","protected":false},"excerpt":{"rendered":"<p>Dialog um\u011blc\u016f ze st\u0159edn\u00ed a v\u00fdchodn\u00ed Evropy inspirovan\u00fd d\u00edlem De-Kon-Strukcja Krzywej Wie\u017cy II [De-konstrukce \u0161ikm\u00e9 v\u011b\u017ee II] (1995) legend\u00e1rn\u00ed polsk\u00e9 um\u011blkyn\u011b Marie Pini\u0144sk\u00e9-Bere\u015b (1931\u20131999), kter\u00e1 ve sv\u00e9 tvorb\u011b zkoumala t\u00e9mata \u017eenskosti, dom\u00e1cnosti a identity prost\u0159ednictv\u00edm textilu a dal\u0161\u00edch materi\u00e1l\u016f a vyz\u00fdvala div\u00e1ky k hlubok\u00e9mu zamy\u0161len\u00ed nad jejich formou a obsahem. Um\u011blci zastoupen\u00ed na v\u00fdstav\u011b Embracing [&hellip;]<\/p>\n","protected":false},"author":58,"featured_media":10914,"comment_status":"open","ping_status":"open","sticky":false,"template":"","format":"standard","meta":{"inline_featured_image":false,"_monsterinsights_skip_tracking":false,"_monsterinsights_sitenote_active":false,"_monsterinsights_sitenote_note":"","_monsterinsights_sitenote_category":0,"footnotes":""},"categories":[17,63],"tags":[],"class_list":["post-10913","post","type-post","status-publish","format-standard","has-post-thumbnail","hentry","category-program","category-vystava"],"yoast_head":"<!-- This site is optimized with the Yoast SEO plugin v24.6 - https:\/\/yoast.com\/wordpress\/plugins\/seo\/ -->\n<title>Embracing Flux \/ Deconstruction as a Form of Solidarity - Instytut Polski w Pradze<\/title>\n<meta name=\"robots\" content=\"index, follow, max-snippet:-1, max-image-preview:large, max-video-preview:-1\" \/>\n<link rel=\"canonical\" href=\"https:\/\/instytutpolski.pl\/praha\/2024\/09\/09\/embracing-flux-deconstruction-as-a-form-of-solidarity\/\" \/>\n<meta property=\"og:locale\" content=\"pl_PL\" \/>\n<meta property=\"og:type\" content=\"article\" \/>\n<meta property=\"og:title\" content=\"Embracing Flux \/ Deconstruction as a Form of Solidarity - Instytut Polski w Pradze\" \/>\n<meta property=\"og:description\" content=\"Dialog um\u011blc\u016f ze st\u0159edn\u00ed a v\u00fdchodn\u00ed Evropy inspirovan\u00fd d\u00edlem De-Kon-Strukcja Krzywej Wie\u017cy II [De-konstrukce \u0161ikm\u00e9 v\u011b\u017ee II] (1995) legend\u00e1rn\u00ed polsk\u00e9 um\u011blkyn\u011b Marie Pini\u0144sk\u00e9-Bere\u015b (1931\u20131999), kter\u00e1 ve sv\u00e9 tvorb\u011b zkoumala t\u00e9mata \u017eenskosti, dom\u00e1cnosti a identity prost\u0159ednictv\u00edm textilu a dal\u0161\u00edch materi\u00e1l\u016f a vyz\u00fdvala div\u00e1ky k hlubok\u00e9mu zamy\u0161len\u00ed nad jejich formou a obsahem. Um\u011blci zastoupen\u00ed na v\u00fdstav\u011b Embracing [&hellip;]\" \/>\n<meta property=\"og:url\" content=\"https:\/\/instytutpolski.pl\/praha\/2024\/09\/09\/embracing-flux-deconstruction-as-a-form-of-solidarity\/\" \/>\n<meta property=\"og:site_name\" content=\"Instytut Polski w Pradze\" \/>\n<meta property=\"article:author\" content=\"https:\/\/www.facebook.com\/polskyinstitut\" \/>\n<meta property=\"article:published_time\" content=\"2024-09-09T08:49:45+00:00\" \/>\n<meta property=\"article:modified_time\" content=\"2024-12-16T08:53:28+00:00\" \/>\n<meta property=\"og:image\" content=\"https:\/\/instytutpolski.pl\/praha\/wp-content\/uploads\/sites\/10\/2024\/09\/ef_artist_beres-1.png\" \/>\n\t<meta property=\"og:image:width\" content=\"1476\" \/>\n\t<meta property=\"og:image:height\" content=\"1181\" \/>\n\t<meta property=\"og:image:type\" content=\"image\/png\" \/>\n<meta name=\"author\" content=\"rohanovaj\" \/>\n<meta name=\"twitter:card\" content=\"summary_large_image\" \/>\n<meta name=\"twitter:creator\" content=\"@PLInst_Praha\" \/>\n<meta name=\"twitter:label1\" content=\"Napisane przez\" \/>\n\t<meta name=\"twitter:data1\" content=\"rohanovaj\" \/>\n\t<meta name=\"twitter:label2\" content=\"Szacowany czas czytania\" \/>\n\t<meta name=\"twitter:data2\" content=\"1 minuta\" \/>\n<script type=\"application\/ld+json\" class=\"yoast-schema-graph\">{\"@context\":\"https:\/\/schema.org\",\"@graph\":[{\"@type\":\"event\",\"@id\":\"https:\/\/instytutpolski.pl\/praha\/2024\/09\/09\/embracing-flux-deconstruction-as-a-form-of-solidarity\/\",\"url\":\"https:\/\/instytutpolski.pl\/praha\/2024\/09\/09\/embracing-flux-deconstruction-as-a-form-of-solidarity\/\",\"name\":\"Embracing Flux \/ Deconstruction as a Form of Solidarity\",\"isPartOf\":{\"@id\":\"https:\/\/instytutpolski.pl\/praha\/#website\"},\"primaryImageOfPage\":{\"@id\":\"https:\/\/instytutpolski.pl\/praha\/2024\/09\/09\/embracing-flux-deconstruction-as-a-form-of-solidarity\/#primaryimage\"},\"image\":[\"https:\/\/instytutpolski.pl\/praha\/wp-content\/uploads\/sites\/10\/2024\/09\/ef_artist_beres-1.png\",\"https:\/\/instytutpolski.pl\/praha\/wp-content\/uploads\/sites\/10\/2024\/09\/ef_artist_beres-1-300x240.png\",\"https:\/\/instytutpolski.pl\/praha\/wp-content\/uploads\/sites\/10\/2024\/09\/ef_artist_beres-1-1024x819.png\",\"https:\/\/instytutpolski.pl\/praha\/wp-content\/uploads\/sites\/10\/2024\/09\/ef_artist_beres-1.png\"],\"thumbnailUrl\":\"https:\/\/instytutpolski.pl\/praha\/wp-content\/uploads\/sites\/10\/2024\/09\/ef_artist_beres-1.png\",\"datePublished\":\"2024-09-09T08:49:45+02:00\",\"dateModified\":\"2024-12-16T08:53:28+02:00\",\"author\":{\"@id\":\"https:\/\/instytutpolski.pl\/praha\/#\/schema\/person\/b2616b1ced73c37295485071793a3747\"},\"breadcrumb\":{\"@id\":\"https:\/\/instytutpolski.pl\/praha\/2024\/09\/09\/embracing-flux-deconstruction-as-a-form-of-solidarity\/#breadcrumb\"},\"inLanguage\":\"pl-PL\",\"potentialAction\":[{\"@type\":\"ReadAction\",\"target\":[\"https:\/\/instytutpolski.pl\/praha\/2024\/09\/09\/embracing-flux-deconstruction-as-a-form-of-solidarity\/\"]}],\"@context\":\"https:\/\/schema.org\",\"startDate\":\"2024-09-20\",\"endDate\":\"2024-12-15\",\"eventStatus\":\"EventScheduled\",\"eventAttendanceMode\":\"OfflineEventAttendanceMode\",\"location\":{\"@type\":\"place\",\"name\":\"Praha \/ Pragovka, Kolbenova 923\/34a \",\"address\":\"Praha \/ Pragovka, Kolbenova 923\/34a \",\"geo\":{\"@type\":\"GeoCoordinates\",\"latitude\":\"50.051332385781905\",\"longitude\":\"14.439725519287826\"}},\"description\":\"Dialog um\u011blc\u016f ze st\u0159edn\u00ed a v\u00fdchodn\u00ed Evropy inspirovan\u00fd d\u00edlem De-Kon-Strukcja Krzywej Wie\u017cy II [De-konstrukce \u0161ikm\u00e9 v\u011b\u017ee II] (1995) legend\u00e1rn\u00ed polsk\u00e9 um\u011blkyn\u011b Marie Pini\u0144sk\u00e9-Bere\u015b (1931\u20131999), kter\u00e1 ve sv\u00e9 tvorb\u011b zkoumala t\u00e9mata \u017eenskosti, dom\u00e1cnosti a identity prost\u0159ednictv\u00edm textilu a dal\u0161\u00edch materi\u00e1l\u016f a vyz\u00fdvala div\u00e1ky k hlubok\u00e9mu zamy\u0161len\u00ed nad jejich formou a obsahem. Um\u011blci zastoupen\u00ed na v\u00fdstav\u011b Embracing Flux roz\u0161i\u0159uj\u00ed a zpochyb\u0148uj\u00ed konven\u010dn\u00ed p\u0159\u00edstupy k pr\u00e1ci, p\u0159i\u010dem\u017e zd\u016fraz\u0148uj\u00ed vyv\u00e1\u017een\u00fd a udr\u017eiteln\u00fd p\u0159\u00edstup k um\u011bn\u00ed a \u017eivotu obecn\u011b.\\nVernis\u00e1\u017e:\u00a0\u010dtvrtek 19. 9. 2024 \/ 18:00\\nwww.pragovka.com\"},{\"@type\":\"ImageObject\",\"inLanguage\":\"pl-PL\",\"@id\":\"https:\/\/instytutpolski.pl\/praha\/2024\/09\/09\/embracing-flux-deconstruction-as-a-form-of-solidarity\/#primaryimage\",\"url\":\"https:\/\/instytutpolski.pl\/praha\/wp-content\/uploads\/sites\/10\/2024\/09\/ef_artist_beres-1.png\",\"contentUrl\":\"https:\/\/instytutpolski.pl\/praha\/wp-content\/uploads\/sites\/10\/2024\/09\/ef_artist_beres-1.png\",\"width\":1476,\"height\":1181,\"caption\":\"Publikov\u00e1no s laskav\u00fdm svolen\u00edm sb\u00edrky Zach\u0119ta \u2013 Narodowa Galeria Sztuki, Polsko.\"},{\"@type\":\"BreadcrumbList\",\"@id\":\"https:\/\/instytutpolski.pl\/praha\/2024\/09\/09\/embracing-flux-deconstruction-as-a-form-of-solidarity\/#breadcrumb\",\"itemListElement\":[{\"@type\":\"ListItem\",\"position\":1,\"name\":\"Home\",\"item\":\"https:\/\/instytutpolski.pl\/praha\/\"},{\"@type\":\"ListItem\",\"position\":2,\"name\":\"Embracing Flux \/ Deconstruction as a Form of Solidarity\"}]},{\"@type\":\"WebSite\",\"@id\":\"https:\/\/instytutpolski.pl\/praha\/#website\",\"url\":\"https:\/\/instytutpolski.pl\/praha\/\",\"name\":\"Instytut Polski w Pradze\",\"description\":\"Instytuty Polskie\",\"potentialAction\":[{\"@type\":\"SearchAction\",\"target\":{\"@type\":\"EntryPoint\",\"urlTemplate\":\"https:\/\/instytutpolski.pl\/praha\/?s={search_term_string}\"},\"query-input\":{\"@type\":\"PropertyValueSpecification\",\"valueRequired\":true,\"valueName\":\"search_term_string\"}}],\"inLanguage\":\"pl-PL\"},{\"@type\":\"Person\",\"@id\":\"https:\/\/instytutpolski.pl\/praha\/#\/schema\/person\/b2616b1ced73c37295485071793a3747\",\"name\":\"rohanovaj\",\"image\":{\"@type\":\"ImageObject\",\"inLanguage\":\"pl-PL\",\"@id\":\"https:\/\/instytutpolski.pl\/praha\/#\/schema\/person\/image\/\",\"url\":\"https:\/\/secure.gravatar.com\/avatar\/e3ce3a936d8c3611e66fbcc40f1fb845?s=96&d=mm&r=g\",\"contentUrl\":\"https:\/\/secure.gravatar.com\/avatar\/e3ce3a936d8c3611e66fbcc40f1fb845?s=96&d=mm&r=g\",\"caption\":\"rohanovaj\"},\"sameAs\":[\"https:\/\/www.facebook.com\/polskyinstitut\",\"https:\/\/www.instagram.com\/polinst_praha\/\",\"https:\/\/x.com\/PLInst_Praha\",\"https:\/\/www.youtube.com\/user\/polskyinstitut\"],\"url\":\"https:\/\/instytutpolski.pl\/praha\/author\/rohanovaj\/\"}]}<\/script>\n<!-- \/ Yoast SEO plugin. -->","yoast_head_json":{"title":"Embracing Flux \/ Deconstruction as a Form of Solidarity - Instytut Polski w Pradze","robots":{"index":"index","follow":"follow","max-snippet":"max-snippet:-1","max-image-preview":"max-image-preview:large","max-video-preview":"max-video-preview:-1"},"canonical":"https:\/\/instytutpolski.pl\/praha\/2024\/09\/09\/embracing-flux-deconstruction-as-a-form-of-solidarity\/","og_locale":"pl_PL","og_type":"article","og_title":"Embracing Flux \/ Deconstruction as a Form of Solidarity - Instytut Polski w Pradze","og_description":"Dialog um\u011blc\u016f ze st\u0159edn\u00ed a v\u00fdchodn\u00ed Evropy inspirovan\u00fd d\u00edlem De-Kon-Strukcja Krzywej Wie\u017cy II [De-konstrukce \u0161ikm\u00e9 v\u011b\u017ee II] (1995) legend\u00e1rn\u00ed polsk\u00e9 um\u011blkyn\u011b Marie Pini\u0144sk\u00e9-Bere\u015b (1931\u20131999), kter\u00e1 ve sv\u00e9 tvorb\u011b zkoumala t\u00e9mata \u017eenskosti, dom\u00e1cnosti a identity prost\u0159ednictv\u00edm textilu a dal\u0161\u00edch materi\u00e1l\u016f a vyz\u00fdvala div\u00e1ky k hlubok\u00e9mu zamy\u0161len\u00ed nad jejich formou a obsahem. Um\u011blci zastoupen\u00ed na v\u00fdstav\u011b Embracing [&hellip;]","og_url":"https:\/\/instytutpolski.pl\/praha\/2024\/09\/09\/embracing-flux-deconstruction-as-a-form-of-solidarity\/","og_site_name":"Instytut Polski w Pradze","article_author":"https:\/\/www.facebook.com\/polskyinstitut","article_published_time":"2024-09-09T08:49:45+00:00","article_modified_time":"2024-12-16T08:53:28+00:00","og_image":[{"width":1476,"height":1181,"url":"https:\/\/instytutpolski.pl\/praha\/wp-content\/uploads\/sites\/10\/2024\/09\/ef_artist_beres-1.png","type":"image\/png"}],"author":"rohanovaj","twitter_card":"summary_large_image","twitter_creator":"@PLInst_Praha","twitter_misc":{"Napisane przez":"rohanovaj","Szacowany czas czytania":"1 minuta"},"schema":{"@context":"https:\/\/schema.org","@graph":[{"@type":"event","@id":"https:\/\/instytutpolski.pl\/praha\/2024\/09\/09\/embracing-flux-deconstruction-as-a-form-of-solidarity\/","url":"https:\/\/instytutpolski.pl\/praha\/2024\/09\/09\/embracing-flux-deconstruction-as-a-form-of-solidarity\/","name":"Embracing Flux \/ Deconstruction as a Form of Solidarity","isPartOf":{"@id":"https:\/\/instytutpolski.pl\/praha\/#website"},"primaryImageOfPage":{"@id":"https:\/\/instytutpolski.pl\/praha\/2024\/09\/09\/embracing-flux-deconstruction-as-a-form-of-solidarity\/#primaryimage"},"image":["https:\/\/instytutpolski.pl\/praha\/wp-content\/uploads\/sites\/10\/2024\/09\/ef_artist_beres-1.png","https:\/\/instytutpolski.pl\/praha\/wp-content\/uploads\/sites\/10\/2024\/09\/ef_artist_beres-1-300x240.png","https:\/\/instytutpolski.pl\/praha\/wp-content\/uploads\/sites\/10\/2024\/09\/ef_artist_beres-1-1024x819.png","https:\/\/instytutpolski.pl\/praha\/wp-content\/uploads\/sites\/10\/2024\/09\/ef_artist_beres-1.png"],"thumbnailUrl":"https:\/\/instytutpolski.pl\/praha\/wp-content\/uploads\/sites\/10\/2024\/09\/ef_artist_beres-1.png","datePublished":"2024-09-09T08:49:45+02:00","dateModified":"2024-12-16T08:53:28+02:00","author":{"@id":"https:\/\/instytutpolski.pl\/praha\/#\/schema\/person\/b2616b1ced73c37295485071793a3747"},"breadcrumb":{"@id":"https:\/\/instytutpolski.pl\/praha\/2024\/09\/09\/embracing-flux-deconstruction-as-a-form-of-solidarity\/#breadcrumb"},"inLanguage":"pl-PL","potentialAction":[{"@type":"ReadAction","target":["https:\/\/instytutpolski.pl\/praha\/2024\/09\/09\/embracing-flux-deconstruction-as-a-form-of-solidarity\/"]}],"@context":"https:\/\/schema.org","startDate":"2024-09-20","endDate":"2024-12-15","eventStatus":"EventScheduled","eventAttendanceMode":"OfflineEventAttendanceMode","location":{"@type":"place","name":"Praha \/ Pragovka, Kolbenova 923\/34a ","address":"Praha \/ Pragovka, Kolbenova 923\/34a ","geo":{"@type":"GeoCoordinates","latitude":"50.051332385781905","longitude":"14.439725519287826"}},"description":"Dialog um\u011blc\u016f ze st\u0159edn\u00ed a v\u00fdchodn\u00ed Evropy inspirovan\u00fd d\u00edlem De-Kon-Strukcja Krzywej Wie\u017cy II [De-konstrukce \u0161ikm\u00e9 v\u011b\u017ee II] (1995) legend\u00e1rn\u00ed polsk\u00e9 um\u011blkyn\u011b Marie Pini\u0144sk\u00e9-Bere\u015b (1931\u20131999), kter\u00e1 ve sv\u00e9 tvorb\u011b zkoumala t\u00e9mata \u017eenskosti, dom\u00e1cnosti a identity prost\u0159ednictv\u00edm textilu a dal\u0161\u00edch materi\u00e1l\u016f a vyz\u00fdvala div\u00e1ky k hlubok\u00e9mu zamy\u0161len\u00ed nad jejich formou a obsahem. Um\u011blci zastoupen\u00ed na v\u00fdstav\u011b Embracing Flux roz\u0161i\u0159uj\u00ed a zpochyb\u0148uj\u00ed konven\u010dn\u00ed p\u0159\u00edstupy k pr\u00e1ci, p\u0159i\u010dem\u017e zd\u016fraz\u0148uj\u00ed vyv\u00e1\u017een\u00fd a udr\u017eiteln\u00fd p\u0159\u00edstup k um\u011bn\u00ed a \u017eivotu obecn\u011b.\nVernis\u00e1\u017e:\u00a0\u010dtvrtek 19. 9. 2024 \/ 18:00\nwww.pragovka.com"},{"@type":"ImageObject","inLanguage":"pl-PL","@id":"https:\/\/instytutpolski.pl\/praha\/2024\/09\/09\/embracing-flux-deconstruction-as-a-form-of-solidarity\/#primaryimage","url":"https:\/\/instytutpolski.pl\/praha\/wp-content\/uploads\/sites\/10\/2024\/09\/ef_artist_beres-1.png","contentUrl":"https:\/\/instytutpolski.pl\/praha\/wp-content\/uploads\/sites\/10\/2024\/09\/ef_artist_beres-1.png","width":1476,"height":1181,"caption":"Publikov\u00e1no s laskav\u00fdm svolen\u00edm sb\u00edrky Zach\u0119ta \u2013 Narodowa Galeria Sztuki, Polsko."},{"@type":"BreadcrumbList","@id":"https:\/\/instytutpolski.pl\/praha\/2024\/09\/09\/embracing-flux-deconstruction-as-a-form-of-solidarity\/#breadcrumb","itemListElement":[{"@type":"ListItem","position":1,"name":"Home","item":"https:\/\/instytutpolski.pl\/praha\/"},{"@type":"ListItem","position":2,"name":"Embracing Flux \/ Deconstruction as a Form of Solidarity"}]},{"@type":"WebSite","@id":"https:\/\/instytutpolski.pl\/praha\/#website","url":"https:\/\/instytutpolski.pl\/praha\/","name":"Instytut Polski w Pradze","description":"Instytuty Polskie","potentialAction":[{"@type":"SearchAction","target":{"@type":"EntryPoint","urlTemplate":"https:\/\/instytutpolski.pl\/praha\/?s={search_term_string}"},"query-input":{"@type":"PropertyValueSpecification","valueRequired":true,"valueName":"search_term_string"}}],"inLanguage":"pl-PL"},{"@type":"Person","@id":"https:\/\/instytutpolski.pl\/praha\/#\/schema\/person\/b2616b1ced73c37295485071793a3747","name":"rohanovaj","image":{"@type":"ImageObject","inLanguage":"pl-PL","@id":"https:\/\/instytutpolski.pl\/praha\/#\/schema\/person\/image\/","url":"https:\/\/secure.gravatar.com\/avatar\/e3ce3a936d8c3611e66fbcc40f1fb845?s=96&d=mm&r=g","contentUrl":"https:\/\/secure.gravatar.com\/avatar\/e3ce3a936d8c3611e66fbcc40f1fb845?s=96&d=mm&r=g","caption":"rohanovaj"},"sameAs":["https:\/\/www.facebook.com\/polskyinstitut","https:\/\/www.instagram.com\/polinst_praha\/","https:\/\/x.com\/PLInst_Praha","https:\/\/www.youtube.com\/user\/polskyinstitut"],"url":"https:\/\/instytutpolski.pl\/praha\/author\/rohanovaj\/"}]}},"_links":{"self":[{"href":"https:\/\/instytutpolski.pl\/praha\/wp-json\/wp\/v2\/posts\/10913","targetHints":{"allow":["GET"]}}],"collection":[{"href":"https:\/\/instytutpolski.pl\/praha\/wp-json\/wp\/v2\/posts"}],"about":[{"href":"https:\/\/instytutpolski.pl\/praha\/wp-json\/wp\/v2\/types\/post"}],"author":[{"embeddable":true,"href":"https:\/\/instytutpolski.pl\/praha\/wp-json\/wp\/v2\/users\/58"}],"replies":[{"embeddable":true,"href":"https:\/\/instytutpolski.pl\/praha\/wp-json\/wp\/v2\/comments?post=10913"}],"version-history":[{"count":8,"href":"https:\/\/instytutpolski.pl\/praha\/wp-json\/wp\/v2\/posts\/10913\/revisions"}],"predecessor-version":[{"id":11318,"href":"https:\/\/instytutpolski.pl\/praha\/wp-json\/wp\/v2\/posts\/10913\/revisions\/11318"}],"wp:featuredmedia":[{"embeddable":true,"href":"https:\/\/instytutpolski.pl\/praha\/wp-json\/wp\/v2\/media\/10914"}],"wp:attachment":[{"href":"https:\/\/instytutpolski.pl\/praha\/wp-json\/wp\/v2\/media?parent=10913"}],"wp:term":[{"taxonomy":"category","embeddable":true,"href":"https:\/\/instytutpolski.pl\/praha\/wp-json\/wp\/v2\/categories?post=10913"},{"taxonomy":"post_tag","embeddable":true,"href":"https:\/\/instytutpolski.pl\/praha\/wp-json\/wp\/v2\/tags?post=10913"}],"curies":[{"name":"wp","href":"https:\/\/api.w.org\/{rel}","templated":true}]}}