{"id":14039,"date":"2026-09-03T12:52:37","date_gmt":"2026-09-03T10:52:37","guid":{"rendered":"https:\/\/instytutpolski.pl\/praha\/?p=14039"},"modified":"2026-09-03T12:53:18","modified_gmt":"2026-09-03T10:53:18","slug":"festival-finale-zaostreno-na-polsko","status":"publish","type":"post","link":"https:\/\/instytutpolski.pl\/praha\/2026\/09\/03\/festival-finale-zaostreno-na-polsko\/","title":{"rendered":"Festival Fin\u00e1le \/ Zaost\u0159eno na Polsko"},"content":{"rendered":"\n<p>Ve sv\u00e9 sekci ZOOM se letos zam\u011b\u0159\u00ed na Polsko. S&nbsp;polsk\u00fdmi filmov\u00fdmi tv\u016frci poj\u00ed \u010deskou audiovizi nadstandardn\u00ed vztah. Nen\u00ed tak p\u0159ekvapen\u00edm, \u017ee v\u0161echny celove\u010dern\u00ed filmy z t\u00e9to sekce vznikly v \u010desk\u00e9 koprodukci. Kr\u00e1tk\u00e9 filmy p\u0159edstav\u00ed tvorbu student\u016f a studentek legend\u00e1rn\u00ed filmov\u00e9 \u0161koly v Lod\u017ei, kte\u0159\u00ed je osobn\u011b uvedou. Dal\u0161\u00edm polsk\u00fdm prvkem programu budou studentsk\u00e9 filmy z&nbsp;pra\u017esk\u00e9 FAMU, kter\u00e1 letos slav\u00ed 80 let. Bude mezi nimi i p\u011bt titul\u016f nato\u010den\u00fdch polsk\u00fdmi studuj\u00edc\u00edmi, po\u010d\u00ednaje studentsk\u00fdm filmem Agnieszky Holland. V&nbsp;r\u00e1mci programu ur\u010den\u00e9ho filmov\u00fdm profesion\u00e1l\u016fm prob\u011bhne panel o koprodukc\u00edch s&nbsp;Polskem.<\/p>\n\n\n\n<p><a href=\"http:\/\/www.festivalfinale.cz\" target=\"_blank\" rel=\"noreferrer noopener\">www.festivalfinale.cz<\/a><\/p>\n","protected":false},"excerpt":{"rendered":"<p>Ve sv\u00e9 sekci ZOOM se letos zam\u011b\u0159\u00ed na Polsko. S&nbsp;polsk\u00fdmi filmov\u00fdmi tv\u016frci poj\u00ed \u010deskou audiovizi nadstandardn\u00ed vztah. Nen\u00ed tak p\u0159ekvapen\u00edm, \u017ee v\u0161echny celove\u010dern\u00ed filmy z t\u00e9to sekce vznikly v \u010desk\u00e9 koprodukci. Kr\u00e1tk\u00e9 filmy p\u0159edstav\u00ed tvorbu student\u016f a studentek legend\u00e1rn\u00ed filmov\u00e9 \u0161koly v Lod\u017ei, kte\u0159\u00ed je osobn\u011b uvedou. Dal\u0161\u00edm polsk\u00fdm prvkem programu budou studentsk\u00e9 filmy z&nbsp;pra\u017esk\u00e9 [&hellip;]<\/p>\n","protected":false},"author":58,"featured_media":14040,"comment_status":"open","ping_status":"open","sticky":false,"template":"","format":"standard","meta":{"inline_featured_image":false,"_monsterinsights_skip_tracking":false,"_monsterinsights_sitenote_active":false,"_monsterinsights_sitenote_note":"","_monsterinsights_sitenote_category":0,"footnotes":""},"categories":[29,17],"tags":[],"class_list":["post-14039","post","type-post","status-publish","format-standard","has-post-thumbnail","hentry","category-film","category-program"],"yoast_head":"<!-- This site is optimized with the Yoast SEO plugin v24.6 - https:\/\/yoast.com\/wordpress\/plugins\/seo\/ -->\n<title>Festival Fin\u00e1le \/ Zaost\u0159eno na Polsko - Instytut Polski w Pradze<\/title>\n<meta name=\"robots\" content=\"index, follow, max-snippet:-1, max-image-preview:large, max-video-preview:-1\" \/>\n<link rel=\"canonical\" href=\"https:\/\/instytutpolski.pl\/praha\/2026\/09\/03\/festival-finale-zaostreno-na-polsko\/\" \/>\n<meta property=\"og:locale\" content=\"pl_PL\" \/>\n<meta property=\"og:type\" content=\"article\" \/>\n<meta property=\"og:title\" content=\"Festival Fin\u00e1le \/ Zaost\u0159eno na Polsko - Instytut Polski w Pradze\" \/>\n<meta property=\"og:description\" content=\"Ve sv\u00e9 sekci ZOOM se letos zam\u011b\u0159\u00ed na Polsko. S&nbsp;polsk\u00fdmi filmov\u00fdmi tv\u016frci poj\u00ed \u010deskou audiovizi nadstandardn\u00ed vztah. Nen\u00ed tak p\u0159ekvapen\u00edm, \u017ee v\u0161echny celove\u010dern\u00ed filmy z t\u00e9to sekce vznikly v \u010desk\u00e9 koprodukci. Kr\u00e1tk\u00e9 filmy p\u0159edstav\u00ed tvorbu student\u016f a studentek legend\u00e1rn\u00ed filmov\u00e9 \u0161koly v Lod\u017ei, kte\u0159\u00ed je osobn\u011b uvedou. Dal\u0161\u00edm polsk\u00fdm prvkem programu budou studentsk\u00e9 filmy z&nbsp;pra\u017esk\u00e9 [&hellip;]\" \/>\n<meta property=\"og:url\" content=\"https:\/\/instytutpolski.pl\/praha\/2026\/09\/03\/festival-finale-zaostreno-na-polsko\/\" \/>\n<meta property=\"og:site_name\" content=\"Instytut Polski w Pradze\" \/>\n<meta property=\"article:author\" content=\"https:\/\/www.facebook.com\/polskyinstitut\" \/>\n<meta property=\"article:published_time\" content=\"2026-09-03T10:52:37+00:00\" \/>\n<meta property=\"article:modified_time\" content=\"2026-09-03T10:53:18+00:00\" \/>\n<meta property=\"og:image\" content=\"https:\/\/instytutpolski.pl\/praha\/wp-content\/uploads\/sites\/10\/2026\/09\/35r8rcpdm4stw2d9ovn1.png\" \/>\n\t<meta property=\"og:image:width\" content=\"629\" \/>\n\t<meta property=\"og:image:height\" content=\"904\" \/>\n\t<meta property=\"og:image:type\" content=\"image\/png\" \/>\n<meta name=\"author\" content=\"rohanovaj\" \/>\n<meta name=\"twitter:card\" content=\"summary_large_image\" \/>\n<meta name=\"twitter:creator\" content=\"@PLInst_Praha\" \/>\n<meta name=\"twitter:label1\" content=\"Napisane przez\" \/>\n\t<meta name=\"twitter:data1\" content=\"rohanovaj\" \/>\n\t<meta name=\"twitter:label2\" content=\"Szacowany czas czytania\" \/>\n\t<meta name=\"twitter:data2\" content=\"1 minuta\" \/>\n<script type=\"application\/ld+json\" class=\"yoast-schema-graph\">{\"@context\":\"https:\/\/schema.org\",\"@graph\":[{\"@type\":\"event\",\"@id\":\"https:\/\/instytutpolski.pl\/praha\/2026\/09\/03\/festival-finale-zaostreno-na-polsko\/\",\"url\":\"https:\/\/instytutpolski.pl\/praha\/2026\/09\/03\/festival-finale-zaostreno-na-polsko\/\",\"name\":\"Festival Fin\u00e1le \/ Zaost\u0159eno na Polsko\",\"isPartOf\":{\"@id\":\"https:\/\/instytutpolski.pl\/praha\/#website\"},\"primaryImageOfPage\":{\"@id\":\"https:\/\/instytutpolski.pl\/praha\/2026\/09\/03\/festival-finale-zaostreno-na-polsko\/#primaryimage\"},\"image\":[\"https:\/\/instytutpolski.pl\/praha\/wp-content\/uploads\/sites\/10\/2026\/09\/35r8rcpdm4stw2d9ovn1.png\",\"https:\/\/instytutpolski.pl\/praha\/wp-content\/uploads\/sites\/10\/2026\/09\/35r8rcpdm4stw2d9ovn1-209x300.png\",\"https:\/\/instytutpolski.pl\/praha\/wp-content\/uploads\/sites\/10\/2026\/09\/35r8rcpdm4stw2d9ovn1.png\",\"https:\/\/instytutpolski.pl\/praha\/wp-content\/uploads\/sites\/10\/2026\/09\/35r8rcpdm4stw2d9ovn1.png\"],\"thumbnailUrl\":\"https:\/\/instytutpolski.pl\/praha\/wp-content\/uploads\/sites\/10\/2026\/09\/35r8rcpdm4stw2d9ovn1.png\",\"datePublished\":\"2026-09-03T10:52:37+02:00\",\"dateModified\":\"2026-09-03T10:53:18+02:00\",\"author\":{\"@id\":\"https:\/\/instytutpolski.pl\/praha\/#\/schema\/person\/b2616b1ced73c37295485071793a3747\"},\"breadcrumb\":{\"@id\":\"https:\/\/instytutpolski.pl\/praha\/2026\/09\/03\/festival-finale-zaostreno-na-polsko\/#breadcrumb\"},\"inLanguage\":\"pl-PL\",\"potentialAction\":[{\"@type\":\"ReadAction\",\"target\":[\"https:\/\/instytutpolski.pl\/praha\/2026\/09\/03\/festival-finale-zaostreno-na-polsko\/\"]}],\"@context\":\"https:\/\/schema.org\",\"startDate\":\"2026-09-25\",\"endDate\":\"2026-09-30\",\"eventStatus\":\"EventScheduled\",\"eventAttendanceMode\":\"OfflineEventAttendanceMode\",\"location\":{\"@type\":\"place\",\"name\":\"Plze\u0148 \/ M\u011b\u0161\u0165ansk\u00e1 beseda a dal\u0161\u00ed s\u00e1ly\",\"address\":\"Plze\u0148 \/ M\u011b\u0161\u0165ansk\u00e1 beseda a dal\u0161\u00ed s\u00e1ly\",\"geo\":{\"@type\":\"GeoCoordinates\",\"latitude\":\"49.73256202207634\",\"longitude\":\"13.394360226549193\"}},\"description\":\"Ve sv\u00e9 sekci ZOOM se letos zam\u011b\u0159\u00ed na Polsko. S polsk\u00fdmi filmov\u00fdmi tv\u016frci poj\u00ed \u010deskou audiovizi nadstandardn\u00ed vztah. Nen\u00ed tak p\u0159ekvapen\u00edm, \u017ee v\u0161echny celove\u010dern\u00ed filmy z t\u00e9to sekce vznikly v \u010desk\u00e9 koprodukci. Kr\u00e1tk\u00e9 filmy p\u0159edstav\u00ed tvorbu student\u016f a studentek legend\u00e1rn\u00ed filmov\u00e9 \u0161koly v Lod\u017ei, kte\u0159\u00ed je osobn\u011b uvedou. Dal\u0161\u00edm polsk\u00fdm prvkem programu budou studentsk\u00e9 filmy z pra\u017esk\u00e9 FAMU, kter\u00e1 letos slav\u00ed 80 let. Bude mezi nimi i p\u011bt titul\u016f nato\u010den\u00fdch polsk\u00fdmi studuj\u00edc\u00edmi, po\u010d\u00ednaje studentsk\u00fdm filmem Agnieszky Holland. V r\u00e1mci programu ur\u010den\u00e9ho filmov\u00fdm profesion\u00e1l\u016fm prob\u011bhne panel o koprodukc\u00edch s Polskem.\\nwww.festivalfinale.cz\"},{\"@type\":\"ImageObject\",\"inLanguage\":\"pl-PL\",\"@id\":\"https:\/\/instytutpolski.pl\/praha\/2026\/09\/03\/festival-finale-zaostreno-na-polsko\/#primaryimage\",\"url\":\"https:\/\/instytutpolski.pl\/praha\/wp-content\/uploads\/sites\/10\/2026\/09\/35r8rcpdm4stw2d9ovn1.png\",\"contentUrl\":\"https:\/\/instytutpolski.pl\/praha\/wp-content\/uploads\/sites\/10\/2026\/09\/35r8rcpdm4stw2d9ovn1.png\",\"width\":629,\"height\":904,\"caption\":\"Plak\u00e1t k polsko-\u010desk\u00e9mu filmu Sk\u0159\u00edtek. Nov\u00fd za\u010d\u00e1tek\"},{\"@type\":\"BreadcrumbList\",\"@id\":\"https:\/\/instytutpolski.pl\/praha\/2026\/09\/03\/festival-finale-zaostreno-na-polsko\/#breadcrumb\",\"itemListElement\":[{\"@type\":\"ListItem\",\"position\":1,\"name\":\"Home\",\"item\":\"https:\/\/instytutpolski.pl\/praha\/\"},{\"@type\":\"ListItem\",\"position\":2,\"name\":\"Festival Fin\u00e1le \/ Zaost\u0159eno na Polsko\"}]},{\"@type\":\"WebSite\",\"@id\":\"https:\/\/instytutpolski.pl\/praha\/#website\",\"url\":\"https:\/\/instytutpolski.pl\/praha\/\",\"name\":\"Instytut Polski w Pradze\",\"description\":\"Instytuty Polskie\",\"potentialAction\":[{\"@type\":\"SearchAction\",\"target\":{\"@type\":\"EntryPoint\",\"urlTemplate\":\"https:\/\/instytutpolski.pl\/praha\/?s={search_term_string}\"},\"query-input\":{\"@type\":\"PropertyValueSpecification\",\"valueRequired\":true,\"valueName\":\"search_term_string\"}}],\"inLanguage\":\"pl-PL\"},{\"@type\":\"Person\",\"@id\":\"https:\/\/instytutpolski.pl\/praha\/#\/schema\/person\/b2616b1ced73c37295485071793a3747\",\"name\":\"rohanovaj\",\"image\":{\"@type\":\"ImageObject\",\"inLanguage\":\"pl-PL\",\"@id\":\"https:\/\/instytutpolski.pl\/praha\/#\/schema\/person\/image\/\",\"url\":\"https:\/\/secure.gravatar.com\/avatar\/e3ce3a936d8c3611e66fbcc40f1fb845?s=96&d=mm&r=g\",\"contentUrl\":\"https:\/\/secure.gravatar.com\/avatar\/e3ce3a936d8c3611e66fbcc40f1fb845?s=96&d=mm&r=g\",\"caption\":\"rohanovaj\"},\"sameAs\":[\"https:\/\/www.facebook.com\/polskyinstitut\",\"https:\/\/www.instagram.com\/polinst_praha\/\",\"https:\/\/x.com\/PLInst_Praha\",\"https:\/\/www.youtube.com\/user\/polskyinstitut\"],\"url\":\"https:\/\/instytutpolski.pl\/praha\/author\/rohanovaj\/\"}]}<\/script>\n<!-- \/ Yoast SEO plugin. -->","yoast_head_json":{"title":"Festival Fin\u00e1le \/ Zaost\u0159eno na Polsko - Instytut Polski w Pradze","robots":{"index":"index","follow":"follow","max-snippet":"max-snippet:-1","max-image-preview":"max-image-preview:large","max-video-preview":"max-video-preview:-1"},"canonical":"https:\/\/instytutpolski.pl\/praha\/2026\/09\/03\/festival-finale-zaostreno-na-polsko\/","og_locale":"pl_PL","og_type":"article","og_title":"Festival Fin\u00e1le \/ Zaost\u0159eno na Polsko - Instytut Polski w Pradze","og_description":"Ve sv\u00e9 sekci ZOOM se letos zam\u011b\u0159\u00ed na Polsko. S&nbsp;polsk\u00fdmi filmov\u00fdmi tv\u016frci poj\u00ed \u010deskou audiovizi nadstandardn\u00ed vztah. Nen\u00ed tak p\u0159ekvapen\u00edm, \u017ee v\u0161echny celove\u010dern\u00ed filmy z t\u00e9to sekce vznikly v \u010desk\u00e9 koprodukci. Kr\u00e1tk\u00e9 filmy p\u0159edstav\u00ed tvorbu student\u016f a studentek legend\u00e1rn\u00ed filmov\u00e9 \u0161koly v Lod\u017ei, kte\u0159\u00ed je osobn\u011b uvedou. Dal\u0161\u00edm polsk\u00fdm prvkem programu budou studentsk\u00e9 filmy z&nbsp;pra\u017esk\u00e9 [&hellip;]","og_url":"https:\/\/instytutpolski.pl\/praha\/2026\/09\/03\/festival-finale-zaostreno-na-polsko\/","og_site_name":"Instytut Polski w Pradze","article_author":"https:\/\/www.facebook.com\/polskyinstitut","article_published_time":"2026-09-03T10:52:37+00:00","article_modified_time":"2026-09-03T10:53:18+00:00","og_image":[{"width":629,"height":904,"url":"https:\/\/instytutpolski.pl\/praha\/wp-content\/uploads\/sites\/10\/2026\/09\/35r8rcpdm4stw2d9ovn1.png","type":"image\/png"}],"author":"rohanovaj","twitter_card":"summary_large_image","twitter_creator":"@PLInst_Praha","twitter_misc":{"Napisane przez":"rohanovaj","Szacowany czas czytania":"1 minuta"},"schema":{"@context":"https:\/\/schema.org","@graph":[{"@type":"event","@id":"https:\/\/instytutpolski.pl\/praha\/2026\/09\/03\/festival-finale-zaostreno-na-polsko\/","url":"https:\/\/instytutpolski.pl\/praha\/2026\/09\/03\/festival-finale-zaostreno-na-polsko\/","name":"Festival Fin\u00e1le \/ Zaost\u0159eno na Polsko","isPartOf":{"@id":"https:\/\/instytutpolski.pl\/praha\/#website"},"primaryImageOfPage":{"@id":"https:\/\/instytutpolski.pl\/praha\/2026\/09\/03\/festival-finale-zaostreno-na-polsko\/#primaryimage"},"image":["https:\/\/instytutpolski.pl\/praha\/wp-content\/uploads\/sites\/10\/2026\/09\/35r8rcpdm4stw2d9ovn1.png","https:\/\/instytutpolski.pl\/praha\/wp-content\/uploads\/sites\/10\/2026\/09\/35r8rcpdm4stw2d9ovn1-209x300.png","https:\/\/instytutpolski.pl\/praha\/wp-content\/uploads\/sites\/10\/2026\/09\/35r8rcpdm4stw2d9ovn1.png","https:\/\/instytutpolski.pl\/praha\/wp-content\/uploads\/sites\/10\/2026\/09\/35r8rcpdm4stw2d9ovn1.png"],"thumbnailUrl":"https:\/\/instytutpolski.pl\/praha\/wp-content\/uploads\/sites\/10\/2026\/09\/35r8rcpdm4stw2d9ovn1.png","datePublished":"2026-09-03T10:52:37+02:00","dateModified":"2026-09-03T10:53:18+02:00","author":{"@id":"https:\/\/instytutpolski.pl\/praha\/#\/schema\/person\/b2616b1ced73c37295485071793a3747"},"breadcrumb":{"@id":"https:\/\/instytutpolski.pl\/praha\/2026\/09\/03\/festival-finale-zaostreno-na-polsko\/#breadcrumb"},"inLanguage":"pl-PL","potentialAction":[{"@type":"ReadAction","target":["https:\/\/instytutpolski.pl\/praha\/2026\/09\/03\/festival-finale-zaostreno-na-polsko\/"]}],"@context":"https:\/\/schema.org","startDate":"2026-09-25","endDate":"2026-09-30","eventStatus":"EventScheduled","eventAttendanceMode":"OfflineEventAttendanceMode","location":{"@type":"place","name":"Plze\u0148 \/ M\u011b\u0161\u0165ansk\u00e1 beseda a dal\u0161\u00ed s\u00e1ly","address":"Plze\u0148 \/ M\u011b\u0161\u0165ansk\u00e1 beseda a dal\u0161\u00ed s\u00e1ly","geo":{"@type":"GeoCoordinates","latitude":"49.73256202207634","longitude":"13.394360226549193"}},"description":"Ve sv\u00e9 sekci ZOOM se letos zam\u011b\u0159\u00ed na Polsko. S polsk\u00fdmi filmov\u00fdmi tv\u016frci poj\u00ed \u010deskou audiovizi nadstandardn\u00ed vztah. Nen\u00ed tak p\u0159ekvapen\u00edm, \u017ee v\u0161echny celove\u010dern\u00ed filmy z t\u00e9to sekce vznikly v \u010desk\u00e9 koprodukci. Kr\u00e1tk\u00e9 filmy p\u0159edstav\u00ed tvorbu student\u016f a studentek legend\u00e1rn\u00ed filmov\u00e9 \u0161koly v Lod\u017ei, kte\u0159\u00ed je osobn\u011b uvedou. Dal\u0161\u00edm polsk\u00fdm prvkem programu budou studentsk\u00e9 filmy z pra\u017esk\u00e9 FAMU, kter\u00e1 letos slav\u00ed 80 let. Bude mezi nimi i p\u011bt titul\u016f nato\u010den\u00fdch polsk\u00fdmi studuj\u00edc\u00edmi, po\u010d\u00ednaje studentsk\u00fdm filmem Agnieszky Holland. V r\u00e1mci programu ur\u010den\u00e9ho filmov\u00fdm profesion\u00e1l\u016fm prob\u011bhne panel o koprodukc\u00edch s Polskem.\nwww.festivalfinale.cz"},{"@type":"ImageObject","inLanguage":"pl-PL","@id":"https:\/\/instytutpolski.pl\/praha\/2026\/09\/03\/festival-finale-zaostreno-na-polsko\/#primaryimage","url":"https:\/\/instytutpolski.pl\/praha\/wp-content\/uploads\/sites\/10\/2026\/09\/35r8rcpdm4stw2d9ovn1.png","contentUrl":"https:\/\/instytutpolski.pl\/praha\/wp-content\/uploads\/sites\/10\/2026\/09\/35r8rcpdm4stw2d9ovn1.png","width":629,"height":904,"caption":"Plak\u00e1t k polsko-\u010desk\u00e9mu filmu Sk\u0159\u00edtek. Nov\u00fd za\u010d\u00e1tek"},{"@type":"BreadcrumbList","@id":"https:\/\/instytutpolski.pl\/praha\/2026\/09\/03\/festival-finale-zaostreno-na-polsko\/#breadcrumb","itemListElement":[{"@type":"ListItem","position":1,"name":"Home","item":"https:\/\/instytutpolski.pl\/praha\/"},{"@type":"ListItem","position":2,"name":"Festival Fin\u00e1le \/ Zaost\u0159eno na Polsko"}]},{"@type":"WebSite","@id":"https:\/\/instytutpolski.pl\/praha\/#website","url":"https:\/\/instytutpolski.pl\/praha\/","name":"Instytut Polski w Pradze","description":"Instytuty Polskie","potentialAction":[{"@type":"SearchAction","target":{"@type":"EntryPoint","urlTemplate":"https:\/\/instytutpolski.pl\/praha\/?s={search_term_string}"},"query-input":{"@type":"PropertyValueSpecification","valueRequired":true,"valueName":"search_term_string"}}],"inLanguage":"pl-PL"},{"@type":"Person","@id":"https:\/\/instytutpolski.pl\/praha\/#\/schema\/person\/b2616b1ced73c37295485071793a3747","name":"rohanovaj","image":{"@type":"ImageObject","inLanguage":"pl-PL","@id":"https:\/\/instytutpolski.pl\/praha\/#\/schema\/person\/image\/","url":"https:\/\/secure.gravatar.com\/avatar\/e3ce3a936d8c3611e66fbcc40f1fb845?s=96&d=mm&r=g","contentUrl":"https:\/\/secure.gravatar.com\/avatar\/e3ce3a936d8c3611e66fbcc40f1fb845?s=96&d=mm&r=g","caption":"rohanovaj"},"sameAs":["https:\/\/www.facebook.com\/polskyinstitut","https:\/\/www.instagram.com\/polinst_praha\/","https:\/\/x.com\/PLInst_Praha","https:\/\/www.youtube.com\/user\/polskyinstitut"],"url":"https:\/\/instytutpolski.pl\/praha\/author\/rohanovaj\/"}]}},"_links":{"self":[{"href":"https:\/\/instytutpolski.pl\/praha\/wp-json\/wp\/v2\/posts\/14039","targetHints":{"allow":["GET"]}}],"collection":[{"href":"https:\/\/instytutpolski.pl\/praha\/wp-json\/wp\/v2\/posts"}],"about":[{"href":"https:\/\/instytutpolski.pl\/praha\/wp-json\/wp\/v2\/types\/post"}],"author":[{"embeddable":true,"href":"https:\/\/instytutpolski.pl\/praha\/wp-json\/wp\/v2\/users\/58"}],"replies":[{"embeddable":true,"href":"https:\/\/instytutpolski.pl\/praha\/wp-json\/wp\/v2\/comments?post=14039"}],"version-history":[{"count":3,"href":"https:\/\/instytutpolski.pl\/praha\/wp-json\/wp\/v2\/posts\/14039\/revisions"}],"predecessor-version":[{"id":14043,"href":"https:\/\/instytutpolski.pl\/praha\/wp-json\/wp\/v2\/posts\/14039\/revisions\/14043"}],"wp:featuredmedia":[{"embeddable":true,"href":"https:\/\/instytutpolski.pl\/praha\/wp-json\/wp\/v2\/media\/14040"}],"wp:attachment":[{"href":"https:\/\/instytutpolski.pl\/praha\/wp-json\/wp\/v2\/media?parent=14039"}],"wp:term":[{"taxonomy":"category","embeddable":true,"href":"https:\/\/instytutpolski.pl\/praha\/wp-json\/wp\/v2\/categories?post=14039"},{"taxonomy":"post_tag","embeddable":true,"href":"https:\/\/instytutpolski.pl\/praha\/wp-json\/wp\/v2\/tags?post=14039"}],"curies":[{"name":"wp","href":"https:\/\/api.w.org\/{rel}","templated":true}]}}