{"id":14059,"date":"2026-09-04T13:04:46","date_gmt":"2026-09-04T11:04:46","guid":{"rendered":"https:\/\/instytutpolski.pl\/praha\/?p=14059"},"modified":"2026-09-04T13:05:41","modified_gmt":"2026-09-04T11:05:41","slug":"bester-quertet","status":"publish","type":"post","link":"https:\/\/instytutpolski.pl\/praha\/2026\/09\/04\/bester-quertet\/","title":{"rendered":"Bester Quertet"},"content":{"rendered":"\n<p>Skupina hraje \u010dist\u011b instrument\u00e1ln\u00ed skladby, navazuj\u00edc\u00ed na v\u00fdchodoevropskou hudebn\u00ed tradici. Jsou ur\u010deny k poslechu a nikoli k tanci. I kdy\u017e hr\u00e1\u010di disponuj\u00ed virtuozitou vych\u00e1zej\u00edc\u00ed z v\u00e1\u017en\u00e9 hudby, na koncertech p\u0159evl\u00e1d\u00e1 spiritualita nad exhibic\u00ed.<\/p>\n\n\n\n<p>Skupina pod veden\u00edm Jaros\u0142awa Bestera debutovala roku 2000 albem <em>De Profundis<\/em> na zna\u010dce Tzadik, kterou vede avantgardn\u00ed newyorsk\u00fd saxofonista John Zorn. V reperto\u00e1ru m\u00e1 t\u00e9mata z tradice star\u00fdch v\u00fdchodoevropsk\u00fdch klezmerband\u016f, v jejich zpracov\u00e1n\u00ed se uplat\u0148uje improvizace i technicky dokonal\u00e9 zvl\u00e1dnut\u00ed akustick\u00fdch n\u00e1stroj\u016f \u2013 housl\u00ed, akordeonu, klarinetu a perkus\u00ed.<\/p>\n\n\n\n<p>Krakov, domovsk\u00e9 m\u011bsto skupiny, se nestal epicentrem v\u00fdchodoevropsk\u00e9ho klezmeru n\u00e1hodou. \u017didovskou \u010d\u00e1st m\u011bsta Kazimierz zalo\u017eil roku 1335 polsk\u00fd kr\u00e1l Kazim\u00edr Velik\u00fd \u2013 a ta se pak stala na n\u011bkolik stolet\u00ed evropskou \u017eidovskou metropol\u00ed. Tuto \u00e9ru tragicky ukon\u010dila druh\u00e1 sv\u011btov\u00e1 v\u00e1lka. Holocaustem vylidn\u011bn\u00e1 Kazimierz z\u016fstala v ruin\u00e1ch i b\u011bhem \u010dty\u0159iceti p\u011bti let dlouh\u00e9 totalitn\u00ed \u00e9ry, d\u00edky \u010demu\u017e p\u0159edstavovala zcela p\u0159irozen\u00e9 prost\u0159ed\u00ed pro nat\u00e1\u010den\u00ed filmu Schindler\u016fv seznam re\u017eis\u00e9ra Stevena Spielberga. Film m\u011bl pozd\u011bji premi\u00e9ru soub\u011b\u017en\u011b v Los Angeles a Krakov\u011b, publicita se stala impulsem k obnov\u011b m\u011bsta. Dnes je Kazimierz \u010derstv\u011b zrenovovanou \u010d\u00e1st\u00ed Krakova a t\u00e9\u017e d\u011bji\u0161t\u011bm Mezin\u00e1rodn\u00edho festivalu \u017eidovsk\u00e9 kultury, pod jeho\u017e z\u00e1\u0161titou Bester Quartet vznikl.<\/p>\n\n\n\n<p>Bester Quartet existuje od roku 1997, kdy jeho \u010dlenov\u00e9 studovali na Krakovsk\u00e9 hudebn\u00ed akademii. Proto\u017ee hudebn\u00edci si tehdy pot\u0159ebovali p\u0159ivyd\u011blat, za\u010dali hr\u00e1t klezmer v m\u00edstn\u00ed restauraci. Tradi\u010dn\u00ed \u017eidovsk\u00fd reperto\u00e1r inspiroval kapeln\u00edka Jaros\u0142awa Bestera k vlastn\u00edm skladb\u00e1m, a kdy\u017e roku 2000 skupina poslala nahr\u00e1vky newyorsk\u00e9mu avantgardistovi Johnu Zornovi, ten se rozhodl ji vydat na sv\u00e9 zna\u010dce Tzadik.<\/p>\n\n\n\n<p>Hlavn\u00ed inspirac\u00ed pro skupinu nebyly novodob\u00e9 ans\u00e1mbly typu Klezmatics, ale archivn\u00ed nahr\u00e1vky prvn\u00ed generace \u017eidovsk\u00fdch p\u0159ist\u011bhovalc\u016f ve Spojen\u00fdch st\u00e1tech. \u201eKlezmer jsme poslouchali z p\u0159edv\u00e1le\u010dn\u00fdch nahr\u00e1vek, kter\u00e9 nato\u010dili nap\u0159\u00edklad klarinetist\u00e9 Dave Tarras, Naftule Brandwin, oba poch\u00e1zeli z Ukrajiny. Nejprve jsme tedy hr\u00e1li tradi\u010dn\u00ed \u017eidovskou hudbu, pak jsme ji za\u010dali transformovat. Zlom nastal, kdy\u017e Jaros\u0142aw Bester napsal svoji prvn\u00ed skladbu <em>De Profundis<\/em> pro stejnojmenn\u00e9 prvn\u00ed album. Tehdy jsme za\u010dali revidovat na\u0161e n\u00e1zory, a to jak na \u017eidovskou hudbu, tak i na hudbu obecn\u011b. Na\u0161e hudba se posunula od tradi\u010dn\u00edho reperto\u00e1ru k vlastn\u00edm skladb\u00e1m, od \u017eidovsk\u00fdch styl\u016f k hudb\u011b soudob\u00e9 a\u017e avantgardn\u00ed.\u201c<\/p>\n\n\n\n<ol class=\"wp-block-list\">\n<li>10. \/ 19:30<\/li>\n<\/ol>\n\n\n\n<p class=\"has-medium-font-size\"><strong>Vstupenky k zakoupen\u00ed na str\u00e1nk\u00e1ch po\u0159adatele <a href=\"https:\/\/rachot.cz\/bester-quartet-2\/\" target=\"_blank\" rel=\"noreferrer noopener\">Rachot<\/a>.<\/strong><\/p>\n","protected":false},"excerpt":{"rendered":"<p>Skupina hraje \u010dist\u011b instrument\u00e1ln\u00ed skladby, navazuj\u00edc\u00ed na v\u00fdchodoevropskou hudebn\u00ed tradici. Jsou ur\u010deny k poslechu a nikoli k tanci. I kdy\u017e hr\u00e1\u010di disponuj\u00ed virtuozitou vych\u00e1zej\u00edc\u00ed z v\u00e1\u017en\u00e9 hudby, na koncertech p\u0159evl\u00e1d\u00e1 spiritualita nad exhibic\u00ed. Skupina pod veden\u00edm Jaros\u0142awa Bestera debutovala roku 2000 albem De Profundis na zna\u010dce Tzadik, kterou vede avantgardn\u00ed newyorsk\u00fd saxofonista John Zorn. V [&hellip;]<\/p>\n","protected":false},"author":58,"featured_media":14060,"comment_status":"open","ping_status":"open","sticky":false,"template":"","format":"standard","meta":{"inline_featured_image":false,"_monsterinsights_skip_tracking":false,"_monsterinsights_sitenote_active":false,"_monsterinsights_sitenote_note":"","_monsterinsights_sitenote_category":0,"footnotes":""},"categories":[1,37,17],"tags":[],"class_list":["post-14059","post","type-post","status-publish","format-standard","has-post-thumbnail","hentry","category-aktuality","category-koncert","category-program"],"yoast_head":"<!-- This site is optimized with the Yoast SEO plugin v24.6 - https:\/\/yoast.com\/wordpress\/plugins\/seo\/ -->\n<title>Bester Quertet - Instytut Polski w Pradze<\/title>\n<meta name=\"robots\" content=\"index, follow, max-snippet:-1, max-image-preview:large, max-video-preview:-1\" \/>\n<link rel=\"canonical\" href=\"https:\/\/instytutpolski.pl\/praha\/2026\/09\/04\/bester-quertet\/\" \/>\n<meta property=\"og:locale\" content=\"pl_PL\" \/>\n<meta property=\"og:type\" content=\"article\" \/>\n<meta property=\"og:title\" content=\"Bester Quertet - Instytut Polski w Pradze\" \/>\n<meta property=\"og:description\" content=\"Skupina hraje \u010dist\u011b instrument\u00e1ln\u00ed skladby, navazuj\u00edc\u00ed na v\u00fdchodoevropskou hudebn\u00ed tradici. Jsou ur\u010deny k poslechu a nikoli k tanci. I kdy\u017e hr\u00e1\u010di disponuj\u00ed virtuozitou vych\u00e1zej\u00edc\u00ed z v\u00e1\u017en\u00e9 hudby, na koncertech p\u0159evl\u00e1d\u00e1 spiritualita nad exhibic\u00ed. Skupina pod veden\u00edm Jaros\u0142awa Bestera debutovala roku 2000 albem De Profundis na zna\u010dce Tzadik, kterou vede avantgardn\u00ed newyorsk\u00fd saxofonista John Zorn. V [&hellip;]\" \/>\n<meta property=\"og:url\" content=\"https:\/\/instytutpolski.pl\/praha\/2026\/09\/04\/bester-quertet\/\" \/>\n<meta property=\"og:site_name\" content=\"Instytut Polski w Pradze\" \/>\n<meta property=\"article:author\" content=\"https:\/\/www.facebook.com\/polskyinstitut\" \/>\n<meta property=\"article:published_time\" content=\"2026-09-04T11:04:46+00:00\" \/>\n<meta property=\"article:modified_time\" content=\"2026-09-04T11:05:41+00:00\" \/>\n<meta property=\"og:image\" content=\"https:\/\/instytutpolski.pl\/praha\/wp-content\/uploads\/sites\/10\/2026\/09\/Bester-Quartet-I-fot.-Jakub-Slabek-scaled.jpg\" \/>\n\t<meta property=\"og:image:width\" content=\"2560\" \/>\n\t<meta property=\"og:image:height\" content=\"1439\" \/>\n\t<meta property=\"og:image:type\" content=\"image\/jpeg\" \/>\n<meta name=\"author\" content=\"rohanovaj\" \/>\n<meta name=\"twitter:card\" content=\"summary_large_image\" \/>\n<meta name=\"twitter:creator\" content=\"@PLInst_Praha\" \/>\n<meta name=\"twitter:label1\" content=\"Napisane przez\" \/>\n\t<meta name=\"twitter:data1\" content=\"rohanovaj\" \/>\n\t<meta name=\"twitter:label2\" content=\"Szacowany czas czytania\" \/>\n\t<meta name=\"twitter:data2\" content=\"3 minuty\" \/>\n<script type=\"application\/ld+json\" class=\"yoast-schema-graph\">{\"@context\":\"https:\/\/schema.org\",\"@graph\":[{\"@type\":\"event\",\"@id\":\"https:\/\/instytutpolski.pl\/praha\/2026\/09\/04\/bester-quertet\/\",\"url\":\"https:\/\/instytutpolski.pl\/praha\/2026\/09\/04\/bester-quertet\/\",\"name\":\"Bester Quertet\",\"isPartOf\":{\"@id\":\"https:\/\/instytutpolski.pl\/praha\/#website\"},\"primaryImageOfPage\":{\"@id\":\"https:\/\/instytutpolski.pl\/praha\/2026\/09\/04\/bester-quertet\/#primaryimage\"},\"image\":[\"https:\/\/instytutpolski.pl\/praha\/wp-content\/uploads\/sites\/10\/2026\/09\/Bester-Quartet-I-fot.-Jakub-Slabek-scaled.jpg\",\"https:\/\/instytutpolski.pl\/praha\/wp-content\/uploads\/sites\/10\/2026\/09\/Bester-Quartet-I-fot.-Jakub-Slabek-300x169.jpg\",\"https:\/\/instytutpolski.pl\/praha\/wp-content\/uploads\/sites\/10\/2026\/09\/Bester-Quartet-I-fot.-Jakub-Slabek-1024x576.jpg\",\"https:\/\/instytutpolski.pl\/praha\/wp-content\/uploads\/sites\/10\/2026\/09\/Bester-Quartet-I-fot.-Jakub-Slabek-scaled.jpg\"],\"thumbnailUrl\":\"https:\/\/instytutpolski.pl\/praha\/wp-content\/uploads\/sites\/10\/2026\/09\/Bester-Quartet-I-fot.-Jakub-Slabek-scaled.jpg\",\"datePublished\":\"2026-09-04T11:04:46+02:00\",\"dateModified\":\"2026-09-04T11:05:41+02:00\",\"author\":{\"@id\":\"https:\/\/instytutpolski.pl\/praha\/#\/schema\/person\/b2616b1ced73c37295485071793a3747\"},\"breadcrumb\":{\"@id\":\"https:\/\/instytutpolski.pl\/praha\/2026\/09\/04\/bester-quertet\/#breadcrumb\"},\"inLanguage\":\"pl-PL\",\"potentialAction\":[{\"@type\":\"ReadAction\",\"target\":[\"https:\/\/instytutpolski.pl\/praha\/2026\/09\/04\/bester-quertet\/\"]}],\"@context\":\"https:\/\/schema.org\",\"startDate\":\"2026-10-01\",\"endDate\":\"2026-10-01\",\"eventStatus\":\"EventScheduled\",\"eventAttendanceMode\":\"OfflineEventAttendanceMode\",\"location\":{\"@type\":\"place\",\"name\":\"Praha \/ Pal\u00e1c Akropolis, Kubel\u00edkova 1548\/27\",\"address\":\"Praha \/ Pal\u00e1c Akropolis, Kubel\u00edkova 1548\/27\",\"geo\":{\"@type\":\"GeoCoordinates\",\"latitude\":\"49.65003643152343\",\"longitude\":\"12.546317580472367\"}},\"description\":\"Skupina hraje \u010dist\u011b instrument\u00e1ln\u00ed skladby, navazuj\u00edc\u00ed na v\u00fdchodoevropskou hudebn\u00ed tradici. Jsou ur\u010deny k poslechu a nikoli k tanci. I kdy\u017e hr\u00e1\u010di disponuj\u00ed virtuozitou vych\u00e1zej\u00edc\u00ed z v\u00e1\u017en\u00e9 hudby, na koncertech p\u0159evl\u00e1d\u00e1 spiritualita nad exhibic\u00ed.\\nSkupina pod veden\u00edm Jaros\u0142awa Bestera debutovala roku 2000 albem De Profundis na zna\u010dce Tzadik, kterou vede avantgardn\u00ed newyorsk\u00fd saxofonista John Zorn. V reperto\u00e1ru m\u00e1 t\u00e9mata z tradice star\u00fdch v\u00fdchodoevropsk\u00fdch klezmerband\u016f, v jejich zpracov\u00e1n\u00ed se uplat\u0148uje improvizace i technicky dokonal\u00e9 zvl\u00e1dnut\u00ed akustick\u00fdch n\u00e1stroj\u016f \u2013 housl\u00ed, akordeonu, klarinetu a perkus\u00ed.\\nKrakov, domovsk\u00e9 m\u011bsto skupiny, se nestal epicentrem v\u00fdchodoevropsk\u00e9ho klezmeru n\u00e1hodou. \u017didovskou \u010d\u00e1st m\u011bsta Kazimierz zalo\u017eil roku 1335 polsk\u00fd kr\u00e1l Kazim\u00edr Velik\u00fd \u2013 a ta se pak stala na n\u011bkolik stolet\u00ed evropskou \u017eidovskou metropol\u00ed. Tuto \u00e9ru tragicky ukon\u010dila druh\u00e1 sv\u011btov\u00e1 v\u00e1lka. Holocaustem vylidn\u011bn\u00e1 Kazimierz z\u016fstala v ruin\u00e1ch i b\u011bhem \u010dty\u0159iceti p\u011bti let dlouh\u00e9 totalitn\u00ed \u00e9ry, d\u00edky \u010demu\u017e p\u0159edstavovala zcela p\u0159irozen\u00e9 prost\u0159ed\u00ed pro nat\u00e1\u010den\u00ed filmu Schindler\u016fv seznam re\u017eis\u00e9ra Stevena Spielberga. Film m\u011bl pozd\u011bji premi\u00e9ru soub\u011b\u017en\u011b v Los Angeles a Krakov\u011b, publicita se stala impulsem k obnov\u011b m\u011bsta. Dnes je Kazimierz \u010derstv\u011b zrenovovanou \u010d\u00e1st\u00ed Krakova a t\u00e9\u017e d\u011bji\u0161t\u011bm Mezin\u00e1rodn\u00edho festivalu \u017eidovsk\u00e9 kultury, pod jeho\u017e z\u00e1\u0161titou Bester Quartet vznikl.\\nBester Quartet existuje od roku 1997, kdy jeho \u010dlenov\u00e9 studovali na Krakovsk\u00e9 hudebn\u00ed akademii. Proto\u017ee hudebn\u00edci si tehdy pot\u0159ebovali p\u0159ivyd\u011blat, za\u010dali hr\u00e1t klezmer v m\u00edstn\u00ed restauraci. Tradi\u010dn\u00ed \u017eidovsk\u00fd reperto\u00e1r inspiroval kapeln\u00edka Jaros\u0142awa Bestera k vlastn\u00edm skladb\u00e1m, a kdy\u017e roku 2000 skupina poslala nahr\u00e1vky newyorsk\u00e9mu avantgardistovi Johnu Zornovi, ten se rozhodl ji vydat na sv\u00e9 zna\u010dce Tzadik.\\nHlavn\u00ed inspirac\u00ed pro skupinu nebyly novodob\u00e9 ans\u00e1mbly typu Klezmatics, ale archivn\u00ed nahr\u00e1vky prvn\u00ed generace \u017eidovsk\u00fdch p\u0159ist\u011bhovalc\u016f ve Spojen\u00fdch st\u00e1tech. \u201eKlezmer jsme poslouchali z p\u0159edv\u00e1le\u010dn\u00fdch nahr\u00e1vek, kter\u00e9 nato\u010dili nap\u0159\u00edklad klarinetist\u00e9 Dave Tarras, Naftule Brandwin, oba poch\u00e1zeli z Ukrajiny. Nejprve jsme tedy hr\u00e1li tradi\u010dn\u00ed \u017eidovskou hudbu, pak jsme ji za\u010dali transformovat. Zlom nastal, kdy\u017e Jaros\u0142aw Bester napsal svoji prvn\u00ed skladbu De Profundis pro stejnojmenn\u00e9 prvn\u00ed album. Tehdy jsme za\u010dali revidovat na\u0161e n\u00e1zory, a to jak na \u017eidovskou hudbu, tak i na hudbu obecn\u011b. Na\u0161e hudba se posunula od tradi\u010dn\u00edho reperto\u00e1ru k vlastn\u00edm skladb\u00e1m, od \u017eidovsk\u00fdch styl\u016f k hudb\u011b soudob\u00e9 a\u017e avantgardn\u00ed.\u201c\\nVstupenky k zakoupen\u00ed na str\u00e1nk\u00e1ch po\u0159adatele Rachot.\"},{\"@type\":\"ImageObject\",\"inLanguage\":\"pl-PL\",\"@id\":\"https:\/\/instytutpolski.pl\/praha\/2026\/09\/04\/bester-quertet\/#primaryimage\",\"url\":\"https:\/\/instytutpolski.pl\/praha\/wp-content\/uploads\/sites\/10\/2026\/09\/Bester-Quartet-I-fot.-Jakub-Slabek-scaled.jpg\",\"contentUrl\":\"https:\/\/instytutpolski.pl\/praha\/wp-content\/uploads\/sites\/10\/2026\/09\/Bester-Quartet-I-fot.-Jakub-Slabek-scaled.jpg\",\"width\":2560,\"height\":1439,\"caption\":\"Bester Quartet. Foto: Jakub S\u0142abek\"},{\"@type\":\"BreadcrumbList\",\"@id\":\"https:\/\/instytutpolski.pl\/praha\/2026\/09\/04\/bester-quertet\/#breadcrumb\",\"itemListElement\":[{\"@type\":\"ListItem\",\"position\":1,\"name\":\"Home\",\"item\":\"https:\/\/instytutpolski.pl\/praha\/\"},{\"@type\":\"ListItem\",\"position\":2,\"name\":\"Bester Quertet\"}]},{\"@type\":\"WebSite\",\"@id\":\"https:\/\/instytutpolski.pl\/praha\/#website\",\"url\":\"https:\/\/instytutpolski.pl\/praha\/\",\"name\":\"Instytut Polski w Pradze\",\"description\":\"Instytuty Polskie\",\"potentialAction\":[{\"@type\":\"SearchAction\",\"target\":{\"@type\":\"EntryPoint\",\"urlTemplate\":\"https:\/\/instytutpolski.pl\/praha\/?s={search_term_string}\"},\"query-input\":{\"@type\":\"PropertyValueSpecification\",\"valueRequired\":true,\"valueName\":\"search_term_string\"}}],\"inLanguage\":\"pl-PL\"},{\"@type\":\"Person\",\"@id\":\"https:\/\/instytutpolski.pl\/praha\/#\/schema\/person\/b2616b1ced73c37295485071793a3747\",\"name\":\"rohanovaj\",\"image\":{\"@type\":\"ImageObject\",\"inLanguage\":\"pl-PL\",\"@id\":\"https:\/\/instytutpolski.pl\/praha\/#\/schema\/person\/image\/\",\"url\":\"https:\/\/secure.gravatar.com\/avatar\/e3ce3a936d8c3611e66fbcc40f1fb845?s=96&d=mm&r=g\",\"contentUrl\":\"https:\/\/secure.gravatar.com\/avatar\/e3ce3a936d8c3611e66fbcc40f1fb845?s=96&d=mm&r=g\",\"caption\":\"rohanovaj\"},\"sameAs\":[\"https:\/\/www.facebook.com\/polskyinstitut\",\"https:\/\/www.instagram.com\/polinst_praha\/\",\"https:\/\/x.com\/PLInst_Praha\",\"https:\/\/www.youtube.com\/user\/polskyinstitut\"],\"url\":\"https:\/\/instytutpolski.pl\/praha\/author\/rohanovaj\/\"}]}<\/script>\n<!-- \/ Yoast SEO plugin. -->","yoast_head_json":{"title":"Bester Quertet - Instytut Polski w Pradze","robots":{"index":"index","follow":"follow","max-snippet":"max-snippet:-1","max-image-preview":"max-image-preview:large","max-video-preview":"max-video-preview:-1"},"canonical":"https:\/\/instytutpolski.pl\/praha\/2026\/09\/04\/bester-quertet\/","og_locale":"pl_PL","og_type":"article","og_title":"Bester Quertet - Instytut Polski w Pradze","og_description":"Skupina hraje \u010dist\u011b instrument\u00e1ln\u00ed skladby, navazuj\u00edc\u00ed na v\u00fdchodoevropskou hudebn\u00ed tradici. Jsou ur\u010deny k poslechu a nikoli k tanci. I kdy\u017e hr\u00e1\u010di disponuj\u00ed virtuozitou vych\u00e1zej\u00edc\u00ed z v\u00e1\u017en\u00e9 hudby, na koncertech p\u0159evl\u00e1d\u00e1 spiritualita nad exhibic\u00ed. Skupina pod veden\u00edm Jaros\u0142awa Bestera debutovala roku 2000 albem De Profundis na zna\u010dce Tzadik, kterou vede avantgardn\u00ed newyorsk\u00fd saxofonista John Zorn. V [&hellip;]","og_url":"https:\/\/instytutpolski.pl\/praha\/2026\/09\/04\/bester-quertet\/","og_site_name":"Instytut Polski w Pradze","article_author":"https:\/\/www.facebook.com\/polskyinstitut","article_published_time":"2026-09-04T11:04:46+00:00","article_modified_time":"2026-09-04T11:05:41+00:00","og_image":[{"width":2560,"height":1439,"url":"https:\/\/instytutpolski.pl\/praha\/wp-content\/uploads\/sites\/10\/2026\/09\/Bester-Quartet-I-fot.-Jakub-Slabek-scaled.jpg","type":"image\/jpeg"}],"author":"rohanovaj","twitter_card":"summary_large_image","twitter_creator":"@PLInst_Praha","twitter_misc":{"Napisane przez":"rohanovaj","Szacowany czas czytania":"3 minuty"},"schema":{"@context":"https:\/\/schema.org","@graph":[{"@type":"event","@id":"https:\/\/instytutpolski.pl\/praha\/2026\/09\/04\/bester-quertet\/","url":"https:\/\/instytutpolski.pl\/praha\/2026\/09\/04\/bester-quertet\/","name":"Bester Quertet","isPartOf":{"@id":"https:\/\/instytutpolski.pl\/praha\/#website"},"primaryImageOfPage":{"@id":"https:\/\/instytutpolski.pl\/praha\/2026\/09\/04\/bester-quertet\/#primaryimage"},"image":["https:\/\/instytutpolski.pl\/praha\/wp-content\/uploads\/sites\/10\/2026\/09\/Bester-Quartet-I-fot.-Jakub-Slabek-scaled.jpg","https:\/\/instytutpolski.pl\/praha\/wp-content\/uploads\/sites\/10\/2026\/09\/Bester-Quartet-I-fot.-Jakub-Slabek-300x169.jpg","https:\/\/instytutpolski.pl\/praha\/wp-content\/uploads\/sites\/10\/2026\/09\/Bester-Quartet-I-fot.-Jakub-Slabek-1024x576.jpg","https:\/\/instytutpolski.pl\/praha\/wp-content\/uploads\/sites\/10\/2026\/09\/Bester-Quartet-I-fot.-Jakub-Slabek-scaled.jpg"],"thumbnailUrl":"https:\/\/instytutpolski.pl\/praha\/wp-content\/uploads\/sites\/10\/2026\/09\/Bester-Quartet-I-fot.-Jakub-Slabek-scaled.jpg","datePublished":"2026-09-04T11:04:46+02:00","dateModified":"2026-09-04T11:05:41+02:00","author":{"@id":"https:\/\/instytutpolski.pl\/praha\/#\/schema\/person\/b2616b1ced73c37295485071793a3747"},"breadcrumb":{"@id":"https:\/\/instytutpolski.pl\/praha\/2026\/09\/04\/bester-quertet\/#breadcrumb"},"inLanguage":"pl-PL","potentialAction":[{"@type":"ReadAction","target":["https:\/\/instytutpolski.pl\/praha\/2026\/09\/04\/bester-quertet\/"]}],"@context":"https:\/\/schema.org","startDate":"2026-10-01","endDate":"2026-10-01","eventStatus":"EventScheduled","eventAttendanceMode":"OfflineEventAttendanceMode","location":{"@type":"place","name":"Praha \/ Pal\u00e1c Akropolis, Kubel\u00edkova 1548\/27","address":"Praha \/ Pal\u00e1c Akropolis, Kubel\u00edkova 1548\/27","geo":{"@type":"GeoCoordinates","latitude":"49.65003643152343","longitude":"12.546317580472367"}},"description":"Skupina hraje \u010dist\u011b instrument\u00e1ln\u00ed skladby, navazuj\u00edc\u00ed na v\u00fdchodoevropskou hudebn\u00ed tradici. Jsou ur\u010deny k poslechu a nikoli k tanci. I kdy\u017e hr\u00e1\u010di disponuj\u00ed virtuozitou vych\u00e1zej\u00edc\u00ed z v\u00e1\u017en\u00e9 hudby, na koncertech p\u0159evl\u00e1d\u00e1 spiritualita nad exhibic\u00ed.\nSkupina pod veden\u00edm Jaros\u0142awa Bestera debutovala roku 2000 albem De Profundis na zna\u010dce Tzadik, kterou vede avantgardn\u00ed newyorsk\u00fd saxofonista John Zorn. V reperto\u00e1ru m\u00e1 t\u00e9mata z tradice star\u00fdch v\u00fdchodoevropsk\u00fdch klezmerband\u016f, v jejich zpracov\u00e1n\u00ed se uplat\u0148uje improvizace i technicky dokonal\u00e9 zvl\u00e1dnut\u00ed akustick\u00fdch n\u00e1stroj\u016f \u2013 housl\u00ed, akordeonu, klarinetu a perkus\u00ed.\nKrakov, domovsk\u00e9 m\u011bsto skupiny, se nestal epicentrem v\u00fdchodoevropsk\u00e9ho klezmeru n\u00e1hodou. \u017didovskou \u010d\u00e1st m\u011bsta Kazimierz zalo\u017eil roku 1335 polsk\u00fd kr\u00e1l Kazim\u00edr Velik\u00fd \u2013 a ta se pak stala na n\u011bkolik stolet\u00ed evropskou \u017eidovskou metropol\u00ed. Tuto \u00e9ru tragicky ukon\u010dila druh\u00e1 sv\u011btov\u00e1 v\u00e1lka. Holocaustem vylidn\u011bn\u00e1 Kazimierz z\u016fstala v ruin\u00e1ch i b\u011bhem \u010dty\u0159iceti p\u011bti let dlouh\u00e9 totalitn\u00ed \u00e9ry, d\u00edky \u010demu\u017e p\u0159edstavovala zcela p\u0159irozen\u00e9 prost\u0159ed\u00ed pro nat\u00e1\u010den\u00ed filmu Schindler\u016fv seznam re\u017eis\u00e9ra Stevena Spielberga. Film m\u011bl pozd\u011bji premi\u00e9ru soub\u011b\u017en\u011b v Los Angeles a Krakov\u011b, publicita se stala impulsem k obnov\u011b m\u011bsta. Dnes je Kazimierz \u010derstv\u011b zrenovovanou \u010d\u00e1st\u00ed Krakova a t\u00e9\u017e d\u011bji\u0161t\u011bm Mezin\u00e1rodn\u00edho festivalu \u017eidovsk\u00e9 kultury, pod jeho\u017e z\u00e1\u0161titou Bester Quartet vznikl.\nBester Quartet existuje od roku 1997, kdy jeho \u010dlenov\u00e9 studovali na Krakovsk\u00e9 hudebn\u00ed akademii. Proto\u017ee hudebn\u00edci si tehdy pot\u0159ebovali p\u0159ivyd\u011blat, za\u010dali hr\u00e1t klezmer v m\u00edstn\u00ed restauraci. Tradi\u010dn\u00ed \u017eidovsk\u00fd reperto\u00e1r inspiroval kapeln\u00edka Jaros\u0142awa Bestera k vlastn\u00edm skladb\u00e1m, a kdy\u017e roku 2000 skupina poslala nahr\u00e1vky newyorsk\u00e9mu avantgardistovi Johnu Zornovi, ten se rozhodl ji vydat na sv\u00e9 zna\u010dce Tzadik.\nHlavn\u00ed inspirac\u00ed pro skupinu nebyly novodob\u00e9 ans\u00e1mbly typu Klezmatics, ale archivn\u00ed nahr\u00e1vky prvn\u00ed generace \u017eidovsk\u00fdch p\u0159ist\u011bhovalc\u016f ve Spojen\u00fdch st\u00e1tech. \u201eKlezmer jsme poslouchali z p\u0159edv\u00e1le\u010dn\u00fdch nahr\u00e1vek, kter\u00e9 nato\u010dili nap\u0159\u00edklad klarinetist\u00e9 Dave Tarras, Naftule Brandwin, oba poch\u00e1zeli z Ukrajiny. Nejprve jsme tedy hr\u00e1li tradi\u010dn\u00ed \u017eidovskou hudbu, pak jsme ji za\u010dali transformovat. Zlom nastal, kdy\u017e Jaros\u0142aw Bester napsal svoji prvn\u00ed skladbu De Profundis pro stejnojmenn\u00e9 prvn\u00ed album. Tehdy jsme za\u010dali revidovat na\u0161e n\u00e1zory, a to jak na \u017eidovskou hudbu, tak i na hudbu obecn\u011b. Na\u0161e hudba se posunula od tradi\u010dn\u00edho reperto\u00e1ru k vlastn\u00edm skladb\u00e1m, od \u017eidovsk\u00fdch styl\u016f k hudb\u011b soudob\u00e9 a\u017e avantgardn\u00ed.\u201c\nVstupenky k zakoupen\u00ed na str\u00e1nk\u00e1ch po\u0159adatele Rachot."},{"@type":"ImageObject","inLanguage":"pl-PL","@id":"https:\/\/instytutpolski.pl\/praha\/2026\/09\/04\/bester-quertet\/#primaryimage","url":"https:\/\/instytutpolski.pl\/praha\/wp-content\/uploads\/sites\/10\/2026\/09\/Bester-Quartet-I-fot.-Jakub-Slabek-scaled.jpg","contentUrl":"https:\/\/instytutpolski.pl\/praha\/wp-content\/uploads\/sites\/10\/2026\/09\/Bester-Quartet-I-fot.-Jakub-Slabek-scaled.jpg","width":2560,"height":1439,"caption":"Bester Quartet. Foto: Jakub S\u0142abek"},{"@type":"BreadcrumbList","@id":"https:\/\/instytutpolski.pl\/praha\/2026\/09\/04\/bester-quertet\/#breadcrumb","itemListElement":[{"@type":"ListItem","position":1,"name":"Home","item":"https:\/\/instytutpolski.pl\/praha\/"},{"@type":"ListItem","position":2,"name":"Bester Quertet"}]},{"@type":"WebSite","@id":"https:\/\/instytutpolski.pl\/praha\/#website","url":"https:\/\/instytutpolski.pl\/praha\/","name":"Instytut Polski w Pradze","description":"Instytuty Polskie","potentialAction":[{"@type":"SearchAction","target":{"@type":"EntryPoint","urlTemplate":"https:\/\/instytutpolski.pl\/praha\/?s={search_term_string}"},"query-input":{"@type":"PropertyValueSpecification","valueRequired":true,"valueName":"search_term_string"}}],"inLanguage":"pl-PL"},{"@type":"Person","@id":"https:\/\/instytutpolski.pl\/praha\/#\/schema\/person\/b2616b1ced73c37295485071793a3747","name":"rohanovaj","image":{"@type":"ImageObject","inLanguage":"pl-PL","@id":"https:\/\/instytutpolski.pl\/praha\/#\/schema\/person\/image\/","url":"https:\/\/secure.gravatar.com\/avatar\/e3ce3a936d8c3611e66fbcc40f1fb845?s=96&d=mm&r=g","contentUrl":"https:\/\/secure.gravatar.com\/avatar\/e3ce3a936d8c3611e66fbcc40f1fb845?s=96&d=mm&r=g","caption":"rohanovaj"},"sameAs":["https:\/\/www.facebook.com\/polskyinstitut","https:\/\/www.instagram.com\/polinst_praha\/","https:\/\/x.com\/PLInst_Praha","https:\/\/www.youtube.com\/user\/polskyinstitut"],"url":"https:\/\/instytutpolski.pl\/praha\/author\/rohanovaj\/"}]}},"_links":{"self":[{"href":"https:\/\/instytutpolski.pl\/praha\/wp-json\/wp\/v2\/posts\/14059","targetHints":{"allow":["GET"]}}],"collection":[{"href":"https:\/\/instytutpolski.pl\/praha\/wp-json\/wp\/v2\/posts"}],"about":[{"href":"https:\/\/instytutpolski.pl\/praha\/wp-json\/wp\/v2\/types\/post"}],"author":[{"embeddable":true,"href":"https:\/\/instytutpolski.pl\/praha\/wp-json\/wp\/v2\/users\/58"}],"replies":[{"embeddable":true,"href":"https:\/\/instytutpolski.pl\/praha\/wp-json\/wp\/v2\/comments?post=14059"}],"version-history":[{"count":3,"href":"https:\/\/instytutpolski.pl\/praha\/wp-json\/wp\/v2\/posts\/14059\/revisions"}],"predecessor-version":[{"id":14064,"href":"https:\/\/instytutpolski.pl\/praha\/wp-json\/wp\/v2\/posts\/14059\/revisions\/14064"}],"wp:featuredmedia":[{"embeddable":true,"href":"https:\/\/instytutpolski.pl\/praha\/wp-json\/wp\/v2\/media\/14060"}],"wp:attachment":[{"href":"https:\/\/instytutpolski.pl\/praha\/wp-json\/wp\/v2\/media?parent=14059"}],"wp:term":[{"taxonomy":"category","embeddable":true,"href":"https:\/\/instytutpolski.pl\/praha\/wp-json\/wp\/v2\/categories?post=14059"},{"taxonomy":"post_tag","embeddable":true,"href":"https:\/\/instytutpolski.pl\/praha\/wp-json\/wp\/v2\/tags?post=14059"}],"curies":[{"name":"wp","href":"https:\/\/api.w.org\/{rel}","templated":true}]}}