{"id":6916,"date":"2022-07-11T15:40:46","date_gmt":"2022-07-11T13:40:46","guid":{"rendered":"https:\/\/instytutpolski.pl\/praha\/?p=6916"},"modified":"2022-07-22T10:12:15","modified_gmt":"2022-07-22T08:12:15","slug":"festival-sousedi-sasiedzi-2022","status":"publish","type":"post","link":"https:\/\/instytutpolski.pl\/praha\/2022\/07\/11\/festival-sousedi-sasiedzi-2022\/","title":{"rendered":"Festival Soused\u00e9 \/ S\u0105siedzi 2022"},"content":{"rendered":"\n<p>V r\u00e1mci hudebn\u00edho festivalu &#8222;Soused\u00e9 2022&#8221;, kter\u00fd po\u0159\u00e1d\u00e1 vratislavsk\u00e9 centrum um\u011bleck\u00fdch aktivit <a href=\"http:\/\/www.firlej.wroc.pl\/\" target=\"_blank\" rel=\"noreferrer noopener\">Firlej<\/a>, vystoup\u00ed 20. 7. 2022 v <a href=\"https:\/\/punctum.cz\/\" target=\"_blank\" rel=\"noreferrer noopener\">Punctum &#8211; Kr\u00e1sovka<\/a> v Praze ve 20.00 vratislavsk\u00e1 skupina M\u0142yn a ve 21.00 nov\u011b vznikl\u00fd polsko-\u010desk\u00fd projekt pod veden\u00edm zn\u00e1m\u00e9ho \u010desk\u00e9ho multiinstrumentalisty Petra Vrby, skupina M\u0142yn a Martin N\u00e1b\u011blek spojen\u00fd s kolektivem Punktum.<br><\/p>\n\n\n\n<p>Informace o vstupenk\u00e1ch na webov\u00fdch str\u00e1nk\u00e1ch Punctum &#8211; Kr\u00e1sovka: <a href=\"https:\/\/punctum.cz\/\">https:\/\/punctum.cz\/<\/a>.<\/p>\n","protected":false},"excerpt":{"rendered":"<p>V r\u00e1mci hudebn\u00edho festivalu &#8222;Soused\u00e9 2022&#8221;, kter\u00fd po\u0159\u00e1d\u00e1 vratislavsk\u00e9 centrum um\u011bleck\u00fdch aktivit Firlej, vystoup\u00ed 20. 7. 2022 v Punctum &#8211; Kr\u00e1sovka v Praze ve 20.00 vratislavsk\u00e1 skupina M\u0142yn a ve 21.00 nov\u011b vznikl\u00fd polsko-\u010desk\u00fd projekt pod veden\u00edm zn\u00e1m\u00e9ho \u010desk\u00e9ho multiinstrumentalisty Petra Vrby, skupina M\u0142yn a Martin N\u00e1b\u011blek spojen\u00fd s kolektivem Punktum. Informace o vstupenk\u00e1ch na [&hellip;]<\/p>\n","protected":false},"author":161,"featured_media":6917,"comment_status":"open","ping_status":"open","sticky":false,"template":"","format":"standard","meta":{"inline_featured_image":false,"_monsterinsights_skip_tracking":false,"_monsterinsights_sitenote_active":false,"_monsterinsights_sitenote_note":"","_monsterinsights_sitenote_category":0,"footnotes":""},"categories":[37,17],"tags":[],"class_list":["post-6916","post","type-post","status-publish","format-standard","has-post-thumbnail","hentry","category-koncert","category-program"],"yoast_head":"<!-- This site is optimized with the Yoast SEO plugin v24.6 - https:\/\/yoast.com\/wordpress\/plugins\/seo\/ -->\n<title>Festival Soused\u00e9 \/ S\u0105siedzi 2022 - Instytut Polski w Pradze<\/title>\n<meta name=\"robots\" content=\"index, follow, max-snippet:-1, max-image-preview:large, max-video-preview:-1\" \/>\n<link rel=\"canonical\" href=\"https:\/\/instytutpolski.pl\/praha\/2022\/07\/11\/festival-sousedi-sasiedzi-2022\/\" \/>\n<meta property=\"og:locale\" content=\"pl_PL\" \/>\n<meta property=\"og:type\" content=\"article\" \/>\n<meta property=\"og:title\" content=\"Festival Soused\u00e9 \/ S\u0105siedzi 2022 - Instytut Polski w Pradze\" \/>\n<meta property=\"og:description\" content=\"V r\u00e1mci hudebn\u00edho festivalu &#8222;Soused\u00e9 2022&#8221;, kter\u00fd po\u0159\u00e1d\u00e1 vratislavsk\u00e9 centrum um\u011bleck\u00fdch aktivit Firlej, vystoup\u00ed 20. 7. 2022 v Punctum &#8211; Kr\u00e1sovka v Praze ve 20.00 vratislavsk\u00e1 skupina M\u0142yn a ve 21.00 nov\u011b vznikl\u00fd polsko-\u010desk\u00fd projekt pod veden\u00edm zn\u00e1m\u00e9ho \u010desk\u00e9ho multiinstrumentalisty Petra Vrby, skupina M\u0142yn a Martin N\u00e1b\u011blek spojen\u00fd s kolektivem Punktum. Informace o vstupenk\u00e1ch na [&hellip;]\" \/>\n<meta property=\"og:url\" content=\"https:\/\/instytutpolski.pl\/praha\/2022\/07\/11\/festival-sousedi-sasiedzi-2022\/\" \/>\n<meta property=\"og:site_name\" content=\"Instytut Polski w Pradze\" \/>\n<meta property=\"article:published_time\" content=\"2022-07-11T13:40:46+00:00\" \/>\n<meta property=\"article:modified_time\" content=\"2022-07-22T08:12:15+00:00\" \/>\n<meta property=\"og:image\" content=\"https:\/\/instytutpolski.pl\/praha\/wp-content\/uploads\/sites\/10\/2022\/07\/sasiedzi-2022__www_praga-1024x576.png\" \/>\n\t<meta property=\"og:image:width\" content=\"1024\" \/>\n\t<meta property=\"og:image:height\" content=\"576\" \/>\n\t<meta property=\"og:image:type\" content=\"image\/png\" \/>\n<meta name=\"author\" content=\"cermakm\" \/>\n<meta name=\"twitter:card\" content=\"summary_large_image\" \/>\n<meta name=\"twitter:label1\" content=\"Napisane przez\" \/>\n\t<meta name=\"twitter:data1\" content=\"cermakm\" \/>\n\t<meta name=\"twitter:label2\" content=\"Szacowany czas czytania\" \/>\n\t<meta name=\"twitter:data2\" content=\"1 minuta\" \/>\n<script type=\"application\/ld+json\" class=\"yoast-schema-graph\">{\"@context\":\"https:\/\/schema.org\",\"@graph\":[{\"@type\":\"event\",\"@id\":\"https:\/\/instytutpolski.pl\/praha\/2022\/07\/11\/festival-sousedi-sasiedzi-2022\/\",\"url\":\"https:\/\/instytutpolski.pl\/praha\/2022\/07\/11\/festival-sousedi-sasiedzi-2022\/\",\"name\":\"Festival Soused\u00e9 \/ S\u0105siedzi 2022\",\"isPartOf\":{\"@id\":\"https:\/\/instytutpolski.pl\/praha\/#website\"},\"primaryImageOfPage\":{\"@id\":\"https:\/\/instytutpolski.pl\/praha\/2022\/07\/11\/festival-sousedi-sasiedzi-2022\/#primaryimage\"},\"image\":[\"https:\/\/instytutpolski.pl\/praha\/wp-content\/uploads\/sites\/10\/2022\/07\/sasiedzi-2022__www_praga.png\",\"https:\/\/instytutpolski.pl\/praha\/wp-content\/uploads\/sites\/10\/2022\/07\/sasiedzi-2022__www_praga-300x169.png\",\"https:\/\/instytutpolski.pl\/praha\/wp-content\/uploads\/sites\/10\/2022\/07\/sasiedzi-2022__www_praga-1024x576.png\",\"https:\/\/instytutpolski.pl\/praha\/wp-content\/uploads\/sites\/10\/2022\/07\/sasiedzi-2022__www_praga.png\"],\"thumbnailUrl\":\"https:\/\/instytutpolski.pl\/praha\/wp-content\/uploads\/sites\/10\/2022\/07\/sasiedzi-2022__www_praga.png\",\"datePublished\":\"2022-07-11T13:40:46+02:00\",\"dateModified\":\"2022-07-22T08:12:15+02:00\",\"author\":{\"@id\":\"https:\/\/instytutpolski.pl\/praha\/#\/schema\/person\/cc056f761805fe582843f8b93e94de24\"},\"breadcrumb\":{\"@id\":\"https:\/\/instytutpolski.pl\/praha\/2022\/07\/11\/festival-sousedi-sasiedzi-2022\/#breadcrumb\"},\"inLanguage\":\"pl-PL\",\"potentialAction\":[{\"@type\":\"ReadAction\",\"target\":[\"https:\/\/instytutpolski.pl\/praha\/2022\/07\/11\/festival-sousedi-sasiedzi-2022\/\"]}],\"@context\":\"https:\/\/schema.org\",\"startDate\":\"2022-07-20T08:00:00+02:00\",\"endDate\":\"2022-07-20T11:55:00+02:00\",\"eventStatus\":\"EventScheduled\",\"eventAttendanceMode\":\"OfflineEventAttendanceMode\",\"location\":{\"@type\":\"place\",\"name\":\"\",\"address\":\"\",\"geo\":{\"@type\":\"GeoCoordinates\",\"latitude\":\"\",\"longitude\":\"\"}},\"description\":\"V r\u00e1mci hudebn\u00edho festivalu \\\"Soused\u00e9 2022\\\", kter\u00fd po\u0159\u00e1d\u00e1 vratislavsk\u00e9 centrum um\u011bleck\u00fdch aktivit Firlej, vystoup\u00ed 20. 7. 2022 v Punctum - Kr\u00e1sovka v Praze ve 20.00 vratislavsk\u00e1 skupina M\u0142yn a ve 21.00 nov\u011b vznikl\u00fd polsko-\u010desk\u00fd projekt pod veden\u00edm zn\u00e1m\u00e9ho \u010desk\u00e9ho multiinstrumentalisty Petra Vrby, skupina M\u0142yn a Martin N\u00e1b\u011blek spojen\u00fd s kolektivem Punktum.\\nInformace o vstupenk\u00e1ch na webov\u00fdch str\u00e1nk\u00e1ch Punctum - Kr\u00e1sovka: https:\/\/punctum.cz\/.\"},{\"@type\":\"ImageObject\",\"inLanguage\":\"pl-PL\",\"@id\":\"https:\/\/instytutpolski.pl\/praha\/2022\/07\/11\/festival-sousedi-sasiedzi-2022\/#primaryimage\",\"url\":\"https:\/\/instytutpolski.pl\/praha\/wp-content\/uploads\/sites\/10\/2022\/07\/sasiedzi-2022__www_praga.png\",\"contentUrl\":\"https:\/\/instytutpolski.pl\/praha\/wp-content\/uploads\/sites\/10\/2022\/07\/sasiedzi-2022__www_praga.png\",\"width\":4000,\"height\":2251},{\"@type\":\"BreadcrumbList\",\"@id\":\"https:\/\/instytutpolski.pl\/praha\/2022\/07\/11\/festival-sousedi-sasiedzi-2022\/#breadcrumb\",\"itemListElement\":[{\"@type\":\"ListItem\",\"position\":1,\"name\":\"Home\",\"item\":\"https:\/\/instytutpolski.pl\/praha\/\"},{\"@type\":\"ListItem\",\"position\":2,\"name\":\"Festival Soused\u00e9 \/ S\u0105siedzi 2022\"}]},{\"@type\":\"WebSite\",\"@id\":\"https:\/\/instytutpolski.pl\/praha\/#website\",\"url\":\"https:\/\/instytutpolski.pl\/praha\/\",\"name\":\"Instytut Polski w Pradze\",\"description\":\"Instytuty Polskie\",\"potentialAction\":[{\"@type\":\"SearchAction\",\"target\":{\"@type\":\"EntryPoint\",\"urlTemplate\":\"https:\/\/instytutpolski.pl\/praha\/?s={search_term_string}\"},\"query-input\":{\"@type\":\"PropertyValueSpecification\",\"valueRequired\":true,\"valueName\":\"search_term_string\"}}],\"inLanguage\":\"pl-PL\"},{\"@type\":\"Person\",\"@id\":\"https:\/\/instytutpolski.pl\/praha\/#\/schema\/person\/cc056f761805fe582843f8b93e94de24\",\"name\":\"cermakm\",\"image\":{\"@type\":\"ImageObject\",\"inLanguage\":\"pl-PL\",\"@id\":\"https:\/\/instytutpolski.pl\/praha\/#\/schema\/person\/image\/\",\"url\":\"https:\/\/secure.gravatar.com\/avatar\/347fb25c22c2b7c60e0b97f3797a0782?s=96&d=mm&r=g\",\"contentUrl\":\"https:\/\/secure.gravatar.com\/avatar\/347fb25c22c2b7c60e0b97f3797a0782?s=96&d=mm&r=g\",\"caption\":\"cermakm\"},\"url\":\"https:\/\/instytutpolski.pl\/praha\/author\/cermakm\/\"}]}<\/script>\n<!-- \/ Yoast SEO plugin. -->","yoast_head_json":{"title":"Festival Soused\u00e9 \/ S\u0105siedzi 2022 - Instytut Polski w Pradze","robots":{"index":"index","follow":"follow","max-snippet":"max-snippet:-1","max-image-preview":"max-image-preview:large","max-video-preview":"max-video-preview:-1"},"canonical":"https:\/\/instytutpolski.pl\/praha\/2022\/07\/11\/festival-sousedi-sasiedzi-2022\/","og_locale":"pl_PL","og_type":"article","og_title":"Festival Soused\u00e9 \/ S\u0105siedzi 2022 - Instytut Polski w Pradze","og_description":"V r\u00e1mci hudebn\u00edho festivalu &#8222;Soused\u00e9 2022&#8221;, kter\u00fd po\u0159\u00e1d\u00e1 vratislavsk\u00e9 centrum um\u011bleck\u00fdch aktivit Firlej, vystoup\u00ed 20. 7. 2022 v Punctum &#8211; Kr\u00e1sovka v Praze ve 20.00 vratislavsk\u00e1 skupina M\u0142yn a ve 21.00 nov\u011b vznikl\u00fd polsko-\u010desk\u00fd projekt pod veden\u00edm zn\u00e1m\u00e9ho \u010desk\u00e9ho multiinstrumentalisty Petra Vrby, skupina M\u0142yn a Martin N\u00e1b\u011blek spojen\u00fd s kolektivem Punktum. Informace o vstupenk\u00e1ch na [&hellip;]","og_url":"https:\/\/instytutpolski.pl\/praha\/2022\/07\/11\/festival-sousedi-sasiedzi-2022\/","og_site_name":"Instytut Polski w Pradze","article_published_time":"2022-07-11T13:40:46+00:00","article_modified_time":"2022-07-22T08:12:15+00:00","og_image":[{"width":1024,"height":576,"url":"https:\/\/instytutpolski.pl\/praha\/wp-content\/uploads\/sites\/10\/2022\/07\/sasiedzi-2022__www_praga-1024x576.png","type":"image\/png"}],"author":"cermakm","twitter_card":"summary_large_image","twitter_misc":{"Napisane przez":"cermakm","Szacowany czas czytania":"1 minuta"},"schema":{"@context":"https:\/\/schema.org","@graph":[{"@type":"event","@id":"https:\/\/instytutpolski.pl\/praha\/2022\/07\/11\/festival-sousedi-sasiedzi-2022\/","url":"https:\/\/instytutpolski.pl\/praha\/2022\/07\/11\/festival-sousedi-sasiedzi-2022\/","name":"Festival Soused\u00e9 \/ S\u0105siedzi 2022","isPartOf":{"@id":"https:\/\/instytutpolski.pl\/praha\/#website"},"primaryImageOfPage":{"@id":"https:\/\/instytutpolski.pl\/praha\/2022\/07\/11\/festival-sousedi-sasiedzi-2022\/#primaryimage"},"image":["https:\/\/instytutpolski.pl\/praha\/wp-content\/uploads\/sites\/10\/2022\/07\/sasiedzi-2022__www_praga.png","https:\/\/instytutpolski.pl\/praha\/wp-content\/uploads\/sites\/10\/2022\/07\/sasiedzi-2022__www_praga-300x169.png","https:\/\/instytutpolski.pl\/praha\/wp-content\/uploads\/sites\/10\/2022\/07\/sasiedzi-2022__www_praga-1024x576.png","https:\/\/instytutpolski.pl\/praha\/wp-content\/uploads\/sites\/10\/2022\/07\/sasiedzi-2022__www_praga.png"],"thumbnailUrl":"https:\/\/instytutpolski.pl\/praha\/wp-content\/uploads\/sites\/10\/2022\/07\/sasiedzi-2022__www_praga.png","datePublished":"2022-07-11T13:40:46+02:00","dateModified":"2022-07-22T08:12:15+02:00","author":{"@id":"https:\/\/instytutpolski.pl\/praha\/#\/schema\/person\/cc056f761805fe582843f8b93e94de24"},"breadcrumb":{"@id":"https:\/\/instytutpolski.pl\/praha\/2022\/07\/11\/festival-sousedi-sasiedzi-2022\/#breadcrumb"},"inLanguage":"pl-PL","potentialAction":[{"@type":"ReadAction","target":["https:\/\/instytutpolski.pl\/praha\/2022\/07\/11\/festival-sousedi-sasiedzi-2022\/"]}],"@context":"https:\/\/schema.org","startDate":"2022-07-20T08:00:00+02:00","endDate":"2022-07-20T11:55:00+02:00","eventStatus":"EventScheduled","eventAttendanceMode":"OfflineEventAttendanceMode","location":{"@type":"place","name":"","address":"","geo":{"@type":"GeoCoordinates","latitude":"","longitude":""}},"description":"V r\u00e1mci hudebn\u00edho festivalu \"Soused\u00e9 2022\", kter\u00fd po\u0159\u00e1d\u00e1 vratislavsk\u00e9 centrum um\u011bleck\u00fdch aktivit Firlej, vystoup\u00ed 20. 7. 2022 v Punctum - Kr\u00e1sovka v Praze ve 20.00 vratislavsk\u00e1 skupina M\u0142yn a ve 21.00 nov\u011b vznikl\u00fd polsko-\u010desk\u00fd projekt pod veden\u00edm zn\u00e1m\u00e9ho \u010desk\u00e9ho multiinstrumentalisty Petra Vrby, skupina M\u0142yn a Martin N\u00e1b\u011blek spojen\u00fd s kolektivem Punktum.\nInformace o vstupenk\u00e1ch na webov\u00fdch str\u00e1nk\u00e1ch Punctum - Kr\u00e1sovka: https:\/\/punctum.cz\/."},{"@type":"ImageObject","inLanguage":"pl-PL","@id":"https:\/\/instytutpolski.pl\/praha\/2022\/07\/11\/festival-sousedi-sasiedzi-2022\/#primaryimage","url":"https:\/\/instytutpolski.pl\/praha\/wp-content\/uploads\/sites\/10\/2022\/07\/sasiedzi-2022__www_praga.png","contentUrl":"https:\/\/instytutpolski.pl\/praha\/wp-content\/uploads\/sites\/10\/2022\/07\/sasiedzi-2022__www_praga.png","width":4000,"height":2251},{"@type":"BreadcrumbList","@id":"https:\/\/instytutpolski.pl\/praha\/2022\/07\/11\/festival-sousedi-sasiedzi-2022\/#breadcrumb","itemListElement":[{"@type":"ListItem","position":1,"name":"Home","item":"https:\/\/instytutpolski.pl\/praha\/"},{"@type":"ListItem","position":2,"name":"Festival Soused\u00e9 \/ S\u0105siedzi 2022"}]},{"@type":"WebSite","@id":"https:\/\/instytutpolski.pl\/praha\/#website","url":"https:\/\/instytutpolski.pl\/praha\/","name":"Instytut Polski w Pradze","description":"Instytuty Polskie","potentialAction":[{"@type":"SearchAction","target":{"@type":"EntryPoint","urlTemplate":"https:\/\/instytutpolski.pl\/praha\/?s={search_term_string}"},"query-input":{"@type":"PropertyValueSpecification","valueRequired":true,"valueName":"search_term_string"}}],"inLanguage":"pl-PL"},{"@type":"Person","@id":"https:\/\/instytutpolski.pl\/praha\/#\/schema\/person\/cc056f761805fe582843f8b93e94de24","name":"cermakm","image":{"@type":"ImageObject","inLanguage":"pl-PL","@id":"https:\/\/instytutpolski.pl\/praha\/#\/schema\/person\/image\/","url":"https:\/\/secure.gravatar.com\/avatar\/347fb25c22c2b7c60e0b97f3797a0782?s=96&d=mm&r=g","contentUrl":"https:\/\/secure.gravatar.com\/avatar\/347fb25c22c2b7c60e0b97f3797a0782?s=96&d=mm&r=g","caption":"cermakm"},"url":"https:\/\/instytutpolski.pl\/praha\/author\/cermakm\/"}]}},"_links":{"self":[{"href":"https:\/\/instytutpolski.pl\/praha\/wp-json\/wp\/v2\/posts\/6916","targetHints":{"allow":["GET"]}}],"collection":[{"href":"https:\/\/instytutpolski.pl\/praha\/wp-json\/wp\/v2\/posts"}],"about":[{"href":"https:\/\/instytutpolski.pl\/praha\/wp-json\/wp\/v2\/types\/post"}],"author":[{"embeddable":true,"href":"https:\/\/instytutpolski.pl\/praha\/wp-json\/wp\/v2\/users\/161"}],"replies":[{"embeddable":true,"href":"https:\/\/instytutpolski.pl\/praha\/wp-json\/wp\/v2\/comments?post=6916"}],"version-history":[{"count":4,"href":"https:\/\/instytutpolski.pl\/praha\/wp-json\/wp\/v2\/posts\/6916\/revisions"}],"predecessor-version":[{"id":6988,"href":"https:\/\/instytutpolski.pl\/praha\/wp-json\/wp\/v2\/posts\/6916\/revisions\/6988"}],"wp:featuredmedia":[{"embeddable":true,"href":"https:\/\/instytutpolski.pl\/praha\/wp-json\/wp\/v2\/media\/6917"}],"wp:attachment":[{"href":"https:\/\/instytutpolski.pl\/praha\/wp-json\/wp\/v2\/media?parent=6916"}],"wp:term":[{"taxonomy":"category","embeddable":true,"href":"https:\/\/instytutpolski.pl\/praha\/wp-json\/wp\/v2\/categories?post=6916"},{"taxonomy":"post_tag","embeddable":true,"href":"https:\/\/instytutpolski.pl\/praha\/wp-json\/wp\/v2\/tags?post=6916"}],"curies":[{"name":"wp","href":"https:\/\/api.w.org\/{rel}","templated":true}]}}