{"id":7774,"date":"2022-11-30T10:42:25","date_gmt":"2022-11-30T09:42:25","guid":{"rendered":"https:\/\/instytutpolski.pl\/praha\/?p=7774"},"modified":"2023-01-17T16:36:54","modified_gmt":"2023-01-17T15:36:54","slug":"malgorzata-kuciewicz-a-simone-de-iacobis-weathering-chronobiological-architecture-and-handing-over-control","status":"publish","type":"post","link":"https:\/\/instytutpolski.pl\/praha\/2022\/11\/30\/malgorzata-kuciewicz-a-simone-de-iacobis-weathering-chronobiological-architecture-and-handing-over-control\/","title":{"rendered":"Malgorzata Kuciewicz a Simone De Iacobis \/ Weathering: Chronobiological Architecture and Handing Over Control\u00a0"},"content":{"rendered":"\n<p>V\u00fdstavu polsk\u00e9ho architektonick\u00e9ho studia Centrala v\u202fkarl\u00ednsk\u00e9 galerii p\u0159ipravila kur\u00e1torka Aleksandra K\u0119dziorek a v\u011bnuje se t\u0159em t\u00e9mat\u016fm spojen\u00fdm s\u202furbanismem: mikroklima, hranice komfortu a zm\u011bna vizuality. V\u202flednu bude n\u00e1sledovat doprovodn\u00fd program \u2013 p\u0159edn\u00e1\u0161ky architekt\u016f. <\/p>\n\n\n\n<p>V\u00fdstava kon\u010d\u00ed 18. \u00fanora 2023.&nbsp;<\/p>\n\n\n\n<p><a href=\"http:\/\/www.vipergallery.org\/\" target=\"_blank\" rel=\"noreferrer noopener\">www.vipergallery.org<\/a><\/p>\n\n\n\n<p>15. 12. \/ 19:00&nbsp;&nbsp;<\/p>\n\n\n\n<p>Galerie VI PER, V\u00edtkova 293, Praha 8&nbsp;<\/p>\n\n\n\n<p>&nbsp;<\/p>\n","protected":false},"excerpt":{"rendered":"<p>V\u00fdstavu polsk\u00e9ho architektonick\u00e9ho studia Centrala v\u202fkarl\u00ednsk\u00e9 galerii p\u0159ipravila kur\u00e1torka Aleksandra K\u0119dziorek a v\u011bnuje se t\u0159em t\u00e9mat\u016fm spojen\u00fdm s\u202furbanismem: mikroklima, hranice komfortu a zm\u011bna vizuality. V\u202flednu bude n\u00e1sledovat doprovodn\u00fd program \u2013 p\u0159edn\u00e1\u0161ky architekt\u016f. V\u00fdstava kon\u010d\u00ed 18. \u00fanora 2023.&nbsp; www.vipergallery.org 15. 12. \/ 19:00&nbsp;&nbsp; Galerie VI PER, V\u00edtkova 293, Praha 8&nbsp; &nbsp;<\/p>\n","protected":false},"author":161,"featured_media":7777,"comment_status":"open","ping_status":"open","sticky":false,"template":"","format":"standard","meta":{"inline_featured_image":false,"_monsterinsights_skip_tracking":false,"_monsterinsights_sitenote_active":false,"_monsterinsights_sitenote_note":"","_monsterinsights_sitenote_category":0,"footnotes":""},"categories":[17,63],"tags":[],"class_list":["post-7774","post","type-post","status-publish","format-standard","has-post-thumbnail","hentry","category-program","category-vystava"],"yoast_head":"<!-- This site is optimized with the Yoast SEO plugin v24.6 - https:\/\/yoast.com\/wordpress\/plugins\/seo\/ -->\n<title>Malgorzata Kuciewicz a Simone De Iacobis \/ Weathering: Chronobiological Architecture and Handing Over Control\u00a0 - Instytut Polski w Pradze<\/title>\n<meta name=\"robots\" content=\"index, follow, max-snippet:-1, max-image-preview:large, max-video-preview:-1\" \/>\n<link rel=\"canonical\" href=\"https:\/\/instytutpolski.pl\/praha\/2022\/11\/30\/malgorzata-kuciewicz-a-simone-de-iacobis-weathering-chronobiological-architecture-and-handing-over-control\/\" \/>\n<meta property=\"og:locale\" content=\"pl_PL\" \/>\n<meta property=\"og:type\" content=\"article\" \/>\n<meta property=\"og:title\" content=\"Malgorzata Kuciewicz a Simone De Iacobis \/ Weathering: Chronobiological Architecture and Handing Over Control\u00a0 - Instytut Polski w Pradze\" \/>\n<meta property=\"og:description\" content=\"V\u00fdstavu polsk\u00e9ho architektonick\u00e9ho studia Centrala v\u202fkarl\u00ednsk\u00e9 galerii p\u0159ipravila kur\u00e1torka Aleksandra K\u0119dziorek a v\u011bnuje se t\u0159em t\u00e9mat\u016fm spojen\u00fdm s\u202furbanismem: mikroklima, hranice komfortu a zm\u011bna vizuality. V\u202flednu bude n\u00e1sledovat doprovodn\u00fd program \u2013 p\u0159edn\u00e1\u0161ky architekt\u016f. V\u00fdstava kon\u010d\u00ed 18. \u00fanora 2023.&nbsp; www.vipergallery.org 15. 12. \/ 19:00&nbsp;&nbsp; Galerie VI PER, V\u00edtkova 293, Praha 8&nbsp; &nbsp;\" \/>\n<meta property=\"og:url\" content=\"https:\/\/instytutpolski.pl\/praha\/2022\/11\/30\/malgorzata-kuciewicz-a-simone-de-iacobis-weathering-chronobiological-architecture-and-handing-over-control\/\" \/>\n<meta property=\"og:site_name\" content=\"Instytut Polski w Pradze\" \/>\n<meta property=\"article:published_time\" content=\"2022-11-30T09:42:25+00:00\" \/>\n<meta property=\"article:modified_time\" content=\"2023-01-17T15:36:54+00:00\" \/>\n<meta property=\"og:image\" content=\"https:\/\/instytutpolski.pl\/praha\/wp-content\/uploads\/sites\/10\/2022\/11\/galerie_viper-scaled.jpg\" \/>\n\t<meta property=\"og:image:width\" content=\"2560\" \/>\n\t<meta property=\"og:image:height\" content=\"1709\" \/>\n\t<meta property=\"og:image:type\" content=\"image\/jpeg\" \/>\n<meta name=\"author\" content=\"cermakm\" \/>\n<meta name=\"twitter:card\" content=\"summary_large_image\" \/>\n<meta name=\"twitter:label1\" content=\"Napisane przez\" \/>\n\t<meta name=\"twitter:data1\" content=\"cermakm\" \/>\n\t<meta name=\"twitter:label2\" content=\"Szacowany czas czytania\" \/>\n\t<meta name=\"twitter:data2\" content=\"1 minuta\" \/>\n<script type=\"application\/ld+json\" class=\"yoast-schema-graph\">{\"@context\":\"https:\/\/schema.org\",\"@graph\":[{\"@type\":\"event\",\"@id\":\"https:\/\/instytutpolski.pl\/praha\/2022\/11\/30\/malgorzata-kuciewicz-a-simone-de-iacobis-weathering-chronobiological-architecture-and-handing-over-control\/\",\"url\":\"https:\/\/instytutpolski.pl\/praha\/2022\/11\/30\/malgorzata-kuciewicz-a-simone-de-iacobis-weathering-chronobiological-architecture-and-handing-over-control\/\",\"name\":\"Malgorzata Kuciewicz a Simone De Iacobis \/ Weathering: Chronobiological Architecture and Handing Over Control\u00a0\",\"isPartOf\":{\"@id\":\"https:\/\/instytutpolski.pl\/praha\/#website\"},\"primaryImageOfPage\":{\"@id\":\"https:\/\/instytutpolski.pl\/praha\/2022\/11\/30\/malgorzata-kuciewicz-a-simone-de-iacobis-weathering-chronobiological-architecture-and-handing-over-control\/#primaryimage\"},\"image\":[\"https:\/\/instytutpolski.pl\/praha\/wp-content\/uploads\/sites\/10\/2022\/11\/galerie_viper-scaled.jpg\",\"https:\/\/instytutpolski.pl\/praha\/wp-content\/uploads\/sites\/10\/2022\/11\/galerie_viper-300x200.jpg\",\"https:\/\/instytutpolski.pl\/praha\/wp-content\/uploads\/sites\/10\/2022\/11\/galerie_viper-1024x683.jpg\",\"https:\/\/instytutpolski.pl\/praha\/wp-content\/uploads\/sites\/10\/2022\/11\/galerie_viper-scaled.jpg\"],\"thumbnailUrl\":\"https:\/\/instytutpolski.pl\/praha\/wp-content\/uploads\/sites\/10\/2022\/11\/galerie_viper-scaled.jpg\",\"datePublished\":\"2022-11-30T09:42:25+02:00\",\"dateModified\":\"2023-01-17T15:36:54+02:00\",\"author\":{\"@id\":\"https:\/\/instytutpolski.pl\/praha\/#\/schema\/person\/cc056f761805fe582843f8b93e94de24\"},\"breadcrumb\":{\"@id\":\"https:\/\/instytutpolski.pl\/praha\/2022\/11\/30\/malgorzata-kuciewicz-a-simone-de-iacobis-weathering-chronobiological-architecture-and-handing-over-control\/#breadcrumb\"},\"inLanguage\":\"pl-PL\",\"potentialAction\":[{\"@type\":\"ReadAction\",\"target\":[\"https:\/\/instytutpolski.pl\/praha\/2022\/11\/30\/malgorzata-kuciewicz-a-simone-de-iacobis-weathering-chronobiological-architecture-and-handing-over-control\/\"]}],\"@context\":\"https:\/\/schema.org\",\"startDate\":\"2022-12-15\",\"endDate\":\"2023-02-18\",\"eventStatus\":\"EventScheduled\",\"eventAttendanceMode\":\"OfflineEventAttendanceMode\",\"location\":{\"@type\":\"place\",\"name\":\"Galerie VI PER, V\u00edtkova 293, Praha 8 \",\"address\":\"Galerie VI PER, V\u00edtkova 293, Praha 8 \",\"geo\":{\"@type\":\"GeoCoordinates\",\"latitude\":\"50.0897389\",\"longitude\":\"14.4463558\"}},\"description\":\"V\u00fdstavu polsk\u00e9ho architektonick\u00e9ho studia Centrala v\u202fkarl\u00ednsk\u00e9 galerii p\u0159ipravila kur\u00e1torka Aleksandra K\u0119dziorek a v\u011bnuje se t\u0159em t\u00e9mat\u016fm spojen\u00fdm s\u202furbanismem: mikroklima, hranice komfortu a zm\u011bna vizuality. V\u202flednu bude n\u00e1sledovat doprovodn\u00fd program \u2013 p\u0159edn\u00e1\u0161ky architekt\u016f. \\nV\u00fdstava kon\u010d\u00ed 18. \u00fanora 2023. \\nwww.vipergallery.org\\n15. 12. \/ 19:00  \\nGalerie VI PER, V\u00edtkova 293, Praha 8 \\n \"},{\"@type\":\"ImageObject\",\"inLanguage\":\"pl-PL\",\"@id\":\"https:\/\/instytutpolski.pl\/praha\/2022\/11\/30\/malgorzata-kuciewicz-a-simone-de-iacobis-weathering-chronobiological-architecture-and-handing-over-control\/#primaryimage\",\"url\":\"https:\/\/instytutpolski.pl\/praha\/wp-content\/uploads\/sites\/10\/2022\/11\/galerie_viper-scaled.jpg\",\"contentUrl\":\"https:\/\/instytutpolski.pl\/praha\/wp-content\/uploads\/sites\/10\/2022\/11\/galerie_viper-scaled.jpg\",\"width\":2560,\"height\":1709},{\"@type\":\"BreadcrumbList\",\"@id\":\"https:\/\/instytutpolski.pl\/praha\/2022\/11\/30\/malgorzata-kuciewicz-a-simone-de-iacobis-weathering-chronobiological-architecture-and-handing-over-control\/#breadcrumb\",\"itemListElement\":[{\"@type\":\"ListItem\",\"position\":1,\"name\":\"Home\",\"item\":\"https:\/\/instytutpolski.pl\/praha\/\"},{\"@type\":\"ListItem\",\"position\":2,\"name\":\"Malgorzata Kuciewicz a Simone De Iacobis \/ Weathering: Chronobiological Architecture and Handing Over Control\u00a0\"}]},{\"@type\":\"WebSite\",\"@id\":\"https:\/\/instytutpolski.pl\/praha\/#website\",\"url\":\"https:\/\/instytutpolski.pl\/praha\/\",\"name\":\"Instytut Polski w Pradze\",\"description\":\"Instytuty Polskie\",\"potentialAction\":[{\"@type\":\"SearchAction\",\"target\":{\"@type\":\"EntryPoint\",\"urlTemplate\":\"https:\/\/instytutpolski.pl\/praha\/?s={search_term_string}\"},\"query-input\":{\"@type\":\"PropertyValueSpecification\",\"valueRequired\":true,\"valueName\":\"search_term_string\"}}],\"inLanguage\":\"pl-PL\"},{\"@type\":\"Person\",\"@id\":\"https:\/\/instytutpolski.pl\/praha\/#\/schema\/person\/cc056f761805fe582843f8b93e94de24\",\"name\":\"cermakm\",\"image\":{\"@type\":\"ImageObject\",\"inLanguage\":\"pl-PL\",\"@id\":\"https:\/\/instytutpolski.pl\/praha\/#\/schema\/person\/image\/\",\"url\":\"https:\/\/secure.gravatar.com\/avatar\/347fb25c22c2b7c60e0b97f3797a0782?s=96&d=mm&r=g\",\"contentUrl\":\"https:\/\/secure.gravatar.com\/avatar\/347fb25c22c2b7c60e0b97f3797a0782?s=96&d=mm&r=g\",\"caption\":\"cermakm\"},\"url\":\"https:\/\/instytutpolski.pl\/praha\/author\/cermakm\/\"}]}<\/script>\n<!-- \/ Yoast SEO plugin. -->","yoast_head_json":{"title":"Malgorzata Kuciewicz a Simone De Iacobis \/ Weathering: Chronobiological Architecture and Handing Over Control\u00a0 - Instytut Polski w Pradze","robots":{"index":"index","follow":"follow","max-snippet":"max-snippet:-1","max-image-preview":"max-image-preview:large","max-video-preview":"max-video-preview:-1"},"canonical":"https:\/\/instytutpolski.pl\/praha\/2022\/11\/30\/malgorzata-kuciewicz-a-simone-de-iacobis-weathering-chronobiological-architecture-and-handing-over-control\/","og_locale":"pl_PL","og_type":"article","og_title":"Malgorzata Kuciewicz a Simone De Iacobis \/ Weathering: Chronobiological Architecture and Handing Over Control\u00a0 - Instytut Polski w Pradze","og_description":"V\u00fdstavu polsk\u00e9ho architektonick\u00e9ho studia Centrala v\u202fkarl\u00ednsk\u00e9 galerii p\u0159ipravila kur\u00e1torka Aleksandra K\u0119dziorek a v\u011bnuje se t\u0159em t\u00e9mat\u016fm spojen\u00fdm s\u202furbanismem: mikroklima, hranice komfortu a zm\u011bna vizuality. V\u202flednu bude n\u00e1sledovat doprovodn\u00fd program \u2013 p\u0159edn\u00e1\u0161ky architekt\u016f. V\u00fdstava kon\u010d\u00ed 18. \u00fanora 2023.&nbsp; www.vipergallery.org 15. 12. \/ 19:00&nbsp;&nbsp; Galerie VI PER, V\u00edtkova 293, Praha 8&nbsp; &nbsp;","og_url":"https:\/\/instytutpolski.pl\/praha\/2022\/11\/30\/malgorzata-kuciewicz-a-simone-de-iacobis-weathering-chronobiological-architecture-and-handing-over-control\/","og_site_name":"Instytut Polski w Pradze","article_published_time":"2022-11-30T09:42:25+00:00","article_modified_time":"2023-01-17T15:36:54+00:00","og_image":[{"width":2560,"height":1709,"url":"https:\/\/instytutpolski.pl\/praha\/wp-content\/uploads\/sites\/10\/2022\/11\/galerie_viper-scaled.jpg","type":"image\/jpeg"}],"author":"cermakm","twitter_card":"summary_large_image","twitter_misc":{"Napisane przez":"cermakm","Szacowany czas czytania":"1 minuta"},"schema":{"@context":"https:\/\/schema.org","@graph":[{"@type":"event","@id":"https:\/\/instytutpolski.pl\/praha\/2022\/11\/30\/malgorzata-kuciewicz-a-simone-de-iacobis-weathering-chronobiological-architecture-and-handing-over-control\/","url":"https:\/\/instytutpolski.pl\/praha\/2022\/11\/30\/malgorzata-kuciewicz-a-simone-de-iacobis-weathering-chronobiological-architecture-and-handing-over-control\/","name":"Malgorzata Kuciewicz a Simone De Iacobis \/ Weathering: Chronobiological Architecture and Handing Over Control\u00a0","isPartOf":{"@id":"https:\/\/instytutpolski.pl\/praha\/#website"},"primaryImageOfPage":{"@id":"https:\/\/instytutpolski.pl\/praha\/2022\/11\/30\/malgorzata-kuciewicz-a-simone-de-iacobis-weathering-chronobiological-architecture-and-handing-over-control\/#primaryimage"},"image":["https:\/\/instytutpolski.pl\/praha\/wp-content\/uploads\/sites\/10\/2022\/11\/galerie_viper-scaled.jpg","https:\/\/instytutpolski.pl\/praha\/wp-content\/uploads\/sites\/10\/2022\/11\/galerie_viper-300x200.jpg","https:\/\/instytutpolski.pl\/praha\/wp-content\/uploads\/sites\/10\/2022\/11\/galerie_viper-1024x683.jpg","https:\/\/instytutpolski.pl\/praha\/wp-content\/uploads\/sites\/10\/2022\/11\/galerie_viper-scaled.jpg"],"thumbnailUrl":"https:\/\/instytutpolski.pl\/praha\/wp-content\/uploads\/sites\/10\/2022\/11\/galerie_viper-scaled.jpg","datePublished":"2022-11-30T09:42:25+02:00","dateModified":"2023-01-17T15:36:54+02:00","author":{"@id":"https:\/\/instytutpolski.pl\/praha\/#\/schema\/person\/cc056f761805fe582843f8b93e94de24"},"breadcrumb":{"@id":"https:\/\/instytutpolski.pl\/praha\/2022\/11\/30\/malgorzata-kuciewicz-a-simone-de-iacobis-weathering-chronobiological-architecture-and-handing-over-control\/#breadcrumb"},"inLanguage":"pl-PL","potentialAction":[{"@type":"ReadAction","target":["https:\/\/instytutpolski.pl\/praha\/2022\/11\/30\/malgorzata-kuciewicz-a-simone-de-iacobis-weathering-chronobiological-architecture-and-handing-over-control\/"]}],"@context":"https:\/\/schema.org","startDate":"2022-12-15","endDate":"2023-02-18","eventStatus":"EventScheduled","eventAttendanceMode":"OfflineEventAttendanceMode","location":{"@type":"place","name":"Galerie VI PER, V\u00edtkova 293, Praha 8 ","address":"Galerie VI PER, V\u00edtkova 293, Praha 8 ","geo":{"@type":"GeoCoordinates","latitude":"50.0897389","longitude":"14.4463558"}},"description":"V\u00fdstavu polsk\u00e9ho architektonick\u00e9ho studia Centrala v\u202fkarl\u00ednsk\u00e9 galerii p\u0159ipravila kur\u00e1torka Aleksandra K\u0119dziorek a v\u011bnuje se t\u0159em t\u00e9mat\u016fm spojen\u00fdm s\u202furbanismem: mikroklima, hranice komfortu a zm\u011bna vizuality. V\u202flednu bude n\u00e1sledovat doprovodn\u00fd program \u2013 p\u0159edn\u00e1\u0161ky architekt\u016f. \nV\u00fdstava kon\u010d\u00ed 18. \u00fanora 2023. \nwww.vipergallery.org\n15. 12. \/ 19:00  \nGalerie VI PER, V\u00edtkova 293, Praha 8 \n "},{"@type":"ImageObject","inLanguage":"pl-PL","@id":"https:\/\/instytutpolski.pl\/praha\/2022\/11\/30\/malgorzata-kuciewicz-a-simone-de-iacobis-weathering-chronobiological-architecture-and-handing-over-control\/#primaryimage","url":"https:\/\/instytutpolski.pl\/praha\/wp-content\/uploads\/sites\/10\/2022\/11\/galerie_viper-scaled.jpg","contentUrl":"https:\/\/instytutpolski.pl\/praha\/wp-content\/uploads\/sites\/10\/2022\/11\/galerie_viper-scaled.jpg","width":2560,"height":1709},{"@type":"BreadcrumbList","@id":"https:\/\/instytutpolski.pl\/praha\/2022\/11\/30\/malgorzata-kuciewicz-a-simone-de-iacobis-weathering-chronobiological-architecture-and-handing-over-control\/#breadcrumb","itemListElement":[{"@type":"ListItem","position":1,"name":"Home","item":"https:\/\/instytutpolski.pl\/praha\/"},{"@type":"ListItem","position":2,"name":"Malgorzata Kuciewicz a Simone De Iacobis \/ Weathering: Chronobiological Architecture and Handing Over Control\u00a0"}]},{"@type":"WebSite","@id":"https:\/\/instytutpolski.pl\/praha\/#website","url":"https:\/\/instytutpolski.pl\/praha\/","name":"Instytut Polski w Pradze","description":"Instytuty Polskie","potentialAction":[{"@type":"SearchAction","target":{"@type":"EntryPoint","urlTemplate":"https:\/\/instytutpolski.pl\/praha\/?s={search_term_string}"},"query-input":{"@type":"PropertyValueSpecification","valueRequired":true,"valueName":"search_term_string"}}],"inLanguage":"pl-PL"},{"@type":"Person","@id":"https:\/\/instytutpolski.pl\/praha\/#\/schema\/person\/cc056f761805fe582843f8b93e94de24","name":"cermakm","image":{"@type":"ImageObject","inLanguage":"pl-PL","@id":"https:\/\/instytutpolski.pl\/praha\/#\/schema\/person\/image\/","url":"https:\/\/secure.gravatar.com\/avatar\/347fb25c22c2b7c60e0b97f3797a0782?s=96&d=mm&r=g","contentUrl":"https:\/\/secure.gravatar.com\/avatar\/347fb25c22c2b7c60e0b97f3797a0782?s=96&d=mm&r=g","caption":"cermakm"},"url":"https:\/\/instytutpolski.pl\/praha\/author\/cermakm\/"}]}},"_links":{"self":[{"href":"https:\/\/instytutpolski.pl\/praha\/wp-json\/wp\/v2\/posts\/7774","targetHints":{"allow":["GET"]}}],"collection":[{"href":"https:\/\/instytutpolski.pl\/praha\/wp-json\/wp\/v2\/posts"}],"about":[{"href":"https:\/\/instytutpolski.pl\/praha\/wp-json\/wp\/v2\/types\/post"}],"author":[{"embeddable":true,"href":"https:\/\/instytutpolski.pl\/praha\/wp-json\/wp\/v2\/users\/161"}],"replies":[{"embeddable":true,"href":"https:\/\/instytutpolski.pl\/praha\/wp-json\/wp\/v2\/comments?post=7774"}],"version-history":[{"count":7,"href":"https:\/\/instytutpolski.pl\/praha\/wp-json\/wp\/v2\/posts\/7774\/revisions"}],"predecessor-version":[{"id":8027,"href":"https:\/\/instytutpolski.pl\/praha\/wp-json\/wp\/v2\/posts\/7774\/revisions\/8027"}],"wp:featuredmedia":[{"embeddable":true,"href":"https:\/\/instytutpolski.pl\/praha\/wp-json\/wp\/v2\/media\/7777"}],"wp:attachment":[{"href":"https:\/\/instytutpolski.pl\/praha\/wp-json\/wp\/v2\/media?parent=7774"}],"wp:term":[{"taxonomy":"category","embeddable":true,"href":"https:\/\/instytutpolski.pl\/praha\/wp-json\/wp\/v2\/categories?post=7774"},{"taxonomy":"post_tag","embeddable":true,"href":"https:\/\/instytutpolski.pl\/praha\/wp-json\/wp\/v2\/tags?post=7774"}],"curies":[{"name":"wp","href":"https:\/\/api.w.org\/{rel}","templated":true}]}}