{"id":8255,"date":"2026-04-29T15:03:10","date_gmt":"2026-04-29T13:03:10","guid":{"rendered":"https:\/\/instytutpolski.pl\/roma\/?p=8255"},"modified":"2026-04-29T15:03:12","modified_gmt":"2026-04-29T13:03:12","slug":"la-voce-dellanima","status":"publish","type":"post","link":"https:\/\/instytutpolski.pl\/roma\/2026\/04\/29\/la-voce-dellanima\/","title":{"rendered":"LA VOCE DELL\u2019ANIMA\u00a0"},"content":{"rendered":"\n<h2 class=\"wp-block-heading has-text-align-center\"><strong>Concerto di\u00a0Maria Pomianowska<\/strong><\/h2>\n\n\n\n<p class=\"has-text-align-center has-vivid-red-color has-text-color has-link-color wp-elements-ba6fcaecc1b5beb1043922681e03b0bd\"><strong>7\u00b0 FIC Festival | Catania Contemporanea<\/strong><\/p>\n\n\n\n<hr class=\"wp-block-separator has-text-color has-vivid-red-color has-alpha-channel-opacity has-vivid-red-background-color has-background\" \/>\n\n\n<div>\n<p class=\"Normalny\"><b>CATANIA<\/b><\/p>\n<\/div>\n<div>\n<p class=\"Normalny\"><strong>Domenica 3 maggio 2026<\/strong> | ore 17.00 | Chiesa di S. Orsola<\/p>\n<\/div>\n<div>\n<p class=\"Normalny\"><strong>Marted\u00ec 5 maggio 2026<\/strong> | ore 17.00 | Chiesa di S. Maria Ogninella<\/p>\n<\/div>\n<div>\n<p class=\"Normalny\"><strong>Mercoled\u00ec 6 maggio 2026<\/strong> | ore 17.00 | Chiesa di San Camillo<\/p>\n<\/div>\n<div>\n<p class=\"Normalny\"><strong>Gioved\u00ec 7 maggio 2026<\/strong> | ore 17.00 | Chiesa di Sant\u2019Agata al Carcere<\/p>\n<\/div>\n<div>\n<p class=\"Normalny\"><strong>Venerd\u00ec 8 maggio 2026<\/strong> | ore 17.00 | Chiesa di S. Francesco Borgia<\/p>\n<\/div>\n\n\n<p class=\"has-vivid-red-color has-text-color has-link-color wp-elements-a926bce433e586ae759aff45e68ee670\">ingresso libero su prenotazione: <a href=\"https:\/\/ficfestival.cataniacontemporanea.it\/la-voce-dell-anima\"><strong>7\u00b0FIC Festival<\/strong><\/a><\/p>\n\n\n\n<hr class=\"wp-block-separator has-text-color has-vivid-red-color has-alpha-channel-opacity has-vivid-red-background-color has-background\" \/>\n\n\n<div>\n<p class=\"Normalny\">Concerto della solista e compositrice polacca, per voce e tre strumenti ad arco dell\u2019antica tradizione polacca: suka di Bilgoraj, suka di Mielec e fiddle di Plock.<\/p>\n<\/div>\n<div>\n<p class=\"Normalny\"><span class=\"Domylnaczcionkaakapitu\">L\u2019evento, a cura dell\u2019Associazione Musicale Etnea, in collaborazione con l\u2019Istituto Polacco di Roma, \u00e8 condiviso con la performance di danza <i>Corpi Liturgici<\/i> di Roberto Zappal\u00e0.<\/span><\/p>\n<\/div>\n<div>\n<p class=\"Normalny\">\u00a0<\/p>\n<\/div>\n<div>\n<p class=\"Normalny\"><span class=\"Domylnaczcionkaakapitu\"><b>Maria Pomianowska<\/b><\/span><span class=\"Domylnaczcionkaakapitu\">, polistrumentista, cantante, compositrice e didatta, insegna all\u2019Accademia di Musica di Cracovia dove ha fondato la prima cattedra di musica etnica in Polonia ed \u00e8 direttrice del Cross-Culture Warsaw Festival. Dal 1984 studia tecniche esecutive di strumenti europei e asiatici, viaggiando tra India, Cina, Corea, Giappone e Medio Oriente. Nel 1994, con Ewa Dahlig e Andrzej Kuczkowski, ricostruisce tre antichi strumenti polacchi ad arco: suka di Bilgoraj, suka di Mielec, fiddle di Plock, sviluppandone tecnica, accordatura e repertorio. Da oltre 30 anni si esibisce in tutto il mondo; tra il 1997 e il 2002 ha vissuto in Giappone, dove ha stretto l\u2019amicizia con la famiglia imperiale e presentato alla corte la sua musica. Ha composto ed eseguito musica con artisti di fama mondiale come Yo-Yo Ma, Janusz Olejniczak, Boris Grebenshchikov, Gil Goldstein, Gonzalo Rubalcaba, Branford Marsalis, Kayhan Kalhor e Hossain Alizadeh. Ha pubblicato 27 album d\u2019autore, molti dei quali premiati a livello internazionale. Ha realizzato numerosi progetti internazionali basati sulla musica tradizionale della regione polacca di Masovia, coinvolgendo i musicisti da vari paesi dell\u2019Africa e dell\u2019Asia. Ha pubblicato manuali per gli strumenti che ha ricostruito e composto musiche per il cinema e il teatro. Per la sua attivit\u00e0 ha ricevuto numerosi premi e riconoscimenti.<\/span><\/p>\n<\/div>\n\n\n<hr class=\"wp-block-separator has-text-color has-vivid-red-color has-alpha-channel-opacity has-vivid-red-background-color has-background\" \/>\n\n\n<div>\n<p class=\"Normalny\"><span style=\"font-size: revert\"><span style=\"color: #c20808\"><strong>Domenica 3 maggio 2026<\/strong><\/span> alle ore 21.00, presso il Cortile Platamone<br \/>il 7\u00b0 FIC Festival | Catania Contemporanea propone<br \/>il concerto\/performing reportage di <\/span><b style=\"font-size: revert\">Monika Bulaj<\/b><span style=\"font-size: revert\"> \u2013 fotografa, reporter, regista e narratrice polacca.<\/span><\/p>\n<\/div>","protected":false},"excerpt":{"rendered":"<p>Concerto di\u00a0Maria Pomianowska 7\u00b0 FIC Festival | Catania Contemporanea CATANIA Domenica 3 maggio 2026 | ore 17.00 | Chiesa di S. Orsola Marted\u00ec 5 maggio 2026 | ore 17.00 | Chiesa di S. Maria Ogninella Mercoled\u00ec 6 maggio 2026 | ore 17.00 | Chiesa di San Camillo Gioved\u00ec 7 maggio 2026 | ore 17.00 | [&hellip;]<\/p>\n","protected":false},"author":33,"featured_media":8256,"comment_status":"open","ping_status":"open","sticky":false,"template":"","format":"standard","meta":{"inline_featured_image":false,"_monsterinsights_skip_tracking":false,"_monsterinsights_sitenote_active":false,"_monsterinsights_sitenote_note":"","_monsterinsights_sitenote_category":0,"footnotes":""},"categories":[11,5,13],"tags":[],"class_list":["post-8255","post","type-post","status-publish","format-standard","has-post-thumbnail","hentry","category-arte","category-eventi","category-musica"],"yoast_head":"<!-- This site is optimized with the Yoast SEO plugin v24.6 - https:\/\/yoast.com\/wordpress\/plugins\/seo\/ -->\n<title>LA VOCE DELL\u2019ANIMA\u00a0 - Instytut Polski w Rzymie<\/title>\n<meta name=\"robots\" content=\"index, follow, max-snippet:-1, max-image-preview:large, max-video-preview:-1\" \/>\n<link rel=\"canonical\" href=\"https:\/\/instytutpolski.pl\/roma\/2026\/04\/29\/la-voce-dellanima\/\" \/>\n<meta property=\"og:locale\" content=\"pl_PL\" \/>\n<meta property=\"og:type\" content=\"article\" \/>\n<meta property=\"og:title\" content=\"LA VOCE DELL\u2019ANIMA\u00a0 - Instytut Polski w Rzymie\" \/>\n<meta property=\"og:description\" content=\"Concerto di\u00a0Maria Pomianowska 7\u00b0 FIC Festival | Catania Contemporanea CATANIA Domenica 3 maggio 2026 | ore 17.00 | Chiesa di S. Orsola Marted\u00ec 5 maggio 2026 | ore 17.00 | Chiesa di S. Maria Ogninella Mercoled\u00ec 6 maggio 2026 | ore 17.00 | Chiesa di San Camillo Gioved\u00ec 7 maggio 2026 | ore 17.00 | [&hellip;]\" \/>\n<meta property=\"og:url\" content=\"https:\/\/instytutpolski.pl\/roma\/2026\/04\/29\/la-voce-dellanima\/\" \/>\n<meta property=\"og:site_name\" content=\"Instytut Polski w Rzymie\" \/>\n<meta property=\"article:published_time\" content=\"2026-04-29T13:03:10+00:00\" \/>\n<meta property=\"article:modified_time\" content=\"2026-04-29T13:03:12+00:00\" \/>\n<meta property=\"og:image\" content=\"https:\/\/instytutpolski.pl\/roma\/wp-content\/uploads\/sites\/25\/2026\/04\/Maria-Pomianowska.jpg\" \/>\n\t<meta property=\"og:image:width\" content=\"1920\" \/>\n\t<meta property=\"og:image:height\" content=\"1080\" \/>\n\t<meta property=\"og:image:type\" content=\"image\/jpeg\" \/>\n<meta name=\"author\" content=\"olszanskae\" \/>\n<meta name=\"twitter:card\" content=\"summary_large_image\" \/>\n<meta name=\"twitter:label1\" content=\"Napisane przez\" \/>\n\t<meta name=\"twitter:data1\" content=\"olszanskae\" \/>\n\t<meta name=\"twitter:label2\" content=\"Szacowany czas czytania\" \/>\n\t<meta name=\"twitter:data2\" content=\"3 minuty\" \/>\n<script type=\"application\/ld+json\" class=\"yoast-schema-graph\">{\"@context\":\"https:\/\/schema.org\",\"@graph\":[{\"@type\":\"event\",\"@id\":\"https:\/\/instytutpolski.pl\/roma\/2026\/04\/29\/la-voce-dellanima\/\",\"url\":\"https:\/\/instytutpolski.pl\/roma\/2026\/04\/29\/la-voce-dellanima\/\",\"name\":\"LA VOCE DELL\u2019ANIMA\u00a0\",\"isPartOf\":{\"@id\":\"https:\/\/instytutpolski.pl\/roma\/#website\"},\"primaryImageOfPage\":{\"@id\":\"https:\/\/instytutpolski.pl\/roma\/2026\/04\/29\/la-voce-dellanima\/#primaryimage\"},\"image\":[\"https:\/\/instytutpolski.pl\/roma\/wp-content\/uploads\/sites\/25\/2026\/04\/Maria-Pomianowska.jpg\",\"https:\/\/instytutpolski.pl\/roma\/wp-content\/uploads\/sites\/25\/2026\/04\/Maria-Pomianowska-300x169.jpg\",\"https:\/\/instytutpolski.pl\/roma\/wp-content\/uploads\/sites\/25\/2026\/04\/Maria-Pomianowska-1024x576.jpg\",\"https:\/\/instytutpolski.pl\/roma\/wp-content\/uploads\/sites\/25\/2026\/04\/Maria-Pomianowska.jpg\"],\"thumbnailUrl\":\"https:\/\/instytutpolski.pl\/roma\/wp-content\/uploads\/sites\/25\/2026\/04\/Maria-Pomianowska.jpg\",\"datePublished\":\"2026-04-29T13:03:10+02:00\",\"dateModified\":\"2026-04-29T13:03:12+02:00\",\"author\":{\"@id\":\"https:\/\/instytutpolski.pl\/roma\/#\/schema\/person\/a20a073d7a2e4e3a1e61337018ea1dde\"},\"breadcrumb\":{\"@id\":\"https:\/\/instytutpolski.pl\/roma\/2026\/04\/29\/la-voce-dellanima\/#breadcrumb\"},\"inLanguage\":\"pl-PL\",\"potentialAction\":[{\"@type\":\"ReadAction\",\"target\":[\"https:\/\/instytutpolski.pl\/roma\/2026\/04\/29\/la-voce-dellanima\/\"]}],\"@context\":\"https:\/\/schema.org\",\"startDate\":\"2026-05-03\",\"endDate\":\"2026-05-08\",\"eventStatus\":\"EventScheduled\",\"eventAttendanceMode\":\"OfflineEventAttendanceMode\",\"location\":{\"@type\":\"place\",\"name\":\"\",\"address\":\"\",\"geo\":{\"@type\":\"GeoCoordinates\",\"latitude\":\"\",\"longitude\":\"\"}},\"description\":\"Concerto di\u00a0Maria Pomianowska\\n7\u00b0 FIC Festival | Catania Contemporanea\\nCATANIA\\nDomenica 3 maggio 2026 | ore 17.00 | Chiesa di S. Orsola\\nMarted\u00ec 5 maggio 2026 | ore 17.00 | Chiesa di S. Maria Ogninella\\nMercoled\u00ec 6 maggio 2026 | ore 17.00 | Chiesa di San Camillo\\nGioved\u00ec 7 maggio 2026 | ore 17.00 | Chiesa di Sant\u2019Agata al Carcere\\nVenerd\u00ec 8 maggio 2026 | ore 17.00 | Chiesa di S. Francesco Borgia\\ningresso libero su prenotazione: 7\u00b0FIC Festival\\nConcerto della solista e compositrice polacca, per voce e tre strumenti ad arco dell\u2019antica tradizione polacca: suka di Bilgoraj, suka di Mielec e fiddle di Plock.\\nL\u2019evento, a cura dell\u2019Associazione Musicale Etnea, in collaborazione con l\u2019Istituto Polacco di Roma, \u00e8 condiviso con la performance di danza Corpi Liturgici di Roberto Zappal\u00e0.\\n\u00a0\\nMaria Pomianowska, polistrumentista, cantante, compositrice e didatta, insegna all\u2019Accademia di Musica di Cracovia dove ha fondato la prima cattedra di musica etnica in Polonia ed \u00e8 direttrice del Cross-Culture Warsaw Festival. Dal 1984 studia tecniche esecutive di strumenti europei e asiatici, viaggiando tra India, Cina, Corea, Giappone e Medio Oriente. Nel 1994, con Ewa Dahlig e Andrzej Kuczkowski, ricostruisce tre antichi strumenti polacchi ad arco: suka di Bilgoraj, suka di Mielec, fiddle di Plock, sviluppandone tecnica, accordatura e repertorio. Da oltre 30 anni si esibisce in tutto il mondo; tra il 1997 e il 2002 ha vissuto in Giappone, dove ha stretto l\u2019amicizia con la famiglia imperiale e presentato alla corte la sua musica. Ha composto ed eseguito musica con artisti di fama mondiale come Yo-Yo Ma, Janusz Olejniczak, Boris Grebenshchikov, Gil Goldstein, Gonzalo Rubalcaba, Branford Marsalis, Kayhan Kalhor e Hossain Alizadeh. Ha pubblicato 27 album d\u2019autore, molti dei quali premiati a livello internazionale. Ha realizzato numerosi progetti internazionali basati sulla musica tradizionale della regione polacca di Masovia, coinvolgendo i musicisti da vari paesi dell\u2019Africa e dell\u2019Asia. Ha pubblicato manuali per gli strumenti che ha ricostruito e composto musiche per il cinema e il teatro. Per la sua attivit\u00e0 ha ricevuto numerosi premi e riconoscimenti.\\nDomenica 3 maggio 2026 alle ore 21.00, presso il Cortile Platamoneil 7\u00b0 FIC Festival | Catania Contemporanea proponeil concerto\/performing reportage di Monika Bulaj \u2013 fotografa, reporter, regista e narratrice polacca.\"},{\"@type\":\"ImageObject\",\"inLanguage\":\"pl-PL\",\"@id\":\"https:\/\/instytutpolski.pl\/roma\/2026\/04\/29\/la-voce-dellanima\/#primaryimage\",\"url\":\"https:\/\/instytutpolski.pl\/roma\/wp-content\/uploads\/sites\/25\/2026\/04\/Maria-Pomianowska.jpg\",\"contentUrl\":\"https:\/\/instytutpolski.pl\/roma\/wp-content\/uploads\/sites\/25\/2026\/04\/Maria-Pomianowska.jpg\",\"width\":1920,\"height\":1080},{\"@type\":\"BreadcrumbList\",\"@id\":\"https:\/\/instytutpolski.pl\/roma\/2026\/04\/29\/la-voce-dellanima\/#breadcrumb\",\"itemListElement\":[{\"@type\":\"ListItem\",\"position\":1,\"name\":\"Home\",\"item\":\"https:\/\/instytutpolski.pl\/roma\/\"},{\"@type\":\"ListItem\",\"position\":2,\"name\":\"LA VOCE DELL\u2019ANIMA\u00a0\"}]},{\"@type\":\"WebSite\",\"@id\":\"https:\/\/instytutpolski.pl\/roma\/#website\",\"url\":\"https:\/\/instytutpolski.pl\/roma\/\",\"name\":\"Instytut Polski w Rzymie\",\"description\":\"Instytuty Polskie\",\"potentialAction\":[{\"@type\":\"SearchAction\",\"target\":{\"@type\":\"EntryPoint\",\"urlTemplate\":\"https:\/\/instytutpolski.pl\/roma\/?s={search_term_string}\"},\"query-input\":{\"@type\":\"PropertyValueSpecification\",\"valueRequired\":true,\"valueName\":\"search_term_string\"}}],\"inLanguage\":\"pl-PL\"},{\"@type\":\"Person\",\"@id\":\"https:\/\/instytutpolski.pl\/roma\/#\/schema\/person\/a20a073d7a2e4e3a1e61337018ea1dde\",\"name\":\"olszanskae\",\"image\":{\"@type\":\"ImageObject\",\"inLanguage\":\"pl-PL\",\"@id\":\"https:\/\/instytutpolski.pl\/roma\/#\/schema\/person\/image\/\",\"url\":\"https:\/\/secure.gravatar.com\/avatar\/da4122249e9d4fc785323fb50d5ce00c?s=96&d=mm&r=g\",\"contentUrl\":\"https:\/\/secure.gravatar.com\/avatar\/da4122249e9d4fc785323fb50d5ce00c?s=96&d=mm&r=g\",\"caption\":\"olszanskae\"},\"url\":\"https:\/\/instytutpolski.pl\/roma\/author\/olszanskae\/\"}]}<\/script>\n<!-- \/ Yoast SEO plugin. -->","yoast_head_json":{"title":"LA VOCE DELL\u2019ANIMA\u00a0 - Instytut Polski w Rzymie","robots":{"index":"index","follow":"follow","max-snippet":"max-snippet:-1","max-image-preview":"max-image-preview:large","max-video-preview":"max-video-preview:-1"},"canonical":"https:\/\/instytutpolski.pl\/roma\/2026\/04\/29\/la-voce-dellanima\/","og_locale":"pl_PL","og_type":"article","og_title":"LA VOCE DELL\u2019ANIMA\u00a0 - Instytut Polski w Rzymie","og_description":"Concerto di\u00a0Maria Pomianowska 7\u00b0 FIC Festival | Catania Contemporanea CATANIA Domenica 3 maggio 2026 | ore 17.00 | Chiesa di S. Orsola Marted\u00ec 5 maggio 2026 | ore 17.00 | Chiesa di S. Maria Ogninella Mercoled\u00ec 6 maggio 2026 | ore 17.00 | Chiesa di San Camillo Gioved\u00ec 7 maggio 2026 | ore 17.00 | [&hellip;]","og_url":"https:\/\/instytutpolski.pl\/roma\/2026\/04\/29\/la-voce-dellanima\/","og_site_name":"Instytut Polski w Rzymie","article_published_time":"2026-04-29T13:03:10+00:00","article_modified_time":"2026-04-29T13:03:12+00:00","og_image":[{"width":1920,"height":1080,"url":"https:\/\/instytutpolski.pl\/roma\/wp-content\/uploads\/sites\/25\/2026\/04\/Maria-Pomianowska.jpg","type":"image\/jpeg"}],"author":"olszanskae","twitter_card":"summary_large_image","twitter_misc":{"Napisane przez":"olszanskae","Szacowany czas czytania":"3 minuty"},"schema":{"@context":"https:\/\/schema.org","@graph":[{"@type":"event","@id":"https:\/\/instytutpolski.pl\/roma\/2026\/04\/29\/la-voce-dellanima\/","url":"https:\/\/instytutpolski.pl\/roma\/2026\/04\/29\/la-voce-dellanima\/","name":"LA VOCE DELL\u2019ANIMA\u00a0","isPartOf":{"@id":"https:\/\/instytutpolski.pl\/roma\/#website"},"primaryImageOfPage":{"@id":"https:\/\/instytutpolski.pl\/roma\/2026\/04\/29\/la-voce-dellanima\/#primaryimage"},"image":["https:\/\/instytutpolski.pl\/roma\/wp-content\/uploads\/sites\/25\/2026\/04\/Maria-Pomianowska.jpg","https:\/\/instytutpolski.pl\/roma\/wp-content\/uploads\/sites\/25\/2026\/04\/Maria-Pomianowska-300x169.jpg","https:\/\/instytutpolski.pl\/roma\/wp-content\/uploads\/sites\/25\/2026\/04\/Maria-Pomianowska-1024x576.jpg","https:\/\/instytutpolski.pl\/roma\/wp-content\/uploads\/sites\/25\/2026\/04\/Maria-Pomianowska.jpg"],"thumbnailUrl":"https:\/\/instytutpolski.pl\/roma\/wp-content\/uploads\/sites\/25\/2026\/04\/Maria-Pomianowska.jpg","datePublished":"2026-04-29T13:03:10+02:00","dateModified":"2026-04-29T13:03:12+02:00","author":{"@id":"https:\/\/instytutpolski.pl\/roma\/#\/schema\/person\/a20a073d7a2e4e3a1e61337018ea1dde"},"breadcrumb":{"@id":"https:\/\/instytutpolski.pl\/roma\/2026\/04\/29\/la-voce-dellanima\/#breadcrumb"},"inLanguage":"pl-PL","potentialAction":[{"@type":"ReadAction","target":["https:\/\/instytutpolski.pl\/roma\/2026\/04\/29\/la-voce-dellanima\/"]}],"@context":"https:\/\/schema.org","startDate":"2026-05-03","endDate":"2026-05-08","eventStatus":"EventScheduled","eventAttendanceMode":"OfflineEventAttendanceMode","location":{"@type":"place","name":"","address":"","geo":{"@type":"GeoCoordinates","latitude":"","longitude":""}},"description":"Concerto di\u00a0Maria Pomianowska\n7\u00b0 FIC Festival | Catania Contemporanea\nCATANIA\nDomenica 3 maggio 2026 | ore 17.00 | Chiesa di S. Orsola\nMarted\u00ec 5 maggio 2026 | ore 17.00 | Chiesa di S. Maria Ogninella\nMercoled\u00ec 6 maggio 2026 | ore 17.00 | Chiesa di San Camillo\nGioved\u00ec 7 maggio 2026 | ore 17.00 | Chiesa di Sant\u2019Agata al Carcere\nVenerd\u00ec 8 maggio 2026 | ore 17.00 | Chiesa di S. Francesco Borgia\ningresso libero su prenotazione: 7\u00b0FIC Festival\nConcerto della solista e compositrice polacca, per voce e tre strumenti ad arco dell\u2019antica tradizione polacca: suka di Bilgoraj, suka di Mielec e fiddle di Plock.\nL\u2019evento, a cura dell\u2019Associazione Musicale Etnea, in collaborazione con l\u2019Istituto Polacco di Roma, \u00e8 condiviso con la performance di danza Corpi Liturgici di Roberto Zappal\u00e0.\n\u00a0\nMaria Pomianowska, polistrumentista, cantante, compositrice e didatta, insegna all\u2019Accademia di Musica di Cracovia dove ha fondato la prima cattedra di musica etnica in Polonia ed \u00e8 direttrice del Cross-Culture Warsaw Festival. Dal 1984 studia tecniche esecutive di strumenti europei e asiatici, viaggiando tra India, Cina, Corea, Giappone e Medio Oriente. Nel 1994, con Ewa Dahlig e Andrzej Kuczkowski, ricostruisce tre antichi strumenti polacchi ad arco: suka di Bilgoraj, suka di Mielec, fiddle di Plock, sviluppandone tecnica, accordatura e repertorio. Da oltre 30 anni si esibisce in tutto il mondo; tra il 1997 e il 2002 ha vissuto in Giappone, dove ha stretto l\u2019amicizia con la famiglia imperiale e presentato alla corte la sua musica. Ha composto ed eseguito musica con artisti di fama mondiale come Yo-Yo Ma, Janusz Olejniczak, Boris Grebenshchikov, Gil Goldstein, Gonzalo Rubalcaba, Branford Marsalis, Kayhan Kalhor e Hossain Alizadeh. Ha pubblicato 27 album d\u2019autore, molti dei quali premiati a livello internazionale. Ha realizzato numerosi progetti internazionali basati sulla musica tradizionale della regione polacca di Masovia, coinvolgendo i musicisti da vari paesi dell\u2019Africa e dell\u2019Asia. Ha pubblicato manuali per gli strumenti che ha ricostruito e composto musiche per il cinema e il teatro. Per la sua attivit\u00e0 ha ricevuto numerosi premi e riconoscimenti.\nDomenica 3 maggio 2026 alle ore 21.00, presso il Cortile Platamoneil 7\u00b0 FIC Festival | Catania Contemporanea proponeil concerto\/performing reportage di Monika Bulaj \u2013 fotografa, reporter, regista e narratrice polacca."},{"@type":"ImageObject","inLanguage":"pl-PL","@id":"https:\/\/instytutpolski.pl\/roma\/2026\/04\/29\/la-voce-dellanima\/#primaryimage","url":"https:\/\/instytutpolski.pl\/roma\/wp-content\/uploads\/sites\/25\/2026\/04\/Maria-Pomianowska.jpg","contentUrl":"https:\/\/instytutpolski.pl\/roma\/wp-content\/uploads\/sites\/25\/2026\/04\/Maria-Pomianowska.jpg","width":1920,"height":1080},{"@type":"BreadcrumbList","@id":"https:\/\/instytutpolski.pl\/roma\/2026\/04\/29\/la-voce-dellanima\/#breadcrumb","itemListElement":[{"@type":"ListItem","position":1,"name":"Home","item":"https:\/\/instytutpolski.pl\/roma\/"},{"@type":"ListItem","position":2,"name":"LA VOCE DELL\u2019ANIMA\u00a0"}]},{"@type":"WebSite","@id":"https:\/\/instytutpolski.pl\/roma\/#website","url":"https:\/\/instytutpolski.pl\/roma\/","name":"Instytut Polski w Rzymie","description":"Instytuty Polskie","potentialAction":[{"@type":"SearchAction","target":{"@type":"EntryPoint","urlTemplate":"https:\/\/instytutpolski.pl\/roma\/?s={search_term_string}"},"query-input":{"@type":"PropertyValueSpecification","valueRequired":true,"valueName":"search_term_string"}}],"inLanguage":"pl-PL"},{"@type":"Person","@id":"https:\/\/instytutpolski.pl\/roma\/#\/schema\/person\/a20a073d7a2e4e3a1e61337018ea1dde","name":"olszanskae","image":{"@type":"ImageObject","inLanguage":"pl-PL","@id":"https:\/\/instytutpolski.pl\/roma\/#\/schema\/person\/image\/","url":"https:\/\/secure.gravatar.com\/avatar\/da4122249e9d4fc785323fb50d5ce00c?s=96&d=mm&r=g","contentUrl":"https:\/\/secure.gravatar.com\/avatar\/da4122249e9d4fc785323fb50d5ce00c?s=96&d=mm&r=g","caption":"olszanskae"},"url":"https:\/\/instytutpolski.pl\/roma\/author\/olszanskae\/"}]}},"_links":{"self":[{"href":"https:\/\/instytutpolski.pl\/roma\/wp-json\/wp\/v2\/posts\/8255","targetHints":{"allow":["GET"]}}],"collection":[{"href":"https:\/\/instytutpolski.pl\/roma\/wp-json\/wp\/v2\/posts"}],"about":[{"href":"https:\/\/instytutpolski.pl\/roma\/wp-json\/wp\/v2\/types\/post"}],"author":[{"embeddable":true,"href":"https:\/\/instytutpolski.pl\/roma\/wp-json\/wp\/v2\/users\/33"}],"replies":[{"embeddable":true,"href":"https:\/\/instytutpolski.pl\/roma\/wp-json\/wp\/v2\/comments?post=8255"}],"version-history":[{"count":2,"href":"https:\/\/instytutpolski.pl\/roma\/wp-json\/wp\/v2\/posts\/8255\/revisions"}],"predecessor-version":[{"id":8258,"href":"https:\/\/instytutpolski.pl\/roma\/wp-json\/wp\/v2\/posts\/8255\/revisions\/8258"}],"wp:featuredmedia":[{"embeddable":true,"href":"https:\/\/instytutpolski.pl\/roma\/wp-json\/wp\/v2\/media\/8256"}],"wp:attachment":[{"href":"https:\/\/instytutpolski.pl\/roma\/wp-json\/wp\/v2\/media?parent=8255"}],"wp:term":[{"taxonomy":"category","embeddable":true,"href":"https:\/\/instytutpolski.pl\/roma\/wp-json\/wp\/v2\/categories?post=8255"},{"taxonomy":"post_tag","embeddable":true,"href":"https:\/\/instytutpolski.pl\/roma\/wp-json\/wp\/v2\/tags?post=8255"}],"curies":[{"name":"wp","href":"https:\/\/api.w.org\/{rel}","templated":true}]}}