{"id":12161,"date":"2025-03-14T13:54:14","date_gmt":"2025-03-14T12:54:14","guid":{"rendered":"https:\/\/instytutpolski.pl\/sofia\/?p=12161"},"modified":"2025-03-27T15:14:39","modified_gmt":"2025-03-27T14:14:39","slug":"swietujemydzien-kobiet","status":"publish","type":"post","link":"https:\/\/instytutpolski.pl\/sofia\/2025\/03\/14\/swietujemydzien-kobiet\/","title":{"rendered":"\u015awi\u0119tujemy Dzie\u0144 Kobiet"},"content":{"rendered":"\n<p style=\"text-align: center\"><strong>29 \u043c\u0430\u0440\u0442 2025, \u0441\u044a\u0431\u043e\u0442\u0430, 15:00 \u0447.<\/strong><\/p>\n<p style=\"text-align: center\"><strong>Instytut Polski w Sofii, ul. \u201eWeslec\u201d 12 <\/strong><\/p>\n<p style=\"text-align: center\"><strong><em>Wydarzenie organizowane przez Ambasad\u0119 RP w Sofii oraz Instytut Polski w Sofii<\/em><\/strong><\/p>\n<p>\u00a0<\/p>\n<p><strong>\u201eKobieta szcz\u0119\u015bliwa i sprawcza\u201d<\/strong> \u2013 szkolenie rozwojowe\u00a0 dla kobiet ze \u015brodowiska polonijnego. Szkolenie przeprowadz\u0105 dwie do\u015bwiadczone trenerki zwi\u0105zane z <a href=\"https:\/\/wsb.edu.pl\/\">Akademi\u0105 WSB<\/a> z D\u0105browy G\u00f3rniczej w formie wyk\u0142adu oraz warsztat\u00f3w. Szkolenie ma na celu wzmocnienie kobiet ze \u015brodowiska polonijnego w zakresie asertywno\u015bci, poczucia sprawczo\u015bci i szcz\u0119\u015bcia, identyfikowania swoich mocnych stron i potencja\u0142u.<\/p>\n<p>\u00a0<\/p>\n<p><strong>Warsztaty w j\u0119zyku polskim. <\/strong><\/p>\n<p><strong>Na szkolenie obowi\u0105zuj\u0105 zapisy do 22.03.2025 na adres<\/strong> <strong>mailowy<\/strong><strong>:<\/strong> <a href=\"mailto:sofia.amb.events@msz.gov.pl\">sofia.amb.events@msz.gov.pl<\/a><\/p>\n<p>\u00a0<\/p>\n","protected":false},"excerpt":{"rendered":"<p>29 \u043c\u0430\u0440\u0442 2025, \u0441\u044a\u0431\u043e\u0442\u0430, 15:00 \u0447. Instytut Polski w Sofii, ul. \u201eWeslec\u201d 12 Wydarzenie organizowane przez Ambasad\u0119 RP w Sofii oraz Instytut Polski w Sofii \u00a0 \u201eKobieta szcz\u0119\u015bliwa i sprawcza\u201d \u2013 szkolenie rozwojowe\u00a0 dla kobiet ze \u015brodowiska polonijnego. Szkolenie przeprowadz\u0105 dwie do\u015bwiadczone trenerki zwi\u0105zane z Akademi\u0105 WSB z D\u0105browy G\u00f3rniczej w formie wyk\u0142adu oraz warsztat\u00f3w. [&hellip;]<\/p>\n","protected":false},"author":20,"featured_media":12162,"comment_status":"open","ping_status":"open","sticky":false,"template":"","format":"standard","meta":{"inline_featured_image":false,"_monsterinsights_skip_tracking":false,"_monsterinsights_sitenote_active":false,"_monsterinsights_sitenote_note":"","_monsterinsights_sitenote_category":0,"footnotes":""},"categories":[31],"tags":[],"class_list":["post-12161","post","type-post","status-publish","format-standard","has-post-thumbnail","hentry","category-31"],"yoast_head":"<!-- This site is optimized with the Yoast SEO plugin v24.6 - https:\/\/yoast.com\/wordpress\/plugins\/seo\/ -->\n<title>\u015awi\u0119tujemy Dzie\u0144 Kobiet - Instytut Polski w Sofii<\/title>\n<meta name=\"robots\" content=\"index, follow, max-snippet:-1, max-image-preview:large, max-video-preview:-1\" \/>\n<link rel=\"canonical\" href=\"https:\/\/instytutpolski.pl\/sofia\/2025\/03\/14\/swietujemydzien-kobiet\/\" \/>\n<meta property=\"og:locale\" content=\"pl_PL\" \/>\n<meta property=\"og:type\" content=\"article\" \/>\n<meta property=\"og:title\" content=\"\u015awi\u0119tujemy Dzie\u0144 Kobiet - Instytut Polski w Sofii\" \/>\n<meta property=\"og:description\" content=\"29 \u043c\u0430\u0440\u0442 2025, \u0441\u044a\u0431\u043e\u0442\u0430, 15:00 \u0447. Instytut Polski w Sofii, ul. \u201eWeslec\u201d 12 Wydarzenie organizowane przez Ambasad\u0119 RP w Sofii oraz Instytut Polski w Sofii \u00a0 \u201eKobieta szcz\u0119\u015bliwa i sprawcza\u201d \u2013 szkolenie rozwojowe\u00a0 dla kobiet ze \u015brodowiska polonijnego. Szkolenie przeprowadz\u0105 dwie do\u015bwiadczone trenerki zwi\u0105zane z Akademi\u0105 WSB z D\u0105browy G\u00f3rniczej w formie wyk\u0142adu oraz warsztat\u00f3w. [&hellip;]\" \/>\n<meta property=\"og:url\" content=\"https:\/\/instytutpolski.pl\/sofia\/2025\/03\/14\/swietujemydzien-kobiet\/\" \/>\n<meta property=\"og:site_name\" content=\"Instytut Polski w Sofii\" \/>\n<meta property=\"article:published_time\" content=\"2025-03-14T12:54:14+00:00\" \/>\n<meta property=\"article:modified_time\" content=\"2025-03-27T14:14:39+00:00\" \/>\n<meta property=\"og:image\" content=\"https:\/\/instytutpolski.pl\/sofia\/wp-content\/uploads\/sites\/8\/2025\/03\/Plakat-Dzien-Kobiet.jpg\" \/>\n\t<meta property=\"og:image:width\" content=\"900\" \/>\n\t<meta property=\"og:image:height\" content=\"1600\" \/>\n\t<meta property=\"og:image:type\" content=\"image\/jpeg\" \/>\n<meta name=\"author\" content=\"michailovam\" \/>\n<meta name=\"twitter:card\" content=\"summary_large_image\" \/>\n<meta name=\"twitter:label1\" content=\"Napisane przez\" \/>\n\t<meta name=\"twitter:data1\" content=\"michailovam\" \/>\n\t<meta name=\"twitter:label2\" content=\"Szacowany czas czytania\" \/>\n\t<meta name=\"twitter:data2\" content=\"1 minuta\" \/>\n<script type=\"application\/ld+json\" class=\"yoast-schema-graph\">{\"@context\":\"https:\/\/schema.org\",\"@graph\":[{\"@type\":\"event\",\"@id\":\"https:\/\/instytutpolski.pl\/sofia\/2025\/03\/14\/swietujemydzien-kobiet\/\",\"url\":\"https:\/\/instytutpolski.pl\/sofia\/2025\/03\/14\/swietujemydzien-kobiet\/\",\"name\":\"\u015awi\u0119tujemy Dzie\u0144 Kobiet\",\"isPartOf\":{\"@id\":\"https:\/\/instytutpolski.pl\/sofia\/#website\"},\"primaryImageOfPage\":{\"@id\":\"https:\/\/instytutpolski.pl\/sofia\/2025\/03\/14\/swietujemydzien-kobiet\/#primaryimage\"},\"image\":[\"https:\/\/instytutpolski.pl\/sofia\/wp-content\/uploads\/sites\/8\/2025\/03\/Plakat-Dzien-Kobiet.jpg\",\"https:\/\/instytutpolski.pl\/sofia\/wp-content\/uploads\/sites\/8\/2025\/03\/Plakat-Dzien-Kobiet-169x300.jpg\",\"https:\/\/instytutpolski.pl\/sofia\/wp-content\/uploads\/sites\/8\/2025\/03\/Plakat-Dzien-Kobiet-576x1024.jpg\",\"https:\/\/instytutpolski.pl\/sofia\/wp-content\/uploads\/sites\/8\/2025\/03\/Plakat-Dzien-Kobiet.jpg\"],\"thumbnailUrl\":\"https:\/\/instytutpolski.pl\/sofia\/wp-content\/uploads\/sites\/8\/2025\/03\/Plakat-Dzien-Kobiet.jpg\",\"datePublished\":\"2025-03-14T12:54:14+02:00\",\"dateModified\":\"2025-03-27T14:14:39+02:00\",\"author\":{\"@id\":\"https:\/\/instytutpolski.pl\/sofia\/#\/schema\/person\/b30865535463064104f1d46270063b8e\"},\"breadcrumb\":{\"@id\":\"https:\/\/instytutpolski.pl\/sofia\/2025\/03\/14\/swietujemydzien-kobiet\/#breadcrumb\"},\"inLanguage\":\"pl-PL\",\"potentialAction\":[{\"@type\":\"ReadAction\",\"target\":[\"https:\/\/instytutpolski.pl\/sofia\/2025\/03\/14\/swietujemydzien-kobiet\/\"]}],\"@context\":\"https:\/\/schema.org\",\"startDate\":\"2025-03-29T03:00:00+02:00\",\"endDate\":\"2025-03-29T08:00:00+02:00\",\"eventStatus\":\"EventScheduled\",\"eventAttendanceMode\":\"OfflineEventAttendanceMode\",\"location\":{\"@type\":\"place\",\"name\":\"\",\"address\":\"\",\"geo\":{\"@type\":\"GeoCoordinates\",\"latitude\":\"\",\"longitude\":\"\"}},\"description\":\"29 \u043c\u0430\u0440\u0442 2025, \u0441\u044a\u0431\u043e\u0442\u0430, 15:00 \u0447.\\nInstytut Polski w Sofii, ul. \u201eWeslec\u201d 12 \\nWydarzenie organizowane przez Ambasad\u0119 RP w Sofii oraz Instytut Polski w Sofii\\n\u00a0\\n\u201eKobieta szcz\u0119\u015bliwa i sprawcza\u201d \u2013 szkolenie rozwojowe\u00a0 dla kobiet ze \u015brodowiska polonijnego. Szkolenie przeprowadz\u0105 dwie do\u015bwiadczone trenerki zwi\u0105zane z Akademi\u0105 WSB z D\u0105browy G\u00f3rniczej w formie wyk\u0142adu oraz warsztat\u00f3w. Szkolenie ma na celu wzmocnienie kobiet ze \u015brodowiska polonijnego w zakresie asertywno\u015bci, poczucia sprawczo\u015bci i szcz\u0119\u015bcia, identyfikowania swoich mocnych stron i potencja\u0142u.\\n\u00a0\\nWarsztaty w j\u0119zyku polskim. \\nNa szkolenie obowi\u0105zuj\u0105 zapisy do 22.03.2025 na adres mailowy: sofia.amb.events@msz.gov.pl\\n\u00a0\"},{\"@type\":\"ImageObject\",\"inLanguage\":\"pl-PL\",\"@id\":\"https:\/\/instytutpolski.pl\/sofia\/2025\/03\/14\/swietujemydzien-kobiet\/#primaryimage\",\"url\":\"https:\/\/instytutpolski.pl\/sofia\/wp-content\/uploads\/sites\/8\/2025\/03\/Plakat-Dzien-Kobiet.jpg\",\"contentUrl\":\"https:\/\/instytutpolski.pl\/sofia\/wp-content\/uploads\/sites\/8\/2025\/03\/Plakat-Dzien-Kobiet.jpg\",\"width\":900,\"height\":1600},{\"@type\":\"BreadcrumbList\",\"@id\":\"https:\/\/instytutpolski.pl\/sofia\/2025\/03\/14\/swietujemydzien-kobiet\/#breadcrumb\",\"itemListElement\":[{\"@type\":\"ListItem\",\"position\":1,\"name\":\"Home\",\"item\":\"https:\/\/instytutpolski.pl\/sofia\/\"},{\"@type\":\"ListItem\",\"position\":2,\"name\":\"\u015awi\u0119tujemy Dzie\u0144 Kobiet\"}]},{\"@type\":\"WebSite\",\"@id\":\"https:\/\/instytutpolski.pl\/sofia\/#website\",\"url\":\"https:\/\/instytutpolski.pl\/sofia\/\",\"name\":\"Instytut Polski w Sofii\",\"description\":\"Instytuty Polskie\",\"potentialAction\":[{\"@type\":\"SearchAction\",\"target\":{\"@type\":\"EntryPoint\",\"urlTemplate\":\"https:\/\/instytutpolski.pl\/sofia\/?s={search_term_string}\"},\"query-input\":{\"@type\":\"PropertyValueSpecification\",\"valueRequired\":true,\"valueName\":\"search_term_string\"}}],\"inLanguage\":\"pl-PL\"},{\"@type\":\"Person\",\"@id\":\"https:\/\/instytutpolski.pl\/sofia\/#\/schema\/person\/b30865535463064104f1d46270063b8e\",\"name\":\"michailovam\",\"image\":{\"@type\":\"ImageObject\",\"inLanguage\":\"pl-PL\",\"@id\":\"https:\/\/instytutpolski.pl\/sofia\/#\/schema\/person\/image\/\",\"url\":\"https:\/\/secure.gravatar.com\/avatar\/f839c62e29ba694556e8280b560be4a0?s=96&d=mm&r=g\",\"contentUrl\":\"https:\/\/secure.gravatar.com\/avatar\/f839c62e29ba694556e8280b560be4a0?s=96&d=mm&r=g\",\"caption\":\"michailovam\"},\"url\":\"https:\/\/instytutpolski.pl\/sofia\/author\/michalowam\/\"}]}<\/script>\n<!-- \/ Yoast SEO plugin. -->","yoast_head_json":{"title":"\u015awi\u0119tujemy Dzie\u0144 Kobiet - Instytut Polski w Sofii","robots":{"index":"index","follow":"follow","max-snippet":"max-snippet:-1","max-image-preview":"max-image-preview:large","max-video-preview":"max-video-preview:-1"},"canonical":"https:\/\/instytutpolski.pl\/sofia\/2025\/03\/14\/swietujemydzien-kobiet\/","og_locale":"pl_PL","og_type":"article","og_title":"\u015awi\u0119tujemy Dzie\u0144 Kobiet - Instytut Polski w Sofii","og_description":"29 \u043c\u0430\u0440\u0442 2025, \u0441\u044a\u0431\u043e\u0442\u0430, 15:00 \u0447. Instytut Polski w Sofii, ul. \u201eWeslec\u201d 12 Wydarzenie organizowane przez Ambasad\u0119 RP w Sofii oraz Instytut Polski w Sofii \u00a0 \u201eKobieta szcz\u0119\u015bliwa i sprawcza\u201d \u2013 szkolenie rozwojowe\u00a0 dla kobiet ze \u015brodowiska polonijnego. Szkolenie przeprowadz\u0105 dwie do\u015bwiadczone trenerki zwi\u0105zane z Akademi\u0105 WSB z D\u0105browy G\u00f3rniczej w formie wyk\u0142adu oraz warsztat\u00f3w. [&hellip;]","og_url":"https:\/\/instytutpolski.pl\/sofia\/2025\/03\/14\/swietujemydzien-kobiet\/","og_site_name":"Instytut Polski w Sofii","article_published_time":"2025-03-14T12:54:14+00:00","article_modified_time":"2025-03-27T14:14:39+00:00","og_image":[{"width":900,"height":1600,"url":"https:\/\/instytutpolski.pl\/sofia\/wp-content\/uploads\/sites\/8\/2025\/03\/Plakat-Dzien-Kobiet.jpg","type":"image\/jpeg"}],"author":"michailovam","twitter_card":"summary_large_image","twitter_misc":{"Napisane przez":"michailovam","Szacowany czas czytania":"1 minuta"},"schema":{"@context":"https:\/\/schema.org","@graph":[{"@type":"event","@id":"https:\/\/instytutpolski.pl\/sofia\/2025\/03\/14\/swietujemydzien-kobiet\/","url":"https:\/\/instytutpolski.pl\/sofia\/2025\/03\/14\/swietujemydzien-kobiet\/","name":"\u015awi\u0119tujemy Dzie\u0144 Kobiet","isPartOf":{"@id":"https:\/\/instytutpolski.pl\/sofia\/#website"},"primaryImageOfPage":{"@id":"https:\/\/instytutpolski.pl\/sofia\/2025\/03\/14\/swietujemydzien-kobiet\/#primaryimage"},"image":["https:\/\/instytutpolski.pl\/sofia\/wp-content\/uploads\/sites\/8\/2025\/03\/Plakat-Dzien-Kobiet.jpg","https:\/\/instytutpolski.pl\/sofia\/wp-content\/uploads\/sites\/8\/2025\/03\/Plakat-Dzien-Kobiet-169x300.jpg","https:\/\/instytutpolski.pl\/sofia\/wp-content\/uploads\/sites\/8\/2025\/03\/Plakat-Dzien-Kobiet-576x1024.jpg","https:\/\/instytutpolski.pl\/sofia\/wp-content\/uploads\/sites\/8\/2025\/03\/Plakat-Dzien-Kobiet.jpg"],"thumbnailUrl":"https:\/\/instytutpolski.pl\/sofia\/wp-content\/uploads\/sites\/8\/2025\/03\/Plakat-Dzien-Kobiet.jpg","datePublished":"2025-03-14T12:54:14+02:00","dateModified":"2025-03-27T14:14:39+02:00","author":{"@id":"https:\/\/instytutpolski.pl\/sofia\/#\/schema\/person\/b30865535463064104f1d46270063b8e"},"breadcrumb":{"@id":"https:\/\/instytutpolski.pl\/sofia\/2025\/03\/14\/swietujemydzien-kobiet\/#breadcrumb"},"inLanguage":"pl-PL","potentialAction":[{"@type":"ReadAction","target":["https:\/\/instytutpolski.pl\/sofia\/2025\/03\/14\/swietujemydzien-kobiet\/"]}],"@context":"https:\/\/schema.org","startDate":"2025-03-29T03:00:00+02:00","endDate":"2025-03-29T08:00:00+02:00","eventStatus":"EventScheduled","eventAttendanceMode":"OfflineEventAttendanceMode","location":{"@type":"place","name":"","address":"","geo":{"@type":"GeoCoordinates","latitude":"","longitude":""}},"description":"29 \u043c\u0430\u0440\u0442 2025, \u0441\u044a\u0431\u043e\u0442\u0430, 15:00 \u0447.\nInstytut Polski w Sofii, ul. \u201eWeslec\u201d 12 \nWydarzenie organizowane przez Ambasad\u0119 RP w Sofii oraz Instytut Polski w Sofii\n\u00a0\n\u201eKobieta szcz\u0119\u015bliwa i sprawcza\u201d \u2013 szkolenie rozwojowe\u00a0 dla kobiet ze \u015brodowiska polonijnego. Szkolenie przeprowadz\u0105 dwie do\u015bwiadczone trenerki zwi\u0105zane z Akademi\u0105 WSB z D\u0105browy G\u00f3rniczej w formie wyk\u0142adu oraz warsztat\u00f3w. Szkolenie ma na celu wzmocnienie kobiet ze \u015brodowiska polonijnego w zakresie asertywno\u015bci, poczucia sprawczo\u015bci i szcz\u0119\u015bcia, identyfikowania swoich mocnych stron i potencja\u0142u.\n\u00a0\nWarsztaty w j\u0119zyku polskim. \nNa szkolenie obowi\u0105zuj\u0105 zapisy do 22.03.2025 na adres mailowy: sofia.amb.events@msz.gov.pl\n\u00a0"},{"@type":"ImageObject","inLanguage":"pl-PL","@id":"https:\/\/instytutpolski.pl\/sofia\/2025\/03\/14\/swietujemydzien-kobiet\/#primaryimage","url":"https:\/\/instytutpolski.pl\/sofia\/wp-content\/uploads\/sites\/8\/2025\/03\/Plakat-Dzien-Kobiet.jpg","contentUrl":"https:\/\/instytutpolski.pl\/sofia\/wp-content\/uploads\/sites\/8\/2025\/03\/Plakat-Dzien-Kobiet.jpg","width":900,"height":1600},{"@type":"BreadcrumbList","@id":"https:\/\/instytutpolski.pl\/sofia\/2025\/03\/14\/swietujemydzien-kobiet\/#breadcrumb","itemListElement":[{"@type":"ListItem","position":1,"name":"Home","item":"https:\/\/instytutpolski.pl\/sofia\/"},{"@type":"ListItem","position":2,"name":"\u015awi\u0119tujemy Dzie\u0144 Kobiet"}]},{"@type":"WebSite","@id":"https:\/\/instytutpolski.pl\/sofia\/#website","url":"https:\/\/instytutpolski.pl\/sofia\/","name":"Instytut Polski w Sofii","description":"Instytuty Polskie","potentialAction":[{"@type":"SearchAction","target":{"@type":"EntryPoint","urlTemplate":"https:\/\/instytutpolski.pl\/sofia\/?s={search_term_string}"},"query-input":{"@type":"PropertyValueSpecification","valueRequired":true,"valueName":"search_term_string"}}],"inLanguage":"pl-PL"},{"@type":"Person","@id":"https:\/\/instytutpolski.pl\/sofia\/#\/schema\/person\/b30865535463064104f1d46270063b8e","name":"michailovam","image":{"@type":"ImageObject","inLanguage":"pl-PL","@id":"https:\/\/instytutpolski.pl\/sofia\/#\/schema\/person\/image\/","url":"https:\/\/secure.gravatar.com\/avatar\/f839c62e29ba694556e8280b560be4a0?s=96&d=mm&r=g","contentUrl":"https:\/\/secure.gravatar.com\/avatar\/f839c62e29ba694556e8280b560be4a0?s=96&d=mm&r=g","caption":"michailovam"},"url":"https:\/\/instytutpolski.pl\/sofia\/author\/michalowam\/"}]}},"_links":{"self":[{"href":"https:\/\/instytutpolski.pl\/sofia\/wp-json\/wp\/v2\/posts\/12161","targetHints":{"allow":["GET"]}}],"collection":[{"href":"https:\/\/instytutpolski.pl\/sofia\/wp-json\/wp\/v2\/posts"}],"about":[{"href":"https:\/\/instytutpolski.pl\/sofia\/wp-json\/wp\/v2\/types\/post"}],"author":[{"embeddable":true,"href":"https:\/\/instytutpolski.pl\/sofia\/wp-json\/wp\/v2\/users\/20"}],"replies":[{"embeddable":true,"href":"https:\/\/instytutpolski.pl\/sofia\/wp-json\/wp\/v2\/comments?post=12161"}],"version-history":[{"count":3,"href":"https:\/\/instytutpolski.pl\/sofia\/wp-json\/wp\/v2\/posts\/12161\/revisions"}],"predecessor-version":[{"id":12173,"href":"https:\/\/instytutpolski.pl\/sofia\/wp-json\/wp\/v2\/posts\/12161\/revisions\/12173"}],"wp:featuredmedia":[{"embeddable":true,"href":"https:\/\/instytutpolski.pl\/sofia\/wp-json\/wp\/v2\/media\/12162"}],"wp:attachment":[{"href":"https:\/\/instytutpolski.pl\/sofia\/wp-json\/wp\/v2\/media?parent=12161"}],"wp:term":[{"taxonomy":"category","embeddable":true,"href":"https:\/\/instytutpolski.pl\/sofia\/wp-json\/wp\/v2\/categories?post=12161"},{"taxonomy":"post_tag","embeddable":true,"href":"https:\/\/instytutpolski.pl\/sofia\/wp-json\/wp\/v2\/tags?post=12161"}],"curies":[{"name":"wp","href":"https:\/\/api.w.org\/{rel}","templated":true}]}}