{"id":641,"date":"2019-05-29T09:43:25","date_gmt":"2019-05-29T07:43:25","guid":{"rendered":"https:\/\/instytutpolski.pl\/sofia\/?p=641"},"modified":"2019-05-29T09:43:25","modified_gmt":"2019-05-29T07:43:25","slug":"plewen-otwarcie-wystawy-grafiki-nieuczesane-z-europejskiego-centrum-solidarnosci-w-gdansku","status":"publish","type":"post","link":"https:\/\/instytutpolski.pl\/sofia\/pl\/2019\/05\/29\/plewen-otwarcie-wystawy-grafiki-nieuczesane-z-europejskiego-centrum-solidarnosci-w-gdansku\/","title":{"rendered":"Plewen: Otwarcie wystawy \u201eGrafiki nieuczesane\u201c z Europejskiego Centrum Solidarno\u015bci w Gda\u0144sku"},"content":{"rendered":"\n<p><strong>Wystawa prac Zygmunta Januszewskiego, kt\u00f3ry w latach 80. rysowa\u0142 i projektowa\u0142 dla niezale\u017cnych wydawnictw w Polsce oraz w p\u00f3\u017aniejszym okresie r\u00f3wnie\u017c dla polskich i zagranicznych dziennik\u00f3w i tygodnik\u00f3w.<\/strong><\/p>\n<p><strong>Zygmunt Januszewski<\/strong>\u00a0(1956 \u2013 2013) \u2013 wielokrotnie nagradzany i wyr\u00f3\u017cniany polski artysta, grafik, rysownik i ilustrator, profesor Mi\u0119dzynarodowej Letniej Akademii Sztuk Pi\u0119knych w Salzburgu i Akademii Sztuk Pi\u0119knych w Warszawie. W czasach PRL wsp\u00f3\u0142pracowa\u0142 z niezale\u017cnymi wydawnictwami, przemycaj\u0105c tre\u015bci o\u015bmieszaj\u0105ce system i aparat w\u0142adzy. Jego ilustracje ukazywa\u0142y si\u0119 w czo\u0142owych polskich, niemieckich, francuskich i brytyjskich tytu\u0142ach prasowych. Zajmowa\u0142 si\u0119 tak\u017ce grafik\u0105, projektowaniem plakat\u00f3w, fotografi\u0105 i poezj\u0105. W swoich surrealistycznych pracach, pokazywanych na ca\u0142ym \u015bwiecie, prezentuje w\u0142asny j\u0119zyk pe\u0142en symboli.<\/p>\n<p>Podczas wystawy zaprezentowane zostan\u0105 grafiki, rysunki i plakaty, stworzone przez artyst\u0119 w latach 1983\u20132012. W sumie w tym okresie Januszewski zaprojektowa\u0142 ponad 100 prac, wykorzystanych jako plakaty do przedstawie\u0144 teatralnych oraz ok\u0142adek ksi\u0105\u017cek.<\/p>\n<p><strong>Wystawa czynna do ko\u0144ca maja.<\/strong><\/p>\n<p>\u00a0<\/p>\n<p><strong>11 maja, sobota, godz. 18:00 \u2013 OTWARCIE<br \/>Galeria Sztuki im. Ilii Beszkowa, bul. \u201eGen. Skobelew\u201d nr 1<br \/><em>We wsp\u00f3\u0142pracy z Galeri\u0105 Sztuki im. Ilii Beszkowa i Europejskim Centrum Solidarno\u015bci w Gda\u0144sku<\/em><\/strong><\/p>\n","protected":false},"excerpt":{"rendered":"<p>Wystawa prac Zygmunta Januszewskiego, kt\u00f3ry w latach 80. rysowa\u0142 i projektowa\u0142 dla niezale\u017cnych wydawnictw w Polsce oraz w p\u00f3\u017aniejszym okresie r\u00f3wnie\u017c dla polskich i zagranicznych dziennik\u00f3w i tygodnik\u00f3w. Zygmunt Januszewski\u00a0(1956 \u2013 2013) \u2013 wielokrotnie nagradzany i wyr\u00f3\u017cniany polski artysta, grafik, rysownik i ilustrator, profesor Mi\u0119dzynarodowej Letniej Akademii Sztuk Pi\u0119knych w Salzburgu i Akademii Sztuk Pi\u0119knych [&hellip;]<\/p>\n","protected":false},"author":1,"featured_media":643,"comment_status":"open","ping_status":"open","sticky":false,"template":"","format":"standard","meta":{"inline_featured_image":false,"_monsterinsights_skip_tracking":false,"_monsterinsights_sitenote_active":false,"_monsterinsights_sitenote_note":"","_monsterinsights_sitenote_category":0,"footnotes":""},"categories":[16],"tags":[],"class_list":["post-641","post","type-post","status-publish","format-standard","has-post-thumbnail","hentry","category-aktualnosci"],"yoast_head":"<!-- This site is optimized with the Yoast SEO plugin v24.6 - https:\/\/yoast.com\/wordpress\/plugins\/seo\/ -->\n<title>Plewen: Otwarcie wystawy \u201eGrafiki nieuczesane\u201c z Europejskiego Centrum Solidarno\u015bci w Gda\u0144sku - Instytut Polski w Sofii<\/title>\n<meta name=\"robots\" content=\"index, follow, max-snippet:-1, max-image-preview:large, max-video-preview:-1\" \/>\n<link rel=\"canonical\" href=\"https:\/\/instytutpolski.pl\/sofia\/pl\/2019\/05\/29\/plewen-otwarcie-wystawy-grafiki-nieuczesane-z-europejskiego-centrum-solidarnosci-w-gdansku\/\" \/>\n<meta property=\"og:locale\" content=\"pl_PL\" \/>\n<meta property=\"og:type\" content=\"article\" \/>\n<meta property=\"og:title\" content=\"Plewen: Otwarcie wystawy \u201eGrafiki nieuczesane\u201c z Europejskiego Centrum Solidarno\u015bci w Gda\u0144sku - Instytut Polski w Sofii\" \/>\n<meta property=\"og:description\" content=\"Wystawa prac Zygmunta Januszewskiego, kt\u00f3ry w latach 80. rysowa\u0142 i projektowa\u0142 dla niezale\u017cnych wydawnictw w Polsce oraz w p\u00f3\u017aniejszym okresie r\u00f3wnie\u017c dla polskich i zagranicznych dziennik\u00f3w i tygodnik\u00f3w. Zygmunt Januszewski\u00a0(1956 \u2013 2013) \u2013 wielokrotnie nagradzany i wyr\u00f3\u017cniany polski artysta, grafik, rysownik i ilustrator, profesor Mi\u0119dzynarodowej Letniej Akademii Sztuk Pi\u0119knych w Salzburgu i Akademii Sztuk Pi\u0119knych [&hellip;]\" \/>\n<meta property=\"og:url\" content=\"https:\/\/instytutpolski.pl\/sofia\/pl\/2019\/05\/29\/plewen-otwarcie-wystawy-grafiki-nieuczesane-z-europejskiego-centrum-solidarnosci-w-gdansku\/\" \/>\n<meta property=\"og:site_name\" content=\"Instytut Polski w Sofii\" \/>\n<meta property=\"article:published_time\" content=\"2019-05-29T07:43:25+00:00\" \/>\n<meta property=\"og:image\" content=\"https:\/\/instytutpolski.pl\/sofia\/wp-content\/uploads\/sites\/8\/2019\/05\/thumb-29.jpg\" \/>\n\t<meta property=\"og:image:width\" content=\"640\" \/>\n\t<meta property=\"og:image:height\" content=\"476\" \/>\n\t<meta property=\"og:image:type\" content=\"image\/jpeg\" \/>\n<meta name=\"author\" content=\"sienkiewiczl.disabled\" \/>\n<meta name=\"twitter:card\" content=\"summary_large_image\" \/>\n<meta name=\"twitter:label1\" content=\"Napisane przez\" \/>\n\t<meta name=\"twitter:data1\" content=\"sienkiewiczl.disabled\" \/>\n\t<meta name=\"twitter:label2\" content=\"Szacowany czas czytania\" \/>\n\t<meta name=\"twitter:data2\" content=\"1 minuta\" \/>\n<script type=\"application\/ld+json\" class=\"yoast-schema-graph\">{\"@context\":\"https:\/\/schema.org\",\"@graph\":[{\"@type\":\"event\",\"@id\":\"https:\/\/instytutpolski.pl\/sofia\/pl\/2019\/05\/29\/plewen-otwarcie-wystawy-grafiki-nieuczesane-z-europejskiego-centrum-solidarnosci-w-gdansku\/\",\"url\":\"https:\/\/instytutpolski.pl\/sofia\/pl\/2019\/05\/29\/plewen-otwarcie-wystawy-grafiki-nieuczesane-z-europejskiego-centrum-solidarnosci-w-gdansku\/\",\"name\":\"Plewen: Otwarcie wystawy \u201eGrafiki nieuczesane\u201c z Europejskiego Centrum Solidarno\u015bci w Gda\u0144sku\",\"isPartOf\":{\"@id\":\"https:\/\/instytutpolski.pl\/sofia\/#website\"},\"primaryImageOfPage\":{\"@id\":\"https:\/\/instytutpolski.pl\/sofia\/pl\/2019\/05\/29\/plewen-otwarcie-wystawy-grafiki-nieuczesane-z-europejskiego-centrum-solidarnosci-w-gdansku\/#primaryimage\"},\"image\":[\"https:\/\/instytutpolski.pl\/sofia\/wp-content\/uploads\/sites\/8\/2019\/05\/thumb-29.jpg\",\"https:\/\/instytutpolski.pl\/sofia\/wp-content\/uploads\/sites\/8\/2019\/05\/thumb-29-300x223.jpg\",\"https:\/\/instytutpolski.pl\/sofia\/wp-content\/uploads\/sites\/8\/2019\/05\/thumb-29.jpg\",\"https:\/\/instytutpolski.pl\/sofia\/wp-content\/uploads\/sites\/8\/2019\/05\/thumb-29.jpg\"],\"thumbnailUrl\":\"https:\/\/instytutpolski.pl\/sofia\/wp-content\/uploads\/sites\/8\/2019\/05\/thumb-29.jpg\",\"datePublished\":\"2019-05-29T07:43:25+02:00\",\"author\":{\"@id\":\"https:\/\/instytutpolski.pl\/sofia\/#\/schema\/person\/0d8a0025312a17e346e67e3c446cf459\"},\"breadcrumb\":{\"@id\":\"https:\/\/instytutpolski.pl\/sofia\/pl\/2019\/05\/29\/plewen-otwarcie-wystawy-grafiki-nieuczesane-z-europejskiego-centrum-solidarnosci-w-gdansku\/#breadcrumb\"},\"inLanguage\":\"pl-PL\",\"potentialAction\":[{\"@type\":\"ReadAction\",\"target\":[\"https:\/\/instytutpolski.pl\/sofia\/pl\/2019\/05\/29\/plewen-otwarcie-wystawy-grafiki-nieuczesane-z-europejskiego-centrum-solidarnosci-w-gdansku\/\"]}],\"@context\":\"https:\/\/schema.org\",\"dateModified\":\"2019-05-29T07:43:25+02:00\",\"startDate\":\"2019-05-10\",\"endDate\":\"2019-05-10\",\"eventStatus\":\"EventScheduled\",\"eventAttendanceMode\":\"OfflineEventAttendanceMode\",\"location\":{\"@type\":\"place\",\"name\":\"\",\"address\":\"\",\"geo\":{\"@type\":\"GeoCoordinates\",\"latitude\":\"\",\"longitude\":\"\"}},\"description\":\"Wystawa prac Zygmunta Januszewskiego, kt\u00f3ry w latach 80. rysowa\u0142 i projektowa\u0142 dla niezale\u017cnych wydawnictw w Polsce oraz w p\u00f3\u017aniejszym okresie r\u00f3wnie\u017c dla polskich i zagranicznych dziennik\u00f3w i tygodnik\u00f3w.\\nZygmunt Januszewski\u00a0(1956 \u2013 2013) \u2013 wielokrotnie nagradzany i wyr\u00f3\u017cniany polski artysta, grafik, rysownik i ilustrator, profesor Mi\u0119dzynarodowej Letniej Akademii Sztuk Pi\u0119knych w Salzburgu i Akademii Sztuk Pi\u0119knych w Warszawie. W czasach PRL wsp\u00f3\u0142pracowa\u0142 z niezale\u017cnymi wydawnictwami, przemycaj\u0105c tre\u015bci o\u015bmieszaj\u0105ce system i aparat w\u0142adzy. Jego ilustracje ukazywa\u0142y si\u0119 w czo\u0142owych polskich, niemieckich, francuskich i brytyjskich tytu\u0142ach prasowych. Zajmowa\u0142 si\u0119 tak\u017ce grafik\u0105, projektowaniem plakat\u00f3w, fotografi\u0105 i poezj\u0105. W swoich surrealistycznych pracach, pokazywanych na ca\u0142ym \u015bwiecie, prezentuje w\u0142asny j\u0119zyk pe\u0142en symboli.\\nPodczas wystawy zaprezentowane zostan\u0105 grafiki, rysunki i plakaty, stworzone przez artyst\u0119 w latach 1983\u20132012. W sumie w tym okresie Januszewski zaprojektowa\u0142 ponad 100 prac, wykorzystanych jako plakaty do przedstawie\u0144 teatralnych oraz ok\u0142adek ksi\u0105\u017cek.\\nWystawa czynna do ko\u0144ca maja.\\n\u00a0\\n11 maja, sobota, godz. 18:00 \u2013 OTWARCIEGaleria Sztuki im. Ilii Beszkowa, bul. \u201eGen. Skobelew\u201d nr 1We wsp\u00f3\u0142pracy z Galeri\u0105 Sztuki im. Ilii Beszkowa i Europejskim Centrum Solidarno\u015bci w Gda\u0144sku\"},{\"@type\":\"ImageObject\",\"inLanguage\":\"pl-PL\",\"@id\":\"https:\/\/instytutpolski.pl\/sofia\/pl\/2019\/05\/29\/plewen-otwarcie-wystawy-grafiki-nieuczesane-z-europejskiego-centrum-solidarnosci-w-gdansku\/#primaryimage\",\"url\":\"https:\/\/instytutpolski.pl\/sofia\/wp-content\/uploads\/sites\/8\/2019\/05\/thumb-29.jpg\",\"contentUrl\":\"https:\/\/instytutpolski.pl\/sofia\/wp-content\/uploads\/sites\/8\/2019\/05\/thumb-29.jpg\",\"width\":640,\"height\":476},{\"@type\":\"BreadcrumbList\",\"@id\":\"https:\/\/instytutpolski.pl\/sofia\/pl\/2019\/05\/29\/plewen-otwarcie-wystawy-grafiki-nieuczesane-z-europejskiego-centrum-solidarnosci-w-gdansku\/#breadcrumb\",\"itemListElement\":[{\"@type\":\"ListItem\",\"position\":1,\"name\":\"Home\",\"item\":\"https:\/\/instytutpolski.pl\/sofia\/\"},{\"@type\":\"ListItem\",\"position\":2,\"name\":\"Plewen: Otwarcie wystawy \u201eGrafiki nieuczesane\u201c z Europejskiego Centrum Solidarno\u015bci w Gda\u0144sku\"}]},{\"@type\":\"WebSite\",\"@id\":\"https:\/\/instytutpolski.pl\/sofia\/#website\",\"url\":\"https:\/\/instytutpolski.pl\/sofia\/\",\"name\":\"Instytut Polski w Sofii\",\"description\":\"Instytuty Polskie\",\"potentialAction\":[{\"@type\":\"SearchAction\",\"target\":{\"@type\":\"EntryPoint\",\"urlTemplate\":\"https:\/\/instytutpolski.pl\/sofia\/?s={search_term_string}\"},\"query-input\":{\"@type\":\"PropertyValueSpecification\",\"valueRequired\":true,\"valueName\":\"search_term_string\"}}],\"inLanguage\":\"pl-PL\"},{\"@type\":\"Person\",\"@id\":\"https:\/\/instytutpolski.pl\/sofia\/#\/schema\/person\/0d8a0025312a17e346e67e3c446cf459\",\"name\":\"sienkiewiczl.disabled\",\"image\":{\"@type\":\"ImageObject\",\"inLanguage\":\"pl-PL\",\"@id\":\"https:\/\/instytutpolski.pl\/sofia\/#\/schema\/person\/image\/\",\"url\":\"https:\/\/secure.gravatar.com\/avatar\/37c03cac7512c34f5dfeba093c3631c1?s=96&d=mm&r=g\",\"contentUrl\":\"https:\/\/secure.gravatar.com\/avatar\/37c03cac7512c34f5dfeba093c3631c1?s=96&d=mm&r=g\",\"caption\":\"sienkiewiczl.disabled\"},\"url\":\"https:\/\/instytutpolski.pl\/sofia\/author\/msz\/\"}]}<\/script>\n<!-- \/ Yoast SEO plugin. -->","yoast_head_json":{"title":"Plewen: Otwarcie wystawy \u201eGrafiki nieuczesane\u201c z Europejskiego Centrum Solidarno\u015bci w Gda\u0144sku - Instytut Polski w Sofii","robots":{"index":"index","follow":"follow","max-snippet":"max-snippet:-1","max-image-preview":"max-image-preview:large","max-video-preview":"max-video-preview:-1"},"canonical":"https:\/\/instytutpolski.pl\/sofia\/pl\/2019\/05\/29\/plewen-otwarcie-wystawy-grafiki-nieuczesane-z-europejskiego-centrum-solidarnosci-w-gdansku\/","og_locale":"pl_PL","og_type":"article","og_title":"Plewen: Otwarcie wystawy \u201eGrafiki nieuczesane\u201c z Europejskiego Centrum Solidarno\u015bci w Gda\u0144sku - Instytut Polski w Sofii","og_description":"Wystawa prac Zygmunta Januszewskiego, kt\u00f3ry w latach 80. rysowa\u0142 i projektowa\u0142 dla niezale\u017cnych wydawnictw w Polsce oraz w p\u00f3\u017aniejszym okresie r\u00f3wnie\u017c dla polskich i zagranicznych dziennik\u00f3w i tygodnik\u00f3w. Zygmunt Januszewski\u00a0(1956 \u2013 2013) \u2013 wielokrotnie nagradzany i wyr\u00f3\u017cniany polski artysta, grafik, rysownik i ilustrator, profesor Mi\u0119dzynarodowej Letniej Akademii Sztuk Pi\u0119knych w Salzburgu i Akademii Sztuk Pi\u0119knych [&hellip;]","og_url":"https:\/\/instytutpolski.pl\/sofia\/pl\/2019\/05\/29\/plewen-otwarcie-wystawy-grafiki-nieuczesane-z-europejskiego-centrum-solidarnosci-w-gdansku\/","og_site_name":"Instytut Polski w Sofii","article_published_time":"2019-05-29T07:43:25+00:00","og_image":[{"width":640,"height":476,"url":"https:\/\/instytutpolski.pl\/sofia\/wp-content\/uploads\/sites\/8\/2019\/05\/thumb-29.jpg","type":"image\/jpeg"}],"author":"sienkiewiczl.disabled","twitter_card":"summary_large_image","twitter_misc":{"Napisane przez":"sienkiewiczl.disabled","Szacowany czas czytania":"1 minuta"},"schema":{"@context":"https:\/\/schema.org","@graph":[{"@type":"event","@id":"https:\/\/instytutpolski.pl\/sofia\/pl\/2019\/05\/29\/plewen-otwarcie-wystawy-grafiki-nieuczesane-z-europejskiego-centrum-solidarnosci-w-gdansku\/","url":"https:\/\/instytutpolski.pl\/sofia\/pl\/2019\/05\/29\/plewen-otwarcie-wystawy-grafiki-nieuczesane-z-europejskiego-centrum-solidarnosci-w-gdansku\/","name":"Plewen: Otwarcie wystawy \u201eGrafiki nieuczesane\u201c z Europejskiego Centrum Solidarno\u015bci w Gda\u0144sku","isPartOf":{"@id":"https:\/\/instytutpolski.pl\/sofia\/#website"},"primaryImageOfPage":{"@id":"https:\/\/instytutpolski.pl\/sofia\/pl\/2019\/05\/29\/plewen-otwarcie-wystawy-grafiki-nieuczesane-z-europejskiego-centrum-solidarnosci-w-gdansku\/#primaryimage"},"image":["https:\/\/instytutpolski.pl\/sofia\/wp-content\/uploads\/sites\/8\/2019\/05\/thumb-29.jpg","https:\/\/instytutpolski.pl\/sofia\/wp-content\/uploads\/sites\/8\/2019\/05\/thumb-29-300x223.jpg","https:\/\/instytutpolski.pl\/sofia\/wp-content\/uploads\/sites\/8\/2019\/05\/thumb-29.jpg","https:\/\/instytutpolski.pl\/sofia\/wp-content\/uploads\/sites\/8\/2019\/05\/thumb-29.jpg"],"thumbnailUrl":"https:\/\/instytutpolski.pl\/sofia\/wp-content\/uploads\/sites\/8\/2019\/05\/thumb-29.jpg","datePublished":"2019-05-29T07:43:25+02:00","author":{"@id":"https:\/\/instytutpolski.pl\/sofia\/#\/schema\/person\/0d8a0025312a17e346e67e3c446cf459"},"breadcrumb":{"@id":"https:\/\/instytutpolski.pl\/sofia\/pl\/2019\/05\/29\/plewen-otwarcie-wystawy-grafiki-nieuczesane-z-europejskiego-centrum-solidarnosci-w-gdansku\/#breadcrumb"},"inLanguage":"pl-PL","potentialAction":[{"@type":"ReadAction","target":["https:\/\/instytutpolski.pl\/sofia\/pl\/2019\/05\/29\/plewen-otwarcie-wystawy-grafiki-nieuczesane-z-europejskiego-centrum-solidarnosci-w-gdansku\/"]}],"@context":"https:\/\/schema.org","dateModified":"2019-05-29T07:43:25+02:00","startDate":"2019-05-10","endDate":"2019-05-10","eventStatus":"EventScheduled","eventAttendanceMode":"OfflineEventAttendanceMode","location":{"@type":"place","name":"","address":"","geo":{"@type":"GeoCoordinates","latitude":"","longitude":""}},"description":"Wystawa prac Zygmunta Januszewskiego, kt\u00f3ry w latach 80. rysowa\u0142 i projektowa\u0142 dla niezale\u017cnych wydawnictw w Polsce oraz w p\u00f3\u017aniejszym okresie r\u00f3wnie\u017c dla polskich i zagranicznych dziennik\u00f3w i tygodnik\u00f3w.\nZygmunt Januszewski\u00a0(1956 \u2013 2013) \u2013 wielokrotnie nagradzany i wyr\u00f3\u017cniany polski artysta, grafik, rysownik i ilustrator, profesor Mi\u0119dzynarodowej Letniej Akademii Sztuk Pi\u0119knych w Salzburgu i Akademii Sztuk Pi\u0119knych w Warszawie. W czasach PRL wsp\u00f3\u0142pracowa\u0142 z niezale\u017cnymi wydawnictwami, przemycaj\u0105c tre\u015bci o\u015bmieszaj\u0105ce system i aparat w\u0142adzy. Jego ilustracje ukazywa\u0142y si\u0119 w czo\u0142owych polskich, niemieckich, francuskich i brytyjskich tytu\u0142ach prasowych. Zajmowa\u0142 si\u0119 tak\u017ce grafik\u0105, projektowaniem plakat\u00f3w, fotografi\u0105 i poezj\u0105. W swoich surrealistycznych pracach, pokazywanych na ca\u0142ym \u015bwiecie, prezentuje w\u0142asny j\u0119zyk pe\u0142en symboli.\nPodczas wystawy zaprezentowane zostan\u0105 grafiki, rysunki i plakaty, stworzone przez artyst\u0119 w latach 1983\u20132012. W sumie w tym okresie Januszewski zaprojektowa\u0142 ponad 100 prac, wykorzystanych jako plakaty do przedstawie\u0144 teatralnych oraz ok\u0142adek ksi\u0105\u017cek.\nWystawa czynna do ko\u0144ca maja.\n\u00a0\n11 maja, sobota, godz. 18:00 \u2013 OTWARCIEGaleria Sztuki im. Ilii Beszkowa, bul. \u201eGen. Skobelew\u201d nr 1We wsp\u00f3\u0142pracy z Galeri\u0105 Sztuki im. Ilii Beszkowa i Europejskim Centrum Solidarno\u015bci w Gda\u0144sku"},{"@type":"ImageObject","inLanguage":"pl-PL","@id":"https:\/\/instytutpolski.pl\/sofia\/pl\/2019\/05\/29\/plewen-otwarcie-wystawy-grafiki-nieuczesane-z-europejskiego-centrum-solidarnosci-w-gdansku\/#primaryimage","url":"https:\/\/instytutpolski.pl\/sofia\/wp-content\/uploads\/sites\/8\/2019\/05\/thumb-29.jpg","contentUrl":"https:\/\/instytutpolski.pl\/sofia\/wp-content\/uploads\/sites\/8\/2019\/05\/thumb-29.jpg","width":640,"height":476},{"@type":"BreadcrumbList","@id":"https:\/\/instytutpolski.pl\/sofia\/pl\/2019\/05\/29\/plewen-otwarcie-wystawy-grafiki-nieuczesane-z-europejskiego-centrum-solidarnosci-w-gdansku\/#breadcrumb","itemListElement":[{"@type":"ListItem","position":1,"name":"Home","item":"https:\/\/instytutpolski.pl\/sofia\/"},{"@type":"ListItem","position":2,"name":"Plewen: Otwarcie wystawy \u201eGrafiki nieuczesane\u201c z Europejskiego Centrum Solidarno\u015bci w Gda\u0144sku"}]},{"@type":"WebSite","@id":"https:\/\/instytutpolski.pl\/sofia\/#website","url":"https:\/\/instytutpolski.pl\/sofia\/","name":"Instytut Polski w Sofii","description":"Instytuty Polskie","potentialAction":[{"@type":"SearchAction","target":{"@type":"EntryPoint","urlTemplate":"https:\/\/instytutpolski.pl\/sofia\/?s={search_term_string}"},"query-input":{"@type":"PropertyValueSpecification","valueRequired":true,"valueName":"search_term_string"}}],"inLanguage":"pl-PL"},{"@type":"Person","@id":"https:\/\/instytutpolski.pl\/sofia\/#\/schema\/person\/0d8a0025312a17e346e67e3c446cf459","name":"sienkiewiczl.disabled","image":{"@type":"ImageObject","inLanguage":"pl-PL","@id":"https:\/\/instytutpolski.pl\/sofia\/#\/schema\/person\/image\/","url":"https:\/\/secure.gravatar.com\/avatar\/37c03cac7512c34f5dfeba093c3631c1?s=96&d=mm&r=g","contentUrl":"https:\/\/secure.gravatar.com\/avatar\/37c03cac7512c34f5dfeba093c3631c1?s=96&d=mm&r=g","caption":"sienkiewiczl.disabled"},"url":"https:\/\/instytutpolski.pl\/sofia\/author\/msz\/"}]}},"_links":{"self":[{"href":"https:\/\/instytutpolski.pl\/sofia\/wp-json\/wp\/v2\/posts\/641","targetHints":{"allow":["GET"]}}],"collection":[{"href":"https:\/\/instytutpolski.pl\/sofia\/wp-json\/wp\/v2\/posts"}],"about":[{"href":"https:\/\/instytutpolski.pl\/sofia\/wp-json\/wp\/v2\/types\/post"}],"author":[{"embeddable":true,"href":"https:\/\/instytutpolski.pl\/sofia\/wp-json\/wp\/v2\/users\/1"}],"replies":[{"embeddable":true,"href":"https:\/\/instytutpolski.pl\/sofia\/wp-json\/wp\/v2\/comments?post=641"}],"version-history":[{"count":2,"href":"https:\/\/instytutpolski.pl\/sofia\/wp-json\/wp\/v2\/posts\/641\/revisions"}],"predecessor-version":[{"id":644,"href":"https:\/\/instytutpolski.pl\/sofia\/wp-json\/wp\/v2\/posts\/641\/revisions\/644"}],"wp:featuredmedia":[{"embeddable":true,"href":"https:\/\/instytutpolski.pl\/sofia\/wp-json\/wp\/v2\/media\/643"}],"wp:attachment":[{"href":"https:\/\/instytutpolski.pl\/sofia\/wp-json\/wp\/v2\/media?parent=641"}],"wp:term":[{"taxonomy":"category","embeddable":true,"href":"https:\/\/instytutpolski.pl\/sofia\/wp-json\/wp\/v2\/categories?post=641"},{"taxonomy":"post_tag","embeddable":true,"href":"https:\/\/instytutpolski.pl\/sofia\/wp-json\/wp\/v2\/tags?post=641"}],"curies":[{"name":"wp","href":"https:\/\/api.w.org\/{rel}","templated":true}]}}