{"id":100,"date":"2019-05-03T12:01:00","date_gmt":"2019-05-03T10:01:00","guid":{"rendered":"https:\/\/instytutpolski.pl\/sztokholm\/?p=100"},"modified":"2020-10-01T14:54:31","modified_gmt":"2020-10-01T12:54:31","slug":"3-maj-konstitutionen-228-ar","status":"publish","type":"post","link":"https:\/\/instytutpolski.pl\/stockholm\/2019\/05\/03\/3-maj-konstitutionen-228-ar\/","title":{"rendered":"3 maj-konstitutionen 228 \u00e5r"},"content":{"rendered":"\n<p>Den konstitution som antogs 3 maj 1791 var inspirerad av det europeiska upplysningst\u00e4nkandet och av den amerikanska konstitutionen fr\u00e5n 1787. Grundlagsf\u00e4derna menade att de styrande m\u00e5ste verka f\u00f6r hela nationens b\u00e4sta, inte bara f\u00f6r ett f\u00e5tals intressen. Lagtexten bestod av 11 artiklar. Den f\u00f6rsta beskriver den romerska katolicismen som dominerande religion och erk\u00e4nner samtidigt andra religionsut\u00f6vares r\u00e4tt till sin tro och religi\u00f6sa traditioner. Artikel 5 skiljer mellan den lagstiftande, verkst\u00e4llande och d\u00f6mande makten. Ett parlament (sejm) med tv\u00e5 kamrar skulle stifta lagarna, den verkst\u00e4llande makten skulle ligga hos kungen och Lagens v\u00e4ktare (riksr\u00e5det), den d\u00f6mande makten skulle innehas av oavh\u00e4ngiga domstolar.<br><br>1919 fastst\u00e4lldes konstitutionsdagen som nationaldag, vilket upph\u00e4vdes fr o m 1940. Under andra v\u00e4rldskrigets tyska ockupation och i det kommunistiska Polen var det f\u00f6rbjudet att fira 3 maj. En lag fr\u00e5n 6 februari 1990 \u00e5terinf\u00f6rde 3 maj som nationaldag.<\/p>\n\n\n\n<p><br><strong>Polska utrikesministeriets pressavdelning<\/strong><\/p>\n\n\n\n<div class=\"wp-block-image\"><figure class=\"aligncenter\"><img loading=\"lazy\" decoding=\"async\" width=\"640\" height=\"480\" src=\"https:\/\/instytutpolski.pl\/sztokholm\/wp-content\/uploads\/sites\/17\/2019\/06\/3-maja-Dzie\u0144-Konstytucji.jpg\" alt=\"\" class=\"wp-image-101\" srcset=\"https:\/\/instytutpolski.pl\/stockholm\/wp-content\/uploads\/sites\/17\/2019\/06\/3-maja-Dzie\u0144-Konstytucji.jpg 640w, https:\/\/instytutpolski.pl\/stockholm\/wp-content\/uploads\/sites\/17\/2019\/06\/3-maja-Dzie\u0144-Konstytucji-300x225.jpg 300w\" sizes=\"auto, (max-width: 640px) 100vw, 640px\" \/><\/figure><\/div>\n","protected":false},"excerpt":{"rendered":"<p>Den konstitution som antogs 3 maj 1791 var inspirerad av det europeiska upplysningst\u00e4nkandet och av den amerikanska konstitutionen fr\u00e5n 1787. Grundlagsf\u00e4derna menade att de styrande m\u00e5ste verka f\u00f6r hela nationens b\u00e4sta, inte bara f\u00f6r ett f\u00e5tals intressen. Lagtexten bestod av 11 artiklar. Den f\u00f6rsta beskriver den romerska katolicismen som dominerande religion och erk\u00e4nner samtidigt andra [&hellip;]<\/p>\n","protected":false},"author":9,"featured_media":102,"comment_status":"open","ping_status":"open","sticky":false,"template":"","format":"standard","meta":{"inline_featured_image":false,"_monsterinsights_skip_tracking":false,"_monsterinsights_sitenote_active":false,"_monsterinsights_sitenote_note":"","_monsterinsights_sitenote_category":0,"footnotes":""},"categories":[222],"tags":[],"class_list":["post-100","post","type-post","status-publish","format-standard","has-post-thumbnail","hentry","category-aktualnosc-se"],"yoast_head":"<!-- This site is optimized with the Yoast SEO plugin v24.6 - https:\/\/yoast.com\/wordpress\/plugins\/seo\/ -->\n<title>3 maj-konstitutionen 228 \u00e5r - Instytut Polski w Sztokholmie<\/title>\n<meta name=\"robots\" content=\"index, follow, max-snippet:-1, max-image-preview:large, max-video-preview:-1\" \/>\n<link rel=\"canonical\" href=\"https:\/\/instytutpolski.pl\/stockholm\/2019\/05\/03\/3-maj-konstitutionen-228-ar\/\" \/>\n<meta property=\"og:locale\" content=\"pl_PL\" \/>\n<meta property=\"og:type\" content=\"article\" \/>\n<meta property=\"og:title\" content=\"3 maj-konstitutionen 228 \u00e5r - Instytut Polski w Sztokholmie\" \/>\n<meta property=\"og:description\" content=\"Den konstitution som antogs 3 maj 1791 var inspirerad av det europeiska upplysningst\u00e4nkandet och av den amerikanska konstitutionen fr\u00e5n 1787. Grundlagsf\u00e4derna menade att de styrande m\u00e5ste verka f\u00f6r hela nationens b\u00e4sta, inte bara f\u00f6r ett f\u00e5tals intressen. Lagtexten bestod av 11 artiklar. Den f\u00f6rsta beskriver den romerska katolicismen som dominerande religion och erk\u00e4nner samtidigt andra [&hellip;]\" \/>\n<meta property=\"og:url\" content=\"https:\/\/instytutpolski.pl\/stockholm\/2019\/05\/03\/3-maj-konstitutionen-228-ar\/\" \/>\n<meta property=\"og:site_name\" content=\"Instytut Polski w Sztokholmie\" \/>\n<meta property=\"article:published_time\" content=\"2019-05-03T10:01:00+00:00\" \/>\n<meta property=\"article:modified_time\" content=\"2020-10-01T12:54:31+00:00\" \/>\n<meta property=\"og:image\" content=\"https:\/\/instytutpolski.pl\/stockholm\/wp-content\/uploads\/sites\/17\/2019\/06\/3-maja-Dzie\u0144-Konstytucji_baner.jpg\" \/>\n\t<meta property=\"og:image:width\" content=\"597\" \/>\n\t<meta property=\"og:image:height\" content=\"307\" \/>\n\t<meta property=\"og:image:type\" content=\"image\/jpeg\" \/>\n<meta name=\"twitter:card\" content=\"summary_large_image\" \/>\n<meta name=\"twitter:label1\" content=\"Napisane przez\" \/>\n\t<meta name=\"twitter:data1\" content=\"\" \/>\n\t<meta name=\"twitter:label2\" content=\"Szacowany czas czytania\" \/>\n\t<meta name=\"twitter:data2\" content=\"1 minuta\" \/>\n<script type=\"application\/ld+json\" class=\"yoast-schema-graph\">{\"@context\":\"https:\/\/schema.org\",\"@graph\":[{\"@type\":\"event\",\"@id\":\"https:\/\/instytutpolski.pl\/stockholm\/2019\/05\/03\/3-maj-konstitutionen-228-ar\/\",\"url\":\"https:\/\/instytutpolski.pl\/stockholm\/2019\/05\/03\/3-maj-konstitutionen-228-ar\/\",\"name\":\"3 maj-konstitutionen 228 \u00e5r\",\"isPartOf\":{\"@id\":\"https:\/\/instytutpolski.pl\/stockholm\/#website\"},\"primaryImageOfPage\":{\"@id\":\"https:\/\/instytutpolski.pl\/stockholm\/2019\/05\/03\/3-maj-konstitutionen-228-ar\/#primaryimage\"},\"image\":[\"https:\/\/instytutpolski.pl\/stockholm\/wp-content\/uploads\/sites\/17\/2019\/06\/3-maja-Dzie\u0144-Konstytucji_baner.jpg\",\"https:\/\/instytutpolski.pl\/stockholm\/wp-content\/uploads\/sites\/17\/2019\/06\/3-maja-Dzie\u0144-Konstytucji_baner-300x154.jpg\",\"https:\/\/instytutpolski.pl\/stockholm\/wp-content\/uploads\/sites\/17\/2019\/06\/3-maja-Dzie\u0144-Konstytucji_baner.jpg\",\"https:\/\/instytutpolski.pl\/stockholm\/wp-content\/uploads\/sites\/17\/2019\/06\/3-maja-Dzie\u0144-Konstytucji_baner.jpg\"],\"thumbnailUrl\":\"https:\/\/instytutpolski.pl\/stockholm\/wp-content\/uploads\/sites\/17\/2019\/06\/3-maja-Dzie\u0144-Konstytucji_baner.jpg\",\"datePublished\":\"2019-05-03T10:01:00+02:00\",\"dateModified\":\"2020-10-01T12:54:31+02:00\",\"author\":{\"@id\":\"\"},\"breadcrumb\":{\"@id\":\"https:\/\/instytutpolski.pl\/stockholm\/2019\/05\/03\/3-maj-konstitutionen-228-ar\/#breadcrumb\"},\"inLanguage\":\"pl-PL\",\"potentialAction\":[{\"@type\":\"ReadAction\",\"target\":[\"https:\/\/instytutpolski.pl\/stockholm\/2019\/05\/03\/3-maj-konstitutionen-228-ar\/\"]}],\"@context\":\"https:\/\/schema.org\",\"startDate\":\"2019-05-03\",\"endDate\":\"2019-05-03\",\"eventStatus\":\"EventScheduled\",\"eventAttendanceMode\":\"OfflineEventAttendanceMode\",\"location\":{\"@type\":\"place\",\"name\":\"\",\"address\":\"\",\"geo\":{\"@type\":\"GeoCoordinates\",\"latitude\":\"\",\"longitude\":\"\"}},\"description\":\"Den konstitution som antogs 3 maj 1791 var inspirerad av det europeiska upplysningst\u00e4nkandet och av den amerikanska konstitutionen fr\u00e5n 1787. Grundlagsf\u00e4derna menade att de styrande m\u00e5ste verka f\u00f6r hela nationens b\u00e4sta, inte bara f\u00f6r ett f\u00e5tals intressen. Lagtexten bestod av 11 artiklar. Den f\u00f6rsta beskriver den romerska katolicismen som dominerande religion och erk\u00e4nner samtidigt andra religionsut\u00f6vares r\u00e4tt till sin tro och religi\u00f6sa traditioner. Artikel 5 skiljer mellan den lagstiftande, verkst\u00e4llande och d\u00f6mande makten. Ett parlament (sejm) med tv\u00e5 kamrar skulle stifta lagarna, den verkst\u00e4llande makten skulle ligga hos kungen och Lagens v\u00e4ktare (riksr\u00e5det), den d\u00f6mande makten skulle innehas av oavh\u00e4ngiga domstolar.1919 fastst\u00e4lldes konstitutionsdagen som nationaldag, vilket upph\u00e4vdes fr o m 1940. Under andra v\u00e4rldskrigets tyska ockupation och i det kommunistiska Polen var det f\u00f6rbjudet att fira 3 maj. En lag fr\u00e5n 6 februari 1990 \u00e5terinf\u00f6rde 3 maj som nationaldag.\\nPolska utrikesministeriets pressavdelning\"},{\"@type\":\"ImageObject\",\"inLanguage\":\"pl-PL\",\"@id\":\"https:\/\/instytutpolski.pl\/stockholm\/2019\/05\/03\/3-maj-konstitutionen-228-ar\/#primaryimage\",\"url\":\"https:\/\/instytutpolski.pl\/stockholm\/wp-content\/uploads\/sites\/17\/2019\/06\/3-maja-Dzie\u0144-Konstytucji_baner.jpg\",\"contentUrl\":\"https:\/\/instytutpolski.pl\/stockholm\/wp-content\/uploads\/sites\/17\/2019\/06\/3-maja-Dzie\u0144-Konstytucji_baner.jpg\",\"width\":597,\"height\":307},{\"@type\":\"BreadcrumbList\",\"@id\":\"https:\/\/instytutpolski.pl\/stockholm\/2019\/05\/03\/3-maj-konstitutionen-228-ar\/#breadcrumb\",\"itemListElement\":[{\"@type\":\"ListItem\",\"position\":1,\"name\":\"Home\",\"item\":\"https:\/\/instytutpolski.pl\/stockholm\/\"},{\"@type\":\"ListItem\",\"position\":2,\"name\":\"3 maj-konstitutionen 228 \u00e5r\"}]},{\"@type\":\"WebSite\",\"@id\":\"https:\/\/instytutpolski.pl\/stockholm\/#website\",\"url\":\"https:\/\/instytutpolski.pl\/stockholm\/\",\"name\":\"Instytut Polski w Sztokholmie\",\"description\":\"Instytuty Polskie\",\"potentialAction\":[{\"@type\":\"SearchAction\",\"target\":{\"@type\":\"EntryPoint\",\"urlTemplate\":\"https:\/\/instytutpolski.pl\/stockholm\/?s={search_term_string}\"},\"query-input\":{\"@type\":\"PropertyValueSpecification\",\"valueRequired\":true,\"valueName\":\"search_term_string\"}}],\"inLanguage\":\"pl-PL\"},{\"@type\":\"Person\",\"@id\":\"\",\"url\":\"https:\/\/instytutpolski.pl\/stockholm\/author\/\"}]}<\/script>\n<!-- \/ Yoast SEO plugin. -->","yoast_head_json":{"title":"3 maj-konstitutionen 228 \u00e5r - Instytut Polski w Sztokholmie","robots":{"index":"index","follow":"follow","max-snippet":"max-snippet:-1","max-image-preview":"max-image-preview:large","max-video-preview":"max-video-preview:-1"},"canonical":"https:\/\/instytutpolski.pl\/stockholm\/2019\/05\/03\/3-maj-konstitutionen-228-ar\/","og_locale":"pl_PL","og_type":"article","og_title":"3 maj-konstitutionen 228 \u00e5r - Instytut Polski w Sztokholmie","og_description":"Den konstitution som antogs 3 maj 1791 var inspirerad av det europeiska upplysningst\u00e4nkandet och av den amerikanska konstitutionen fr\u00e5n 1787. Grundlagsf\u00e4derna menade att de styrande m\u00e5ste verka f\u00f6r hela nationens b\u00e4sta, inte bara f\u00f6r ett f\u00e5tals intressen. Lagtexten bestod av 11 artiklar. Den f\u00f6rsta beskriver den romerska katolicismen som dominerande religion och erk\u00e4nner samtidigt andra [&hellip;]","og_url":"https:\/\/instytutpolski.pl\/stockholm\/2019\/05\/03\/3-maj-konstitutionen-228-ar\/","og_site_name":"Instytut Polski w Sztokholmie","article_published_time":"2019-05-03T10:01:00+00:00","article_modified_time":"2020-10-01T12:54:31+00:00","og_image":[{"width":597,"height":307,"url":"https:\/\/instytutpolski.pl\/stockholm\/wp-content\/uploads\/sites\/17\/2019\/06\/3-maja-Dzie\u0144-Konstytucji_baner.jpg","type":"image\/jpeg"}],"twitter_card":"summary_large_image","twitter_misc":{"Napisane przez":"","Szacowany czas czytania":"1 minuta"},"schema":{"@context":"https:\/\/schema.org","@graph":[{"@type":"event","@id":"https:\/\/instytutpolski.pl\/stockholm\/2019\/05\/03\/3-maj-konstitutionen-228-ar\/","url":"https:\/\/instytutpolski.pl\/stockholm\/2019\/05\/03\/3-maj-konstitutionen-228-ar\/","name":"3 maj-konstitutionen 228 \u00e5r","isPartOf":{"@id":"https:\/\/instytutpolski.pl\/stockholm\/#website"},"primaryImageOfPage":{"@id":"https:\/\/instytutpolski.pl\/stockholm\/2019\/05\/03\/3-maj-konstitutionen-228-ar\/#primaryimage"},"image":["https:\/\/instytutpolski.pl\/stockholm\/wp-content\/uploads\/sites\/17\/2019\/06\/3-maja-Dzie\u0144-Konstytucji_baner.jpg","https:\/\/instytutpolski.pl\/stockholm\/wp-content\/uploads\/sites\/17\/2019\/06\/3-maja-Dzie\u0144-Konstytucji_baner-300x154.jpg","https:\/\/instytutpolski.pl\/stockholm\/wp-content\/uploads\/sites\/17\/2019\/06\/3-maja-Dzie\u0144-Konstytucji_baner.jpg","https:\/\/instytutpolski.pl\/stockholm\/wp-content\/uploads\/sites\/17\/2019\/06\/3-maja-Dzie\u0144-Konstytucji_baner.jpg"],"thumbnailUrl":"https:\/\/instytutpolski.pl\/stockholm\/wp-content\/uploads\/sites\/17\/2019\/06\/3-maja-Dzie\u0144-Konstytucji_baner.jpg","datePublished":"2019-05-03T10:01:00+02:00","dateModified":"2020-10-01T12:54:31+02:00","author":{"@id":""},"breadcrumb":{"@id":"https:\/\/instytutpolski.pl\/stockholm\/2019\/05\/03\/3-maj-konstitutionen-228-ar\/#breadcrumb"},"inLanguage":"pl-PL","potentialAction":[{"@type":"ReadAction","target":["https:\/\/instytutpolski.pl\/stockholm\/2019\/05\/03\/3-maj-konstitutionen-228-ar\/"]}],"@context":"https:\/\/schema.org","startDate":"2019-05-03","endDate":"2019-05-03","eventStatus":"EventScheduled","eventAttendanceMode":"OfflineEventAttendanceMode","location":{"@type":"place","name":"","address":"","geo":{"@type":"GeoCoordinates","latitude":"","longitude":""}},"description":"Den konstitution som antogs 3 maj 1791 var inspirerad av det europeiska upplysningst\u00e4nkandet och av den amerikanska konstitutionen fr\u00e5n 1787. Grundlagsf\u00e4derna menade att de styrande m\u00e5ste verka f\u00f6r hela nationens b\u00e4sta, inte bara f\u00f6r ett f\u00e5tals intressen. Lagtexten bestod av 11 artiklar. Den f\u00f6rsta beskriver den romerska katolicismen som dominerande religion och erk\u00e4nner samtidigt andra religionsut\u00f6vares r\u00e4tt till sin tro och religi\u00f6sa traditioner. Artikel 5 skiljer mellan den lagstiftande, verkst\u00e4llande och d\u00f6mande makten. Ett parlament (sejm) med tv\u00e5 kamrar skulle stifta lagarna, den verkst\u00e4llande makten skulle ligga hos kungen och Lagens v\u00e4ktare (riksr\u00e5det), den d\u00f6mande makten skulle innehas av oavh\u00e4ngiga domstolar.1919 fastst\u00e4lldes konstitutionsdagen som nationaldag, vilket upph\u00e4vdes fr o m 1940. Under andra v\u00e4rldskrigets tyska ockupation och i det kommunistiska Polen var det f\u00f6rbjudet att fira 3 maj. En lag fr\u00e5n 6 februari 1990 \u00e5terinf\u00f6rde 3 maj som nationaldag.\nPolska utrikesministeriets pressavdelning"},{"@type":"ImageObject","inLanguage":"pl-PL","@id":"https:\/\/instytutpolski.pl\/stockholm\/2019\/05\/03\/3-maj-konstitutionen-228-ar\/#primaryimage","url":"https:\/\/instytutpolski.pl\/stockholm\/wp-content\/uploads\/sites\/17\/2019\/06\/3-maja-Dzie\u0144-Konstytucji_baner.jpg","contentUrl":"https:\/\/instytutpolski.pl\/stockholm\/wp-content\/uploads\/sites\/17\/2019\/06\/3-maja-Dzie\u0144-Konstytucji_baner.jpg","width":597,"height":307},{"@type":"BreadcrumbList","@id":"https:\/\/instytutpolski.pl\/stockholm\/2019\/05\/03\/3-maj-konstitutionen-228-ar\/#breadcrumb","itemListElement":[{"@type":"ListItem","position":1,"name":"Home","item":"https:\/\/instytutpolski.pl\/stockholm\/"},{"@type":"ListItem","position":2,"name":"3 maj-konstitutionen 228 \u00e5r"}]},{"@type":"WebSite","@id":"https:\/\/instytutpolski.pl\/stockholm\/#website","url":"https:\/\/instytutpolski.pl\/stockholm\/","name":"Instytut Polski w Sztokholmie","description":"Instytuty Polskie","potentialAction":[{"@type":"SearchAction","target":{"@type":"EntryPoint","urlTemplate":"https:\/\/instytutpolski.pl\/stockholm\/?s={search_term_string}"},"query-input":{"@type":"PropertyValueSpecification","valueRequired":true,"valueName":"search_term_string"}}],"inLanguage":"pl-PL"},{"@type":"Person","@id":"","url":"https:\/\/instytutpolski.pl\/stockholm\/author\/"}]}},"_links":{"self":[{"href":"https:\/\/instytutpolski.pl\/stockholm\/wp-json\/wp\/v2\/posts\/100","targetHints":{"allow":["GET"]}}],"collection":[{"href":"https:\/\/instytutpolski.pl\/stockholm\/wp-json\/wp\/v2\/posts"}],"about":[{"href":"https:\/\/instytutpolski.pl\/stockholm\/wp-json\/wp\/v2\/types\/post"}],"author":[{"embeddable":true,"href":"https:\/\/instytutpolski.pl\/stockholm\/wp-json\/wp\/v2\/users\/9"}],"replies":[{"embeddable":true,"href":"https:\/\/instytutpolski.pl\/stockholm\/wp-json\/wp\/v2\/comments?post=100"}],"version-history":[{"count":3,"href":"https:\/\/instytutpolski.pl\/stockholm\/wp-json\/wp\/v2\/posts\/100\/revisions"}],"predecessor-version":[{"id":2509,"href":"https:\/\/instytutpolski.pl\/stockholm\/wp-json\/wp\/v2\/posts\/100\/revisions\/2509"}],"wp:featuredmedia":[{"embeddable":true,"href":"https:\/\/instytutpolski.pl\/stockholm\/wp-json\/wp\/v2\/media\/102"}],"wp:attachment":[{"href":"https:\/\/instytutpolski.pl\/stockholm\/wp-json\/wp\/v2\/media?parent=100"}],"wp:term":[{"taxonomy":"category","embeddable":true,"href":"https:\/\/instytutpolski.pl\/stockholm\/wp-json\/wp\/v2\/categories?post=100"},{"taxonomy":"post_tag","embeddable":true,"href":"https:\/\/instytutpolski.pl\/stockholm\/wp-json\/wp\/v2\/tags?post=100"}],"curies":[{"name":"wp","href":"https:\/\/api.w.org\/{rel}","templated":true}]}}