{"id":10095,"date":"2023-01-20T11:41:10","date_gmt":"2023-01-20T10:41:10","guid":{"rendered":"https:\/\/instytutpolski.pl\/stockholm\/?p=10095"},"modified":"2023-01-27T16:54:54","modified_gmt":"2023-01-27T15:54:54","slug":"suno-mangie-dzialas-jag-har-en-drom-malgorzata-mirga-tas-staller-ut-pa-goteborgs-konsthall1","status":"publish","type":"post","link":"https:\/\/instytutpolski.pl\/stockholm\/2023\/01\/20\/suno-mangie-dzialas-jag-har-en-drom-malgorzata-mirga-tas-staller-ut-pa-goteborgs-konsthall1\/","title":{"rendered":"SUNO MANGIE DZIALAS \/JAG HAR EN DR\u00d6M &#8211; Ma\u0142gorzata Mirga-Tas st\u00e4ller ut p\u00e5 G\u00f6teborgs Konsthall"},"content":{"rendered":"\n<p>Utst\u00e4llningen <em>Suno Mangie Dzialas \/ Jag har en dr\u00f6m<\/em> med polsk-romska konstn\u00e4ren Ma\u0142gorzata Mirga-Tas p\u00e5 G\u00f6teborgs Konsthall:<\/p>\n\n\n\n<p>I textila verk och m\u00e5lningar arbetar Mirga-Tas f\u00f6r att motverka antiziganistiska stereotyper och skapar en personlig bild av romskt liv ur ett feministiskt minoritetsperspektiv. I f\u00e4rgstarka bildber\u00e4ttelser integrerar Mirga-Tas konsthistoriska referenser, personliga betraktelser, romsk aktivism och historiska symboler som ingjuter stolthet och kraft i den romska identiteten, historien och gemenskapen. Mirga-Tas storskaliga textila verk \u00e4r skapade av kl\u00e4der som hon f\u00e5tt av v\u00e4nner och familj eller hittat p\u00e5 second-handbutiker n\u00e4ra sitt hem i byn Czarna G\u00f3ra, bel\u00e4gen i den polska delen av Tatrabergen.<\/p>\n\n\n\n<p>Verken best\u00e5r av scener h\u00e4mtade ur den romska vardagen d\u00e4r konstn\u00e4rens mor, syskon, kusiner och v\u00e4nner skildras med stor \u00f6mhet och detaljrikedom. Genomg\u00e5ende i Mirga-Tas verk lyfts kvinnors vardagsliv fram, s\u00e5v\u00e4l som starka kvinnliga f\u00f6rebilder och romska aktivister, f\u00f6r att synligg\u00f6ra deras viktiga roll inom b\u00e5de den privata och offentliga sf\u00e4ren.<\/p>\n\n\n\n<p>Centralt i utst\u00e4llningen presenteras en serie nya textila verk som gestaltar \u00f6gonblicksbilder ur den svensk-romska erfarenheten. Verken blandar vardagscener med portr\u00e4tt av starka svensk-romska kvinnor s\u00e5som Singoalla Millon, Diana Nyman och Rosa Taikon, som drivit kampen f\u00f6r romska r\u00e4ttigheter i Sverige. H\u00e4r skapas en dialog som knyter samman den romska kampen \u00f6ver nationsgr\u00e4nser i syfte att ena ett folk som i \u00e5rhundraden levt ett splittrat och kringvandrande liv i Europa.<\/p>\n\n\n\n<p>Suno Mangie Dzialas som betyder Jag har en dr\u00f6m p\u00e5 romani, anspelar p\u00e5 Martin Luther Kings ber\u00f6mda tal fr\u00e5n 1963. Titeln \u00e4r en kraftfull kommentar till de dr\u00f6mmar och f\u00f6rhoppningar som rymmer vardagslivets k\u00e4rlek, v\u00e4nskap och den viktiga relationen till varandra, s\u00e5v\u00e4l som den politiska kampen och dr\u00f6mmen om ett samh\u00e4lle fritt fr\u00e5n f\u00f6rtryckande strukturer, diskriminering och oj\u00e4mlikhet.<\/p>\n\n\n\n<pre class=\"wp-block-verse\">Se trailern f\u00f6r Ma\u0142gorzata Mirga-Tas soloutst\u00e4llning SUNO MANGIE DZIALAS \/JAG HAR EN DR\u00d6M (I HAVE A DREAM\/ MAM MARZENIE) <a href=\"https:\/\/vimeo.com\/793374832\" target=\"_blank\" rel=\"noreferrer noopener\">h\u00e4r<\/a>.<\/pre>\n\n\n\n<pre class=\"wp-block-verse\"><\/pre>\n\n\n\n<p>Utst\u00e4llningen presenteras i samarbete med <strong>Polska institutet i Stockholm<\/strong>.<\/p>\n\n\n\n<p>Mer om utst\u00e4llningen hittar du <a href=\"https:\/\/goteborgskonsthall.se\/utstallning\/soloutstallning-med-malgorzata-mirga-tas\/\" target=\"_blank\" rel=\"noreferrer noopener\">h\u00e4r<\/a>.<\/p>\n\n\n\n<pre class=\"wp-block-verse\"><\/pre>\n\n\n<div class=\"wp-block-image\">\n<figure class=\"aligncenter size-large\"><img loading=\"lazy\" decoding=\"async\" width=\"1024\" height=\"723\" src=\"https:\/\/instytutpolski.pl\/stockholm\/wp-content\/uploads\/sites\/17\/2023\/01\/migra-tas-poster-Opening-1024x723.jpg\" alt=\"\" class=\"wp-image-10096\" srcset=\"https:\/\/instytutpolski.pl\/stockholm\/wp-content\/uploads\/sites\/17\/2023\/01\/migra-tas-poster-Opening-1024x723.jpg 1024w, https:\/\/instytutpolski.pl\/stockholm\/wp-content\/uploads\/sites\/17\/2023\/01\/migra-tas-poster-Opening-300x212.jpg 300w, https:\/\/instytutpolski.pl\/stockholm\/wp-content\/uploads\/sites\/17\/2023\/01\/migra-tas-poster-Opening-768x543.jpg 768w, https:\/\/instytutpolski.pl\/stockholm\/wp-content\/uploads\/sites\/17\/2023\/01\/migra-tas-poster-Opening.jpg 1124w\" sizes=\"auto, (max-width: 1024px) 100vw, 1024px\" \/><\/figure><\/div>\n\n\n<pre class=\"wp-block-verse\"><\/pre>\n\n\n\n<p><strong>VERNISSAGE DEN 28 JANUARI KL. 11:00\u201317:00, PROGRAM F\u00d6R DAGEN:<\/strong><\/p>\n\n\n\n<p>13.00: Stina Edblom, Konstn\u00e4rlig ledare, h\u00e4lsar v\u00e4lkommen och f\u00f6ljs av en inledande presentation om utst\u00e4llningen av Ma\u0142gorzata Mirga-Tas. Soraya Post h\u00e5ller \u00f6ppningstal.<\/p>\n\n\n\n<p>13.30-14.15: Musikframtr\u00e4dande med Samir Mehmed och inbjudna g\u00e4ster.<\/p>\n\n\n\n<p>11.00-17.00: Under hela dagen kan du delta i skapandet av ett kollektivt textilt verk i l\u00e5nga galleriet som en del av utst\u00e4llningen. Inga f\u00f6rkunskaper kr\u00e4vs och ingen f\u00f6rbokning beh\u00f6vs \u2013 alla \u00e4r v\u00e4lkomna!<\/p>\n\n\n\n<pre class=\"wp-block-verse\"><\/pre>\n\n\n\n<p><strong>Soraya Post<\/strong> \u00e4r en romsk aktivist f\u00f6r m\u00e4nskliga r\u00e4ttigheter. Mellan 2014\u20132019 var Soraya invald till Europaparlamentet och representerade Feministiskt Initiativ. F\u00f6rsta n\u00e5gonsin som blev invald till n\u00e5got parlament p\u00e5 en feministisk biljett.<\/p>\n\n\n\n<p><strong>Samir Mehmed<\/strong> \u00e4r diplomerad och prisbel\u00f6nad musiker som \u00e4r specialiserad inom klassisk musik och pedagogik. Mehmed har varit ledare f\u00f6r flera stora skolorkestrar och \u00e4r verksam som musikl\u00e4rare p\u00e5 Bergsj\u00f6skolan d\u00e4r han \u00e4ven \u00e4r aktiv som \u201dbrobyggare\u201d och arbetar mot romska grupper i omr\u00e5det f\u00f6r att skapa goda relationer mellan elever och skola.<\/p>\n\n\n\n<p>Programmet presenteras i samarbete med <strong>Romano Center i V\u00e4st<\/strong> och <strong>Folkuniversitetet<\/strong>. Utst\u00e4llningen presenteras med st\u00f6d av Polska institutet i Stockholm.<\/p>\n\n\n\n<pre class=\"wp-block-verse\"><\/pre>\n\n\n\n<p><strong>\u00d6PPEN VERKSTAD (alla dagar under ordinarie \u00f6ppetider):<\/strong><\/p>\n\n\n\n<p>Med inspiration av p\u00e5g\u00e5ende utst\u00e4llning <em>Suno Mangie Dzialas \/ Jag har en dr\u00f6m<\/em> kan du, gammal som ung, g\u00f6ra collage och teckningar med f\u00e4rgpennor och papper i olika kul\u00f6rer och m\u00f6nster.&nbsp; Inga f\u00f6rkunskaper kr\u00e4vs.\u202f<\/p>\n\n\n\n<p>Tips: Passa \u00e4ven p\u00e5 att bes\u00f6ka L\u00e5nga galleriet d\u00e4r du kan delta i skapandet av ett kollektivt textilt verk som en del av utst\u00e4llningen. Inga f\u00f6rkunskaper kr\u00e4vs och ingen f\u00f6rbokning beh\u00f6vs \u2013 alla \u00e4r v\u00e4lkomna!<\/p>\n\n\n\n<pre class=\"wp-block-verse\"><\/pre>\n\n\n\n<p><strong>Mer om konstn\u00e4ren:<\/strong><\/p>\n\n\n\n<p>Ma\u0142gorzata Mirga-Tas lever och verkar i Czarna G\u00f3ra i Karpaterna i Polen. Hon tog examen fr\u00e5n fakulteten f\u00f6r skulptur vid Konstakademin i Krakow (2004). Sedan 2011 har hon organiserat det internationella konstn\u00e4rliga residensprogrammet Jaw Dikh! i Czarna G\u00f3ra f\u00f6r utbyte mellan romska och icke-romska konstn\u00e4rer.<\/p>\n\n\n\n<p>Under 2022 \u00e4r Mirga-Tas var aktuell med utst\u00e4llningen <em>Re-enchanting the World<\/em> i den polska paviljongen p\u00e5 Venedigbiennalen, och hennes verk har visats i b\u00e5de internationella solo- och grupputst\u00e4llningar s\u00e5som den 11:e Berlinbiennalen (2020), Moravian Gallery i Brno (2017), Center of Polish Sculpture i Oro\u0144sko (2020), Museum of Modern Art i Warszawa (2020), p\u00e5 Art Encounters-biennalen i Timi\u015foara (2019) och Rautenstrauch-Joest-Museum \u2013 Kulturen der Welt i K\u00f6ln. Mirga-Tas \u00e4r pristagare av Politykas Passport f\u00f6r b\u00e4sta konstn\u00e4r fr\u00e5n Polen 2020 och Maria Anto och Elsa von Freytag-Loringhoven konstpris (2021) till en ung konstn\u00e4r som verkar f\u00f6r att motverkar utanf\u00f6rskap, diskriminering och fr\u00e4mlingsfientlighet.<\/p>\n","protected":false},"excerpt":{"rendered":"<p>Utst\u00e4llningen Suno Mangie Dzialas \/ Jag har en dr\u00f6m med polsk-romska konstn\u00e4ren Ma\u0142gorzata Mirga-Tas p\u00e5 G\u00f6teborgs Konsthall: I textila verk och m\u00e5lningar arbetar Mirga-Tas f\u00f6r att motverka antiziganistiska stereotyper och skapar en personlig bild av romskt liv ur ett feministiskt minoritetsperspektiv. I f\u00e4rgstarka bildber\u00e4ttelser integrerar Mirga-Tas konsthistoriska referenser, personliga betraktelser, romsk aktivism och historiska symboler [&hellip;]<\/p>\n","protected":false},"author":173,"featured_media":10099,"comment_status":"closed","ping_status":"closed","sticky":false,"template":"","format":"standard","meta":{"inline_featured_image":false,"_monsterinsights_skip_tracking":false,"_monsterinsights_sitenote_active":false,"_monsterinsights_sitenote_note":"","_monsterinsights_sitenote_category":0,"footnotes":""},"categories":[222,164,12,102],"tags":[],"class_list":["post-10095","post","type-post","status-publish","format-standard","has-post-thumbnail","hentry","category-aktualnosc-se","category-design","category-evenemang","category-konst"],"yoast_head":"<!-- This site is optimized with the Yoast SEO plugin v24.6 - https:\/\/yoast.com\/wordpress\/plugins\/seo\/ -->\n<title>SUNO MANGIE DZIALAS \/JAG HAR EN DR\u00d6M - Ma\u0142gorzata Mirga-Tas st\u00e4ller ut p\u00e5 G\u00f6teborgs Konsthall - Instytut Polski w Sztokholmie<\/title>\n<meta name=\"robots\" content=\"index, follow, max-snippet:-1, max-image-preview:large, max-video-preview:-1\" \/>\n<link rel=\"canonical\" href=\"https:\/\/instytutpolski.pl\/stockholm\/2023\/01\/20\/suno-mangie-dzialas-jag-har-en-drom-malgorzata-mirga-tas-staller-ut-pa-goteborgs-konsthall1\/\" \/>\n<meta property=\"og:locale\" content=\"pl_PL\" \/>\n<meta property=\"og:type\" content=\"article\" \/>\n<meta property=\"og:title\" content=\"SUNO MANGIE DZIALAS \/JAG HAR EN DR\u00d6M - Ma\u0142gorzata Mirga-Tas st\u00e4ller ut p\u00e5 G\u00f6teborgs Konsthall - Instytut Polski w Sztokholmie\" \/>\n<meta property=\"og:description\" content=\"Utst\u00e4llningen Suno Mangie Dzialas \/ Jag har en dr\u00f6m med polsk-romska konstn\u00e4ren Ma\u0142gorzata Mirga-Tas p\u00e5 G\u00f6teborgs Konsthall: I textila verk och m\u00e5lningar arbetar Mirga-Tas f\u00f6r att motverka antiziganistiska stereotyper och skapar en personlig bild av romskt liv ur ett feministiskt minoritetsperspektiv. I f\u00e4rgstarka bildber\u00e4ttelser integrerar Mirga-Tas konsthistoriska referenser, personliga betraktelser, romsk aktivism och historiska symboler [&hellip;]\" \/>\n<meta property=\"og:url\" content=\"https:\/\/instytutpolski.pl\/stockholm\/2023\/01\/20\/suno-mangie-dzialas-jag-har-en-drom-malgorzata-mirga-tas-staller-ut-pa-goteborgs-konsthall1\/\" \/>\n<meta property=\"og:site_name\" content=\"Instytut Polski w Sztokholmie\" \/>\n<meta property=\"article:published_time\" content=\"2023-01-20T10:41:10+00:00\" \/>\n<meta property=\"article:modified_time\" content=\"2023-01-27T15:54:54+00:00\" \/>\n<meta property=\"og:image\" content=\"https:\/\/instytutpolski.pl\/stockholm\/wp-content\/uploads\/sites\/17\/2023\/01\/Hemsida_Mirga-Tas.png\" \/>\n\t<meta property=\"og:image:width\" content=\"1120\" \/>\n\t<meta property=\"og:image:height\" content=\"630\" \/>\n\t<meta property=\"og:image:type\" content=\"image\/png\" \/>\n<meta name=\"author\" content=\"treichelp\" \/>\n<meta name=\"twitter:card\" content=\"summary_large_image\" \/>\n<meta name=\"twitter:label1\" content=\"Napisane przez\" \/>\n\t<meta name=\"twitter:data1\" content=\"treichelp\" \/>\n\t<meta name=\"twitter:label2\" content=\"Szacowany czas czytania\" \/>\n\t<meta name=\"twitter:data2\" content=\"5 minut\" \/>\n<script type=\"application\/ld+json\" class=\"yoast-schema-graph\">{\"@context\":\"https:\/\/schema.org\",\"@graph\":[{\"@type\":\"event\",\"@id\":\"https:\/\/instytutpolski.pl\/stockholm\/2023\/01\/20\/suno-mangie-dzialas-jag-har-en-drom-malgorzata-mirga-tas-staller-ut-pa-goteborgs-konsthall1\/\",\"url\":\"https:\/\/instytutpolski.pl\/stockholm\/2023\/01\/20\/suno-mangie-dzialas-jag-har-en-drom-malgorzata-mirga-tas-staller-ut-pa-goteborgs-konsthall1\/\",\"name\":\"SUNO MANGIE DZIALAS \/JAG HAR EN DR\u00d6M - Ma\u0142gorzata Mirga-Tas st\u00e4ller ut p\u00e5 G\u00f6teborgs Konsthall\",\"isPartOf\":{\"@id\":\"https:\/\/instytutpolski.pl\/stockholm\/#website\"},\"primaryImageOfPage\":{\"@id\":\"https:\/\/instytutpolski.pl\/stockholm\/2023\/01\/20\/suno-mangie-dzialas-jag-har-en-drom-malgorzata-mirga-tas-staller-ut-pa-goteborgs-konsthall1\/#primaryimage\"},\"image\":[\"https:\/\/instytutpolski.pl\/stockholm\/wp-content\/uploads\/sites\/17\/2023\/01\/Hemsida_Mirga-Tas.png\",\"https:\/\/instytutpolski.pl\/stockholm\/wp-content\/uploads\/sites\/17\/2023\/01\/Hemsida_Mirga-Tas-300x169.png\",\"https:\/\/instytutpolski.pl\/stockholm\/wp-content\/uploads\/sites\/17\/2023\/01\/Hemsida_Mirga-Tas-1024x576.png\",\"https:\/\/instytutpolski.pl\/stockholm\/wp-content\/uploads\/sites\/17\/2023\/01\/Hemsida_Mirga-Tas.png\"],\"thumbnailUrl\":\"https:\/\/instytutpolski.pl\/stockholm\/wp-content\/uploads\/sites\/17\/2023\/01\/Hemsida_Mirga-Tas.png\",\"datePublished\":\"2023-01-20T10:41:10+02:00\",\"dateModified\":\"2023-01-27T15:54:54+02:00\",\"author\":{\"@id\":\"https:\/\/instytutpolski.pl\/stockholm\/#\/schema\/person\/866a2c0f4ccf0982a286809684f7bc1e\"},\"breadcrumb\":{\"@id\":\"https:\/\/instytutpolski.pl\/stockholm\/2023\/01\/20\/suno-mangie-dzialas-jag-har-en-drom-malgorzata-mirga-tas-staller-ut-pa-goteborgs-konsthall1\/#breadcrumb\"},\"inLanguage\":\"pl-PL\",\"potentialAction\":[{\"@type\":\"ReadAction\",\"target\":[\"https:\/\/instytutpolski.pl\/stockholm\/2023\/01\/20\/suno-mangie-dzialas-jag-har-en-drom-malgorzata-mirga-tas-staller-ut-pa-goteborgs-konsthall1\/\"]}],\"@context\":\"https:\/\/schema.org\",\"startDate\":\"2023-01-28\",\"endDate\":\"2023-04-16\",\"eventStatus\":\"EventScheduled\",\"eventAttendanceMode\":\"OfflineEventAttendanceMode\",\"location\":{\"@type\":\"place\",\"name\":\"G\u00f6teborgs Konsthall, G\u00f6taplatsen 7, G\u00f6teborg\",\"address\":\"G\u00f6teborgs Konsthall, G\u00f6taplatsen 7, G\u00f6teborg\",\"geo\":{\"@type\":\"GeoCoordinates\",\"latitude\":\"57.70075339997905\",\"longitude\":\"12.023940188109211\"}},\"description\":\"Utst\u00e4llningen Suno Mangie Dzialas \/ Jag har en dr\u00f6m med polsk-romska konstn\u00e4ren Ma\u0142gorzata Mirga-Tas p\u00e5 G\u00f6teborgs Konsthall:\\nI textila verk och m\u00e5lningar arbetar Mirga-Tas f\u00f6r att motverka antiziganistiska stereotyper och skapar en personlig bild av romskt liv ur ett feministiskt minoritetsperspektiv. I f\u00e4rgstarka bildber\u00e4ttelser integrerar Mirga-Tas konsthistoriska referenser, personliga betraktelser, romsk aktivism och historiska symboler som ingjuter stolthet och kraft i den romska identiteten, historien och gemenskapen. Mirga-Tas storskaliga textila verk \u00e4r skapade av kl\u00e4der som hon f\u00e5tt av v\u00e4nner och familj eller hittat p\u00e5 second-handbutiker n\u00e4ra sitt hem i byn Czarna G\u00f3ra, bel\u00e4gen i den polska delen av Tatrabergen.\\nVerken best\u00e5r av scener h\u00e4mtade ur den romska vardagen d\u00e4r konstn\u00e4rens mor, syskon, kusiner och v\u00e4nner skildras med stor \u00f6mhet och detaljrikedom. Genomg\u00e5ende i Mirga-Tas verk lyfts kvinnors vardagsliv fram, s\u00e5v\u00e4l som starka kvinnliga f\u00f6rebilder och romska aktivister, f\u00f6r att synligg\u00f6ra deras viktiga roll inom b\u00e5de den privata och offentliga sf\u00e4ren.\\nCentralt i utst\u00e4llningen presenteras en serie nya textila verk som gestaltar \u00f6gonblicksbilder ur den svensk-romska erfarenheten. Verken blandar vardagscener med portr\u00e4tt av starka svensk-romska kvinnor s\u00e5som Singoalla Millon, Diana Nyman och Rosa Taikon, som drivit kampen f\u00f6r romska r\u00e4ttigheter i Sverige. H\u00e4r skapas en dialog som knyter samman den romska kampen \u00f6ver nationsgr\u00e4nser i syfte att ena ett folk som i \u00e5rhundraden levt ett splittrat och kringvandrande liv i Europa.\\nSuno Mangie Dzialas som betyder Jag har en dr\u00f6m p\u00e5 romani, anspelar p\u00e5 Martin Luther Kings ber\u00f6mda tal fr\u00e5n 1963. Titeln \u00e4r en kraftfull kommentar till de dr\u00f6mmar och f\u00f6rhoppningar som rymmer vardagslivets k\u00e4rlek, v\u00e4nskap och den viktiga relationen till varandra, s\u00e5v\u00e4l som den politiska kampen och dr\u00f6mmen om ett samh\u00e4lle fritt fr\u00e5n f\u00f6rtryckande strukturer, diskriminering och oj\u00e4mlikhet.\\nSe trailern f\u00f6r Ma\u0142gorzata Mirga-Tas soloutst\u00e4llning SUNO MANGIE DZIALAS \/JAG HAR EN DR\u00d6M (I HAVE A DREAM\/ MAM MARZENIE) h\u00e4r.\\nUtst\u00e4llningen presenteras i samarbete med Polska institutet i Stockholm.\\nMer om utst\u00e4llningen hittar du h\u00e4r.\\nVERNISSAGE DEN 28 JANUARI KL. 11:00\u201317:00, PROGRAM F\u00d6R DAGEN:\\n13.00: Stina Edblom, Konstn\u00e4rlig ledare, h\u00e4lsar v\u00e4lkommen och f\u00f6ljs av en inledande presentation om utst\u00e4llningen av Ma\u0142gorzata Mirga-Tas. Soraya Post h\u00e5ller \u00f6ppningstal.\\n13.30-14.15: Musikframtr\u00e4dande med Samir Mehmed och inbjudna g\u00e4ster.\\n11.00-17.00: Under hela dagen kan du delta i skapandet av ett kollektivt textilt verk i l\u00e5nga galleriet som en del av utst\u00e4llningen. Inga f\u00f6rkunskaper kr\u00e4vs och ingen f\u00f6rbokning beh\u00f6vs \u2013 alla \u00e4r v\u00e4lkomna!\\nSoraya Post \u00e4r en romsk aktivist f\u00f6r m\u00e4nskliga r\u00e4ttigheter. Mellan 2014\u20132019 var Soraya invald till Europaparlamentet och representerade Feministiskt Initiativ. F\u00f6rsta n\u00e5gonsin som blev invald till n\u00e5got parlament p\u00e5 en feministisk biljett.\\nSamir Mehmed \u00e4r diplomerad och prisbel\u00f6nad musiker som \u00e4r specialiserad inom klassisk musik och pedagogik. Mehmed har varit ledare f\u00f6r flera stora skolorkestrar och \u00e4r verksam som musikl\u00e4rare p\u00e5 Bergsj\u00f6skolan d\u00e4r han \u00e4ven \u00e4r aktiv som \u201dbrobyggare\u201d och arbetar mot romska grupper i omr\u00e5det f\u00f6r att skapa goda relationer mellan elever och skola.\\nProgrammet presenteras i samarbete med Romano Center i V\u00e4st och Folkuniversitetet. Utst\u00e4llningen presenteras med st\u00f6d av Polska institutet i Stockholm.\\n\u00d6PPEN VERKSTAD (alla dagar under ordinarie \u00f6ppetider):\\nMed inspiration av p\u00e5g\u00e5ende utst\u00e4llning Suno Mangie Dzialas \/ Jag har en dr\u00f6m kan du, gammal som ung, g\u00f6ra collage och teckningar med f\u00e4rgpennor och papper i olika kul\u00f6rer och m\u00f6nster.  Inga f\u00f6rkunskaper kr\u00e4vs.\u202f\\nTips: Passa \u00e4ven p\u00e5 att bes\u00f6ka L\u00e5nga galleriet d\u00e4r du kan delta i skapandet av ett kollektivt textilt verk som en del av utst\u00e4llningen. Inga f\u00f6rkunskaper kr\u00e4vs och ingen f\u00f6rbokning beh\u00f6vs \u2013 alla \u00e4r v\u00e4lkomna!\\nMer om konstn\u00e4ren:\\nMa\u0142gorzata Mirga-Tas lever och verkar i Czarna G\u00f3ra i Karpaterna i Polen. Hon tog examen fr\u00e5n fakulteten f\u00f6r skulptur vid Konstakademin i Krakow (2004). Sedan 2011 har hon organiserat det internationella konstn\u00e4rliga residensprogrammet Jaw Dikh! i Czarna G\u00f3ra f\u00f6r utbyte mellan romska och icke-romska konstn\u00e4rer.\\nUnder 2022 \u00e4r Mirga-Tas var aktuell med utst\u00e4llningen Re-enchanting the World i den polska paviljongen p\u00e5 Venedigbiennalen, och hennes verk har visats i b\u00e5de internationella solo- och grupputst\u00e4llningar s\u00e5som den 11:e Berlinbiennalen (2020), Moravian Gallery i Brno (2017), Center of Polish Sculpture i Oro\u0144sko (2020), Museum of Modern Art i Warszawa (2020), p\u00e5 Art Encounters-biennalen i Timi\u015foara (2019) och Rautenstrauch-Joest-Museum \u2013 Kulturen der Welt i K\u00f6ln. Mirga-Tas \u00e4r pristagare av Politykas Passport f\u00f6r b\u00e4sta konstn\u00e4r fr\u00e5n Polen 2020 och Maria Anto och Elsa von Freytag-Loringhoven konstpris (2021) till en ung konstn\u00e4r som verkar f\u00f6r att motverkar utanf\u00f6rskap, diskriminering och fr\u00e4mlingsfientlighet.\"},{\"@type\":\"ImageObject\",\"inLanguage\":\"pl-PL\",\"@id\":\"https:\/\/instytutpolski.pl\/stockholm\/2023\/01\/20\/suno-mangie-dzialas-jag-har-en-drom-malgorzata-mirga-tas-staller-ut-pa-goteborgs-konsthall1\/#primaryimage\",\"url\":\"https:\/\/instytutpolski.pl\/stockholm\/wp-content\/uploads\/sites\/17\/2023\/01\/Hemsida_Mirga-Tas.png\",\"contentUrl\":\"https:\/\/instytutpolski.pl\/stockholm\/wp-content\/uploads\/sites\/17\/2023\/01\/Hemsida_Mirga-Tas.png\",\"width\":1120,\"height\":630},{\"@type\":\"BreadcrumbList\",\"@id\":\"https:\/\/instytutpolski.pl\/stockholm\/2023\/01\/20\/suno-mangie-dzialas-jag-har-en-drom-malgorzata-mirga-tas-staller-ut-pa-goteborgs-konsthall1\/#breadcrumb\",\"itemListElement\":[{\"@type\":\"ListItem\",\"position\":1,\"name\":\"Home\",\"item\":\"https:\/\/instytutpolski.pl\/stockholm\/\"},{\"@type\":\"ListItem\",\"position\":2,\"name\":\"SUNO MANGIE DZIALAS \/JAG HAR EN DR\u00d6M &#8211; Ma\u0142gorzata Mirga-Tas st\u00e4ller ut p\u00e5 G\u00f6teborgs Konsthall\"}]},{\"@type\":\"WebSite\",\"@id\":\"https:\/\/instytutpolski.pl\/stockholm\/#website\",\"url\":\"https:\/\/instytutpolski.pl\/stockholm\/\",\"name\":\"Instytut Polski w Sztokholmie\",\"description\":\"Instytuty Polskie\",\"potentialAction\":[{\"@type\":\"SearchAction\",\"target\":{\"@type\":\"EntryPoint\",\"urlTemplate\":\"https:\/\/instytutpolski.pl\/stockholm\/?s={search_term_string}\"},\"query-input\":{\"@type\":\"PropertyValueSpecification\",\"valueRequired\":true,\"valueName\":\"search_term_string\"}}],\"inLanguage\":\"pl-PL\"},{\"@type\":\"Person\",\"@id\":\"https:\/\/instytutpolski.pl\/stockholm\/#\/schema\/person\/866a2c0f4ccf0982a286809684f7bc1e\",\"name\":\"treichelp\",\"image\":{\"@type\":\"ImageObject\",\"inLanguage\":\"pl-PL\",\"@id\":\"https:\/\/instytutpolski.pl\/stockholm\/#\/schema\/person\/image\/\",\"url\":\"https:\/\/secure.gravatar.com\/avatar\/fb2c1caae0df0854742a56fc463dd1fb?s=96&d=mm&r=g\",\"contentUrl\":\"https:\/\/secure.gravatar.com\/avatar\/fb2c1caae0df0854742a56fc463dd1fb?s=96&d=mm&r=g\",\"caption\":\"treichelp\"},\"url\":\"https:\/\/instytutpolski.pl\/stockholm\/author\/treichelp\/\"}]}<\/script>\n<!-- \/ Yoast SEO plugin. -->","yoast_head_json":{"title":"SUNO MANGIE DZIALAS \/JAG HAR EN DR\u00d6M - Ma\u0142gorzata Mirga-Tas st\u00e4ller ut p\u00e5 G\u00f6teborgs Konsthall - Instytut Polski w Sztokholmie","robots":{"index":"index","follow":"follow","max-snippet":"max-snippet:-1","max-image-preview":"max-image-preview:large","max-video-preview":"max-video-preview:-1"},"canonical":"https:\/\/instytutpolski.pl\/stockholm\/2023\/01\/20\/suno-mangie-dzialas-jag-har-en-drom-malgorzata-mirga-tas-staller-ut-pa-goteborgs-konsthall1\/","og_locale":"pl_PL","og_type":"article","og_title":"SUNO MANGIE DZIALAS \/JAG HAR EN DR\u00d6M - Ma\u0142gorzata Mirga-Tas st\u00e4ller ut p\u00e5 G\u00f6teborgs Konsthall - Instytut Polski w Sztokholmie","og_description":"Utst\u00e4llningen Suno Mangie Dzialas \/ Jag har en dr\u00f6m med polsk-romska konstn\u00e4ren Ma\u0142gorzata Mirga-Tas p\u00e5 G\u00f6teborgs Konsthall: I textila verk och m\u00e5lningar arbetar Mirga-Tas f\u00f6r att motverka antiziganistiska stereotyper och skapar en personlig bild av romskt liv ur ett feministiskt minoritetsperspektiv. I f\u00e4rgstarka bildber\u00e4ttelser integrerar Mirga-Tas konsthistoriska referenser, personliga betraktelser, romsk aktivism och historiska symboler [&hellip;]","og_url":"https:\/\/instytutpolski.pl\/stockholm\/2023\/01\/20\/suno-mangie-dzialas-jag-har-en-drom-malgorzata-mirga-tas-staller-ut-pa-goteborgs-konsthall1\/","og_site_name":"Instytut Polski w Sztokholmie","article_published_time":"2023-01-20T10:41:10+00:00","article_modified_time":"2023-01-27T15:54:54+00:00","og_image":[{"width":1120,"height":630,"url":"https:\/\/instytutpolski.pl\/stockholm\/wp-content\/uploads\/sites\/17\/2023\/01\/Hemsida_Mirga-Tas.png","type":"image\/png"}],"author":"treichelp","twitter_card":"summary_large_image","twitter_misc":{"Napisane przez":"treichelp","Szacowany czas czytania":"5 minut"},"schema":{"@context":"https:\/\/schema.org","@graph":[{"@type":"event","@id":"https:\/\/instytutpolski.pl\/stockholm\/2023\/01\/20\/suno-mangie-dzialas-jag-har-en-drom-malgorzata-mirga-tas-staller-ut-pa-goteborgs-konsthall1\/","url":"https:\/\/instytutpolski.pl\/stockholm\/2023\/01\/20\/suno-mangie-dzialas-jag-har-en-drom-malgorzata-mirga-tas-staller-ut-pa-goteborgs-konsthall1\/","name":"SUNO MANGIE DZIALAS \/JAG HAR EN DR\u00d6M - Ma\u0142gorzata Mirga-Tas st\u00e4ller ut p\u00e5 G\u00f6teborgs Konsthall","isPartOf":{"@id":"https:\/\/instytutpolski.pl\/stockholm\/#website"},"primaryImageOfPage":{"@id":"https:\/\/instytutpolski.pl\/stockholm\/2023\/01\/20\/suno-mangie-dzialas-jag-har-en-drom-malgorzata-mirga-tas-staller-ut-pa-goteborgs-konsthall1\/#primaryimage"},"image":["https:\/\/instytutpolski.pl\/stockholm\/wp-content\/uploads\/sites\/17\/2023\/01\/Hemsida_Mirga-Tas.png","https:\/\/instytutpolski.pl\/stockholm\/wp-content\/uploads\/sites\/17\/2023\/01\/Hemsida_Mirga-Tas-300x169.png","https:\/\/instytutpolski.pl\/stockholm\/wp-content\/uploads\/sites\/17\/2023\/01\/Hemsida_Mirga-Tas-1024x576.png","https:\/\/instytutpolski.pl\/stockholm\/wp-content\/uploads\/sites\/17\/2023\/01\/Hemsida_Mirga-Tas.png"],"thumbnailUrl":"https:\/\/instytutpolski.pl\/stockholm\/wp-content\/uploads\/sites\/17\/2023\/01\/Hemsida_Mirga-Tas.png","datePublished":"2023-01-20T10:41:10+02:00","dateModified":"2023-01-27T15:54:54+02:00","author":{"@id":"https:\/\/instytutpolski.pl\/stockholm\/#\/schema\/person\/866a2c0f4ccf0982a286809684f7bc1e"},"breadcrumb":{"@id":"https:\/\/instytutpolski.pl\/stockholm\/2023\/01\/20\/suno-mangie-dzialas-jag-har-en-drom-malgorzata-mirga-tas-staller-ut-pa-goteborgs-konsthall1\/#breadcrumb"},"inLanguage":"pl-PL","potentialAction":[{"@type":"ReadAction","target":["https:\/\/instytutpolski.pl\/stockholm\/2023\/01\/20\/suno-mangie-dzialas-jag-har-en-drom-malgorzata-mirga-tas-staller-ut-pa-goteborgs-konsthall1\/"]}],"@context":"https:\/\/schema.org","startDate":"2023-01-28","endDate":"2023-04-16","eventStatus":"EventScheduled","eventAttendanceMode":"OfflineEventAttendanceMode","location":{"@type":"place","name":"G\u00f6teborgs Konsthall, G\u00f6taplatsen 7, G\u00f6teborg","address":"G\u00f6teborgs Konsthall, G\u00f6taplatsen 7, G\u00f6teborg","geo":{"@type":"GeoCoordinates","latitude":"57.70075339997905","longitude":"12.023940188109211"}},"description":"Utst\u00e4llningen Suno Mangie Dzialas \/ Jag har en dr\u00f6m med polsk-romska konstn\u00e4ren Ma\u0142gorzata Mirga-Tas p\u00e5 G\u00f6teborgs Konsthall:\nI textila verk och m\u00e5lningar arbetar Mirga-Tas f\u00f6r att motverka antiziganistiska stereotyper och skapar en personlig bild av romskt liv ur ett feministiskt minoritetsperspektiv. I f\u00e4rgstarka bildber\u00e4ttelser integrerar Mirga-Tas konsthistoriska referenser, personliga betraktelser, romsk aktivism och historiska symboler som ingjuter stolthet och kraft i den romska identiteten, historien och gemenskapen. Mirga-Tas storskaliga textila verk \u00e4r skapade av kl\u00e4der som hon f\u00e5tt av v\u00e4nner och familj eller hittat p\u00e5 second-handbutiker n\u00e4ra sitt hem i byn Czarna G\u00f3ra, bel\u00e4gen i den polska delen av Tatrabergen.\nVerken best\u00e5r av scener h\u00e4mtade ur den romska vardagen d\u00e4r konstn\u00e4rens mor, syskon, kusiner och v\u00e4nner skildras med stor \u00f6mhet och detaljrikedom. Genomg\u00e5ende i Mirga-Tas verk lyfts kvinnors vardagsliv fram, s\u00e5v\u00e4l som starka kvinnliga f\u00f6rebilder och romska aktivister, f\u00f6r att synligg\u00f6ra deras viktiga roll inom b\u00e5de den privata och offentliga sf\u00e4ren.\nCentralt i utst\u00e4llningen presenteras en serie nya textila verk som gestaltar \u00f6gonblicksbilder ur den svensk-romska erfarenheten. Verken blandar vardagscener med portr\u00e4tt av starka svensk-romska kvinnor s\u00e5som Singoalla Millon, Diana Nyman och Rosa Taikon, som drivit kampen f\u00f6r romska r\u00e4ttigheter i Sverige. H\u00e4r skapas en dialog som knyter samman den romska kampen \u00f6ver nationsgr\u00e4nser i syfte att ena ett folk som i \u00e5rhundraden levt ett splittrat och kringvandrande liv i Europa.\nSuno Mangie Dzialas som betyder Jag har en dr\u00f6m p\u00e5 romani, anspelar p\u00e5 Martin Luther Kings ber\u00f6mda tal fr\u00e5n 1963. Titeln \u00e4r en kraftfull kommentar till de dr\u00f6mmar och f\u00f6rhoppningar som rymmer vardagslivets k\u00e4rlek, v\u00e4nskap och den viktiga relationen till varandra, s\u00e5v\u00e4l som den politiska kampen och dr\u00f6mmen om ett samh\u00e4lle fritt fr\u00e5n f\u00f6rtryckande strukturer, diskriminering och oj\u00e4mlikhet.\nSe trailern f\u00f6r Ma\u0142gorzata Mirga-Tas soloutst\u00e4llning SUNO MANGIE DZIALAS \/JAG HAR EN DR\u00d6M (I HAVE A DREAM\/ MAM MARZENIE) h\u00e4r.\nUtst\u00e4llningen presenteras i samarbete med Polska institutet i Stockholm.\nMer om utst\u00e4llningen hittar du h\u00e4r.\nVERNISSAGE DEN 28 JANUARI KL. 11:00\u201317:00, PROGRAM F\u00d6R DAGEN:\n13.00: Stina Edblom, Konstn\u00e4rlig ledare, h\u00e4lsar v\u00e4lkommen och f\u00f6ljs av en inledande presentation om utst\u00e4llningen av Ma\u0142gorzata Mirga-Tas. Soraya Post h\u00e5ller \u00f6ppningstal.\n13.30-14.15: Musikframtr\u00e4dande med Samir Mehmed och inbjudna g\u00e4ster.\n11.00-17.00: Under hela dagen kan du delta i skapandet av ett kollektivt textilt verk i l\u00e5nga galleriet som en del av utst\u00e4llningen. Inga f\u00f6rkunskaper kr\u00e4vs och ingen f\u00f6rbokning beh\u00f6vs \u2013 alla \u00e4r v\u00e4lkomna!\nSoraya Post \u00e4r en romsk aktivist f\u00f6r m\u00e4nskliga r\u00e4ttigheter. Mellan 2014\u20132019 var Soraya invald till Europaparlamentet och representerade Feministiskt Initiativ. F\u00f6rsta n\u00e5gonsin som blev invald till n\u00e5got parlament p\u00e5 en feministisk biljett.\nSamir Mehmed \u00e4r diplomerad och prisbel\u00f6nad musiker som \u00e4r specialiserad inom klassisk musik och pedagogik. Mehmed har varit ledare f\u00f6r flera stora skolorkestrar och \u00e4r verksam som musikl\u00e4rare p\u00e5 Bergsj\u00f6skolan d\u00e4r han \u00e4ven \u00e4r aktiv som \u201dbrobyggare\u201d och arbetar mot romska grupper i omr\u00e5det f\u00f6r att skapa goda relationer mellan elever och skola.\nProgrammet presenteras i samarbete med Romano Center i V\u00e4st och Folkuniversitetet. Utst\u00e4llningen presenteras med st\u00f6d av Polska institutet i Stockholm.\n\u00d6PPEN VERKSTAD (alla dagar under ordinarie \u00f6ppetider):\nMed inspiration av p\u00e5g\u00e5ende utst\u00e4llning Suno Mangie Dzialas \/ Jag har en dr\u00f6m kan du, gammal som ung, g\u00f6ra collage och teckningar med f\u00e4rgpennor och papper i olika kul\u00f6rer och m\u00f6nster.  Inga f\u00f6rkunskaper kr\u00e4vs.\u202f\nTips: Passa \u00e4ven p\u00e5 att bes\u00f6ka L\u00e5nga galleriet d\u00e4r du kan delta i skapandet av ett kollektivt textilt verk som en del av utst\u00e4llningen. Inga f\u00f6rkunskaper kr\u00e4vs och ingen f\u00f6rbokning beh\u00f6vs \u2013 alla \u00e4r v\u00e4lkomna!\nMer om konstn\u00e4ren:\nMa\u0142gorzata Mirga-Tas lever och verkar i Czarna G\u00f3ra i Karpaterna i Polen. Hon tog examen fr\u00e5n fakulteten f\u00f6r skulptur vid Konstakademin i Krakow (2004). Sedan 2011 har hon organiserat det internationella konstn\u00e4rliga residensprogrammet Jaw Dikh! i Czarna G\u00f3ra f\u00f6r utbyte mellan romska och icke-romska konstn\u00e4rer.\nUnder 2022 \u00e4r Mirga-Tas var aktuell med utst\u00e4llningen Re-enchanting the World i den polska paviljongen p\u00e5 Venedigbiennalen, och hennes verk har visats i b\u00e5de internationella solo- och grupputst\u00e4llningar s\u00e5som den 11:e Berlinbiennalen (2020), Moravian Gallery i Brno (2017), Center of Polish Sculpture i Oro\u0144sko (2020), Museum of Modern Art i Warszawa (2020), p\u00e5 Art Encounters-biennalen i Timi\u015foara (2019) och Rautenstrauch-Joest-Museum \u2013 Kulturen der Welt i K\u00f6ln. Mirga-Tas \u00e4r pristagare av Politykas Passport f\u00f6r b\u00e4sta konstn\u00e4r fr\u00e5n Polen 2020 och Maria Anto och Elsa von Freytag-Loringhoven konstpris (2021) till en ung konstn\u00e4r som verkar f\u00f6r att motverkar utanf\u00f6rskap, diskriminering och fr\u00e4mlingsfientlighet."},{"@type":"ImageObject","inLanguage":"pl-PL","@id":"https:\/\/instytutpolski.pl\/stockholm\/2023\/01\/20\/suno-mangie-dzialas-jag-har-en-drom-malgorzata-mirga-tas-staller-ut-pa-goteborgs-konsthall1\/#primaryimage","url":"https:\/\/instytutpolski.pl\/stockholm\/wp-content\/uploads\/sites\/17\/2023\/01\/Hemsida_Mirga-Tas.png","contentUrl":"https:\/\/instytutpolski.pl\/stockholm\/wp-content\/uploads\/sites\/17\/2023\/01\/Hemsida_Mirga-Tas.png","width":1120,"height":630},{"@type":"BreadcrumbList","@id":"https:\/\/instytutpolski.pl\/stockholm\/2023\/01\/20\/suno-mangie-dzialas-jag-har-en-drom-malgorzata-mirga-tas-staller-ut-pa-goteborgs-konsthall1\/#breadcrumb","itemListElement":[{"@type":"ListItem","position":1,"name":"Home","item":"https:\/\/instytutpolski.pl\/stockholm\/"},{"@type":"ListItem","position":2,"name":"SUNO MANGIE DZIALAS \/JAG HAR EN DR\u00d6M &#8211; Ma\u0142gorzata Mirga-Tas st\u00e4ller ut p\u00e5 G\u00f6teborgs Konsthall"}]},{"@type":"WebSite","@id":"https:\/\/instytutpolski.pl\/stockholm\/#website","url":"https:\/\/instytutpolski.pl\/stockholm\/","name":"Instytut Polski w Sztokholmie","description":"Instytuty Polskie","potentialAction":[{"@type":"SearchAction","target":{"@type":"EntryPoint","urlTemplate":"https:\/\/instytutpolski.pl\/stockholm\/?s={search_term_string}"},"query-input":{"@type":"PropertyValueSpecification","valueRequired":true,"valueName":"search_term_string"}}],"inLanguage":"pl-PL"},{"@type":"Person","@id":"https:\/\/instytutpolski.pl\/stockholm\/#\/schema\/person\/866a2c0f4ccf0982a286809684f7bc1e","name":"treichelp","image":{"@type":"ImageObject","inLanguage":"pl-PL","@id":"https:\/\/instytutpolski.pl\/stockholm\/#\/schema\/person\/image\/","url":"https:\/\/secure.gravatar.com\/avatar\/fb2c1caae0df0854742a56fc463dd1fb?s=96&d=mm&r=g","contentUrl":"https:\/\/secure.gravatar.com\/avatar\/fb2c1caae0df0854742a56fc463dd1fb?s=96&d=mm&r=g","caption":"treichelp"},"url":"https:\/\/instytutpolski.pl\/stockholm\/author\/treichelp\/"}]}},"_links":{"self":[{"href":"https:\/\/instytutpolski.pl\/stockholm\/wp-json\/wp\/v2\/posts\/10095","targetHints":{"allow":["GET"]}}],"collection":[{"href":"https:\/\/instytutpolski.pl\/stockholm\/wp-json\/wp\/v2\/posts"}],"about":[{"href":"https:\/\/instytutpolski.pl\/stockholm\/wp-json\/wp\/v2\/types\/post"}],"author":[{"embeddable":true,"href":"https:\/\/instytutpolski.pl\/stockholm\/wp-json\/wp\/v2\/users\/173"}],"replies":[{"embeddable":true,"href":"https:\/\/instytutpolski.pl\/stockholm\/wp-json\/wp\/v2\/comments?post=10095"}],"version-history":[{"count":4,"href":"https:\/\/instytutpolski.pl\/stockholm\/wp-json\/wp\/v2\/posts\/10095\/revisions"}],"predecessor-version":[{"id":10222,"href":"https:\/\/instytutpolski.pl\/stockholm\/wp-json\/wp\/v2\/posts\/10095\/revisions\/10222"}],"wp:featuredmedia":[{"embeddable":true,"href":"https:\/\/instytutpolski.pl\/stockholm\/wp-json\/wp\/v2\/media\/10099"}],"wp:attachment":[{"href":"https:\/\/instytutpolski.pl\/stockholm\/wp-json\/wp\/v2\/media?parent=10095"}],"wp:term":[{"taxonomy":"category","embeddable":true,"href":"https:\/\/instytutpolski.pl\/stockholm\/wp-json\/wp\/v2\/categories?post=10095"},{"taxonomy":"post_tag","embeddable":true,"href":"https:\/\/instytutpolski.pl\/stockholm\/wp-json\/wp\/v2\/tags?post=10095"}],"curies":[{"name":"wp","href":"https:\/\/api.w.org\/{rel}","templated":true}]}}