{"id":10103,"date":"2023-01-20T11:46:09","date_gmt":"2023-01-20T10:46:09","guid":{"rendered":"https:\/\/instytutpolski.pl\/stockholm\/?p=10103"},"modified":"2023-01-20T11:46:11","modified_gmt":"2023-01-20T10:46:11","slug":"malgorzata-mirga-tas-moter-fred-taikon-i-ett-samtal-om-romsk-konstaktivism","status":"publish","type":"post","link":"https:\/\/instytutpolski.pl\/stockholm\/2023\/01\/20\/malgorzata-mirga-tas-moter-fred-taikon-i-ett-samtal-om-romsk-konstaktivism\/","title":{"rendered":"Ma\u0142gorzata Mirga-Tas m\u00f6ter Fred Taikon i ett samtal om romsk konstaktivism"},"content":{"rendered":"\n<p><strong>Fred Taikon<\/strong> \u00e4r en f\u00f6rgrundsgestalt inom kampen f\u00f6r romska r\u00e4ttigheter och mottog 2021 regeringens guldmedalj\u202fIllis Quorum meruere labores f\u00f6r sitt arbete med att synligg\u00f6ra romsk kultur och informera om folkmordet av romer under F\u00f6rintelsen. Han \u00e4r \u00e4ven mottagare av \u00e5rets Raul Wallenberg-pris f\u00f6r sitt arbete f\u00f6r romers r\u00e4ttigheter, framf\u00f6rallt genom att synligg\u00f6ra antiziganism och det romska folkmordet.<\/p>\n\n\n\n<p>Samtalet leds av Fred Taikons dotter Mia Taikon, verksam vid Forum f\u00f6r Levande Historia.\u202f\u202f\u202f<\/p>\n\n\n\n<p>Fri entr\u00e9 och ingen f\u00f6ranm\u00e4lan beh\u00f6vs. Samtalet h\u00e5lls p\u00e5 engelska.<\/p>\n\n\n\n<p>I samarbete med Romano Center i V\u00e4st och Folkuniversitetet.\u202f\u202f<\/p>\n\n\n\n<p>L\u00e4s mer om evenemanget <a href=\"https:\/\/goteborgskonsthall.se\/aktivitet\/malgorzata-mirga-tas-moter-fred-taikon-i-ett-samtal-om-romsk-konstaktivism\/?date=202301291300\" target=\"_blank\" rel=\"noreferrer noopener\">h\u00e4r<\/a>.<\/p>\n\n\n\n<p><\/p>\n","protected":false},"excerpt":{"rendered":"<p>Fred Taikon \u00e4r en f\u00f6rgrundsgestalt inom kampen f\u00f6r romska r\u00e4ttigheter och mottog 2021 regeringens guldmedalj\u202fIllis Quorum meruere labores f\u00f6r sitt arbete med att synligg\u00f6ra romsk kultur och informera om folkmordet av romer under F\u00f6rintelsen. Han \u00e4r \u00e4ven mottagare av \u00e5rets Raul Wallenberg-pris f\u00f6r sitt arbete f\u00f6r romers r\u00e4ttigheter, framf\u00f6rallt genom att synligg\u00f6ra antiziganism och det [&hellip;]<\/p>\n","protected":false},"author":173,"featured_media":10097,"comment_status":"closed","ping_status":"closed","sticky":false,"template":"","format":"standard","meta":{"inline_featured_image":false,"_monsterinsights_skip_tracking":false,"_monsterinsights_sitenote_active":false,"_monsterinsights_sitenote_note":"","_monsterinsights_sitenote_category":0,"footnotes":""},"categories":[222,164,12,102],"tags":[],"class_list":["post-10103","post","type-post","status-publish","format-standard","has-post-thumbnail","hentry","category-aktualnosc-se","category-design","category-evenemang","category-konst"],"yoast_head":"<!-- This site is optimized with the Yoast SEO plugin v24.6 - https:\/\/yoast.com\/wordpress\/plugins\/seo\/ -->\n<title>Ma\u0142gorzata Mirga-Tas m\u00f6ter Fred Taikon i ett samtal om romsk konstaktivism - Instytut Polski w Sztokholmie<\/title>\n<meta name=\"robots\" content=\"index, follow, max-snippet:-1, max-image-preview:large, max-video-preview:-1\" \/>\n<link rel=\"canonical\" href=\"https:\/\/instytutpolski.pl\/stockholm\/2023\/01\/20\/malgorzata-mirga-tas-moter-fred-taikon-i-ett-samtal-om-romsk-konstaktivism\/\" \/>\n<meta property=\"og:locale\" content=\"pl_PL\" \/>\n<meta property=\"og:type\" content=\"article\" \/>\n<meta property=\"og:title\" content=\"Ma\u0142gorzata Mirga-Tas m\u00f6ter Fred Taikon i ett samtal om romsk konstaktivism - Instytut Polski w Sztokholmie\" \/>\n<meta property=\"og:description\" content=\"Fred Taikon \u00e4r en f\u00f6rgrundsgestalt inom kampen f\u00f6r romska r\u00e4ttigheter och mottog 2021 regeringens guldmedalj\u202fIllis Quorum meruere labores f\u00f6r sitt arbete med att synligg\u00f6ra romsk kultur och informera om folkmordet av romer under F\u00f6rintelsen. Han \u00e4r \u00e4ven mottagare av \u00e5rets Raul Wallenberg-pris f\u00f6r sitt arbete f\u00f6r romers r\u00e4ttigheter, framf\u00f6rallt genom att synligg\u00f6ra antiziganism och det [&hellip;]\" \/>\n<meta property=\"og:url\" content=\"https:\/\/instytutpolski.pl\/stockholm\/2023\/01\/20\/malgorzata-mirga-tas-moter-fred-taikon-i-ett-samtal-om-romsk-konstaktivism\/\" \/>\n<meta property=\"og:site_name\" content=\"Instytut Polski w Sztokholmie\" \/>\n<meta property=\"article:published_time\" content=\"2023-01-20T10:46:09+00:00\" \/>\n<meta property=\"article:modified_time\" content=\"2023-01-20T10:46:11+00:00\" \/>\n<meta property=\"og:image\" content=\"https:\/\/instytutpolski.pl\/stockholm\/wp-content\/uploads\/sites\/17\/2023\/01\/mirga-tastaikon-rn6vwd-1024x0-1.jpg\" \/>\n\t<meta property=\"og:image:width\" content=\"1024\" \/>\n\t<meta property=\"og:image:height\" content=\"710\" \/>\n\t<meta property=\"og:image:type\" content=\"image\/jpeg\" \/>\n<meta name=\"author\" content=\"treichelp\" \/>\n<meta name=\"twitter:card\" content=\"summary_large_image\" \/>\n<meta name=\"twitter:label1\" content=\"Napisane przez\" \/>\n\t<meta name=\"twitter:data1\" content=\"treichelp\" \/>\n\t<meta name=\"twitter:label2\" content=\"Szacowany czas czytania\" \/>\n\t<meta name=\"twitter:data2\" content=\"1 minuta\" \/>\n<script type=\"application\/ld+json\" class=\"yoast-schema-graph\">{\"@context\":\"https:\/\/schema.org\",\"@graph\":[{\"@type\":\"event\",\"@id\":\"https:\/\/instytutpolski.pl\/stockholm\/2023\/01\/20\/malgorzata-mirga-tas-moter-fred-taikon-i-ett-samtal-om-romsk-konstaktivism\/\",\"url\":\"https:\/\/instytutpolski.pl\/stockholm\/2023\/01\/20\/malgorzata-mirga-tas-moter-fred-taikon-i-ett-samtal-om-romsk-konstaktivism\/\",\"name\":\"Ma\u0142gorzata Mirga-Tas m\u00f6ter Fred Taikon i ett samtal om romsk konstaktivism\",\"isPartOf\":{\"@id\":\"https:\/\/instytutpolski.pl\/stockholm\/#website\"},\"primaryImageOfPage\":{\"@id\":\"https:\/\/instytutpolski.pl\/stockholm\/2023\/01\/20\/malgorzata-mirga-tas-moter-fred-taikon-i-ett-samtal-om-romsk-konstaktivism\/#primaryimage\"},\"image\":[\"https:\/\/instytutpolski.pl\/stockholm\/wp-content\/uploads\/sites\/17\/2023\/01\/mirga-tastaikon-rn6vwd-1024x0-1.jpg\",\"https:\/\/instytutpolski.pl\/stockholm\/wp-content\/uploads\/sites\/17\/2023\/01\/mirga-tastaikon-rn6vwd-1024x0-1-300x208.jpg\",\"https:\/\/instytutpolski.pl\/stockholm\/wp-content\/uploads\/sites\/17\/2023\/01\/mirga-tastaikon-rn6vwd-1024x0-1.jpg\",\"https:\/\/instytutpolski.pl\/stockholm\/wp-content\/uploads\/sites\/17\/2023\/01\/mirga-tastaikon-rn6vwd-1024x0-1.jpg\"],\"thumbnailUrl\":\"https:\/\/instytutpolski.pl\/stockholm\/wp-content\/uploads\/sites\/17\/2023\/01\/mirga-tastaikon-rn6vwd-1024x0-1.jpg\",\"datePublished\":\"2023-01-20T10:46:09+02:00\",\"dateModified\":\"2023-01-20T10:46:11+02:00\",\"author\":{\"@id\":\"https:\/\/instytutpolski.pl\/stockholm\/#\/schema\/person\/866a2c0f4ccf0982a286809684f7bc1e\"},\"breadcrumb\":{\"@id\":\"https:\/\/instytutpolski.pl\/stockholm\/2023\/01\/20\/malgorzata-mirga-tas-moter-fred-taikon-i-ett-samtal-om-romsk-konstaktivism\/#breadcrumb\"},\"inLanguage\":\"pl-PL\",\"potentialAction\":[{\"@type\":\"ReadAction\",\"target\":[\"https:\/\/instytutpolski.pl\/stockholm\/2023\/01\/20\/malgorzata-mirga-tas-moter-fred-taikon-i-ett-samtal-om-romsk-konstaktivism\/\"]}],\"@context\":\"https:\/\/schema.org\",\"startDate\":\"2023-01-29T01:00:00+02:00\",\"endDate\":\"2023-01-29T02:00:00+02:00\",\"eventStatus\":\"EventScheduled\",\"eventAttendanceMode\":\"OfflineEventAttendanceMode\",\"location\":{\"@type\":\"place\",\"name\":\"Stadsbiblioteket, G\u00f6taplatsen 3, G\u00f6teborg \",\"address\":\"Stadsbiblioteket, G\u00f6taplatsen 3, G\u00f6teborg \",\"geo\":{\"@type\":\"GeoCoordinates\",\"latitude\":\"57.70180820633266\",\"longitude\":\"12.019600976144758\"}},\"description\":\"Fred Taikon \u00e4r en f\u00f6rgrundsgestalt inom kampen f\u00f6r romska r\u00e4ttigheter och mottog 2021 regeringens guldmedalj\u202fIllis Quorum meruere labores f\u00f6r sitt arbete med att synligg\u00f6ra romsk kultur och informera om folkmordet av romer under F\u00f6rintelsen. Han \u00e4r \u00e4ven mottagare av \u00e5rets Raul Wallenberg-pris f\u00f6r sitt arbete f\u00f6r romers r\u00e4ttigheter, framf\u00f6rallt genom att synligg\u00f6ra antiziganism och det romska folkmordet.\\nSamtalet leds av Fred Taikons dotter Mia Taikon, verksam vid Forum f\u00f6r Levande Historia.\u202f\u202f\u202f\\nFri entr\u00e9 och ingen f\u00f6ranm\u00e4lan beh\u00f6vs. Samtalet h\u00e5lls p\u00e5 engelska.\\nI samarbete med Romano Center i V\u00e4st och Folkuniversitetet.\u202f\u202f\\nL\u00e4s mer om evenemanget h\u00e4r.\"},{\"@type\":\"ImageObject\",\"inLanguage\":\"pl-PL\",\"@id\":\"https:\/\/instytutpolski.pl\/stockholm\/2023\/01\/20\/malgorzata-mirga-tas-moter-fred-taikon-i-ett-samtal-om-romsk-konstaktivism\/#primaryimage\",\"url\":\"https:\/\/instytutpolski.pl\/stockholm\/wp-content\/uploads\/sites\/17\/2023\/01\/mirga-tastaikon-rn6vwd-1024x0-1.jpg\",\"contentUrl\":\"https:\/\/instytutpolski.pl\/stockholm\/wp-content\/uploads\/sites\/17\/2023\/01\/mirga-tastaikon-rn6vwd-1024x0-1.jpg\",\"width\":1024,\"height\":710},{\"@type\":\"BreadcrumbList\",\"@id\":\"https:\/\/instytutpolski.pl\/stockholm\/2023\/01\/20\/malgorzata-mirga-tas-moter-fred-taikon-i-ett-samtal-om-romsk-konstaktivism\/#breadcrumb\",\"itemListElement\":[{\"@type\":\"ListItem\",\"position\":1,\"name\":\"Home\",\"item\":\"https:\/\/instytutpolski.pl\/stockholm\/\"},{\"@type\":\"ListItem\",\"position\":2,\"name\":\"Ma\u0142gorzata Mirga-Tas m\u00f6ter Fred Taikon i ett samtal om romsk konstaktivism\"}]},{\"@type\":\"WebSite\",\"@id\":\"https:\/\/instytutpolski.pl\/stockholm\/#website\",\"url\":\"https:\/\/instytutpolski.pl\/stockholm\/\",\"name\":\"Instytut Polski w Sztokholmie\",\"description\":\"Instytuty Polskie\",\"potentialAction\":[{\"@type\":\"SearchAction\",\"target\":{\"@type\":\"EntryPoint\",\"urlTemplate\":\"https:\/\/instytutpolski.pl\/stockholm\/?s={search_term_string}\"},\"query-input\":{\"@type\":\"PropertyValueSpecification\",\"valueRequired\":true,\"valueName\":\"search_term_string\"}}],\"inLanguage\":\"pl-PL\"},{\"@type\":\"Person\",\"@id\":\"https:\/\/instytutpolski.pl\/stockholm\/#\/schema\/person\/866a2c0f4ccf0982a286809684f7bc1e\",\"name\":\"treichelp\",\"image\":{\"@type\":\"ImageObject\",\"inLanguage\":\"pl-PL\",\"@id\":\"https:\/\/instytutpolski.pl\/stockholm\/#\/schema\/person\/image\/\",\"url\":\"https:\/\/secure.gravatar.com\/avatar\/fb2c1caae0df0854742a56fc463dd1fb?s=96&d=mm&r=g\",\"contentUrl\":\"https:\/\/secure.gravatar.com\/avatar\/fb2c1caae0df0854742a56fc463dd1fb?s=96&d=mm&r=g\",\"caption\":\"treichelp\"},\"url\":\"https:\/\/instytutpolski.pl\/stockholm\/author\/treichelp\/\"}]}<\/script>\n<!-- \/ Yoast SEO plugin. -->","yoast_head_json":{"title":"Ma\u0142gorzata Mirga-Tas m\u00f6ter Fred Taikon i ett samtal om romsk konstaktivism - Instytut Polski w Sztokholmie","robots":{"index":"index","follow":"follow","max-snippet":"max-snippet:-1","max-image-preview":"max-image-preview:large","max-video-preview":"max-video-preview:-1"},"canonical":"https:\/\/instytutpolski.pl\/stockholm\/2023\/01\/20\/malgorzata-mirga-tas-moter-fred-taikon-i-ett-samtal-om-romsk-konstaktivism\/","og_locale":"pl_PL","og_type":"article","og_title":"Ma\u0142gorzata Mirga-Tas m\u00f6ter Fred Taikon i ett samtal om romsk konstaktivism - Instytut Polski w Sztokholmie","og_description":"Fred Taikon \u00e4r en f\u00f6rgrundsgestalt inom kampen f\u00f6r romska r\u00e4ttigheter och mottog 2021 regeringens guldmedalj\u202fIllis Quorum meruere labores f\u00f6r sitt arbete med att synligg\u00f6ra romsk kultur och informera om folkmordet av romer under F\u00f6rintelsen. Han \u00e4r \u00e4ven mottagare av \u00e5rets Raul Wallenberg-pris f\u00f6r sitt arbete f\u00f6r romers r\u00e4ttigheter, framf\u00f6rallt genom att synligg\u00f6ra antiziganism och det [&hellip;]","og_url":"https:\/\/instytutpolski.pl\/stockholm\/2023\/01\/20\/malgorzata-mirga-tas-moter-fred-taikon-i-ett-samtal-om-romsk-konstaktivism\/","og_site_name":"Instytut Polski w Sztokholmie","article_published_time":"2023-01-20T10:46:09+00:00","article_modified_time":"2023-01-20T10:46:11+00:00","og_image":[{"width":1024,"height":710,"url":"https:\/\/instytutpolski.pl\/stockholm\/wp-content\/uploads\/sites\/17\/2023\/01\/mirga-tastaikon-rn6vwd-1024x0-1.jpg","type":"image\/jpeg"}],"author":"treichelp","twitter_card":"summary_large_image","twitter_misc":{"Napisane przez":"treichelp","Szacowany czas czytania":"1 minuta"},"schema":{"@context":"https:\/\/schema.org","@graph":[{"@type":"event","@id":"https:\/\/instytutpolski.pl\/stockholm\/2023\/01\/20\/malgorzata-mirga-tas-moter-fred-taikon-i-ett-samtal-om-romsk-konstaktivism\/","url":"https:\/\/instytutpolski.pl\/stockholm\/2023\/01\/20\/malgorzata-mirga-tas-moter-fred-taikon-i-ett-samtal-om-romsk-konstaktivism\/","name":"Ma\u0142gorzata Mirga-Tas m\u00f6ter Fred Taikon i ett samtal om romsk konstaktivism","isPartOf":{"@id":"https:\/\/instytutpolski.pl\/stockholm\/#website"},"primaryImageOfPage":{"@id":"https:\/\/instytutpolski.pl\/stockholm\/2023\/01\/20\/malgorzata-mirga-tas-moter-fred-taikon-i-ett-samtal-om-romsk-konstaktivism\/#primaryimage"},"image":["https:\/\/instytutpolski.pl\/stockholm\/wp-content\/uploads\/sites\/17\/2023\/01\/mirga-tastaikon-rn6vwd-1024x0-1.jpg","https:\/\/instytutpolski.pl\/stockholm\/wp-content\/uploads\/sites\/17\/2023\/01\/mirga-tastaikon-rn6vwd-1024x0-1-300x208.jpg","https:\/\/instytutpolski.pl\/stockholm\/wp-content\/uploads\/sites\/17\/2023\/01\/mirga-tastaikon-rn6vwd-1024x0-1.jpg","https:\/\/instytutpolski.pl\/stockholm\/wp-content\/uploads\/sites\/17\/2023\/01\/mirga-tastaikon-rn6vwd-1024x0-1.jpg"],"thumbnailUrl":"https:\/\/instytutpolski.pl\/stockholm\/wp-content\/uploads\/sites\/17\/2023\/01\/mirga-tastaikon-rn6vwd-1024x0-1.jpg","datePublished":"2023-01-20T10:46:09+02:00","dateModified":"2023-01-20T10:46:11+02:00","author":{"@id":"https:\/\/instytutpolski.pl\/stockholm\/#\/schema\/person\/866a2c0f4ccf0982a286809684f7bc1e"},"breadcrumb":{"@id":"https:\/\/instytutpolski.pl\/stockholm\/2023\/01\/20\/malgorzata-mirga-tas-moter-fred-taikon-i-ett-samtal-om-romsk-konstaktivism\/#breadcrumb"},"inLanguage":"pl-PL","potentialAction":[{"@type":"ReadAction","target":["https:\/\/instytutpolski.pl\/stockholm\/2023\/01\/20\/malgorzata-mirga-tas-moter-fred-taikon-i-ett-samtal-om-romsk-konstaktivism\/"]}],"@context":"https:\/\/schema.org","startDate":"2023-01-29T01:00:00+02:00","endDate":"2023-01-29T02:00:00+02:00","eventStatus":"EventScheduled","eventAttendanceMode":"OfflineEventAttendanceMode","location":{"@type":"place","name":"Stadsbiblioteket, G\u00f6taplatsen 3, G\u00f6teborg ","address":"Stadsbiblioteket, G\u00f6taplatsen 3, G\u00f6teborg ","geo":{"@type":"GeoCoordinates","latitude":"57.70180820633266","longitude":"12.019600976144758"}},"description":"Fred Taikon \u00e4r en f\u00f6rgrundsgestalt inom kampen f\u00f6r romska r\u00e4ttigheter och mottog 2021 regeringens guldmedalj\u202fIllis Quorum meruere labores f\u00f6r sitt arbete med att synligg\u00f6ra romsk kultur och informera om folkmordet av romer under F\u00f6rintelsen. Han \u00e4r \u00e4ven mottagare av \u00e5rets Raul Wallenberg-pris f\u00f6r sitt arbete f\u00f6r romers r\u00e4ttigheter, framf\u00f6rallt genom att synligg\u00f6ra antiziganism och det romska folkmordet.\nSamtalet leds av Fred Taikons dotter Mia Taikon, verksam vid Forum f\u00f6r Levande Historia.\u202f\u202f\u202f\nFri entr\u00e9 och ingen f\u00f6ranm\u00e4lan beh\u00f6vs. Samtalet h\u00e5lls p\u00e5 engelska.\nI samarbete med Romano Center i V\u00e4st och Folkuniversitetet.\u202f\u202f\nL\u00e4s mer om evenemanget h\u00e4r."},{"@type":"ImageObject","inLanguage":"pl-PL","@id":"https:\/\/instytutpolski.pl\/stockholm\/2023\/01\/20\/malgorzata-mirga-tas-moter-fred-taikon-i-ett-samtal-om-romsk-konstaktivism\/#primaryimage","url":"https:\/\/instytutpolski.pl\/stockholm\/wp-content\/uploads\/sites\/17\/2023\/01\/mirga-tastaikon-rn6vwd-1024x0-1.jpg","contentUrl":"https:\/\/instytutpolski.pl\/stockholm\/wp-content\/uploads\/sites\/17\/2023\/01\/mirga-tastaikon-rn6vwd-1024x0-1.jpg","width":1024,"height":710},{"@type":"BreadcrumbList","@id":"https:\/\/instytutpolski.pl\/stockholm\/2023\/01\/20\/malgorzata-mirga-tas-moter-fred-taikon-i-ett-samtal-om-romsk-konstaktivism\/#breadcrumb","itemListElement":[{"@type":"ListItem","position":1,"name":"Home","item":"https:\/\/instytutpolski.pl\/stockholm\/"},{"@type":"ListItem","position":2,"name":"Ma\u0142gorzata Mirga-Tas m\u00f6ter Fred Taikon i ett samtal om romsk konstaktivism"}]},{"@type":"WebSite","@id":"https:\/\/instytutpolski.pl\/stockholm\/#website","url":"https:\/\/instytutpolski.pl\/stockholm\/","name":"Instytut Polski w Sztokholmie","description":"Instytuty Polskie","potentialAction":[{"@type":"SearchAction","target":{"@type":"EntryPoint","urlTemplate":"https:\/\/instytutpolski.pl\/stockholm\/?s={search_term_string}"},"query-input":{"@type":"PropertyValueSpecification","valueRequired":true,"valueName":"search_term_string"}}],"inLanguage":"pl-PL"},{"@type":"Person","@id":"https:\/\/instytutpolski.pl\/stockholm\/#\/schema\/person\/866a2c0f4ccf0982a286809684f7bc1e","name":"treichelp","image":{"@type":"ImageObject","inLanguage":"pl-PL","@id":"https:\/\/instytutpolski.pl\/stockholm\/#\/schema\/person\/image\/","url":"https:\/\/secure.gravatar.com\/avatar\/fb2c1caae0df0854742a56fc463dd1fb?s=96&d=mm&r=g","contentUrl":"https:\/\/secure.gravatar.com\/avatar\/fb2c1caae0df0854742a56fc463dd1fb?s=96&d=mm&r=g","caption":"treichelp"},"url":"https:\/\/instytutpolski.pl\/stockholm\/author\/treichelp\/"}]}},"_links":{"self":[{"href":"https:\/\/instytutpolski.pl\/stockholm\/wp-json\/wp\/v2\/posts\/10103","targetHints":{"allow":["GET"]}}],"collection":[{"href":"https:\/\/instytutpolski.pl\/stockholm\/wp-json\/wp\/v2\/posts"}],"about":[{"href":"https:\/\/instytutpolski.pl\/stockholm\/wp-json\/wp\/v2\/types\/post"}],"author":[{"embeddable":true,"href":"https:\/\/instytutpolski.pl\/stockholm\/wp-json\/wp\/v2\/users\/173"}],"replies":[{"embeddable":true,"href":"https:\/\/instytutpolski.pl\/stockholm\/wp-json\/wp\/v2\/comments?post=10103"}],"version-history":[{"count":4,"href":"https:\/\/instytutpolski.pl\/stockholm\/wp-json\/wp\/v2\/posts\/10103\/revisions"}],"predecessor-version":[{"id":10107,"href":"https:\/\/instytutpolski.pl\/stockholm\/wp-json\/wp\/v2\/posts\/10103\/revisions\/10107"}],"wp:featuredmedia":[{"embeddable":true,"href":"https:\/\/instytutpolski.pl\/stockholm\/wp-json\/wp\/v2\/media\/10097"}],"wp:attachment":[{"href":"https:\/\/instytutpolski.pl\/stockholm\/wp-json\/wp\/v2\/media?parent=10103"}],"wp:term":[{"taxonomy":"category","embeddable":true,"href":"https:\/\/instytutpolski.pl\/stockholm\/wp-json\/wp\/v2\/categories?post=10103"},{"taxonomy":"post_tag","embeddable":true,"href":"https:\/\/instytutpolski.pl\/stockholm\/wp-json\/wp\/v2\/tags?post=10103"}],"curies":[{"name":"wp","href":"https:\/\/api.w.org\/{rel}","templated":true}]}}