{"id":10108,"date":"2023-01-20T11:07:19","date_gmt":"2023-01-20T10:07:19","guid":{"rendered":"https:\/\/instytutpolski.pl\/stockholm\/?p=10108"},"modified":"2023-01-20T13:08:15","modified_gmt":"2023-01-20T12:08:15","slug":"koncert-z-okazji-160-rocznicy-wybuchu-powstania-styczniowego","status":"publish","type":"post","link":"https:\/\/instytutpolski.pl\/stockholm\/pl\/2023\/01\/20\/koncert-z-okazji-160-rocznicy-wybuchu-powstania-styczniowego\/","title":{"rendered":"Koncert z okazji 160. rocznicy wybuchu Powstania Styczniowego"},"content":{"rendered":"\n<p>Zostanie zaprezentowany specjalny program z muzyk\u0105 m.in. Fryderyka Chopina i Stanis\u0142awa Moniuszki oraz autentycznymi pie\u015bniami z okresu Powstania Styczniowego w wykonaniu artyst\u00f3w warszawskiej Filharmonii im. Traugutta:<\/p>\n\n\n\n<p>Katarzyna Szymkowiak \u2013 mezzosopran<\/p>\n\n\n\n<p>Krzysztof Kur \u2013 tenor<\/p>\n\n\n\n<p>Witold \u017bo\u0142\u0105dkiewicz \u2013 baryton<\/p>\n\n\n\n<p>Ewa Pelwecka \u2013 fortepian<\/p>\n\n\n\n<p>Wyst\u0105pi\u0105 r\u00f3wnie\u017c:&nbsp;bia\u0142oruski ch\u00f3r April And Swedish Belarusians, litewska grupa BITKR\u0116SL\u0116, ukrai\u0144ska pianistka Natalya Pasichnyk oraz szwedzki aktor Bj\u00f6rn S\u00e4llqvist (potomek polskiego uczestnika Powstania Styczniowego).<\/p>\n\n\n\n<p>Cz\u0119\u015bci\u0105 wydarzenia jest r\u00f3wnie\u017c mini-wystawa prezentuj\u0105ca orygina\u0142y pierwszych stron szwedzkiej gazety&nbsp;<em>Illustrerad tidning<\/em>&nbsp;z 1863 roku z artyku\u0142ami komentuj\u0105cymi przebieg Powstania Styczniowego i drzeworytami przedstawiaj\u0105cymi postaci zwi\u0105zane z Powstaniem \u2013 z kolekcji Krzysztofa Kura, udost\u0119pnione przez Fundacj\u0119 1863.PL. Zostanie te\u017c pokazany oryginalny sztandar z Powstania nale\u017c\u0105cy do Jolanty Halkiewicz ze Sztokholmu.<\/p>\n\n\n\n<p>Organizatorzy: Instytut Polski w Sztokholmie wraz z Filharmoni\u0105 im. R. Traugutta i Fundacj\u0105 1863.PL we wsp\u00f3\u0142pracy z Ambasad\u0105 Litwy, Ambasad\u0105 Wolnej Bia\u0142orusi, Instytutem Ukrai\u0144skim, Ambasad\u0105 Ukrainy oraz Muzeum Historycznym w Sztokholmie.<\/p>\n\n\n\n<pre class=\"wp-block-verse\"><\/pre>\n\n\n\n<figure class=\"wp-block-gallery has-nested-images columns-default is-cropped wp-block-gallery-1 is-layout-flex wp-block-gallery-is-layout-flex\">\n<figure class=\"wp-block-image size-large\"><img loading=\"lazy\" decoding=\"async\" width=\"1402\" height=\"1060\" data-id=\"10086\" src=\"https:\/\/instytutpolski.pl\/stockholm\/wp-content\/uploads\/sites\/17\/2023\/01\/Bjorn-S-Michal-M.jpg\" alt=\"\" class=\"wp-image-10086\" srcset=\"https:\/\/instytutpolski.pl\/stockholm\/wp-content\/uploads\/sites\/17\/2023\/01\/Bjorn-S-Michal-M.jpg 1402w, https:\/\/instytutpolski.pl\/stockholm\/wp-content\/uploads\/sites\/17\/2023\/01\/Bjorn-S-Michal-M-300x227.jpg 300w, https:\/\/instytutpolski.pl\/stockholm\/wp-content\/uploads\/sites\/17\/2023\/01\/Bjorn-S-Michal-M-1024x774.jpg 1024w, https:\/\/instytutpolski.pl\/stockholm\/wp-content\/uploads\/sites\/17\/2023\/01\/Bjorn-S-Michal-M-768x581.jpg 768w\" sizes=\"auto, (max-width: 1402px) 100vw, 1402px\" \/><\/figure>\n\n\n\n<figure class=\"wp-block-image size-large\"><img loading=\"lazy\" decoding=\"async\" width=\"1414\" height=\"2000\" data-id=\"10091\" src=\"https:\/\/instytutpolski.pl\/stockholm\/wp-content\/uploads\/sites\/17\/2023\/01\/traugutt-artysts-2.jpg\" alt=\"\" class=\"wp-image-10091\" srcset=\"https:\/\/instytutpolski.pl\/stockholm\/wp-content\/uploads\/sites\/17\/2023\/01\/traugutt-artysts-2.jpg 1414w, https:\/\/instytutpolski.pl\/stockholm\/wp-content\/uploads\/sites\/17\/2023\/01\/traugutt-artysts-2-212x300.jpg 212w, https:\/\/instytutpolski.pl\/stockholm\/wp-content\/uploads\/sites\/17\/2023\/01\/traugutt-artysts-2-724x1024.jpg 724w, https:\/\/instytutpolski.pl\/stockholm\/wp-content\/uploads\/sites\/17\/2023\/01\/traugutt-artysts-2-768x1086.jpg 768w, https:\/\/instytutpolski.pl\/stockholm\/wp-content\/uploads\/sites\/17\/2023\/01\/traugutt-artysts-2-1086x1536.jpg 1086w\" sizes=\"auto, (max-width: 1414px) 100vw, 1414px\" \/><\/figure>\n<\/figure>\n\n\n\n<figure class=\"wp-block-gallery has-nested-images columns-default is-cropped wp-block-gallery-2 is-layout-flex wp-block-gallery-is-layout-flex\">\n<figure class=\"wp-block-image size-large\"><img loading=\"lazy\" decoding=\"async\" width=\"1414\" height=\"2000\" data-id=\"10090\" src=\"https:\/\/instytutpolski.pl\/stockholm\/wp-content\/uploads\/sites\/17\/2023\/01\/traugutt-artysts-1.jpg\" alt=\"\" class=\"wp-image-10090\" srcset=\"https:\/\/instytutpolski.pl\/stockholm\/wp-content\/uploads\/sites\/17\/2023\/01\/traugutt-artysts-1.jpg 1414w, https:\/\/instytutpolski.pl\/stockholm\/wp-content\/uploads\/sites\/17\/2023\/01\/traugutt-artysts-1-212x300.jpg 212w, https:\/\/instytutpolski.pl\/stockholm\/wp-content\/uploads\/sites\/17\/2023\/01\/traugutt-artysts-1-724x1024.jpg 724w, https:\/\/instytutpolski.pl\/stockholm\/wp-content\/uploads\/sites\/17\/2023\/01\/traugutt-artysts-1-768x1086.jpg 768w, https:\/\/instytutpolski.pl\/stockholm\/wp-content\/uploads\/sites\/17\/2023\/01\/traugutt-artysts-1-1086x1536.jpg 1086w\" sizes=\"auto, (max-width: 1414px) 100vw, 1414px\" \/><\/figure>\n\n\n\n<figure class=\"wp-block-image size-large\"><img loading=\"lazy\" decoding=\"async\" width=\"1414\" height=\"2000\" data-id=\"10088\" src=\"https:\/\/instytutpolski.pl\/stockholm\/wp-content\/uploads\/sites\/17\/2023\/01\/January-Uprising-ZESPOLY-i-N.jpg\" alt=\"\" class=\"wp-image-10088\" srcset=\"https:\/\/instytutpolski.pl\/stockholm\/wp-content\/uploads\/sites\/17\/2023\/01\/January-Uprising-ZESPOLY-i-N.jpg 1414w, https:\/\/instytutpolski.pl\/stockholm\/wp-content\/uploads\/sites\/17\/2023\/01\/January-Uprising-ZESPOLY-i-N-212x300.jpg 212w, https:\/\/instytutpolski.pl\/stockholm\/wp-content\/uploads\/sites\/17\/2023\/01\/January-Uprising-ZESPOLY-i-N-724x1024.jpg 724w, https:\/\/instytutpolski.pl\/stockholm\/wp-content\/uploads\/sites\/17\/2023\/01\/January-Uprising-ZESPOLY-i-N-768x1086.jpg 768w, https:\/\/instytutpolski.pl\/stockholm\/wp-content\/uploads\/sites\/17\/2023\/01\/January-Uprising-ZESPOLY-i-N-1086x1536.jpg 1086w\" sizes=\"auto, (max-width: 1414px) 100vw, 1414px\" \/><\/figure>\n<\/figure>\n\n\n\n<figure class=\"wp-block-gallery has-nested-images columns-default is-cropped wp-block-gallery-3 is-layout-flex wp-block-gallery-is-layout-flex\">\n<figure class=\"wp-block-image size-large\"><img loading=\"lazy\" decoding=\"async\" width=\"1389\" height=\"1083\" data-id=\"10085\" src=\"https:\/\/instytutpolski.pl\/stockholm\/wp-content\/uploads\/sites\/17\/2023\/01\/traugutt-filharmoni-opis.jpg\" alt=\"\" class=\"wp-image-10085\" srcset=\"https:\/\/instytutpolski.pl\/stockholm\/wp-content\/uploads\/sites\/17\/2023\/01\/traugutt-filharmoni-opis.jpg 1389w, https:\/\/instytutpolski.pl\/stockholm\/wp-content\/uploads\/sites\/17\/2023\/01\/traugutt-filharmoni-opis-300x234.jpg 300w, https:\/\/instytutpolski.pl\/stockholm\/wp-content\/uploads\/sites\/17\/2023\/01\/traugutt-filharmoni-opis-1024x798.jpg 1024w, https:\/\/instytutpolski.pl\/stockholm\/wp-content\/uploads\/sites\/17\/2023\/01\/traugutt-filharmoni-opis-768x599.jpg 768w\" sizes=\"auto, (max-width: 1389px) 100vw, 1389px\" \/><\/figure>\n<\/figure>\n\n\n\n<figure class=\"wp-block-gallery has-nested-images columns-default is-cropped wp-block-gallery-4 is-layout-flex wp-block-gallery-is-layout-flex\">\n<figure class=\"wp-block-image size-large\"><img loading=\"lazy\" decoding=\"async\" width=\"1414\" height=\"2000\" data-id=\"10087\" src=\"https:\/\/instytutpolski.pl\/stockholm\/wp-content\/uploads\/sites\/17\/2023\/01\/January-Uprising-LOGOTYPER.jpg\" alt=\"\" class=\"wp-image-10087\" srcset=\"https:\/\/instytutpolski.pl\/stockholm\/wp-content\/uploads\/sites\/17\/2023\/01\/January-Uprising-LOGOTYPER.jpg 1414w, https:\/\/instytutpolski.pl\/stockholm\/wp-content\/uploads\/sites\/17\/2023\/01\/January-Uprising-LOGOTYPER-212x300.jpg 212w, https:\/\/instytutpolski.pl\/stockholm\/wp-content\/uploads\/sites\/17\/2023\/01\/January-Uprising-LOGOTYPER-724x1024.jpg 724w, https:\/\/instytutpolski.pl\/stockholm\/wp-content\/uploads\/sites\/17\/2023\/01\/January-Uprising-LOGOTYPER-768x1086.jpg 768w, https:\/\/instytutpolski.pl\/stockholm\/wp-content\/uploads\/sites\/17\/2023\/01\/January-Uprising-LOGOTYPER-1086x1536.jpg 1086w\" sizes=\"auto, (max-width: 1414px) 100vw, 1414px\" \/><\/figure>\n<\/figure>\n","protected":false},"excerpt":{"rendered":"<p>Zostanie zaprezentowany specjalny program z muzyk\u0105 m.in. Fryderyka Chopina i Stanis\u0142awa Moniuszki oraz autentycznymi pie\u015bniami z okresu Powstania Styczniowego w wykonaniu artyst\u00f3w warszawskiej Filharmonii im. Traugutta: Katarzyna Szymkowiak \u2013 mezzosopran Krzysztof Kur \u2013 tenor Witold \u017bo\u0142\u0105dkiewicz \u2013 baryton Ewa Pelwecka \u2013 fortepian Wyst\u0105pi\u0105 r\u00f3wnie\u017c:&nbsp;bia\u0142oruski ch\u00f3r April And Swedish Belarusians, litewska grupa BITKR\u0116SL\u0116, ukrai\u0144ska pianistka Natalya [&hellip;]<\/p>\n","protected":false},"author":173,"featured_media":10089,"comment_status":"closed","ping_status":"closed","sticky":false,"template":"","format":"standard","meta":{"inline_featured_image":false,"_monsterinsights_skip_tracking":false,"_monsterinsights_sitenote_active":false,"_monsterinsights_sitenote_note":"","_monsterinsights_sitenote_category":0,"footnotes":""},"categories":[113,89,36],"tags":[],"class_list":["post-10108","post","type-post","status-publish","format-standard","has-post-thumbnail","hentry","category-historia","category-muzyka","category-wydarzenie"],"yoast_head":"<!-- This site is optimized with the Yoast SEO plugin v24.6 - https:\/\/yoast.com\/wordpress\/plugins\/seo\/ -->\n<title>Koncert z okazji 160. rocznicy wybuchu Powstania Styczniowego - Instytut Polski w Sztokholmie<\/title>\n<meta name=\"robots\" content=\"index, follow, max-snippet:-1, max-image-preview:large, max-video-preview:-1\" \/>\n<link rel=\"canonical\" href=\"https:\/\/instytutpolski.pl\/stockholm\/pl\/2023\/01\/20\/koncert-z-okazji-160-rocznicy-wybuchu-powstania-styczniowego\/\" \/>\n<meta property=\"og:locale\" content=\"pl_PL\" \/>\n<meta property=\"og:type\" content=\"article\" \/>\n<meta property=\"og:title\" content=\"Koncert z okazji 160. rocznicy wybuchu Powstania Styczniowego - Instytut Polski w Sztokholmie\" \/>\n<meta property=\"og:description\" content=\"Zostanie zaprezentowany specjalny program z muzyk\u0105 m.in. Fryderyka Chopina i Stanis\u0142awa Moniuszki oraz autentycznymi pie\u015bniami z okresu Powstania Styczniowego w wykonaniu artyst\u00f3w warszawskiej Filharmonii im. Traugutta: Katarzyna Szymkowiak \u2013 mezzosopran Krzysztof Kur \u2013 tenor Witold \u017bo\u0142\u0105dkiewicz \u2013 baryton Ewa Pelwecka \u2013 fortepian Wyst\u0105pi\u0105 r\u00f3wnie\u017c:&nbsp;bia\u0142oruski ch\u00f3r April And Swedish Belarusians, litewska grupa BITKR\u0116SL\u0116, ukrai\u0144ska pianistka Natalya [&hellip;]\" \/>\n<meta property=\"og:url\" content=\"https:\/\/instytutpolski.pl\/stockholm\/pl\/2023\/01\/20\/koncert-z-okazji-160-rocznicy-wybuchu-powstania-styczniowego\/\" \/>\n<meta property=\"og:site_name\" content=\"Instytut Polski w Sztokholmie\" \/>\n<meta property=\"article:published_time\" content=\"2023-01-20T10:07:19+00:00\" \/>\n<meta property=\"article:modified_time\" content=\"2023-01-20T12:08:15+00:00\" \/>\n<meta property=\"og:image\" content=\"https:\/\/instytutpolski.pl\/stockholm\/wp-content\/uploads\/sites\/17\/2023\/01\/strona-cover-18st2023.jpg\" \/>\n\t<meta property=\"og:image:width\" content=\"1640\" \/>\n\t<meta property=\"og:image:height\" content=\"924\" \/>\n\t<meta property=\"og:image:type\" content=\"image\/jpeg\" \/>\n<meta name=\"author\" content=\"treichelp\" \/>\n<meta name=\"twitter:card\" content=\"summary_large_image\" \/>\n<meta name=\"twitter:label1\" content=\"Napisane przez\" \/>\n\t<meta name=\"twitter:data1\" content=\"treichelp\" \/>\n\t<meta name=\"twitter:label2\" content=\"Szacowany czas czytania\" \/>\n\t<meta name=\"twitter:data2\" content=\"3 minuty\" \/>\n<script type=\"application\/ld+json\" class=\"yoast-schema-graph\">{\"@context\":\"https:\/\/schema.org\",\"@graph\":[{\"@type\":\"event\",\"@id\":\"https:\/\/instytutpolski.pl\/stockholm\/pl\/2023\/01\/20\/koncert-z-okazji-160-rocznicy-wybuchu-powstania-styczniowego\/\",\"url\":\"https:\/\/instytutpolski.pl\/stockholm\/pl\/2023\/01\/20\/koncert-z-okazji-160-rocznicy-wybuchu-powstania-styczniowego\/\",\"name\":\"Koncert z okazji 160. rocznicy wybuchu Powstania Styczniowego\",\"isPartOf\":{\"@id\":\"https:\/\/instytutpolski.pl\/stockholm\/#website\"},\"primaryImageOfPage\":{\"@id\":\"https:\/\/instytutpolski.pl\/stockholm\/pl\/2023\/01\/20\/koncert-z-okazji-160-rocznicy-wybuchu-powstania-styczniowego\/#primaryimage\"},\"image\":[\"https:\/\/instytutpolski.pl\/stockholm\/wp-content\/uploads\/sites\/17\/2023\/01\/strona-cover-18st2023.jpg\",\"https:\/\/instytutpolski.pl\/stockholm\/wp-content\/uploads\/sites\/17\/2023\/01\/strona-cover-18st2023-300x169.jpg\",\"https:\/\/instytutpolski.pl\/stockholm\/wp-content\/uploads\/sites\/17\/2023\/01\/strona-cover-18st2023-1024x577.jpg\",\"https:\/\/instytutpolski.pl\/stockholm\/wp-content\/uploads\/sites\/17\/2023\/01\/strona-cover-18st2023.jpg\"],\"thumbnailUrl\":\"https:\/\/instytutpolski.pl\/stockholm\/wp-content\/uploads\/sites\/17\/2023\/01\/strona-cover-18st2023.jpg\",\"datePublished\":\"2023-01-20T10:07:19+02:00\",\"dateModified\":\"2023-01-20T12:08:15+02:00\",\"author\":{\"@id\":\"https:\/\/instytutpolski.pl\/stockholm\/#\/schema\/person\/866a2c0f4ccf0982a286809684f7bc1e\"},\"breadcrumb\":{\"@id\":\"https:\/\/instytutpolski.pl\/stockholm\/pl\/2023\/01\/20\/koncert-z-okazji-160-rocznicy-wybuchu-powstania-styczniowego\/#breadcrumb\"},\"inLanguage\":\"pl-PL\",\"potentialAction\":[{\"@type\":\"ReadAction\",\"target\":[\"https:\/\/instytutpolski.pl\/stockholm\/pl\/2023\/01\/20\/koncert-z-okazji-160-rocznicy-wybuchu-powstania-styczniowego\/\"]}],\"@context\":\"https:\/\/schema.org\",\"startDate\":\"2023-01-18T06:30:00+02:00\",\"endDate\":\"2023-01-18T08:30:00+02:00\",\"eventStatus\":\"EventScheduled\",\"eventAttendanceMode\":\"OfflineEventAttendanceMode\",\"location\":{\"@type\":\"place\",\"name\":\"Historiska museet, Narvav\u00e4gen 13-17, Stockholm\",\"address\":\"Historiska museet, Narvav\u00e4gen 13-17, Stockholm\",\"geo\":{\"@type\":\"GeoCoordinates\",\"latitude\":\"59.31335915734803\",\"longitude\":\"17.811226528488557\"}},\"description\":\"Zostanie zaprezentowany specjalny program z muzyk\u0105 m.in. Fryderyka Chopina i Stanis\u0142awa Moniuszki oraz autentycznymi pie\u015bniami z okresu Powstania Styczniowego w wykonaniu artyst\u00f3w warszawskiej Filharmonii im. Traugutta:\\nKatarzyna Szymkowiak \u2013 mezzosopran\\nKrzysztof Kur \u2013 tenor\\nWitold \u017bo\u0142\u0105dkiewicz \u2013 baryton\\nEwa Pelwecka \u2013 fortepian\\nWyst\u0105pi\u0105 r\u00f3wnie\u017c: bia\u0142oruski ch\u00f3r April And Swedish Belarusians, litewska grupa BITKR\u0116SL\u0116, ukrai\u0144ska pianistka Natalya Pasichnyk oraz szwedzki aktor Bj\u00f6rn S\u00e4llqvist (potomek polskiego uczestnika Powstania Styczniowego).\\nCz\u0119\u015bci\u0105 wydarzenia jest r\u00f3wnie\u017c mini-wystawa prezentuj\u0105ca orygina\u0142y pierwszych stron szwedzkiej gazety Illustrerad tidning z 1863 roku z artyku\u0142ami komentuj\u0105cymi przebieg Powstania Styczniowego i drzeworytami przedstawiaj\u0105cymi postaci zwi\u0105zane z Powstaniem \u2013 z kolekcji Krzysztofa Kura, udost\u0119pnione przez Fundacj\u0119 1863.PL. Zostanie te\u017c pokazany oryginalny sztandar z Powstania nale\u017c\u0105cy do Jolanty Halkiewicz ze Sztokholmu.\\nOrganizatorzy: Instytut Polski w Sztokholmie wraz z Filharmoni\u0105 im. R. Traugutta i Fundacj\u0105 1863.PL we wsp\u00f3\u0142pracy z Ambasad\u0105 Litwy, Ambasad\u0105 Wolnej Bia\u0142orusi, Instytutem Ukrai\u0144skim, Ambasad\u0105 Ukrainy oraz Muzeum Historycznym w Sztokholmie.\"},{\"@type\":\"ImageObject\",\"inLanguage\":\"pl-PL\",\"@id\":\"https:\/\/instytutpolski.pl\/stockholm\/pl\/2023\/01\/20\/koncert-z-okazji-160-rocznicy-wybuchu-powstania-styczniowego\/#primaryimage\",\"url\":\"https:\/\/instytutpolski.pl\/stockholm\/wp-content\/uploads\/sites\/17\/2023\/01\/strona-cover-18st2023.jpg\",\"contentUrl\":\"https:\/\/instytutpolski.pl\/stockholm\/wp-content\/uploads\/sites\/17\/2023\/01\/strona-cover-18st2023.jpg\",\"width\":1640,\"height\":924},{\"@type\":\"BreadcrumbList\",\"@id\":\"https:\/\/instytutpolski.pl\/stockholm\/pl\/2023\/01\/20\/koncert-z-okazji-160-rocznicy-wybuchu-powstania-styczniowego\/#breadcrumb\",\"itemListElement\":[{\"@type\":\"ListItem\",\"position\":1,\"name\":\"Home\",\"item\":\"https:\/\/instytutpolski.pl\/stockholm\/\"},{\"@type\":\"ListItem\",\"position\":2,\"name\":\"Koncert z okazji 160. rocznicy wybuchu Powstania Styczniowego\"}]},{\"@type\":\"WebSite\",\"@id\":\"https:\/\/instytutpolski.pl\/stockholm\/#website\",\"url\":\"https:\/\/instytutpolski.pl\/stockholm\/\",\"name\":\"Instytut Polski w Sztokholmie\",\"description\":\"Instytuty Polskie\",\"potentialAction\":[{\"@type\":\"SearchAction\",\"target\":{\"@type\":\"EntryPoint\",\"urlTemplate\":\"https:\/\/instytutpolski.pl\/stockholm\/?s={search_term_string}\"},\"query-input\":{\"@type\":\"PropertyValueSpecification\",\"valueRequired\":true,\"valueName\":\"search_term_string\"}}],\"inLanguage\":\"pl-PL\"},{\"@type\":\"Person\",\"@id\":\"https:\/\/instytutpolski.pl\/stockholm\/#\/schema\/person\/866a2c0f4ccf0982a286809684f7bc1e\",\"name\":\"treichelp\",\"image\":{\"@type\":\"ImageObject\",\"inLanguage\":\"pl-PL\",\"@id\":\"https:\/\/instytutpolski.pl\/stockholm\/#\/schema\/person\/image\/\",\"url\":\"https:\/\/secure.gravatar.com\/avatar\/fb2c1caae0df0854742a56fc463dd1fb?s=96&d=mm&r=g\",\"contentUrl\":\"https:\/\/secure.gravatar.com\/avatar\/fb2c1caae0df0854742a56fc463dd1fb?s=96&d=mm&r=g\",\"caption\":\"treichelp\"},\"url\":\"https:\/\/instytutpolski.pl\/stockholm\/author\/treichelp\/\"}]}<\/script>\n<!-- \/ Yoast SEO plugin. -->","yoast_head_json":{"title":"Koncert z okazji 160. rocznicy wybuchu Powstania Styczniowego - Instytut Polski w Sztokholmie","robots":{"index":"index","follow":"follow","max-snippet":"max-snippet:-1","max-image-preview":"max-image-preview:large","max-video-preview":"max-video-preview:-1"},"canonical":"https:\/\/instytutpolski.pl\/stockholm\/pl\/2023\/01\/20\/koncert-z-okazji-160-rocznicy-wybuchu-powstania-styczniowego\/","og_locale":"pl_PL","og_type":"article","og_title":"Koncert z okazji 160. rocznicy wybuchu Powstania Styczniowego - Instytut Polski w Sztokholmie","og_description":"Zostanie zaprezentowany specjalny program z muzyk\u0105 m.in. Fryderyka Chopina i Stanis\u0142awa Moniuszki oraz autentycznymi pie\u015bniami z okresu Powstania Styczniowego w wykonaniu artyst\u00f3w warszawskiej Filharmonii im. Traugutta: Katarzyna Szymkowiak \u2013 mezzosopran Krzysztof Kur \u2013 tenor Witold \u017bo\u0142\u0105dkiewicz \u2013 baryton Ewa Pelwecka \u2013 fortepian Wyst\u0105pi\u0105 r\u00f3wnie\u017c:&nbsp;bia\u0142oruski ch\u00f3r April And Swedish Belarusians, litewska grupa BITKR\u0116SL\u0116, ukrai\u0144ska pianistka Natalya [&hellip;]","og_url":"https:\/\/instytutpolski.pl\/stockholm\/pl\/2023\/01\/20\/koncert-z-okazji-160-rocznicy-wybuchu-powstania-styczniowego\/","og_site_name":"Instytut Polski w Sztokholmie","article_published_time":"2023-01-20T10:07:19+00:00","article_modified_time":"2023-01-20T12:08:15+00:00","og_image":[{"width":1640,"height":924,"url":"https:\/\/instytutpolski.pl\/stockholm\/wp-content\/uploads\/sites\/17\/2023\/01\/strona-cover-18st2023.jpg","type":"image\/jpeg"}],"author":"treichelp","twitter_card":"summary_large_image","twitter_misc":{"Napisane przez":"treichelp","Szacowany czas czytania":"3 minuty"},"schema":{"@context":"https:\/\/schema.org","@graph":[{"@type":"event","@id":"https:\/\/instytutpolski.pl\/stockholm\/pl\/2023\/01\/20\/koncert-z-okazji-160-rocznicy-wybuchu-powstania-styczniowego\/","url":"https:\/\/instytutpolski.pl\/stockholm\/pl\/2023\/01\/20\/koncert-z-okazji-160-rocznicy-wybuchu-powstania-styczniowego\/","name":"Koncert z okazji 160. rocznicy wybuchu Powstania Styczniowego","isPartOf":{"@id":"https:\/\/instytutpolski.pl\/stockholm\/#website"},"primaryImageOfPage":{"@id":"https:\/\/instytutpolski.pl\/stockholm\/pl\/2023\/01\/20\/koncert-z-okazji-160-rocznicy-wybuchu-powstania-styczniowego\/#primaryimage"},"image":["https:\/\/instytutpolski.pl\/stockholm\/wp-content\/uploads\/sites\/17\/2023\/01\/strona-cover-18st2023.jpg","https:\/\/instytutpolski.pl\/stockholm\/wp-content\/uploads\/sites\/17\/2023\/01\/strona-cover-18st2023-300x169.jpg","https:\/\/instytutpolski.pl\/stockholm\/wp-content\/uploads\/sites\/17\/2023\/01\/strona-cover-18st2023-1024x577.jpg","https:\/\/instytutpolski.pl\/stockholm\/wp-content\/uploads\/sites\/17\/2023\/01\/strona-cover-18st2023.jpg"],"thumbnailUrl":"https:\/\/instytutpolski.pl\/stockholm\/wp-content\/uploads\/sites\/17\/2023\/01\/strona-cover-18st2023.jpg","datePublished":"2023-01-20T10:07:19+02:00","dateModified":"2023-01-20T12:08:15+02:00","author":{"@id":"https:\/\/instytutpolski.pl\/stockholm\/#\/schema\/person\/866a2c0f4ccf0982a286809684f7bc1e"},"breadcrumb":{"@id":"https:\/\/instytutpolski.pl\/stockholm\/pl\/2023\/01\/20\/koncert-z-okazji-160-rocznicy-wybuchu-powstania-styczniowego\/#breadcrumb"},"inLanguage":"pl-PL","potentialAction":[{"@type":"ReadAction","target":["https:\/\/instytutpolski.pl\/stockholm\/pl\/2023\/01\/20\/koncert-z-okazji-160-rocznicy-wybuchu-powstania-styczniowego\/"]}],"@context":"https:\/\/schema.org","startDate":"2023-01-18T06:30:00+02:00","endDate":"2023-01-18T08:30:00+02:00","eventStatus":"EventScheduled","eventAttendanceMode":"OfflineEventAttendanceMode","location":{"@type":"place","name":"Historiska museet, Narvav\u00e4gen 13-17, Stockholm","address":"Historiska museet, Narvav\u00e4gen 13-17, Stockholm","geo":{"@type":"GeoCoordinates","latitude":"59.31335915734803","longitude":"17.811226528488557"}},"description":"Zostanie zaprezentowany specjalny program z muzyk\u0105 m.in. Fryderyka Chopina i Stanis\u0142awa Moniuszki oraz autentycznymi pie\u015bniami z okresu Powstania Styczniowego w wykonaniu artyst\u00f3w warszawskiej Filharmonii im. Traugutta:\nKatarzyna Szymkowiak \u2013 mezzosopran\nKrzysztof Kur \u2013 tenor\nWitold \u017bo\u0142\u0105dkiewicz \u2013 baryton\nEwa Pelwecka \u2013 fortepian\nWyst\u0105pi\u0105 r\u00f3wnie\u017c: bia\u0142oruski ch\u00f3r April And Swedish Belarusians, litewska grupa BITKR\u0116SL\u0116, ukrai\u0144ska pianistka Natalya Pasichnyk oraz szwedzki aktor Bj\u00f6rn S\u00e4llqvist (potomek polskiego uczestnika Powstania Styczniowego).\nCz\u0119\u015bci\u0105 wydarzenia jest r\u00f3wnie\u017c mini-wystawa prezentuj\u0105ca orygina\u0142y pierwszych stron szwedzkiej gazety Illustrerad tidning z 1863 roku z artyku\u0142ami komentuj\u0105cymi przebieg Powstania Styczniowego i drzeworytami przedstawiaj\u0105cymi postaci zwi\u0105zane z Powstaniem \u2013 z kolekcji Krzysztofa Kura, udost\u0119pnione przez Fundacj\u0119 1863.PL. Zostanie te\u017c pokazany oryginalny sztandar z Powstania nale\u017c\u0105cy do Jolanty Halkiewicz ze Sztokholmu.\nOrganizatorzy: Instytut Polski w Sztokholmie wraz z Filharmoni\u0105 im. R. Traugutta i Fundacj\u0105 1863.PL we wsp\u00f3\u0142pracy z Ambasad\u0105 Litwy, Ambasad\u0105 Wolnej Bia\u0142orusi, Instytutem Ukrai\u0144skim, Ambasad\u0105 Ukrainy oraz Muzeum Historycznym w Sztokholmie."},{"@type":"ImageObject","inLanguage":"pl-PL","@id":"https:\/\/instytutpolski.pl\/stockholm\/pl\/2023\/01\/20\/koncert-z-okazji-160-rocznicy-wybuchu-powstania-styczniowego\/#primaryimage","url":"https:\/\/instytutpolski.pl\/stockholm\/wp-content\/uploads\/sites\/17\/2023\/01\/strona-cover-18st2023.jpg","contentUrl":"https:\/\/instytutpolski.pl\/stockholm\/wp-content\/uploads\/sites\/17\/2023\/01\/strona-cover-18st2023.jpg","width":1640,"height":924},{"@type":"BreadcrumbList","@id":"https:\/\/instytutpolski.pl\/stockholm\/pl\/2023\/01\/20\/koncert-z-okazji-160-rocznicy-wybuchu-powstania-styczniowego\/#breadcrumb","itemListElement":[{"@type":"ListItem","position":1,"name":"Home","item":"https:\/\/instytutpolski.pl\/stockholm\/"},{"@type":"ListItem","position":2,"name":"Koncert z okazji 160. rocznicy wybuchu Powstania Styczniowego"}]},{"@type":"WebSite","@id":"https:\/\/instytutpolski.pl\/stockholm\/#website","url":"https:\/\/instytutpolski.pl\/stockholm\/","name":"Instytut Polski w Sztokholmie","description":"Instytuty Polskie","potentialAction":[{"@type":"SearchAction","target":{"@type":"EntryPoint","urlTemplate":"https:\/\/instytutpolski.pl\/stockholm\/?s={search_term_string}"},"query-input":{"@type":"PropertyValueSpecification","valueRequired":true,"valueName":"search_term_string"}}],"inLanguage":"pl-PL"},{"@type":"Person","@id":"https:\/\/instytutpolski.pl\/stockholm\/#\/schema\/person\/866a2c0f4ccf0982a286809684f7bc1e","name":"treichelp","image":{"@type":"ImageObject","inLanguage":"pl-PL","@id":"https:\/\/instytutpolski.pl\/stockholm\/#\/schema\/person\/image\/","url":"https:\/\/secure.gravatar.com\/avatar\/fb2c1caae0df0854742a56fc463dd1fb?s=96&d=mm&r=g","contentUrl":"https:\/\/secure.gravatar.com\/avatar\/fb2c1caae0df0854742a56fc463dd1fb?s=96&d=mm&r=g","caption":"treichelp"},"url":"https:\/\/instytutpolski.pl\/stockholm\/author\/treichelp\/"}]}},"_links":{"self":[{"href":"https:\/\/instytutpolski.pl\/stockholm\/wp-json\/wp\/v2\/posts\/10108","targetHints":{"allow":["GET"]}}],"collection":[{"href":"https:\/\/instytutpolski.pl\/stockholm\/wp-json\/wp\/v2\/posts"}],"about":[{"href":"https:\/\/instytutpolski.pl\/stockholm\/wp-json\/wp\/v2\/types\/post"}],"author":[{"embeddable":true,"href":"https:\/\/instytutpolski.pl\/stockholm\/wp-json\/wp\/v2\/users\/173"}],"replies":[{"embeddable":true,"href":"https:\/\/instytutpolski.pl\/stockholm\/wp-json\/wp\/v2\/comments?post=10108"}],"version-history":[{"count":4,"href":"https:\/\/instytutpolski.pl\/stockholm\/wp-json\/wp\/v2\/posts\/10108\/revisions"}],"predecessor-version":[{"id":10112,"href":"https:\/\/instytutpolski.pl\/stockholm\/wp-json\/wp\/v2\/posts\/10108\/revisions\/10112"}],"wp:featuredmedia":[{"embeddable":true,"href":"https:\/\/instytutpolski.pl\/stockholm\/wp-json\/wp\/v2\/media\/10089"}],"wp:attachment":[{"href":"https:\/\/instytutpolski.pl\/stockholm\/wp-json\/wp\/v2\/media?parent=10108"}],"wp:term":[{"taxonomy":"category","embeddable":true,"href":"https:\/\/instytutpolski.pl\/stockholm\/wp-json\/wp\/v2\/categories?post=10108"},{"taxonomy":"post_tag","embeddable":true,"href":"https:\/\/instytutpolski.pl\/stockholm\/wp-json\/wp\/v2\/tags?post=10108"}],"curies":[{"name":"wp","href":"https:\/\/api.w.org\/{rel}","templated":true}]}}