{"id":10256,"date":"2023-01-31T17:07:19","date_gmt":"2023-01-31T16:07:19","guid":{"rendered":"https:\/\/instytutpolski.pl\/stockholm\/?p=10256"},"modified":"2023-01-31T17:07:22","modified_gmt":"2023-01-31T16:07:22","slug":"re-enchanting-theworld-malgorzata-mirga-tas-i-samtal-med-joanna-warsza-och-wojciech-szymanski-pa-goteborgs-konsthall","status":"publish","type":"post","link":"https:\/\/instytutpolski.pl\/stockholm\/2023\/01\/31\/re-enchanting-theworld-malgorzata-mirga-tas-i-samtal-med-joanna-warsza-och-wojciech-szymanski-pa-goteborgs-konsthall\/","title":{"rendered":"RE-ENCHANTING THEWORLD &#8211; Ma\u0142gorzata Mirga-Tas i samtal med Joanna Warsza och Wojciech Szyma\u0144ski p\u00e5 G\u00f6teborgs Konsthall"},"content":{"rendered":"\n<p>G\u00f6teborgs Konsthall har till detta tillf\u00e4lle bjudit in Wojciech Szyma\u0144ski och Joanna Warsza som curaterade den hyllade utst\u00e4llningen&nbsp;<em>Re-enchanting the World<\/em>&nbsp;\/&nbsp;<em>Przeczarowuj\u0105c \u015bwiat<\/em>&nbsp;med Ma\u0142gorzata Mirga-Tas f\u00f6r den polska paviljongen p\u00e5 den 59:e Venedigbiennalen 2022. Det var d\u00e5 f\u00f6rsta g\u00e5ngen i biennalens 120 \u00e5r l\u00e5nga historia som en romsk konstn\u00e4r st\u00e4llt ut i en nationell paviljong. Nu m\u00f6ts de i ett samtal om romsk konst och aktivism och vad det inneb\u00e4r att \u00e5terf\u00f6rtrolla v\u00e4rlden.&nbsp;<\/p>\n\n\n\n<p>Samtalet sker p\u00e5 engelska och inleds med kortare introduktioner av Wojciech Szyma\u0144ski och Joanna Warsza f\u00f6r att sedan f\u00f6ljas av ett samtal med Ma\u0142gorzata Mirga-Tas. Det kommer finnas utrymme f\u00f6r fr\u00e5gor fr\u00e5n publiken i samband med samtalet.&nbsp;<\/p>\n\n\n\n<p>I samarbete med Folkuniversitetet. Programmet presenteras med st\u00f6d av Polska institutet i Stockholm.&nbsp;<\/p>\n\n\n\n<p><strong>Joanna Warsza<\/strong>&nbsp;\u00e4r en frilansande curator, redakt\u00f6r, konstskribent och l\u00e4rare som kommer fr\u00e5n Warszawa, men som nu \u00e4r bosatt i Berlin. Sedan 2014 \u00e4r Warsza programansvarig f\u00f6r CuratorLab p\u00e5 Konstfack i Stockholm. Hon har curaterat en rad olika biennaler, stadsprojekt, utst\u00e4llningar och konferenser, s\u00e5som den 7:e Berlinbiennalen (som associerad curator), Public Art M\u00fcnchen 2018, programcurator f\u00f6r Manifesta 10 i St Petersburg samt mer nyligen som medcurator f\u00f6r den 3: e och 4: e Autostrada-biennalen. Utifr\u00e5n konstn\u00e4ren Agnes Denes motton att konsten \u201dkommunicerar det okommunicerbara\u201d, \u201dvisualiserar det osynliga\u201d och \u201daccepterar inte de begr\u00e4nsningar som samh\u00e4llet har accepterat\u201d, st\u00f6der Warszas curatoriella praktik konst som ger form \u00e5t v\u00e5r tids mest komplexa id\u00e9er, p\u00e5 s\u00e4tt \u00e4r b\u00e5de tv\u00e4rvetenskapligt och som tar h\u00e4nsyn till den specifika platsen och kontexten.&nbsp;<\/p>\n\n\n\n<p><strong>Wojciech Szyma\u0144ski<\/strong>&nbsp;\u00e4r konstkritiker och konsthistoriker, frilansande curator, f\u00f6rfattare och redakt\u00f6r f\u00f6r en rad b\u00f6cker och kataloger. Han har curaterat flera uppm\u00e4rksammade konstutst\u00e4llningar som behandlar queer konsthistoria: \u201dHeritage\u201d (med Karol Radziszewski och Micha\u0142 Grzegorzek), som en del av Pomada Queer Festival i Warszawa (2017) och \u201dRyszard Kisiel: Cruising\u201d (med Karol Radziszewski) p\u00e5 Gda\u0144sk City Gallery (2018), bland andra. Han \u00e4r intresserad av samtida romsk konst och har curaterat flera grupp- och soloutst\u00e4llningar av samtida romska konstn\u00e4rer som Kali Berga, Delaine Le Bas och inte minst Ma\u0142gorzata Mirga-Tas. Szyma\u0144ski \u00e4r idag bitr\u00e4dande professor vid Institutet f\u00f6r konsthistoria vid universitetet i Warszawa och bor i Krakow, Polen.&nbsp;<\/p>\n\n\n\n<p>Mer om utst\u00e4llningen\u00a0<em><a href=\"https:\/\/instytutpolski.pl\/stockholm\/2023\/01\/20\/suno-mangie-dzialas-jag-har-en-drom-malgorzata-mirga-tas-staller-ut-pa-goteborgs-konsthall1\/\" target=\"_blank\" rel=\"noreferrer noopener\">SUNO MANGIE DZIALAS \/JAG HAR EN DR\u00d6M<\/a><\/em><\/p>\n","protected":false},"excerpt":{"rendered":"<p>G\u00f6teborgs Konsthall har till detta tillf\u00e4lle bjudit in Wojciech Szyma\u0144ski och Joanna Warsza som curaterade den hyllade utst\u00e4llningen&nbsp;Re-enchanting the World&nbsp;\/&nbsp;Przeczarowuj\u0105c \u015bwiat&nbsp;med Ma\u0142gorzata Mirga-Tas f\u00f6r den polska paviljongen p\u00e5 den 59:e Venedigbiennalen 2022. Det var d\u00e5 f\u00f6rsta g\u00e5ngen i biennalens 120 \u00e5r l\u00e5nga historia som en romsk konstn\u00e4r st\u00e4llt ut i en nationell paviljong. Nu m\u00f6ts [&hellip;]<\/p>\n","protected":false},"author":173,"featured_media":10257,"comment_status":"open","ping_status":"open","sticky":false,"template":"","format":"standard","meta":{"inline_featured_image":false,"_monsterinsights_skip_tracking":false,"_monsterinsights_sitenote_active":false,"_monsterinsights_sitenote_note":"","_monsterinsights_sitenote_category":0,"footnotes":""},"categories":[222,164,12,102],"tags":[],"class_list":["post-10256","post","type-post","status-publish","format-standard","has-post-thumbnail","hentry","category-aktualnosc-se","category-design","category-evenemang","category-konst"],"yoast_head":"<!-- This site is optimized with the Yoast SEO plugin v24.6 - https:\/\/yoast.com\/wordpress\/plugins\/seo\/ -->\n<title>RE-ENCHANTING THEWORLD - Ma\u0142gorzata Mirga-Tas i samtal med Joanna Warsza och Wojciech Szyma\u0144ski p\u00e5 G\u00f6teborgs Konsthall - Instytut Polski w Sztokholmie<\/title>\n<meta name=\"robots\" content=\"index, follow, max-snippet:-1, max-image-preview:large, max-video-preview:-1\" \/>\n<link rel=\"canonical\" href=\"https:\/\/instytutpolski.pl\/stockholm\/2023\/01\/31\/re-enchanting-theworld-malgorzata-mirga-tas-i-samtal-med-joanna-warsza-och-wojciech-szymanski-pa-goteborgs-konsthall\/\" \/>\n<meta property=\"og:locale\" content=\"pl_PL\" \/>\n<meta property=\"og:type\" content=\"article\" \/>\n<meta property=\"og:title\" content=\"RE-ENCHANTING THEWORLD - Ma\u0142gorzata Mirga-Tas i samtal med Joanna Warsza och Wojciech Szyma\u0144ski p\u00e5 G\u00f6teborgs Konsthall - Instytut Polski w Sztokholmie\" \/>\n<meta property=\"og:description\" content=\"G\u00f6teborgs Konsthall har till detta tillf\u00e4lle bjudit in Wojciech Szyma\u0144ski och Joanna Warsza som curaterade den hyllade utst\u00e4llningen&nbsp;Re-enchanting the World&nbsp;\/&nbsp;Przeczarowuj\u0105c \u015bwiat&nbsp;med Ma\u0142gorzata Mirga-Tas f\u00f6r den polska paviljongen p\u00e5 den 59:e Venedigbiennalen 2022. Det var d\u00e5 f\u00f6rsta g\u00e5ngen i biennalens 120 \u00e5r l\u00e5nga historia som en romsk konstn\u00e4r st\u00e4llt ut i en nationell paviljong. Nu m\u00f6ts [&hellip;]\" \/>\n<meta property=\"og:url\" content=\"https:\/\/instytutpolski.pl\/stockholm\/2023\/01\/31\/re-enchanting-theworld-malgorzata-mirga-tas-i-samtal-med-joanna-warsza-och-wojciech-szymanski-pa-goteborgs-konsthall\/\" \/>\n<meta property=\"og:site_name\" content=\"Instytut Polski w Sztokholmie\" \/>\n<meta property=\"article:published_time\" content=\"2023-01-31T16:07:19+00:00\" \/>\n<meta property=\"article:modified_time\" content=\"2023-01-31T16:07:22+00:00\" \/>\n<meta property=\"og:image\" content=\"https:\/\/instytutpolski.pl\/stockholm\/wp-content\/uploads\/sites\/17\/2023\/01\/fijaaefiafeofea-rof196-640x0-1.jpg\" \/>\n\t<meta property=\"og:image:width\" content=\"640\" \/>\n\t<meta property=\"og:image:height\" content=\"360\" \/>\n\t<meta property=\"og:image:type\" content=\"image\/jpeg\" \/>\n<meta name=\"author\" content=\"treichelp\" \/>\n<meta name=\"twitter:card\" content=\"summary_large_image\" \/>\n<meta name=\"twitter:label1\" content=\"Napisane przez\" \/>\n\t<meta name=\"twitter:data1\" content=\"treichelp\" \/>\n\t<meta name=\"twitter:label2\" content=\"Szacowany czas czytania\" \/>\n\t<meta name=\"twitter:data2\" content=\"3 minuty\" \/>\n<script type=\"application\/ld+json\" class=\"yoast-schema-graph\">{\"@context\":\"https:\/\/schema.org\",\"@graph\":[{\"@type\":\"event\",\"@id\":\"https:\/\/instytutpolski.pl\/stockholm\/2023\/01\/31\/re-enchanting-theworld-malgorzata-mirga-tas-i-samtal-med-joanna-warsza-och-wojciech-szymanski-pa-goteborgs-konsthall\/\",\"url\":\"https:\/\/instytutpolski.pl\/stockholm\/2023\/01\/31\/re-enchanting-theworld-malgorzata-mirga-tas-i-samtal-med-joanna-warsza-och-wojciech-szymanski-pa-goteborgs-konsthall\/\",\"name\":\"RE-ENCHANTING THEWORLD - Ma\u0142gorzata Mirga-Tas i samtal med Joanna Warsza och Wojciech Szyma\u0144ski p\u00e5 G\u00f6teborgs Konsthall\",\"isPartOf\":{\"@id\":\"https:\/\/instytutpolski.pl\/stockholm\/#website\"},\"primaryImageOfPage\":{\"@id\":\"https:\/\/instytutpolski.pl\/stockholm\/2023\/01\/31\/re-enchanting-theworld-malgorzata-mirga-tas-i-samtal-med-joanna-warsza-och-wojciech-szymanski-pa-goteborgs-konsthall\/#primaryimage\"},\"image\":[\"https:\/\/instytutpolski.pl\/stockholm\/wp-content\/uploads\/sites\/17\/2023\/01\/fijaaefiafeofea-rof196-640x0-1.jpg\",\"https:\/\/instytutpolski.pl\/stockholm\/wp-content\/uploads\/sites\/17\/2023\/01\/fijaaefiafeofea-rof196-640x0-1-300x169.jpg\",\"https:\/\/instytutpolski.pl\/stockholm\/wp-content\/uploads\/sites\/17\/2023\/01\/fijaaefiafeofea-rof196-640x0-1.jpg\",\"https:\/\/instytutpolski.pl\/stockholm\/wp-content\/uploads\/sites\/17\/2023\/01\/fijaaefiafeofea-rof196-640x0-1.jpg\"],\"thumbnailUrl\":\"https:\/\/instytutpolski.pl\/stockholm\/wp-content\/uploads\/sites\/17\/2023\/01\/fijaaefiafeofea-rof196-640x0-1.jpg\",\"datePublished\":\"2023-01-31T16:07:19+02:00\",\"dateModified\":\"2023-01-31T16:07:22+02:00\",\"author\":{\"@id\":\"https:\/\/instytutpolski.pl\/stockholm\/#\/schema\/person\/866a2c0f4ccf0982a286809684f7bc1e\"},\"breadcrumb\":{\"@id\":\"https:\/\/instytutpolski.pl\/stockholm\/2023\/01\/31\/re-enchanting-theworld-malgorzata-mirga-tas-i-samtal-med-joanna-warsza-och-wojciech-szymanski-pa-goteborgs-konsthall\/#breadcrumb\"},\"inLanguage\":\"pl-PL\",\"potentialAction\":[{\"@type\":\"ReadAction\",\"target\":[\"https:\/\/instytutpolski.pl\/stockholm\/2023\/01\/31\/re-enchanting-theworld-malgorzata-mirga-tas-i-samtal-med-joanna-warsza-och-wojciech-szymanski-pa-goteborgs-konsthall\/\"]}],\"@context\":\"https:\/\/schema.org\",\"startDate\":\"2023-02-26T12:00:00+02:00\",\"endDate\":\"2023-02-26T01:30:00+02:00\",\"eventStatus\":\"EventScheduled\",\"eventAttendanceMode\":\"OfflineEventAttendanceMode\",\"location\":{\"@type\":\"place\",\"name\":\"G\u00f6teborgs Konsthall, G\u00f6taplatsen 7, G\u00f6teborg\",\"address\":\"G\u00f6teborgs Konsthall, G\u00f6taplatsen 7, G\u00f6teborg\",\"geo\":{\"@type\":\"GeoCoordinates\",\"latitude\":\"57.21995351938307\",\"longitude\":\"12.1033685182407\"}},\"description\":\"G\u00f6teborgs Konsthall har till detta tillf\u00e4lle bjudit in Wojciech Szyma\u0144ski och Joanna Warsza som curaterade den hyllade utst\u00e4llningen Re-enchanting the World \/ Przeczarowuj\u0105c \u015bwiat med Ma\u0142gorzata Mirga-Tas f\u00f6r den polska paviljongen p\u00e5 den 59:e Venedigbiennalen 2022. Det var d\u00e5 f\u00f6rsta g\u00e5ngen i biennalens 120 \u00e5r l\u00e5nga historia som en romsk konstn\u00e4r st\u00e4llt ut i en nationell paviljong. Nu m\u00f6ts de i ett samtal om romsk konst och aktivism och vad det inneb\u00e4r att \u00e5terf\u00f6rtrolla v\u00e4rlden. \\nSamtalet sker p\u00e5 engelska och inleds med kortare introduktioner av Wojciech Szyma\u0144ski och Joanna Warsza f\u00f6r att sedan f\u00f6ljas av ett samtal med Ma\u0142gorzata Mirga-Tas. Det kommer finnas utrymme f\u00f6r fr\u00e5gor fr\u00e5n publiken i samband med samtalet. \\nI samarbete med Folkuniversitetet. Programmet presenteras med st\u00f6d av Polska institutet i Stockholm. \\nJoanna Warsza \u00e4r en frilansande curator, redakt\u00f6r, konstskribent och l\u00e4rare som kommer fr\u00e5n Warszawa, men som nu \u00e4r bosatt i Berlin. Sedan 2014 \u00e4r Warsza programansvarig f\u00f6r CuratorLab p\u00e5 Konstfack i Stockholm. Hon har curaterat en rad olika biennaler, stadsprojekt, utst\u00e4llningar och konferenser, s\u00e5som den 7:e Berlinbiennalen (som associerad curator), Public Art M\u00fcnchen 2018, programcurator f\u00f6r Manifesta 10 i St Petersburg samt mer nyligen som medcurator f\u00f6r den 3: e och 4: e Autostrada-biennalen. Utifr\u00e5n konstn\u00e4ren Agnes Denes motton att konsten \u201dkommunicerar det okommunicerbara\u201d, \u201dvisualiserar det osynliga\u201d och \u201daccepterar inte de begr\u00e4nsningar som samh\u00e4llet har accepterat\u201d, st\u00f6der Warszas curatoriella praktik konst som ger form \u00e5t v\u00e5r tids mest komplexa id\u00e9er, p\u00e5 s\u00e4tt \u00e4r b\u00e5de tv\u00e4rvetenskapligt och som tar h\u00e4nsyn till den specifika platsen och kontexten. \\nWojciech Szyma\u0144ski \u00e4r konstkritiker och konsthistoriker, frilansande curator, f\u00f6rfattare och redakt\u00f6r f\u00f6r en rad b\u00f6cker och kataloger. Han har curaterat flera uppm\u00e4rksammade konstutst\u00e4llningar som behandlar queer konsthistoria: \u201dHeritage\u201d (med Karol Radziszewski och Micha\u0142 Grzegorzek), som en del av Pomada Queer Festival i Warszawa (2017) och \u201dRyszard Kisiel: Cruising\u201d (med Karol Radziszewski) p\u00e5 Gda\u0144sk City Gallery (2018), bland andra. Han \u00e4r intresserad av samtida romsk konst och har curaterat flera grupp- och soloutst\u00e4llningar av samtida romska konstn\u00e4rer som Kali Berga, Delaine Le Bas och inte minst Ma\u0142gorzata Mirga-Tas. Szyma\u0144ski \u00e4r idag bitr\u00e4dande professor vid Institutet f\u00f6r konsthistoria vid universitetet i Warszawa och bor i Krakow, Polen. \\nMer om utst\u00e4llningen\u00a0SUNO MANGIE DZIALAS \/JAG HAR EN DR\u00d6M\"},{\"@type\":\"ImageObject\",\"inLanguage\":\"pl-PL\",\"@id\":\"https:\/\/instytutpolski.pl\/stockholm\/2023\/01\/31\/re-enchanting-theworld-malgorzata-mirga-tas-i-samtal-med-joanna-warsza-och-wojciech-szymanski-pa-goteborgs-konsthall\/#primaryimage\",\"url\":\"https:\/\/instytutpolski.pl\/stockholm\/wp-content\/uploads\/sites\/17\/2023\/01\/fijaaefiafeofea-rof196-640x0-1.jpg\",\"contentUrl\":\"https:\/\/instytutpolski.pl\/stockholm\/wp-content\/uploads\/sites\/17\/2023\/01\/fijaaefiafeofea-rof196-640x0-1.jpg\",\"width\":640,\"height\":360},{\"@type\":\"BreadcrumbList\",\"@id\":\"https:\/\/instytutpolski.pl\/stockholm\/2023\/01\/31\/re-enchanting-theworld-malgorzata-mirga-tas-i-samtal-med-joanna-warsza-och-wojciech-szymanski-pa-goteborgs-konsthall\/#breadcrumb\",\"itemListElement\":[{\"@type\":\"ListItem\",\"position\":1,\"name\":\"Home\",\"item\":\"https:\/\/instytutpolski.pl\/stockholm\/\"},{\"@type\":\"ListItem\",\"position\":2,\"name\":\"RE-ENCHANTING THEWORLD &#8211; Ma\u0142gorzata Mirga-Tas i samtal med Joanna Warsza och Wojciech Szyma\u0144ski p\u00e5 G\u00f6teborgs Konsthall\"}]},{\"@type\":\"WebSite\",\"@id\":\"https:\/\/instytutpolski.pl\/stockholm\/#website\",\"url\":\"https:\/\/instytutpolski.pl\/stockholm\/\",\"name\":\"Instytut Polski w Sztokholmie\",\"description\":\"Instytuty Polskie\",\"potentialAction\":[{\"@type\":\"SearchAction\",\"target\":{\"@type\":\"EntryPoint\",\"urlTemplate\":\"https:\/\/instytutpolski.pl\/stockholm\/?s={search_term_string}\"},\"query-input\":{\"@type\":\"PropertyValueSpecification\",\"valueRequired\":true,\"valueName\":\"search_term_string\"}}],\"inLanguage\":\"pl-PL\"},{\"@type\":\"Person\",\"@id\":\"https:\/\/instytutpolski.pl\/stockholm\/#\/schema\/person\/866a2c0f4ccf0982a286809684f7bc1e\",\"name\":\"treichelp\",\"image\":{\"@type\":\"ImageObject\",\"inLanguage\":\"pl-PL\",\"@id\":\"https:\/\/instytutpolski.pl\/stockholm\/#\/schema\/person\/image\/\",\"url\":\"https:\/\/secure.gravatar.com\/avatar\/fb2c1caae0df0854742a56fc463dd1fb?s=96&d=mm&r=g\",\"contentUrl\":\"https:\/\/secure.gravatar.com\/avatar\/fb2c1caae0df0854742a56fc463dd1fb?s=96&d=mm&r=g\",\"caption\":\"treichelp\"},\"url\":\"https:\/\/instytutpolski.pl\/stockholm\/author\/treichelp\/\"}]}<\/script>\n<!-- \/ Yoast SEO plugin. -->","yoast_head_json":{"title":"RE-ENCHANTING THEWORLD - Ma\u0142gorzata Mirga-Tas i samtal med Joanna Warsza och Wojciech Szyma\u0144ski p\u00e5 G\u00f6teborgs Konsthall - Instytut Polski w Sztokholmie","robots":{"index":"index","follow":"follow","max-snippet":"max-snippet:-1","max-image-preview":"max-image-preview:large","max-video-preview":"max-video-preview:-1"},"canonical":"https:\/\/instytutpolski.pl\/stockholm\/2023\/01\/31\/re-enchanting-theworld-malgorzata-mirga-tas-i-samtal-med-joanna-warsza-och-wojciech-szymanski-pa-goteborgs-konsthall\/","og_locale":"pl_PL","og_type":"article","og_title":"RE-ENCHANTING THEWORLD - Ma\u0142gorzata Mirga-Tas i samtal med Joanna Warsza och Wojciech Szyma\u0144ski p\u00e5 G\u00f6teborgs Konsthall - Instytut Polski w Sztokholmie","og_description":"G\u00f6teborgs Konsthall har till detta tillf\u00e4lle bjudit in Wojciech Szyma\u0144ski och Joanna Warsza som curaterade den hyllade utst\u00e4llningen&nbsp;Re-enchanting the World&nbsp;\/&nbsp;Przeczarowuj\u0105c \u015bwiat&nbsp;med Ma\u0142gorzata Mirga-Tas f\u00f6r den polska paviljongen p\u00e5 den 59:e Venedigbiennalen 2022. Det var d\u00e5 f\u00f6rsta g\u00e5ngen i biennalens 120 \u00e5r l\u00e5nga historia som en romsk konstn\u00e4r st\u00e4llt ut i en nationell paviljong. Nu m\u00f6ts [&hellip;]","og_url":"https:\/\/instytutpolski.pl\/stockholm\/2023\/01\/31\/re-enchanting-theworld-malgorzata-mirga-tas-i-samtal-med-joanna-warsza-och-wojciech-szymanski-pa-goteborgs-konsthall\/","og_site_name":"Instytut Polski w Sztokholmie","article_published_time":"2023-01-31T16:07:19+00:00","article_modified_time":"2023-01-31T16:07:22+00:00","og_image":[{"width":640,"height":360,"url":"https:\/\/instytutpolski.pl\/stockholm\/wp-content\/uploads\/sites\/17\/2023\/01\/fijaaefiafeofea-rof196-640x0-1.jpg","type":"image\/jpeg"}],"author":"treichelp","twitter_card":"summary_large_image","twitter_misc":{"Napisane przez":"treichelp","Szacowany czas czytania":"3 minuty"},"schema":{"@context":"https:\/\/schema.org","@graph":[{"@type":"event","@id":"https:\/\/instytutpolski.pl\/stockholm\/2023\/01\/31\/re-enchanting-theworld-malgorzata-mirga-tas-i-samtal-med-joanna-warsza-och-wojciech-szymanski-pa-goteborgs-konsthall\/","url":"https:\/\/instytutpolski.pl\/stockholm\/2023\/01\/31\/re-enchanting-theworld-malgorzata-mirga-tas-i-samtal-med-joanna-warsza-och-wojciech-szymanski-pa-goteborgs-konsthall\/","name":"RE-ENCHANTING THEWORLD - Ma\u0142gorzata Mirga-Tas i samtal med Joanna Warsza och Wojciech Szyma\u0144ski p\u00e5 G\u00f6teborgs Konsthall","isPartOf":{"@id":"https:\/\/instytutpolski.pl\/stockholm\/#website"},"primaryImageOfPage":{"@id":"https:\/\/instytutpolski.pl\/stockholm\/2023\/01\/31\/re-enchanting-theworld-malgorzata-mirga-tas-i-samtal-med-joanna-warsza-och-wojciech-szymanski-pa-goteborgs-konsthall\/#primaryimage"},"image":["https:\/\/instytutpolski.pl\/stockholm\/wp-content\/uploads\/sites\/17\/2023\/01\/fijaaefiafeofea-rof196-640x0-1.jpg","https:\/\/instytutpolski.pl\/stockholm\/wp-content\/uploads\/sites\/17\/2023\/01\/fijaaefiafeofea-rof196-640x0-1-300x169.jpg","https:\/\/instytutpolski.pl\/stockholm\/wp-content\/uploads\/sites\/17\/2023\/01\/fijaaefiafeofea-rof196-640x0-1.jpg","https:\/\/instytutpolski.pl\/stockholm\/wp-content\/uploads\/sites\/17\/2023\/01\/fijaaefiafeofea-rof196-640x0-1.jpg"],"thumbnailUrl":"https:\/\/instytutpolski.pl\/stockholm\/wp-content\/uploads\/sites\/17\/2023\/01\/fijaaefiafeofea-rof196-640x0-1.jpg","datePublished":"2023-01-31T16:07:19+02:00","dateModified":"2023-01-31T16:07:22+02:00","author":{"@id":"https:\/\/instytutpolski.pl\/stockholm\/#\/schema\/person\/866a2c0f4ccf0982a286809684f7bc1e"},"breadcrumb":{"@id":"https:\/\/instytutpolski.pl\/stockholm\/2023\/01\/31\/re-enchanting-theworld-malgorzata-mirga-tas-i-samtal-med-joanna-warsza-och-wojciech-szymanski-pa-goteborgs-konsthall\/#breadcrumb"},"inLanguage":"pl-PL","potentialAction":[{"@type":"ReadAction","target":["https:\/\/instytutpolski.pl\/stockholm\/2023\/01\/31\/re-enchanting-theworld-malgorzata-mirga-tas-i-samtal-med-joanna-warsza-och-wojciech-szymanski-pa-goteborgs-konsthall\/"]}],"@context":"https:\/\/schema.org","startDate":"2023-02-26T12:00:00+02:00","endDate":"2023-02-26T01:30:00+02:00","eventStatus":"EventScheduled","eventAttendanceMode":"OfflineEventAttendanceMode","location":{"@type":"place","name":"G\u00f6teborgs Konsthall, G\u00f6taplatsen 7, G\u00f6teborg","address":"G\u00f6teborgs Konsthall, G\u00f6taplatsen 7, G\u00f6teborg","geo":{"@type":"GeoCoordinates","latitude":"57.21995351938307","longitude":"12.1033685182407"}},"description":"G\u00f6teborgs Konsthall har till detta tillf\u00e4lle bjudit in Wojciech Szyma\u0144ski och Joanna Warsza som curaterade den hyllade utst\u00e4llningen Re-enchanting the World \/ Przeczarowuj\u0105c \u015bwiat med Ma\u0142gorzata Mirga-Tas f\u00f6r den polska paviljongen p\u00e5 den 59:e Venedigbiennalen 2022. Det var d\u00e5 f\u00f6rsta g\u00e5ngen i biennalens 120 \u00e5r l\u00e5nga historia som en romsk konstn\u00e4r st\u00e4llt ut i en nationell paviljong. Nu m\u00f6ts de i ett samtal om romsk konst och aktivism och vad det inneb\u00e4r att \u00e5terf\u00f6rtrolla v\u00e4rlden. \nSamtalet sker p\u00e5 engelska och inleds med kortare introduktioner av Wojciech Szyma\u0144ski och Joanna Warsza f\u00f6r att sedan f\u00f6ljas av ett samtal med Ma\u0142gorzata Mirga-Tas. Det kommer finnas utrymme f\u00f6r fr\u00e5gor fr\u00e5n publiken i samband med samtalet. \nI samarbete med Folkuniversitetet. Programmet presenteras med st\u00f6d av Polska institutet i Stockholm. \nJoanna Warsza \u00e4r en frilansande curator, redakt\u00f6r, konstskribent och l\u00e4rare som kommer fr\u00e5n Warszawa, men som nu \u00e4r bosatt i Berlin. Sedan 2014 \u00e4r Warsza programansvarig f\u00f6r CuratorLab p\u00e5 Konstfack i Stockholm. Hon har curaterat en rad olika biennaler, stadsprojekt, utst\u00e4llningar och konferenser, s\u00e5som den 7:e Berlinbiennalen (som associerad curator), Public Art M\u00fcnchen 2018, programcurator f\u00f6r Manifesta 10 i St Petersburg samt mer nyligen som medcurator f\u00f6r den 3: e och 4: e Autostrada-biennalen. Utifr\u00e5n konstn\u00e4ren Agnes Denes motton att konsten \u201dkommunicerar det okommunicerbara\u201d, \u201dvisualiserar det osynliga\u201d och \u201daccepterar inte de begr\u00e4nsningar som samh\u00e4llet har accepterat\u201d, st\u00f6der Warszas curatoriella praktik konst som ger form \u00e5t v\u00e5r tids mest komplexa id\u00e9er, p\u00e5 s\u00e4tt \u00e4r b\u00e5de tv\u00e4rvetenskapligt och som tar h\u00e4nsyn till den specifika platsen och kontexten. \nWojciech Szyma\u0144ski \u00e4r konstkritiker och konsthistoriker, frilansande curator, f\u00f6rfattare och redakt\u00f6r f\u00f6r en rad b\u00f6cker och kataloger. Han har curaterat flera uppm\u00e4rksammade konstutst\u00e4llningar som behandlar queer konsthistoria: \u201dHeritage\u201d (med Karol Radziszewski och Micha\u0142 Grzegorzek), som en del av Pomada Queer Festival i Warszawa (2017) och \u201dRyszard Kisiel: Cruising\u201d (med Karol Radziszewski) p\u00e5 Gda\u0144sk City Gallery (2018), bland andra. Han \u00e4r intresserad av samtida romsk konst och har curaterat flera grupp- och soloutst\u00e4llningar av samtida romska konstn\u00e4rer som Kali Berga, Delaine Le Bas och inte minst Ma\u0142gorzata Mirga-Tas. Szyma\u0144ski \u00e4r idag bitr\u00e4dande professor vid Institutet f\u00f6r konsthistoria vid universitetet i Warszawa och bor i Krakow, Polen. \nMer om utst\u00e4llningen\u00a0SUNO MANGIE DZIALAS \/JAG HAR EN DR\u00d6M"},{"@type":"ImageObject","inLanguage":"pl-PL","@id":"https:\/\/instytutpolski.pl\/stockholm\/2023\/01\/31\/re-enchanting-theworld-malgorzata-mirga-tas-i-samtal-med-joanna-warsza-och-wojciech-szymanski-pa-goteborgs-konsthall\/#primaryimage","url":"https:\/\/instytutpolski.pl\/stockholm\/wp-content\/uploads\/sites\/17\/2023\/01\/fijaaefiafeofea-rof196-640x0-1.jpg","contentUrl":"https:\/\/instytutpolski.pl\/stockholm\/wp-content\/uploads\/sites\/17\/2023\/01\/fijaaefiafeofea-rof196-640x0-1.jpg","width":640,"height":360},{"@type":"BreadcrumbList","@id":"https:\/\/instytutpolski.pl\/stockholm\/2023\/01\/31\/re-enchanting-theworld-malgorzata-mirga-tas-i-samtal-med-joanna-warsza-och-wojciech-szymanski-pa-goteborgs-konsthall\/#breadcrumb","itemListElement":[{"@type":"ListItem","position":1,"name":"Home","item":"https:\/\/instytutpolski.pl\/stockholm\/"},{"@type":"ListItem","position":2,"name":"RE-ENCHANTING THEWORLD &#8211; Ma\u0142gorzata Mirga-Tas i samtal med Joanna Warsza och Wojciech Szyma\u0144ski p\u00e5 G\u00f6teborgs Konsthall"}]},{"@type":"WebSite","@id":"https:\/\/instytutpolski.pl\/stockholm\/#website","url":"https:\/\/instytutpolski.pl\/stockholm\/","name":"Instytut Polski w Sztokholmie","description":"Instytuty Polskie","potentialAction":[{"@type":"SearchAction","target":{"@type":"EntryPoint","urlTemplate":"https:\/\/instytutpolski.pl\/stockholm\/?s={search_term_string}"},"query-input":{"@type":"PropertyValueSpecification","valueRequired":true,"valueName":"search_term_string"}}],"inLanguage":"pl-PL"},{"@type":"Person","@id":"https:\/\/instytutpolski.pl\/stockholm\/#\/schema\/person\/866a2c0f4ccf0982a286809684f7bc1e","name":"treichelp","image":{"@type":"ImageObject","inLanguage":"pl-PL","@id":"https:\/\/instytutpolski.pl\/stockholm\/#\/schema\/person\/image\/","url":"https:\/\/secure.gravatar.com\/avatar\/fb2c1caae0df0854742a56fc463dd1fb?s=96&d=mm&r=g","contentUrl":"https:\/\/secure.gravatar.com\/avatar\/fb2c1caae0df0854742a56fc463dd1fb?s=96&d=mm&r=g","caption":"treichelp"},"url":"https:\/\/instytutpolski.pl\/stockholm\/author\/treichelp\/"}]}},"_links":{"self":[{"href":"https:\/\/instytutpolski.pl\/stockholm\/wp-json\/wp\/v2\/posts\/10256","targetHints":{"allow":["GET"]}}],"collection":[{"href":"https:\/\/instytutpolski.pl\/stockholm\/wp-json\/wp\/v2\/posts"}],"about":[{"href":"https:\/\/instytutpolski.pl\/stockholm\/wp-json\/wp\/v2\/types\/post"}],"author":[{"embeddable":true,"href":"https:\/\/instytutpolski.pl\/stockholm\/wp-json\/wp\/v2\/users\/173"}],"replies":[{"embeddable":true,"href":"https:\/\/instytutpolski.pl\/stockholm\/wp-json\/wp\/v2\/comments?post=10256"}],"version-history":[{"count":3,"href":"https:\/\/instytutpolski.pl\/stockholm\/wp-json\/wp\/v2\/posts\/10256\/revisions"}],"predecessor-version":[{"id":10260,"href":"https:\/\/instytutpolski.pl\/stockholm\/wp-json\/wp\/v2\/posts\/10256\/revisions\/10260"}],"wp:featuredmedia":[{"embeddable":true,"href":"https:\/\/instytutpolski.pl\/stockholm\/wp-json\/wp\/v2\/media\/10257"}],"wp:attachment":[{"href":"https:\/\/instytutpolski.pl\/stockholm\/wp-json\/wp\/v2\/media?parent=10256"}],"wp:term":[{"taxonomy":"category","embeddable":true,"href":"https:\/\/instytutpolski.pl\/stockholm\/wp-json\/wp\/v2\/categories?post=10256"},{"taxonomy":"post_tag","embeddable":true,"href":"https:\/\/instytutpolski.pl\/stockholm\/wp-json\/wp\/v2\/tags?post=10256"}],"curies":[{"name":"wp","href":"https:\/\/api.w.org\/{rel}","templated":true}]}}