{"id":10261,"date":"2023-01-31T16:57:20","date_gmt":"2023-01-31T15:57:20","guid":{"rendered":"https:\/\/instytutpolski.pl\/stockholm\/?p=10261"},"modified":"2023-02-01T17:03:33","modified_gmt":"2023-02-01T16:03:33","slug":"fotoreportaz-malgorzata-mirga-tas-i-fred-taikon-rozmowa-o-romskim-aktywizmie-na-polu-sztuki","status":"publish","type":"post","link":"https:\/\/instytutpolski.pl\/stockholm\/pl\/2023\/01\/31\/fotoreportaz-malgorzata-mirga-tas-i-fred-taikon-rozmowa-o-romskim-aktywizmie-na-polu-sztuki\/","title":{"rendered":"Fotoreporta\u017c: Ma\u0142gorzata Mirga-Tas i Fred Taikon \u2013 rozmowa o romskim aktywi\u017amie na polu sztuki"},"content":{"rendered":"\n<p>Rozmowa, zorganizowana w kontek\u015bcie otwarcia wystawy \u201dSuno Mangie Dzialas \/ Jag har en drom\u201d (Mam marzenie), pokazywanej w G\u00f6teborgs Konsthall &#8211; Miejskiej Galerii Sztuki w G\u00f6teborgu we wsp\u00f3\u0142pracy z Instytutem Polskim w Sztokholmie, zosta\u0142a poprowadzona przez Mi\u0119 Taikon wsp\u00f3\u0142pracuj\u0105c\u0105 z instytucj\u0105 Forum f\u00f6r Levande Historia (Forum dla \u017cywej historii w Sztokholmie) oraz organizacj\u0105 \u00c9 Romani glinda. Licznie odwiedzone wydarzenie (ok. 50 os\u00f3b) podj\u0119\u0142o wiele wa\u017cnych zagadnie\u0144 zwi\u0105zanych z romsk\u0105 kultur\u0105 w Szwecji i w Polsce. Dyrektor Instytutu Polskiego&nbsp;podczas spotkania przypomnia\u0142 posta\u0107&nbsp;Alfredy&nbsp;\u201eNonci\u201d&nbsp;Markowskiej,&nbsp;kt\u00f3ra podczas IIw\u015b uratowa\u0142a kilkadziesi\u0105t romskich i \u017cydowskich dzieci romskich. Temat&nbsp;potka\u0142 si\u0119 z&nbsp;du\u017cym&nbsp;zainteresowaniem publiczno\u015bci&nbsp;w G\u00f6teborgu.<\/p>\n\n\n\n<p>Wydarzenie zosta\u0142o zorganizowane przez G\u00f6teborgs Konsthall i Stadsbiblioteket we wsp\u00f3\u0142pracy z Romano Center i V\u00e4st oraz Folkuniversitetet i przy wsparciu Instytutu Polskiego w Sztokholmie.<\/p>\n\n\n\n<pre class=\"wp-block-verse\"><\/pre>\n\n\n\n<figure class=\"wp-block-gallery has-nested-images columns-default is-cropped wp-block-gallery-1 is-layout-flex wp-block-gallery-is-layout-flex\">\n<figure class=\"wp-block-image size-large\"><img loading=\"lazy\" decoding=\"async\" width=\"2450\" height=\"1837\" data-id=\"10247\" src=\"https:\/\/instytutpolski.pl\/stockholm\/wp-content\/uploads\/sites\/17\/2023\/01\/20230129_131046-2.jpg\" alt=\"\" class=\"wp-image-10247\" srcset=\"https:\/\/instytutpolski.pl\/stockholm\/wp-content\/uploads\/sites\/17\/2023\/01\/20230129_131046-2.jpg 2450w, https:\/\/instytutpolski.pl\/stockholm\/wp-content\/uploads\/sites\/17\/2023\/01\/20230129_131046-2-300x225.jpg 300w, https:\/\/instytutpolski.pl\/stockholm\/wp-content\/uploads\/sites\/17\/2023\/01\/20230129_131046-2-1024x768.jpg 1024w, https:\/\/instytutpolski.pl\/stockholm\/wp-content\/uploads\/sites\/17\/2023\/01\/20230129_131046-2-768x576.jpg 768w, https:\/\/instytutpolski.pl\/stockholm\/wp-content\/uploads\/sites\/17\/2023\/01\/20230129_131046-2-1536x1152.jpg 1536w, https:\/\/instytutpolski.pl\/stockholm\/wp-content\/uploads\/sites\/17\/2023\/01\/20230129_131046-2-2048x1536.jpg 2048w\" sizes=\"auto, (max-width: 2450px) 100vw, 2450px\" \/><\/figure>\n\n\n\n<figure class=\"wp-block-image size-large\"><img loading=\"lazy\" decoding=\"async\" width=\"2560\" height=\"1920\" data-id=\"10248\" src=\"https:\/\/instytutpolski.pl\/stockholm\/wp-content\/uploads\/sites\/17\/2023\/01\/20230129_132539-2-scaled.jpg\" alt=\"\" class=\"wp-image-10248\" srcset=\"https:\/\/instytutpolski.pl\/stockholm\/wp-content\/uploads\/sites\/17\/2023\/01\/20230129_132539-2-scaled.jpg 2560w, https:\/\/instytutpolski.pl\/stockholm\/wp-content\/uploads\/sites\/17\/2023\/01\/20230129_132539-2-300x225.jpg 300w, https:\/\/instytutpolski.pl\/stockholm\/wp-content\/uploads\/sites\/17\/2023\/01\/20230129_132539-2-1024x768.jpg 1024w, https:\/\/instytutpolski.pl\/stockholm\/wp-content\/uploads\/sites\/17\/2023\/01\/20230129_132539-2-768x576.jpg 768w, https:\/\/instytutpolski.pl\/stockholm\/wp-content\/uploads\/sites\/17\/2023\/01\/20230129_132539-2-1536x1152.jpg 1536w, https:\/\/instytutpolski.pl\/stockholm\/wp-content\/uploads\/sites\/17\/2023\/01\/20230129_132539-2-2048x1536.jpg 2048w\" sizes=\"auto, (max-width: 2560px) 100vw, 2560px\" \/><\/figure>\n\n\n\n<figure class=\"wp-block-image size-large\"><img loading=\"lazy\" decoding=\"async\" width=\"2560\" height=\"1920\" data-id=\"10250\" src=\"https:\/\/instytutpolski.pl\/stockholm\/wp-content\/uploads\/sites\/17\/2023\/01\/20230129_130040-2-scaled.jpg\" alt=\"\" class=\"wp-image-10250\" srcset=\"https:\/\/instytutpolski.pl\/stockholm\/wp-content\/uploads\/sites\/17\/2023\/01\/20230129_130040-2-scaled.jpg 2560w, https:\/\/instytutpolski.pl\/stockholm\/wp-content\/uploads\/sites\/17\/2023\/01\/20230129_130040-2-300x225.jpg 300w, https:\/\/instytutpolski.pl\/stockholm\/wp-content\/uploads\/sites\/17\/2023\/01\/20230129_130040-2-1024x768.jpg 1024w, https:\/\/instytutpolski.pl\/stockholm\/wp-content\/uploads\/sites\/17\/2023\/01\/20230129_130040-2-768x576.jpg 768w, https:\/\/instytutpolski.pl\/stockholm\/wp-content\/uploads\/sites\/17\/2023\/01\/20230129_130040-2-1536x1152.jpg 1536w, https:\/\/instytutpolski.pl\/stockholm\/wp-content\/uploads\/sites\/17\/2023\/01\/20230129_130040-2-2048x1536.jpg 2048w\" sizes=\"auto, (max-width: 2560px) 100vw, 2560px\" \/><\/figure>\n<\/figure>\n\n\n<div class=\"wp-block-image\">\n<figure class=\"aligncenter size-large\"><img loading=\"lazy\" decoding=\"async\" width=\"768\" height=\"1024\" src=\"https:\/\/instytutpolski.pl\/stockholm\/wp-content\/uploads\/sites\/17\/2023\/01\/20230129_115812-2-768x1024.jpg\" alt=\"\" class=\"wp-image-10249\" srcset=\"https:\/\/instytutpolski.pl\/stockholm\/wp-content\/uploads\/sites\/17\/2023\/01\/20230129_115812-2-768x1024.jpg 768w, https:\/\/instytutpolski.pl\/stockholm\/wp-content\/uploads\/sites\/17\/2023\/01\/20230129_115812-2-225x300.jpg 225w, https:\/\/instytutpolski.pl\/stockholm\/wp-content\/uploads\/sites\/17\/2023\/01\/20230129_115812-2-1152x1536.jpg 1152w, https:\/\/instytutpolski.pl\/stockholm\/wp-content\/uploads\/sites\/17\/2023\/01\/20230129_115812-2-1536x2048.jpg 1536w, https:\/\/instytutpolski.pl\/stockholm\/wp-content\/uploads\/sites\/17\/2023\/01\/20230129_115812-2-scaled.jpg 1920w\" sizes=\"auto, (max-width: 768px) 100vw, 768px\" \/><\/figure><\/div>","protected":false},"excerpt":{"rendered":"<p>Rozmowa, zorganizowana w kontek\u015bcie otwarcia wystawy \u201dSuno Mangie Dzialas \/ Jag har en drom\u201d (Mam marzenie), pokazywanej w G\u00f6teborgs Konsthall &#8211; Miejskiej Galerii Sztuki w G\u00f6teborgu we wsp\u00f3\u0142pracy z Instytutem Polskim w Sztokholmie, zosta\u0142a poprowadzona przez Mi\u0119 Taikon wsp\u00f3\u0142pracuj\u0105c\u0105 z instytucj\u0105 Forum f\u00f6r Levande Historia (Forum dla \u017cywej historii w Sztokholmie) oraz organizacj\u0105 \u00c9 Romani [&hellip;]<\/p>\n","protected":false},"author":173,"featured_media":10250,"comment_status":"closed","ping_status":"closed","sticky":true,"template":"","format":"standard","meta":{"inline_featured_image":false,"_monsterinsights_skip_tracking":false,"_monsterinsights_sitenote_active":false,"_monsterinsights_sitenote_note":"","_monsterinsights_sitenote_category":0,"footnotes":""},"categories":[208],"tags":[],"class_list":["post-10261","post","type-post","status-publish","format-standard","has-post-thumbnail","hentry","category-galeria-pl"],"yoast_head":"<!-- This site is optimized with the Yoast SEO plugin v24.6 - https:\/\/yoast.com\/wordpress\/plugins\/seo\/ -->\n<title>Fotoreporta\u017c: Ma\u0142gorzata Mirga-Tas i Fred Taikon \u2013 rozmowa o romskim aktywi\u017amie na polu sztuki - Instytut Polski w Sztokholmie<\/title>\n<meta name=\"robots\" content=\"index, follow, max-snippet:-1, max-image-preview:large, max-video-preview:-1\" \/>\n<link rel=\"canonical\" href=\"https:\/\/instytutpolski.pl\/stockholm\/pl\/2023\/01\/31\/fotoreportaz-malgorzata-mirga-tas-i-fred-taikon-rozmowa-o-romskim-aktywizmie-na-polu-sztuki\/\" \/>\n<meta property=\"og:locale\" content=\"pl_PL\" \/>\n<meta property=\"og:type\" content=\"article\" \/>\n<meta property=\"og:title\" content=\"Fotoreporta\u017c: Ma\u0142gorzata Mirga-Tas i Fred Taikon \u2013 rozmowa o romskim aktywi\u017amie na polu sztuki - Instytut Polski w Sztokholmie\" \/>\n<meta property=\"og:description\" content=\"Rozmowa, zorganizowana w kontek\u015bcie otwarcia wystawy \u201dSuno Mangie Dzialas \/ Jag har en drom\u201d (Mam marzenie), pokazywanej w G\u00f6teborgs Konsthall &#8211; Miejskiej Galerii Sztuki w G\u00f6teborgu we wsp\u00f3\u0142pracy z Instytutem Polskim w Sztokholmie, zosta\u0142a poprowadzona przez Mi\u0119 Taikon wsp\u00f3\u0142pracuj\u0105c\u0105 z instytucj\u0105 Forum f\u00f6r Levande Historia (Forum dla \u017cywej historii w Sztokholmie) oraz organizacj\u0105 \u00c9 Romani [&hellip;]\" \/>\n<meta property=\"og:url\" content=\"https:\/\/instytutpolski.pl\/stockholm\/pl\/2023\/01\/31\/fotoreportaz-malgorzata-mirga-tas-i-fred-taikon-rozmowa-o-romskim-aktywizmie-na-polu-sztuki\/\" \/>\n<meta property=\"og:site_name\" content=\"Instytut Polski w Sztokholmie\" \/>\n<meta property=\"article:published_time\" content=\"2023-01-31T15:57:20+00:00\" \/>\n<meta property=\"article:modified_time\" content=\"2023-02-01T16:03:33+00:00\" \/>\n<meta property=\"og:image\" content=\"https:\/\/instytutpolski.pl\/stockholm\/wp-content\/uploads\/sites\/17\/2023\/01\/20230129_130040-2-scaled.jpg\" \/>\n\t<meta property=\"og:image:width\" content=\"2560\" \/>\n\t<meta property=\"og:image:height\" content=\"1920\" \/>\n\t<meta property=\"og:image:type\" content=\"image\/jpeg\" \/>\n<meta name=\"author\" content=\"treichelp\" \/>\n<meta name=\"twitter:card\" content=\"summary_large_image\" \/>\n<meta name=\"twitter:label1\" content=\"Napisane przez\" \/>\n\t<meta name=\"twitter:data1\" content=\"treichelp\" \/>\n\t<meta name=\"twitter:label2\" content=\"Szacowany czas czytania\" \/>\n\t<meta name=\"twitter:data2\" content=\"2 minuty\" \/>\n<script type=\"application\/ld+json\" class=\"yoast-schema-graph\">{\"@context\":\"https:\/\/schema.org\",\"@graph\":[{\"@type\":\"event\",\"@id\":\"https:\/\/instytutpolski.pl\/stockholm\/pl\/2023\/01\/31\/fotoreportaz-malgorzata-mirga-tas-i-fred-taikon-rozmowa-o-romskim-aktywizmie-na-polu-sztuki\/\",\"url\":\"https:\/\/instytutpolski.pl\/stockholm\/pl\/2023\/01\/31\/fotoreportaz-malgorzata-mirga-tas-i-fred-taikon-rozmowa-o-romskim-aktywizmie-na-polu-sztuki\/\",\"name\":\"Fotoreporta\u017c: Ma\u0142gorzata Mirga-Tas i Fred Taikon \u2013 rozmowa o romskim aktywi\u017amie na polu sztuki\",\"isPartOf\":{\"@id\":\"https:\/\/instytutpolski.pl\/stockholm\/#website\"},\"primaryImageOfPage\":{\"@id\":\"https:\/\/instytutpolski.pl\/stockholm\/pl\/2023\/01\/31\/fotoreportaz-malgorzata-mirga-tas-i-fred-taikon-rozmowa-o-romskim-aktywizmie-na-polu-sztuki\/#primaryimage\"},\"image\":[\"https:\/\/instytutpolski.pl\/stockholm\/wp-content\/uploads\/sites\/17\/2023\/01\/20230129_130040-2-scaled.jpg\",\"https:\/\/instytutpolski.pl\/stockholm\/wp-content\/uploads\/sites\/17\/2023\/01\/20230129_130040-2-300x225.jpg\",\"https:\/\/instytutpolski.pl\/stockholm\/wp-content\/uploads\/sites\/17\/2023\/01\/20230129_130040-2-1024x768.jpg\",\"https:\/\/instytutpolski.pl\/stockholm\/wp-content\/uploads\/sites\/17\/2023\/01\/20230129_130040-2-scaled.jpg\"],\"thumbnailUrl\":\"https:\/\/instytutpolski.pl\/stockholm\/wp-content\/uploads\/sites\/17\/2023\/01\/20230129_130040-2-scaled.jpg\",\"datePublished\":\"2023-01-31T15:57:20+02:00\",\"dateModified\":\"2023-02-01T16:03:33+02:00\",\"author\":{\"@id\":\"https:\/\/instytutpolski.pl\/stockholm\/#\/schema\/person\/866a2c0f4ccf0982a286809684f7bc1e\"},\"breadcrumb\":{\"@id\":\"https:\/\/instytutpolski.pl\/stockholm\/pl\/2023\/01\/31\/fotoreportaz-malgorzata-mirga-tas-i-fred-taikon-rozmowa-o-romskim-aktywizmie-na-polu-sztuki\/#breadcrumb\"},\"inLanguage\":\"pl-PL\",\"potentialAction\":[{\"@type\":\"ReadAction\",\"target\":[\"https:\/\/instytutpolski.pl\/stockholm\/pl\/2023\/01\/31\/fotoreportaz-malgorzata-mirga-tas-i-fred-taikon-rozmowa-o-romskim-aktywizmie-na-polu-sztuki\/\"]}],\"@context\":\"https:\/\/schema.org\",\"startDate\":\"2023-01-29\",\"endDate\":\"2023-01-29\",\"eventStatus\":\"EventScheduled\",\"eventAttendanceMode\":\"OfflineEventAttendanceMode\",\"location\":{\"@type\":\"place\",\"name\":\"Stadsbiblioteket, G\u00f6taplatsen 3, G\u00f6teborg\",\"address\":\"Stadsbiblioteket, G\u00f6taplatsen 3, G\u00f6teborg\",\"geo\":{\"@type\":\"GeoCoordinates\",\"latitude\":\"57.715910970515154\",\"longitude\":\"11.998631447388382\"}},\"description\":\"Rozmowa, zorganizowana w kontek\u015bcie otwarcia wystawy \u201dSuno Mangie Dzialas \/ Jag har en drom\u201d (Mam marzenie), pokazywanej w G\u00f6teborgs Konsthall - Miejskiej Galerii Sztuki w G\u00f6teborgu we wsp\u00f3\u0142pracy z Instytutem Polskim w Sztokholmie, zosta\u0142a poprowadzona przez Mi\u0119 Taikon wsp\u00f3\u0142pracuj\u0105c\u0105 z instytucj\u0105 Forum f\u00f6r Levande Historia (Forum dla \u017cywej historii w Sztokholmie) oraz organizacj\u0105 \u00c9 Romani glinda. Licznie odwiedzone wydarzenie (ok. 50 os\u00f3b) podj\u0119\u0142o wiele wa\u017cnych zagadnie\u0144 zwi\u0105zanych z romsk\u0105 kultur\u0105 w Szwecji i w Polsce. Dyrektor Instytutu Polskiego podczas spotkania przypomnia\u0142 posta\u0107 Alfredy \u201eNonci\u201d Markowskiej, kt\u00f3ra podczas IIw\u015b uratowa\u0142a kilkadziesi\u0105t romskich i \u017cydowskich dzieci romskich. Temat potka\u0142 si\u0119 z du\u017cym zainteresowaniem publiczno\u015bci w G\u00f6teborgu.\\nWydarzenie zosta\u0142o zorganizowane przez G\u00f6teborgs Konsthall i Stadsbiblioteket we wsp\u00f3\u0142pracy z Romano Center i V\u00e4st oraz Folkuniversitetet i przy wsparciu Instytutu Polskiego w Sztokholmie.\"},{\"@type\":\"ImageObject\",\"inLanguage\":\"pl-PL\",\"@id\":\"https:\/\/instytutpolski.pl\/stockholm\/pl\/2023\/01\/31\/fotoreportaz-malgorzata-mirga-tas-i-fred-taikon-rozmowa-o-romskim-aktywizmie-na-polu-sztuki\/#primaryimage\",\"url\":\"https:\/\/instytutpolski.pl\/stockholm\/wp-content\/uploads\/sites\/17\/2023\/01\/20230129_130040-2-scaled.jpg\",\"contentUrl\":\"https:\/\/instytutpolski.pl\/stockholm\/wp-content\/uploads\/sites\/17\/2023\/01\/20230129_130040-2-scaled.jpg\",\"width\":2560,\"height\":1920},{\"@type\":\"BreadcrumbList\",\"@id\":\"https:\/\/instytutpolski.pl\/stockholm\/pl\/2023\/01\/31\/fotoreportaz-malgorzata-mirga-tas-i-fred-taikon-rozmowa-o-romskim-aktywizmie-na-polu-sztuki\/#breadcrumb\",\"itemListElement\":[{\"@type\":\"ListItem\",\"position\":1,\"name\":\"Home\",\"item\":\"https:\/\/instytutpolski.pl\/stockholm\/\"},{\"@type\":\"ListItem\",\"position\":2,\"name\":\"Fotoreporta\u017c: Ma\u0142gorzata Mirga-Tas i Fred Taikon \u2013 rozmowa o romskim aktywi\u017amie na polu sztuki\"}]},{\"@type\":\"WebSite\",\"@id\":\"https:\/\/instytutpolski.pl\/stockholm\/#website\",\"url\":\"https:\/\/instytutpolski.pl\/stockholm\/\",\"name\":\"Instytut Polski w Sztokholmie\",\"description\":\"Instytuty Polskie\",\"potentialAction\":[{\"@type\":\"SearchAction\",\"target\":{\"@type\":\"EntryPoint\",\"urlTemplate\":\"https:\/\/instytutpolski.pl\/stockholm\/?s={search_term_string}\"},\"query-input\":{\"@type\":\"PropertyValueSpecification\",\"valueRequired\":true,\"valueName\":\"search_term_string\"}}],\"inLanguage\":\"pl-PL\"},{\"@type\":\"Person\",\"@id\":\"https:\/\/instytutpolski.pl\/stockholm\/#\/schema\/person\/866a2c0f4ccf0982a286809684f7bc1e\",\"name\":\"treichelp\",\"image\":{\"@type\":\"ImageObject\",\"inLanguage\":\"pl-PL\",\"@id\":\"https:\/\/instytutpolski.pl\/stockholm\/#\/schema\/person\/image\/\",\"url\":\"https:\/\/secure.gravatar.com\/avatar\/fb2c1caae0df0854742a56fc463dd1fb?s=96&d=mm&r=g\",\"contentUrl\":\"https:\/\/secure.gravatar.com\/avatar\/fb2c1caae0df0854742a56fc463dd1fb?s=96&d=mm&r=g\",\"caption\":\"treichelp\"},\"url\":\"https:\/\/instytutpolski.pl\/stockholm\/author\/treichelp\/\"}]}<\/script>\n<!-- \/ Yoast SEO plugin. -->","yoast_head_json":{"title":"Fotoreporta\u017c: Ma\u0142gorzata Mirga-Tas i Fred Taikon \u2013 rozmowa o romskim aktywi\u017amie na polu sztuki - Instytut Polski w Sztokholmie","robots":{"index":"index","follow":"follow","max-snippet":"max-snippet:-1","max-image-preview":"max-image-preview:large","max-video-preview":"max-video-preview:-1"},"canonical":"https:\/\/instytutpolski.pl\/stockholm\/pl\/2023\/01\/31\/fotoreportaz-malgorzata-mirga-tas-i-fred-taikon-rozmowa-o-romskim-aktywizmie-na-polu-sztuki\/","og_locale":"pl_PL","og_type":"article","og_title":"Fotoreporta\u017c: Ma\u0142gorzata Mirga-Tas i Fred Taikon \u2013 rozmowa o romskim aktywi\u017amie na polu sztuki - Instytut Polski w Sztokholmie","og_description":"Rozmowa, zorganizowana w kontek\u015bcie otwarcia wystawy \u201dSuno Mangie Dzialas \/ Jag har en drom\u201d (Mam marzenie), pokazywanej w G\u00f6teborgs Konsthall &#8211; Miejskiej Galerii Sztuki w G\u00f6teborgu we wsp\u00f3\u0142pracy z Instytutem Polskim w Sztokholmie, zosta\u0142a poprowadzona przez Mi\u0119 Taikon wsp\u00f3\u0142pracuj\u0105c\u0105 z instytucj\u0105 Forum f\u00f6r Levande Historia (Forum dla \u017cywej historii w Sztokholmie) oraz organizacj\u0105 \u00c9 Romani [&hellip;]","og_url":"https:\/\/instytutpolski.pl\/stockholm\/pl\/2023\/01\/31\/fotoreportaz-malgorzata-mirga-tas-i-fred-taikon-rozmowa-o-romskim-aktywizmie-na-polu-sztuki\/","og_site_name":"Instytut Polski w Sztokholmie","article_published_time":"2023-01-31T15:57:20+00:00","article_modified_time":"2023-02-01T16:03:33+00:00","og_image":[{"width":2560,"height":1920,"url":"https:\/\/instytutpolski.pl\/stockholm\/wp-content\/uploads\/sites\/17\/2023\/01\/20230129_130040-2-scaled.jpg","type":"image\/jpeg"}],"author":"treichelp","twitter_card":"summary_large_image","twitter_misc":{"Napisane przez":"treichelp","Szacowany czas czytania":"2 minuty"},"schema":{"@context":"https:\/\/schema.org","@graph":[{"@type":"event","@id":"https:\/\/instytutpolski.pl\/stockholm\/pl\/2023\/01\/31\/fotoreportaz-malgorzata-mirga-tas-i-fred-taikon-rozmowa-o-romskim-aktywizmie-na-polu-sztuki\/","url":"https:\/\/instytutpolski.pl\/stockholm\/pl\/2023\/01\/31\/fotoreportaz-malgorzata-mirga-tas-i-fred-taikon-rozmowa-o-romskim-aktywizmie-na-polu-sztuki\/","name":"Fotoreporta\u017c: Ma\u0142gorzata Mirga-Tas i Fred Taikon \u2013 rozmowa o romskim aktywi\u017amie na polu sztuki","isPartOf":{"@id":"https:\/\/instytutpolski.pl\/stockholm\/#website"},"primaryImageOfPage":{"@id":"https:\/\/instytutpolski.pl\/stockholm\/pl\/2023\/01\/31\/fotoreportaz-malgorzata-mirga-tas-i-fred-taikon-rozmowa-o-romskim-aktywizmie-na-polu-sztuki\/#primaryimage"},"image":["https:\/\/instytutpolski.pl\/stockholm\/wp-content\/uploads\/sites\/17\/2023\/01\/20230129_130040-2-scaled.jpg","https:\/\/instytutpolski.pl\/stockholm\/wp-content\/uploads\/sites\/17\/2023\/01\/20230129_130040-2-300x225.jpg","https:\/\/instytutpolski.pl\/stockholm\/wp-content\/uploads\/sites\/17\/2023\/01\/20230129_130040-2-1024x768.jpg","https:\/\/instytutpolski.pl\/stockholm\/wp-content\/uploads\/sites\/17\/2023\/01\/20230129_130040-2-scaled.jpg"],"thumbnailUrl":"https:\/\/instytutpolski.pl\/stockholm\/wp-content\/uploads\/sites\/17\/2023\/01\/20230129_130040-2-scaled.jpg","datePublished":"2023-01-31T15:57:20+02:00","dateModified":"2023-02-01T16:03:33+02:00","author":{"@id":"https:\/\/instytutpolski.pl\/stockholm\/#\/schema\/person\/866a2c0f4ccf0982a286809684f7bc1e"},"breadcrumb":{"@id":"https:\/\/instytutpolski.pl\/stockholm\/pl\/2023\/01\/31\/fotoreportaz-malgorzata-mirga-tas-i-fred-taikon-rozmowa-o-romskim-aktywizmie-na-polu-sztuki\/#breadcrumb"},"inLanguage":"pl-PL","potentialAction":[{"@type":"ReadAction","target":["https:\/\/instytutpolski.pl\/stockholm\/pl\/2023\/01\/31\/fotoreportaz-malgorzata-mirga-tas-i-fred-taikon-rozmowa-o-romskim-aktywizmie-na-polu-sztuki\/"]}],"@context":"https:\/\/schema.org","startDate":"2023-01-29","endDate":"2023-01-29","eventStatus":"EventScheduled","eventAttendanceMode":"OfflineEventAttendanceMode","location":{"@type":"place","name":"Stadsbiblioteket, G\u00f6taplatsen 3, G\u00f6teborg","address":"Stadsbiblioteket, G\u00f6taplatsen 3, G\u00f6teborg","geo":{"@type":"GeoCoordinates","latitude":"57.715910970515154","longitude":"11.998631447388382"}},"description":"Rozmowa, zorganizowana w kontek\u015bcie otwarcia wystawy \u201dSuno Mangie Dzialas \/ Jag har en drom\u201d (Mam marzenie), pokazywanej w G\u00f6teborgs Konsthall - Miejskiej Galerii Sztuki w G\u00f6teborgu we wsp\u00f3\u0142pracy z Instytutem Polskim w Sztokholmie, zosta\u0142a poprowadzona przez Mi\u0119 Taikon wsp\u00f3\u0142pracuj\u0105c\u0105 z instytucj\u0105 Forum f\u00f6r Levande Historia (Forum dla \u017cywej historii w Sztokholmie) oraz organizacj\u0105 \u00c9 Romani glinda. Licznie odwiedzone wydarzenie (ok. 50 os\u00f3b) podj\u0119\u0142o wiele wa\u017cnych zagadnie\u0144 zwi\u0105zanych z romsk\u0105 kultur\u0105 w Szwecji i w Polsce. Dyrektor Instytutu Polskiego podczas spotkania przypomnia\u0142 posta\u0107 Alfredy \u201eNonci\u201d Markowskiej, kt\u00f3ra podczas IIw\u015b uratowa\u0142a kilkadziesi\u0105t romskich i \u017cydowskich dzieci romskich. Temat potka\u0142 si\u0119 z du\u017cym zainteresowaniem publiczno\u015bci w G\u00f6teborgu.\nWydarzenie zosta\u0142o zorganizowane przez G\u00f6teborgs Konsthall i Stadsbiblioteket we wsp\u00f3\u0142pracy z Romano Center i V\u00e4st oraz Folkuniversitetet i przy wsparciu Instytutu Polskiego w Sztokholmie."},{"@type":"ImageObject","inLanguage":"pl-PL","@id":"https:\/\/instytutpolski.pl\/stockholm\/pl\/2023\/01\/31\/fotoreportaz-malgorzata-mirga-tas-i-fred-taikon-rozmowa-o-romskim-aktywizmie-na-polu-sztuki\/#primaryimage","url":"https:\/\/instytutpolski.pl\/stockholm\/wp-content\/uploads\/sites\/17\/2023\/01\/20230129_130040-2-scaled.jpg","contentUrl":"https:\/\/instytutpolski.pl\/stockholm\/wp-content\/uploads\/sites\/17\/2023\/01\/20230129_130040-2-scaled.jpg","width":2560,"height":1920},{"@type":"BreadcrumbList","@id":"https:\/\/instytutpolski.pl\/stockholm\/pl\/2023\/01\/31\/fotoreportaz-malgorzata-mirga-tas-i-fred-taikon-rozmowa-o-romskim-aktywizmie-na-polu-sztuki\/#breadcrumb","itemListElement":[{"@type":"ListItem","position":1,"name":"Home","item":"https:\/\/instytutpolski.pl\/stockholm\/"},{"@type":"ListItem","position":2,"name":"Fotoreporta\u017c: Ma\u0142gorzata Mirga-Tas i Fred Taikon \u2013 rozmowa o romskim aktywi\u017amie na polu sztuki"}]},{"@type":"WebSite","@id":"https:\/\/instytutpolski.pl\/stockholm\/#website","url":"https:\/\/instytutpolski.pl\/stockholm\/","name":"Instytut Polski w Sztokholmie","description":"Instytuty Polskie","potentialAction":[{"@type":"SearchAction","target":{"@type":"EntryPoint","urlTemplate":"https:\/\/instytutpolski.pl\/stockholm\/?s={search_term_string}"},"query-input":{"@type":"PropertyValueSpecification","valueRequired":true,"valueName":"search_term_string"}}],"inLanguage":"pl-PL"},{"@type":"Person","@id":"https:\/\/instytutpolski.pl\/stockholm\/#\/schema\/person\/866a2c0f4ccf0982a286809684f7bc1e","name":"treichelp","image":{"@type":"ImageObject","inLanguage":"pl-PL","@id":"https:\/\/instytutpolski.pl\/stockholm\/#\/schema\/person\/image\/","url":"https:\/\/secure.gravatar.com\/avatar\/fb2c1caae0df0854742a56fc463dd1fb?s=96&d=mm&r=g","contentUrl":"https:\/\/secure.gravatar.com\/avatar\/fb2c1caae0df0854742a56fc463dd1fb?s=96&d=mm&r=g","caption":"treichelp"},"url":"https:\/\/instytutpolski.pl\/stockholm\/author\/treichelp\/"}]}},"_links":{"self":[{"href":"https:\/\/instytutpolski.pl\/stockholm\/wp-json\/wp\/v2\/posts\/10261","targetHints":{"allow":["GET"]}}],"collection":[{"href":"https:\/\/instytutpolski.pl\/stockholm\/wp-json\/wp\/v2\/posts"}],"about":[{"href":"https:\/\/instytutpolski.pl\/stockholm\/wp-json\/wp\/v2\/types\/post"}],"author":[{"embeddable":true,"href":"https:\/\/instytutpolski.pl\/stockholm\/wp-json\/wp\/v2\/users\/173"}],"replies":[{"embeddable":true,"href":"https:\/\/instytutpolski.pl\/stockholm\/wp-json\/wp\/v2\/comments?post=10261"}],"version-history":[{"count":6,"href":"https:\/\/instytutpolski.pl\/stockholm\/wp-json\/wp\/v2\/posts\/10261\/revisions"}],"predecessor-version":[{"id":10268,"href":"https:\/\/instytutpolski.pl\/stockholm\/wp-json\/wp\/v2\/posts\/10261\/revisions\/10268"}],"wp:featuredmedia":[{"embeddable":true,"href":"https:\/\/instytutpolski.pl\/stockholm\/wp-json\/wp\/v2\/media\/10250"}],"wp:attachment":[{"href":"https:\/\/instytutpolski.pl\/stockholm\/wp-json\/wp\/v2\/media?parent=10261"}],"wp:term":[{"taxonomy":"category","embeddable":true,"href":"https:\/\/instytutpolski.pl\/stockholm\/wp-json\/wp\/v2\/categories?post=10261"},{"taxonomy":"post_tag","embeddable":true,"href":"https:\/\/instytutpolski.pl\/stockholm\/wp-json\/wp\/v2\/tags?post=10261"}],"curies":[{"name":"wp","href":"https:\/\/api.w.org\/{rel}","templated":true}]}}