{"id":10550,"date":"2023-03-01T15:14:07","date_gmt":"2023-03-01T14:14:07","guid":{"rendered":"https:\/\/instytutpolski.pl\/stockholm\/?p=10550"},"modified":"2023-03-07T15:40:46","modified_gmt":"2023-03-07T14:40:46","slug":"powstanie-styczniowe-seria-szwedzkich-wierszy","status":"publish","type":"post","link":"https:\/\/instytutpolski.pl\/stockholm\/pl\/2023\/03\/01\/powstanie-styczniowe-seria-szwedzkich-wierszy\/","title":{"rendered":"Powstanie styczniowe \u2013 seria szwedzkich wierszy"},"content":{"rendered":"\n<p>Szwedzki aktor Bj\u00f6rn S\u00e4llqvist (potomek Micha\u0142a Micha\u0142owskiego, uczestnika Powstania Styczniowego) czyta wiersze po\u015bwi\u0119cone Powstaniu styczniowemu:<\/p>\n\n\n\n<p>\u201ePolen lider\u201d (Polska cierpi) autorstwa anonimowego poety opublikowany w czasopi\u015bmie Uppsala-Posten 28 pa\u017adziernika 1863<\/p>\n\n\n\n<figure class=\"wp-block-embed is-type-video is-provider-youtube wp-block-embed-youtube wp-embed-aspect-16-9 wp-has-aspect-ratio\"><div class=\"wp-block-embed__wrapper\">\nhttps:\/\/www.youtube.com\/watch?v=TJ2_xJRcqQw&#038;t=15s\n<\/div><\/figure>\n\n\n\n<p>\u201dDen polske frivillige\u201d (Polski ochotnik) Carla Snoilskyego z jesieni 1863<\/p>\n\n\n\n<figure class=\"wp-block-embed is-type-video is-provider-youtube wp-block-embed-youtube wp-embed-aspect-16-9 wp-has-aspect-ratio\"><div class=\"wp-block-embed__wrapper\">\nhttps:\/\/www.youtube.com\/watch?v=5QUpHhRsots\n<\/div><\/figure>\n\n\n\n<p>oraz wiersz \u201eDen 27 mars 1863\u201d (27 marca 1863) Karla Wetterhoffa opublikowany 1 kwietnia 1863 w czasopi\u015bmie F\u00e4derneslandet.<\/p>\n\n\n\n<p>Zdj\u0119cia i monta\u017c: Pawe\u0142 Kania NordFOTO.<\/p>\n","protected":false},"excerpt":{"rendered":"<p>Szwedzki aktor Bj\u00f6rn S\u00e4llqvist (potomek Micha\u0142a Micha\u0142owskiego, uczestnika Powstania Styczniowego) czyta wiersze po\u015bwi\u0119cone Powstaniu styczniowemu: \u201ePolen lider\u201d (Polska cierpi) autorstwa anonimowego poety opublikowany w czasopi\u015bmie Uppsala-Posten 28 pa\u017adziernika 1863 \u201dDen polske frivillige\u201d (Polski ochotnik) Carla Snoilskyego z jesieni 1863 oraz wiersz \u201eDen 27 mars 1863\u201d (27 marca 1863) Karla Wetterhoffa opublikowany 1 kwietnia 1863 w [&hellip;]<\/p>\n","protected":false},"author":173,"featured_media":10441,"comment_status":"closed","ping_status":"closed","sticky":false,"template":"","format":"standard","meta":{"inline_featured_image":false,"_monsterinsights_skip_tracking":false,"_monsterinsights_sitenote_active":false,"_monsterinsights_sitenote_note":"","_monsterinsights_sitenote_category":0,"footnotes":""},"categories":[113,36],"tags":[],"class_list":["post-10550","post","type-post","status-publish","format-standard","has-post-thumbnail","hentry","category-historia","category-wydarzenie"],"yoast_head":"<!-- This site is optimized with the Yoast SEO plugin v24.6 - https:\/\/yoast.com\/wordpress\/plugins\/seo\/ -->\n<title>Powstanie styczniowe \u2013 seria szwedzkich wierszy - Instytut Polski w Sztokholmie<\/title>\n<meta name=\"robots\" content=\"index, follow, max-snippet:-1, max-image-preview:large, max-video-preview:-1\" \/>\n<link rel=\"canonical\" href=\"https:\/\/instytutpolski.pl\/stockholm\/pl\/2023\/03\/01\/powstanie-styczniowe-seria-szwedzkich-wierszy\/\" \/>\n<meta property=\"og:locale\" content=\"pl_PL\" \/>\n<meta property=\"og:type\" content=\"article\" \/>\n<meta property=\"og:title\" content=\"Powstanie styczniowe \u2013 seria szwedzkich wierszy - Instytut Polski w Sztokholmie\" \/>\n<meta property=\"og:description\" content=\"Szwedzki aktor Bj\u00f6rn S\u00e4llqvist (potomek Micha\u0142a Micha\u0142owskiego, uczestnika Powstania Styczniowego) czyta wiersze po\u015bwi\u0119cone Powstaniu styczniowemu: \u201ePolen lider\u201d (Polska cierpi) autorstwa anonimowego poety opublikowany w czasopi\u015bmie Uppsala-Posten 28 pa\u017adziernika 1863 \u201dDen polske frivillige\u201d (Polski ochotnik) Carla Snoilskyego z jesieni 1863 oraz wiersz \u201eDen 27 mars 1863\u201d (27 marca 1863) Karla Wetterhoffa opublikowany 1 kwietnia 1863 w [&hellip;]\" \/>\n<meta property=\"og:url\" content=\"https:\/\/instytutpolski.pl\/stockholm\/pl\/2023\/03\/01\/powstanie-styczniowe-seria-szwedzkich-wierszy\/\" \/>\n<meta property=\"og:site_name\" content=\"Instytut Polski w Sztokholmie\" \/>\n<meta property=\"article:published_time\" content=\"2023-03-01T14:14:07+00:00\" \/>\n<meta property=\"article:modified_time\" content=\"2023-03-07T14:40:46+00:00\" \/>\n<meta property=\"og:image\" content=\"https:\/\/instytutpolski.pl\/stockholm\/wp-content\/uploads\/sites\/17\/2023\/03\/DIKT-2-BILD.jpg\" \/>\n\t<meta property=\"og:image:width\" content=\"1300\" \/>\n\t<meta property=\"og:image:height\" content=\"776\" \/>\n\t<meta property=\"og:image:type\" content=\"image\/jpeg\" \/>\n<meta name=\"author\" content=\"treichelp\" \/>\n<meta name=\"twitter:card\" content=\"summary_large_image\" \/>\n<meta name=\"twitter:label1\" content=\"Napisane przez\" \/>\n\t<meta name=\"twitter:data1\" content=\"treichelp\" \/>\n\t<meta name=\"twitter:label2\" content=\"Szacowany czas czytania\" \/>\n\t<meta name=\"twitter:data2\" content=\"1 minuta\" \/>\n<script type=\"application\/ld+json\" class=\"yoast-schema-graph\">{\"@context\":\"https:\/\/schema.org\",\"@graph\":[{\"@type\":\"event\",\"@id\":\"https:\/\/instytutpolski.pl\/stockholm\/pl\/2023\/03\/01\/powstanie-styczniowe-seria-szwedzkich-wierszy\/\",\"url\":\"https:\/\/instytutpolski.pl\/stockholm\/pl\/2023\/03\/01\/powstanie-styczniowe-seria-szwedzkich-wierszy\/\",\"name\":\"Powstanie styczniowe \u2013 seria szwedzkich wierszy\",\"isPartOf\":{\"@id\":\"https:\/\/instytutpolski.pl\/stockholm\/#website\"},\"primaryImageOfPage\":{\"@id\":\"https:\/\/instytutpolski.pl\/stockholm\/pl\/2023\/03\/01\/powstanie-styczniowe-seria-szwedzkich-wierszy\/#primaryimage\"},\"image\":[\"https:\/\/instytutpolski.pl\/stockholm\/wp-content\/uploads\/sites\/17\/2023\/03\/DIKT-2-BILD.jpg\",\"https:\/\/instytutpolski.pl\/stockholm\/wp-content\/uploads\/sites\/17\/2023\/03\/DIKT-2-BILD-300x179.jpg\",\"https:\/\/instytutpolski.pl\/stockholm\/wp-content\/uploads\/sites\/17\/2023\/03\/DIKT-2-BILD-1024x611.jpg\",\"https:\/\/instytutpolski.pl\/stockholm\/wp-content\/uploads\/sites\/17\/2023\/03\/DIKT-2-BILD.jpg\"],\"thumbnailUrl\":\"https:\/\/instytutpolski.pl\/stockholm\/wp-content\/uploads\/sites\/17\/2023\/03\/DIKT-2-BILD.jpg\",\"datePublished\":\"2023-03-01T14:14:07+02:00\",\"dateModified\":\"2023-03-07T14:40:46+02:00\",\"author\":{\"@id\":\"https:\/\/instytutpolski.pl\/stockholm\/#\/schema\/person\/866a2c0f4ccf0982a286809684f7bc1e\"},\"breadcrumb\":{\"@id\":\"https:\/\/instytutpolski.pl\/stockholm\/pl\/2023\/03\/01\/powstanie-styczniowe-seria-szwedzkich-wierszy\/#breadcrumb\"},\"inLanguage\":\"pl-PL\",\"potentialAction\":[{\"@type\":\"ReadAction\",\"target\":[\"https:\/\/instytutpolski.pl\/stockholm\/pl\/2023\/03\/01\/powstanie-styczniowe-seria-szwedzkich-wierszy\/\"]}],\"@context\":\"https:\/\/schema.org\",\"startDate\":\"2023-03-01\",\"endDate\":\"2023-03-01\",\"eventStatus\":\"EventScheduled\",\"eventAttendanceMode\":\"OnlineEventAttendanceMode\",\"location\":{\"@type\":\"VirtualLocation\",\"url\":\"\"},\"description\":\"Szwedzki aktor Bj\u00f6rn S\u00e4llqvist (potomek Micha\u0142a Micha\u0142owskiego, uczestnika Powstania Styczniowego) czyta wiersze po\u015bwi\u0119cone Powstaniu styczniowemu:\\n\u201ePolen lider\u201d (Polska cierpi) autorstwa anonimowego poety opublikowany w czasopi\u015bmie Uppsala-Posten 28 pa\u017adziernika 1863\\n\u201dDen polske frivillige\u201d (Polski ochotnik) Carla Snoilskyego z jesieni 1863\\noraz wiersz \u201eDen 27 mars 1863\u201d (27 marca 1863) Karla Wetterhoffa opublikowany 1 kwietnia 1863 w czasopi\u015bmie F\u00e4derneslandet.\\nZdj\u0119cia i monta\u017c: Pawe\u0142 Kania NordFOTO.\"},{\"@type\":\"ImageObject\",\"inLanguage\":\"pl-PL\",\"@id\":\"https:\/\/instytutpolski.pl\/stockholm\/pl\/2023\/03\/01\/powstanie-styczniowe-seria-szwedzkich-wierszy\/#primaryimage\",\"url\":\"https:\/\/instytutpolski.pl\/stockholm\/wp-content\/uploads\/sites\/17\/2023\/03\/DIKT-2-BILD.jpg\",\"contentUrl\":\"https:\/\/instytutpolski.pl\/stockholm\/wp-content\/uploads\/sites\/17\/2023\/03\/DIKT-2-BILD.jpg\",\"width\":1300,\"height\":776},{\"@type\":\"BreadcrumbList\",\"@id\":\"https:\/\/instytutpolski.pl\/stockholm\/pl\/2023\/03\/01\/powstanie-styczniowe-seria-szwedzkich-wierszy\/#breadcrumb\",\"itemListElement\":[{\"@type\":\"ListItem\",\"position\":1,\"name\":\"Home\",\"item\":\"https:\/\/instytutpolski.pl\/stockholm\/\"},{\"@type\":\"ListItem\",\"position\":2,\"name\":\"Powstanie styczniowe \u2013 seria szwedzkich wierszy\"}]},{\"@type\":\"WebSite\",\"@id\":\"https:\/\/instytutpolski.pl\/stockholm\/#website\",\"url\":\"https:\/\/instytutpolski.pl\/stockholm\/\",\"name\":\"Instytut Polski w Sztokholmie\",\"description\":\"Instytuty Polskie\",\"potentialAction\":[{\"@type\":\"SearchAction\",\"target\":{\"@type\":\"EntryPoint\",\"urlTemplate\":\"https:\/\/instytutpolski.pl\/stockholm\/?s={search_term_string}\"},\"query-input\":{\"@type\":\"PropertyValueSpecification\",\"valueRequired\":true,\"valueName\":\"search_term_string\"}}],\"inLanguage\":\"pl-PL\"},{\"@type\":\"Person\",\"@id\":\"https:\/\/instytutpolski.pl\/stockholm\/#\/schema\/person\/866a2c0f4ccf0982a286809684f7bc1e\",\"name\":\"treichelp\",\"image\":{\"@type\":\"ImageObject\",\"inLanguage\":\"pl-PL\",\"@id\":\"https:\/\/instytutpolski.pl\/stockholm\/#\/schema\/person\/image\/\",\"url\":\"https:\/\/secure.gravatar.com\/avatar\/fb2c1caae0df0854742a56fc463dd1fb?s=96&d=mm&r=g\",\"contentUrl\":\"https:\/\/secure.gravatar.com\/avatar\/fb2c1caae0df0854742a56fc463dd1fb?s=96&d=mm&r=g\",\"caption\":\"treichelp\"},\"url\":\"https:\/\/instytutpolski.pl\/stockholm\/author\/treichelp\/\"}]}<\/script>\n<!-- \/ Yoast SEO plugin. -->","yoast_head_json":{"title":"Powstanie styczniowe \u2013 seria szwedzkich wierszy - Instytut Polski w Sztokholmie","robots":{"index":"index","follow":"follow","max-snippet":"max-snippet:-1","max-image-preview":"max-image-preview:large","max-video-preview":"max-video-preview:-1"},"canonical":"https:\/\/instytutpolski.pl\/stockholm\/pl\/2023\/03\/01\/powstanie-styczniowe-seria-szwedzkich-wierszy\/","og_locale":"pl_PL","og_type":"article","og_title":"Powstanie styczniowe \u2013 seria szwedzkich wierszy - Instytut Polski w Sztokholmie","og_description":"Szwedzki aktor Bj\u00f6rn S\u00e4llqvist (potomek Micha\u0142a Micha\u0142owskiego, uczestnika Powstania Styczniowego) czyta wiersze po\u015bwi\u0119cone Powstaniu styczniowemu: \u201ePolen lider\u201d (Polska cierpi) autorstwa anonimowego poety opublikowany w czasopi\u015bmie Uppsala-Posten 28 pa\u017adziernika 1863 \u201dDen polske frivillige\u201d (Polski ochotnik) Carla Snoilskyego z jesieni 1863 oraz wiersz \u201eDen 27 mars 1863\u201d (27 marca 1863) Karla Wetterhoffa opublikowany 1 kwietnia 1863 w [&hellip;]","og_url":"https:\/\/instytutpolski.pl\/stockholm\/pl\/2023\/03\/01\/powstanie-styczniowe-seria-szwedzkich-wierszy\/","og_site_name":"Instytut Polski w Sztokholmie","article_published_time":"2023-03-01T14:14:07+00:00","article_modified_time":"2023-03-07T14:40:46+00:00","og_image":[{"width":1300,"height":776,"url":"https:\/\/instytutpolski.pl\/stockholm\/wp-content\/uploads\/sites\/17\/2023\/03\/DIKT-2-BILD.jpg","type":"image\/jpeg"}],"author":"treichelp","twitter_card":"summary_large_image","twitter_misc":{"Napisane przez":"treichelp","Szacowany czas czytania":"1 minuta"},"schema":{"@context":"https:\/\/schema.org","@graph":[{"@type":"event","@id":"https:\/\/instytutpolski.pl\/stockholm\/pl\/2023\/03\/01\/powstanie-styczniowe-seria-szwedzkich-wierszy\/","url":"https:\/\/instytutpolski.pl\/stockholm\/pl\/2023\/03\/01\/powstanie-styczniowe-seria-szwedzkich-wierszy\/","name":"Powstanie styczniowe \u2013 seria szwedzkich wierszy","isPartOf":{"@id":"https:\/\/instytutpolski.pl\/stockholm\/#website"},"primaryImageOfPage":{"@id":"https:\/\/instytutpolski.pl\/stockholm\/pl\/2023\/03\/01\/powstanie-styczniowe-seria-szwedzkich-wierszy\/#primaryimage"},"image":["https:\/\/instytutpolski.pl\/stockholm\/wp-content\/uploads\/sites\/17\/2023\/03\/DIKT-2-BILD.jpg","https:\/\/instytutpolski.pl\/stockholm\/wp-content\/uploads\/sites\/17\/2023\/03\/DIKT-2-BILD-300x179.jpg","https:\/\/instytutpolski.pl\/stockholm\/wp-content\/uploads\/sites\/17\/2023\/03\/DIKT-2-BILD-1024x611.jpg","https:\/\/instytutpolski.pl\/stockholm\/wp-content\/uploads\/sites\/17\/2023\/03\/DIKT-2-BILD.jpg"],"thumbnailUrl":"https:\/\/instytutpolski.pl\/stockholm\/wp-content\/uploads\/sites\/17\/2023\/03\/DIKT-2-BILD.jpg","datePublished":"2023-03-01T14:14:07+02:00","dateModified":"2023-03-07T14:40:46+02:00","author":{"@id":"https:\/\/instytutpolski.pl\/stockholm\/#\/schema\/person\/866a2c0f4ccf0982a286809684f7bc1e"},"breadcrumb":{"@id":"https:\/\/instytutpolski.pl\/stockholm\/pl\/2023\/03\/01\/powstanie-styczniowe-seria-szwedzkich-wierszy\/#breadcrumb"},"inLanguage":"pl-PL","potentialAction":[{"@type":"ReadAction","target":["https:\/\/instytutpolski.pl\/stockholm\/pl\/2023\/03\/01\/powstanie-styczniowe-seria-szwedzkich-wierszy\/"]}],"@context":"https:\/\/schema.org","startDate":"2023-03-01","endDate":"2023-03-01","eventStatus":"EventScheduled","eventAttendanceMode":"OnlineEventAttendanceMode","location":{"@type":"VirtualLocation","url":""},"description":"Szwedzki aktor Bj\u00f6rn S\u00e4llqvist (potomek Micha\u0142a Micha\u0142owskiego, uczestnika Powstania Styczniowego) czyta wiersze po\u015bwi\u0119cone Powstaniu styczniowemu:\n\u201ePolen lider\u201d (Polska cierpi) autorstwa anonimowego poety opublikowany w czasopi\u015bmie Uppsala-Posten 28 pa\u017adziernika 1863\n\u201dDen polske frivillige\u201d (Polski ochotnik) Carla Snoilskyego z jesieni 1863\noraz wiersz \u201eDen 27 mars 1863\u201d (27 marca 1863) Karla Wetterhoffa opublikowany 1 kwietnia 1863 w czasopi\u015bmie F\u00e4derneslandet.\nZdj\u0119cia i monta\u017c: Pawe\u0142 Kania NordFOTO."},{"@type":"ImageObject","inLanguage":"pl-PL","@id":"https:\/\/instytutpolski.pl\/stockholm\/pl\/2023\/03\/01\/powstanie-styczniowe-seria-szwedzkich-wierszy\/#primaryimage","url":"https:\/\/instytutpolski.pl\/stockholm\/wp-content\/uploads\/sites\/17\/2023\/03\/DIKT-2-BILD.jpg","contentUrl":"https:\/\/instytutpolski.pl\/stockholm\/wp-content\/uploads\/sites\/17\/2023\/03\/DIKT-2-BILD.jpg","width":1300,"height":776},{"@type":"BreadcrumbList","@id":"https:\/\/instytutpolski.pl\/stockholm\/pl\/2023\/03\/01\/powstanie-styczniowe-seria-szwedzkich-wierszy\/#breadcrumb","itemListElement":[{"@type":"ListItem","position":1,"name":"Home","item":"https:\/\/instytutpolski.pl\/stockholm\/"},{"@type":"ListItem","position":2,"name":"Powstanie styczniowe \u2013 seria szwedzkich wierszy"}]},{"@type":"WebSite","@id":"https:\/\/instytutpolski.pl\/stockholm\/#website","url":"https:\/\/instytutpolski.pl\/stockholm\/","name":"Instytut Polski w Sztokholmie","description":"Instytuty Polskie","potentialAction":[{"@type":"SearchAction","target":{"@type":"EntryPoint","urlTemplate":"https:\/\/instytutpolski.pl\/stockholm\/?s={search_term_string}"},"query-input":{"@type":"PropertyValueSpecification","valueRequired":true,"valueName":"search_term_string"}}],"inLanguage":"pl-PL"},{"@type":"Person","@id":"https:\/\/instytutpolski.pl\/stockholm\/#\/schema\/person\/866a2c0f4ccf0982a286809684f7bc1e","name":"treichelp","image":{"@type":"ImageObject","inLanguage":"pl-PL","@id":"https:\/\/instytutpolski.pl\/stockholm\/#\/schema\/person\/image\/","url":"https:\/\/secure.gravatar.com\/avatar\/fb2c1caae0df0854742a56fc463dd1fb?s=96&d=mm&r=g","contentUrl":"https:\/\/secure.gravatar.com\/avatar\/fb2c1caae0df0854742a56fc463dd1fb?s=96&d=mm&r=g","caption":"treichelp"},"url":"https:\/\/instytutpolski.pl\/stockholm\/author\/treichelp\/"}]}},"_links":{"self":[{"href":"https:\/\/instytutpolski.pl\/stockholm\/wp-json\/wp\/v2\/posts\/10550","targetHints":{"allow":["GET"]}}],"collection":[{"href":"https:\/\/instytutpolski.pl\/stockholm\/wp-json\/wp\/v2\/posts"}],"about":[{"href":"https:\/\/instytutpolski.pl\/stockholm\/wp-json\/wp\/v2\/types\/post"}],"author":[{"embeddable":true,"href":"https:\/\/instytutpolski.pl\/stockholm\/wp-json\/wp\/v2\/users\/173"}],"replies":[{"embeddable":true,"href":"https:\/\/instytutpolski.pl\/stockholm\/wp-json\/wp\/v2\/comments?post=10550"}],"version-history":[{"count":3,"href":"https:\/\/instytutpolski.pl\/stockholm\/wp-json\/wp\/v2\/posts\/10550\/revisions"}],"predecessor-version":[{"id":10553,"href":"https:\/\/instytutpolski.pl\/stockholm\/wp-json\/wp\/v2\/posts\/10550\/revisions\/10553"}],"wp:featuredmedia":[{"embeddable":true,"href":"https:\/\/instytutpolski.pl\/stockholm\/wp-json\/wp\/v2\/media\/10441"}],"wp:attachment":[{"href":"https:\/\/instytutpolski.pl\/stockholm\/wp-json\/wp\/v2\/media?parent=10550"}],"wp:term":[{"taxonomy":"category","embeddable":true,"href":"https:\/\/instytutpolski.pl\/stockholm\/wp-json\/wp\/v2\/categories?post=10550"},{"taxonomy":"post_tag","embeddable":true,"href":"https:\/\/instytutpolski.pl\/stockholm\/wp-json\/wp\/v2\/tags?post=10550"}],"curies":[{"name":"wp","href":"https:\/\/api.w.org\/{rel}","templated":true}]}}