{"id":107,"date":"2019-05-02T12:08:02","date_gmt":"2019-05-02T10:08:02","guid":{"rendered":"https:\/\/instytutpolski.pl\/sztokholm\/?p=107"},"modified":"2020-10-01T14:54:44","modified_gmt":"2020-10-01T12:54:44","slug":"den-polska-diasporans-och-utlandspolackernas-dag","status":"publish","type":"post","link":"https:\/\/instytutpolski.pl\/stockholm\/2019\/05\/02\/den-polska-diasporans-och-utlandspolackernas-dag\/","title":{"rendered":"Den polska diasporans och utlandspolackernas dag"},"content":{"rendered":"\n<p>Syftet var att erk\u00e4nna \u201dden polska diasporans och utlandspolackernas m\u00e5nghundra\u00e5riga insatser och bidrag till Polens \u00e5teruppr\u00e4ttade sj\u00e4lvst\u00e4ndighet, deras trofasthet och n\u00e4ra band till polskheten, liksom deras hj\u00e4lp till hemlandet i dess sv\u00e5raste stunder.\u201d<\/p>\n\n\n\n<p>Polens regering erk\u00e4nner den den polska diasporans viktiga roll och anser samarbete med utlandspolska kretsar som en prioritet. I sitt utrikespolitiska tal i den polska sejmen i mars framh\u00f6ll utrikesminister Jacek Czaputowicz att \u201dvi \u00f6nskar att v\u00e5ra landsm\u00e4n blir en viktig bundsf\u00f6rvant till regeringen i fr\u00e4mjandet av polska intressen, polsk kultur och nationellt minne, liksom v\u00e5r bild av den polska historien.\u201d<\/p>\n\n\n\n<p>Vi tror att detta jubileum \u00e4r viktigt f\u00f6r alla v\u00e5ra landsm\u00e4n, oavsett var de bor. I dag \u00e4r v\u00e5ra tankar hos polackerna i utlandet och vi tackar dem f\u00f6r allt de gjort f\u00f6r v\u00e5rt lands b\u00e4sta.<\/p>\n\n\n\n<p>Enligt utrikesministeriets uppgifter lever idag omkring 20 miljoner polacker och personer med polsk h\u00e4rstamning utanf\u00f6r landets gr\u00e4nser. En stor grupp \u00e4r de som blev kvar i \u00f6ster efter andra v\u00e4rldskrigets gr\u00e4nsf\u00f6r\u00e4ndringar. En annan grupp \u00e4r de nutida emigranterna i v\u00e4steuropeiska l\u00e4nder. Den st\u00f6rsta polska diasporan \u00e4r den amerikanska. \u00c5r 2012 deklarerade \u00f6ver 9,6 miljoner inv\u00e5nare i USA polsk h\u00e4rstamning.<\/p>\n\n\n\n<p><strong><br>Polska utrikesministeriets pressavdelnin<\/strong><\/p>\n","protected":false},"excerpt":{"rendered":"<p>Syftet var att erk\u00e4nna \u201dden polska diasporans och utlandspolackernas m\u00e5nghundra\u00e5riga insatser och bidrag till Polens \u00e5teruppr\u00e4ttade sj\u00e4lvst\u00e4ndighet, deras trofasthet och n\u00e4ra band till polskheten, liksom deras hj\u00e4lp till hemlandet i dess sv\u00e5raste stunder.\u201d Polens regering erk\u00e4nner den den polska diasporans viktiga roll och anser samarbete med utlandspolska kretsar som en prioritet. I sitt utrikespolitiska tal [&hellip;]<\/p>\n","protected":false},"author":9,"featured_media":2854,"comment_status":"open","ping_status":"open","sticky":false,"template":"","format":"standard","meta":{"inline_featured_image":false,"_monsterinsights_skip_tracking":false,"_monsterinsights_sitenote_active":false,"_monsterinsights_sitenote_note":"","_monsterinsights_sitenote_category":0,"footnotes":""},"categories":[222],"tags":[],"class_list":["post-107","post","type-post","status-publish","format-standard","has-post-thumbnail","hentry","category-aktualnosc-se"],"yoast_head":"<!-- This site is optimized with the Yoast SEO plugin v24.6 - https:\/\/yoast.com\/wordpress\/plugins\/seo\/ -->\n<title>Den polska diasporans och utlandspolackernas dag - Instytut Polski w Sztokholmie<\/title>\n<meta name=\"robots\" content=\"index, follow, max-snippet:-1, max-image-preview:large, max-video-preview:-1\" \/>\n<link rel=\"canonical\" href=\"https:\/\/instytutpolski.pl\/stockholm\/2019\/05\/02\/den-polska-diasporans-och-utlandspolackernas-dag\/\" \/>\n<meta property=\"og:locale\" content=\"pl_PL\" \/>\n<meta property=\"og:type\" content=\"article\" \/>\n<meta property=\"og:title\" content=\"Den polska diasporans och utlandspolackernas dag - Instytut Polski w Sztokholmie\" \/>\n<meta property=\"og:description\" content=\"Syftet var att erk\u00e4nna \u201dden polska diasporans och utlandspolackernas m\u00e5nghundra\u00e5riga insatser och bidrag till Polens \u00e5teruppr\u00e4ttade sj\u00e4lvst\u00e4ndighet, deras trofasthet och n\u00e4ra band till polskheten, liksom deras hj\u00e4lp till hemlandet i dess sv\u00e5raste stunder.\u201d Polens regering erk\u00e4nner den den polska diasporans viktiga roll och anser samarbete med utlandspolska kretsar som en prioritet. I sitt utrikespolitiska tal [&hellip;]\" \/>\n<meta property=\"og:url\" content=\"https:\/\/instytutpolski.pl\/stockholm\/2019\/05\/02\/den-polska-diasporans-och-utlandspolackernas-dag\/\" \/>\n<meta property=\"og:site_name\" content=\"Instytut Polski w Sztokholmie\" \/>\n<meta property=\"article:published_time\" content=\"2019-05-02T10:08:02+00:00\" \/>\n<meta property=\"article:modified_time\" content=\"2020-10-01T12:54:44+00:00\" \/>\n<meta property=\"og:image\" content=\"https:\/\/instytutpolski.pl\/stockholm\/wp-content\/uploads\/sites\/17\/2019\/06\/42441880_2137078066558014_6648192612056432640_o.jpg\" \/>\n\t<meta property=\"og:image:width\" content=\"1890\" \/>\n\t<meta property=\"og:image:height\" content=\"1260\" \/>\n\t<meta property=\"og:image:type\" content=\"image\/jpeg\" \/>\n<meta name=\"twitter:card\" content=\"summary_large_image\" \/>\n<meta name=\"twitter:label1\" content=\"Napisane przez\" \/>\n\t<meta name=\"twitter:data1\" content=\"\" \/>\n\t<meta name=\"twitter:label2\" content=\"Szacowany czas czytania\" \/>\n\t<meta name=\"twitter:data2\" content=\"1 minuta\" \/>\n<script type=\"application\/ld+json\" class=\"yoast-schema-graph\">{\"@context\":\"https:\/\/schema.org\",\"@graph\":[{\"@type\":\"event\",\"@id\":\"https:\/\/instytutpolski.pl\/stockholm\/2019\/05\/02\/den-polska-diasporans-och-utlandspolackernas-dag\/\",\"url\":\"https:\/\/instytutpolski.pl\/stockholm\/2019\/05\/02\/den-polska-diasporans-och-utlandspolackernas-dag\/\",\"name\":\"Den polska diasporans och utlandspolackernas dag\",\"isPartOf\":{\"@id\":\"https:\/\/instytutpolski.pl\/stockholm\/#website\"},\"primaryImageOfPage\":{\"@id\":\"https:\/\/instytutpolski.pl\/stockholm\/2019\/05\/02\/den-polska-diasporans-och-utlandspolackernas-dag\/#primaryimage\"},\"image\":[\"https:\/\/instytutpolski.pl\/stockholm\/wp-content\/uploads\/sites\/17\/2019\/06\/42441880_2137078066558014_6648192612056432640_o.jpg\",\"https:\/\/instytutpolski.pl\/stockholm\/wp-content\/uploads\/sites\/17\/2019\/06\/42441880_2137078066558014_6648192612056432640_o-300x200.jpg\",\"https:\/\/instytutpolski.pl\/stockholm\/wp-content\/uploads\/sites\/17\/2019\/06\/42441880_2137078066558014_6648192612056432640_o-1024x683.jpg\",\"https:\/\/instytutpolski.pl\/stockholm\/wp-content\/uploads\/sites\/17\/2019\/06\/42441880_2137078066558014_6648192612056432640_o.jpg\"],\"thumbnailUrl\":\"https:\/\/instytutpolski.pl\/stockholm\/wp-content\/uploads\/sites\/17\/2019\/06\/42441880_2137078066558014_6648192612056432640_o.jpg\",\"datePublished\":\"2019-05-02T10:08:02+02:00\",\"dateModified\":\"2020-10-01T12:54:44+02:00\",\"author\":{\"@id\":\"\"},\"breadcrumb\":{\"@id\":\"https:\/\/instytutpolski.pl\/stockholm\/2019\/05\/02\/den-polska-diasporans-och-utlandspolackernas-dag\/#breadcrumb\"},\"inLanguage\":\"pl-PL\",\"potentialAction\":[{\"@type\":\"ReadAction\",\"target\":[\"https:\/\/instytutpolski.pl\/stockholm\/2019\/05\/02\/den-polska-diasporans-och-utlandspolackernas-dag\/\"]}],\"@context\":\"https:\/\/schema.org\",\"startDate\":\"2019-05-02\",\"endDate\":\"2019-05-02\",\"eventStatus\":\"EventScheduled\",\"eventAttendanceMode\":\"OfflineEventAttendanceMode\",\"location\":{\"@type\":\"place\",\"name\":\"\",\"address\":\"\",\"geo\":{\"@type\":\"GeoCoordinates\",\"latitude\":\"\",\"longitude\":\"\"}},\"description\":\"Syftet var att erk\u00e4nna \u201dden polska diasporans och utlandspolackernas m\u00e5nghundra\u00e5riga insatser och bidrag till Polens \u00e5teruppr\u00e4ttade sj\u00e4lvst\u00e4ndighet, deras trofasthet och n\u00e4ra band till polskheten, liksom deras hj\u00e4lp till hemlandet i dess sv\u00e5raste stunder.\u201d\\nPolens regering erk\u00e4nner den den polska diasporans viktiga roll och anser samarbete med utlandspolska kretsar som en prioritet. I sitt utrikespolitiska tal i den polska sejmen i mars framh\u00f6ll utrikesminister Jacek Czaputowicz att \u201dvi \u00f6nskar att v\u00e5ra landsm\u00e4n blir en viktig bundsf\u00f6rvant till regeringen i fr\u00e4mjandet av polska intressen, polsk kultur och nationellt minne, liksom v\u00e5r bild av den polska historien.\u201d\\nVi tror att detta jubileum \u00e4r viktigt f\u00f6r alla v\u00e5ra landsm\u00e4n, oavsett var de bor. I dag \u00e4r v\u00e5ra tankar hos polackerna i utlandet och vi tackar dem f\u00f6r allt de gjort f\u00f6r v\u00e5rt lands b\u00e4sta.\\nEnligt utrikesministeriets uppgifter lever idag omkring 20 miljoner polacker och personer med polsk h\u00e4rstamning utanf\u00f6r landets gr\u00e4nser. En stor grupp \u00e4r de som blev kvar i \u00f6ster efter andra v\u00e4rldskrigets gr\u00e4nsf\u00f6r\u00e4ndringar. En annan grupp \u00e4r de nutida emigranterna i v\u00e4steuropeiska l\u00e4nder. Den st\u00f6rsta polska diasporan \u00e4r den amerikanska. \u00c5r 2012 deklarerade \u00f6ver 9,6 miljoner inv\u00e5nare i USA polsk h\u00e4rstamning.\\nPolska utrikesministeriets pressavdelnin\"},{\"@type\":\"ImageObject\",\"inLanguage\":\"pl-PL\",\"@id\":\"https:\/\/instytutpolski.pl\/stockholm\/2019\/05\/02\/den-polska-diasporans-och-utlandspolackernas-dag\/#primaryimage\",\"url\":\"https:\/\/instytutpolski.pl\/stockholm\/wp-content\/uploads\/sites\/17\/2019\/06\/42441880_2137078066558014_6648192612056432640_o.jpg\",\"contentUrl\":\"https:\/\/instytutpolski.pl\/stockholm\/wp-content\/uploads\/sites\/17\/2019\/06\/42441880_2137078066558014_6648192612056432640_o.jpg\",\"width\":1890,\"height\":1260},{\"@type\":\"BreadcrumbList\",\"@id\":\"https:\/\/instytutpolski.pl\/stockholm\/2019\/05\/02\/den-polska-diasporans-och-utlandspolackernas-dag\/#breadcrumb\",\"itemListElement\":[{\"@type\":\"ListItem\",\"position\":1,\"name\":\"Home\",\"item\":\"https:\/\/instytutpolski.pl\/stockholm\/\"},{\"@type\":\"ListItem\",\"position\":2,\"name\":\"Den polska diasporans och utlandspolackernas dag\"}]},{\"@type\":\"WebSite\",\"@id\":\"https:\/\/instytutpolski.pl\/stockholm\/#website\",\"url\":\"https:\/\/instytutpolski.pl\/stockholm\/\",\"name\":\"Instytut Polski w Sztokholmie\",\"description\":\"Instytuty Polskie\",\"potentialAction\":[{\"@type\":\"SearchAction\",\"target\":{\"@type\":\"EntryPoint\",\"urlTemplate\":\"https:\/\/instytutpolski.pl\/stockholm\/?s={search_term_string}\"},\"query-input\":{\"@type\":\"PropertyValueSpecification\",\"valueRequired\":true,\"valueName\":\"search_term_string\"}}],\"inLanguage\":\"pl-PL\"},{\"@type\":\"Person\",\"@id\":\"\",\"url\":\"https:\/\/instytutpolski.pl\/stockholm\/author\/\"}]}<\/script>\n<!-- \/ Yoast SEO plugin. -->","yoast_head_json":{"title":"Den polska diasporans och utlandspolackernas dag - Instytut Polski w Sztokholmie","robots":{"index":"index","follow":"follow","max-snippet":"max-snippet:-1","max-image-preview":"max-image-preview:large","max-video-preview":"max-video-preview:-1"},"canonical":"https:\/\/instytutpolski.pl\/stockholm\/2019\/05\/02\/den-polska-diasporans-och-utlandspolackernas-dag\/","og_locale":"pl_PL","og_type":"article","og_title":"Den polska diasporans och utlandspolackernas dag - Instytut Polski w Sztokholmie","og_description":"Syftet var att erk\u00e4nna \u201dden polska diasporans och utlandspolackernas m\u00e5nghundra\u00e5riga insatser och bidrag till Polens \u00e5teruppr\u00e4ttade sj\u00e4lvst\u00e4ndighet, deras trofasthet och n\u00e4ra band till polskheten, liksom deras hj\u00e4lp till hemlandet i dess sv\u00e5raste stunder.\u201d Polens regering erk\u00e4nner den den polska diasporans viktiga roll och anser samarbete med utlandspolska kretsar som en prioritet. I sitt utrikespolitiska tal [&hellip;]","og_url":"https:\/\/instytutpolski.pl\/stockholm\/2019\/05\/02\/den-polska-diasporans-och-utlandspolackernas-dag\/","og_site_name":"Instytut Polski w Sztokholmie","article_published_time":"2019-05-02T10:08:02+00:00","article_modified_time":"2020-10-01T12:54:44+00:00","og_image":[{"width":1890,"height":1260,"url":"https:\/\/instytutpolski.pl\/stockholm\/wp-content\/uploads\/sites\/17\/2019\/06\/42441880_2137078066558014_6648192612056432640_o.jpg","type":"image\/jpeg"}],"twitter_card":"summary_large_image","twitter_misc":{"Napisane przez":"","Szacowany czas czytania":"1 minuta"},"schema":{"@context":"https:\/\/schema.org","@graph":[{"@type":"event","@id":"https:\/\/instytutpolski.pl\/stockholm\/2019\/05\/02\/den-polska-diasporans-och-utlandspolackernas-dag\/","url":"https:\/\/instytutpolski.pl\/stockholm\/2019\/05\/02\/den-polska-diasporans-och-utlandspolackernas-dag\/","name":"Den polska diasporans och utlandspolackernas dag","isPartOf":{"@id":"https:\/\/instytutpolski.pl\/stockholm\/#website"},"primaryImageOfPage":{"@id":"https:\/\/instytutpolski.pl\/stockholm\/2019\/05\/02\/den-polska-diasporans-och-utlandspolackernas-dag\/#primaryimage"},"image":["https:\/\/instytutpolski.pl\/stockholm\/wp-content\/uploads\/sites\/17\/2019\/06\/42441880_2137078066558014_6648192612056432640_o.jpg","https:\/\/instytutpolski.pl\/stockholm\/wp-content\/uploads\/sites\/17\/2019\/06\/42441880_2137078066558014_6648192612056432640_o-300x200.jpg","https:\/\/instytutpolski.pl\/stockholm\/wp-content\/uploads\/sites\/17\/2019\/06\/42441880_2137078066558014_6648192612056432640_o-1024x683.jpg","https:\/\/instytutpolski.pl\/stockholm\/wp-content\/uploads\/sites\/17\/2019\/06\/42441880_2137078066558014_6648192612056432640_o.jpg"],"thumbnailUrl":"https:\/\/instytutpolski.pl\/stockholm\/wp-content\/uploads\/sites\/17\/2019\/06\/42441880_2137078066558014_6648192612056432640_o.jpg","datePublished":"2019-05-02T10:08:02+02:00","dateModified":"2020-10-01T12:54:44+02:00","author":{"@id":""},"breadcrumb":{"@id":"https:\/\/instytutpolski.pl\/stockholm\/2019\/05\/02\/den-polska-diasporans-och-utlandspolackernas-dag\/#breadcrumb"},"inLanguage":"pl-PL","potentialAction":[{"@type":"ReadAction","target":["https:\/\/instytutpolski.pl\/stockholm\/2019\/05\/02\/den-polska-diasporans-och-utlandspolackernas-dag\/"]}],"@context":"https:\/\/schema.org","startDate":"2019-05-02","endDate":"2019-05-02","eventStatus":"EventScheduled","eventAttendanceMode":"OfflineEventAttendanceMode","location":{"@type":"place","name":"","address":"","geo":{"@type":"GeoCoordinates","latitude":"","longitude":""}},"description":"Syftet var att erk\u00e4nna \u201dden polska diasporans och utlandspolackernas m\u00e5nghundra\u00e5riga insatser och bidrag till Polens \u00e5teruppr\u00e4ttade sj\u00e4lvst\u00e4ndighet, deras trofasthet och n\u00e4ra band till polskheten, liksom deras hj\u00e4lp till hemlandet i dess sv\u00e5raste stunder.\u201d\nPolens regering erk\u00e4nner den den polska diasporans viktiga roll och anser samarbete med utlandspolska kretsar som en prioritet. I sitt utrikespolitiska tal i den polska sejmen i mars framh\u00f6ll utrikesminister Jacek Czaputowicz att \u201dvi \u00f6nskar att v\u00e5ra landsm\u00e4n blir en viktig bundsf\u00f6rvant till regeringen i fr\u00e4mjandet av polska intressen, polsk kultur och nationellt minne, liksom v\u00e5r bild av den polska historien.\u201d\nVi tror att detta jubileum \u00e4r viktigt f\u00f6r alla v\u00e5ra landsm\u00e4n, oavsett var de bor. I dag \u00e4r v\u00e5ra tankar hos polackerna i utlandet och vi tackar dem f\u00f6r allt de gjort f\u00f6r v\u00e5rt lands b\u00e4sta.\nEnligt utrikesministeriets uppgifter lever idag omkring 20 miljoner polacker och personer med polsk h\u00e4rstamning utanf\u00f6r landets gr\u00e4nser. En stor grupp \u00e4r de som blev kvar i \u00f6ster efter andra v\u00e4rldskrigets gr\u00e4nsf\u00f6r\u00e4ndringar. En annan grupp \u00e4r de nutida emigranterna i v\u00e4steuropeiska l\u00e4nder. Den st\u00f6rsta polska diasporan \u00e4r den amerikanska. \u00c5r 2012 deklarerade \u00f6ver 9,6 miljoner inv\u00e5nare i USA polsk h\u00e4rstamning.\nPolska utrikesministeriets pressavdelnin"},{"@type":"ImageObject","inLanguage":"pl-PL","@id":"https:\/\/instytutpolski.pl\/stockholm\/2019\/05\/02\/den-polska-diasporans-och-utlandspolackernas-dag\/#primaryimage","url":"https:\/\/instytutpolski.pl\/stockholm\/wp-content\/uploads\/sites\/17\/2019\/06\/42441880_2137078066558014_6648192612056432640_o.jpg","contentUrl":"https:\/\/instytutpolski.pl\/stockholm\/wp-content\/uploads\/sites\/17\/2019\/06\/42441880_2137078066558014_6648192612056432640_o.jpg","width":1890,"height":1260},{"@type":"BreadcrumbList","@id":"https:\/\/instytutpolski.pl\/stockholm\/2019\/05\/02\/den-polska-diasporans-och-utlandspolackernas-dag\/#breadcrumb","itemListElement":[{"@type":"ListItem","position":1,"name":"Home","item":"https:\/\/instytutpolski.pl\/stockholm\/"},{"@type":"ListItem","position":2,"name":"Den polska diasporans och utlandspolackernas dag"}]},{"@type":"WebSite","@id":"https:\/\/instytutpolski.pl\/stockholm\/#website","url":"https:\/\/instytutpolski.pl\/stockholm\/","name":"Instytut Polski w Sztokholmie","description":"Instytuty Polskie","potentialAction":[{"@type":"SearchAction","target":{"@type":"EntryPoint","urlTemplate":"https:\/\/instytutpolski.pl\/stockholm\/?s={search_term_string}"},"query-input":{"@type":"PropertyValueSpecification","valueRequired":true,"valueName":"search_term_string"}}],"inLanguage":"pl-PL"},{"@type":"Person","@id":"","url":"https:\/\/instytutpolski.pl\/stockholm\/author\/"}]}},"_links":{"self":[{"href":"https:\/\/instytutpolski.pl\/stockholm\/wp-json\/wp\/v2\/posts\/107","targetHints":{"allow":["GET"]}}],"collection":[{"href":"https:\/\/instytutpolski.pl\/stockholm\/wp-json\/wp\/v2\/posts"}],"about":[{"href":"https:\/\/instytutpolski.pl\/stockholm\/wp-json\/wp\/v2\/types\/post"}],"author":[{"embeddable":true,"href":"https:\/\/instytutpolski.pl\/stockholm\/wp-json\/wp\/v2\/users\/9"}],"replies":[{"embeddable":true,"href":"https:\/\/instytutpolski.pl\/stockholm\/wp-json\/wp\/v2\/comments?post=107"}],"version-history":[{"count":4,"href":"https:\/\/instytutpolski.pl\/stockholm\/wp-json\/wp\/v2\/posts\/107\/revisions"}],"predecessor-version":[{"id":2853,"href":"https:\/\/instytutpolski.pl\/stockholm\/wp-json\/wp\/v2\/posts\/107\/revisions\/2853"}],"wp:featuredmedia":[{"embeddable":true,"href":"https:\/\/instytutpolski.pl\/stockholm\/wp-json\/wp\/v2\/media\/2854"}],"wp:attachment":[{"href":"https:\/\/instytutpolski.pl\/stockholm\/wp-json\/wp\/v2\/media?parent=107"}],"wp:term":[{"taxonomy":"category","embeddable":true,"href":"https:\/\/instytutpolski.pl\/stockholm\/wp-json\/wp\/v2\/categories?post=107"},{"taxonomy":"post_tag","embeddable":true,"href":"https:\/\/instytutpolski.pl\/stockholm\/wp-json\/wp\/v2\/tags?post=107"}],"curies":[{"name":"wp","href":"https:\/\/api.w.org\/{rel}","templated":true}]}}