{"id":11029,"date":"2023-06-15T11:11:51","date_gmt":"2023-06-15T09:11:51","guid":{"rendered":"https:\/\/instytutpolski.pl\/stockholm\/?p=11029"},"modified":"2023-06-15T11:11:53","modified_gmt":"2023-06-15T09:11:53","slug":"utstallningen-present-nature-med-medverkan-av-den-polska-konstnaren-marta-bogdanska-pa-alma-lov-museum-of-unexp-art","status":"publish","type":"post","link":"https:\/\/instytutpolski.pl\/stockholm\/2023\/06\/15\/utstallningen-present-nature-med-medverkan-av-den-polska-konstnaren-marta-bogdanska-pa-alma-lov-museum-of-unexp-art\/","title":{"rendered":"Utst\u00e4llningen \u201cPresent Nature\u201d med medverkan av den polska konstn\u00e4ren Marta Bogda\u0144ska p\u00e5 Alma L\u00f6v Museum of Unexp. Art"},"content":{"rendered":"\n<p>Utst\u00e4llningen \u201cPresent Nature\u201d p\u00e5g\u00e5r mellan 17 juni &#8211; 27 augusti 2023 och museet Alma L\u00f6v Museum of Unexp. Art i \u00d6stra \u00c4mtervik i V\u00e4rmland h\u00e5ller \u00f6ppet 11.00 \u2013 17.00 dagligen.<\/p>\n\n\n\n<p>Alma L\u00f6v Museum of Unexp. Art presenterar varje sommar en omfattande grupputst\u00e4llning med samtida svenska och internationella konstn\u00e4rer. I \u00e5rets konstprojekt \u201cPresent Nature\u201d medverkar fjorton konstn\u00e4rer fr\u00e5n sex l\u00e4nder som utifr\u00e5n olika infallsvinklar belyser natur och n\u00e4rvaro. Varje konstn\u00e4r har tilldelats separata utst\u00e4llningssalar i Alma L\u00f6vs huvudbyggnad och paviljonger d\u00e4r videoverk, platsspecifika installationer, m\u00e5leri, fotografi, textilkonst och skulpturer visas. Ocks\u00e5 i naturomr\u00e5det utomhus visas nya storskaliga installationer. De olika utst\u00e4llningarna presenterar en stor variation av ing\u00e5ngar till naturtemat. Det kan handla om enzymer, mikroorganismer och svampar, om djurens villkor, klimatf\u00f6r\u00e4ndringar, biodiversitet och livets f\u00f6rg\u00e4nglighet.<\/p>\n\n\n\n<p>\u201cShifters\u201d \u00e4r ett projekt av Marta Bogda\u0144ska som b\u00f6rjade som arkivforskning och insamlande av artiklar om djur anv\u00e4nda som spioner. Misst\u00e4nksamma ekorrar, spionerande delfiner, oidentifierade flygande storkar, radioaktiva \u00f6dlor, fotograferande duvor \u2014 alla dessa djur har figurerat i mainstream media anklagade f\u00f6r spionage. Hj\u00e4rtat i detta projekt \u00e4r en konstbok om 850 sidor f\u00f6rdelade p\u00e5 14 kapitel. Boken omfattar arkivmaterial och filmklipp samt texter skrivna av fyra f\u00f6rfattare (Helen Korpak, Stefan Lorenzutti, Jon Schubin, Samuel Tchorek-Bentall). Den blev publicerad av Foundation for Visual Arts och Landskrona Foto i maj 2021. 2022 utkorades den av PHotoESPA\u00d1A till \u00e5rets b\u00e4sta fotobok. Den blev nominerad till MACK First Book Award, Kassel Dummy Award och Luma Arles Dummy Book Award. Projektet best\u00e5r ocks\u00e5 av en videoess\u00e4 om 12 minuter, ett personligt arkiv samlat genom ing\u00e5ende forskning och en serie ljudber\u00e4ttelser som tillkommit kollektivt under workshops genomf\u00f6rda p\u00e5 olika platser.<\/p>\n\n\n\n<p>Till utst\u00e4llningen \u201cPresent Nature\u201d fokuserar Marta Bogdanska p\u00e5 lastdjur, i betydelsen djur som anv\u00e4nds att b\u00e4ra gods, varor eller utrustning. Under krig har dessa djur anv\u00e4nts i ofattbara m\u00e4ngder, men deras ber\u00e4ttelser \u00e4r fortfarande f\u00f6rbisedda och ignorerade. Ett urval av hundratals mindre arkivbilder visas med skilda ber\u00e4ttelser kring hur djuren anv\u00e4nts inom milit\u00e4r- och underr\u00e4ttelsetj\u00e4nst.<\/p>\n\n\n\n<pre class=\"wp-block-verse\"><\/pre>\n\n\n\n<figure class=\"wp-block-gallery has-nested-images columns-default is-cropped wp-block-gallery-1 is-layout-flex wp-block-gallery-is-layout-flex\">\n<figure class=\"wp-block-image size-large\"><img loading=\"lazy\" decoding=\"async\" width=\"1842\" height=\"2560\" data-id=\"11037\" src=\"https:\/\/instytutpolski.pl\/stockholm\/wp-content\/uploads\/sites\/17\/2023\/06\/fc2edebeaa139b30f5da50753c3fa556-scaled.jpeg\" alt=\"\" class=\"wp-image-11037\" srcset=\"https:\/\/instytutpolski.pl\/stockholm\/wp-content\/uploads\/sites\/17\/2023\/06\/fc2edebeaa139b30f5da50753c3fa556-scaled.jpeg 1842w, https:\/\/instytutpolski.pl\/stockholm\/wp-content\/uploads\/sites\/17\/2023\/06\/fc2edebeaa139b30f5da50753c3fa556-216x300.jpeg 216w, https:\/\/instytutpolski.pl\/stockholm\/wp-content\/uploads\/sites\/17\/2023\/06\/fc2edebeaa139b30f5da50753c3fa556-737x1024.jpeg 737w, https:\/\/instytutpolski.pl\/stockholm\/wp-content\/uploads\/sites\/17\/2023\/06\/fc2edebeaa139b30f5da50753c3fa556-768x1067.jpeg 768w, https:\/\/instytutpolski.pl\/stockholm\/wp-content\/uploads\/sites\/17\/2023\/06\/fc2edebeaa139b30f5da50753c3fa556-1105x1536.jpeg 1105w, https:\/\/instytutpolski.pl\/stockholm\/wp-content\/uploads\/sites\/17\/2023\/06\/fc2edebeaa139b30f5da50753c3fa556-1473x2048.jpeg 1473w\" sizes=\"auto, (max-width: 1842px) 100vw, 1842px\" \/><\/figure>\n\n\n\n<figure class=\"wp-block-image size-large\"><img loading=\"lazy\" decoding=\"async\" width=\"1886\" height=\"2334\" data-id=\"11039\" src=\"https:\/\/instytutpolski.pl\/stockholm\/wp-content\/uploads\/sites\/17\/2023\/06\/Screenshot-2021-04-06-at-13.58.41.jpeg\" alt=\"\" class=\"wp-image-11039\" srcset=\"https:\/\/instytutpolski.pl\/stockholm\/wp-content\/uploads\/sites\/17\/2023\/06\/Screenshot-2021-04-06-at-13.58.41.jpeg 1886w, https:\/\/instytutpolski.pl\/stockholm\/wp-content\/uploads\/sites\/17\/2023\/06\/Screenshot-2021-04-06-at-13.58.41-242x300.jpeg 242w, https:\/\/instytutpolski.pl\/stockholm\/wp-content\/uploads\/sites\/17\/2023\/06\/Screenshot-2021-04-06-at-13.58.41-827x1024.jpeg 827w, https:\/\/instytutpolski.pl\/stockholm\/wp-content\/uploads\/sites\/17\/2023\/06\/Screenshot-2021-04-06-at-13.58.41-768x950.jpeg 768w, https:\/\/instytutpolski.pl\/stockholm\/wp-content\/uploads\/sites\/17\/2023\/06\/Screenshot-2021-04-06-at-13.58.41-1241x1536.jpeg 1241w, https:\/\/instytutpolski.pl\/stockholm\/wp-content\/uploads\/sites\/17\/2023\/06\/Screenshot-2021-04-06-at-13.58.41-1655x2048.jpeg 1655w\" sizes=\"auto, (max-width: 1886px) 100vw, 1886px\" \/><\/figure>\n\n\n\n<figure class=\"wp-block-image size-large\"><img loading=\"lazy\" decoding=\"async\" width=\"1943\" height=\"2560\" data-id=\"11031\" src=\"https:\/\/instytutpolski.pl\/stockholm\/wp-content\/uploads\/sites\/17\/2023\/06\/5dd7702e1cd53d08bd1b779b7efb4f14_grayscale-scaled.jpeg\" alt=\"\" class=\"wp-image-11031\" srcset=\"https:\/\/instytutpolski.pl\/stockholm\/wp-content\/uploads\/sites\/17\/2023\/06\/5dd7702e1cd53d08bd1b779b7efb4f14_grayscale-scaled.jpeg 1943w, https:\/\/instytutpolski.pl\/stockholm\/wp-content\/uploads\/sites\/17\/2023\/06\/5dd7702e1cd53d08bd1b779b7efb4f14_grayscale-228x300.jpeg 228w, https:\/\/instytutpolski.pl\/stockholm\/wp-content\/uploads\/sites\/17\/2023\/06\/5dd7702e1cd53d08bd1b779b7efb4f14_grayscale-777x1024.jpeg 777w, https:\/\/instytutpolski.pl\/stockholm\/wp-content\/uploads\/sites\/17\/2023\/06\/5dd7702e1cd53d08bd1b779b7efb4f14_grayscale-768x1012.jpeg 768w, https:\/\/instytutpolski.pl\/stockholm\/wp-content\/uploads\/sites\/17\/2023\/06\/5dd7702e1cd53d08bd1b779b7efb4f14_grayscale-1166x1536.jpeg 1166w, https:\/\/instytutpolski.pl\/stockholm\/wp-content\/uploads\/sites\/17\/2023\/06\/5dd7702e1cd53d08bd1b779b7efb4f14_grayscale-1554x2048.jpeg 1554w\" sizes=\"auto, (max-width: 1943px) 100vw, 1943px\" \/><\/figure>\n\n\n\n<figure class=\"wp-block-image size-large\"><img loading=\"lazy\" decoding=\"async\" width=\"1805\" height=\"1367\" data-id=\"11038\" src=\"https:\/\/instytutpolski.pl\/stockholm\/wp-content\/uploads\/sites\/17\/2023\/06\/Marta-Bogdanska.jpeg\" alt=\"\" class=\"wp-image-11038\" srcset=\"https:\/\/instytutpolski.pl\/stockholm\/wp-content\/uploads\/sites\/17\/2023\/06\/Marta-Bogdanska.jpeg 1805w, https:\/\/instytutpolski.pl\/stockholm\/wp-content\/uploads\/sites\/17\/2023\/06\/Marta-Bogdanska-300x227.jpeg 300w, https:\/\/instytutpolski.pl\/stockholm\/wp-content\/uploads\/sites\/17\/2023\/06\/Marta-Bogdanska-1024x776.jpeg 1024w, https:\/\/instytutpolski.pl\/stockholm\/wp-content\/uploads\/sites\/17\/2023\/06\/Marta-Bogdanska-768x582.jpeg 768w, https:\/\/instytutpolski.pl\/stockholm\/wp-content\/uploads\/sites\/17\/2023\/06\/Marta-Bogdanska-1536x1163.jpeg 1536w\" sizes=\"auto, (max-width: 1805px) 100vw, 1805px\" \/><\/figure>\n\n\n\n<figure class=\"wp-block-image size-large\"><img loading=\"lazy\" decoding=\"async\" width=\"1746\" height=\"1730\" data-id=\"11035\" src=\"https:\/\/instytutpolski.pl\/stockholm\/wp-content\/uploads\/sites\/17\/2023\/06\/a071308aa48f9c989d4576fba6d9e2e5.jpeg\" alt=\"\" class=\"wp-image-11035\" srcset=\"https:\/\/instytutpolski.pl\/stockholm\/wp-content\/uploads\/sites\/17\/2023\/06\/a071308aa48f9c989d4576fba6d9e2e5.jpeg 1746w, https:\/\/instytutpolski.pl\/stockholm\/wp-content\/uploads\/sites\/17\/2023\/06\/a071308aa48f9c989d4576fba6d9e2e5-300x297.jpeg 300w, https:\/\/instytutpolski.pl\/stockholm\/wp-content\/uploads\/sites\/17\/2023\/06\/a071308aa48f9c989d4576fba6d9e2e5-1024x1015.jpeg 1024w, https:\/\/instytutpolski.pl\/stockholm\/wp-content\/uploads\/sites\/17\/2023\/06\/a071308aa48f9c989d4576fba6d9e2e5-150x150.jpeg 150w, https:\/\/instytutpolski.pl\/stockholm\/wp-content\/uploads\/sites\/17\/2023\/06\/a071308aa48f9c989d4576fba6d9e2e5-768x761.jpeg 768w, https:\/\/instytutpolski.pl\/stockholm\/wp-content\/uploads\/sites\/17\/2023\/06\/a071308aa48f9c989d4576fba6d9e2e5-1536x1522.jpeg 1536w\" sizes=\"auto, (max-width: 1746px) 100vw, 1746px\" \/><\/figure>\n\n\n\n<figure class=\"wp-block-image size-large\"><img loading=\"lazy\" decoding=\"async\" width=\"1749\" height=\"1922\" data-id=\"11034\" src=\"https:\/\/instytutpolski.pl\/stockholm\/wp-content\/uploads\/sites\/17\/2023\/06\/3293665370b46b7e7d21c93ca25c6332.jpeg\" alt=\"\" class=\"wp-image-11034\" srcset=\"https:\/\/instytutpolski.pl\/stockholm\/wp-content\/uploads\/sites\/17\/2023\/06\/3293665370b46b7e7d21c93ca25c6332.jpeg 1749w, https:\/\/instytutpolski.pl\/stockholm\/wp-content\/uploads\/sites\/17\/2023\/06\/3293665370b46b7e7d21c93ca25c6332-273x300.jpeg 273w, https:\/\/instytutpolski.pl\/stockholm\/wp-content\/uploads\/sites\/17\/2023\/06\/3293665370b46b7e7d21c93ca25c6332-932x1024.jpeg 932w, https:\/\/instytutpolski.pl\/stockholm\/wp-content\/uploads\/sites\/17\/2023\/06\/3293665370b46b7e7d21c93ca25c6332-768x844.jpeg 768w, https:\/\/instytutpolski.pl\/stockholm\/wp-content\/uploads\/sites\/17\/2023\/06\/3293665370b46b7e7d21c93ca25c6332-1398x1536.jpeg 1398w\" sizes=\"auto, (max-width: 1749px) 100vw, 1749px\" \/><\/figure>\n\n\n\n<figure class=\"wp-block-image size-large\"><img loading=\"lazy\" decoding=\"async\" width=\"2560\" height=\"1270\" data-id=\"11033\" src=\"https:\/\/instytutpolski.pl\/stockholm\/wp-content\/uploads\/sites\/17\/2023\/06\/1012030-scaled.jpeg\" alt=\"\" class=\"wp-image-11033\" srcset=\"https:\/\/instytutpolski.pl\/stockholm\/wp-content\/uploads\/sites\/17\/2023\/06\/1012030-scaled.jpeg 2560w, https:\/\/instytutpolski.pl\/stockholm\/wp-content\/uploads\/sites\/17\/2023\/06\/1012030-300x149.jpeg 300w, https:\/\/instytutpolski.pl\/stockholm\/wp-content\/uploads\/sites\/17\/2023\/06\/1012030-1024x508.jpeg 1024w, https:\/\/instytutpolski.pl\/stockholm\/wp-content\/uploads\/sites\/17\/2023\/06\/1012030-768x381.jpeg 768w, https:\/\/instytutpolski.pl\/stockholm\/wp-content\/uploads\/sites\/17\/2023\/06\/1012030-1536x762.jpeg 1536w, https:\/\/instytutpolski.pl\/stockholm\/wp-content\/uploads\/sites\/17\/2023\/06\/1012030-2048x1016.jpeg 2048w\" sizes=\"auto, (max-width: 2560px) 100vw, 2560px\" \/><\/figure>\n\n\n\n<figure class=\"wp-block-image size-large\"><img loading=\"lazy\" decoding=\"async\" width=\"1344\" height=\"857\" data-id=\"11032\" src=\"https:\/\/instytutpolski.pl\/stockholm\/wp-content\/uploads\/sites\/17\/2023\/06\/100664.jpeg\" alt=\"\" class=\"wp-image-11032\" srcset=\"https:\/\/instytutpolski.pl\/stockholm\/wp-content\/uploads\/sites\/17\/2023\/06\/100664.jpeg 1344w, https:\/\/instytutpolski.pl\/stockholm\/wp-content\/uploads\/sites\/17\/2023\/06\/100664-300x191.jpeg 300w, https:\/\/instytutpolski.pl\/stockholm\/wp-content\/uploads\/sites\/17\/2023\/06\/100664-1024x653.jpeg 1024w, https:\/\/instytutpolski.pl\/stockholm\/wp-content\/uploads\/sites\/17\/2023\/06\/100664-768x490.jpeg 768w\" sizes=\"auto, (max-width: 1344px) 100vw, 1344px\" \/><\/figure>\n<\/figure>\n\n\n\n<pre class=\"wp-block-verse\"><\/pre>\n\n\n\n<p><strong>Marta Bogda\u0144ska<\/strong> \u00e4r bildkonstn\u00e4r, fotograf, kulturchef och filmskapare. Hon studerade filosofi och genusvetenskap vid universitetet i Warszawa och i Beirut och har en examen i fotografi. Hennes verk har v\u00e4ckt stor uppm\u00e4rksamhet internationellt.&nbsp;<\/p>\n\n\n\n<p>Textk\u00e4llan: museets officiella webbsida &#x1f449; <a href=\"https:\/\/www.almalov.se\/present-nature\/\" target=\"_blank\" rel=\"noreferrer noopener\">https:\/\/www.almalov.se\/present-nature\/<\/a>\u00a0\u00a0\u00a0<\/p>\n\n\n\n<p>Mer om Marta Bogda\u0144ska &#x1f449; <a href=\"http:\/\/martabogdanska.com\/\" target=\"_blank\" rel=\"noreferrer noopener\">http:\/\/martabogdanska.com\/<\/a>\u00a0\u00a0<\/p>\n\n\n\n<p>Projektet \u00e4r ett samarbete mellan Alma L\u00f6v Museum of Unexp. Art, The Barbro Osher Pro Suecia Foundation, IASPIS Konstn\u00e4rsn\u00e4mnden, Konstfr\u00e4mjandet V\u00e4rmland, Region V\u00e4rmland, Sunne Kommun och Polska institutet i Stockholm.<\/p>\n\n\n\n<pre class=\"wp-block-verse\"><\/pre>\n\n\n\n<figure class=\"wp-block-gallery aligncenter has-nested-images columns-default is-cropped wp-block-gallery-2 is-layout-flex wp-block-gallery-is-layout-flex\">\n<figure class=\"wp-block-image size-large is-style-default\"><img loading=\"lazy\" decoding=\"async\" width=\"1810\" height=\"2560\" data-id=\"11036\" src=\"https:\/\/instytutpolski.pl\/stockholm\/wp-content\/uploads\/sites\/17\/2023\/06\/Alma-Lov-\u2013-Vernissage-Present-Nature-scaled.jpg\" alt=\"\" class=\"wp-image-11036\" srcset=\"https:\/\/instytutpolski.pl\/stockholm\/wp-content\/uploads\/sites\/17\/2023\/06\/Alma-Lov-\u2013-Vernissage-Present-Nature-scaled.jpg 1810w, https:\/\/instytutpolski.pl\/stockholm\/wp-content\/uploads\/sites\/17\/2023\/06\/Alma-Lov-\u2013-Vernissage-Present-Nature-212x300.jpg 212w, https:\/\/instytutpolski.pl\/stockholm\/wp-content\/uploads\/sites\/17\/2023\/06\/Alma-Lov-\u2013-Vernissage-Present-Nature-724x1024.jpg 724w, https:\/\/instytutpolski.pl\/stockholm\/wp-content\/uploads\/sites\/17\/2023\/06\/Alma-Lov-\u2013-Vernissage-Present-Nature-768x1086.jpg 768w, https:\/\/instytutpolski.pl\/stockholm\/wp-content\/uploads\/sites\/17\/2023\/06\/Alma-Lov-\u2013-Vernissage-Present-Nature-1086x1536.jpg 1086w, https:\/\/instytutpolski.pl\/stockholm\/wp-content\/uploads\/sites\/17\/2023\/06\/Alma-Lov-\u2013-Vernissage-Present-Nature-1448x2048.jpg 1448w\" sizes=\"auto, (max-width: 1810px) 100vw, 1810px\" \/><\/figure>\n<\/figure>\n","protected":false},"excerpt":{"rendered":"<p>Utst\u00e4llningen \u201cPresent Nature\u201d p\u00e5g\u00e5r mellan 17 juni &#8211; 27 augusti 2023 och museet Alma L\u00f6v Museum of Unexp. Art i \u00d6stra \u00c4mtervik i V\u00e4rmland h\u00e5ller \u00f6ppet 11.00 \u2013 17.00 dagligen. Alma L\u00f6v Museum of Unexp. Art presenterar varje sommar en omfattande grupputst\u00e4llning med samtida svenska och internationella konstn\u00e4rer. I \u00e5rets konstprojekt \u201cPresent Nature\u201d medverkar fjorton [&hellip;]<\/p>\n","protected":false},"author":173,"featured_media":11030,"comment_status":"closed","ping_status":"closed","sticky":false,"template":"","format":"standard","meta":{"inline_featured_image":false,"_monsterinsights_skip_tracking":false,"_monsterinsights_sitenote_active":false,"_monsterinsights_sitenote_note":"","_monsterinsights_sitenote_category":0,"footnotes":""},"categories":[222,12,102],"tags":[],"class_list":["post-11029","post","type-post","status-publish","format-standard","has-post-thumbnail","hentry","category-aktualnosc-se","category-evenemang","category-konst"],"yoast_head":"<!-- This site is optimized with the Yoast SEO plugin v24.6 - https:\/\/yoast.com\/wordpress\/plugins\/seo\/ -->\n<title>Utst\u00e4llningen \u201cPresent Nature\u201d med medverkan av den polska konstn\u00e4ren Marta Bogda\u0144ska p\u00e5 Alma L\u00f6v Museum of Unexp. Art - Instytut Polski w Sztokholmie<\/title>\n<meta name=\"robots\" content=\"index, follow, max-snippet:-1, max-image-preview:large, max-video-preview:-1\" \/>\n<link rel=\"canonical\" href=\"https:\/\/instytutpolski.pl\/stockholm\/2023\/06\/15\/utstallningen-present-nature-med-medverkan-av-den-polska-konstnaren-marta-bogdanska-pa-alma-lov-museum-of-unexp-art\/\" \/>\n<meta property=\"og:locale\" content=\"pl_PL\" \/>\n<meta property=\"og:type\" content=\"article\" \/>\n<meta property=\"og:title\" content=\"Utst\u00e4llningen \u201cPresent Nature\u201d med medverkan av den polska konstn\u00e4ren Marta Bogda\u0144ska p\u00e5 Alma L\u00f6v Museum of Unexp. Art - Instytut Polski w Sztokholmie\" \/>\n<meta property=\"og:description\" content=\"Utst\u00e4llningen \u201cPresent Nature\u201d p\u00e5g\u00e5r mellan 17 juni &#8211; 27 augusti 2023 och museet Alma L\u00f6v Museum of Unexp. Art i \u00d6stra \u00c4mtervik i V\u00e4rmland h\u00e5ller \u00f6ppet 11.00 \u2013 17.00 dagligen. Alma L\u00f6v Museum of Unexp. Art presenterar varje sommar en omfattande grupputst\u00e4llning med samtida svenska och internationella konstn\u00e4rer. I \u00e5rets konstprojekt \u201cPresent Nature\u201d medverkar fjorton [&hellip;]\" \/>\n<meta property=\"og:url\" content=\"https:\/\/instytutpolski.pl\/stockholm\/2023\/06\/15\/utstallningen-present-nature-med-medverkan-av-den-polska-konstnaren-marta-bogdanska-pa-alma-lov-museum-of-unexp-art\/\" \/>\n<meta property=\"og:site_name\" content=\"Instytut Polski w Sztokholmie\" \/>\n<meta property=\"article:published_time\" content=\"2023-06-15T09:11:51+00:00\" \/>\n<meta property=\"article:modified_time\" content=\"2023-06-15T09:11:53+00:00\" \/>\n<meta property=\"og:image\" content=\"https:\/\/instytutpolski.pl\/stockholm\/wp-content\/uploads\/sites\/17\/2023\/06\/PresentNature_hemsidan.png\" \/>\n\t<meta property=\"og:image:width\" content=\"1120\" \/>\n\t<meta property=\"og:image:height\" content=\"630\" \/>\n\t<meta property=\"og:image:type\" content=\"image\/png\" \/>\n<meta name=\"author\" content=\"treichelp\" \/>\n<meta name=\"twitter:card\" content=\"summary_large_image\" \/>\n<meta name=\"twitter:label1\" content=\"Napisane przez\" \/>\n\t<meta name=\"twitter:data1\" content=\"treichelp\" \/>\n\t<meta name=\"twitter:label2\" content=\"Szacowany czas czytania\" \/>\n\t<meta name=\"twitter:data2\" content=\"5 minut\" \/>\n<script type=\"application\/ld+json\" class=\"yoast-schema-graph\">{\"@context\":\"https:\/\/schema.org\",\"@graph\":[{\"@type\":\"event\",\"@id\":\"https:\/\/instytutpolski.pl\/stockholm\/2023\/06\/15\/utstallningen-present-nature-med-medverkan-av-den-polska-konstnaren-marta-bogdanska-pa-alma-lov-museum-of-unexp-art\/\",\"url\":\"https:\/\/instytutpolski.pl\/stockholm\/2023\/06\/15\/utstallningen-present-nature-med-medverkan-av-den-polska-konstnaren-marta-bogdanska-pa-alma-lov-museum-of-unexp-art\/\",\"name\":\"Utst\u00e4llningen \u201cPresent Nature\u201d med medverkan av den polska konstn\u00e4ren Marta Bogda\u0144ska p\u00e5 Alma L\u00f6v Museum of Unexp. Art\",\"isPartOf\":{\"@id\":\"https:\/\/instytutpolski.pl\/stockholm\/#website\"},\"primaryImageOfPage\":{\"@id\":\"https:\/\/instytutpolski.pl\/stockholm\/2023\/06\/15\/utstallningen-present-nature-med-medverkan-av-den-polska-konstnaren-marta-bogdanska-pa-alma-lov-museum-of-unexp-art\/#primaryimage\"},\"image\":[\"https:\/\/instytutpolski.pl\/stockholm\/wp-content\/uploads\/sites\/17\/2023\/06\/PresentNature_hemsidan.png\",\"https:\/\/instytutpolski.pl\/stockholm\/wp-content\/uploads\/sites\/17\/2023\/06\/PresentNature_hemsidan-300x169.png\",\"https:\/\/instytutpolski.pl\/stockholm\/wp-content\/uploads\/sites\/17\/2023\/06\/PresentNature_hemsidan-1024x576.png\",\"https:\/\/instytutpolski.pl\/stockholm\/wp-content\/uploads\/sites\/17\/2023\/06\/PresentNature_hemsidan.png\"],\"thumbnailUrl\":\"https:\/\/instytutpolski.pl\/stockholm\/wp-content\/uploads\/sites\/17\/2023\/06\/PresentNature_hemsidan.png\",\"datePublished\":\"2023-06-15T09:11:51+02:00\",\"dateModified\":\"2023-06-15T09:11:53+02:00\",\"author\":{\"@id\":\"https:\/\/instytutpolski.pl\/stockholm\/#\/schema\/person\/866a2c0f4ccf0982a286809684f7bc1e\"},\"breadcrumb\":{\"@id\":\"https:\/\/instytutpolski.pl\/stockholm\/2023\/06\/15\/utstallningen-present-nature-med-medverkan-av-den-polska-konstnaren-marta-bogdanska-pa-alma-lov-museum-of-unexp-art\/#breadcrumb\"},\"inLanguage\":\"pl-PL\",\"potentialAction\":[{\"@type\":\"ReadAction\",\"target\":[\"https:\/\/instytutpolski.pl\/stockholm\/2023\/06\/15\/utstallningen-present-nature-med-medverkan-av-den-polska-konstnaren-marta-bogdanska-pa-alma-lov-museum-of-unexp-art\/\"]}],\"@context\":\"https:\/\/schema.org\",\"startDate\":\"2023-06-17\",\"endDate\":\"2023-08-27\",\"eventStatus\":\"EventScheduled\",\"eventAttendanceMode\":\"OfflineEventAttendanceMode\",\"location\":{\"@type\":\"place\",\"name\":\"Alma L\u00f6v Museum, \u00d6stra \u00c4mtervik, V\u00e4rmland\",\"address\":\"Alma L\u00f6v Museum, \u00d6stra \u00c4mtervik, V\u00e4rmland\",\"geo\":{\"@type\":\"GeoCoordinates\",\"latitude\":\"59.61481241160121\",\"longitude\":\"13.489898334478406\"}},\"description\":\"Utst\u00e4llningen \u201cPresent Nature\u201d p\u00e5g\u00e5r mellan 17 juni - 27 augusti 2023 och museet Alma L\u00f6v Museum of Unexp. Art i \u00d6stra \u00c4mtervik i V\u00e4rmland h\u00e5ller \u00f6ppet 11.00 \u2013 17.00 dagligen.\\nAlma L\u00f6v Museum of Unexp. Art presenterar varje sommar en omfattande grupputst\u00e4llning med samtida svenska och internationella konstn\u00e4rer. I \u00e5rets konstprojekt \u201cPresent Nature\u201d medverkar fjorton konstn\u00e4rer fr\u00e5n sex l\u00e4nder som utifr\u00e5n olika infallsvinklar belyser natur och n\u00e4rvaro. Varje konstn\u00e4r har tilldelats separata utst\u00e4llningssalar i Alma L\u00f6vs huvudbyggnad och paviljonger d\u00e4r videoverk, platsspecifika installationer, m\u00e5leri, fotografi, textilkonst och skulpturer visas. Ocks\u00e5 i naturomr\u00e5det utomhus visas nya storskaliga installationer. De olika utst\u00e4llningarna presenterar en stor variation av ing\u00e5ngar till naturtemat. Det kan handla om enzymer, mikroorganismer och svampar, om djurens villkor, klimatf\u00f6r\u00e4ndringar, biodiversitet och livets f\u00f6rg\u00e4nglighet.\\n\u201cShifters\u201d \u00e4r ett projekt av Marta Bogda\u0144ska som b\u00f6rjade som arkivforskning och insamlande av artiklar om djur anv\u00e4nda som spioner. Misst\u00e4nksamma ekorrar, spionerande delfiner, oidentifierade flygande storkar, radioaktiva \u00f6dlor, fotograferande duvor \u2014 alla dessa djur har figurerat i mainstream media anklagade f\u00f6r spionage. Hj\u00e4rtat i detta projekt \u00e4r en konstbok om 850 sidor f\u00f6rdelade p\u00e5 14 kapitel. Boken omfattar arkivmaterial och filmklipp samt texter skrivna av fyra f\u00f6rfattare (Helen Korpak, Stefan Lorenzutti, Jon Schubin, Samuel Tchorek-Bentall). Den blev publicerad av Foundation for Visual Arts och Landskrona Foto i maj 2021. 2022 utkorades den av PHotoESPA\u00d1A till \u00e5rets b\u00e4sta fotobok. Den blev nominerad till MACK First Book Award, Kassel Dummy Award och Luma Arles Dummy Book Award. Projektet best\u00e5r ocks\u00e5 av en videoess\u00e4 om 12 minuter, ett personligt arkiv samlat genom ing\u00e5ende forskning och en serie ljudber\u00e4ttelser som tillkommit kollektivt under workshops genomf\u00f6rda p\u00e5 olika platser.\\nTill utst\u00e4llningen \u201cPresent Nature\u201d fokuserar Marta Bogdanska p\u00e5 lastdjur, i betydelsen djur som anv\u00e4nds att b\u00e4ra gods, varor eller utrustning. Under krig har dessa djur anv\u00e4nts i ofattbara m\u00e4ngder, men deras ber\u00e4ttelser \u00e4r fortfarande f\u00f6rbisedda och ignorerade. Ett urval av hundratals mindre arkivbilder visas med skilda ber\u00e4ttelser kring hur djuren anv\u00e4nts inom milit\u00e4r- och underr\u00e4ttelsetj\u00e4nst.\\nMarta Bogda\u0144ska \u00e4r bildkonstn\u00e4r, fotograf, kulturchef och filmskapare. Hon studerade filosofi och genusvetenskap vid universitetet i Warszawa och i Beirut och har en examen i fotografi. Hennes verk har v\u00e4ckt stor uppm\u00e4rksamhet internationellt. \\nTextk\u00e4llan: museets officiella webbsida &#x1f449; https:\/\/www.almalov.se\/present-nature\/\u00a0\u00a0\u00a0\\nMer om Marta Bogda\u0144ska &#x1f449; http:\/\/martabogdanska.com\/\u00a0\u00a0\\nProjektet \u00e4r ett samarbete mellan Alma L\u00f6v Museum of Unexp. Art, The Barbro Osher Pro Suecia Foundation, IASPIS Konstn\u00e4rsn\u00e4mnden, Konstfr\u00e4mjandet V\u00e4rmland, Region V\u00e4rmland, Sunne Kommun och Polska institutet i Stockholm.\"},{\"@type\":\"ImageObject\",\"inLanguage\":\"pl-PL\",\"@id\":\"https:\/\/instytutpolski.pl\/stockholm\/2023\/06\/15\/utstallningen-present-nature-med-medverkan-av-den-polska-konstnaren-marta-bogdanska-pa-alma-lov-museum-of-unexp-art\/#primaryimage\",\"url\":\"https:\/\/instytutpolski.pl\/stockholm\/wp-content\/uploads\/sites\/17\/2023\/06\/PresentNature_hemsidan.png\",\"contentUrl\":\"https:\/\/instytutpolski.pl\/stockholm\/wp-content\/uploads\/sites\/17\/2023\/06\/PresentNature_hemsidan.png\",\"width\":1120,\"height\":630},{\"@type\":\"BreadcrumbList\",\"@id\":\"https:\/\/instytutpolski.pl\/stockholm\/2023\/06\/15\/utstallningen-present-nature-med-medverkan-av-den-polska-konstnaren-marta-bogdanska-pa-alma-lov-museum-of-unexp-art\/#breadcrumb\",\"itemListElement\":[{\"@type\":\"ListItem\",\"position\":1,\"name\":\"Home\",\"item\":\"https:\/\/instytutpolski.pl\/stockholm\/\"},{\"@type\":\"ListItem\",\"position\":2,\"name\":\"Utst\u00e4llningen \u201cPresent Nature\u201d med medverkan av den polska konstn\u00e4ren Marta Bogda\u0144ska p\u00e5 Alma L\u00f6v Museum of Unexp. Art\"}]},{\"@type\":\"WebSite\",\"@id\":\"https:\/\/instytutpolski.pl\/stockholm\/#website\",\"url\":\"https:\/\/instytutpolski.pl\/stockholm\/\",\"name\":\"Instytut Polski w Sztokholmie\",\"description\":\"Instytuty Polskie\",\"potentialAction\":[{\"@type\":\"SearchAction\",\"target\":{\"@type\":\"EntryPoint\",\"urlTemplate\":\"https:\/\/instytutpolski.pl\/stockholm\/?s={search_term_string}\"},\"query-input\":{\"@type\":\"PropertyValueSpecification\",\"valueRequired\":true,\"valueName\":\"search_term_string\"}}],\"inLanguage\":\"pl-PL\"},{\"@type\":\"Person\",\"@id\":\"https:\/\/instytutpolski.pl\/stockholm\/#\/schema\/person\/866a2c0f4ccf0982a286809684f7bc1e\",\"name\":\"treichelp\",\"image\":{\"@type\":\"ImageObject\",\"inLanguage\":\"pl-PL\",\"@id\":\"https:\/\/instytutpolski.pl\/stockholm\/#\/schema\/person\/image\/\",\"url\":\"https:\/\/secure.gravatar.com\/avatar\/fb2c1caae0df0854742a56fc463dd1fb?s=96&d=mm&r=g\",\"contentUrl\":\"https:\/\/secure.gravatar.com\/avatar\/fb2c1caae0df0854742a56fc463dd1fb?s=96&d=mm&r=g\",\"caption\":\"treichelp\"},\"url\":\"https:\/\/instytutpolski.pl\/stockholm\/author\/treichelp\/\"}]}<\/script>\n<!-- \/ Yoast SEO plugin. -->","yoast_head_json":{"title":"Utst\u00e4llningen \u201cPresent Nature\u201d med medverkan av den polska konstn\u00e4ren Marta Bogda\u0144ska p\u00e5 Alma L\u00f6v Museum of Unexp. Art - Instytut Polski w Sztokholmie","robots":{"index":"index","follow":"follow","max-snippet":"max-snippet:-1","max-image-preview":"max-image-preview:large","max-video-preview":"max-video-preview:-1"},"canonical":"https:\/\/instytutpolski.pl\/stockholm\/2023\/06\/15\/utstallningen-present-nature-med-medverkan-av-den-polska-konstnaren-marta-bogdanska-pa-alma-lov-museum-of-unexp-art\/","og_locale":"pl_PL","og_type":"article","og_title":"Utst\u00e4llningen \u201cPresent Nature\u201d med medverkan av den polska konstn\u00e4ren Marta Bogda\u0144ska p\u00e5 Alma L\u00f6v Museum of Unexp. Art - Instytut Polski w Sztokholmie","og_description":"Utst\u00e4llningen \u201cPresent Nature\u201d p\u00e5g\u00e5r mellan 17 juni &#8211; 27 augusti 2023 och museet Alma L\u00f6v Museum of Unexp. Art i \u00d6stra \u00c4mtervik i V\u00e4rmland h\u00e5ller \u00f6ppet 11.00 \u2013 17.00 dagligen. Alma L\u00f6v Museum of Unexp. Art presenterar varje sommar en omfattande grupputst\u00e4llning med samtida svenska och internationella konstn\u00e4rer. I \u00e5rets konstprojekt \u201cPresent Nature\u201d medverkar fjorton [&hellip;]","og_url":"https:\/\/instytutpolski.pl\/stockholm\/2023\/06\/15\/utstallningen-present-nature-med-medverkan-av-den-polska-konstnaren-marta-bogdanska-pa-alma-lov-museum-of-unexp-art\/","og_site_name":"Instytut Polski w Sztokholmie","article_published_time":"2023-06-15T09:11:51+00:00","article_modified_time":"2023-06-15T09:11:53+00:00","og_image":[{"width":1120,"height":630,"url":"https:\/\/instytutpolski.pl\/stockholm\/wp-content\/uploads\/sites\/17\/2023\/06\/PresentNature_hemsidan.png","type":"image\/png"}],"author":"treichelp","twitter_card":"summary_large_image","twitter_misc":{"Napisane przez":"treichelp","Szacowany czas czytania":"5 minut"},"schema":{"@context":"https:\/\/schema.org","@graph":[{"@type":"event","@id":"https:\/\/instytutpolski.pl\/stockholm\/2023\/06\/15\/utstallningen-present-nature-med-medverkan-av-den-polska-konstnaren-marta-bogdanska-pa-alma-lov-museum-of-unexp-art\/","url":"https:\/\/instytutpolski.pl\/stockholm\/2023\/06\/15\/utstallningen-present-nature-med-medverkan-av-den-polska-konstnaren-marta-bogdanska-pa-alma-lov-museum-of-unexp-art\/","name":"Utst\u00e4llningen \u201cPresent Nature\u201d med medverkan av den polska konstn\u00e4ren Marta Bogda\u0144ska p\u00e5 Alma L\u00f6v Museum of Unexp. Art","isPartOf":{"@id":"https:\/\/instytutpolski.pl\/stockholm\/#website"},"primaryImageOfPage":{"@id":"https:\/\/instytutpolski.pl\/stockholm\/2023\/06\/15\/utstallningen-present-nature-med-medverkan-av-den-polska-konstnaren-marta-bogdanska-pa-alma-lov-museum-of-unexp-art\/#primaryimage"},"image":["https:\/\/instytutpolski.pl\/stockholm\/wp-content\/uploads\/sites\/17\/2023\/06\/PresentNature_hemsidan.png","https:\/\/instytutpolski.pl\/stockholm\/wp-content\/uploads\/sites\/17\/2023\/06\/PresentNature_hemsidan-300x169.png","https:\/\/instytutpolski.pl\/stockholm\/wp-content\/uploads\/sites\/17\/2023\/06\/PresentNature_hemsidan-1024x576.png","https:\/\/instytutpolski.pl\/stockholm\/wp-content\/uploads\/sites\/17\/2023\/06\/PresentNature_hemsidan.png"],"thumbnailUrl":"https:\/\/instytutpolski.pl\/stockholm\/wp-content\/uploads\/sites\/17\/2023\/06\/PresentNature_hemsidan.png","datePublished":"2023-06-15T09:11:51+02:00","dateModified":"2023-06-15T09:11:53+02:00","author":{"@id":"https:\/\/instytutpolski.pl\/stockholm\/#\/schema\/person\/866a2c0f4ccf0982a286809684f7bc1e"},"breadcrumb":{"@id":"https:\/\/instytutpolski.pl\/stockholm\/2023\/06\/15\/utstallningen-present-nature-med-medverkan-av-den-polska-konstnaren-marta-bogdanska-pa-alma-lov-museum-of-unexp-art\/#breadcrumb"},"inLanguage":"pl-PL","potentialAction":[{"@type":"ReadAction","target":["https:\/\/instytutpolski.pl\/stockholm\/2023\/06\/15\/utstallningen-present-nature-med-medverkan-av-den-polska-konstnaren-marta-bogdanska-pa-alma-lov-museum-of-unexp-art\/"]}],"@context":"https:\/\/schema.org","startDate":"2023-06-17","endDate":"2023-08-27","eventStatus":"EventScheduled","eventAttendanceMode":"OfflineEventAttendanceMode","location":{"@type":"place","name":"Alma L\u00f6v Museum, \u00d6stra \u00c4mtervik, V\u00e4rmland","address":"Alma L\u00f6v Museum, \u00d6stra \u00c4mtervik, V\u00e4rmland","geo":{"@type":"GeoCoordinates","latitude":"59.61481241160121","longitude":"13.489898334478406"}},"description":"Utst\u00e4llningen \u201cPresent Nature\u201d p\u00e5g\u00e5r mellan 17 juni - 27 augusti 2023 och museet Alma L\u00f6v Museum of Unexp. Art i \u00d6stra \u00c4mtervik i V\u00e4rmland h\u00e5ller \u00f6ppet 11.00 \u2013 17.00 dagligen.\nAlma L\u00f6v Museum of Unexp. Art presenterar varje sommar en omfattande grupputst\u00e4llning med samtida svenska och internationella konstn\u00e4rer. I \u00e5rets konstprojekt \u201cPresent Nature\u201d medverkar fjorton konstn\u00e4rer fr\u00e5n sex l\u00e4nder som utifr\u00e5n olika infallsvinklar belyser natur och n\u00e4rvaro. Varje konstn\u00e4r har tilldelats separata utst\u00e4llningssalar i Alma L\u00f6vs huvudbyggnad och paviljonger d\u00e4r videoverk, platsspecifika installationer, m\u00e5leri, fotografi, textilkonst och skulpturer visas. Ocks\u00e5 i naturomr\u00e5det utomhus visas nya storskaliga installationer. De olika utst\u00e4llningarna presenterar en stor variation av ing\u00e5ngar till naturtemat. Det kan handla om enzymer, mikroorganismer och svampar, om djurens villkor, klimatf\u00f6r\u00e4ndringar, biodiversitet och livets f\u00f6rg\u00e4nglighet.\n\u201cShifters\u201d \u00e4r ett projekt av Marta Bogda\u0144ska som b\u00f6rjade som arkivforskning och insamlande av artiklar om djur anv\u00e4nda som spioner. Misst\u00e4nksamma ekorrar, spionerande delfiner, oidentifierade flygande storkar, radioaktiva \u00f6dlor, fotograferande duvor \u2014 alla dessa djur har figurerat i mainstream media anklagade f\u00f6r spionage. Hj\u00e4rtat i detta projekt \u00e4r en konstbok om 850 sidor f\u00f6rdelade p\u00e5 14 kapitel. Boken omfattar arkivmaterial och filmklipp samt texter skrivna av fyra f\u00f6rfattare (Helen Korpak, Stefan Lorenzutti, Jon Schubin, Samuel Tchorek-Bentall). Den blev publicerad av Foundation for Visual Arts och Landskrona Foto i maj 2021. 2022 utkorades den av PHotoESPA\u00d1A till \u00e5rets b\u00e4sta fotobok. Den blev nominerad till MACK First Book Award, Kassel Dummy Award och Luma Arles Dummy Book Award. Projektet best\u00e5r ocks\u00e5 av en videoess\u00e4 om 12 minuter, ett personligt arkiv samlat genom ing\u00e5ende forskning och en serie ljudber\u00e4ttelser som tillkommit kollektivt under workshops genomf\u00f6rda p\u00e5 olika platser.\nTill utst\u00e4llningen \u201cPresent Nature\u201d fokuserar Marta Bogdanska p\u00e5 lastdjur, i betydelsen djur som anv\u00e4nds att b\u00e4ra gods, varor eller utrustning. Under krig har dessa djur anv\u00e4nts i ofattbara m\u00e4ngder, men deras ber\u00e4ttelser \u00e4r fortfarande f\u00f6rbisedda och ignorerade. Ett urval av hundratals mindre arkivbilder visas med skilda ber\u00e4ttelser kring hur djuren anv\u00e4nts inom milit\u00e4r- och underr\u00e4ttelsetj\u00e4nst.\nMarta Bogda\u0144ska \u00e4r bildkonstn\u00e4r, fotograf, kulturchef och filmskapare. Hon studerade filosofi och genusvetenskap vid universitetet i Warszawa och i Beirut och har en examen i fotografi. Hennes verk har v\u00e4ckt stor uppm\u00e4rksamhet internationellt. \nTextk\u00e4llan: museets officiella webbsida &#x1f449; https:\/\/www.almalov.se\/present-nature\/\u00a0\u00a0\u00a0\nMer om Marta Bogda\u0144ska &#x1f449; http:\/\/martabogdanska.com\/\u00a0\u00a0\nProjektet \u00e4r ett samarbete mellan Alma L\u00f6v Museum of Unexp. Art, The Barbro Osher Pro Suecia Foundation, IASPIS Konstn\u00e4rsn\u00e4mnden, Konstfr\u00e4mjandet V\u00e4rmland, Region V\u00e4rmland, Sunne Kommun och Polska institutet i Stockholm."},{"@type":"ImageObject","inLanguage":"pl-PL","@id":"https:\/\/instytutpolski.pl\/stockholm\/2023\/06\/15\/utstallningen-present-nature-med-medverkan-av-den-polska-konstnaren-marta-bogdanska-pa-alma-lov-museum-of-unexp-art\/#primaryimage","url":"https:\/\/instytutpolski.pl\/stockholm\/wp-content\/uploads\/sites\/17\/2023\/06\/PresentNature_hemsidan.png","contentUrl":"https:\/\/instytutpolski.pl\/stockholm\/wp-content\/uploads\/sites\/17\/2023\/06\/PresentNature_hemsidan.png","width":1120,"height":630},{"@type":"BreadcrumbList","@id":"https:\/\/instytutpolski.pl\/stockholm\/2023\/06\/15\/utstallningen-present-nature-med-medverkan-av-den-polska-konstnaren-marta-bogdanska-pa-alma-lov-museum-of-unexp-art\/#breadcrumb","itemListElement":[{"@type":"ListItem","position":1,"name":"Home","item":"https:\/\/instytutpolski.pl\/stockholm\/"},{"@type":"ListItem","position":2,"name":"Utst\u00e4llningen \u201cPresent Nature\u201d med medverkan av den polska konstn\u00e4ren Marta Bogda\u0144ska p\u00e5 Alma L\u00f6v Museum of Unexp. Art"}]},{"@type":"WebSite","@id":"https:\/\/instytutpolski.pl\/stockholm\/#website","url":"https:\/\/instytutpolski.pl\/stockholm\/","name":"Instytut Polski w Sztokholmie","description":"Instytuty Polskie","potentialAction":[{"@type":"SearchAction","target":{"@type":"EntryPoint","urlTemplate":"https:\/\/instytutpolski.pl\/stockholm\/?s={search_term_string}"},"query-input":{"@type":"PropertyValueSpecification","valueRequired":true,"valueName":"search_term_string"}}],"inLanguage":"pl-PL"},{"@type":"Person","@id":"https:\/\/instytutpolski.pl\/stockholm\/#\/schema\/person\/866a2c0f4ccf0982a286809684f7bc1e","name":"treichelp","image":{"@type":"ImageObject","inLanguage":"pl-PL","@id":"https:\/\/instytutpolski.pl\/stockholm\/#\/schema\/person\/image\/","url":"https:\/\/secure.gravatar.com\/avatar\/fb2c1caae0df0854742a56fc463dd1fb?s=96&d=mm&r=g","contentUrl":"https:\/\/secure.gravatar.com\/avatar\/fb2c1caae0df0854742a56fc463dd1fb?s=96&d=mm&r=g","caption":"treichelp"},"url":"https:\/\/instytutpolski.pl\/stockholm\/author\/treichelp\/"}]}},"_links":{"self":[{"href":"https:\/\/instytutpolski.pl\/stockholm\/wp-json\/wp\/v2\/posts\/11029","targetHints":{"allow":["GET"]}}],"collection":[{"href":"https:\/\/instytutpolski.pl\/stockholm\/wp-json\/wp\/v2\/posts"}],"about":[{"href":"https:\/\/instytutpolski.pl\/stockholm\/wp-json\/wp\/v2\/types\/post"}],"author":[{"embeddable":true,"href":"https:\/\/instytutpolski.pl\/stockholm\/wp-json\/wp\/v2\/users\/173"}],"replies":[{"embeddable":true,"href":"https:\/\/instytutpolski.pl\/stockholm\/wp-json\/wp\/v2\/comments?post=11029"}],"version-history":[{"count":7,"href":"https:\/\/instytutpolski.pl\/stockholm\/wp-json\/wp\/v2\/posts\/11029\/revisions"}],"predecessor-version":[{"id":11046,"href":"https:\/\/instytutpolski.pl\/stockholm\/wp-json\/wp\/v2\/posts\/11029\/revisions\/11046"}],"wp:featuredmedia":[{"embeddable":true,"href":"https:\/\/instytutpolski.pl\/stockholm\/wp-json\/wp\/v2\/media\/11030"}],"wp:attachment":[{"href":"https:\/\/instytutpolski.pl\/stockholm\/wp-json\/wp\/v2\/media?parent=11029"}],"wp:term":[{"taxonomy":"category","embeddable":true,"href":"https:\/\/instytutpolski.pl\/stockholm\/wp-json\/wp\/v2\/categories?post=11029"},{"taxonomy":"post_tag","embeddable":true,"href":"https:\/\/instytutpolski.pl\/stockholm\/wp-json\/wp\/v2\/tags?post=11029"}],"curies":[{"name":"wp","href":"https:\/\/api.w.org\/{rel}","templated":true}]}}