{"id":11073,"date":"2023-06-21T14:43:59","date_gmt":"2023-06-21T12:43:59","guid":{"rendered":"https:\/\/instytutpolski.pl\/stockholm\/?p=11073"},"modified":"2023-10-30T14:28:40","modified_gmt":"2023-10-30T13:28:40","slug":"swietuj-z-nami-europejski-dzien-jezykow-2023","status":"publish","type":"post","link":"https:\/\/instytutpolski.pl\/stockholm\/pl\/2023\/06\/21\/swietuj-z-nami-europejski-dzien-jezykow-2023\/","title":{"rendered":"\u015awi\u0119tuj z nami Europejski Dzie\u0144 J\u0119zyk\u00f3w 2023!"},"content":{"rendered":"\n<p><strong>Kafejka j\u0119zykowa<\/strong><\/p>\n\n\n\n<p>W tym roku Europejski Dzie\u0144 J\u0119zyk\u00f3w \u015bwi\u0119tujemy we wtorek 26 wrze\u015bnia kiedy to, jak co roku, b\u0119dzie mia\u0142a miejsce kafejka j\u0119zykowa w Europahuset w Sztokholmie, organizowana we wsp\u00f3\u0142pracy z Komisj\u0105 Europejsk\u0105 oraz instytucjami kulturalnymi i plac\u00f3wkami dyplomatycznymi z siedzib\u0105 w Sztokholmie. W ramach kafejki j\u0119zykowej uczniowie b\u0119d\u0105 mieli okazj\u0119 wzi\u0105\u0107 udzia\u0142 w mini kursach j\u0119zykowych w ponad dwudziestu j\u0119zykach, takich jak ormia\u0144ski, esperanto, francuski, niemiecki, w\u0142oski, ukrai\u0144ski, islandzki, polski czy j\u0119zyk migowy. Jest to dla uczestnik\u00f3w \u015bwietna okazja do poznania nowych j\u0119zyk\u00f3w i wypr\u00f3bowania swoich umiej\u0119tno\u015bci lingwistycznych!<\/p>\n\n\n\n<p><strong>Kiedy<\/strong>: wtorek, 26 wrze\u015bnia, godz 9.00-15.00<\/p>\n\n\n\n<p><strong>Gdzie<\/strong>: Europahuset, pi\u0119tro 2, Regeringsgatan 65, Sztokholm<\/p>\n\n\n\n<p><strong>Zapisy<\/strong>: Nauczyciele mog\u0105 rejestrowa\u0107 klasy poprzez wys\u0142anie maila na adres edlcafe.registration@outlook.com. W wiadomo\u015bci nale\u017cy poda\u0107 nazw\u0119 szko\u0142y, imi\u0119 i nazwisko nauczyciela oraz numer telefonu kom\u00f3rkowego, a tak\u017ce klas\u0119 i liczb\u0119 uczni\u00f3w. UWAGA! Maksymalna liczba uczni\u00f3w z danej szko\u0142y to 60.<\/p>\n\n\n\n<p>Zapraszamy klasy gimnazjalne (sv. h\u00f6gstadiet) i ponadgimnazjalne (sv. gymnasiet). Wizyta jednej grupy trwa oko\u0142o 45 minut. Ostatni dzie\u0144 rejestracji: poniedzia\u0142ek, 18 wrze\u015bnia 2023.<\/p>\n\n\n\n<p>Kto pierwszy, ten lepszy! Serdecznie prosimy o jak najszybsze zawiadomienie w przypadku braku mo\u017cliwo\u015bci uczestnictwa w kafejce j\u0119zykowej, tak, aby szko\u0142y z listy rezerwowej mog\u0142y zaj\u0105\u0107 zwolnione miejsca.<\/p>\n\n\n\n<p><strong>Konkurs j\u0119zykowy 2023: Wygraj wycieczk\u0119 j\u0119zykow\u0105: Stw\u00f3rz kresk\u00f3wk\u0119 w swoim ulubionym j\u0119zyku!<\/strong><\/p>\n\n\n\n<p>Konkurs skierowany jest do uczni\u00f3w klas gimnazjalnych i ponadgimnazjalnych. Uczestnicy rywalizuj\u0105 indywidualnie, tj. zostanie wybrany tylko jeden zwyci\u0119zca. Pierwsz\u0105 nagrod\u0105 jest wyjazd j\u0119zykowy o warto\u015bci 20 000 SEK! Zapraszamy!<\/p>\n\n\n\n<p><strong>Zadanie<\/strong>: Stw\u00f3rz prosty i zabawny komiks o tematyce podr\u00f3\u017cy w czasie, w jednym z wymienionych poni\u017cej j\u0119zyk\u00f3w europejskich. W swoim komiksie mo\u017cesz u\u017cywa\u0107 wy\u0142\u0105cznie w\u0142asnych, oryginalnych tekst\u00f3w i materia\u0142\u00f3w. Mo\u017cesz wybra\u0107 ilo\u015b\u0107 ramek, a tak\u017ce spos\u00f3b podzia\u0142u obrazk\u00f3w. Na kartce A4 powinno znajdowa\u0107 si\u0119 od 3 do 8 obrazk\u00f3w ustawionych poziomo lub pionowo, tak, jak w za\u0142\u0105czonym na stronie Komisji Europejskiej przyk\u0142adowym dokumencie. Mo\u017cesz u\u017cywa\u0107 ramek tekstowych, podpis\u00f3w, dymk\u00f3w i innych rodzaj\u00f3w znak\u00f3w i obraz\u00f3w. Ponadto, aby zwi\u0119kszy\u0107 atrakcyjno\u015b\u0107 komiksu mo\u017cesz np. u\u017cy\u0107 j\u0119zyka m\u00f3wionego, zmienia\u0107 czcionki, czy stosowa\u0107 zar\u00f3wno drukowane, jak i pisane litery.<\/p>\n\n\n\n<p>Do komiksu nale\u017cy do\u0142\u0105czy\u0107 t\u0142umaczenie tekstu na j\u0119zyk szwedzki na osobnej kartce.<\/p>\n\n\n\n<p>Uczestnik (oraz opiekun) ponosi jest odpowiedzialny za dopilnowanie, aby \u017cadne materia\u0142y chronione prawem autorskim nie zosta\u0142y wykorzystane w ramach projektu. Jury zwraca szczeg\u00f3ln\u0105 uwag\u0119 na oryginalno\u015b\u0107 i humorystyczno\u015b\u0107 przes\u0142anych prac, oraz na klarown\u0105 struktur\u0119 komiksu (tj. praca powinna zawiera\u0107 wyra\u017any pocz\u0105tek, rozwini\u0119cie i zako\u0144czenie).<\/p>\n\n\n\n<p><strong>Regulamin konkursu<\/strong><\/p>\n\n\n\n<p>\u2022 Praca konkursowa musi by\u0107 sporz\u0105dzona w jednym z nast\u0119puj\u0105cych j\u0119zyk\u00f3w: alba\u0144ski, ormia\u0144ski, azerbejd\u017ca\u0144ski, baskijski, bu\u0142garski, bo\u015bniacki, du\u0144ski, esperanto, esto\u0144ski, fi\u0144ski, francuski, fryzyjski, farerski, galicyjski, gruzi\u0144ski, grecki, irlandzki, islandzki, w\u0142oski, jidysz, katalo\u0144ski\/walencja\u0144ski, chorwacki, walijski, \u0142otewski, litewski, luksemburski, macedo\u0144ski, malta\u0144ski, czarnog\u00f3rski, me\u00e4nkieli, holenderski, norweski, polski, portugalski, romski, rumu\u0144ski, rosyjski, lapo\u0144ski, serbski, s\u0142owacki, s\u0142owe\u0144ski, hiszpa\u0144ski, szwedzki j\u0119zyk migowy, czeski, turecki, niemiecki, ukrai\u0144ski i w\u0119gierski.<\/p>\n\n\n\n<p>\u2022 Praca konkursowa musi by\u0107 komiksem oryginalnie stworzonym przez uczestnika. Ze wzgl\u0119du na prawa autorskie nie wolno wykorzystywa\u0107 istniej\u0105cych obraz\u00f3w ani rysunk\u00f3w znalezionych w internecie.<\/p>\n\n\n\n<p>\u2022 Uczestnik musi ucz\u0119szcza\u0107 do gimnazjum lub liceum w Szwecji.<\/p>\n\n\n\n<p>\u2022 Dozwolone jest tylko jedno zg\u0142oszenie konkursowe na jednego uczestnika.<\/p>\n\n\n\n<p>\u2022 Organizatorzy nie ponosz\u0105 odpowiedzialno\u015bci, je\u015bli konkurs zostanie odwo\u0142any, prze\u0142o\u017cony lub zmieniony w wyniku nieprzewidzianych zdarze\u0144.<\/p>\n\n\n\n<p>\u2022 Uczestnik musi sam stworzy\u0107 prac\u0119 konkursow\u0105. Tre\u015bci nie mog\u0105 by\u0107 obra\u017aliwe lub sprzeczne z obowi\u0105zuj\u0105cymi przepisami dotycz\u0105cymi wolno\u015bci s\u0142owa lub prawami autorskimi. Za spe\u0142nienie tych warunk\u00f3w odpowiedzialny jest opiekun.<\/p>\n\n\n\n<p>\u2022 Sie\u0107 Spr\u00e5kdagen i Sverige (Dzie\u0144 J\u0119zyk\u00f3w w Szwecji) zastrzega sobie prawo do swobodnego wykorzystywania, powielania, adaptacji, publikowania i rozpowszechniania nades\u0142anych prac konkursowych w ramach dzia\u0142a\u0144 zwi\u0105zanych z Europejskim Dniem J\u0119zyk\u00f3w.<\/p>\n\n\n\n<p>\u2022 W konkursie mo\u017ce wzi\u0105\u0107 udzia\u0142 kilku uczestnik\u00f3w z tej samej klasy lub szko\u0142y, ale uczestnicy rywalizuj\u0105 indywidualnie.<\/p>\n\n\n\n<p>\u2022 Uczestnicy poni\u017cej 18 roku \u017cycia musz\u0105 posiada\u0107 zgod\u0119 opiekuna i wype\u0142ni\u0107 za\u0142\u0105czony na stronie Komisji Europejskiej formularz rejestracyjny.<\/p>\n\n\n\n<p>\u2022 Nagroda jest imienna, tj. wycieczka j\u0119zykowa nie mo\u017ce by\u0107 przekazana na rzecz innej osoby.<\/p>\n\n\n\n<p>\u2022 Zwyci\u0119zca wybierany jest przez jury sk\u0142adaj\u0105cego si\u0119 z przedstawicieli sieci Spr\u00e5kdagen i Sverige (Dzie\u0144 J\u0119zyk\u00f3w w Szwecji). Od decyzji jury nie przys\u0142uguje odwo\u0142anie.<\/p>\n\n\n\n<p><strong>Ka\u017cdy bior\u0105cy udzia\u0142 w konkursie wyra\u017ca zgod\u0119 na powy\u017cszy regulamin.<\/strong><\/p>\n\n\n\n<p><strong>Zapraszamy do udzia\u0142u w konkursie!<\/strong><\/p>\n\n\n\n<p>Prac\u0119 konkursow\u0105 nale\u017cy przes\u0142a\u0107 najp\u00f3\u017aniej 15 wrze\u015bnia 2023 r. do godz. 18.00 na adres mailowy <a href=\"mailto:comm-rep-sto-rsvp@ec.europa.eu\">comm-rep-sto-rsvp@ec.europa.eu<\/a>&nbsp;<\/p>\n\n\n\n<p>Uczestnik musi r\u00f3wnie\u017c wype\u0142ni\u0107 za\u0142\u0105czony na stronie Komisji Europejskiej formularz rejestracyjny i upewni\u0107 si\u0119, \u017ce zosta\u0142 on podpisany przez opiekuna, zeskanowany i wys\u0142any jako za\u0142\u0105cznik do wiadomo\u015bci e-mail.<\/p>\n\n\n\n<p><strong>Ceremonia wr\u0119czenia nagr\u00f3d i wyr\u00f3\u017cnie\u0144<\/strong><\/p>\n\n\n\n<p>Pierwsz\u0105 nagrod\u0105 jest bon na wyjazd j\u0119zykowy o warto\u015bci 20 000 SEK, kt\u00f3ry obejmuje kurs j\u0119zykowy, zakwaterowanie z pe\u0142nym\/cz\u0119\u015bciowym wy\u017cywieniem oraz przelot. Kieszonkowe oraz podr\u00f3\u017c do i z lotniska w Szwecji nie s\u0105 wliczone. Wr\u0119czenie nagrody odbywa si\u0119 w ramach obchod\u00f3w Europejskiego Dnia J\u0119zyk\u00f3w 26 wrze\u015bnia 2023 w Europahuset w Sztokholmie.<\/p>\n\n\n\n<p>Projekt jest wynikiem wsp\u00f3\u0142pracy Reprezentacji Komisji Europejskiej w Szwecji oraz Instytut\u00f3w kulturalnych i organizacji europejskich w Sztokholmie, w tym Instytutu Polskiego.<\/p>\n","protected":false},"excerpt":{"rendered":"<p>Kafejka j\u0119zykowa W tym roku Europejski Dzie\u0144 J\u0119zyk\u00f3w \u015bwi\u0119tujemy we wtorek 26 wrze\u015bnia kiedy to, jak co roku, b\u0119dzie mia\u0142a miejsce kafejka j\u0119zykowa w Europahuset w Sztokholmie, organizowana we wsp\u00f3\u0142pracy z Komisj\u0105 Europejsk\u0105 oraz instytucjami kulturalnymi i plac\u00f3wkami dyplomatycznymi z siedzib\u0105 w Sztokholmie. W ramach kafejki j\u0119zykowej uczniowie b\u0119d\u0105 mieli okazj\u0119 wzi\u0105\u0107 udzia\u0142 w mini [&hellip;]<\/p>\n","protected":false},"author":173,"featured_media":11060,"comment_status":"closed","ping_status":"closed","sticky":false,"template":"","format":"standard","meta":{"inline_featured_image":false,"_monsterinsights_skip_tracking":false,"_monsterinsights_sitenote_active":false,"_monsterinsights_sitenote_note":"","_monsterinsights_sitenote_category":0,"footnotes":""},"categories":[224,228,36],"tags":[],"class_list":["post-11073","post","type-post","status-publish","format-standard","has-post-thumbnail","hentry","category-aktualnosc-pl","category-jezyk","category-wydarzenie"],"yoast_head":"<!-- This site is optimized with the Yoast SEO plugin v24.6 - https:\/\/yoast.com\/wordpress\/plugins\/seo\/ -->\n<title>\u015awi\u0119tuj z nami Europejski Dzie\u0144 J\u0119zyk\u00f3w 2023! - Instytut Polski w Sztokholmie<\/title>\n<meta name=\"robots\" content=\"index, follow, max-snippet:-1, max-image-preview:large, max-video-preview:-1\" \/>\n<link rel=\"canonical\" href=\"https:\/\/instytutpolski.pl\/stockholm\/pl\/2023\/06\/21\/swietuj-z-nami-europejski-dzien-jezykow-2023\/\" \/>\n<meta property=\"og:locale\" content=\"pl_PL\" \/>\n<meta property=\"og:type\" content=\"article\" \/>\n<meta property=\"og:title\" content=\"\u015awi\u0119tuj z nami Europejski Dzie\u0144 J\u0119zyk\u00f3w 2023! - Instytut Polski w Sztokholmie\" \/>\n<meta property=\"og:description\" content=\"Kafejka j\u0119zykowa W tym roku Europejski Dzie\u0144 J\u0119zyk\u00f3w \u015bwi\u0119tujemy we wtorek 26 wrze\u015bnia kiedy to, jak co roku, b\u0119dzie mia\u0142a miejsce kafejka j\u0119zykowa w Europahuset w Sztokholmie, organizowana we wsp\u00f3\u0142pracy z Komisj\u0105 Europejsk\u0105 oraz instytucjami kulturalnymi i plac\u00f3wkami dyplomatycznymi z siedzib\u0105 w Sztokholmie. W ramach kafejki j\u0119zykowej uczniowie b\u0119d\u0105 mieli okazj\u0119 wzi\u0105\u0107 udzia\u0142 w mini [&hellip;]\" \/>\n<meta property=\"og:url\" content=\"https:\/\/instytutpolski.pl\/stockholm\/pl\/2023\/06\/21\/swietuj-z-nami-europejski-dzien-jezykow-2023\/\" \/>\n<meta property=\"og:site_name\" content=\"Instytut Polski w Sztokholmie\" \/>\n<meta property=\"article:published_time\" content=\"2023-06-21T12:43:59+00:00\" \/>\n<meta property=\"article:modified_time\" content=\"2023-10-30T13:28:40+00:00\" \/>\n<meta property=\"og:image\" content=\"https:\/\/instytutpolski.pl\/stockholm\/wp-content\/uploads\/sites\/17\/2023\/06\/EDL2023_Hemsidan.png\" \/>\n\t<meta property=\"og:image:width\" content=\"1120\" \/>\n\t<meta property=\"og:image:height\" content=\"630\" \/>\n\t<meta property=\"og:image:type\" content=\"image\/png\" \/>\n<meta name=\"author\" content=\"treichelp\" \/>\n<meta name=\"twitter:card\" content=\"summary_large_image\" \/>\n<meta name=\"twitter:label1\" content=\"Napisane przez\" \/>\n\t<meta name=\"twitter:data1\" content=\"treichelp\" \/>\n\t<meta name=\"twitter:label2\" content=\"Szacowany czas czytania\" \/>\n\t<meta name=\"twitter:data2\" content=\"5 minut\" \/>\n<script type=\"application\/ld+json\" class=\"yoast-schema-graph\">{\"@context\":\"https:\/\/schema.org\",\"@graph\":[{\"@type\":\"event\",\"@id\":\"https:\/\/instytutpolski.pl\/stockholm\/pl\/2023\/06\/21\/swietuj-z-nami-europejski-dzien-jezykow-2023\/\",\"url\":\"https:\/\/instytutpolski.pl\/stockholm\/pl\/2023\/06\/21\/swietuj-z-nami-europejski-dzien-jezykow-2023\/\",\"name\":\"\u015awi\u0119tuj z nami Europejski Dzie\u0144 J\u0119zyk\u00f3w 2023!\",\"isPartOf\":{\"@id\":\"https:\/\/instytutpolski.pl\/stockholm\/#website\"},\"primaryImageOfPage\":{\"@id\":\"https:\/\/instytutpolski.pl\/stockholm\/pl\/2023\/06\/21\/swietuj-z-nami-europejski-dzien-jezykow-2023\/#primaryimage\"},\"image\":[\"https:\/\/instytutpolski.pl\/stockholm\/wp-content\/uploads\/sites\/17\/2023\/06\/EDL2023_Hemsidan.png\",\"https:\/\/instytutpolski.pl\/stockholm\/wp-content\/uploads\/sites\/17\/2023\/06\/EDL2023_Hemsidan-300x169.png\",\"https:\/\/instytutpolski.pl\/stockholm\/wp-content\/uploads\/sites\/17\/2023\/06\/EDL2023_Hemsidan-1024x576.png\",\"https:\/\/instytutpolski.pl\/stockholm\/wp-content\/uploads\/sites\/17\/2023\/06\/EDL2023_Hemsidan.png\"],\"thumbnailUrl\":\"https:\/\/instytutpolski.pl\/stockholm\/wp-content\/uploads\/sites\/17\/2023\/06\/EDL2023_Hemsidan.png\",\"datePublished\":\"2023-06-21T12:43:59+02:00\",\"dateModified\":\"2023-10-30T13:28:40+02:00\",\"author\":{\"@id\":\"https:\/\/instytutpolski.pl\/stockholm\/#\/schema\/person\/866a2c0f4ccf0982a286809684f7bc1e\"},\"breadcrumb\":{\"@id\":\"https:\/\/instytutpolski.pl\/stockholm\/pl\/2023\/06\/21\/swietuj-z-nami-europejski-dzien-jezykow-2023\/#breadcrumb\"},\"inLanguage\":\"pl-PL\",\"potentialAction\":[{\"@type\":\"ReadAction\",\"target\":[\"https:\/\/instytutpolski.pl\/stockholm\/pl\/2023\/06\/21\/swietuj-z-nami-europejski-dzien-jezykow-2023\/\"]}],\"@context\":\"https:\/\/schema.org\",\"startDate\":\"2023-09-26T09:00:00+02:00\",\"endDate\":\"2023-09-26T03:00:00+02:00\",\"eventStatus\":\"EventScheduled\",\"eventAttendanceMode\":\"OfflineEventAttendanceMode\",\"location\":{\"@type\":\"place\",\"name\":\"Europahuset, Sztokholm\",\"address\":\"Europahuset, Sztokholm\",\"geo\":{\"@type\":\"GeoCoordinates\",\"latitude\":\"58.772856579740704\",\"longitude\":\"18.845681782235534\"}},\"description\":\"Kafejka j\u0119zykowa\\nW tym roku Europejski Dzie\u0144 J\u0119zyk\u00f3w \u015bwi\u0119tujemy we wtorek 26 wrze\u015bnia kiedy to, jak co roku, b\u0119dzie mia\u0142a miejsce kafejka j\u0119zykowa w Europahuset w Sztokholmie, organizowana we wsp\u00f3\u0142pracy z Komisj\u0105 Europejsk\u0105 oraz instytucjami kulturalnymi i plac\u00f3wkami dyplomatycznymi z siedzib\u0105 w Sztokholmie. W ramach kafejki j\u0119zykowej uczniowie b\u0119d\u0105 mieli okazj\u0119 wzi\u0105\u0107 udzia\u0142 w mini kursach j\u0119zykowych w ponad dwudziestu j\u0119zykach, takich jak ormia\u0144ski, esperanto, francuski, niemiecki, w\u0142oski, ukrai\u0144ski, islandzki, polski czy j\u0119zyk migowy. Jest to dla uczestnik\u00f3w \u015bwietna okazja do poznania nowych j\u0119zyk\u00f3w i wypr\u00f3bowania swoich umiej\u0119tno\u015bci lingwistycznych!\\nKiedy: wtorek, 26 wrze\u015bnia, godz 9.00-15.00\\nGdzie: Europahuset, pi\u0119tro 2, Regeringsgatan 65, Sztokholm\\nZapisy: Nauczyciele mog\u0105 rejestrowa\u0107 klasy poprzez wys\u0142anie maila na adres edlcafe.registration@outlook.com. W wiadomo\u015bci nale\u017cy poda\u0107 nazw\u0119 szko\u0142y, imi\u0119 i nazwisko nauczyciela oraz numer telefonu kom\u00f3rkowego, a tak\u017ce klas\u0119 i liczb\u0119 uczni\u00f3w. UWAGA! Maksymalna liczba uczni\u00f3w z danej szko\u0142y to 60.\\nZapraszamy klasy gimnazjalne (sv. h\u00f6gstadiet) i ponadgimnazjalne (sv. gymnasiet). Wizyta jednej grupy trwa oko\u0142o 45 minut. Ostatni dzie\u0144 rejestracji: poniedzia\u0142ek, 18 wrze\u015bnia 2023.\\nKto pierwszy, ten lepszy! Serdecznie prosimy o jak najszybsze zawiadomienie w przypadku braku mo\u017cliwo\u015bci uczestnictwa w kafejce j\u0119zykowej, tak, aby szko\u0142y z listy rezerwowej mog\u0142y zaj\u0105\u0107 zwolnione miejsca.\\nKonkurs j\u0119zykowy 2023: Wygraj wycieczk\u0119 j\u0119zykow\u0105: Stw\u00f3rz kresk\u00f3wk\u0119 w swoim ulubionym j\u0119zyku!\\nKonkurs skierowany jest do uczni\u00f3w klas gimnazjalnych i ponadgimnazjalnych. Uczestnicy rywalizuj\u0105 indywidualnie, tj. zostanie wybrany tylko jeden zwyci\u0119zca. Pierwsz\u0105 nagrod\u0105 jest wyjazd j\u0119zykowy o warto\u015bci 20 000 SEK! Zapraszamy!\\nZadanie: Stw\u00f3rz prosty i zabawny komiks o tematyce podr\u00f3\u017cy w czasie, w jednym z wymienionych poni\u017cej j\u0119zyk\u00f3w europejskich. W swoim komiksie mo\u017cesz u\u017cywa\u0107 wy\u0142\u0105cznie w\u0142asnych, oryginalnych tekst\u00f3w i materia\u0142\u00f3w. Mo\u017cesz wybra\u0107 ilo\u015b\u0107 ramek, a tak\u017ce spos\u00f3b podzia\u0142u obrazk\u00f3w. Na kartce A4 powinno znajdowa\u0107 si\u0119 od 3 do 8 obrazk\u00f3w ustawionych poziomo lub pionowo, tak, jak w za\u0142\u0105czonym na stronie Komisji Europejskiej przyk\u0142adowym dokumencie. Mo\u017cesz u\u017cywa\u0107 ramek tekstowych, podpis\u00f3w, dymk\u00f3w i innych rodzaj\u00f3w znak\u00f3w i obraz\u00f3w. Ponadto, aby zwi\u0119kszy\u0107 atrakcyjno\u015b\u0107 komiksu mo\u017cesz np. u\u017cy\u0107 j\u0119zyka m\u00f3wionego, zmienia\u0107 czcionki, czy stosowa\u0107 zar\u00f3wno drukowane, jak i pisane litery.\\nDo komiksu nale\u017cy do\u0142\u0105czy\u0107 t\u0142umaczenie tekstu na j\u0119zyk szwedzki na osobnej kartce.\\nUczestnik (oraz opiekun) ponosi jest odpowiedzialny za dopilnowanie, aby \u017cadne materia\u0142y chronione prawem autorskim nie zosta\u0142y wykorzystane w ramach projektu. Jury zwraca szczeg\u00f3ln\u0105 uwag\u0119 na oryginalno\u015b\u0107 i humorystyczno\u015b\u0107 przes\u0142anych prac, oraz na klarown\u0105 struktur\u0119 komiksu (tj. praca powinna zawiera\u0107 wyra\u017any pocz\u0105tek, rozwini\u0119cie i zako\u0144czenie).\\nRegulamin konkursu\\n\u2022 Praca konkursowa musi by\u0107 sporz\u0105dzona w jednym z nast\u0119puj\u0105cych j\u0119zyk\u00f3w: alba\u0144ski, ormia\u0144ski, azerbejd\u017ca\u0144ski, baskijski, bu\u0142garski, bo\u015bniacki, du\u0144ski, esperanto, esto\u0144ski, fi\u0144ski, francuski, fryzyjski, farerski, galicyjski, gruzi\u0144ski, grecki, irlandzki, islandzki, w\u0142oski, jidysz, katalo\u0144ski\/walencja\u0144ski, chorwacki, walijski, \u0142otewski, litewski, luksemburski, macedo\u0144ski, malta\u0144ski, czarnog\u00f3rski, me\u00e4nkieli, holenderski, norweski, polski, portugalski, romski, rumu\u0144ski, rosyjski, lapo\u0144ski, serbski, s\u0142owacki, s\u0142owe\u0144ski, hiszpa\u0144ski, szwedzki j\u0119zyk migowy, czeski, turecki, niemiecki, ukrai\u0144ski i w\u0119gierski.\\n\u2022 Praca konkursowa musi by\u0107 komiksem oryginalnie stworzonym przez uczestnika. Ze wzgl\u0119du na prawa autorskie nie wolno wykorzystywa\u0107 istniej\u0105cych obraz\u00f3w ani rysunk\u00f3w znalezionych w internecie.\\n\u2022 Uczestnik musi ucz\u0119szcza\u0107 do gimnazjum lub liceum w Szwecji.\\n\u2022 Dozwolone jest tylko jedno zg\u0142oszenie konkursowe na jednego uczestnika.\\n\u2022 Organizatorzy nie ponosz\u0105 odpowiedzialno\u015bci, je\u015bli konkurs zostanie odwo\u0142any, prze\u0142o\u017cony lub zmieniony w wyniku nieprzewidzianych zdarze\u0144.\\n\u2022 Uczestnik musi sam stworzy\u0107 prac\u0119 konkursow\u0105. Tre\u015bci nie mog\u0105 by\u0107 obra\u017aliwe lub sprzeczne z obowi\u0105zuj\u0105cymi przepisami dotycz\u0105cymi wolno\u015bci s\u0142owa lub prawami autorskimi. Za spe\u0142nienie tych warunk\u00f3w odpowiedzialny jest opiekun.\\n\u2022 Sie\u0107 Spr\u00e5kdagen i Sverige (Dzie\u0144 J\u0119zyk\u00f3w w Szwecji) zastrzega sobie prawo do swobodnego wykorzystywania, powielania, adaptacji, publikowania i rozpowszechniania nades\u0142anych prac konkursowych w ramach dzia\u0142a\u0144 zwi\u0105zanych z Europejskim Dniem J\u0119zyk\u00f3w.\\n\u2022 W konkursie mo\u017ce wzi\u0105\u0107 udzia\u0142 kilku uczestnik\u00f3w z tej samej klasy lub szko\u0142y, ale uczestnicy rywalizuj\u0105 indywidualnie.\\n\u2022 Uczestnicy poni\u017cej 18 roku \u017cycia musz\u0105 posiada\u0107 zgod\u0119 opiekuna i wype\u0142ni\u0107 za\u0142\u0105czony na stronie Komisji Europejskiej formularz rejestracyjny.\\n\u2022 Nagroda jest imienna, tj. wycieczka j\u0119zykowa nie mo\u017ce by\u0107 przekazana na rzecz innej osoby.\\n\u2022 Zwyci\u0119zca wybierany jest przez jury sk\u0142adaj\u0105cego si\u0119 z przedstawicieli sieci Spr\u00e5kdagen i Sverige (Dzie\u0144 J\u0119zyk\u00f3w w Szwecji). Od decyzji jury nie przys\u0142uguje odwo\u0142anie.\\nKa\u017cdy bior\u0105cy udzia\u0142 w konkursie wyra\u017ca zgod\u0119 na powy\u017cszy regulamin.\\nZapraszamy do udzia\u0142u w konkursie!\\nPrac\u0119 konkursow\u0105 nale\u017cy przes\u0142a\u0107 najp\u00f3\u017aniej 15 wrze\u015bnia 2023 r. do godz. 18.00 na adres mailowy comm-rep-sto-rsvp@ec.europa.eu \\nUczestnik musi r\u00f3wnie\u017c wype\u0142ni\u0107 za\u0142\u0105czony na stronie Komisji Europejskiej formularz rejestracyjny i upewni\u0107 si\u0119, \u017ce zosta\u0142 on podpisany przez opiekuna, zeskanowany i wys\u0142any jako za\u0142\u0105cznik do wiadomo\u015bci e-mail.\\nCeremonia wr\u0119czenia nagr\u00f3d i wyr\u00f3\u017cnie\u0144\\nPierwsz\u0105 nagrod\u0105 jest bon na wyjazd j\u0119zykowy o warto\u015bci 20 000 SEK, kt\u00f3ry obejmuje kurs j\u0119zykowy, zakwaterowanie z pe\u0142nym\/cz\u0119\u015bciowym wy\u017cywieniem oraz przelot. Kieszonkowe oraz podr\u00f3\u017c do i z lotniska w Szwecji nie s\u0105 wliczone. Wr\u0119czenie nagrody odbywa si\u0119 w ramach obchod\u00f3w Europejskiego Dnia J\u0119zyk\u00f3w 26 wrze\u015bnia 2023 w Europahuset w Sztokholmie.\\nProjekt jest wynikiem wsp\u00f3\u0142pracy Reprezentacji Komisji Europejskiej w Szwecji oraz Instytut\u00f3w kulturalnych i organizacji europejskich w Sztokholmie, w tym Instytutu Polskiego.\"},{\"@type\":\"ImageObject\",\"inLanguage\":\"pl-PL\",\"@id\":\"https:\/\/instytutpolski.pl\/stockholm\/pl\/2023\/06\/21\/swietuj-z-nami-europejski-dzien-jezykow-2023\/#primaryimage\",\"url\":\"https:\/\/instytutpolski.pl\/stockholm\/wp-content\/uploads\/sites\/17\/2023\/06\/EDL2023_Hemsidan.png\",\"contentUrl\":\"https:\/\/instytutpolski.pl\/stockholm\/wp-content\/uploads\/sites\/17\/2023\/06\/EDL2023_Hemsidan.png\",\"width\":1120,\"height\":630},{\"@type\":\"BreadcrumbList\",\"@id\":\"https:\/\/instytutpolski.pl\/stockholm\/pl\/2023\/06\/21\/swietuj-z-nami-europejski-dzien-jezykow-2023\/#breadcrumb\",\"itemListElement\":[{\"@type\":\"ListItem\",\"position\":1,\"name\":\"Home\",\"item\":\"https:\/\/instytutpolski.pl\/stockholm\/\"},{\"@type\":\"ListItem\",\"position\":2,\"name\":\"\u015awi\u0119tuj z nami Europejski Dzie\u0144 J\u0119zyk\u00f3w 2023!\"}]},{\"@type\":\"WebSite\",\"@id\":\"https:\/\/instytutpolski.pl\/stockholm\/#website\",\"url\":\"https:\/\/instytutpolski.pl\/stockholm\/\",\"name\":\"Instytut Polski w Sztokholmie\",\"description\":\"Instytuty Polskie\",\"potentialAction\":[{\"@type\":\"SearchAction\",\"target\":{\"@type\":\"EntryPoint\",\"urlTemplate\":\"https:\/\/instytutpolski.pl\/stockholm\/?s={search_term_string}\"},\"query-input\":{\"@type\":\"PropertyValueSpecification\",\"valueRequired\":true,\"valueName\":\"search_term_string\"}}],\"inLanguage\":\"pl-PL\"},{\"@type\":\"Person\",\"@id\":\"https:\/\/instytutpolski.pl\/stockholm\/#\/schema\/person\/866a2c0f4ccf0982a286809684f7bc1e\",\"name\":\"treichelp\",\"image\":{\"@type\":\"ImageObject\",\"inLanguage\":\"pl-PL\",\"@id\":\"https:\/\/instytutpolski.pl\/stockholm\/#\/schema\/person\/image\/\",\"url\":\"https:\/\/secure.gravatar.com\/avatar\/fb2c1caae0df0854742a56fc463dd1fb?s=96&d=mm&r=g\",\"contentUrl\":\"https:\/\/secure.gravatar.com\/avatar\/fb2c1caae0df0854742a56fc463dd1fb?s=96&d=mm&r=g\",\"caption\":\"treichelp\"},\"url\":\"https:\/\/instytutpolski.pl\/stockholm\/author\/treichelp\/\"}]}<\/script>\n<!-- \/ Yoast SEO plugin. -->","yoast_head_json":{"title":"\u015awi\u0119tuj z nami Europejski Dzie\u0144 J\u0119zyk\u00f3w 2023! - Instytut Polski w Sztokholmie","robots":{"index":"index","follow":"follow","max-snippet":"max-snippet:-1","max-image-preview":"max-image-preview:large","max-video-preview":"max-video-preview:-1"},"canonical":"https:\/\/instytutpolski.pl\/stockholm\/pl\/2023\/06\/21\/swietuj-z-nami-europejski-dzien-jezykow-2023\/","og_locale":"pl_PL","og_type":"article","og_title":"\u015awi\u0119tuj z nami Europejski Dzie\u0144 J\u0119zyk\u00f3w 2023! - Instytut Polski w Sztokholmie","og_description":"Kafejka j\u0119zykowa W tym roku Europejski Dzie\u0144 J\u0119zyk\u00f3w \u015bwi\u0119tujemy we wtorek 26 wrze\u015bnia kiedy to, jak co roku, b\u0119dzie mia\u0142a miejsce kafejka j\u0119zykowa w Europahuset w Sztokholmie, organizowana we wsp\u00f3\u0142pracy z Komisj\u0105 Europejsk\u0105 oraz instytucjami kulturalnymi i plac\u00f3wkami dyplomatycznymi z siedzib\u0105 w Sztokholmie. W ramach kafejki j\u0119zykowej uczniowie b\u0119d\u0105 mieli okazj\u0119 wzi\u0105\u0107 udzia\u0142 w mini [&hellip;]","og_url":"https:\/\/instytutpolski.pl\/stockholm\/pl\/2023\/06\/21\/swietuj-z-nami-europejski-dzien-jezykow-2023\/","og_site_name":"Instytut Polski w Sztokholmie","article_published_time":"2023-06-21T12:43:59+00:00","article_modified_time":"2023-10-30T13:28:40+00:00","og_image":[{"width":1120,"height":630,"url":"https:\/\/instytutpolski.pl\/stockholm\/wp-content\/uploads\/sites\/17\/2023\/06\/EDL2023_Hemsidan.png","type":"image\/png"}],"author":"treichelp","twitter_card":"summary_large_image","twitter_misc":{"Napisane przez":"treichelp","Szacowany czas czytania":"5 minut"},"schema":{"@context":"https:\/\/schema.org","@graph":[{"@type":"event","@id":"https:\/\/instytutpolski.pl\/stockholm\/pl\/2023\/06\/21\/swietuj-z-nami-europejski-dzien-jezykow-2023\/","url":"https:\/\/instytutpolski.pl\/stockholm\/pl\/2023\/06\/21\/swietuj-z-nami-europejski-dzien-jezykow-2023\/","name":"\u015awi\u0119tuj z nami Europejski Dzie\u0144 J\u0119zyk\u00f3w 2023!","isPartOf":{"@id":"https:\/\/instytutpolski.pl\/stockholm\/#website"},"primaryImageOfPage":{"@id":"https:\/\/instytutpolski.pl\/stockholm\/pl\/2023\/06\/21\/swietuj-z-nami-europejski-dzien-jezykow-2023\/#primaryimage"},"image":["https:\/\/instytutpolski.pl\/stockholm\/wp-content\/uploads\/sites\/17\/2023\/06\/EDL2023_Hemsidan.png","https:\/\/instytutpolski.pl\/stockholm\/wp-content\/uploads\/sites\/17\/2023\/06\/EDL2023_Hemsidan-300x169.png","https:\/\/instytutpolski.pl\/stockholm\/wp-content\/uploads\/sites\/17\/2023\/06\/EDL2023_Hemsidan-1024x576.png","https:\/\/instytutpolski.pl\/stockholm\/wp-content\/uploads\/sites\/17\/2023\/06\/EDL2023_Hemsidan.png"],"thumbnailUrl":"https:\/\/instytutpolski.pl\/stockholm\/wp-content\/uploads\/sites\/17\/2023\/06\/EDL2023_Hemsidan.png","datePublished":"2023-06-21T12:43:59+02:00","dateModified":"2023-10-30T13:28:40+02:00","author":{"@id":"https:\/\/instytutpolski.pl\/stockholm\/#\/schema\/person\/866a2c0f4ccf0982a286809684f7bc1e"},"breadcrumb":{"@id":"https:\/\/instytutpolski.pl\/stockholm\/pl\/2023\/06\/21\/swietuj-z-nami-europejski-dzien-jezykow-2023\/#breadcrumb"},"inLanguage":"pl-PL","potentialAction":[{"@type":"ReadAction","target":["https:\/\/instytutpolski.pl\/stockholm\/pl\/2023\/06\/21\/swietuj-z-nami-europejski-dzien-jezykow-2023\/"]}],"@context":"https:\/\/schema.org","startDate":"2023-09-26T09:00:00+02:00","endDate":"2023-09-26T03:00:00+02:00","eventStatus":"EventScheduled","eventAttendanceMode":"OfflineEventAttendanceMode","location":{"@type":"place","name":"Europahuset, Sztokholm","address":"Europahuset, Sztokholm","geo":{"@type":"GeoCoordinates","latitude":"58.772856579740704","longitude":"18.845681782235534"}},"description":"Kafejka j\u0119zykowa\nW tym roku Europejski Dzie\u0144 J\u0119zyk\u00f3w \u015bwi\u0119tujemy we wtorek 26 wrze\u015bnia kiedy to, jak co roku, b\u0119dzie mia\u0142a miejsce kafejka j\u0119zykowa w Europahuset w Sztokholmie, organizowana we wsp\u00f3\u0142pracy z Komisj\u0105 Europejsk\u0105 oraz instytucjami kulturalnymi i plac\u00f3wkami dyplomatycznymi z siedzib\u0105 w Sztokholmie. W ramach kafejki j\u0119zykowej uczniowie b\u0119d\u0105 mieli okazj\u0119 wzi\u0105\u0107 udzia\u0142 w mini kursach j\u0119zykowych w ponad dwudziestu j\u0119zykach, takich jak ormia\u0144ski, esperanto, francuski, niemiecki, w\u0142oski, ukrai\u0144ski, islandzki, polski czy j\u0119zyk migowy. Jest to dla uczestnik\u00f3w \u015bwietna okazja do poznania nowych j\u0119zyk\u00f3w i wypr\u00f3bowania swoich umiej\u0119tno\u015bci lingwistycznych!\nKiedy: wtorek, 26 wrze\u015bnia, godz 9.00-15.00\nGdzie: Europahuset, pi\u0119tro 2, Regeringsgatan 65, Sztokholm\nZapisy: Nauczyciele mog\u0105 rejestrowa\u0107 klasy poprzez wys\u0142anie maila na adres edlcafe.registration@outlook.com. W wiadomo\u015bci nale\u017cy poda\u0107 nazw\u0119 szko\u0142y, imi\u0119 i nazwisko nauczyciela oraz numer telefonu kom\u00f3rkowego, a tak\u017ce klas\u0119 i liczb\u0119 uczni\u00f3w. UWAGA! Maksymalna liczba uczni\u00f3w z danej szko\u0142y to 60.\nZapraszamy klasy gimnazjalne (sv. h\u00f6gstadiet) i ponadgimnazjalne (sv. gymnasiet). Wizyta jednej grupy trwa oko\u0142o 45 minut. Ostatni dzie\u0144 rejestracji: poniedzia\u0142ek, 18 wrze\u015bnia 2023.\nKto pierwszy, ten lepszy! Serdecznie prosimy o jak najszybsze zawiadomienie w przypadku braku mo\u017cliwo\u015bci uczestnictwa w kafejce j\u0119zykowej, tak, aby szko\u0142y z listy rezerwowej mog\u0142y zaj\u0105\u0107 zwolnione miejsca.\nKonkurs j\u0119zykowy 2023: Wygraj wycieczk\u0119 j\u0119zykow\u0105: Stw\u00f3rz kresk\u00f3wk\u0119 w swoim ulubionym j\u0119zyku!\nKonkurs skierowany jest do uczni\u00f3w klas gimnazjalnych i ponadgimnazjalnych. Uczestnicy rywalizuj\u0105 indywidualnie, tj. zostanie wybrany tylko jeden zwyci\u0119zca. Pierwsz\u0105 nagrod\u0105 jest wyjazd j\u0119zykowy o warto\u015bci 20 000 SEK! Zapraszamy!\nZadanie: Stw\u00f3rz prosty i zabawny komiks o tematyce podr\u00f3\u017cy w czasie, w jednym z wymienionych poni\u017cej j\u0119zyk\u00f3w europejskich. W swoim komiksie mo\u017cesz u\u017cywa\u0107 wy\u0142\u0105cznie w\u0142asnych, oryginalnych tekst\u00f3w i materia\u0142\u00f3w. Mo\u017cesz wybra\u0107 ilo\u015b\u0107 ramek, a tak\u017ce spos\u00f3b podzia\u0142u obrazk\u00f3w. Na kartce A4 powinno znajdowa\u0107 si\u0119 od 3 do 8 obrazk\u00f3w ustawionych poziomo lub pionowo, tak, jak w za\u0142\u0105czonym na stronie Komisji Europejskiej przyk\u0142adowym dokumencie. Mo\u017cesz u\u017cywa\u0107 ramek tekstowych, podpis\u00f3w, dymk\u00f3w i innych rodzaj\u00f3w znak\u00f3w i obraz\u00f3w. Ponadto, aby zwi\u0119kszy\u0107 atrakcyjno\u015b\u0107 komiksu mo\u017cesz np. u\u017cy\u0107 j\u0119zyka m\u00f3wionego, zmienia\u0107 czcionki, czy stosowa\u0107 zar\u00f3wno drukowane, jak i pisane litery.\nDo komiksu nale\u017cy do\u0142\u0105czy\u0107 t\u0142umaczenie tekstu na j\u0119zyk szwedzki na osobnej kartce.\nUczestnik (oraz opiekun) ponosi jest odpowiedzialny za dopilnowanie, aby \u017cadne materia\u0142y chronione prawem autorskim nie zosta\u0142y wykorzystane w ramach projektu. Jury zwraca szczeg\u00f3ln\u0105 uwag\u0119 na oryginalno\u015b\u0107 i humorystyczno\u015b\u0107 przes\u0142anych prac, oraz na klarown\u0105 struktur\u0119 komiksu (tj. praca powinna zawiera\u0107 wyra\u017any pocz\u0105tek, rozwini\u0119cie i zako\u0144czenie).\nRegulamin konkursu\n\u2022 Praca konkursowa musi by\u0107 sporz\u0105dzona w jednym z nast\u0119puj\u0105cych j\u0119zyk\u00f3w: alba\u0144ski, ormia\u0144ski, azerbejd\u017ca\u0144ski, baskijski, bu\u0142garski, bo\u015bniacki, du\u0144ski, esperanto, esto\u0144ski, fi\u0144ski, francuski, fryzyjski, farerski, galicyjski, gruzi\u0144ski, grecki, irlandzki, islandzki, w\u0142oski, jidysz, katalo\u0144ski\/walencja\u0144ski, chorwacki, walijski, \u0142otewski, litewski, luksemburski, macedo\u0144ski, malta\u0144ski, czarnog\u00f3rski, me\u00e4nkieli, holenderski, norweski, polski, portugalski, romski, rumu\u0144ski, rosyjski, lapo\u0144ski, serbski, s\u0142owacki, s\u0142owe\u0144ski, hiszpa\u0144ski, szwedzki j\u0119zyk migowy, czeski, turecki, niemiecki, ukrai\u0144ski i w\u0119gierski.\n\u2022 Praca konkursowa musi by\u0107 komiksem oryginalnie stworzonym przez uczestnika. Ze wzgl\u0119du na prawa autorskie nie wolno wykorzystywa\u0107 istniej\u0105cych obraz\u00f3w ani rysunk\u00f3w znalezionych w internecie.\n\u2022 Uczestnik musi ucz\u0119szcza\u0107 do gimnazjum lub liceum w Szwecji.\n\u2022 Dozwolone jest tylko jedno zg\u0142oszenie konkursowe na jednego uczestnika.\n\u2022 Organizatorzy nie ponosz\u0105 odpowiedzialno\u015bci, je\u015bli konkurs zostanie odwo\u0142any, prze\u0142o\u017cony lub zmieniony w wyniku nieprzewidzianych zdarze\u0144.\n\u2022 Uczestnik musi sam stworzy\u0107 prac\u0119 konkursow\u0105. Tre\u015bci nie mog\u0105 by\u0107 obra\u017aliwe lub sprzeczne z obowi\u0105zuj\u0105cymi przepisami dotycz\u0105cymi wolno\u015bci s\u0142owa lub prawami autorskimi. Za spe\u0142nienie tych warunk\u00f3w odpowiedzialny jest opiekun.\n\u2022 Sie\u0107 Spr\u00e5kdagen i Sverige (Dzie\u0144 J\u0119zyk\u00f3w w Szwecji) zastrzega sobie prawo do swobodnego wykorzystywania, powielania, adaptacji, publikowania i rozpowszechniania nades\u0142anych prac konkursowych w ramach dzia\u0142a\u0144 zwi\u0105zanych z Europejskim Dniem J\u0119zyk\u00f3w.\n\u2022 W konkursie mo\u017ce wzi\u0105\u0107 udzia\u0142 kilku uczestnik\u00f3w z tej samej klasy lub szko\u0142y, ale uczestnicy rywalizuj\u0105 indywidualnie.\n\u2022 Uczestnicy poni\u017cej 18 roku \u017cycia musz\u0105 posiada\u0107 zgod\u0119 opiekuna i wype\u0142ni\u0107 za\u0142\u0105czony na stronie Komisji Europejskiej formularz rejestracyjny.\n\u2022 Nagroda jest imienna, tj. wycieczka j\u0119zykowa nie mo\u017ce by\u0107 przekazana na rzecz innej osoby.\n\u2022 Zwyci\u0119zca wybierany jest przez jury sk\u0142adaj\u0105cego si\u0119 z przedstawicieli sieci Spr\u00e5kdagen i Sverige (Dzie\u0144 J\u0119zyk\u00f3w w Szwecji). Od decyzji jury nie przys\u0142uguje odwo\u0142anie.\nKa\u017cdy bior\u0105cy udzia\u0142 w konkursie wyra\u017ca zgod\u0119 na powy\u017cszy regulamin.\nZapraszamy do udzia\u0142u w konkursie!\nPrac\u0119 konkursow\u0105 nale\u017cy przes\u0142a\u0107 najp\u00f3\u017aniej 15 wrze\u015bnia 2023 r. do godz. 18.00 na adres mailowy comm-rep-sto-rsvp@ec.europa.eu \nUczestnik musi r\u00f3wnie\u017c wype\u0142ni\u0107 za\u0142\u0105czony na stronie Komisji Europejskiej formularz rejestracyjny i upewni\u0107 si\u0119, \u017ce zosta\u0142 on podpisany przez opiekuna, zeskanowany i wys\u0142any jako za\u0142\u0105cznik do wiadomo\u015bci e-mail.\nCeremonia wr\u0119czenia nagr\u00f3d i wyr\u00f3\u017cnie\u0144\nPierwsz\u0105 nagrod\u0105 jest bon na wyjazd j\u0119zykowy o warto\u015bci 20 000 SEK, kt\u00f3ry obejmuje kurs j\u0119zykowy, zakwaterowanie z pe\u0142nym\/cz\u0119\u015bciowym wy\u017cywieniem oraz przelot. Kieszonkowe oraz podr\u00f3\u017c do i z lotniska w Szwecji nie s\u0105 wliczone. Wr\u0119czenie nagrody odbywa si\u0119 w ramach obchod\u00f3w Europejskiego Dnia J\u0119zyk\u00f3w 26 wrze\u015bnia 2023 w Europahuset w Sztokholmie.\nProjekt jest wynikiem wsp\u00f3\u0142pracy Reprezentacji Komisji Europejskiej w Szwecji oraz Instytut\u00f3w kulturalnych i organizacji europejskich w Sztokholmie, w tym Instytutu Polskiego."},{"@type":"ImageObject","inLanguage":"pl-PL","@id":"https:\/\/instytutpolski.pl\/stockholm\/pl\/2023\/06\/21\/swietuj-z-nami-europejski-dzien-jezykow-2023\/#primaryimage","url":"https:\/\/instytutpolski.pl\/stockholm\/wp-content\/uploads\/sites\/17\/2023\/06\/EDL2023_Hemsidan.png","contentUrl":"https:\/\/instytutpolski.pl\/stockholm\/wp-content\/uploads\/sites\/17\/2023\/06\/EDL2023_Hemsidan.png","width":1120,"height":630},{"@type":"BreadcrumbList","@id":"https:\/\/instytutpolski.pl\/stockholm\/pl\/2023\/06\/21\/swietuj-z-nami-europejski-dzien-jezykow-2023\/#breadcrumb","itemListElement":[{"@type":"ListItem","position":1,"name":"Home","item":"https:\/\/instytutpolski.pl\/stockholm\/"},{"@type":"ListItem","position":2,"name":"\u015awi\u0119tuj z nami Europejski Dzie\u0144 J\u0119zyk\u00f3w 2023!"}]},{"@type":"WebSite","@id":"https:\/\/instytutpolski.pl\/stockholm\/#website","url":"https:\/\/instytutpolski.pl\/stockholm\/","name":"Instytut Polski w Sztokholmie","description":"Instytuty Polskie","potentialAction":[{"@type":"SearchAction","target":{"@type":"EntryPoint","urlTemplate":"https:\/\/instytutpolski.pl\/stockholm\/?s={search_term_string}"},"query-input":{"@type":"PropertyValueSpecification","valueRequired":true,"valueName":"search_term_string"}}],"inLanguage":"pl-PL"},{"@type":"Person","@id":"https:\/\/instytutpolski.pl\/stockholm\/#\/schema\/person\/866a2c0f4ccf0982a286809684f7bc1e","name":"treichelp","image":{"@type":"ImageObject","inLanguage":"pl-PL","@id":"https:\/\/instytutpolski.pl\/stockholm\/#\/schema\/person\/image\/","url":"https:\/\/secure.gravatar.com\/avatar\/fb2c1caae0df0854742a56fc463dd1fb?s=96&d=mm&r=g","contentUrl":"https:\/\/secure.gravatar.com\/avatar\/fb2c1caae0df0854742a56fc463dd1fb?s=96&d=mm&r=g","caption":"treichelp"},"url":"https:\/\/instytutpolski.pl\/stockholm\/author\/treichelp\/"}]}},"_links":{"self":[{"href":"https:\/\/instytutpolski.pl\/stockholm\/wp-json\/wp\/v2\/posts\/11073","targetHints":{"allow":["GET"]}}],"collection":[{"href":"https:\/\/instytutpolski.pl\/stockholm\/wp-json\/wp\/v2\/posts"}],"about":[{"href":"https:\/\/instytutpolski.pl\/stockholm\/wp-json\/wp\/v2\/types\/post"}],"author":[{"embeddable":true,"href":"https:\/\/instytutpolski.pl\/stockholm\/wp-json\/wp\/v2\/users\/173"}],"replies":[{"embeddable":true,"href":"https:\/\/instytutpolski.pl\/stockholm\/wp-json\/wp\/v2\/comments?post=11073"}],"version-history":[{"count":4,"href":"https:\/\/instytutpolski.pl\/stockholm\/wp-json\/wp\/v2\/posts\/11073\/revisions"}],"predecessor-version":[{"id":11861,"href":"https:\/\/instytutpolski.pl\/stockholm\/wp-json\/wp\/v2\/posts\/11073\/revisions\/11861"}],"wp:featuredmedia":[{"embeddable":true,"href":"https:\/\/instytutpolski.pl\/stockholm\/wp-json\/wp\/v2\/media\/11060"}],"wp:attachment":[{"href":"https:\/\/instytutpolski.pl\/stockholm\/wp-json\/wp\/v2\/media?parent=11073"}],"wp:term":[{"taxonomy":"category","embeddable":true,"href":"https:\/\/instytutpolski.pl\/stockholm\/wp-json\/wp\/v2\/categories?post=11073"},{"taxonomy":"post_tag","embeddable":true,"href":"https:\/\/instytutpolski.pl\/stockholm\/wp-json\/wp\/v2\/tags?post=11073"}],"curies":[{"name":"wp","href":"https:\/\/api.w.org\/{rel}","templated":true}]}}