{"id":11135,"date":"2023-07-05T15:39:05","date_gmt":"2023-07-05T13:39:05","guid":{"rendered":"https:\/\/instytutpolski.pl\/stockholm\/?p=11135"},"modified":"2023-07-05T15:45:32","modified_gmt":"2023-07-05T13:45:32","slug":"fotoreportaz-sladami-wladyslawa-hasiora-wizyta-studyjna-do-krakowa-i-zakopanego","status":"publish","type":"post","link":"https:\/\/instytutpolski.pl\/stockholm\/pl\/2023\/07\/05\/fotoreportaz-sladami-wladyslawa-hasiora-wizyta-studyjna-do-krakowa-i-zakopanego\/","title":{"rendered":"Fotoreporta\u017c: \u015aladami W\u0142adys\u0142awa Hasiora &#8211; wizyta studyjna do Krakowa i Zakopanego"},"content":{"rendered":"\n<p>\u201cW podr\u00f3\u017c wyruszyli\u015bmy wcze\u015bnie rano i, po przyjemnym locie, z lotniska w Krakowie odebra\u0142 nas kierowca Muzeum Tatrza\u0144skiego, z kt\u00f3rym przejechali\u015bmy do Muzeum Sztuki Wsp\u00f3\u0142czesnej w Krakowie MOCAK. W muzeum mieli\u015bmy okazj\u0119 obejrze\u0107 wystaw\u0119 \u201ePolityka w sztuce\u201d, na kt\u00f3rej znalaz\u0142y si\u0119 dzie\u0142a artysty Jerzego Beresia, rze\u017abiarza, kt\u00f3ry jest mi dobrze znany, gdy\u017c wystawia\u0142 swoje prace w S\u00f6dert\u00e4lje konsthall razem z W\u0142adys\u0142awem Hasiorem w 1976 roku. Odwiedzili\u015bmy tak\u017ce archiwum muzeum i zobaczyli\u015bmy materia\u0142y zwi\u0105zane z wystawami Hasiora w Szwecji. Uda\u0142o nam si\u0119 znale\u017a\u0107 m.in. informacje na temat projektu w S\u00f6dert\u00e4lje.<\/p>\n\n\n\n<p>Po po\u0142udniu dotarli\u015bmy do Zakopanego i spotkali\u015bmy si\u0119 z pozosta\u0142ymi uczestnikami konferencji na kolacji.<\/p>\n\n\n\n<p>Czwartek rozpocz\u0105\u0142 si\u0119 licznymi prelekcjami maj\u0105cymi miejsce w Galerii W\u0142adys\u0142awa Hasiora, b\u0119d\u0105cej cz\u0119\u015bci\u0105 Muzeum Tatrza\u0144skiego w Zakopanem, kt\u00f3re trwa\u0142y do popo\u0142udnia. By\u0142o to niezmiernie inspiruj\u0105ce do\u015bwiadczenie, dzi\u0119ki kt\u00f3remu uzyska\u0142y\u015bmy wiele nowych informacji na temat W\u0142adys\u0142awa Hasiora.<\/p>\n\n\n\n<p>W pi\u0105tek wybra\u0142y\u015bmy si\u0119 na spacer po mie\u015bcie, podczas kt\u00f3rego zobaczy\u0142y\u015bmy artystyczn\u0105 stron\u0119 Zakopanego. Obejrza\u0142y\u015bmy pi\u0119kne mozaiki w Domu Handlowym Granit, a tak\u017ce pomnik ratownik\u00f3w g\u00f3rskich wykonany przez W\u0142adys\u0142awa Hasiora. Odwiedzili\u015bmy r\u00f3wnie\u017c cmentarz, na kt\u00f3rym Hasior zosta\u0142 pochowany. W ci\u0105gu dnia, zaprezentowa\u0142am film, kt\u00f3ry przywioz\u0142am z S\u00f6dert\u00e4lje, tj. niedawno skompilowany wywiad z W\u0142adys\u0142awem Hasiorem z 1972 roku. W 1972 roku szwedzki filmowiec Roger Sellberg otrzyma\u0142 od Eje H\u00f6gest\u00e4tta, \u00f3wczesnego dyrektora galerii S\u00f6dert\u00e4lje konsthall, zlecenie na sfilmowanie procesu jak W\u0142adys\u0142aw Hasior buduje <em>Solspann <\/em>&#8211; zesp\u00f3\u0142 rze\u017ab stworzony przez artyst\u0119 na miejscu w S\u00f6dert\u00e4lje, w Szwecji. W 2022 roku, w zwi\u0105zku z 50-leciem pracy <em>Solspann<\/em>, Roger Sellberg postanowi\u0142 przyjrze\u0107 si\u0119 nagranemu w\u00f3wczas materia\u0142owi i z\u0142o\u017cy\u0107 go w dokument, kt\u00f3ry, ku uciesze wszystkich, pokazano podczas seminarium w S\u00f6dert\u00e4lje w pa\u017adzierniku 2022 roku.<\/p>\n\n\n\n<p>Wyjazd by\u0142 dla mnie niesamowicie inspiruj\u0105cy, gdy\u017c spotka\u0142am wielu artyst\u00f3w, znawc\u00f3w sztuki oraz pracownik\u00f3w polskich muze\u00f3w sztuki, kt\u00f3rzy podzielili si\u0119 z nami swoj\u0105 ogromn\u0105 wiedz\u0105 na temat W\u0142adys\u0142awa Hasiora oraz jego artystycznego dorobku.\u201d<\/p>\n\n\n\n<p>Maja-Lena Molin, kuratorka oraz ekspert od komunikacji galerii S\u00f6dert\u00e4lje Konsthall<\/p>\n\n\n\n<p>\u201e(\u2026) wyjazd by\u0142 bardzo udany, g\u0142\u00f3wnie ze wzgl\u0119du na bardzo dobr\u0105 organizacj\u0119 konferencji, a tak\u017ce poniewa\u017c kilku badaczy, uczestnicz\u0105cych w konferencji, by\u0142o r\u00f3wnie zapasjonowanych tw\u00f3rczo\u015bci\u0105 Hasiora co ja. By\u0142o to r\u00f3wnie\u017c bardzo ciekawe do\u015bwiadczenie, bior\u0105c pod uwag\u0119 polski kontekst dzie\u0142a [Solspann], kt\u00f3re jest jedyn\u0105 prac\u0105 artysty, kt\u00f3ra wci\u0105\u017c aktywizuje lokaln\u0105 spo\u0142eczno\u015b\u0107. Mam nadziej\u0119, \u017ce uda si\u0119 wyda\u0107 publikacj\u0119 w formie ksi\u0105\u017cki. B\u0119d\u0119 dalej rozwija\u0107 cz\u0119\u015b\u0107 z nawi\u0105zanych podczas konferencji znajomo\u015bci, a ponadto, muzeum pragnie, \u017cebym wr\u00f3ci\u0142a na wiosn\u0119 do pracy w ich archiwum, gdzie znajduje si\u0119 du\u017co szwedzkich tekst\u00f3w, kt\u00f3rego sami nie przepracowali. (&#8230;) Tej wiosny b\u0119d\u0105 mia\u0142y miejsce kolejne wydarzenia zwi\u0105zane z Hasiorem, we wsp\u00f3\u0142pracy z galeri\u0105 sztuki S\u00f6dert\u00e4lje Konsthall oraz towarzystwem historycznym z S\u00f6dert\u00e4lje, gdzie b\u0119d\u0119 wyk\u0142ada\u0107 oraz b\u0119d\u0119 mia\u0142a okazj\u0119 podzieli\u0107 si\u0119 wra\u017ceniami z wizyty studyjnej z szersz\u0105 publiczno\u015bci\u0105. Odb\u0119dzie si\u0119 to w lutym. Maja-Lena r\u00f3wnie\u017c we\u017amie udzia\u0142, gdy\u017c galeria sztuki S\u00f6dert\u00e4lje Konsthall pragnie kontynuowa\u0107 prac\u0119 z polsk\u0105 sztuk\u0105 i chce mnie w to zaanga\u017cowa\u0107. Wyjazd by\u0142 wi\u0119c r\u00f3wnie\u017c wa\u017cny z tego powodu.\u201d<\/p>\n\n\n\n<p>Camilla Larsson, historyczka sztuki oraz wyk\u0142adowca na uniwersytecie S\u00f6dert\u00f6rns h\u00f6gskola<\/p>\n\n\n\n<p>Wizyta studyjna by\u0142a \u015bwietn\u0105 okazj\u0105 do zg\u0142\u0119bienia wiedzy z zakresu historii polskiej sztuki, ze szczeg\u00f3lnym uwzgl\u0119dnieniem tw\u00f3rczo\u015bci W\u0142adys\u0142awa Hasiora, a tak\u017ce do wymiany refleksji i do\u015bwiadcze\u0144 mi\u0119dzy szwedzkimi i polskimi historykami sztuki. W ramach konferencji Camilla Larsson oraz Maja-Lena Molin opowiedzia\u0142y o polskim arty\u015bcie W\u0142adys\u0142awie Hasiorze w kontek\u015bcie szwedzkim, w zwi\u0105zku z wydarzeniami dotycz\u0105cymi tw\u00f3rczo\u015bci Hasiora i sztuki polskiej, zorganizowanych w 2022 roku. Cieszymy si\u0119 ogromnie, \u017ce Instytut Polski w Sztokholmie m\u00f3g\u0142 wesprze\u0107 t\u0119 wizyt\u0119 studyjn\u0105 i liczymy na kontynuacj\u0119 wsp\u00f3\u0142pracy w przysz\u0142o\u015bci!<\/p>\n\n\n\n<p>Fotoreporta\u017ce z tych projekt\u00f3w wok\u00f3\u0142 tw\u00f3rczo\u015bci W\u0142adys\u0142awa Hasiora znajdziesz poni\u017cej:<\/p>\n\n\n\n<p>&#x1f449; Wystawa prac Magdaleny Abakanowicz i W\u0142adys\u0142awa Hasiora w ART SPACE S\u00f6dertorn (szwedzki) <a href=\"https:\/\/instytutpolski.pl\/stockholm\/2022\/10\/03\/fotoreportage-magdalena-abakanowicz-och-wladyslaw-hasior-pa-art-space-sodertorn\/\">https:\/\/instytutpolski.pl\/stockholm\/2022\/10\/03\/fotoreportage-magdalena-abakanowicz-och-wladyslaw-hasior-pa-art-space-sodertorn\/<\/a>&nbsp;&nbsp;<\/p>\n\n\n\n<p>&#x1f449; Obchody 50-lecia instalacji W\u0142adys\u0142awa Hasiora \u201eSolspann\u201d <a href=\"https:\/\/instytutpolski.pl\/stockholm\/pl\/2022\/10\/24\/fotoreportaz-obchody-50-lecia-instalacji-wladyslawa-hasiora-solspann\/\" target=\"_blank\" rel=\"noreferrer noopener\">https:\/\/instytutpolski.pl\/stockholm\/pl\/2022\/10\/24\/fotoreportaz-obchody-50-lecia-instalacji-wladyslawa-hasiora-solspann\/ <\/a><\/p>\n\n\n\n<p>Foto: Camilla Larsson oraz Maja-Lena Molin<\/p>\n\n\n\n<pre class=\"wp-block-verse\"><\/pre>\n\n\n\n<figure class=\"wp-block-gallery has-nested-images columns-default is-cropped wp-block-gallery-1 is-layout-flex wp-block-gallery-is-layout-flex\">\n<figure class=\"wp-block-image size-large\"><img loading=\"lazy\" decoding=\"async\" width=\"1440\" height=\"1085\" data-id=\"11118\" src=\"https:\/\/instytutpolski.pl\/stockholm\/wp-content\/uploads\/sites\/17\/2023\/07\/236F2D1C-1B43-45D0-B3D6-F56AA4CCB94D.jpeg\" alt=\"\" class=\"wp-image-11118\" srcset=\"https:\/\/instytutpolski.pl\/stockholm\/wp-content\/uploads\/sites\/17\/2023\/07\/236F2D1C-1B43-45D0-B3D6-F56AA4CCB94D.jpeg 1440w, https:\/\/instytutpolski.pl\/stockholm\/wp-content\/uploads\/sites\/17\/2023\/07\/236F2D1C-1B43-45D0-B3D6-F56AA4CCB94D-300x226.jpeg 300w, https:\/\/instytutpolski.pl\/stockholm\/wp-content\/uploads\/sites\/17\/2023\/07\/236F2D1C-1B43-45D0-B3D6-F56AA4CCB94D-1024x772.jpeg 1024w, https:\/\/instytutpolski.pl\/stockholm\/wp-content\/uploads\/sites\/17\/2023\/07\/236F2D1C-1B43-45D0-B3D6-F56AA4CCB94D-768x579.jpeg 768w\" sizes=\"auto, (max-width: 1440px) 100vw, 1440px\" \/><\/figure>\n\n\n\n<figure class=\"wp-block-image size-large\"><img loading=\"lazy\" decoding=\"async\" width=\"1440\" height=\"1085\" data-id=\"11121\" src=\"https:\/\/instytutpolski.pl\/stockholm\/wp-content\/uploads\/sites\/17\/2023\/07\/982854FF-93A7-4121-A1F1-AA558E912D48.jpeg\" alt=\"\" class=\"wp-image-11121\" srcset=\"https:\/\/instytutpolski.pl\/stockholm\/wp-content\/uploads\/sites\/17\/2023\/07\/982854FF-93A7-4121-A1F1-AA558E912D48.jpeg 1440w, https:\/\/instytutpolski.pl\/stockholm\/wp-content\/uploads\/sites\/17\/2023\/07\/982854FF-93A7-4121-A1F1-AA558E912D48-300x226.jpeg 300w, https:\/\/instytutpolski.pl\/stockholm\/wp-content\/uploads\/sites\/17\/2023\/07\/982854FF-93A7-4121-A1F1-AA558E912D48-1024x772.jpeg 1024w, https:\/\/instytutpolski.pl\/stockholm\/wp-content\/uploads\/sites\/17\/2023\/07\/982854FF-93A7-4121-A1F1-AA558E912D48-768x579.jpeg 768w\" sizes=\"auto, (max-width: 1440px) 100vw, 1440px\" \/><\/figure>\n\n\n\n<figure class=\"wp-block-image size-large\"><img loading=\"lazy\" decoding=\"async\" width=\"2048\" height=\"1536\" data-id=\"11115\" src=\"https:\/\/instytutpolski.pl\/stockholm\/wp-content\/uploads\/sites\/17\/2023\/07\/26E9CB89-A4A8-4813-BAA3-B5A81BDE01ED.jpeg\" alt=\"\" class=\"wp-image-11115\" srcset=\"https:\/\/instytutpolski.pl\/stockholm\/wp-content\/uploads\/sites\/17\/2023\/07\/26E9CB89-A4A8-4813-BAA3-B5A81BDE01ED.jpeg 2048w, https:\/\/instytutpolski.pl\/stockholm\/wp-content\/uploads\/sites\/17\/2023\/07\/26E9CB89-A4A8-4813-BAA3-B5A81BDE01ED-300x225.jpeg 300w, https:\/\/instytutpolski.pl\/stockholm\/wp-content\/uploads\/sites\/17\/2023\/07\/26E9CB89-A4A8-4813-BAA3-B5A81BDE01ED-1024x768.jpeg 1024w, https:\/\/instytutpolski.pl\/stockholm\/wp-content\/uploads\/sites\/17\/2023\/07\/26E9CB89-A4A8-4813-BAA3-B5A81BDE01ED-768x576.jpeg 768w, https:\/\/instytutpolski.pl\/stockholm\/wp-content\/uploads\/sites\/17\/2023\/07\/26E9CB89-A4A8-4813-BAA3-B5A81BDE01ED-1536x1152.jpeg 1536w\" sizes=\"auto, (max-width: 2048px) 100vw, 2048px\" \/><\/figure>\n\n\n\n<figure class=\"wp-block-image size-large\"><img loading=\"lazy\" decoding=\"async\" width=\"1920\" height=\"2560\" data-id=\"11114\" src=\"https:\/\/instytutpolski.pl\/stockholm\/wp-content\/uploads\/sites\/17\/2023\/07\/4A9C81B1-7761-4115-A0E8-5ECDB8F9F53A-scaled.jpeg\" alt=\"\" class=\"wp-image-11114\" srcset=\"https:\/\/instytutpolski.pl\/stockholm\/wp-content\/uploads\/sites\/17\/2023\/07\/4A9C81B1-7761-4115-A0E8-5ECDB8F9F53A-scaled.jpeg 1920w, https:\/\/instytutpolski.pl\/stockholm\/wp-content\/uploads\/sites\/17\/2023\/07\/4A9C81B1-7761-4115-A0E8-5ECDB8F9F53A-225x300.jpeg 225w, https:\/\/instytutpolski.pl\/stockholm\/wp-content\/uploads\/sites\/17\/2023\/07\/4A9C81B1-7761-4115-A0E8-5ECDB8F9F53A-768x1024.jpeg 768w, https:\/\/instytutpolski.pl\/stockholm\/wp-content\/uploads\/sites\/17\/2023\/07\/4A9C81B1-7761-4115-A0E8-5ECDB8F9F53A-1152x1536.jpeg 1152w, https:\/\/instytutpolski.pl\/stockholm\/wp-content\/uploads\/sites\/17\/2023\/07\/4A9C81B1-7761-4115-A0E8-5ECDB8F9F53A-1536x2048.jpeg 1536w\" sizes=\"auto, (max-width: 1920px) 100vw, 1920px\" \/><\/figure>\n\n\n\n<figure class=\"wp-block-image size-large\"><img loading=\"lazy\" decoding=\"async\" width=\"1920\" height=\"2560\" data-id=\"11117\" src=\"https:\/\/instytutpolski.pl\/stockholm\/wp-content\/uploads\/sites\/17\/2023\/07\/97D8C7FA-35A1-4C04-8A92-AE87E0A0376F-scaled.jpeg\" alt=\"\" class=\"wp-image-11117\" srcset=\"https:\/\/instytutpolski.pl\/stockholm\/wp-content\/uploads\/sites\/17\/2023\/07\/97D8C7FA-35A1-4C04-8A92-AE87E0A0376F-scaled.jpeg 1920w, https:\/\/instytutpolski.pl\/stockholm\/wp-content\/uploads\/sites\/17\/2023\/07\/97D8C7FA-35A1-4C04-8A92-AE87E0A0376F-225x300.jpeg 225w, https:\/\/instytutpolski.pl\/stockholm\/wp-content\/uploads\/sites\/17\/2023\/07\/97D8C7FA-35A1-4C04-8A92-AE87E0A0376F-768x1024.jpeg 768w, https:\/\/instytutpolski.pl\/stockholm\/wp-content\/uploads\/sites\/17\/2023\/07\/97D8C7FA-35A1-4C04-8A92-AE87E0A0376F-1152x1536.jpeg 1152w, https:\/\/instytutpolski.pl\/stockholm\/wp-content\/uploads\/sites\/17\/2023\/07\/97D8C7FA-35A1-4C04-8A92-AE87E0A0376F-1536x2048.jpeg 1536w\" sizes=\"auto, (max-width: 1920px) 100vw, 1920px\" \/><\/figure>\n\n\n\n<figure class=\"wp-block-image size-large\"><img loading=\"lazy\" decoding=\"async\" width=\"1536\" height=\"2048\" data-id=\"11116\" src=\"https:\/\/instytutpolski.pl\/stockholm\/wp-content\/uploads\/sites\/17\/2023\/07\/68E3F951-7006-4984-8CAA-12E9FBD88D25.jpeg\" alt=\"\" class=\"wp-image-11116\" srcset=\"https:\/\/instytutpolski.pl\/stockholm\/wp-content\/uploads\/sites\/17\/2023\/07\/68E3F951-7006-4984-8CAA-12E9FBD88D25.jpeg 1536w, https:\/\/instytutpolski.pl\/stockholm\/wp-content\/uploads\/sites\/17\/2023\/07\/68E3F951-7006-4984-8CAA-12E9FBD88D25-225x300.jpeg 225w, https:\/\/instytutpolski.pl\/stockholm\/wp-content\/uploads\/sites\/17\/2023\/07\/68E3F951-7006-4984-8CAA-12E9FBD88D25-768x1024.jpeg 768w, https:\/\/instytutpolski.pl\/stockholm\/wp-content\/uploads\/sites\/17\/2023\/07\/68E3F951-7006-4984-8CAA-12E9FBD88D25-1152x1536.jpeg 1152w\" sizes=\"auto, (max-width: 1536px) 100vw, 1536px\" \/><\/figure>\n\n\n\n<figure class=\"wp-block-image size-large\"><img loading=\"lazy\" decoding=\"async\" width=\"2560\" height=\"1920\" data-id=\"11120\" src=\"https:\/\/instytutpolski.pl\/stockholm\/wp-content\/uploads\/sites\/17\/2023\/07\/9746F1C7-7DCA-4A39-AAF9-E24AD5E9DAF0-scaled.jpeg\" alt=\"\" class=\"wp-image-11120\" srcset=\"https:\/\/instytutpolski.pl\/stockholm\/wp-content\/uploads\/sites\/17\/2023\/07\/9746F1C7-7DCA-4A39-AAF9-E24AD5E9DAF0-scaled.jpeg 2560w, https:\/\/instytutpolski.pl\/stockholm\/wp-content\/uploads\/sites\/17\/2023\/07\/9746F1C7-7DCA-4A39-AAF9-E24AD5E9DAF0-300x225.jpeg 300w, https:\/\/instytutpolski.pl\/stockholm\/wp-content\/uploads\/sites\/17\/2023\/07\/9746F1C7-7DCA-4A39-AAF9-E24AD5E9DAF0-1024x768.jpeg 1024w, https:\/\/instytutpolski.pl\/stockholm\/wp-content\/uploads\/sites\/17\/2023\/07\/9746F1C7-7DCA-4A39-AAF9-E24AD5E9DAF0-768x576.jpeg 768w, https:\/\/instytutpolski.pl\/stockholm\/wp-content\/uploads\/sites\/17\/2023\/07\/9746F1C7-7DCA-4A39-AAF9-E24AD5E9DAF0-1536x1152.jpeg 1536w, https:\/\/instytutpolski.pl\/stockholm\/wp-content\/uploads\/sites\/17\/2023\/07\/9746F1C7-7DCA-4A39-AAF9-E24AD5E9DAF0-2048x1536.jpeg 2048w\" sizes=\"auto, (max-width: 2560px) 100vw, 2560px\" \/><\/figure>\n\n\n\n<figure class=\"wp-block-image size-large\"><img loading=\"lazy\" decoding=\"async\" width=\"1920\" height=\"2560\" data-id=\"11119\" src=\"https:\/\/instytutpolski.pl\/stockholm\/wp-content\/uploads\/sites\/17\/2023\/07\/612C6487-ACDB-4554-867E-D4B5D88F2D0C-scaled.jpeg\" alt=\"\" class=\"wp-image-11119\" srcset=\"https:\/\/instytutpolski.pl\/stockholm\/wp-content\/uploads\/sites\/17\/2023\/07\/612C6487-ACDB-4554-867E-D4B5D88F2D0C-scaled.jpeg 1920w, https:\/\/instytutpolski.pl\/stockholm\/wp-content\/uploads\/sites\/17\/2023\/07\/612C6487-ACDB-4554-867E-D4B5D88F2D0C-225x300.jpeg 225w, https:\/\/instytutpolski.pl\/stockholm\/wp-content\/uploads\/sites\/17\/2023\/07\/612C6487-ACDB-4554-867E-D4B5D88F2D0C-768x1024.jpeg 768w, https:\/\/instytutpolski.pl\/stockholm\/wp-content\/uploads\/sites\/17\/2023\/07\/612C6487-ACDB-4554-867E-D4B5D88F2D0C-1152x1536.jpeg 1152w, https:\/\/instytutpolski.pl\/stockholm\/wp-content\/uploads\/sites\/17\/2023\/07\/612C6487-ACDB-4554-867E-D4B5D88F2D0C-1536x2048.jpeg 1536w\" sizes=\"auto, (max-width: 1920px) 100vw, 1920px\" \/><\/figure>\n\n\n\n<figure class=\"wp-block-image size-large\"><img loading=\"lazy\" decoding=\"async\" width=\"1920\" height=\"2560\" data-id=\"11123\" src=\"https:\/\/instytutpolski.pl\/stockholm\/wp-content\/uploads\/sites\/17\/2023\/07\/A4ECBCA3-3555-4264-9FFB-C6FE7E01D880-scaled.jpeg\" alt=\"\" class=\"wp-image-11123\" srcset=\"https:\/\/instytutpolski.pl\/stockholm\/wp-content\/uploads\/sites\/17\/2023\/07\/A4ECBCA3-3555-4264-9FFB-C6FE7E01D880-scaled.jpeg 1920w, https:\/\/instytutpolski.pl\/stockholm\/wp-content\/uploads\/sites\/17\/2023\/07\/A4ECBCA3-3555-4264-9FFB-C6FE7E01D880-225x300.jpeg 225w, https:\/\/instytutpolski.pl\/stockholm\/wp-content\/uploads\/sites\/17\/2023\/07\/A4ECBCA3-3555-4264-9FFB-C6FE7E01D880-768x1024.jpeg 768w, https:\/\/instytutpolski.pl\/stockholm\/wp-content\/uploads\/sites\/17\/2023\/07\/A4ECBCA3-3555-4264-9FFB-C6FE7E01D880-1152x1536.jpeg 1152w, https:\/\/instytutpolski.pl\/stockholm\/wp-content\/uploads\/sites\/17\/2023\/07\/A4ECBCA3-3555-4264-9FFB-C6FE7E01D880-1536x2048.jpeg 1536w\" sizes=\"auto, (max-width: 1920px) 100vw, 1920px\" \/><\/figure>\n\n\n\n<figure class=\"wp-block-image size-large\"><img loading=\"lazy\" decoding=\"async\" width=\"1920\" height=\"2560\" data-id=\"11127\" src=\"https:\/\/instytutpolski.pl\/stockholm\/wp-content\/uploads\/sites\/17\/2023\/07\/FEEE4C07-3619-41B2-BE9E-158B8603D910-scaled.jpeg\" alt=\"\" class=\"wp-image-11127\" srcset=\"https:\/\/instytutpolski.pl\/stockholm\/wp-content\/uploads\/sites\/17\/2023\/07\/FEEE4C07-3619-41B2-BE9E-158B8603D910-scaled.jpeg 1920w, https:\/\/instytutpolski.pl\/stockholm\/wp-content\/uploads\/sites\/17\/2023\/07\/FEEE4C07-3619-41B2-BE9E-158B8603D910-225x300.jpeg 225w, https:\/\/instytutpolski.pl\/stockholm\/wp-content\/uploads\/sites\/17\/2023\/07\/FEEE4C07-3619-41B2-BE9E-158B8603D910-768x1024.jpeg 768w, https:\/\/instytutpolski.pl\/stockholm\/wp-content\/uploads\/sites\/17\/2023\/07\/FEEE4C07-3619-41B2-BE9E-158B8603D910-1152x1536.jpeg 1152w, https:\/\/instytutpolski.pl\/stockholm\/wp-content\/uploads\/sites\/17\/2023\/07\/FEEE4C07-3619-41B2-BE9E-158B8603D910-1536x2048.jpeg 1536w\" sizes=\"auto, (max-width: 1920px) 100vw, 1920px\" \/><\/figure>\n\n\n\n<figure class=\"wp-block-image size-large\"><img loading=\"lazy\" decoding=\"async\" width=\"1536\" height=\"2048\" data-id=\"11122\" src=\"https:\/\/instytutpolski.pl\/stockholm\/wp-content\/uploads\/sites\/17\/2023\/07\/316803295_10162566247462178_4970208661634918131_n.jpg\" alt=\"\" class=\"wp-image-11122\" srcset=\"https:\/\/instytutpolski.pl\/stockholm\/wp-content\/uploads\/sites\/17\/2023\/07\/316803295_10162566247462178_4970208661634918131_n.jpg 1536w, https:\/\/instytutpolski.pl\/stockholm\/wp-content\/uploads\/sites\/17\/2023\/07\/316803295_10162566247462178_4970208661634918131_n-225x300.jpg 225w, https:\/\/instytutpolski.pl\/stockholm\/wp-content\/uploads\/sites\/17\/2023\/07\/316803295_10162566247462178_4970208661634918131_n-768x1024.jpg 768w, https:\/\/instytutpolski.pl\/stockholm\/wp-content\/uploads\/sites\/17\/2023\/07\/316803295_10162566247462178_4970208661634918131_n-1152x1536.jpg 1152w\" sizes=\"auto, (max-width: 1536px) 100vw, 1536px\" \/><\/figure>\n\n\n\n<figure class=\"wp-block-image size-large\"><img loading=\"lazy\" decoding=\"async\" width=\"1920\" height=\"2560\" data-id=\"11126\" src=\"https:\/\/instytutpolski.pl\/stockholm\/wp-content\/uploads\/sites\/17\/2023\/07\/E78DC2DA-9619-49FB-9962-8DD6EA53E7FA-scaled.jpeg\" alt=\"\" class=\"wp-image-11126\" srcset=\"https:\/\/instytutpolski.pl\/stockholm\/wp-content\/uploads\/sites\/17\/2023\/07\/E78DC2DA-9619-49FB-9962-8DD6EA53E7FA-scaled.jpeg 1920w, https:\/\/instytutpolski.pl\/stockholm\/wp-content\/uploads\/sites\/17\/2023\/07\/E78DC2DA-9619-49FB-9962-8DD6EA53E7FA-225x300.jpeg 225w, https:\/\/instytutpolski.pl\/stockholm\/wp-content\/uploads\/sites\/17\/2023\/07\/E78DC2DA-9619-49FB-9962-8DD6EA53E7FA-768x1024.jpeg 768w, https:\/\/instytutpolski.pl\/stockholm\/wp-content\/uploads\/sites\/17\/2023\/07\/E78DC2DA-9619-49FB-9962-8DD6EA53E7FA-1152x1536.jpeg 1152w, https:\/\/instytutpolski.pl\/stockholm\/wp-content\/uploads\/sites\/17\/2023\/07\/E78DC2DA-9619-49FB-9962-8DD6EA53E7FA-1536x2048.jpeg 1536w\" sizes=\"auto, (max-width: 1920px) 100vw, 1920px\" \/><\/figure>\n\n\n\n<figure class=\"wp-block-image size-large\"><img loading=\"lazy\" decoding=\"async\" width=\"2560\" height=\"1920\" data-id=\"11124\" src=\"https:\/\/instytutpolski.pl\/stockholm\/wp-content\/uploads\/sites\/17\/2023\/07\/C0BBA56D-2E9A-4FA3-8A07-29DE6712AD7E-scaled.jpeg\" alt=\"\" class=\"wp-image-11124\" srcset=\"https:\/\/instytutpolski.pl\/stockholm\/wp-content\/uploads\/sites\/17\/2023\/07\/C0BBA56D-2E9A-4FA3-8A07-29DE6712AD7E-scaled.jpeg 2560w, https:\/\/instytutpolski.pl\/stockholm\/wp-content\/uploads\/sites\/17\/2023\/07\/C0BBA56D-2E9A-4FA3-8A07-29DE6712AD7E-300x225.jpeg 300w, https:\/\/instytutpolski.pl\/stockholm\/wp-content\/uploads\/sites\/17\/2023\/07\/C0BBA56D-2E9A-4FA3-8A07-29DE6712AD7E-1024x768.jpeg 1024w, https:\/\/instytutpolski.pl\/stockholm\/wp-content\/uploads\/sites\/17\/2023\/07\/C0BBA56D-2E9A-4FA3-8A07-29DE6712AD7E-768x576.jpeg 768w, https:\/\/instytutpolski.pl\/stockholm\/wp-content\/uploads\/sites\/17\/2023\/07\/C0BBA56D-2E9A-4FA3-8A07-29DE6712AD7E-1536x1152.jpeg 1536w, https:\/\/instytutpolski.pl\/stockholm\/wp-content\/uploads\/sites\/17\/2023\/07\/C0BBA56D-2E9A-4FA3-8A07-29DE6712AD7E-2048x1536.jpeg 2048w\" sizes=\"auto, (max-width: 2560px) 100vw, 2560px\" \/><\/figure>\n\n\n\n<figure class=\"wp-block-image size-large\"><img loading=\"lazy\" decoding=\"async\" width=\"1440\" height=\"1085\" data-id=\"11125\" src=\"https:\/\/instytutpolski.pl\/stockholm\/wp-content\/uploads\/sites\/17\/2023\/07\/D5B72A9B-40FF-4341-959D-2D15AFDB017A.jpeg\" alt=\"\" class=\"wp-image-11125\" srcset=\"https:\/\/instytutpolski.pl\/stockholm\/wp-content\/uploads\/sites\/17\/2023\/07\/D5B72A9B-40FF-4341-959D-2D15AFDB017A.jpeg 1440w, https:\/\/instytutpolski.pl\/stockholm\/wp-content\/uploads\/sites\/17\/2023\/07\/D5B72A9B-40FF-4341-959D-2D15AFDB017A-300x226.jpeg 300w, https:\/\/instytutpolski.pl\/stockholm\/wp-content\/uploads\/sites\/17\/2023\/07\/D5B72A9B-40FF-4341-959D-2D15AFDB017A-1024x772.jpeg 1024w, https:\/\/instytutpolski.pl\/stockholm\/wp-content\/uploads\/sites\/17\/2023\/07\/D5B72A9B-40FF-4341-959D-2D15AFDB017A-768x579.jpeg 768w\" sizes=\"auto, (max-width: 1440px) 100vw, 1440px\" \/><\/figure>\n<\/figure>\n","protected":false},"excerpt":{"rendered":"<p>\u201cW podr\u00f3\u017c wyruszyli\u015bmy wcze\u015bnie rano i, po przyjemnym locie, z lotniska w Krakowie odebra\u0142 nas kierowca Muzeum Tatrza\u0144skiego, z kt\u00f3rym przejechali\u015bmy do Muzeum Sztuki Wsp\u00f3\u0142czesnej w Krakowie MOCAK. W muzeum mieli\u015bmy okazj\u0119 obejrze\u0107 wystaw\u0119 \u201ePolityka w sztuce\u201d, na kt\u00f3rej znalaz\u0142y si\u0119 dzie\u0142a artysty Jerzego Beresia, rze\u017abiarza, kt\u00f3ry jest mi dobrze znany, gdy\u017c wystawia\u0142 swoje prace [&hellip;]<\/p>\n","protected":false},"author":173,"featured_media":11118,"comment_status":"closed","ping_status":"closed","sticky":true,"template":"","format":"standard","meta":{"inline_featured_image":false,"_monsterinsights_skip_tracking":false,"_monsterinsights_sitenote_active":false,"_monsterinsights_sitenote_note":"","_monsterinsights_sitenote_category":0,"footnotes":""},"categories":[208],"tags":[],"class_list":["post-11135","post","type-post","status-publish","format-standard","has-post-thumbnail","hentry","category-galeria-pl"],"yoast_head":"<!-- This site is optimized with the Yoast SEO plugin v24.6 - https:\/\/yoast.com\/wordpress\/plugins\/seo\/ -->\n<title>Fotoreporta\u017c: \u015aladami W\u0142adys\u0142awa Hasiora - wizyta studyjna do Krakowa i Zakopanego - Instytut Polski w Sztokholmie<\/title>\n<meta name=\"robots\" content=\"index, follow, max-snippet:-1, max-image-preview:large, max-video-preview:-1\" \/>\n<link rel=\"canonical\" href=\"https:\/\/instytutpolski.pl\/stockholm\/pl\/2023\/07\/05\/fotoreportaz-sladami-wladyslawa-hasiora-wizyta-studyjna-do-krakowa-i-zakopanego\/\" \/>\n<meta property=\"og:locale\" content=\"pl_PL\" \/>\n<meta property=\"og:type\" content=\"article\" \/>\n<meta property=\"og:title\" content=\"Fotoreporta\u017c: \u015aladami W\u0142adys\u0142awa Hasiora - wizyta studyjna do Krakowa i Zakopanego - Instytut Polski w Sztokholmie\" \/>\n<meta property=\"og:description\" content=\"\u201cW podr\u00f3\u017c wyruszyli\u015bmy wcze\u015bnie rano i, po przyjemnym locie, z lotniska w Krakowie odebra\u0142 nas kierowca Muzeum Tatrza\u0144skiego, z kt\u00f3rym przejechali\u015bmy do Muzeum Sztuki Wsp\u00f3\u0142czesnej w Krakowie MOCAK. W muzeum mieli\u015bmy okazj\u0119 obejrze\u0107 wystaw\u0119 \u201ePolityka w sztuce\u201d, na kt\u00f3rej znalaz\u0142y si\u0119 dzie\u0142a artysty Jerzego Beresia, rze\u017abiarza, kt\u00f3ry jest mi dobrze znany, gdy\u017c wystawia\u0142 swoje prace [&hellip;]\" \/>\n<meta property=\"og:url\" content=\"https:\/\/instytutpolski.pl\/stockholm\/pl\/2023\/07\/05\/fotoreportaz-sladami-wladyslawa-hasiora-wizyta-studyjna-do-krakowa-i-zakopanego\/\" \/>\n<meta property=\"og:site_name\" content=\"Instytut Polski w Sztokholmie\" \/>\n<meta property=\"article:published_time\" content=\"2023-07-05T13:39:05+00:00\" \/>\n<meta property=\"article:modified_time\" content=\"2023-07-05T13:45:32+00:00\" \/>\n<meta property=\"og:image\" content=\"https:\/\/instytutpolski.pl\/stockholm\/wp-content\/uploads\/sites\/17\/2023\/07\/236F2D1C-1B43-45D0-B3D6-F56AA4CCB94D.jpeg\" \/>\n\t<meta property=\"og:image:width\" content=\"1440\" \/>\n\t<meta property=\"og:image:height\" content=\"1085\" \/>\n\t<meta property=\"og:image:type\" content=\"image\/jpeg\" \/>\n<meta name=\"author\" content=\"treichelp\" \/>\n<meta name=\"twitter:card\" content=\"summary_large_image\" \/>\n<meta name=\"twitter:label1\" content=\"Napisane przez\" \/>\n\t<meta name=\"twitter:data1\" content=\"treichelp\" \/>\n\t<meta name=\"twitter:label2\" content=\"Szacowany czas czytania\" \/>\n\t<meta name=\"twitter:data2\" content=\"7 minut\" \/>\n<script type=\"application\/ld+json\" class=\"yoast-schema-graph\">{\"@context\":\"https:\/\/schema.org\",\"@graph\":[{\"@type\":\"event\",\"@id\":\"https:\/\/instytutpolski.pl\/stockholm\/pl\/2023\/07\/05\/fotoreportaz-sladami-wladyslawa-hasiora-wizyta-studyjna-do-krakowa-i-zakopanego\/\",\"url\":\"https:\/\/instytutpolski.pl\/stockholm\/pl\/2023\/07\/05\/fotoreportaz-sladami-wladyslawa-hasiora-wizyta-studyjna-do-krakowa-i-zakopanego\/\",\"name\":\"Fotoreporta\u017c: \u015aladami W\u0142adys\u0142awa Hasiora - wizyta studyjna do Krakowa i Zakopanego\",\"isPartOf\":{\"@id\":\"https:\/\/instytutpolski.pl\/stockholm\/#website\"},\"primaryImageOfPage\":{\"@id\":\"https:\/\/instytutpolski.pl\/stockholm\/pl\/2023\/07\/05\/fotoreportaz-sladami-wladyslawa-hasiora-wizyta-studyjna-do-krakowa-i-zakopanego\/#primaryimage\"},\"image\":[\"https:\/\/instytutpolski.pl\/stockholm\/wp-content\/uploads\/sites\/17\/2023\/07\/236F2D1C-1B43-45D0-B3D6-F56AA4CCB94D.jpeg\",\"https:\/\/instytutpolski.pl\/stockholm\/wp-content\/uploads\/sites\/17\/2023\/07\/236F2D1C-1B43-45D0-B3D6-F56AA4CCB94D-300x226.jpeg\",\"https:\/\/instytutpolski.pl\/stockholm\/wp-content\/uploads\/sites\/17\/2023\/07\/236F2D1C-1B43-45D0-B3D6-F56AA4CCB94D-1024x772.jpeg\",\"https:\/\/instytutpolski.pl\/stockholm\/wp-content\/uploads\/sites\/17\/2023\/07\/236F2D1C-1B43-45D0-B3D6-F56AA4CCB94D.jpeg\"],\"thumbnailUrl\":\"https:\/\/instytutpolski.pl\/stockholm\/wp-content\/uploads\/sites\/17\/2023\/07\/236F2D1C-1B43-45D0-B3D6-F56AA4CCB94D.jpeg\",\"datePublished\":\"2023-07-05T13:39:05+02:00\",\"dateModified\":\"2023-07-05T13:45:32+02:00\",\"author\":{\"@id\":\"https:\/\/instytutpolski.pl\/stockholm\/#\/schema\/person\/866a2c0f4ccf0982a286809684f7bc1e\"},\"breadcrumb\":{\"@id\":\"https:\/\/instytutpolski.pl\/stockholm\/pl\/2023\/07\/05\/fotoreportaz-sladami-wladyslawa-hasiora-wizyta-studyjna-do-krakowa-i-zakopanego\/#breadcrumb\"},\"inLanguage\":\"pl-PL\",\"potentialAction\":[{\"@type\":\"ReadAction\",\"target\":[\"https:\/\/instytutpolski.pl\/stockholm\/pl\/2023\/07\/05\/fotoreportaz-sladami-wladyslawa-hasiora-wizyta-studyjna-do-krakowa-i-zakopanego\/\"]}],\"@context\":\"https:\/\/schema.org\",\"startDate\":\"2022-11-24\",\"endDate\":\"2022-11-25\",\"eventStatus\":\"EventScheduled\",\"eventAttendanceMode\":\"OfflineEventAttendanceMode\",\"location\":{\"@type\":\"place\",\"name\":\"Zakopane, Polen\",\"address\":\"Zakopane, Polen\",\"geo\":{\"@type\":\"GeoCoordinates\",\"latitude\":\"49.258985822814594\",\"longitude\":\"20.15021278514781\"}},\"description\":\"\u201cW podr\u00f3\u017c wyruszyli\u015bmy wcze\u015bnie rano i, po przyjemnym locie, z lotniska w Krakowie odebra\u0142 nas kierowca Muzeum Tatrza\u0144skiego, z kt\u00f3rym przejechali\u015bmy do Muzeum Sztuki Wsp\u00f3\u0142czesnej w Krakowie MOCAK. W muzeum mieli\u015bmy okazj\u0119 obejrze\u0107 wystaw\u0119 \u201ePolityka w sztuce\u201d, na kt\u00f3rej znalaz\u0142y si\u0119 dzie\u0142a artysty Jerzego Beresia, rze\u017abiarza, kt\u00f3ry jest mi dobrze znany, gdy\u017c wystawia\u0142 swoje prace w S\u00f6dert\u00e4lje konsthall razem z W\u0142adys\u0142awem Hasiorem w 1976 roku. Odwiedzili\u015bmy tak\u017ce archiwum muzeum i zobaczyli\u015bmy materia\u0142y zwi\u0105zane z wystawami Hasiora w Szwecji. Uda\u0142o nam si\u0119 znale\u017a\u0107 m.in. informacje na temat projektu w S\u00f6dert\u00e4lje.\\nPo po\u0142udniu dotarli\u015bmy do Zakopanego i spotkali\u015bmy si\u0119 z pozosta\u0142ymi uczestnikami konferencji na kolacji.\\nCzwartek rozpocz\u0105\u0142 si\u0119 licznymi prelekcjami maj\u0105cymi miejsce w Galerii W\u0142adys\u0142awa Hasiora, b\u0119d\u0105cej cz\u0119\u015bci\u0105 Muzeum Tatrza\u0144skiego w Zakopanem, kt\u00f3re trwa\u0142y do popo\u0142udnia. By\u0142o to niezmiernie inspiruj\u0105ce do\u015bwiadczenie, dzi\u0119ki kt\u00f3remu uzyska\u0142y\u015bmy wiele nowych informacji na temat W\u0142adys\u0142awa Hasiora.\\nW pi\u0105tek wybra\u0142y\u015bmy si\u0119 na spacer po mie\u015bcie, podczas kt\u00f3rego zobaczy\u0142y\u015bmy artystyczn\u0105 stron\u0119 Zakopanego. Obejrza\u0142y\u015bmy pi\u0119kne mozaiki w Domu Handlowym Granit, a tak\u017ce pomnik ratownik\u00f3w g\u00f3rskich wykonany przez W\u0142adys\u0142awa Hasiora. Odwiedzili\u015bmy r\u00f3wnie\u017c cmentarz, na kt\u00f3rym Hasior zosta\u0142 pochowany. W ci\u0105gu dnia, zaprezentowa\u0142am film, kt\u00f3ry przywioz\u0142am z S\u00f6dert\u00e4lje, tj. niedawno skompilowany wywiad z W\u0142adys\u0142awem Hasiorem z 1972 roku. W 1972 roku szwedzki filmowiec Roger Sellberg otrzyma\u0142 od Eje H\u00f6gest\u00e4tta, \u00f3wczesnego dyrektora galerii S\u00f6dert\u00e4lje konsthall, zlecenie na sfilmowanie procesu jak W\u0142adys\u0142aw Hasior buduje Solspann - zesp\u00f3\u0142 rze\u017ab stworzony przez artyst\u0119 na miejscu w S\u00f6dert\u00e4lje, w Szwecji. W 2022 roku, w zwi\u0105zku z 50-leciem pracy Solspann, Roger Sellberg postanowi\u0142 przyjrze\u0107 si\u0119 nagranemu w\u00f3wczas materia\u0142owi i z\u0142o\u017cy\u0107 go w dokument, kt\u00f3ry, ku uciesze wszystkich, pokazano podczas seminarium w S\u00f6dert\u00e4lje w pa\u017adzierniku 2022 roku.\\nWyjazd by\u0142 dla mnie niesamowicie inspiruj\u0105cy, gdy\u017c spotka\u0142am wielu artyst\u00f3w, znawc\u00f3w sztuki oraz pracownik\u00f3w polskich muze\u00f3w sztuki, kt\u00f3rzy podzielili si\u0119 z nami swoj\u0105 ogromn\u0105 wiedz\u0105 na temat W\u0142adys\u0142awa Hasiora oraz jego artystycznego dorobku.\u201d\\nMaja-Lena Molin, kuratorka oraz ekspert od komunikacji galerii S\u00f6dert\u00e4lje Konsthall\\n\u201e(\u2026) wyjazd by\u0142 bardzo udany, g\u0142\u00f3wnie ze wzgl\u0119du na bardzo dobr\u0105 organizacj\u0119 konferencji, a tak\u017ce poniewa\u017c kilku badaczy, uczestnicz\u0105cych w konferencji, by\u0142o r\u00f3wnie zapasjonowanych tw\u00f3rczo\u015bci\u0105 Hasiora co ja. By\u0142o to r\u00f3wnie\u017c bardzo ciekawe do\u015bwiadczenie, bior\u0105c pod uwag\u0119 polski kontekst dzie\u0142a [Solspann], kt\u00f3re jest jedyn\u0105 prac\u0105 artysty, kt\u00f3ra wci\u0105\u017c aktywizuje lokaln\u0105 spo\u0142eczno\u015b\u0107. Mam nadziej\u0119, \u017ce uda si\u0119 wyda\u0107 publikacj\u0119 w formie ksi\u0105\u017cki. B\u0119d\u0119 dalej rozwija\u0107 cz\u0119\u015b\u0107 z nawi\u0105zanych podczas konferencji znajomo\u015bci, a ponadto, muzeum pragnie, \u017cebym wr\u00f3ci\u0142a na wiosn\u0119 do pracy w ich archiwum, gdzie znajduje si\u0119 du\u017co szwedzkich tekst\u00f3w, kt\u00f3rego sami nie przepracowali. (...) Tej wiosny b\u0119d\u0105 mia\u0142y miejsce kolejne wydarzenia zwi\u0105zane z Hasiorem, we wsp\u00f3\u0142pracy z galeri\u0105 sztuki S\u00f6dert\u00e4lje Konsthall oraz towarzystwem historycznym z S\u00f6dert\u00e4lje, gdzie b\u0119d\u0119 wyk\u0142ada\u0107 oraz b\u0119d\u0119 mia\u0142a okazj\u0119 podzieli\u0107 si\u0119 wra\u017ceniami z wizyty studyjnej z szersz\u0105 publiczno\u015bci\u0105. Odb\u0119dzie si\u0119 to w lutym. Maja-Lena r\u00f3wnie\u017c we\u017amie udzia\u0142, gdy\u017c galeria sztuki S\u00f6dert\u00e4lje Konsthall pragnie kontynuowa\u0107 prac\u0119 z polsk\u0105 sztuk\u0105 i chce mnie w to zaanga\u017cowa\u0107. Wyjazd by\u0142 wi\u0119c r\u00f3wnie\u017c wa\u017cny z tego powodu.\u201d\\nCamilla Larsson, historyczka sztuki oraz wyk\u0142adowca na uniwersytecie S\u00f6dert\u00f6rns h\u00f6gskola\\nWizyta studyjna by\u0142a \u015bwietn\u0105 okazj\u0105 do zg\u0142\u0119bienia wiedzy z zakresu historii polskiej sztuki, ze szczeg\u00f3lnym uwzgl\u0119dnieniem tw\u00f3rczo\u015bci W\u0142adys\u0142awa Hasiora, a tak\u017ce do wymiany refleksji i do\u015bwiadcze\u0144 mi\u0119dzy szwedzkimi i polskimi historykami sztuki. W ramach konferencji Camilla Larsson oraz Maja-Lena Molin opowiedzia\u0142y o polskim arty\u015bcie W\u0142adys\u0142awie Hasiorze w kontek\u015bcie szwedzkim, w zwi\u0105zku z wydarzeniami dotycz\u0105cymi tw\u00f3rczo\u015bci Hasiora i sztuki polskiej, zorganizowanych w 2022 roku. Cieszymy si\u0119 ogromnie, \u017ce Instytut Polski w Sztokholmie m\u00f3g\u0142 wesprze\u0107 t\u0119 wizyt\u0119 studyjn\u0105 i liczymy na kontynuacj\u0119 wsp\u00f3\u0142pracy w przysz\u0142o\u015bci!\\nFotoreporta\u017ce z tych projekt\u00f3w wok\u00f3\u0142 tw\u00f3rczo\u015bci W\u0142adys\u0142awa Hasiora znajdziesz poni\u017cej:\\n&#x1f449; Wystawa prac Magdaleny Abakanowicz i W\u0142adys\u0142awa Hasiora w ART SPACE S\u00f6dertorn (szwedzki) https:\/\/instytutpolski.pl\/stockholm\/2022\/10\/03\/fotoreportage-magdalena-abakanowicz-och-wladyslaw-hasior-pa-art-space-sodertorn\/  \\n&#x1f449; Obchody 50-lecia instalacji W\u0142adys\u0142awa Hasiora \u201eSolspann\u201d https:\/\/instytutpolski.pl\/stockholm\/pl\/2022\/10\/24\/fotoreportaz-obchody-50-lecia-instalacji-wladyslawa-hasiora-solspann\/ \\nFoto: Camilla Larsson oraz Maja-Lena Molin\"},{\"@type\":\"ImageObject\",\"inLanguage\":\"pl-PL\",\"@id\":\"https:\/\/instytutpolski.pl\/stockholm\/pl\/2023\/07\/05\/fotoreportaz-sladami-wladyslawa-hasiora-wizyta-studyjna-do-krakowa-i-zakopanego\/#primaryimage\",\"url\":\"https:\/\/instytutpolski.pl\/stockholm\/wp-content\/uploads\/sites\/17\/2023\/07\/236F2D1C-1B43-45D0-B3D6-F56AA4CCB94D.jpeg\",\"contentUrl\":\"https:\/\/instytutpolski.pl\/stockholm\/wp-content\/uploads\/sites\/17\/2023\/07\/236F2D1C-1B43-45D0-B3D6-F56AA4CCB94D.jpeg\",\"width\":1440,\"height\":1085},{\"@type\":\"BreadcrumbList\",\"@id\":\"https:\/\/instytutpolski.pl\/stockholm\/pl\/2023\/07\/05\/fotoreportaz-sladami-wladyslawa-hasiora-wizyta-studyjna-do-krakowa-i-zakopanego\/#breadcrumb\",\"itemListElement\":[{\"@type\":\"ListItem\",\"position\":1,\"name\":\"Home\",\"item\":\"https:\/\/instytutpolski.pl\/stockholm\/\"},{\"@type\":\"ListItem\",\"position\":2,\"name\":\"Fotoreporta\u017c: \u015aladami W\u0142adys\u0142awa Hasiora &#8211; wizyta studyjna do Krakowa i Zakopanego\"}]},{\"@type\":\"WebSite\",\"@id\":\"https:\/\/instytutpolski.pl\/stockholm\/#website\",\"url\":\"https:\/\/instytutpolski.pl\/stockholm\/\",\"name\":\"Instytut Polski w Sztokholmie\",\"description\":\"Instytuty Polskie\",\"potentialAction\":[{\"@type\":\"SearchAction\",\"target\":{\"@type\":\"EntryPoint\",\"urlTemplate\":\"https:\/\/instytutpolski.pl\/stockholm\/?s={search_term_string}\"},\"query-input\":{\"@type\":\"PropertyValueSpecification\",\"valueRequired\":true,\"valueName\":\"search_term_string\"}}],\"inLanguage\":\"pl-PL\"},{\"@type\":\"Person\",\"@id\":\"https:\/\/instytutpolski.pl\/stockholm\/#\/schema\/person\/866a2c0f4ccf0982a286809684f7bc1e\",\"name\":\"treichelp\",\"image\":{\"@type\":\"ImageObject\",\"inLanguage\":\"pl-PL\",\"@id\":\"https:\/\/instytutpolski.pl\/stockholm\/#\/schema\/person\/image\/\",\"url\":\"https:\/\/secure.gravatar.com\/avatar\/fb2c1caae0df0854742a56fc463dd1fb?s=96&d=mm&r=g\",\"contentUrl\":\"https:\/\/secure.gravatar.com\/avatar\/fb2c1caae0df0854742a56fc463dd1fb?s=96&d=mm&r=g\",\"caption\":\"treichelp\"},\"url\":\"https:\/\/instytutpolski.pl\/stockholm\/author\/treichelp\/\"}]}<\/script>\n<!-- \/ Yoast SEO plugin. -->","yoast_head_json":{"title":"Fotoreporta\u017c: \u015aladami W\u0142adys\u0142awa Hasiora - wizyta studyjna do Krakowa i Zakopanego - Instytut Polski w Sztokholmie","robots":{"index":"index","follow":"follow","max-snippet":"max-snippet:-1","max-image-preview":"max-image-preview:large","max-video-preview":"max-video-preview:-1"},"canonical":"https:\/\/instytutpolski.pl\/stockholm\/pl\/2023\/07\/05\/fotoreportaz-sladami-wladyslawa-hasiora-wizyta-studyjna-do-krakowa-i-zakopanego\/","og_locale":"pl_PL","og_type":"article","og_title":"Fotoreporta\u017c: \u015aladami W\u0142adys\u0142awa Hasiora - wizyta studyjna do Krakowa i Zakopanego - Instytut Polski w Sztokholmie","og_description":"\u201cW podr\u00f3\u017c wyruszyli\u015bmy wcze\u015bnie rano i, po przyjemnym locie, z lotniska w Krakowie odebra\u0142 nas kierowca Muzeum Tatrza\u0144skiego, z kt\u00f3rym przejechali\u015bmy do Muzeum Sztuki Wsp\u00f3\u0142czesnej w Krakowie MOCAK. W muzeum mieli\u015bmy okazj\u0119 obejrze\u0107 wystaw\u0119 \u201ePolityka w sztuce\u201d, na kt\u00f3rej znalaz\u0142y si\u0119 dzie\u0142a artysty Jerzego Beresia, rze\u017abiarza, kt\u00f3ry jest mi dobrze znany, gdy\u017c wystawia\u0142 swoje prace [&hellip;]","og_url":"https:\/\/instytutpolski.pl\/stockholm\/pl\/2023\/07\/05\/fotoreportaz-sladami-wladyslawa-hasiora-wizyta-studyjna-do-krakowa-i-zakopanego\/","og_site_name":"Instytut Polski w Sztokholmie","article_published_time":"2023-07-05T13:39:05+00:00","article_modified_time":"2023-07-05T13:45:32+00:00","og_image":[{"width":1440,"height":1085,"url":"https:\/\/instytutpolski.pl\/stockholm\/wp-content\/uploads\/sites\/17\/2023\/07\/236F2D1C-1B43-45D0-B3D6-F56AA4CCB94D.jpeg","type":"image\/jpeg"}],"author":"treichelp","twitter_card":"summary_large_image","twitter_misc":{"Napisane przez":"treichelp","Szacowany czas czytania":"7 minut"},"schema":{"@context":"https:\/\/schema.org","@graph":[{"@type":"event","@id":"https:\/\/instytutpolski.pl\/stockholm\/pl\/2023\/07\/05\/fotoreportaz-sladami-wladyslawa-hasiora-wizyta-studyjna-do-krakowa-i-zakopanego\/","url":"https:\/\/instytutpolski.pl\/stockholm\/pl\/2023\/07\/05\/fotoreportaz-sladami-wladyslawa-hasiora-wizyta-studyjna-do-krakowa-i-zakopanego\/","name":"Fotoreporta\u017c: \u015aladami W\u0142adys\u0142awa Hasiora - wizyta studyjna do Krakowa i Zakopanego","isPartOf":{"@id":"https:\/\/instytutpolski.pl\/stockholm\/#website"},"primaryImageOfPage":{"@id":"https:\/\/instytutpolski.pl\/stockholm\/pl\/2023\/07\/05\/fotoreportaz-sladami-wladyslawa-hasiora-wizyta-studyjna-do-krakowa-i-zakopanego\/#primaryimage"},"image":["https:\/\/instytutpolski.pl\/stockholm\/wp-content\/uploads\/sites\/17\/2023\/07\/236F2D1C-1B43-45D0-B3D6-F56AA4CCB94D.jpeg","https:\/\/instytutpolski.pl\/stockholm\/wp-content\/uploads\/sites\/17\/2023\/07\/236F2D1C-1B43-45D0-B3D6-F56AA4CCB94D-300x226.jpeg","https:\/\/instytutpolski.pl\/stockholm\/wp-content\/uploads\/sites\/17\/2023\/07\/236F2D1C-1B43-45D0-B3D6-F56AA4CCB94D-1024x772.jpeg","https:\/\/instytutpolski.pl\/stockholm\/wp-content\/uploads\/sites\/17\/2023\/07\/236F2D1C-1B43-45D0-B3D6-F56AA4CCB94D.jpeg"],"thumbnailUrl":"https:\/\/instytutpolski.pl\/stockholm\/wp-content\/uploads\/sites\/17\/2023\/07\/236F2D1C-1B43-45D0-B3D6-F56AA4CCB94D.jpeg","datePublished":"2023-07-05T13:39:05+02:00","dateModified":"2023-07-05T13:45:32+02:00","author":{"@id":"https:\/\/instytutpolski.pl\/stockholm\/#\/schema\/person\/866a2c0f4ccf0982a286809684f7bc1e"},"breadcrumb":{"@id":"https:\/\/instytutpolski.pl\/stockholm\/pl\/2023\/07\/05\/fotoreportaz-sladami-wladyslawa-hasiora-wizyta-studyjna-do-krakowa-i-zakopanego\/#breadcrumb"},"inLanguage":"pl-PL","potentialAction":[{"@type":"ReadAction","target":["https:\/\/instytutpolski.pl\/stockholm\/pl\/2023\/07\/05\/fotoreportaz-sladami-wladyslawa-hasiora-wizyta-studyjna-do-krakowa-i-zakopanego\/"]}],"@context":"https:\/\/schema.org","startDate":"2022-11-24","endDate":"2022-11-25","eventStatus":"EventScheduled","eventAttendanceMode":"OfflineEventAttendanceMode","location":{"@type":"place","name":"Zakopane, Polen","address":"Zakopane, Polen","geo":{"@type":"GeoCoordinates","latitude":"49.258985822814594","longitude":"20.15021278514781"}},"description":"\u201cW podr\u00f3\u017c wyruszyli\u015bmy wcze\u015bnie rano i, po przyjemnym locie, z lotniska w Krakowie odebra\u0142 nas kierowca Muzeum Tatrza\u0144skiego, z kt\u00f3rym przejechali\u015bmy do Muzeum Sztuki Wsp\u00f3\u0142czesnej w Krakowie MOCAK. W muzeum mieli\u015bmy okazj\u0119 obejrze\u0107 wystaw\u0119 \u201ePolityka w sztuce\u201d, na kt\u00f3rej znalaz\u0142y si\u0119 dzie\u0142a artysty Jerzego Beresia, rze\u017abiarza, kt\u00f3ry jest mi dobrze znany, gdy\u017c wystawia\u0142 swoje prace w S\u00f6dert\u00e4lje konsthall razem z W\u0142adys\u0142awem Hasiorem w 1976 roku. Odwiedzili\u015bmy tak\u017ce archiwum muzeum i zobaczyli\u015bmy materia\u0142y zwi\u0105zane z wystawami Hasiora w Szwecji. Uda\u0142o nam si\u0119 znale\u017a\u0107 m.in. informacje na temat projektu w S\u00f6dert\u00e4lje.\nPo po\u0142udniu dotarli\u015bmy do Zakopanego i spotkali\u015bmy si\u0119 z pozosta\u0142ymi uczestnikami konferencji na kolacji.\nCzwartek rozpocz\u0105\u0142 si\u0119 licznymi prelekcjami maj\u0105cymi miejsce w Galerii W\u0142adys\u0142awa Hasiora, b\u0119d\u0105cej cz\u0119\u015bci\u0105 Muzeum Tatrza\u0144skiego w Zakopanem, kt\u00f3re trwa\u0142y do popo\u0142udnia. By\u0142o to niezmiernie inspiruj\u0105ce do\u015bwiadczenie, dzi\u0119ki kt\u00f3remu uzyska\u0142y\u015bmy wiele nowych informacji na temat W\u0142adys\u0142awa Hasiora.\nW pi\u0105tek wybra\u0142y\u015bmy si\u0119 na spacer po mie\u015bcie, podczas kt\u00f3rego zobaczy\u0142y\u015bmy artystyczn\u0105 stron\u0119 Zakopanego. Obejrza\u0142y\u015bmy pi\u0119kne mozaiki w Domu Handlowym Granit, a tak\u017ce pomnik ratownik\u00f3w g\u00f3rskich wykonany przez W\u0142adys\u0142awa Hasiora. Odwiedzili\u015bmy r\u00f3wnie\u017c cmentarz, na kt\u00f3rym Hasior zosta\u0142 pochowany. W ci\u0105gu dnia, zaprezentowa\u0142am film, kt\u00f3ry przywioz\u0142am z S\u00f6dert\u00e4lje, tj. niedawno skompilowany wywiad z W\u0142adys\u0142awem Hasiorem z 1972 roku. W 1972 roku szwedzki filmowiec Roger Sellberg otrzyma\u0142 od Eje H\u00f6gest\u00e4tta, \u00f3wczesnego dyrektora galerii S\u00f6dert\u00e4lje konsthall, zlecenie na sfilmowanie procesu jak W\u0142adys\u0142aw Hasior buduje Solspann - zesp\u00f3\u0142 rze\u017ab stworzony przez artyst\u0119 na miejscu w S\u00f6dert\u00e4lje, w Szwecji. W 2022 roku, w zwi\u0105zku z 50-leciem pracy Solspann, Roger Sellberg postanowi\u0142 przyjrze\u0107 si\u0119 nagranemu w\u00f3wczas materia\u0142owi i z\u0142o\u017cy\u0107 go w dokument, kt\u00f3ry, ku uciesze wszystkich, pokazano podczas seminarium w S\u00f6dert\u00e4lje w pa\u017adzierniku 2022 roku.\nWyjazd by\u0142 dla mnie niesamowicie inspiruj\u0105cy, gdy\u017c spotka\u0142am wielu artyst\u00f3w, znawc\u00f3w sztuki oraz pracownik\u00f3w polskich muze\u00f3w sztuki, kt\u00f3rzy podzielili si\u0119 z nami swoj\u0105 ogromn\u0105 wiedz\u0105 na temat W\u0142adys\u0142awa Hasiora oraz jego artystycznego dorobku.\u201d\nMaja-Lena Molin, kuratorka oraz ekspert od komunikacji galerii S\u00f6dert\u00e4lje Konsthall\n\u201e(\u2026) wyjazd by\u0142 bardzo udany, g\u0142\u00f3wnie ze wzgl\u0119du na bardzo dobr\u0105 organizacj\u0119 konferencji, a tak\u017ce poniewa\u017c kilku badaczy, uczestnicz\u0105cych w konferencji, by\u0142o r\u00f3wnie zapasjonowanych tw\u00f3rczo\u015bci\u0105 Hasiora co ja. By\u0142o to r\u00f3wnie\u017c bardzo ciekawe do\u015bwiadczenie, bior\u0105c pod uwag\u0119 polski kontekst dzie\u0142a [Solspann], kt\u00f3re jest jedyn\u0105 prac\u0105 artysty, kt\u00f3ra wci\u0105\u017c aktywizuje lokaln\u0105 spo\u0142eczno\u015b\u0107. Mam nadziej\u0119, \u017ce uda si\u0119 wyda\u0107 publikacj\u0119 w formie ksi\u0105\u017cki. B\u0119d\u0119 dalej rozwija\u0107 cz\u0119\u015b\u0107 z nawi\u0105zanych podczas konferencji znajomo\u015bci, a ponadto, muzeum pragnie, \u017cebym wr\u00f3ci\u0142a na wiosn\u0119 do pracy w ich archiwum, gdzie znajduje si\u0119 du\u017co szwedzkich tekst\u00f3w, kt\u00f3rego sami nie przepracowali. (...) Tej wiosny b\u0119d\u0105 mia\u0142y miejsce kolejne wydarzenia zwi\u0105zane z Hasiorem, we wsp\u00f3\u0142pracy z galeri\u0105 sztuki S\u00f6dert\u00e4lje Konsthall oraz towarzystwem historycznym z S\u00f6dert\u00e4lje, gdzie b\u0119d\u0119 wyk\u0142ada\u0107 oraz b\u0119d\u0119 mia\u0142a okazj\u0119 podzieli\u0107 si\u0119 wra\u017ceniami z wizyty studyjnej z szersz\u0105 publiczno\u015bci\u0105. Odb\u0119dzie si\u0119 to w lutym. Maja-Lena r\u00f3wnie\u017c we\u017amie udzia\u0142, gdy\u017c galeria sztuki S\u00f6dert\u00e4lje Konsthall pragnie kontynuowa\u0107 prac\u0119 z polsk\u0105 sztuk\u0105 i chce mnie w to zaanga\u017cowa\u0107. Wyjazd by\u0142 wi\u0119c r\u00f3wnie\u017c wa\u017cny z tego powodu.\u201d\nCamilla Larsson, historyczka sztuki oraz wyk\u0142adowca na uniwersytecie S\u00f6dert\u00f6rns h\u00f6gskola\nWizyta studyjna by\u0142a \u015bwietn\u0105 okazj\u0105 do zg\u0142\u0119bienia wiedzy z zakresu historii polskiej sztuki, ze szczeg\u00f3lnym uwzgl\u0119dnieniem tw\u00f3rczo\u015bci W\u0142adys\u0142awa Hasiora, a tak\u017ce do wymiany refleksji i do\u015bwiadcze\u0144 mi\u0119dzy szwedzkimi i polskimi historykami sztuki. W ramach konferencji Camilla Larsson oraz Maja-Lena Molin opowiedzia\u0142y o polskim arty\u015bcie W\u0142adys\u0142awie Hasiorze w kontek\u015bcie szwedzkim, w zwi\u0105zku z wydarzeniami dotycz\u0105cymi tw\u00f3rczo\u015bci Hasiora i sztuki polskiej, zorganizowanych w 2022 roku. Cieszymy si\u0119 ogromnie, \u017ce Instytut Polski w Sztokholmie m\u00f3g\u0142 wesprze\u0107 t\u0119 wizyt\u0119 studyjn\u0105 i liczymy na kontynuacj\u0119 wsp\u00f3\u0142pracy w przysz\u0142o\u015bci!\nFotoreporta\u017ce z tych projekt\u00f3w wok\u00f3\u0142 tw\u00f3rczo\u015bci W\u0142adys\u0142awa Hasiora znajdziesz poni\u017cej:\n&#x1f449; Wystawa prac Magdaleny Abakanowicz i W\u0142adys\u0142awa Hasiora w ART SPACE S\u00f6dertorn (szwedzki) https:\/\/instytutpolski.pl\/stockholm\/2022\/10\/03\/fotoreportage-magdalena-abakanowicz-och-wladyslaw-hasior-pa-art-space-sodertorn\/  \n&#x1f449; Obchody 50-lecia instalacji W\u0142adys\u0142awa Hasiora \u201eSolspann\u201d https:\/\/instytutpolski.pl\/stockholm\/pl\/2022\/10\/24\/fotoreportaz-obchody-50-lecia-instalacji-wladyslawa-hasiora-solspann\/ \nFoto: Camilla Larsson oraz Maja-Lena Molin"},{"@type":"ImageObject","inLanguage":"pl-PL","@id":"https:\/\/instytutpolski.pl\/stockholm\/pl\/2023\/07\/05\/fotoreportaz-sladami-wladyslawa-hasiora-wizyta-studyjna-do-krakowa-i-zakopanego\/#primaryimage","url":"https:\/\/instytutpolski.pl\/stockholm\/wp-content\/uploads\/sites\/17\/2023\/07\/236F2D1C-1B43-45D0-B3D6-F56AA4CCB94D.jpeg","contentUrl":"https:\/\/instytutpolski.pl\/stockholm\/wp-content\/uploads\/sites\/17\/2023\/07\/236F2D1C-1B43-45D0-B3D6-F56AA4CCB94D.jpeg","width":1440,"height":1085},{"@type":"BreadcrumbList","@id":"https:\/\/instytutpolski.pl\/stockholm\/pl\/2023\/07\/05\/fotoreportaz-sladami-wladyslawa-hasiora-wizyta-studyjna-do-krakowa-i-zakopanego\/#breadcrumb","itemListElement":[{"@type":"ListItem","position":1,"name":"Home","item":"https:\/\/instytutpolski.pl\/stockholm\/"},{"@type":"ListItem","position":2,"name":"Fotoreporta\u017c: \u015aladami W\u0142adys\u0142awa Hasiora &#8211; wizyta studyjna do Krakowa i Zakopanego"}]},{"@type":"WebSite","@id":"https:\/\/instytutpolski.pl\/stockholm\/#website","url":"https:\/\/instytutpolski.pl\/stockholm\/","name":"Instytut Polski w Sztokholmie","description":"Instytuty Polskie","potentialAction":[{"@type":"SearchAction","target":{"@type":"EntryPoint","urlTemplate":"https:\/\/instytutpolski.pl\/stockholm\/?s={search_term_string}"},"query-input":{"@type":"PropertyValueSpecification","valueRequired":true,"valueName":"search_term_string"}}],"inLanguage":"pl-PL"},{"@type":"Person","@id":"https:\/\/instytutpolski.pl\/stockholm\/#\/schema\/person\/866a2c0f4ccf0982a286809684f7bc1e","name":"treichelp","image":{"@type":"ImageObject","inLanguage":"pl-PL","@id":"https:\/\/instytutpolski.pl\/stockholm\/#\/schema\/person\/image\/","url":"https:\/\/secure.gravatar.com\/avatar\/fb2c1caae0df0854742a56fc463dd1fb?s=96&d=mm&r=g","contentUrl":"https:\/\/secure.gravatar.com\/avatar\/fb2c1caae0df0854742a56fc463dd1fb?s=96&d=mm&r=g","caption":"treichelp"},"url":"https:\/\/instytutpolski.pl\/stockholm\/author\/treichelp\/"}]}},"_links":{"self":[{"href":"https:\/\/instytutpolski.pl\/stockholm\/wp-json\/wp\/v2\/posts\/11135","targetHints":{"allow":["GET"]}}],"collection":[{"href":"https:\/\/instytutpolski.pl\/stockholm\/wp-json\/wp\/v2\/posts"}],"about":[{"href":"https:\/\/instytutpolski.pl\/stockholm\/wp-json\/wp\/v2\/types\/post"}],"author":[{"embeddable":true,"href":"https:\/\/instytutpolski.pl\/stockholm\/wp-json\/wp\/v2\/users\/173"}],"replies":[{"embeddable":true,"href":"https:\/\/instytutpolski.pl\/stockholm\/wp-json\/wp\/v2\/comments?post=11135"}],"version-history":[{"count":3,"href":"https:\/\/instytutpolski.pl\/stockholm\/wp-json\/wp\/v2\/posts\/11135\/revisions"}],"predecessor-version":[{"id":11138,"href":"https:\/\/instytutpolski.pl\/stockholm\/wp-json\/wp\/v2\/posts\/11135\/revisions\/11138"}],"wp:featuredmedia":[{"embeddable":true,"href":"https:\/\/instytutpolski.pl\/stockholm\/wp-json\/wp\/v2\/media\/11118"}],"wp:attachment":[{"href":"https:\/\/instytutpolski.pl\/stockholm\/wp-json\/wp\/v2\/media?parent=11135"}],"wp:term":[{"taxonomy":"category","embeddable":true,"href":"https:\/\/instytutpolski.pl\/stockholm\/wp-json\/wp\/v2\/categories?post=11135"},{"taxonomy":"post_tag","embeddable":true,"href":"https:\/\/instytutpolski.pl\/stockholm\/wp-json\/wp\/v2\/tags?post=11135"}],"curies":[{"name":"wp","href":"https:\/\/api.w.org\/{rel}","templated":true}]}}