{"id":11267,"date":"2023-07-25T11:08:34","date_gmt":"2023-07-25T09:08:34","guid":{"rendered":"https:\/\/instytutpolski.pl\/stockholm\/?p=11267"},"modified":"2023-09-25T13:31:41","modified_gmt":"2023-09-25T11:31:41","slug":"programpunkter-med-polska-inslag-pa-bokmassan-2023-i-goteborg","status":"publish","type":"post","link":"https:\/\/instytutpolski.pl\/stockholm\/2023\/07\/25\/programpunkter-med-polska-inslag-pa-bokmassan-2023-i-goteborg\/","title":{"rendered":"Programpunkter med polska inslag p\u00e5 Bokm\u00e4ssan 2023 i G\u00f6teborg"},"content":{"rendered":"\n<p>The booklet was created by Bozena Janina Zdunek (1918-2015) and other female prisoners who came to Sweden after the liberation of the concentration camps, thanks to the White Buses campaign organised by the Swedish Red Cross in the spring of 1945. Bozena\u2019s life was filled with post-war trauma. It was thanks to her strong faith and hard work that she managed to create a new life in Sweden. She had, however, never stopped longing for Poland as she remembered it from her youth.<\/p>\n\n\n\n<p><\/p>\n\n\n\n<p><strong>Om <a href=\"https:\/\/instytutpolski.pl\/stockholm\/2020\/05\/27\/onlineutstallning-haftet-med-dikter-fran-auschwitz-historien-om-b-j-zdunek-f-musiewicz\/\" target=\"_blank\" rel=\"noreferrer noopener\">projektet \u201cH\u00e4ftet med dikter fr\u00e5n Auschwitz\u201d <\/a>som anordnades av Polska institutet 2020<\/strong>.<\/p>\n\n\n\n<pre class=\"wp-block-verse\" style=\"font-size:16px\">Nedanf\u00f6r hittar du information om alla evenemang kring \"H\u00e4ftet med dikter fr\u00e5n Auschwitz\" p\u00e5 Bokm\u00e4ssan i G\u00f6teborg 2023.<\/pre>\n\n\n\n<pre class=\"wp-block-verse\"><\/pre>\n\n\n\n<figure class=\"wp-block-gallery has-nested-images columns-default is-cropped wp-block-gallery-1 is-layout-flex wp-block-gallery-is-layout-flex\">\n<figure class=\"wp-block-image size-large\"><img loading=\"lazy\" decoding=\"async\" width=\"2000\" height=\"1414\" data-id=\"11555\" src=\"https:\/\/instytutpolski.pl\/stockholm\/wp-content\/uploads\/sites\/17\/2023\/07\/1-2.png\" alt=\"\" class=\"wp-image-11555\" srcset=\"https:\/\/instytutpolski.pl\/stockholm\/wp-content\/uploads\/sites\/17\/2023\/07\/1-2.png 2000w, https:\/\/instytutpolski.pl\/stockholm\/wp-content\/uploads\/sites\/17\/2023\/07\/1-2-300x212.png 300w, https:\/\/instytutpolski.pl\/stockholm\/wp-content\/uploads\/sites\/17\/2023\/07\/1-2-1024x724.png 1024w, https:\/\/instytutpolski.pl\/stockholm\/wp-content\/uploads\/sites\/17\/2023\/07\/1-2-768x543.png 768w, https:\/\/instytutpolski.pl\/stockholm\/wp-content\/uploads\/sites\/17\/2023\/07\/1-2-1536x1086.png 1536w\" sizes=\"auto, (max-width: 2000px) 100vw, 2000px\" \/><\/figure>\n<\/figure>\n\n\n\n<figure class=\"wp-block-gallery has-nested-images columns-default is-cropped wp-block-gallery-2 is-layout-flex wp-block-gallery-is-layout-flex\">\n<figure class=\"wp-block-image size-large\"><img loading=\"lazy\" decoding=\"async\" width=\"2000\" height=\"1414\" data-id=\"11556\" src=\"https:\/\/instytutpolski.pl\/stockholm\/wp-content\/uploads\/sites\/17\/2023\/07\/2.png\" alt=\"\" class=\"wp-image-11556\" srcset=\"https:\/\/instytutpolski.pl\/stockholm\/wp-content\/uploads\/sites\/17\/2023\/07\/2.png 2000w, https:\/\/instytutpolski.pl\/stockholm\/wp-content\/uploads\/sites\/17\/2023\/07\/2-300x212.png 300w, https:\/\/instytutpolski.pl\/stockholm\/wp-content\/uploads\/sites\/17\/2023\/07\/2-1024x724.png 1024w, https:\/\/instytutpolski.pl\/stockholm\/wp-content\/uploads\/sites\/17\/2023\/07\/2-768x543.png 768w, https:\/\/instytutpolski.pl\/stockholm\/wp-content\/uploads\/sites\/17\/2023\/07\/2-1536x1086.png 1536w\" sizes=\"auto, (max-width: 2000px) 100vw, 2000px\" \/><\/figure>\n<\/figure>\n\n\n\n<pre class=\"wp-block-verse\"><\/pre>\n\n\n\n<div class=\"wp-block-media-text alignwide is-stacked-on-mobile\"><figure class=\"wp-block-media-text__media\"><img loading=\"lazy\" decoding=\"async\" width=\"683\" height=\"1024\" src=\"https:\/\/instytutpolski.pl\/stockholm\/wp-content\/uploads\/sites\/17\/2023\/07\/image-683x1024.jpg\" alt=\"\" class=\"wp-image-11239 size-full\" srcset=\"https:\/\/instytutpolski.pl\/stockholm\/wp-content\/uploads\/sites\/17\/2023\/07\/image-683x1024.jpg 683w, https:\/\/instytutpolski.pl\/stockholm\/wp-content\/uploads\/sites\/17\/2023\/07\/image-200x300.jpg 200w, https:\/\/instytutpolski.pl\/stockholm\/wp-content\/uploads\/sites\/17\/2023\/07\/image-768x1152.jpg 768w, https:\/\/instytutpolski.pl\/stockholm\/wp-content\/uploads\/sites\/17\/2023\/07\/image-1024x1536.jpg 1024w, https:\/\/instytutpolski.pl\/stockholm\/wp-content\/uploads\/sites\/17\/2023\/07\/image-1366x2048.jpg 1366w, https:\/\/instytutpolski.pl\/stockholm\/wp-content\/uploads\/sites\/17\/2023\/07\/image.jpg 1707w\" sizes=\"auto, (max-width: 683px) 100vw, 683px\" \/><\/figure><div class=\"wp-block-media-text__content\">\n<p><strong>Piotr Fiedler<\/strong> \u00e4r en polsk poet och f\u00f6rfattare till romanen <em>\u00d6mhet <\/em>som bor och verkar i Warszawa. Han har tidigare gett ut diktsamlingen <em>pod moim oknem gryz\u0105 si\u0119 je\u017ce<\/em> (2015, Kapiszony w Ogniu). <em>\u00d6mhet <\/em>\u00e4r hans romandebut och gavs ut p\u00e5 originalspr\u00e5ket polska p\u00e5 f\u00f6rlaget Wyda\u0142em (2020). Han har kallats f\u00f6r enfant terrible och bon vivant, k\u00e4rt barn har m\u00e5nga franska namn. Oavsett har denne f\u00f6rfattare bidragit med en frisk fl\u00e4kt i den polska samtidslitteraturen och hyllats som en skarp samtidsskildrare.<\/p>\n\n\n\n<p>Foto: Mateusz Stankiewicz<\/p>\n\n\n\n<p>Mer om den svenska premi\u00e4ren f\u00f6r f\u00f6rfattaren Piotr Fiedlers bok \u201c\u00d6mhet\u201d (2023, Prosak F\u00f6rlag) hittar du <a href=\"https:\/\/instytutpolski.pl\/stockholm\/2023\/07\/25\/svensk-utgava-av-boken-omhet-av-piotr-fiedler\/\" target=\"_blank\" rel=\"noreferrer noopener\">h\u00e4r<\/a>.<strong><em> <\/em><\/strong><\/p>\n\n\n\n<p><strong>Alla evenemang med Piotr Fiedler p\u00e5 Bokm\u00e4ssan i G\u00f6teborg 2023 finns p\u00e5 <a href=\"https:\/\/bokmassan.se\/participants\/piotr-fiedler\/\" target=\"_blank\" rel=\"noreferrer noopener\">m\u00e4ssans hemsida<\/a> samt i broschyren nedanf\u00f6r.<\/strong><\/p>\n<\/div><\/div>\n\n\n\n<pre class=\"wp-block-verse\"><\/pre>\n\n\n\n<figure class=\"wp-block-gallery has-nested-images columns-default is-cropped wp-block-gallery-3 is-layout-flex wp-block-gallery-is-layout-flex\">\n<figure class=\"wp-block-image size-large\"><img loading=\"lazy\" decoding=\"async\" width=\"1024\" height=\"724\" data-id=\"11557\" src=\"https:\/\/instytutpolski.pl\/stockholm\/wp-content\/uploads\/sites\/17\/2023\/09\/1-1024x724.png\" alt=\"\" class=\"wp-image-11557\" srcset=\"https:\/\/instytutpolski.pl\/stockholm\/wp-content\/uploads\/sites\/17\/2023\/09\/1-1024x724.png 1024w, https:\/\/instytutpolski.pl\/stockholm\/wp-content\/uploads\/sites\/17\/2023\/09\/1-300x212.png 300w, https:\/\/instytutpolski.pl\/stockholm\/wp-content\/uploads\/sites\/17\/2023\/09\/1-768x543.png 768w, https:\/\/instytutpolski.pl\/stockholm\/wp-content\/uploads\/sites\/17\/2023\/09\/1-1536x1086.png 1536w, https:\/\/instytutpolski.pl\/stockholm\/wp-content\/uploads\/sites\/17\/2023\/09\/1.png 2000w\" sizes=\"auto, (max-width: 1024px) 100vw, 1024px\" \/><\/figure>\n<\/figure>\n\n\n\n<figure class=\"wp-block-gallery has-nested-images columns-default is-cropped wp-block-gallery-4 is-layout-flex wp-block-gallery-is-layout-flex\">\n<figure class=\"wp-block-image size-large\"><img loading=\"lazy\" decoding=\"async\" width=\"1024\" height=\"724\" data-id=\"11558\" src=\"https:\/\/instytutpolski.pl\/stockholm\/wp-content\/uploads\/sites\/17\/2023\/09\/2-1024x724.png\" alt=\"\" class=\"wp-image-11558\" srcset=\"https:\/\/instytutpolski.pl\/stockholm\/wp-content\/uploads\/sites\/17\/2023\/09\/2-1024x724.png 1024w, https:\/\/instytutpolski.pl\/stockholm\/wp-content\/uploads\/sites\/17\/2023\/09\/2-300x212.png 300w, https:\/\/instytutpolski.pl\/stockholm\/wp-content\/uploads\/sites\/17\/2023\/09\/2-768x543.png 768w, https:\/\/instytutpolski.pl\/stockholm\/wp-content\/uploads\/sites\/17\/2023\/09\/2-1536x1086.png 1536w, https:\/\/instytutpolski.pl\/stockholm\/wp-content\/uploads\/sites\/17\/2023\/09\/2.png 2000w\" sizes=\"auto, (max-width: 1024px) 100vw, 1024px\" \/><\/figure>\n<\/figure>\n\n\n\n<pre class=\"wp-block-verse\"><\/pre>\n\n\n\n<p><strong>Beskrivning av seminariet med Miko\u0142aj \u0141ozi\u0144ski<\/strong> <strong><a href=\"https:\/\/bokmassan.se\/programs\/sokandet-efter-familjerotter\/\" target=\"_blank\" rel=\"noreferrer noopener\">\u201cS\u00f6kandet efter familjer\u00f6tter. Samtida judiska f\u00f6rfattare i Europa: Polen, Litauen, Italien.\u201d<\/a> <\/strong><\/p>\n\n\n\n<p>F\u00f6rfattarna Miko\u0142aj \u0141ozi\u0144ski (Polen) och Helena Janeczek (Italien) samt \u00f6vers\u00e4ttaren Mindaugas Kvietkauskas (Litauen) reflekterar kring judiska familjers historier och r\u00f6tter \u2013 b\u00e5de sina egna och andras. Ber\u00e4ttelserna \u00e4r ofta sammanfl\u00e4tade med de nationella historierna. Programledare: Svante Weyler, f\u00f6rfattare, journalist och tidigare f\u00f6rl\u00e4ggare.<\/p>\n\n\n\n<pre class=\"wp-block-verse\"><\/pre>\n\n\n\n<div class=\"wp-block-media-text alignwide is-stacked-on-mobile\"><figure class=\"wp-block-media-text__media\"><img loading=\"lazy\" decoding=\"async\" width=\"768\" height=\"1024\" src=\"https:\/\/instytutpolski.pl\/stockholm\/wp-content\/uploads\/sites\/17\/2023\/07\/Mikolaj_Lozinski_mindre-768x1024.png\" alt=\"\" class=\"wp-image-11291 size-full\" srcset=\"https:\/\/instytutpolski.pl\/stockholm\/wp-content\/uploads\/sites\/17\/2023\/07\/Mikolaj_Lozinski_mindre-768x1024.png 768w, https:\/\/instytutpolski.pl\/stockholm\/wp-content\/uploads\/sites\/17\/2023\/07\/Mikolaj_Lozinski_mindre-225x300.png 225w, https:\/\/instytutpolski.pl\/stockholm\/wp-content\/uploads\/sites\/17\/2023\/07\/Mikolaj_Lozinski_mindre-1152x1536.png 1152w, https:\/\/instytutpolski.pl\/stockholm\/wp-content\/uploads\/sites\/17\/2023\/07\/Mikolaj_Lozinski_mindre-1536x2048.png 1536w, https:\/\/instytutpolski.pl\/stockholm\/wp-content\/uploads\/sites\/17\/2023\/07\/Mikolaj_Lozinski_mindre.png 1548w\" sizes=\"auto, (max-width: 768px) 100vw, 768px\" \/><\/figure><div class=\"wp-block-media-text__content\">\n<p><strong>Miko\u0142aj \u0141ozi\u0144ski <\/strong>f\u00f6ddes 1980 i Warszawa. Han studerade sociologi och tog magisterexamen vid Paris-Sorbonne Universitet. Han jobbade som \u00f6vers\u00e4ttare fr\u00e5n polska till franska f\u00f6r Arte Television. Han har erh\u00e5llit bl.a. Ko\u015bcielski-priset (2007) och Paszport \u201cPolityki\u201d-priset (2011). Hans debutroman <em>Reisefieber <\/em>sl\u00e4pptes 2006. Hans andra roman <em>The Book <\/em>publicerades 2011 och tredje boken <em>Stramer <\/em>kom ut 2019. <em>Reisefieber<\/em>, <em>The Book <\/em>och <em>Stramer <\/em>\u00f6versattes till m\u00e5nga spr\u00e5k. Miko\u0142aj \u0141ozi\u0144ski bor i Warszawa.<\/p>\n\n\n\n<p>Foto: Szymon Szczesniak<\/p>\n<\/div><\/div>\n\n\n\n<pre class=\"wp-block-verse\"><\/pre>\n\n\n\n<p>Projektet anordnas som ett samarbete mellan Polska institutet i Stockholm, Prosak F\u00f6rlag, EUNIC Stockholm &#8211; EU National Institutes for Culture och Auschwitz Memorial \/ Muzeum Auschwitz.<\/p>\n","protected":false},"excerpt":{"rendered":"<p>The booklet was created by Bozena Janina Zdunek (1918-2015) and other female prisoners who came to Sweden after the liberation of the concentration camps, thanks to the White Buses campaign organised by the Swedish Red Cross in the spring of 1945. Bozena\u2019s life was filled with post-war trauma. It was thanks to her strong faith [&hellip;]<\/p>\n","protected":false},"author":173,"featured_media":11290,"comment_status":"closed","ping_status":"closed","sticky":false,"template":"","format":"standard","meta":{"inline_featured_image":false,"_monsterinsights_skip_tracking":false,"_monsterinsights_sitenote_active":false,"_monsterinsights_sitenote_note":"","_monsterinsights_sitenote_category":0,"footnotes":""},"categories":[222,12,106],"tags":[],"class_list":["post-11267","post","type-post","status-publish","format-standard","has-post-thumbnail","hentry","category-aktualnosc-se","category-evenemang","category-litteratur"],"yoast_head":"<!-- This site is optimized with the Yoast SEO plugin v24.6 - https:\/\/yoast.com\/wordpress\/plugins\/seo\/ -->\n<title>Programpunkter med polska inslag p\u00e5 Bokm\u00e4ssan 2023 i G\u00f6teborg - Instytut Polski w Sztokholmie<\/title>\n<meta name=\"robots\" content=\"index, follow, max-snippet:-1, max-image-preview:large, max-video-preview:-1\" \/>\n<link rel=\"canonical\" href=\"https:\/\/instytutpolski.pl\/stockholm\/2023\/07\/25\/programpunkter-med-polska-inslag-pa-bokmassan-2023-i-goteborg\/\" \/>\n<meta property=\"og:locale\" content=\"pl_PL\" \/>\n<meta property=\"og:type\" content=\"article\" \/>\n<meta property=\"og:title\" content=\"Programpunkter med polska inslag p\u00e5 Bokm\u00e4ssan 2023 i G\u00f6teborg - Instytut Polski w Sztokholmie\" \/>\n<meta property=\"og:description\" content=\"The booklet was created by Bozena Janina Zdunek (1918-2015) and other female prisoners who came to Sweden after the liberation of the concentration camps, thanks to the White Buses campaign organised by the Swedish Red Cross in the spring of 1945. Bozena\u2019s life was filled with post-war trauma. It was thanks to her strong faith [&hellip;]\" \/>\n<meta property=\"og:url\" content=\"https:\/\/instytutpolski.pl\/stockholm\/2023\/07\/25\/programpunkter-med-polska-inslag-pa-bokmassan-2023-i-goteborg\/\" \/>\n<meta property=\"og:site_name\" content=\"Instytut Polski w Sztokholmie\" \/>\n<meta property=\"article:published_time\" content=\"2023-07-25T09:08:34+00:00\" \/>\n<meta property=\"article:modified_time\" content=\"2023-09-25T11:31:41+00:00\" \/>\n<meta property=\"og:image\" content=\"https:\/\/instytutpolski.pl\/stockholm\/wp-content\/uploads\/sites\/17\/2023\/07\/1.png\" \/>\n\t<meta property=\"og:image:width\" content=\"1120\" \/>\n\t<meta property=\"og:image:height\" content=\"630\" \/>\n\t<meta property=\"og:image:type\" content=\"image\/png\" \/>\n<meta name=\"author\" content=\"treichelp\" \/>\n<meta name=\"twitter:card\" content=\"summary_large_image\" \/>\n<meta name=\"twitter:label1\" content=\"Napisane przez\" \/>\n\t<meta name=\"twitter:data1\" content=\"treichelp\" \/>\n\t<meta name=\"twitter:label2\" content=\"Szacowany czas czytania\" \/>\n\t<meta name=\"twitter:data2\" content=\"4 minuty\" \/>\n<script type=\"application\/ld+json\" class=\"yoast-schema-graph\">{\"@context\":\"https:\/\/schema.org\",\"@graph\":[{\"@type\":\"event\",\"@id\":\"https:\/\/instytutpolski.pl\/stockholm\/2023\/07\/25\/programpunkter-med-polska-inslag-pa-bokmassan-2023-i-goteborg\/\",\"url\":\"https:\/\/instytutpolski.pl\/stockholm\/2023\/07\/25\/programpunkter-med-polska-inslag-pa-bokmassan-2023-i-goteborg\/\",\"name\":\"Programpunkter med polska inslag p\u00e5 Bokm\u00e4ssan 2023 i G\u00f6teborg\",\"isPartOf\":{\"@id\":\"https:\/\/instytutpolski.pl\/stockholm\/#website\"},\"primaryImageOfPage\":{\"@id\":\"https:\/\/instytutpolski.pl\/stockholm\/2023\/07\/25\/programpunkter-med-polska-inslag-pa-bokmassan-2023-i-goteborg\/#primaryimage\"},\"image\":[\"https:\/\/instytutpolski.pl\/stockholm\/wp-content\/uploads\/sites\/17\/2023\/07\/1.png\",\"https:\/\/instytutpolski.pl\/stockholm\/wp-content\/uploads\/sites\/17\/2023\/07\/1-300x169.png\",\"https:\/\/instytutpolski.pl\/stockholm\/wp-content\/uploads\/sites\/17\/2023\/07\/1-1024x576.png\",\"https:\/\/instytutpolski.pl\/stockholm\/wp-content\/uploads\/sites\/17\/2023\/07\/1.png\"],\"thumbnailUrl\":\"https:\/\/instytutpolski.pl\/stockholm\/wp-content\/uploads\/sites\/17\/2023\/07\/1.png\",\"datePublished\":\"2023-07-25T09:08:34+02:00\",\"dateModified\":\"2023-09-25T11:31:41+02:00\",\"author\":{\"@id\":\"https:\/\/instytutpolski.pl\/stockholm\/#\/schema\/person\/866a2c0f4ccf0982a286809684f7bc1e\"},\"breadcrumb\":{\"@id\":\"https:\/\/instytutpolski.pl\/stockholm\/2023\/07\/25\/programpunkter-med-polska-inslag-pa-bokmassan-2023-i-goteborg\/#breadcrumb\"},\"inLanguage\":\"pl-PL\",\"potentialAction\":[{\"@type\":\"ReadAction\",\"target\":[\"https:\/\/instytutpolski.pl\/stockholm\/2023\/07\/25\/programpunkter-med-polska-inslag-pa-bokmassan-2023-i-goteborg\/\"]}],\"@context\":\"https:\/\/schema.org\",\"startDate\":\"2023-09-28\",\"endDate\":\"2023-10-01\",\"eventStatus\":\"EventScheduled\",\"eventAttendanceMode\":\"OfflineEventAttendanceMode\",\"location\":{\"@type\":\"place\",\"name\":\"Svenska M\u00e4ssan, G\u00f6teborg\",\"address\":\"Svenska M\u00e4ssan, G\u00f6teborg\",\"geo\":{\"@type\":\"GeoCoordinates\",\"latitude\":\"57.671759644136216\",\"longitude\":\"12.682110124731851\"}},\"description\":\"The booklet was created by Bozena Janina Zdunek (1918-2015) and other female prisoners who came to Sweden after the liberation of the concentration camps, thanks to the White Buses campaign organised by the Swedish Red Cross in the spring of 1945. Bozena\u2019s life was filled with post-war trauma. It was thanks to her strong faith and hard work that she managed to create a new life in Sweden. She had, however, never stopped longing for Poland as she remembered it from her youth.\\nOm projektet \u201cH\u00e4ftet med dikter fr\u00e5n Auschwitz\u201d som anordnades av Polska institutet 2020.\\nNedanf\u00f6r hittar du information om alla evenemang kring \\\"H\u00e4ftet med dikter fr\u00e5n Auschwitz\\\" p\u00e5 Bokm\u00e4ssan i G\u00f6teborg 2023.\\nPiotr Fiedler \u00e4r en polsk poet och f\u00f6rfattare till romanen \u00d6mhet som bor och verkar i Warszawa. Han har tidigare gett ut diktsamlingen pod moim oknem gryz\u0105 si\u0119 je\u017ce (2015, Kapiszony w Ogniu). \u00d6mhet \u00e4r hans romandebut och gavs ut p\u00e5 originalspr\u00e5ket polska p\u00e5 f\u00f6rlaget Wyda\u0142em (2020). Han har kallats f\u00f6r enfant terrible och bon vivant, k\u00e4rt barn har m\u00e5nga franska namn. Oavsett har denne f\u00f6rfattare bidragit med en frisk fl\u00e4kt i den polska samtidslitteraturen och hyllats som en skarp samtidsskildrare.\\nFoto: Mateusz Stankiewicz\\nMer om den svenska premi\u00e4ren f\u00f6r f\u00f6rfattaren Piotr Fiedlers bok \u201c\u00d6mhet\u201d (2023, Prosak F\u00f6rlag) hittar du h\u00e4r. \\nAlla evenemang med Piotr Fiedler p\u00e5 Bokm\u00e4ssan i G\u00f6teborg 2023 finns p\u00e5 m\u00e4ssans hemsida samt i broschyren nedanf\u00f6r.\\nBeskrivning av seminariet med Miko\u0142aj \u0141ozi\u0144ski \u201cS\u00f6kandet efter familjer\u00f6tter. Samtida judiska f\u00f6rfattare i Europa: Polen, Litauen, Italien.\u201d \\nF\u00f6rfattarna Miko\u0142aj \u0141ozi\u0144ski (Polen) och Helena Janeczek (Italien) samt \u00f6vers\u00e4ttaren Mindaugas Kvietkauskas (Litauen) reflekterar kring judiska familjers historier och r\u00f6tter \u2013 b\u00e5de sina egna och andras. Ber\u00e4ttelserna \u00e4r ofta sammanfl\u00e4tade med de nationella historierna. Programledare: Svante Weyler, f\u00f6rfattare, journalist och tidigare f\u00f6rl\u00e4ggare.\\nMiko\u0142aj \u0141ozi\u0144ski f\u00f6ddes 1980 i Warszawa. Han studerade sociologi och tog magisterexamen vid Paris-Sorbonne Universitet. Han jobbade som \u00f6vers\u00e4ttare fr\u00e5n polska till franska f\u00f6r Arte Television. Han har erh\u00e5llit bl.a. Ko\u015bcielski-priset (2007) och Paszport \u201cPolityki\u201d-priset (2011). Hans debutroman Reisefieber sl\u00e4pptes 2006. Hans andra roman The Book publicerades 2011 och tredje boken Stramer kom ut 2019. Reisefieber, The Book och Stramer \u00f6versattes till m\u00e5nga spr\u00e5k. Miko\u0142aj \u0141ozi\u0144ski bor i Warszawa.\\nFoto: Szymon Szczesniak\\nProjektet anordnas som ett samarbete mellan Polska institutet i Stockholm, Prosak F\u00f6rlag, EUNIC Stockholm - EU National Institutes for Culture och Auschwitz Memorial \/ Muzeum Auschwitz.\"},{\"@type\":\"ImageObject\",\"inLanguage\":\"pl-PL\",\"@id\":\"https:\/\/instytutpolski.pl\/stockholm\/2023\/07\/25\/programpunkter-med-polska-inslag-pa-bokmassan-2023-i-goteborg\/#primaryimage\",\"url\":\"https:\/\/instytutpolski.pl\/stockholm\/wp-content\/uploads\/sites\/17\/2023\/07\/1.png\",\"contentUrl\":\"https:\/\/instytutpolski.pl\/stockholm\/wp-content\/uploads\/sites\/17\/2023\/07\/1.png\",\"width\":1120,\"height\":630},{\"@type\":\"BreadcrumbList\",\"@id\":\"https:\/\/instytutpolski.pl\/stockholm\/2023\/07\/25\/programpunkter-med-polska-inslag-pa-bokmassan-2023-i-goteborg\/#breadcrumb\",\"itemListElement\":[{\"@type\":\"ListItem\",\"position\":1,\"name\":\"Home\",\"item\":\"https:\/\/instytutpolski.pl\/stockholm\/\"},{\"@type\":\"ListItem\",\"position\":2,\"name\":\"Programpunkter med polska inslag p\u00e5 Bokm\u00e4ssan 2023 i G\u00f6teborg\"}]},{\"@type\":\"WebSite\",\"@id\":\"https:\/\/instytutpolski.pl\/stockholm\/#website\",\"url\":\"https:\/\/instytutpolski.pl\/stockholm\/\",\"name\":\"Instytut Polski w Sztokholmie\",\"description\":\"Instytuty Polskie\",\"potentialAction\":[{\"@type\":\"SearchAction\",\"target\":{\"@type\":\"EntryPoint\",\"urlTemplate\":\"https:\/\/instytutpolski.pl\/stockholm\/?s={search_term_string}\"},\"query-input\":{\"@type\":\"PropertyValueSpecification\",\"valueRequired\":true,\"valueName\":\"search_term_string\"}}],\"inLanguage\":\"pl-PL\"},{\"@type\":\"Person\",\"@id\":\"https:\/\/instytutpolski.pl\/stockholm\/#\/schema\/person\/866a2c0f4ccf0982a286809684f7bc1e\",\"name\":\"treichelp\",\"image\":{\"@type\":\"ImageObject\",\"inLanguage\":\"pl-PL\",\"@id\":\"https:\/\/instytutpolski.pl\/stockholm\/#\/schema\/person\/image\/\",\"url\":\"https:\/\/secure.gravatar.com\/avatar\/fb2c1caae0df0854742a56fc463dd1fb?s=96&d=mm&r=g\",\"contentUrl\":\"https:\/\/secure.gravatar.com\/avatar\/fb2c1caae0df0854742a56fc463dd1fb?s=96&d=mm&r=g\",\"caption\":\"treichelp\"},\"url\":\"https:\/\/instytutpolski.pl\/stockholm\/author\/treichelp\/\"}]}<\/script>\n<!-- \/ Yoast SEO plugin. -->","yoast_head_json":{"title":"Programpunkter med polska inslag p\u00e5 Bokm\u00e4ssan 2023 i G\u00f6teborg - Instytut Polski w Sztokholmie","robots":{"index":"index","follow":"follow","max-snippet":"max-snippet:-1","max-image-preview":"max-image-preview:large","max-video-preview":"max-video-preview:-1"},"canonical":"https:\/\/instytutpolski.pl\/stockholm\/2023\/07\/25\/programpunkter-med-polska-inslag-pa-bokmassan-2023-i-goteborg\/","og_locale":"pl_PL","og_type":"article","og_title":"Programpunkter med polska inslag p\u00e5 Bokm\u00e4ssan 2023 i G\u00f6teborg - Instytut Polski w Sztokholmie","og_description":"The booklet was created by Bozena Janina Zdunek (1918-2015) and other female prisoners who came to Sweden after the liberation of the concentration camps, thanks to the White Buses campaign organised by the Swedish Red Cross in the spring of 1945. Bozena\u2019s life was filled with post-war trauma. It was thanks to her strong faith [&hellip;]","og_url":"https:\/\/instytutpolski.pl\/stockholm\/2023\/07\/25\/programpunkter-med-polska-inslag-pa-bokmassan-2023-i-goteborg\/","og_site_name":"Instytut Polski w Sztokholmie","article_published_time":"2023-07-25T09:08:34+00:00","article_modified_time":"2023-09-25T11:31:41+00:00","og_image":[{"width":1120,"height":630,"url":"https:\/\/instytutpolski.pl\/stockholm\/wp-content\/uploads\/sites\/17\/2023\/07\/1.png","type":"image\/png"}],"author":"treichelp","twitter_card":"summary_large_image","twitter_misc":{"Napisane przez":"treichelp","Szacowany czas czytania":"4 minuty"},"schema":{"@context":"https:\/\/schema.org","@graph":[{"@type":"event","@id":"https:\/\/instytutpolski.pl\/stockholm\/2023\/07\/25\/programpunkter-med-polska-inslag-pa-bokmassan-2023-i-goteborg\/","url":"https:\/\/instytutpolski.pl\/stockholm\/2023\/07\/25\/programpunkter-med-polska-inslag-pa-bokmassan-2023-i-goteborg\/","name":"Programpunkter med polska inslag p\u00e5 Bokm\u00e4ssan 2023 i G\u00f6teborg","isPartOf":{"@id":"https:\/\/instytutpolski.pl\/stockholm\/#website"},"primaryImageOfPage":{"@id":"https:\/\/instytutpolski.pl\/stockholm\/2023\/07\/25\/programpunkter-med-polska-inslag-pa-bokmassan-2023-i-goteborg\/#primaryimage"},"image":["https:\/\/instytutpolski.pl\/stockholm\/wp-content\/uploads\/sites\/17\/2023\/07\/1.png","https:\/\/instytutpolski.pl\/stockholm\/wp-content\/uploads\/sites\/17\/2023\/07\/1-300x169.png","https:\/\/instytutpolski.pl\/stockholm\/wp-content\/uploads\/sites\/17\/2023\/07\/1-1024x576.png","https:\/\/instytutpolski.pl\/stockholm\/wp-content\/uploads\/sites\/17\/2023\/07\/1.png"],"thumbnailUrl":"https:\/\/instytutpolski.pl\/stockholm\/wp-content\/uploads\/sites\/17\/2023\/07\/1.png","datePublished":"2023-07-25T09:08:34+02:00","dateModified":"2023-09-25T11:31:41+02:00","author":{"@id":"https:\/\/instytutpolski.pl\/stockholm\/#\/schema\/person\/866a2c0f4ccf0982a286809684f7bc1e"},"breadcrumb":{"@id":"https:\/\/instytutpolski.pl\/stockholm\/2023\/07\/25\/programpunkter-med-polska-inslag-pa-bokmassan-2023-i-goteborg\/#breadcrumb"},"inLanguage":"pl-PL","potentialAction":[{"@type":"ReadAction","target":["https:\/\/instytutpolski.pl\/stockholm\/2023\/07\/25\/programpunkter-med-polska-inslag-pa-bokmassan-2023-i-goteborg\/"]}],"@context":"https:\/\/schema.org","startDate":"2023-09-28","endDate":"2023-10-01","eventStatus":"EventScheduled","eventAttendanceMode":"OfflineEventAttendanceMode","location":{"@type":"place","name":"Svenska M\u00e4ssan, G\u00f6teborg","address":"Svenska M\u00e4ssan, G\u00f6teborg","geo":{"@type":"GeoCoordinates","latitude":"57.671759644136216","longitude":"12.682110124731851"}},"description":"The booklet was created by Bozena Janina Zdunek (1918-2015) and other female prisoners who came to Sweden after the liberation of the concentration camps, thanks to the White Buses campaign organised by the Swedish Red Cross in the spring of 1945. Bozena\u2019s life was filled with post-war trauma. It was thanks to her strong faith and hard work that she managed to create a new life in Sweden. She had, however, never stopped longing for Poland as she remembered it from her youth.\nOm projektet \u201cH\u00e4ftet med dikter fr\u00e5n Auschwitz\u201d som anordnades av Polska institutet 2020.\nNedanf\u00f6r hittar du information om alla evenemang kring \"H\u00e4ftet med dikter fr\u00e5n Auschwitz\" p\u00e5 Bokm\u00e4ssan i G\u00f6teborg 2023.\nPiotr Fiedler \u00e4r en polsk poet och f\u00f6rfattare till romanen \u00d6mhet som bor och verkar i Warszawa. Han har tidigare gett ut diktsamlingen pod moim oknem gryz\u0105 si\u0119 je\u017ce (2015, Kapiszony w Ogniu). \u00d6mhet \u00e4r hans romandebut och gavs ut p\u00e5 originalspr\u00e5ket polska p\u00e5 f\u00f6rlaget Wyda\u0142em (2020). Han har kallats f\u00f6r enfant terrible och bon vivant, k\u00e4rt barn har m\u00e5nga franska namn. Oavsett har denne f\u00f6rfattare bidragit med en frisk fl\u00e4kt i den polska samtidslitteraturen och hyllats som en skarp samtidsskildrare.\nFoto: Mateusz Stankiewicz\nMer om den svenska premi\u00e4ren f\u00f6r f\u00f6rfattaren Piotr Fiedlers bok \u201c\u00d6mhet\u201d (2023, Prosak F\u00f6rlag) hittar du h\u00e4r. \nAlla evenemang med Piotr Fiedler p\u00e5 Bokm\u00e4ssan i G\u00f6teborg 2023 finns p\u00e5 m\u00e4ssans hemsida samt i broschyren nedanf\u00f6r.\nBeskrivning av seminariet med Miko\u0142aj \u0141ozi\u0144ski \u201cS\u00f6kandet efter familjer\u00f6tter. Samtida judiska f\u00f6rfattare i Europa: Polen, Litauen, Italien.\u201d \nF\u00f6rfattarna Miko\u0142aj \u0141ozi\u0144ski (Polen) och Helena Janeczek (Italien) samt \u00f6vers\u00e4ttaren Mindaugas Kvietkauskas (Litauen) reflekterar kring judiska familjers historier och r\u00f6tter \u2013 b\u00e5de sina egna och andras. Ber\u00e4ttelserna \u00e4r ofta sammanfl\u00e4tade med de nationella historierna. Programledare: Svante Weyler, f\u00f6rfattare, journalist och tidigare f\u00f6rl\u00e4ggare.\nMiko\u0142aj \u0141ozi\u0144ski f\u00f6ddes 1980 i Warszawa. Han studerade sociologi och tog magisterexamen vid Paris-Sorbonne Universitet. Han jobbade som \u00f6vers\u00e4ttare fr\u00e5n polska till franska f\u00f6r Arte Television. Han har erh\u00e5llit bl.a. Ko\u015bcielski-priset (2007) och Paszport \u201cPolityki\u201d-priset (2011). Hans debutroman Reisefieber sl\u00e4pptes 2006. Hans andra roman The Book publicerades 2011 och tredje boken Stramer kom ut 2019. Reisefieber, The Book och Stramer \u00f6versattes till m\u00e5nga spr\u00e5k. Miko\u0142aj \u0141ozi\u0144ski bor i Warszawa.\nFoto: Szymon Szczesniak\nProjektet anordnas som ett samarbete mellan Polska institutet i Stockholm, Prosak F\u00f6rlag, EUNIC Stockholm - EU National Institutes for Culture och Auschwitz Memorial \/ Muzeum Auschwitz."},{"@type":"ImageObject","inLanguage":"pl-PL","@id":"https:\/\/instytutpolski.pl\/stockholm\/2023\/07\/25\/programpunkter-med-polska-inslag-pa-bokmassan-2023-i-goteborg\/#primaryimage","url":"https:\/\/instytutpolski.pl\/stockholm\/wp-content\/uploads\/sites\/17\/2023\/07\/1.png","contentUrl":"https:\/\/instytutpolski.pl\/stockholm\/wp-content\/uploads\/sites\/17\/2023\/07\/1.png","width":1120,"height":630},{"@type":"BreadcrumbList","@id":"https:\/\/instytutpolski.pl\/stockholm\/2023\/07\/25\/programpunkter-med-polska-inslag-pa-bokmassan-2023-i-goteborg\/#breadcrumb","itemListElement":[{"@type":"ListItem","position":1,"name":"Home","item":"https:\/\/instytutpolski.pl\/stockholm\/"},{"@type":"ListItem","position":2,"name":"Programpunkter med polska inslag p\u00e5 Bokm\u00e4ssan 2023 i G\u00f6teborg"}]},{"@type":"WebSite","@id":"https:\/\/instytutpolski.pl\/stockholm\/#website","url":"https:\/\/instytutpolski.pl\/stockholm\/","name":"Instytut Polski w Sztokholmie","description":"Instytuty Polskie","potentialAction":[{"@type":"SearchAction","target":{"@type":"EntryPoint","urlTemplate":"https:\/\/instytutpolski.pl\/stockholm\/?s={search_term_string}"},"query-input":{"@type":"PropertyValueSpecification","valueRequired":true,"valueName":"search_term_string"}}],"inLanguage":"pl-PL"},{"@type":"Person","@id":"https:\/\/instytutpolski.pl\/stockholm\/#\/schema\/person\/866a2c0f4ccf0982a286809684f7bc1e","name":"treichelp","image":{"@type":"ImageObject","inLanguage":"pl-PL","@id":"https:\/\/instytutpolski.pl\/stockholm\/#\/schema\/person\/image\/","url":"https:\/\/secure.gravatar.com\/avatar\/fb2c1caae0df0854742a56fc463dd1fb?s=96&d=mm&r=g","contentUrl":"https:\/\/secure.gravatar.com\/avatar\/fb2c1caae0df0854742a56fc463dd1fb?s=96&d=mm&r=g","caption":"treichelp"},"url":"https:\/\/instytutpolski.pl\/stockholm\/author\/treichelp\/"}]}},"_links":{"self":[{"href":"https:\/\/instytutpolski.pl\/stockholm\/wp-json\/wp\/v2\/posts\/11267","targetHints":{"allow":["GET"]}}],"collection":[{"href":"https:\/\/instytutpolski.pl\/stockholm\/wp-json\/wp\/v2\/posts"}],"about":[{"href":"https:\/\/instytutpolski.pl\/stockholm\/wp-json\/wp\/v2\/types\/post"}],"author":[{"embeddable":true,"href":"https:\/\/instytutpolski.pl\/stockholm\/wp-json\/wp\/v2\/users\/173"}],"replies":[{"embeddable":true,"href":"https:\/\/instytutpolski.pl\/stockholm\/wp-json\/wp\/v2\/comments?post=11267"}],"version-history":[{"count":24,"href":"https:\/\/instytutpolski.pl\/stockholm\/wp-json\/wp\/v2\/posts\/11267\/revisions"}],"predecessor-version":[{"id":11564,"href":"https:\/\/instytutpolski.pl\/stockholm\/wp-json\/wp\/v2\/posts\/11267\/revisions\/11564"}],"wp:featuredmedia":[{"embeddable":true,"href":"https:\/\/instytutpolski.pl\/stockholm\/wp-json\/wp\/v2\/media\/11290"}],"wp:attachment":[{"href":"https:\/\/instytutpolski.pl\/stockholm\/wp-json\/wp\/v2\/media?parent=11267"}],"wp:term":[{"taxonomy":"category","embeddable":true,"href":"https:\/\/instytutpolski.pl\/stockholm\/wp-json\/wp\/v2\/categories?post=11267"},{"taxonomy":"post_tag","embeddable":true,"href":"https:\/\/instytutpolski.pl\/stockholm\/wp-json\/wp\/v2\/tags?post=11267"}],"curies":[{"name":"wp","href":"https:\/\/api.w.org\/{rel}","templated":true}]}}