{"id":11280,"date":"2023-07-25T11:08:34","date_gmt":"2023-07-25T09:08:34","guid":{"rendered":"https:\/\/instytutpolski.pl\/stockholm\/?p=11280"},"modified":"2023-09-25T13:33:38","modified_gmt":"2023-09-25T11:33:38","slug":"polskie-akcenty-na-targach-ksiazki-2023-w-goteborgu","status":"publish","type":"post","link":"https:\/\/instytutpolski.pl\/stockholm\/pl\/2023\/07\/25\/polskie-akcenty-na-targach-ksiazki-2023-w-goteborgu\/","title":{"rendered":"Polskie akcenty na Targach Ksi\u0105\u017cki 2023 w G\u00f6teborgu"},"content":{"rendered":"\n<p>The booklet was created by Bozena Janina Zdunek (1918-2015) and other female prisoners who came to Sweden after the liberation of the concentration camps, thanks to the White Buses campaign organised by the Swedish Red Cross in the spring of 1945. Bozena\u2019s life was filled with post-war trauma. It was thanks to her strong faith and hard work that she managed to create a new life in Sweden. She had, however, never stopped longing for Poland as she remembered it from her youth.<\/p>\n\n\n\n<p><strong>O <a href=\"https:\/\/instytutpolski.pl\/stockholm\/pl\/2020\/05\/25\/zeszyt-z-poezja-z-auschwitz-historia-b-j-zdunek-z-domu-musiewicz\/\" target=\"_blank\" rel=\"noreferrer noopener\">projekcie \u201cZeszyt z poezj\u0105 z Auschwitz\u201d<\/a>, zorganizowanym przez Instytut Polski w 2020 roku.<\/strong><\/p>\n\n\n\n<pre class=\"wp-block-verse\" style=\"font-size:16px\">Poni\u017cej znajdziesz informacje na temat wydarze\u0144 wok\u00f3\u0142 \"Zeszytu z poezj\u0105 z Auschwitz\" w ramach tegorocznych Targ\u00f3w Ksi\u0105\u017cki w G\u00f6teborgu 2023.<\/pre>\n\n\n\n<pre class=\"wp-block-verse\"><\/pre>\n\n\n\n<figure class=\"wp-block-gallery has-nested-images columns-default is-cropped wp-block-gallery-1 is-layout-flex wp-block-gallery-is-layout-flex\">\n<figure class=\"wp-block-image size-large\"><img loading=\"lazy\" decoding=\"async\" width=\"2000\" height=\"1414\" data-id=\"11555\" src=\"https:\/\/instytutpolski.pl\/stockholm\/wp-content\/uploads\/sites\/17\/2023\/07\/1-2.png\" alt=\"\" class=\"wp-image-11555\" srcset=\"https:\/\/instytutpolski.pl\/stockholm\/wp-content\/uploads\/sites\/17\/2023\/07\/1-2.png 2000w, https:\/\/instytutpolski.pl\/stockholm\/wp-content\/uploads\/sites\/17\/2023\/07\/1-2-300x212.png 300w, https:\/\/instytutpolski.pl\/stockholm\/wp-content\/uploads\/sites\/17\/2023\/07\/1-2-1024x724.png 1024w, https:\/\/instytutpolski.pl\/stockholm\/wp-content\/uploads\/sites\/17\/2023\/07\/1-2-768x543.png 768w, https:\/\/instytutpolski.pl\/stockholm\/wp-content\/uploads\/sites\/17\/2023\/07\/1-2-1536x1086.png 1536w\" sizes=\"auto, (max-width: 2000px) 100vw, 2000px\" \/><\/figure>\n<\/figure>\n\n\n\n<figure class=\"wp-block-gallery has-nested-images columns-default is-cropped wp-block-gallery-2 is-layout-flex wp-block-gallery-is-layout-flex\">\n<figure class=\"wp-block-image size-large\"><img loading=\"lazy\" decoding=\"async\" width=\"2000\" height=\"1414\" data-id=\"11556\" src=\"https:\/\/instytutpolski.pl\/stockholm\/wp-content\/uploads\/sites\/17\/2023\/07\/2.png\" alt=\"\" class=\"wp-image-11556\" srcset=\"https:\/\/instytutpolski.pl\/stockholm\/wp-content\/uploads\/sites\/17\/2023\/07\/2.png 2000w, https:\/\/instytutpolski.pl\/stockholm\/wp-content\/uploads\/sites\/17\/2023\/07\/2-300x212.png 300w, https:\/\/instytutpolski.pl\/stockholm\/wp-content\/uploads\/sites\/17\/2023\/07\/2-1024x724.png 1024w, https:\/\/instytutpolski.pl\/stockholm\/wp-content\/uploads\/sites\/17\/2023\/07\/2-768x543.png 768w, https:\/\/instytutpolski.pl\/stockholm\/wp-content\/uploads\/sites\/17\/2023\/07\/2-1536x1086.png 1536w\" sizes=\"auto, (max-width: 2000px) 100vw, 2000px\" \/><\/figure>\n<\/figure>\n\n\n\n<pre class=\"wp-block-verse\"><\/pre>\n\n\n\n<div class=\"wp-block-media-text alignwide is-stacked-on-mobile\"><figure class=\"wp-block-media-text__media\"><img loading=\"lazy\" decoding=\"async\" width=\"683\" height=\"1024\" src=\"https:\/\/instytutpolski.pl\/stockholm\/wp-content\/uploads\/sites\/17\/2023\/07\/image-683x1024.jpg\" alt=\"\" class=\"wp-image-11239 size-full\" srcset=\"https:\/\/instytutpolski.pl\/stockholm\/wp-content\/uploads\/sites\/17\/2023\/07\/image-683x1024.jpg 683w, https:\/\/instytutpolski.pl\/stockholm\/wp-content\/uploads\/sites\/17\/2023\/07\/image-200x300.jpg 200w, https:\/\/instytutpolski.pl\/stockholm\/wp-content\/uploads\/sites\/17\/2023\/07\/image-768x1152.jpg 768w, https:\/\/instytutpolski.pl\/stockholm\/wp-content\/uploads\/sites\/17\/2023\/07\/image-1024x1536.jpg 1024w, https:\/\/instytutpolski.pl\/stockholm\/wp-content\/uploads\/sites\/17\/2023\/07\/image-1366x2048.jpg 1366w, https:\/\/instytutpolski.pl\/stockholm\/wp-content\/uploads\/sites\/17\/2023\/07\/image.jpg 1707w\" sizes=\"auto, (max-width: 683px) 100vw, 683px\" \/><\/figure><div class=\"wp-block-media-text__content\">\n<p><strong>Piotr Fiedler<\/strong> &#8211; polski poeta i autor powie\u015bci mieszkaj\u0105cy i tworz\u0105cy w Warszawie. Wyda\u0142 tomik poezji <em>pod moim oknem gryz\u0105 sie je\u017ce<\/em> (2015, Kapiszony w Ogniu). <em>Czu\u0142o\u015b\u0107 <\/em>to jego debiutancka powie\u015b\u0107, wydana w Polsce przez wydawnictwo Wyda\u0142em w 2020 roku.<\/p>\n\n\n\n<p>Autor zdj\u0119cia: Mateusz Stankiewicz<\/p>\n\n\n\n<p>Wi\u0119cej na temat szwedzkiego przek\u0142adu ksi\u0105\u017cki \u2018Czu\u0142o\u015b\u0107\u2019 Piotra Fiedlera znajdziesz <a href=\"https:\/\/instytutpolski.pl\/stockholm\/pl\/2023\/07\/25\/szwedzki-przeklad-ksiazki-czulosc-piotra-fiedlera\/\" target=\"_blank\" rel=\"noreferrer noopener\">tutaj<\/a>. <\/p>\n\n\n\n<p>Informacje na temat wydarze\u0144 z udzia\u0142em Piotra Fiedlera w ramach tegorocznych Targ\u00f3w Ksi\u0105\u017cki w G\u00f6teborgu 2023 znajdziesz <a href=\"https:\/\/bokmassan.se\/participants\/piotr-fiedler\/\" target=\"_blank\" rel=\"noreferrer noopener\">na stronie Targ\u00f3w<\/a> oraz w broszurce poni\u017cej.<\/p>\n<\/div><\/div>\n\n\n\n<pre class=\"wp-block-verse\"><\/pre>\n\n\n\n<figure class=\"wp-block-gallery has-nested-images columns-default is-cropped wp-block-gallery-3 is-layout-flex wp-block-gallery-is-layout-flex\">\n<figure class=\"wp-block-image size-large\"><img loading=\"lazy\" decoding=\"async\" width=\"2000\" height=\"1414\" data-id=\"11557\" src=\"https:\/\/instytutpolski.pl\/stockholm\/wp-content\/uploads\/sites\/17\/2023\/09\/1.png\" alt=\"\" class=\"wp-image-11557\" srcset=\"https:\/\/instytutpolski.pl\/stockholm\/wp-content\/uploads\/sites\/17\/2023\/09\/1.png 2000w, https:\/\/instytutpolski.pl\/stockholm\/wp-content\/uploads\/sites\/17\/2023\/09\/1-300x212.png 300w, https:\/\/instytutpolski.pl\/stockholm\/wp-content\/uploads\/sites\/17\/2023\/09\/1-1024x724.png 1024w, https:\/\/instytutpolski.pl\/stockholm\/wp-content\/uploads\/sites\/17\/2023\/09\/1-768x543.png 768w, https:\/\/instytutpolski.pl\/stockholm\/wp-content\/uploads\/sites\/17\/2023\/09\/1-1536x1086.png 1536w\" sizes=\"auto, (max-width: 2000px) 100vw, 2000px\" \/><\/figure>\n<\/figure>\n\n\n\n<figure class=\"wp-block-gallery has-nested-images columns-default is-cropped wp-block-gallery-4 is-layout-flex wp-block-gallery-is-layout-flex\">\n<figure class=\"wp-block-image size-large\"><img loading=\"lazy\" decoding=\"async\" width=\"2000\" height=\"1414\" data-id=\"11558\" src=\"https:\/\/instytutpolski.pl\/stockholm\/wp-content\/uploads\/sites\/17\/2023\/09\/2.png\" alt=\"\" class=\"wp-image-11558\" srcset=\"https:\/\/instytutpolski.pl\/stockholm\/wp-content\/uploads\/sites\/17\/2023\/09\/2.png 2000w, https:\/\/instytutpolski.pl\/stockholm\/wp-content\/uploads\/sites\/17\/2023\/09\/2-300x212.png 300w, https:\/\/instytutpolski.pl\/stockholm\/wp-content\/uploads\/sites\/17\/2023\/09\/2-1024x724.png 1024w, https:\/\/instytutpolski.pl\/stockholm\/wp-content\/uploads\/sites\/17\/2023\/09\/2-768x543.png 768w, https:\/\/instytutpolski.pl\/stockholm\/wp-content\/uploads\/sites\/17\/2023\/09\/2-1536x1086.png 1536w\" sizes=\"auto, (max-width: 2000px) 100vw, 2000px\" \/><\/figure>\n<\/figure>\n\n\n\n<pre class=\"wp-block-verse\"><\/pre>\n\n\n\n<p><strong>Opis <\/strong><a href=\"https:\/\/bokmassan.se\/programs\/sokandet-efter-familjerotter\/\" target=\"_blank\" rel=\"noreferrer noopener\"><strong>seminarium z udzia\u0142em Miko\u0142aja \u0141ozi\u0144skiego<\/strong> <strong>\u201eW poszukiwaniu w\u0142asnych korzeni. Wsp\u00f3\u0142cze\u015bni pisarze \u017cydowscy w Europie: Polska, Litwa, W\u0142ochy\u201d<\/strong><\/a> <strong>(szwedzki)<\/strong><\/p>\n\n\n\n<p>Autorzy Miko\u0142aj \u0141ozi\u0144ski (Polska), Helena Janeczek (W\u0142ochy) oraz t\u0142umacz Mindaugas Kvietkauskas (Litwa) rozmawiaj\u0105 o historii i korzeniach rodzin \u017cydowskich \u2013 w\u0142asnych i cudzych. Historie te cz\u0119sto przeplataj\u0105 si\u0119 z histori\u0105 narod\u00f3w.<\/p>\n\n\n\n<p>Moderator: Svante Weyler, autor, dziennikarz i by\u0142y wydawca.<\/p>\n\n\n\n<pre class=\"wp-block-verse\"><\/pre>\n\n\n\n<div class=\"wp-block-media-text alignwide is-stacked-on-mobile\"><figure class=\"wp-block-media-text__media\"><img loading=\"lazy\" decoding=\"async\" width=\"768\" height=\"1024\" src=\"https:\/\/instytutpolski.pl\/stockholm\/wp-content\/uploads\/sites\/17\/2023\/07\/Mikolaj_Lozinski_mindre-768x1024.png\" alt=\"\" class=\"wp-image-11291 size-full\" srcset=\"https:\/\/instytutpolski.pl\/stockholm\/wp-content\/uploads\/sites\/17\/2023\/07\/Mikolaj_Lozinski_mindre-768x1024.png 768w, https:\/\/instytutpolski.pl\/stockholm\/wp-content\/uploads\/sites\/17\/2023\/07\/Mikolaj_Lozinski_mindre-225x300.png 225w, https:\/\/instytutpolski.pl\/stockholm\/wp-content\/uploads\/sites\/17\/2023\/07\/Mikolaj_Lozinski_mindre-1152x1536.png 1152w, https:\/\/instytutpolski.pl\/stockholm\/wp-content\/uploads\/sites\/17\/2023\/07\/Mikolaj_Lozinski_mindre-1536x2048.png 1536w, https:\/\/instytutpolski.pl\/stockholm\/wp-content\/uploads\/sites\/17\/2023\/07\/Mikolaj_Lozinski_mindre.png 1548w\" sizes=\"auto, (max-width: 768px) 100vw, 768px\" \/><\/figure><div class=\"wp-block-media-text__content\">\n<p><strong>Miko\u0142aj \u0141ozi\u0144ski <\/strong>urodzi\u0142 si\u0119 w 1980 roku w Warszawie. Studiowa\u0142 socjologi\u0119 i uzyska\u0142 tytu\u0142 magistra na Sorbonie w Pary\u017cu. By\u0142 zatrudniony jako t\u0142umacz polsko-francuski dla Telewizji Arte. Jest laureatem Nagrody Ko\u015bcielskich (2007) oraz nagrody Paszport \u201ePolityki\u201d (2011). Jego debiutancka powie\u015b\u0107 <em>Reisefieber <\/em>ukaza\u0142a si\u0119 w 2006 roku. Jego druga powie\u015b\u0107 <em>The Book<\/em> zosta\u0142a wydana w 2011 roku, a trzecia ksi\u0105\u017cka <em>Stramer <\/em>wysz\u0142a w 2019 roku. <em>Reisefieber<\/em>, <em>The Book<\/em> i <em>Stramer <\/em>zosta\u0142y prze\u0142o\u017cone na wiele j\u0119zyk\u00f3w. Miko\u0142aj \u0141ozi\u0144ski mieszka w Warszawie.<\/p>\n\n\n\n<p>Autor zdj\u0119cia: Szymon Szczesniak<\/p>\n<\/div><\/div>\n\n\n\n<p><\/p>\n\n\n\n<p>Projekt jest wynikiem wsp\u00f3\u0142pracy mi\u0119dzy Instytutem Polskim w Sztokholmie, organizacj\u0105 EUNIC Stockholm, wydawnictwem Prosak F\u00f6rlag oraz Pa\u0144stwowym Muzeum Auschwitz-Birkenau.<\/p>\n","protected":false},"excerpt":{"rendered":"<p>The booklet was created by Bozena Janina Zdunek (1918-2015) and other female prisoners who came to Sweden after the liberation of the concentration camps, thanks to the White Buses campaign organised by the Swedish Red Cross in the spring of 1945. Bozena\u2019s life was filled with post-war trauma. It was thanks to her strong faith [&hellip;]<\/p>\n","protected":false},"author":173,"featured_media":11290,"comment_status":"closed","ping_status":"closed","sticky":false,"template":"","format":"standard","meta":{"inline_featured_image":false,"_monsterinsights_skip_tracking":false,"_monsterinsights_sitenote_active":false,"_monsterinsights_sitenote_note":"","_monsterinsights_sitenote_category":0,"footnotes":""},"categories":[224,87,117,36],"tags":[],"class_list":["post-11280","post","type-post","status-publish","format-standard","has-post-thumbnail","hentry","category-aktualnosc-pl","category-literatura","category-litteratur","category-wydarzenie"],"yoast_head":"<!-- This site is optimized with the Yoast SEO plugin v24.6 - https:\/\/yoast.com\/wordpress\/plugins\/seo\/ -->\n<title>Polskie akcenty na Targach Ksi\u0105\u017cki 2023 w G\u00f6teborgu - Instytut Polski w Sztokholmie<\/title>\n<meta name=\"robots\" content=\"index, follow, max-snippet:-1, max-image-preview:large, max-video-preview:-1\" \/>\n<link rel=\"canonical\" href=\"https:\/\/instytutpolski.pl\/stockholm\/pl\/2023\/07\/25\/polskie-akcenty-na-targach-ksiazki-2023-w-goteborgu\/\" \/>\n<meta property=\"og:locale\" content=\"pl_PL\" \/>\n<meta property=\"og:type\" content=\"article\" \/>\n<meta property=\"og:title\" content=\"Polskie akcenty na Targach Ksi\u0105\u017cki 2023 w G\u00f6teborgu - Instytut Polski w Sztokholmie\" \/>\n<meta property=\"og:description\" content=\"The booklet was created by Bozena Janina Zdunek (1918-2015) and other female prisoners who came to Sweden after the liberation of the concentration camps, thanks to the White Buses campaign organised by the Swedish Red Cross in the spring of 1945. Bozena\u2019s life was filled with post-war trauma. It was thanks to her strong faith [&hellip;]\" \/>\n<meta property=\"og:url\" content=\"https:\/\/instytutpolski.pl\/stockholm\/pl\/2023\/07\/25\/polskie-akcenty-na-targach-ksiazki-2023-w-goteborgu\/\" \/>\n<meta property=\"og:site_name\" content=\"Instytut Polski w Sztokholmie\" \/>\n<meta property=\"article:published_time\" content=\"2023-07-25T09:08:34+00:00\" \/>\n<meta property=\"article:modified_time\" content=\"2023-09-25T11:33:38+00:00\" \/>\n<meta property=\"og:image\" content=\"https:\/\/instytutpolski.pl\/stockholm\/wp-content\/uploads\/sites\/17\/2023\/07\/1.png\" \/>\n\t<meta property=\"og:image:width\" content=\"1120\" \/>\n\t<meta property=\"og:image:height\" content=\"630\" \/>\n\t<meta property=\"og:image:type\" content=\"image\/png\" \/>\n<meta name=\"author\" content=\"treichelp\" \/>\n<meta name=\"twitter:card\" content=\"summary_large_image\" \/>\n<meta name=\"twitter:label1\" content=\"Napisane przez\" \/>\n\t<meta name=\"twitter:data1\" content=\"treichelp\" \/>\n\t<meta name=\"twitter:label2\" content=\"Szacowany czas czytania\" \/>\n\t<meta name=\"twitter:data2\" content=\"4 minuty\" \/>\n<script type=\"application\/ld+json\" class=\"yoast-schema-graph\">{\"@context\":\"https:\/\/schema.org\",\"@graph\":[{\"@type\":\"event\",\"@id\":\"https:\/\/instytutpolski.pl\/stockholm\/pl\/2023\/07\/25\/polskie-akcenty-na-targach-ksiazki-2023-w-goteborgu\/\",\"url\":\"https:\/\/instytutpolski.pl\/stockholm\/pl\/2023\/07\/25\/polskie-akcenty-na-targach-ksiazki-2023-w-goteborgu\/\",\"name\":\"Polskie akcenty na Targach Ksi\u0105\u017cki 2023 w G\u00f6teborgu\",\"isPartOf\":{\"@id\":\"https:\/\/instytutpolski.pl\/stockholm\/#website\"},\"primaryImageOfPage\":{\"@id\":\"https:\/\/instytutpolski.pl\/stockholm\/pl\/2023\/07\/25\/polskie-akcenty-na-targach-ksiazki-2023-w-goteborgu\/#primaryimage\"},\"image\":[\"https:\/\/instytutpolski.pl\/stockholm\/wp-content\/uploads\/sites\/17\/2023\/07\/1.png\",\"https:\/\/instytutpolski.pl\/stockholm\/wp-content\/uploads\/sites\/17\/2023\/07\/1-300x169.png\",\"https:\/\/instytutpolski.pl\/stockholm\/wp-content\/uploads\/sites\/17\/2023\/07\/1-1024x576.png\",\"https:\/\/instytutpolski.pl\/stockholm\/wp-content\/uploads\/sites\/17\/2023\/07\/1.png\"],\"thumbnailUrl\":\"https:\/\/instytutpolski.pl\/stockholm\/wp-content\/uploads\/sites\/17\/2023\/07\/1.png\",\"datePublished\":\"2023-07-25T09:08:34+02:00\",\"dateModified\":\"2023-09-25T11:33:38+02:00\",\"author\":{\"@id\":\"https:\/\/instytutpolski.pl\/stockholm\/#\/schema\/person\/866a2c0f4ccf0982a286809684f7bc1e\"},\"breadcrumb\":{\"@id\":\"https:\/\/instytutpolski.pl\/stockholm\/pl\/2023\/07\/25\/polskie-akcenty-na-targach-ksiazki-2023-w-goteborgu\/#breadcrumb\"},\"inLanguage\":\"pl-PL\",\"potentialAction\":[{\"@type\":\"ReadAction\",\"target\":[\"https:\/\/instytutpolski.pl\/stockholm\/pl\/2023\/07\/25\/polskie-akcenty-na-targach-ksiazki-2023-w-goteborgu\/\"]}],\"@context\":\"https:\/\/schema.org\",\"startDate\":\"2023-09-28\",\"endDate\":\"2023-10-01\",\"eventStatus\":\"EventScheduled\",\"eventAttendanceMode\":\"OfflineEventAttendanceMode\",\"location\":{\"@type\":\"place\",\"name\":\"Svenska M\u00e4ssan, G\u00f6teborg\",\"address\":\"Svenska M\u00e4ssan, G\u00f6teborg\",\"geo\":{\"@type\":\"GeoCoordinates\",\"latitude\":\"57.671759644136216\",\"longitude\":\"12.682110124731851\"}},\"description\":\"The booklet was created by Bozena Janina Zdunek (1918-2015) and other female prisoners who came to Sweden after the liberation of the concentration camps, thanks to the White Buses campaign organised by the Swedish Red Cross in the spring of 1945. Bozena\u2019s life was filled with post-war trauma. It was thanks to her strong faith and hard work that she managed to create a new life in Sweden. She had, however, never stopped longing for Poland as she remembered it from her youth.\\nO projekcie \u201cZeszyt z poezj\u0105 z Auschwitz\u201d, zorganizowanym przez Instytut Polski w 2020 roku.\\nPoni\u017cej znajdziesz informacje na temat wydarze\u0144 wok\u00f3\u0142 \\\"Zeszytu z poezj\u0105 z Auschwitz\\\" w ramach tegorocznych Targ\u00f3w Ksi\u0105\u017cki w G\u00f6teborgu 2023.\\nPiotr Fiedler - polski poeta i autor powie\u015bci mieszkaj\u0105cy i tworz\u0105cy w Warszawie. Wyda\u0142 tomik poezji pod moim oknem gryz\u0105 sie je\u017ce (2015, Kapiszony w Ogniu). Czu\u0142o\u015b\u0107 to jego debiutancka powie\u015b\u0107, wydana w Polsce przez wydawnictwo Wyda\u0142em w 2020 roku.\\nAutor zdj\u0119cia: Mateusz Stankiewicz\\nWi\u0119cej na temat szwedzkiego przek\u0142adu ksi\u0105\u017cki \u2018Czu\u0142o\u015b\u0107\u2019 Piotra Fiedlera znajdziesz tutaj. \\nInformacje na temat wydarze\u0144 z udzia\u0142em Piotra Fiedlera w ramach tegorocznych Targ\u00f3w Ksi\u0105\u017cki w G\u00f6teborgu 2023 znajdziesz na stronie Targ\u00f3w oraz w broszurce poni\u017cej.\\nOpis seminarium z udzia\u0142em Miko\u0142aja \u0141ozi\u0144skiego \u201eW poszukiwaniu w\u0142asnych korzeni. Wsp\u00f3\u0142cze\u015bni pisarze \u017cydowscy w Europie: Polska, Litwa, W\u0142ochy\u201d (szwedzki)\\nAutorzy Miko\u0142aj \u0141ozi\u0144ski (Polska), Helena Janeczek (W\u0142ochy) oraz t\u0142umacz Mindaugas Kvietkauskas (Litwa) rozmawiaj\u0105 o historii i korzeniach rodzin \u017cydowskich \u2013 w\u0142asnych i cudzych. Historie te cz\u0119sto przeplataj\u0105 si\u0119 z histori\u0105 narod\u00f3w.\\nModerator: Svante Weyler, autor, dziennikarz i by\u0142y wydawca.\\nMiko\u0142aj \u0141ozi\u0144ski urodzi\u0142 si\u0119 w 1980 roku w Warszawie. Studiowa\u0142 socjologi\u0119 i uzyska\u0142 tytu\u0142 magistra na Sorbonie w Pary\u017cu. By\u0142 zatrudniony jako t\u0142umacz polsko-francuski dla Telewizji Arte. Jest laureatem Nagrody Ko\u015bcielskich (2007) oraz nagrody Paszport \u201ePolityki\u201d (2011). Jego debiutancka powie\u015b\u0107 Reisefieber ukaza\u0142a si\u0119 w 2006 roku. Jego druga powie\u015b\u0107 The Book zosta\u0142a wydana w 2011 roku, a trzecia ksi\u0105\u017cka Stramer wysz\u0142a w 2019 roku. Reisefieber, The Book i Stramer zosta\u0142y prze\u0142o\u017cone na wiele j\u0119zyk\u00f3w. Miko\u0142aj \u0141ozi\u0144ski mieszka w Warszawie.\\nAutor zdj\u0119cia: Szymon Szczesniak\\nProjekt jest wynikiem wsp\u00f3\u0142pracy mi\u0119dzy Instytutem Polskim w Sztokholmie, organizacj\u0105 EUNIC Stockholm, wydawnictwem Prosak F\u00f6rlag oraz Pa\u0144stwowym Muzeum Auschwitz-Birkenau.\"},{\"@type\":\"ImageObject\",\"inLanguage\":\"pl-PL\",\"@id\":\"https:\/\/instytutpolski.pl\/stockholm\/pl\/2023\/07\/25\/polskie-akcenty-na-targach-ksiazki-2023-w-goteborgu\/#primaryimage\",\"url\":\"https:\/\/instytutpolski.pl\/stockholm\/wp-content\/uploads\/sites\/17\/2023\/07\/1.png\",\"contentUrl\":\"https:\/\/instytutpolski.pl\/stockholm\/wp-content\/uploads\/sites\/17\/2023\/07\/1.png\",\"width\":1120,\"height\":630},{\"@type\":\"BreadcrumbList\",\"@id\":\"https:\/\/instytutpolski.pl\/stockholm\/pl\/2023\/07\/25\/polskie-akcenty-na-targach-ksiazki-2023-w-goteborgu\/#breadcrumb\",\"itemListElement\":[{\"@type\":\"ListItem\",\"position\":1,\"name\":\"Home\",\"item\":\"https:\/\/instytutpolski.pl\/stockholm\/\"},{\"@type\":\"ListItem\",\"position\":2,\"name\":\"Polskie akcenty na Targach Ksi\u0105\u017cki 2023 w G\u00f6teborgu\"}]},{\"@type\":\"WebSite\",\"@id\":\"https:\/\/instytutpolski.pl\/stockholm\/#website\",\"url\":\"https:\/\/instytutpolski.pl\/stockholm\/\",\"name\":\"Instytut Polski w Sztokholmie\",\"description\":\"Instytuty Polskie\",\"potentialAction\":[{\"@type\":\"SearchAction\",\"target\":{\"@type\":\"EntryPoint\",\"urlTemplate\":\"https:\/\/instytutpolski.pl\/stockholm\/?s={search_term_string}\"},\"query-input\":{\"@type\":\"PropertyValueSpecification\",\"valueRequired\":true,\"valueName\":\"search_term_string\"}}],\"inLanguage\":\"pl-PL\"},{\"@type\":\"Person\",\"@id\":\"https:\/\/instytutpolski.pl\/stockholm\/#\/schema\/person\/866a2c0f4ccf0982a286809684f7bc1e\",\"name\":\"treichelp\",\"image\":{\"@type\":\"ImageObject\",\"inLanguage\":\"pl-PL\",\"@id\":\"https:\/\/instytutpolski.pl\/stockholm\/#\/schema\/person\/image\/\",\"url\":\"https:\/\/secure.gravatar.com\/avatar\/fb2c1caae0df0854742a56fc463dd1fb?s=96&d=mm&r=g\",\"contentUrl\":\"https:\/\/secure.gravatar.com\/avatar\/fb2c1caae0df0854742a56fc463dd1fb?s=96&d=mm&r=g\",\"caption\":\"treichelp\"},\"url\":\"https:\/\/instytutpolski.pl\/stockholm\/author\/treichelp\/\"}]}<\/script>\n<!-- \/ Yoast SEO plugin. -->","yoast_head_json":{"title":"Polskie akcenty na Targach Ksi\u0105\u017cki 2023 w G\u00f6teborgu - Instytut Polski w Sztokholmie","robots":{"index":"index","follow":"follow","max-snippet":"max-snippet:-1","max-image-preview":"max-image-preview:large","max-video-preview":"max-video-preview:-1"},"canonical":"https:\/\/instytutpolski.pl\/stockholm\/pl\/2023\/07\/25\/polskie-akcenty-na-targach-ksiazki-2023-w-goteborgu\/","og_locale":"pl_PL","og_type":"article","og_title":"Polskie akcenty na Targach Ksi\u0105\u017cki 2023 w G\u00f6teborgu - Instytut Polski w Sztokholmie","og_description":"The booklet was created by Bozena Janina Zdunek (1918-2015) and other female prisoners who came to Sweden after the liberation of the concentration camps, thanks to the White Buses campaign organised by the Swedish Red Cross in the spring of 1945. Bozena\u2019s life was filled with post-war trauma. It was thanks to her strong faith [&hellip;]","og_url":"https:\/\/instytutpolski.pl\/stockholm\/pl\/2023\/07\/25\/polskie-akcenty-na-targach-ksiazki-2023-w-goteborgu\/","og_site_name":"Instytut Polski w Sztokholmie","article_published_time":"2023-07-25T09:08:34+00:00","article_modified_time":"2023-09-25T11:33:38+00:00","og_image":[{"width":1120,"height":630,"url":"https:\/\/instytutpolski.pl\/stockholm\/wp-content\/uploads\/sites\/17\/2023\/07\/1.png","type":"image\/png"}],"author":"treichelp","twitter_card":"summary_large_image","twitter_misc":{"Napisane przez":"treichelp","Szacowany czas czytania":"4 minuty"},"schema":{"@context":"https:\/\/schema.org","@graph":[{"@type":"event","@id":"https:\/\/instytutpolski.pl\/stockholm\/pl\/2023\/07\/25\/polskie-akcenty-na-targach-ksiazki-2023-w-goteborgu\/","url":"https:\/\/instytutpolski.pl\/stockholm\/pl\/2023\/07\/25\/polskie-akcenty-na-targach-ksiazki-2023-w-goteborgu\/","name":"Polskie akcenty na Targach Ksi\u0105\u017cki 2023 w G\u00f6teborgu","isPartOf":{"@id":"https:\/\/instytutpolski.pl\/stockholm\/#website"},"primaryImageOfPage":{"@id":"https:\/\/instytutpolski.pl\/stockholm\/pl\/2023\/07\/25\/polskie-akcenty-na-targach-ksiazki-2023-w-goteborgu\/#primaryimage"},"image":["https:\/\/instytutpolski.pl\/stockholm\/wp-content\/uploads\/sites\/17\/2023\/07\/1.png","https:\/\/instytutpolski.pl\/stockholm\/wp-content\/uploads\/sites\/17\/2023\/07\/1-300x169.png","https:\/\/instytutpolski.pl\/stockholm\/wp-content\/uploads\/sites\/17\/2023\/07\/1-1024x576.png","https:\/\/instytutpolski.pl\/stockholm\/wp-content\/uploads\/sites\/17\/2023\/07\/1.png"],"thumbnailUrl":"https:\/\/instytutpolski.pl\/stockholm\/wp-content\/uploads\/sites\/17\/2023\/07\/1.png","datePublished":"2023-07-25T09:08:34+02:00","dateModified":"2023-09-25T11:33:38+02:00","author":{"@id":"https:\/\/instytutpolski.pl\/stockholm\/#\/schema\/person\/866a2c0f4ccf0982a286809684f7bc1e"},"breadcrumb":{"@id":"https:\/\/instytutpolski.pl\/stockholm\/pl\/2023\/07\/25\/polskie-akcenty-na-targach-ksiazki-2023-w-goteborgu\/#breadcrumb"},"inLanguage":"pl-PL","potentialAction":[{"@type":"ReadAction","target":["https:\/\/instytutpolski.pl\/stockholm\/pl\/2023\/07\/25\/polskie-akcenty-na-targach-ksiazki-2023-w-goteborgu\/"]}],"@context":"https:\/\/schema.org","startDate":"2023-09-28","endDate":"2023-10-01","eventStatus":"EventScheduled","eventAttendanceMode":"OfflineEventAttendanceMode","location":{"@type":"place","name":"Svenska M\u00e4ssan, G\u00f6teborg","address":"Svenska M\u00e4ssan, G\u00f6teborg","geo":{"@type":"GeoCoordinates","latitude":"57.671759644136216","longitude":"12.682110124731851"}},"description":"The booklet was created by Bozena Janina Zdunek (1918-2015) and other female prisoners who came to Sweden after the liberation of the concentration camps, thanks to the White Buses campaign organised by the Swedish Red Cross in the spring of 1945. Bozena\u2019s life was filled with post-war trauma. It was thanks to her strong faith and hard work that she managed to create a new life in Sweden. She had, however, never stopped longing for Poland as she remembered it from her youth.\nO projekcie \u201cZeszyt z poezj\u0105 z Auschwitz\u201d, zorganizowanym przez Instytut Polski w 2020 roku.\nPoni\u017cej znajdziesz informacje na temat wydarze\u0144 wok\u00f3\u0142 \"Zeszytu z poezj\u0105 z Auschwitz\" w ramach tegorocznych Targ\u00f3w Ksi\u0105\u017cki w G\u00f6teborgu 2023.\nPiotr Fiedler - polski poeta i autor powie\u015bci mieszkaj\u0105cy i tworz\u0105cy w Warszawie. Wyda\u0142 tomik poezji pod moim oknem gryz\u0105 sie je\u017ce (2015, Kapiszony w Ogniu). Czu\u0142o\u015b\u0107 to jego debiutancka powie\u015b\u0107, wydana w Polsce przez wydawnictwo Wyda\u0142em w 2020 roku.\nAutor zdj\u0119cia: Mateusz Stankiewicz\nWi\u0119cej na temat szwedzkiego przek\u0142adu ksi\u0105\u017cki \u2018Czu\u0142o\u015b\u0107\u2019 Piotra Fiedlera znajdziesz tutaj. \nInformacje na temat wydarze\u0144 z udzia\u0142em Piotra Fiedlera w ramach tegorocznych Targ\u00f3w Ksi\u0105\u017cki w G\u00f6teborgu 2023 znajdziesz na stronie Targ\u00f3w oraz w broszurce poni\u017cej.\nOpis seminarium z udzia\u0142em Miko\u0142aja \u0141ozi\u0144skiego \u201eW poszukiwaniu w\u0142asnych korzeni. Wsp\u00f3\u0142cze\u015bni pisarze \u017cydowscy w Europie: Polska, Litwa, W\u0142ochy\u201d (szwedzki)\nAutorzy Miko\u0142aj \u0141ozi\u0144ski (Polska), Helena Janeczek (W\u0142ochy) oraz t\u0142umacz Mindaugas Kvietkauskas (Litwa) rozmawiaj\u0105 o historii i korzeniach rodzin \u017cydowskich \u2013 w\u0142asnych i cudzych. Historie te cz\u0119sto przeplataj\u0105 si\u0119 z histori\u0105 narod\u00f3w.\nModerator: Svante Weyler, autor, dziennikarz i by\u0142y wydawca.\nMiko\u0142aj \u0141ozi\u0144ski urodzi\u0142 si\u0119 w 1980 roku w Warszawie. Studiowa\u0142 socjologi\u0119 i uzyska\u0142 tytu\u0142 magistra na Sorbonie w Pary\u017cu. By\u0142 zatrudniony jako t\u0142umacz polsko-francuski dla Telewizji Arte. Jest laureatem Nagrody Ko\u015bcielskich (2007) oraz nagrody Paszport \u201ePolityki\u201d (2011). Jego debiutancka powie\u015b\u0107 Reisefieber ukaza\u0142a si\u0119 w 2006 roku. Jego druga powie\u015b\u0107 The Book zosta\u0142a wydana w 2011 roku, a trzecia ksi\u0105\u017cka Stramer wysz\u0142a w 2019 roku. Reisefieber, The Book i Stramer zosta\u0142y prze\u0142o\u017cone na wiele j\u0119zyk\u00f3w. Miko\u0142aj \u0141ozi\u0144ski mieszka w Warszawie.\nAutor zdj\u0119cia: Szymon Szczesniak\nProjekt jest wynikiem wsp\u00f3\u0142pracy mi\u0119dzy Instytutem Polskim w Sztokholmie, organizacj\u0105 EUNIC Stockholm, wydawnictwem Prosak F\u00f6rlag oraz Pa\u0144stwowym Muzeum Auschwitz-Birkenau."},{"@type":"ImageObject","inLanguage":"pl-PL","@id":"https:\/\/instytutpolski.pl\/stockholm\/pl\/2023\/07\/25\/polskie-akcenty-na-targach-ksiazki-2023-w-goteborgu\/#primaryimage","url":"https:\/\/instytutpolski.pl\/stockholm\/wp-content\/uploads\/sites\/17\/2023\/07\/1.png","contentUrl":"https:\/\/instytutpolski.pl\/stockholm\/wp-content\/uploads\/sites\/17\/2023\/07\/1.png","width":1120,"height":630},{"@type":"BreadcrumbList","@id":"https:\/\/instytutpolski.pl\/stockholm\/pl\/2023\/07\/25\/polskie-akcenty-na-targach-ksiazki-2023-w-goteborgu\/#breadcrumb","itemListElement":[{"@type":"ListItem","position":1,"name":"Home","item":"https:\/\/instytutpolski.pl\/stockholm\/"},{"@type":"ListItem","position":2,"name":"Polskie akcenty na Targach Ksi\u0105\u017cki 2023 w G\u00f6teborgu"}]},{"@type":"WebSite","@id":"https:\/\/instytutpolski.pl\/stockholm\/#website","url":"https:\/\/instytutpolski.pl\/stockholm\/","name":"Instytut Polski w Sztokholmie","description":"Instytuty Polskie","potentialAction":[{"@type":"SearchAction","target":{"@type":"EntryPoint","urlTemplate":"https:\/\/instytutpolski.pl\/stockholm\/?s={search_term_string}"},"query-input":{"@type":"PropertyValueSpecification","valueRequired":true,"valueName":"search_term_string"}}],"inLanguage":"pl-PL"},{"@type":"Person","@id":"https:\/\/instytutpolski.pl\/stockholm\/#\/schema\/person\/866a2c0f4ccf0982a286809684f7bc1e","name":"treichelp","image":{"@type":"ImageObject","inLanguage":"pl-PL","@id":"https:\/\/instytutpolski.pl\/stockholm\/#\/schema\/person\/image\/","url":"https:\/\/secure.gravatar.com\/avatar\/fb2c1caae0df0854742a56fc463dd1fb?s=96&d=mm&r=g","contentUrl":"https:\/\/secure.gravatar.com\/avatar\/fb2c1caae0df0854742a56fc463dd1fb?s=96&d=mm&r=g","caption":"treichelp"},"url":"https:\/\/instytutpolski.pl\/stockholm\/author\/treichelp\/"}]}},"_links":{"self":[{"href":"https:\/\/instytutpolski.pl\/stockholm\/wp-json\/wp\/v2\/posts\/11280","targetHints":{"allow":["GET"]}}],"collection":[{"href":"https:\/\/instytutpolski.pl\/stockholm\/wp-json\/wp\/v2\/posts"}],"about":[{"href":"https:\/\/instytutpolski.pl\/stockholm\/wp-json\/wp\/v2\/types\/post"}],"author":[{"embeddable":true,"href":"https:\/\/instytutpolski.pl\/stockholm\/wp-json\/wp\/v2\/users\/173"}],"replies":[{"embeddable":true,"href":"https:\/\/instytutpolski.pl\/stockholm\/wp-json\/wp\/v2\/comments?post=11280"}],"version-history":[{"count":15,"href":"https:\/\/instytutpolski.pl\/stockholm\/wp-json\/wp\/v2\/posts\/11280\/revisions"}],"predecessor-version":[{"id":11566,"href":"https:\/\/instytutpolski.pl\/stockholm\/wp-json\/wp\/v2\/posts\/11280\/revisions\/11566"}],"wp:featuredmedia":[{"embeddable":true,"href":"https:\/\/instytutpolski.pl\/stockholm\/wp-json\/wp\/v2\/media\/11290"}],"wp:attachment":[{"href":"https:\/\/instytutpolski.pl\/stockholm\/wp-json\/wp\/v2\/media?parent=11280"}],"wp:term":[{"taxonomy":"category","embeddable":true,"href":"https:\/\/instytutpolski.pl\/stockholm\/wp-json\/wp\/v2\/categories?post=11280"},{"taxonomy":"post_tag","embeddable":true,"href":"https:\/\/instytutpolski.pl\/stockholm\/wp-json\/wp\/v2\/tags?post=11280"}],"curies":[{"name":"wp","href":"https:\/\/api.w.org\/{rel}","templated":true}]}}