{"id":11472,"date":"2023-09-07T14:59:35","date_gmt":"2023-09-07T12:59:35","guid":{"rendered":"https:\/\/instytutpolski.pl\/stockholm\/?p=11472"},"modified":"2023-10-03T13:38:08","modified_gmt":"2023-10-03T11:38:08","slug":"polskt-tema-i-haninge-kulturhus","status":"publish","type":"post","link":"https:\/\/instytutpolski.pl\/stockholm\/2023\/09\/07\/polskt-tema-i-haninge-kulturhus\/","title":{"rendered":"POLSKT TEMA I HANINGE KULTURHUS"},"content":{"rendered":"\n<p>I samarbetet med Polska institutet i Stockholm \u00e4ger f\u00f6ljande evenemang rum i Haninge kulturhus under f\u00f6rsta veckan av oktober:<\/p>\n\n\n\n<p><strong>Film &amp; samtal: Veronikas dubbelliv. Samtal med Wanda Bendjelloul efter filmen<\/strong><\/p>\n\n\n\n<p>Kie\u015blowskis klassiker handlar om det k\u00e4nslom\u00e4ssiga bandet mellan tv\u00e5 kvinnor, franska V\u00e9ronique och polska Weronika, som tycks leva parallella liv. Efter filmen f\u00f6ljer samtal med filmkritiker Wanda Bendjelloul. Medlemskapskort beh\u00f6vs. Visningen inom <em>Kinoteka Stockholm<\/em> <em>on tour<\/em>. Festivalen <em>Kinoteka Stockholm <\/em>\u00e4ger rum 2-8 oktober. Vi \u00e5terkommer med fler detaljer om festivalen inom kort.<\/p>\n\n\n\n<p><\/p>\n\n\n\n<p>Datum: 2 oktober<\/p>\n\n\n\n<p>Tid: 18.00<\/p>\n\n\n\n<p>Plats: Haninge kulturhus, Auditoriet<\/p>\n\n\n\n<p>Arrang\u00f6r: Biblioteket i Handen och Polska institutet<\/p>\n\n\n\n<p><strong>Utst\u00e4llning och konstworkshop f\u00f6r barn<\/strong><\/p>\n\n\n\n<p>I denna utst\u00e4llningen visas barnboksillustrationer av fyra konstn\u00e4rer som \u00e4r kopplade till den polska kulturen: <strong>Berenika Ko\u0142omycka,&nbsp;Emilia Dziubak, Jenny Berggren <\/strong>och <strong>Zbigniew Lengren.<\/strong>&nbsp;I konstverkstan kan sedan barn och deras vuxna skapa och experimentera med en m\u00e4ngd olika material och tekniker. Passar barn 10 &#8211; 14 \u00e5r.<\/p>\n\n\n\n<p>Datum: 4 oktober<\/p>\n\n\n\n<p>Tid: 14.00-17.00<\/p>\n\n\n\n<p>Plats: Biblioteket i Handen och konstverkstan i Haninge kulturhus<\/p>\n\n\n\n<p>Arrang\u00f6r: Haninge kulturhus, Biblioteket i Handen och Polska institutet<\/p>\n\n\n\n<p><strong>Bio Tittelitut visar barnfilmsklassiker<\/strong><\/p>\n\n\n\n<p>Kom och titta p\u00e5 ett urval av polska animationsklassiker fr\u00e5n 1960-&nbsp;och 70-talet. Vi visar bland annat Reksio, dvs. Lille Rex \u2013 den mest ber\u00f6mda hunden p\u00e5 polsk teve. Filmerna skapades av Studio Film\u00f3w Rysunkowych i Bielsko-Bia\u0142a, en av Polens st\u00f6rsta studior f\u00f6r animerad film f\u00f6r barn. Passar barn fr\u00e5n 3 \u00e5r.<\/p>\n\n\n\n<p>Avsnittet Flodr\u00f6vare (\u201ePiraci rzeczni\u201d) ur serien Den bl\u00e5a lilla riddarens \u00e4ventyr\u201d (\u201ePrzygody B\u0142\u0119kitnego Rycerzyka\u201d), regi: Nehrebecki W\u0142adys\u0142aw, 1965, l\u00e4ngd: 10\u2032 44\u2033&nbsp;&nbsp;<\/p>\n\n\n\n<p>Avsnittet Lille Rex Sjuksk\u00f6taren (\u201dReksio piel\u0119gniarz\u201d) ur serien Lille Rex (\u201dReksio\u201d), regi: Marsza\u0142ek Lechos\u0142aw, 1973, l\u00e4ngd: 10\u2032 34\u2033<\/p>\n\n\n\n<p>Avsnittet Lille Rex och en tax (\u201dReksio i jamnik\u201d) ur serien Lille Rex (\u201dReksio\u201d), regi: Marsza\u0142ek Lechos\u0142aw, 1978, l\u00e4ngd: 08\u2032 35\u2033<\/p>\n\n\n\n<p>Datum: 6 oktober<\/p>\n\n\n\n<p>Tid: 10.00<\/p>\n\n\n\n<p>Plats: Haninge kulturhus, K-bl\u00e5<\/p>\n\n\n\n<p>Arrang\u00f6r: Biblioteket i Handen och Polska institutet<\/p>\n\n\n\n<p><strong>Film &amp; samtal: Kvinnan p\u00e5 taket inom KINOTEKA STOCKHOLM. Regiss\u00f6rsbes\u00f6k. Mingel fr\u00e5n 17.30<\/strong><\/p>\n\n\n\n<p>Mira, 58, g\u00e5r upp tidigt, h\u00e4nger ut tv\u00e4tten, k\u00f6per mat till sin tropiska fisk och f\u00f6rs\u00f6ker r\u00e5na en bank. Hennes desperata f\u00f6rs\u00f6k misslyckas, men tvingar henne att se p\u00e5 sitt<\/p>\n\n\n\n<p>liv ur ett nytt perspektiv. Efter filmen f\u00f6ljer ett samtal med regiss\u00f6ren Anna Jadowska. Biljett beh\u00f6vs.<\/p>\n\n\n\n<p>Datum: 6 oktober<\/p>\n\n\n\n<p>Filmvisning: 18.00 (mingel fr\u00e5n 17.30)<\/p>\n\n\n\n<p>Plats: Haninge kulturhus, Auditoriet<\/p>\n\n\n\n<p>Arrang\u00f6r: Biblioteket i Handen och Polska institutet<\/p>\n","protected":false},"excerpt":{"rendered":"<p>I samarbetet med Polska institutet i Stockholm \u00e4ger f\u00f6ljande evenemang rum i Haninge kulturhus under f\u00f6rsta veckan av oktober: Film &amp; samtal: Veronikas dubbelliv. Samtal med Wanda Bendjelloul efter filmen Kie\u015blowskis klassiker handlar om det k\u00e4nslom\u00e4ssiga bandet mellan tv\u00e5 kvinnor, franska V\u00e9ronique och polska Weronika, som tycks leva parallella liv. Efter filmen f\u00f6ljer samtal med [&hellip;]<\/p>\n","protected":false},"author":173,"featured_media":11473,"comment_status":"closed","ping_status":"closed","sticky":false,"template":"","format":"standard","meta":{"inline_featured_image":false,"_monsterinsights_skip_tracking":false,"_monsterinsights_sitenote_active":false,"_monsterinsights_sitenote_note":"","_monsterinsights_sitenote_category":0,"footnotes":""},"categories":[222,12,95,102,106],"tags":[],"class_list":["post-11472","post","type-post","status-publish","format-standard","has-post-thumbnail","hentry","category-aktualnosc-se","category-evenemang","category-film-evenemang","category-konst","category-litteratur"],"yoast_head":"<!-- This site is optimized with the Yoast SEO plugin v24.6 - https:\/\/yoast.com\/wordpress\/plugins\/seo\/ -->\n<title>POLSKT TEMA I HANINGE KULTURHUS - Instytut Polski w Sztokholmie<\/title>\n<meta name=\"robots\" content=\"index, follow, max-snippet:-1, max-image-preview:large, max-video-preview:-1\" \/>\n<link rel=\"canonical\" href=\"https:\/\/instytutpolski.pl\/stockholm\/2023\/09\/07\/polskt-tema-i-haninge-kulturhus\/\" \/>\n<meta property=\"og:locale\" content=\"pl_PL\" \/>\n<meta property=\"og:type\" content=\"article\" \/>\n<meta property=\"og:title\" content=\"POLSKT TEMA I HANINGE KULTURHUS - Instytut Polski w Sztokholmie\" \/>\n<meta property=\"og:description\" content=\"I samarbetet med Polska institutet i Stockholm \u00e4ger f\u00f6ljande evenemang rum i Haninge kulturhus under f\u00f6rsta veckan av oktober: Film &amp; samtal: Veronikas dubbelliv. Samtal med Wanda Bendjelloul efter filmen Kie\u015blowskis klassiker handlar om det k\u00e4nslom\u00e4ssiga bandet mellan tv\u00e5 kvinnor, franska V\u00e9ronique och polska Weronika, som tycks leva parallella liv. Efter filmen f\u00f6ljer samtal med [&hellip;]\" \/>\n<meta property=\"og:url\" content=\"https:\/\/instytutpolski.pl\/stockholm\/2023\/09\/07\/polskt-tema-i-haninge-kulturhus\/\" \/>\n<meta property=\"og:site_name\" content=\"Instytut Polski w Sztokholmie\" \/>\n<meta property=\"article:published_time\" content=\"2023-09-07T12:59:35+00:00\" \/>\n<meta property=\"article:modified_time\" content=\"2023-10-03T11:38:08+00:00\" \/>\n<meta property=\"og:image\" content=\"https:\/\/instytutpolski.pl\/stockholm\/wp-content\/uploads\/sites\/17\/2023\/09\/Romano-Ilo-fran-Polen-pa-5-Folk-Festival-i-Kungstradgarden-den-14-juni-kl.-2040-2.jpg\" \/>\n\t<meta property=\"og:image:width\" content=\"1640\" \/>\n\t<meta property=\"og:image:height\" content=\"924\" \/>\n\t<meta property=\"og:image:type\" content=\"image\/jpeg\" \/>\n<meta name=\"author\" content=\"treichelp\" \/>\n<meta name=\"twitter:card\" content=\"summary_large_image\" \/>\n<meta name=\"twitter:label1\" content=\"Napisane przez\" \/>\n\t<meta name=\"twitter:data1\" content=\"treichelp\" \/>\n\t<meta name=\"twitter:label2\" content=\"Szacowany czas czytania\" \/>\n\t<meta name=\"twitter:data2\" content=\"3 minuty\" \/>\n<script type=\"application\/ld+json\" class=\"yoast-schema-graph\">{\"@context\":\"https:\/\/schema.org\",\"@graph\":[{\"@type\":\"event\",\"@id\":\"https:\/\/instytutpolski.pl\/stockholm\/2023\/09\/07\/polskt-tema-i-haninge-kulturhus\/\",\"url\":\"https:\/\/instytutpolski.pl\/stockholm\/2023\/09\/07\/polskt-tema-i-haninge-kulturhus\/\",\"name\":\"POLSKT TEMA I HANINGE KULTURHUS\",\"isPartOf\":{\"@id\":\"https:\/\/instytutpolski.pl\/stockholm\/#website\"},\"primaryImageOfPage\":{\"@id\":\"https:\/\/instytutpolski.pl\/stockholm\/2023\/09\/07\/polskt-tema-i-haninge-kulturhus\/#primaryimage\"},\"image\":[\"https:\/\/instytutpolski.pl\/stockholm\/wp-content\/uploads\/sites\/17\/2023\/09\/Romano-Ilo-fran-Polen-pa-5-Folk-Festival-i-Kungstradgarden-den-14-juni-kl.-2040-2.jpg\",\"https:\/\/instytutpolski.pl\/stockholm\/wp-content\/uploads\/sites\/17\/2023\/09\/Romano-Ilo-fran-Polen-pa-5-Folk-Festival-i-Kungstradgarden-den-14-juni-kl.-2040-2-300x169.jpg\",\"https:\/\/instytutpolski.pl\/stockholm\/wp-content\/uploads\/sites\/17\/2023\/09\/Romano-Ilo-fran-Polen-pa-5-Folk-Festival-i-Kungstradgarden-den-14-juni-kl.-2040-2-1024x577.jpg\",\"https:\/\/instytutpolski.pl\/stockholm\/wp-content\/uploads\/sites\/17\/2023\/09\/Romano-Ilo-fran-Polen-pa-5-Folk-Festival-i-Kungstradgarden-den-14-juni-kl.-2040-2.jpg\"],\"thumbnailUrl\":\"https:\/\/instytutpolski.pl\/stockholm\/wp-content\/uploads\/sites\/17\/2023\/09\/Romano-Ilo-fran-Polen-pa-5-Folk-Festival-i-Kungstradgarden-den-14-juni-kl.-2040-2.jpg\",\"datePublished\":\"2023-09-07T12:59:35+02:00\",\"dateModified\":\"2023-10-03T11:38:08+02:00\",\"author\":{\"@id\":\"https:\/\/instytutpolski.pl\/stockholm\/#\/schema\/person\/866a2c0f4ccf0982a286809684f7bc1e\"},\"breadcrumb\":{\"@id\":\"https:\/\/instytutpolski.pl\/stockholm\/2023\/09\/07\/polskt-tema-i-haninge-kulturhus\/#breadcrumb\"},\"inLanguage\":\"pl-PL\",\"potentialAction\":[{\"@type\":\"ReadAction\",\"target\":[\"https:\/\/instytutpolski.pl\/stockholm\/2023\/09\/07\/polskt-tema-i-haninge-kulturhus\/\"]}],\"@context\":\"https:\/\/schema.org\",\"startDate\":\"2023-09-29\",\"endDate\":\"2023-10-06\",\"eventStatus\":\"EventScheduled\",\"eventAttendanceMode\":\"OfflineEventAttendanceMode\",\"location\":{\"@type\":\"place\",\"name\":\"Haninge kulturhus\",\"address\":\"Haninge kulturhus\",\"geo\":{\"@type\":\"GeoCoordinates\",\"latitude\":\"59.163803745216654\",\"longitude\":\"18.138119106359635\"}},\"description\":\"I samarbetet med Polska institutet i Stockholm \u00e4ger f\u00f6ljande evenemang rum i Haninge kulturhus under f\u00f6rsta veckan av oktober:\\nFilm &amp; samtal: Veronikas dubbelliv. Samtal med Wanda Bendjelloul efter filmen\\nKie\u015blowskis klassiker handlar om det k\u00e4nslom\u00e4ssiga bandet mellan tv\u00e5 kvinnor, franska V\u00e9ronique och polska Weronika, som tycks leva parallella liv. Efter filmen f\u00f6ljer samtal med filmkritiker Wanda Bendjelloul. Medlemskapskort beh\u00f6vs. Visningen inom Kinoteka Stockholm on tour. Festivalen Kinoteka Stockholm \u00e4ger rum 2-8 oktober. Vi \u00e5terkommer med fler detaljer om festivalen inom kort.\\nDatum: 2 oktober\\nTid: 18.00\\nPlats: Haninge kulturhus, Auditoriet\\nArrang\u00f6r: Biblioteket i Handen och Polska institutet\\nUtst\u00e4llning och konstworkshop f\u00f6r barn\\nI denna utst\u00e4llningen visas barnboksillustrationer av fyra konstn\u00e4rer som \u00e4r kopplade till den polska kulturen: Berenika Ko\u0142omycka, Emilia Dziubak, Jenny Berggren och Zbigniew Lengren. I konstverkstan kan sedan barn och deras vuxna skapa och experimentera med en m\u00e4ngd olika material och tekniker. Passar barn 10 - 14 \u00e5r.\\nDatum: 4 oktober\\nTid: 14.00-17.00\\nPlats: Biblioteket i Handen och konstverkstan i Haninge kulturhus\\nArrang\u00f6r: Haninge kulturhus, Biblioteket i Handen och Polska institutet\\nBio Tittelitut visar barnfilmsklassiker\\nKom och titta p\u00e5 ett urval av polska animationsklassiker fr\u00e5n 1960- och 70-talet. Vi visar bland annat Reksio, dvs. Lille Rex \u2013 den mest ber\u00f6mda hunden p\u00e5 polsk teve. Filmerna skapades av Studio Film\u00f3w Rysunkowych i Bielsko-Bia\u0142a, en av Polens st\u00f6rsta studior f\u00f6r animerad film f\u00f6r barn. Passar barn fr\u00e5n 3 \u00e5r.\\nAvsnittet Flodr\u00f6vare (\u201ePiraci rzeczni\u201d) ur serien Den bl\u00e5a lilla riddarens \u00e4ventyr\u201d (\u201ePrzygody B\u0142\u0119kitnego Rycerzyka\u201d), regi: Nehrebecki W\u0142adys\u0142aw, 1965, l\u00e4ngd: 10\u2032 44\u2033  \\nAvsnittet Lille Rex Sjuksk\u00f6taren (\u201dReksio piel\u0119gniarz\u201d) ur serien Lille Rex (\u201dReksio\u201d), regi: Marsza\u0142ek Lechos\u0142aw, 1973, l\u00e4ngd: 10\u2032 34\u2033\\nAvsnittet Lille Rex och en tax (\u201dReksio i jamnik\u201d) ur serien Lille Rex (\u201dReksio\u201d), regi: Marsza\u0142ek Lechos\u0142aw, 1978, l\u00e4ngd: 08\u2032 35\u2033\\nDatum: 6 oktober\\nTid: 10.00\\nPlats: Haninge kulturhus, K-bl\u00e5\\nArrang\u00f6r: Biblioteket i Handen och Polska institutet\\nFilm &amp; samtal: Kvinnan p\u00e5 taket inom KINOTEKA STOCKHOLM. Regiss\u00f6rsbes\u00f6k. Mingel fr\u00e5n 17.30\\nMira, 58, g\u00e5r upp tidigt, h\u00e4nger ut tv\u00e4tten, k\u00f6per mat till sin tropiska fisk och f\u00f6rs\u00f6ker r\u00e5na en bank. Hennes desperata f\u00f6rs\u00f6k misslyckas, men tvingar henne att se p\u00e5 sitt\\nliv ur ett nytt perspektiv. Efter filmen f\u00f6ljer ett samtal med regiss\u00f6ren Anna Jadowska. Biljett beh\u00f6vs.\\nDatum: 6 oktober\\nFilmvisning: 18.00 (mingel fr\u00e5n 17.30)\\nPlats: Haninge kulturhus, Auditoriet\\nArrang\u00f6r: Biblioteket i Handen och Polska institutet\"},{\"@type\":\"ImageObject\",\"inLanguage\":\"pl-PL\",\"@id\":\"https:\/\/instytutpolski.pl\/stockholm\/2023\/09\/07\/polskt-tema-i-haninge-kulturhus\/#primaryimage\",\"url\":\"https:\/\/instytutpolski.pl\/stockholm\/wp-content\/uploads\/sites\/17\/2023\/09\/Romano-Ilo-fran-Polen-pa-5-Folk-Festival-i-Kungstradgarden-den-14-juni-kl.-2040-2.jpg\",\"contentUrl\":\"https:\/\/instytutpolski.pl\/stockholm\/wp-content\/uploads\/sites\/17\/2023\/09\/Romano-Ilo-fran-Polen-pa-5-Folk-Festival-i-Kungstradgarden-den-14-juni-kl.-2040-2.jpg\",\"width\":1640,\"height\":924},{\"@type\":\"BreadcrumbList\",\"@id\":\"https:\/\/instytutpolski.pl\/stockholm\/2023\/09\/07\/polskt-tema-i-haninge-kulturhus\/#breadcrumb\",\"itemListElement\":[{\"@type\":\"ListItem\",\"position\":1,\"name\":\"Home\",\"item\":\"https:\/\/instytutpolski.pl\/stockholm\/\"},{\"@type\":\"ListItem\",\"position\":2,\"name\":\"POLSKT TEMA I HANINGE KULTURHUS\"}]},{\"@type\":\"WebSite\",\"@id\":\"https:\/\/instytutpolski.pl\/stockholm\/#website\",\"url\":\"https:\/\/instytutpolski.pl\/stockholm\/\",\"name\":\"Instytut Polski w Sztokholmie\",\"description\":\"Instytuty Polskie\",\"potentialAction\":[{\"@type\":\"SearchAction\",\"target\":{\"@type\":\"EntryPoint\",\"urlTemplate\":\"https:\/\/instytutpolski.pl\/stockholm\/?s={search_term_string}\"},\"query-input\":{\"@type\":\"PropertyValueSpecification\",\"valueRequired\":true,\"valueName\":\"search_term_string\"}}],\"inLanguage\":\"pl-PL\"},{\"@type\":\"Person\",\"@id\":\"https:\/\/instytutpolski.pl\/stockholm\/#\/schema\/person\/866a2c0f4ccf0982a286809684f7bc1e\",\"name\":\"treichelp\",\"image\":{\"@type\":\"ImageObject\",\"inLanguage\":\"pl-PL\",\"@id\":\"https:\/\/instytutpolski.pl\/stockholm\/#\/schema\/person\/image\/\",\"url\":\"https:\/\/secure.gravatar.com\/avatar\/fb2c1caae0df0854742a56fc463dd1fb?s=96&d=mm&r=g\",\"contentUrl\":\"https:\/\/secure.gravatar.com\/avatar\/fb2c1caae0df0854742a56fc463dd1fb?s=96&d=mm&r=g\",\"caption\":\"treichelp\"},\"url\":\"https:\/\/instytutpolski.pl\/stockholm\/author\/treichelp\/\"}]}<\/script>\n<!-- \/ Yoast SEO plugin. -->","yoast_head_json":{"title":"POLSKT TEMA I HANINGE KULTURHUS - Instytut Polski w Sztokholmie","robots":{"index":"index","follow":"follow","max-snippet":"max-snippet:-1","max-image-preview":"max-image-preview:large","max-video-preview":"max-video-preview:-1"},"canonical":"https:\/\/instytutpolski.pl\/stockholm\/2023\/09\/07\/polskt-tema-i-haninge-kulturhus\/","og_locale":"pl_PL","og_type":"article","og_title":"POLSKT TEMA I HANINGE KULTURHUS - Instytut Polski w Sztokholmie","og_description":"I samarbetet med Polska institutet i Stockholm \u00e4ger f\u00f6ljande evenemang rum i Haninge kulturhus under f\u00f6rsta veckan av oktober: Film &amp; samtal: Veronikas dubbelliv. Samtal med Wanda Bendjelloul efter filmen Kie\u015blowskis klassiker handlar om det k\u00e4nslom\u00e4ssiga bandet mellan tv\u00e5 kvinnor, franska V\u00e9ronique och polska Weronika, som tycks leva parallella liv. Efter filmen f\u00f6ljer samtal med [&hellip;]","og_url":"https:\/\/instytutpolski.pl\/stockholm\/2023\/09\/07\/polskt-tema-i-haninge-kulturhus\/","og_site_name":"Instytut Polski w Sztokholmie","article_published_time":"2023-09-07T12:59:35+00:00","article_modified_time":"2023-10-03T11:38:08+00:00","og_image":[{"width":1640,"height":924,"url":"https:\/\/instytutpolski.pl\/stockholm\/wp-content\/uploads\/sites\/17\/2023\/09\/Romano-Ilo-fran-Polen-pa-5-Folk-Festival-i-Kungstradgarden-den-14-juni-kl.-2040-2.jpg","type":"image\/jpeg"}],"author":"treichelp","twitter_card":"summary_large_image","twitter_misc":{"Napisane przez":"treichelp","Szacowany czas czytania":"3 minuty"},"schema":{"@context":"https:\/\/schema.org","@graph":[{"@type":"event","@id":"https:\/\/instytutpolski.pl\/stockholm\/2023\/09\/07\/polskt-tema-i-haninge-kulturhus\/","url":"https:\/\/instytutpolski.pl\/stockholm\/2023\/09\/07\/polskt-tema-i-haninge-kulturhus\/","name":"POLSKT TEMA I HANINGE KULTURHUS","isPartOf":{"@id":"https:\/\/instytutpolski.pl\/stockholm\/#website"},"primaryImageOfPage":{"@id":"https:\/\/instytutpolski.pl\/stockholm\/2023\/09\/07\/polskt-tema-i-haninge-kulturhus\/#primaryimage"},"image":["https:\/\/instytutpolski.pl\/stockholm\/wp-content\/uploads\/sites\/17\/2023\/09\/Romano-Ilo-fran-Polen-pa-5-Folk-Festival-i-Kungstradgarden-den-14-juni-kl.-2040-2.jpg","https:\/\/instytutpolski.pl\/stockholm\/wp-content\/uploads\/sites\/17\/2023\/09\/Romano-Ilo-fran-Polen-pa-5-Folk-Festival-i-Kungstradgarden-den-14-juni-kl.-2040-2-300x169.jpg","https:\/\/instytutpolski.pl\/stockholm\/wp-content\/uploads\/sites\/17\/2023\/09\/Romano-Ilo-fran-Polen-pa-5-Folk-Festival-i-Kungstradgarden-den-14-juni-kl.-2040-2-1024x577.jpg","https:\/\/instytutpolski.pl\/stockholm\/wp-content\/uploads\/sites\/17\/2023\/09\/Romano-Ilo-fran-Polen-pa-5-Folk-Festival-i-Kungstradgarden-den-14-juni-kl.-2040-2.jpg"],"thumbnailUrl":"https:\/\/instytutpolski.pl\/stockholm\/wp-content\/uploads\/sites\/17\/2023\/09\/Romano-Ilo-fran-Polen-pa-5-Folk-Festival-i-Kungstradgarden-den-14-juni-kl.-2040-2.jpg","datePublished":"2023-09-07T12:59:35+02:00","dateModified":"2023-10-03T11:38:08+02:00","author":{"@id":"https:\/\/instytutpolski.pl\/stockholm\/#\/schema\/person\/866a2c0f4ccf0982a286809684f7bc1e"},"breadcrumb":{"@id":"https:\/\/instytutpolski.pl\/stockholm\/2023\/09\/07\/polskt-tema-i-haninge-kulturhus\/#breadcrumb"},"inLanguage":"pl-PL","potentialAction":[{"@type":"ReadAction","target":["https:\/\/instytutpolski.pl\/stockholm\/2023\/09\/07\/polskt-tema-i-haninge-kulturhus\/"]}],"@context":"https:\/\/schema.org","startDate":"2023-09-29","endDate":"2023-10-06","eventStatus":"EventScheduled","eventAttendanceMode":"OfflineEventAttendanceMode","location":{"@type":"place","name":"Haninge kulturhus","address":"Haninge kulturhus","geo":{"@type":"GeoCoordinates","latitude":"59.163803745216654","longitude":"18.138119106359635"}},"description":"I samarbetet med Polska institutet i Stockholm \u00e4ger f\u00f6ljande evenemang rum i Haninge kulturhus under f\u00f6rsta veckan av oktober:\nFilm &amp; samtal: Veronikas dubbelliv. Samtal med Wanda Bendjelloul efter filmen\nKie\u015blowskis klassiker handlar om det k\u00e4nslom\u00e4ssiga bandet mellan tv\u00e5 kvinnor, franska V\u00e9ronique och polska Weronika, som tycks leva parallella liv. Efter filmen f\u00f6ljer samtal med filmkritiker Wanda Bendjelloul. Medlemskapskort beh\u00f6vs. Visningen inom Kinoteka Stockholm on tour. Festivalen Kinoteka Stockholm \u00e4ger rum 2-8 oktober. Vi \u00e5terkommer med fler detaljer om festivalen inom kort.\nDatum: 2 oktober\nTid: 18.00\nPlats: Haninge kulturhus, Auditoriet\nArrang\u00f6r: Biblioteket i Handen och Polska institutet\nUtst\u00e4llning och konstworkshop f\u00f6r barn\nI denna utst\u00e4llningen visas barnboksillustrationer av fyra konstn\u00e4rer som \u00e4r kopplade till den polska kulturen: Berenika Ko\u0142omycka, Emilia Dziubak, Jenny Berggren och Zbigniew Lengren. I konstverkstan kan sedan barn och deras vuxna skapa och experimentera med en m\u00e4ngd olika material och tekniker. Passar barn 10 - 14 \u00e5r.\nDatum: 4 oktober\nTid: 14.00-17.00\nPlats: Biblioteket i Handen och konstverkstan i Haninge kulturhus\nArrang\u00f6r: Haninge kulturhus, Biblioteket i Handen och Polska institutet\nBio Tittelitut visar barnfilmsklassiker\nKom och titta p\u00e5 ett urval av polska animationsklassiker fr\u00e5n 1960- och 70-talet. Vi visar bland annat Reksio, dvs. Lille Rex \u2013 den mest ber\u00f6mda hunden p\u00e5 polsk teve. Filmerna skapades av Studio Film\u00f3w Rysunkowych i Bielsko-Bia\u0142a, en av Polens st\u00f6rsta studior f\u00f6r animerad film f\u00f6r barn. Passar barn fr\u00e5n 3 \u00e5r.\nAvsnittet Flodr\u00f6vare (\u201ePiraci rzeczni\u201d) ur serien Den bl\u00e5a lilla riddarens \u00e4ventyr\u201d (\u201ePrzygody B\u0142\u0119kitnego Rycerzyka\u201d), regi: Nehrebecki W\u0142adys\u0142aw, 1965, l\u00e4ngd: 10\u2032 44\u2033  \nAvsnittet Lille Rex Sjuksk\u00f6taren (\u201dReksio piel\u0119gniarz\u201d) ur serien Lille Rex (\u201dReksio\u201d), regi: Marsza\u0142ek Lechos\u0142aw, 1973, l\u00e4ngd: 10\u2032 34\u2033\nAvsnittet Lille Rex och en tax (\u201dReksio i jamnik\u201d) ur serien Lille Rex (\u201dReksio\u201d), regi: Marsza\u0142ek Lechos\u0142aw, 1978, l\u00e4ngd: 08\u2032 35\u2033\nDatum: 6 oktober\nTid: 10.00\nPlats: Haninge kulturhus, K-bl\u00e5\nArrang\u00f6r: Biblioteket i Handen och Polska institutet\nFilm &amp; samtal: Kvinnan p\u00e5 taket inom KINOTEKA STOCKHOLM. Regiss\u00f6rsbes\u00f6k. Mingel fr\u00e5n 17.30\nMira, 58, g\u00e5r upp tidigt, h\u00e4nger ut tv\u00e4tten, k\u00f6per mat till sin tropiska fisk och f\u00f6rs\u00f6ker r\u00e5na en bank. Hennes desperata f\u00f6rs\u00f6k misslyckas, men tvingar henne att se p\u00e5 sitt\nliv ur ett nytt perspektiv. Efter filmen f\u00f6ljer ett samtal med regiss\u00f6ren Anna Jadowska. Biljett beh\u00f6vs.\nDatum: 6 oktober\nFilmvisning: 18.00 (mingel fr\u00e5n 17.30)\nPlats: Haninge kulturhus, Auditoriet\nArrang\u00f6r: Biblioteket i Handen och Polska institutet"},{"@type":"ImageObject","inLanguage":"pl-PL","@id":"https:\/\/instytutpolski.pl\/stockholm\/2023\/09\/07\/polskt-tema-i-haninge-kulturhus\/#primaryimage","url":"https:\/\/instytutpolski.pl\/stockholm\/wp-content\/uploads\/sites\/17\/2023\/09\/Romano-Ilo-fran-Polen-pa-5-Folk-Festival-i-Kungstradgarden-den-14-juni-kl.-2040-2.jpg","contentUrl":"https:\/\/instytutpolski.pl\/stockholm\/wp-content\/uploads\/sites\/17\/2023\/09\/Romano-Ilo-fran-Polen-pa-5-Folk-Festival-i-Kungstradgarden-den-14-juni-kl.-2040-2.jpg","width":1640,"height":924},{"@type":"BreadcrumbList","@id":"https:\/\/instytutpolski.pl\/stockholm\/2023\/09\/07\/polskt-tema-i-haninge-kulturhus\/#breadcrumb","itemListElement":[{"@type":"ListItem","position":1,"name":"Home","item":"https:\/\/instytutpolski.pl\/stockholm\/"},{"@type":"ListItem","position":2,"name":"POLSKT TEMA I HANINGE KULTURHUS"}]},{"@type":"WebSite","@id":"https:\/\/instytutpolski.pl\/stockholm\/#website","url":"https:\/\/instytutpolski.pl\/stockholm\/","name":"Instytut Polski w Sztokholmie","description":"Instytuty Polskie","potentialAction":[{"@type":"SearchAction","target":{"@type":"EntryPoint","urlTemplate":"https:\/\/instytutpolski.pl\/stockholm\/?s={search_term_string}"},"query-input":{"@type":"PropertyValueSpecification","valueRequired":true,"valueName":"search_term_string"}}],"inLanguage":"pl-PL"},{"@type":"Person","@id":"https:\/\/instytutpolski.pl\/stockholm\/#\/schema\/person\/866a2c0f4ccf0982a286809684f7bc1e","name":"treichelp","image":{"@type":"ImageObject","inLanguage":"pl-PL","@id":"https:\/\/instytutpolski.pl\/stockholm\/#\/schema\/person\/image\/","url":"https:\/\/secure.gravatar.com\/avatar\/fb2c1caae0df0854742a56fc463dd1fb?s=96&d=mm&r=g","contentUrl":"https:\/\/secure.gravatar.com\/avatar\/fb2c1caae0df0854742a56fc463dd1fb?s=96&d=mm&r=g","caption":"treichelp"},"url":"https:\/\/instytutpolski.pl\/stockholm\/author\/treichelp\/"}]}},"_links":{"self":[{"href":"https:\/\/instytutpolski.pl\/stockholm\/wp-json\/wp\/v2\/posts\/11472","targetHints":{"allow":["GET"]}}],"collection":[{"href":"https:\/\/instytutpolski.pl\/stockholm\/wp-json\/wp\/v2\/posts"}],"about":[{"href":"https:\/\/instytutpolski.pl\/stockholm\/wp-json\/wp\/v2\/types\/post"}],"author":[{"embeddable":true,"href":"https:\/\/instytutpolski.pl\/stockholm\/wp-json\/wp\/v2\/users\/173"}],"replies":[{"embeddable":true,"href":"https:\/\/instytutpolski.pl\/stockholm\/wp-json\/wp\/v2\/comments?post=11472"}],"version-history":[{"count":16,"href":"https:\/\/instytutpolski.pl\/stockholm\/wp-json\/wp\/v2\/posts\/11472\/revisions"}],"predecessor-version":[{"id":11591,"href":"https:\/\/instytutpolski.pl\/stockholm\/wp-json\/wp\/v2\/posts\/11472\/revisions\/11591"}],"wp:featuredmedia":[{"embeddable":true,"href":"https:\/\/instytutpolski.pl\/stockholm\/wp-json\/wp\/v2\/media\/11473"}],"wp:attachment":[{"href":"https:\/\/instytutpolski.pl\/stockholm\/wp-json\/wp\/v2\/media?parent=11472"}],"wp:term":[{"taxonomy":"category","embeddable":true,"href":"https:\/\/instytutpolski.pl\/stockholm\/wp-json\/wp\/v2\/categories?post=11472"},{"taxonomy":"post_tag","embeddable":true,"href":"https:\/\/instytutpolski.pl\/stockholm\/wp-json\/wp\/v2\/tags?post=11472"}],"curies":[{"name":"wp","href":"https:\/\/api.w.org\/{rel}","templated":true}]}}