{"id":11570,"date":"2023-08-10T11:36:48","date_gmt":"2023-08-10T09:36:48","guid":{"rendered":"https:\/\/instytutpolski.pl\/stockholm\/?p=11570"},"modified":"2023-09-27T11:16:02","modified_gmt":"2023-09-27T09:16:02","slug":"isabella-monolog-evy-mattsson-o-katarzynie-jagiellonce-i-jej-corce-izabelli","status":"publish","type":"post","link":"https:\/\/instytutpolski.pl\/stockholm\/pl\/2023\/08\/10\/isabella-monolog-evy-mattsson-o-katarzynie-jagiellonce-i-jej-corce-izabelli\/","title":{"rendered":"ISABELLA \u2013 monolog Evy Mattsson o Katarzynie Jagiellonce i jej c\u00f3rce Izabelli"},"content":{"rendered":"\n<p>Tytu\u0142owa Izabella to kr\u00f3lewna Izabella Waz\u00f3wna (1564-1566), najstarsza c\u00f3rka Jana III Wazy i Katarzyny Jagiellonki. Jej nagrobek d\u0142uta flamandzkiego malarza, rze\u017abiarza i architekta Willema Boya, b\u0119d\u0105cy portretem kr\u00f3lewny w rzeczywistych rozmiarach, znajduje si\u0119 w katedrze w&nbsp;Str\u00e4ngn\u00e4s. Jest jednym z najstarszych portret\u00f3w dzieci w Szwecji.<\/p>\n\n\n\n<p>To ju\u017c kolejny monolog Evy Mattsson; od 2012 roku wyst\u0119powa\u0142a te\u017c w innych miejscowo\u015bciach zwi\u0105zanych z Jagiellonk\u0105 (Vadstena, Uppsala i Sztokholm). Podczas wyst\u0119pu Eva Mattsson ubrana jest w unikatow\u0105 replik\u0119 sukni Katarzyny Jagiellonki.<\/p>\n\n\n\n<p>W 2018 roku Eva Mattsson wyda\u0142a pierwsz\u0105 w Szwecji biografi\u0119 Katarzyny Jagiellonki, pt. \u201eFurstinnan\u201d, przy okazji spektaklu w Str\u00e4ngn\u00e4s rozpoczyna si\u0119 promocja nowego wydania wznowionej wersji tej ksi\u0105\u017cki. Obydwie wersje ukaza\u0142y si\u0119 przy wsparciu Instytutu Polskiego.<\/p>\n\n\n\n<p>Wydarzenie w ramach obchod\u00f3w 500-lecia obj\u0119cia przez Gustawa Waz\u0119 szwedzkiego tronu zosta\u0142o zorganizowane przez Towarzystwo Gustawa Wazy (Gustav Vasaf\u00f6reningen) i Centrum Kultury w Str\u00e4ngn\u00e4s (Kulturhuset Multeum) we wsp\u00f3\u0142pracy z Instytutem Polskim w Sztokholmie.<\/p>\n\n\n\n<p><strong>Dat<\/strong><strong>a<\/strong><strong>:<\/strong>&nbsp;2023-09-27<\/p>\n\n\n\n<p><strong>Godzina<\/strong><strong>:<\/strong>&nbsp;18:30 \u2013 20:00<\/p>\n\n\n\n<p><strong>Miejsce<\/strong><strong>:<\/strong>&nbsp;Multeum, Eskilstunav\u00e4gen 2, Str\u00e4ngn\u00e4s<\/p>\n\n\n\n<p><strong>Bilety<\/strong><strong>:<\/strong>&nbsp;<a href=\"https:\/\/www.strangnas.se\/arkiv\/evenemangsguiden\/evenemang\/2023-06-14-isabella-ett-kammarspel?searchQuery=isabella+mattsson\" target=\"_blank\" rel=\"noreferrer noopener\">https:\/\/www.strangnas.se\/arkiv\/evenemangsguiden\/evenemang\/2023-06-14-isabella-ett-kammarspel?searchQuery=isabella+mattsson<\/a><\/p>\n","protected":false},"excerpt":{"rendered":"<p>Tytu\u0142owa Izabella to kr\u00f3lewna Izabella Waz\u00f3wna (1564-1566), najstarsza c\u00f3rka Jana III Wazy i Katarzyny Jagiellonki. Jej nagrobek d\u0142uta flamandzkiego malarza, rze\u017abiarza i architekta Willema Boya, b\u0119d\u0105cy portretem kr\u00f3lewny w rzeczywistych rozmiarach, znajduje si\u0119 w katedrze w&nbsp;Str\u00e4ngn\u00e4s. Jest jednym z najstarszych portret\u00f3w dzieci w Szwecji. To ju\u017c kolejny monolog Evy Mattsson; od 2012 roku wyst\u0119powa\u0142a te\u017c [&hellip;]<\/p>\n","protected":false},"author":173,"featured_media":11417,"comment_status":"closed","ping_status":"closed","sticky":false,"template":"","format":"standard","meta":{"inline_featured_image":false,"_monsterinsights_skip_tracking":false,"_monsterinsights_sitenote_active":false,"_monsterinsights_sitenote_note":"","_monsterinsights_sitenote_category":0,"footnotes":""},"categories":[224,113,83,36],"tags":[],"class_list":["post-11570","post","type-post","status-publish","format-standard","has-post-thumbnail","hentry","category-aktualnosc-pl","category-historia","category-teatr","category-wydarzenie"],"yoast_head":"<!-- This site is optimized with the Yoast SEO plugin v24.6 - https:\/\/yoast.com\/wordpress\/plugins\/seo\/ -->\n<title>ISABELLA \u2013 monolog Evy Mattsson o Katarzynie Jagiellonce i jej c\u00f3rce Izabelli - Instytut Polski w Sztokholmie<\/title>\n<meta name=\"robots\" content=\"index, follow, max-snippet:-1, max-image-preview:large, max-video-preview:-1\" \/>\n<link rel=\"canonical\" href=\"https:\/\/instytutpolski.pl\/stockholm\/pl\/2023\/08\/10\/isabella-monolog-evy-mattsson-o-katarzynie-jagiellonce-i-jej-corce-izabelli\/\" \/>\n<meta property=\"og:locale\" content=\"pl_PL\" \/>\n<meta property=\"og:type\" content=\"article\" \/>\n<meta property=\"og:title\" content=\"ISABELLA \u2013 monolog Evy Mattsson o Katarzynie Jagiellonce i jej c\u00f3rce Izabelli - Instytut Polski w Sztokholmie\" \/>\n<meta property=\"og:description\" content=\"Tytu\u0142owa Izabella to kr\u00f3lewna Izabella Waz\u00f3wna (1564-1566), najstarsza c\u00f3rka Jana III Wazy i Katarzyny Jagiellonki. Jej nagrobek d\u0142uta flamandzkiego malarza, rze\u017abiarza i architekta Willema Boya, b\u0119d\u0105cy portretem kr\u00f3lewny w rzeczywistych rozmiarach, znajduje si\u0119 w katedrze w&nbsp;Str\u00e4ngn\u00e4s. Jest jednym z najstarszych portret\u00f3w dzieci w Szwecji. To ju\u017c kolejny monolog Evy Mattsson; od 2012 roku wyst\u0119powa\u0142a te\u017c [&hellip;]\" \/>\n<meta property=\"og:url\" content=\"https:\/\/instytutpolski.pl\/stockholm\/pl\/2023\/08\/10\/isabella-monolog-evy-mattsson-o-katarzynie-jagiellonce-i-jej-corce-izabelli\/\" \/>\n<meta property=\"og:site_name\" content=\"Instytut Polski w Sztokholmie\" \/>\n<meta property=\"article:published_time\" content=\"2023-08-10T09:36:48+00:00\" \/>\n<meta property=\"article:modified_time\" content=\"2023-09-27T09:16:02+00:00\" \/>\n<meta property=\"og:image\" content=\"https:\/\/instytutpolski.pl\/stockholm\/wp-content\/uploads\/sites\/17\/2023\/08\/Isabella-FB-I-STRONA-banner.jpg\" \/>\n\t<meta property=\"og:image:width\" content=\"1640\" \/>\n\t<meta property=\"og:image:height\" content=\"924\" \/>\n\t<meta property=\"og:image:type\" content=\"image\/jpeg\" \/>\n<meta name=\"author\" content=\"treichelp\" \/>\n<meta name=\"twitter:card\" content=\"summary_large_image\" \/>\n<meta name=\"twitter:label1\" content=\"Napisane przez\" \/>\n\t<meta name=\"twitter:data1\" content=\"treichelp\" \/>\n\t<meta name=\"twitter:label2\" content=\"Szacowany czas czytania\" \/>\n\t<meta name=\"twitter:data2\" content=\"1 minuta\" \/>\n<script type=\"application\/ld+json\" class=\"yoast-schema-graph\">{\"@context\":\"https:\/\/schema.org\",\"@graph\":[{\"@type\":\"event\",\"@id\":\"https:\/\/instytutpolski.pl\/stockholm\/pl\/2023\/08\/10\/isabella-monolog-evy-mattsson-o-katarzynie-jagiellonce-i-jej-corce-izabelli\/\",\"url\":\"https:\/\/instytutpolski.pl\/stockholm\/pl\/2023\/08\/10\/isabella-monolog-evy-mattsson-o-katarzynie-jagiellonce-i-jej-corce-izabelli\/\",\"name\":\"ISABELLA \u2013 monolog Evy Mattsson o Katarzynie Jagiellonce i jej c\u00f3rce Izabelli\",\"isPartOf\":{\"@id\":\"https:\/\/instytutpolski.pl\/stockholm\/#website\"},\"primaryImageOfPage\":{\"@id\":\"https:\/\/instytutpolski.pl\/stockholm\/pl\/2023\/08\/10\/isabella-monolog-evy-mattsson-o-katarzynie-jagiellonce-i-jej-corce-izabelli\/#primaryimage\"},\"image\":[\"https:\/\/instytutpolski.pl\/stockholm\/wp-content\/uploads\/sites\/17\/2023\/08\/Isabella-FB-I-STRONA-banner.jpg\",\"https:\/\/instytutpolski.pl\/stockholm\/wp-content\/uploads\/sites\/17\/2023\/08\/Isabella-FB-I-STRONA-banner-300x169.jpg\",\"https:\/\/instytutpolski.pl\/stockholm\/wp-content\/uploads\/sites\/17\/2023\/08\/Isabella-FB-I-STRONA-banner-1024x577.jpg\",\"https:\/\/instytutpolski.pl\/stockholm\/wp-content\/uploads\/sites\/17\/2023\/08\/Isabella-FB-I-STRONA-banner.jpg\"],\"thumbnailUrl\":\"https:\/\/instytutpolski.pl\/stockholm\/wp-content\/uploads\/sites\/17\/2023\/08\/Isabella-FB-I-STRONA-banner.jpg\",\"datePublished\":\"2023-08-10T09:36:48+02:00\",\"dateModified\":\"2023-09-27T09:16:02+02:00\",\"author\":{\"@id\":\"https:\/\/instytutpolski.pl\/stockholm\/#\/schema\/person\/866a2c0f4ccf0982a286809684f7bc1e\"},\"breadcrumb\":{\"@id\":\"https:\/\/instytutpolski.pl\/stockholm\/pl\/2023\/08\/10\/isabella-monolog-evy-mattsson-o-katarzynie-jagiellonce-i-jej-corce-izabelli\/#breadcrumb\"},\"inLanguage\":\"pl-PL\",\"potentialAction\":[{\"@type\":\"ReadAction\",\"target\":[\"https:\/\/instytutpolski.pl\/stockholm\/pl\/2023\/08\/10\/isabella-monolog-evy-mattsson-o-katarzynie-jagiellonce-i-jej-corce-izabelli\/\"]}],\"@context\":\"https:\/\/schema.org\",\"startDate\":\"2023-09-27T06:30:00+02:00\",\"endDate\":\"2023-09-27T08:00:00+02:00\",\"eventStatus\":\"EventScheduled\",\"eventAttendanceMode\":\"OfflineEventAttendanceMode\",\"location\":{\"@type\":\"place\",\"name\":\"Kulturhuset Multeum, Eskilstunav\u00e4gen 2, Str\u00e4ngn\u00e4s\",\"address\":\"Kulturhuset Multeum, Eskilstunav\u00e4gen 2, Str\u00e4ngn\u00e4s\",\"geo\":{\"@type\":\"GeoCoordinates\",\"latitude\":\"59.3585183454401\",\"longitude\":\"17.041207275432853\"}},\"description\":\"Tytu\u0142owa Izabella to kr\u00f3lewna Izabella Waz\u00f3wna (1564-1566), najstarsza c\u00f3rka Jana III Wazy i Katarzyny Jagiellonki. Jej nagrobek d\u0142uta flamandzkiego malarza, rze\u017abiarza i architekta Willema Boya, b\u0119d\u0105cy portretem kr\u00f3lewny w rzeczywistych rozmiarach, znajduje si\u0119 w katedrze w Str\u00e4ngn\u00e4s. Jest jednym z najstarszych portret\u00f3w dzieci w Szwecji.\\nTo ju\u017c kolejny monolog Evy Mattsson; od 2012 roku wyst\u0119powa\u0142a te\u017c w innych miejscowo\u015bciach zwi\u0105zanych z Jagiellonk\u0105 (Vadstena, Uppsala i Sztokholm). Podczas wyst\u0119pu Eva Mattsson ubrana jest w unikatow\u0105 replik\u0119 sukni Katarzyny Jagiellonki.\\nW 2018 roku Eva Mattsson wyda\u0142a pierwsz\u0105 w Szwecji biografi\u0119 Katarzyny Jagiellonki, pt. \u201eFurstinnan\u201d, przy okazji spektaklu w Str\u00e4ngn\u00e4s rozpoczyna si\u0119 promocja nowego wydania wznowionej wersji tej ksi\u0105\u017cki. Obydwie wersje ukaza\u0142y si\u0119 przy wsparciu Instytutu Polskiego.\\nWydarzenie w ramach obchod\u00f3w 500-lecia obj\u0119cia przez Gustawa Waz\u0119 szwedzkiego tronu zosta\u0142o zorganizowane przez Towarzystwo Gustawa Wazy (Gustav Vasaf\u00f6reningen) i Centrum Kultury w Str\u00e4ngn\u00e4s (Kulturhuset Multeum) we wsp\u00f3\u0142pracy z Instytutem Polskim w Sztokholmie.\\nData: 2023-09-27\\nGodzina: 18:30 \u2013 20:00\\nMiejsce: Multeum, Eskilstunav\u00e4gen 2, Str\u00e4ngn\u00e4s\\nBilety: https:\/\/www.strangnas.se\/arkiv\/evenemangsguiden\/evenemang\/2023-06-14-isabella-ett-kammarspel?searchQuery=isabella+mattsson\"},{\"@type\":\"ImageObject\",\"inLanguage\":\"pl-PL\",\"@id\":\"https:\/\/instytutpolski.pl\/stockholm\/pl\/2023\/08\/10\/isabella-monolog-evy-mattsson-o-katarzynie-jagiellonce-i-jej-corce-izabelli\/#primaryimage\",\"url\":\"https:\/\/instytutpolski.pl\/stockholm\/wp-content\/uploads\/sites\/17\/2023\/08\/Isabella-FB-I-STRONA-banner.jpg\",\"contentUrl\":\"https:\/\/instytutpolski.pl\/stockholm\/wp-content\/uploads\/sites\/17\/2023\/08\/Isabella-FB-I-STRONA-banner.jpg\",\"width\":1640,\"height\":924},{\"@type\":\"BreadcrumbList\",\"@id\":\"https:\/\/instytutpolski.pl\/stockholm\/pl\/2023\/08\/10\/isabella-monolog-evy-mattsson-o-katarzynie-jagiellonce-i-jej-corce-izabelli\/#breadcrumb\",\"itemListElement\":[{\"@type\":\"ListItem\",\"position\":1,\"name\":\"Home\",\"item\":\"https:\/\/instytutpolski.pl\/stockholm\/\"},{\"@type\":\"ListItem\",\"position\":2,\"name\":\"ISABELLA \u2013 monolog Evy Mattsson o Katarzynie Jagiellonce i jej c\u00f3rce Izabelli\"}]},{\"@type\":\"WebSite\",\"@id\":\"https:\/\/instytutpolski.pl\/stockholm\/#website\",\"url\":\"https:\/\/instytutpolski.pl\/stockholm\/\",\"name\":\"Instytut Polski w Sztokholmie\",\"description\":\"Instytuty Polskie\",\"potentialAction\":[{\"@type\":\"SearchAction\",\"target\":{\"@type\":\"EntryPoint\",\"urlTemplate\":\"https:\/\/instytutpolski.pl\/stockholm\/?s={search_term_string}\"},\"query-input\":{\"@type\":\"PropertyValueSpecification\",\"valueRequired\":true,\"valueName\":\"search_term_string\"}}],\"inLanguage\":\"pl-PL\"},{\"@type\":\"Person\",\"@id\":\"https:\/\/instytutpolski.pl\/stockholm\/#\/schema\/person\/866a2c0f4ccf0982a286809684f7bc1e\",\"name\":\"treichelp\",\"image\":{\"@type\":\"ImageObject\",\"inLanguage\":\"pl-PL\",\"@id\":\"https:\/\/instytutpolski.pl\/stockholm\/#\/schema\/person\/image\/\",\"url\":\"https:\/\/secure.gravatar.com\/avatar\/fb2c1caae0df0854742a56fc463dd1fb?s=96&d=mm&r=g\",\"contentUrl\":\"https:\/\/secure.gravatar.com\/avatar\/fb2c1caae0df0854742a56fc463dd1fb?s=96&d=mm&r=g\",\"caption\":\"treichelp\"},\"url\":\"https:\/\/instytutpolski.pl\/stockholm\/author\/treichelp\/\"}]}<\/script>\n<!-- \/ Yoast SEO plugin. -->","yoast_head_json":{"title":"ISABELLA \u2013 monolog Evy Mattsson o Katarzynie Jagiellonce i jej c\u00f3rce Izabelli - Instytut Polski w Sztokholmie","robots":{"index":"index","follow":"follow","max-snippet":"max-snippet:-1","max-image-preview":"max-image-preview:large","max-video-preview":"max-video-preview:-1"},"canonical":"https:\/\/instytutpolski.pl\/stockholm\/pl\/2023\/08\/10\/isabella-monolog-evy-mattsson-o-katarzynie-jagiellonce-i-jej-corce-izabelli\/","og_locale":"pl_PL","og_type":"article","og_title":"ISABELLA \u2013 monolog Evy Mattsson o Katarzynie Jagiellonce i jej c\u00f3rce Izabelli - Instytut Polski w Sztokholmie","og_description":"Tytu\u0142owa Izabella to kr\u00f3lewna Izabella Waz\u00f3wna (1564-1566), najstarsza c\u00f3rka Jana III Wazy i Katarzyny Jagiellonki. Jej nagrobek d\u0142uta flamandzkiego malarza, rze\u017abiarza i architekta Willema Boya, b\u0119d\u0105cy portretem kr\u00f3lewny w rzeczywistych rozmiarach, znajduje si\u0119 w katedrze w&nbsp;Str\u00e4ngn\u00e4s. Jest jednym z najstarszych portret\u00f3w dzieci w Szwecji. To ju\u017c kolejny monolog Evy Mattsson; od 2012 roku wyst\u0119powa\u0142a te\u017c [&hellip;]","og_url":"https:\/\/instytutpolski.pl\/stockholm\/pl\/2023\/08\/10\/isabella-monolog-evy-mattsson-o-katarzynie-jagiellonce-i-jej-corce-izabelli\/","og_site_name":"Instytut Polski w Sztokholmie","article_published_time":"2023-08-10T09:36:48+00:00","article_modified_time":"2023-09-27T09:16:02+00:00","og_image":[{"width":1640,"height":924,"url":"https:\/\/instytutpolski.pl\/stockholm\/wp-content\/uploads\/sites\/17\/2023\/08\/Isabella-FB-I-STRONA-banner.jpg","type":"image\/jpeg"}],"author":"treichelp","twitter_card":"summary_large_image","twitter_misc":{"Napisane przez":"treichelp","Szacowany czas czytania":"1 minuta"},"schema":{"@context":"https:\/\/schema.org","@graph":[{"@type":"event","@id":"https:\/\/instytutpolski.pl\/stockholm\/pl\/2023\/08\/10\/isabella-monolog-evy-mattsson-o-katarzynie-jagiellonce-i-jej-corce-izabelli\/","url":"https:\/\/instytutpolski.pl\/stockholm\/pl\/2023\/08\/10\/isabella-monolog-evy-mattsson-o-katarzynie-jagiellonce-i-jej-corce-izabelli\/","name":"ISABELLA \u2013 monolog Evy Mattsson o Katarzynie Jagiellonce i jej c\u00f3rce Izabelli","isPartOf":{"@id":"https:\/\/instytutpolski.pl\/stockholm\/#website"},"primaryImageOfPage":{"@id":"https:\/\/instytutpolski.pl\/stockholm\/pl\/2023\/08\/10\/isabella-monolog-evy-mattsson-o-katarzynie-jagiellonce-i-jej-corce-izabelli\/#primaryimage"},"image":["https:\/\/instytutpolski.pl\/stockholm\/wp-content\/uploads\/sites\/17\/2023\/08\/Isabella-FB-I-STRONA-banner.jpg","https:\/\/instytutpolski.pl\/stockholm\/wp-content\/uploads\/sites\/17\/2023\/08\/Isabella-FB-I-STRONA-banner-300x169.jpg","https:\/\/instytutpolski.pl\/stockholm\/wp-content\/uploads\/sites\/17\/2023\/08\/Isabella-FB-I-STRONA-banner-1024x577.jpg","https:\/\/instytutpolski.pl\/stockholm\/wp-content\/uploads\/sites\/17\/2023\/08\/Isabella-FB-I-STRONA-banner.jpg"],"thumbnailUrl":"https:\/\/instytutpolski.pl\/stockholm\/wp-content\/uploads\/sites\/17\/2023\/08\/Isabella-FB-I-STRONA-banner.jpg","datePublished":"2023-08-10T09:36:48+02:00","dateModified":"2023-09-27T09:16:02+02:00","author":{"@id":"https:\/\/instytutpolski.pl\/stockholm\/#\/schema\/person\/866a2c0f4ccf0982a286809684f7bc1e"},"breadcrumb":{"@id":"https:\/\/instytutpolski.pl\/stockholm\/pl\/2023\/08\/10\/isabella-monolog-evy-mattsson-o-katarzynie-jagiellonce-i-jej-corce-izabelli\/#breadcrumb"},"inLanguage":"pl-PL","potentialAction":[{"@type":"ReadAction","target":["https:\/\/instytutpolski.pl\/stockholm\/pl\/2023\/08\/10\/isabella-monolog-evy-mattsson-o-katarzynie-jagiellonce-i-jej-corce-izabelli\/"]}],"@context":"https:\/\/schema.org","startDate":"2023-09-27T06:30:00+02:00","endDate":"2023-09-27T08:00:00+02:00","eventStatus":"EventScheduled","eventAttendanceMode":"OfflineEventAttendanceMode","location":{"@type":"place","name":"Kulturhuset Multeum, Eskilstunav\u00e4gen 2, Str\u00e4ngn\u00e4s","address":"Kulturhuset Multeum, Eskilstunav\u00e4gen 2, Str\u00e4ngn\u00e4s","geo":{"@type":"GeoCoordinates","latitude":"59.3585183454401","longitude":"17.041207275432853"}},"description":"Tytu\u0142owa Izabella to kr\u00f3lewna Izabella Waz\u00f3wna (1564-1566), najstarsza c\u00f3rka Jana III Wazy i Katarzyny Jagiellonki. Jej nagrobek d\u0142uta flamandzkiego malarza, rze\u017abiarza i architekta Willema Boya, b\u0119d\u0105cy portretem kr\u00f3lewny w rzeczywistych rozmiarach, znajduje si\u0119 w katedrze w Str\u00e4ngn\u00e4s. Jest jednym z najstarszych portret\u00f3w dzieci w Szwecji.\nTo ju\u017c kolejny monolog Evy Mattsson; od 2012 roku wyst\u0119powa\u0142a te\u017c w innych miejscowo\u015bciach zwi\u0105zanych z Jagiellonk\u0105 (Vadstena, Uppsala i Sztokholm). Podczas wyst\u0119pu Eva Mattsson ubrana jest w unikatow\u0105 replik\u0119 sukni Katarzyny Jagiellonki.\nW 2018 roku Eva Mattsson wyda\u0142a pierwsz\u0105 w Szwecji biografi\u0119 Katarzyny Jagiellonki, pt. \u201eFurstinnan\u201d, przy okazji spektaklu w Str\u00e4ngn\u00e4s rozpoczyna si\u0119 promocja nowego wydania wznowionej wersji tej ksi\u0105\u017cki. Obydwie wersje ukaza\u0142y si\u0119 przy wsparciu Instytutu Polskiego.\nWydarzenie w ramach obchod\u00f3w 500-lecia obj\u0119cia przez Gustawa Waz\u0119 szwedzkiego tronu zosta\u0142o zorganizowane przez Towarzystwo Gustawa Wazy (Gustav Vasaf\u00f6reningen) i Centrum Kultury w Str\u00e4ngn\u00e4s (Kulturhuset Multeum) we wsp\u00f3\u0142pracy z Instytutem Polskim w Sztokholmie.\nData: 2023-09-27\nGodzina: 18:30 \u2013 20:00\nMiejsce: Multeum, Eskilstunav\u00e4gen 2, Str\u00e4ngn\u00e4s\nBilety: https:\/\/www.strangnas.se\/arkiv\/evenemangsguiden\/evenemang\/2023-06-14-isabella-ett-kammarspel?searchQuery=isabella+mattsson"},{"@type":"ImageObject","inLanguage":"pl-PL","@id":"https:\/\/instytutpolski.pl\/stockholm\/pl\/2023\/08\/10\/isabella-monolog-evy-mattsson-o-katarzynie-jagiellonce-i-jej-corce-izabelli\/#primaryimage","url":"https:\/\/instytutpolski.pl\/stockholm\/wp-content\/uploads\/sites\/17\/2023\/08\/Isabella-FB-I-STRONA-banner.jpg","contentUrl":"https:\/\/instytutpolski.pl\/stockholm\/wp-content\/uploads\/sites\/17\/2023\/08\/Isabella-FB-I-STRONA-banner.jpg","width":1640,"height":924},{"@type":"BreadcrumbList","@id":"https:\/\/instytutpolski.pl\/stockholm\/pl\/2023\/08\/10\/isabella-monolog-evy-mattsson-o-katarzynie-jagiellonce-i-jej-corce-izabelli\/#breadcrumb","itemListElement":[{"@type":"ListItem","position":1,"name":"Home","item":"https:\/\/instytutpolski.pl\/stockholm\/"},{"@type":"ListItem","position":2,"name":"ISABELLA \u2013 monolog Evy Mattsson o Katarzynie Jagiellonce i jej c\u00f3rce Izabelli"}]},{"@type":"WebSite","@id":"https:\/\/instytutpolski.pl\/stockholm\/#website","url":"https:\/\/instytutpolski.pl\/stockholm\/","name":"Instytut Polski w Sztokholmie","description":"Instytuty Polskie","potentialAction":[{"@type":"SearchAction","target":{"@type":"EntryPoint","urlTemplate":"https:\/\/instytutpolski.pl\/stockholm\/?s={search_term_string}"},"query-input":{"@type":"PropertyValueSpecification","valueRequired":true,"valueName":"search_term_string"}}],"inLanguage":"pl-PL"},{"@type":"Person","@id":"https:\/\/instytutpolski.pl\/stockholm\/#\/schema\/person\/866a2c0f4ccf0982a286809684f7bc1e","name":"treichelp","image":{"@type":"ImageObject","inLanguage":"pl-PL","@id":"https:\/\/instytutpolski.pl\/stockholm\/#\/schema\/person\/image\/","url":"https:\/\/secure.gravatar.com\/avatar\/fb2c1caae0df0854742a56fc463dd1fb?s=96&d=mm&r=g","contentUrl":"https:\/\/secure.gravatar.com\/avatar\/fb2c1caae0df0854742a56fc463dd1fb?s=96&d=mm&r=g","caption":"treichelp"},"url":"https:\/\/instytutpolski.pl\/stockholm\/author\/treichelp\/"}]}},"_links":{"self":[{"href":"https:\/\/instytutpolski.pl\/stockholm\/wp-json\/wp\/v2\/posts\/11570","targetHints":{"allow":["GET"]}}],"collection":[{"href":"https:\/\/instytutpolski.pl\/stockholm\/wp-json\/wp\/v2\/posts"}],"about":[{"href":"https:\/\/instytutpolski.pl\/stockholm\/wp-json\/wp\/v2\/types\/post"}],"author":[{"embeddable":true,"href":"https:\/\/instytutpolski.pl\/stockholm\/wp-json\/wp\/v2\/users\/173"}],"replies":[{"embeddable":true,"href":"https:\/\/instytutpolski.pl\/stockholm\/wp-json\/wp\/v2\/comments?post=11570"}],"version-history":[{"count":3,"href":"https:\/\/instytutpolski.pl\/stockholm\/wp-json\/wp\/v2\/posts\/11570\/revisions"}],"predecessor-version":[{"id":11573,"href":"https:\/\/instytutpolski.pl\/stockholm\/wp-json\/wp\/v2\/posts\/11570\/revisions\/11573"}],"wp:featuredmedia":[{"embeddable":true,"href":"https:\/\/instytutpolski.pl\/stockholm\/wp-json\/wp\/v2\/media\/11417"}],"wp:attachment":[{"href":"https:\/\/instytutpolski.pl\/stockholm\/wp-json\/wp\/v2\/media?parent=11570"}],"wp:term":[{"taxonomy":"category","embeddable":true,"href":"https:\/\/instytutpolski.pl\/stockholm\/wp-json\/wp\/v2\/categories?post=11570"},{"taxonomy":"post_tag","embeddable":true,"href":"https:\/\/instytutpolski.pl\/stockholm\/wp-json\/wp\/v2\/tags?post=11570"}],"curies":[{"name":"wp","href":"https:\/\/api.w.org\/{rel}","templated":true}]}}