{"id":11579,"date":"2023-09-07T14:59:35","date_gmt":"2023-09-07T12:59:35","guid":{"rendered":"https:\/\/instytutpolski.pl\/stockholm\/?p=11579"},"modified":"2023-10-03T13:38:39","modified_gmt":"2023-10-03T11:38:39","slug":"polskie-wydarzenia-w-centrum-kultury-w-handen","status":"publish","type":"post","link":"https:\/\/instytutpolski.pl\/stockholm\/pl\/2023\/09\/07\/polskie-wydarzenia-w-centrum-kultury-w-handen\/","title":{"rendered":"POLSKIE WYDARZENIA W CENTRUM KULTURY W HANDEN"},"content":{"rendered":"\n<p><strong>Film &amp; rozmowa: Podw\u00f3jne \u017cycie Weroniki w re\u017cyserii Krzysztofa Kie\u015blowskiego. Po filmie &#8211; rozmowa Marii Pettersson z krytykiem filmowym Wand\u0105 Bendjelloul<\/strong><\/p>\n\n\n\n<p>Data: 2 pa\u017adziernika<\/p>\n\n\n\n<p>Godzina: 18.00<\/p>\n\n\n\n<p>Miejsce: Haninge kulturhus, Auditoriet<\/p>\n\n\n\n<p>Organizatorzy: Biblioteka w Handen i Instytut Polski w Sztokholmie<\/p>\n\n\n\n<p><strong>Wystawa oraz workshop plastyczny dla dzieci<\/strong><\/p>\n\n\n\n<p>Wystawa sk\u0142ada si\u0119 z pi\u0119knych ilustracji czterech artyst\u00f3w zwi\u0105zanych z polsk\u0105 kultur\u0105: Bereniki Ko\u0142omyckiej, Emilii Dziubak, Jenny Berggren oraz Zbigniewa Lengrena! Warsztat, podczas kt\u00f3rego mo\u017cna eksperymentowa\u0107 z r\u00f3\u017cnymi technikami plastycznymi przeznaczony jest dla dzieci w wieku 10 \u2013 14 lat.<\/p>\n\n\n\n<p>Data: 4 pa\u017adziernika<\/p>\n\n\n\n<p>Godzina: 14.00-17.00<\/p>\n\n\n\n<p>Miejsce: Biblioteket i Handen och konstverkstan i Haninge kulturhus<\/p>\n\n\n\n<p>Organizatorzy: Centrum Kultury Haninge (Haninge kulturhus), Biblioteka w Handen i Instytut Polski w Sztokholmie<\/p>\n\n\n\n<p><strong>Bio Tittelitut pokazuje polskie kresk\u00f3wki dla dzieci<\/strong><\/p>\n\n\n\n<p>Pokaz polskich bajek ze Studia Film\u00f3w Rysunkowych w Bielsko-Bia\u0142ej dla dzieci w wieku od 3 lat:<\/p>\n\n\n\n<p>Odcinek pt. \u201ePiraci rzeczni\u201d z serialu animowanego \u201ePrzygody B\u0142\u0119kitnego Rycerzyka\u201d), w re\u017cyserii W\u0142adys\u0142awa Nehrebeckiego, 1965, czas trwania: 10\u2032 44\u2033&nbsp;<\/p>\n\n\n\n<p>Odcinek pt. \u201dReksio piel\u0119gniarz\u201d ze s\u0142ynnego serialu animowanego \u201dReksio\u201d, w re\u017cyserii Lechos\u0142awa Marsza\u0142ka, 1973, czas trwania: 10\u2032 34\u2033<\/p>\n\n\n\n<p>Odcinek pt. \u201dReksio i jamnik\u201d&nbsp;z serialu \u201dReksio\u201d,&nbsp;w re\u017cyserii Lechos\u0142awa Marsza\u0142ka, 1978, czas trwania: 08\u2032 35\u2033<\/p>\n\n\n\n<p>Data: 6 pa\u017adziernika<\/p>\n\n\n\n<p>Czas: 10.00-10.30<\/p>\n\n\n\n<p>Miejsce: Centrum Kultury Haninge (Haninge kulturhus, K-bl\u00e5)<\/p>\n\n\n\n<p>Organizatorzy: Biblioteka w Handen i Instytut Polski w Sztokholmie<\/p>\n\n\n\n<p><strong>Film \u201eKobieta na dachu\u201d i rozmowa z re\u017cyserk\u0105 Ann\u0105 Jadowsk\u0105 \u2013 w ramach festiwalu KINOTEKA STOCKHOLM.<\/strong><strong><\/strong><\/p>\n\n\n\n<p>Mira wstaje wcze\u015bnie rano, rozwiesza pranie, gotuje obiad, kupuje pokarm dla rybek i\u2026 z no\u017cem kuchennym napada na bank. Desperacki krok pozwala jej spojrze\u0107&nbsp;na swoje&nbsp;\u017cycie z innej perspektywy. Czy nadal jest w stanie dokona\u0107&nbsp;zmian w swoim&nbsp;\u017cyciu?<\/p>\n\n\n\n<p>Po filmie zapraszamy na rozmow\u0119&nbsp;Wandy Bendjelloul z Ann\u0105&nbsp;Jadowsk\u0105, re\u017cyserk\u0105&nbsp;filmu.<\/p>\n\n\n\n<p>Darmowe wej\u015bcie, ograniczona ilo\u015b\u0107&nbsp;miejsc. Odbierz bilet w kasie w Bibliotece w Handen.<\/p>\n\n\n\n<p>Data: 6 pa\u017adziernika<\/p>\n\n\n\n<p>Pokaz filmu: 18.00 (recepcja od 17.30)<\/p>\n\n\n\n<p>Miejsce: Haninge kulturhus, Auditoriet<\/p>\n\n\n\n<p>Organizatorzy: Biblioteka w Handen i Instytut Polski w Sztokholmie<\/p>\n","protected":false},"excerpt":{"rendered":"<p>Film &amp; rozmowa: Podw\u00f3jne \u017cycie Weroniki w re\u017cyserii Krzysztofa Kie\u015blowskiego. Po filmie &#8211; rozmowa Marii Pettersson z krytykiem filmowym Wand\u0105 Bendjelloul Data: 2 pa\u017adziernika Godzina: 18.00 Miejsce: Haninge kulturhus, Auditoriet Organizatorzy: Biblioteka w Handen i Instytut Polski w Sztokholmie Wystawa oraz workshop plastyczny dla dzieci Wystawa sk\u0142ada si\u0119 z pi\u0119knych ilustracji czterech artyst\u00f3w zwi\u0105zanych z [&hellip;]<\/p>\n","protected":false},"author":173,"featured_media":11473,"comment_status":"closed","ping_status":"closed","sticky":false,"template":"","format":"standard","meta":{"inline_featured_image":false,"_monsterinsights_skip_tracking":false,"_monsterinsights_sitenote_active":false,"_monsterinsights_sitenote_note":"","_monsterinsights_sitenote_category":0,"footnotes":""},"categories":[85,81,36],"tags":[],"class_list":["post-11579","post","type-post","status-publish","format-standard","has-post-thumbnail","hentry","category-kino","category-sztuki-wizualne","category-wydarzenie"],"yoast_head":"<!-- This site is optimized with the Yoast SEO plugin v24.6 - https:\/\/yoast.com\/wordpress\/plugins\/seo\/ -->\n<title>POLSKIE WYDARZENIA W CENTRUM KULTURY W HANDEN - Instytut Polski w Sztokholmie<\/title>\n<meta name=\"robots\" content=\"index, follow, max-snippet:-1, max-image-preview:large, max-video-preview:-1\" \/>\n<link rel=\"canonical\" href=\"https:\/\/instytutpolski.pl\/stockholm\/pl\/2023\/09\/07\/polskie-wydarzenia-w-centrum-kultury-w-handen\/\" \/>\n<meta property=\"og:locale\" content=\"pl_PL\" \/>\n<meta property=\"og:type\" content=\"article\" \/>\n<meta property=\"og:title\" content=\"POLSKIE WYDARZENIA W CENTRUM KULTURY W HANDEN - Instytut Polski w Sztokholmie\" \/>\n<meta property=\"og:description\" content=\"Film &amp; rozmowa: Podw\u00f3jne \u017cycie Weroniki w re\u017cyserii Krzysztofa Kie\u015blowskiego. Po filmie &#8211; rozmowa Marii Pettersson z krytykiem filmowym Wand\u0105 Bendjelloul Data: 2 pa\u017adziernika Godzina: 18.00 Miejsce: Haninge kulturhus, Auditoriet Organizatorzy: Biblioteka w Handen i Instytut Polski w Sztokholmie Wystawa oraz workshop plastyczny dla dzieci Wystawa sk\u0142ada si\u0119 z pi\u0119knych ilustracji czterech artyst\u00f3w zwi\u0105zanych z [&hellip;]\" \/>\n<meta property=\"og:url\" content=\"https:\/\/instytutpolski.pl\/stockholm\/pl\/2023\/09\/07\/polskie-wydarzenia-w-centrum-kultury-w-handen\/\" \/>\n<meta property=\"og:site_name\" content=\"Instytut Polski w Sztokholmie\" \/>\n<meta property=\"article:published_time\" content=\"2023-09-07T12:59:35+00:00\" \/>\n<meta property=\"article:modified_time\" content=\"2023-10-03T11:38:39+00:00\" \/>\n<meta property=\"og:image\" content=\"https:\/\/instytutpolski.pl\/stockholm\/wp-content\/uploads\/sites\/17\/2023\/09\/Romano-Ilo-fran-Polen-pa-5-Folk-Festival-i-Kungstradgarden-den-14-juni-kl.-2040-2.jpg\" \/>\n\t<meta property=\"og:image:width\" content=\"1640\" \/>\n\t<meta property=\"og:image:height\" content=\"924\" \/>\n\t<meta property=\"og:image:type\" content=\"image\/jpeg\" \/>\n<meta name=\"author\" content=\"treichelp\" \/>\n<meta name=\"twitter:card\" content=\"summary_large_image\" \/>\n<meta name=\"twitter:label1\" content=\"Napisane przez\" \/>\n\t<meta name=\"twitter:data1\" content=\"treichelp\" \/>\n\t<meta name=\"twitter:label2\" content=\"Szacowany czas czytania\" \/>\n\t<meta name=\"twitter:data2\" content=\"2 minuty\" \/>\n<script type=\"application\/ld+json\" class=\"yoast-schema-graph\">{\"@context\":\"https:\/\/schema.org\",\"@graph\":[{\"@type\":\"event\",\"@id\":\"https:\/\/instytutpolski.pl\/stockholm\/pl\/2023\/09\/07\/polskie-wydarzenia-w-centrum-kultury-w-handen\/\",\"url\":\"https:\/\/instytutpolski.pl\/stockholm\/pl\/2023\/09\/07\/polskie-wydarzenia-w-centrum-kultury-w-handen\/\",\"name\":\"POLSKIE WYDARZENIA W CENTRUM KULTURY W HANDEN\",\"isPartOf\":{\"@id\":\"https:\/\/instytutpolski.pl\/stockholm\/#website\"},\"primaryImageOfPage\":{\"@id\":\"https:\/\/instytutpolski.pl\/stockholm\/pl\/2023\/09\/07\/polskie-wydarzenia-w-centrum-kultury-w-handen\/#primaryimage\"},\"image\":[\"https:\/\/instytutpolski.pl\/stockholm\/wp-content\/uploads\/sites\/17\/2023\/09\/Romano-Ilo-fran-Polen-pa-5-Folk-Festival-i-Kungstradgarden-den-14-juni-kl.-2040-2.jpg\",\"https:\/\/instytutpolski.pl\/stockholm\/wp-content\/uploads\/sites\/17\/2023\/09\/Romano-Ilo-fran-Polen-pa-5-Folk-Festival-i-Kungstradgarden-den-14-juni-kl.-2040-2-300x169.jpg\",\"https:\/\/instytutpolski.pl\/stockholm\/wp-content\/uploads\/sites\/17\/2023\/09\/Romano-Ilo-fran-Polen-pa-5-Folk-Festival-i-Kungstradgarden-den-14-juni-kl.-2040-2-1024x577.jpg\",\"https:\/\/instytutpolski.pl\/stockholm\/wp-content\/uploads\/sites\/17\/2023\/09\/Romano-Ilo-fran-Polen-pa-5-Folk-Festival-i-Kungstradgarden-den-14-juni-kl.-2040-2.jpg\"],\"thumbnailUrl\":\"https:\/\/instytutpolski.pl\/stockholm\/wp-content\/uploads\/sites\/17\/2023\/09\/Romano-Ilo-fran-Polen-pa-5-Folk-Festival-i-Kungstradgarden-den-14-juni-kl.-2040-2.jpg\",\"datePublished\":\"2023-09-07T12:59:35+02:00\",\"dateModified\":\"2023-10-03T11:38:39+02:00\",\"author\":{\"@id\":\"https:\/\/instytutpolski.pl\/stockholm\/#\/schema\/person\/866a2c0f4ccf0982a286809684f7bc1e\"},\"breadcrumb\":{\"@id\":\"https:\/\/instytutpolski.pl\/stockholm\/pl\/2023\/09\/07\/polskie-wydarzenia-w-centrum-kultury-w-handen\/#breadcrumb\"},\"inLanguage\":\"pl-PL\",\"potentialAction\":[{\"@type\":\"ReadAction\",\"target\":[\"https:\/\/instytutpolski.pl\/stockholm\/pl\/2023\/09\/07\/polskie-wydarzenia-w-centrum-kultury-w-handen\/\"]}],\"@context\":\"https:\/\/schema.org\",\"startDate\":\"2023-09-29\",\"endDate\":\"2023-10-06\",\"eventStatus\":\"EventScheduled\",\"eventAttendanceMode\":\"OfflineEventAttendanceMode\",\"location\":{\"@type\":\"place\",\"name\":\"Haninge kulturhus\",\"address\":\"Haninge kulturhus\",\"geo\":{\"@type\":\"GeoCoordinates\",\"latitude\":\"59.163803745216654\",\"longitude\":\"18.138119106359635\"}},\"description\":\"Film &amp; rozmowa: Podw\u00f3jne \u017cycie Weroniki w re\u017cyserii Krzysztofa Kie\u015blowskiego. Po filmie - rozmowa Marii Pettersson z krytykiem filmowym Wand\u0105 Bendjelloul\\nData: 2 pa\u017adziernika\\nGodzina: 18.00\\nMiejsce: Haninge kulturhus, Auditoriet\\nOrganizatorzy: Biblioteka w Handen i Instytut Polski w Sztokholmie\\nWystawa oraz workshop plastyczny dla dzieci\\nWystawa sk\u0142ada si\u0119 z pi\u0119knych ilustracji czterech artyst\u00f3w zwi\u0105zanych z polsk\u0105 kultur\u0105: Bereniki Ko\u0142omyckiej, Emilii Dziubak, Jenny Berggren oraz Zbigniewa Lengrena! Warsztat, podczas kt\u00f3rego mo\u017cna eksperymentowa\u0107 z r\u00f3\u017cnymi technikami plastycznymi przeznaczony jest dla dzieci w wieku 10 \u2013 14 lat.\\nData: 4 pa\u017adziernika\\nGodzina: 14.00-17.00\\nMiejsce: Biblioteket i Handen och konstverkstan i Haninge kulturhus\\nOrganizatorzy: Centrum Kultury Haninge (Haninge kulturhus), Biblioteka w Handen i Instytut Polski w Sztokholmie\\nBio Tittelitut pokazuje polskie kresk\u00f3wki dla dzieci\\nPokaz polskich bajek ze Studia Film\u00f3w Rysunkowych w Bielsko-Bia\u0142ej dla dzieci w wieku od 3 lat:\\nOdcinek pt. \u201ePiraci rzeczni\u201d z serialu animowanego \u201ePrzygody B\u0142\u0119kitnego Rycerzyka\u201d), w re\u017cyserii W\u0142adys\u0142awa Nehrebeckiego, 1965, czas trwania: 10\u2032 44\u2033 \\nOdcinek pt. \u201dReksio piel\u0119gniarz\u201d ze s\u0142ynnego serialu animowanego \u201dReksio\u201d, w re\u017cyserii Lechos\u0142awa Marsza\u0142ka, 1973, czas trwania: 10\u2032 34\u2033\\nOdcinek pt. \u201dReksio i jamnik\u201d z serialu \u201dReksio\u201d, w re\u017cyserii Lechos\u0142awa Marsza\u0142ka, 1978, czas trwania: 08\u2032 35\u2033\\nData: 6 pa\u017adziernika\\nCzas: 10.00-10.30\\nMiejsce: Centrum Kultury Haninge (Haninge kulturhus, K-bl\u00e5)\\nOrganizatorzy: Biblioteka w Handen i Instytut Polski w Sztokholmie\\nFilm \u201eKobieta na dachu\u201d i rozmowa z re\u017cyserk\u0105 Ann\u0105 Jadowsk\u0105 \u2013 w ramach festiwalu KINOTEKA STOCKHOLM.\\nMira wstaje wcze\u015bnie rano, rozwiesza pranie, gotuje obiad, kupuje pokarm dla rybek i\u2026 z no\u017cem kuchennym napada na bank. Desperacki krok pozwala jej spojrze\u0107 na swoje \u017cycie z innej perspektywy. Czy nadal jest w stanie dokona\u0107 zmian w swoim \u017cyciu?\\nPo filmie zapraszamy na rozmow\u0119 Wandy Bendjelloul z Ann\u0105 Jadowsk\u0105, re\u017cyserk\u0105 filmu.\\nDarmowe wej\u015bcie, ograniczona ilo\u015b\u0107 miejsc. Odbierz bilet w kasie w Bibliotece w Handen.\\nData: 6 pa\u017adziernika\\nPokaz filmu: 18.00 (recepcja od 17.30)\\nMiejsce: Haninge kulturhus, Auditoriet\\nOrganizatorzy: Biblioteka w Handen i Instytut Polski w Sztokholmie\"},{\"@type\":\"ImageObject\",\"inLanguage\":\"pl-PL\",\"@id\":\"https:\/\/instytutpolski.pl\/stockholm\/pl\/2023\/09\/07\/polskie-wydarzenia-w-centrum-kultury-w-handen\/#primaryimage\",\"url\":\"https:\/\/instytutpolski.pl\/stockholm\/wp-content\/uploads\/sites\/17\/2023\/09\/Romano-Ilo-fran-Polen-pa-5-Folk-Festival-i-Kungstradgarden-den-14-juni-kl.-2040-2.jpg\",\"contentUrl\":\"https:\/\/instytutpolski.pl\/stockholm\/wp-content\/uploads\/sites\/17\/2023\/09\/Romano-Ilo-fran-Polen-pa-5-Folk-Festival-i-Kungstradgarden-den-14-juni-kl.-2040-2.jpg\",\"width\":1640,\"height\":924},{\"@type\":\"BreadcrumbList\",\"@id\":\"https:\/\/instytutpolski.pl\/stockholm\/pl\/2023\/09\/07\/polskie-wydarzenia-w-centrum-kultury-w-handen\/#breadcrumb\",\"itemListElement\":[{\"@type\":\"ListItem\",\"position\":1,\"name\":\"Home\",\"item\":\"https:\/\/instytutpolski.pl\/stockholm\/\"},{\"@type\":\"ListItem\",\"position\":2,\"name\":\"POLSKIE WYDARZENIA W CENTRUM KULTURY W HANDEN\"}]},{\"@type\":\"WebSite\",\"@id\":\"https:\/\/instytutpolski.pl\/stockholm\/#website\",\"url\":\"https:\/\/instytutpolski.pl\/stockholm\/\",\"name\":\"Instytut Polski w Sztokholmie\",\"description\":\"Instytuty Polskie\",\"potentialAction\":[{\"@type\":\"SearchAction\",\"target\":{\"@type\":\"EntryPoint\",\"urlTemplate\":\"https:\/\/instytutpolski.pl\/stockholm\/?s={search_term_string}\"},\"query-input\":{\"@type\":\"PropertyValueSpecification\",\"valueRequired\":true,\"valueName\":\"search_term_string\"}}],\"inLanguage\":\"pl-PL\"},{\"@type\":\"Person\",\"@id\":\"https:\/\/instytutpolski.pl\/stockholm\/#\/schema\/person\/866a2c0f4ccf0982a286809684f7bc1e\",\"name\":\"treichelp\",\"image\":{\"@type\":\"ImageObject\",\"inLanguage\":\"pl-PL\",\"@id\":\"https:\/\/instytutpolski.pl\/stockholm\/#\/schema\/person\/image\/\",\"url\":\"https:\/\/secure.gravatar.com\/avatar\/fb2c1caae0df0854742a56fc463dd1fb?s=96&d=mm&r=g\",\"contentUrl\":\"https:\/\/secure.gravatar.com\/avatar\/fb2c1caae0df0854742a56fc463dd1fb?s=96&d=mm&r=g\",\"caption\":\"treichelp\"},\"url\":\"https:\/\/instytutpolski.pl\/stockholm\/author\/treichelp\/\"}]}<\/script>\n<!-- \/ Yoast SEO plugin. -->","yoast_head_json":{"title":"POLSKIE WYDARZENIA W CENTRUM KULTURY W HANDEN - Instytut Polski w Sztokholmie","robots":{"index":"index","follow":"follow","max-snippet":"max-snippet:-1","max-image-preview":"max-image-preview:large","max-video-preview":"max-video-preview:-1"},"canonical":"https:\/\/instytutpolski.pl\/stockholm\/pl\/2023\/09\/07\/polskie-wydarzenia-w-centrum-kultury-w-handen\/","og_locale":"pl_PL","og_type":"article","og_title":"POLSKIE WYDARZENIA W CENTRUM KULTURY W HANDEN - Instytut Polski w Sztokholmie","og_description":"Film &amp; rozmowa: Podw\u00f3jne \u017cycie Weroniki w re\u017cyserii Krzysztofa Kie\u015blowskiego. Po filmie &#8211; rozmowa Marii Pettersson z krytykiem filmowym Wand\u0105 Bendjelloul Data: 2 pa\u017adziernika Godzina: 18.00 Miejsce: Haninge kulturhus, Auditoriet Organizatorzy: Biblioteka w Handen i Instytut Polski w Sztokholmie Wystawa oraz workshop plastyczny dla dzieci Wystawa sk\u0142ada si\u0119 z pi\u0119knych ilustracji czterech artyst\u00f3w zwi\u0105zanych z [&hellip;]","og_url":"https:\/\/instytutpolski.pl\/stockholm\/pl\/2023\/09\/07\/polskie-wydarzenia-w-centrum-kultury-w-handen\/","og_site_name":"Instytut Polski w Sztokholmie","article_published_time":"2023-09-07T12:59:35+00:00","article_modified_time":"2023-10-03T11:38:39+00:00","og_image":[{"width":1640,"height":924,"url":"https:\/\/instytutpolski.pl\/stockholm\/wp-content\/uploads\/sites\/17\/2023\/09\/Romano-Ilo-fran-Polen-pa-5-Folk-Festival-i-Kungstradgarden-den-14-juni-kl.-2040-2.jpg","type":"image\/jpeg"}],"author":"treichelp","twitter_card":"summary_large_image","twitter_misc":{"Napisane przez":"treichelp","Szacowany czas czytania":"2 minuty"},"schema":{"@context":"https:\/\/schema.org","@graph":[{"@type":"event","@id":"https:\/\/instytutpolski.pl\/stockholm\/pl\/2023\/09\/07\/polskie-wydarzenia-w-centrum-kultury-w-handen\/","url":"https:\/\/instytutpolski.pl\/stockholm\/pl\/2023\/09\/07\/polskie-wydarzenia-w-centrum-kultury-w-handen\/","name":"POLSKIE WYDARZENIA W CENTRUM KULTURY W HANDEN","isPartOf":{"@id":"https:\/\/instytutpolski.pl\/stockholm\/#website"},"primaryImageOfPage":{"@id":"https:\/\/instytutpolski.pl\/stockholm\/pl\/2023\/09\/07\/polskie-wydarzenia-w-centrum-kultury-w-handen\/#primaryimage"},"image":["https:\/\/instytutpolski.pl\/stockholm\/wp-content\/uploads\/sites\/17\/2023\/09\/Romano-Ilo-fran-Polen-pa-5-Folk-Festival-i-Kungstradgarden-den-14-juni-kl.-2040-2.jpg","https:\/\/instytutpolski.pl\/stockholm\/wp-content\/uploads\/sites\/17\/2023\/09\/Romano-Ilo-fran-Polen-pa-5-Folk-Festival-i-Kungstradgarden-den-14-juni-kl.-2040-2-300x169.jpg","https:\/\/instytutpolski.pl\/stockholm\/wp-content\/uploads\/sites\/17\/2023\/09\/Romano-Ilo-fran-Polen-pa-5-Folk-Festival-i-Kungstradgarden-den-14-juni-kl.-2040-2-1024x577.jpg","https:\/\/instytutpolski.pl\/stockholm\/wp-content\/uploads\/sites\/17\/2023\/09\/Romano-Ilo-fran-Polen-pa-5-Folk-Festival-i-Kungstradgarden-den-14-juni-kl.-2040-2.jpg"],"thumbnailUrl":"https:\/\/instytutpolski.pl\/stockholm\/wp-content\/uploads\/sites\/17\/2023\/09\/Romano-Ilo-fran-Polen-pa-5-Folk-Festival-i-Kungstradgarden-den-14-juni-kl.-2040-2.jpg","datePublished":"2023-09-07T12:59:35+02:00","dateModified":"2023-10-03T11:38:39+02:00","author":{"@id":"https:\/\/instytutpolski.pl\/stockholm\/#\/schema\/person\/866a2c0f4ccf0982a286809684f7bc1e"},"breadcrumb":{"@id":"https:\/\/instytutpolski.pl\/stockholm\/pl\/2023\/09\/07\/polskie-wydarzenia-w-centrum-kultury-w-handen\/#breadcrumb"},"inLanguage":"pl-PL","potentialAction":[{"@type":"ReadAction","target":["https:\/\/instytutpolski.pl\/stockholm\/pl\/2023\/09\/07\/polskie-wydarzenia-w-centrum-kultury-w-handen\/"]}],"@context":"https:\/\/schema.org","startDate":"2023-09-29","endDate":"2023-10-06","eventStatus":"EventScheduled","eventAttendanceMode":"OfflineEventAttendanceMode","location":{"@type":"place","name":"Haninge kulturhus","address":"Haninge kulturhus","geo":{"@type":"GeoCoordinates","latitude":"59.163803745216654","longitude":"18.138119106359635"}},"description":"Film &amp; rozmowa: Podw\u00f3jne \u017cycie Weroniki w re\u017cyserii Krzysztofa Kie\u015blowskiego. Po filmie - rozmowa Marii Pettersson z krytykiem filmowym Wand\u0105 Bendjelloul\nData: 2 pa\u017adziernika\nGodzina: 18.00\nMiejsce: Haninge kulturhus, Auditoriet\nOrganizatorzy: Biblioteka w Handen i Instytut Polski w Sztokholmie\nWystawa oraz workshop plastyczny dla dzieci\nWystawa sk\u0142ada si\u0119 z pi\u0119knych ilustracji czterech artyst\u00f3w zwi\u0105zanych z polsk\u0105 kultur\u0105: Bereniki Ko\u0142omyckiej, Emilii Dziubak, Jenny Berggren oraz Zbigniewa Lengrena! Warsztat, podczas kt\u00f3rego mo\u017cna eksperymentowa\u0107 z r\u00f3\u017cnymi technikami plastycznymi przeznaczony jest dla dzieci w wieku 10 \u2013 14 lat.\nData: 4 pa\u017adziernika\nGodzina: 14.00-17.00\nMiejsce: Biblioteket i Handen och konstverkstan i Haninge kulturhus\nOrganizatorzy: Centrum Kultury Haninge (Haninge kulturhus), Biblioteka w Handen i Instytut Polski w Sztokholmie\nBio Tittelitut pokazuje polskie kresk\u00f3wki dla dzieci\nPokaz polskich bajek ze Studia Film\u00f3w Rysunkowych w Bielsko-Bia\u0142ej dla dzieci w wieku od 3 lat:\nOdcinek pt. \u201ePiraci rzeczni\u201d z serialu animowanego \u201ePrzygody B\u0142\u0119kitnego Rycerzyka\u201d), w re\u017cyserii W\u0142adys\u0142awa Nehrebeckiego, 1965, czas trwania: 10\u2032 44\u2033 \nOdcinek pt. \u201dReksio piel\u0119gniarz\u201d ze s\u0142ynnego serialu animowanego \u201dReksio\u201d, w re\u017cyserii Lechos\u0142awa Marsza\u0142ka, 1973, czas trwania: 10\u2032 34\u2033\nOdcinek pt. \u201dReksio i jamnik\u201d z serialu \u201dReksio\u201d, w re\u017cyserii Lechos\u0142awa Marsza\u0142ka, 1978, czas trwania: 08\u2032 35\u2033\nData: 6 pa\u017adziernika\nCzas: 10.00-10.30\nMiejsce: Centrum Kultury Haninge (Haninge kulturhus, K-bl\u00e5)\nOrganizatorzy: Biblioteka w Handen i Instytut Polski w Sztokholmie\nFilm \u201eKobieta na dachu\u201d i rozmowa z re\u017cyserk\u0105 Ann\u0105 Jadowsk\u0105 \u2013 w ramach festiwalu KINOTEKA STOCKHOLM.\nMira wstaje wcze\u015bnie rano, rozwiesza pranie, gotuje obiad, kupuje pokarm dla rybek i\u2026 z no\u017cem kuchennym napada na bank. Desperacki krok pozwala jej spojrze\u0107 na swoje \u017cycie z innej perspektywy. Czy nadal jest w stanie dokona\u0107 zmian w swoim \u017cyciu?\nPo filmie zapraszamy na rozmow\u0119 Wandy Bendjelloul z Ann\u0105 Jadowsk\u0105, re\u017cyserk\u0105 filmu.\nDarmowe wej\u015bcie, ograniczona ilo\u015b\u0107 miejsc. Odbierz bilet w kasie w Bibliotece w Handen.\nData: 6 pa\u017adziernika\nPokaz filmu: 18.00 (recepcja od 17.30)\nMiejsce: Haninge kulturhus, Auditoriet\nOrganizatorzy: Biblioteka w Handen i Instytut Polski w Sztokholmie"},{"@type":"ImageObject","inLanguage":"pl-PL","@id":"https:\/\/instytutpolski.pl\/stockholm\/pl\/2023\/09\/07\/polskie-wydarzenia-w-centrum-kultury-w-handen\/#primaryimage","url":"https:\/\/instytutpolski.pl\/stockholm\/wp-content\/uploads\/sites\/17\/2023\/09\/Romano-Ilo-fran-Polen-pa-5-Folk-Festival-i-Kungstradgarden-den-14-juni-kl.-2040-2.jpg","contentUrl":"https:\/\/instytutpolski.pl\/stockholm\/wp-content\/uploads\/sites\/17\/2023\/09\/Romano-Ilo-fran-Polen-pa-5-Folk-Festival-i-Kungstradgarden-den-14-juni-kl.-2040-2.jpg","width":1640,"height":924},{"@type":"BreadcrumbList","@id":"https:\/\/instytutpolski.pl\/stockholm\/pl\/2023\/09\/07\/polskie-wydarzenia-w-centrum-kultury-w-handen\/#breadcrumb","itemListElement":[{"@type":"ListItem","position":1,"name":"Home","item":"https:\/\/instytutpolski.pl\/stockholm\/"},{"@type":"ListItem","position":2,"name":"POLSKIE WYDARZENIA W CENTRUM KULTURY W HANDEN"}]},{"@type":"WebSite","@id":"https:\/\/instytutpolski.pl\/stockholm\/#website","url":"https:\/\/instytutpolski.pl\/stockholm\/","name":"Instytut Polski w Sztokholmie","description":"Instytuty Polskie","potentialAction":[{"@type":"SearchAction","target":{"@type":"EntryPoint","urlTemplate":"https:\/\/instytutpolski.pl\/stockholm\/?s={search_term_string}"},"query-input":{"@type":"PropertyValueSpecification","valueRequired":true,"valueName":"search_term_string"}}],"inLanguage":"pl-PL"},{"@type":"Person","@id":"https:\/\/instytutpolski.pl\/stockholm\/#\/schema\/person\/866a2c0f4ccf0982a286809684f7bc1e","name":"treichelp","image":{"@type":"ImageObject","inLanguage":"pl-PL","@id":"https:\/\/instytutpolski.pl\/stockholm\/#\/schema\/person\/image\/","url":"https:\/\/secure.gravatar.com\/avatar\/fb2c1caae0df0854742a56fc463dd1fb?s=96&d=mm&r=g","contentUrl":"https:\/\/secure.gravatar.com\/avatar\/fb2c1caae0df0854742a56fc463dd1fb?s=96&d=mm&r=g","caption":"treichelp"},"url":"https:\/\/instytutpolski.pl\/stockholm\/author\/treichelp\/"}]}},"_links":{"self":[{"href":"https:\/\/instytutpolski.pl\/stockholm\/wp-json\/wp\/v2\/posts\/11579","targetHints":{"allow":["GET"]}}],"collection":[{"href":"https:\/\/instytutpolski.pl\/stockholm\/wp-json\/wp\/v2\/posts"}],"about":[{"href":"https:\/\/instytutpolski.pl\/stockholm\/wp-json\/wp\/v2\/types\/post"}],"author":[{"embeddable":true,"href":"https:\/\/instytutpolski.pl\/stockholm\/wp-json\/wp\/v2\/users\/173"}],"replies":[{"embeddable":true,"href":"https:\/\/instytutpolski.pl\/stockholm\/wp-json\/wp\/v2\/comments?post=11579"}],"version-history":[{"count":4,"href":"https:\/\/instytutpolski.pl\/stockholm\/wp-json\/wp\/v2\/posts\/11579\/revisions"}],"predecessor-version":[{"id":11592,"href":"https:\/\/instytutpolski.pl\/stockholm\/wp-json\/wp\/v2\/posts\/11579\/revisions\/11592"}],"wp:featuredmedia":[{"embeddable":true,"href":"https:\/\/instytutpolski.pl\/stockholm\/wp-json\/wp\/v2\/media\/11473"}],"wp:attachment":[{"href":"https:\/\/instytutpolski.pl\/stockholm\/wp-json\/wp\/v2\/media?parent=11579"}],"wp:term":[{"taxonomy":"category","embeddable":true,"href":"https:\/\/instytutpolski.pl\/stockholm\/wp-json\/wp\/v2\/categories?post=11579"},{"taxonomy":"post_tag","embeddable":true,"href":"https:\/\/instytutpolski.pl\/stockholm\/wp-json\/wp\/v2\/tags?post=11579"}],"curies":[{"name":"wp","href":"https:\/\/api.w.org\/{rel}","templated":true}]}}