{"id":11642,"date":"2023-10-10T11:28:38","date_gmt":"2023-10-10T09:28:38","guid":{"rendered":"https:\/\/instytutpolski.pl\/stockholm\/?p=11642"},"modified":"2023-10-10T11:33:09","modified_gmt":"2023-10-10T09:33:09","slug":"fotoreportaz-polskie-akcenty-na-targach-ksiazki-2023-w-goteborgu","status":"publish","type":"post","link":"https:\/\/instytutpolski.pl\/stockholm\/pl\/2023\/10\/10\/fotoreportaz-polskie-akcenty-na-targach-ksiazki-2023-w-goteborgu\/","title":{"rendered":"Fotoreporta\u017c: Polskie akcenty na Targach Ksi\u0105\u017cki 2023 w G\u00f6teborgu"},"content":{"rendered":"\n<p>Polski poeta i autor powie\u015bci Piotr Fiedler wzi\u0105\u0142 udzia\u0142 w seminarium po\u015bwi\u0119conym metropoliom europejskim, gdzie opowiedzia\u0142 m.in. o roli jak\u0105 stolica Polski gra w jego debiucie prozatorskim, pt. \u201eCzu\u0142o\u015b\u0107\u201d, prze\u0142o\u017conym na j\u0119zyk szwedzki przez t\u0142umaczk\u0119 Patrici\u0119 Cukrowsk\u0105 i wydanym przez wydawnictwo Prosak f\u00f6rlag (2023). Ponadto, Piotr przeczyta\u0142 kilka swoich wierszy na scenie Rum f\u00f6r poesi (pl. pok\u00f3j poezji) oraz dyskutowa\u0142 ze swoj\u0105 t\u0142umaczk\u0105 Patrici\u0105 Cukrowsk\u0105 na stoisku EUNIC Caf\u00e9 Europa na temat brzydkich s\u0142\u00f3w w literaturze pi\u0119knej.&nbsp;<\/p>\n\n\n\n<p>W rozmowie z dziennikarzem Svante Weyler, polski pisarz i publicysta Miko\u0142aj \u0141ozi\u0144ski opowiedzia\u0142 o swojej ksi\u0105\u017cce \u201eStramer\u201d, kt\u00f3ra uka\u017ce si\u0119 w szwedzkim przek\u0142adzie ju\u017c w 2024 roku, a tak\u017ce o swoich \u017cydowskich korzeniach i ich wp\u0142ywie na jego to\u017csamo\u015b\u0107.<\/p>\n\n\n\n<p>W ramach Targ\u00f3w Ksi\u0105\u017cki po raz pierwszy zaprezentowano tak\u017ce wydanie ksi\u0105\u017cki \u201eZeszyt z wierszami z Auschwitz\u201d (2023, Pa\u0144stwowe Muzeum Auschwitz Birkenau) i w zwi\u0105zku z tym, Instytut Polski, we wsp\u00f3\u0142pracy z Pa\u0144stwowym Muzeum Auschwitz Birkenau oraz Judisk Kultur i Sverige, zorganizowa\u0142 m.in. rozmowy na scenie EUNIC Caf\u00e9 Europa z udzia\u0142em dyrektora instytutu Paw\u0142a Ruszkiewicza, prof. Adama Zdunka oraz dyrektora muzeum Piotra Cywi\u0144skiego. Ponadto, na scenie kultury \u017cydowskiej zosta\u0142y odczytane wybrane wiersze z zeszytu w j\u0119zyku polskim, szwedzkim i angielskim przez aktorki Sar\u0119 Sommerfeld oraz Ma\u0142gorzat\u0119 Pieczy\u0144sk\u0105. Serdecznie dzi\u0119kujemy wszystkim, kt\u00f3rzy przyczynili si\u0119 do powstania ksi\u0105\u017cki! Szczeg\u00f3lne podzi\u0119kowania nale\u017c\u0105 si\u0119 dyrektorowi Muzeum Auschwitz Piotrowi Cywi\u0144skiemu, redaktorce ksi\u0105\u017cki Jadwidze Pinderskiej-Lech, wsp\u00f3\u0142autorom: prof. Bogus\u0142awowi Adamowi Zdunekowi, Joannie Ziembi\u0144skiej-Kurek oraz Wandzie Witek-Malickiej, t\u0142umaczom: Tomasowi H\u00e5kansonowi i Justynie \u200b\u200bMatkowskiej, a tak\u017ce projektantce sk\u0142adu i ok\u0142adki Katarzynie Krawczyk. W Szwecji planowane s\u0105 kolejne wydarzenia wok\u00f3\u0142 ksi\u0105\u017cki, o wszystkich nowych inicjatywach zwi\u0105zanych z t\u0105 tematyk\u0105 b\u0119dziemy informowa\u0107 w mediach spo\u0142eczno\u015bciowych Instytutu.<\/p>\n\n\n\n<p>Raz jeszcze dzi\u0119kujemy naszym nieocenionym partnerom: Prosak f\u00f6rlag, EUNIC Stockholm i Miejsce Pami\u0119ci Auschwitz\/Muzeum Auschwitz, oraz Ambasador Joannie Hofman i ca\u0142ej Ambasadzie RP za wsparcie podczas tegorocznych Targ\u00f3w Ksi\u0105\u017cki!<\/p>\n\n\n\n<pre class=\"wp-block-verse\"><\/pre>\n\n\n\n<figure class=\"wp-block-gallery has-nested-images columns-default is-cropped wp-block-gallery-1 is-layout-flex wp-block-gallery-is-layout-flex\">\n<figure class=\"wp-block-image size-large\"><img loading=\"lazy\" decoding=\"async\" width=\"1200\" height=\"1600\" data-id=\"11604\" src=\"https:\/\/instytutpolski.pl\/stockholm\/wp-content\/uploads\/sites\/17\/2023\/10\/815c4811-c24c-4e6b-983e-54e9cdbaac99.jpg\" alt=\"\" class=\"wp-image-11604\" srcset=\"https:\/\/instytutpolski.pl\/stockholm\/wp-content\/uploads\/sites\/17\/2023\/10\/815c4811-c24c-4e6b-983e-54e9cdbaac99.jpg 1200w, https:\/\/instytutpolski.pl\/stockholm\/wp-content\/uploads\/sites\/17\/2023\/10\/815c4811-c24c-4e6b-983e-54e9cdbaac99-225x300.jpg 225w, https:\/\/instytutpolski.pl\/stockholm\/wp-content\/uploads\/sites\/17\/2023\/10\/815c4811-c24c-4e6b-983e-54e9cdbaac99-768x1024.jpg 768w, https:\/\/instytutpolski.pl\/stockholm\/wp-content\/uploads\/sites\/17\/2023\/10\/815c4811-c24c-4e6b-983e-54e9cdbaac99-1152x1536.jpg 1152w\" sizes=\"auto, (max-width: 1200px) 100vw, 1200px\" \/><\/figure>\n\n\n\n<figure class=\"wp-block-image size-large\"><img loading=\"lazy\" decoding=\"async\" width=\"2560\" height=\"1920\" data-id=\"11607\" src=\"https:\/\/instytutpolski.pl\/stockholm\/wp-content\/uploads\/sites\/17\/2023\/10\/IMG_8284-scaled.jpg\" alt=\"\" class=\"wp-image-11607\" srcset=\"https:\/\/instytutpolski.pl\/stockholm\/wp-content\/uploads\/sites\/17\/2023\/10\/IMG_8284-scaled.jpg 2560w, https:\/\/instytutpolski.pl\/stockholm\/wp-content\/uploads\/sites\/17\/2023\/10\/IMG_8284-300x225.jpg 300w, https:\/\/instytutpolski.pl\/stockholm\/wp-content\/uploads\/sites\/17\/2023\/10\/IMG_8284-1024x768.jpg 1024w, https:\/\/instytutpolski.pl\/stockholm\/wp-content\/uploads\/sites\/17\/2023\/10\/IMG_8284-768x576.jpg 768w, https:\/\/instytutpolski.pl\/stockholm\/wp-content\/uploads\/sites\/17\/2023\/10\/IMG_8284-1536x1152.jpg 1536w, https:\/\/instytutpolski.pl\/stockholm\/wp-content\/uploads\/sites\/17\/2023\/10\/IMG_8284-2048x1536.jpg 2048w\" sizes=\"auto, (max-width: 2560px) 100vw, 2560px\" \/><\/figure>\n\n\n\n<figure class=\"wp-block-image size-large\"><img loading=\"lazy\" decoding=\"async\" width=\"1200\" height=\"1600\" data-id=\"11605\" src=\"https:\/\/instytutpolski.pl\/stockholm\/wp-content\/uploads\/sites\/17\/2023\/10\/19953fab-3b95-460e-80f2-092edee45c28.jpg\" alt=\"\" class=\"wp-image-11605\" srcset=\"https:\/\/instytutpolski.pl\/stockholm\/wp-content\/uploads\/sites\/17\/2023\/10\/19953fab-3b95-460e-80f2-092edee45c28.jpg 1200w, https:\/\/instytutpolski.pl\/stockholm\/wp-content\/uploads\/sites\/17\/2023\/10\/19953fab-3b95-460e-80f2-092edee45c28-225x300.jpg 225w, https:\/\/instytutpolski.pl\/stockholm\/wp-content\/uploads\/sites\/17\/2023\/10\/19953fab-3b95-460e-80f2-092edee45c28-768x1024.jpg 768w, https:\/\/instytutpolski.pl\/stockholm\/wp-content\/uploads\/sites\/17\/2023\/10\/19953fab-3b95-460e-80f2-092edee45c28-1152x1536.jpg 1152w\" sizes=\"auto, (max-width: 1200px) 100vw, 1200px\" \/><\/figure>\n\n\n\n<figure class=\"wp-block-image size-large\"><img loading=\"lazy\" decoding=\"async\" width=\"1920\" height=\"2560\" data-id=\"11609\" src=\"https:\/\/instytutpolski.pl\/stockholm\/wp-content\/uploads\/sites\/17\/2023\/10\/IMG_8304-scaled.jpg\" alt=\"\" class=\"wp-image-11609\" srcset=\"https:\/\/instytutpolski.pl\/stockholm\/wp-content\/uploads\/sites\/17\/2023\/10\/IMG_8304-scaled.jpg 1920w, https:\/\/instytutpolski.pl\/stockholm\/wp-content\/uploads\/sites\/17\/2023\/10\/IMG_8304-225x300.jpg 225w, https:\/\/instytutpolski.pl\/stockholm\/wp-content\/uploads\/sites\/17\/2023\/10\/IMG_8304-768x1024.jpg 768w, https:\/\/instytutpolski.pl\/stockholm\/wp-content\/uploads\/sites\/17\/2023\/10\/IMG_8304-1152x1536.jpg 1152w, https:\/\/instytutpolski.pl\/stockholm\/wp-content\/uploads\/sites\/17\/2023\/10\/IMG_8304-1536x2048.jpg 1536w\" sizes=\"auto, (max-width: 1920px) 100vw, 1920px\" \/><\/figure>\n\n\n\n<figure class=\"wp-block-image size-large\"><img loading=\"lazy\" decoding=\"async\" width=\"1920\" height=\"2560\" data-id=\"11608\" src=\"https:\/\/instytutpolski.pl\/stockholm\/wp-content\/uploads\/sites\/17\/2023\/10\/IMG_8298-scaled.jpg\" alt=\"\" class=\"wp-image-11608\" srcset=\"https:\/\/instytutpolski.pl\/stockholm\/wp-content\/uploads\/sites\/17\/2023\/10\/IMG_8298-scaled.jpg 1920w, https:\/\/instytutpolski.pl\/stockholm\/wp-content\/uploads\/sites\/17\/2023\/10\/IMG_8298-225x300.jpg 225w, https:\/\/instytutpolski.pl\/stockholm\/wp-content\/uploads\/sites\/17\/2023\/10\/IMG_8298-768x1024.jpg 768w, https:\/\/instytutpolski.pl\/stockholm\/wp-content\/uploads\/sites\/17\/2023\/10\/IMG_8298-1152x1536.jpg 1152w, https:\/\/instytutpolski.pl\/stockholm\/wp-content\/uploads\/sites\/17\/2023\/10\/IMG_8298-1536x2048.jpg 1536w\" sizes=\"auto, (max-width: 1920px) 100vw, 1920px\" \/><\/figure>\n\n\n\n<figure class=\"wp-block-image size-large\"><img loading=\"lazy\" decoding=\"async\" width=\"1920\" height=\"2560\" data-id=\"11610\" src=\"https:\/\/instytutpolski.pl\/stockholm\/wp-content\/uploads\/sites\/17\/2023\/10\/IMG_8306-scaled.jpg\" alt=\"\" class=\"wp-image-11610\" srcset=\"https:\/\/instytutpolski.pl\/stockholm\/wp-content\/uploads\/sites\/17\/2023\/10\/IMG_8306-scaled.jpg 1920w, https:\/\/instytutpolski.pl\/stockholm\/wp-content\/uploads\/sites\/17\/2023\/10\/IMG_8306-225x300.jpg 225w, https:\/\/instytutpolski.pl\/stockholm\/wp-content\/uploads\/sites\/17\/2023\/10\/IMG_8306-768x1024.jpg 768w, https:\/\/instytutpolski.pl\/stockholm\/wp-content\/uploads\/sites\/17\/2023\/10\/IMG_8306-1152x1536.jpg 1152w, https:\/\/instytutpolski.pl\/stockholm\/wp-content\/uploads\/sites\/17\/2023\/10\/IMG_8306-1536x2048.jpg 1536w\" sizes=\"auto, (max-width: 1920px) 100vw, 1920px\" \/><\/figure>\n\n\n\n<figure class=\"wp-block-image size-large\"><img loading=\"lazy\" decoding=\"async\" width=\"1920\" height=\"2560\" data-id=\"11612\" src=\"https:\/\/instytutpolski.pl\/stockholm\/wp-content\/uploads\/sites\/17\/2023\/10\/IMG_8366-scaled.jpg\" alt=\"\" class=\"wp-image-11612\" srcset=\"https:\/\/instytutpolski.pl\/stockholm\/wp-content\/uploads\/sites\/17\/2023\/10\/IMG_8366-scaled.jpg 1920w, https:\/\/instytutpolski.pl\/stockholm\/wp-content\/uploads\/sites\/17\/2023\/10\/IMG_8366-225x300.jpg 225w, https:\/\/instytutpolski.pl\/stockholm\/wp-content\/uploads\/sites\/17\/2023\/10\/IMG_8366-768x1024.jpg 768w, https:\/\/instytutpolski.pl\/stockholm\/wp-content\/uploads\/sites\/17\/2023\/10\/IMG_8366-1152x1536.jpg 1152w, https:\/\/instytutpolski.pl\/stockholm\/wp-content\/uploads\/sites\/17\/2023\/10\/IMG_8366-1536x2048.jpg 1536w\" sizes=\"auto, (max-width: 1920px) 100vw, 1920px\" \/><\/figure>\n\n\n\n<figure class=\"wp-block-image size-large\"><img loading=\"lazy\" decoding=\"async\" width=\"1920\" height=\"2560\" data-id=\"11613\" src=\"https:\/\/instytutpolski.pl\/stockholm\/wp-content\/uploads\/sites\/17\/2023\/10\/IMG_8374-scaled.jpg\" alt=\"\" class=\"wp-image-11613\" srcset=\"https:\/\/instytutpolski.pl\/stockholm\/wp-content\/uploads\/sites\/17\/2023\/10\/IMG_8374-scaled.jpg 1920w, https:\/\/instytutpolski.pl\/stockholm\/wp-content\/uploads\/sites\/17\/2023\/10\/IMG_8374-225x300.jpg 225w, https:\/\/instytutpolski.pl\/stockholm\/wp-content\/uploads\/sites\/17\/2023\/10\/IMG_8374-768x1024.jpg 768w, https:\/\/instytutpolski.pl\/stockholm\/wp-content\/uploads\/sites\/17\/2023\/10\/IMG_8374-1152x1536.jpg 1152w, https:\/\/instytutpolski.pl\/stockholm\/wp-content\/uploads\/sites\/17\/2023\/10\/IMG_8374-1536x2048.jpg 1536w\" sizes=\"auto, (max-width: 1920px) 100vw, 1920px\" \/><\/figure>\n\n\n\n<figure class=\"wp-block-image size-large\"><img loading=\"lazy\" decoding=\"async\" width=\"1920\" height=\"2560\" data-id=\"11614\" src=\"https:\/\/instytutpolski.pl\/stockholm\/wp-content\/uploads\/sites\/17\/2023\/10\/IMG_8390-scaled.jpg\" alt=\"\" class=\"wp-image-11614\" srcset=\"https:\/\/instytutpolski.pl\/stockholm\/wp-content\/uploads\/sites\/17\/2023\/10\/IMG_8390-scaled.jpg 1920w, https:\/\/instytutpolski.pl\/stockholm\/wp-content\/uploads\/sites\/17\/2023\/10\/IMG_8390-225x300.jpg 225w, https:\/\/instytutpolski.pl\/stockholm\/wp-content\/uploads\/sites\/17\/2023\/10\/IMG_8390-768x1024.jpg 768w, https:\/\/instytutpolski.pl\/stockholm\/wp-content\/uploads\/sites\/17\/2023\/10\/IMG_8390-1152x1536.jpg 1152w, https:\/\/instytutpolski.pl\/stockholm\/wp-content\/uploads\/sites\/17\/2023\/10\/IMG_8390-1536x2048.jpg 1536w\" sizes=\"auto, (max-width: 1920px) 100vw, 1920px\" \/><\/figure>\n\n\n\n<figure class=\"wp-block-image size-large\"><img loading=\"lazy\" decoding=\"async\" width=\"2560\" height=\"1920\" data-id=\"11611\" src=\"https:\/\/instytutpolski.pl\/stockholm\/wp-content\/uploads\/sites\/17\/2023\/10\/IMG_8318-scaled.jpg\" alt=\"\" class=\"wp-image-11611\" srcset=\"https:\/\/instytutpolski.pl\/stockholm\/wp-content\/uploads\/sites\/17\/2023\/10\/IMG_8318-scaled.jpg 2560w, https:\/\/instytutpolski.pl\/stockholm\/wp-content\/uploads\/sites\/17\/2023\/10\/IMG_8318-300x225.jpg 300w, https:\/\/instytutpolski.pl\/stockholm\/wp-content\/uploads\/sites\/17\/2023\/10\/IMG_8318-1024x768.jpg 1024w, https:\/\/instytutpolski.pl\/stockholm\/wp-content\/uploads\/sites\/17\/2023\/10\/IMG_8318-768x576.jpg 768w, https:\/\/instytutpolski.pl\/stockholm\/wp-content\/uploads\/sites\/17\/2023\/10\/IMG_8318-1536x1152.jpg 1536w, https:\/\/instytutpolski.pl\/stockholm\/wp-content\/uploads\/sites\/17\/2023\/10\/IMG_8318-2048x1536.jpg 2048w\" sizes=\"auto, (max-width: 2560px) 100vw, 2560px\" \/><\/figure>\n\n\n\n<figure class=\"wp-block-image size-large\"><img loading=\"lazy\" decoding=\"async\" width=\"2560\" height=\"1920\" data-id=\"11619\" src=\"https:\/\/instytutpolski.pl\/stockholm\/wp-content\/uploads\/sites\/17\/2023\/10\/IMG_8510-scaled.jpg\" alt=\"\" class=\"wp-image-11619\" srcset=\"https:\/\/instytutpolski.pl\/stockholm\/wp-content\/uploads\/sites\/17\/2023\/10\/IMG_8510-scaled.jpg 2560w, https:\/\/instytutpolski.pl\/stockholm\/wp-content\/uploads\/sites\/17\/2023\/10\/IMG_8510-300x225.jpg 300w, https:\/\/instytutpolski.pl\/stockholm\/wp-content\/uploads\/sites\/17\/2023\/10\/IMG_8510-1024x768.jpg 1024w, https:\/\/instytutpolski.pl\/stockholm\/wp-content\/uploads\/sites\/17\/2023\/10\/IMG_8510-768x576.jpg 768w, https:\/\/instytutpolski.pl\/stockholm\/wp-content\/uploads\/sites\/17\/2023\/10\/IMG_8510-1536x1152.jpg 1536w, https:\/\/instytutpolski.pl\/stockholm\/wp-content\/uploads\/sites\/17\/2023\/10\/IMG_8510-2048x1536.jpg 2048w\" sizes=\"auto, (max-width: 2560px) 100vw, 2560px\" \/><\/figure>\n\n\n\n<figure class=\"wp-block-image size-large\"><img loading=\"lazy\" decoding=\"async\" width=\"2560\" height=\"1920\" data-id=\"11615\" src=\"https:\/\/instytutpolski.pl\/stockholm\/wp-content\/uploads\/sites\/17\/2023\/10\/IMG_8428-scaled.jpg\" alt=\"\" class=\"wp-image-11615\" srcset=\"https:\/\/instytutpolski.pl\/stockholm\/wp-content\/uploads\/sites\/17\/2023\/10\/IMG_8428-scaled.jpg 2560w, https:\/\/instytutpolski.pl\/stockholm\/wp-content\/uploads\/sites\/17\/2023\/10\/IMG_8428-300x225.jpg 300w, https:\/\/instytutpolski.pl\/stockholm\/wp-content\/uploads\/sites\/17\/2023\/10\/IMG_8428-1024x768.jpg 1024w, https:\/\/instytutpolski.pl\/stockholm\/wp-content\/uploads\/sites\/17\/2023\/10\/IMG_8428-768x576.jpg 768w, https:\/\/instytutpolski.pl\/stockholm\/wp-content\/uploads\/sites\/17\/2023\/10\/IMG_8428-1536x1152.jpg 1536w, https:\/\/instytutpolski.pl\/stockholm\/wp-content\/uploads\/sites\/17\/2023\/10\/IMG_8428-2048x1536.jpg 2048w\" sizes=\"auto, (max-width: 2560px) 100vw, 2560px\" \/><\/figure>\n\n\n\n<figure class=\"wp-block-image size-large\"><img loading=\"lazy\" decoding=\"async\" width=\"2560\" height=\"1920\" data-id=\"11617\" src=\"https:\/\/instytutpolski.pl\/stockholm\/wp-content\/uploads\/sites\/17\/2023\/10\/IMG_8449-scaled.jpg\" alt=\"\" class=\"wp-image-11617\" srcset=\"https:\/\/instytutpolski.pl\/stockholm\/wp-content\/uploads\/sites\/17\/2023\/10\/IMG_8449-scaled.jpg 2560w, https:\/\/instytutpolski.pl\/stockholm\/wp-content\/uploads\/sites\/17\/2023\/10\/IMG_8449-300x225.jpg 300w, https:\/\/instytutpolski.pl\/stockholm\/wp-content\/uploads\/sites\/17\/2023\/10\/IMG_8449-1024x768.jpg 1024w, https:\/\/instytutpolski.pl\/stockholm\/wp-content\/uploads\/sites\/17\/2023\/10\/IMG_8449-768x576.jpg 768w, https:\/\/instytutpolski.pl\/stockholm\/wp-content\/uploads\/sites\/17\/2023\/10\/IMG_8449-1536x1152.jpg 1536w, https:\/\/instytutpolski.pl\/stockholm\/wp-content\/uploads\/sites\/17\/2023\/10\/IMG_8449-2048x1536.jpg 2048w\" sizes=\"auto, (max-width: 2560px) 100vw, 2560px\" \/><\/figure>\n\n\n\n<figure class=\"wp-block-image size-large\"><img loading=\"lazy\" decoding=\"async\" width=\"2560\" height=\"1920\" data-id=\"11618\" src=\"https:\/\/instytutpolski.pl\/stockholm\/wp-content\/uploads\/sites\/17\/2023\/10\/IMG_8491-scaled.jpg\" alt=\"\" class=\"wp-image-11618\" srcset=\"https:\/\/instytutpolski.pl\/stockholm\/wp-content\/uploads\/sites\/17\/2023\/10\/IMG_8491-scaled.jpg 2560w, https:\/\/instytutpolski.pl\/stockholm\/wp-content\/uploads\/sites\/17\/2023\/10\/IMG_8491-300x225.jpg 300w, https:\/\/instytutpolski.pl\/stockholm\/wp-content\/uploads\/sites\/17\/2023\/10\/IMG_8491-1024x768.jpg 1024w, https:\/\/instytutpolski.pl\/stockholm\/wp-content\/uploads\/sites\/17\/2023\/10\/IMG_8491-768x576.jpg 768w, https:\/\/instytutpolski.pl\/stockholm\/wp-content\/uploads\/sites\/17\/2023\/10\/IMG_8491-1536x1152.jpg 1536w, https:\/\/instytutpolski.pl\/stockholm\/wp-content\/uploads\/sites\/17\/2023\/10\/IMG_8491-2048x1536.jpg 2048w\" sizes=\"auto, (max-width: 2560px) 100vw, 2560px\" \/><\/figure>\n\n\n\n<figure class=\"wp-block-image size-large\"><img loading=\"lazy\" decoding=\"async\" width=\"1920\" height=\"2560\" data-id=\"11616\" src=\"https:\/\/instytutpolski.pl\/stockholm\/wp-content\/uploads\/sites\/17\/2023\/10\/IMG_8430-scaled.jpg\" alt=\"\" class=\"wp-image-11616\" srcset=\"https:\/\/instytutpolski.pl\/stockholm\/wp-content\/uploads\/sites\/17\/2023\/10\/IMG_8430-scaled.jpg 1920w, https:\/\/instytutpolski.pl\/stockholm\/wp-content\/uploads\/sites\/17\/2023\/10\/IMG_8430-225x300.jpg 225w, https:\/\/instytutpolski.pl\/stockholm\/wp-content\/uploads\/sites\/17\/2023\/10\/IMG_8430-768x1024.jpg 768w, https:\/\/instytutpolski.pl\/stockholm\/wp-content\/uploads\/sites\/17\/2023\/10\/IMG_8430-1152x1536.jpg 1152w, https:\/\/instytutpolski.pl\/stockholm\/wp-content\/uploads\/sites\/17\/2023\/10\/IMG_8430-1536x2048.jpg 1536w\" sizes=\"auto, (max-width: 1920px) 100vw, 1920px\" \/><\/figure>\n\n\n\n<figure class=\"wp-block-image size-large\"><img loading=\"lazy\" decoding=\"async\" width=\"2560\" height=\"1920\" data-id=\"11621\" src=\"https:\/\/instytutpolski.pl\/stockholm\/wp-content\/uploads\/sites\/17\/2023\/10\/IMG_8557-scaled.jpg\" alt=\"\" class=\"wp-image-11621\" srcset=\"https:\/\/instytutpolski.pl\/stockholm\/wp-content\/uploads\/sites\/17\/2023\/10\/IMG_8557-scaled.jpg 2560w, https:\/\/instytutpolski.pl\/stockholm\/wp-content\/uploads\/sites\/17\/2023\/10\/IMG_8557-300x225.jpg 300w, https:\/\/instytutpolski.pl\/stockholm\/wp-content\/uploads\/sites\/17\/2023\/10\/IMG_8557-1024x768.jpg 1024w, https:\/\/instytutpolski.pl\/stockholm\/wp-content\/uploads\/sites\/17\/2023\/10\/IMG_8557-768x576.jpg 768w, https:\/\/instytutpolski.pl\/stockholm\/wp-content\/uploads\/sites\/17\/2023\/10\/IMG_8557-1536x1152.jpg 1536w, https:\/\/instytutpolski.pl\/stockholm\/wp-content\/uploads\/sites\/17\/2023\/10\/IMG_8557-2048x1536.jpg 2048w\" sizes=\"auto, (max-width: 2560px) 100vw, 2560px\" \/><\/figure>\n\n\n\n<figure class=\"wp-block-image size-large\"><img loading=\"lazy\" decoding=\"async\" width=\"2560\" height=\"1920\" data-id=\"11620\" src=\"https:\/\/instytutpolski.pl\/stockholm\/wp-content\/uploads\/sites\/17\/2023\/10\/IMG_8535-scaled.jpg\" alt=\"\" class=\"wp-image-11620\" srcset=\"https:\/\/instytutpolski.pl\/stockholm\/wp-content\/uploads\/sites\/17\/2023\/10\/IMG_8535-scaled.jpg 2560w, https:\/\/instytutpolski.pl\/stockholm\/wp-content\/uploads\/sites\/17\/2023\/10\/IMG_8535-300x225.jpg 300w, https:\/\/instytutpolski.pl\/stockholm\/wp-content\/uploads\/sites\/17\/2023\/10\/IMG_8535-1024x768.jpg 1024w, https:\/\/instytutpolski.pl\/stockholm\/wp-content\/uploads\/sites\/17\/2023\/10\/IMG_8535-768x576.jpg 768w, https:\/\/instytutpolski.pl\/stockholm\/wp-content\/uploads\/sites\/17\/2023\/10\/IMG_8535-1536x1152.jpg 1536w, https:\/\/instytutpolski.pl\/stockholm\/wp-content\/uploads\/sites\/17\/2023\/10\/IMG_8535-2048x1536.jpg 2048w\" sizes=\"auto, (max-width: 2560px) 100vw, 2560px\" \/><\/figure>\n\n\n\n<figure class=\"wp-block-image size-large\"><img loading=\"lazy\" decoding=\"async\" width=\"2560\" height=\"1920\" data-id=\"11623\" src=\"https:\/\/instytutpolski.pl\/stockholm\/wp-content\/uploads\/sites\/17\/2023\/10\/IMG_8590-scaled.jpg\" alt=\"\" class=\"wp-image-11623\" srcset=\"https:\/\/instytutpolski.pl\/stockholm\/wp-content\/uploads\/sites\/17\/2023\/10\/IMG_8590-scaled.jpg 2560w, https:\/\/instytutpolski.pl\/stockholm\/wp-content\/uploads\/sites\/17\/2023\/10\/IMG_8590-300x225.jpg 300w, https:\/\/instytutpolski.pl\/stockholm\/wp-content\/uploads\/sites\/17\/2023\/10\/IMG_8590-1024x768.jpg 1024w, https:\/\/instytutpolski.pl\/stockholm\/wp-content\/uploads\/sites\/17\/2023\/10\/IMG_8590-768x576.jpg 768w, https:\/\/instytutpolski.pl\/stockholm\/wp-content\/uploads\/sites\/17\/2023\/10\/IMG_8590-1536x1152.jpg 1536w, https:\/\/instytutpolski.pl\/stockholm\/wp-content\/uploads\/sites\/17\/2023\/10\/IMG_8590-2048x1536.jpg 2048w\" sizes=\"auto, (max-width: 2560px) 100vw, 2560px\" \/><\/figure>\n\n\n\n<figure class=\"wp-block-image size-large\"><img loading=\"lazy\" decoding=\"async\" width=\"1920\" height=\"2560\" data-id=\"11624\" src=\"https:\/\/instytutpolski.pl\/stockholm\/wp-content\/uploads\/sites\/17\/2023\/10\/IMG_8618-scaled.jpg\" alt=\"\" class=\"wp-image-11624\" srcset=\"https:\/\/instytutpolski.pl\/stockholm\/wp-content\/uploads\/sites\/17\/2023\/10\/IMG_8618-scaled.jpg 1920w, https:\/\/instytutpolski.pl\/stockholm\/wp-content\/uploads\/sites\/17\/2023\/10\/IMG_8618-225x300.jpg 225w, https:\/\/instytutpolski.pl\/stockholm\/wp-content\/uploads\/sites\/17\/2023\/10\/IMG_8618-768x1024.jpg 768w, https:\/\/instytutpolski.pl\/stockholm\/wp-content\/uploads\/sites\/17\/2023\/10\/IMG_8618-1152x1536.jpg 1152w, https:\/\/instytutpolski.pl\/stockholm\/wp-content\/uploads\/sites\/17\/2023\/10\/IMG_8618-1536x2048.jpg 1536w\" sizes=\"auto, (max-width: 1920px) 100vw, 1920px\" \/><\/figure>\n\n\n\n<figure class=\"wp-block-image size-large\"><img loading=\"lazy\" decoding=\"async\" width=\"1920\" height=\"2560\" data-id=\"11625\" src=\"https:\/\/instytutpolski.pl\/stockholm\/wp-content\/uploads\/sites\/17\/2023\/10\/IMG_8638-scaled.jpg\" alt=\"\" class=\"wp-image-11625\" srcset=\"https:\/\/instytutpolski.pl\/stockholm\/wp-content\/uploads\/sites\/17\/2023\/10\/IMG_8638-scaled.jpg 1920w, https:\/\/instytutpolski.pl\/stockholm\/wp-content\/uploads\/sites\/17\/2023\/10\/IMG_8638-225x300.jpg 225w, https:\/\/instytutpolski.pl\/stockholm\/wp-content\/uploads\/sites\/17\/2023\/10\/IMG_8638-768x1024.jpg 768w, https:\/\/instytutpolski.pl\/stockholm\/wp-content\/uploads\/sites\/17\/2023\/10\/IMG_8638-1152x1536.jpg 1152w, https:\/\/instytutpolski.pl\/stockholm\/wp-content\/uploads\/sites\/17\/2023\/10\/IMG_8638-1536x2048.jpg 1536w\" sizes=\"auto, (max-width: 1920px) 100vw, 1920px\" \/><\/figure>\n\n\n\n<figure class=\"wp-block-image size-large\"><img loading=\"lazy\" decoding=\"async\" width=\"1953\" height=\"2560\" data-id=\"11626\" src=\"https:\/\/instytutpolski.pl\/stockholm\/wp-content\/uploads\/sites\/17\/2023\/10\/IMG_8648-scaled.jpg\" alt=\"\" class=\"wp-image-11626\" srcset=\"https:\/\/instytutpolski.pl\/stockholm\/wp-content\/uploads\/sites\/17\/2023\/10\/IMG_8648-scaled.jpg 1953w, https:\/\/instytutpolski.pl\/stockholm\/wp-content\/uploads\/sites\/17\/2023\/10\/IMG_8648-229x300.jpg 229w, https:\/\/instytutpolski.pl\/stockholm\/wp-content\/uploads\/sites\/17\/2023\/10\/IMG_8648-781x1024.jpg 781w, https:\/\/instytutpolski.pl\/stockholm\/wp-content\/uploads\/sites\/17\/2023\/10\/IMG_8648-768x1007.jpg 768w, https:\/\/instytutpolski.pl\/stockholm\/wp-content\/uploads\/sites\/17\/2023\/10\/IMG_8648-1172x1536.jpg 1172w, https:\/\/instytutpolski.pl\/stockholm\/wp-content\/uploads\/sites\/17\/2023\/10\/IMG_8648-1562x2048.jpg 1562w\" sizes=\"auto, (max-width: 1953px) 100vw, 1953px\" \/><\/figure>\n\n\n\n<figure class=\"wp-block-image size-large\"><img loading=\"lazy\" decoding=\"async\" width=\"1920\" height=\"2560\" data-id=\"11627\" src=\"https:\/\/instytutpolski.pl\/stockholm\/wp-content\/uploads\/sites\/17\/2023\/10\/IMG_8651-scaled.jpg\" alt=\"\" class=\"wp-image-11627\" srcset=\"https:\/\/instytutpolski.pl\/stockholm\/wp-content\/uploads\/sites\/17\/2023\/10\/IMG_8651-scaled.jpg 1920w, https:\/\/instytutpolski.pl\/stockholm\/wp-content\/uploads\/sites\/17\/2023\/10\/IMG_8651-225x300.jpg 225w, https:\/\/instytutpolski.pl\/stockholm\/wp-content\/uploads\/sites\/17\/2023\/10\/IMG_8651-768x1024.jpg 768w, https:\/\/instytutpolski.pl\/stockholm\/wp-content\/uploads\/sites\/17\/2023\/10\/IMG_8651-1152x1536.jpg 1152w, https:\/\/instytutpolski.pl\/stockholm\/wp-content\/uploads\/sites\/17\/2023\/10\/IMG_8651-1536x2048.jpg 1536w\" sizes=\"auto, (max-width: 1920px) 100vw, 1920px\" \/><\/figure>\n\n\n\n<figure class=\"wp-block-image size-large\"><img loading=\"lazy\" decoding=\"async\" width=\"2560\" height=\"1920\" data-id=\"11628\" src=\"https:\/\/instytutpolski.pl\/stockholm\/wp-content\/uploads\/sites\/17\/2023\/10\/IMG_8671-scaled.jpg\" alt=\"\" class=\"wp-image-11628\" srcset=\"https:\/\/instytutpolski.pl\/stockholm\/wp-content\/uploads\/sites\/17\/2023\/10\/IMG_8671-scaled.jpg 2560w, https:\/\/instytutpolski.pl\/stockholm\/wp-content\/uploads\/sites\/17\/2023\/10\/IMG_8671-300x225.jpg 300w, https:\/\/instytutpolski.pl\/stockholm\/wp-content\/uploads\/sites\/17\/2023\/10\/IMG_8671-1024x768.jpg 1024w, https:\/\/instytutpolski.pl\/stockholm\/wp-content\/uploads\/sites\/17\/2023\/10\/IMG_8671-768x576.jpg 768w, https:\/\/instytutpolski.pl\/stockholm\/wp-content\/uploads\/sites\/17\/2023\/10\/IMG_8671-1536x1152.jpg 1536w, https:\/\/instytutpolski.pl\/stockholm\/wp-content\/uploads\/sites\/17\/2023\/10\/IMG_8671-2048x1536.jpg 2048w\" sizes=\"auto, (max-width: 2560px) 100vw, 2560px\" \/><\/figure>\n\n\n\n<figure class=\"wp-block-image size-large\"><img loading=\"lazy\" decoding=\"async\" width=\"2560\" height=\"1996\" data-id=\"11629\" src=\"https:\/\/instytutpolski.pl\/stockholm\/wp-content\/uploads\/sites\/17\/2023\/10\/IMG_8674-scaled.jpg\" alt=\"\" class=\"wp-image-11629\" srcset=\"https:\/\/instytutpolski.pl\/stockholm\/wp-content\/uploads\/sites\/17\/2023\/10\/IMG_8674-scaled.jpg 2560w, https:\/\/instytutpolski.pl\/stockholm\/wp-content\/uploads\/sites\/17\/2023\/10\/IMG_8674-300x234.jpg 300w, https:\/\/instytutpolski.pl\/stockholm\/wp-content\/uploads\/sites\/17\/2023\/10\/IMG_8674-1024x798.jpg 1024w, https:\/\/instytutpolski.pl\/stockholm\/wp-content\/uploads\/sites\/17\/2023\/10\/IMG_8674-768x599.jpg 768w, https:\/\/instytutpolski.pl\/stockholm\/wp-content\/uploads\/sites\/17\/2023\/10\/IMG_8674-1536x1198.jpg 1536w, https:\/\/instytutpolski.pl\/stockholm\/wp-content\/uploads\/sites\/17\/2023\/10\/IMG_8674-2048x1597.jpg 2048w\" sizes=\"auto, (max-width: 2560px) 100vw, 2560px\" \/><\/figure>\n\n\n\n<figure class=\"wp-block-image size-large\"><img loading=\"lazy\" decoding=\"async\" width=\"1994\" height=\"2560\" data-id=\"11633\" src=\"https:\/\/instytutpolski.pl\/stockholm\/wp-content\/uploads\/sites\/17\/2023\/10\/IMG_8761-scaled.jpg\" alt=\"\" class=\"wp-image-11633\" srcset=\"https:\/\/instytutpolski.pl\/stockholm\/wp-content\/uploads\/sites\/17\/2023\/10\/IMG_8761-scaled.jpg 1994w, https:\/\/instytutpolski.pl\/stockholm\/wp-content\/uploads\/sites\/17\/2023\/10\/IMG_8761-234x300.jpg 234w, https:\/\/instytutpolski.pl\/stockholm\/wp-content\/uploads\/sites\/17\/2023\/10\/IMG_8761-798x1024.jpg 798w, https:\/\/instytutpolski.pl\/stockholm\/wp-content\/uploads\/sites\/17\/2023\/10\/IMG_8761-768x986.jpg 768w, https:\/\/instytutpolski.pl\/stockholm\/wp-content\/uploads\/sites\/17\/2023\/10\/IMG_8761-1196x1536.jpg 1196w, https:\/\/instytutpolski.pl\/stockholm\/wp-content\/uploads\/sites\/17\/2023\/10\/IMG_8761-1595x2048.jpg 1595w\" sizes=\"auto, (max-width: 1994px) 100vw, 1994px\" \/><\/figure>\n\n\n\n<figure class=\"wp-block-image size-large\"><img loading=\"lazy\" decoding=\"async\" width=\"1784\" height=\"2520\" data-id=\"11632\" src=\"https:\/\/instytutpolski.pl\/stockholm\/wp-content\/uploads\/sites\/17\/2023\/10\/IMG_8736.jpg\" alt=\"\" class=\"wp-image-11632\" srcset=\"https:\/\/instytutpolski.pl\/stockholm\/wp-content\/uploads\/sites\/17\/2023\/10\/IMG_8736.jpg 1784w, https:\/\/instytutpolski.pl\/stockholm\/wp-content\/uploads\/sites\/17\/2023\/10\/IMG_8736-212x300.jpg 212w, https:\/\/instytutpolski.pl\/stockholm\/wp-content\/uploads\/sites\/17\/2023\/10\/IMG_8736-725x1024.jpg 725w, https:\/\/instytutpolski.pl\/stockholm\/wp-content\/uploads\/sites\/17\/2023\/10\/IMG_8736-768x1085.jpg 768w, https:\/\/instytutpolski.pl\/stockholm\/wp-content\/uploads\/sites\/17\/2023\/10\/IMG_8736-1087x1536.jpg 1087w, https:\/\/instytutpolski.pl\/stockholm\/wp-content\/uploads\/sites\/17\/2023\/10\/IMG_8736-1450x2048.jpg 1450w\" sizes=\"auto, (max-width: 1784px) 100vw, 1784px\" \/><\/figure>\n\n\n\n<figure class=\"wp-block-image size-large\"><img loading=\"lazy\" decoding=\"async\" width=\"1920\" height=\"2560\" data-id=\"11634\" src=\"https:\/\/instytutpolski.pl\/stockholm\/wp-content\/uploads\/sites\/17\/2023\/10\/IMG_8773-scaled.jpg\" alt=\"\" class=\"wp-image-11634\" srcset=\"https:\/\/instytutpolski.pl\/stockholm\/wp-content\/uploads\/sites\/17\/2023\/10\/IMG_8773-scaled.jpg 1920w, https:\/\/instytutpolski.pl\/stockholm\/wp-content\/uploads\/sites\/17\/2023\/10\/IMG_8773-225x300.jpg 225w, https:\/\/instytutpolski.pl\/stockholm\/wp-content\/uploads\/sites\/17\/2023\/10\/IMG_8773-768x1024.jpg 768w, https:\/\/instytutpolski.pl\/stockholm\/wp-content\/uploads\/sites\/17\/2023\/10\/IMG_8773-1152x1536.jpg 1152w, https:\/\/instytutpolski.pl\/stockholm\/wp-content\/uploads\/sites\/17\/2023\/10\/IMG_8773-1536x2048.jpg 1536w\" sizes=\"auto, (max-width: 1920px) 100vw, 1920px\" \/><\/figure>\n\n\n\n<figure class=\"wp-block-image size-large\"><img loading=\"lazy\" decoding=\"async\" width=\"2560\" height=\"1920\" data-id=\"11635\" src=\"https:\/\/instytutpolski.pl\/stockholm\/wp-content\/uploads\/sites\/17\/2023\/10\/IMG_8793-scaled.jpg\" alt=\"\" class=\"wp-image-11635\" srcset=\"https:\/\/instytutpolski.pl\/stockholm\/wp-content\/uploads\/sites\/17\/2023\/10\/IMG_8793-scaled.jpg 2560w, https:\/\/instytutpolski.pl\/stockholm\/wp-content\/uploads\/sites\/17\/2023\/10\/IMG_8793-300x225.jpg 300w, https:\/\/instytutpolski.pl\/stockholm\/wp-content\/uploads\/sites\/17\/2023\/10\/IMG_8793-1024x768.jpg 1024w, https:\/\/instytutpolski.pl\/stockholm\/wp-content\/uploads\/sites\/17\/2023\/10\/IMG_8793-768x576.jpg 768w, https:\/\/instytutpolski.pl\/stockholm\/wp-content\/uploads\/sites\/17\/2023\/10\/IMG_8793-1536x1152.jpg 1536w, https:\/\/instytutpolski.pl\/stockholm\/wp-content\/uploads\/sites\/17\/2023\/10\/IMG_8793-2048x1536.jpg 2048w\" sizes=\"auto, (max-width: 2560px) 100vw, 2560px\" \/><\/figure>\n\n\n\n<figure class=\"wp-block-image size-large\"><img loading=\"lazy\" decoding=\"async\" width=\"2560\" height=\"1920\" data-id=\"11631\" src=\"https:\/\/instytutpolski.pl\/stockholm\/wp-content\/uploads\/sites\/17\/2023\/10\/IMG_8705-scaled.jpg\" alt=\"\" class=\"wp-image-11631\" srcset=\"https:\/\/instytutpolski.pl\/stockholm\/wp-content\/uploads\/sites\/17\/2023\/10\/IMG_8705-scaled.jpg 2560w, https:\/\/instytutpolski.pl\/stockholm\/wp-content\/uploads\/sites\/17\/2023\/10\/IMG_8705-300x225.jpg 300w, https:\/\/instytutpolski.pl\/stockholm\/wp-content\/uploads\/sites\/17\/2023\/10\/IMG_8705-1024x768.jpg 1024w, https:\/\/instytutpolski.pl\/stockholm\/wp-content\/uploads\/sites\/17\/2023\/10\/IMG_8705-768x576.jpg 768w, https:\/\/instytutpolski.pl\/stockholm\/wp-content\/uploads\/sites\/17\/2023\/10\/IMG_8705-1536x1152.jpg 1536w, https:\/\/instytutpolski.pl\/stockholm\/wp-content\/uploads\/sites\/17\/2023\/10\/IMG_8705-2048x1536.jpg 2048w\" sizes=\"auto, (max-width: 2560px) 100vw, 2560px\" \/><\/figure>\n\n\n\n<figure class=\"wp-block-image size-large\"><img loading=\"lazy\" decoding=\"async\" width=\"2560\" height=\"1920\" data-id=\"11636\" src=\"https:\/\/instytutpolski.pl\/stockholm\/wp-content\/uploads\/sites\/17\/2023\/10\/IMG_8817-scaled.jpg\" alt=\"\" class=\"wp-image-11636\" srcset=\"https:\/\/instytutpolski.pl\/stockholm\/wp-content\/uploads\/sites\/17\/2023\/10\/IMG_8817-scaled.jpg 2560w, https:\/\/instytutpolski.pl\/stockholm\/wp-content\/uploads\/sites\/17\/2023\/10\/IMG_8817-300x225.jpg 300w, https:\/\/instytutpolski.pl\/stockholm\/wp-content\/uploads\/sites\/17\/2023\/10\/IMG_8817-1024x768.jpg 1024w, https:\/\/instytutpolski.pl\/stockholm\/wp-content\/uploads\/sites\/17\/2023\/10\/IMG_8817-768x576.jpg 768w, https:\/\/instytutpolski.pl\/stockholm\/wp-content\/uploads\/sites\/17\/2023\/10\/IMG_8817-1536x1152.jpg 1536w, https:\/\/instytutpolski.pl\/stockholm\/wp-content\/uploads\/sites\/17\/2023\/10\/IMG_8817-2048x1536.jpg 2048w\" sizes=\"auto, (max-width: 2560px) 100vw, 2560px\" \/><\/figure>\n<\/figure>\n","protected":false},"excerpt":{"rendered":"<p>Polski poeta i autor powie\u015bci Piotr Fiedler wzi\u0105\u0142 udzia\u0142 w seminarium po\u015bwi\u0119conym metropoliom europejskim, gdzie opowiedzia\u0142 m.in. o roli jak\u0105 stolica Polski gra w jego debiucie prozatorskim, pt. \u201eCzu\u0142o\u015b\u0107\u201d, prze\u0142o\u017conym na j\u0119zyk szwedzki przez t\u0142umaczk\u0119 Patrici\u0119 Cukrowsk\u0105 i wydanym przez wydawnictwo Prosak f\u00f6rlag (2023). Ponadto, Piotr przeczyta\u0142 kilka swoich wierszy na scenie Rum f\u00f6r poesi [&hellip;]<\/p>\n","protected":false},"author":173,"featured_media":11615,"comment_status":"closed","ping_status":"closed","sticky":true,"template":"","format":"standard","meta":{"inline_featured_image":false,"_monsterinsights_skip_tracking":false,"_monsterinsights_sitenote_active":false,"_monsterinsights_sitenote_note":"","_monsterinsights_sitenote_category":0,"footnotes":""},"categories":[208],"tags":[],"class_list":["post-11642","post","type-post","status-publish","format-standard","has-post-thumbnail","hentry","category-galeria-pl"],"yoast_head":"<!-- This site is optimized with the Yoast SEO plugin v24.6 - https:\/\/yoast.com\/wordpress\/plugins\/seo\/ -->\n<title>Fotoreporta\u017c: Polskie akcenty na Targach Ksi\u0105\u017cki 2023 w G\u00f6teborgu - Instytut Polski w Sztokholmie<\/title>\n<meta name=\"robots\" content=\"index, follow, max-snippet:-1, max-image-preview:large, max-video-preview:-1\" \/>\n<link rel=\"canonical\" href=\"https:\/\/instytutpolski.pl\/stockholm\/pl\/2023\/10\/10\/fotoreportaz-polskie-akcenty-na-targach-ksiazki-2023-w-goteborgu\/\" \/>\n<meta property=\"og:locale\" content=\"pl_PL\" \/>\n<meta property=\"og:type\" content=\"article\" \/>\n<meta property=\"og:title\" content=\"Fotoreporta\u017c: Polskie akcenty na Targach Ksi\u0105\u017cki 2023 w G\u00f6teborgu - Instytut Polski w Sztokholmie\" \/>\n<meta property=\"og:description\" content=\"Polski poeta i autor powie\u015bci Piotr Fiedler wzi\u0105\u0142 udzia\u0142 w seminarium po\u015bwi\u0119conym metropoliom europejskim, gdzie opowiedzia\u0142 m.in. o roli jak\u0105 stolica Polski gra w jego debiucie prozatorskim, pt. \u201eCzu\u0142o\u015b\u0107\u201d, prze\u0142o\u017conym na j\u0119zyk szwedzki przez t\u0142umaczk\u0119 Patrici\u0119 Cukrowsk\u0105 i wydanym przez wydawnictwo Prosak f\u00f6rlag (2023). Ponadto, Piotr przeczyta\u0142 kilka swoich wierszy na scenie Rum f\u00f6r poesi [&hellip;]\" \/>\n<meta property=\"og:url\" content=\"https:\/\/instytutpolski.pl\/stockholm\/pl\/2023\/10\/10\/fotoreportaz-polskie-akcenty-na-targach-ksiazki-2023-w-goteborgu\/\" \/>\n<meta property=\"og:site_name\" content=\"Instytut Polski w Sztokholmie\" \/>\n<meta property=\"article:published_time\" content=\"2023-10-10T09:28:38+00:00\" \/>\n<meta property=\"article:modified_time\" content=\"2023-10-10T09:33:09+00:00\" \/>\n<meta property=\"og:image\" content=\"https:\/\/instytutpolski.pl\/stockholm\/wp-content\/uploads\/sites\/17\/2023\/10\/IMG_8428-scaled.jpg\" \/>\n\t<meta property=\"og:image:width\" content=\"2560\" \/>\n\t<meta property=\"og:image:height\" content=\"1920\" \/>\n\t<meta property=\"og:image:type\" content=\"image\/jpeg\" \/>\n<meta name=\"author\" content=\"treichelp\" \/>\n<meta name=\"twitter:card\" content=\"summary_large_image\" \/>\n<meta name=\"twitter:label1\" content=\"Napisane przez\" \/>\n\t<meta name=\"twitter:data1\" content=\"treichelp\" \/>\n\t<meta name=\"twitter:label2\" content=\"Szacowany czas czytania\" \/>\n\t<meta name=\"twitter:data2\" content=\"8 minut\" \/>\n<script type=\"application\/ld+json\" class=\"yoast-schema-graph\">{\"@context\":\"https:\/\/schema.org\",\"@graph\":[{\"@type\":\"event\",\"@id\":\"https:\/\/instytutpolski.pl\/stockholm\/pl\/2023\/10\/10\/fotoreportaz-polskie-akcenty-na-targach-ksiazki-2023-w-goteborgu\/\",\"url\":\"https:\/\/instytutpolski.pl\/stockholm\/pl\/2023\/10\/10\/fotoreportaz-polskie-akcenty-na-targach-ksiazki-2023-w-goteborgu\/\",\"name\":\"Fotoreporta\u017c: Polskie akcenty na Targach Ksi\u0105\u017cki 2023 w G\u00f6teborgu\",\"isPartOf\":{\"@id\":\"https:\/\/instytutpolski.pl\/stockholm\/#website\"},\"primaryImageOfPage\":{\"@id\":\"https:\/\/instytutpolski.pl\/stockholm\/pl\/2023\/10\/10\/fotoreportaz-polskie-akcenty-na-targach-ksiazki-2023-w-goteborgu\/#primaryimage\"},\"image\":[\"https:\/\/instytutpolski.pl\/stockholm\/wp-content\/uploads\/sites\/17\/2023\/10\/IMG_8428-scaled.jpg\",\"https:\/\/instytutpolski.pl\/stockholm\/wp-content\/uploads\/sites\/17\/2023\/10\/IMG_8428-300x225.jpg\",\"https:\/\/instytutpolski.pl\/stockholm\/wp-content\/uploads\/sites\/17\/2023\/10\/IMG_8428-1024x768.jpg\",\"https:\/\/instytutpolski.pl\/stockholm\/wp-content\/uploads\/sites\/17\/2023\/10\/IMG_8428-scaled.jpg\"],\"thumbnailUrl\":\"https:\/\/instytutpolski.pl\/stockholm\/wp-content\/uploads\/sites\/17\/2023\/10\/IMG_8428-scaled.jpg\",\"datePublished\":\"2023-10-10T09:28:38+02:00\",\"dateModified\":\"2023-10-10T09:33:09+02:00\",\"author\":{\"@id\":\"https:\/\/instytutpolski.pl\/stockholm\/#\/schema\/person\/866a2c0f4ccf0982a286809684f7bc1e\"},\"breadcrumb\":{\"@id\":\"https:\/\/instytutpolski.pl\/stockholm\/pl\/2023\/10\/10\/fotoreportaz-polskie-akcenty-na-targach-ksiazki-2023-w-goteborgu\/#breadcrumb\"},\"inLanguage\":\"pl-PL\",\"potentialAction\":[{\"@type\":\"ReadAction\",\"target\":[\"https:\/\/instytutpolski.pl\/stockholm\/pl\/2023\/10\/10\/fotoreportaz-polskie-akcenty-na-targach-ksiazki-2023-w-goteborgu\/\"]}],\"@context\":\"https:\/\/schema.org\",\"startDate\":\"2023-09-28\",\"endDate\":\"2023-10-01\",\"eventStatus\":\"EventScheduled\",\"eventAttendanceMode\":\"OfflineEventAttendanceMode\",\"location\":{\"@type\":\"place\",\"name\":\"Svenska M\u00e4ssan, G\u00f6teborg\",\"address\":\"Svenska M\u00e4ssan, G\u00f6teborg\",\"geo\":{\"@type\":\"GeoCoordinates\",\"latitude\":\"57.42940128143928\",\"longitude\":\"12.531115172489354\"}},\"description\":\"Polski poeta i autor powie\u015bci Piotr Fiedler wzi\u0105\u0142 udzia\u0142 w seminarium po\u015bwi\u0119conym metropoliom europejskim, gdzie opowiedzia\u0142 m.in. o roli jak\u0105 stolica Polski gra w jego debiucie prozatorskim, pt. \u201eCzu\u0142o\u015b\u0107\u201d, prze\u0142o\u017conym na j\u0119zyk szwedzki przez t\u0142umaczk\u0119 Patrici\u0119 Cukrowsk\u0105 i wydanym przez wydawnictwo Prosak f\u00f6rlag (2023). Ponadto, Piotr przeczyta\u0142 kilka swoich wierszy na scenie Rum f\u00f6r poesi (pl. pok\u00f3j poezji) oraz dyskutowa\u0142 ze swoj\u0105 t\u0142umaczk\u0105 Patrici\u0105 Cukrowsk\u0105 na stoisku EUNIC Caf\u00e9 Europa na temat brzydkich s\u0142\u00f3w w literaturze pi\u0119knej. \\nW rozmowie z dziennikarzem Svante Weyler, polski pisarz i publicysta Miko\u0142aj \u0141ozi\u0144ski opowiedzia\u0142 o swojej ksi\u0105\u017cce \u201eStramer\u201d, kt\u00f3ra uka\u017ce si\u0119 w szwedzkim przek\u0142adzie ju\u017c w 2024 roku, a tak\u017ce o swoich \u017cydowskich korzeniach i ich wp\u0142ywie na jego to\u017csamo\u015b\u0107.\\nW ramach Targ\u00f3w Ksi\u0105\u017cki po raz pierwszy zaprezentowano tak\u017ce wydanie ksi\u0105\u017cki \u201eZeszyt z wierszami z Auschwitz\u201d (2023, Pa\u0144stwowe Muzeum Auschwitz Birkenau) i w zwi\u0105zku z tym, Instytut Polski, we wsp\u00f3\u0142pracy z Pa\u0144stwowym Muzeum Auschwitz Birkenau oraz Judisk Kultur i Sverige, zorganizowa\u0142 m.in. rozmowy na scenie EUNIC Caf\u00e9 Europa z udzia\u0142em dyrektora instytutu Paw\u0142a Ruszkiewicza, prof. Adama Zdunka oraz dyrektora muzeum Piotra Cywi\u0144skiego. Ponadto, na scenie kultury \u017cydowskiej zosta\u0142y odczytane wybrane wiersze z zeszytu w j\u0119zyku polskim, szwedzkim i angielskim przez aktorki Sar\u0119 Sommerfeld oraz Ma\u0142gorzat\u0119 Pieczy\u0144sk\u0105. Serdecznie dzi\u0119kujemy wszystkim, kt\u00f3rzy przyczynili si\u0119 do powstania ksi\u0105\u017cki! Szczeg\u00f3lne podzi\u0119kowania nale\u017c\u0105 si\u0119 dyrektorowi Muzeum Auschwitz Piotrowi Cywi\u0144skiemu, redaktorce ksi\u0105\u017cki Jadwidze Pinderskiej-Lech, wsp\u00f3\u0142autorom: prof. Bogus\u0142awowi Adamowi Zdunekowi, Joannie Ziembi\u0144skiej-Kurek oraz Wandzie Witek-Malickiej, t\u0142umaczom: Tomasowi H\u00e5kansonowi i Justynie \u200b\u200bMatkowskiej, a tak\u017ce projektantce sk\u0142adu i ok\u0142adki Katarzynie Krawczyk. W Szwecji planowane s\u0105 kolejne wydarzenia wok\u00f3\u0142 ksi\u0105\u017cki, o wszystkich nowych inicjatywach zwi\u0105zanych z t\u0105 tematyk\u0105 b\u0119dziemy informowa\u0107 w mediach spo\u0142eczno\u015bciowych Instytutu.\\nRaz jeszcze dzi\u0119kujemy naszym nieocenionym partnerom: Prosak f\u00f6rlag, EUNIC Stockholm i Miejsce Pami\u0119ci Auschwitz\/Muzeum Auschwitz, oraz Ambasador Joannie Hofman i ca\u0142ej Ambasadzie RP za wsparcie podczas tegorocznych Targ\u00f3w Ksi\u0105\u017cki!\"},{\"@type\":\"ImageObject\",\"inLanguage\":\"pl-PL\",\"@id\":\"https:\/\/instytutpolski.pl\/stockholm\/pl\/2023\/10\/10\/fotoreportaz-polskie-akcenty-na-targach-ksiazki-2023-w-goteborgu\/#primaryimage\",\"url\":\"https:\/\/instytutpolski.pl\/stockholm\/wp-content\/uploads\/sites\/17\/2023\/10\/IMG_8428-scaled.jpg\",\"contentUrl\":\"https:\/\/instytutpolski.pl\/stockholm\/wp-content\/uploads\/sites\/17\/2023\/10\/IMG_8428-scaled.jpg\",\"width\":2560,\"height\":1920},{\"@type\":\"BreadcrumbList\",\"@id\":\"https:\/\/instytutpolski.pl\/stockholm\/pl\/2023\/10\/10\/fotoreportaz-polskie-akcenty-na-targach-ksiazki-2023-w-goteborgu\/#breadcrumb\",\"itemListElement\":[{\"@type\":\"ListItem\",\"position\":1,\"name\":\"Home\",\"item\":\"https:\/\/instytutpolski.pl\/stockholm\/\"},{\"@type\":\"ListItem\",\"position\":2,\"name\":\"Fotoreporta\u017c: Polskie akcenty na Targach Ksi\u0105\u017cki 2023 w G\u00f6teborgu\"}]},{\"@type\":\"WebSite\",\"@id\":\"https:\/\/instytutpolski.pl\/stockholm\/#website\",\"url\":\"https:\/\/instytutpolski.pl\/stockholm\/\",\"name\":\"Instytut Polski w Sztokholmie\",\"description\":\"Instytuty Polskie\",\"potentialAction\":[{\"@type\":\"SearchAction\",\"target\":{\"@type\":\"EntryPoint\",\"urlTemplate\":\"https:\/\/instytutpolski.pl\/stockholm\/?s={search_term_string}\"},\"query-input\":{\"@type\":\"PropertyValueSpecification\",\"valueRequired\":true,\"valueName\":\"search_term_string\"}}],\"inLanguage\":\"pl-PL\"},{\"@type\":\"Person\",\"@id\":\"https:\/\/instytutpolski.pl\/stockholm\/#\/schema\/person\/866a2c0f4ccf0982a286809684f7bc1e\",\"name\":\"treichelp\",\"image\":{\"@type\":\"ImageObject\",\"inLanguage\":\"pl-PL\",\"@id\":\"https:\/\/instytutpolski.pl\/stockholm\/#\/schema\/person\/image\/\",\"url\":\"https:\/\/secure.gravatar.com\/avatar\/fb2c1caae0df0854742a56fc463dd1fb?s=96&d=mm&r=g\",\"contentUrl\":\"https:\/\/secure.gravatar.com\/avatar\/fb2c1caae0df0854742a56fc463dd1fb?s=96&d=mm&r=g\",\"caption\":\"treichelp\"},\"url\":\"https:\/\/instytutpolski.pl\/stockholm\/author\/treichelp\/\"}]}<\/script>\n<!-- \/ Yoast SEO plugin. -->","yoast_head_json":{"title":"Fotoreporta\u017c: Polskie akcenty na Targach Ksi\u0105\u017cki 2023 w G\u00f6teborgu - Instytut Polski w Sztokholmie","robots":{"index":"index","follow":"follow","max-snippet":"max-snippet:-1","max-image-preview":"max-image-preview:large","max-video-preview":"max-video-preview:-1"},"canonical":"https:\/\/instytutpolski.pl\/stockholm\/pl\/2023\/10\/10\/fotoreportaz-polskie-akcenty-na-targach-ksiazki-2023-w-goteborgu\/","og_locale":"pl_PL","og_type":"article","og_title":"Fotoreporta\u017c: Polskie akcenty na Targach Ksi\u0105\u017cki 2023 w G\u00f6teborgu - Instytut Polski w Sztokholmie","og_description":"Polski poeta i autor powie\u015bci Piotr Fiedler wzi\u0105\u0142 udzia\u0142 w seminarium po\u015bwi\u0119conym metropoliom europejskim, gdzie opowiedzia\u0142 m.in. o roli jak\u0105 stolica Polski gra w jego debiucie prozatorskim, pt. \u201eCzu\u0142o\u015b\u0107\u201d, prze\u0142o\u017conym na j\u0119zyk szwedzki przez t\u0142umaczk\u0119 Patrici\u0119 Cukrowsk\u0105 i wydanym przez wydawnictwo Prosak f\u00f6rlag (2023). Ponadto, Piotr przeczyta\u0142 kilka swoich wierszy na scenie Rum f\u00f6r poesi [&hellip;]","og_url":"https:\/\/instytutpolski.pl\/stockholm\/pl\/2023\/10\/10\/fotoreportaz-polskie-akcenty-na-targach-ksiazki-2023-w-goteborgu\/","og_site_name":"Instytut Polski w Sztokholmie","article_published_time":"2023-10-10T09:28:38+00:00","article_modified_time":"2023-10-10T09:33:09+00:00","og_image":[{"width":2560,"height":1920,"url":"https:\/\/instytutpolski.pl\/stockholm\/wp-content\/uploads\/sites\/17\/2023\/10\/IMG_8428-scaled.jpg","type":"image\/jpeg"}],"author":"treichelp","twitter_card":"summary_large_image","twitter_misc":{"Napisane przez":"treichelp","Szacowany czas czytania":"8 minut"},"schema":{"@context":"https:\/\/schema.org","@graph":[{"@type":"event","@id":"https:\/\/instytutpolski.pl\/stockholm\/pl\/2023\/10\/10\/fotoreportaz-polskie-akcenty-na-targach-ksiazki-2023-w-goteborgu\/","url":"https:\/\/instytutpolski.pl\/stockholm\/pl\/2023\/10\/10\/fotoreportaz-polskie-akcenty-na-targach-ksiazki-2023-w-goteborgu\/","name":"Fotoreporta\u017c: Polskie akcenty na Targach Ksi\u0105\u017cki 2023 w G\u00f6teborgu","isPartOf":{"@id":"https:\/\/instytutpolski.pl\/stockholm\/#website"},"primaryImageOfPage":{"@id":"https:\/\/instytutpolski.pl\/stockholm\/pl\/2023\/10\/10\/fotoreportaz-polskie-akcenty-na-targach-ksiazki-2023-w-goteborgu\/#primaryimage"},"image":["https:\/\/instytutpolski.pl\/stockholm\/wp-content\/uploads\/sites\/17\/2023\/10\/IMG_8428-scaled.jpg","https:\/\/instytutpolski.pl\/stockholm\/wp-content\/uploads\/sites\/17\/2023\/10\/IMG_8428-300x225.jpg","https:\/\/instytutpolski.pl\/stockholm\/wp-content\/uploads\/sites\/17\/2023\/10\/IMG_8428-1024x768.jpg","https:\/\/instytutpolski.pl\/stockholm\/wp-content\/uploads\/sites\/17\/2023\/10\/IMG_8428-scaled.jpg"],"thumbnailUrl":"https:\/\/instytutpolski.pl\/stockholm\/wp-content\/uploads\/sites\/17\/2023\/10\/IMG_8428-scaled.jpg","datePublished":"2023-10-10T09:28:38+02:00","dateModified":"2023-10-10T09:33:09+02:00","author":{"@id":"https:\/\/instytutpolski.pl\/stockholm\/#\/schema\/person\/866a2c0f4ccf0982a286809684f7bc1e"},"breadcrumb":{"@id":"https:\/\/instytutpolski.pl\/stockholm\/pl\/2023\/10\/10\/fotoreportaz-polskie-akcenty-na-targach-ksiazki-2023-w-goteborgu\/#breadcrumb"},"inLanguage":"pl-PL","potentialAction":[{"@type":"ReadAction","target":["https:\/\/instytutpolski.pl\/stockholm\/pl\/2023\/10\/10\/fotoreportaz-polskie-akcenty-na-targach-ksiazki-2023-w-goteborgu\/"]}],"@context":"https:\/\/schema.org","startDate":"2023-09-28","endDate":"2023-10-01","eventStatus":"EventScheduled","eventAttendanceMode":"OfflineEventAttendanceMode","location":{"@type":"place","name":"Svenska M\u00e4ssan, G\u00f6teborg","address":"Svenska M\u00e4ssan, G\u00f6teborg","geo":{"@type":"GeoCoordinates","latitude":"57.42940128143928","longitude":"12.531115172489354"}},"description":"Polski poeta i autor powie\u015bci Piotr Fiedler wzi\u0105\u0142 udzia\u0142 w seminarium po\u015bwi\u0119conym metropoliom europejskim, gdzie opowiedzia\u0142 m.in. o roli jak\u0105 stolica Polski gra w jego debiucie prozatorskim, pt. \u201eCzu\u0142o\u015b\u0107\u201d, prze\u0142o\u017conym na j\u0119zyk szwedzki przez t\u0142umaczk\u0119 Patrici\u0119 Cukrowsk\u0105 i wydanym przez wydawnictwo Prosak f\u00f6rlag (2023). Ponadto, Piotr przeczyta\u0142 kilka swoich wierszy na scenie Rum f\u00f6r poesi (pl. pok\u00f3j poezji) oraz dyskutowa\u0142 ze swoj\u0105 t\u0142umaczk\u0105 Patrici\u0105 Cukrowsk\u0105 na stoisku EUNIC Caf\u00e9 Europa na temat brzydkich s\u0142\u00f3w w literaturze pi\u0119knej. \nW rozmowie z dziennikarzem Svante Weyler, polski pisarz i publicysta Miko\u0142aj \u0141ozi\u0144ski opowiedzia\u0142 o swojej ksi\u0105\u017cce \u201eStramer\u201d, kt\u00f3ra uka\u017ce si\u0119 w szwedzkim przek\u0142adzie ju\u017c w 2024 roku, a tak\u017ce o swoich \u017cydowskich korzeniach i ich wp\u0142ywie na jego to\u017csamo\u015b\u0107.\nW ramach Targ\u00f3w Ksi\u0105\u017cki po raz pierwszy zaprezentowano tak\u017ce wydanie ksi\u0105\u017cki \u201eZeszyt z wierszami z Auschwitz\u201d (2023, Pa\u0144stwowe Muzeum Auschwitz Birkenau) i w zwi\u0105zku z tym, Instytut Polski, we wsp\u00f3\u0142pracy z Pa\u0144stwowym Muzeum Auschwitz Birkenau oraz Judisk Kultur i Sverige, zorganizowa\u0142 m.in. rozmowy na scenie EUNIC Caf\u00e9 Europa z udzia\u0142em dyrektora instytutu Paw\u0142a Ruszkiewicza, prof. Adama Zdunka oraz dyrektora muzeum Piotra Cywi\u0144skiego. Ponadto, na scenie kultury \u017cydowskiej zosta\u0142y odczytane wybrane wiersze z zeszytu w j\u0119zyku polskim, szwedzkim i angielskim przez aktorki Sar\u0119 Sommerfeld oraz Ma\u0142gorzat\u0119 Pieczy\u0144sk\u0105. Serdecznie dzi\u0119kujemy wszystkim, kt\u00f3rzy przyczynili si\u0119 do powstania ksi\u0105\u017cki! Szczeg\u00f3lne podzi\u0119kowania nale\u017c\u0105 si\u0119 dyrektorowi Muzeum Auschwitz Piotrowi Cywi\u0144skiemu, redaktorce ksi\u0105\u017cki Jadwidze Pinderskiej-Lech, wsp\u00f3\u0142autorom: prof. Bogus\u0142awowi Adamowi Zdunekowi, Joannie Ziembi\u0144skiej-Kurek oraz Wandzie Witek-Malickiej, t\u0142umaczom: Tomasowi H\u00e5kansonowi i Justynie \u200b\u200bMatkowskiej, a tak\u017ce projektantce sk\u0142adu i ok\u0142adki Katarzynie Krawczyk. W Szwecji planowane s\u0105 kolejne wydarzenia wok\u00f3\u0142 ksi\u0105\u017cki, o wszystkich nowych inicjatywach zwi\u0105zanych z t\u0105 tematyk\u0105 b\u0119dziemy informowa\u0107 w mediach spo\u0142eczno\u015bciowych Instytutu.\nRaz jeszcze dzi\u0119kujemy naszym nieocenionym partnerom: Prosak f\u00f6rlag, EUNIC Stockholm i Miejsce Pami\u0119ci Auschwitz\/Muzeum Auschwitz, oraz Ambasador Joannie Hofman i ca\u0142ej Ambasadzie RP za wsparcie podczas tegorocznych Targ\u00f3w Ksi\u0105\u017cki!"},{"@type":"ImageObject","inLanguage":"pl-PL","@id":"https:\/\/instytutpolski.pl\/stockholm\/pl\/2023\/10\/10\/fotoreportaz-polskie-akcenty-na-targach-ksiazki-2023-w-goteborgu\/#primaryimage","url":"https:\/\/instytutpolski.pl\/stockholm\/wp-content\/uploads\/sites\/17\/2023\/10\/IMG_8428-scaled.jpg","contentUrl":"https:\/\/instytutpolski.pl\/stockholm\/wp-content\/uploads\/sites\/17\/2023\/10\/IMG_8428-scaled.jpg","width":2560,"height":1920},{"@type":"BreadcrumbList","@id":"https:\/\/instytutpolski.pl\/stockholm\/pl\/2023\/10\/10\/fotoreportaz-polskie-akcenty-na-targach-ksiazki-2023-w-goteborgu\/#breadcrumb","itemListElement":[{"@type":"ListItem","position":1,"name":"Home","item":"https:\/\/instytutpolski.pl\/stockholm\/"},{"@type":"ListItem","position":2,"name":"Fotoreporta\u017c: Polskie akcenty na Targach Ksi\u0105\u017cki 2023 w G\u00f6teborgu"}]},{"@type":"WebSite","@id":"https:\/\/instytutpolski.pl\/stockholm\/#website","url":"https:\/\/instytutpolski.pl\/stockholm\/","name":"Instytut Polski w Sztokholmie","description":"Instytuty Polskie","potentialAction":[{"@type":"SearchAction","target":{"@type":"EntryPoint","urlTemplate":"https:\/\/instytutpolski.pl\/stockholm\/?s={search_term_string}"},"query-input":{"@type":"PropertyValueSpecification","valueRequired":true,"valueName":"search_term_string"}}],"inLanguage":"pl-PL"},{"@type":"Person","@id":"https:\/\/instytutpolski.pl\/stockholm\/#\/schema\/person\/866a2c0f4ccf0982a286809684f7bc1e","name":"treichelp","image":{"@type":"ImageObject","inLanguage":"pl-PL","@id":"https:\/\/instytutpolski.pl\/stockholm\/#\/schema\/person\/image\/","url":"https:\/\/secure.gravatar.com\/avatar\/fb2c1caae0df0854742a56fc463dd1fb?s=96&d=mm&r=g","contentUrl":"https:\/\/secure.gravatar.com\/avatar\/fb2c1caae0df0854742a56fc463dd1fb?s=96&d=mm&r=g","caption":"treichelp"},"url":"https:\/\/instytutpolski.pl\/stockholm\/author\/treichelp\/"}]}},"_links":{"self":[{"href":"https:\/\/instytutpolski.pl\/stockholm\/wp-json\/wp\/v2\/posts\/11642","targetHints":{"allow":["GET"]}}],"collection":[{"href":"https:\/\/instytutpolski.pl\/stockholm\/wp-json\/wp\/v2\/posts"}],"about":[{"href":"https:\/\/instytutpolski.pl\/stockholm\/wp-json\/wp\/v2\/types\/post"}],"author":[{"embeddable":true,"href":"https:\/\/instytutpolski.pl\/stockholm\/wp-json\/wp\/v2\/users\/173"}],"replies":[{"embeddable":true,"href":"https:\/\/instytutpolski.pl\/stockholm\/wp-json\/wp\/v2\/comments?post=11642"}],"version-history":[{"count":3,"href":"https:\/\/instytutpolski.pl\/stockholm\/wp-json\/wp\/v2\/posts\/11642\/revisions"}],"predecessor-version":[{"id":11645,"href":"https:\/\/instytutpolski.pl\/stockholm\/wp-json\/wp\/v2\/posts\/11642\/revisions\/11645"}],"wp:featuredmedia":[{"embeddable":true,"href":"https:\/\/instytutpolski.pl\/stockholm\/wp-json\/wp\/v2\/media\/11615"}],"wp:attachment":[{"href":"https:\/\/instytutpolski.pl\/stockholm\/wp-json\/wp\/v2\/media?parent=11642"}],"wp:term":[{"taxonomy":"category","embeddable":true,"href":"https:\/\/instytutpolski.pl\/stockholm\/wp-json\/wp\/v2\/categories?post=11642"},{"taxonomy":"post_tag","embeddable":true,"href":"https:\/\/instytutpolski.pl\/stockholm\/wp-json\/wp\/v2\/tags?post=11642"}],"curies":[{"name":"wp","href":"https:\/\/api.w.org\/{rel}","templated":true}]}}