{"id":11673,"date":"2023-10-16T11:23:28","date_gmt":"2023-10-16T09:23:28","guid":{"rendered":"https:\/\/instytutpolski.pl\/stockholm\/?p=11673"},"modified":"2023-10-30T14:29:13","modified_gmt":"2023-10-30T13:29:13","slug":"fotoreportaz-europejski-dzien-jezykow-2023","status":"publish","type":"post","link":"https:\/\/instytutpolski.pl\/stockholm\/pl\/2023\/10\/16\/fotoreportaz-europejski-dzien-jezykow-2023\/","title":{"rendered":"Fotoreporta\u017c: Europejski Dzie\u0144 J\u0119zyk\u00f3w 2023"},"content":{"rendered":"\n<p>W tym roku obchodzili\u015bmy Europejski Dzie\u0144 J\u0119zyka 26 wrze\u015bnia poprzez organizacj\u0119 kafejki j\u0119zykowej w Europahuset w Sztokholmie, podczas kt\u00f3rej oferowane by\u0142y minikursy j\u0119zykowe w dwudziestu pi\u0119ciu j\u0119zykach, m.in w j\u0119zyku polskim dla oko\u0142o sze\u015bciuset uczni\u00f3w ze szwedzkich gimnazj\u00f3w i lice\u00f3w, kt\u00f3rzy przybyli z nauczycielami z dwudziestu r\u00f3\u017cnych szk\u00f3\u0142. Dodatkowo przyznano nagrod\u0119 zwyci\u0119zcy konkursu Europejskiego Dnia J\u0119zyk\u00f3w 2023, kt\u00f3ry w tym roku polega\u0142 na stworzeniu kr\u00f3tkiego komiksu o tematyce podr\u00f3\u017cy w czasie w ulubionym j\u0119zyku europejskim. Gratulujemy Michelle Freeman z Alirskolan w Bolln\u00e4s pierwszej nagrody!<\/p>\n\n\n\n<p>\u201eS\u0119dziowie byli pod wra\u017ceniem umiej\u0119tnego rozwini\u0119cie fabu\u0142y przez Michelle oraz wykorzystania humoru do zbudowania napi\u0119cia i antyklimaksu, a tak\u017ce uznali zarysowanie emocji bohater\u00f3w za bardzo skuteczne, nawet w j\u0119zyku hiszpa\u0144skim, przy pomocy wysokiej jako\u015bci rysunk\u00f3w.\u201d (Motywacja jury)<\/p>\n\n\n\n<p>Wywiad z Michelle oraz jej komiks jest dost\u0119pny na <a href=\"https:\/\/sweden.representation.ec.europa.eu\/news\/grattis-michelle-2023-09-27_sv\" target=\"_blank\" rel=\"noreferrer noopener\">stronie Komisji Europejskiej<\/a> (szwedzki)<\/p>\n\n\n\n<p>Do zobaczenia za rok!<\/p>\n\n\n\n<p>Foto: Olof Pettersson i Instytut Polski<\/p>\n\n\n\n<pre class=\"wp-block-verse\">Projekt jest wynikiem wsp\u00f3\u0142pracy Reprezentacji Komisji Europejskiej w Szwecji oraz Instytut\u00f3w kulturalnych i organizacji europejskich w Sztokholmie, w tym Instytutu Polskiego.<\/pre>\n\n\n\n<figure class=\"wp-block-gallery has-nested-images columns-default is-cropped wp-block-gallery-1 is-layout-flex wp-block-gallery-is-layout-flex\">\n<figure class=\"wp-block-image size-large\"><img loading=\"lazy\" decoding=\"async\" width=\"1920\" height=\"2560\" data-id=\"11662\" src=\"https:\/\/instytutpolski.pl\/stockholm\/wp-content\/uploads\/sites\/17\/2023\/10\/IMG_8140-scaled.jpg\" alt=\"\" class=\"wp-image-11662\" srcset=\"https:\/\/instytutpolski.pl\/stockholm\/wp-content\/uploads\/sites\/17\/2023\/10\/IMG_8140-scaled.jpg 1920w, https:\/\/instytutpolski.pl\/stockholm\/wp-content\/uploads\/sites\/17\/2023\/10\/IMG_8140-225x300.jpg 225w, https:\/\/instytutpolski.pl\/stockholm\/wp-content\/uploads\/sites\/17\/2023\/10\/IMG_8140-768x1024.jpg 768w, https:\/\/instytutpolski.pl\/stockholm\/wp-content\/uploads\/sites\/17\/2023\/10\/IMG_8140-1152x1536.jpg 1152w, https:\/\/instytutpolski.pl\/stockholm\/wp-content\/uploads\/sites\/17\/2023\/10\/IMG_8140-1536x2048.jpg 1536w\" sizes=\"auto, (max-width: 1920px) 100vw, 1920px\" \/><\/figure>\n\n\n\n<figure class=\"wp-block-image size-large\"><img loading=\"lazy\" decoding=\"async\" width=\"1842\" height=\"2560\" data-id=\"11659\" src=\"https:\/\/instytutpolski.pl\/stockholm\/wp-content\/uploads\/sites\/17\/2023\/10\/IMG_8091-scaled.jpg\" alt=\"\" class=\"wp-image-11659\" srcset=\"https:\/\/instytutpolski.pl\/stockholm\/wp-content\/uploads\/sites\/17\/2023\/10\/IMG_8091-scaled.jpg 1842w, https:\/\/instytutpolski.pl\/stockholm\/wp-content\/uploads\/sites\/17\/2023\/10\/IMG_8091-216x300.jpg 216w, https:\/\/instytutpolski.pl\/stockholm\/wp-content\/uploads\/sites\/17\/2023\/10\/IMG_8091-737x1024.jpg 737w, https:\/\/instytutpolski.pl\/stockholm\/wp-content\/uploads\/sites\/17\/2023\/10\/IMG_8091-768x1067.jpg 768w, https:\/\/instytutpolski.pl\/stockholm\/wp-content\/uploads\/sites\/17\/2023\/10\/IMG_8091-1105x1536.jpg 1105w, https:\/\/instytutpolski.pl\/stockholm\/wp-content\/uploads\/sites\/17\/2023\/10\/IMG_8091-1474x2048.jpg 1474w\" sizes=\"auto, (max-width: 1842px) 100vw, 1842px\" \/><\/figure>\n\n\n\n<figure class=\"wp-block-image size-large\"><img decoding=\"async\" data-id=\"11657\" src=\"https:\/\/instytutpolski.pl\/stockholm\/wp-content\/uploads\/sites\/17\/2023\/10\/Foto_OlofPettersson7-scaled.jpg\" alt=\"\" class=\"wp-image-11657\" \/><\/figure>\n\n\n\n<figure class=\"wp-block-image size-large\"><img loading=\"lazy\" decoding=\"async\" width=\"1920\" height=\"2560\" data-id=\"11660\" src=\"https:\/\/instytutpolski.pl\/stockholm\/wp-content\/uploads\/sites\/17\/2023\/10\/IMG_8103-scaled.jpg\" alt=\"\" class=\"wp-image-11660\" srcset=\"https:\/\/instytutpolski.pl\/stockholm\/wp-content\/uploads\/sites\/17\/2023\/10\/IMG_8103-scaled.jpg 1920w, https:\/\/instytutpolski.pl\/stockholm\/wp-content\/uploads\/sites\/17\/2023\/10\/IMG_8103-225x300.jpg 225w, https:\/\/instytutpolski.pl\/stockholm\/wp-content\/uploads\/sites\/17\/2023\/10\/IMG_8103-768x1024.jpg 768w, https:\/\/instytutpolski.pl\/stockholm\/wp-content\/uploads\/sites\/17\/2023\/10\/IMG_8103-1152x1536.jpg 1152w, https:\/\/instytutpolski.pl\/stockholm\/wp-content\/uploads\/sites\/17\/2023\/10\/IMG_8103-1536x2048.jpg 1536w\" sizes=\"auto, (max-width: 1920px) 100vw, 1920px\" \/><\/figure>\n\n\n\n<figure class=\"wp-block-image size-large\"><img loading=\"lazy\" decoding=\"async\" width=\"2560\" height=\"1920\" data-id=\"11653\" src=\"https:\/\/instytutpolski.pl\/stockholm\/wp-content\/uploads\/sites\/17\/2023\/10\/Foto_OlofPettersson3-scaled.jpg\" alt=\"\" class=\"wp-image-11653\" srcset=\"https:\/\/instytutpolski.pl\/stockholm\/wp-content\/uploads\/sites\/17\/2023\/10\/Foto_OlofPettersson3-scaled.jpg 2560w, https:\/\/instytutpolski.pl\/stockholm\/wp-content\/uploads\/sites\/17\/2023\/10\/Foto_OlofPettersson3-300x225.jpg 300w, https:\/\/instytutpolski.pl\/stockholm\/wp-content\/uploads\/sites\/17\/2023\/10\/Foto_OlofPettersson3-1024x768.jpg 1024w, https:\/\/instytutpolski.pl\/stockholm\/wp-content\/uploads\/sites\/17\/2023\/10\/Foto_OlofPettersson3-768x576.jpg 768w, https:\/\/instytutpolski.pl\/stockholm\/wp-content\/uploads\/sites\/17\/2023\/10\/Foto_OlofPettersson3-1536x1152.jpg 1536w, https:\/\/instytutpolski.pl\/stockholm\/wp-content\/uploads\/sites\/17\/2023\/10\/Foto_OlofPettersson3-2048x1536.jpg 2048w\" sizes=\"auto, (max-width: 2560px) 100vw, 2560px\" \/><\/figure>\n\n\n\n<figure class=\"wp-block-image size-large\"><img loading=\"lazy\" decoding=\"async\" width=\"1920\" height=\"2560\" data-id=\"11661\" src=\"https:\/\/instytutpolski.pl\/stockholm\/wp-content\/uploads\/sites\/17\/2023\/10\/IMG_8116-scaled.jpg\" alt=\"\" class=\"wp-image-11661\" srcset=\"https:\/\/instytutpolski.pl\/stockholm\/wp-content\/uploads\/sites\/17\/2023\/10\/IMG_8116-scaled.jpg 1920w, https:\/\/instytutpolski.pl\/stockholm\/wp-content\/uploads\/sites\/17\/2023\/10\/IMG_8116-225x300.jpg 225w, https:\/\/instytutpolski.pl\/stockholm\/wp-content\/uploads\/sites\/17\/2023\/10\/IMG_8116-768x1024.jpg 768w, https:\/\/instytutpolski.pl\/stockholm\/wp-content\/uploads\/sites\/17\/2023\/10\/IMG_8116-1152x1536.jpg 1152w, https:\/\/instytutpolski.pl\/stockholm\/wp-content\/uploads\/sites\/17\/2023\/10\/IMG_8116-1536x2048.jpg 1536w\" sizes=\"auto, (max-width: 1920px) 100vw, 1920px\" \/><\/figure>\n\n\n\n<figure class=\"wp-block-image size-large\"><img loading=\"lazy\" decoding=\"async\" width=\"2560\" height=\"1920\" data-id=\"11652\" src=\"https:\/\/instytutpolski.pl\/stockholm\/wp-content\/uploads\/sites\/17\/2023\/10\/Foto_OlofPettersson2-scaled.jpg\" alt=\"\" class=\"wp-image-11652\" srcset=\"https:\/\/instytutpolski.pl\/stockholm\/wp-content\/uploads\/sites\/17\/2023\/10\/Foto_OlofPettersson2-scaled.jpg 2560w, https:\/\/instytutpolski.pl\/stockholm\/wp-content\/uploads\/sites\/17\/2023\/10\/Foto_OlofPettersson2-300x225.jpg 300w, https:\/\/instytutpolski.pl\/stockholm\/wp-content\/uploads\/sites\/17\/2023\/10\/Foto_OlofPettersson2-1024x768.jpg 1024w, https:\/\/instytutpolski.pl\/stockholm\/wp-content\/uploads\/sites\/17\/2023\/10\/Foto_OlofPettersson2-768x576.jpg 768w, https:\/\/instytutpolski.pl\/stockholm\/wp-content\/uploads\/sites\/17\/2023\/10\/Foto_OlofPettersson2-1536x1152.jpg 1536w, https:\/\/instytutpolski.pl\/stockholm\/wp-content\/uploads\/sites\/17\/2023\/10\/Foto_OlofPettersson2-2048x1536.jpg 2048w\" sizes=\"auto, (max-width: 2560px) 100vw, 2560px\" \/><\/figure>\n\n\n\n<figure class=\"wp-block-image size-large\"><img loading=\"lazy\" decoding=\"async\" width=\"2560\" height=\"1920\" data-id=\"11651\" src=\"https:\/\/instytutpolski.pl\/stockholm\/wp-content\/uploads\/sites\/17\/2023\/10\/Foto_OlofPettersson1-scaled.jpg\" alt=\"\" class=\"wp-image-11651\" srcset=\"https:\/\/instytutpolski.pl\/stockholm\/wp-content\/uploads\/sites\/17\/2023\/10\/Foto_OlofPettersson1-scaled.jpg 2560w, https:\/\/instytutpolski.pl\/stockholm\/wp-content\/uploads\/sites\/17\/2023\/10\/Foto_OlofPettersson1-300x225.jpg 300w, https:\/\/instytutpolski.pl\/stockholm\/wp-content\/uploads\/sites\/17\/2023\/10\/Foto_OlofPettersson1-1024x768.jpg 1024w, https:\/\/instytutpolski.pl\/stockholm\/wp-content\/uploads\/sites\/17\/2023\/10\/Foto_OlofPettersson1-768x576.jpg 768w, https:\/\/instytutpolski.pl\/stockholm\/wp-content\/uploads\/sites\/17\/2023\/10\/Foto_OlofPettersson1-1536x1152.jpg 1536w, https:\/\/instytutpolski.pl\/stockholm\/wp-content\/uploads\/sites\/17\/2023\/10\/Foto_OlofPettersson1-2048x1536.jpg 2048w\" sizes=\"auto, (max-width: 2560px) 100vw, 2560px\" \/><\/figure>\n\n\n\n<figure class=\"wp-block-image size-large\"><img loading=\"lazy\" decoding=\"async\" width=\"2560\" height=\"1920\" data-id=\"11658\" src=\"https:\/\/instytutpolski.pl\/stockholm\/wp-content\/uploads\/sites\/17\/2023\/10\/Foto_OlofPettersson8-scaled.jpg\" alt=\"\" class=\"wp-image-11658\" srcset=\"https:\/\/instytutpolski.pl\/stockholm\/wp-content\/uploads\/sites\/17\/2023\/10\/Foto_OlofPettersson8-scaled.jpg 2560w, https:\/\/instytutpolski.pl\/stockholm\/wp-content\/uploads\/sites\/17\/2023\/10\/Foto_OlofPettersson8-300x225.jpg 300w, https:\/\/instytutpolski.pl\/stockholm\/wp-content\/uploads\/sites\/17\/2023\/10\/Foto_OlofPettersson8-1024x768.jpg 1024w, https:\/\/instytutpolski.pl\/stockholm\/wp-content\/uploads\/sites\/17\/2023\/10\/Foto_OlofPettersson8-768x576.jpg 768w, https:\/\/instytutpolski.pl\/stockholm\/wp-content\/uploads\/sites\/17\/2023\/10\/Foto_OlofPettersson8-1536x1152.jpg 1536w, https:\/\/instytutpolski.pl\/stockholm\/wp-content\/uploads\/sites\/17\/2023\/10\/Foto_OlofPettersson8-2048x1536.jpg 2048w\" sizes=\"auto, (max-width: 2560px) 100vw, 2560px\" \/><\/figure>\n\n\n\n<figure class=\"wp-block-image size-large\"><img loading=\"lazy\" decoding=\"async\" width=\"2560\" height=\"1920\" data-id=\"11667\" src=\"https:\/\/instytutpolski.pl\/stockholm\/wp-content\/uploads\/sites\/17\/2023\/10\/IMG_8171-scaled.jpg\" alt=\"\" class=\"wp-image-11667\" srcset=\"https:\/\/instytutpolski.pl\/stockholm\/wp-content\/uploads\/sites\/17\/2023\/10\/IMG_8171-scaled.jpg 2560w, https:\/\/instytutpolski.pl\/stockholm\/wp-content\/uploads\/sites\/17\/2023\/10\/IMG_8171-300x225.jpg 300w, https:\/\/instytutpolski.pl\/stockholm\/wp-content\/uploads\/sites\/17\/2023\/10\/IMG_8171-1024x768.jpg 1024w, https:\/\/instytutpolski.pl\/stockholm\/wp-content\/uploads\/sites\/17\/2023\/10\/IMG_8171-768x576.jpg 768w, https:\/\/instytutpolski.pl\/stockholm\/wp-content\/uploads\/sites\/17\/2023\/10\/IMG_8171-1536x1152.jpg 1536w, https:\/\/instytutpolski.pl\/stockholm\/wp-content\/uploads\/sites\/17\/2023\/10\/IMG_8171-2048x1536.jpg 2048w\" sizes=\"auto, (max-width: 2560px) 100vw, 2560px\" \/><\/figure>\n\n\n\n<figure class=\"wp-block-image size-large\"><img loading=\"lazy\" decoding=\"async\" width=\"2560\" height=\"1920\" data-id=\"11666\" src=\"https:\/\/instytutpolski.pl\/stockholm\/wp-content\/uploads\/sites\/17\/2023\/10\/IMG_8170-scaled.jpg\" alt=\"\" class=\"wp-image-11666\" srcset=\"https:\/\/instytutpolski.pl\/stockholm\/wp-content\/uploads\/sites\/17\/2023\/10\/IMG_8170-scaled.jpg 2560w, https:\/\/instytutpolski.pl\/stockholm\/wp-content\/uploads\/sites\/17\/2023\/10\/IMG_8170-300x225.jpg 300w, https:\/\/instytutpolski.pl\/stockholm\/wp-content\/uploads\/sites\/17\/2023\/10\/IMG_8170-1024x768.jpg 1024w, https:\/\/instytutpolski.pl\/stockholm\/wp-content\/uploads\/sites\/17\/2023\/10\/IMG_8170-768x576.jpg 768w, https:\/\/instytutpolski.pl\/stockholm\/wp-content\/uploads\/sites\/17\/2023\/10\/IMG_8170-1536x1152.jpg 1536w, https:\/\/instytutpolski.pl\/stockholm\/wp-content\/uploads\/sites\/17\/2023\/10\/IMG_8170-2048x1536.jpg 2048w\" sizes=\"auto, (max-width: 2560px) 100vw, 2560px\" \/><\/figure>\n\n\n\n<figure class=\"wp-block-image size-large\"><img loading=\"lazy\" decoding=\"async\" width=\"2560\" height=\"1920\" data-id=\"11655\" src=\"https:\/\/instytutpolski.pl\/stockholm\/wp-content\/uploads\/sites\/17\/2023\/10\/Foto_OlofPettersson5-scaled.jpg\" alt=\"\" class=\"wp-image-11655\" srcset=\"https:\/\/instytutpolski.pl\/stockholm\/wp-content\/uploads\/sites\/17\/2023\/10\/Foto_OlofPettersson5-scaled.jpg 2560w, https:\/\/instytutpolski.pl\/stockholm\/wp-content\/uploads\/sites\/17\/2023\/10\/Foto_OlofPettersson5-300x225.jpg 300w, https:\/\/instytutpolski.pl\/stockholm\/wp-content\/uploads\/sites\/17\/2023\/10\/Foto_OlofPettersson5-1024x768.jpg 1024w, https:\/\/instytutpolski.pl\/stockholm\/wp-content\/uploads\/sites\/17\/2023\/10\/Foto_OlofPettersson5-768x576.jpg 768w, https:\/\/instytutpolski.pl\/stockholm\/wp-content\/uploads\/sites\/17\/2023\/10\/Foto_OlofPettersson5-1536x1152.jpg 1536w, https:\/\/instytutpolski.pl\/stockholm\/wp-content\/uploads\/sites\/17\/2023\/10\/Foto_OlofPettersson5-2048x1536.jpg 2048w\" sizes=\"auto, (max-width: 2560px) 100vw, 2560px\" \/><\/figure>\n\n\n\n<figure class=\"wp-block-image size-large\"><img loading=\"lazy\" decoding=\"async\" width=\"2560\" height=\"1920\" data-id=\"11656\" src=\"https:\/\/instytutpolski.pl\/stockholm\/wp-content\/uploads\/sites\/17\/2023\/10\/Foto_OlofPettersson6-scaled.jpg\" alt=\"\" class=\"wp-image-11656\" srcset=\"https:\/\/instytutpolski.pl\/stockholm\/wp-content\/uploads\/sites\/17\/2023\/10\/Foto_OlofPettersson6-scaled.jpg 2560w, https:\/\/instytutpolski.pl\/stockholm\/wp-content\/uploads\/sites\/17\/2023\/10\/Foto_OlofPettersson6-300x225.jpg 300w, https:\/\/instytutpolski.pl\/stockholm\/wp-content\/uploads\/sites\/17\/2023\/10\/Foto_OlofPettersson6-1024x768.jpg 1024w, https:\/\/instytutpolski.pl\/stockholm\/wp-content\/uploads\/sites\/17\/2023\/10\/Foto_OlofPettersson6-768x576.jpg 768w, https:\/\/instytutpolski.pl\/stockholm\/wp-content\/uploads\/sites\/17\/2023\/10\/Foto_OlofPettersson6-1536x1152.jpg 1536w, https:\/\/instytutpolski.pl\/stockholm\/wp-content\/uploads\/sites\/17\/2023\/10\/Foto_OlofPettersson6-2048x1536.jpg 2048w\" sizes=\"auto, (max-width: 2560px) 100vw, 2560px\" \/><\/figure>\n\n\n\n<figure class=\"wp-block-image size-large\"><img loading=\"lazy\" decoding=\"async\" width=\"2560\" height=\"1920\" data-id=\"11665\" src=\"https:\/\/instytutpolski.pl\/stockholm\/wp-content\/uploads\/sites\/17\/2023\/10\/IMG_8166-scaled.jpg\" alt=\"\" class=\"wp-image-11665\" srcset=\"https:\/\/instytutpolski.pl\/stockholm\/wp-content\/uploads\/sites\/17\/2023\/10\/IMG_8166-scaled.jpg 2560w, https:\/\/instytutpolski.pl\/stockholm\/wp-content\/uploads\/sites\/17\/2023\/10\/IMG_8166-300x225.jpg 300w, https:\/\/instytutpolski.pl\/stockholm\/wp-content\/uploads\/sites\/17\/2023\/10\/IMG_8166-1024x768.jpg 1024w, https:\/\/instytutpolski.pl\/stockholm\/wp-content\/uploads\/sites\/17\/2023\/10\/IMG_8166-768x576.jpg 768w, https:\/\/instytutpolski.pl\/stockholm\/wp-content\/uploads\/sites\/17\/2023\/10\/IMG_8166-1536x1152.jpg 1536w, https:\/\/instytutpolski.pl\/stockholm\/wp-content\/uploads\/sites\/17\/2023\/10\/IMG_8166-2048x1536.jpg 2048w\" sizes=\"auto, (max-width: 2560px) 100vw, 2560px\" \/><\/figure>\n\n\n\n<figure class=\"wp-block-image size-large\"><img loading=\"lazy\" decoding=\"async\" width=\"2560\" height=\"1920\" data-id=\"11664\" src=\"https:\/\/instytutpolski.pl\/stockholm\/wp-content\/uploads\/sites\/17\/2023\/10\/IMG_8153-scaled.jpg\" alt=\"\" class=\"wp-image-11664\" srcset=\"https:\/\/instytutpolski.pl\/stockholm\/wp-content\/uploads\/sites\/17\/2023\/10\/IMG_8153-scaled.jpg 2560w, https:\/\/instytutpolski.pl\/stockholm\/wp-content\/uploads\/sites\/17\/2023\/10\/IMG_8153-300x225.jpg 300w, https:\/\/instytutpolski.pl\/stockholm\/wp-content\/uploads\/sites\/17\/2023\/10\/IMG_8153-1024x768.jpg 1024w, https:\/\/instytutpolski.pl\/stockholm\/wp-content\/uploads\/sites\/17\/2023\/10\/IMG_8153-768x576.jpg 768w, https:\/\/instytutpolski.pl\/stockholm\/wp-content\/uploads\/sites\/17\/2023\/10\/IMG_8153-1536x1152.jpg 1536w, https:\/\/instytutpolski.pl\/stockholm\/wp-content\/uploads\/sites\/17\/2023\/10\/IMG_8153-2048x1536.jpg 2048w\" sizes=\"auto, (max-width: 2560px) 100vw, 2560px\" \/><\/figure>\n\n\n\n<figure class=\"wp-block-image size-large\"><img loading=\"lazy\" decoding=\"async\" width=\"1920\" height=\"2560\" data-id=\"11663\" src=\"https:\/\/instytutpolski.pl\/stockholm\/wp-content\/uploads\/sites\/17\/2023\/10\/IMG_8147-scaled.jpg\" alt=\"\" class=\"wp-image-11663\" srcset=\"https:\/\/instytutpolski.pl\/stockholm\/wp-content\/uploads\/sites\/17\/2023\/10\/IMG_8147-scaled.jpg 1920w, https:\/\/instytutpolski.pl\/stockholm\/wp-content\/uploads\/sites\/17\/2023\/10\/IMG_8147-225x300.jpg 225w, https:\/\/instytutpolski.pl\/stockholm\/wp-content\/uploads\/sites\/17\/2023\/10\/IMG_8147-768x1024.jpg 768w, https:\/\/instytutpolski.pl\/stockholm\/wp-content\/uploads\/sites\/17\/2023\/10\/IMG_8147-1152x1536.jpg 1152w, https:\/\/instytutpolski.pl\/stockholm\/wp-content\/uploads\/sites\/17\/2023\/10\/IMG_8147-1536x2048.jpg 1536w\" sizes=\"auto, (max-width: 1920px) 100vw, 1920px\" \/><\/figure>\n\n\n\n<figure class=\"wp-block-image size-large\"><img loading=\"lazy\" decoding=\"async\" width=\"2560\" height=\"1920\" data-id=\"11654\" src=\"https:\/\/instytutpolski.pl\/stockholm\/wp-content\/uploads\/sites\/17\/2023\/10\/Foto_OlofPettersson4-scaled.jpg\" alt=\"\" class=\"wp-image-11654\" srcset=\"https:\/\/instytutpolski.pl\/stockholm\/wp-content\/uploads\/sites\/17\/2023\/10\/Foto_OlofPettersson4-scaled.jpg 2560w, https:\/\/instytutpolski.pl\/stockholm\/wp-content\/uploads\/sites\/17\/2023\/10\/Foto_OlofPettersson4-300x225.jpg 300w, https:\/\/instytutpolski.pl\/stockholm\/wp-content\/uploads\/sites\/17\/2023\/10\/Foto_OlofPettersson4-1024x768.jpg 1024w, https:\/\/instytutpolski.pl\/stockholm\/wp-content\/uploads\/sites\/17\/2023\/10\/Foto_OlofPettersson4-768x576.jpg 768w, https:\/\/instytutpolski.pl\/stockholm\/wp-content\/uploads\/sites\/17\/2023\/10\/Foto_OlofPettersson4-1536x1152.jpg 1536w, https:\/\/instytutpolski.pl\/stockholm\/wp-content\/uploads\/sites\/17\/2023\/10\/Foto_OlofPettersson4-2048x1536.jpg 2048w\" sizes=\"auto, (max-width: 2560px) 100vw, 2560px\" \/><\/figure>\n<\/figure>\n","protected":false},"excerpt":{"rendered":"<p>W tym roku obchodzili\u015bmy Europejski Dzie\u0144 J\u0119zyka 26 wrze\u015bnia poprzez organizacj\u0119 kafejki j\u0119zykowej w Europahuset w Sztokholmie, podczas kt\u00f3rej oferowane by\u0142y minikursy j\u0119zykowe w dwudziestu pi\u0119ciu j\u0119zykach, m.in w j\u0119zyku polskim dla oko\u0142o sze\u015bciuset uczni\u00f3w ze szwedzkich gimnazj\u00f3w i lice\u00f3w, kt\u00f3rzy przybyli z nauczycielami z dwudziestu r\u00f3\u017cnych szk\u00f3\u0142. Dodatkowo przyznano nagrod\u0119 zwyci\u0119zcy konkursu Europejskiego Dnia [&hellip;]<\/p>\n","protected":false},"author":173,"featured_media":11653,"comment_status":"closed","ping_status":"closed","sticky":true,"template":"","format":"standard","meta":{"inline_featured_image":false,"_monsterinsights_skip_tracking":false,"_monsterinsights_sitenote_active":false,"_monsterinsights_sitenote_note":"","_monsterinsights_sitenote_category":0,"footnotes":""},"categories":[208],"tags":[],"class_list":["post-11673","post","type-post","status-publish","format-standard","has-post-thumbnail","hentry","category-galeria-pl"],"yoast_head":"<!-- This site is optimized with the Yoast SEO plugin v24.6 - https:\/\/yoast.com\/wordpress\/plugins\/seo\/ -->\n<title>Fotoreporta\u017c: Europejski Dzie\u0144 J\u0119zyk\u00f3w 2023 - Instytut Polski w Sztokholmie<\/title>\n<meta name=\"robots\" content=\"index, follow, max-snippet:-1, max-image-preview:large, max-video-preview:-1\" \/>\n<link rel=\"canonical\" href=\"https:\/\/instytutpolski.pl\/stockholm\/pl\/2023\/10\/16\/fotoreportaz-europejski-dzien-jezykow-2023\/\" \/>\n<meta property=\"og:locale\" content=\"pl_PL\" \/>\n<meta property=\"og:type\" content=\"article\" \/>\n<meta property=\"og:title\" content=\"Fotoreporta\u017c: Europejski Dzie\u0144 J\u0119zyk\u00f3w 2023 - Instytut Polski w Sztokholmie\" \/>\n<meta property=\"og:description\" content=\"W tym roku obchodzili\u015bmy Europejski Dzie\u0144 J\u0119zyka 26 wrze\u015bnia poprzez organizacj\u0119 kafejki j\u0119zykowej w Europahuset w Sztokholmie, podczas kt\u00f3rej oferowane by\u0142y minikursy j\u0119zykowe w dwudziestu pi\u0119ciu j\u0119zykach, m.in w j\u0119zyku polskim dla oko\u0142o sze\u015bciuset uczni\u00f3w ze szwedzkich gimnazj\u00f3w i lice\u00f3w, kt\u00f3rzy przybyli z nauczycielami z dwudziestu r\u00f3\u017cnych szk\u00f3\u0142. Dodatkowo przyznano nagrod\u0119 zwyci\u0119zcy konkursu Europejskiego Dnia [&hellip;]\" \/>\n<meta property=\"og:url\" content=\"https:\/\/instytutpolski.pl\/stockholm\/pl\/2023\/10\/16\/fotoreportaz-europejski-dzien-jezykow-2023\/\" \/>\n<meta property=\"og:site_name\" content=\"Instytut Polski w Sztokholmie\" \/>\n<meta property=\"article:published_time\" content=\"2023-10-16T09:23:28+00:00\" \/>\n<meta property=\"article:modified_time\" content=\"2023-10-30T13:29:13+00:00\" \/>\n<meta property=\"og:image\" content=\"https:\/\/instytutpolski.pl\/stockholm\/wp-content\/uploads\/sites\/17\/2023\/10\/Foto_OlofPettersson3-scaled.jpg\" \/>\n\t<meta property=\"og:image:width\" content=\"2560\" \/>\n\t<meta property=\"og:image:height\" content=\"1920\" \/>\n\t<meta property=\"og:image:type\" content=\"image\/jpeg\" \/>\n<meta name=\"author\" content=\"treichelp\" \/>\n<meta name=\"twitter:card\" content=\"summary_large_image\" \/>\n<meta name=\"twitter:label1\" content=\"Napisane przez\" \/>\n\t<meta name=\"twitter:data1\" content=\"treichelp\" \/>\n\t<meta name=\"twitter:label2\" content=\"Szacowany czas czytania\" \/>\n\t<meta name=\"twitter:data2\" content=\"5 minut\" \/>\n<script type=\"application\/ld+json\" class=\"yoast-schema-graph\">{\"@context\":\"https:\/\/schema.org\",\"@graph\":[{\"@type\":\"event\",\"@id\":\"https:\/\/instytutpolski.pl\/stockholm\/pl\/2023\/10\/16\/fotoreportaz-europejski-dzien-jezykow-2023\/\",\"url\":\"https:\/\/instytutpolski.pl\/stockholm\/pl\/2023\/10\/16\/fotoreportaz-europejski-dzien-jezykow-2023\/\",\"name\":\"Fotoreporta\u017c: Europejski Dzie\u0144 J\u0119zyk\u00f3w 2023\",\"isPartOf\":{\"@id\":\"https:\/\/instytutpolski.pl\/stockholm\/#website\"},\"primaryImageOfPage\":{\"@id\":\"https:\/\/instytutpolski.pl\/stockholm\/pl\/2023\/10\/16\/fotoreportaz-europejski-dzien-jezykow-2023\/#primaryimage\"},\"image\":[\"https:\/\/instytutpolski.pl\/stockholm\/wp-content\/uploads\/sites\/17\/2023\/10\/Foto_OlofPettersson3-scaled.jpg\",\"https:\/\/instytutpolski.pl\/stockholm\/wp-content\/uploads\/sites\/17\/2023\/10\/Foto_OlofPettersson3-300x225.jpg\",\"https:\/\/instytutpolski.pl\/stockholm\/wp-content\/uploads\/sites\/17\/2023\/10\/Foto_OlofPettersson3-1024x768.jpg\",\"https:\/\/instytutpolski.pl\/stockholm\/wp-content\/uploads\/sites\/17\/2023\/10\/Foto_OlofPettersson3-scaled.jpg\"],\"thumbnailUrl\":\"https:\/\/instytutpolski.pl\/stockholm\/wp-content\/uploads\/sites\/17\/2023\/10\/Foto_OlofPettersson3-scaled.jpg\",\"datePublished\":\"2023-10-16T09:23:28+02:00\",\"dateModified\":\"2023-10-30T13:29:13+02:00\",\"author\":{\"@id\":\"https:\/\/instytutpolski.pl\/stockholm\/#\/schema\/person\/866a2c0f4ccf0982a286809684f7bc1e\"},\"breadcrumb\":{\"@id\":\"https:\/\/instytutpolski.pl\/stockholm\/pl\/2023\/10\/16\/fotoreportaz-europejski-dzien-jezykow-2023\/#breadcrumb\"},\"inLanguage\":\"pl-PL\",\"potentialAction\":[{\"@type\":\"ReadAction\",\"target\":[\"https:\/\/instytutpolski.pl\/stockholm\/pl\/2023\/10\/16\/fotoreportaz-europejski-dzien-jezykow-2023\/\"]}],\"@context\":\"https:\/\/schema.org\",\"startDate\":\"2023-09-26\",\"endDate\":\"2023-09-26\",\"eventStatus\":\"EventScheduled\",\"eventAttendanceMode\":\"OfflineEventAttendanceMode\",\"location\":{\"@type\":\"place\",\"name\":\"Europahuset, Stockholm\",\"address\":\"Europahuset, Stockholm\",\"geo\":{\"@type\":\"GeoCoordinates\",\"latitude\":\"59.24306044776779\",\"longitude\":\"18.148146484249256\"}},\"description\":\"W tym roku obchodzili\u015bmy Europejski Dzie\u0144 J\u0119zyka 26 wrze\u015bnia poprzez organizacj\u0119 kafejki j\u0119zykowej w Europahuset w Sztokholmie, podczas kt\u00f3rej oferowane by\u0142y minikursy j\u0119zykowe w dwudziestu pi\u0119ciu j\u0119zykach, m.in w j\u0119zyku polskim dla oko\u0142o sze\u015bciuset uczni\u00f3w ze szwedzkich gimnazj\u00f3w i lice\u00f3w, kt\u00f3rzy przybyli z nauczycielami z dwudziestu r\u00f3\u017cnych szk\u00f3\u0142. Dodatkowo przyznano nagrod\u0119 zwyci\u0119zcy konkursu Europejskiego Dnia J\u0119zyk\u00f3w 2023, kt\u00f3ry w tym roku polega\u0142 na stworzeniu kr\u00f3tkiego komiksu o tematyce podr\u00f3\u017cy w czasie w ulubionym j\u0119zyku europejskim. Gratulujemy Michelle Freeman z Alirskolan w Bolln\u00e4s pierwszej nagrody!\\n\u201eS\u0119dziowie byli pod wra\u017ceniem umiej\u0119tnego rozwini\u0119cie fabu\u0142y przez Michelle oraz wykorzystania humoru do zbudowania napi\u0119cia i antyklimaksu, a tak\u017ce uznali zarysowanie emocji bohater\u00f3w za bardzo skuteczne, nawet w j\u0119zyku hiszpa\u0144skim, przy pomocy wysokiej jako\u015bci rysunk\u00f3w.\u201d (Motywacja jury)\\nWywiad z Michelle oraz jej komiks jest dost\u0119pny na stronie Komisji Europejskiej (szwedzki)\\nDo zobaczenia za rok!\\nFoto: Olof Pettersson i Instytut Polski\\nProjekt jest wynikiem wsp\u00f3\u0142pracy Reprezentacji Komisji Europejskiej w Szwecji oraz Instytut\u00f3w kulturalnych i organizacji europejskich w Sztokholmie, w tym Instytutu Polskiego.\"},{\"@type\":\"ImageObject\",\"inLanguage\":\"pl-PL\",\"@id\":\"https:\/\/instytutpolski.pl\/stockholm\/pl\/2023\/10\/16\/fotoreportaz-europejski-dzien-jezykow-2023\/#primaryimage\",\"url\":\"https:\/\/instytutpolski.pl\/stockholm\/wp-content\/uploads\/sites\/17\/2023\/10\/Foto_OlofPettersson3-scaled.jpg\",\"contentUrl\":\"https:\/\/instytutpolski.pl\/stockholm\/wp-content\/uploads\/sites\/17\/2023\/10\/Foto_OlofPettersson3-scaled.jpg\",\"width\":2560,\"height\":1920},{\"@type\":\"BreadcrumbList\",\"@id\":\"https:\/\/instytutpolski.pl\/stockholm\/pl\/2023\/10\/16\/fotoreportaz-europejski-dzien-jezykow-2023\/#breadcrumb\",\"itemListElement\":[{\"@type\":\"ListItem\",\"position\":1,\"name\":\"Home\",\"item\":\"https:\/\/instytutpolski.pl\/stockholm\/\"},{\"@type\":\"ListItem\",\"position\":2,\"name\":\"Fotoreporta\u017c: Europejski Dzie\u0144 J\u0119zyk\u00f3w 2023\"}]},{\"@type\":\"WebSite\",\"@id\":\"https:\/\/instytutpolski.pl\/stockholm\/#website\",\"url\":\"https:\/\/instytutpolski.pl\/stockholm\/\",\"name\":\"Instytut Polski w Sztokholmie\",\"description\":\"Instytuty Polskie\",\"potentialAction\":[{\"@type\":\"SearchAction\",\"target\":{\"@type\":\"EntryPoint\",\"urlTemplate\":\"https:\/\/instytutpolski.pl\/stockholm\/?s={search_term_string}\"},\"query-input\":{\"@type\":\"PropertyValueSpecification\",\"valueRequired\":true,\"valueName\":\"search_term_string\"}}],\"inLanguage\":\"pl-PL\"},{\"@type\":\"Person\",\"@id\":\"https:\/\/instytutpolski.pl\/stockholm\/#\/schema\/person\/866a2c0f4ccf0982a286809684f7bc1e\",\"name\":\"treichelp\",\"image\":{\"@type\":\"ImageObject\",\"inLanguage\":\"pl-PL\",\"@id\":\"https:\/\/instytutpolski.pl\/stockholm\/#\/schema\/person\/image\/\",\"url\":\"https:\/\/secure.gravatar.com\/avatar\/fb2c1caae0df0854742a56fc463dd1fb?s=96&d=mm&r=g\",\"contentUrl\":\"https:\/\/secure.gravatar.com\/avatar\/fb2c1caae0df0854742a56fc463dd1fb?s=96&d=mm&r=g\",\"caption\":\"treichelp\"},\"url\":\"https:\/\/instytutpolski.pl\/stockholm\/author\/treichelp\/\"}]}<\/script>\n<!-- \/ Yoast SEO plugin. -->","yoast_head_json":{"title":"Fotoreporta\u017c: Europejski Dzie\u0144 J\u0119zyk\u00f3w 2023 - Instytut Polski w Sztokholmie","robots":{"index":"index","follow":"follow","max-snippet":"max-snippet:-1","max-image-preview":"max-image-preview:large","max-video-preview":"max-video-preview:-1"},"canonical":"https:\/\/instytutpolski.pl\/stockholm\/pl\/2023\/10\/16\/fotoreportaz-europejski-dzien-jezykow-2023\/","og_locale":"pl_PL","og_type":"article","og_title":"Fotoreporta\u017c: Europejski Dzie\u0144 J\u0119zyk\u00f3w 2023 - Instytut Polski w Sztokholmie","og_description":"W tym roku obchodzili\u015bmy Europejski Dzie\u0144 J\u0119zyka 26 wrze\u015bnia poprzez organizacj\u0119 kafejki j\u0119zykowej w Europahuset w Sztokholmie, podczas kt\u00f3rej oferowane by\u0142y minikursy j\u0119zykowe w dwudziestu pi\u0119ciu j\u0119zykach, m.in w j\u0119zyku polskim dla oko\u0142o sze\u015bciuset uczni\u00f3w ze szwedzkich gimnazj\u00f3w i lice\u00f3w, kt\u00f3rzy przybyli z nauczycielami z dwudziestu r\u00f3\u017cnych szk\u00f3\u0142. Dodatkowo przyznano nagrod\u0119 zwyci\u0119zcy konkursu Europejskiego Dnia [&hellip;]","og_url":"https:\/\/instytutpolski.pl\/stockholm\/pl\/2023\/10\/16\/fotoreportaz-europejski-dzien-jezykow-2023\/","og_site_name":"Instytut Polski w Sztokholmie","article_published_time":"2023-10-16T09:23:28+00:00","article_modified_time":"2023-10-30T13:29:13+00:00","og_image":[{"width":2560,"height":1920,"url":"https:\/\/instytutpolski.pl\/stockholm\/wp-content\/uploads\/sites\/17\/2023\/10\/Foto_OlofPettersson3-scaled.jpg","type":"image\/jpeg"}],"author":"treichelp","twitter_card":"summary_large_image","twitter_misc":{"Napisane przez":"treichelp","Szacowany czas czytania":"5 minut"},"schema":{"@context":"https:\/\/schema.org","@graph":[{"@type":"event","@id":"https:\/\/instytutpolski.pl\/stockholm\/pl\/2023\/10\/16\/fotoreportaz-europejski-dzien-jezykow-2023\/","url":"https:\/\/instytutpolski.pl\/stockholm\/pl\/2023\/10\/16\/fotoreportaz-europejski-dzien-jezykow-2023\/","name":"Fotoreporta\u017c: Europejski Dzie\u0144 J\u0119zyk\u00f3w 2023","isPartOf":{"@id":"https:\/\/instytutpolski.pl\/stockholm\/#website"},"primaryImageOfPage":{"@id":"https:\/\/instytutpolski.pl\/stockholm\/pl\/2023\/10\/16\/fotoreportaz-europejski-dzien-jezykow-2023\/#primaryimage"},"image":["https:\/\/instytutpolski.pl\/stockholm\/wp-content\/uploads\/sites\/17\/2023\/10\/Foto_OlofPettersson3-scaled.jpg","https:\/\/instytutpolski.pl\/stockholm\/wp-content\/uploads\/sites\/17\/2023\/10\/Foto_OlofPettersson3-300x225.jpg","https:\/\/instytutpolski.pl\/stockholm\/wp-content\/uploads\/sites\/17\/2023\/10\/Foto_OlofPettersson3-1024x768.jpg","https:\/\/instytutpolski.pl\/stockholm\/wp-content\/uploads\/sites\/17\/2023\/10\/Foto_OlofPettersson3-scaled.jpg"],"thumbnailUrl":"https:\/\/instytutpolski.pl\/stockholm\/wp-content\/uploads\/sites\/17\/2023\/10\/Foto_OlofPettersson3-scaled.jpg","datePublished":"2023-10-16T09:23:28+02:00","dateModified":"2023-10-30T13:29:13+02:00","author":{"@id":"https:\/\/instytutpolski.pl\/stockholm\/#\/schema\/person\/866a2c0f4ccf0982a286809684f7bc1e"},"breadcrumb":{"@id":"https:\/\/instytutpolski.pl\/stockholm\/pl\/2023\/10\/16\/fotoreportaz-europejski-dzien-jezykow-2023\/#breadcrumb"},"inLanguage":"pl-PL","potentialAction":[{"@type":"ReadAction","target":["https:\/\/instytutpolski.pl\/stockholm\/pl\/2023\/10\/16\/fotoreportaz-europejski-dzien-jezykow-2023\/"]}],"@context":"https:\/\/schema.org","startDate":"2023-09-26","endDate":"2023-09-26","eventStatus":"EventScheduled","eventAttendanceMode":"OfflineEventAttendanceMode","location":{"@type":"place","name":"Europahuset, Stockholm","address":"Europahuset, Stockholm","geo":{"@type":"GeoCoordinates","latitude":"59.24306044776779","longitude":"18.148146484249256"}},"description":"W tym roku obchodzili\u015bmy Europejski Dzie\u0144 J\u0119zyka 26 wrze\u015bnia poprzez organizacj\u0119 kafejki j\u0119zykowej w Europahuset w Sztokholmie, podczas kt\u00f3rej oferowane by\u0142y minikursy j\u0119zykowe w dwudziestu pi\u0119ciu j\u0119zykach, m.in w j\u0119zyku polskim dla oko\u0142o sze\u015bciuset uczni\u00f3w ze szwedzkich gimnazj\u00f3w i lice\u00f3w, kt\u00f3rzy przybyli z nauczycielami z dwudziestu r\u00f3\u017cnych szk\u00f3\u0142. Dodatkowo przyznano nagrod\u0119 zwyci\u0119zcy konkursu Europejskiego Dnia J\u0119zyk\u00f3w 2023, kt\u00f3ry w tym roku polega\u0142 na stworzeniu kr\u00f3tkiego komiksu o tematyce podr\u00f3\u017cy w czasie w ulubionym j\u0119zyku europejskim. Gratulujemy Michelle Freeman z Alirskolan w Bolln\u00e4s pierwszej nagrody!\n\u201eS\u0119dziowie byli pod wra\u017ceniem umiej\u0119tnego rozwini\u0119cie fabu\u0142y przez Michelle oraz wykorzystania humoru do zbudowania napi\u0119cia i antyklimaksu, a tak\u017ce uznali zarysowanie emocji bohater\u00f3w za bardzo skuteczne, nawet w j\u0119zyku hiszpa\u0144skim, przy pomocy wysokiej jako\u015bci rysunk\u00f3w.\u201d (Motywacja jury)\nWywiad z Michelle oraz jej komiks jest dost\u0119pny na stronie Komisji Europejskiej (szwedzki)\nDo zobaczenia za rok!\nFoto: Olof Pettersson i Instytut Polski\nProjekt jest wynikiem wsp\u00f3\u0142pracy Reprezentacji Komisji Europejskiej w Szwecji oraz Instytut\u00f3w kulturalnych i organizacji europejskich w Sztokholmie, w tym Instytutu Polskiego."},{"@type":"ImageObject","inLanguage":"pl-PL","@id":"https:\/\/instytutpolski.pl\/stockholm\/pl\/2023\/10\/16\/fotoreportaz-europejski-dzien-jezykow-2023\/#primaryimage","url":"https:\/\/instytutpolski.pl\/stockholm\/wp-content\/uploads\/sites\/17\/2023\/10\/Foto_OlofPettersson3-scaled.jpg","contentUrl":"https:\/\/instytutpolski.pl\/stockholm\/wp-content\/uploads\/sites\/17\/2023\/10\/Foto_OlofPettersson3-scaled.jpg","width":2560,"height":1920},{"@type":"BreadcrumbList","@id":"https:\/\/instytutpolski.pl\/stockholm\/pl\/2023\/10\/16\/fotoreportaz-europejski-dzien-jezykow-2023\/#breadcrumb","itemListElement":[{"@type":"ListItem","position":1,"name":"Home","item":"https:\/\/instytutpolski.pl\/stockholm\/"},{"@type":"ListItem","position":2,"name":"Fotoreporta\u017c: Europejski Dzie\u0144 J\u0119zyk\u00f3w 2023"}]},{"@type":"WebSite","@id":"https:\/\/instytutpolski.pl\/stockholm\/#website","url":"https:\/\/instytutpolski.pl\/stockholm\/","name":"Instytut Polski w Sztokholmie","description":"Instytuty Polskie","potentialAction":[{"@type":"SearchAction","target":{"@type":"EntryPoint","urlTemplate":"https:\/\/instytutpolski.pl\/stockholm\/?s={search_term_string}"},"query-input":{"@type":"PropertyValueSpecification","valueRequired":true,"valueName":"search_term_string"}}],"inLanguage":"pl-PL"},{"@type":"Person","@id":"https:\/\/instytutpolski.pl\/stockholm\/#\/schema\/person\/866a2c0f4ccf0982a286809684f7bc1e","name":"treichelp","image":{"@type":"ImageObject","inLanguage":"pl-PL","@id":"https:\/\/instytutpolski.pl\/stockholm\/#\/schema\/person\/image\/","url":"https:\/\/secure.gravatar.com\/avatar\/fb2c1caae0df0854742a56fc463dd1fb?s=96&d=mm&r=g","contentUrl":"https:\/\/secure.gravatar.com\/avatar\/fb2c1caae0df0854742a56fc463dd1fb?s=96&d=mm&r=g","caption":"treichelp"},"url":"https:\/\/instytutpolski.pl\/stockholm\/author\/treichelp\/"}]}},"_links":{"self":[{"href":"https:\/\/instytutpolski.pl\/stockholm\/wp-json\/wp\/v2\/posts\/11673","targetHints":{"allow":["GET"]}}],"collection":[{"href":"https:\/\/instytutpolski.pl\/stockholm\/wp-json\/wp\/v2\/posts"}],"about":[{"href":"https:\/\/instytutpolski.pl\/stockholm\/wp-json\/wp\/v2\/types\/post"}],"author":[{"embeddable":true,"href":"https:\/\/instytutpolski.pl\/stockholm\/wp-json\/wp\/v2\/users\/173"}],"replies":[{"embeddable":true,"href":"https:\/\/instytutpolski.pl\/stockholm\/wp-json\/wp\/v2\/comments?post=11673"}],"version-history":[{"count":7,"href":"https:\/\/instytutpolski.pl\/stockholm\/wp-json\/wp\/v2\/posts\/11673\/revisions"}],"predecessor-version":[{"id":11863,"href":"https:\/\/instytutpolski.pl\/stockholm\/wp-json\/wp\/v2\/posts\/11673\/revisions\/11863"}],"wp:featuredmedia":[{"embeddable":true,"href":"https:\/\/instytutpolski.pl\/stockholm\/wp-json\/wp\/v2\/media\/11653"}],"wp:attachment":[{"href":"https:\/\/instytutpolski.pl\/stockholm\/wp-json\/wp\/v2\/media?parent=11673"}],"wp:term":[{"taxonomy":"category","embeddable":true,"href":"https:\/\/instytutpolski.pl\/stockholm\/wp-json\/wp\/v2\/categories?post=11673"},{"taxonomy":"post_tag","embeddable":true,"href":"https:\/\/instytutpolski.pl\/stockholm\/wp-json\/wp\/v2\/tags?post=11673"}],"curies":[{"name":"wp","href":"https:\/\/api.w.org\/{rel}","templated":true}]}}