{"id":11692,"date":"2023-10-19T14:53:31","date_gmt":"2023-10-19T12:53:31","guid":{"rendered":"https:\/\/instytutpolski.pl\/stockholm\/?p=11692"},"modified":"2023-10-23T09:34:30","modified_gmt":"2023-10-23T07:34:30","slug":"arets-illuminering-av-wladyslaw-hasiors-solspann-i-sodertalje","status":"publish","type":"post","link":"https:\/\/instytutpolski.pl\/stockholm\/2023\/10\/19\/arets-illuminering-av-wladyslaw-hasiors-solspann-i-sodertalje\/","title":{"rendered":"\u00c5rets illuminering av W\u0142adys\u0142aw Hasiors \u201dSolspann\u201d i S\u00f6dert\u00e4lje"},"content":{"rendered":"\n<p>21 oktober kl 17.00 samlas vi i S\u00f6dert\u00e4ljes Stadspark. Roger Sellberg h\u00e4lsar alla v\u00e4lkomna. Det blir s\u00e5ng av k\u00f6ren Solspann och tal av konstn\u00e4ren G\u00f6ran Pettersson. Delta i fackelt\u00e5get mot skulpturgruppen Solspann, som uppf\u00f6rdes mellan 1972-1976 , och illumineringen av \u201dHasiors h\u00e4star\u201d. Ukrainian-Polish Orchestra spelar vid h\u00e4starna, d\u00e4r vi samlas f\u00f6r att inv\u00e4nta skymningen. Alla \u00e4r hj\u00e4rtligt v\u00e4lkomna. Kl\u00e4der efter v\u00e4der!<\/p>\n\n\n\n<p>V\u00e4lkommen \u00f6nskar: ABF S\u00f6dert\u00e4lje-Nykvarn, Kulturhistoriska F\u00f6reningen S\u00f6dert\u00e4lje, Polska institutet och S\u00f6dert\u00e4lje konsthall.<\/p>\n\n\n\n<p>L\u00e4s mer p\u00e5 <a href=\"https:\/\/fb.me\/e\/3TrSh5d1i\" target=\"_blank\" rel=\"noreferrer noopener\">Facebook event<\/a>!<\/p>\n","protected":false},"excerpt":{"rendered":"<p>21 oktober kl 17.00 samlas vi i S\u00f6dert\u00e4ljes Stadspark. Roger Sellberg h\u00e4lsar alla v\u00e4lkomna. Det blir s\u00e5ng av k\u00f6ren Solspann och tal av konstn\u00e4ren G\u00f6ran Pettersson. Delta i fackelt\u00e5get mot skulpturgruppen Solspann, som uppf\u00f6rdes mellan 1972-1976 , och illumineringen av \u201dHasiors h\u00e4star\u201d. Ukrainian-Polish Orchestra spelar vid h\u00e4starna, d\u00e4r vi samlas f\u00f6r att inv\u00e4nta skymningen. Alla [&hellip;]<\/p>\n","protected":false},"author":173,"featured_media":11693,"comment_status":"closed","ping_status":"closed","sticky":false,"template":"","format":"standard","meta":{"inline_featured_image":false,"_monsterinsights_skip_tracking":false,"_monsterinsights_sitenote_active":false,"_monsterinsights_sitenote_note":"","_monsterinsights_sitenote_category":0,"footnotes":""},"categories":[222,12,102],"tags":[],"class_list":["post-11692","post","type-post","status-publish","format-standard","has-post-thumbnail","hentry","category-aktualnosc-se","category-evenemang","category-konst"],"yoast_head":"<!-- This site is optimized with the Yoast SEO plugin v24.6 - https:\/\/yoast.com\/wordpress\/plugins\/seo\/ -->\n<title>\u00c5rets illuminering av W\u0142adys\u0142aw Hasiors \u201dSolspann\u201d i S\u00f6dert\u00e4lje - Instytut Polski w Sztokholmie<\/title>\n<meta name=\"robots\" content=\"index, follow, max-snippet:-1, max-image-preview:large, max-video-preview:-1\" \/>\n<link rel=\"canonical\" href=\"https:\/\/instytutpolski.pl\/stockholm\/2023\/10\/19\/arets-illuminering-av-wladyslaw-hasiors-solspann-i-sodertalje\/\" \/>\n<meta property=\"og:locale\" content=\"pl_PL\" \/>\n<meta property=\"og:type\" content=\"article\" \/>\n<meta property=\"og:title\" content=\"\u00c5rets illuminering av W\u0142adys\u0142aw Hasiors \u201dSolspann\u201d i S\u00f6dert\u00e4lje - Instytut Polski w Sztokholmie\" \/>\n<meta property=\"og:description\" content=\"21 oktober kl 17.00 samlas vi i S\u00f6dert\u00e4ljes Stadspark. Roger Sellberg h\u00e4lsar alla v\u00e4lkomna. Det blir s\u00e5ng av k\u00f6ren Solspann och tal av konstn\u00e4ren G\u00f6ran Pettersson. Delta i fackelt\u00e5get mot skulpturgruppen Solspann, som uppf\u00f6rdes mellan 1972-1976 , och illumineringen av \u201dHasiors h\u00e4star\u201d. Ukrainian-Polish Orchestra spelar vid h\u00e4starna, d\u00e4r vi samlas f\u00f6r att inv\u00e4nta skymningen. Alla [&hellip;]\" \/>\n<meta property=\"og:url\" content=\"https:\/\/instytutpolski.pl\/stockholm\/2023\/10\/19\/arets-illuminering-av-wladyslaw-hasiors-solspann-i-sodertalje\/\" \/>\n<meta property=\"og:site_name\" content=\"Instytut Polski w Sztokholmie\" \/>\n<meta property=\"article:published_time\" content=\"2023-10-19T12:53:31+00:00\" \/>\n<meta property=\"article:modified_time\" content=\"2023-10-23T07:34:30+00:00\" \/>\n<meta property=\"og:image\" content=\"https:\/\/instytutpolski.pl\/stockholm\/wp-content\/uploads\/sites\/17\/2023\/10\/Hemsida_banners.png\" \/>\n\t<meta property=\"og:image:width\" content=\"1120\" \/>\n\t<meta property=\"og:image:height\" content=\"630\" \/>\n\t<meta property=\"og:image:type\" content=\"image\/png\" \/>\n<meta name=\"author\" content=\"treichelp\" \/>\n<meta name=\"twitter:card\" content=\"summary_large_image\" \/>\n<meta name=\"twitter:label1\" content=\"Napisane przez\" \/>\n\t<meta name=\"twitter:data1\" content=\"treichelp\" \/>\n\t<meta name=\"twitter:label2\" content=\"Szacowany czas czytania\" \/>\n\t<meta name=\"twitter:data2\" content=\"1 minuta\" \/>\n<script type=\"application\/ld+json\" class=\"yoast-schema-graph\">{\"@context\":\"https:\/\/schema.org\",\"@graph\":[{\"@type\":\"event\",\"@id\":\"https:\/\/instytutpolski.pl\/stockholm\/2023\/10\/19\/arets-illuminering-av-wladyslaw-hasiors-solspann-i-sodertalje\/\",\"url\":\"https:\/\/instytutpolski.pl\/stockholm\/2023\/10\/19\/arets-illuminering-av-wladyslaw-hasiors-solspann-i-sodertalje\/\",\"name\":\"\u00c5rets illuminering av W\u0142adys\u0142aw Hasiors \u201dSolspann\u201d i S\u00f6dert\u00e4lje\",\"isPartOf\":{\"@id\":\"https:\/\/instytutpolski.pl\/stockholm\/#website\"},\"primaryImageOfPage\":{\"@id\":\"https:\/\/instytutpolski.pl\/stockholm\/2023\/10\/19\/arets-illuminering-av-wladyslaw-hasiors-solspann-i-sodertalje\/#primaryimage\"},\"image\":[\"https:\/\/instytutpolski.pl\/stockholm\/wp-content\/uploads\/sites\/17\/2023\/10\/Hemsida_banners.png\",\"https:\/\/instytutpolski.pl\/stockholm\/wp-content\/uploads\/sites\/17\/2023\/10\/Hemsida_banners-300x169.png\",\"https:\/\/instytutpolski.pl\/stockholm\/wp-content\/uploads\/sites\/17\/2023\/10\/Hemsida_banners-1024x576.png\",\"https:\/\/instytutpolski.pl\/stockholm\/wp-content\/uploads\/sites\/17\/2023\/10\/Hemsida_banners.png\"],\"thumbnailUrl\":\"https:\/\/instytutpolski.pl\/stockholm\/wp-content\/uploads\/sites\/17\/2023\/10\/Hemsida_banners.png\",\"datePublished\":\"2023-10-19T12:53:31+02:00\",\"dateModified\":\"2023-10-23T07:34:30+02:00\",\"author\":{\"@id\":\"https:\/\/instytutpolski.pl\/stockholm\/#\/schema\/person\/866a2c0f4ccf0982a286809684f7bc1e\"},\"breadcrumb\":{\"@id\":\"https:\/\/instytutpolski.pl\/stockholm\/2023\/10\/19\/arets-illuminering-av-wladyslaw-hasiors-solspann-i-sodertalje\/#breadcrumb\"},\"inLanguage\":\"pl-PL\",\"potentialAction\":[{\"@type\":\"ReadAction\",\"target\":[\"https:\/\/instytutpolski.pl\/stockholm\/2023\/10\/19\/arets-illuminering-av-wladyslaw-hasiors-solspann-i-sodertalje\/\"]}],\"@context\":\"https:\/\/schema.org\",\"startDate\":\"2023-10-21T05:00:00+02:00\",\"endDate\":\"2023-10-21T07:00:00+02:00\",\"eventStatus\":\"EventScheduled\",\"eventAttendanceMode\":\"OfflineEventAttendanceMode\",\"location\":{\"@type\":\"place\",\"name\":\"Stadsparken, S\u00f6dert\u00e4lje\",\"address\":\"Stadsparken, S\u00f6dert\u00e4lje\",\"geo\":{\"@type\":\"GeoCoordinates\",\"latitude\":\"59.17824039593722\",\"longitude\":\"17.653540101368115\"}},\"description\":\"21 oktober kl 17.00 samlas vi i S\u00f6dert\u00e4ljes Stadspark. Roger Sellberg h\u00e4lsar alla v\u00e4lkomna. Det blir s\u00e5ng av k\u00f6ren Solspann och tal av konstn\u00e4ren G\u00f6ran Pettersson. Delta i fackelt\u00e5get mot skulpturgruppen Solspann, som uppf\u00f6rdes mellan 1972-1976 , och illumineringen av \u201dHasiors h\u00e4star\u201d. Ukrainian-Polish Orchestra spelar vid h\u00e4starna, d\u00e4r vi samlas f\u00f6r att inv\u00e4nta skymningen. Alla \u00e4r hj\u00e4rtligt v\u00e4lkomna. Kl\u00e4der efter v\u00e4der!\\nV\u00e4lkommen \u00f6nskar: ABF S\u00f6dert\u00e4lje-Nykvarn, Kulturhistoriska F\u00f6reningen S\u00f6dert\u00e4lje, Polska institutet och S\u00f6dert\u00e4lje konsthall.\\nL\u00e4s mer p\u00e5 Facebook event!\"},{\"@type\":\"ImageObject\",\"inLanguage\":\"pl-PL\",\"@id\":\"https:\/\/instytutpolski.pl\/stockholm\/2023\/10\/19\/arets-illuminering-av-wladyslaw-hasiors-solspann-i-sodertalje\/#primaryimage\",\"url\":\"https:\/\/instytutpolski.pl\/stockholm\/wp-content\/uploads\/sites\/17\/2023\/10\/Hemsida_banners.png\",\"contentUrl\":\"https:\/\/instytutpolski.pl\/stockholm\/wp-content\/uploads\/sites\/17\/2023\/10\/Hemsida_banners.png\",\"width\":1120,\"height\":630},{\"@type\":\"BreadcrumbList\",\"@id\":\"https:\/\/instytutpolski.pl\/stockholm\/2023\/10\/19\/arets-illuminering-av-wladyslaw-hasiors-solspann-i-sodertalje\/#breadcrumb\",\"itemListElement\":[{\"@type\":\"ListItem\",\"position\":1,\"name\":\"Home\",\"item\":\"https:\/\/instytutpolski.pl\/stockholm\/\"},{\"@type\":\"ListItem\",\"position\":2,\"name\":\"\u00c5rets illuminering av W\u0142adys\u0142aw Hasiors \u201dSolspann\u201d i S\u00f6dert\u00e4lje\"}]},{\"@type\":\"WebSite\",\"@id\":\"https:\/\/instytutpolski.pl\/stockholm\/#website\",\"url\":\"https:\/\/instytutpolski.pl\/stockholm\/\",\"name\":\"Instytut Polski w Sztokholmie\",\"description\":\"Instytuty Polskie\",\"potentialAction\":[{\"@type\":\"SearchAction\",\"target\":{\"@type\":\"EntryPoint\",\"urlTemplate\":\"https:\/\/instytutpolski.pl\/stockholm\/?s={search_term_string}\"},\"query-input\":{\"@type\":\"PropertyValueSpecification\",\"valueRequired\":true,\"valueName\":\"search_term_string\"}}],\"inLanguage\":\"pl-PL\"},{\"@type\":\"Person\",\"@id\":\"https:\/\/instytutpolski.pl\/stockholm\/#\/schema\/person\/866a2c0f4ccf0982a286809684f7bc1e\",\"name\":\"treichelp\",\"image\":{\"@type\":\"ImageObject\",\"inLanguage\":\"pl-PL\",\"@id\":\"https:\/\/instytutpolski.pl\/stockholm\/#\/schema\/person\/image\/\",\"url\":\"https:\/\/secure.gravatar.com\/avatar\/fb2c1caae0df0854742a56fc463dd1fb?s=96&d=mm&r=g\",\"contentUrl\":\"https:\/\/secure.gravatar.com\/avatar\/fb2c1caae0df0854742a56fc463dd1fb?s=96&d=mm&r=g\",\"caption\":\"treichelp\"},\"url\":\"https:\/\/instytutpolski.pl\/stockholm\/author\/treichelp\/\"}]}<\/script>\n<!-- \/ Yoast SEO plugin. -->","yoast_head_json":{"title":"\u00c5rets illuminering av W\u0142adys\u0142aw Hasiors \u201dSolspann\u201d i S\u00f6dert\u00e4lje - Instytut Polski w Sztokholmie","robots":{"index":"index","follow":"follow","max-snippet":"max-snippet:-1","max-image-preview":"max-image-preview:large","max-video-preview":"max-video-preview:-1"},"canonical":"https:\/\/instytutpolski.pl\/stockholm\/2023\/10\/19\/arets-illuminering-av-wladyslaw-hasiors-solspann-i-sodertalje\/","og_locale":"pl_PL","og_type":"article","og_title":"\u00c5rets illuminering av W\u0142adys\u0142aw Hasiors \u201dSolspann\u201d i S\u00f6dert\u00e4lje - Instytut Polski w Sztokholmie","og_description":"21 oktober kl 17.00 samlas vi i S\u00f6dert\u00e4ljes Stadspark. Roger Sellberg h\u00e4lsar alla v\u00e4lkomna. Det blir s\u00e5ng av k\u00f6ren Solspann och tal av konstn\u00e4ren G\u00f6ran Pettersson. Delta i fackelt\u00e5get mot skulpturgruppen Solspann, som uppf\u00f6rdes mellan 1972-1976 , och illumineringen av \u201dHasiors h\u00e4star\u201d. Ukrainian-Polish Orchestra spelar vid h\u00e4starna, d\u00e4r vi samlas f\u00f6r att inv\u00e4nta skymningen. Alla [&hellip;]","og_url":"https:\/\/instytutpolski.pl\/stockholm\/2023\/10\/19\/arets-illuminering-av-wladyslaw-hasiors-solspann-i-sodertalje\/","og_site_name":"Instytut Polski w Sztokholmie","article_published_time":"2023-10-19T12:53:31+00:00","article_modified_time":"2023-10-23T07:34:30+00:00","og_image":[{"width":1120,"height":630,"url":"https:\/\/instytutpolski.pl\/stockholm\/wp-content\/uploads\/sites\/17\/2023\/10\/Hemsida_banners.png","type":"image\/png"}],"author":"treichelp","twitter_card":"summary_large_image","twitter_misc":{"Napisane przez":"treichelp","Szacowany czas czytania":"1 minuta"},"schema":{"@context":"https:\/\/schema.org","@graph":[{"@type":"event","@id":"https:\/\/instytutpolski.pl\/stockholm\/2023\/10\/19\/arets-illuminering-av-wladyslaw-hasiors-solspann-i-sodertalje\/","url":"https:\/\/instytutpolski.pl\/stockholm\/2023\/10\/19\/arets-illuminering-av-wladyslaw-hasiors-solspann-i-sodertalje\/","name":"\u00c5rets illuminering av W\u0142adys\u0142aw Hasiors \u201dSolspann\u201d i S\u00f6dert\u00e4lje","isPartOf":{"@id":"https:\/\/instytutpolski.pl\/stockholm\/#website"},"primaryImageOfPage":{"@id":"https:\/\/instytutpolski.pl\/stockholm\/2023\/10\/19\/arets-illuminering-av-wladyslaw-hasiors-solspann-i-sodertalje\/#primaryimage"},"image":["https:\/\/instytutpolski.pl\/stockholm\/wp-content\/uploads\/sites\/17\/2023\/10\/Hemsida_banners.png","https:\/\/instytutpolski.pl\/stockholm\/wp-content\/uploads\/sites\/17\/2023\/10\/Hemsida_banners-300x169.png","https:\/\/instytutpolski.pl\/stockholm\/wp-content\/uploads\/sites\/17\/2023\/10\/Hemsida_banners-1024x576.png","https:\/\/instytutpolski.pl\/stockholm\/wp-content\/uploads\/sites\/17\/2023\/10\/Hemsida_banners.png"],"thumbnailUrl":"https:\/\/instytutpolski.pl\/stockholm\/wp-content\/uploads\/sites\/17\/2023\/10\/Hemsida_banners.png","datePublished":"2023-10-19T12:53:31+02:00","dateModified":"2023-10-23T07:34:30+02:00","author":{"@id":"https:\/\/instytutpolski.pl\/stockholm\/#\/schema\/person\/866a2c0f4ccf0982a286809684f7bc1e"},"breadcrumb":{"@id":"https:\/\/instytutpolski.pl\/stockholm\/2023\/10\/19\/arets-illuminering-av-wladyslaw-hasiors-solspann-i-sodertalje\/#breadcrumb"},"inLanguage":"pl-PL","potentialAction":[{"@type":"ReadAction","target":["https:\/\/instytutpolski.pl\/stockholm\/2023\/10\/19\/arets-illuminering-av-wladyslaw-hasiors-solspann-i-sodertalje\/"]}],"@context":"https:\/\/schema.org","startDate":"2023-10-21T05:00:00+02:00","endDate":"2023-10-21T07:00:00+02:00","eventStatus":"EventScheduled","eventAttendanceMode":"OfflineEventAttendanceMode","location":{"@type":"place","name":"Stadsparken, S\u00f6dert\u00e4lje","address":"Stadsparken, S\u00f6dert\u00e4lje","geo":{"@type":"GeoCoordinates","latitude":"59.17824039593722","longitude":"17.653540101368115"}},"description":"21 oktober kl 17.00 samlas vi i S\u00f6dert\u00e4ljes Stadspark. Roger Sellberg h\u00e4lsar alla v\u00e4lkomna. Det blir s\u00e5ng av k\u00f6ren Solspann och tal av konstn\u00e4ren G\u00f6ran Pettersson. Delta i fackelt\u00e5get mot skulpturgruppen Solspann, som uppf\u00f6rdes mellan 1972-1976 , och illumineringen av \u201dHasiors h\u00e4star\u201d. Ukrainian-Polish Orchestra spelar vid h\u00e4starna, d\u00e4r vi samlas f\u00f6r att inv\u00e4nta skymningen. Alla \u00e4r hj\u00e4rtligt v\u00e4lkomna. Kl\u00e4der efter v\u00e4der!\nV\u00e4lkommen \u00f6nskar: ABF S\u00f6dert\u00e4lje-Nykvarn, Kulturhistoriska F\u00f6reningen S\u00f6dert\u00e4lje, Polska institutet och S\u00f6dert\u00e4lje konsthall.\nL\u00e4s mer p\u00e5 Facebook event!"},{"@type":"ImageObject","inLanguage":"pl-PL","@id":"https:\/\/instytutpolski.pl\/stockholm\/2023\/10\/19\/arets-illuminering-av-wladyslaw-hasiors-solspann-i-sodertalje\/#primaryimage","url":"https:\/\/instytutpolski.pl\/stockholm\/wp-content\/uploads\/sites\/17\/2023\/10\/Hemsida_banners.png","contentUrl":"https:\/\/instytutpolski.pl\/stockholm\/wp-content\/uploads\/sites\/17\/2023\/10\/Hemsida_banners.png","width":1120,"height":630},{"@type":"BreadcrumbList","@id":"https:\/\/instytutpolski.pl\/stockholm\/2023\/10\/19\/arets-illuminering-av-wladyslaw-hasiors-solspann-i-sodertalje\/#breadcrumb","itemListElement":[{"@type":"ListItem","position":1,"name":"Home","item":"https:\/\/instytutpolski.pl\/stockholm\/"},{"@type":"ListItem","position":2,"name":"\u00c5rets illuminering av W\u0142adys\u0142aw Hasiors \u201dSolspann\u201d i S\u00f6dert\u00e4lje"}]},{"@type":"WebSite","@id":"https:\/\/instytutpolski.pl\/stockholm\/#website","url":"https:\/\/instytutpolski.pl\/stockholm\/","name":"Instytut Polski w Sztokholmie","description":"Instytuty Polskie","potentialAction":[{"@type":"SearchAction","target":{"@type":"EntryPoint","urlTemplate":"https:\/\/instytutpolski.pl\/stockholm\/?s={search_term_string}"},"query-input":{"@type":"PropertyValueSpecification","valueRequired":true,"valueName":"search_term_string"}}],"inLanguage":"pl-PL"},{"@type":"Person","@id":"https:\/\/instytutpolski.pl\/stockholm\/#\/schema\/person\/866a2c0f4ccf0982a286809684f7bc1e","name":"treichelp","image":{"@type":"ImageObject","inLanguage":"pl-PL","@id":"https:\/\/instytutpolski.pl\/stockholm\/#\/schema\/person\/image\/","url":"https:\/\/secure.gravatar.com\/avatar\/fb2c1caae0df0854742a56fc463dd1fb?s=96&d=mm&r=g","contentUrl":"https:\/\/secure.gravatar.com\/avatar\/fb2c1caae0df0854742a56fc463dd1fb?s=96&d=mm&r=g","caption":"treichelp"},"url":"https:\/\/instytutpolski.pl\/stockholm\/author\/treichelp\/"}]}},"_links":{"self":[{"href":"https:\/\/instytutpolski.pl\/stockholm\/wp-json\/wp\/v2\/posts\/11692","targetHints":{"allow":["GET"]}}],"collection":[{"href":"https:\/\/instytutpolski.pl\/stockholm\/wp-json\/wp\/v2\/posts"}],"about":[{"href":"https:\/\/instytutpolski.pl\/stockholm\/wp-json\/wp\/v2\/types\/post"}],"author":[{"embeddable":true,"href":"https:\/\/instytutpolski.pl\/stockholm\/wp-json\/wp\/v2\/users\/173"}],"replies":[{"embeddable":true,"href":"https:\/\/instytutpolski.pl\/stockholm\/wp-json\/wp\/v2\/comments?post=11692"}],"version-history":[{"count":4,"href":"https:\/\/instytutpolski.pl\/stockholm\/wp-json\/wp\/v2\/posts\/11692\/revisions"}],"predecessor-version":[{"id":11732,"href":"https:\/\/instytutpolski.pl\/stockholm\/wp-json\/wp\/v2\/posts\/11692\/revisions\/11732"}],"wp:featuredmedia":[{"embeddable":true,"href":"https:\/\/instytutpolski.pl\/stockholm\/wp-json\/wp\/v2\/media\/11693"}],"wp:attachment":[{"href":"https:\/\/instytutpolski.pl\/stockholm\/wp-json\/wp\/v2\/media?parent=11692"}],"wp:term":[{"taxonomy":"category","embeddable":true,"href":"https:\/\/instytutpolski.pl\/stockholm\/wp-json\/wp\/v2\/categories?post=11692"},{"taxonomy":"post_tag","embeddable":true,"href":"https:\/\/instytutpolski.pl\/stockholm\/wp-json\/wp\/v2\/tags?post=11692"}],"curies":[{"name":"wp","href":"https:\/\/api.w.org\/{rel}","templated":true}]}}