{"id":11754,"date":"2023-10-19T15:32:51","date_gmt":"2023-10-19T13:32:51","guid":{"rendered":"https:\/\/instytutpolski.pl\/stockholm\/?p=11754"},"modified":"2023-10-19T15:36:01","modified_gmt":"2023-10-19T13:36:01","slug":"fotoreportaz-fundacja-ziemniaki-i-na-tegorocznych-targach-supermarket-2023-stockholm-independent-art-fair","status":"publish","type":"post","link":"https:\/\/instytutpolski.pl\/stockholm\/pl\/2023\/10\/19\/fotoreportaz-fundacja-ziemniaki-i-na-tegorocznych-targach-supermarket-2023-stockholm-independent-art-fair\/","title":{"rendered":"Fotoreporta\u017c: \u201eFundacja Ziemniaki i\u201d na tegorocznych targach SUPERMARKET 2023 \u2013 Stockholm Independent Art Fair"},"content":{"rendered":"\n<p>Podczas targ\u00f3w zaprezentowano trzy instalacje: \u201eAll will end well\u201d (2022) Oli Korba\u0144skiej; \u201eFl-08\u201d (2023) Agnieszki Cieszanowskiej; oraz \u201eSolstice\/Equinox\u201d (2018) Alicji Wysockiej. Ponadto, polscy go\u015bcie spotkali si\u0119 z publiczno\u015bci\u0105, aby opowiedzie\u0107 o dzia\u0142alno\u015b\u0107 fundacji, a tak\u017ce o swojej indywidualnej tw\u00f3rczo\u015bci artystycznej. Serdecznie dzi\u0119kujemy wszystkim, kt\u00f3rzy przyczynili si\u0119 do realizacji projektu: wspania\u0142ym artystom, organizatorom targ\u00f3w oraz Joshowi Ploughowi, za\u0142o\u017cycielowi <em>Fundacji Ziemniaki i<\/em>!<\/p>\n\n\n\n<p>Supermarket &#8211; Stockholm Independent Art Fair to mi\u0119dzynarodowe, niezale\u017cne targi sztuki w Sztokholmie, prezentuj\u0105ce artyst\u00f3w z r\u00f3\u017cnych cz\u0119\u015bci \u015bwiata. Ambicj\u0105 targ\u00f3w jest prezentacja unikatowych projekt\u00f3w artystycznych, rozwijanie relacji mi\u0119dzy szwedzkimi i mi\u0119dzynarodowymi tw\u00f3rcami oraz stworzenie platformy do spotka\u0144 pomi\u0119dzy artystami a publiczno\u015bci\u0105.<\/p>\n\n\n\n<p>Projekt jest efektem wsp\u00f3\u0142pracy <em>Fundacji Ziemniaki i<\/em>, targ\u00f3w Supermarket \u2013 Stockholm Independent Art Fair oraz Instytutu Polskiego w Sztokholmie.<\/p>\n\n\n\n<pre class=\"wp-block-verse\"><\/pre>\n\n\n\n<figure class=\"wp-block-gallery has-nested-images columns-default is-cropped wp-block-gallery-1 is-layout-flex wp-block-gallery-is-layout-flex\">\n<figure class=\"wp-block-image size-large\"><img loading=\"lazy\" decoding=\"async\" width=\"2560\" height=\"1968\" data-id=\"11744\" src=\"https:\/\/instytutpolski.pl\/stockholm\/wp-content\/uploads\/sites\/17\/2023\/10\/IMG_3706-scaled.jpg\" alt=\"\" class=\"wp-image-11744\" srcset=\"https:\/\/instytutpolski.pl\/stockholm\/wp-content\/uploads\/sites\/17\/2023\/10\/IMG_3706-scaled.jpg 2560w, https:\/\/instytutpolski.pl\/stockholm\/wp-content\/uploads\/sites\/17\/2023\/10\/IMG_3706-300x231.jpg 300w, https:\/\/instytutpolski.pl\/stockholm\/wp-content\/uploads\/sites\/17\/2023\/10\/IMG_3706-1024x787.jpg 1024w, https:\/\/instytutpolski.pl\/stockholm\/wp-content\/uploads\/sites\/17\/2023\/10\/IMG_3706-768x590.jpg 768w, https:\/\/instytutpolski.pl\/stockholm\/wp-content\/uploads\/sites\/17\/2023\/10\/IMG_3706-1536x1181.jpg 1536w, https:\/\/instytutpolski.pl\/stockholm\/wp-content\/uploads\/sites\/17\/2023\/10\/IMG_3706-2048x1574.jpg 2048w\" sizes=\"auto, (max-width: 2560px) 100vw, 2560px\" \/><\/figure>\n\n\n\n<figure class=\"wp-block-image size-large\"><img loading=\"lazy\" decoding=\"async\" width=\"2560\" height=\"1868\" data-id=\"11750\" src=\"https:\/\/instytutpolski.pl\/stockholm\/wp-content\/uploads\/sites\/17\/2023\/10\/IMG_3716-scaled.jpg\" alt=\"\" class=\"wp-image-11750\" srcset=\"https:\/\/instytutpolski.pl\/stockholm\/wp-content\/uploads\/sites\/17\/2023\/10\/IMG_3716-scaled.jpg 2560w, https:\/\/instytutpolski.pl\/stockholm\/wp-content\/uploads\/sites\/17\/2023\/10\/IMG_3716-300x219.jpg 300w, https:\/\/instytutpolski.pl\/stockholm\/wp-content\/uploads\/sites\/17\/2023\/10\/IMG_3716-1024x747.jpg 1024w, https:\/\/instytutpolski.pl\/stockholm\/wp-content\/uploads\/sites\/17\/2023\/10\/IMG_3716-768x560.jpg 768w, https:\/\/instytutpolski.pl\/stockholm\/wp-content\/uploads\/sites\/17\/2023\/10\/IMG_3716-1536x1121.jpg 1536w, https:\/\/instytutpolski.pl\/stockholm\/wp-content\/uploads\/sites\/17\/2023\/10\/IMG_3716-2048x1495.jpg 2048w\" sizes=\"auto, (max-width: 2560px) 100vw, 2560px\" \/><\/figure>\n\n\n\n<figure class=\"wp-block-image size-large\"><img loading=\"lazy\" decoding=\"async\" width=\"2560\" height=\"1920\" data-id=\"11747\" src=\"https:\/\/instytutpolski.pl\/stockholm\/wp-content\/uploads\/sites\/17\/2023\/10\/IMG_3725-kopia-scaled.jpg\" alt=\"\" class=\"wp-image-11747\" srcset=\"https:\/\/instytutpolski.pl\/stockholm\/wp-content\/uploads\/sites\/17\/2023\/10\/IMG_3725-kopia-scaled.jpg 2560w, https:\/\/instytutpolski.pl\/stockholm\/wp-content\/uploads\/sites\/17\/2023\/10\/IMG_3725-kopia-300x225.jpg 300w, https:\/\/instytutpolski.pl\/stockholm\/wp-content\/uploads\/sites\/17\/2023\/10\/IMG_3725-kopia-1024x768.jpg 1024w, https:\/\/instytutpolski.pl\/stockholm\/wp-content\/uploads\/sites\/17\/2023\/10\/IMG_3725-kopia-768x576.jpg 768w, https:\/\/instytutpolski.pl\/stockholm\/wp-content\/uploads\/sites\/17\/2023\/10\/IMG_3725-kopia-1536x1152.jpg 1536w, https:\/\/instytutpolski.pl\/stockholm\/wp-content\/uploads\/sites\/17\/2023\/10\/IMG_3725-kopia-2048x1536.jpg 2048w\" sizes=\"auto, (max-width: 2560px) 100vw, 2560px\" \/><\/figure>\n\n\n\n<figure class=\"wp-block-image size-large\"><img loading=\"lazy\" decoding=\"async\" width=\"1920\" height=\"2560\" data-id=\"11739\" src=\"https:\/\/instytutpolski.pl\/stockholm\/wp-content\/uploads\/sites\/17\/2023\/10\/IMG_3863-scaled.jpg\" alt=\"\" class=\"wp-image-11739\" srcset=\"https:\/\/instytutpolski.pl\/stockholm\/wp-content\/uploads\/sites\/17\/2023\/10\/IMG_3863-scaled.jpg 1920w, https:\/\/instytutpolski.pl\/stockholm\/wp-content\/uploads\/sites\/17\/2023\/10\/IMG_3863-225x300.jpg 225w, https:\/\/instytutpolski.pl\/stockholm\/wp-content\/uploads\/sites\/17\/2023\/10\/IMG_3863-768x1024.jpg 768w, https:\/\/instytutpolski.pl\/stockholm\/wp-content\/uploads\/sites\/17\/2023\/10\/IMG_3863-1152x1536.jpg 1152w, https:\/\/instytutpolski.pl\/stockholm\/wp-content\/uploads\/sites\/17\/2023\/10\/IMG_3863-1536x2048.jpg 1536w\" sizes=\"auto, (max-width: 1920px) 100vw, 1920px\" \/><\/figure>\n\n\n\n<figure class=\"wp-block-image size-large\"><img loading=\"lazy\" decoding=\"async\" width=\"1920\" height=\"2560\" data-id=\"11746\" src=\"https:\/\/instytutpolski.pl\/stockholm\/wp-content\/uploads\/sites\/17\/2023\/10\/IMG_3729-scaled.jpg\" alt=\"\" class=\"wp-image-11746\" srcset=\"https:\/\/instytutpolski.pl\/stockholm\/wp-content\/uploads\/sites\/17\/2023\/10\/IMG_3729-scaled.jpg 1920w, https:\/\/instytutpolski.pl\/stockholm\/wp-content\/uploads\/sites\/17\/2023\/10\/IMG_3729-225x300.jpg 225w, https:\/\/instytutpolski.pl\/stockholm\/wp-content\/uploads\/sites\/17\/2023\/10\/IMG_3729-768x1024.jpg 768w, https:\/\/instytutpolski.pl\/stockholm\/wp-content\/uploads\/sites\/17\/2023\/10\/IMG_3729-1152x1536.jpg 1152w, https:\/\/instytutpolski.pl\/stockholm\/wp-content\/uploads\/sites\/17\/2023\/10\/IMG_3729-1536x2048.jpg 1536w\" sizes=\"auto, (max-width: 1920px) 100vw, 1920px\" \/><\/figure>\n\n\n\n<figure class=\"wp-block-image size-large\"><img loading=\"lazy\" decoding=\"async\" width=\"1920\" height=\"2560\" data-id=\"11740\" src=\"https:\/\/instytutpolski.pl\/stockholm\/wp-content\/uploads\/sites\/17\/2023\/10\/IMG_3858-scaled.jpg\" alt=\"\" class=\"wp-image-11740\" srcset=\"https:\/\/instytutpolski.pl\/stockholm\/wp-content\/uploads\/sites\/17\/2023\/10\/IMG_3858-scaled.jpg 1920w, https:\/\/instytutpolski.pl\/stockholm\/wp-content\/uploads\/sites\/17\/2023\/10\/IMG_3858-225x300.jpg 225w, https:\/\/instytutpolski.pl\/stockholm\/wp-content\/uploads\/sites\/17\/2023\/10\/IMG_3858-768x1024.jpg 768w, https:\/\/instytutpolski.pl\/stockholm\/wp-content\/uploads\/sites\/17\/2023\/10\/IMG_3858-1152x1536.jpg 1152w, https:\/\/instytutpolski.pl\/stockholm\/wp-content\/uploads\/sites\/17\/2023\/10\/IMG_3858-1536x2048.jpg 1536w\" sizes=\"auto, (max-width: 1920px) 100vw, 1920px\" \/><\/figure>\n\n\n\n<figure class=\"wp-block-image size-large\"><img loading=\"lazy\" decoding=\"async\" width=\"2560\" height=\"1920\" data-id=\"11736\" src=\"https:\/\/instytutpolski.pl\/stockholm\/wp-content\/uploads\/sites\/17\/2023\/10\/IMG_3905-scaled.jpg\" alt=\"\" class=\"wp-image-11736\" srcset=\"https:\/\/instytutpolski.pl\/stockholm\/wp-content\/uploads\/sites\/17\/2023\/10\/IMG_3905-scaled.jpg 2560w, https:\/\/instytutpolski.pl\/stockholm\/wp-content\/uploads\/sites\/17\/2023\/10\/IMG_3905-300x225.jpg 300w, https:\/\/instytutpolski.pl\/stockholm\/wp-content\/uploads\/sites\/17\/2023\/10\/IMG_3905-1024x768.jpg 1024w, https:\/\/instytutpolski.pl\/stockholm\/wp-content\/uploads\/sites\/17\/2023\/10\/IMG_3905-768x576.jpg 768w, https:\/\/instytutpolski.pl\/stockholm\/wp-content\/uploads\/sites\/17\/2023\/10\/IMG_3905-1536x1152.jpg 1536w, https:\/\/instytutpolski.pl\/stockholm\/wp-content\/uploads\/sites\/17\/2023\/10\/IMG_3905-2048x1536.jpg 2048w\" sizes=\"auto, (max-width: 2560px) 100vw, 2560px\" \/><\/figure>\n\n\n\n<figure class=\"wp-block-image size-large\"><img loading=\"lazy\" decoding=\"async\" width=\"2560\" height=\"1920\" data-id=\"11738\" src=\"https:\/\/instytutpolski.pl\/stockholm\/wp-content\/uploads\/sites\/17\/2023\/10\/IMG_3879-1-scaled.jpg\" alt=\"\" class=\"wp-image-11738\" srcset=\"https:\/\/instytutpolski.pl\/stockholm\/wp-content\/uploads\/sites\/17\/2023\/10\/IMG_3879-1-scaled.jpg 2560w, https:\/\/instytutpolski.pl\/stockholm\/wp-content\/uploads\/sites\/17\/2023\/10\/IMG_3879-1-300x225.jpg 300w, https:\/\/instytutpolski.pl\/stockholm\/wp-content\/uploads\/sites\/17\/2023\/10\/IMG_3879-1-1024x768.jpg 1024w, https:\/\/instytutpolski.pl\/stockholm\/wp-content\/uploads\/sites\/17\/2023\/10\/IMG_3879-1-768x576.jpg 768w, https:\/\/instytutpolski.pl\/stockholm\/wp-content\/uploads\/sites\/17\/2023\/10\/IMG_3879-1-1536x1152.jpg 1536w, https:\/\/instytutpolski.pl\/stockholm\/wp-content\/uploads\/sites\/17\/2023\/10\/IMG_3879-1-2048x1536.jpg 2048w\" sizes=\"auto, (max-width: 2560px) 100vw, 2560px\" \/><\/figure>\n\n\n\n<figure class=\"wp-block-image size-large\"><img loading=\"lazy\" decoding=\"async\" width=\"1920\" height=\"2560\" data-id=\"11737\" src=\"https:\/\/instytutpolski.pl\/stockholm\/wp-content\/uploads\/sites\/17\/2023\/10\/IMG_3895-scaled.jpg\" alt=\"\" class=\"wp-image-11737\" srcset=\"https:\/\/instytutpolski.pl\/stockholm\/wp-content\/uploads\/sites\/17\/2023\/10\/IMG_3895-scaled.jpg 1920w, https:\/\/instytutpolski.pl\/stockholm\/wp-content\/uploads\/sites\/17\/2023\/10\/IMG_3895-225x300.jpg 225w, https:\/\/instytutpolski.pl\/stockholm\/wp-content\/uploads\/sites\/17\/2023\/10\/IMG_3895-768x1024.jpg 768w, https:\/\/instytutpolski.pl\/stockholm\/wp-content\/uploads\/sites\/17\/2023\/10\/IMG_3895-1152x1536.jpg 1152w, https:\/\/instytutpolski.pl\/stockholm\/wp-content\/uploads\/sites\/17\/2023\/10\/IMG_3895-1536x2048.jpg 1536w\" sizes=\"auto, (max-width: 1920px) 100vw, 1920px\" \/><\/figure>\n\n\n\n<figure class=\"wp-block-image size-large\"><img loading=\"lazy\" decoding=\"async\" width=\"1922\" height=\"2560\" data-id=\"11741\" src=\"https:\/\/instytutpolski.pl\/stockholm\/wp-content\/uploads\/sites\/17\/2023\/10\/IMG_3852-scaled.jpg\" alt=\"\" class=\"wp-image-11741\" srcset=\"https:\/\/instytutpolski.pl\/stockholm\/wp-content\/uploads\/sites\/17\/2023\/10\/IMG_3852-scaled.jpg 1922w, https:\/\/instytutpolski.pl\/stockholm\/wp-content\/uploads\/sites\/17\/2023\/10\/IMG_3852-225x300.jpg 225w, https:\/\/instytutpolski.pl\/stockholm\/wp-content\/uploads\/sites\/17\/2023\/10\/IMG_3852-769x1024.jpg 769w, https:\/\/instytutpolski.pl\/stockholm\/wp-content\/uploads\/sites\/17\/2023\/10\/IMG_3852-768x1023.jpg 768w, https:\/\/instytutpolski.pl\/stockholm\/wp-content\/uploads\/sites\/17\/2023\/10\/IMG_3852-1153x1536.jpg 1153w, https:\/\/instytutpolski.pl\/stockholm\/wp-content\/uploads\/sites\/17\/2023\/10\/IMG_3852-1538x2048.jpg 1538w\" sizes=\"auto, (max-width: 1922px) 100vw, 1922px\" \/><\/figure>\n\n\n\n<figure class=\"wp-block-image size-large\"><img loading=\"lazy\" decoding=\"async\" width=\"1920\" height=\"2560\" data-id=\"11749\" src=\"https:\/\/instytutpolski.pl\/stockholm\/wp-content\/uploads\/sites\/17\/2023\/10\/IMG_3720-kopia-scaled.jpg\" alt=\"\" class=\"wp-image-11749\" srcset=\"https:\/\/instytutpolski.pl\/stockholm\/wp-content\/uploads\/sites\/17\/2023\/10\/IMG_3720-kopia-scaled.jpg 1920w, https:\/\/instytutpolski.pl\/stockholm\/wp-content\/uploads\/sites\/17\/2023\/10\/IMG_3720-kopia-225x300.jpg 225w, https:\/\/instytutpolski.pl\/stockholm\/wp-content\/uploads\/sites\/17\/2023\/10\/IMG_3720-kopia-768x1024.jpg 768w, https:\/\/instytutpolski.pl\/stockholm\/wp-content\/uploads\/sites\/17\/2023\/10\/IMG_3720-kopia-1152x1536.jpg 1152w, https:\/\/instytutpolski.pl\/stockholm\/wp-content\/uploads\/sites\/17\/2023\/10\/IMG_3720-kopia-1536x2048.jpg 1536w\" sizes=\"auto, (max-width: 1920px) 100vw, 1920px\" \/><\/figure>\n\n\n\n<figure class=\"wp-block-image size-large\"><img loading=\"lazy\" decoding=\"async\" width=\"1920\" height=\"2560\" data-id=\"11748\" src=\"https:\/\/instytutpolski.pl\/stockholm\/wp-content\/uploads\/sites\/17\/2023\/10\/IMG_3723-kopia-scaled.jpg\" alt=\"\" class=\"wp-image-11748\" srcset=\"https:\/\/instytutpolski.pl\/stockholm\/wp-content\/uploads\/sites\/17\/2023\/10\/IMG_3723-kopia-scaled.jpg 1920w, https:\/\/instytutpolski.pl\/stockholm\/wp-content\/uploads\/sites\/17\/2023\/10\/IMG_3723-kopia-225x300.jpg 225w, https:\/\/instytutpolski.pl\/stockholm\/wp-content\/uploads\/sites\/17\/2023\/10\/IMG_3723-kopia-768x1024.jpg 768w, https:\/\/instytutpolski.pl\/stockholm\/wp-content\/uploads\/sites\/17\/2023\/10\/IMG_3723-kopia-1152x1536.jpg 1152w, https:\/\/instytutpolski.pl\/stockholm\/wp-content\/uploads\/sites\/17\/2023\/10\/IMG_3723-kopia-1536x2048.jpg 1536w\" sizes=\"auto, (max-width: 1920px) 100vw, 1920px\" \/><\/figure>\n\n\n\n<figure class=\"wp-block-image size-large\"><img loading=\"lazy\" decoding=\"async\" width=\"1920\" height=\"2560\" data-id=\"11742\" src=\"https:\/\/instytutpolski.pl\/stockholm\/wp-content\/uploads\/sites\/17\/2023\/10\/IMG_3833-scaled.jpg\" alt=\"\" class=\"wp-image-11742\" srcset=\"https:\/\/instytutpolski.pl\/stockholm\/wp-content\/uploads\/sites\/17\/2023\/10\/IMG_3833-scaled.jpg 1920w, https:\/\/instytutpolski.pl\/stockholm\/wp-content\/uploads\/sites\/17\/2023\/10\/IMG_3833-225x300.jpg 225w, https:\/\/instytutpolski.pl\/stockholm\/wp-content\/uploads\/sites\/17\/2023\/10\/IMG_3833-768x1024.jpg 768w, https:\/\/instytutpolski.pl\/stockholm\/wp-content\/uploads\/sites\/17\/2023\/10\/IMG_3833-1152x1536.jpg 1152w, https:\/\/instytutpolski.pl\/stockholm\/wp-content\/uploads\/sites\/17\/2023\/10\/IMG_3833-1536x2048.jpg 1536w\" sizes=\"auto, (max-width: 1920px) 100vw, 1920px\" \/><\/figure>\n\n\n\n<figure class=\"wp-block-image size-large\"><img loading=\"lazy\" decoding=\"async\" width=\"2560\" height=\"1920\" data-id=\"11743\" src=\"https:\/\/instytutpolski.pl\/stockholm\/wp-content\/uploads\/sites\/17\/2023\/10\/IMG_3793-kopia-scaled.jpg\" alt=\"\" class=\"wp-image-11743\" srcset=\"https:\/\/instytutpolski.pl\/stockholm\/wp-content\/uploads\/sites\/17\/2023\/10\/IMG_3793-kopia-scaled.jpg 2560w, https:\/\/instytutpolski.pl\/stockholm\/wp-content\/uploads\/sites\/17\/2023\/10\/IMG_3793-kopia-300x225.jpg 300w, https:\/\/instytutpolski.pl\/stockholm\/wp-content\/uploads\/sites\/17\/2023\/10\/IMG_3793-kopia-1024x768.jpg 1024w, https:\/\/instytutpolski.pl\/stockholm\/wp-content\/uploads\/sites\/17\/2023\/10\/IMG_3793-kopia-768x576.jpg 768w, https:\/\/instytutpolski.pl\/stockholm\/wp-content\/uploads\/sites\/17\/2023\/10\/IMG_3793-kopia-1536x1152.jpg 1536w, https:\/\/instytutpolski.pl\/stockholm\/wp-content\/uploads\/sites\/17\/2023\/10\/IMG_3793-kopia-2048x1536.jpg 2048w\" sizes=\"auto, (max-width: 2560px) 100vw, 2560px\" \/><\/figure>\n\n\n\n<figure class=\"wp-block-image size-large\"><img loading=\"lazy\" decoding=\"async\" width=\"1812\" height=\"2560\" data-id=\"11745\" src=\"https:\/\/instytutpolski.pl\/stockholm\/wp-content\/uploads\/sites\/17\/2023\/10\/IMG_3731-scaled.jpg\" alt=\"\" class=\"wp-image-11745\" srcset=\"https:\/\/instytutpolski.pl\/stockholm\/wp-content\/uploads\/sites\/17\/2023\/10\/IMG_3731-scaled.jpg 1812w, https:\/\/instytutpolski.pl\/stockholm\/wp-content\/uploads\/sites\/17\/2023\/10\/IMG_3731-212x300.jpg 212w, https:\/\/instytutpolski.pl\/stockholm\/wp-content\/uploads\/sites\/17\/2023\/10\/IMG_3731-725x1024.jpg 725w, https:\/\/instytutpolski.pl\/stockholm\/wp-content\/uploads\/sites\/17\/2023\/10\/IMG_3731-768x1085.jpg 768w, https:\/\/instytutpolski.pl\/stockholm\/wp-content\/uploads\/sites\/17\/2023\/10\/IMG_3731-1087x1536.jpg 1087w, https:\/\/instytutpolski.pl\/stockholm\/wp-content\/uploads\/sites\/17\/2023\/10\/IMG_3731-1449x2048.jpg 1449w\" sizes=\"auto, (max-width: 1812px) 100vw, 1812px\" \/><\/figure>\n<\/figure>\n","protected":false},"excerpt":{"rendered":"<p>Podczas targ\u00f3w zaprezentowano trzy instalacje: \u201eAll will end well\u201d (2022) Oli Korba\u0144skiej; \u201eFl-08\u201d (2023) Agnieszki Cieszanowskiej; oraz \u201eSolstice\/Equinox\u201d (2018) Alicji Wysockiej. Ponadto, polscy go\u015bcie spotkali si\u0119 z publiczno\u015bci\u0105, aby opowiedzie\u0107 o dzia\u0142alno\u015b\u0107 fundacji, a tak\u017ce o swojej indywidualnej tw\u00f3rczo\u015bci artystycznej. Serdecznie dzi\u0119kujemy wszystkim, kt\u00f3rzy przyczynili si\u0119 do realizacji projektu: wspania\u0142ym artystom, organizatorom targ\u00f3w oraz Joshowi [&hellip;]<\/p>\n","protected":false},"author":173,"featured_media":11735,"comment_status":"open","ping_status":"open","sticky":true,"template":"","format":"standard","meta":{"inline_featured_image":false,"_monsterinsights_skip_tracking":false,"_monsterinsights_sitenote_active":false,"_monsterinsights_sitenote_note":"","_monsterinsights_sitenote_category":0,"footnotes":""},"categories":[208],"tags":[],"class_list":["post-11754","post","type-post","status-publish","format-standard","has-post-thumbnail","hentry","category-galeria-pl"],"yoast_head":"<!-- This site is optimized with the Yoast SEO plugin v24.6 - https:\/\/yoast.com\/wordpress\/plugins\/seo\/ -->\n<title>Fotoreporta\u017c: \u201eFundacja Ziemniaki i\u201d na tegorocznych targach SUPERMARKET 2023 \u2013 Stockholm Independent Art Fair - Instytut Polski w Sztokholmie<\/title>\n<meta name=\"robots\" content=\"index, follow, max-snippet:-1, max-image-preview:large, max-video-preview:-1\" \/>\n<link rel=\"canonical\" href=\"https:\/\/instytutpolski.pl\/stockholm\/pl\/2023\/10\/19\/fotoreportaz-fundacja-ziemniaki-i-na-tegorocznych-targach-supermarket-2023-stockholm-independent-art-fair\/\" \/>\n<meta property=\"og:locale\" content=\"pl_PL\" \/>\n<meta property=\"og:type\" content=\"article\" \/>\n<meta property=\"og:title\" content=\"Fotoreporta\u017c: \u201eFundacja Ziemniaki i\u201d na tegorocznych targach SUPERMARKET 2023 \u2013 Stockholm Independent Art Fair - Instytut Polski w Sztokholmie\" \/>\n<meta property=\"og:description\" content=\"Podczas targ\u00f3w zaprezentowano trzy instalacje: \u201eAll will end well\u201d (2022) Oli Korba\u0144skiej; \u201eFl-08\u201d (2023) Agnieszki Cieszanowskiej; oraz \u201eSolstice\/Equinox\u201d (2018) Alicji Wysockiej. Ponadto, polscy go\u015bcie spotkali si\u0119 z publiczno\u015bci\u0105, aby opowiedzie\u0107 o dzia\u0142alno\u015b\u0107 fundacji, a tak\u017ce o swojej indywidualnej tw\u00f3rczo\u015bci artystycznej. Serdecznie dzi\u0119kujemy wszystkim, kt\u00f3rzy przyczynili si\u0119 do realizacji projektu: wspania\u0142ym artystom, organizatorom targ\u00f3w oraz Joshowi [&hellip;]\" \/>\n<meta property=\"og:url\" content=\"https:\/\/instytutpolski.pl\/stockholm\/pl\/2023\/10\/19\/fotoreportaz-fundacja-ziemniaki-i-na-tegorocznych-targach-supermarket-2023-stockholm-independent-art-fair\/\" \/>\n<meta property=\"og:site_name\" content=\"Instytut Polski w Sztokholmie\" \/>\n<meta property=\"article:published_time\" content=\"2023-10-19T13:32:51+00:00\" \/>\n<meta property=\"article:modified_time\" content=\"2023-10-19T13:36:01+00:00\" \/>\n<meta property=\"og:image\" content=\"https:\/\/instytutpolski.pl\/stockholm\/wp-content\/uploads\/sites\/17\/2023\/10\/IMG_3879-scaled.jpg\" \/>\n\t<meta property=\"og:image:width\" content=\"2560\" \/>\n\t<meta property=\"og:image:height\" content=\"1920\" \/>\n\t<meta property=\"og:image:type\" content=\"image\/jpeg\" \/>\n<meta name=\"author\" content=\"treichelp\" \/>\n<meta name=\"twitter:card\" content=\"summary_large_image\" \/>\n<meta name=\"twitter:label1\" content=\"Napisane przez\" \/>\n\t<meta name=\"twitter:data1\" content=\"treichelp\" \/>\n\t<meta name=\"twitter:label2\" content=\"Szacowany czas czytania\" \/>\n\t<meta name=\"twitter:data2\" content=\"4 minuty\" \/>\n<script type=\"application\/ld+json\" class=\"yoast-schema-graph\">{\"@context\":\"https:\/\/schema.org\",\"@graph\":[{\"@type\":\"event\",\"@id\":\"https:\/\/instytutpolski.pl\/stockholm\/pl\/2023\/10\/19\/fotoreportaz-fundacja-ziemniaki-i-na-tegorocznych-targach-supermarket-2023-stockholm-independent-art-fair\/\",\"url\":\"https:\/\/instytutpolski.pl\/stockholm\/pl\/2023\/10\/19\/fotoreportaz-fundacja-ziemniaki-i-na-tegorocznych-targach-supermarket-2023-stockholm-independent-art-fair\/\",\"name\":\"Fotoreporta\u017c: \u201eFundacja Ziemniaki i\u201d na tegorocznych targach SUPERMARKET 2023 \u2013 Stockholm Independent Art Fair\",\"isPartOf\":{\"@id\":\"https:\/\/instytutpolski.pl\/stockholm\/#website\"},\"primaryImageOfPage\":{\"@id\":\"https:\/\/instytutpolski.pl\/stockholm\/pl\/2023\/10\/19\/fotoreportaz-fundacja-ziemniaki-i-na-tegorocznych-targach-supermarket-2023-stockholm-independent-art-fair\/#primaryimage\"},\"image\":[\"https:\/\/instytutpolski.pl\/stockholm\/wp-content\/uploads\/sites\/17\/2023\/10\/IMG_3879-scaled.jpg\",\"https:\/\/instytutpolski.pl\/stockholm\/wp-content\/uploads\/sites\/17\/2023\/10\/IMG_3879-300x225.jpg\",\"https:\/\/instytutpolski.pl\/stockholm\/wp-content\/uploads\/sites\/17\/2023\/10\/IMG_3879-1024x768.jpg\",\"https:\/\/instytutpolski.pl\/stockholm\/wp-content\/uploads\/sites\/17\/2023\/10\/IMG_3879-scaled.jpg\"],\"thumbnailUrl\":\"https:\/\/instytutpolski.pl\/stockholm\/wp-content\/uploads\/sites\/17\/2023\/10\/IMG_3879-scaled.jpg\",\"datePublished\":\"2023-10-19T13:32:51+02:00\",\"dateModified\":\"2023-10-19T13:36:01+02:00\",\"author\":{\"@id\":\"https:\/\/instytutpolski.pl\/stockholm\/#\/schema\/person\/866a2c0f4ccf0982a286809684f7bc1e\"},\"breadcrumb\":{\"@id\":\"https:\/\/instytutpolski.pl\/stockholm\/pl\/2023\/10\/19\/fotoreportaz-fundacja-ziemniaki-i-na-tegorocznych-targach-supermarket-2023-stockholm-independent-art-fair\/#breadcrumb\"},\"inLanguage\":\"pl-PL\",\"potentialAction\":[{\"@type\":\"ReadAction\",\"target\":[\"https:\/\/instytutpolski.pl\/stockholm\/pl\/2023\/10\/19\/fotoreportaz-fundacja-ziemniaki-i-na-tegorocznych-targach-supermarket-2023-stockholm-independent-art-fair\/\"]}],\"@context\":\"https:\/\/schema.org\",\"startDate\":\"2023-05-11\",\"endDate\":\"2023-05-14\",\"eventStatus\":\"EventScheduled\",\"eventAttendanceMode\":\"OfflineEventAttendanceMode\",\"location\":{\"@type\":\"place\",\"name\":\"Stadsg\u00e5rdsterminalen, Stockholm\",\"address\":\"Stadsg\u00e5rdsterminalen, Stockholm\",\"geo\":{\"@type\":\"GeoCoordinates\",\"latitude\":\"59.05321744915955\",\"longitude\":\"17.840108355999835\"}},\"description\":\"Podczas targ\u00f3w zaprezentowano trzy instalacje: \u201eAll will end well\u201d (2022) Oli Korba\u0144skiej; \u201eFl-08\u201d (2023) Agnieszki Cieszanowskiej; oraz \u201eSolstice\/Equinox\u201d (2018) Alicji Wysockiej. Ponadto, polscy go\u015bcie spotkali si\u0119 z publiczno\u015bci\u0105, aby opowiedzie\u0107 o dzia\u0142alno\u015b\u0107 fundacji, a tak\u017ce o swojej indywidualnej tw\u00f3rczo\u015bci artystycznej. Serdecznie dzi\u0119kujemy wszystkim, kt\u00f3rzy przyczynili si\u0119 do realizacji projektu: wspania\u0142ym artystom, organizatorom targ\u00f3w oraz Joshowi Ploughowi, za\u0142o\u017cycielowi Fundacji Ziemniaki i!\\nSupermarket - Stockholm Independent Art Fair to mi\u0119dzynarodowe, niezale\u017cne targi sztuki w Sztokholmie, prezentuj\u0105ce artyst\u00f3w z r\u00f3\u017cnych cz\u0119\u015bci \u015bwiata. Ambicj\u0105 targ\u00f3w jest prezentacja unikatowych projekt\u00f3w artystycznych, rozwijanie relacji mi\u0119dzy szwedzkimi i mi\u0119dzynarodowymi tw\u00f3rcami oraz stworzenie platformy do spotka\u0144 pomi\u0119dzy artystami a publiczno\u015bci\u0105.\\nProjekt jest efektem wsp\u00f3\u0142pracy Fundacji Ziemniaki i, targ\u00f3w Supermarket \u2013 Stockholm Independent Art Fair oraz Instytutu Polskiego w Sztokholmie.\"},{\"@type\":\"ImageObject\",\"inLanguage\":\"pl-PL\",\"@id\":\"https:\/\/instytutpolski.pl\/stockholm\/pl\/2023\/10\/19\/fotoreportaz-fundacja-ziemniaki-i-na-tegorocznych-targach-supermarket-2023-stockholm-independent-art-fair\/#primaryimage\",\"url\":\"https:\/\/instytutpolski.pl\/stockholm\/wp-content\/uploads\/sites\/17\/2023\/10\/IMG_3879-scaled.jpg\",\"contentUrl\":\"https:\/\/instytutpolski.pl\/stockholm\/wp-content\/uploads\/sites\/17\/2023\/10\/IMG_3879-scaled.jpg\",\"width\":2560,\"height\":1920},{\"@type\":\"BreadcrumbList\",\"@id\":\"https:\/\/instytutpolski.pl\/stockholm\/pl\/2023\/10\/19\/fotoreportaz-fundacja-ziemniaki-i-na-tegorocznych-targach-supermarket-2023-stockholm-independent-art-fair\/#breadcrumb\",\"itemListElement\":[{\"@type\":\"ListItem\",\"position\":1,\"name\":\"Home\",\"item\":\"https:\/\/instytutpolski.pl\/stockholm\/\"},{\"@type\":\"ListItem\",\"position\":2,\"name\":\"Fotoreporta\u017c: \u201eFundacja Ziemniaki i\u201d na tegorocznych targach SUPERMARKET 2023 \u2013 Stockholm Independent Art Fair\"}]},{\"@type\":\"WebSite\",\"@id\":\"https:\/\/instytutpolski.pl\/stockholm\/#website\",\"url\":\"https:\/\/instytutpolski.pl\/stockholm\/\",\"name\":\"Instytut Polski w Sztokholmie\",\"description\":\"Instytuty Polskie\",\"potentialAction\":[{\"@type\":\"SearchAction\",\"target\":{\"@type\":\"EntryPoint\",\"urlTemplate\":\"https:\/\/instytutpolski.pl\/stockholm\/?s={search_term_string}\"},\"query-input\":{\"@type\":\"PropertyValueSpecification\",\"valueRequired\":true,\"valueName\":\"search_term_string\"}}],\"inLanguage\":\"pl-PL\"},{\"@type\":\"Person\",\"@id\":\"https:\/\/instytutpolski.pl\/stockholm\/#\/schema\/person\/866a2c0f4ccf0982a286809684f7bc1e\",\"name\":\"treichelp\",\"image\":{\"@type\":\"ImageObject\",\"inLanguage\":\"pl-PL\",\"@id\":\"https:\/\/instytutpolski.pl\/stockholm\/#\/schema\/person\/image\/\",\"url\":\"https:\/\/secure.gravatar.com\/avatar\/fb2c1caae0df0854742a56fc463dd1fb?s=96&d=mm&r=g\",\"contentUrl\":\"https:\/\/secure.gravatar.com\/avatar\/fb2c1caae0df0854742a56fc463dd1fb?s=96&d=mm&r=g\",\"caption\":\"treichelp\"},\"url\":\"https:\/\/instytutpolski.pl\/stockholm\/author\/treichelp\/\"}]}<\/script>\n<!-- \/ Yoast SEO plugin. -->","yoast_head_json":{"title":"Fotoreporta\u017c: \u201eFundacja Ziemniaki i\u201d na tegorocznych targach SUPERMARKET 2023 \u2013 Stockholm Independent Art Fair - Instytut Polski w Sztokholmie","robots":{"index":"index","follow":"follow","max-snippet":"max-snippet:-1","max-image-preview":"max-image-preview:large","max-video-preview":"max-video-preview:-1"},"canonical":"https:\/\/instytutpolski.pl\/stockholm\/pl\/2023\/10\/19\/fotoreportaz-fundacja-ziemniaki-i-na-tegorocznych-targach-supermarket-2023-stockholm-independent-art-fair\/","og_locale":"pl_PL","og_type":"article","og_title":"Fotoreporta\u017c: \u201eFundacja Ziemniaki i\u201d na tegorocznych targach SUPERMARKET 2023 \u2013 Stockholm Independent Art Fair - Instytut Polski w Sztokholmie","og_description":"Podczas targ\u00f3w zaprezentowano trzy instalacje: \u201eAll will end well\u201d (2022) Oli Korba\u0144skiej; \u201eFl-08\u201d (2023) Agnieszki Cieszanowskiej; oraz \u201eSolstice\/Equinox\u201d (2018) Alicji Wysockiej. Ponadto, polscy go\u015bcie spotkali si\u0119 z publiczno\u015bci\u0105, aby opowiedzie\u0107 o dzia\u0142alno\u015b\u0107 fundacji, a tak\u017ce o swojej indywidualnej tw\u00f3rczo\u015bci artystycznej. Serdecznie dzi\u0119kujemy wszystkim, kt\u00f3rzy przyczynili si\u0119 do realizacji projektu: wspania\u0142ym artystom, organizatorom targ\u00f3w oraz Joshowi [&hellip;]","og_url":"https:\/\/instytutpolski.pl\/stockholm\/pl\/2023\/10\/19\/fotoreportaz-fundacja-ziemniaki-i-na-tegorocznych-targach-supermarket-2023-stockholm-independent-art-fair\/","og_site_name":"Instytut Polski w Sztokholmie","article_published_time":"2023-10-19T13:32:51+00:00","article_modified_time":"2023-10-19T13:36:01+00:00","og_image":[{"width":2560,"height":1920,"url":"https:\/\/instytutpolski.pl\/stockholm\/wp-content\/uploads\/sites\/17\/2023\/10\/IMG_3879-scaled.jpg","type":"image\/jpeg"}],"author":"treichelp","twitter_card":"summary_large_image","twitter_misc":{"Napisane przez":"treichelp","Szacowany czas czytania":"4 minuty"},"schema":{"@context":"https:\/\/schema.org","@graph":[{"@type":"event","@id":"https:\/\/instytutpolski.pl\/stockholm\/pl\/2023\/10\/19\/fotoreportaz-fundacja-ziemniaki-i-na-tegorocznych-targach-supermarket-2023-stockholm-independent-art-fair\/","url":"https:\/\/instytutpolski.pl\/stockholm\/pl\/2023\/10\/19\/fotoreportaz-fundacja-ziemniaki-i-na-tegorocznych-targach-supermarket-2023-stockholm-independent-art-fair\/","name":"Fotoreporta\u017c: \u201eFundacja Ziemniaki i\u201d na tegorocznych targach SUPERMARKET 2023 \u2013 Stockholm Independent Art Fair","isPartOf":{"@id":"https:\/\/instytutpolski.pl\/stockholm\/#website"},"primaryImageOfPage":{"@id":"https:\/\/instytutpolski.pl\/stockholm\/pl\/2023\/10\/19\/fotoreportaz-fundacja-ziemniaki-i-na-tegorocznych-targach-supermarket-2023-stockholm-independent-art-fair\/#primaryimage"},"image":["https:\/\/instytutpolski.pl\/stockholm\/wp-content\/uploads\/sites\/17\/2023\/10\/IMG_3879-scaled.jpg","https:\/\/instytutpolski.pl\/stockholm\/wp-content\/uploads\/sites\/17\/2023\/10\/IMG_3879-300x225.jpg","https:\/\/instytutpolski.pl\/stockholm\/wp-content\/uploads\/sites\/17\/2023\/10\/IMG_3879-1024x768.jpg","https:\/\/instytutpolski.pl\/stockholm\/wp-content\/uploads\/sites\/17\/2023\/10\/IMG_3879-scaled.jpg"],"thumbnailUrl":"https:\/\/instytutpolski.pl\/stockholm\/wp-content\/uploads\/sites\/17\/2023\/10\/IMG_3879-scaled.jpg","datePublished":"2023-10-19T13:32:51+02:00","dateModified":"2023-10-19T13:36:01+02:00","author":{"@id":"https:\/\/instytutpolski.pl\/stockholm\/#\/schema\/person\/866a2c0f4ccf0982a286809684f7bc1e"},"breadcrumb":{"@id":"https:\/\/instytutpolski.pl\/stockholm\/pl\/2023\/10\/19\/fotoreportaz-fundacja-ziemniaki-i-na-tegorocznych-targach-supermarket-2023-stockholm-independent-art-fair\/#breadcrumb"},"inLanguage":"pl-PL","potentialAction":[{"@type":"ReadAction","target":["https:\/\/instytutpolski.pl\/stockholm\/pl\/2023\/10\/19\/fotoreportaz-fundacja-ziemniaki-i-na-tegorocznych-targach-supermarket-2023-stockholm-independent-art-fair\/"]}],"@context":"https:\/\/schema.org","startDate":"2023-05-11","endDate":"2023-05-14","eventStatus":"EventScheduled","eventAttendanceMode":"OfflineEventAttendanceMode","location":{"@type":"place","name":"Stadsg\u00e5rdsterminalen, Stockholm","address":"Stadsg\u00e5rdsterminalen, Stockholm","geo":{"@type":"GeoCoordinates","latitude":"59.05321744915955","longitude":"17.840108355999835"}},"description":"Podczas targ\u00f3w zaprezentowano trzy instalacje: \u201eAll will end well\u201d (2022) Oli Korba\u0144skiej; \u201eFl-08\u201d (2023) Agnieszki Cieszanowskiej; oraz \u201eSolstice\/Equinox\u201d (2018) Alicji Wysockiej. Ponadto, polscy go\u015bcie spotkali si\u0119 z publiczno\u015bci\u0105, aby opowiedzie\u0107 o dzia\u0142alno\u015b\u0107 fundacji, a tak\u017ce o swojej indywidualnej tw\u00f3rczo\u015bci artystycznej. Serdecznie dzi\u0119kujemy wszystkim, kt\u00f3rzy przyczynili si\u0119 do realizacji projektu: wspania\u0142ym artystom, organizatorom targ\u00f3w oraz Joshowi Ploughowi, za\u0142o\u017cycielowi Fundacji Ziemniaki i!\nSupermarket - Stockholm Independent Art Fair to mi\u0119dzynarodowe, niezale\u017cne targi sztuki w Sztokholmie, prezentuj\u0105ce artyst\u00f3w z r\u00f3\u017cnych cz\u0119\u015bci \u015bwiata. Ambicj\u0105 targ\u00f3w jest prezentacja unikatowych projekt\u00f3w artystycznych, rozwijanie relacji mi\u0119dzy szwedzkimi i mi\u0119dzynarodowymi tw\u00f3rcami oraz stworzenie platformy do spotka\u0144 pomi\u0119dzy artystami a publiczno\u015bci\u0105.\nProjekt jest efektem wsp\u00f3\u0142pracy Fundacji Ziemniaki i, targ\u00f3w Supermarket \u2013 Stockholm Independent Art Fair oraz Instytutu Polskiego w Sztokholmie."},{"@type":"ImageObject","inLanguage":"pl-PL","@id":"https:\/\/instytutpolski.pl\/stockholm\/pl\/2023\/10\/19\/fotoreportaz-fundacja-ziemniaki-i-na-tegorocznych-targach-supermarket-2023-stockholm-independent-art-fair\/#primaryimage","url":"https:\/\/instytutpolski.pl\/stockholm\/wp-content\/uploads\/sites\/17\/2023\/10\/IMG_3879-scaled.jpg","contentUrl":"https:\/\/instytutpolski.pl\/stockholm\/wp-content\/uploads\/sites\/17\/2023\/10\/IMG_3879-scaled.jpg","width":2560,"height":1920},{"@type":"BreadcrumbList","@id":"https:\/\/instytutpolski.pl\/stockholm\/pl\/2023\/10\/19\/fotoreportaz-fundacja-ziemniaki-i-na-tegorocznych-targach-supermarket-2023-stockholm-independent-art-fair\/#breadcrumb","itemListElement":[{"@type":"ListItem","position":1,"name":"Home","item":"https:\/\/instytutpolski.pl\/stockholm\/"},{"@type":"ListItem","position":2,"name":"Fotoreporta\u017c: \u201eFundacja Ziemniaki i\u201d na tegorocznych targach SUPERMARKET 2023 \u2013 Stockholm Independent Art Fair"}]},{"@type":"WebSite","@id":"https:\/\/instytutpolski.pl\/stockholm\/#website","url":"https:\/\/instytutpolski.pl\/stockholm\/","name":"Instytut Polski w Sztokholmie","description":"Instytuty Polskie","potentialAction":[{"@type":"SearchAction","target":{"@type":"EntryPoint","urlTemplate":"https:\/\/instytutpolski.pl\/stockholm\/?s={search_term_string}"},"query-input":{"@type":"PropertyValueSpecification","valueRequired":true,"valueName":"search_term_string"}}],"inLanguage":"pl-PL"},{"@type":"Person","@id":"https:\/\/instytutpolski.pl\/stockholm\/#\/schema\/person\/866a2c0f4ccf0982a286809684f7bc1e","name":"treichelp","image":{"@type":"ImageObject","inLanguage":"pl-PL","@id":"https:\/\/instytutpolski.pl\/stockholm\/#\/schema\/person\/image\/","url":"https:\/\/secure.gravatar.com\/avatar\/fb2c1caae0df0854742a56fc463dd1fb?s=96&d=mm&r=g","contentUrl":"https:\/\/secure.gravatar.com\/avatar\/fb2c1caae0df0854742a56fc463dd1fb?s=96&d=mm&r=g","caption":"treichelp"},"url":"https:\/\/instytutpolski.pl\/stockholm\/author\/treichelp\/"}]}},"_links":{"self":[{"href":"https:\/\/instytutpolski.pl\/stockholm\/wp-json\/wp\/v2\/posts\/11754","targetHints":{"allow":["GET"]}}],"collection":[{"href":"https:\/\/instytutpolski.pl\/stockholm\/wp-json\/wp\/v2\/posts"}],"about":[{"href":"https:\/\/instytutpolski.pl\/stockholm\/wp-json\/wp\/v2\/types\/post"}],"author":[{"embeddable":true,"href":"https:\/\/instytutpolski.pl\/stockholm\/wp-json\/wp\/v2\/users\/173"}],"replies":[{"embeddable":true,"href":"https:\/\/instytutpolski.pl\/stockholm\/wp-json\/wp\/v2\/comments?post=11754"}],"version-history":[{"count":3,"href":"https:\/\/instytutpolski.pl\/stockholm\/wp-json\/wp\/v2\/posts\/11754\/revisions"}],"predecessor-version":[{"id":11757,"href":"https:\/\/instytutpolski.pl\/stockholm\/wp-json\/wp\/v2\/posts\/11754\/revisions\/11757"}],"wp:featuredmedia":[{"embeddable":true,"href":"https:\/\/instytutpolski.pl\/stockholm\/wp-json\/wp\/v2\/media\/11735"}],"wp:attachment":[{"href":"https:\/\/instytutpolski.pl\/stockholm\/wp-json\/wp\/v2\/media?parent=11754"}],"wp:term":[{"taxonomy":"category","embeddable":true,"href":"https:\/\/instytutpolski.pl\/stockholm\/wp-json\/wp\/v2\/categories?post=11754"},{"taxonomy":"post_tag","embeddable":true,"href":"https:\/\/instytutpolski.pl\/stockholm\/wp-json\/wp\/v2\/tags?post=11754"}],"curies":[{"name":"wp","href":"https:\/\/api.w.org\/{rel}","templated":true}]}}