{"id":11758,"date":"2023-10-19T12:23:22","date_gmt":"2023-10-19T10:23:22","guid":{"rendered":"https:\/\/instytutpolski.pl\/stockholm\/?p=11758"},"modified":"2023-11-06T10:32:53","modified_gmt":"2023-11-06T09:32:53","slug":"polskie-animacje-na-rex-animation-film-festival-2023-2","status":"publish","type":"post","link":"https:\/\/instytutpolski.pl\/stockholm\/pl\/2023\/10\/19\/polskie-animacje-na-rex-animation-film-festival-2023-2\/","title":{"rendered":"Polskie animacje na REX Animation Film Festival 2023"},"content":{"rendered":"\n<p>Podczas tegorocznego REX Animation Film Festival zostan\u0105 pokazane cztery polskie filmy animowane, w ramach sekcji International Competition 1, International Competition 3, EUNIC for Kids oraz EUNIC Selection. Pokazy odb\u0119d\u0105 si\u0119 w kinach Zita Folkets Bio oraz Sk\u00e4risbiografen w Centrum Kultury Kulturhuset Stadsteatern i Sk\u00e4rholmen.<\/p>\n\n\n\n<p><\/p>\n\n\n\n<p><em><strong>28 pa\u017adziernika, godz. 18.00, Zita Folkets Bio, Sala 1 &#8211; sekcja International Competition 1<\/strong><\/em><\/p>\n\n\n\n<p>\u201cEverything&#8217;s gonna be alright\u201d<\/p>\n\n\n\n<p>Federico Turani<\/p>\n\n\n\n<p>2023 \/ 5\u2019 58\u201d \/ Polska<\/p>\n\n\n\n<p>Frank jest prostym cz\u0142owiekiem, bez wi\u0119kszych zainteresowa\u0144 czy pragnie\u0144. W\u0142a\u015bciwie nie mo\u017ce ich mie\u0107, poniewa\u017c wszystko, za co si\u0119 zabiera wychodzi niesamowicie, nawet je\u015bli nie robi nic. Mo\u017ce by\u0107 proaktywny, pasywny, nieruchomy, w ruchu, szcz\u0119\u015bliwy, smutny, z\u0142y: efekt zawsze b\u0119dzie dla niego korzystny. Cho\u0107 brzmi to jak sen, w rzeczywisto\u015bci jest przekle\u0144stwem. Frank utkn\u0105\u0142 w strumieniu zielonych \u015bwiate\u0142, nie czuj\u0105c nic. Gdzie si\u0119 podzia\u0142y emocje?<\/p>\n\n\n\n<p>Wi\u0119cej na temat filmu oraz fragment animacji znajdziesz na <a href=\"https:\/\/www.pigeonproductions.pl\/project\/everything-is-gonna-be-alright\/\" target=\"_blank\" rel=\"noreferrer noopener\">oficjalnej stronie producenta Pigeon Productions.<\/a><\/p>\n\n\n\n<p><\/p>\n\n\n\n<figure class=\"wp-block-gallery has-nested-images columns-default is-cropped wp-block-gallery-1 is-layout-flex wp-block-gallery-is-layout-flex\">\n<figure class=\"wp-block-image size-large\"><img loading=\"lazy\" decoding=\"async\" width=\"1080\" height=\"1080\" data-id=\"11712\" src=\"https:\/\/instytutpolski.pl\/stockholm\/wp-content\/uploads\/sites\/17\/2023\/10\/2.png\" alt=\"\" class=\"wp-image-11712\" srcset=\"https:\/\/instytutpolski.pl\/stockholm\/wp-content\/uploads\/sites\/17\/2023\/10\/2.png 1080w, https:\/\/instytutpolski.pl\/stockholm\/wp-content\/uploads\/sites\/17\/2023\/10\/2-300x300.png 300w, https:\/\/instytutpolski.pl\/stockholm\/wp-content\/uploads\/sites\/17\/2023\/10\/2-1024x1024.png 1024w, https:\/\/instytutpolski.pl\/stockholm\/wp-content\/uploads\/sites\/17\/2023\/10\/2-150x150.png 150w, https:\/\/instytutpolski.pl\/stockholm\/wp-content\/uploads\/sites\/17\/2023\/10\/2-768x768.png 768w\" sizes=\"auto, (max-width: 1080px) 100vw, 1080px\" \/><\/figure>\n\n\n\n<figure class=\"wp-block-image size-large\"><img loading=\"lazy\" decoding=\"async\" width=\"1080\" height=\"1080\" data-id=\"11716\" src=\"https:\/\/instytutpolski.pl\/stockholm\/wp-content\/uploads\/sites\/17\/2023\/10\/6.png\" alt=\"\" class=\"wp-image-11716\" srcset=\"https:\/\/instytutpolski.pl\/stockholm\/wp-content\/uploads\/sites\/17\/2023\/10\/6.png 1080w, https:\/\/instytutpolski.pl\/stockholm\/wp-content\/uploads\/sites\/17\/2023\/10\/6-300x300.png 300w, https:\/\/instytutpolski.pl\/stockholm\/wp-content\/uploads\/sites\/17\/2023\/10\/6-1024x1024.png 1024w, https:\/\/instytutpolski.pl\/stockholm\/wp-content\/uploads\/sites\/17\/2023\/10\/6-150x150.png 150w, https:\/\/instytutpolski.pl\/stockholm\/wp-content\/uploads\/sites\/17\/2023\/10\/6-768x768.png 768w\" sizes=\"auto, (max-width: 1080px) 100vw, 1080px\" \/><\/figure>\n<\/figure>\n\n\n\n<p><\/p>\n\n\n\n<p><em><strong>29 pa\u017adziernika, godz. 15:00, Sk\u00e4risbiografen w Centrum Kultury Kulturhuset Stadsteatern i Sk\u00e4rholmen &#8211; sekcja EUNIC for Kids<\/strong><\/em><\/p>\n\n\n\n<p>\u201cnot A fairy tale\u201d<\/p>\n\n\n\n<p>Ma\u0142gorzata Rybak<\/p>\n\n\n\n<p>2023 \/ 2\u2019 53\u2019\u2019 \/ Polska<\/p>\n\n\n\n<p>Niezwyk\u0142e umiej\u0119tno\u015bci latarni ulicznej wywo\u0142ane przez niespodziewanych go\u015bci, nieb\u0119d\u0105cych&nbsp; lud\u017ami.<\/p>\n\n\n\n<p>Wierzcie lub nie, to prawdziwa historia.<\/p>\n\n\n\n<p>I jest bardzo ma\u0142o prawdopodobne, \u017ce si\u0119 powt\u00f3rzy.<\/p>\n\n\n\n<p>Trailer mo\u017cesz obejrze\u0107 na <a href=\"https:\/\/vimeo.com\/860681223\" target=\"_blank\" rel=\"noreferrer noopener\">stronie Vimeo<\/a>.<\/p>\n\n\n\n<p><\/p>\n\n\n\n<figure class=\"wp-block-gallery has-nested-images columns-default is-cropped wp-block-gallery-2 is-layout-flex wp-block-gallery-is-layout-flex\">\n<figure class=\"wp-block-image size-large\"><img loading=\"lazy\" decoding=\"async\" width=\"1920\" height=\"1080\" data-id=\"11869\" src=\"https:\/\/instytutpolski.pl\/stockholm\/wp-content\/uploads\/sites\/17\/2023\/10\/not-A-fairy-tale-2.png\" alt=\"\" class=\"wp-image-11869\" srcset=\"https:\/\/instytutpolski.pl\/stockholm\/wp-content\/uploads\/sites\/17\/2023\/10\/not-A-fairy-tale-2.png 1920w, https:\/\/instytutpolski.pl\/stockholm\/wp-content\/uploads\/sites\/17\/2023\/10\/not-A-fairy-tale-2-300x169.png 300w, https:\/\/instytutpolski.pl\/stockholm\/wp-content\/uploads\/sites\/17\/2023\/10\/not-A-fairy-tale-2-1024x576.png 1024w, https:\/\/instytutpolski.pl\/stockholm\/wp-content\/uploads\/sites\/17\/2023\/10\/not-A-fairy-tale-2-768x432.png 768w, https:\/\/instytutpolski.pl\/stockholm\/wp-content\/uploads\/sites\/17\/2023\/10\/not-A-fairy-tale-2-1536x864.png 1536w, https:\/\/instytutpolski.pl\/stockholm\/wp-content\/uploads\/sites\/17\/2023\/10\/not-A-fairy-tale-2-1120x630.png 1120w\" sizes=\"auto, (max-width: 1920px) 100vw, 1920px\" \/><\/figure>\n\n\n\n<figure class=\"wp-block-image size-large\"><img loading=\"lazy\" decoding=\"async\" width=\"1920\" height=\"1080\" data-id=\"11870\" src=\"https:\/\/instytutpolski.pl\/stockholm\/wp-content\/uploads\/sites\/17\/2023\/10\/not-A-fairy-tale-1.png\" alt=\"\" class=\"wp-image-11870\" srcset=\"https:\/\/instytutpolski.pl\/stockholm\/wp-content\/uploads\/sites\/17\/2023\/10\/not-A-fairy-tale-1.png 1920w, https:\/\/instytutpolski.pl\/stockholm\/wp-content\/uploads\/sites\/17\/2023\/10\/not-A-fairy-tale-1-300x169.png 300w, https:\/\/instytutpolski.pl\/stockholm\/wp-content\/uploads\/sites\/17\/2023\/10\/not-A-fairy-tale-1-1024x576.png 1024w, https:\/\/instytutpolski.pl\/stockholm\/wp-content\/uploads\/sites\/17\/2023\/10\/not-A-fairy-tale-1-768x432.png 768w, https:\/\/instytutpolski.pl\/stockholm\/wp-content\/uploads\/sites\/17\/2023\/10\/not-A-fairy-tale-1-1536x864.png 1536w, https:\/\/instytutpolski.pl\/stockholm\/wp-content\/uploads\/sites\/17\/2023\/10\/not-A-fairy-tale-1-1120x630.png 1120w\" sizes=\"auto, (max-width: 1920px) 100vw, 1920px\" \/><\/figure>\n<\/figure>\n\n\n\n<p><\/p>\n\n\n\n<p><em><strong>30 pa\u017adziernika, godz. 18.00, Zita Folkets Bio, Sala 1 &#8211; sekcja International Competition 3<\/strong><\/em><\/p>\n\n\n\n<p>\u201cSister\u201d&nbsp;<\/p>\n\n\n\n<p>Kasia K. Pier\u00f3g<\/p>\n\n\n\n<p>2022 \/ 12\u2019 \/ Polska<\/p>\n\n\n\n<p>Dwie siostry podr\u00f3\u017cuj\u0105 przez Krain\u0119 Chmur w poszukiwaniu Wielkiego Drzewa. W wyprawie pe\u0142nej niepowodze\u0144, wyrzecze\u0144, rado\u015bci i smutk\u00f3w zbli\u017caj\u0105 si\u0119 do swojego celu i do siebie samych. Film o dynamice siostrzanej relacji, wzajemnych problemach i wsp\u00f3lnym dojrzewaniu.<\/p>\n\n\n\n<p>Wi\u0119cej informacji znajdziesz na <a href=\"https:\/\/tapir.tv\/sister\" target=\"_blank\" rel=\"noreferrer noopener\">oficjalnej stronie producenta Yellow Tapir Films<\/a>.<\/p>\n\n\n\n<pre class=\"wp-block-verse\"><\/pre>\n\n\n\n<figure class=\"wp-block-gallery has-nested-images columns-default is-cropped wp-block-gallery-3 is-layout-flex wp-block-gallery-is-layout-flex\">\n<figure class=\"wp-block-image size-large\"><img loading=\"lazy\" decoding=\"async\" width=\"1080\" height=\"1080\" data-id=\"11713\" src=\"https:\/\/instytutpolski.pl\/stockholm\/wp-content\/uploads\/sites\/17\/2023\/10\/3.png\" alt=\"\" class=\"wp-image-11713\" srcset=\"https:\/\/instytutpolski.pl\/stockholm\/wp-content\/uploads\/sites\/17\/2023\/10\/3.png 1080w, https:\/\/instytutpolski.pl\/stockholm\/wp-content\/uploads\/sites\/17\/2023\/10\/3-300x300.png 300w, https:\/\/instytutpolski.pl\/stockholm\/wp-content\/uploads\/sites\/17\/2023\/10\/3-1024x1024.png 1024w, https:\/\/instytutpolski.pl\/stockholm\/wp-content\/uploads\/sites\/17\/2023\/10\/3-150x150.png 150w, https:\/\/instytutpolski.pl\/stockholm\/wp-content\/uploads\/sites\/17\/2023\/10\/3-768x768.png 768w\" sizes=\"auto, (max-width: 1080px) 100vw, 1080px\" \/><\/figure>\n\n\n\n<figure class=\"wp-block-image size-large\"><img loading=\"lazy\" decoding=\"async\" width=\"1080\" height=\"1080\" data-id=\"11714\" src=\"https:\/\/instytutpolski.pl\/stockholm\/wp-content\/uploads\/sites\/17\/2023\/10\/4.png\" alt=\"\" class=\"wp-image-11714\" srcset=\"https:\/\/instytutpolski.pl\/stockholm\/wp-content\/uploads\/sites\/17\/2023\/10\/4.png 1080w, https:\/\/instytutpolski.pl\/stockholm\/wp-content\/uploads\/sites\/17\/2023\/10\/4-300x300.png 300w, https:\/\/instytutpolski.pl\/stockholm\/wp-content\/uploads\/sites\/17\/2023\/10\/4-1024x1024.png 1024w, https:\/\/instytutpolski.pl\/stockholm\/wp-content\/uploads\/sites\/17\/2023\/10\/4-150x150.png 150w, https:\/\/instytutpolski.pl\/stockholm\/wp-content\/uploads\/sites\/17\/2023\/10\/4-768x768.png 768w\" sizes=\"auto, (max-width: 1080px) 100vw, 1080px\" \/><\/figure>\n<\/figure>\n\n\n\n<p><\/p>\n\n\n\n<p><em><strong>1 listopada, godz. 17:30, Zita Folkets Bio, Sala 1 &#8211; sekcja EUNIC Selection<\/strong><\/em><\/p>\n\n\n\n<p>\u201cIn-Between\u201d<\/p>\n\n\n\n<p>Julia Benedyktowicz<\/p>\n\n\n\n<p>2022 \/ 5&#8242; 58&#8221; \/ Polska<\/p>\n\n\n\n<p>Opowie\u015b\u0107 o poszukiwaniach: gubieniu i odnajdywaniu &#8211; nielinearnych spotkaniach z samym sob\u0105. Bohaterka rozpoczyna podr\u00f3\u017c w g\u0142\u0105b siebie: wkracza i eksploruje przestrzenie swojego wewn\u0119trznego \u015bwiata, w kt\u00f3rym czas p\u0142ynie inaczej.<\/p>\n\n\n\n<p>Urywki z animacji znajdziesz na <a href=\"https:\/\/juliabenedyktowicz.myportfolio.com\/inbetween-2022\" target=\"_blank\" rel=\"noreferrer noopener\">stronie zawieraj\u0105cej portfolio artystki Julii Benedyktowicz<\/a>.<\/p>\n\n\n\n<pre class=\"wp-block-verse\"><\/pre>\n\n\n\n<figure class=\"wp-block-gallery has-nested-images columns-default is-cropped wp-block-gallery-4 is-layout-flex wp-block-gallery-is-layout-flex\">\n<figure class=\"wp-block-image size-large\"><img loading=\"lazy\" decoding=\"async\" width=\"900\" height=\"600\" data-id=\"11705\" src=\"https:\/\/instytutpolski.pl\/stockholm\/wp-content\/uploads\/sites\/17\/2023\/10\/Pomiedzy_REX.jpg\" alt=\"\" class=\"wp-image-11705\" srcset=\"https:\/\/instytutpolski.pl\/stockholm\/wp-content\/uploads\/sites\/17\/2023\/10\/Pomiedzy_REX.jpg 900w, https:\/\/instytutpolski.pl\/stockholm\/wp-content\/uploads\/sites\/17\/2023\/10\/Pomiedzy_REX-300x200.jpg 300w, https:\/\/instytutpolski.pl\/stockholm\/wp-content\/uploads\/sites\/17\/2023\/10\/Pomiedzy_REX-768x512.jpg 768w\" sizes=\"auto, (max-width: 900px) 100vw, 900px\" \/><\/figure>\n\n\n\n<figure class=\"wp-block-image size-large\"><img loading=\"lazy\" decoding=\"async\" width=\"300\" height=\"194\" data-id=\"11704\" src=\"https:\/\/instytutpolski.pl\/stockholm\/wp-content\/uploads\/sites\/17\/2023\/10\/In-between_REX.jpg\" alt=\"\" class=\"wp-image-11704\" \/><\/figure>\n<\/figure>\n\n\n\n<p><\/p>\n\n\n\n<p>Szczeg\u00f3\u0142y dotycz\u0105ce REX Animation Film Festival znajdziesz na<a href=\"https:\/\/rexanimation.se\/.\" target=\"_blank\" rel=\"noreferrer noopener\"> oficjalnej stronie festiwalu<\/a>.&nbsp;<\/p>\n\n\n\n<p>W ramach wsp\u00f3\u0142pracy REX Animation Film Festival oraz organizacji EUNIC Stockholm, w tym Instytutu Polskiego w Sztokholmie.<\/p>\n","protected":false},"excerpt":{"rendered":"<p>Podczas tegorocznego REX Animation Film Festival zostan\u0105 pokazane cztery polskie filmy animowane, w ramach sekcji International Competition 1, International Competition 3, EUNIC for Kids oraz EUNIC Selection. Pokazy odb\u0119d\u0105 si\u0119 w kinach Zita Folkets Bio oraz Sk\u00e4risbiografen w Centrum Kultury Kulturhuset Stadsteatern i Sk\u00e4rholmen. 28 pa\u017adziernika, godz. 18.00, Zita Folkets Bio, Sala 1 &#8211; sekcja [&hellip;]<\/p>\n","protected":false},"author":173,"featured_media":11700,"comment_status":"closed","ping_status":"closed","sticky":false,"template":"","format":"standard","meta":{"inline_featured_image":false,"_monsterinsights_skip_tracking":false,"_monsterinsights_sitenote_active":false,"_monsterinsights_sitenote_note":"","_monsterinsights_sitenote_category":0,"footnotes":""},"categories":[85,36],"tags":[],"class_list":["post-11758","post","type-post","status-publish","format-standard","has-post-thumbnail","hentry","category-kino","category-wydarzenie"],"yoast_head":"<!-- This site is optimized with the Yoast SEO plugin v24.6 - https:\/\/yoast.com\/wordpress\/plugins\/seo\/ -->\n<title>Polskie animacje na REX Animation Film Festival 2023 - Instytut Polski w Sztokholmie<\/title>\n<meta name=\"robots\" content=\"index, follow, max-snippet:-1, max-image-preview:large, max-video-preview:-1\" \/>\n<link rel=\"canonical\" href=\"https:\/\/instytutpolski.pl\/stockholm\/pl\/2023\/10\/19\/polskie-animacje-na-rex-animation-film-festival-2023-2\/\" \/>\n<meta property=\"og:locale\" content=\"pl_PL\" \/>\n<meta property=\"og:type\" content=\"article\" \/>\n<meta property=\"og:title\" content=\"Polskie animacje na REX Animation Film Festival 2023 - Instytut Polski w Sztokholmie\" \/>\n<meta property=\"og:description\" content=\"Podczas tegorocznego REX Animation Film Festival zostan\u0105 pokazane cztery polskie filmy animowane, w ramach sekcji International Competition 1, International Competition 3, EUNIC for Kids oraz EUNIC Selection. Pokazy odb\u0119d\u0105 si\u0119 w kinach Zita Folkets Bio oraz Sk\u00e4risbiografen w Centrum Kultury Kulturhuset Stadsteatern i Sk\u00e4rholmen. 28 pa\u017adziernika, godz. 18.00, Zita Folkets Bio, Sala 1 &#8211; sekcja [&hellip;]\" \/>\n<meta property=\"og:url\" content=\"https:\/\/instytutpolski.pl\/stockholm\/pl\/2023\/10\/19\/polskie-animacje-na-rex-animation-film-festival-2023-2\/\" \/>\n<meta property=\"og:site_name\" content=\"Instytut Polski w Sztokholmie\" \/>\n<meta property=\"article:published_time\" content=\"2023-10-19T10:23:22+00:00\" \/>\n<meta property=\"article:modified_time\" content=\"2023-11-06T09:32:53+00:00\" \/>\n<meta property=\"og:image\" content=\"https:\/\/instytutpolski.pl\/stockholm\/wp-content\/uploads\/sites\/17\/2023\/10\/REX-Animation-Film-Festival-2023.png\" \/>\n\t<meta property=\"og:image:width\" content=\"1120\" \/>\n\t<meta property=\"og:image:height\" content=\"630\" \/>\n\t<meta property=\"og:image:type\" content=\"image\/png\" \/>\n<meta name=\"author\" content=\"treichelp\" \/>\n<meta name=\"twitter:card\" content=\"summary_large_image\" \/>\n<meta name=\"twitter:label1\" content=\"Napisane przez\" \/>\n\t<meta name=\"twitter:data1\" content=\"treichelp\" \/>\n\t<meta name=\"twitter:label2\" content=\"Szacowany czas czytania\" \/>\n\t<meta name=\"twitter:data2\" content=\"4 minuty\" \/>\n<script type=\"application\/ld+json\" class=\"yoast-schema-graph\">{\"@context\":\"https:\/\/schema.org\",\"@graph\":[{\"@type\":\"event\",\"@id\":\"https:\/\/instytutpolski.pl\/stockholm\/pl\/2023\/10\/19\/polskie-animacje-na-rex-animation-film-festival-2023-2\/\",\"url\":\"https:\/\/instytutpolski.pl\/stockholm\/pl\/2023\/10\/19\/polskie-animacje-na-rex-animation-film-festival-2023-2\/\",\"name\":\"Polskie animacje na REX Animation Film Festival 2023\",\"isPartOf\":{\"@id\":\"https:\/\/instytutpolski.pl\/stockholm\/#website\"},\"primaryImageOfPage\":{\"@id\":\"https:\/\/instytutpolski.pl\/stockholm\/pl\/2023\/10\/19\/polskie-animacje-na-rex-animation-film-festival-2023-2\/#primaryimage\"},\"image\":[\"https:\/\/instytutpolski.pl\/stockholm\/wp-content\/uploads\/sites\/17\/2023\/10\/REX-Animation-Film-Festival-2023.png\",\"https:\/\/instytutpolski.pl\/stockholm\/wp-content\/uploads\/sites\/17\/2023\/10\/REX-Animation-Film-Festival-2023-300x169.png\",\"https:\/\/instytutpolski.pl\/stockholm\/wp-content\/uploads\/sites\/17\/2023\/10\/REX-Animation-Film-Festival-2023-1024x576.png\",\"https:\/\/instytutpolski.pl\/stockholm\/wp-content\/uploads\/sites\/17\/2023\/10\/REX-Animation-Film-Festival-2023.png\"],\"thumbnailUrl\":\"https:\/\/instytutpolski.pl\/stockholm\/wp-content\/uploads\/sites\/17\/2023\/10\/REX-Animation-Film-Festival-2023.png\",\"datePublished\":\"2023-10-19T10:23:22+02:00\",\"dateModified\":\"2023-11-06T09:32:53+02:00\",\"author\":{\"@id\":\"https:\/\/instytutpolski.pl\/stockholm\/#\/schema\/person\/866a2c0f4ccf0982a286809684f7bc1e\"},\"breadcrumb\":{\"@id\":\"https:\/\/instytutpolski.pl\/stockholm\/pl\/2023\/10\/19\/polskie-animacje-na-rex-animation-film-festival-2023-2\/#breadcrumb\"},\"inLanguage\":\"pl-PL\",\"potentialAction\":[{\"@type\":\"ReadAction\",\"target\":[\"https:\/\/instytutpolski.pl\/stockholm\/pl\/2023\/10\/19\/polskie-animacje-na-rex-animation-film-festival-2023-2\/\"]}],\"@context\":\"https:\/\/schema.org\",\"startDate\":\"2023-10-27\",\"endDate\":\"2023-11-02\",\"eventStatus\":\"EventScheduled\",\"eventAttendanceMode\":\"OfflineEventAttendanceMode\",\"location\":{\"@type\":\"place\",\"name\":\"Zita Folkets Bio och Sk\u00e4risbiografen, Stockholm\",\"address\":\"Zita Folkets Bio och Sk\u00e4risbiografen, Stockholm\",\"geo\":{\"@type\":\"GeoCoordinates\",\"latitude\":\"59.2041473376901\",\"longitude\":\"18.382614615223595\"}},\"description\":\"Podczas tegorocznego REX Animation Film Festival zostan\u0105 pokazane cztery polskie filmy animowane, w ramach sekcji International Competition 1, International Competition 3, EUNIC for Kids oraz EUNIC Selection. Pokazy odb\u0119d\u0105 si\u0119 w kinach Zita Folkets Bio oraz Sk\u00e4risbiografen w Centrum Kultury Kulturhuset Stadsteatern i Sk\u00e4rholmen.\\n28 pa\u017adziernika, godz. 18.00, Zita Folkets Bio, Sala 1 - sekcja International Competition 1\\n\u201cEverything's gonna be alright\u201d\\nFederico Turani\\n2023 \/ 5\u2019 58\u201d \/ Polska\\nFrank jest prostym cz\u0142owiekiem, bez wi\u0119kszych zainteresowa\u0144 czy pragnie\u0144. W\u0142a\u015bciwie nie mo\u017ce ich mie\u0107, poniewa\u017c wszystko, za co si\u0119 zabiera wychodzi niesamowicie, nawet je\u015bli nie robi nic. Mo\u017ce by\u0107 proaktywny, pasywny, nieruchomy, w ruchu, szcz\u0119\u015bliwy, smutny, z\u0142y: efekt zawsze b\u0119dzie dla niego korzystny. Cho\u0107 brzmi to jak sen, w rzeczywisto\u015bci jest przekle\u0144stwem. Frank utkn\u0105\u0142 w strumieniu zielonych \u015bwiate\u0142, nie czuj\u0105c nic. Gdzie si\u0119 podzia\u0142y emocje?\\nWi\u0119cej na temat filmu oraz fragment animacji znajdziesz na oficjalnej stronie producenta Pigeon Productions.\\n29 pa\u017adziernika, godz. 15:00, Sk\u00e4risbiografen w Centrum Kultury Kulturhuset Stadsteatern i Sk\u00e4rholmen - sekcja EUNIC for Kids\\n\u201cnot A fairy tale\u201d\\nMa\u0142gorzata Rybak\\n2023 \/ 2\u2019 53\u2019\u2019 \/ Polska\\nNiezwyk\u0142e umiej\u0119tno\u015bci latarni ulicznej wywo\u0142ane przez niespodziewanych go\u015bci, nieb\u0119d\u0105cych  lud\u017ami.\\nWierzcie lub nie, to prawdziwa historia.\\nI jest bardzo ma\u0142o prawdopodobne, \u017ce si\u0119 powt\u00f3rzy.\\nTrailer mo\u017cesz obejrze\u0107 na stronie Vimeo.\\n30 pa\u017adziernika, godz. 18.00, Zita Folkets Bio, Sala 1 - sekcja International Competition 3\\n\u201cSister\u201d \\nKasia K. Pier\u00f3g\\n2022 \/ 12\u2019 \/ Polska\\nDwie siostry podr\u00f3\u017cuj\u0105 przez Krain\u0119 Chmur w poszukiwaniu Wielkiego Drzewa. W wyprawie pe\u0142nej niepowodze\u0144, wyrzecze\u0144, rado\u015bci i smutk\u00f3w zbli\u017caj\u0105 si\u0119 do swojego celu i do siebie samych. Film o dynamice siostrzanej relacji, wzajemnych problemach i wsp\u00f3lnym dojrzewaniu.\\nWi\u0119cej informacji znajdziesz na oficjalnej stronie producenta Yellow Tapir Films.\\n1 listopada, godz. 17:30, Zita Folkets Bio, Sala 1 - sekcja EUNIC Selection\\n\u201cIn-Between\u201d\\nJulia Benedyktowicz\\n2022 \/ 5' 58'' \/ Polska\\nOpowie\u015b\u0107 o poszukiwaniach: gubieniu i odnajdywaniu - nielinearnych spotkaniach z samym sob\u0105. Bohaterka rozpoczyna podr\u00f3\u017c w g\u0142\u0105b siebie: wkracza i eksploruje przestrzenie swojego wewn\u0119trznego \u015bwiata, w kt\u00f3rym czas p\u0142ynie inaczej.\\nUrywki z animacji znajdziesz na stronie zawieraj\u0105cej portfolio artystki Julii Benedyktowicz.\\nSzczeg\u00f3\u0142y dotycz\u0105ce REX Animation Film Festival znajdziesz na oficjalnej stronie festiwalu. \\nW ramach wsp\u00f3\u0142pracy REX Animation Film Festival oraz organizacji EUNIC Stockholm, w tym Instytutu Polskiego w Sztokholmie.\"},{\"@type\":\"ImageObject\",\"inLanguage\":\"pl-PL\",\"@id\":\"https:\/\/instytutpolski.pl\/stockholm\/pl\/2023\/10\/19\/polskie-animacje-na-rex-animation-film-festival-2023-2\/#primaryimage\",\"url\":\"https:\/\/instytutpolski.pl\/stockholm\/wp-content\/uploads\/sites\/17\/2023\/10\/REX-Animation-Film-Festival-2023.png\",\"contentUrl\":\"https:\/\/instytutpolski.pl\/stockholm\/wp-content\/uploads\/sites\/17\/2023\/10\/REX-Animation-Film-Festival-2023.png\",\"width\":1120,\"height\":630},{\"@type\":\"BreadcrumbList\",\"@id\":\"https:\/\/instytutpolski.pl\/stockholm\/pl\/2023\/10\/19\/polskie-animacje-na-rex-animation-film-festival-2023-2\/#breadcrumb\",\"itemListElement\":[{\"@type\":\"ListItem\",\"position\":1,\"name\":\"Home\",\"item\":\"https:\/\/instytutpolski.pl\/stockholm\/\"},{\"@type\":\"ListItem\",\"position\":2,\"name\":\"Polskie animacje na REX Animation Film Festival 2023\"}]},{\"@type\":\"WebSite\",\"@id\":\"https:\/\/instytutpolski.pl\/stockholm\/#website\",\"url\":\"https:\/\/instytutpolski.pl\/stockholm\/\",\"name\":\"Instytut Polski w Sztokholmie\",\"description\":\"Instytuty Polskie\",\"potentialAction\":[{\"@type\":\"SearchAction\",\"target\":{\"@type\":\"EntryPoint\",\"urlTemplate\":\"https:\/\/instytutpolski.pl\/stockholm\/?s={search_term_string}\"},\"query-input\":{\"@type\":\"PropertyValueSpecification\",\"valueRequired\":true,\"valueName\":\"search_term_string\"}}],\"inLanguage\":\"pl-PL\"},{\"@type\":\"Person\",\"@id\":\"https:\/\/instytutpolski.pl\/stockholm\/#\/schema\/person\/866a2c0f4ccf0982a286809684f7bc1e\",\"name\":\"treichelp\",\"image\":{\"@type\":\"ImageObject\",\"inLanguage\":\"pl-PL\",\"@id\":\"https:\/\/instytutpolski.pl\/stockholm\/#\/schema\/person\/image\/\",\"url\":\"https:\/\/secure.gravatar.com\/avatar\/fb2c1caae0df0854742a56fc463dd1fb?s=96&d=mm&r=g\",\"contentUrl\":\"https:\/\/secure.gravatar.com\/avatar\/fb2c1caae0df0854742a56fc463dd1fb?s=96&d=mm&r=g\",\"caption\":\"treichelp\"},\"url\":\"https:\/\/instytutpolski.pl\/stockholm\/author\/treichelp\/\"}]}<\/script>\n<!-- \/ Yoast SEO plugin. -->","yoast_head_json":{"title":"Polskie animacje na REX Animation Film Festival 2023 - Instytut Polski w Sztokholmie","robots":{"index":"index","follow":"follow","max-snippet":"max-snippet:-1","max-image-preview":"max-image-preview:large","max-video-preview":"max-video-preview:-1"},"canonical":"https:\/\/instytutpolski.pl\/stockholm\/pl\/2023\/10\/19\/polskie-animacje-na-rex-animation-film-festival-2023-2\/","og_locale":"pl_PL","og_type":"article","og_title":"Polskie animacje na REX Animation Film Festival 2023 - Instytut Polski w Sztokholmie","og_description":"Podczas tegorocznego REX Animation Film Festival zostan\u0105 pokazane cztery polskie filmy animowane, w ramach sekcji International Competition 1, International Competition 3, EUNIC for Kids oraz EUNIC Selection. Pokazy odb\u0119d\u0105 si\u0119 w kinach Zita Folkets Bio oraz Sk\u00e4risbiografen w Centrum Kultury Kulturhuset Stadsteatern i Sk\u00e4rholmen. 28 pa\u017adziernika, godz. 18.00, Zita Folkets Bio, Sala 1 &#8211; sekcja [&hellip;]","og_url":"https:\/\/instytutpolski.pl\/stockholm\/pl\/2023\/10\/19\/polskie-animacje-na-rex-animation-film-festival-2023-2\/","og_site_name":"Instytut Polski w Sztokholmie","article_published_time":"2023-10-19T10:23:22+00:00","article_modified_time":"2023-11-06T09:32:53+00:00","og_image":[{"width":1120,"height":630,"url":"https:\/\/instytutpolski.pl\/stockholm\/wp-content\/uploads\/sites\/17\/2023\/10\/REX-Animation-Film-Festival-2023.png","type":"image\/png"}],"author":"treichelp","twitter_card":"summary_large_image","twitter_misc":{"Napisane przez":"treichelp","Szacowany czas czytania":"4 minuty"},"schema":{"@context":"https:\/\/schema.org","@graph":[{"@type":"event","@id":"https:\/\/instytutpolski.pl\/stockholm\/pl\/2023\/10\/19\/polskie-animacje-na-rex-animation-film-festival-2023-2\/","url":"https:\/\/instytutpolski.pl\/stockholm\/pl\/2023\/10\/19\/polskie-animacje-na-rex-animation-film-festival-2023-2\/","name":"Polskie animacje na REX Animation Film Festival 2023","isPartOf":{"@id":"https:\/\/instytutpolski.pl\/stockholm\/#website"},"primaryImageOfPage":{"@id":"https:\/\/instytutpolski.pl\/stockholm\/pl\/2023\/10\/19\/polskie-animacje-na-rex-animation-film-festival-2023-2\/#primaryimage"},"image":["https:\/\/instytutpolski.pl\/stockholm\/wp-content\/uploads\/sites\/17\/2023\/10\/REX-Animation-Film-Festival-2023.png","https:\/\/instytutpolski.pl\/stockholm\/wp-content\/uploads\/sites\/17\/2023\/10\/REX-Animation-Film-Festival-2023-300x169.png","https:\/\/instytutpolski.pl\/stockholm\/wp-content\/uploads\/sites\/17\/2023\/10\/REX-Animation-Film-Festival-2023-1024x576.png","https:\/\/instytutpolski.pl\/stockholm\/wp-content\/uploads\/sites\/17\/2023\/10\/REX-Animation-Film-Festival-2023.png"],"thumbnailUrl":"https:\/\/instytutpolski.pl\/stockholm\/wp-content\/uploads\/sites\/17\/2023\/10\/REX-Animation-Film-Festival-2023.png","datePublished":"2023-10-19T10:23:22+02:00","dateModified":"2023-11-06T09:32:53+02:00","author":{"@id":"https:\/\/instytutpolski.pl\/stockholm\/#\/schema\/person\/866a2c0f4ccf0982a286809684f7bc1e"},"breadcrumb":{"@id":"https:\/\/instytutpolski.pl\/stockholm\/pl\/2023\/10\/19\/polskie-animacje-na-rex-animation-film-festival-2023-2\/#breadcrumb"},"inLanguage":"pl-PL","potentialAction":[{"@type":"ReadAction","target":["https:\/\/instytutpolski.pl\/stockholm\/pl\/2023\/10\/19\/polskie-animacje-na-rex-animation-film-festival-2023-2\/"]}],"@context":"https:\/\/schema.org","startDate":"2023-10-27","endDate":"2023-11-02","eventStatus":"EventScheduled","eventAttendanceMode":"OfflineEventAttendanceMode","location":{"@type":"place","name":"Zita Folkets Bio och Sk\u00e4risbiografen, Stockholm","address":"Zita Folkets Bio och Sk\u00e4risbiografen, Stockholm","geo":{"@type":"GeoCoordinates","latitude":"59.2041473376901","longitude":"18.382614615223595"}},"description":"Podczas tegorocznego REX Animation Film Festival zostan\u0105 pokazane cztery polskie filmy animowane, w ramach sekcji International Competition 1, International Competition 3, EUNIC for Kids oraz EUNIC Selection. Pokazy odb\u0119d\u0105 si\u0119 w kinach Zita Folkets Bio oraz Sk\u00e4risbiografen w Centrum Kultury Kulturhuset Stadsteatern i Sk\u00e4rholmen.\n28 pa\u017adziernika, godz. 18.00, Zita Folkets Bio, Sala 1 - sekcja International Competition 1\n\u201cEverything's gonna be alright\u201d\nFederico Turani\n2023 \/ 5\u2019 58\u201d \/ Polska\nFrank jest prostym cz\u0142owiekiem, bez wi\u0119kszych zainteresowa\u0144 czy pragnie\u0144. W\u0142a\u015bciwie nie mo\u017ce ich mie\u0107, poniewa\u017c wszystko, za co si\u0119 zabiera wychodzi niesamowicie, nawet je\u015bli nie robi nic. Mo\u017ce by\u0107 proaktywny, pasywny, nieruchomy, w ruchu, szcz\u0119\u015bliwy, smutny, z\u0142y: efekt zawsze b\u0119dzie dla niego korzystny. Cho\u0107 brzmi to jak sen, w rzeczywisto\u015bci jest przekle\u0144stwem. Frank utkn\u0105\u0142 w strumieniu zielonych \u015bwiate\u0142, nie czuj\u0105c nic. Gdzie si\u0119 podzia\u0142y emocje?\nWi\u0119cej na temat filmu oraz fragment animacji znajdziesz na oficjalnej stronie producenta Pigeon Productions.\n29 pa\u017adziernika, godz. 15:00, Sk\u00e4risbiografen w Centrum Kultury Kulturhuset Stadsteatern i Sk\u00e4rholmen - sekcja EUNIC for Kids\n\u201cnot A fairy tale\u201d\nMa\u0142gorzata Rybak\n2023 \/ 2\u2019 53\u2019\u2019 \/ Polska\nNiezwyk\u0142e umiej\u0119tno\u015bci latarni ulicznej wywo\u0142ane przez niespodziewanych go\u015bci, nieb\u0119d\u0105cych  lud\u017ami.\nWierzcie lub nie, to prawdziwa historia.\nI jest bardzo ma\u0142o prawdopodobne, \u017ce si\u0119 powt\u00f3rzy.\nTrailer mo\u017cesz obejrze\u0107 na stronie Vimeo.\n30 pa\u017adziernika, godz. 18.00, Zita Folkets Bio, Sala 1 - sekcja International Competition 3\n\u201cSister\u201d \nKasia K. Pier\u00f3g\n2022 \/ 12\u2019 \/ Polska\nDwie siostry podr\u00f3\u017cuj\u0105 przez Krain\u0119 Chmur w poszukiwaniu Wielkiego Drzewa. W wyprawie pe\u0142nej niepowodze\u0144, wyrzecze\u0144, rado\u015bci i smutk\u00f3w zbli\u017caj\u0105 si\u0119 do swojego celu i do siebie samych. Film o dynamice siostrzanej relacji, wzajemnych problemach i wsp\u00f3lnym dojrzewaniu.\nWi\u0119cej informacji znajdziesz na oficjalnej stronie producenta Yellow Tapir Films.\n1 listopada, godz. 17:30, Zita Folkets Bio, Sala 1 - sekcja EUNIC Selection\n\u201cIn-Between\u201d\nJulia Benedyktowicz\n2022 \/ 5' 58'' \/ Polska\nOpowie\u015b\u0107 o poszukiwaniach: gubieniu i odnajdywaniu - nielinearnych spotkaniach z samym sob\u0105. Bohaterka rozpoczyna podr\u00f3\u017c w g\u0142\u0105b siebie: wkracza i eksploruje przestrzenie swojego wewn\u0119trznego \u015bwiata, w kt\u00f3rym czas p\u0142ynie inaczej.\nUrywki z animacji znajdziesz na stronie zawieraj\u0105cej portfolio artystki Julii Benedyktowicz.\nSzczeg\u00f3\u0142y dotycz\u0105ce REX Animation Film Festival znajdziesz na oficjalnej stronie festiwalu. \nW ramach wsp\u00f3\u0142pracy REX Animation Film Festival oraz organizacji EUNIC Stockholm, w tym Instytutu Polskiego w Sztokholmie."},{"@type":"ImageObject","inLanguage":"pl-PL","@id":"https:\/\/instytutpolski.pl\/stockholm\/pl\/2023\/10\/19\/polskie-animacje-na-rex-animation-film-festival-2023-2\/#primaryimage","url":"https:\/\/instytutpolski.pl\/stockholm\/wp-content\/uploads\/sites\/17\/2023\/10\/REX-Animation-Film-Festival-2023.png","contentUrl":"https:\/\/instytutpolski.pl\/stockholm\/wp-content\/uploads\/sites\/17\/2023\/10\/REX-Animation-Film-Festival-2023.png","width":1120,"height":630},{"@type":"BreadcrumbList","@id":"https:\/\/instytutpolski.pl\/stockholm\/pl\/2023\/10\/19\/polskie-animacje-na-rex-animation-film-festival-2023-2\/#breadcrumb","itemListElement":[{"@type":"ListItem","position":1,"name":"Home","item":"https:\/\/instytutpolski.pl\/stockholm\/"},{"@type":"ListItem","position":2,"name":"Polskie animacje na REX Animation Film Festival 2023"}]},{"@type":"WebSite","@id":"https:\/\/instytutpolski.pl\/stockholm\/#website","url":"https:\/\/instytutpolski.pl\/stockholm\/","name":"Instytut Polski w Sztokholmie","description":"Instytuty Polskie","potentialAction":[{"@type":"SearchAction","target":{"@type":"EntryPoint","urlTemplate":"https:\/\/instytutpolski.pl\/stockholm\/?s={search_term_string}"},"query-input":{"@type":"PropertyValueSpecification","valueRequired":true,"valueName":"search_term_string"}}],"inLanguage":"pl-PL"},{"@type":"Person","@id":"https:\/\/instytutpolski.pl\/stockholm\/#\/schema\/person\/866a2c0f4ccf0982a286809684f7bc1e","name":"treichelp","image":{"@type":"ImageObject","inLanguage":"pl-PL","@id":"https:\/\/instytutpolski.pl\/stockholm\/#\/schema\/person\/image\/","url":"https:\/\/secure.gravatar.com\/avatar\/fb2c1caae0df0854742a56fc463dd1fb?s=96&d=mm&r=g","contentUrl":"https:\/\/secure.gravatar.com\/avatar\/fb2c1caae0df0854742a56fc463dd1fb?s=96&d=mm&r=g","caption":"treichelp"},"url":"https:\/\/instytutpolski.pl\/stockholm\/author\/treichelp\/"}]}},"_links":{"self":[{"href":"https:\/\/instytutpolski.pl\/stockholm\/wp-json\/wp\/v2\/posts\/11758","targetHints":{"allow":["GET"]}}],"collection":[{"href":"https:\/\/instytutpolski.pl\/stockholm\/wp-json\/wp\/v2\/posts"}],"about":[{"href":"https:\/\/instytutpolski.pl\/stockholm\/wp-json\/wp\/v2\/types\/post"}],"author":[{"embeddable":true,"href":"https:\/\/instytutpolski.pl\/stockholm\/wp-json\/wp\/v2\/users\/173"}],"replies":[{"embeddable":true,"href":"https:\/\/instytutpolski.pl\/stockholm\/wp-json\/wp\/v2\/comments?post=11758"}],"version-history":[{"count":4,"href":"https:\/\/instytutpolski.pl\/stockholm\/wp-json\/wp\/v2\/posts\/11758\/revisions"}],"predecessor-version":[{"id":11871,"href":"https:\/\/instytutpolski.pl\/stockholm\/wp-json\/wp\/v2\/posts\/11758\/revisions\/11871"}],"wp:featuredmedia":[{"embeddable":true,"href":"https:\/\/instytutpolski.pl\/stockholm\/wp-json\/wp\/v2\/media\/11700"}],"wp:attachment":[{"href":"https:\/\/instytutpolski.pl\/stockholm\/wp-json\/wp\/v2\/media?parent=11758"}],"wp:term":[{"taxonomy":"category","embeddable":true,"href":"https:\/\/instytutpolski.pl\/stockholm\/wp-json\/wp\/v2\/categories?post=11758"},{"taxonomy":"post_tag","embeddable":true,"href":"https:\/\/instytutpolski.pl\/stockholm\/wp-json\/wp\/v2\/tags?post=11758"}],"curies":[{"name":"wp","href":"https:\/\/api.w.org\/{rel}","templated":true}]}}