{"id":1196,"date":"2019-09-20T15:39:12","date_gmt":"2019-09-20T13:39:12","guid":{"rendered":"https:\/\/instytutpolski.pl\/stockholm\/?p=1196"},"modified":"2020-10-02T16:18:07","modified_gmt":"2020-10-02T14:18:07","slug":"sprakcafe-och-spraktavling-i-stockholm-som-en-del-av-europeiska-sprakdagen","status":"publish","type":"post","link":"https:\/\/instytutpolski.pl\/stockholm\/2019\/09\/20\/sprakcafe-och-spraktavling-i-stockholm-som-en-del-av-europeiska-sprakdagen\/","title":{"rendered":"Spr\u00e5kcaf\u00e9 och spr\u00e5kt\u00e4vling i Stockholm som en del av Europeiska spr\u00e5kdagen"},"content":{"rendered":"\n<div class=\"field\">\n<p>N\u00e4tverket Spr\u00e5kdagen best\u00e5r av ett antal spr\u00e5kinstitut och organisationer och tillsammans ordnar vi ett spr\u00e5kcaf\u00e9 i Stockholm samt en spr\u00e5kt\u00e4vling f\u00f6r hela landet.<br><br><strong>SPR\u00c5KCAF\u00c9<\/strong><br><br>I Stockholm firar vi, som vanligt, den europeiska spr\u00e5kdagen med ett <strong>spr\u00e5kcaf\u00e9 p\u00e5 Europahuset<\/strong>. I \u00e5r h\u00e5lls spr\u00e5kcaf\u00e9et tisdagen d<strong>en 24 september<\/strong>. D\u00e4r erbjuds minispr\u00e5kkurser i bl.a. spanska, estniska, tjeckiska, franska, tyska och teckenspr\u00e5k. Det \u00e4r ett utm\u00e4rkt tillf\u00e4lle att prova p\u00e5 nya spr\u00e5k! <br><br>Vi v\u00e4lkomnar skolklasser fr\u00e5n h\u00f6gstadiet och gymnasiet. Bes\u00f6ket tar cirka 45 minuter. L\u00e4rare kan redan nu anm\u00e4la sina klasser genom att skicka ett mejl till: katlin.aare@ling.su.se. Ange skola, l\u00e4rarens namn och mobilnummer samt klass och antal elever:<br><a href=\"https:\/\/www.polskainstitutet.se\/repository\/anmalningsblanke  sprakcafe 2019.docx\" target=\"_blank\" rel=\"noopener noreferrer\"><br>Anmalningsblankett sprakcafe<\/a><br><br>OBS! Maxantal elever per skola: 60.<\/p>\n<p><br><strong>T\u00c4VLING 2019: SKAPA DIN EGEN MEME OM SPR\u00c5K!<\/strong><br><br>T\u00e4vlingen v\u00e4nder sig till elever p\u00e5 h\u00f6gstadiet och gymnasiet och g\u00f6rs individuellt. F\u00f6rsta pris \u00e4r en spr\u00e5kresa!<br><br>T\u00e4vlingen g\u00e5r ut p\u00e5 att skapa en s.k. meme p\u00e5 n\u00e5got av f\u00f6ljande spr\u00e5k: bulgariska, danska, esperanto, estniska, finska, franska, f\u00e4r\u00f6iska, georgiska, grekiska, iriska, isl\u00e4ndska, italienska, jiddisch, kroatiska, lettiska, litauiska, maltesiska, me\u00e4nkieli, nederl\u00e4ndska, norska, polska, portugisiska, romska, rum\u00e4nska, samiska, slovakiska, slovenska, spanska, svenskt teckenspr\u00e5k, tjeckiska, tyska och ungerska.<br><br>Meme \u00e4r ett internetfenomen d\u00e4r en bild eller kort video med tillh\u00f6rande text f\u00e5r stor spridning i sociala medier. Genom att sammanf\u00f6ra en bild med passande text (ibland bara ett ord, ibland fler meningar) f\u00e5r memes sin humoristiska eller ironiska karakt\u00e4r som ofta \u00e5syftar att f\u00f6rmedla en k\u00e4nsla av igenk\u00e4nning hos mottagaren.<br><br>Memes i denna t\u00e4vling ska behandla temat spr\u00e5kinl\u00e4rning. Den t\u00e4vlande ska skapa en meme kring ett \u00e4mne som relaterar till hur det \u00e4r att l\u00e4ra sig ett visst spr\u00e5k. Det kan t.ex. handla om n\u00e5got som \u00e4r roligt, sv\u00e5rt, sp\u00e4nnande eller signifikativt med just det spr\u00e5ket som man f\u00f6rs\u00f6ker l\u00e4ra sig. Bilden tillsammans med texten ska p\u00e5 b\u00e4sta s\u00e4tt f\u00f6rmedla en k\u00e4nsla som de som l\u00e4r sig samma spr\u00e5k kan k\u00e4nna igen sig i.<br><br><strong>T\u00e4vlingsregler<\/strong><\/p>\n<ul>\n<li>T\u00e4vlingsbidragets text m\u00e5ste till \u00f6verv\u00e4gande del vara skriven p\u00e5 det spr\u00e5k som den t\u00e4vlande l\u00e4r sig eller vill l\u00e4ra sig. Se listan p\u00e5 spr\u00e5k ovan.<\/li>\n<li>T\u00e4vlingsbidragets bild m\u00e5ste vara ett foto som den t\u00e4vlande sj\u00e4lv har tagit. Av upphovsr\u00e4ttsliga sk\u00e4l f\u00e5r man inte anv\u00e4nda sig av existerande memes eller bilder som finns p\u00e5 internet.<\/li>\n<li>Om fotot inneh\u00e5ller en person eller flera som tydligt g\u00e5r att k\u00e4nna igen kr\u00e4vs det att den t\u00e4vlande har till\u00e5telse till att anv\u00e4nda fotot som t\u00e4vlingsbidrag.<\/li>\n<li>Den t\u00e4vlande g\u00e5r p\u00e5 grundskolan eller gymnasiet i Sverige.<\/li>\n<li>Max ett inskickat t\u00e4vlingsbidrag per t\u00e4vlande \u00e4r till\u00e5tet.<\/li>\n<\/ul>\n<p><br>Arrang\u00f6rerna kan inte h\u00e5llas ansvariga om t\u00e4vlingen st\u00e4lls in, senarel\u00e4ggs eller \u00e4ndras p\u00e5 grund av of\u00f6rutsedda h\u00e4ndelser. Den t\u00e4vlande m\u00e5ste ha gjort t\u00e4vlingsbidraget p\u00e5 egen hand. Inneh\u00e5llet f\u00e5r inte uppfattas som st\u00f6tande eller strida mot g\u00e4llande yttrandefrihetslagstiftning eller upphovsr\u00e4ttsliga lagar. V\u00e5rdnadshavaren ansvarar f\u00f6r att dessa villkor uppfylls. N\u00e4tverket Spr\u00e5kdagen i Sverige f\u00f6rbeh\u00e5ller sig r\u00e4tten att fritt anv\u00e4nda, reproducera, anpassa, publicera och sprida t\u00e4vlingsbidragen. Flera deltagare fr\u00e5n samma klass eller skola f\u00e5r delta, men deltagarna t\u00e4vlar individuellt. Deltagare under 18 \u00e5r m\u00e5ste ha v\u00e5rdnadshavarens tillst\u00e5nd. <br><br>Vinnaren utses av en jury best\u00e5ende av representanter f\u00f6r N\u00e4tverket Spr\u00e5kdagen i Sverige och priset \u00e4r en spr\u00e5kresa till ett v\u00e4rde av 20 000 kronor. Priset \u00e4r personligt och resan kan inte \u00f6verl\u00e5tas till n\u00e5gon annan. Juryns beslut g\u00e5r inte att \u00f6verklaga.<br><br>Alla som deltar i t\u00e4vlingen godk\u00e4nner ovanst\u00e5ende regler.<br><strong><br>Delta i t\u00e4vlingen<\/strong><br><br>Den t\u00e4vlande skapar en meme (foto+text) och skickar den som bifogad fil (i ett tillg\u00e4ngligt format) till: sprache-stockholm@goethe.de.<br><br>Den t\u00e4vlande beh\u00f6ver \u00e4ven fylla i den bifogade <a href=\"https:\/\/www.polskainstitutet.se\/repository\/tavling anmalningsblankett 2019.doc\" target=\"_blank\" rel=\"noopener noreferrer\">iconanm\u00e4lningsblanketten<\/a> samt skriva under, scanna in och skicka den bifogad i mejlet. <br><br>T\u00e4vlingsbidragen ska vara oss tillhanda senast m\u00e5ndagen den 16 september. OBS! Man t\u00e4vlar individuellt dvs. bara en person kan vinna spr\u00e5kresan.<br><br><strong>Pris och prisutdelning<\/strong><br><br>F\u00f6rsta pris \u00e4r en spr\u00e5kresa till ett v\u00e4rde av 20 000 kronor. Fickpengar och resa till och fr\u00e5n flygplatsen i Sverige ing\u00e5r inte. N\u00e4tverket Spr\u00e5kdagen bjuder in f\u00f6rstapristagaren och l\u00e4rare\/v\u00e5rdnadshavare till prisutdelningen som \u00e4ger rum i samband med v\u00e5rt spr\u00e5kcaf\u00e9 i Europahuset i Stockholm den 24 september.<br><br>H\u00e4r kan du l\u00e4sa mer om <a href=\"https:\/\/ec.europa.eu\/sweden\/news\/20180926-edslang_sv\" target=\"_blank\" rel=\"noopener noreferrer\">2018 \u00e5rs t\u00e4vling och dess vinnare<\/a>.<br><br><br><strong>FIRA SPR\u00c5KDAGEN P\u00c5 DIN SKOLA!<\/strong><br><br>Du kan \u00e4ven fira Spr\u00e5kdagen med olika aktiviteter med eleverna p\u00e5 din skola. Alla spr\u00e5k kan vara med.<\/p>\n<ul>\n<li>Arrangera spr\u00e5kcaf\u00e9er, matlagningskurser, f\u00f6rel\u00e4sningar och t\u00e4vlingar om spr\u00e5k.<\/li>\n<li>Visa filmer p\u00e5 fr\u00e4mmande spr\u00e5k<\/li>\n<li>Informera om studier och arbete utomlands<\/li>\n<li>L\u00e4r er n\u00e5gra ord p\u00e5 de spr\u00e5k som talas av eleverna p\u00e5 skolan.<\/li>\n<li>Anordna en utst\u00e4llning om de l\u00e4nder d\u00e4r din skola har samarbetspartners<\/li>\n<li>Anordna en utst\u00e4llning med b\u00f6cker och tidskrifter fr\u00e5n andra l\u00e4nder p\u00e5 biblioteket eller i entr\u00e9n till din arbetsplats<\/li>\n<li>Samarbeta med skol- eller personalmatsalen och servera mat fr\u00e5n andra l\u00e4nder<\/li>\n<\/ul>\n<p>&nbsp;<\/p>\n<p>Mer om Europeiska spr\u00e5kdagen <a href=\"https:\/\/ec.europa.eu\/sweden\/education\/sprakdagen_sv\" target=\"_blank\" rel=\"noopener noreferrer\">h\u00e4r<\/a>.<br><br><br>N\u00e4tverket Spr\u00e5kdagen:<\/p>\n<p><img loading=\"lazy\" decoding=\"async\" src=\"https:\/\/www.polskainstitutet.se\/repository\/EDL_logotypes 1.jpg\" alt=\"\" width=\"400\" height=\"173\"><\/p>\n<p><img loading=\"lazy\" decoding=\"async\" src=\"https:\/\/www.polskainstitutet.se\/repository\/EDL_logotypes 2.png\" alt=\"\" width=\"400\" height=\"272\"><\/p>\n<\/div>\n<div class=\"gallery\">&nbsp;<\/div>\n<div class=\"gallery\">&nbsp;<\/div>\n<div class=\"newsBottom\">\n<div class=\"share\">&nbsp;<\/div>\n<\/div>\n","protected":false},"excerpt":{"rendered":"<p>N\u00e4tverket Spr\u00e5kdagen best\u00e5r av ett antal spr\u00e5kinstitut och organisationer och tillsammans ordnar vi ett spr\u00e5kcaf\u00e9 i Stockholm samt en spr\u00e5kt\u00e4vling f\u00f6r hela landet. SPR\u00c5KCAF\u00c9 I Stockholm firar vi, som vanligt, den europeiska spr\u00e5kdagen med ett spr\u00e5kcaf\u00e9 p\u00e5 Europahuset. I \u00e5r h\u00e5lls spr\u00e5kcaf\u00e9et tisdagen den 24 september. D\u00e4r erbjuds minispr\u00e5kkurser i bl.a. spanska, estniska, tjeckiska, franska, [&hellip;]<\/p>\n","protected":false},"author":29,"featured_media":1199,"comment_status":"open","ping_status":"open","sticky":false,"template":"","format":"standard","meta":{"inline_featured_image":false,"_monsterinsights_skip_tracking":false,"_monsterinsights_sitenote_active":false,"_monsterinsights_sitenote_note":"","_monsterinsights_sitenote_category":0,"footnotes":""},"categories":[12,226],"tags":[],"class_list":["post-1196","post","type-post","status-publish","format-standard","has-post-thumbnail","hentry","category-evenemang","category-sprak"],"yoast_head":"<!-- This site is optimized with the Yoast SEO plugin v24.6 - https:\/\/yoast.com\/wordpress\/plugins\/seo\/ -->\n<title>Spr\u00e5kcaf\u00e9 och spr\u00e5kt\u00e4vling i Stockholm som en del av Europeiska spr\u00e5kdagen - Instytut Polski w Sztokholmie<\/title>\n<meta name=\"robots\" content=\"index, follow, max-snippet:-1, max-image-preview:large, max-video-preview:-1\" \/>\n<link rel=\"canonical\" href=\"https:\/\/instytutpolski.pl\/stockholm\/2019\/09\/20\/sprakcafe-och-spraktavling-i-stockholm-som-en-del-av-europeiska-sprakdagen\/\" \/>\n<meta property=\"og:locale\" content=\"pl_PL\" \/>\n<meta property=\"og:type\" content=\"article\" \/>\n<meta property=\"og:title\" content=\"Spr\u00e5kcaf\u00e9 och spr\u00e5kt\u00e4vling i Stockholm som en del av Europeiska spr\u00e5kdagen - Instytut Polski w Sztokholmie\" \/>\n<meta property=\"og:description\" content=\"N\u00e4tverket Spr\u00e5kdagen best\u00e5r av ett antal spr\u00e5kinstitut och organisationer och tillsammans ordnar vi ett spr\u00e5kcaf\u00e9 i Stockholm samt en spr\u00e5kt\u00e4vling f\u00f6r hela landet. SPR\u00c5KCAF\u00c9 I Stockholm firar vi, som vanligt, den europeiska spr\u00e5kdagen med ett spr\u00e5kcaf\u00e9 p\u00e5 Europahuset. I \u00e5r h\u00e5lls spr\u00e5kcaf\u00e9et tisdagen den 24 september. D\u00e4r erbjuds minispr\u00e5kkurser i bl.a. spanska, estniska, tjeckiska, franska, [&hellip;]\" \/>\n<meta property=\"og:url\" content=\"https:\/\/instytutpolski.pl\/stockholm\/2019\/09\/20\/sprakcafe-och-spraktavling-i-stockholm-som-en-del-av-europeiska-sprakdagen\/\" \/>\n<meta property=\"og:site_name\" content=\"Instytut Polski w Sztokholmie\" \/>\n<meta property=\"article:published_time\" content=\"2019-09-20T13:39:12+00:00\" \/>\n<meta property=\"article:modified_time\" content=\"2020-10-02T14:18:07+00:00\" \/>\n<meta property=\"og:image\" content=\"https:\/\/instytutpolski.pl\/stockholm\/wp-content\/uploads\/sites\/17\/2019\/10\/Europejski-Dzien-Jezykow.jpg\" \/>\n\t<meta property=\"og:image:width\" content=\"1083\" \/>\n\t<meta property=\"og:image:height\" content=\"609\" \/>\n\t<meta property=\"og:image:type\" content=\"image\/jpeg\" \/>\n<meta name=\"author\" content=\"strozniake\" \/>\n<meta name=\"twitter:card\" content=\"summary_large_image\" \/>\n<meta name=\"twitter:label1\" content=\"Napisane przez\" \/>\n\t<meta name=\"twitter:data1\" content=\"strozniake\" \/>\n\t<meta name=\"twitter:label2\" content=\"Szacowany czas czytania\" \/>\n\t<meta name=\"twitter:data2\" content=\"5 minut\" \/>\n<script type=\"application\/ld+json\" class=\"yoast-schema-graph\">{\"@context\":\"https:\/\/schema.org\",\"@graph\":[{\"@type\":\"event\",\"@id\":\"https:\/\/instytutpolski.pl\/stockholm\/2019\/09\/20\/sprakcafe-och-spraktavling-i-stockholm-som-en-del-av-europeiska-sprakdagen\/\",\"url\":\"https:\/\/instytutpolski.pl\/stockholm\/2019\/09\/20\/sprakcafe-och-spraktavling-i-stockholm-som-en-del-av-europeiska-sprakdagen\/\",\"name\":\"Spr\u00e5kcaf\u00e9 och spr\u00e5kt\u00e4vling i Stockholm som en del av Europeiska spr\u00e5kdagen\",\"isPartOf\":{\"@id\":\"https:\/\/instytutpolski.pl\/stockholm\/#website\"},\"primaryImageOfPage\":{\"@id\":\"https:\/\/instytutpolski.pl\/stockholm\/2019\/09\/20\/sprakcafe-och-spraktavling-i-stockholm-som-en-del-av-europeiska-sprakdagen\/#primaryimage\"},\"image\":[\"https:\/\/instytutpolski.pl\/stockholm\/wp-content\/uploads\/sites\/17\/2019\/10\/Europejski-Dzien-Jezykow.jpg\",\"https:\/\/instytutpolski.pl\/stockholm\/wp-content\/uploads\/sites\/17\/2019\/10\/Europejski-Dzien-Jezykow-300x169.jpg\",\"https:\/\/instytutpolski.pl\/stockholm\/wp-content\/uploads\/sites\/17\/2019\/10\/Europejski-Dzien-Jezykow-1024x576.jpg\",\"https:\/\/instytutpolski.pl\/stockholm\/wp-content\/uploads\/sites\/17\/2019\/10\/Europejski-Dzien-Jezykow.jpg\"],\"thumbnailUrl\":\"https:\/\/instytutpolski.pl\/stockholm\/wp-content\/uploads\/sites\/17\/2019\/10\/Europejski-Dzien-Jezykow.jpg\",\"datePublished\":\"2019-09-20T13:39:12+02:00\",\"dateModified\":\"2020-10-02T14:18:07+02:00\",\"author\":{\"@id\":\"https:\/\/instytutpolski.pl\/stockholm\/#\/schema\/person\/062b5a5f61f32b17c98996975db8d556\"},\"breadcrumb\":{\"@id\":\"https:\/\/instytutpolski.pl\/stockholm\/2019\/09\/20\/sprakcafe-och-spraktavling-i-stockholm-som-en-del-av-europeiska-sprakdagen\/#breadcrumb\"},\"inLanguage\":\"pl-PL\",\"potentialAction\":[{\"@type\":\"ReadAction\",\"target\":[\"https:\/\/instytutpolski.pl\/stockholm\/2019\/09\/20\/sprakcafe-och-spraktavling-i-stockholm-som-en-del-av-europeiska-sprakdagen\/\"]}],\"@context\":\"https:\/\/schema.org\",\"startDate\":\"2019-09-24T09:00:00+02:00\",\"endDate\":\"2019-09-24T03:00:00+02:00\",\"eventStatus\":\"EventScheduled\",\"eventAttendanceMode\":\"OfflineEventAttendanceMode\",\"location\":{\"@type\":\"place\",\"name\":\"Europahuset, Regeringsgatan 65, Stockholm\",\"address\":\"Europahuset, Regeringsgatan 65, Stockholm\",\"geo\":{\"@type\":\"GeoCoordinates\",\"latitude\":\"59.339952129372335\",\"longitude\":\"18.05565531744077\"}},\"description\":\"N\u00e4tverket Spr\u00e5kdagen best\u00e5r av ett antal spr\u00e5kinstitut och organisationer och tillsammans ordnar vi ett spr\u00e5kcaf\u00e9 i Stockholm samt en spr\u00e5kt\u00e4vling f\u00f6r hela landet.SPR\u00c5KCAF\u00c9I Stockholm firar vi, som vanligt, den europeiska spr\u00e5kdagen med ett spr\u00e5kcaf\u00e9 p\u00e5 Europahuset. I \u00e5r h\u00e5lls spr\u00e5kcaf\u00e9et tisdagen den 24 september. D\u00e4r erbjuds minispr\u00e5kkurser i bl.a. spanska, estniska, tjeckiska, franska, tyska och teckenspr\u00e5k. Det \u00e4r ett utm\u00e4rkt tillf\u00e4lle att prova p\u00e5 nya spr\u00e5k! Vi v\u00e4lkomnar skolklasser fr\u00e5n h\u00f6gstadiet och gymnasiet. Bes\u00f6ket tar cirka 45 minuter. L\u00e4rare kan redan nu anm\u00e4la sina klasser genom att skicka ett mejl till: katlin.aare@ling.su.se. Ange skola, l\u00e4rarens namn och mobilnummer samt klass och antal elever:Anmalningsblankett sprakcafeOBS! Maxantal elever per skola: 60.\\nT\u00c4VLING 2019: SKAPA DIN EGEN MEME OM SPR\u00c5K!T\u00e4vlingen v\u00e4nder sig till elever p\u00e5 h\u00f6gstadiet och gymnasiet och g\u00f6rs individuellt. F\u00f6rsta pris \u00e4r en spr\u00e5kresa!T\u00e4vlingen g\u00e5r ut p\u00e5 att skapa en s.k. meme p\u00e5 n\u00e5got av f\u00f6ljande spr\u00e5k: bulgariska, danska, esperanto, estniska, finska, franska, f\u00e4r\u00f6iska, georgiska, grekiska, iriska, isl\u00e4ndska, italienska, jiddisch, kroatiska, lettiska, litauiska, maltesiska, me\u00e4nkieli, nederl\u00e4ndska, norska, polska, portugisiska, romska, rum\u00e4nska, samiska, slovakiska, slovenska, spanska, svenskt teckenspr\u00e5k, tjeckiska, tyska och ungerska.Meme \u00e4r ett internetfenomen d\u00e4r en bild eller kort video med tillh\u00f6rande text f\u00e5r stor spridning i sociala medier. Genom att sammanf\u00f6ra en bild med passande text (ibland bara ett ord, ibland fler meningar) f\u00e5r memes sin humoristiska eller ironiska karakt\u00e4r som ofta \u00e5syftar att f\u00f6rmedla en k\u00e4nsla av igenk\u00e4nning hos mottagaren.Memes i denna t\u00e4vling ska behandla temat spr\u00e5kinl\u00e4rning. Den t\u00e4vlande ska skapa en meme kring ett \u00e4mne som relaterar till hur det \u00e4r att l\u00e4ra sig ett visst spr\u00e5k. Det kan t.ex. handla om n\u00e5got som \u00e4r roligt, sv\u00e5rt, sp\u00e4nnande eller signifikativt med just det spr\u00e5ket som man f\u00f6rs\u00f6ker l\u00e4ra sig. Bilden tillsammans med texten ska p\u00e5 b\u00e4sta s\u00e4tt f\u00f6rmedla en k\u00e4nsla som de som l\u00e4r sig samma spr\u00e5k kan k\u00e4nna igen sig i.T\u00e4vlingsregler\\nT\u00e4vlingsbidragets text m\u00e5ste till \u00f6verv\u00e4gande del vara skriven p\u00e5 det spr\u00e5k som den t\u00e4vlande l\u00e4r sig eller vill l\u00e4ra sig. Se listan p\u00e5 spr\u00e5k ovan.\\nT\u00e4vlingsbidragets bild m\u00e5ste vara ett foto som den t\u00e4vlande sj\u00e4lv har tagit. Av upphovsr\u00e4ttsliga sk\u00e4l f\u00e5r man inte anv\u00e4nda sig av existerande memes eller bilder som finns p\u00e5 internet.\\nOm fotot inneh\u00e5ller en person eller flera som tydligt g\u00e5r att k\u00e4nna igen kr\u00e4vs det att den t\u00e4vlande har till\u00e5telse till att anv\u00e4nda fotot som t\u00e4vlingsbidrag.\\nDen t\u00e4vlande g\u00e5r p\u00e5 grundskolan eller gymnasiet i Sverige.\\nMax ett inskickat t\u00e4vlingsbidrag per t\u00e4vlande \u00e4r till\u00e5tet.\\nArrang\u00f6rerna kan inte h\u00e5llas ansvariga om t\u00e4vlingen st\u00e4lls in, senarel\u00e4ggs eller \u00e4ndras p\u00e5 grund av of\u00f6rutsedda h\u00e4ndelser. Den t\u00e4vlande m\u00e5ste ha gjort t\u00e4vlingsbidraget p\u00e5 egen hand. Inneh\u00e5llet f\u00e5r inte uppfattas som st\u00f6tande eller strida mot g\u00e4llande yttrandefrihetslagstiftning eller upphovsr\u00e4ttsliga lagar. V\u00e5rdnadshavaren ansvarar f\u00f6r att dessa villkor uppfylls. N\u00e4tverket Spr\u00e5kdagen i Sverige f\u00f6rbeh\u00e5ller sig r\u00e4tten att fritt anv\u00e4nda, reproducera, anpassa, publicera och sprida t\u00e4vlingsbidragen. Flera deltagare fr\u00e5n samma klass eller skola f\u00e5r delta, men deltagarna t\u00e4vlar individuellt. Deltagare under 18 \u00e5r m\u00e5ste ha v\u00e5rdnadshavarens tillst\u00e5nd. Vinnaren utses av en jury best\u00e5ende av representanter f\u00f6r N\u00e4tverket Spr\u00e5kdagen i Sverige och priset \u00e4r en spr\u00e5kresa till ett v\u00e4rde av 20 000 kronor. Priset \u00e4r personligt och resan kan inte \u00f6verl\u00e5tas till n\u00e5gon annan. Juryns beslut g\u00e5r inte att \u00f6verklaga.Alla som deltar i t\u00e4vlingen godk\u00e4nner ovanst\u00e5ende regler.Delta i t\u00e4vlingenDen t\u00e4vlande skapar en meme (foto+text) och skickar den som bifogad fil (i ett tillg\u00e4ngligt format) till: sprache-stockholm@goethe.de.Den t\u00e4vlande beh\u00f6ver \u00e4ven fylla i den bifogade iconanm\u00e4lningsblanketten samt skriva under, scanna in och skicka den bifogad i mejlet. T\u00e4vlingsbidragen ska vara oss tillhanda senast m\u00e5ndagen den 16 september. OBS! Man t\u00e4vlar individuellt dvs. bara en person kan vinna spr\u00e5kresan.Pris och prisutdelningF\u00f6rsta pris \u00e4r en spr\u00e5kresa till ett v\u00e4rde av 20 000 kronor. Fickpengar och resa till och fr\u00e5n flygplatsen i Sverige ing\u00e5r inte. N\u00e4tverket Spr\u00e5kdagen bjuder in f\u00f6rstapristagaren och l\u00e4rare\/v\u00e5rdnadshavare till prisutdelningen som \u00e4ger rum i samband med v\u00e5rt spr\u00e5kcaf\u00e9 i Europahuset i Stockholm den 24 september.H\u00e4r kan du l\u00e4sa mer om 2018 \u00e5rs t\u00e4vling och dess vinnare.FIRA SPR\u00c5KDAGEN P\u00c5 DIN SKOLA!Du kan \u00e4ven fira Spr\u00e5kdagen med olika aktiviteter med eleverna p\u00e5 din skola. Alla spr\u00e5k kan vara med.\\nArrangera spr\u00e5kcaf\u00e9er, matlagningskurser, f\u00f6rel\u00e4sningar och t\u00e4vlingar om spr\u00e5k.\\nVisa filmer p\u00e5 fr\u00e4mmande spr\u00e5k\\nInformera om studier och arbete utomlands\\nL\u00e4r er n\u00e5gra ord p\u00e5 de spr\u00e5k som talas av eleverna p\u00e5 skolan.\\nAnordna en utst\u00e4llning om de l\u00e4nder d\u00e4r din skola har samarbetspartners\\nAnordna en utst\u00e4llning med b\u00f6cker och tidskrifter fr\u00e5n andra l\u00e4nder p\u00e5 biblioteket eller i entr\u00e9n till din arbetsplats\\nSamarbeta med skol- eller personalmatsalen och servera mat fr\u00e5n andra l\u00e4nder\\n \\nMer om Europeiska spr\u00e5kdagen h\u00e4r.N\u00e4tverket Spr\u00e5kdagen:\\n \\n \\n \"},{\"@type\":\"ImageObject\",\"inLanguage\":\"pl-PL\",\"@id\":\"https:\/\/instytutpolski.pl\/stockholm\/2019\/09\/20\/sprakcafe-och-spraktavling-i-stockholm-som-en-del-av-europeiska-sprakdagen\/#primaryimage\",\"url\":\"https:\/\/instytutpolski.pl\/stockholm\/wp-content\/uploads\/sites\/17\/2019\/10\/Europejski-Dzien-Jezykow.jpg\",\"contentUrl\":\"https:\/\/instytutpolski.pl\/stockholm\/wp-content\/uploads\/sites\/17\/2019\/10\/Europejski-Dzien-Jezykow.jpg\",\"width\":1083,\"height\":609},{\"@type\":\"BreadcrumbList\",\"@id\":\"https:\/\/instytutpolski.pl\/stockholm\/2019\/09\/20\/sprakcafe-och-spraktavling-i-stockholm-som-en-del-av-europeiska-sprakdagen\/#breadcrumb\",\"itemListElement\":[{\"@type\":\"ListItem\",\"position\":1,\"name\":\"Home\",\"item\":\"https:\/\/instytutpolski.pl\/stockholm\/\"},{\"@type\":\"ListItem\",\"position\":2,\"name\":\"Spr\u00e5kcaf\u00e9 och spr\u00e5kt\u00e4vling i Stockholm som en del av Europeiska spr\u00e5kdagen\"}]},{\"@type\":\"WebSite\",\"@id\":\"https:\/\/instytutpolski.pl\/stockholm\/#website\",\"url\":\"https:\/\/instytutpolski.pl\/stockholm\/\",\"name\":\"Instytut Polski w Sztokholmie\",\"description\":\"Instytuty Polskie\",\"potentialAction\":[{\"@type\":\"SearchAction\",\"target\":{\"@type\":\"EntryPoint\",\"urlTemplate\":\"https:\/\/instytutpolski.pl\/stockholm\/?s={search_term_string}\"},\"query-input\":{\"@type\":\"PropertyValueSpecification\",\"valueRequired\":true,\"valueName\":\"search_term_string\"}}],\"inLanguage\":\"pl-PL\"},{\"@type\":\"Person\",\"@id\":\"https:\/\/instytutpolski.pl\/stockholm\/#\/schema\/person\/062b5a5f61f32b17c98996975db8d556\",\"name\":\"strozniake\",\"image\":{\"@type\":\"ImageObject\",\"inLanguage\":\"pl-PL\",\"@id\":\"https:\/\/instytutpolski.pl\/stockholm\/#\/schema\/person\/image\/\",\"url\":\"https:\/\/secure.gravatar.com\/avatar\/25e0be9897787f9035155a882fde97cc?s=96&d=mm&r=g\",\"contentUrl\":\"https:\/\/secure.gravatar.com\/avatar\/25e0be9897787f9035155a882fde97cc?s=96&d=mm&r=g\",\"caption\":\"strozniake\"},\"sameAs\":[\"http:\/\/strozniake\"],\"url\":\"https:\/\/instytutpolski.pl\/stockholm\/author\/strozniake\/\"}]}<\/script>\n<!-- \/ Yoast SEO plugin. -->","yoast_head_json":{"title":"Spr\u00e5kcaf\u00e9 och spr\u00e5kt\u00e4vling i Stockholm som en del av Europeiska spr\u00e5kdagen - Instytut Polski w Sztokholmie","robots":{"index":"index","follow":"follow","max-snippet":"max-snippet:-1","max-image-preview":"max-image-preview:large","max-video-preview":"max-video-preview:-1"},"canonical":"https:\/\/instytutpolski.pl\/stockholm\/2019\/09\/20\/sprakcafe-och-spraktavling-i-stockholm-som-en-del-av-europeiska-sprakdagen\/","og_locale":"pl_PL","og_type":"article","og_title":"Spr\u00e5kcaf\u00e9 och spr\u00e5kt\u00e4vling i Stockholm som en del av Europeiska spr\u00e5kdagen - Instytut Polski w Sztokholmie","og_description":"N\u00e4tverket Spr\u00e5kdagen best\u00e5r av ett antal spr\u00e5kinstitut och organisationer och tillsammans ordnar vi ett spr\u00e5kcaf\u00e9 i Stockholm samt en spr\u00e5kt\u00e4vling f\u00f6r hela landet. SPR\u00c5KCAF\u00c9 I Stockholm firar vi, som vanligt, den europeiska spr\u00e5kdagen med ett spr\u00e5kcaf\u00e9 p\u00e5 Europahuset. I \u00e5r h\u00e5lls spr\u00e5kcaf\u00e9et tisdagen den 24 september. D\u00e4r erbjuds minispr\u00e5kkurser i bl.a. spanska, estniska, tjeckiska, franska, [&hellip;]","og_url":"https:\/\/instytutpolski.pl\/stockholm\/2019\/09\/20\/sprakcafe-och-spraktavling-i-stockholm-som-en-del-av-europeiska-sprakdagen\/","og_site_name":"Instytut Polski w Sztokholmie","article_published_time":"2019-09-20T13:39:12+00:00","article_modified_time":"2020-10-02T14:18:07+00:00","og_image":[{"width":1083,"height":609,"url":"https:\/\/instytutpolski.pl\/stockholm\/wp-content\/uploads\/sites\/17\/2019\/10\/Europejski-Dzien-Jezykow.jpg","type":"image\/jpeg"}],"author":"strozniake","twitter_card":"summary_large_image","twitter_misc":{"Napisane przez":"strozniake","Szacowany czas czytania":"5 minut"},"schema":{"@context":"https:\/\/schema.org","@graph":[{"@type":"event","@id":"https:\/\/instytutpolski.pl\/stockholm\/2019\/09\/20\/sprakcafe-och-spraktavling-i-stockholm-som-en-del-av-europeiska-sprakdagen\/","url":"https:\/\/instytutpolski.pl\/stockholm\/2019\/09\/20\/sprakcafe-och-spraktavling-i-stockholm-som-en-del-av-europeiska-sprakdagen\/","name":"Spr\u00e5kcaf\u00e9 och spr\u00e5kt\u00e4vling i Stockholm som en del av Europeiska spr\u00e5kdagen","isPartOf":{"@id":"https:\/\/instytutpolski.pl\/stockholm\/#website"},"primaryImageOfPage":{"@id":"https:\/\/instytutpolski.pl\/stockholm\/2019\/09\/20\/sprakcafe-och-spraktavling-i-stockholm-som-en-del-av-europeiska-sprakdagen\/#primaryimage"},"image":["https:\/\/instytutpolski.pl\/stockholm\/wp-content\/uploads\/sites\/17\/2019\/10\/Europejski-Dzien-Jezykow.jpg","https:\/\/instytutpolski.pl\/stockholm\/wp-content\/uploads\/sites\/17\/2019\/10\/Europejski-Dzien-Jezykow-300x169.jpg","https:\/\/instytutpolski.pl\/stockholm\/wp-content\/uploads\/sites\/17\/2019\/10\/Europejski-Dzien-Jezykow-1024x576.jpg","https:\/\/instytutpolski.pl\/stockholm\/wp-content\/uploads\/sites\/17\/2019\/10\/Europejski-Dzien-Jezykow.jpg"],"thumbnailUrl":"https:\/\/instytutpolski.pl\/stockholm\/wp-content\/uploads\/sites\/17\/2019\/10\/Europejski-Dzien-Jezykow.jpg","datePublished":"2019-09-20T13:39:12+02:00","dateModified":"2020-10-02T14:18:07+02:00","author":{"@id":"https:\/\/instytutpolski.pl\/stockholm\/#\/schema\/person\/062b5a5f61f32b17c98996975db8d556"},"breadcrumb":{"@id":"https:\/\/instytutpolski.pl\/stockholm\/2019\/09\/20\/sprakcafe-och-spraktavling-i-stockholm-som-en-del-av-europeiska-sprakdagen\/#breadcrumb"},"inLanguage":"pl-PL","potentialAction":[{"@type":"ReadAction","target":["https:\/\/instytutpolski.pl\/stockholm\/2019\/09\/20\/sprakcafe-och-spraktavling-i-stockholm-som-en-del-av-europeiska-sprakdagen\/"]}],"@context":"https:\/\/schema.org","startDate":"2019-09-24T09:00:00+02:00","endDate":"2019-09-24T03:00:00+02:00","eventStatus":"EventScheduled","eventAttendanceMode":"OfflineEventAttendanceMode","location":{"@type":"place","name":"Europahuset, Regeringsgatan 65, Stockholm","address":"Europahuset, Regeringsgatan 65, Stockholm","geo":{"@type":"GeoCoordinates","latitude":"59.339952129372335","longitude":"18.05565531744077"}},"description":"N\u00e4tverket Spr\u00e5kdagen best\u00e5r av ett antal spr\u00e5kinstitut och organisationer och tillsammans ordnar vi ett spr\u00e5kcaf\u00e9 i Stockholm samt en spr\u00e5kt\u00e4vling f\u00f6r hela landet.SPR\u00c5KCAF\u00c9I Stockholm firar vi, som vanligt, den europeiska spr\u00e5kdagen med ett spr\u00e5kcaf\u00e9 p\u00e5 Europahuset. I \u00e5r h\u00e5lls spr\u00e5kcaf\u00e9et tisdagen den 24 september. D\u00e4r erbjuds minispr\u00e5kkurser i bl.a. spanska, estniska, tjeckiska, franska, tyska och teckenspr\u00e5k. Det \u00e4r ett utm\u00e4rkt tillf\u00e4lle att prova p\u00e5 nya spr\u00e5k! Vi v\u00e4lkomnar skolklasser fr\u00e5n h\u00f6gstadiet och gymnasiet. Bes\u00f6ket tar cirka 45 minuter. L\u00e4rare kan redan nu anm\u00e4la sina klasser genom att skicka ett mejl till: katlin.aare@ling.su.se. Ange skola, l\u00e4rarens namn och mobilnummer samt klass och antal elever:Anmalningsblankett sprakcafeOBS! Maxantal elever per skola: 60.\nT\u00c4VLING 2019: SKAPA DIN EGEN MEME OM SPR\u00c5K!T\u00e4vlingen v\u00e4nder sig till elever p\u00e5 h\u00f6gstadiet och gymnasiet och g\u00f6rs individuellt. F\u00f6rsta pris \u00e4r en spr\u00e5kresa!T\u00e4vlingen g\u00e5r ut p\u00e5 att skapa en s.k. meme p\u00e5 n\u00e5got av f\u00f6ljande spr\u00e5k: bulgariska, danska, esperanto, estniska, finska, franska, f\u00e4r\u00f6iska, georgiska, grekiska, iriska, isl\u00e4ndska, italienska, jiddisch, kroatiska, lettiska, litauiska, maltesiska, me\u00e4nkieli, nederl\u00e4ndska, norska, polska, portugisiska, romska, rum\u00e4nska, samiska, slovakiska, slovenska, spanska, svenskt teckenspr\u00e5k, tjeckiska, tyska och ungerska.Meme \u00e4r ett internetfenomen d\u00e4r en bild eller kort video med tillh\u00f6rande text f\u00e5r stor spridning i sociala medier. Genom att sammanf\u00f6ra en bild med passande text (ibland bara ett ord, ibland fler meningar) f\u00e5r memes sin humoristiska eller ironiska karakt\u00e4r som ofta \u00e5syftar att f\u00f6rmedla en k\u00e4nsla av igenk\u00e4nning hos mottagaren.Memes i denna t\u00e4vling ska behandla temat spr\u00e5kinl\u00e4rning. Den t\u00e4vlande ska skapa en meme kring ett \u00e4mne som relaterar till hur det \u00e4r att l\u00e4ra sig ett visst spr\u00e5k. Det kan t.ex. handla om n\u00e5got som \u00e4r roligt, sv\u00e5rt, sp\u00e4nnande eller signifikativt med just det spr\u00e5ket som man f\u00f6rs\u00f6ker l\u00e4ra sig. Bilden tillsammans med texten ska p\u00e5 b\u00e4sta s\u00e4tt f\u00f6rmedla en k\u00e4nsla som de som l\u00e4r sig samma spr\u00e5k kan k\u00e4nna igen sig i.T\u00e4vlingsregler\nT\u00e4vlingsbidragets text m\u00e5ste till \u00f6verv\u00e4gande del vara skriven p\u00e5 det spr\u00e5k som den t\u00e4vlande l\u00e4r sig eller vill l\u00e4ra sig. Se listan p\u00e5 spr\u00e5k ovan.\nT\u00e4vlingsbidragets bild m\u00e5ste vara ett foto som den t\u00e4vlande sj\u00e4lv har tagit. Av upphovsr\u00e4ttsliga sk\u00e4l f\u00e5r man inte anv\u00e4nda sig av existerande memes eller bilder som finns p\u00e5 internet.\nOm fotot inneh\u00e5ller en person eller flera som tydligt g\u00e5r att k\u00e4nna igen kr\u00e4vs det att den t\u00e4vlande har till\u00e5telse till att anv\u00e4nda fotot som t\u00e4vlingsbidrag.\nDen t\u00e4vlande g\u00e5r p\u00e5 grundskolan eller gymnasiet i Sverige.\nMax ett inskickat t\u00e4vlingsbidrag per t\u00e4vlande \u00e4r till\u00e5tet.\nArrang\u00f6rerna kan inte h\u00e5llas ansvariga om t\u00e4vlingen st\u00e4lls in, senarel\u00e4ggs eller \u00e4ndras p\u00e5 grund av of\u00f6rutsedda h\u00e4ndelser. Den t\u00e4vlande m\u00e5ste ha gjort t\u00e4vlingsbidraget p\u00e5 egen hand. Inneh\u00e5llet f\u00e5r inte uppfattas som st\u00f6tande eller strida mot g\u00e4llande yttrandefrihetslagstiftning eller upphovsr\u00e4ttsliga lagar. V\u00e5rdnadshavaren ansvarar f\u00f6r att dessa villkor uppfylls. N\u00e4tverket Spr\u00e5kdagen i Sverige f\u00f6rbeh\u00e5ller sig r\u00e4tten att fritt anv\u00e4nda, reproducera, anpassa, publicera och sprida t\u00e4vlingsbidragen. Flera deltagare fr\u00e5n samma klass eller skola f\u00e5r delta, men deltagarna t\u00e4vlar individuellt. Deltagare under 18 \u00e5r m\u00e5ste ha v\u00e5rdnadshavarens tillst\u00e5nd. Vinnaren utses av en jury best\u00e5ende av representanter f\u00f6r N\u00e4tverket Spr\u00e5kdagen i Sverige och priset \u00e4r en spr\u00e5kresa till ett v\u00e4rde av 20 000 kronor. Priset \u00e4r personligt och resan kan inte \u00f6verl\u00e5tas till n\u00e5gon annan. Juryns beslut g\u00e5r inte att \u00f6verklaga.Alla som deltar i t\u00e4vlingen godk\u00e4nner ovanst\u00e5ende regler.Delta i t\u00e4vlingenDen t\u00e4vlande skapar en meme (foto+text) och skickar den som bifogad fil (i ett tillg\u00e4ngligt format) till: sprache-stockholm@goethe.de.Den t\u00e4vlande beh\u00f6ver \u00e4ven fylla i den bifogade iconanm\u00e4lningsblanketten samt skriva under, scanna in och skicka den bifogad i mejlet. T\u00e4vlingsbidragen ska vara oss tillhanda senast m\u00e5ndagen den 16 september. OBS! Man t\u00e4vlar individuellt dvs. bara en person kan vinna spr\u00e5kresan.Pris och prisutdelningF\u00f6rsta pris \u00e4r en spr\u00e5kresa till ett v\u00e4rde av 20 000 kronor. Fickpengar och resa till och fr\u00e5n flygplatsen i Sverige ing\u00e5r inte. N\u00e4tverket Spr\u00e5kdagen bjuder in f\u00f6rstapristagaren och l\u00e4rare\/v\u00e5rdnadshavare till prisutdelningen som \u00e4ger rum i samband med v\u00e5rt spr\u00e5kcaf\u00e9 i Europahuset i Stockholm den 24 september.H\u00e4r kan du l\u00e4sa mer om 2018 \u00e5rs t\u00e4vling och dess vinnare.FIRA SPR\u00c5KDAGEN P\u00c5 DIN SKOLA!Du kan \u00e4ven fira Spr\u00e5kdagen med olika aktiviteter med eleverna p\u00e5 din skola. Alla spr\u00e5k kan vara med.\nArrangera spr\u00e5kcaf\u00e9er, matlagningskurser, f\u00f6rel\u00e4sningar och t\u00e4vlingar om spr\u00e5k.\nVisa filmer p\u00e5 fr\u00e4mmande spr\u00e5k\nInformera om studier och arbete utomlands\nL\u00e4r er n\u00e5gra ord p\u00e5 de spr\u00e5k som talas av eleverna p\u00e5 skolan.\nAnordna en utst\u00e4llning om de l\u00e4nder d\u00e4r din skola har samarbetspartners\nAnordna en utst\u00e4llning med b\u00f6cker och tidskrifter fr\u00e5n andra l\u00e4nder p\u00e5 biblioteket eller i entr\u00e9n till din arbetsplats\nSamarbeta med skol- eller personalmatsalen och servera mat fr\u00e5n andra l\u00e4nder\n \nMer om Europeiska spr\u00e5kdagen h\u00e4r.N\u00e4tverket Spr\u00e5kdagen:\n \n \n "},{"@type":"ImageObject","inLanguage":"pl-PL","@id":"https:\/\/instytutpolski.pl\/stockholm\/2019\/09\/20\/sprakcafe-och-spraktavling-i-stockholm-som-en-del-av-europeiska-sprakdagen\/#primaryimage","url":"https:\/\/instytutpolski.pl\/stockholm\/wp-content\/uploads\/sites\/17\/2019\/10\/Europejski-Dzien-Jezykow.jpg","contentUrl":"https:\/\/instytutpolski.pl\/stockholm\/wp-content\/uploads\/sites\/17\/2019\/10\/Europejski-Dzien-Jezykow.jpg","width":1083,"height":609},{"@type":"BreadcrumbList","@id":"https:\/\/instytutpolski.pl\/stockholm\/2019\/09\/20\/sprakcafe-och-spraktavling-i-stockholm-som-en-del-av-europeiska-sprakdagen\/#breadcrumb","itemListElement":[{"@type":"ListItem","position":1,"name":"Home","item":"https:\/\/instytutpolski.pl\/stockholm\/"},{"@type":"ListItem","position":2,"name":"Spr\u00e5kcaf\u00e9 och spr\u00e5kt\u00e4vling i Stockholm som en del av Europeiska spr\u00e5kdagen"}]},{"@type":"WebSite","@id":"https:\/\/instytutpolski.pl\/stockholm\/#website","url":"https:\/\/instytutpolski.pl\/stockholm\/","name":"Instytut Polski w Sztokholmie","description":"Instytuty Polskie","potentialAction":[{"@type":"SearchAction","target":{"@type":"EntryPoint","urlTemplate":"https:\/\/instytutpolski.pl\/stockholm\/?s={search_term_string}"},"query-input":{"@type":"PropertyValueSpecification","valueRequired":true,"valueName":"search_term_string"}}],"inLanguage":"pl-PL"},{"@type":"Person","@id":"https:\/\/instytutpolski.pl\/stockholm\/#\/schema\/person\/062b5a5f61f32b17c98996975db8d556","name":"strozniake","image":{"@type":"ImageObject","inLanguage":"pl-PL","@id":"https:\/\/instytutpolski.pl\/stockholm\/#\/schema\/person\/image\/","url":"https:\/\/secure.gravatar.com\/avatar\/25e0be9897787f9035155a882fde97cc?s=96&d=mm&r=g","contentUrl":"https:\/\/secure.gravatar.com\/avatar\/25e0be9897787f9035155a882fde97cc?s=96&d=mm&r=g","caption":"strozniake"},"sameAs":["http:\/\/strozniake"],"url":"https:\/\/instytutpolski.pl\/stockholm\/author\/strozniake\/"}]}},"_links":{"self":[{"href":"https:\/\/instytutpolski.pl\/stockholm\/wp-json\/wp\/v2\/posts\/1196","targetHints":{"allow":["GET"]}}],"collection":[{"href":"https:\/\/instytutpolski.pl\/stockholm\/wp-json\/wp\/v2\/posts"}],"about":[{"href":"https:\/\/instytutpolski.pl\/stockholm\/wp-json\/wp\/v2\/types\/post"}],"author":[{"embeddable":true,"href":"https:\/\/instytutpolski.pl\/stockholm\/wp-json\/wp\/v2\/users\/29"}],"replies":[{"embeddable":true,"href":"https:\/\/instytutpolski.pl\/stockholm\/wp-json\/wp\/v2\/comments?post=1196"}],"version-history":[{"count":4,"href":"https:\/\/instytutpolski.pl\/stockholm\/wp-json\/wp\/v2\/posts\/1196\/revisions"}],"predecessor-version":[{"id":1204,"href":"https:\/\/instytutpolski.pl\/stockholm\/wp-json\/wp\/v2\/posts\/1196\/revisions\/1204"}],"wp:featuredmedia":[{"embeddable":true,"href":"https:\/\/instytutpolski.pl\/stockholm\/wp-json\/wp\/v2\/media\/1199"}],"wp:attachment":[{"href":"https:\/\/instytutpolski.pl\/stockholm\/wp-json\/wp\/v2\/media?parent=1196"}],"wp:term":[{"taxonomy":"category","embeddable":true,"href":"https:\/\/instytutpolski.pl\/stockholm\/wp-json\/wp\/v2\/categories?post=1196"},{"taxonomy":"post_tag","embeddable":true,"href":"https:\/\/instytutpolski.pl\/stockholm\/wp-json\/wp\/v2\/tags?post=1196"}],"curies":[{"name":"wp","href":"https:\/\/api.w.org\/{rel}","templated":true}]}}