{"id":11993,"date":"2023-12-01T10:37:08","date_gmt":"2023-12-01T09:37:08","guid":{"rendered":"https:\/\/instytutpolski.pl\/stockholm\/?p=11993"},"modified":"2023-12-04T10:10:25","modified_gmt":"2023-12-04T09:10:25","slug":"visning-av-bread-and-salt-2022-pa-umea-filmfestival-och-konsert-av-tymoteusz-bies","status":"publish","type":"post","link":"https:\/\/instytutpolski.pl\/stockholm\/2023\/12\/01\/visning-av-bread-and-salt-2022-pa-umea-filmfestival-och-konsert-av-tymoteusz-bies\/","title":{"rendered":"Visning av &#8222;Bread and Salt&#8221; (2022) p\u00e5 Ume\u00e5 Filmfestival och konsert av Tymoteusz Bies"},"content":{"rendered":"\n<p>Den tionde upplagan av Ume\u00e5 FIlmfestival (UEFF) p\u00e5g\u00e5r mellan den 29 november och den 5 december 2023. Damian Kocurs film &#8222;Bread and Salt&#8221; (Chleb i s\u00f3l, 2022) visas den 1 december kl 15 och den 5 december kl 17.45 som avslutningsfilm i visningsrummet Mingla i Kulturhuset V\u00e4ven. Efter den sista visningen kommer Tymeoteusz Bies, som spelar huvudrollen, att svara p\u00e5 fr\u00e5gor men \u00e4ven att h\u00e5lla en pianokonsert. <\/p>\n\n\n\n<p>Projektet \u00e4r ett samarbete mellan Polska institutet Stockholm, Norrlandsoperan, Kulturhuset V\u00e4ven i Ume\u00e5 och Folkets Bio.<\/p>\n\n\n\n<p>L\u00e4s mer p\u00e5 <a href=\"https:\/\/ueff.se\/film\/bread-and-salt\/?fbclid=IwAR1u-bWN0RHoU0XpY6Ic9CK711MrD7mS9ttJIgRa4u_TOd2BkECBBXWdRp8\" target=\"_blank\" rel=\"noreferrer noopener\">festivalens hemsida<\/a>.<\/p>\n\n\n\n<p><\/p>\n\n\n\n<p><strong>Om filmen<\/strong><\/p>\n\n\n\n<p>&#8222;N\u00e4r Tymek som studerar i Warszawas musikakademi \u00e5terv\u00e4nder till sin hemstad under sommaren, blir han efter ett tag indragen i en konflikt mellan lokala ungdomar och invandrare. Till en b\u00f6rjan tillbringar han tiden med sin bror och ett g\u00e4ng dagdrivare, vilket inte inspirerar Tymek speciellt mycket. Det \u00e4r mest tomprat, r\u00f6kande och \u00f6ldrickande. Han har visserligen en flickv\u00e4n, men det \u00e4r hans pianospelande som betyder n\u00e5got. Och spela kan han g\u00f6ra p\u00e5 ett enkelt piano hos sina f\u00f6r\u00e4ldrar. Ut\u00f6ver detta \u00e4r det dagliga bes\u00f6ket p\u00e5 en lokal kebab-bar en del av sommarlivet. Baren drivs av arabiska invandrare och till slut uppst\u00e5r mots\u00e4ttningar mellan dessa och dagdrivarna.&#8221; (Ume\u00e5 Filmfestival)<\/p>\n\n\n\n<pre class=\"wp-block-verse\"><\/pre>\n\n\n\n<figure class=\"wp-block-gallery has-nested-images columns-default is-cropped wp-block-gallery-1 is-layout-flex wp-block-gallery-is-layout-flex\">\n<figure class=\"wp-block-image size-large\"><img loading=\"lazy\" decoding=\"async\" width=\"461\" height=\"691\" data-id=\"10849\" src=\"https:\/\/instytutpolski.pl\/stockholm\/wp-content\/uploads\/sites\/17\/2023\/04\/thumbnail_image003.png\" alt=\"\" class=\"wp-image-10849\" srcset=\"https:\/\/instytutpolski.pl\/stockholm\/wp-content\/uploads\/sites\/17\/2023\/04\/thumbnail_image003.png 461w, https:\/\/instytutpolski.pl\/stockholm\/wp-content\/uploads\/sites\/17\/2023\/04\/thumbnail_image003-200x300.png 200w\" sizes=\"auto, (max-width: 461px) 100vw, 461px\" \/><\/figure>\n<\/figure>\n\n\n\n<p><strong>Om Tymoteusz Bies<\/strong><\/p>\n\n\n\n<p>Tymoteusz Bies f\u00f6ddes 1995. Som solist debuterade han som 8 \u00e5ring n\u00e4r han upptr\u00e4dde med Schlesiens Symfoniorkester i Katowice. 2018 avslutade han sin 20 \u00e5r l\u00e5nga musikutbildning vid Musikh\u00f6gskolan i Katowice som b\u00e4sta student \u2013 med titeln Primus Inter Pares. Sedan 2020 arbetar han d\u00e4r som bitr\u00e4dande lektor p\u00e5 institutionen f\u00f6r piano. Tymoteusz har vunnit drygt 30 priser i polska och internationella pianistt\u00e4vlingar, bl a Fryderyk Chopins internationella pianot\u00e4vling, Friuli Venezia Giulia International Piano Competition och Karol Szymanowskis internationella musikt\u00e4vling. Han upptr\u00e4der flitigt i Polen och utomlands och har medverkat i flera festivaler. Som solist samarbetade han med de flesta polska symfoniorkestrar under ledning av bl a Lionel Bringuier, Juozas Domarkas, Lawrence Foster och Domingo Hindoyan. P\u00e5 sin breda repertoar har han b\u00e5de gammal och samtida pianomusik. Mest tycker han om att spela s\u00e4llsynt spelade verk, av t ex&nbsp; Bohuslav Martin\u016f, Alban Berg, Aleksander Laso\u0144, Witold Szalonek och Andrzej Kwieci\u0144ski.<\/p>\n\n\n\n<p>Han har gjort en rad inspelningar av musik av bl a Karol Szymanowski och Witold Lutos\u0142awski f\u00f6r Polens Radio och har sl\u00e4ppt tre studioalbum med verk av F. Chopin, W. A. Mozart, F. Schubert, K. Szymanowski, M. Weinberg, F. Poulenc, C. Debussy och K. Penderecki. Just nu p\u00e5g\u00e5r arbetet med artistens nya album. Tymoteusz var under s\u00e4songerna 2020\/2021 och 2021\/2022 artist-in-residence hos Nationella polska radiosymfonikerna i Katowice. Dessutom \u00e4r han mycket verksam inom musikproduktion och filmmusik. 2021 spelade han huvudrollen i den polska l\u00e5ngfilmen \u201dChleb i s\u00f3l\u201d (\u201dBread and salt\u201d) d\u00e4r han \u00e4ven stod f\u00f6r pianomusiken. Filmen i regi av Damian Kocur fick en rad priser p\u00e5 flera filmfestivaler, t ex i Venedig, Gdynia, Cottbus, Antalya, Cairo och Gijon. F\u00f6rra \u00e5ret visades filmen av Polska institutet p\u00e5 Zita Folkets Bio i Stockholm under European Film Festival, arrangerad av EUNIC Stockholm i samarbete med EU-kommissionen i Sverige.<\/p>\n\n\n\n<p>Foto: Wojciech Grz\u0119dzi\u0144ski<\/p>\n","protected":false},"excerpt":{"rendered":"<p>Den tionde upplagan av Ume\u00e5 FIlmfestival (UEFF) p\u00e5g\u00e5r mellan den 29 november och den 5 december 2023. Damian Kocurs film &#8222;Bread and Salt&#8221; (Chleb i s\u00f3l, 2022) visas den 1 december kl 15 och den 5 december kl 17.45 som avslutningsfilm i visningsrummet Mingla i Kulturhuset V\u00e4ven. Efter den sista visningen kommer Tymeoteusz Bies, som [&hellip;]<\/p>\n","protected":false},"author":173,"featured_media":11992,"comment_status":"closed","ping_status":"closed","sticky":false,"template":"","format":"standard","meta":{"inline_featured_image":false,"_monsterinsights_skip_tracking":false,"_monsterinsights_sitenote_active":false,"_monsterinsights_sitenote_note":"","_monsterinsights_sitenote_category":0,"footnotes":""},"categories":[222,12,95,99],"tags":[],"class_list":["post-11993","post","type-post","status-publish","format-standard","has-post-thumbnail","hentry","category-aktualnosc-se","category-evenemang","category-film-evenemang","category-musik"],"yoast_head":"<!-- This site is optimized with the Yoast SEO plugin v24.6 - https:\/\/yoast.com\/wordpress\/plugins\/seo\/ -->\n<title>Visning av &quot;Bread and Salt&quot; (2022) p\u00e5 Ume\u00e5 Filmfestival och konsert av Tymoteusz Bies - Instytut Polski w Sztokholmie<\/title>\n<meta name=\"robots\" content=\"index, follow, max-snippet:-1, max-image-preview:large, max-video-preview:-1\" \/>\n<link rel=\"canonical\" href=\"https:\/\/instytutpolski.pl\/stockholm\/2023\/12\/01\/visning-av-bread-and-salt-2022-pa-umea-filmfestival-och-konsert-av-tymoteusz-bies\/\" \/>\n<meta property=\"og:locale\" content=\"pl_PL\" \/>\n<meta property=\"og:type\" content=\"article\" \/>\n<meta property=\"og:title\" content=\"Visning av &quot;Bread and Salt&quot; (2022) p\u00e5 Ume\u00e5 Filmfestival och konsert av Tymoteusz Bies - Instytut Polski w Sztokholmie\" \/>\n<meta property=\"og:description\" content=\"Den tionde upplagan av Ume\u00e5 FIlmfestival (UEFF) p\u00e5g\u00e5r mellan den 29 november och den 5 december 2023. Damian Kocurs film &#8222;Bread and Salt&#8221; (Chleb i s\u00f3l, 2022) visas den 1 december kl 15 och den 5 december kl 17.45 som avslutningsfilm i visningsrummet Mingla i Kulturhuset V\u00e4ven. Efter den sista visningen kommer Tymeoteusz Bies, som [&hellip;]\" \/>\n<meta property=\"og:url\" content=\"https:\/\/instytutpolski.pl\/stockholm\/2023\/12\/01\/visning-av-bread-and-salt-2022-pa-umea-filmfestival-och-konsert-av-tymoteusz-bies\/\" \/>\n<meta property=\"og:site_name\" content=\"Instytut Polski w Sztokholmie\" \/>\n<meta property=\"article:published_time\" content=\"2023-12-01T09:37:08+00:00\" \/>\n<meta property=\"article:modified_time\" content=\"2023-12-04T09:10:25+00:00\" \/>\n<meta property=\"og:image\" content=\"https:\/\/instytutpolski.pl\/stockholm\/wp-content\/uploads\/sites\/17\/2023\/12\/BSUEFF-scaled.jpg\" \/>\n\t<meta property=\"og:image:width\" content=\"2560\" \/>\n\t<meta property=\"og:image:height\" content=\"1781\" \/>\n\t<meta property=\"og:image:type\" content=\"image\/jpeg\" \/>\n<meta name=\"author\" content=\"treichelp\" \/>\n<meta name=\"twitter:card\" content=\"summary_large_image\" \/>\n<meta name=\"twitter:label1\" content=\"Napisane przez\" \/>\n\t<meta name=\"twitter:data1\" content=\"treichelp\" \/>\n\t<meta name=\"twitter:label2\" content=\"Szacowany czas czytania\" \/>\n\t<meta name=\"twitter:data2\" content=\"4 minuty\" \/>\n<script type=\"application\/ld+json\" class=\"yoast-schema-graph\">{\"@context\":\"https:\/\/schema.org\",\"@graph\":[{\"@type\":\"event\",\"@id\":\"https:\/\/instytutpolski.pl\/stockholm\/2023\/12\/01\/visning-av-bread-and-salt-2022-pa-umea-filmfestival-och-konsert-av-tymoteusz-bies\/\",\"url\":\"https:\/\/instytutpolski.pl\/stockholm\/2023\/12\/01\/visning-av-bread-and-salt-2022-pa-umea-filmfestival-och-konsert-av-tymoteusz-bies\/\",\"name\":\"Visning av \\\"Bread and Salt\\\" (2022) p\u00e5 Ume\u00e5 Filmfestival och konsert av Tymoteusz Bies\",\"isPartOf\":{\"@id\":\"https:\/\/instytutpolski.pl\/stockholm\/#website\"},\"primaryImageOfPage\":{\"@id\":\"https:\/\/instytutpolski.pl\/stockholm\/2023\/12\/01\/visning-av-bread-and-salt-2022-pa-umea-filmfestival-och-konsert-av-tymoteusz-bies\/#primaryimage\"},\"image\":[\"https:\/\/instytutpolski.pl\/stockholm\/wp-content\/uploads\/sites\/17\/2023\/12\/BSUEFF-scaled.jpg\",\"https:\/\/instytutpolski.pl\/stockholm\/wp-content\/uploads\/sites\/17\/2023\/12\/BSUEFF-300x209.jpg\",\"https:\/\/instytutpolski.pl\/stockholm\/wp-content\/uploads\/sites\/17\/2023\/12\/BSUEFF-1024x713.jpg\",\"https:\/\/instytutpolski.pl\/stockholm\/wp-content\/uploads\/sites\/17\/2023\/12\/BSUEFF-scaled.jpg\"],\"thumbnailUrl\":\"https:\/\/instytutpolski.pl\/stockholm\/wp-content\/uploads\/sites\/17\/2023\/12\/BSUEFF-scaled.jpg\",\"datePublished\":\"2023-12-01T09:37:08+02:00\",\"dateModified\":\"2023-12-04T09:10:25+02:00\",\"author\":{\"@id\":\"https:\/\/instytutpolski.pl\/stockholm\/#\/schema\/person\/866a2c0f4ccf0982a286809684f7bc1e\"},\"breadcrumb\":{\"@id\":\"https:\/\/instytutpolski.pl\/stockholm\/2023\/12\/01\/visning-av-bread-and-salt-2022-pa-umea-filmfestival-och-konsert-av-tymoteusz-bies\/#breadcrumb\"},\"inLanguage\":\"pl-PL\",\"potentialAction\":[{\"@type\":\"ReadAction\",\"target\":[\"https:\/\/instytutpolski.pl\/stockholm\/2023\/12\/01\/visning-av-bread-and-salt-2022-pa-umea-filmfestival-och-konsert-av-tymoteusz-bies\/\"]}],\"@context\":\"https:\/\/schema.org\",\"startDate\":\"2023-11-29\",\"endDate\":\"2023-12-05\",\"eventStatus\":\"EventScheduled\",\"eventAttendanceMode\":\"OfflineEventAttendanceMode\",\"location\":{\"@type\":\"place\",\"name\":\"Kulturhuset V\u00e4ven, Ume\u00e5\",\"address\":\"Kulturhuset V\u00e4ven, Ume\u00e5\",\"geo\":{\"@type\":\"GeoCoordinates\",\"latitude\":\"63.68871653046199\",\"longitude\":\"20.545546484321363\"}},\"description\":\"Den tionde upplagan av Ume\u00e5 FIlmfestival (UEFF) p\u00e5g\u00e5r mellan den 29 november och den 5 december 2023. Damian Kocurs film \\\"Bread and Salt\\\" (Chleb i s\u00f3l, 2022) visas den 1 december kl 15 och den 5 december kl 17.45 som avslutningsfilm i visningsrummet Mingla i Kulturhuset V\u00e4ven. Efter den sista visningen kommer Tymeoteusz Bies, som spelar huvudrollen, att svara p\u00e5 fr\u00e5gor men \u00e4ven att h\u00e5lla en pianokonsert. \\nProjektet \u00e4r ett samarbete mellan Polska institutet Stockholm, Norrlandsoperan, Kulturhuset V\u00e4ven i Ume\u00e5 och Folkets Bio.\\nL\u00e4s mer p\u00e5 festivalens hemsida.\\nOm filmen\\n\\\"N\u00e4r Tymek som studerar i Warszawas musikakademi \u00e5terv\u00e4nder till sin hemstad under sommaren, blir han efter ett tag indragen i en konflikt mellan lokala ungdomar och invandrare. Till en b\u00f6rjan tillbringar han tiden med sin bror och ett g\u00e4ng dagdrivare, vilket inte inspirerar Tymek speciellt mycket. Det \u00e4r mest tomprat, r\u00f6kande och \u00f6ldrickande. Han har visserligen en flickv\u00e4n, men det \u00e4r hans pianospelande som betyder n\u00e5got. Och spela kan han g\u00f6ra p\u00e5 ett enkelt piano hos sina f\u00f6r\u00e4ldrar. Ut\u00f6ver detta \u00e4r det dagliga bes\u00f6ket p\u00e5 en lokal kebab-bar en del av sommarlivet. Baren drivs av arabiska invandrare och till slut uppst\u00e5r mots\u00e4ttningar mellan dessa och dagdrivarna.\\\" (Ume\u00e5 Filmfestival)\\nOm Tymoteusz Bies\\nTymoteusz Bies f\u00f6ddes 1995. Som solist debuterade han som 8 \u00e5ring n\u00e4r han upptr\u00e4dde med Schlesiens Symfoniorkester i Katowice. 2018 avslutade han sin 20 \u00e5r l\u00e5nga musikutbildning vid Musikh\u00f6gskolan i Katowice som b\u00e4sta student \u2013 med titeln Primus Inter Pares. Sedan 2020 arbetar han d\u00e4r som bitr\u00e4dande lektor p\u00e5 institutionen f\u00f6r piano. Tymoteusz har vunnit drygt 30 priser i polska och internationella pianistt\u00e4vlingar, bl a Fryderyk Chopins internationella pianot\u00e4vling, Friuli Venezia Giulia International Piano Competition och Karol Szymanowskis internationella musikt\u00e4vling. Han upptr\u00e4der flitigt i Polen och utomlands och har medverkat i flera festivaler. Som solist samarbetade han med de flesta polska symfoniorkestrar under ledning av bl a Lionel Bringuier, Juozas Domarkas, Lawrence Foster och Domingo Hindoyan. P\u00e5 sin breda repertoar har han b\u00e5de gammal och samtida pianomusik. Mest tycker han om att spela s\u00e4llsynt spelade verk, av t ex  Bohuslav Martin\u016f, Alban Berg, Aleksander Laso\u0144, Witold Szalonek och Andrzej Kwieci\u0144ski.\\nHan har gjort en rad inspelningar av musik av bl a Karol Szymanowski och Witold Lutos\u0142awski f\u00f6r Polens Radio och har sl\u00e4ppt tre studioalbum med verk av F. Chopin, W. A. Mozart, F. Schubert, K. Szymanowski, M. Weinberg, F. Poulenc, C. Debussy och K. Penderecki. Just nu p\u00e5g\u00e5r arbetet med artistens nya album. Tymoteusz var under s\u00e4songerna 2020\/2021 och 2021\/2022 artist-in-residence hos Nationella polska radiosymfonikerna i Katowice. Dessutom \u00e4r han mycket verksam inom musikproduktion och filmmusik. 2021 spelade han huvudrollen i den polska l\u00e5ngfilmen \u201dChleb i s\u00f3l\u201d (\u201dBread and salt\u201d) d\u00e4r han \u00e4ven stod f\u00f6r pianomusiken. Filmen i regi av Damian Kocur fick en rad priser p\u00e5 flera filmfestivaler, t ex i Venedig, Gdynia, Cottbus, Antalya, Cairo och Gijon. F\u00f6rra \u00e5ret visades filmen av Polska institutet p\u00e5 Zita Folkets Bio i Stockholm under European Film Festival, arrangerad av EUNIC Stockholm i samarbete med EU-kommissionen i Sverige.\\nFoto: Wojciech Grz\u0119dzi\u0144ski\"},{\"@type\":\"ImageObject\",\"inLanguage\":\"pl-PL\",\"@id\":\"https:\/\/instytutpolski.pl\/stockholm\/2023\/12\/01\/visning-av-bread-and-salt-2022-pa-umea-filmfestival-och-konsert-av-tymoteusz-bies\/#primaryimage\",\"url\":\"https:\/\/instytutpolski.pl\/stockholm\/wp-content\/uploads\/sites\/17\/2023\/12\/BSUEFF-scaled.jpg\",\"contentUrl\":\"https:\/\/instytutpolski.pl\/stockholm\/wp-content\/uploads\/sites\/17\/2023\/12\/BSUEFF-scaled.jpg\",\"width\":2560,\"height\":1781},{\"@type\":\"BreadcrumbList\",\"@id\":\"https:\/\/instytutpolski.pl\/stockholm\/2023\/12\/01\/visning-av-bread-and-salt-2022-pa-umea-filmfestival-och-konsert-av-tymoteusz-bies\/#breadcrumb\",\"itemListElement\":[{\"@type\":\"ListItem\",\"position\":1,\"name\":\"Home\",\"item\":\"https:\/\/instytutpolski.pl\/stockholm\/\"},{\"@type\":\"ListItem\",\"position\":2,\"name\":\"Visning av &#8222;Bread and Salt&#8221; (2022) p\u00e5 Ume\u00e5 Filmfestival och konsert av Tymoteusz Bies\"}]},{\"@type\":\"WebSite\",\"@id\":\"https:\/\/instytutpolski.pl\/stockholm\/#website\",\"url\":\"https:\/\/instytutpolski.pl\/stockholm\/\",\"name\":\"Instytut Polski w Sztokholmie\",\"description\":\"Instytuty Polskie\",\"potentialAction\":[{\"@type\":\"SearchAction\",\"target\":{\"@type\":\"EntryPoint\",\"urlTemplate\":\"https:\/\/instytutpolski.pl\/stockholm\/?s={search_term_string}\"},\"query-input\":{\"@type\":\"PropertyValueSpecification\",\"valueRequired\":true,\"valueName\":\"search_term_string\"}}],\"inLanguage\":\"pl-PL\"},{\"@type\":\"Person\",\"@id\":\"https:\/\/instytutpolski.pl\/stockholm\/#\/schema\/person\/866a2c0f4ccf0982a286809684f7bc1e\",\"name\":\"treichelp\",\"image\":{\"@type\":\"ImageObject\",\"inLanguage\":\"pl-PL\",\"@id\":\"https:\/\/instytutpolski.pl\/stockholm\/#\/schema\/person\/image\/\",\"url\":\"https:\/\/secure.gravatar.com\/avatar\/fb2c1caae0df0854742a56fc463dd1fb?s=96&d=mm&r=g\",\"contentUrl\":\"https:\/\/secure.gravatar.com\/avatar\/fb2c1caae0df0854742a56fc463dd1fb?s=96&d=mm&r=g\",\"caption\":\"treichelp\"},\"url\":\"https:\/\/instytutpolski.pl\/stockholm\/author\/treichelp\/\"}]}<\/script>\n<!-- \/ Yoast SEO plugin. -->","yoast_head_json":{"title":"Visning av \"Bread and Salt\" (2022) p\u00e5 Ume\u00e5 Filmfestival och konsert av Tymoteusz Bies - Instytut Polski w Sztokholmie","robots":{"index":"index","follow":"follow","max-snippet":"max-snippet:-1","max-image-preview":"max-image-preview:large","max-video-preview":"max-video-preview:-1"},"canonical":"https:\/\/instytutpolski.pl\/stockholm\/2023\/12\/01\/visning-av-bread-and-salt-2022-pa-umea-filmfestival-och-konsert-av-tymoteusz-bies\/","og_locale":"pl_PL","og_type":"article","og_title":"Visning av \"Bread and Salt\" (2022) p\u00e5 Ume\u00e5 Filmfestival och konsert av Tymoteusz Bies - Instytut Polski w Sztokholmie","og_description":"Den tionde upplagan av Ume\u00e5 FIlmfestival (UEFF) p\u00e5g\u00e5r mellan den 29 november och den 5 december 2023. Damian Kocurs film &#8222;Bread and Salt&#8221; (Chleb i s\u00f3l, 2022) visas den 1 december kl 15 och den 5 december kl 17.45 som avslutningsfilm i visningsrummet Mingla i Kulturhuset V\u00e4ven. Efter den sista visningen kommer Tymeoteusz Bies, som [&hellip;]","og_url":"https:\/\/instytutpolski.pl\/stockholm\/2023\/12\/01\/visning-av-bread-and-salt-2022-pa-umea-filmfestival-och-konsert-av-tymoteusz-bies\/","og_site_name":"Instytut Polski w Sztokholmie","article_published_time":"2023-12-01T09:37:08+00:00","article_modified_time":"2023-12-04T09:10:25+00:00","og_image":[{"width":2560,"height":1781,"url":"https:\/\/instytutpolski.pl\/stockholm\/wp-content\/uploads\/sites\/17\/2023\/12\/BSUEFF-scaled.jpg","type":"image\/jpeg"}],"author":"treichelp","twitter_card":"summary_large_image","twitter_misc":{"Napisane przez":"treichelp","Szacowany czas czytania":"4 minuty"},"schema":{"@context":"https:\/\/schema.org","@graph":[{"@type":"event","@id":"https:\/\/instytutpolski.pl\/stockholm\/2023\/12\/01\/visning-av-bread-and-salt-2022-pa-umea-filmfestival-och-konsert-av-tymoteusz-bies\/","url":"https:\/\/instytutpolski.pl\/stockholm\/2023\/12\/01\/visning-av-bread-and-salt-2022-pa-umea-filmfestival-och-konsert-av-tymoteusz-bies\/","name":"Visning av \"Bread and Salt\" (2022) p\u00e5 Ume\u00e5 Filmfestival och konsert av Tymoteusz Bies","isPartOf":{"@id":"https:\/\/instytutpolski.pl\/stockholm\/#website"},"primaryImageOfPage":{"@id":"https:\/\/instytutpolski.pl\/stockholm\/2023\/12\/01\/visning-av-bread-and-salt-2022-pa-umea-filmfestival-och-konsert-av-tymoteusz-bies\/#primaryimage"},"image":["https:\/\/instytutpolski.pl\/stockholm\/wp-content\/uploads\/sites\/17\/2023\/12\/BSUEFF-scaled.jpg","https:\/\/instytutpolski.pl\/stockholm\/wp-content\/uploads\/sites\/17\/2023\/12\/BSUEFF-300x209.jpg","https:\/\/instytutpolski.pl\/stockholm\/wp-content\/uploads\/sites\/17\/2023\/12\/BSUEFF-1024x713.jpg","https:\/\/instytutpolski.pl\/stockholm\/wp-content\/uploads\/sites\/17\/2023\/12\/BSUEFF-scaled.jpg"],"thumbnailUrl":"https:\/\/instytutpolski.pl\/stockholm\/wp-content\/uploads\/sites\/17\/2023\/12\/BSUEFF-scaled.jpg","datePublished":"2023-12-01T09:37:08+02:00","dateModified":"2023-12-04T09:10:25+02:00","author":{"@id":"https:\/\/instytutpolski.pl\/stockholm\/#\/schema\/person\/866a2c0f4ccf0982a286809684f7bc1e"},"breadcrumb":{"@id":"https:\/\/instytutpolski.pl\/stockholm\/2023\/12\/01\/visning-av-bread-and-salt-2022-pa-umea-filmfestival-och-konsert-av-tymoteusz-bies\/#breadcrumb"},"inLanguage":"pl-PL","potentialAction":[{"@type":"ReadAction","target":["https:\/\/instytutpolski.pl\/stockholm\/2023\/12\/01\/visning-av-bread-and-salt-2022-pa-umea-filmfestival-och-konsert-av-tymoteusz-bies\/"]}],"@context":"https:\/\/schema.org","startDate":"2023-11-29","endDate":"2023-12-05","eventStatus":"EventScheduled","eventAttendanceMode":"OfflineEventAttendanceMode","location":{"@type":"place","name":"Kulturhuset V\u00e4ven, Ume\u00e5","address":"Kulturhuset V\u00e4ven, Ume\u00e5","geo":{"@type":"GeoCoordinates","latitude":"63.68871653046199","longitude":"20.545546484321363"}},"description":"Den tionde upplagan av Ume\u00e5 FIlmfestival (UEFF) p\u00e5g\u00e5r mellan den 29 november och den 5 december 2023. Damian Kocurs film \"Bread and Salt\" (Chleb i s\u00f3l, 2022) visas den 1 december kl 15 och den 5 december kl 17.45 som avslutningsfilm i visningsrummet Mingla i Kulturhuset V\u00e4ven. Efter den sista visningen kommer Tymeoteusz Bies, som spelar huvudrollen, att svara p\u00e5 fr\u00e5gor men \u00e4ven att h\u00e5lla en pianokonsert. \nProjektet \u00e4r ett samarbete mellan Polska institutet Stockholm, Norrlandsoperan, Kulturhuset V\u00e4ven i Ume\u00e5 och Folkets Bio.\nL\u00e4s mer p\u00e5 festivalens hemsida.\nOm filmen\n\"N\u00e4r Tymek som studerar i Warszawas musikakademi \u00e5terv\u00e4nder till sin hemstad under sommaren, blir han efter ett tag indragen i en konflikt mellan lokala ungdomar och invandrare. Till en b\u00f6rjan tillbringar han tiden med sin bror och ett g\u00e4ng dagdrivare, vilket inte inspirerar Tymek speciellt mycket. Det \u00e4r mest tomprat, r\u00f6kande och \u00f6ldrickande. Han har visserligen en flickv\u00e4n, men det \u00e4r hans pianospelande som betyder n\u00e5got. Och spela kan han g\u00f6ra p\u00e5 ett enkelt piano hos sina f\u00f6r\u00e4ldrar. Ut\u00f6ver detta \u00e4r det dagliga bes\u00f6ket p\u00e5 en lokal kebab-bar en del av sommarlivet. Baren drivs av arabiska invandrare och till slut uppst\u00e5r mots\u00e4ttningar mellan dessa och dagdrivarna.\" (Ume\u00e5 Filmfestival)\nOm Tymoteusz Bies\nTymoteusz Bies f\u00f6ddes 1995. Som solist debuterade han som 8 \u00e5ring n\u00e4r han upptr\u00e4dde med Schlesiens Symfoniorkester i Katowice. 2018 avslutade han sin 20 \u00e5r l\u00e5nga musikutbildning vid Musikh\u00f6gskolan i Katowice som b\u00e4sta student \u2013 med titeln Primus Inter Pares. Sedan 2020 arbetar han d\u00e4r som bitr\u00e4dande lektor p\u00e5 institutionen f\u00f6r piano. Tymoteusz har vunnit drygt 30 priser i polska och internationella pianistt\u00e4vlingar, bl a Fryderyk Chopins internationella pianot\u00e4vling, Friuli Venezia Giulia International Piano Competition och Karol Szymanowskis internationella musikt\u00e4vling. Han upptr\u00e4der flitigt i Polen och utomlands och har medverkat i flera festivaler. Som solist samarbetade han med de flesta polska symfoniorkestrar under ledning av bl a Lionel Bringuier, Juozas Domarkas, Lawrence Foster och Domingo Hindoyan. P\u00e5 sin breda repertoar har han b\u00e5de gammal och samtida pianomusik. Mest tycker han om att spela s\u00e4llsynt spelade verk, av t ex  Bohuslav Martin\u016f, Alban Berg, Aleksander Laso\u0144, Witold Szalonek och Andrzej Kwieci\u0144ski.\nHan har gjort en rad inspelningar av musik av bl a Karol Szymanowski och Witold Lutos\u0142awski f\u00f6r Polens Radio och har sl\u00e4ppt tre studioalbum med verk av F. Chopin, W. A. Mozart, F. Schubert, K. Szymanowski, M. Weinberg, F. Poulenc, C. Debussy och K. Penderecki. Just nu p\u00e5g\u00e5r arbetet med artistens nya album. Tymoteusz var under s\u00e4songerna 2020\/2021 och 2021\/2022 artist-in-residence hos Nationella polska radiosymfonikerna i Katowice. Dessutom \u00e4r han mycket verksam inom musikproduktion och filmmusik. 2021 spelade han huvudrollen i den polska l\u00e5ngfilmen \u201dChleb i s\u00f3l\u201d (\u201dBread and salt\u201d) d\u00e4r han \u00e4ven stod f\u00f6r pianomusiken. Filmen i regi av Damian Kocur fick en rad priser p\u00e5 flera filmfestivaler, t ex i Venedig, Gdynia, Cottbus, Antalya, Cairo och Gijon. F\u00f6rra \u00e5ret visades filmen av Polska institutet p\u00e5 Zita Folkets Bio i Stockholm under European Film Festival, arrangerad av EUNIC Stockholm i samarbete med EU-kommissionen i Sverige.\nFoto: Wojciech Grz\u0119dzi\u0144ski"},{"@type":"ImageObject","inLanguage":"pl-PL","@id":"https:\/\/instytutpolski.pl\/stockholm\/2023\/12\/01\/visning-av-bread-and-salt-2022-pa-umea-filmfestival-och-konsert-av-tymoteusz-bies\/#primaryimage","url":"https:\/\/instytutpolski.pl\/stockholm\/wp-content\/uploads\/sites\/17\/2023\/12\/BSUEFF-scaled.jpg","contentUrl":"https:\/\/instytutpolski.pl\/stockholm\/wp-content\/uploads\/sites\/17\/2023\/12\/BSUEFF-scaled.jpg","width":2560,"height":1781},{"@type":"BreadcrumbList","@id":"https:\/\/instytutpolski.pl\/stockholm\/2023\/12\/01\/visning-av-bread-and-salt-2022-pa-umea-filmfestival-och-konsert-av-tymoteusz-bies\/#breadcrumb","itemListElement":[{"@type":"ListItem","position":1,"name":"Home","item":"https:\/\/instytutpolski.pl\/stockholm\/"},{"@type":"ListItem","position":2,"name":"Visning av &#8222;Bread and Salt&#8221; (2022) p\u00e5 Ume\u00e5 Filmfestival och konsert av Tymoteusz Bies"}]},{"@type":"WebSite","@id":"https:\/\/instytutpolski.pl\/stockholm\/#website","url":"https:\/\/instytutpolski.pl\/stockholm\/","name":"Instytut Polski w Sztokholmie","description":"Instytuty Polskie","potentialAction":[{"@type":"SearchAction","target":{"@type":"EntryPoint","urlTemplate":"https:\/\/instytutpolski.pl\/stockholm\/?s={search_term_string}"},"query-input":{"@type":"PropertyValueSpecification","valueRequired":true,"valueName":"search_term_string"}}],"inLanguage":"pl-PL"},{"@type":"Person","@id":"https:\/\/instytutpolski.pl\/stockholm\/#\/schema\/person\/866a2c0f4ccf0982a286809684f7bc1e","name":"treichelp","image":{"@type":"ImageObject","inLanguage":"pl-PL","@id":"https:\/\/instytutpolski.pl\/stockholm\/#\/schema\/person\/image\/","url":"https:\/\/secure.gravatar.com\/avatar\/fb2c1caae0df0854742a56fc463dd1fb?s=96&d=mm&r=g","contentUrl":"https:\/\/secure.gravatar.com\/avatar\/fb2c1caae0df0854742a56fc463dd1fb?s=96&d=mm&r=g","caption":"treichelp"},"url":"https:\/\/instytutpolski.pl\/stockholm\/author\/treichelp\/"}]}},"_links":{"self":[{"href":"https:\/\/instytutpolski.pl\/stockholm\/wp-json\/wp\/v2\/posts\/11993","targetHints":{"allow":["GET"]}}],"collection":[{"href":"https:\/\/instytutpolski.pl\/stockholm\/wp-json\/wp\/v2\/posts"}],"about":[{"href":"https:\/\/instytutpolski.pl\/stockholm\/wp-json\/wp\/v2\/types\/post"}],"author":[{"embeddable":true,"href":"https:\/\/instytutpolski.pl\/stockholm\/wp-json\/wp\/v2\/users\/173"}],"replies":[{"embeddable":true,"href":"https:\/\/instytutpolski.pl\/stockholm\/wp-json\/wp\/v2\/comments?post=11993"}],"version-history":[{"count":4,"href":"https:\/\/instytutpolski.pl\/stockholm\/wp-json\/wp\/v2\/posts\/11993\/revisions"}],"predecessor-version":[{"id":12016,"href":"https:\/\/instytutpolski.pl\/stockholm\/wp-json\/wp\/v2\/posts\/11993\/revisions\/12016"}],"wp:featuredmedia":[{"embeddable":true,"href":"https:\/\/instytutpolski.pl\/stockholm\/wp-json\/wp\/v2\/media\/11992"}],"wp:attachment":[{"href":"https:\/\/instytutpolski.pl\/stockholm\/wp-json\/wp\/v2\/media?parent=11993"}],"wp:term":[{"taxonomy":"category","embeddable":true,"href":"https:\/\/instytutpolski.pl\/stockholm\/wp-json\/wp\/v2\/categories?post=11993"},{"taxonomy":"post_tag","embeddable":true,"href":"https:\/\/instytutpolski.pl\/stockholm\/wp-json\/wp\/v2\/tags?post=11993"}],"curies":[{"name":"wp","href":"https:\/\/api.w.org\/{rel}","templated":true}]}}