{"id":120,"date":"2019-06-05T13:36:25","date_gmt":"2019-06-05T11:36:25","guid":{"rendered":"https:\/\/instytutpolski.pl\/sztokholm\/?p=120"},"modified":"2022-04-07T14:13:41","modified_gmt":"2022-04-07T12:13:41","slug":"peter-johnsson-katyn-ett-brott-mot-folkratten","status":"publish","type":"post","link":"https:\/\/instytutpolski.pl\/stockholm\/2019\/06\/05\/peter-johnsson-katyn-ett-brott-mot-folkratten\/","title":{"rendered":"Peter Johnsson &#8222;Katy\u0144 &#8211; ett brott mot folkr\u00e4tten\u201d"},"content":{"rendered":"\n<p><strong>11 maj 2019 kl 11.00<br>ABF Stockholm<br>Sveav\u00e4gen 41, Stockholm<br>Fri entr\u00e9!<\/strong><br><br>Den 5 mars 1940 besl\u00f6t det sovjetiska kommunistpartiets politbyr\u00e5 att 15 000 polska officerare som sedan andra v\u00e4rldskrigets b\u00f6rjan h\u00f6lls f\u00e5ngna i tre olika l\u00e4ger skulle avr\u00e4ttas tillsammans med ytterligare 11 000 polska f\u00e5ngar. Avr\u00e4ttningarna, som inleddes i april, skedde genom nackskott. Det symboliska namnet f\u00f6r dessa mord har blivit \u201dKatyn\u201d det skogsomr\u00e5de utanf\u00f6r Smolensk d\u00e4r en tredjedel av officerarna avr\u00e4ttades. Senare under kriget h\u00e4vdade Stalin att morden beg\u00e5tts av Tyskland, som invaderade Smolensk-omr\u00e5det. Stalins l\u00f6gn om morden i Katyn blev till en av de mest omhuldade och seglivade l\u00f6gnerna i det kommunistiska Sovjetunionen. Det dr\u00f6jde fram till 1990 innan Ryssland erk\u00e4nde att avr\u00e4ttningarna skett p\u00e5 Stalins order. D\u00e5 \u00f6verl\u00e4mnades dokumenten till den polska regeringen.<br><br><br>Medverkande:<\/p>\n\n\n\n<p><strong>Peter Johnsson<\/strong>&nbsp;har med Warszawa som fast utg\u00e5ngspunkt rapporterat f\u00f6r nordiska media om utvecklingen i Central- och \u00d6steuropa sedan b\u00f6rjan av 1980-talet.&nbsp; Hans bok Polen i historien betecknades som ett m\u00e4sterverk i Svenska Dagbladet och f\u00f6r sin bok&nbsp;<em><strong>Stalins mord i Katy\u0144<\/strong>&nbsp;<\/em>erh\u00f6ll Peter Johnsson det svenska Polonica-priset 2010. Boken \u00e4r \u00f6versatt till polska, finska och tyska.<br><br><em>Peter Johnsson \u00e4r utan tvivel en av Sveriges fr\u00e4msta k\u00e4nnare av \u00d6steuropa. Hans b\u00f6cker \u00e4r inte bara gediget k\u00e4llm\u00e4ssigt underbyggda och vilar p\u00e5 den nyaste historiska forskningen men ocks\u00e5 mycket l\u00e4ttl\u00e4sta. I Peter Johnssons b\u00f6cker framtr\u00e4der empati och engagemang f\u00f6r de folks \u00f6den som han skriver om. Dessa kvalit\u00e9er beh\u00f6vs f\u00f6r att bli en kulturtranslator av stora m\u00e5tt.<\/em>&nbsp;\u2013 Barbara T\u00f6rnquist-Plewa, professor i \u00d6st- och Centraleuropastudier Lunds universitet.<\/p>\n\n\n\n<p>Mer om boken\u00a0<a href=\"http:\/\/www.carlssonbokforlag.se\/produkt\/stalins-mord-i-katyn-och-dess-historiska-efterspel-1940-2010\" target=\"_blank\" rel=\"noreferrer noopener\">h\u00e4r<\/a>. Ny upplaga av boken kommer att finnas till f\u00f6rs\u00e4ljning till specialpris.<br><br><br>I samarbete med ABF och Svensk-Polska F\u00f6reningen i Stockholm<\/p>\n","protected":false},"excerpt":{"rendered":"<p>11 maj 2019 kl 11.00ABF StockholmSveav\u00e4gen 41, StockholmFri entr\u00e9! Den 5 mars 1940 besl\u00f6t det sovjetiska kommunistpartiets politbyr\u00e5 att 15 000 polska officerare som sedan andra v\u00e4rldskrigets b\u00f6rjan h\u00f6lls f\u00e5ngna i tre olika l\u00e4ger skulle avr\u00e4ttas tillsammans med ytterligare 11 000 polska f\u00e5ngar. Avr\u00e4ttningarna, som inleddes i april, skedde genom nackskott. Det symboliska namnet f\u00f6r [&hellip;]<\/p>\n","protected":false},"author":9,"featured_media":121,"comment_status":"open","ping_status":"open","sticky":false,"template":"","format":"standard","meta":{"inline_featured_image":false,"_monsterinsights_skip_tracking":false,"_monsterinsights_sitenote_active":false,"_monsterinsights_sitenote_note":"","_monsterinsights_sitenote_category":0,"footnotes":""},"categories":[12,111],"tags":[],"class_list":["post-120","post","type-post","status-publish","format-standard","has-post-thumbnail","hentry","category-evenemang","category-historia-se"],"yoast_head":"<!-- This site is optimized with the Yoast SEO plugin v24.6 - https:\/\/yoast.com\/wordpress\/plugins\/seo\/ -->\n<title>Peter Johnsson &quot;Katy\u0144 - ett brott mot folkr\u00e4tten\u201d - Instytut Polski w Sztokholmie<\/title>\n<meta name=\"robots\" content=\"index, follow, max-snippet:-1, max-image-preview:large, max-video-preview:-1\" \/>\n<link rel=\"canonical\" href=\"https:\/\/instytutpolski.pl\/stockholm\/2019\/06\/05\/peter-johnsson-katyn-ett-brott-mot-folkratten\/\" \/>\n<meta property=\"og:locale\" content=\"pl_PL\" \/>\n<meta property=\"og:type\" content=\"article\" \/>\n<meta property=\"og:title\" content=\"Peter Johnsson &quot;Katy\u0144 - ett brott mot folkr\u00e4tten\u201d - Instytut Polski w Sztokholmie\" \/>\n<meta property=\"og:description\" content=\"11 maj 2019 kl 11.00ABF StockholmSveav\u00e4gen 41, StockholmFri entr\u00e9! Den 5 mars 1940 besl\u00f6t det sovjetiska kommunistpartiets politbyr\u00e5 att 15 000 polska officerare som sedan andra v\u00e4rldskrigets b\u00f6rjan h\u00f6lls f\u00e5ngna i tre olika l\u00e4ger skulle avr\u00e4ttas tillsammans med ytterligare 11 000 polska f\u00e5ngar. Avr\u00e4ttningarna, som inleddes i april, skedde genom nackskott. Det symboliska namnet f\u00f6r [&hellip;]\" \/>\n<meta property=\"og:url\" content=\"https:\/\/instytutpolski.pl\/stockholm\/2019\/06\/05\/peter-johnsson-katyn-ett-brott-mot-folkratten\/\" \/>\n<meta property=\"og:site_name\" content=\"Instytut Polski w Sztokholmie\" \/>\n<meta property=\"article:published_time\" content=\"2019-06-05T11:36:25+00:00\" \/>\n<meta property=\"article:modified_time\" content=\"2022-04-07T12:13:41+00:00\" \/>\n<meta property=\"og:image\" content=\"https:\/\/instytutpolski.pl\/stockholm\/wp-content\/uploads\/sites\/17\/2019\/06\/katyn_peter-johnsson_2.jpg\" \/>\n\t<meta property=\"og:image:width\" content=\"564\" \/>\n\t<meta property=\"og:image:height\" content=\"268\" \/>\n\t<meta property=\"og:image:type\" content=\"image\/jpeg\" \/>\n<meta name=\"twitter:card\" content=\"summary_large_image\" \/>\n<meta name=\"twitter:label1\" content=\"Napisane przez\" \/>\n\t<meta name=\"twitter:data1\" content=\"\" \/>\n\t<meta name=\"twitter:label2\" content=\"Szacowany czas czytania\" \/>\n\t<meta name=\"twitter:data2\" content=\"2 minuty\" \/>\n<script type=\"application\/ld+json\" class=\"yoast-schema-graph\">{\"@context\":\"https:\/\/schema.org\",\"@graph\":[{\"@type\":\"event\",\"@id\":\"https:\/\/instytutpolski.pl\/stockholm\/2019\/06\/05\/peter-johnsson-katyn-ett-brott-mot-folkratten\/\",\"url\":\"https:\/\/instytutpolski.pl\/stockholm\/2019\/06\/05\/peter-johnsson-katyn-ett-brott-mot-folkratten\/\",\"name\":\"Peter Johnsson \\\"Katy\u0144 - ett brott mot folkr\u00e4tten\u201d\",\"isPartOf\":{\"@id\":\"https:\/\/instytutpolski.pl\/stockholm\/#website\"},\"primaryImageOfPage\":{\"@id\":\"https:\/\/instytutpolski.pl\/stockholm\/2019\/06\/05\/peter-johnsson-katyn-ett-brott-mot-folkratten\/#primaryimage\"},\"image\":[\"https:\/\/instytutpolski.pl\/stockholm\/wp-content\/uploads\/sites\/17\/2019\/06\/katyn_peter-johnsson_2.jpg\",\"https:\/\/instytutpolski.pl\/stockholm\/wp-content\/uploads\/sites\/17\/2019\/06\/katyn_peter-johnsson_2-300x143.jpg\",\"https:\/\/instytutpolski.pl\/stockholm\/wp-content\/uploads\/sites\/17\/2019\/06\/katyn_peter-johnsson_2.jpg\",\"https:\/\/instytutpolski.pl\/stockholm\/wp-content\/uploads\/sites\/17\/2019\/06\/katyn_peter-johnsson_2.jpg\"],\"thumbnailUrl\":\"https:\/\/instytutpolski.pl\/stockholm\/wp-content\/uploads\/sites\/17\/2019\/06\/katyn_peter-johnsson_2.jpg\",\"datePublished\":\"2019-06-05T11:36:25+02:00\",\"dateModified\":\"2022-04-07T12:13:41+02:00\",\"author\":{\"@id\":\"\"},\"breadcrumb\":{\"@id\":\"https:\/\/instytutpolski.pl\/stockholm\/2019\/06\/05\/peter-johnsson-katyn-ett-brott-mot-folkratten\/#breadcrumb\"},\"inLanguage\":\"pl-PL\",\"potentialAction\":[{\"@type\":\"ReadAction\",\"target\":[\"https:\/\/instytutpolski.pl\/stockholm\/2019\/06\/05\/peter-johnsson-katyn-ett-brott-mot-folkratten\/\"]}],\"@context\":\"https:\/\/schema.org\",\"startDate\":\"2019-05-11\",\"endDate\":\"2019-05-11\",\"eventStatus\":\"EventScheduled\",\"eventAttendanceMode\":\"OfflineEventAttendanceMode\",\"location\":{\"@type\":\"place\",\"name\":\"\",\"address\":\"\",\"geo\":{\"@type\":\"GeoCoordinates\",\"latitude\":\"\",\"longitude\":\"\"}},\"description\":\"11 maj 2019 kl 11.00ABF StockholmSveav\u00e4gen 41, StockholmFri entr\u00e9!Den 5 mars 1940 besl\u00f6t det sovjetiska kommunistpartiets politbyr\u00e5 att 15 000 polska officerare som sedan andra v\u00e4rldskrigets b\u00f6rjan h\u00f6lls f\u00e5ngna i tre olika l\u00e4ger skulle avr\u00e4ttas tillsammans med ytterligare 11 000 polska f\u00e5ngar. Avr\u00e4ttningarna, som inleddes i april, skedde genom nackskott. Det symboliska namnet f\u00f6r dessa mord har blivit \u201dKatyn\u201d det skogsomr\u00e5de utanf\u00f6r Smolensk d\u00e4r en tredjedel av officerarna avr\u00e4ttades. Senare under kriget h\u00e4vdade Stalin att morden beg\u00e5tts av Tyskland, som invaderade Smolensk-omr\u00e5det. Stalins l\u00f6gn om morden i Katyn blev till en av de mest omhuldade och seglivade l\u00f6gnerna i det kommunistiska Sovjetunionen. Det dr\u00f6jde fram till 1990 innan Ryssland erk\u00e4nde att avr\u00e4ttningarna skett p\u00e5 Stalins order. D\u00e5 \u00f6verl\u00e4mnades dokumenten till den polska regeringen.Medverkande:\\nPeter Johnsson har med Warszawa som fast utg\u00e5ngspunkt rapporterat f\u00f6r nordiska media om utvecklingen i Central- och \u00d6steuropa sedan b\u00f6rjan av 1980-talet.  Hans bok Polen i historien betecknades som ett m\u00e4sterverk i Svenska Dagbladet och f\u00f6r sin bok Stalins mord i Katy\u0144 erh\u00f6ll Peter Johnsson det svenska Polonica-priset 2010. Boken \u00e4r \u00f6versatt till polska, finska och tyska.Peter Johnsson \u00e4r utan tvivel en av Sveriges fr\u00e4msta k\u00e4nnare av \u00d6steuropa. Hans b\u00f6cker \u00e4r inte bara gediget k\u00e4llm\u00e4ssigt underbyggda och vilar p\u00e5 den nyaste historiska forskningen men ocks\u00e5 mycket l\u00e4ttl\u00e4sta. I Peter Johnssons b\u00f6cker framtr\u00e4der empati och engagemang f\u00f6r de folks \u00f6den som han skriver om. Dessa kvalit\u00e9er beh\u00f6vs f\u00f6r att bli en kulturtranslator av stora m\u00e5tt. \u2013 Barbara T\u00f6rnquist-Plewa, professor i \u00d6st- och Centraleuropastudier Lunds universitet.\\nMer om boken\u00a0h\u00e4r. Ny upplaga av boken kommer att finnas till f\u00f6rs\u00e4ljning till specialpris.I samarbete med ABF och Svensk-Polska F\u00f6reningen i Stockholm\"},{\"@type\":\"ImageObject\",\"inLanguage\":\"pl-PL\",\"@id\":\"https:\/\/instytutpolski.pl\/stockholm\/2019\/06\/05\/peter-johnsson-katyn-ett-brott-mot-folkratten\/#primaryimage\",\"url\":\"https:\/\/instytutpolski.pl\/stockholm\/wp-content\/uploads\/sites\/17\/2019\/06\/katyn_peter-johnsson_2.jpg\",\"contentUrl\":\"https:\/\/instytutpolski.pl\/stockholm\/wp-content\/uploads\/sites\/17\/2019\/06\/katyn_peter-johnsson_2.jpg\",\"width\":564,\"height\":268},{\"@type\":\"BreadcrumbList\",\"@id\":\"https:\/\/instytutpolski.pl\/stockholm\/2019\/06\/05\/peter-johnsson-katyn-ett-brott-mot-folkratten\/#breadcrumb\",\"itemListElement\":[{\"@type\":\"ListItem\",\"position\":1,\"name\":\"Home\",\"item\":\"https:\/\/instytutpolski.pl\/stockholm\/\"},{\"@type\":\"ListItem\",\"position\":2,\"name\":\"Peter Johnsson &#8221;Katy\u0144 &#8211; ett brott mot folkr\u00e4tten\u201d\"}]},{\"@type\":\"WebSite\",\"@id\":\"https:\/\/instytutpolski.pl\/stockholm\/#website\",\"url\":\"https:\/\/instytutpolski.pl\/stockholm\/\",\"name\":\"Instytut Polski w Sztokholmie\",\"description\":\"Instytuty Polskie\",\"potentialAction\":[{\"@type\":\"SearchAction\",\"target\":{\"@type\":\"EntryPoint\",\"urlTemplate\":\"https:\/\/instytutpolski.pl\/stockholm\/?s={search_term_string}\"},\"query-input\":{\"@type\":\"PropertyValueSpecification\",\"valueRequired\":true,\"valueName\":\"search_term_string\"}}],\"inLanguage\":\"pl-PL\"},{\"@type\":\"Person\",\"@id\":\"\",\"url\":\"https:\/\/instytutpolski.pl\/stockholm\/author\/\"}]}<\/script>\n<!-- \/ Yoast SEO plugin. -->","yoast_head_json":{"title":"Peter Johnsson \"Katy\u0144 - ett brott mot folkr\u00e4tten\u201d - Instytut Polski w Sztokholmie","robots":{"index":"index","follow":"follow","max-snippet":"max-snippet:-1","max-image-preview":"max-image-preview:large","max-video-preview":"max-video-preview:-1"},"canonical":"https:\/\/instytutpolski.pl\/stockholm\/2019\/06\/05\/peter-johnsson-katyn-ett-brott-mot-folkratten\/","og_locale":"pl_PL","og_type":"article","og_title":"Peter Johnsson \"Katy\u0144 - ett brott mot folkr\u00e4tten\u201d - Instytut Polski w Sztokholmie","og_description":"11 maj 2019 kl 11.00ABF StockholmSveav\u00e4gen 41, StockholmFri entr\u00e9! Den 5 mars 1940 besl\u00f6t det sovjetiska kommunistpartiets politbyr\u00e5 att 15 000 polska officerare som sedan andra v\u00e4rldskrigets b\u00f6rjan h\u00f6lls f\u00e5ngna i tre olika l\u00e4ger skulle avr\u00e4ttas tillsammans med ytterligare 11 000 polska f\u00e5ngar. Avr\u00e4ttningarna, som inleddes i april, skedde genom nackskott. Det symboliska namnet f\u00f6r [&hellip;]","og_url":"https:\/\/instytutpolski.pl\/stockholm\/2019\/06\/05\/peter-johnsson-katyn-ett-brott-mot-folkratten\/","og_site_name":"Instytut Polski w Sztokholmie","article_published_time":"2019-06-05T11:36:25+00:00","article_modified_time":"2022-04-07T12:13:41+00:00","og_image":[{"width":564,"height":268,"url":"https:\/\/instytutpolski.pl\/stockholm\/wp-content\/uploads\/sites\/17\/2019\/06\/katyn_peter-johnsson_2.jpg","type":"image\/jpeg"}],"twitter_card":"summary_large_image","twitter_misc":{"Napisane przez":"","Szacowany czas czytania":"2 minuty"},"schema":{"@context":"https:\/\/schema.org","@graph":[{"@type":"event","@id":"https:\/\/instytutpolski.pl\/stockholm\/2019\/06\/05\/peter-johnsson-katyn-ett-brott-mot-folkratten\/","url":"https:\/\/instytutpolski.pl\/stockholm\/2019\/06\/05\/peter-johnsson-katyn-ett-brott-mot-folkratten\/","name":"Peter Johnsson \"Katy\u0144 - ett brott mot folkr\u00e4tten\u201d","isPartOf":{"@id":"https:\/\/instytutpolski.pl\/stockholm\/#website"},"primaryImageOfPage":{"@id":"https:\/\/instytutpolski.pl\/stockholm\/2019\/06\/05\/peter-johnsson-katyn-ett-brott-mot-folkratten\/#primaryimage"},"image":["https:\/\/instytutpolski.pl\/stockholm\/wp-content\/uploads\/sites\/17\/2019\/06\/katyn_peter-johnsson_2.jpg","https:\/\/instytutpolski.pl\/stockholm\/wp-content\/uploads\/sites\/17\/2019\/06\/katyn_peter-johnsson_2-300x143.jpg","https:\/\/instytutpolski.pl\/stockholm\/wp-content\/uploads\/sites\/17\/2019\/06\/katyn_peter-johnsson_2.jpg","https:\/\/instytutpolski.pl\/stockholm\/wp-content\/uploads\/sites\/17\/2019\/06\/katyn_peter-johnsson_2.jpg"],"thumbnailUrl":"https:\/\/instytutpolski.pl\/stockholm\/wp-content\/uploads\/sites\/17\/2019\/06\/katyn_peter-johnsson_2.jpg","datePublished":"2019-06-05T11:36:25+02:00","dateModified":"2022-04-07T12:13:41+02:00","author":{"@id":""},"breadcrumb":{"@id":"https:\/\/instytutpolski.pl\/stockholm\/2019\/06\/05\/peter-johnsson-katyn-ett-brott-mot-folkratten\/#breadcrumb"},"inLanguage":"pl-PL","potentialAction":[{"@type":"ReadAction","target":["https:\/\/instytutpolski.pl\/stockholm\/2019\/06\/05\/peter-johnsson-katyn-ett-brott-mot-folkratten\/"]}],"@context":"https:\/\/schema.org","startDate":"2019-05-11","endDate":"2019-05-11","eventStatus":"EventScheduled","eventAttendanceMode":"OfflineEventAttendanceMode","location":{"@type":"place","name":"","address":"","geo":{"@type":"GeoCoordinates","latitude":"","longitude":""}},"description":"11 maj 2019 kl 11.00ABF StockholmSveav\u00e4gen 41, StockholmFri entr\u00e9!Den 5 mars 1940 besl\u00f6t det sovjetiska kommunistpartiets politbyr\u00e5 att 15 000 polska officerare som sedan andra v\u00e4rldskrigets b\u00f6rjan h\u00f6lls f\u00e5ngna i tre olika l\u00e4ger skulle avr\u00e4ttas tillsammans med ytterligare 11 000 polska f\u00e5ngar. Avr\u00e4ttningarna, som inleddes i april, skedde genom nackskott. Det symboliska namnet f\u00f6r dessa mord har blivit \u201dKatyn\u201d det skogsomr\u00e5de utanf\u00f6r Smolensk d\u00e4r en tredjedel av officerarna avr\u00e4ttades. Senare under kriget h\u00e4vdade Stalin att morden beg\u00e5tts av Tyskland, som invaderade Smolensk-omr\u00e5det. Stalins l\u00f6gn om morden i Katyn blev till en av de mest omhuldade och seglivade l\u00f6gnerna i det kommunistiska Sovjetunionen. Det dr\u00f6jde fram till 1990 innan Ryssland erk\u00e4nde att avr\u00e4ttningarna skett p\u00e5 Stalins order. D\u00e5 \u00f6verl\u00e4mnades dokumenten till den polska regeringen.Medverkande:\nPeter Johnsson har med Warszawa som fast utg\u00e5ngspunkt rapporterat f\u00f6r nordiska media om utvecklingen i Central- och \u00d6steuropa sedan b\u00f6rjan av 1980-talet.  Hans bok Polen i historien betecknades som ett m\u00e4sterverk i Svenska Dagbladet och f\u00f6r sin bok Stalins mord i Katy\u0144 erh\u00f6ll Peter Johnsson det svenska Polonica-priset 2010. Boken \u00e4r \u00f6versatt till polska, finska och tyska.Peter Johnsson \u00e4r utan tvivel en av Sveriges fr\u00e4msta k\u00e4nnare av \u00d6steuropa. Hans b\u00f6cker \u00e4r inte bara gediget k\u00e4llm\u00e4ssigt underbyggda och vilar p\u00e5 den nyaste historiska forskningen men ocks\u00e5 mycket l\u00e4ttl\u00e4sta. I Peter Johnssons b\u00f6cker framtr\u00e4der empati och engagemang f\u00f6r de folks \u00f6den som han skriver om. Dessa kvalit\u00e9er beh\u00f6vs f\u00f6r att bli en kulturtranslator av stora m\u00e5tt. \u2013 Barbara T\u00f6rnquist-Plewa, professor i \u00d6st- och Centraleuropastudier Lunds universitet.\nMer om boken\u00a0h\u00e4r. Ny upplaga av boken kommer att finnas till f\u00f6rs\u00e4ljning till specialpris.I samarbete med ABF och Svensk-Polska F\u00f6reningen i Stockholm"},{"@type":"ImageObject","inLanguage":"pl-PL","@id":"https:\/\/instytutpolski.pl\/stockholm\/2019\/06\/05\/peter-johnsson-katyn-ett-brott-mot-folkratten\/#primaryimage","url":"https:\/\/instytutpolski.pl\/stockholm\/wp-content\/uploads\/sites\/17\/2019\/06\/katyn_peter-johnsson_2.jpg","contentUrl":"https:\/\/instytutpolski.pl\/stockholm\/wp-content\/uploads\/sites\/17\/2019\/06\/katyn_peter-johnsson_2.jpg","width":564,"height":268},{"@type":"BreadcrumbList","@id":"https:\/\/instytutpolski.pl\/stockholm\/2019\/06\/05\/peter-johnsson-katyn-ett-brott-mot-folkratten\/#breadcrumb","itemListElement":[{"@type":"ListItem","position":1,"name":"Home","item":"https:\/\/instytutpolski.pl\/stockholm\/"},{"@type":"ListItem","position":2,"name":"Peter Johnsson &#8221;Katy\u0144 &#8211; ett brott mot folkr\u00e4tten\u201d"}]},{"@type":"WebSite","@id":"https:\/\/instytutpolski.pl\/stockholm\/#website","url":"https:\/\/instytutpolski.pl\/stockholm\/","name":"Instytut Polski w Sztokholmie","description":"Instytuty Polskie","potentialAction":[{"@type":"SearchAction","target":{"@type":"EntryPoint","urlTemplate":"https:\/\/instytutpolski.pl\/stockholm\/?s={search_term_string}"},"query-input":{"@type":"PropertyValueSpecification","valueRequired":true,"valueName":"search_term_string"}}],"inLanguage":"pl-PL"},{"@type":"Person","@id":"","url":"https:\/\/instytutpolski.pl\/stockholm\/author\/"}]}},"_links":{"self":[{"href":"https:\/\/instytutpolski.pl\/stockholm\/wp-json\/wp\/v2\/posts\/120","targetHints":{"allow":["GET"]}}],"collection":[{"href":"https:\/\/instytutpolski.pl\/stockholm\/wp-json\/wp\/v2\/posts"}],"about":[{"href":"https:\/\/instytutpolski.pl\/stockholm\/wp-json\/wp\/v2\/types\/post"}],"author":[{"embeddable":true,"href":"https:\/\/instytutpolski.pl\/stockholm\/wp-json\/wp\/v2\/users\/9"}],"replies":[{"embeddable":true,"href":"https:\/\/instytutpolski.pl\/stockholm\/wp-json\/wp\/v2\/comments?post=120"}],"version-history":[{"count":2,"href":"https:\/\/instytutpolski.pl\/stockholm\/wp-json\/wp\/v2\/posts\/120\/revisions"}],"predecessor-version":[{"id":8197,"href":"https:\/\/instytutpolski.pl\/stockholm\/wp-json\/wp\/v2\/posts\/120\/revisions\/8197"}],"wp:featuredmedia":[{"embeddable":true,"href":"https:\/\/instytutpolski.pl\/stockholm\/wp-json\/wp\/v2\/media\/121"}],"wp:attachment":[{"href":"https:\/\/instytutpolski.pl\/stockholm\/wp-json\/wp\/v2\/media?parent=120"}],"wp:term":[{"taxonomy":"category","embeddable":true,"href":"https:\/\/instytutpolski.pl\/stockholm\/wp-json\/wp\/v2\/categories?post=120"},{"taxonomy":"post_tag","embeddable":true,"href":"https:\/\/instytutpolski.pl\/stockholm\/wp-json\/wp\/v2\/tags?post=120"}],"curies":[{"name":"wp","href":"https:\/\/api.w.org\/{rel}","templated":true}]}}