{"id":1201,"date":"2019-09-20T15:39:12","date_gmt":"2019-09-20T13:39:12","guid":{"rendered":"https:\/\/instytutpolski.pl\/stockholm\/?p=1201"},"modified":"2019-10-30T15:41:02","modified_gmt":"2019-10-30T14:41:02","slug":"europejski-dzien-jezykow-w-sztokholmie","status":"publish","type":"post","link":"https:\/\/instytutpolski.pl\/stockholm\/pl\/2019\/09\/20\/europejski-dzien-jezykow-w-sztokholmie\/","title":{"rendered":"Europejski Dzie\u0144 J\u0119zyk\u00f3w w Sztokholmie"},"content":{"rendered":"\n<div class=\"field\">\n<p>W ramach Dnia J\u0119zyk\u00f3w w Sztokholmie wsp\u00f3\u0142pracuje wiele instytut\u00f3w i organizacji europejskich, wsp\u00f3lnie organizuj\u0105cych kafejk\u0119 oraz konkurs po\u015bwi\u0119cony j\u0119zykom obcym.<br \/><br \/><strong>KAFEJKA J\u0118ZYKOWA<\/strong><\/p>\n<p>W Sztokholmie, jak co roku, Europejski Dzie\u0144 J\u0119zyk\u00f3w obchodzony b\u0119dzie w formie zorganizowanej dla szk\u00f3\u0142 podstawowych i \u015brednich kafejki j\u0119zykowej, maj\u0105cej miejsce w Europahuset. W tym roku, kafejka odb\u0119dzie si\u0119 we wtorek, 24 wrze\u015bnia, w godzinach 9-15. <br \/>Jest to \u015bwietna okazja do poznania nowych j\u0119zyk\u00f3w! W ramach kafejki b\u0119dzie mo\u017cliwo\u015b\u0107\u00a0 odwiedzenia stoisk takich j\u0119zyk\u00f3w jak m.in. hiszpa\u0144ski, esto\u0144ski, czeski, francuski, niemiecki czy j\u0119zyk migowy. <br \/>Wymagana jest wcze\u015bniejsza rejestracja.<br \/><strong><br \/>KONKURS 2019: STW\u00d3RZ W\u0141ASNY MEM O TEMATYCE J\u0118ZYK\u00d3W EUROPEJSKICH!<\/strong><\/p>\n<p>Konkurs skierowany jest do uczni\u00f3w szwedzkich szk\u00f3\u0142 podstawowych i szk\u00f3\u0142 \u015brednich. Polega na stworzeniu tzw. mema w jednym z nast\u0119puj\u0105cych j\u0119zyk\u00f3w: bu\u0142garski, du\u0144ski, esperanto, esto\u0144ski, fi\u0144ski, francuski, farerski, gruzi\u0144ski, grecki, irlandzki, islandzki, w\u0142oski, jidysz, chorwacki, \u0142otewski, litewski, malta\u0144ski, me\u00e4nkieli, holenderski, norweski, polski, portugalski , rumu\u0144ski, rumu\u0144ski, lapo\u0144ski, s\u0142owacki, s\u0142owe\u0144ski, hiszpa\u0144ski, szwedzki j\u0119zyk migowy, czeski, niemiecki i w\u0119gierski.<br \/>Pierwsza nagroda to wycieczka j\u0119zykowa!<br \/><strong><br \/>\u015aWI\u0118TUJ DZIE\u0143 J\u0118ZYK\u00d3W W SWOJEJ SZKOLE!<\/strong><\/p>\n<p>Europejski Dzie\u0144 J\u0119zyk\u00f3w nie ogranicza si\u0119 do wydarze\u0144 organizowanych w Europahuset! I Ty mo\u017cesz \u015bwi\u0119towa\u0107 ten dzie\u0144 w swojej szkole! <br \/>Stw\u00f3rz\u00a0 w\u0142asn\u0105 kafejk\u0119 j\u0119zykow\u0105, lekcje gotowania tradycyjnych dla danego kraju potraw, zorganizuj wyk\u0142ad, pokaz filmowy czy konkurs po\u015bwi\u0119cony j\u0119zykom obcym. Granic\u0105 jest tu jedynie Twoja wyobra\u017ania!<br \/><br \/><br \/>Wi\u0119cej o Europejskim Dniu J\u0119zyk\u00f3w <a href=\"https:\/\/ec.europa.eu\/sweden\/education\/sprakdagen_sv\" target=\"_blank\" rel=\"noopener noreferrer\">tutaj<\/a>.<br \/><br \/>Organizacje wsp\u00f3\u0142pracuj\u0105ce w ramach Europejskiego Dnia J\u0119zyk\u00f3w:<\/p>\n<p><img loading=\"lazy\" decoding=\"async\" src=\"https:\/\/www.polskainstitutet.se\/repository\/EDL_logotypes 1.jpg\" alt=\"\" width=\"400\" height=\"173\" \/><\/p>\n<p><img loading=\"lazy\" decoding=\"async\" src=\"https:\/\/www.polskainstitutet.se\/repository\/EDL_logotypes 2.png\" alt=\"\" width=\"400\" height=\"272\" \/><\/p>\n<\/div>\n","protected":false},"excerpt":{"rendered":"<p>W ramach Dnia J\u0119zyk\u00f3w w Sztokholmie wsp\u00f3\u0142pracuje wiele instytut\u00f3w i organizacji europejskich, wsp\u00f3lnie organizuj\u0105cych kafejk\u0119 oraz konkurs po\u015bwi\u0119cony j\u0119zykom obcym. KAFEJKA J\u0118ZYKOWA W Sztokholmie, jak co roku, Europejski Dzie\u0144 J\u0119zyk\u00f3w obchodzony b\u0119dzie w formie zorganizowanej dla szk\u00f3\u0142 podstawowych i \u015brednich kafejki j\u0119zykowej, maj\u0105cej miejsce w Europahuset. W tym roku, kafejka odb\u0119dzie si\u0119 we wtorek, 24 [&hellip;]<\/p>\n","protected":false},"author":29,"featured_media":1199,"comment_status":"open","ping_status":"open","sticky":false,"template":"","format":"standard","meta":{"inline_featured_image":false,"_monsterinsights_skip_tracking":false,"_monsterinsights_sitenote_active":false,"_monsterinsights_sitenote_note":"","_monsterinsights_sitenote_category":0,"footnotes":""},"categories":[228,36],"tags":[],"class_list":["post-1201","post","type-post","status-publish","format-standard","has-post-thumbnail","hentry","category-jezyk","category-wydarzenie"],"yoast_head":"<!-- This site is optimized with the Yoast SEO plugin v24.6 - https:\/\/yoast.com\/wordpress\/plugins\/seo\/ -->\n<title>Europejski Dzie\u0144 J\u0119zyk\u00f3w w Sztokholmie - Instytut Polski w Sztokholmie<\/title>\n<meta name=\"robots\" content=\"index, follow, max-snippet:-1, max-image-preview:large, max-video-preview:-1\" \/>\n<link rel=\"canonical\" href=\"https:\/\/instytutpolski.pl\/stockholm\/pl\/2019\/09\/20\/europejski-dzien-jezykow-w-sztokholmie\/\" \/>\n<meta property=\"og:locale\" content=\"pl_PL\" \/>\n<meta property=\"og:type\" content=\"article\" \/>\n<meta property=\"og:title\" content=\"Europejski Dzie\u0144 J\u0119zyk\u00f3w w Sztokholmie - Instytut Polski w Sztokholmie\" \/>\n<meta property=\"og:description\" content=\"W ramach Dnia J\u0119zyk\u00f3w w Sztokholmie wsp\u00f3\u0142pracuje wiele instytut\u00f3w i organizacji europejskich, wsp\u00f3lnie organizuj\u0105cych kafejk\u0119 oraz konkurs po\u015bwi\u0119cony j\u0119zykom obcym. KAFEJKA J\u0118ZYKOWA W Sztokholmie, jak co roku, Europejski Dzie\u0144 J\u0119zyk\u00f3w obchodzony b\u0119dzie w formie zorganizowanej dla szk\u00f3\u0142 podstawowych i \u015brednich kafejki j\u0119zykowej, maj\u0105cej miejsce w Europahuset. W tym roku, kafejka odb\u0119dzie si\u0119 we wtorek, 24 [&hellip;]\" \/>\n<meta property=\"og:url\" content=\"https:\/\/instytutpolski.pl\/stockholm\/pl\/2019\/09\/20\/europejski-dzien-jezykow-w-sztokholmie\/\" \/>\n<meta property=\"og:site_name\" content=\"Instytut Polski w Sztokholmie\" \/>\n<meta property=\"article:published_time\" content=\"2019-09-20T13:39:12+00:00\" \/>\n<meta property=\"article:modified_time\" content=\"2019-10-30T14:41:02+00:00\" \/>\n<meta property=\"og:image\" content=\"https:\/\/instytutpolski.pl\/stockholm\/wp-content\/uploads\/sites\/17\/2019\/10\/Europejski-Dzien-Jezykow.jpg\" \/>\n\t<meta property=\"og:image:width\" content=\"1083\" \/>\n\t<meta property=\"og:image:height\" content=\"609\" \/>\n\t<meta property=\"og:image:type\" content=\"image\/jpeg\" \/>\n<meta name=\"author\" content=\"strozniake\" \/>\n<meta name=\"twitter:card\" content=\"summary_large_image\" \/>\n<meta name=\"twitter:label1\" content=\"Napisane przez\" \/>\n\t<meta name=\"twitter:data1\" content=\"strozniake\" \/>\n\t<meta name=\"twitter:label2\" content=\"Szacowany czas czytania\" \/>\n\t<meta name=\"twitter:data2\" content=\"2 minuty\" \/>\n<script type=\"application\/ld+json\" class=\"yoast-schema-graph\">{\"@context\":\"https:\/\/schema.org\",\"@graph\":[{\"@type\":\"event\",\"@id\":\"https:\/\/instytutpolski.pl\/stockholm\/pl\/2019\/09\/20\/europejski-dzien-jezykow-w-sztokholmie\/\",\"url\":\"https:\/\/instytutpolski.pl\/stockholm\/pl\/2019\/09\/20\/europejski-dzien-jezykow-w-sztokholmie\/\",\"name\":\"Europejski Dzie\u0144 J\u0119zyk\u00f3w w Sztokholmie\",\"isPartOf\":{\"@id\":\"https:\/\/instytutpolski.pl\/stockholm\/#website\"},\"primaryImageOfPage\":{\"@id\":\"https:\/\/instytutpolski.pl\/stockholm\/pl\/2019\/09\/20\/europejski-dzien-jezykow-w-sztokholmie\/#primaryimage\"},\"image\":[\"https:\/\/instytutpolski.pl\/stockholm\/wp-content\/uploads\/sites\/17\/2019\/10\/Europejski-Dzien-Jezykow.jpg\",\"https:\/\/instytutpolski.pl\/stockholm\/wp-content\/uploads\/sites\/17\/2019\/10\/Europejski-Dzien-Jezykow-300x169.jpg\",\"https:\/\/instytutpolski.pl\/stockholm\/wp-content\/uploads\/sites\/17\/2019\/10\/Europejski-Dzien-Jezykow-1024x576.jpg\",\"https:\/\/instytutpolski.pl\/stockholm\/wp-content\/uploads\/sites\/17\/2019\/10\/Europejski-Dzien-Jezykow.jpg\"],\"thumbnailUrl\":\"https:\/\/instytutpolski.pl\/stockholm\/wp-content\/uploads\/sites\/17\/2019\/10\/Europejski-Dzien-Jezykow.jpg\",\"datePublished\":\"2019-09-20T13:39:12+02:00\",\"dateModified\":\"2019-10-30T14:41:02+02:00\",\"author\":{\"@id\":\"https:\/\/instytutpolski.pl\/stockholm\/#\/schema\/person\/062b5a5f61f32b17c98996975db8d556\"},\"breadcrumb\":{\"@id\":\"https:\/\/instytutpolski.pl\/stockholm\/pl\/2019\/09\/20\/europejski-dzien-jezykow-w-sztokholmie\/#breadcrumb\"},\"inLanguage\":\"pl-PL\",\"potentialAction\":[{\"@type\":\"ReadAction\",\"target\":[\"https:\/\/instytutpolski.pl\/stockholm\/pl\/2019\/09\/20\/europejski-dzien-jezykow-w-sztokholmie\/\"]}],\"@context\":\"https:\/\/schema.org\",\"startDate\":\"2019-09-24T09:00:00+02:00\",\"endDate\":\"2019-09-24T03:00:00+02:00\",\"eventStatus\":\"EventScheduled\",\"eventAttendanceMode\":\"OfflineEventAttendanceMode\",\"location\":{\"@type\":\"place\",\"name\":\"Europahuset, Regeringsgatan 65, Stockholm\",\"address\":\"Europahuset, Regeringsgatan 65, Stockholm\",\"geo\":{\"@type\":\"GeoCoordinates\",\"latitude\":\"59.339952129372335\",\"longitude\":\"18.05565531744077\"}},\"description\":\"W ramach Dnia J\u0119zyk\u00f3w w Sztokholmie wsp\u00f3\u0142pracuje wiele instytut\u00f3w i organizacji europejskich, wsp\u00f3lnie organizuj\u0105cych kafejk\u0119 oraz konkurs po\u015bwi\u0119cony j\u0119zykom obcym.KAFEJKA J\u0118ZYKOWA\\nW Sztokholmie, jak co roku, Europejski Dzie\u0144 J\u0119zyk\u00f3w obchodzony b\u0119dzie w formie zorganizowanej dla szk\u00f3\u0142 podstawowych i \u015brednich kafejki j\u0119zykowej, maj\u0105cej miejsce w Europahuset. W tym roku, kafejka odb\u0119dzie si\u0119 we wtorek, 24 wrze\u015bnia, w godzinach 9-15. Jest to \u015bwietna okazja do poznania nowych j\u0119zyk\u00f3w! W ramach kafejki b\u0119dzie mo\u017cliwo\u015b\u0107\u00a0 odwiedzenia stoisk takich j\u0119zyk\u00f3w jak m.in. hiszpa\u0144ski, esto\u0144ski, czeski, francuski, niemiecki czy j\u0119zyk migowy. Wymagana jest wcze\u015bniejsza rejestracja.KONKURS 2019: STW\u00d3RZ W\u0141ASNY MEM O TEMATYCE J\u0118ZYK\u00d3W EUROPEJSKICH!\\nKonkurs skierowany jest do uczni\u00f3w szwedzkich szk\u00f3\u0142 podstawowych i szk\u00f3\u0142 \u015brednich. Polega na stworzeniu tzw. mema w jednym z nast\u0119puj\u0105cych j\u0119zyk\u00f3w: bu\u0142garski, du\u0144ski, esperanto, esto\u0144ski, fi\u0144ski, francuski, farerski, gruzi\u0144ski, grecki, irlandzki, islandzki, w\u0142oski, jidysz, chorwacki, \u0142otewski, litewski, malta\u0144ski, me\u00e4nkieli, holenderski, norweski, polski, portugalski , rumu\u0144ski, rumu\u0144ski, lapo\u0144ski, s\u0142owacki, s\u0142owe\u0144ski, hiszpa\u0144ski, szwedzki j\u0119zyk migowy, czeski, niemiecki i w\u0119gierski.Pierwsza nagroda to wycieczka j\u0119zykowa!\u015aWI\u0118TUJ DZIE\u0143 J\u0118ZYK\u00d3W W SWOJEJ SZKOLE!\\nEuropejski Dzie\u0144 J\u0119zyk\u00f3w nie ogranicza si\u0119 do wydarze\u0144 organizowanych w Europahuset! I Ty mo\u017cesz \u015bwi\u0119towa\u0107 ten dzie\u0144 w swojej szkole! Stw\u00f3rz\u00a0 w\u0142asn\u0105 kafejk\u0119 j\u0119zykow\u0105, lekcje gotowania tradycyjnych dla danego kraju potraw, zorganizuj wyk\u0142ad, pokaz filmowy czy konkurs po\u015bwi\u0119cony j\u0119zykom obcym. Granic\u0105 jest tu jedynie Twoja wyobra\u017ania!Wi\u0119cej o Europejskim Dniu J\u0119zyk\u00f3w tutaj.Organizacje wsp\u00f3\u0142pracuj\u0105ce w ramach Europejskiego Dnia J\u0119zyk\u00f3w:\"},{\"@type\":\"ImageObject\",\"inLanguage\":\"pl-PL\",\"@id\":\"https:\/\/instytutpolski.pl\/stockholm\/pl\/2019\/09\/20\/europejski-dzien-jezykow-w-sztokholmie\/#primaryimage\",\"url\":\"https:\/\/instytutpolski.pl\/stockholm\/wp-content\/uploads\/sites\/17\/2019\/10\/Europejski-Dzien-Jezykow.jpg\",\"contentUrl\":\"https:\/\/instytutpolski.pl\/stockholm\/wp-content\/uploads\/sites\/17\/2019\/10\/Europejski-Dzien-Jezykow.jpg\",\"width\":1083,\"height\":609},{\"@type\":\"BreadcrumbList\",\"@id\":\"https:\/\/instytutpolski.pl\/stockholm\/pl\/2019\/09\/20\/europejski-dzien-jezykow-w-sztokholmie\/#breadcrumb\",\"itemListElement\":[{\"@type\":\"ListItem\",\"position\":1,\"name\":\"Home\",\"item\":\"https:\/\/instytutpolski.pl\/stockholm\/\"},{\"@type\":\"ListItem\",\"position\":2,\"name\":\"Europejski Dzie\u0144 J\u0119zyk\u00f3w w Sztokholmie\"}]},{\"@type\":\"WebSite\",\"@id\":\"https:\/\/instytutpolski.pl\/stockholm\/#website\",\"url\":\"https:\/\/instytutpolski.pl\/stockholm\/\",\"name\":\"Instytut Polski w Sztokholmie\",\"description\":\"Instytuty Polskie\",\"potentialAction\":[{\"@type\":\"SearchAction\",\"target\":{\"@type\":\"EntryPoint\",\"urlTemplate\":\"https:\/\/instytutpolski.pl\/stockholm\/?s={search_term_string}\"},\"query-input\":{\"@type\":\"PropertyValueSpecification\",\"valueRequired\":true,\"valueName\":\"search_term_string\"}}],\"inLanguage\":\"pl-PL\"},{\"@type\":\"Person\",\"@id\":\"https:\/\/instytutpolski.pl\/stockholm\/#\/schema\/person\/062b5a5f61f32b17c98996975db8d556\",\"name\":\"strozniake\",\"image\":{\"@type\":\"ImageObject\",\"inLanguage\":\"pl-PL\",\"@id\":\"https:\/\/instytutpolski.pl\/stockholm\/#\/schema\/person\/image\/\",\"url\":\"https:\/\/secure.gravatar.com\/avatar\/25e0be9897787f9035155a882fde97cc?s=96&d=mm&r=g\",\"contentUrl\":\"https:\/\/secure.gravatar.com\/avatar\/25e0be9897787f9035155a882fde97cc?s=96&d=mm&r=g\",\"caption\":\"strozniake\"},\"sameAs\":[\"http:\/\/strozniake\"],\"url\":\"https:\/\/instytutpolski.pl\/stockholm\/author\/strozniake\/\"}]}<\/script>\n<!-- \/ Yoast SEO plugin. -->","yoast_head_json":{"title":"Europejski Dzie\u0144 J\u0119zyk\u00f3w w Sztokholmie - Instytut Polski w Sztokholmie","robots":{"index":"index","follow":"follow","max-snippet":"max-snippet:-1","max-image-preview":"max-image-preview:large","max-video-preview":"max-video-preview:-1"},"canonical":"https:\/\/instytutpolski.pl\/stockholm\/pl\/2019\/09\/20\/europejski-dzien-jezykow-w-sztokholmie\/","og_locale":"pl_PL","og_type":"article","og_title":"Europejski Dzie\u0144 J\u0119zyk\u00f3w w Sztokholmie - Instytut Polski w Sztokholmie","og_description":"W ramach Dnia J\u0119zyk\u00f3w w Sztokholmie wsp\u00f3\u0142pracuje wiele instytut\u00f3w i organizacji europejskich, wsp\u00f3lnie organizuj\u0105cych kafejk\u0119 oraz konkurs po\u015bwi\u0119cony j\u0119zykom obcym. KAFEJKA J\u0118ZYKOWA W Sztokholmie, jak co roku, Europejski Dzie\u0144 J\u0119zyk\u00f3w obchodzony b\u0119dzie w formie zorganizowanej dla szk\u00f3\u0142 podstawowych i \u015brednich kafejki j\u0119zykowej, maj\u0105cej miejsce w Europahuset. W tym roku, kafejka odb\u0119dzie si\u0119 we wtorek, 24 [&hellip;]","og_url":"https:\/\/instytutpolski.pl\/stockholm\/pl\/2019\/09\/20\/europejski-dzien-jezykow-w-sztokholmie\/","og_site_name":"Instytut Polski w Sztokholmie","article_published_time":"2019-09-20T13:39:12+00:00","article_modified_time":"2019-10-30T14:41:02+00:00","og_image":[{"width":1083,"height":609,"url":"https:\/\/instytutpolski.pl\/stockholm\/wp-content\/uploads\/sites\/17\/2019\/10\/Europejski-Dzien-Jezykow.jpg","type":"image\/jpeg"}],"author":"strozniake","twitter_card":"summary_large_image","twitter_misc":{"Napisane przez":"strozniake","Szacowany czas czytania":"2 minuty"},"schema":{"@context":"https:\/\/schema.org","@graph":[{"@type":"event","@id":"https:\/\/instytutpolski.pl\/stockholm\/pl\/2019\/09\/20\/europejski-dzien-jezykow-w-sztokholmie\/","url":"https:\/\/instytutpolski.pl\/stockholm\/pl\/2019\/09\/20\/europejski-dzien-jezykow-w-sztokholmie\/","name":"Europejski Dzie\u0144 J\u0119zyk\u00f3w w Sztokholmie","isPartOf":{"@id":"https:\/\/instytutpolski.pl\/stockholm\/#website"},"primaryImageOfPage":{"@id":"https:\/\/instytutpolski.pl\/stockholm\/pl\/2019\/09\/20\/europejski-dzien-jezykow-w-sztokholmie\/#primaryimage"},"image":["https:\/\/instytutpolski.pl\/stockholm\/wp-content\/uploads\/sites\/17\/2019\/10\/Europejski-Dzien-Jezykow.jpg","https:\/\/instytutpolski.pl\/stockholm\/wp-content\/uploads\/sites\/17\/2019\/10\/Europejski-Dzien-Jezykow-300x169.jpg","https:\/\/instytutpolski.pl\/stockholm\/wp-content\/uploads\/sites\/17\/2019\/10\/Europejski-Dzien-Jezykow-1024x576.jpg","https:\/\/instytutpolski.pl\/stockholm\/wp-content\/uploads\/sites\/17\/2019\/10\/Europejski-Dzien-Jezykow.jpg"],"thumbnailUrl":"https:\/\/instytutpolski.pl\/stockholm\/wp-content\/uploads\/sites\/17\/2019\/10\/Europejski-Dzien-Jezykow.jpg","datePublished":"2019-09-20T13:39:12+02:00","dateModified":"2019-10-30T14:41:02+02:00","author":{"@id":"https:\/\/instytutpolski.pl\/stockholm\/#\/schema\/person\/062b5a5f61f32b17c98996975db8d556"},"breadcrumb":{"@id":"https:\/\/instytutpolski.pl\/stockholm\/pl\/2019\/09\/20\/europejski-dzien-jezykow-w-sztokholmie\/#breadcrumb"},"inLanguage":"pl-PL","potentialAction":[{"@type":"ReadAction","target":["https:\/\/instytutpolski.pl\/stockholm\/pl\/2019\/09\/20\/europejski-dzien-jezykow-w-sztokholmie\/"]}],"@context":"https:\/\/schema.org","startDate":"2019-09-24T09:00:00+02:00","endDate":"2019-09-24T03:00:00+02:00","eventStatus":"EventScheduled","eventAttendanceMode":"OfflineEventAttendanceMode","location":{"@type":"place","name":"Europahuset, Regeringsgatan 65, Stockholm","address":"Europahuset, Regeringsgatan 65, Stockholm","geo":{"@type":"GeoCoordinates","latitude":"59.339952129372335","longitude":"18.05565531744077"}},"description":"W ramach Dnia J\u0119zyk\u00f3w w Sztokholmie wsp\u00f3\u0142pracuje wiele instytut\u00f3w i organizacji europejskich, wsp\u00f3lnie organizuj\u0105cych kafejk\u0119 oraz konkurs po\u015bwi\u0119cony j\u0119zykom obcym.KAFEJKA J\u0118ZYKOWA\nW Sztokholmie, jak co roku, Europejski Dzie\u0144 J\u0119zyk\u00f3w obchodzony b\u0119dzie w formie zorganizowanej dla szk\u00f3\u0142 podstawowych i \u015brednich kafejki j\u0119zykowej, maj\u0105cej miejsce w Europahuset. W tym roku, kafejka odb\u0119dzie si\u0119 we wtorek, 24 wrze\u015bnia, w godzinach 9-15. Jest to \u015bwietna okazja do poznania nowych j\u0119zyk\u00f3w! W ramach kafejki b\u0119dzie mo\u017cliwo\u015b\u0107\u00a0 odwiedzenia stoisk takich j\u0119zyk\u00f3w jak m.in. hiszpa\u0144ski, esto\u0144ski, czeski, francuski, niemiecki czy j\u0119zyk migowy. Wymagana jest wcze\u015bniejsza rejestracja.KONKURS 2019: STW\u00d3RZ W\u0141ASNY MEM O TEMATYCE J\u0118ZYK\u00d3W EUROPEJSKICH!\nKonkurs skierowany jest do uczni\u00f3w szwedzkich szk\u00f3\u0142 podstawowych i szk\u00f3\u0142 \u015brednich. Polega na stworzeniu tzw. mema w jednym z nast\u0119puj\u0105cych j\u0119zyk\u00f3w: bu\u0142garski, du\u0144ski, esperanto, esto\u0144ski, fi\u0144ski, francuski, farerski, gruzi\u0144ski, grecki, irlandzki, islandzki, w\u0142oski, jidysz, chorwacki, \u0142otewski, litewski, malta\u0144ski, me\u00e4nkieli, holenderski, norweski, polski, portugalski , rumu\u0144ski, rumu\u0144ski, lapo\u0144ski, s\u0142owacki, s\u0142owe\u0144ski, hiszpa\u0144ski, szwedzki j\u0119zyk migowy, czeski, niemiecki i w\u0119gierski.Pierwsza nagroda to wycieczka j\u0119zykowa!\u015aWI\u0118TUJ DZIE\u0143 J\u0118ZYK\u00d3W W SWOJEJ SZKOLE!\nEuropejski Dzie\u0144 J\u0119zyk\u00f3w nie ogranicza si\u0119 do wydarze\u0144 organizowanych w Europahuset! I Ty mo\u017cesz \u015bwi\u0119towa\u0107 ten dzie\u0144 w swojej szkole! Stw\u00f3rz\u00a0 w\u0142asn\u0105 kafejk\u0119 j\u0119zykow\u0105, lekcje gotowania tradycyjnych dla danego kraju potraw, zorganizuj wyk\u0142ad, pokaz filmowy czy konkurs po\u015bwi\u0119cony j\u0119zykom obcym. Granic\u0105 jest tu jedynie Twoja wyobra\u017ania!Wi\u0119cej o Europejskim Dniu J\u0119zyk\u00f3w tutaj.Organizacje wsp\u00f3\u0142pracuj\u0105ce w ramach Europejskiego Dnia J\u0119zyk\u00f3w:"},{"@type":"ImageObject","inLanguage":"pl-PL","@id":"https:\/\/instytutpolski.pl\/stockholm\/pl\/2019\/09\/20\/europejski-dzien-jezykow-w-sztokholmie\/#primaryimage","url":"https:\/\/instytutpolski.pl\/stockholm\/wp-content\/uploads\/sites\/17\/2019\/10\/Europejski-Dzien-Jezykow.jpg","contentUrl":"https:\/\/instytutpolski.pl\/stockholm\/wp-content\/uploads\/sites\/17\/2019\/10\/Europejski-Dzien-Jezykow.jpg","width":1083,"height":609},{"@type":"BreadcrumbList","@id":"https:\/\/instytutpolski.pl\/stockholm\/pl\/2019\/09\/20\/europejski-dzien-jezykow-w-sztokholmie\/#breadcrumb","itemListElement":[{"@type":"ListItem","position":1,"name":"Home","item":"https:\/\/instytutpolski.pl\/stockholm\/"},{"@type":"ListItem","position":2,"name":"Europejski Dzie\u0144 J\u0119zyk\u00f3w w Sztokholmie"}]},{"@type":"WebSite","@id":"https:\/\/instytutpolski.pl\/stockholm\/#website","url":"https:\/\/instytutpolski.pl\/stockholm\/","name":"Instytut Polski w Sztokholmie","description":"Instytuty Polskie","potentialAction":[{"@type":"SearchAction","target":{"@type":"EntryPoint","urlTemplate":"https:\/\/instytutpolski.pl\/stockholm\/?s={search_term_string}"},"query-input":{"@type":"PropertyValueSpecification","valueRequired":true,"valueName":"search_term_string"}}],"inLanguage":"pl-PL"},{"@type":"Person","@id":"https:\/\/instytutpolski.pl\/stockholm\/#\/schema\/person\/062b5a5f61f32b17c98996975db8d556","name":"strozniake","image":{"@type":"ImageObject","inLanguage":"pl-PL","@id":"https:\/\/instytutpolski.pl\/stockholm\/#\/schema\/person\/image\/","url":"https:\/\/secure.gravatar.com\/avatar\/25e0be9897787f9035155a882fde97cc?s=96&d=mm&r=g","contentUrl":"https:\/\/secure.gravatar.com\/avatar\/25e0be9897787f9035155a882fde97cc?s=96&d=mm&r=g","caption":"strozniake"},"sameAs":["http:\/\/strozniake"],"url":"https:\/\/instytutpolski.pl\/stockholm\/author\/strozniake\/"}]}},"_links":{"self":[{"href":"https:\/\/instytutpolski.pl\/stockholm\/wp-json\/wp\/v2\/posts\/1201","targetHints":{"allow":["GET"]}}],"collection":[{"href":"https:\/\/instytutpolski.pl\/stockholm\/wp-json\/wp\/v2\/posts"}],"about":[{"href":"https:\/\/instytutpolski.pl\/stockholm\/wp-json\/wp\/v2\/types\/post"}],"author":[{"embeddable":true,"href":"https:\/\/instytutpolski.pl\/stockholm\/wp-json\/wp\/v2\/users\/29"}],"replies":[{"embeddable":true,"href":"https:\/\/instytutpolski.pl\/stockholm\/wp-json\/wp\/v2\/comments?post=1201"}],"version-history":[{"count":2,"href":"https:\/\/instytutpolski.pl\/stockholm\/wp-json\/wp\/v2\/posts\/1201\/revisions"}],"predecessor-version":[{"id":1203,"href":"https:\/\/instytutpolski.pl\/stockholm\/wp-json\/wp\/v2\/posts\/1201\/revisions\/1203"}],"wp:featuredmedia":[{"embeddable":true,"href":"https:\/\/instytutpolski.pl\/stockholm\/wp-json\/wp\/v2\/media\/1199"}],"wp:attachment":[{"href":"https:\/\/instytutpolski.pl\/stockholm\/wp-json\/wp\/v2\/media?parent=1201"}],"wp:term":[{"taxonomy":"category","embeddable":true,"href":"https:\/\/instytutpolski.pl\/stockholm\/wp-json\/wp\/v2\/categories?post=1201"},{"taxonomy":"post_tag","embeddable":true,"href":"https:\/\/instytutpolski.pl\/stockholm\/wp-json\/wp\/v2\/tags?post=1201"}],"curies":[{"name":"wp","href":"https:\/\/api.w.org\/{rel}","templated":true}]}}