{"id":12080,"date":"2023-12-01T11:26:23","date_gmt":"2023-12-01T10:26:23","guid":{"rendered":"https:\/\/instytutpolski.pl\/stockholm\/?p=12080"},"modified":"2024-01-05T08:34:20","modified_gmt":"2024-01-05T07:34:20","slug":"wislawa-szymborska-100-lat-inauguracja-wystawy","status":"publish","type":"post","link":"https:\/\/instytutpolski.pl\/stockholm\/pl\/2023\/12\/01\/wislawa-szymborska-100-lat-inauguracja-wystawy\/","title":{"rendered":"Wis\u0142awa Szymborska 100 lat \u2013 inauguracja wystawy"},"content":{"rendered":"\n<p>Wystaw\u0119 zainauguruje polska dziennikarka, pisarka i krytyczka literacka Justyna Sobolewska, kt\u00f3rej najnowsz\u0105 ksi\u0105\u017ck\u0105 jest biografia Kornela Filipowicza, partnera Wis\u0142awy Szymborskiej.<\/p>\n\n\n\n<p><em>&#8222;It is my great pleasure and honor to speak to you surrounded by this exquisite work of Joanna Helander. Wis\u0142awa Szymborska and Kornel Filipowicz were so lucky that she took such excellent photos of them. Helander captured the personality of this couple.&#8221; <\/em><\/p>\n\n\n\n<p>Justyna Sobolewska&nbsp;<\/p>\n","protected":false},"excerpt":{"rendered":"<p>Wystaw\u0119 zainauguruje polska dziennikarka, pisarka i krytyczka literacka Justyna Sobolewska, kt\u00f3rej najnowsz\u0105 ksi\u0105\u017ck\u0105 jest biografia Kornela Filipowicza, partnera Wis\u0142awy Szymborskiej. &#8222;It is my great pleasure and honor to speak to you surrounded by this exquisite work of Joanna Helander. Wis\u0142awa Szymborska and Kornel Filipowicz were so lucky that she took such excellent photos of them. [&hellip;]<\/p>\n","protected":false},"author":173,"featured_media":12118,"comment_status":"closed","ping_status":"closed","sticky":false,"template":"","format":"standard","meta":{"inline_featured_image":false,"_monsterinsights_skip_tracking":false,"_monsterinsights_sitenote_active":false,"_monsterinsights_sitenote_note":"","_monsterinsights_sitenote_category":0,"footnotes":""},"categories":[224,87,81,36],"tags":[],"class_list":["post-12080","post","type-post","status-publish","format-standard","has-post-thumbnail","hentry","category-aktualnosc-pl","category-literatura","category-sztuki-wizualne","category-wydarzenie"],"yoast_head":"<!-- This site is optimized with the Yoast SEO plugin v24.6 - https:\/\/yoast.com\/wordpress\/plugins\/seo\/ -->\n<title>Wis\u0142awa Szymborska 100 lat \u2013 inauguracja wystawy - Instytut Polski w Sztokholmie<\/title>\n<meta name=\"robots\" content=\"index, follow, max-snippet:-1, max-image-preview:large, max-video-preview:-1\" \/>\n<link rel=\"canonical\" href=\"https:\/\/instytutpolski.pl\/stockholm\/pl\/2023\/12\/01\/wislawa-szymborska-100-lat-inauguracja-wystawy\/\" \/>\n<meta property=\"og:locale\" content=\"pl_PL\" \/>\n<meta property=\"og:type\" content=\"article\" \/>\n<meta property=\"og:title\" content=\"Wis\u0142awa Szymborska 100 lat \u2013 inauguracja wystawy - Instytut Polski w Sztokholmie\" \/>\n<meta property=\"og:description\" content=\"Wystaw\u0119 zainauguruje polska dziennikarka, pisarka i krytyczka literacka Justyna Sobolewska, kt\u00f3rej najnowsz\u0105 ksi\u0105\u017ck\u0105 jest biografia Kornela Filipowicza, partnera Wis\u0142awy Szymborskiej. &#8222;It is my great pleasure and honor to speak to you surrounded by this exquisite work of Joanna Helander. Wis\u0142awa Szymborska and Kornel Filipowicz were so lucky that she took such excellent photos of them. [&hellip;]\" \/>\n<meta property=\"og:url\" content=\"https:\/\/instytutpolski.pl\/stockholm\/pl\/2023\/12\/01\/wislawa-szymborska-100-lat-inauguracja-wystawy\/\" \/>\n<meta property=\"og:site_name\" content=\"Instytut Polski w Sztokholmie\" \/>\n<meta property=\"article:published_time\" content=\"2023-12-01T10:26:23+00:00\" \/>\n<meta property=\"article:modified_time\" content=\"2024-01-05T07:34:20+00:00\" \/>\n<meta property=\"og:image\" content=\"https:\/\/instytutpolski.pl\/stockholm\/wp-content\/uploads\/sites\/17\/2023\/12\/Utstallningen-Wislawa-Szymborska-100-ar_Hemsida.png\" \/>\n\t<meta property=\"og:image:width\" content=\"1120\" \/>\n\t<meta property=\"og:image:height\" content=\"630\" \/>\n\t<meta property=\"og:image:type\" content=\"image\/png\" \/>\n<meta name=\"author\" content=\"treichelp\" \/>\n<meta name=\"twitter:card\" content=\"summary_large_image\" \/>\n<meta name=\"twitter:label1\" content=\"Napisane przez\" \/>\n\t<meta name=\"twitter:data1\" content=\"treichelp\" \/>\n\t<meta name=\"twitter:label2\" content=\"Szacowany czas czytania\" \/>\n\t<meta name=\"twitter:data2\" content=\"1 minuta\" \/>\n<script type=\"application\/ld+json\" class=\"yoast-schema-graph\">{\"@context\":\"https:\/\/schema.org\",\"@graph\":[{\"@type\":\"event\",\"@id\":\"https:\/\/instytutpolski.pl\/stockholm\/pl\/2023\/12\/01\/wislawa-szymborska-100-lat-inauguracja-wystawy\/\",\"url\":\"https:\/\/instytutpolski.pl\/stockholm\/pl\/2023\/12\/01\/wislawa-szymborska-100-lat-inauguracja-wystawy\/\",\"name\":\"Wis\u0142awa Szymborska 100 lat \u2013 inauguracja wystawy\",\"isPartOf\":{\"@id\":\"https:\/\/instytutpolski.pl\/stockholm\/#website\"},\"primaryImageOfPage\":{\"@id\":\"https:\/\/instytutpolski.pl\/stockholm\/pl\/2023\/12\/01\/wislawa-szymborska-100-lat-inauguracja-wystawy\/#primaryimage\"},\"image\":[\"https:\/\/instytutpolski.pl\/stockholm\/wp-content\/uploads\/sites\/17\/2023\/12\/Utstallningen-Wislawa-Szymborska-100-ar_Hemsida.png\",\"https:\/\/instytutpolski.pl\/stockholm\/wp-content\/uploads\/sites\/17\/2023\/12\/Utstallningen-Wislawa-Szymborska-100-ar_Hemsida-300x169.png\",\"https:\/\/instytutpolski.pl\/stockholm\/wp-content\/uploads\/sites\/17\/2023\/12\/Utstallningen-Wislawa-Szymborska-100-ar_Hemsida-1024x576.png\",\"https:\/\/instytutpolski.pl\/stockholm\/wp-content\/uploads\/sites\/17\/2023\/12\/Utstallningen-Wislawa-Szymborska-100-ar_Hemsida.png\"],\"thumbnailUrl\":\"https:\/\/instytutpolski.pl\/stockholm\/wp-content\/uploads\/sites\/17\/2023\/12\/Utstallningen-Wislawa-Szymborska-100-ar_Hemsida.png\",\"datePublished\":\"2023-12-01T10:26:23+02:00\",\"dateModified\":\"2024-01-05T07:34:20+02:00\",\"author\":{\"@id\":\"https:\/\/instytutpolski.pl\/stockholm\/#\/schema\/person\/866a2c0f4ccf0982a286809684f7bc1e\"},\"breadcrumb\":{\"@id\":\"https:\/\/instytutpolski.pl\/stockholm\/pl\/2023\/12\/01\/wislawa-szymborska-100-lat-inauguracja-wystawy\/#breadcrumb\"},\"inLanguage\":\"pl-PL\",\"potentialAction\":[{\"@type\":\"ReadAction\",\"target\":[\"https:\/\/instytutpolski.pl\/stockholm\/pl\/2023\/12\/01\/wislawa-szymborska-100-lat-inauguracja-wystawy\/\"]}],\"@context\":\"https:\/\/schema.org\",\"startDate\":\"2023-12-09T02:00:00+02:00\",\"endDate\":\"2023-12-09T03:30:00+02:00\",\"eventStatus\":\"EventScheduled\",\"eventAttendanceMode\":\"OfflineEventAttendanceMode\",\"location\":{\"@type\":\"place\",\"name\":\"Kulturbiblioteket, Kulturhuset stadsteatern, Stockholm\",\"address\":\"Kulturbiblioteket, Kulturhuset stadsteatern, Stockholm\",\"geo\":{\"@type\":\"GeoCoordinates\",\"latitude\":\"59.154093976022324\",\"longitude\":\"18.646499576499554\"}},\"description\":\"Wystaw\u0119 zainauguruje polska dziennikarka, pisarka i krytyczka literacka Justyna Sobolewska, kt\u00f3rej najnowsz\u0105 ksi\u0105\u017ck\u0105 jest biografia Kornela Filipowicza, partnera Wis\u0142awy Szymborskiej.\\n\\\"It is my great pleasure and honor to speak to you surrounded by this exquisite work of Joanna Helander. Wis\u0142awa Szymborska and Kornel Filipowicz were so lucky that she took such excellent photos of them. Helander captured the personality of this couple.\\\" \\nJustyna Sobolewska \"},{\"@type\":\"ImageObject\",\"inLanguage\":\"pl-PL\",\"@id\":\"https:\/\/instytutpolski.pl\/stockholm\/pl\/2023\/12\/01\/wislawa-szymborska-100-lat-inauguracja-wystawy\/#primaryimage\",\"url\":\"https:\/\/instytutpolski.pl\/stockholm\/wp-content\/uploads\/sites\/17\/2023\/12\/Utstallningen-Wislawa-Szymborska-100-ar_Hemsida.png\",\"contentUrl\":\"https:\/\/instytutpolski.pl\/stockholm\/wp-content\/uploads\/sites\/17\/2023\/12\/Utstallningen-Wislawa-Szymborska-100-ar_Hemsida.png\",\"width\":1120,\"height\":630},{\"@type\":\"BreadcrumbList\",\"@id\":\"https:\/\/instytutpolski.pl\/stockholm\/pl\/2023\/12\/01\/wislawa-szymborska-100-lat-inauguracja-wystawy\/#breadcrumb\",\"itemListElement\":[{\"@type\":\"ListItem\",\"position\":1,\"name\":\"Home\",\"item\":\"https:\/\/instytutpolski.pl\/stockholm\/\"},{\"@type\":\"ListItem\",\"position\":2,\"name\":\"Wis\u0142awa Szymborska 100 lat \u2013 inauguracja wystawy\"}]},{\"@type\":\"WebSite\",\"@id\":\"https:\/\/instytutpolski.pl\/stockholm\/#website\",\"url\":\"https:\/\/instytutpolski.pl\/stockholm\/\",\"name\":\"Instytut Polski w Sztokholmie\",\"description\":\"Instytuty Polskie\",\"potentialAction\":[{\"@type\":\"SearchAction\",\"target\":{\"@type\":\"EntryPoint\",\"urlTemplate\":\"https:\/\/instytutpolski.pl\/stockholm\/?s={search_term_string}\"},\"query-input\":{\"@type\":\"PropertyValueSpecification\",\"valueRequired\":true,\"valueName\":\"search_term_string\"}}],\"inLanguage\":\"pl-PL\"},{\"@type\":\"Person\",\"@id\":\"https:\/\/instytutpolski.pl\/stockholm\/#\/schema\/person\/866a2c0f4ccf0982a286809684f7bc1e\",\"name\":\"treichelp\",\"image\":{\"@type\":\"ImageObject\",\"inLanguage\":\"pl-PL\",\"@id\":\"https:\/\/instytutpolski.pl\/stockholm\/#\/schema\/person\/image\/\",\"url\":\"https:\/\/secure.gravatar.com\/avatar\/fb2c1caae0df0854742a56fc463dd1fb?s=96&d=mm&r=g\",\"contentUrl\":\"https:\/\/secure.gravatar.com\/avatar\/fb2c1caae0df0854742a56fc463dd1fb?s=96&d=mm&r=g\",\"caption\":\"treichelp\"},\"url\":\"https:\/\/instytutpolski.pl\/stockholm\/author\/treichelp\/\"}]}<\/script>\n<!-- \/ Yoast SEO plugin. -->","yoast_head_json":{"title":"Wis\u0142awa Szymborska 100 lat \u2013 inauguracja wystawy - Instytut Polski w Sztokholmie","robots":{"index":"index","follow":"follow","max-snippet":"max-snippet:-1","max-image-preview":"max-image-preview:large","max-video-preview":"max-video-preview:-1"},"canonical":"https:\/\/instytutpolski.pl\/stockholm\/pl\/2023\/12\/01\/wislawa-szymborska-100-lat-inauguracja-wystawy\/","og_locale":"pl_PL","og_type":"article","og_title":"Wis\u0142awa Szymborska 100 lat \u2013 inauguracja wystawy - Instytut Polski w Sztokholmie","og_description":"Wystaw\u0119 zainauguruje polska dziennikarka, pisarka i krytyczka literacka Justyna Sobolewska, kt\u00f3rej najnowsz\u0105 ksi\u0105\u017ck\u0105 jest biografia Kornela Filipowicza, partnera Wis\u0142awy Szymborskiej. &#8222;It is my great pleasure and honor to speak to you surrounded by this exquisite work of Joanna Helander. Wis\u0142awa Szymborska and Kornel Filipowicz were so lucky that she took such excellent photos of them. [&hellip;]","og_url":"https:\/\/instytutpolski.pl\/stockholm\/pl\/2023\/12\/01\/wislawa-szymborska-100-lat-inauguracja-wystawy\/","og_site_name":"Instytut Polski w Sztokholmie","article_published_time":"2023-12-01T10:26:23+00:00","article_modified_time":"2024-01-05T07:34:20+00:00","og_image":[{"width":1120,"height":630,"url":"https:\/\/instytutpolski.pl\/stockholm\/wp-content\/uploads\/sites\/17\/2023\/12\/Utstallningen-Wislawa-Szymborska-100-ar_Hemsida.png","type":"image\/png"}],"author":"treichelp","twitter_card":"summary_large_image","twitter_misc":{"Napisane przez":"treichelp","Szacowany czas czytania":"1 minuta"},"schema":{"@context":"https:\/\/schema.org","@graph":[{"@type":"event","@id":"https:\/\/instytutpolski.pl\/stockholm\/pl\/2023\/12\/01\/wislawa-szymborska-100-lat-inauguracja-wystawy\/","url":"https:\/\/instytutpolski.pl\/stockholm\/pl\/2023\/12\/01\/wislawa-szymborska-100-lat-inauguracja-wystawy\/","name":"Wis\u0142awa Szymborska 100 lat \u2013 inauguracja wystawy","isPartOf":{"@id":"https:\/\/instytutpolski.pl\/stockholm\/#website"},"primaryImageOfPage":{"@id":"https:\/\/instytutpolski.pl\/stockholm\/pl\/2023\/12\/01\/wislawa-szymborska-100-lat-inauguracja-wystawy\/#primaryimage"},"image":["https:\/\/instytutpolski.pl\/stockholm\/wp-content\/uploads\/sites\/17\/2023\/12\/Utstallningen-Wislawa-Szymborska-100-ar_Hemsida.png","https:\/\/instytutpolski.pl\/stockholm\/wp-content\/uploads\/sites\/17\/2023\/12\/Utstallningen-Wislawa-Szymborska-100-ar_Hemsida-300x169.png","https:\/\/instytutpolski.pl\/stockholm\/wp-content\/uploads\/sites\/17\/2023\/12\/Utstallningen-Wislawa-Szymborska-100-ar_Hemsida-1024x576.png","https:\/\/instytutpolski.pl\/stockholm\/wp-content\/uploads\/sites\/17\/2023\/12\/Utstallningen-Wislawa-Szymborska-100-ar_Hemsida.png"],"thumbnailUrl":"https:\/\/instytutpolski.pl\/stockholm\/wp-content\/uploads\/sites\/17\/2023\/12\/Utstallningen-Wislawa-Szymborska-100-ar_Hemsida.png","datePublished":"2023-12-01T10:26:23+02:00","dateModified":"2024-01-05T07:34:20+02:00","author":{"@id":"https:\/\/instytutpolski.pl\/stockholm\/#\/schema\/person\/866a2c0f4ccf0982a286809684f7bc1e"},"breadcrumb":{"@id":"https:\/\/instytutpolski.pl\/stockholm\/pl\/2023\/12\/01\/wislawa-szymborska-100-lat-inauguracja-wystawy\/#breadcrumb"},"inLanguage":"pl-PL","potentialAction":[{"@type":"ReadAction","target":["https:\/\/instytutpolski.pl\/stockholm\/pl\/2023\/12\/01\/wislawa-szymborska-100-lat-inauguracja-wystawy\/"]}],"@context":"https:\/\/schema.org","startDate":"2023-12-09T02:00:00+02:00","endDate":"2023-12-09T03:30:00+02:00","eventStatus":"EventScheduled","eventAttendanceMode":"OfflineEventAttendanceMode","location":{"@type":"place","name":"Kulturbiblioteket, Kulturhuset stadsteatern, Stockholm","address":"Kulturbiblioteket, Kulturhuset stadsteatern, Stockholm","geo":{"@type":"GeoCoordinates","latitude":"59.154093976022324","longitude":"18.646499576499554"}},"description":"Wystaw\u0119 zainauguruje polska dziennikarka, pisarka i krytyczka literacka Justyna Sobolewska, kt\u00f3rej najnowsz\u0105 ksi\u0105\u017ck\u0105 jest biografia Kornela Filipowicza, partnera Wis\u0142awy Szymborskiej.\n\"It is my great pleasure and honor to speak to you surrounded by this exquisite work of Joanna Helander. Wis\u0142awa Szymborska and Kornel Filipowicz were so lucky that she took such excellent photos of them. Helander captured the personality of this couple.\" \nJustyna Sobolewska "},{"@type":"ImageObject","inLanguage":"pl-PL","@id":"https:\/\/instytutpolski.pl\/stockholm\/pl\/2023\/12\/01\/wislawa-szymborska-100-lat-inauguracja-wystawy\/#primaryimage","url":"https:\/\/instytutpolski.pl\/stockholm\/wp-content\/uploads\/sites\/17\/2023\/12\/Utstallningen-Wislawa-Szymborska-100-ar_Hemsida.png","contentUrl":"https:\/\/instytutpolski.pl\/stockholm\/wp-content\/uploads\/sites\/17\/2023\/12\/Utstallningen-Wislawa-Szymborska-100-ar_Hemsida.png","width":1120,"height":630},{"@type":"BreadcrumbList","@id":"https:\/\/instytutpolski.pl\/stockholm\/pl\/2023\/12\/01\/wislawa-szymborska-100-lat-inauguracja-wystawy\/#breadcrumb","itemListElement":[{"@type":"ListItem","position":1,"name":"Home","item":"https:\/\/instytutpolski.pl\/stockholm\/"},{"@type":"ListItem","position":2,"name":"Wis\u0142awa Szymborska 100 lat \u2013 inauguracja wystawy"}]},{"@type":"WebSite","@id":"https:\/\/instytutpolski.pl\/stockholm\/#website","url":"https:\/\/instytutpolski.pl\/stockholm\/","name":"Instytut Polski w Sztokholmie","description":"Instytuty Polskie","potentialAction":[{"@type":"SearchAction","target":{"@type":"EntryPoint","urlTemplate":"https:\/\/instytutpolski.pl\/stockholm\/?s={search_term_string}"},"query-input":{"@type":"PropertyValueSpecification","valueRequired":true,"valueName":"search_term_string"}}],"inLanguage":"pl-PL"},{"@type":"Person","@id":"https:\/\/instytutpolski.pl\/stockholm\/#\/schema\/person\/866a2c0f4ccf0982a286809684f7bc1e","name":"treichelp","image":{"@type":"ImageObject","inLanguage":"pl-PL","@id":"https:\/\/instytutpolski.pl\/stockholm\/#\/schema\/person\/image\/","url":"https:\/\/secure.gravatar.com\/avatar\/fb2c1caae0df0854742a56fc463dd1fb?s=96&d=mm&r=g","contentUrl":"https:\/\/secure.gravatar.com\/avatar\/fb2c1caae0df0854742a56fc463dd1fb?s=96&d=mm&r=g","caption":"treichelp"},"url":"https:\/\/instytutpolski.pl\/stockholm\/author\/treichelp\/"}]}},"_links":{"self":[{"href":"https:\/\/instytutpolski.pl\/stockholm\/wp-json\/wp\/v2\/posts\/12080","targetHints":{"allow":["GET"]}}],"collection":[{"href":"https:\/\/instytutpolski.pl\/stockholm\/wp-json\/wp\/v2\/posts"}],"about":[{"href":"https:\/\/instytutpolski.pl\/stockholm\/wp-json\/wp\/v2\/types\/post"}],"author":[{"embeddable":true,"href":"https:\/\/instytutpolski.pl\/stockholm\/wp-json\/wp\/v2\/users\/173"}],"replies":[{"embeddable":true,"href":"https:\/\/instytutpolski.pl\/stockholm\/wp-json\/wp\/v2\/comments?post=12080"}],"version-history":[{"count":7,"href":"https:\/\/instytutpolski.pl\/stockholm\/wp-json\/wp\/v2\/posts\/12080\/revisions"}],"predecessor-version":[{"id":12117,"href":"https:\/\/instytutpolski.pl\/stockholm\/wp-json\/wp\/v2\/posts\/12080\/revisions\/12117"}],"wp:featuredmedia":[{"embeddable":true,"href":"https:\/\/instytutpolski.pl\/stockholm\/wp-json\/wp\/v2\/media\/12118"}],"wp:attachment":[{"href":"https:\/\/instytutpolski.pl\/stockholm\/wp-json\/wp\/v2\/media?parent=12080"}],"wp:term":[{"taxonomy":"category","embeddable":true,"href":"https:\/\/instytutpolski.pl\/stockholm\/wp-json\/wp\/v2\/categories?post=12080"},{"taxonomy":"post_tag","embeddable":true,"href":"https:\/\/instytutpolski.pl\/stockholm\/wp-json\/wp\/v2\/tags?post=12080"}],"curies":[{"name":"wp","href":"https:\/\/api.w.org\/{rel}","templated":true}]}}