{"id":12161,"date":"2024-01-12T11:17:03","date_gmt":"2024-01-12T10:17:03","guid":{"rendered":"https:\/\/instytutpolski.pl\/stockholm\/?p=12161"},"modified":"2024-01-16T14:53:47","modified_gmt":"2024-01-16T13:53:47","slug":"wyklad-i-dyskusja-alfreda-markowska","status":"publish","type":"post","link":"https:\/\/instytutpolski.pl\/stockholm\/pl\/2024\/01\/12\/wyklad-i-dyskusja-alfreda-markowska\/","title":{"rendered":"Wyk\u0142ad i dyskusja: Alfreda Markowska"},"content":{"rendered":"\n<p>W ramach wydarzenia poznamy szwedzk\u0105 krewn\u0105 Alfredy, Dolores \u201eDolly\u201d Andersen. Wsp\u00f3lnie obejrzymy fragment filmu dokumentalnego pt. <a href=\"https:\/\/instytutpolski.pl\/stockholm\/pl\/2022\/10\/10\/o-alfredzie-markowskiej-w-szwedzkiej-telewizji1\/\" target=\"_blank\" rel=\"noreferrer noopener\">\u201eZag\u0142ada Rom\u00f3w\u201d <\/a>opowiadaj\u0105cy o podr\u00f3\u017cy Dolly. Dan Hultqvist, pedagog Muzeum Holokaustu, wyja\u015bni w jaki spos\u00f3b i dlaczego nazi\u015bci dokonali ludob\u00f3jstwa Rom\u00f3w podczas Holokaustu. Moderatorem dyskusji panelowej jest Mia Taikon z romskiej organizacji \u00c8 Romani Glinda.<\/p>\n\n\n\n<p>Rozmowa b\u0119dzie fotografowana i filmowana. Materia\u0142 zostanie nast\u0119pnie opublikowany na stronie internetowej \u00c9 \u200b\u200bRomani Glinda, Muzeum Holokaustu w Sztokholmie i w mediach spo\u0142eczno\u015bciowych organizacji.<\/p>\n\n\n\n<p>Udzia\u0142 w wydarzeniu jest bezp\u0142atny, ale wymagana jest rejestracja poprzez <a href=\"https:\/\/secure.tickster.com\/sv\/w18gj1gnf7rnae7\/products\" target=\"_blank\" rel=\"noreferrer noopener\">link<\/a>.\u00a0<\/p>\n\n\n\n<p>Wydarzenie odb\u0119dzie si\u0119 w Muzeum Holokaustu w Sztokholmie (Torsgatan 19) oraz b\u0119dzie transmitowane na \u017cywo pod linkiem <a href=\"https:\/\/fb.me\/e\/1wp806Okj\" target=\"_blank\" rel=\"noreferrer noopener\">https:\/\/fb.me\/e\/1wp806Okj<\/a>\u00a0lub <a href=\"https:\/\/www.youtube.com\/live\/z763dBhA1CM?si=eEuznl4pD0DS0dCO&amp;fbclid=IwAR2thR93ZgvEMsUg9ZcJ7BKwASk0s4S2gthbBx8RrIjvgWmPjFEG8aY-zvU\" target=\"_blank\" rel=\"noreferrer noopener\">www.youtube.com\/live\/z763dBhA1CM?si=eEuznl4pD0DS0dCO<\/a>\u00a0<\/p>\n\n\n\n<p>Alfreda Markowska urodzi\u0142a si\u0119 w 1926 roku w Polsce i nale\u017ca\u0142a do du\u017cej rodziny romskiej, prowadz\u0105cej w\u0119drowny tryb \u017cycia. Jej rodzina zosta\u0142a zamordowana przez hitlerowc\u00f3w w masowej strzelaninie. Alfreda jako jedyna prze\u017cy\u0142a masakr\u0119 i postanowi\u0142a stawi\u0107 op\u00f3r nazistom, pr\u00f3buj\u0105c ratowa\u0107 dzieci w czasie Holokaustu. W sumie, w czasie wojny, uratowa\u0142a oko\u0142o 50 dzieci romskich i \u017cydowskich. W 2006 roku Alfreda Markowska zosta\u0142a odznaczona Orderem Odrodzenia Polski za heroiczne czyny podczas II wojny \u015bwiatowej.<\/p>\n\n\n\n<p>Wydarzenie organizowane jest przez <a href=\"https:\/\/museumforintelsen.se\/en\/\" target=\"_blank\" rel=\"noreferrer noopener\">Muzeum Holokaustu w Sztokholmie<\/a> we wsp\u00f3\u0142pracy z <a href=\"https:\/\/www.romaniglinda.se\/\" target=\"_blank\" rel=\"noreferrer noopener\">\u00c9 Romani Glinda<\/a> i Instytutem Polskim w Sztokholmie.<\/p>\n","protected":false},"excerpt":{"rendered":"<p>W ramach wydarzenia poznamy szwedzk\u0105 krewn\u0105 Alfredy, Dolores \u201eDolly\u201d Andersen. Wsp\u00f3lnie obejrzymy fragment filmu dokumentalnego pt. \u201eZag\u0142ada Rom\u00f3w\u201d opowiadaj\u0105cy o podr\u00f3\u017cy Dolly. Dan Hultqvist, pedagog Muzeum Holokaustu, wyja\u015bni w jaki spos\u00f3b i dlaczego nazi\u015bci dokonali ludob\u00f3jstwa Rom\u00f3w podczas Holokaustu. Moderatorem dyskusji panelowej jest Mia Taikon z romskiej organizacji \u00c8 Romani Glinda. Rozmowa b\u0119dzie fotografowana i [&hellip;]<\/p>\n","protected":false},"author":173,"featured_media":12194,"comment_status":"open","ping_status":"open","sticky":false,"template":"","format":"standard","meta":{"inline_featured_image":false,"_monsterinsights_skip_tracking":false,"_monsterinsights_sitenote_active":false,"_monsterinsights_sitenote_note":"","_monsterinsights_sitenote_category":0,"footnotes":""},"categories":[224,113,85,36],"tags":[],"class_list":["post-12161","post","type-post","status-publish","format-standard","has-post-thumbnail","hentry","category-aktualnosc-pl","category-historia","category-kino","category-wydarzenie"],"yoast_head":"<!-- This site is optimized with the Yoast SEO plugin v24.6 - https:\/\/yoast.com\/wordpress\/plugins\/seo\/ -->\n<title>Wyk\u0142ad i dyskusja: Alfreda Markowska - Instytut Polski w Sztokholmie<\/title>\n<meta name=\"robots\" content=\"index, follow, max-snippet:-1, max-image-preview:large, max-video-preview:-1\" \/>\n<link rel=\"canonical\" href=\"https:\/\/instytutpolski.pl\/stockholm\/pl\/2024\/01\/12\/wyklad-i-dyskusja-alfreda-markowska\/\" \/>\n<meta property=\"og:locale\" content=\"pl_PL\" \/>\n<meta property=\"og:type\" content=\"article\" \/>\n<meta property=\"og:title\" content=\"Wyk\u0142ad i dyskusja: Alfreda Markowska - Instytut Polski w Sztokholmie\" \/>\n<meta property=\"og:description\" content=\"W ramach wydarzenia poznamy szwedzk\u0105 krewn\u0105 Alfredy, Dolores \u201eDolly\u201d Andersen. Wsp\u00f3lnie obejrzymy fragment filmu dokumentalnego pt. \u201eZag\u0142ada Rom\u00f3w\u201d opowiadaj\u0105cy o podr\u00f3\u017cy Dolly. Dan Hultqvist, pedagog Muzeum Holokaustu, wyja\u015bni w jaki spos\u00f3b i dlaczego nazi\u015bci dokonali ludob\u00f3jstwa Rom\u00f3w podczas Holokaustu. Moderatorem dyskusji panelowej jest Mia Taikon z romskiej organizacji \u00c8 Romani Glinda. Rozmowa b\u0119dzie fotografowana i [&hellip;]\" \/>\n<meta property=\"og:url\" content=\"https:\/\/instytutpolski.pl\/stockholm\/pl\/2024\/01\/12\/wyklad-i-dyskusja-alfreda-markowska\/\" \/>\n<meta property=\"og:site_name\" content=\"Instytut Polski w Sztokholmie\" \/>\n<meta property=\"article:published_time\" content=\"2024-01-12T10:17:03+00:00\" \/>\n<meta property=\"article:modified_time\" content=\"2024-01-16T13:53:47+00:00\" \/>\n<meta property=\"og:image\" content=\"https:\/\/instytutpolski.pl\/stockholm\/wp-content\/uploads\/sites\/17\/2024\/01\/Fo\u0308redrag-och-samtal-Alfreda-MarkowskaH.png\" \/>\n\t<meta property=\"og:image:width\" content=\"1120\" \/>\n\t<meta property=\"og:image:height\" content=\"630\" \/>\n\t<meta property=\"og:image:type\" content=\"image\/png\" \/>\n<meta name=\"author\" content=\"treichelp\" \/>\n<meta name=\"twitter:card\" content=\"summary_large_image\" \/>\n<meta name=\"twitter:label1\" content=\"Napisane przez\" \/>\n\t<meta name=\"twitter:data1\" content=\"treichelp\" \/>\n\t<meta name=\"twitter:label2\" content=\"Szacowany czas czytania\" \/>\n\t<meta name=\"twitter:data2\" content=\"2 minuty\" \/>\n<script type=\"application\/ld+json\" class=\"yoast-schema-graph\">{\"@context\":\"https:\/\/schema.org\",\"@graph\":[{\"@type\":\"event\",\"@id\":\"https:\/\/instytutpolski.pl\/stockholm\/pl\/2024\/01\/12\/wyklad-i-dyskusja-alfreda-markowska\/\",\"url\":\"https:\/\/instytutpolski.pl\/stockholm\/pl\/2024\/01\/12\/wyklad-i-dyskusja-alfreda-markowska\/\",\"name\":\"Wyk\u0142ad i dyskusja: Alfreda Markowska\",\"isPartOf\":{\"@id\":\"https:\/\/instytutpolski.pl\/stockholm\/#website\"},\"primaryImageOfPage\":{\"@id\":\"https:\/\/instytutpolski.pl\/stockholm\/pl\/2024\/01\/12\/wyklad-i-dyskusja-alfreda-markowska\/#primaryimage\"},\"image\":[\"https:\/\/instytutpolski.pl\/stockholm\/wp-content\/uploads\/sites\/17\/2024\/01\/Fo\u0308redrag-och-samtal-Alfreda-MarkowskaH.png\",\"https:\/\/instytutpolski.pl\/stockholm\/wp-content\/uploads\/sites\/17\/2024\/01\/Fo\u0308redrag-och-samtal-Alfreda-MarkowskaH-300x169.png\",\"https:\/\/instytutpolski.pl\/stockholm\/wp-content\/uploads\/sites\/17\/2024\/01\/Fo\u0308redrag-och-samtal-Alfreda-MarkowskaH-1024x576.png\",\"https:\/\/instytutpolski.pl\/stockholm\/wp-content\/uploads\/sites\/17\/2024\/01\/Fo\u0308redrag-och-samtal-Alfreda-MarkowskaH.png\"],\"thumbnailUrl\":\"https:\/\/instytutpolski.pl\/stockholm\/wp-content\/uploads\/sites\/17\/2024\/01\/Fo\u0308redrag-och-samtal-Alfreda-MarkowskaH.png\",\"datePublished\":\"2024-01-12T10:17:03+02:00\",\"dateModified\":\"2024-01-16T13:53:47+02:00\",\"author\":{\"@id\":\"https:\/\/instytutpolski.pl\/stockholm\/#\/schema\/person\/866a2c0f4ccf0982a286809684f7bc1e\"},\"breadcrumb\":{\"@id\":\"https:\/\/instytutpolski.pl\/stockholm\/pl\/2024\/01\/12\/wyklad-i-dyskusja-alfreda-markowska\/#breadcrumb\"},\"inLanguage\":\"pl-PL\",\"potentialAction\":[{\"@type\":\"ReadAction\",\"target\":[\"https:\/\/instytutpolski.pl\/stockholm\/pl\/2024\/01\/12\/wyklad-i-dyskusja-alfreda-markowska\/\"]}],\"@context\":\"https:\/\/schema.org\",\"startDate\":\"2024-02-07T06:00:00+02:00\",\"endDate\":\"2024-02-07T08:00:00+02:00\",\"eventStatus\":\"EventScheduled\",\"eventAttendanceMode\":\"OfflineEventAttendanceMode\",\"location\":{\"@type\":\"place\",\"name\":\"Sveriges museum om F\u00f6rintelsen, Torsgatan 19, Stockholm, Plan 5\",\"address\":\"Sveriges museum om F\u00f6rintelsen, Torsgatan 19, Stockholm, Plan 5\",\"geo\":{\"@type\":\"GeoCoordinates\",\"latitude\":\"59.17332724392219\",\"longitude\":\"18.198872850503218\"}},\"description\":\"W ramach wydarzenia poznamy szwedzk\u0105 krewn\u0105 Alfredy, Dolores \u201eDolly\u201d Andersen. Wsp\u00f3lnie obejrzymy fragment filmu dokumentalnego pt. \u201eZag\u0142ada Rom\u00f3w\u201d opowiadaj\u0105cy o podr\u00f3\u017cy Dolly. Dan Hultqvist, pedagog Muzeum Holokaustu, wyja\u015bni w jaki spos\u00f3b i dlaczego nazi\u015bci dokonali ludob\u00f3jstwa Rom\u00f3w podczas Holokaustu. Moderatorem dyskusji panelowej jest Mia Taikon z romskiej organizacji \u00c8 Romani Glinda.\\nRozmowa b\u0119dzie fotografowana i filmowana. Materia\u0142 zostanie nast\u0119pnie opublikowany na stronie internetowej \u00c9 \u200b\u200bRomani Glinda, Muzeum Holokaustu w Sztokholmie i w mediach spo\u0142eczno\u015bciowych organizacji.\\nUdzia\u0142 w wydarzeniu jest bezp\u0142atny, ale wymagana jest rejestracja poprzez link.\u00a0\\nWydarzenie odb\u0119dzie si\u0119 w Muzeum Holokaustu w Sztokholmie (Torsgatan 19) oraz b\u0119dzie transmitowane na \u017cywo pod linkiem https:\/\/fb.me\/e\/1wp806Okj\u00a0lub www.youtube.com\/live\/z763dBhA1CM?si=eEuznl4pD0DS0dCO\u00a0\\nAlfreda Markowska urodzi\u0142a si\u0119 w 1926 roku w Polsce i nale\u017ca\u0142a do du\u017cej rodziny romskiej, prowadz\u0105cej w\u0119drowny tryb \u017cycia. Jej rodzina zosta\u0142a zamordowana przez hitlerowc\u00f3w w masowej strzelaninie. Alfreda jako jedyna prze\u017cy\u0142a masakr\u0119 i postanowi\u0142a stawi\u0107 op\u00f3r nazistom, pr\u00f3buj\u0105c ratowa\u0107 dzieci w czasie Holokaustu. W sumie, w czasie wojny, uratowa\u0142a oko\u0142o 50 dzieci romskich i \u017cydowskich. W 2006 roku Alfreda Markowska zosta\u0142a odznaczona Orderem Odrodzenia Polski za heroiczne czyny podczas II wojny \u015bwiatowej.\\nWydarzenie organizowane jest przez Muzeum Holokaustu w Sztokholmie we wsp\u00f3\u0142pracy z \u00c9 Romani Glinda i Instytutem Polskim w Sztokholmie.\"},{\"@type\":\"ImageObject\",\"inLanguage\":\"pl-PL\",\"@id\":\"https:\/\/instytutpolski.pl\/stockholm\/pl\/2024\/01\/12\/wyklad-i-dyskusja-alfreda-markowska\/#primaryimage\",\"url\":\"https:\/\/instytutpolski.pl\/stockholm\/wp-content\/uploads\/sites\/17\/2024\/01\/Fo\u0308redrag-och-samtal-Alfreda-MarkowskaH.png\",\"contentUrl\":\"https:\/\/instytutpolski.pl\/stockholm\/wp-content\/uploads\/sites\/17\/2024\/01\/Fo\u0308redrag-och-samtal-Alfreda-MarkowskaH.png\",\"width\":1120,\"height\":630},{\"@type\":\"BreadcrumbList\",\"@id\":\"https:\/\/instytutpolski.pl\/stockholm\/pl\/2024\/01\/12\/wyklad-i-dyskusja-alfreda-markowska\/#breadcrumb\",\"itemListElement\":[{\"@type\":\"ListItem\",\"position\":1,\"name\":\"Home\",\"item\":\"https:\/\/instytutpolski.pl\/stockholm\/\"},{\"@type\":\"ListItem\",\"position\":2,\"name\":\"Wyk\u0142ad i dyskusja: Alfreda Markowska\"}]},{\"@type\":\"WebSite\",\"@id\":\"https:\/\/instytutpolski.pl\/stockholm\/#website\",\"url\":\"https:\/\/instytutpolski.pl\/stockholm\/\",\"name\":\"Instytut Polski w Sztokholmie\",\"description\":\"Instytuty Polskie\",\"potentialAction\":[{\"@type\":\"SearchAction\",\"target\":{\"@type\":\"EntryPoint\",\"urlTemplate\":\"https:\/\/instytutpolski.pl\/stockholm\/?s={search_term_string}\"},\"query-input\":{\"@type\":\"PropertyValueSpecification\",\"valueRequired\":true,\"valueName\":\"search_term_string\"}}],\"inLanguage\":\"pl-PL\"},{\"@type\":\"Person\",\"@id\":\"https:\/\/instytutpolski.pl\/stockholm\/#\/schema\/person\/866a2c0f4ccf0982a286809684f7bc1e\",\"name\":\"treichelp\",\"image\":{\"@type\":\"ImageObject\",\"inLanguage\":\"pl-PL\",\"@id\":\"https:\/\/instytutpolski.pl\/stockholm\/#\/schema\/person\/image\/\",\"url\":\"https:\/\/secure.gravatar.com\/avatar\/fb2c1caae0df0854742a56fc463dd1fb?s=96&d=mm&r=g\",\"contentUrl\":\"https:\/\/secure.gravatar.com\/avatar\/fb2c1caae0df0854742a56fc463dd1fb?s=96&d=mm&r=g\",\"caption\":\"treichelp\"},\"url\":\"https:\/\/instytutpolski.pl\/stockholm\/author\/treichelp\/\"}]}<\/script>\n<!-- \/ Yoast SEO plugin. -->","yoast_head_json":{"title":"Wyk\u0142ad i dyskusja: Alfreda Markowska - Instytut Polski w Sztokholmie","robots":{"index":"index","follow":"follow","max-snippet":"max-snippet:-1","max-image-preview":"max-image-preview:large","max-video-preview":"max-video-preview:-1"},"canonical":"https:\/\/instytutpolski.pl\/stockholm\/pl\/2024\/01\/12\/wyklad-i-dyskusja-alfreda-markowska\/","og_locale":"pl_PL","og_type":"article","og_title":"Wyk\u0142ad i dyskusja: Alfreda Markowska - Instytut Polski w Sztokholmie","og_description":"W ramach wydarzenia poznamy szwedzk\u0105 krewn\u0105 Alfredy, Dolores \u201eDolly\u201d Andersen. Wsp\u00f3lnie obejrzymy fragment filmu dokumentalnego pt. \u201eZag\u0142ada Rom\u00f3w\u201d opowiadaj\u0105cy o podr\u00f3\u017cy Dolly. Dan Hultqvist, pedagog Muzeum Holokaustu, wyja\u015bni w jaki spos\u00f3b i dlaczego nazi\u015bci dokonali ludob\u00f3jstwa Rom\u00f3w podczas Holokaustu. Moderatorem dyskusji panelowej jest Mia Taikon z romskiej organizacji \u00c8 Romani Glinda. Rozmowa b\u0119dzie fotografowana i [&hellip;]","og_url":"https:\/\/instytutpolski.pl\/stockholm\/pl\/2024\/01\/12\/wyklad-i-dyskusja-alfreda-markowska\/","og_site_name":"Instytut Polski w Sztokholmie","article_published_time":"2024-01-12T10:17:03+00:00","article_modified_time":"2024-01-16T13:53:47+00:00","og_image":[{"width":1120,"height":630,"url":"https:\/\/instytutpolski.pl\/stockholm\/wp-content\/uploads\/sites\/17\/2024\/01\/Fo\u0308redrag-och-samtal-Alfreda-MarkowskaH.png","type":"image\/png"}],"author":"treichelp","twitter_card":"summary_large_image","twitter_misc":{"Napisane przez":"treichelp","Szacowany czas czytania":"2 minuty"},"schema":{"@context":"https:\/\/schema.org","@graph":[{"@type":"event","@id":"https:\/\/instytutpolski.pl\/stockholm\/pl\/2024\/01\/12\/wyklad-i-dyskusja-alfreda-markowska\/","url":"https:\/\/instytutpolski.pl\/stockholm\/pl\/2024\/01\/12\/wyklad-i-dyskusja-alfreda-markowska\/","name":"Wyk\u0142ad i dyskusja: Alfreda Markowska","isPartOf":{"@id":"https:\/\/instytutpolski.pl\/stockholm\/#website"},"primaryImageOfPage":{"@id":"https:\/\/instytutpolski.pl\/stockholm\/pl\/2024\/01\/12\/wyklad-i-dyskusja-alfreda-markowska\/#primaryimage"},"image":["https:\/\/instytutpolski.pl\/stockholm\/wp-content\/uploads\/sites\/17\/2024\/01\/Fo\u0308redrag-och-samtal-Alfreda-MarkowskaH.png","https:\/\/instytutpolski.pl\/stockholm\/wp-content\/uploads\/sites\/17\/2024\/01\/Fo\u0308redrag-och-samtal-Alfreda-MarkowskaH-300x169.png","https:\/\/instytutpolski.pl\/stockholm\/wp-content\/uploads\/sites\/17\/2024\/01\/Fo\u0308redrag-och-samtal-Alfreda-MarkowskaH-1024x576.png","https:\/\/instytutpolski.pl\/stockholm\/wp-content\/uploads\/sites\/17\/2024\/01\/Fo\u0308redrag-och-samtal-Alfreda-MarkowskaH.png"],"thumbnailUrl":"https:\/\/instytutpolski.pl\/stockholm\/wp-content\/uploads\/sites\/17\/2024\/01\/Fo\u0308redrag-och-samtal-Alfreda-MarkowskaH.png","datePublished":"2024-01-12T10:17:03+02:00","dateModified":"2024-01-16T13:53:47+02:00","author":{"@id":"https:\/\/instytutpolski.pl\/stockholm\/#\/schema\/person\/866a2c0f4ccf0982a286809684f7bc1e"},"breadcrumb":{"@id":"https:\/\/instytutpolski.pl\/stockholm\/pl\/2024\/01\/12\/wyklad-i-dyskusja-alfreda-markowska\/#breadcrumb"},"inLanguage":"pl-PL","potentialAction":[{"@type":"ReadAction","target":["https:\/\/instytutpolski.pl\/stockholm\/pl\/2024\/01\/12\/wyklad-i-dyskusja-alfreda-markowska\/"]}],"@context":"https:\/\/schema.org","startDate":"2024-02-07T06:00:00+02:00","endDate":"2024-02-07T08:00:00+02:00","eventStatus":"EventScheduled","eventAttendanceMode":"OfflineEventAttendanceMode","location":{"@type":"place","name":"Sveriges museum om F\u00f6rintelsen, Torsgatan 19, Stockholm, Plan 5","address":"Sveriges museum om F\u00f6rintelsen, Torsgatan 19, Stockholm, Plan 5","geo":{"@type":"GeoCoordinates","latitude":"59.17332724392219","longitude":"18.198872850503218"}},"description":"W ramach wydarzenia poznamy szwedzk\u0105 krewn\u0105 Alfredy, Dolores \u201eDolly\u201d Andersen. Wsp\u00f3lnie obejrzymy fragment filmu dokumentalnego pt. \u201eZag\u0142ada Rom\u00f3w\u201d opowiadaj\u0105cy o podr\u00f3\u017cy Dolly. Dan Hultqvist, pedagog Muzeum Holokaustu, wyja\u015bni w jaki spos\u00f3b i dlaczego nazi\u015bci dokonali ludob\u00f3jstwa Rom\u00f3w podczas Holokaustu. Moderatorem dyskusji panelowej jest Mia Taikon z romskiej organizacji \u00c8 Romani Glinda.\nRozmowa b\u0119dzie fotografowana i filmowana. Materia\u0142 zostanie nast\u0119pnie opublikowany na stronie internetowej \u00c9 \u200b\u200bRomani Glinda, Muzeum Holokaustu w Sztokholmie i w mediach spo\u0142eczno\u015bciowych organizacji.\nUdzia\u0142 w wydarzeniu jest bezp\u0142atny, ale wymagana jest rejestracja poprzez link.\u00a0\nWydarzenie odb\u0119dzie si\u0119 w Muzeum Holokaustu w Sztokholmie (Torsgatan 19) oraz b\u0119dzie transmitowane na \u017cywo pod linkiem https:\/\/fb.me\/e\/1wp806Okj\u00a0lub www.youtube.com\/live\/z763dBhA1CM?si=eEuznl4pD0DS0dCO\u00a0\nAlfreda Markowska urodzi\u0142a si\u0119 w 1926 roku w Polsce i nale\u017ca\u0142a do du\u017cej rodziny romskiej, prowadz\u0105cej w\u0119drowny tryb \u017cycia. Jej rodzina zosta\u0142a zamordowana przez hitlerowc\u00f3w w masowej strzelaninie. Alfreda jako jedyna prze\u017cy\u0142a masakr\u0119 i postanowi\u0142a stawi\u0107 op\u00f3r nazistom, pr\u00f3buj\u0105c ratowa\u0107 dzieci w czasie Holokaustu. W sumie, w czasie wojny, uratowa\u0142a oko\u0142o 50 dzieci romskich i \u017cydowskich. W 2006 roku Alfreda Markowska zosta\u0142a odznaczona Orderem Odrodzenia Polski za heroiczne czyny podczas II wojny \u015bwiatowej.\nWydarzenie organizowane jest przez Muzeum Holokaustu w Sztokholmie we wsp\u00f3\u0142pracy z \u00c9 Romani Glinda i Instytutem Polskim w Sztokholmie."},{"@type":"ImageObject","inLanguage":"pl-PL","@id":"https:\/\/instytutpolski.pl\/stockholm\/pl\/2024\/01\/12\/wyklad-i-dyskusja-alfreda-markowska\/#primaryimage","url":"https:\/\/instytutpolski.pl\/stockholm\/wp-content\/uploads\/sites\/17\/2024\/01\/Fo\u0308redrag-och-samtal-Alfreda-MarkowskaH.png","contentUrl":"https:\/\/instytutpolski.pl\/stockholm\/wp-content\/uploads\/sites\/17\/2024\/01\/Fo\u0308redrag-och-samtal-Alfreda-MarkowskaH.png","width":1120,"height":630},{"@type":"BreadcrumbList","@id":"https:\/\/instytutpolski.pl\/stockholm\/pl\/2024\/01\/12\/wyklad-i-dyskusja-alfreda-markowska\/#breadcrumb","itemListElement":[{"@type":"ListItem","position":1,"name":"Home","item":"https:\/\/instytutpolski.pl\/stockholm\/"},{"@type":"ListItem","position":2,"name":"Wyk\u0142ad i dyskusja: Alfreda Markowska"}]},{"@type":"WebSite","@id":"https:\/\/instytutpolski.pl\/stockholm\/#website","url":"https:\/\/instytutpolski.pl\/stockholm\/","name":"Instytut Polski w Sztokholmie","description":"Instytuty Polskie","potentialAction":[{"@type":"SearchAction","target":{"@type":"EntryPoint","urlTemplate":"https:\/\/instytutpolski.pl\/stockholm\/?s={search_term_string}"},"query-input":{"@type":"PropertyValueSpecification","valueRequired":true,"valueName":"search_term_string"}}],"inLanguage":"pl-PL"},{"@type":"Person","@id":"https:\/\/instytutpolski.pl\/stockholm\/#\/schema\/person\/866a2c0f4ccf0982a286809684f7bc1e","name":"treichelp","image":{"@type":"ImageObject","inLanguage":"pl-PL","@id":"https:\/\/instytutpolski.pl\/stockholm\/#\/schema\/person\/image\/","url":"https:\/\/secure.gravatar.com\/avatar\/fb2c1caae0df0854742a56fc463dd1fb?s=96&d=mm&r=g","contentUrl":"https:\/\/secure.gravatar.com\/avatar\/fb2c1caae0df0854742a56fc463dd1fb?s=96&d=mm&r=g","caption":"treichelp"},"url":"https:\/\/instytutpolski.pl\/stockholm\/author\/treichelp\/"}]}},"_links":{"self":[{"href":"https:\/\/instytutpolski.pl\/stockholm\/wp-json\/wp\/v2\/posts\/12161","targetHints":{"allow":["GET"]}}],"collection":[{"href":"https:\/\/instytutpolski.pl\/stockholm\/wp-json\/wp\/v2\/posts"}],"about":[{"href":"https:\/\/instytutpolski.pl\/stockholm\/wp-json\/wp\/v2\/types\/post"}],"author":[{"embeddable":true,"href":"https:\/\/instytutpolski.pl\/stockholm\/wp-json\/wp\/v2\/users\/173"}],"replies":[{"embeddable":true,"href":"https:\/\/instytutpolski.pl\/stockholm\/wp-json\/wp\/v2\/comments?post=12161"}],"version-history":[{"count":7,"href":"https:\/\/instytutpolski.pl\/stockholm\/wp-json\/wp\/v2\/posts\/12161\/revisions"}],"predecessor-version":[{"id":12195,"href":"https:\/\/instytutpolski.pl\/stockholm\/wp-json\/wp\/v2\/posts\/12161\/revisions\/12195"}],"wp:featuredmedia":[{"embeddable":true,"href":"https:\/\/instytutpolski.pl\/stockholm\/wp-json\/wp\/v2\/media\/12194"}],"wp:attachment":[{"href":"https:\/\/instytutpolski.pl\/stockholm\/wp-json\/wp\/v2\/media?parent=12161"}],"wp:term":[{"taxonomy":"category","embeddable":true,"href":"https:\/\/instytutpolski.pl\/stockholm\/wp-json\/wp\/v2\/categories?post=12161"},{"taxonomy":"post_tag","embeddable":true,"href":"https:\/\/instytutpolski.pl\/stockholm\/wp-json\/wp\/v2\/tags?post=12161"}],"curies":[{"name":"wp","href":"https:\/\/api.w.org\/{rel}","templated":true}]}}