{"id":12174,"date":"2024-01-15T11:28:46","date_gmt":"2024-01-15T10:28:46","guid":{"rendered":"https:\/\/instytutpolski.pl\/stockholm\/?p=12174"},"modified":"2024-01-15T11:50:13","modified_gmt":"2024-01-15T10:50:13","slug":"den-polska-vandringsutstallningen-womens-concentration-camp-experience","status":"publish","type":"post","link":"https:\/\/instytutpolski.pl\/stockholm\/2024\/01\/15\/den-polska-vandringsutstallningen-womens-concentration-camp-experience\/","title":{"rendered":"Den polska vandringsutst\u00e4llningen Women\u2019s Concentration Camp Experience"},"content":{"rendered":"\n<p>P\u00e5 utst\u00e4llningen finns reproduktioner av ett sjuttiotal teckningar och akvareller gjorda i l\u00e4gren, tillsammans med ber\u00e4ttelser ur arkivmaterial. H\u00e4r finns \u00e4ven stora m\u00e5lningar och installationer av samtida polska konstn\u00e4rer, som har \u00e4rvda minnen av l\u00e4gertraumat.<\/p>\n\n\n\n<p>Genom bilderna och ber\u00e4ttelser fr\u00e5n arkivmaterial f\u00e5r vi insyn i hur levnadsvillkoren s\u00e5g ut i l\u00e4gren under arbete och under vila. Flera av bilderna visar den kvinnliga kroppen \u2013 ofta utm\u00e4rglad, sjuk, f\u00f6rst\u00f6rd \u2013 och ger uttryck f\u00f6r k\u00e4nslor av f\u00f6rtvivlan och uppgivenhet.<\/p>\n\n\n\n<p>Utst\u00e4llningen har utformats av professor Barbara Czarnecka fr\u00e5n Universitetet i Bialystok i Polen, f\u00f6rfattare till tv\u00e5 vetenskapliga b\u00f6cker om kvinnors upplevelser i koncentrationsl\u00e4ger.<\/p>\n\n\n\n<p>Invigning sker den 24 januari i Auditoriet kl 15: Akane Kusakabe spelar musik p\u00e5 flygeln i Auditoriet, museichef Gustav Olsson h\u00e4lsar alla v\u00e4lkomna och professor Barbara Czarnecka ber\u00e4ttar om utst\u00e4llningen.  Ing\u00e5r i entr\u00e9avgiften och beh\u00f6ver inte f\u00f6rbokas.<\/p>\n\n\n\n<p>L\u00e4s mer om utst\u00e4llningen <a href=\"https:\/\/www.kulturen.com\/utstallningar\/womens-concentration-camp-experience\/\" target=\"_blank\" rel=\"noreferrer noopener\">h\u00e4r<\/a>. <\/p>\n\n\n\n<p>Utst\u00e4llningen har tidigare visats p\u00e5 det statliga Arkivet i Bialystok och p\u00e5 Museet f\u00f6r sj\u00e4lvst\u00e4ndighet i Warszawa. Utst\u00e4llningen har anpassats till Kulturens lokaler och visas i anslutning till v\u00e5r egen utst\u00e4llning \u201cAtt \u00f6verleva \u2013 r\u00f6ster fr\u00e5n Ravensbr\u00fcck\u201d. Projektet \u00e4r ett samarbete mellan Universitetet i Bialystok, fakulteten f\u00f6r Filologi vid Lunds Universitet och EUROPAST, Polska institutet i Stockholm och Kulturen.<\/p>\n\n\n\n<p>P\u00e5 bilden syns professor Barbara Czarnecka n\u00e4r hon monterar utst\u00e4llningen p\u00e5 en av de platser d\u00e4r den visats tidigare. Foto Ewa \u015alusarczyk.<\/p>\n\n\n\n<p>I samband med F\u00f6rintelsens minnesdag (27 januari) anordnas ocks\u00e5 en konferens \u201cWomen and Girls in Nazi Concentration Camps: Voices from the Post-War Archives\u201d med n\u00e5gra polska forskare som f\u00f6rel\u00e4sare mellan den 25-26 januari. Mer om programmet hittar du p\u00e5 <a href=\"https:\/\/www.medarbetarwebben.lu.se\/evenemang\/international-conference-women-and-girls-nazi-concentration-camps-voices-post-war-archives\" target=\"_blank\" rel=\"noreferrer noopener\">Lunds universitets webbsida<\/a>.<\/p>\n\n\n\n<pre class=\"wp-block-verse\"><\/pre>\n\n\n\n<figure class=\"wp-block-gallery aligncenter has-nested-images columns-default is-cropped wp-block-gallery-1 is-layout-flex wp-block-gallery-is-layout-flex\">\n<figure class=\"wp-block-image size-large\"><img loading=\"lazy\" decoding=\"async\" width=\"724\" height=\"1024\" data-id=\"12175\" src=\"https:\/\/instytutpolski.pl\/stockholm\/wp-content\/uploads\/sites\/17\/2024\/01\/Affisch-KonferensREV-1-724x1024.jpg\" alt=\"\" class=\"wp-image-12175\" srcset=\"https:\/\/instytutpolski.pl\/stockholm\/wp-content\/uploads\/sites\/17\/2024\/01\/Affisch-KonferensREV-1-724x1024.jpg 724w, https:\/\/instytutpolski.pl\/stockholm\/wp-content\/uploads\/sites\/17\/2024\/01\/Affisch-KonferensREV-1-212x300.jpg 212w, https:\/\/instytutpolski.pl\/stockholm\/wp-content\/uploads\/sites\/17\/2024\/01\/Affisch-KonferensREV-1-768x1086.jpg 768w, https:\/\/instytutpolski.pl\/stockholm\/wp-content\/uploads\/sites\/17\/2024\/01\/Affisch-KonferensREV-1-1086x1536.jpg 1086w, https:\/\/instytutpolski.pl\/stockholm\/wp-content\/uploads\/sites\/17\/2024\/01\/Affisch-KonferensREV-1-1448x2048.jpg 1448w, https:\/\/instytutpolski.pl\/stockholm\/wp-content\/uploads\/sites\/17\/2024\/01\/Affisch-KonferensREV-1-scaled.jpg 1810w\" sizes=\"auto, (max-width: 724px) 100vw, 724px\" \/><\/figure>\n<\/figure>\n\n\n\n<pre class=\"wp-block-verse\">\n<\/pre>\n","protected":false},"excerpt":{"rendered":"<p>P\u00e5 utst\u00e4llningen finns reproduktioner av ett sjuttiotal teckningar och akvareller gjorda i l\u00e4gren, tillsammans med ber\u00e4ttelser ur arkivmaterial. H\u00e4r finns \u00e4ven stora m\u00e5lningar och installationer av samtida polska konstn\u00e4rer, som har \u00e4rvda minnen av l\u00e4gertraumat. Genom bilderna och ber\u00e4ttelser fr\u00e5n arkivmaterial f\u00e5r vi insyn i hur levnadsvillkoren s\u00e5g ut i l\u00e4gren under arbete och under [&hellip;]<\/p>\n","protected":false},"author":173,"featured_media":12173,"comment_status":"closed","ping_status":"closed","sticky":false,"template":"","format":"standard","meta":{"inline_featured_image":false,"_monsterinsights_skip_tracking":false,"_monsterinsights_sitenote_active":false,"_monsterinsights_sitenote_note":"","_monsterinsights_sitenote_category":0,"footnotes":""},"categories":[222,12,111],"tags":[],"class_list":["post-12174","post","type-post","status-publish","format-standard","has-post-thumbnail","hentry","category-aktualnosc-se","category-evenemang","category-historia-se"],"yoast_head":"<!-- This site is optimized with the Yoast SEO plugin v24.6 - https:\/\/yoast.com\/wordpress\/plugins\/seo\/ -->\n<title>Den polska vandringsutst\u00e4llningen Women\u2019s Concentration Camp Experience - Instytut Polski w Sztokholmie<\/title>\n<meta name=\"robots\" content=\"index, follow, max-snippet:-1, max-image-preview:large, max-video-preview:-1\" \/>\n<link rel=\"canonical\" href=\"https:\/\/instytutpolski.pl\/stockholm\/2024\/01\/15\/den-polska-vandringsutstallningen-womens-concentration-camp-experience\/\" \/>\n<meta property=\"og:locale\" content=\"pl_PL\" \/>\n<meta property=\"og:type\" content=\"article\" \/>\n<meta property=\"og:title\" content=\"Den polska vandringsutst\u00e4llningen Women\u2019s Concentration Camp Experience - Instytut Polski w Sztokholmie\" \/>\n<meta property=\"og:description\" content=\"P\u00e5 utst\u00e4llningen finns reproduktioner av ett sjuttiotal teckningar och akvareller gjorda i l\u00e4gren, tillsammans med ber\u00e4ttelser ur arkivmaterial. H\u00e4r finns \u00e4ven stora m\u00e5lningar och installationer av samtida polska konstn\u00e4rer, som har \u00e4rvda minnen av l\u00e4gertraumat. Genom bilderna och ber\u00e4ttelser fr\u00e5n arkivmaterial f\u00e5r vi insyn i hur levnadsvillkoren s\u00e5g ut i l\u00e4gren under arbete och under [&hellip;]\" \/>\n<meta property=\"og:url\" content=\"https:\/\/instytutpolski.pl\/stockholm\/2024\/01\/15\/den-polska-vandringsutstallningen-womens-concentration-camp-experience\/\" \/>\n<meta property=\"og:site_name\" content=\"Instytut Polski w Sztokholmie\" \/>\n<meta property=\"article:published_time\" content=\"2024-01-15T10:28:46+00:00\" \/>\n<meta property=\"article:modified_time\" content=\"2024-01-15T10:50:13+00:00\" \/>\n<meta property=\"og:image\" content=\"https:\/\/instytutpolski.pl\/stockholm\/wp-content\/uploads\/sites\/17\/2024\/01\/WystawaLund.jpg\" \/>\n\t<meta property=\"og:image:width\" content=\"2048\" \/>\n\t<meta property=\"og:image:height\" content=\"1280\" \/>\n\t<meta property=\"og:image:type\" content=\"image\/jpeg\" \/>\n<meta name=\"author\" content=\"treichelp\" \/>\n<meta name=\"twitter:card\" content=\"summary_large_image\" \/>\n<meta name=\"twitter:label1\" content=\"Napisane przez\" \/>\n\t<meta name=\"twitter:data1\" content=\"treichelp\" \/>\n\t<meta name=\"twitter:label2\" content=\"Szacowany czas czytania\" \/>\n\t<meta name=\"twitter:data2\" content=\"2 minuty\" \/>\n<script type=\"application\/ld+json\" class=\"yoast-schema-graph\">{\"@context\":\"https:\/\/schema.org\",\"@graph\":[{\"@type\":\"event\",\"@id\":\"https:\/\/instytutpolski.pl\/stockholm\/2024\/01\/15\/den-polska-vandringsutstallningen-womens-concentration-camp-experience\/\",\"url\":\"https:\/\/instytutpolski.pl\/stockholm\/2024\/01\/15\/den-polska-vandringsutstallningen-womens-concentration-camp-experience\/\",\"name\":\"Den polska vandringsutst\u00e4llningen Women\u2019s Concentration Camp Experience\",\"isPartOf\":{\"@id\":\"https:\/\/instytutpolski.pl\/stockholm\/#website\"},\"primaryImageOfPage\":{\"@id\":\"https:\/\/instytutpolski.pl\/stockholm\/2024\/01\/15\/den-polska-vandringsutstallningen-womens-concentration-camp-experience\/#primaryimage\"},\"image\":[\"https:\/\/instytutpolski.pl\/stockholm\/wp-content\/uploads\/sites\/17\/2024\/01\/WystawaLund.jpg\",\"https:\/\/instytutpolski.pl\/stockholm\/wp-content\/uploads\/sites\/17\/2024\/01\/WystawaLund-300x188.jpg\",\"https:\/\/instytutpolski.pl\/stockholm\/wp-content\/uploads\/sites\/17\/2024\/01\/WystawaLund-1024x640.jpg\",\"https:\/\/instytutpolski.pl\/stockholm\/wp-content\/uploads\/sites\/17\/2024\/01\/WystawaLund.jpg\"],\"thumbnailUrl\":\"https:\/\/instytutpolski.pl\/stockholm\/wp-content\/uploads\/sites\/17\/2024\/01\/WystawaLund.jpg\",\"datePublished\":\"2024-01-15T10:28:46+02:00\",\"dateModified\":\"2024-01-15T10:50:13+02:00\",\"author\":{\"@id\":\"https:\/\/instytutpolski.pl\/stockholm\/#\/schema\/person\/866a2c0f4ccf0982a286809684f7bc1e\"},\"breadcrumb\":{\"@id\":\"https:\/\/instytutpolski.pl\/stockholm\/2024\/01\/15\/den-polska-vandringsutstallningen-womens-concentration-camp-experience\/#breadcrumb\"},\"inLanguage\":\"pl-PL\",\"potentialAction\":[{\"@type\":\"ReadAction\",\"target\":[\"https:\/\/instytutpolski.pl\/stockholm\/2024\/01\/15\/den-polska-vandringsutstallningen-womens-concentration-camp-experience\/\"]}],\"@context\":\"https:\/\/schema.org\",\"startDate\":\"2024-01-24\",\"endDate\":\"2024-08-25\",\"eventStatus\":\"EventScheduled\",\"eventAttendanceMode\":\"OfflineEventAttendanceMode\",\"location\":{\"@type\":\"place\",\"name\":\"Kulturen i Lund \u2013 Tegn\u00e9rsplatsen 6, Lund\",\"address\":\"Kulturen i Lund \u2013 Tegn\u00e9rsplatsen 6, Lund\",\"geo\":{\"@type\":\"GeoCoordinates\",\"latitude\":\"55.70271412148975\",\"longitude\":\"13.208243145481303\"}},\"description\":\"P\u00e5 utst\u00e4llningen finns reproduktioner av ett sjuttiotal teckningar och akvareller gjorda i l\u00e4gren, tillsammans med ber\u00e4ttelser ur arkivmaterial. H\u00e4r finns \u00e4ven stora m\u00e5lningar och installationer av samtida polska konstn\u00e4rer, som har \u00e4rvda minnen av l\u00e4gertraumat.\\nGenom bilderna och ber\u00e4ttelser fr\u00e5n arkivmaterial f\u00e5r vi insyn i hur levnadsvillkoren s\u00e5g ut i l\u00e4gren under arbete och under vila. Flera av bilderna visar den kvinnliga kroppen \u2013 ofta utm\u00e4rglad, sjuk, f\u00f6rst\u00f6rd \u2013 och ger uttryck f\u00f6r k\u00e4nslor av f\u00f6rtvivlan och uppgivenhet.\\nUtst\u00e4llningen har utformats av professor Barbara Czarnecka fr\u00e5n Universitetet i Bialystok i Polen, f\u00f6rfattare till tv\u00e5 vetenskapliga b\u00f6cker om kvinnors upplevelser i koncentrationsl\u00e4ger.\\nInvigning sker den 24 januari i Auditoriet kl 15: Akane Kusakabe spelar musik p\u00e5 flygeln i Auditoriet, museichef Gustav Olsson h\u00e4lsar alla v\u00e4lkomna och professor Barbara Czarnecka ber\u00e4ttar om utst\u00e4llningen.  Ing\u00e5r i entr\u00e9avgiften och beh\u00f6ver inte f\u00f6rbokas.\\nL\u00e4s mer om utst\u00e4llningen h\u00e4r. \\nUtst\u00e4llningen har tidigare visats p\u00e5 det statliga Arkivet i Bialystok och p\u00e5 Museet f\u00f6r sj\u00e4lvst\u00e4ndighet i Warszawa. Utst\u00e4llningen har anpassats till Kulturens lokaler och visas i anslutning till v\u00e5r egen utst\u00e4llning \u201cAtt \u00f6verleva \u2013 r\u00f6ster fr\u00e5n Ravensbr\u00fcck\u201d. Projektet \u00e4r ett samarbete mellan Universitetet i Bialystok, fakulteten f\u00f6r Filologi vid Lunds Universitet och EUROPAST, Polska institutet i Stockholm och Kulturen.\\nP\u00e5 bilden syns professor Barbara Czarnecka n\u00e4r hon monterar utst\u00e4llningen p\u00e5 en av de platser d\u00e4r den visats tidigare. Foto Ewa \u015alusarczyk.\\nI samband med F\u00f6rintelsens minnesdag (27 januari) anordnas ocks\u00e5 en konferens \u201cWomen and Girls in Nazi Concentration Camps: Voices from the Post-War Archives\u201d med n\u00e5gra polska forskare som f\u00f6rel\u00e4sare mellan den 25-26 januari. Mer om programmet hittar du p\u00e5 Lunds universitets webbsida.\"},{\"@type\":\"ImageObject\",\"inLanguage\":\"pl-PL\",\"@id\":\"https:\/\/instytutpolski.pl\/stockholm\/2024\/01\/15\/den-polska-vandringsutstallningen-womens-concentration-camp-experience\/#primaryimage\",\"url\":\"https:\/\/instytutpolski.pl\/stockholm\/wp-content\/uploads\/sites\/17\/2024\/01\/WystawaLund.jpg\",\"contentUrl\":\"https:\/\/instytutpolski.pl\/stockholm\/wp-content\/uploads\/sites\/17\/2024\/01\/WystawaLund.jpg\",\"width\":2048,\"height\":1280},{\"@type\":\"BreadcrumbList\",\"@id\":\"https:\/\/instytutpolski.pl\/stockholm\/2024\/01\/15\/den-polska-vandringsutstallningen-womens-concentration-camp-experience\/#breadcrumb\",\"itemListElement\":[{\"@type\":\"ListItem\",\"position\":1,\"name\":\"Home\",\"item\":\"https:\/\/instytutpolski.pl\/stockholm\/\"},{\"@type\":\"ListItem\",\"position\":2,\"name\":\"Den polska vandringsutst\u00e4llningen Women\u2019s Concentration Camp Experience\"}]},{\"@type\":\"WebSite\",\"@id\":\"https:\/\/instytutpolski.pl\/stockholm\/#website\",\"url\":\"https:\/\/instytutpolski.pl\/stockholm\/\",\"name\":\"Instytut Polski w Sztokholmie\",\"description\":\"Instytuty Polskie\",\"potentialAction\":[{\"@type\":\"SearchAction\",\"target\":{\"@type\":\"EntryPoint\",\"urlTemplate\":\"https:\/\/instytutpolski.pl\/stockholm\/?s={search_term_string}\"},\"query-input\":{\"@type\":\"PropertyValueSpecification\",\"valueRequired\":true,\"valueName\":\"search_term_string\"}}],\"inLanguage\":\"pl-PL\"},{\"@type\":\"Person\",\"@id\":\"https:\/\/instytutpolski.pl\/stockholm\/#\/schema\/person\/866a2c0f4ccf0982a286809684f7bc1e\",\"name\":\"treichelp\",\"image\":{\"@type\":\"ImageObject\",\"inLanguage\":\"pl-PL\",\"@id\":\"https:\/\/instytutpolski.pl\/stockholm\/#\/schema\/person\/image\/\",\"url\":\"https:\/\/secure.gravatar.com\/avatar\/fb2c1caae0df0854742a56fc463dd1fb?s=96&d=mm&r=g\",\"contentUrl\":\"https:\/\/secure.gravatar.com\/avatar\/fb2c1caae0df0854742a56fc463dd1fb?s=96&d=mm&r=g\",\"caption\":\"treichelp\"},\"url\":\"https:\/\/instytutpolski.pl\/stockholm\/author\/treichelp\/\"}]}<\/script>\n<!-- \/ Yoast SEO plugin. -->","yoast_head_json":{"title":"Den polska vandringsutst\u00e4llningen Women\u2019s Concentration Camp Experience - Instytut Polski w Sztokholmie","robots":{"index":"index","follow":"follow","max-snippet":"max-snippet:-1","max-image-preview":"max-image-preview:large","max-video-preview":"max-video-preview:-1"},"canonical":"https:\/\/instytutpolski.pl\/stockholm\/2024\/01\/15\/den-polska-vandringsutstallningen-womens-concentration-camp-experience\/","og_locale":"pl_PL","og_type":"article","og_title":"Den polska vandringsutst\u00e4llningen Women\u2019s Concentration Camp Experience - Instytut Polski w Sztokholmie","og_description":"P\u00e5 utst\u00e4llningen finns reproduktioner av ett sjuttiotal teckningar och akvareller gjorda i l\u00e4gren, tillsammans med ber\u00e4ttelser ur arkivmaterial. H\u00e4r finns \u00e4ven stora m\u00e5lningar och installationer av samtida polska konstn\u00e4rer, som har \u00e4rvda minnen av l\u00e4gertraumat. Genom bilderna och ber\u00e4ttelser fr\u00e5n arkivmaterial f\u00e5r vi insyn i hur levnadsvillkoren s\u00e5g ut i l\u00e4gren under arbete och under [&hellip;]","og_url":"https:\/\/instytutpolski.pl\/stockholm\/2024\/01\/15\/den-polska-vandringsutstallningen-womens-concentration-camp-experience\/","og_site_name":"Instytut Polski w Sztokholmie","article_published_time":"2024-01-15T10:28:46+00:00","article_modified_time":"2024-01-15T10:50:13+00:00","og_image":[{"width":2048,"height":1280,"url":"https:\/\/instytutpolski.pl\/stockholm\/wp-content\/uploads\/sites\/17\/2024\/01\/WystawaLund.jpg","type":"image\/jpeg"}],"author":"treichelp","twitter_card":"summary_large_image","twitter_misc":{"Napisane przez":"treichelp","Szacowany czas czytania":"2 minuty"},"schema":{"@context":"https:\/\/schema.org","@graph":[{"@type":"event","@id":"https:\/\/instytutpolski.pl\/stockholm\/2024\/01\/15\/den-polska-vandringsutstallningen-womens-concentration-camp-experience\/","url":"https:\/\/instytutpolski.pl\/stockholm\/2024\/01\/15\/den-polska-vandringsutstallningen-womens-concentration-camp-experience\/","name":"Den polska vandringsutst\u00e4llningen Women\u2019s Concentration Camp Experience","isPartOf":{"@id":"https:\/\/instytutpolski.pl\/stockholm\/#website"},"primaryImageOfPage":{"@id":"https:\/\/instytutpolski.pl\/stockholm\/2024\/01\/15\/den-polska-vandringsutstallningen-womens-concentration-camp-experience\/#primaryimage"},"image":["https:\/\/instytutpolski.pl\/stockholm\/wp-content\/uploads\/sites\/17\/2024\/01\/WystawaLund.jpg","https:\/\/instytutpolski.pl\/stockholm\/wp-content\/uploads\/sites\/17\/2024\/01\/WystawaLund-300x188.jpg","https:\/\/instytutpolski.pl\/stockholm\/wp-content\/uploads\/sites\/17\/2024\/01\/WystawaLund-1024x640.jpg","https:\/\/instytutpolski.pl\/stockholm\/wp-content\/uploads\/sites\/17\/2024\/01\/WystawaLund.jpg"],"thumbnailUrl":"https:\/\/instytutpolski.pl\/stockholm\/wp-content\/uploads\/sites\/17\/2024\/01\/WystawaLund.jpg","datePublished":"2024-01-15T10:28:46+02:00","dateModified":"2024-01-15T10:50:13+02:00","author":{"@id":"https:\/\/instytutpolski.pl\/stockholm\/#\/schema\/person\/866a2c0f4ccf0982a286809684f7bc1e"},"breadcrumb":{"@id":"https:\/\/instytutpolski.pl\/stockholm\/2024\/01\/15\/den-polska-vandringsutstallningen-womens-concentration-camp-experience\/#breadcrumb"},"inLanguage":"pl-PL","potentialAction":[{"@type":"ReadAction","target":["https:\/\/instytutpolski.pl\/stockholm\/2024\/01\/15\/den-polska-vandringsutstallningen-womens-concentration-camp-experience\/"]}],"@context":"https:\/\/schema.org","startDate":"2024-01-24","endDate":"2024-08-25","eventStatus":"EventScheduled","eventAttendanceMode":"OfflineEventAttendanceMode","location":{"@type":"place","name":"Kulturen i Lund \u2013 Tegn\u00e9rsplatsen 6, Lund","address":"Kulturen i Lund \u2013 Tegn\u00e9rsplatsen 6, Lund","geo":{"@type":"GeoCoordinates","latitude":"55.70271412148975","longitude":"13.208243145481303"}},"description":"P\u00e5 utst\u00e4llningen finns reproduktioner av ett sjuttiotal teckningar och akvareller gjorda i l\u00e4gren, tillsammans med ber\u00e4ttelser ur arkivmaterial. H\u00e4r finns \u00e4ven stora m\u00e5lningar och installationer av samtida polska konstn\u00e4rer, som har \u00e4rvda minnen av l\u00e4gertraumat.\nGenom bilderna och ber\u00e4ttelser fr\u00e5n arkivmaterial f\u00e5r vi insyn i hur levnadsvillkoren s\u00e5g ut i l\u00e4gren under arbete och under vila. Flera av bilderna visar den kvinnliga kroppen \u2013 ofta utm\u00e4rglad, sjuk, f\u00f6rst\u00f6rd \u2013 och ger uttryck f\u00f6r k\u00e4nslor av f\u00f6rtvivlan och uppgivenhet.\nUtst\u00e4llningen har utformats av professor Barbara Czarnecka fr\u00e5n Universitetet i Bialystok i Polen, f\u00f6rfattare till tv\u00e5 vetenskapliga b\u00f6cker om kvinnors upplevelser i koncentrationsl\u00e4ger.\nInvigning sker den 24 januari i Auditoriet kl 15: Akane Kusakabe spelar musik p\u00e5 flygeln i Auditoriet, museichef Gustav Olsson h\u00e4lsar alla v\u00e4lkomna och professor Barbara Czarnecka ber\u00e4ttar om utst\u00e4llningen.  Ing\u00e5r i entr\u00e9avgiften och beh\u00f6ver inte f\u00f6rbokas.\nL\u00e4s mer om utst\u00e4llningen h\u00e4r. \nUtst\u00e4llningen har tidigare visats p\u00e5 det statliga Arkivet i Bialystok och p\u00e5 Museet f\u00f6r sj\u00e4lvst\u00e4ndighet i Warszawa. Utst\u00e4llningen har anpassats till Kulturens lokaler och visas i anslutning till v\u00e5r egen utst\u00e4llning \u201cAtt \u00f6verleva \u2013 r\u00f6ster fr\u00e5n Ravensbr\u00fcck\u201d. Projektet \u00e4r ett samarbete mellan Universitetet i Bialystok, fakulteten f\u00f6r Filologi vid Lunds Universitet och EUROPAST, Polska institutet i Stockholm och Kulturen.\nP\u00e5 bilden syns professor Barbara Czarnecka n\u00e4r hon monterar utst\u00e4llningen p\u00e5 en av de platser d\u00e4r den visats tidigare. Foto Ewa \u015alusarczyk.\nI samband med F\u00f6rintelsens minnesdag (27 januari) anordnas ocks\u00e5 en konferens \u201cWomen and Girls in Nazi Concentration Camps: Voices from the Post-War Archives\u201d med n\u00e5gra polska forskare som f\u00f6rel\u00e4sare mellan den 25-26 januari. Mer om programmet hittar du p\u00e5 Lunds universitets webbsida."},{"@type":"ImageObject","inLanguage":"pl-PL","@id":"https:\/\/instytutpolski.pl\/stockholm\/2024\/01\/15\/den-polska-vandringsutstallningen-womens-concentration-camp-experience\/#primaryimage","url":"https:\/\/instytutpolski.pl\/stockholm\/wp-content\/uploads\/sites\/17\/2024\/01\/WystawaLund.jpg","contentUrl":"https:\/\/instytutpolski.pl\/stockholm\/wp-content\/uploads\/sites\/17\/2024\/01\/WystawaLund.jpg","width":2048,"height":1280},{"@type":"BreadcrumbList","@id":"https:\/\/instytutpolski.pl\/stockholm\/2024\/01\/15\/den-polska-vandringsutstallningen-womens-concentration-camp-experience\/#breadcrumb","itemListElement":[{"@type":"ListItem","position":1,"name":"Home","item":"https:\/\/instytutpolski.pl\/stockholm\/"},{"@type":"ListItem","position":2,"name":"Den polska vandringsutst\u00e4llningen Women\u2019s Concentration Camp Experience"}]},{"@type":"WebSite","@id":"https:\/\/instytutpolski.pl\/stockholm\/#website","url":"https:\/\/instytutpolski.pl\/stockholm\/","name":"Instytut Polski w Sztokholmie","description":"Instytuty Polskie","potentialAction":[{"@type":"SearchAction","target":{"@type":"EntryPoint","urlTemplate":"https:\/\/instytutpolski.pl\/stockholm\/?s={search_term_string}"},"query-input":{"@type":"PropertyValueSpecification","valueRequired":true,"valueName":"search_term_string"}}],"inLanguage":"pl-PL"},{"@type":"Person","@id":"https:\/\/instytutpolski.pl\/stockholm\/#\/schema\/person\/866a2c0f4ccf0982a286809684f7bc1e","name":"treichelp","image":{"@type":"ImageObject","inLanguage":"pl-PL","@id":"https:\/\/instytutpolski.pl\/stockholm\/#\/schema\/person\/image\/","url":"https:\/\/secure.gravatar.com\/avatar\/fb2c1caae0df0854742a56fc463dd1fb?s=96&d=mm&r=g","contentUrl":"https:\/\/secure.gravatar.com\/avatar\/fb2c1caae0df0854742a56fc463dd1fb?s=96&d=mm&r=g","caption":"treichelp"},"url":"https:\/\/instytutpolski.pl\/stockholm\/author\/treichelp\/"}]}},"_links":{"self":[{"href":"https:\/\/instytutpolski.pl\/stockholm\/wp-json\/wp\/v2\/posts\/12174","targetHints":{"allow":["GET"]}}],"collection":[{"href":"https:\/\/instytutpolski.pl\/stockholm\/wp-json\/wp\/v2\/posts"}],"about":[{"href":"https:\/\/instytutpolski.pl\/stockholm\/wp-json\/wp\/v2\/types\/post"}],"author":[{"embeddable":true,"href":"https:\/\/instytutpolski.pl\/stockholm\/wp-json\/wp\/v2\/users\/173"}],"replies":[{"embeddable":true,"href":"https:\/\/instytutpolski.pl\/stockholm\/wp-json\/wp\/v2\/comments?post=12174"}],"version-history":[{"count":6,"href":"https:\/\/instytutpolski.pl\/stockholm\/wp-json\/wp\/v2\/posts\/12174\/revisions"}],"predecessor-version":[{"id":12187,"href":"https:\/\/instytutpolski.pl\/stockholm\/wp-json\/wp\/v2\/posts\/12174\/revisions\/12187"}],"wp:featuredmedia":[{"embeddable":true,"href":"https:\/\/instytutpolski.pl\/stockholm\/wp-json\/wp\/v2\/media\/12173"}],"wp:attachment":[{"href":"https:\/\/instytutpolski.pl\/stockholm\/wp-json\/wp\/v2\/media?parent=12174"}],"wp:term":[{"taxonomy":"category","embeddable":true,"href":"https:\/\/instytutpolski.pl\/stockholm\/wp-json\/wp\/v2\/categories?post=12174"},{"taxonomy":"post_tag","embeddable":true,"href":"https:\/\/instytutpolski.pl\/stockholm\/wp-json\/wp\/v2\/tags?post=12174"}],"curies":[{"name":"wp","href":"https:\/\/api.w.org\/{rel}","templated":true}]}}