{"id":12181,"date":"2024-01-15T11:28:46","date_gmt":"2024-01-15T10:28:46","guid":{"rendered":"https:\/\/instytutpolski.pl\/stockholm\/?p=12181"},"modified":"2024-01-15T12:48:45","modified_gmt":"2024-01-15T11:48:45","slug":"wystawa-womens-concentration-camp-experience","status":"publish","type":"post","link":"https:\/\/instytutpolski.pl\/stockholm\/pl\/2024\/01\/15\/wystawa-womens-concentration-camp-experience\/","title":{"rendered":"Wystawa Women\u2019s Concentration Camp Experience"},"content":{"rendered":"\n<p><em>Rol\u0105 naszego przedsi\u0119wzi\u0119cia jest umo\u017cliwienie, szczeg\u00f3lnie m\u0142odemu pokoleniu, wyobra\u017cenia i zrozumienia, czym by\u0142o do\u015bwiadczenie obozu koncentracyjnego dla kobiet. Ten niedostatecznie uobecniony w kulturze temat domaga si\u0119 wszechstronnego i szerokiego zaprezentowania.\u00a0<\/em><\/p>\n\n\n\n<p><em>Aby u\u0142atwi\u0107 \u201ewyobra\u017cenie i zrozumienie\u201d wykorzystali\u015bmy kilka obszar\u00f3w oddzia\u0142ywania, \u0142\u0105cz\u0105cych si\u0119 w ekspozycj\u0119 artystyczn\u0105 i panel edukacyjny. Cz\u0119\u015b\u0107 pierwsz\u0105 tworzy wystawa archiwalnych rysunk\u00f3w wykonanych przez polskie artystki, wi\u0119\u017aniarki lagr\u00f3w (wyst\u0119puj\u0105 opatrzone komentarzem w\u00a0 postaci fragment\u00f3w obozowych wspomnie\u0144) oraz ekspozycja z\u0142o\u017cona ze wsp\u00f3\u0142czesnych artystycznych form postpami\u0119ci tego do\u015bwiadczenia (prace malarskie, rze\u017aby, instalacje), za\u015b materia\u0142 pogl\u0105dowy o charakterze edukacyjnym (warsztaty) pomaga uporz\u0105dkowa\u0107 powsta\u0142e spostrze\u017cenia i wra\u017cenia oraz przybli\u017cy\u0107 szerzej nieznane aspekty kobiecych lagrowych los\u00f3w.\u00a0<\/em><\/p>\n\n\n\n<p>dr hab. Barbara Czarnecka<\/p>\n\n\n\n<p>Wystaw\u0119 zaprojektowa\u0142a dr hab. Barbara Czarnecka z Uniwersytetu w Bia\u0142ymstoku, autorka dw\u00f3ch ksi\u0105\u017cek naukowych na temat do\u015bwiadcze\u0144 kobiet w obozach koncentracyjnych.<\/p>\n\n\n\n<p>Wernisa\u017c odb\u0119dzie si\u0119 24 stycznia w lokalu Auditoriet o godzinie 15:00: Akane Kusakabe zagra na fortepianie, dyrektor muzeum Gustav Olsson przywita go\u015bci, a o wystawie opowiada dr hab. Barbara Czarnecka. Udzia\u0142 wernisa\u017cu jest wliczony w cen\u0119 wst\u0119pu na wystaw\u0119 i nie jest potrzebna wcze\u015bniejsza rezerwacja.<\/p>\n\n\n\n<p>Wi\u0119cej o wystawie przeczytasz <a href=\"https:\/\/www.kulturen.com\/utstallningar\/womens-concentration-camp-experience\/\" target=\"_blank\" rel=\"noreferrer noopener\">tutaj <\/a>(po szwedzku)<\/p>\n\n\n\n<p>Wystawa by\u0142a wcze\u015bniej prezentowana w Archiwum Pa\u0144stwowym w Bia\u0142ymstoku oraz w Muzeum Niepodleg\u0142o\u015bci w Warszawie. Wystawa zosta\u0142a zaadaptowana do siedziby Kulturen i jest prezentowana w powi\u0105zaniu z autorsk\u0105 wystaw\u0105 instytucji \u201ePrzetrwa\u0107 \u2013 g\u0142osy z Ravensbr\u00fcck\u201d. Projekt jest efektem wsp\u00f3\u0142pracy Uniwersytetu w Bia\u0142ymstoku, Wydzia\u0142u Filologicznego Uniwersytetu w Lund oraz EUROPAST, Instytutu Polskiego w Sztokholmie i Kulturen.<\/p>\n\n\n\n<p>Na zdj\u0119ciu profesor Barbara Czarnecka montuje wystaw\u0119 w jednym z miejsc, w kt\u00f3rym by\u0142a wcze\u015bniej pokazywana. Fot. Ewa \u015alusarczyk.<\/p>\n\n\n\n<p><br>W zwi\u0105zku z Mi\u0119dzynarodowym Dniem Pami\u0119ci o Ofiarach Holokaustu (27.01) odb\u0119dzie si\u0119 konferencja \u201eKobiety i dziewcz\u0119ta w nazistowskich obozach koncentracyjnych: g\u0142osy z archiw\u00f3w powojennych\u201d w dniach 25-26 stycznia, w kt\u00f3rej wezm\u0105 udzia\u0142 r\u00f3wnie\u017c polscy wyk\u0142adowcy. Wi\u0119cej o programie mo\u017cna znale\u017a\u0107 na <a href=\"https:\/\/www.medarbetarwebben.lu.se\/evenemang\/international-conference-women-and-girls-nazi-concentration-camps-voices-post-war-archives\" target=\"_blank\" rel=\"noreferrer noopener\">stronie Uniwersytetu w Lund<\/a>.<\/p>\n\n\n\n<pre class=\"wp-block-verse\"><\/pre>\n\n\n\n<figure class=\"wp-block-gallery aligncenter has-nested-images columns-default is-cropped wp-block-gallery-1 is-layout-flex wp-block-gallery-is-layout-flex\">\n<figure class=\"wp-block-image size-large\"><img loading=\"lazy\" decoding=\"async\" width=\"724\" height=\"1024\" data-id=\"12175\" src=\"https:\/\/instytutpolski.pl\/stockholm\/wp-content\/uploads\/sites\/17\/2024\/01\/Affisch-KonferensREV-1-724x1024.jpg\" alt=\"\" class=\"wp-image-12175\" srcset=\"https:\/\/instytutpolski.pl\/stockholm\/wp-content\/uploads\/sites\/17\/2024\/01\/Affisch-KonferensREV-1-724x1024.jpg 724w, https:\/\/instytutpolski.pl\/stockholm\/wp-content\/uploads\/sites\/17\/2024\/01\/Affisch-KonferensREV-1-212x300.jpg 212w, https:\/\/instytutpolski.pl\/stockholm\/wp-content\/uploads\/sites\/17\/2024\/01\/Affisch-KonferensREV-1-768x1086.jpg 768w, https:\/\/instytutpolski.pl\/stockholm\/wp-content\/uploads\/sites\/17\/2024\/01\/Affisch-KonferensREV-1-1086x1536.jpg 1086w, https:\/\/instytutpolski.pl\/stockholm\/wp-content\/uploads\/sites\/17\/2024\/01\/Affisch-KonferensREV-1-1448x2048.jpg 1448w, https:\/\/instytutpolski.pl\/stockholm\/wp-content\/uploads\/sites\/17\/2024\/01\/Affisch-KonferensREV-1-scaled.jpg 1810w\" sizes=\"auto, (max-width: 724px) 100vw, 724px\" \/><\/figure>\n<\/figure>\n","protected":false},"excerpt":{"rendered":"<p>Rol\u0105 naszego przedsi\u0119wzi\u0119cia jest umo\u017cliwienie, szczeg\u00f3lnie m\u0142odemu pokoleniu, wyobra\u017cenia i zrozumienia, czym by\u0142o do\u015bwiadczenie obozu koncentracyjnego dla kobiet. Ten niedostatecznie uobecniony w kulturze temat domaga si\u0119 wszechstronnego i szerokiego zaprezentowania.\u00a0 Aby u\u0142atwi\u0107 \u201ewyobra\u017cenie i zrozumienie\u201d wykorzystali\u015bmy kilka obszar\u00f3w oddzia\u0142ywania, \u0142\u0105cz\u0105cych si\u0119 w ekspozycj\u0119 artystyczn\u0105 i panel edukacyjny. Cz\u0119\u015b\u0107 pierwsz\u0105 tworzy wystawa archiwalnych rysunk\u00f3w wykonanych przez [&hellip;]<\/p>\n","protected":false},"author":173,"featured_media":12173,"comment_status":"closed","ping_status":"closed","sticky":false,"template":"","format":"standard","meta":{"inline_featured_image":false,"_monsterinsights_skip_tracking":false,"_monsterinsights_sitenote_active":false,"_monsterinsights_sitenote_note":"","_monsterinsights_sitenote_category":0,"footnotes":""},"categories":[224,113,36],"tags":[],"class_list":["post-12181","post","type-post","status-publish","format-standard","has-post-thumbnail","hentry","category-aktualnosc-pl","category-historia","category-wydarzenie"],"yoast_head":"<!-- This site is optimized with the Yoast SEO plugin v24.6 - https:\/\/yoast.com\/wordpress\/plugins\/seo\/ -->\n<title>Wystawa Women\u2019s Concentration Camp Experience - Instytut Polski w Sztokholmie<\/title>\n<meta name=\"robots\" content=\"index, follow, max-snippet:-1, max-image-preview:large, max-video-preview:-1\" \/>\n<link rel=\"canonical\" href=\"https:\/\/instytutpolski.pl\/stockholm\/pl\/2024\/01\/15\/wystawa-womens-concentration-camp-experience\/\" \/>\n<meta property=\"og:locale\" content=\"pl_PL\" \/>\n<meta property=\"og:type\" content=\"article\" \/>\n<meta property=\"og:title\" content=\"Wystawa Women\u2019s Concentration Camp Experience - Instytut Polski w Sztokholmie\" \/>\n<meta property=\"og:description\" content=\"Rol\u0105 naszego przedsi\u0119wzi\u0119cia jest umo\u017cliwienie, szczeg\u00f3lnie m\u0142odemu pokoleniu, wyobra\u017cenia i zrozumienia, czym by\u0142o do\u015bwiadczenie obozu koncentracyjnego dla kobiet. Ten niedostatecznie uobecniony w kulturze temat domaga si\u0119 wszechstronnego i szerokiego zaprezentowania.\u00a0 Aby u\u0142atwi\u0107 \u201ewyobra\u017cenie i zrozumienie\u201d wykorzystali\u015bmy kilka obszar\u00f3w oddzia\u0142ywania, \u0142\u0105cz\u0105cych si\u0119 w ekspozycj\u0119 artystyczn\u0105 i panel edukacyjny. Cz\u0119\u015b\u0107 pierwsz\u0105 tworzy wystawa archiwalnych rysunk\u00f3w wykonanych przez [&hellip;]\" \/>\n<meta property=\"og:url\" content=\"https:\/\/instytutpolski.pl\/stockholm\/pl\/2024\/01\/15\/wystawa-womens-concentration-camp-experience\/\" \/>\n<meta property=\"og:site_name\" content=\"Instytut Polski w Sztokholmie\" \/>\n<meta property=\"article:published_time\" content=\"2024-01-15T10:28:46+00:00\" \/>\n<meta property=\"article:modified_time\" content=\"2024-01-15T11:48:45+00:00\" \/>\n<meta property=\"og:image\" content=\"https:\/\/instytutpolski.pl\/stockholm\/wp-content\/uploads\/sites\/17\/2024\/01\/WystawaLund.jpg\" \/>\n\t<meta property=\"og:image:width\" content=\"2048\" \/>\n\t<meta property=\"og:image:height\" content=\"1280\" \/>\n\t<meta property=\"og:image:type\" content=\"image\/jpeg\" \/>\n<meta name=\"author\" content=\"treichelp\" \/>\n<meta name=\"twitter:card\" content=\"summary_large_image\" \/>\n<meta name=\"twitter:label1\" content=\"Napisane przez\" \/>\n\t<meta name=\"twitter:data1\" content=\"treichelp\" \/>\n\t<meta name=\"twitter:label2\" content=\"Szacowany czas czytania\" \/>\n\t<meta name=\"twitter:data2\" content=\"2 minuty\" \/>\n<script type=\"application\/ld+json\" class=\"yoast-schema-graph\">{\"@context\":\"https:\/\/schema.org\",\"@graph\":[{\"@type\":\"event\",\"@id\":\"https:\/\/instytutpolski.pl\/stockholm\/pl\/2024\/01\/15\/wystawa-womens-concentration-camp-experience\/\",\"url\":\"https:\/\/instytutpolski.pl\/stockholm\/pl\/2024\/01\/15\/wystawa-womens-concentration-camp-experience\/\",\"name\":\"Wystawa Women\u2019s Concentration Camp Experience\",\"isPartOf\":{\"@id\":\"https:\/\/instytutpolski.pl\/stockholm\/#website\"},\"primaryImageOfPage\":{\"@id\":\"https:\/\/instytutpolski.pl\/stockholm\/pl\/2024\/01\/15\/wystawa-womens-concentration-camp-experience\/#primaryimage\"},\"image\":[\"https:\/\/instytutpolski.pl\/stockholm\/wp-content\/uploads\/sites\/17\/2024\/01\/WystawaLund.jpg\",\"https:\/\/instytutpolski.pl\/stockholm\/wp-content\/uploads\/sites\/17\/2024\/01\/WystawaLund-300x188.jpg\",\"https:\/\/instytutpolski.pl\/stockholm\/wp-content\/uploads\/sites\/17\/2024\/01\/WystawaLund-1024x640.jpg\",\"https:\/\/instytutpolski.pl\/stockholm\/wp-content\/uploads\/sites\/17\/2024\/01\/WystawaLund.jpg\"],\"thumbnailUrl\":\"https:\/\/instytutpolski.pl\/stockholm\/wp-content\/uploads\/sites\/17\/2024\/01\/WystawaLund.jpg\",\"datePublished\":\"2024-01-15T10:28:46+02:00\",\"dateModified\":\"2024-01-15T11:48:45+02:00\",\"author\":{\"@id\":\"https:\/\/instytutpolski.pl\/stockholm\/#\/schema\/person\/866a2c0f4ccf0982a286809684f7bc1e\"},\"breadcrumb\":{\"@id\":\"https:\/\/instytutpolski.pl\/stockholm\/pl\/2024\/01\/15\/wystawa-womens-concentration-camp-experience\/#breadcrumb\"},\"inLanguage\":\"pl-PL\",\"potentialAction\":[{\"@type\":\"ReadAction\",\"target\":[\"https:\/\/instytutpolski.pl\/stockholm\/pl\/2024\/01\/15\/wystawa-womens-concentration-camp-experience\/\"]}],\"@context\":\"https:\/\/schema.org\",\"startDate\":\"2024-01-24\",\"endDate\":\"2024-08-25\",\"eventStatus\":\"EventScheduled\",\"eventAttendanceMode\":\"OfflineEventAttendanceMode\",\"location\":{\"@type\":\"place\",\"name\":\"Kulturen i Lund \u2013 Tegn\u00e9rsplatsen 6, Lund\",\"address\":\"Kulturen i Lund \u2013 Tegn\u00e9rsplatsen 6, Lund\",\"geo\":{\"@type\":\"GeoCoordinates\",\"latitude\":\"55.70271412148975\",\"longitude\":\"13.208243145481303\"}},\"description\":\"Rol\u0105 naszego przedsi\u0119wzi\u0119cia jest umo\u017cliwienie, szczeg\u00f3lnie m\u0142odemu pokoleniu, wyobra\u017cenia i zrozumienia, czym by\u0142o do\u015bwiadczenie obozu koncentracyjnego dla kobiet. Ten niedostatecznie uobecniony w kulturze temat domaga si\u0119 wszechstronnego i szerokiego zaprezentowania.\u00a0\\nAby u\u0142atwi\u0107 \u201ewyobra\u017cenie i zrozumienie\u201d wykorzystali\u015bmy kilka obszar\u00f3w oddzia\u0142ywania, \u0142\u0105cz\u0105cych si\u0119 w ekspozycj\u0119 artystyczn\u0105 i panel edukacyjny. Cz\u0119\u015b\u0107 pierwsz\u0105 tworzy wystawa archiwalnych rysunk\u00f3w wykonanych przez polskie artystki, wi\u0119\u017aniarki lagr\u00f3w (wyst\u0119puj\u0105 opatrzone komentarzem w\u00a0 postaci fragment\u00f3w obozowych wspomnie\u0144) oraz ekspozycja z\u0142o\u017cona ze wsp\u00f3\u0142czesnych artystycznych form postpami\u0119ci tego do\u015bwiadczenia (prace malarskie, rze\u017aby, instalacje), za\u015b materia\u0142 pogl\u0105dowy o charakterze edukacyjnym (warsztaty) pomaga uporz\u0105dkowa\u0107 powsta\u0142e spostrze\u017cenia i wra\u017cenia oraz przybli\u017cy\u0107 szerzej nieznane aspekty kobiecych lagrowych los\u00f3w.\u00a0\\ndr hab. Barbara Czarnecka\\nWystaw\u0119 zaprojektowa\u0142a dr hab. Barbara Czarnecka z Uniwersytetu w Bia\u0142ymstoku, autorka dw\u00f3ch ksi\u0105\u017cek naukowych na temat do\u015bwiadcze\u0144 kobiet w obozach koncentracyjnych.\\nWernisa\u017c odb\u0119dzie si\u0119 24 stycznia w lokalu Auditoriet o godzinie 15:00: Akane Kusakabe zagra na fortepianie, dyrektor muzeum Gustav Olsson przywita go\u015bci, a o wystawie opowiada dr hab. Barbara Czarnecka. Udzia\u0142 wernisa\u017cu jest wliczony w cen\u0119 wst\u0119pu na wystaw\u0119 i nie jest potrzebna wcze\u015bniejsza rezerwacja.\\nWi\u0119cej o wystawie przeczytasz tutaj (po szwedzku)\\nWystawa by\u0142a wcze\u015bniej prezentowana w Archiwum Pa\u0144stwowym w Bia\u0142ymstoku oraz w Muzeum Niepodleg\u0142o\u015bci w Warszawie. Wystawa zosta\u0142a zaadaptowana do siedziby Kulturen i jest prezentowana w powi\u0105zaniu z autorsk\u0105 wystaw\u0105 instytucji \u201ePrzetrwa\u0107 \u2013 g\u0142osy z Ravensbr\u00fcck\u201d. Projekt jest efektem wsp\u00f3\u0142pracy Uniwersytetu w Bia\u0142ymstoku, Wydzia\u0142u Filologicznego Uniwersytetu w Lund oraz EUROPAST, Instytutu Polskiego w Sztokholmie i Kulturen.\\nNa zdj\u0119ciu profesor Barbara Czarnecka montuje wystaw\u0119 w jednym z miejsc, w kt\u00f3rym by\u0142a wcze\u015bniej pokazywana. Fot. Ewa \u015alusarczyk.\\nW zwi\u0105zku z Mi\u0119dzynarodowym Dniem Pami\u0119ci o Ofiarach Holokaustu (27.01) odb\u0119dzie si\u0119 konferencja \u201eKobiety i dziewcz\u0119ta w nazistowskich obozach koncentracyjnych: g\u0142osy z archiw\u00f3w powojennych\u201d w dniach 25-26 stycznia, w kt\u00f3rej wezm\u0105 udzia\u0142 r\u00f3wnie\u017c polscy wyk\u0142adowcy. Wi\u0119cej o programie mo\u017cna znale\u017a\u0107 na stronie Uniwersytetu w Lund.\"},{\"@type\":\"ImageObject\",\"inLanguage\":\"pl-PL\",\"@id\":\"https:\/\/instytutpolski.pl\/stockholm\/pl\/2024\/01\/15\/wystawa-womens-concentration-camp-experience\/#primaryimage\",\"url\":\"https:\/\/instytutpolski.pl\/stockholm\/wp-content\/uploads\/sites\/17\/2024\/01\/WystawaLund.jpg\",\"contentUrl\":\"https:\/\/instytutpolski.pl\/stockholm\/wp-content\/uploads\/sites\/17\/2024\/01\/WystawaLund.jpg\",\"width\":2048,\"height\":1280},{\"@type\":\"BreadcrumbList\",\"@id\":\"https:\/\/instytutpolski.pl\/stockholm\/pl\/2024\/01\/15\/wystawa-womens-concentration-camp-experience\/#breadcrumb\",\"itemListElement\":[{\"@type\":\"ListItem\",\"position\":1,\"name\":\"Home\",\"item\":\"https:\/\/instytutpolski.pl\/stockholm\/\"},{\"@type\":\"ListItem\",\"position\":2,\"name\":\"Wystawa Women\u2019s Concentration Camp Experience\"}]},{\"@type\":\"WebSite\",\"@id\":\"https:\/\/instytutpolski.pl\/stockholm\/#website\",\"url\":\"https:\/\/instytutpolski.pl\/stockholm\/\",\"name\":\"Instytut Polski w Sztokholmie\",\"description\":\"Instytuty Polskie\",\"potentialAction\":[{\"@type\":\"SearchAction\",\"target\":{\"@type\":\"EntryPoint\",\"urlTemplate\":\"https:\/\/instytutpolski.pl\/stockholm\/?s={search_term_string}\"},\"query-input\":{\"@type\":\"PropertyValueSpecification\",\"valueRequired\":true,\"valueName\":\"search_term_string\"}}],\"inLanguage\":\"pl-PL\"},{\"@type\":\"Person\",\"@id\":\"https:\/\/instytutpolski.pl\/stockholm\/#\/schema\/person\/866a2c0f4ccf0982a286809684f7bc1e\",\"name\":\"treichelp\",\"image\":{\"@type\":\"ImageObject\",\"inLanguage\":\"pl-PL\",\"@id\":\"https:\/\/instytutpolski.pl\/stockholm\/#\/schema\/person\/image\/\",\"url\":\"https:\/\/secure.gravatar.com\/avatar\/fb2c1caae0df0854742a56fc463dd1fb?s=96&d=mm&r=g\",\"contentUrl\":\"https:\/\/secure.gravatar.com\/avatar\/fb2c1caae0df0854742a56fc463dd1fb?s=96&d=mm&r=g\",\"caption\":\"treichelp\"},\"url\":\"https:\/\/instytutpolski.pl\/stockholm\/author\/treichelp\/\"}]}<\/script>\n<!-- \/ Yoast SEO plugin. -->","yoast_head_json":{"title":"Wystawa Women\u2019s Concentration Camp Experience - Instytut Polski w Sztokholmie","robots":{"index":"index","follow":"follow","max-snippet":"max-snippet:-1","max-image-preview":"max-image-preview:large","max-video-preview":"max-video-preview:-1"},"canonical":"https:\/\/instytutpolski.pl\/stockholm\/pl\/2024\/01\/15\/wystawa-womens-concentration-camp-experience\/","og_locale":"pl_PL","og_type":"article","og_title":"Wystawa Women\u2019s Concentration Camp Experience - Instytut Polski w Sztokholmie","og_description":"Rol\u0105 naszego przedsi\u0119wzi\u0119cia jest umo\u017cliwienie, szczeg\u00f3lnie m\u0142odemu pokoleniu, wyobra\u017cenia i zrozumienia, czym by\u0142o do\u015bwiadczenie obozu koncentracyjnego dla kobiet. Ten niedostatecznie uobecniony w kulturze temat domaga si\u0119 wszechstronnego i szerokiego zaprezentowania.\u00a0 Aby u\u0142atwi\u0107 \u201ewyobra\u017cenie i zrozumienie\u201d wykorzystali\u015bmy kilka obszar\u00f3w oddzia\u0142ywania, \u0142\u0105cz\u0105cych si\u0119 w ekspozycj\u0119 artystyczn\u0105 i panel edukacyjny. Cz\u0119\u015b\u0107 pierwsz\u0105 tworzy wystawa archiwalnych rysunk\u00f3w wykonanych przez [&hellip;]","og_url":"https:\/\/instytutpolski.pl\/stockholm\/pl\/2024\/01\/15\/wystawa-womens-concentration-camp-experience\/","og_site_name":"Instytut Polski w Sztokholmie","article_published_time":"2024-01-15T10:28:46+00:00","article_modified_time":"2024-01-15T11:48:45+00:00","og_image":[{"width":2048,"height":1280,"url":"https:\/\/instytutpolski.pl\/stockholm\/wp-content\/uploads\/sites\/17\/2024\/01\/WystawaLund.jpg","type":"image\/jpeg"}],"author":"treichelp","twitter_card":"summary_large_image","twitter_misc":{"Napisane przez":"treichelp","Szacowany czas czytania":"2 minuty"},"schema":{"@context":"https:\/\/schema.org","@graph":[{"@type":"event","@id":"https:\/\/instytutpolski.pl\/stockholm\/pl\/2024\/01\/15\/wystawa-womens-concentration-camp-experience\/","url":"https:\/\/instytutpolski.pl\/stockholm\/pl\/2024\/01\/15\/wystawa-womens-concentration-camp-experience\/","name":"Wystawa Women\u2019s Concentration Camp Experience","isPartOf":{"@id":"https:\/\/instytutpolski.pl\/stockholm\/#website"},"primaryImageOfPage":{"@id":"https:\/\/instytutpolski.pl\/stockholm\/pl\/2024\/01\/15\/wystawa-womens-concentration-camp-experience\/#primaryimage"},"image":["https:\/\/instytutpolski.pl\/stockholm\/wp-content\/uploads\/sites\/17\/2024\/01\/WystawaLund.jpg","https:\/\/instytutpolski.pl\/stockholm\/wp-content\/uploads\/sites\/17\/2024\/01\/WystawaLund-300x188.jpg","https:\/\/instytutpolski.pl\/stockholm\/wp-content\/uploads\/sites\/17\/2024\/01\/WystawaLund-1024x640.jpg","https:\/\/instytutpolski.pl\/stockholm\/wp-content\/uploads\/sites\/17\/2024\/01\/WystawaLund.jpg"],"thumbnailUrl":"https:\/\/instytutpolski.pl\/stockholm\/wp-content\/uploads\/sites\/17\/2024\/01\/WystawaLund.jpg","datePublished":"2024-01-15T10:28:46+02:00","dateModified":"2024-01-15T11:48:45+02:00","author":{"@id":"https:\/\/instytutpolski.pl\/stockholm\/#\/schema\/person\/866a2c0f4ccf0982a286809684f7bc1e"},"breadcrumb":{"@id":"https:\/\/instytutpolski.pl\/stockholm\/pl\/2024\/01\/15\/wystawa-womens-concentration-camp-experience\/#breadcrumb"},"inLanguage":"pl-PL","potentialAction":[{"@type":"ReadAction","target":["https:\/\/instytutpolski.pl\/stockholm\/pl\/2024\/01\/15\/wystawa-womens-concentration-camp-experience\/"]}],"@context":"https:\/\/schema.org","startDate":"2024-01-24","endDate":"2024-08-25","eventStatus":"EventScheduled","eventAttendanceMode":"OfflineEventAttendanceMode","location":{"@type":"place","name":"Kulturen i Lund \u2013 Tegn\u00e9rsplatsen 6, Lund","address":"Kulturen i Lund \u2013 Tegn\u00e9rsplatsen 6, Lund","geo":{"@type":"GeoCoordinates","latitude":"55.70271412148975","longitude":"13.208243145481303"}},"description":"Rol\u0105 naszego przedsi\u0119wzi\u0119cia jest umo\u017cliwienie, szczeg\u00f3lnie m\u0142odemu pokoleniu, wyobra\u017cenia i zrozumienia, czym by\u0142o do\u015bwiadczenie obozu koncentracyjnego dla kobiet. Ten niedostatecznie uobecniony w kulturze temat domaga si\u0119 wszechstronnego i szerokiego zaprezentowania.\u00a0\nAby u\u0142atwi\u0107 \u201ewyobra\u017cenie i zrozumienie\u201d wykorzystali\u015bmy kilka obszar\u00f3w oddzia\u0142ywania, \u0142\u0105cz\u0105cych si\u0119 w ekspozycj\u0119 artystyczn\u0105 i panel edukacyjny. Cz\u0119\u015b\u0107 pierwsz\u0105 tworzy wystawa archiwalnych rysunk\u00f3w wykonanych przez polskie artystki, wi\u0119\u017aniarki lagr\u00f3w (wyst\u0119puj\u0105 opatrzone komentarzem w\u00a0 postaci fragment\u00f3w obozowych wspomnie\u0144) oraz ekspozycja z\u0142o\u017cona ze wsp\u00f3\u0142czesnych artystycznych form postpami\u0119ci tego do\u015bwiadczenia (prace malarskie, rze\u017aby, instalacje), za\u015b materia\u0142 pogl\u0105dowy o charakterze edukacyjnym (warsztaty) pomaga uporz\u0105dkowa\u0107 powsta\u0142e spostrze\u017cenia i wra\u017cenia oraz przybli\u017cy\u0107 szerzej nieznane aspekty kobiecych lagrowych los\u00f3w.\u00a0\ndr hab. Barbara Czarnecka\nWystaw\u0119 zaprojektowa\u0142a dr hab. Barbara Czarnecka z Uniwersytetu w Bia\u0142ymstoku, autorka dw\u00f3ch ksi\u0105\u017cek naukowych na temat do\u015bwiadcze\u0144 kobiet w obozach koncentracyjnych.\nWernisa\u017c odb\u0119dzie si\u0119 24 stycznia w lokalu Auditoriet o godzinie 15:00: Akane Kusakabe zagra na fortepianie, dyrektor muzeum Gustav Olsson przywita go\u015bci, a o wystawie opowiada dr hab. Barbara Czarnecka. Udzia\u0142 wernisa\u017cu jest wliczony w cen\u0119 wst\u0119pu na wystaw\u0119 i nie jest potrzebna wcze\u015bniejsza rezerwacja.\nWi\u0119cej o wystawie przeczytasz tutaj (po szwedzku)\nWystawa by\u0142a wcze\u015bniej prezentowana w Archiwum Pa\u0144stwowym w Bia\u0142ymstoku oraz w Muzeum Niepodleg\u0142o\u015bci w Warszawie. Wystawa zosta\u0142a zaadaptowana do siedziby Kulturen i jest prezentowana w powi\u0105zaniu z autorsk\u0105 wystaw\u0105 instytucji \u201ePrzetrwa\u0107 \u2013 g\u0142osy z Ravensbr\u00fcck\u201d. Projekt jest efektem wsp\u00f3\u0142pracy Uniwersytetu w Bia\u0142ymstoku, Wydzia\u0142u Filologicznego Uniwersytetu w Lund oraz EUROPAST, Instytutu Polskiego w Sztokholmie i Kulturen.\nNa zdj\u0119ciu profesor Barbara Czarnecka montuje wystaw\u0119 w jednym z miejsc, w kt\u00f3rym by\u0142a wcze\u015bniej pokazywana. Fot. Ewa \u015alusarczyk.\nW zwi\u0105zku z Mi\u0119dzynarodowym Dniem Pami\u0119ci o Ofiarach Holokaustu (27.01) odb\u0119dzie si\u0119 konferencja \u201eKobiety i dziewcz\u0119ta w nazistowskich obozach koncentracyjnych: g\u0142osy z archiw\u00f3w powojennych\u201d w dniach 25-26 stycznia, w kt\u00f3rej wezm\u0105 udzia\u0142 r\u00f3wnie\u017c polscy wyk\u0142adowcy. Wi\u0119cej o programie mo\u017cna znale\u017a\u0107 na stronie Uniwersytetu w Lund."},{"@type":"ImageObject","inLanguage":"pl-PL","@id":"https:\/\/instytutpolski.pl\/stockholm\/pl\/2024\/01\/15\/wystawa-womens-concentration-camp-experience\/#primaryimage","url":"https:\/\/instytutpolski.pl\/stockholm\/wp-content\/uploads\/sites\/17\/2024\/01\/WystawaLund.jpg","contentUrl":"https:\/\/instytutpolski.pl\/stockholm\/wp-content\/uploads\/sites\/17\/2024\/01\/WystawaLund.jpg","width":2048,"height":1280},{"@type":"BreadcrumbList","@id":"https:\/\/instytutpolski.pl\/stockholm\/pl\/2024\/01\/15\/wystawa-womens-concentration-camp-experience\/#breadcrumb","itemListElement":[{"@type":"ListItem","position":1,"name":"Home","item":"https:\/\/instytutpolski.pl\/stockholm\/"},{"@type":"ListItem","position":2,"name":"Wystawa Women\u2019s Concentration Camp Experience"}]},{"@type":"WebSite","@id":"https:\/\/instytutpolski.pl\/stockholm\/#website","url":"https:\/\/instytutpolski.pl\/stockholm\/","name":"Instytut Polski w Sztokholmie","description":"Instytuty Polskie","potentialAction":[{"@type":"SearchAction","target":{"@type":"EntryPoint","urlTemplate":"https:\/\/instytutpolski.pl\/stockholm\/?s={search_term_string}"},"query-input":{"@type":"PropertyValueSpecification","valueRequired":true,"valueName":"search_term_string"}}],"inLanguage":"pl-PL"},{"@type":"Person","@id":"https:\/\/instytutpolski.pl\/stockholm\/#\/schema\/person\/866a2c0f4ccf0982a286809684f7bc1e","name":"treichelp","image":{"@type":"ImageObject","inLanguage":"pl-PL","@id":"https:\/\/instytutpolski.pl\/stockholm\/#\/schema\/person\/image\/","url":"https:\/\/secure.gravatar.com\/avatar\/fb2c1caae0df0854742a56fc463dd1fb?s=96&d=mm&r=g","contentUrl":"https:\/\/secure.gravatar.com\/avatar\/fb2c1caae0df0854742a56fc463dd1fb?s=96&d=mm&r=g","caption":"treichelp"},"url":"https:\/\/instytutpolski.pl\/stockholm\/author\/treichelp\/"}]}},"_links":{"self":[{"href":"https:\/\/instytutpolski.pl\/stockholm\/wp-json\/wp\/v2\/posts\/12181","targetHints":{"allow":["GET"]}}],"collection":[{"href":"https:\/\/instytutpolski.pl\/stockholm\/wp-json\/wp\/v2\/posts"}],"about":[{"href":"https:\/\/instytutpolski.pl\/stockholm\/wp-json\/wp\/v2\/types\/post"}],"author":[{"embeddable":true,"href":"https:\/\/instytutpolski.pl\/stockholm\/wp-json\/wp\/v2\/users\/173"}],"replies":[{"embeddable":true,"href":"https:\/\/instytutpolski.pl\/stockholm\/wp-json\/wp\/v2\/comments?post=12181"}],"version-history":[{"count":7,"href":"https:\/\/instytutpolski.pl\/stockholm\/wp-json\/wp\/v2\/posts\/12181\/revisions"}],"predecessor-version":[{"id":12189,"href":"https:\/\/instytutpolski.pl\/stockholm\/wp-json\/wp\/v2\/posts\/12181\/revisions\/12189"}],"wp:featuredmedia":[{"embeddable":true,"href":"https:\/\/instytutpolski.pl\/stockholm\/wp-json\/wp\/v2\/media\/12173"}],"wp:attachment":[{"href":"https:\/\/instytutpolski.pl\/stockholm\/wp-json\/wp\/v2\/media?parent=12181"}],"wp:term":[{"taxonomy":"category","embeddable":true,"href":"https:\/\/instytutpolski.pl\/stockholm\/wp-json\/wp\/v2\/categories?post=12181"},{"taxonomy":"post_tag","embeddable":true,"href":"https:\/\/instytutpolski.pl\/stockholm\/wp-json\/wp\/v2\/tags?post=12181"}],"curies":[{"name":"wp","href":"https:\/\/api.w.org\/{rel}","templated":true}]}}