{"id":12218,"date":"2024-01-31T15:57:07","date_gmt":"2024-01-31T14:57:07","guid":{"rendered":"https:\/\/instytutpolski.pl\/stockholm\/?p=12218"},"modified":"2024-02-15T13:14:11","modified_gmt":"2024-02-15T12:14:11","slug":"festival-v4-film-days-w-kinie-zita-folkets-bio-w-sztokholmie","status":"publish","type":"post","link":"https:\/\/instytutpolski.pl\/stockholm\/pl\/2024\/01\/31\/festival-v4-film-days-w-kinie-zita-folkets-bio-w-sztokholmie\/","title":{"rendered":"Festival V4 Film Days w kinie Zita Folkets Bio w Sztokholmie"},"content":{"rendered":"\n<p>Festiwal V4 Film Days prezentuje wsp\u00f3\u0142czesne filmy z Czech, S\u0142owacji, Polski i W\u0119gier przez cztery dni w Zita Folkets Bio w Sztokholmie. Wszystkie filmy wy\u015bwietlane s\u0105 w j\u0119zyku oryginalnym z angielskimi napisami.<\/p>\n\n\n\n<p>Program festiwalu:<\/p>\n\n\n\n<p><strong>\u015aroda, 21 lutego, godzina 18:00<br><\/strong>Il Boemo (Czechy, re\u017c. Petr V\u00e1clav, 2022)<\/p>\n\n\n\n<p><strong>Czwartek, 22 lutego, godzina 18:00<br><\/strong>Magdalena (Polska, re\u017c. Filip Gieldon, 2021)<\/p>\n\n\n\n<p><strong>Pi\u0105tek, 23 lutego, godzina 18:00<br><\/strong>Be My Dad (W\u0119gry, re\u017c. Rohonyi G\u00e1bor i V\u00e9kes Csaba, 2022)<\/p>\n\n\n\n<p><strong>Sobota, 24 lutego, godzina 15:30<br><\/strong>Invalid (S\u0142owacja, re\u017c. Jon\u00e1\u0161 Kar\u00e1sek, 2023)<\/p>\n\n\n\n<p>Dzi\u0119kujemy za tak du\u017ce zainteresowanie festiwalem V4 Film Days! Wszystkie bilety na cztery seanse zosta\u0142y ju\u017c zarezerwowane. W celu umieszczenia na li\u015bcie rezerwowej pokazu filmu \u201eMagdalena\u201d Filipa Gieldona, prosimy pisa\u0107 na adres stockholm@instytutpolski.pl.<\/p>\n\n\n\n<pre class=\"wp-block-verse\"><\/pre>\n\n\n\n<figure class=\"wp-block-gallery has-nested-images columns-default is-cropped wp-block-gallery-1 is-layout-flex wp-block-gallery-is-layout-flex\">\n<figure class=\"wp-block-image size-large\"><img loading=\"lazy\" decoding=\"async\" width=\"1024\" height=\"1024\" data-id=\"12242\" src=\"https:\/\/instytutpolski.pl\/stockholm\/wp-content\/uploads\/sites\/17\/2024\/01\/1-1024x1024.jpg\" alt=\"\" class=\"wp-image-12242\" srcset=\"https:\/\/instytutpolski.pl\/stockholm\/wp-content\/uploads\/sites\/17\/2024\/01\/1-1024x1024.jpg 1024w, https:\/\/instytutpolski.pl\/stockholm\/wp-content\/uploads\/sites\/17\/2024\/01\/1-300x300.jpg 300w, https:\/\/instytutpolski.pl\/stockholm\/wp-content\/uploads\/sites\/17\/2024\/01\/1-150x150.jpg 150w, https:\/\/instytutpolski.pl\/stockholm\/wp-content\/uploads\/sites\/17\/2024\/01\/1-768x768.jpg 768w, https:\/\/instytutpolski.pl\/stockholm\/wp-content\/uploads\/sites\/17\/2024\/01\/1-1536x1536.jpg 1536w, https:\/\/instytutpolski.pl\/stockholm\/wp-content\/uploads\/sites\/17\/2024\/01\/1-2048x2048.jpg 2048w\" sizes=\"auto, (max-width: 1024px) 100vw, 1024px\" \/><\/figure>\n<\/figure>\n\n\n\n<pre class=\"wp-block-verse\"><\/pre>\n\n\n\n<pre class=\"wp-block-verse\"><strong>O polskim filmie \u201eMagdalena\u201d Filipa Gieldona (2021)\n<\/strong>Polski dramat opowiadaj\u0105cy o samotnej matce, kt\u00f3ra nocami staje si\u0119 did\u017cejk\u0105, graj\u0105c\u0105 muzyk\u0119 w klubach. Traumatyczne wydarzenia z przesz\u0142o\u015bci staj\u0105 jednak na przeszkodzie w rozpocz\u0119ciu nowego \u017cycia. Marzy o zostaniu profesjonaln\u0105 did\u017cejk\u0105 i wyjechaniu za granic\u0119, w tym samym czasie stara si\u0119 zachowa\u0107 kontakt ze swoj\u0105 pi\u0119cioletni\u0105 c\u00f3rk\u0105, kt\u00f3r\u0105 wychowuje razem ze swoj\u0105 matk\u0105. Kiedy spotyka znan\u0105 did\u017cejk\u0119 Juli\u0119, jej marzenia maj\u0105 szans\u0119 si\u0119 spe\u0142ni\u0107. Ta bierze j\u0105 pod swoje skrzyd\u0142a i obiecuje jej wyjazd na s\u0142ynn\u0105 imprez\u0119 w Berlinie. Jednak, traumatyczna przesz\u0142o\u015b\u0107 od kt\u00f3rej Magdalena ucieka zaczyna j\u0105 dogania\u0107 i stoi teraz przed swoim najwi\u0119kszym wyborem c\u00f3rka czy kariera?\n\n<strong>Scenariusz i re\u017cyseria<\/strong>\nFILIP GIELDON\nUrodzi\u0142 si\u0119 w 1983 roku w Sztokholmie. Po uko\u0144czeniu studi\u00f3w literatury angielskiej, filologii angielskiej i nauk politycznych na Uniwersytecie w Sztokholmie przeni\u00f3s\u0142 si\u0119 do Londynu, gdzie kontynuowa\u0142 nauk\u0119 w zakresie nauk politycznych i filmoznawstwa. W Anglii ucz\u0119szcza\u0142 r\u00f3wnie\u017c na kurs pisania poezji i scenopisarstwa. Po powrocie do Szwecji studiowa\u0142 przez dwa lata w Sztokholmskiej Szkole Filmowej oraz dziennikarstwo polityczne na Uniwersytecie Sztokholmskim. Nast\u0119pnie przeni\u00f3s\u0142 si\u0119 do Polski, sk\u0105d pochodzili jego rodzice, gdzie zosta\u0142 przyj\u0119ty do Szko\u0142y Filmowej w \u0141odzi. \u201eMagdalena\u201d jest pe\u0142nometra\u017cowym debiutem re\u017cysera.\n\n<strong>Zdj\u0119cia<\/strong>\nSTANIS\u0141AW HORODECKI\n\n<strong>Scenografia<\/strong>\nMAJA PAWLIKOWSKA\n\n<strong>Muzyka<\/strong>\nMARCIN SUCHARSKI,\nMARTA KONDEJ\n\n<strong>Monta\u017c<\/strong>\nMARCIN SUCHARSKI<\/pre>\n\n\n\n<pre class=\"wp-block-verse\"><\/pre>\n\n\n\n<p>Festiwal jest organizowany w ramach wsp\u00f3\u0142pracy Czeskiego Centrum w Sztokholmie, Ambasady Republiki Czeskiej w Sztokholmie, Ambasady S\u0142owacji w Sztokholmie, Ambasady W\u0119gier w Sztokholmie, Stowarzyszenia Szwedzko-Czesko-S\u0142owackiego STSF oraz Instytutu Polskiego w Sztokholmie.<\/p>\n","protected":false},"excerpt":{"rendered":"<p>Festiwal V4 Film Days prezentuje wsp\u00f3\u0142czesne filmy z Czech, S\u0142owacji, Polski i W\u0119gier przez cztery dni w Zita Folkets Bio w Sztokholmie. Wszystkie filmy wy\u015bwietlane s\u0105 w j\u0119zyku oryginalnym z angielskimi napisami. Program festiwalu: \u015aroda, 21 lutego, godzina 18:00Il Boemo (Czechy, re\u017c. Petr V\u00e1clav, 2022) Czwartek, 22 lutego, godzina 18:00Magdalena (Polska, re\u017c. Filip Gieldon, 2021) [&hellip;]<\/p>\n","protected":false},"author":173,"featured_media":12214,"comment_status":"closed","ping_status":"closed","sticky":false,"template":"","format":"standard","meta":{"inline_featured_image":false,"_monsterinsights_skip_tracking":false,"_monsterinsights_sitenote_active":false,"_monsterinsights_sitenote_note":"","_monsterinsights_sitenote_category":0,"footnotes":""},"categories":[85,36],"tags":[],"class_list":["post-12218","post","type-post","status-publish","format-standard","has-post-thumbnail","hentry","category-kino","category-wydarzenie"],"yoast_head":"<!-- This site is optimized with the Yoast SEO plugin v24.6 - https:\/\/yoast.com\/wordpress\/plugins\/seo\/ -->\n<title>Festival V4 Film Days w kinie Zita Folkets Bio w Sztokholmie - Instytut Polski w Sztokholmie<\/title>\n<meta name=\"robots\" content=\"index, follow, max-snippet:-1, max-image-preview:large, max-video-preview:-1\" \/>\n<link rel=\"canonical\" href=\"https:\/\/instytutpolski.pl\/stockholm\/pl\/2024\/01\/31\/festival-v4-film-days-w-kinie-zita-folkets-bio-w-sztokholmie\/\" \/>\n<meta property=\"og:locale\" content=\"pl_PL\" \/>\n<meta property=\"og:type\" content=\"article\" \/>\n<meta property=\"og:title\" content=\"Festival V4 Film Days w kinie Zita Folkets Bio w Sztokholmie - Instytut Polski w Sztokholmie\" \/>\n<meta property=\"og:description\" content=\"Festiwal V4 Film Days prezentuje wsp\u00f3\u0142czesne filmy z Czech, S\u0142owacji, Polski i W\u0119gier przez cztery dni w Zita Folkets Bio w Sztokholmie. Wszystkie filmy wy\u015bwietlane s\u0105 w j\u0119zyku oryginalnym z angielskimi napisami. Program festiwalu: \u015aroda, 21 lutego, godzina 18:00Il Boemo (Czechy, re\u017c. Petr V\u00e1clav, 2022) Czwartek, 22 lutego, godzina 18:00Magdalena (Polska, re\u017c. Filip Gieldon, 2021) [&hellip;]\" \/>\n<meta property=\"og:url\" content=\"https:\/\/instytutpolski.pl\/stockholm\/pl\/2024\/01\/31\/festival-v4-film-days-w-kinie-zita-folkets-bio-w-sztokholmie\/\" \/>\n<meta property=\"og:site_name\" content=\"Instytut Polski w Sztokholmie\" \/>\n<meta property=\"article:published_time\" content=\"2024-01-31T14:57:07+00:00\" \/>\n<meta property=\"article:modified_time\" content=\"2024-02-15T12:14:11+00:00\" \/>\n<meta property=\"og:image\" content=\"https:\/\/instytutpolski.pl\/stockholm\/wp-content\/uploads\/sites\/17\/2024\/01\/V4FilmDaysOmslagFb.jpeg\" \/>\n\t<meta property=\"og:image:width\" content=\"2048\" \/>\n\t<meta property=\"og:image:height\" content=\"1152\" \/>\n\t<meta property=\"og:image:type\" content=\"image\/jpeg\" \/>\n<meta name=\"author\" content=\"treichelp\" \/>\n<meta name=\"twitter:card\" content=\"summary_large_image\" \/>\n<meta name=\"twitter:label1\" content=\"Napisane przez\" \/>\n\t<meta name=\"twitter:data1\" content=\"treichelp\" \/>\n\t<meta name=\"twitter:label2\" content=\"Szacowany czas czytania\" \/>\n\t<meta name=\"twitter:data2\" content=\"2 minuty\" \/>\n<script type=\"application\/ld+json\" class=\"yoast-schema-graph\">{\"@context\":\"https:\/\/schema.org\",\"@graph\":[{\"@type\":\"event\",\"@id\":\"https:\/\/instytutpolski.pl\/stockholm\/pl\/2024\/01\/31\/festival-v4-film-days-w-kinie-zita-folkets-bio-w-sztokholmie\/\",\"url\":\"https:\/\/instytutpolski.pl\/stockholm\/pl\/2024\/01\/31\/festival-v4-film-days-w-kinie-zita-folkets-bio-w-sztokholmie\/\",\"name\":\"Festival V4 Film Days w kinie Zita Folkets Bio w Sztokholmie\",\"isPartOf\":{\"@id\":\"https:\/\/instytutpolski.pl\/stockholm\/#website\"},\"primaryImageOfPage\":{\"@id\":\"https:\/\/instytutpolski.pl\/stockholm\/pl\/2024\/01\/31\/festival-v4-film-days-w-kinie-zita-folkets-bio-w-sztokholmie\/#primaryimage\"},\"image\":[\"https:\/\/instytutpolski.pl\/stockholm\/wp-content\/uploads\/sites\/17\/2024\/01\/V4FilmDaysOmslagFb.jpeg\",\"https:\/\/instytutpolski.pl\/stockholm\/wp-content\/uploads\/sites\/17\/2024\/01\/V4FilmDaysOmslagFb-300x169.jpeg\",\"https:\/\/instytutpolski.pl\/stockholm\/wp-content\/uploads\/sites\/17\/2024\/01\/V4FilmDaysOmslagFb-1024x576.jpeg\",\"https:\/\/instytutpolski.pl\/stockholm\/wp-content\/uploads\/sites\/17\/2024\/01\/V4FilmDaysOmslagFb.jpeg\"],\"thumbnailUrl\":\"https:\/\/instytutpolski.pl\/stockholm\/wp-content\/uploads\/sites\/17\/2024\/01\/V4FilmDaysOmslagFb.jpeg\",\"datePublished\":\"2024-01-31T14:57:07+02:00\",\"dateModified\":\"2024-02-15T12:14:11+02:00\",\"author\":{\"@id\":\"https:\/\/instytutpolski.pl\/stockholm\/#\/schema\/person\/866a2c0f4ccf0982a286809684f7bc1e\"},\"breadcrumb\":{\"@id\":\"https:\/\/instytutpolski.pl\/stockholm\/pl\/2024\/01\/31\/festival-v4-film-days-w-kinie-zita-folkets-bio-w-sztokholmie\/#breadcrumb\"},\"inLanguage\":\"pl-PL\",\"potentialAction\":[{\"@type\":\"ReadAction\",\"target\":[\"https:\/\/instytutpolski.pl\/stockholm\/pl\/2024\/01\/31\/festival-v4-film-days-w-kinie-zita-folkets-bio-w-sztokholmie\/\"]}],\"@context\":\"https:\/\/schema.org\",\"startDate\":\"2024-02-21\",\"endDate\":\"2024-02-24\",\"eventStatus\":\"EventScheduled\",\"eventAttendanceMode\":\"OfflineEventAttendanceMode\",\"location\":{\"@type\":\"place\",\"name\":\"Zita Folkets Bio, Stockholm\",\"address\":\"Zita Folkets Bio, Stockholm\",\"geo\":{\"@type\":\"GeoCoordinates\",\"latitude\":\"59.14407174341335\",\"longitude\":\"18.25810930027415\"}},\"description\":\"Festiwal V4 Film Days prezentuje wsp\u00f3\u0142czesne filmy z Czech, S\u0142owacji, Polski i W\u0119gier przez cztery dni w Zita Folkets Bio w Sztokholmie. Wszystkie filmy wy\u015bwietlane s\u0105 w j\u0119zyku oryginalnym z angielskimi napisami.\\nProgram festiwalu:\\n\u015aroda, 21 lutego, godzina 18:00Il Boemo (Czechy, re\u017c. Petr V\u00e1clav, 2022)\\nCzwartek, 22 lutego, godzina 18:00Magdalena (Polska, re\u017c. Filip Gieldon, 2021)\\nPi\u0105tek, 23 lutego, godzina 18:00Be My Dad (W\u0119gry, re\u017c. Rohonyi G\u00e1bor i V\u00e9kes Csaba, 2022)\\nSobota, 24 lutego, godzina 15:30Invalid (S\u0142owacja, re\u017c. Jon\u00e1\u0161 Kar\u00e1sek, 2023)\\nDzi\u0119kujemy za tak du\u017ce zainteresowanie festiwalem V4 Film Days! Wszystkie bilety na cztery seanse zosta\u0142y ju\u017c zarezerwowane. W celu umieszczenia na li\u015bcie rezerwowej pokazu filmu \u201eMagdalena\u201d Filipa Gieldona, prosimy pisa\u0107 na adres stockholm@instytutpolski.pl.\\nO polskim filmie \u201eMagdalena\u201d Filipa Gieldona (2021)\\nPolski dramat opowiadaj\u0105cy o samotnej matce, kt\u00f3ra nocami staje si\u0119 did\u017cejk\u0105, graj\u0105c\u0105 muzyk\u0119 w klubach. Traumatyczne wydarzenia z przesz\u0142o\u015bci staj\u0105 jednak na przeszkodzie w rozpocz\u0119ciu nowego \u017cycia. Marzy o zostaniu profesjonaln\u0105 did\u017cejk\u0105 i wyjechaniu za granic\u0119, w tym samym czasie stara si\u0119 zachowa\u0107 kontakt ze swoj\u0105 pi\u0119cioletni\u0105 c\u00f3rk\u0105, kt\u00f3r\u0105 wychowuje razem ze swoj\u0105 matk\u0105. Kiedy spotyka znan\u0105 did\u017cejk\u0119 Juli\u0119, jej marzenia maj\u0105 szans\u0119 si\u0119 spe\u0142ni\u0107. Ta bierze j\u0105 pod swoje skrzyd\u0142a i obiecuje jej wyjazd na s\u0142ynn\u0105 imprez\u0119 w Berlinie. Jednak, traumatyczna przesz\u0142o\u015b\u0107 od kt\u00f3rej Magdalena ucieka zaczyna j\u0105 dogania\u0107 i stoi teraz przed swoim najwi\u0119kszym wyborem c\u00f3rka czy kariera?\\nScenariusz i re\u017cyseria\\nFILIP GIELDON\\nUrodzi\u0142 si\u0119 w 1983 roku w Sztokholmie. Po uko\u0144czeniu studi\u00f3w literatury angielskiej, filologii angielskiej i nauk politycznych na Uniwersytecie w Sztokholmie przeni\u00f3s\u0142 si\u0119 do Londynu, gdzie kontynuowa\u0142 nauk\u0119 w zakresie nauk politycznych i filmoznawstwa. W Anglii ucz\u0119szcza\u0142 r\u00f3wnie\u017c na kurs pisania poezji i scenopisarstwa. Po powrocie do Szwecji studiowa\u0142 przez dwa lata w Sztokholmskiej Szkole Filmowej oraz dziennikarstwo polityczne na Uniwersytecie Sztokholmskim. Nast\u0119pnie przeni\u00f3s\u0142 si\u0119 do Polski, sk\u0105d pochodzili jego rodzice, gdzie zosta\u0142 przyj\u0119ty do Szko\u0142y Filmowej w \u0141odzi. \u201eMagdalena\u201d jest pe\u0142nometra\u017cowym debiutem re\u017cysera.\\nZdj\u0119cia\\nSTANIS\u0141AW HORODECKI\\nScenografia\\nMAJA PAWLIKOWSKA\\nMuzyka\\nMARCIN SUCHARSKI,\\nMARTA KONDEJ\\nMonta\u017c\\nMARCIN SUCHARSKI\\nFestiwal jest organizowany w ramach wsp\u00f3\u0142pracy Czeskiego Centrum w Sztokholmie, Ambasady Republiki Czeskiej w Sztokholmie, Ambasady S\u0142owacji w Sztokholmie, Ambasady W\u0119gier w Sztokholmie, Stowarzyszenia Szwedzko-Czesko-S\u0142owackiego STSF oraz Instytutu Polskiego w Sztokholmie.\"},{\"@type\":\"ImageObject\",\"inLanguage\":\"pl-PL\",\"@id\":\"https:\/\/instytutpolski.pl\/stockholm\/pl\/2024\/01\/31\/festival-v4-film-days-w-kinie-zita-folkets-bio-w-sztokholmie\/#primaryimage\",\"url\":\"https:\/\/instytutpolski.pl\/stockholm\/wp-content\/uploads\/sites\/17\/2024\/01\/V4FilmDaysOmslagFb.jpeg\",\"contentUrl\":\"https:\/\/instytutpolski.pl\/stockholm\/wp-content\/uploads\/sites\/17\/2024\/01\/V4FilmDaysOmslagFb.jpeg\",\"width\":2048,\"height\":1152},{\"@type\":\"BreadcrumbList\",\"@id\":\"https:\/\/instytutpolski.pl\/stockholm\/pl\/2024\/01\/31\/festival-v4-film-days-w-kinie-zita-folkets-bio-w-sztokholmie\/#breadcrumb\",\"itemListElement\":[{\"@type\":\"ListItem\",\"position\":1,\"name\":\"Home\",\"item\":\"https:\/\/instytutpolski.pl\/stockholm\/\"},{\"@type\":\"ListItem\",\"position\":2,\"name\":\"Festival V4 Film Days w kinie Zita Folkets Bio w Sztokholmie\"}]},{\"@type\":\"WebSite\",\"@id\":\"https:\/\/instytutpolski.pl\/stockholm\/#website\",\"url\":\"https:\/\/instytutpolski.pl\/stockholm\/\",\"name\":\"Instytut Polski w Sztokholmie\",\"description\":\"Instytuty Polskie\",\"potentialAction\":[{\"@type\":\"SearchAction\",\"target\":{\"@type\":\"EntryPoint\",\"urlTemplate\":\"https:\/\/instytutpolski.pl\/stockholm\/?s={search_term_string}\"},\"query-input\":{\"@type\":\"PropertyValueSpecification\",\"valueRequired\":true,\"valueName\":\"search_term_string\"}}],\"inLanguage\":\"pl-PL\"},{\"@type\":\"Person\",\"@id\":\"https:\/\/instytutpolski.pl\/stockholm\/#\/schema\/person\/866a2c0f4ccf0982a286809684f7bc1e\",\"name\":\"treichelp\",\"image\":{\"@type\":\"ImageObject\",\"inLanguage\":\"pl-PL\",\"@id\":\"https:\/\/instytutpolski.pl\/stockholm\/#\/schema\/person\/image\/\",\"url\":\"https:\/\/secure.gravatar.com\/avatar\/fb2c1caae0df0854742a56fc463dd1fb?s=96&d=mm&r=g\",\"contentUrl\":\"https:\/\/secure.gravatar.com\/avatar\/fb2c1caae0df0854742a56fc463dd1fb?s=96&d=mm&r=g\",\"caption\":\"treichelp\"},\"url\":\"https:\/\/instytutpolski.pl\/stockholm\/author\/treichelp\/\"}]}<\/script>\n<!-- \/ Yoast SEO plugin. -->","yoast_head_json":{"title":"Festival V4 Film Days w kinie Zita Folkets Bio w Sztokholmie - Instytut Polski w Sztokholmie","robots":{"index":"index","follow":"follow","max-snippet":"max-snippet:-1","max-image-preview":"max-image-preview:large","max-video-preview":"max-video-preview:-1"},"canonical":"https:\/\/instytutpolski.pl\/stockholm\/pl\/2024\/01\/31\/festival-v4-film-days-w-kinie-zita-folkets-bio-w-sztokholmie\/","og_locale":"pl_PL","og_type":"article","og_title":"Festival V4 Film Days w kinie Zita Folkets Bio w Sztokholmie - Instytut Polski w Sztokholmie","og_description":"Festiwal V4 Film Days prezentuje wsp\u00f3\u0142czesne filmy z Czech, S\u0142owacji, Polski i W\u0119gier przez cztery dni w Zita Folkets Bio w Sztokholmie. Wszystkie filmy wy\u015bwietlane s\u0105 w j\u0119zyku oryginalnym z angielskimi napisami. Program festiwalu: \u015aroda, 21 lutego, godzina 18:00Il Boemo (Czechy, re\u017c. Petr V\u00e1clav, 2022) Czwartek, 22 lutego, godzina 18:00Magdalena (Polska, re\u017c. Filip Gieldon, 2021) [&hellip;]","og_url":"https:\/\/instytutpolski.pl\/stockholm\/pl\/2024\/01\/31\/festival-v4-film-days-w-kinie-zita-folkets-bio-w-sztokholmie\/","og_site_name":"Instytut Polski w Sztokholmie","article_published_time":"2024-01-31T14:57:07+00:00","article_modified_time":"2024-02-15T12:14:11+00:00","og_image":[{"width":2048,"height":1152,"url":"https:\/\/instytutpolski.pl\/stockholm\/wp-content\/uploads\/sites\/17\/2024\/01\/V4FilmDaysOmslagFb.jpeg","type":"image\/jpeg"}],"author":"treichelp","twitter_card":"summary_large_image","twitter_misc":{"Napisane przez":"treichelp","Szacowany czas czytania":"2 minuty"},"schema":{"@context":"https:\/\/schema.org","@graph":[{"@type":"event","@id":"https:\/\/instytutpolski.pl\/stockholm\/pl\/2024\/01\/31\/festival-v4-film-days-w-kinie-zita-folkets-bio-w-sztokholmie\/","url":"https:\/\/instytutpolski.pl\/stockholm\/pl\/2024\/01\/31\/festival-v4-film-days-w-kinie-zita-folkets-bio-w-sztokholmie\/","name":"Festival V4 Film Days w kinie Zita Folkets Bio w Sztokholmie","isPartOf":{"@id":"https:\/\/instytutpolski.pl\/stockholm\/#website"},"primaryImageOfPage":{"@id":"https:\/\/instytutpolski.pl\/stockholm\/pl\/2024\/01\/31\/festival-v4-film-days-w-kinie-zita-folkets-bio-w-sztokholmie\/#primaryimage"},"image":["https:\/\/instytutpolski.pl\/stockholm\/wp-content\/uploads\/sites\/17\/2024\/01\/V4FilmDaysOmslagFb.jpeg","https:\/\/instytutpolski.pl\/stockholm\/wp-content\/uploads\/sites\/17\/2024\/01\/V4FilmDaysOmslagFb-300x169.jpeg","https:\/\/instytutpolski.pl\/stockholm\/wp-content\/uploads\/sites\/17\/2024\/01\/V4FilmDaysOmslagFb-1024x576.jpeg","https:\/\/instytutpolski.pl\/stockholm\/wp-content\/uploads\/sites\/17\/2024\/01\/V4FilmDaysOmslagFb.jpeg"],"thumbnailUrl":"https:\/\/instytutpolski.pl\/stockholm\/wp-content\/uploads\/sites\/17\/2024\/01\/V4FilmDaysOmslagFb.jpeg","datePublished":"2024-01-31T14:57:07+02:00","dateModified":"2024-02-15T12:14:11+02:00","author":{"@id":"https:\/\/instytutpolski.pl\/stockholm\/#\/schema\/person\/866a2c0f4ccf0982a286809684f7bc1e"},"breadcrumb":{"@id":"https:\/\/instytutpolski.pl\/stockholm\/pl\/2024\/01\/31\/festival-v4-film-days-w-kinie-zita-folkets-bio-w-sztokholmie\/#breadcrumb"},"inLanguage":"pl-PL","potentialAction":[{"@type":"ReadAction","target":["https:\/\/instytutpolski.pl\/stockholm\/pl\/2024\/01\/31\/festival-v4-film-days-w-kinie-zita-folkets-bio-w-sztokholmie\/"]}],"@context":"https:\/\/schema.org","startDate":"2024-02-21","endDate":"2024-02-24","eventStatus":"EventScheduled","eventAttendanceMode":"OfflineEventAttendanceMode","location":{"@type":"place","name":"Zita Folkets Bio, Stockholm","address":"Zita Folkets Bio, Stockholm","geo":{"@type":"GeoCoordinates","latitude":"59.14407174341335","longitude":"18.25810930027415"}},"description":"Festiwal V4 Film Days prezentuje wsp\u00f3\u0142czesne filmy z Czech, S\u0142owacji, Polski i W\u0119gier przez cztery dni w Zita Folkets Bio w Sztokholmie. Wszystkie filmy wy\u015bwietlane s\u0105 w j\u0119zyku oryginalnym z angielskimi napisami.\nProgram festiwalu:\n\u015aroda, 21 lutego, godzina 18:00Il Boemo (Czechy, re\u017c. Petr V\u00e1clav, 2022)\nCzwartek, 22 lutego, godzina 18:00Magdalena (Polska, re\u017c. Filip Gieldon, 2021)\nPi\u0105tek, 23 lutego, godzina 18:00Be My Dad (W\u0119gry, re\u017c. Rohonyi G\u00e1bor i V\u00e9kes Csaba, 2022)\nSobota, 24 lutego, godzina 15:30Invalid (S\u0142owacja, re\u017c. Jon\u00e1\u0161 Kar\u00e1sek, 2023)\nDzi\u0119kujemy za tak du\u017ce zainteresowanie festiwalem V4 Film Days! Wszystkie bilety na cztery seanse zosta\u0142y ju\u017c zarezerwowane. W celu umieszczenia na li\u015bcie rezerwowej pokazu filmu \u201eMagdalena\u201d Filipa Gieldona, prosimy pisa\u0107 na adres stockholm@instytutpolski.pl.\nO polskim filmie \u201eMagdalena\u201d Filipa Gieldona (2021)\nPolski dramat opowiadaj\u0105cy o samotnej matce, kt\u00f3ra nocami staje si\u0119 did\u017cejk\u0105, graj\u0105c\u0105 muzyk\u0119 w klubach. Traumatyczne wydarzenia z przesz\u0142o\u015bci staj\u0105 jednak na przeszkodzie w rozpocz\u0119ciu nowego \u017cycia. Marzy o zostaniu profesjonaln\u0105 did\u017cejk\u0105 i wyjechaniu za granic\u0119, w tym samym czasie stara si\u0119 zachowa\u0107 kontakt ze swoj\u0105 pi\u0119cioletni\u0105 c\u00f3rk\u0105, kt\u00f3r\u0105 wychowuje razem ze swoj\u0105 matk\u0105. Kiedy spotyka znan\u0105 did\u017cejk\u0119 Juli\u0119, jej marzenia maj\u0105 szans\u0119 si\u0119 spe\u0142ni\u0107. Ta bierze j\u0105 pod swoje skrzyd\u0142a i obiecuje jej wyjazd na s\u0142ynn\u0105 imprez\u0119 w Berlinie. Jednak, traumatyczna przesz\u0142o\u015b\u0107 od kt\u00f3rej Magdalena ucieka zaczyna j\u0105 dogania\u0107 i stoi teraz przed swoim najwi\u0119kszym wyborem c\u00f3rka czy kariera?\nScenariusz i re\u017cyseria\nFILIP GIELDON\nUrodzi\u0142 si\u0119 w 1983 roku w Sztokholmie. Po uko\u0144czeniu studi\u00f3w literatury angielskiej, filologii angielskiej i nauk politycznych na Uniwersytecie w Sztokholmie przeni\u00f3s\u0142 si\u0119 do Londynu, gdzie kontynuowa\u0142 nauk\u0119 w zakresie nauk politycznych i filmoznawstwa. W Anglii ucz\u0119szcza\u0142 r\u00f3wnie\u017c na kurs pisania poezji i scenopisarstwa. Po powrocie do Szwecji studiowa\u0142 przez dwa lata w Sztokholmskiej Szkole Filmowej oraz dziennikarstwo polityczne na Uniwersytecie Sztokholmskim. Nast\u0119pnie przeni\u00f3s\u0142 si\u0119 do Polski, sk\u0105d pochodzili jego rodzice, gdzie zosta\u0142 przyj\u0119ty do Szko\u0142y Filmowej w \u0141odzi. \u201eMagdalena\u201d jest pe\u0142nometra\u017cowym debiutem re\u017cysera.\nZdj\u0119cia\nSTANIS\u0141AW HORODECKI\nScenografia\nMAJA PAWLIKOWSKA\nMuzyka\nMARCIN SUCHARSKI,\nMARTA KONDEJ\nMonta\u017c\nMARCIN SUCHARSKI\nFestiwal jest organizowany w ramach wsp\u00f3\u0142pracy Czeskiego Centrum w Sztokholmie, Ambasady Republiki Czeskiej w Sztokholmie, Ambasady S\u0142owacji w Sztokholmie, Ambasady W\u0119gier w Sztokholmie, Stowarzyszenia Szwedzko-Czesko-S\u0142owackiego STSF oraz Instytutu Polskiego w Sztokholmie."},{"@type":"ImageObject","inLanguage":"pl-PL","@id":"https:\/\/instytutpolski.pl\/stockholm\/pl\/2024\/01\/31\/festival-v4-film-days-w-kinie-zita-folkets-bio-w-sztokholmie\/#primaryimage","url":"https:\/\/instytutpolski.pl\/stockholm\/wp-content\/uploads\/sites\/17\/2024\/01\/V4FilmDaysOmslagFb.jpeg","contentUrl":"https:\/\/instytutpolski.pl\/stockholm\/wp-content\/uploads\/sites\/17\/2024\/01\/V4FilmDaysOmslagFb.jpeg","width":2048,"height":1152},{"@type":"BreadcrumbList","@id":"https:\/\/instytutpolski.pl\/stockholm\/pl\/2024\/01\/31\/festival-v4-film-days-w-kinie-zita-folkets-bio-w-sztokholmie\/#breadcrumb","itemListElement":[{"@type":"ListItem","position":1,"name":"Home","item":"https:\/\/instytutpolski.pl\/stockholm\/"},{"@type":"ListItem","position":2,"name":"Festival V4 Film Days w kinie Zita Folkets Bio w Sztokholmie"}]},{"@type":"WebSite","@id":"https:\/\/instytutpolski.pl\/stockholm\/#website","url":"https:\/\/instytutpolski.pl\/stockholm\/","name":"Instytut Polski w Sztokholmie","description":"Instytuty Polskie","potentialAction":[{"@type":"SearchAction","target":{"@type":"EntryPoint","urlTemplate":"https:\/\/instytutpolski.pl\/stockholm\/?s={search_term_string}"},"query-input":{"@type":"PropertyValueSpecification","valueRequired":true,"valueName":"search_term_string"}}],"inLanguage":"pl-PL"},{"@type":"Person","@id":"https:\/\/instytutpolski.pl\/stockholm\/#\/schema\/person\/866a2c0f4ccf0982a286809684f7bc1e","name":"treichelp","image":{"@type":"ImageObject","inLanguage":"pl-PL","@id":"https:\/\/instytutpolski.pl\/stockholm\/#\/schema\/person\/image\/","url":"https:\/\/secure.gravatar.com\/avatar\/fb2c1caae0df0854742a56fc463dd1fb?s=96&d=mm&r=g","contentUrl":"https:\/\/secure.gravatar.com\/avatar\/fb2c1caae0df0854742a56fc463dd1fb?s=96&d=mm&r=g","caption":"treichelp"},"url":"https:\/\/instytutpolski.pl\/stockholm\/author\/treichelp\/"}]}},"_links":{"self":[{"href":"https:\/\/instytutpolski.pl\/stockholm\/wp-json\/wp\/v2\/posts\/12218","targetHints":{"allow":["GET"]}}],"collection":[{"href":"https:\/\/instytutpolski.pl\/stockholm\/wp-json\/wp\/v2\/posts"}],"about":[{"href":"https:\/\/instytutpolski.pl\/stockholm\/wp-json\/wp\/v2\/types\/post"}],"author":[{"embeddable":true,"href":"https:\/\/instytutpolski.pl\/stockholm\/wp-json\/wp\/v2\/users\/173"}],"replies":[{"embeddable":true,"href":"https:\/\/instytutpolski.pl\/stockholm\/wp-json\/wp\/v2\/comments?post=12218"}],"version-history":[{"count":6,"href":"https:\/\/instytutpolski.pl\/stockholm\/wp-json\/wp\/v2\/posts\/12218\/revisions"}],"predecessor-version":[{"id":12260,"href":"https:\/\/instytutpolski.pl\/stockholm\/wp-json\/wp\/v2\/posts\/12218\/revisions\/12260"}],"wp:featuredmedia":[{"embeddable":true,"href":"https:\/\/instytutpolski.pl\/stockholm\/wp-json\/wp\/v2\/media\/12214"}],"wp:attachment":[{"href":"https:\/\/instytutpolski.pl\/stockholm\/wp-json\/wp\/v2\/media?parent=12218"}],"wp:term":[{"taxonomy":"category","embeddable":true,"href":"https:\/\/instytutpolski.pl\/stockholm\/wp-json\/wp\/v2\/categories?post=12218"},{"taxonomy":"post_tag","embeddable":true,"href":"https:\/\/instytutpolski.pl\/stockholm\/wp-json\/wp\/v2\/tags?post=12218"}],"curies":[{"name":"wp","href":"https:\/\/api.w.org\/{rel}","templated":true}]}}