{"id":12433,"date":"2024-04-11T14:15:14","date_gmt":"2024-04-11T12:15:14","guid":{"rendered":"https:\/\/instytutpolski.pl\/stockholm\/?p=12433"},"modified":"2024-06-17T14:54:19","modified_gmt":"2024-06-17T12:54:19","slug":"prace-polskich-i-szwedzkich-artystow-na-wystawie-polskie-slady-w-galerii-sztuki-sodertalje-konsthall","status":"publish","type":"post","link":"https:\/\/instytutpolski.pl\/stockholm\/pl\/2024\/04\/11\/prace-polskich-i-szwedzkich-artystow-na-wystawie-polskie-slady-w-galerii-sztuki-sodertalje-konsthall\/","title":{"rendered":"Prace polskich i szwedzkich artyst\u00f3w na wystawie Polskie \u015blady w galerii sztuki S\u00f6dert\u00e4lje konsthall"},"content":{"rendered":"\n<p>Szczeg\u00f3lne gratulacje i podzi\u0119kowania nale\u017c\u0105 si\u0119 r\u00f3wnie\u017c artystom obecnym na wernisa\u017cu: \u00c9vie Mag, Annie Kellerth, J\u00f3zefowi Ga\u0142\u0105zce, Natanowi Kryszkowi i Teresie Seger oraz Annie-Lenie Renqvist, kt\u00f3ra przedstawi\u0142a posta\u0107 Torstena Renqvista. Podczas otwarcia stworzone zosta\u0142o r\u00f3wnie\u017c grupowe dzie\u0142o sztuki &#8211; sztandar, z inicjatywy Natana i J\u00f3zefa, z kt\u00f3rym nast\u0119pnie odby\u0142 si\u0119 marsz do instalacji S\u0142oneczny rydwan W\u0142adys\u0142awa Hasiora stoj\u0105cej w S\u00f6dert\u00e4lje. Ponadto, zesp\u00f3\u0142 Ukrainian-Polish Orchestra zagra\u0142 polsk\u0105 muzyk\u0119 folkow\u0105 a grupa teatralna z Teater Albatross zaprezentowa\u0142a sztuk\u0119 inspirowan\u0105 tw\u00f3rczo\u015bci\u0105 W\u0142adys\u0142awa Hasiora.<\/p>\n\n\n\n<p>Wystawa Polskie \u015blady jest otwarta do 25 maja. Zapraszamy!<\/p>\n\n\n\n<p>Fot. Wojtek Sidorowicz<br>Prezentowani arty\u015bci: Magdalena Abakanowicz, Jerzy Bere\u015b, J\u00f3zef Ga\u0142\u0105zka, Teresa Gogulska-Seger, W\u0142adys\u0142aw Hasior, Jan H\u00e5fstr\u00f6m, Anna Kellerth, Natan Kryszk, \u00c9va Mag, Torsten Renqvist.<\/p>\n\n\n\n<p>Projekt jest efektem wsp\u00f3\u0142pracy galerii S\u00f6dert\u00e4lje konsthall, Instytutu Polskiego w Sztokholmie, uniwersytetu S\u00f6dert\u00f6rns h\u00f6gskola, grupy Teater Albatross oraz Kulturhistoriska F\u00f6reningen i S\u00f6dert\u00e4lje.<\/p>\n\n\n\n<p>Wi\u0119cej informacji znajdziesz na <a href=\"https:\/\/www.sodertaljekonsthall.se\/exhibitions\/polska-spar\/?ref=current\" target=\"_blank\" rel=\"noreferrer noopener\">stronie galerii S\u00f6dert\u00e4lje konsthall<\/a> (po szwedzku). <\/p>\n\n\n\n<pre class=\"wp-block-verse\"><\/pre>\n\n\n\n<figure class=\"wp-block-gallery has-nested-images columns-default is-cropped wp-block-gallery-1 is-layout-flex wp-block-gallery-is-layout-flex\">\n<figure class=\"wp-block-image size-large\"><img loading=\"lazy\" decoding=\"async\" width=\"1024\" height=\"683\" data-id=\"12482\" src=\"https:\/\/instytutpolski.pl\/stockholm\/wp-content\/uploads\/sites\/17\/2024\/04\/IMG_2894-1024x683.jpg\" alt=\"\" class=\"wp-image-12482\" srcset=\"https:\/\/instytutpolski.pl\/stockholm\/wp-content\/uploads\/sites\/17\/2024\/04\/IMG_2894-1024x683.jpg 1024w, https:\/\/instytutpolski.pl\/stockholm\/wp-content\/uploads\/sites\/17\/2024\/04\/IMG_2894-300x200.jpg 300w, https:\/\/instytutpolski.pl\/stockholm\/wp-content\/uploads\/sites\/17\/2024\/04\/IMG_2894-768x512.jpg 768w, https:\/\/instytutpolski.pl\/stockholm\/wp-content\/uploads\/sites\/17\/2024\/04\/IMG_2894-1536x1024.jpg 1536w, https:\/\/instytutpolski.pl\/stockholm\/wp-content\/uploads\/sites\/17\/2024\/04\/IMG_2894-2048x1365.jpg 2048w\" sizes=\"auto, (max-width: 1024px) 100vw, 1024px\" \/><\/figure>\n\n\n\n<figure class=\"wp-block-image size-large\"><img loading=\"lazy\" decoding=\"async\" width=\"683\" height=\"1024\" data-id=\"12483\" src=\"https:\/\/instytutpolski.pl\/stockholm\/wp-content\/uploads\/sites\/17\/2024\/04\/IMG_2895-683x1024.jpg\" alt=\"\" class=\"wp-image-12483\" srcset=\"https:\/\/instytutpolski.pl\/stockholm\/wp-content\/uploads\/sites\/17\/2024\/04\/IMG_2895-683x1024.jpg 683w, https:\/\/instytutpolski.pl\/stockholm\/wp-content\/uploads\/sites\/17\/2024\/04\/IMG_2895-200x300.jpg 200w, https:\/\/instytutpolski.pl\/stockholm\/wp-content\/uploads\/sites\/17\/2024\/04\/IMG_2895-768x1152.jpg 768w, https:\/\/instytutpolski.pl\/stockholm\/wp-content\/uploads\/sites\/17\/2024\/04\/IMG_2895-1024x1536.jpg 1024w, https:\/\/instytutpolski.pl\/stockholm\/wp-content\/uploads\/sites\/17\/2024\/04\/IMG_2895-1365x2048.jpg 1365w, https:\/\/instytutpolski.pl\/stockholm\/wp-content\/uploads\/sites\/17\/2024\/04\/IMG_2895-scaled.jpg 1707w\" sizes=\"auto, (max-width: 683px) 100vw, 683px\" \/><\/figure>\n\n\n\n<figure class=\"wp-block-image size-large\"><img loading=\"lazy\" decoding=\"async\" width=\"683\" height=\"1024\" data-id=\"12481\" src=\"https:\/\/instytutpolski.pl\/stockholm\/wp-content\/uploads\/sites\/17\/2024\/04\/IMG_2877-683x1024.jpg\" alt=\"\" class=\"wp-image-12481\" srcset=\"https:\/\/instytutpolski.pl\/stockholm\/wp-content\/uploads\/sites\/17\/2024\/04\/IMG_2877-683x1024.jpg 683w, https:\/\/instytutpolski.pl\/stockholm\/wp-content\/uploads\/sites\/17\/2024\/04\/IMG_2877-200x300.jpg 200w, https:\/\/instytutpolski.pl\/stockholm\/wp-content\/uploads\/sites\/17\/2024\/04\/IMG_2877-768x1152.jpg 768w, https:\/\/instytutpolski.pl\/stockholm\/wp-content\/uploads\/sites\/17\/2024\/04\/IMG_2877-1024x1536.jpg 1024w, https:\/\/instytutpolski.pl\/stockholm\/wp-content\/uploads\/sites\/17\/2024\/04\/IMG_2877-1365x2048.jpg 1365w, https:\/\/instytutpolski.pl\/stockholm\/wp-content\/uploads\/sites\/17\/2024\/04\/IMG_2877-scaled.jpg 1707w\" sizes=\"auto, (max-width: 683px) 100vw, 683px\" \/><\/figure>\n\n\n\n<figure class=\"wp-block-image size-large\"><img loading=\"lazy\" decoding=\"async\" width=\"683\" height=\"1024\" data-id=\"12413\" src=\"https:\/\/instytutpolski.pl\/stockholm\/wp-content\/uploads\/sites\/17\/2024\/04\/IMG_2923-683x1024.jpg\" alt=\"\" class=\"wp-image-12413\" srcset=\"https:\/\/instytutpolski.pl\/stockholm\/wp-content\/uploads\/sites\/17\/2024\/04\/IMG_2923-683x1024.jpg 683w, https:\/\/instytutpolski.pl\/stockholm\/wp-content\/uploads\/sites\/17\/2024\/04\/IMG_2923-200x300.jpg 200w, https:\/\/instytutpolski.pl\/stockholm\/wp-content\/uploads\/sites\/17\/2024\/04\/IMG_2923-768x1152.jpg 768w, https:\/\/instytutpolski.pl\/stockholm\/wp-content\/uploads\/sites\/17\/2024\/04\/IMG_2923-1024x1536.jpg 1024w, https:\/\/instytutpolski.pl\/stockholm\/wp-content\/uploads\/sites\/17\/2024\/04\/IMG_2923-1365x2048.jpg 1365w, https:\/\/instytutpolski.pl\/stockholm\/wp-content\/uploads\/sites\/17\/2024\/04\/IMG_2923-scaled.jpg 1707w\" sizes=\"auto, (max-width: 683px) 100vw, 683px\" \/><\/figure>\n\n\n\n<figure class=\"wp-block-image size-large\"><img loading=\"lazy\" decoding=\"async\" width=\"683\" height=\"1024\" data-id=\"12485\" src=\"https:\/\/instytutpolski.pl\/stockholm\/wp-content\/uploads\/sites\/17\/2024\/04\/IMG_2911-683x1024.jpg\" alt=\"\" class=\"wp-image-12485\" srcset=\"https:\/\/instytutpolski.pl\/stockholm\/wp-content\/uploads\/sites\/17\/2024\/04\/IMG_2911-683x1024.jpg 683w, https:\/\/instytutpolski.pl\/stockholm\/wp-content\/uploads\/sites\/17\/2024\/04\/IMG_2911-200x300.jpg 200w, https:\/\/instytutpolski.pl\/stockholm\/wp-content\/uploads\/sites\/17\/2024\/04\/IMG_2911-768x1152.jpg 768w, https:\/\/instytutpolski.pl\/stockholm\/wp-content\/uploads\/sites\/17\/2024\/04\/IMG_2911-1024x1536.jpg 1024w, https:\/\/instytutpolski.pl\/stockholm\/wp-content\/uploads\/sites\/17\/2024\/04\/IMG_2911-1365x2048.jpg 1365w, https:\/\/instytutpolski.pl\/stockholm\/wp-content\/uploads\/sites\/17\/2024\/04\/IMG_2911-scaled.jpg 1707w\" sizes=\"auto, (max-width: 683px) 100vw, 683px\" \/><\/figure>\n\n\n\n<figure class=\"wp-block-image size-large\"><img loading=\"lazy\" decoding=\"async\" width=\"683\" height=\"1024\" data-id=\"12487\" src=\"https:\/\/instytutpolski.pl\/stockholm\/wp-content\/uploads\/sites\/17\/2024\/04\/IMG_2933-683x1024.jpg\" alt=\"\" class=\"wp-image-12487\" srcset=\"https:\/\/instytutpolski.pl\/stockholm\/wp-content\/uploads\/sites\/17\/2024\/04\/IMG_2933-683x1024.jpg 683w, https:\/\/instytutpolski.pl\/stockholm\/wp-content\/uploads\/sites\/17\/2024\/04\/IMG_2933-200x300.jpg 200w, https:\/\/instytutpolski.pl\/stockholm\/wp-content\/uploads\/sites\/17\/2024\/04\/IMG_2933-768x1152.jpg 768w, https:\/\/instytutpolski.pl\/stockholm\/wp-content\/uploads\/sites\/17\/2024\/04\/IMG_2933-1024x1536.jpg 1024w, https:\/\/instytutpolski.pl\/stockholm\/wp-content\/uploads\/sites\/17\/2024\/04\/IMG_2933-1365x2048.jpg 1365w, https:\/\/instytutpolski.pl\/stockholm\/wp-content\/uploads\/sites\/17\/2024\/04\/IMG_2933-scaled.jpg 1707w\" sizes=\"auto, (max-width: 683px) 100vw, 683px\" \/><\/figure>\n\n\n\n<figure class=\"wp-block-image size-large\"><img loading=\"lazy\" decoding=\"async\" width=\"1024\" height=\"683\" data-id=\"12414\" src=\"https:\/\/instytutpolski.pl\/stockholm\/wp-content\/uploads\/sites\/17\/2024\/04\/IMG_2953-1024x683.jpg\" alt=\"\" class=\"wp-image-12414\" srcset=\"https:\/\/instytutpolski.pl\/stockholm\/wp-content\/uploads\/sites\/17\/2024\/04\/IMG_2953-1024x683.jpg 1024w, https:\/\/instytutpolski.pl\/stockholm\/wp-content\/uploads\/sites\/17\/2024\/04\/IMG_2953-300x200.jpg 300w, https:\/\/instytutpolski.pl\/stockholm\/wp-content\/uploads\/sites\/17\/2024\/04\/IMG_2953-768x512.jpg 768w, https:\/\/instytutpolski.pl\/stockholm\/wp-content\/uploads\/sites\/17\/2024\/04\/IMG_2953-1536x1024.jpg 1536w, https:\/\/instytutpolski.pl\/stockholm\/wp-content\/uploads\/sites\/17\/2024\/04\/IMG_2953-2048x1365.jpg 2048w\" sizes=\"auto, (max-width: 1024px) 100vw, 1024px\" \/><\/figure>\n\n\n\n<figure class=\"wp-block-image size-large\"><img loading=\"lazy\" decoding=\"async\" width=\"683\" height=\"1024\" data-id=\"12486\" src=\"https:\/\/instytutpolski.pl\/stockholm\/wp-content\/uploads\/sites\/17\/2024\/04\/IMG_2920-683x1024.jpg\" alt=\"\" class=\"wp-image-12486\" srcset=\"https:\/\/instytutpolski.pl\/stockholm\/wp-content\/uploads\/sites\/17\/2024\/04\/IMG_2920-683x1024.jpg 683w, https:\/\/instytutpolski.pl\/stockholm\/wp-content\/uploads\/sites\/17\/2024\/04\/IMG_2920-200x300.jpg 200w, https:\/\/instytutpolski.pl\/stockholm\/wp-content\/uploads\/sites\/17\/2024\/04\/IMG_2920-768x1152.jpg 768w, https:\/\/instytutpolski.pl\/stockholm\/wp-content\/uploads\/sites\/17\/2024\/04\/IMG_2920-1024x1536.jpg 1024w, https:\/\/instytutpolski.pl\/stockholm\/wp-content\/uploads\/sites\/17\/2024\/04\/IMG_2920-1365x2048.jpg 1365w, https:\/\/instytutpolski.pl\/stockholm\/wp-content\/uploads\/sites\/17\/2024\/04\/IMG_2920-scaled.jpg 1707w\" sizes=\"auto, (max-width: 683px) 100vw, 683px\" \/><\/figure>\n\n\n\n<figure class=\"wp-block-image size-large\"><img loading=\"lazy\" decoding=\"async\" width=\"683\" height=\"1024\" data-id=\"12411\" src=\"https:\/\/instytutpolski.pl\/stockholm\/wp-content\/uploads\/sites\/17\/2024\/04\/IMG_2864-683x1024.jpg\" alt=\"\" class=\"wp-image-12411\" srcset=\"https:\/\/instytutpolski.pl\/stockholm\/wp-content\/uploads\/sites\/17\/2024\/04\/IMG_2864-683x1024.jpg 683w, https:\/\/instytutpolski.pl\/stockholm\/wp-content\/uploads\/sites\/17\/2024\/04\/IMG_2864-200x300.jpg 200w, https:\/\/instytutpolski.pl\/stockholm\/wp-content\/uploads\/sites\/17\/2024\/04\/IMG_2864-768x1152.jpg 768w, https:\/\/instytutpolski.pl\/stockholm\/wp-content\/uploads\/sites\/17\/2024\/04\/IMG_2864-1024x1536.jpg 1024w, https:\/\/instytutpolski.pl\/stockholm\/wp-content\/uploads\/sites\/17\/2024\/04\/IMG_2864-1365x2048.jpg 1365w, https:\/\/instytutpolski.pl\/stockholm\/wp-content\/uploads\/sites\/17\/2024\/04\/IMG_2864-scaled.jpg 1707w\" sizes=\"auto, (max-width: 683px) 100vw, 683px\" \/><\/figure>\n\n\n\n<figure class=\"wp-block-image size-large\"><img loading=\"lazy\" decoding=\"async\" width=\"1024\" height=\"683\" data-id=\"12478\" src=\"https:\/\/instytutpolski.pl\/stockholm\/wp-content\/uploads\/sites\/17\/2024\/04\/IMG_2857-1024x683.jpg\" alt=\"\" class=\"wp-image-12478\" srcset=\"https:\/\/instytutpolski.pl\/stockholm\/wp-content\/uploads\/sites\/17\/2024\/04\/IMG_2857-1024x683.jpg 1024w, https:\/\/instytutpolski.pl\/stockholm\/wp-content\/uploads\/sites\/17\/2024\/04\/IMG_2857-300x200.jpg 300w, https:\/\/instytutpolski.pl\/stockholm\/wp-content\/uploads\/sites\/17\/2024\/04\/IMG_2857-768x512.jpg 768w, https:\/\/instytutpolski.pl\/stockholm\/wp-content\/uploads\/sites\/17\/2024\/04\/IMG_2857-1536x1024.jpg 1536w, https:\/\/instytutpolski.pl\/stockholm\/wp-content\/uploads\/sites\/17\/2024\/04\/IMG_2857-2048x1365.jpg 2048w\" sizes=\"auto, (max-width: 1024px) 100vw, 1024px\" \/><\/figure>\n\n\n\n<figure class=\"wp-block-image size-large\"><img loading=\"lazy\" decoding=\"async\" width=\"1024\" height=\"683\" data-id=\"12488\" src=\"https:\/\/instytutpolski.pl\/stockholm\/wp-content\/uploads\/sites\/17\/2024\/04\/IMG_3079-1024x683.jpg\" alt=\"\" class=\"wp-image-12488\" srcset=\"https:\/\/instytutpolski.pl\/stockholm\/wp-content\/uploads\/sites\/17\/2024\/04\/IMG_3079-1024x683.jpg 1024w, https:\/\/instytutpolski.pl\/stockholm\/wp-content\/uploads\/sites\/17\/2024\/04\/IMG_3079-300x200.jpg 300w, https:\/\/instytutpolski.pl\/stockholm\/wp-content\/uploads\/sites\/17\/2024\/04\/IMG_3079-768x512.jpg 768w, https:\/\/instytutpolski.pl\/stockholm\/wp-content\/uploads\/sites\/17\/2024\/04\/IMG_3079-1536x1024.jpg 1536w, https:\/\/instytutpolski.pl\/stockholm\/wp-content\/uploads\/sites\/17\/2024\/04\/IMG_3079-2048x1365.jpg 2048w\" sizes=\"auto, (max-width: 1024px) 100vw, 1024px\" \/><\/figure>\n\n\n\n<figure class=\"wp-block-image size-large\"><img loading=\"lazy\" decoding=\"async\" width=\"1024\" height=\"683\" data-id=\"12412\" src=\"https:\/\/instytutpolski.pl\/stockholm\/wp-content\/uploads\/sites\/17\/2024\/04\/IMG_2866-1024x683.jpg\" alt=\"\" class=\"wp-image-12412\" srcset=\"https:\/\/instytutpolski.pl\/stockholm\/wp-content\/uploads\/sites\/17\/2024\/04\/IMG_2866-1024x683.jpg 1024w, https:\/\/instytutpolski.pl\/stockholm\/wp-content\/uploads\/sites\/17\/2024\/04\/IMG_2866-300x200.jpg 300w, https:\/\/instytutpolski.pl\/stockholm\/wp-content\/uploads\/sites\/17\/2024\/04\/IMG_2866-768x512.jpg 768w, https:\/\/instytutpolski.pl\/stockholm\/wp-content\/uploads\/sites\/17\/2024\/04\/IMG_2866-1536x1024.jpg 1536w, https:\/\/instytutpolski.pl\/stockholm\/wp-content\/uploads\/sites\/17\/2024\/04\/IMG_2866-2048x1365.jpg 2048w\" sizes=\"auto, (max-width: 1024px) 100vw, 1024px\" \/><\/figure>\n\n\n\n<figure class=\"wp-block-image size-large\"><img loading=\"lazy\" decoding=\"async\" width=\"1024\" height=\"683\" data-id=\"12415\" src=\"https:\/\/instytutpolski.pl\/stockholm\/wp-content\/uploads\/sites\/17\/2024\/04\/IMG_3083-1024x683.jpg\" alt=\"\" class=\"wp-image-12415\" srcset=\"https:\/\/instytutpolski.pl\/stockholm\/wp-content\/uploads\/sites\/17\/2024\/04\/IMG_3083-1024x683.jpg 1024w, https:\/\/instytutpolski.pl\/stockholm\/wp-content\/uploads\/sites\/17\/2024\/04\/IMG_3083-300x200.jpg 300w, https:\/\/instytutpolski.pl\/stockholm\/wp-content\/uploads\/sites\/17\/2024\/04\/IMG_3083-768x512.jpg 768w, https:\/\/instytutpolski.pl\/stockholm\/wp-content\/uploads\/sites\/17\/2024\/04\/IMG_3083-1536x1024.jpg 1536w, https:\/\/instytutpolski.pl\/stockholm\/wp-content\/uploads\/sites\/17\/2024\/04\/IMG_3083-2048x1365.jpg 2048w\" sizes=\"auto, (max-width: 1024px) 100vw, 1024px\" \/><\/figure>\n\n\n\n<figure class=\"wp-block-image size-large\"><img loading=\"lazy\" decoding=\"async\" width=\"1024\" height=\"768\" data-id=\"12418\" src=\"https:\/\/instytutpolski.pl\/stockholm\/wp-content\/uploads\/sites\/17\/2024\/04\/IMG_4318-1024x768.jpg\" alt=\"\" class=\"wp-image-12418\" srcset=\"https:\/\/instytutpolski.pl\/stockholm\/wp-content\/uploads\/sites\/17\/2024\/04\/IMG_4318-1024x768.jpg 1024w, https:\/\/instytutpolski.pl\/stockholm\/wp-content\/uploads\/sites\/17\/2024\/04\/IMG_4318-300x225.jpg 300w, https:\/\/instytutpolski.pl\/stockholm\/wp-content\/uploads\/sites\/17\/2024\/04\/IMG_4318-768x576.jpg 768w, https:\/\/instytutpolski.pl\/stockholm\/wp-content\/uploads\/sites\/17\/2024\/04\/IMG_4318-1536x1152.jpg 1536w, https:\/\/instytutpolski.pl\/stockholm\/wp-content\/uploads\/sites\/17\/2024\/04\/IMG_4318-2048x1536.jpg 2048w\" sizes=\"auto, (max-width: 1024px) 100vw, 1024px\" \/><\/figure>\n\n\n\n<figure class=\"wp-block-image size-large\"><img loading=\"lazy\" decoding=\"async\" width=\"683\" height=\"1024\" data-id=\"12479\" src=\"https:\/\/instytutpolski.pl\/stockholm\/wp-content\/uploads\/sites\/17\/2024\/04\/IMG_2870-683x1024.jpg\" alt=\"\" class=\"wp-image-12479\" srcset=\"https:\/\/instytutpolski.pl\/stockholm\/wp-content\/uploads\/sites\/17\/2024\/04\/IMG_2870-683x1024.jpg 683w, https:\/\/instytutpolski.pl\/stockholm\/wp-content\/uploads\/sites\/17\/2024\/04\/IMG_2870-200x300.jpg 200w, https:\/\/instytutpolski.pl\/stockholm\/wp-content\/uploads\/sites\/17\/2024\/04\/IMG_2870-768x1152.jpg 768w, https:\/\/instytutpolski.pl\/stockholm\/wp-content\/uploads\/sites\/17\/2024\/04\/IMG_2870-1024x1536.jpg 1024w, https:\/\/instytutpolski.pl\/stockholm\/wp-content\/uploads\/sites\/17\/2024\/04\/IMG_2870-1365x2048.jpg 1365w, https:\/\/instytutpolski.pl\/stockholm\/wp-content\/uploads\/sites\/17\/2024\/04\/IMG_2870-scaled.jpg 1707w\" sizes=\"auto, (max-width: 683px) 100vw, 683px\" \/><\/figure>\n\n\n\n<figure class=\"wp-block-image size-large\"><img loading=\"lazy\" decoding=\"async\" width=\"1024\" height=\"768\" data-id=\"12421\" src=\"https:\/\/instytutpolski.pl\/stockholm\/wp-content\/uploads\/sites\/17\/2024\/04\/IMG_4331-1024x768.jpg\" alt=\"\" class=\"wp-image-12421\" srcset=\"https:\/\/instytutpolski.pl\/stockholm\/wp-content\/uploads\/sites\/17\/2024\/04\/IMG_4331-1024x768.jpg 1024w, https:\/\/instytutpolski.pl\/stockholm\/wp-content\/uploads\/sites\/17\/2024\/04\/IMG_4331-300x225.jpg 300w, https:\/\/instytutpolski.pl\/stockholm\/wp-content\/uploads\/sites\/17\/2024\/04\/IMG_4331-768x576.jpg 768w, https:\/\/instytutpolski.pl\/stockholm\/wp-content\/uploads\/sites\/17\/2024\/04\/IMG_4331-1536x1152.jpg 1536w, https:\/\/instytutpolski.pl\/stockholm\/wp-content\/uploads\/sites\/17\/2024\/04\/IMG_4331-2048x1536.jpg 2048w\" sizes=\"auto, (max-width: 1024px) 100vw, 1024px\" \/><\/figure>\n\n\n\n<figure class=\"wp-block-image size-large\"><img loading=\"lazy\" decoding=\"async\" width=\"1024\" height=\"683\" data-id=\"12484\" src=\"https:\/\/instytutpolski.pl\/stockholm\/wp-content\/uploads\/sites\/17\/2024\/04\/IMG_2903-1024x683.jpg\" alt=\"\" class=\"wp-image-12484\" srcset=\"https:\/\/instytutpolski.pl\/stockholm\/wp-content\/uploads\/sites\/17\/2024\/04\/IMG_2903-1024x683.jpg 1024w, https:\/\/instytutpolski.pl\/stockholm\/wp-content\/uploads\/sites\/17\/2024\/04\/IMG_2903-300x200.jpg 300w, https:\/\/instytutpolski.pl\/stockholm\/wp-content\/uploads\/sites\/17\/2024\/04\/IMG_2903-768x512.jpg 768w, https:\/\/instytutpolski.pl\/stockholm\/wp-content\/uploads\/sites\/17\/2024\/04\/IMG_2903-1536x1024.jpg 1536w, https:\/\/instytutpolski.pl\/stockholm\/wp-content\/uploads\/sites\/17\/2024\/04\/IMG_2903-2048x1365.jpg 2048w\" sizes=\"auto, (max-width: 1024px) 100vw, 1024px\" \/><\/figure>\n\n\n\n<figure class=\"wp-block-image size-large\"><img loading=\"lazy\" decoding=\"async\" width=\"1024\" height=\"768\" data-id=\"12417\" src=\"https:\/\/instytutpolski.pl\/stockholm\/wp-content\/uploads\/sites\/17\/2024\/04\/IMG_4291-1024x768.jpg\" alt=\"\" class=\"wp-image-12417\" srcset=\"https:\/\/instytutpolski.pl\/stockholm\/wp-content\/uploads\/sites\/17\/2024\/04\/IMG_4291-1024x768.jpg 1024w, https:\/\/instytutpolski.pl\/stockholm\/wp-content\/uploads\/sites\/17\/2024\/04\/IMG_4291-300x225.jpg 300w, https:\/\/instytutpolski.pl\/stockholm\/wp-content\/uploads\/sites\/17\/2024\/04\/IMG_4291-768x576.jpg 768w, https:\/\/instytutpolski.pl\/stockholm\/wp-content\/uploads\/sites\/17\/2024\/04\/IMG_4291-1536x1152.jpg 1536w, https:\/\/instytutpolski.pl\/stockholm\/wp-content\/uploads\/sites\/17\/2024\/04\/IMG_4291-2048x1536.jpg 2048w\" sizes=\"auto, (max-width: 1024px) 100vw, 1024px\" \/><\/figure>\n\n\n\n<figure class=\"wp-block-image size-large\"><img loading=\"lazy\" decoding=\"async\" width=\"1024\" height=\"683\" data-id=\"12489\" src=\"https:\/\/instytutpolski.pl\/stockholm\/wp-content\/uploads\/sites\/17\/2024\/04\/IMG_3087-1024x683.jpg\" alt=\"\" class=\"wp-image-12489\" srcset=\"https:\/\/instytutpolski.pl\/stockholm\/wp-content\/uploads\/sites\/17\/2024\/04\/IMG_3087-1024x683.jpg 1024w, https:\/\/instytutpolski.pl\/stockholm\/wp-content\/uploads\/sites\/17\/2024\/04\/IMG_3087-300x200.jpg 300w, https:\/\/instytutpolski.pl\/stockholm\/wp-content\/uploads\/sites\/17\/2024\/04\/IMG_3087-768x512.jpg 768w, https:\/\/instytutpolski.pl\/stockholm\/wp-content\/uploads\/sites\/17\/2024\/04\/IMG_3087-1536x1024.jpg 1536w, https:\/\/instytutpolski.pl\/stockholm\/wp-content\/uploads\/sites\/17\/2024\/04\/IMG_3087-2048x1365.jpg 2048w\" sizes=\"auto, (max-width: 1024px) 100vw, 1024px\" \/><\/figure>\n\n\n\n<figure class=\"wp-block-image size-large\"><img loading=\"lazy\" decoding=\"async\" width=\"1024\" height=\"768\" data-id=\"12416\" src=\"https:\/\/instytutpolski.pl\/stockholm\/wp-content\/uploads\/sites\/17\/2024\/04\/IMG_4289-1024x768.jpg\" alt=\"\" class=\"wp-image-12416\" srcset=\"https:\/\/instytutpolski.pl\/stockholm\/wp-content\/uploads\/sites\/17\/2024\/04\/IMG_4289-1024x768.jpg 1024w, https:\/\/instytutpolski.pl\/stockholm\/wp-content\/uploads\/sites\/17\/2024\/04\/IMG_4289-300x225.jpg 300w, https:\/\/instytutpolski.pl\/stockholm\/wp-content\/uploads\/sites\/17\/2024\/04\/IMG_4289-768x576.jpg 768w, https:\/\/instytutpolski.pl\/stockholm\/wp-content\/uploads\/sites\/17\/2024\/04\/IMG_4289-1536x1152.jpg 1536w, https:\/\/instytutpolski.pl\/stockholm\/wp-content\/uploads\/sites\/17\/2024\/04\/IMG_4289-2048x1536.jpg 2048w\" sizes=\"auto, (max-width: 1024px) 100vw, 1024px\" \/><\/figure>\n\n\n\n<figure class=\"wp-block-image size-large\"><img loading=\"lazy\" decoding=\"async\" width=\"1024\" height=\"768\" data-id=\"12419\" src=\"https:\/\/instytutpolski.pl\/stockholm\/wp-content\/uploads\/sites\/17\/2024\/04\/IMG_4324-1024x768.jpg\" alt=\"\" class=\"wp-image-12419\" srcset=\"https:\/\/instytutpolski.pl\/stockholm\/wp-content\/uploads\/sites\/17\/2024\/04\/IMG_4324-1024x768.jpg 1024w, https:\/\/instytutpolski.pl\/stockholm\/wp-content\/uploads\/sites\/17\/2024\/04\/IMG_4324-300x225.jpg 300w, https:\/\/instytutpolski.pl\/stockholm\/wp-content\/uploads\/sites\/17\/2024\/04\/IMG_4324-768x576.jpg 768w, https:\/\/instytutpolski.pl\/stockholm\/wp-content\/uploads\/sites\/17\/2024\/04\/IMG_4324-1536x1152.jpg 1536w, https:\/\/instytutpolski.pl\/stockholm\/wp-content\/uploads\/sites\/17\/2024\/04\/IMG_4324-2048x1536.jpg 2048w\" sizes=\"auto, (max-width: 1024px) 100vw, 1024px\" \/><\/figure>\n\n\n\n<figure class=\"wp-block-image size-large\"><img loading=\"lazy\" decoding=\"async\" width=\"1024\" height=\"768\" data-id=\"12420\" src=\"https:\/\/instytutpolski.pl\/stockholm\/wp-content\/uploads\/sites\/17\/2024\/04\/IMG_4329-1024x768.jpg\" alt=\"\" class=\"wp-image-12420\" srcset=\"https:\/\/instytutpolski.pl\/stockholm\/wp-content\/uploads\/sites\/17\/2024\/04\/IMG_4329-1024x768.jpg 1024w, https:\/\/instytutpolski.pl\/stockholm\/wp-content\/uploads\/sites\/17\/2024\/04\/IMG_4329-300x225.jpg 300w, https:\/\/instytutpolski.pl\/stockholm\/wp-content\/uploads\/sites\/17\/2024\/04\/IMG_4329-768x576.jpg 768w, https:\/\/instytutpolski.pl\/stockholm\/wp-content\/uploads\/sites\/17\/2024\/04\/IMG_4329-1536x1152.jpg 1536w, https:\/\/instytutpolski.pl\/stockholm\/wp-content\/uploads\/sites\/17\/2024\/04\/IMG_4329-2048x1536.jpg 2048w\" sizes=\"auto, (max-width: 1024px) 100vw, 1024px\" \/><\/figure>\n\n\n\n<figure class=\"wp-block-image size-large\"><img loading=\"lazy\" decoding=\"async\" width=\"768\" height=\"1024\" data-id=\"12423\" src=\"https:\/\/instytutpolski.pl\/stockholm\/wp-content\/uploads\/sites\/17\/2024\/04\/IMG_4341-768x1024.jpg\" alt=\"\" class=\"wp-image-12423\" srcset=\"https:\/\/instytutpolski.pl\/stockholm\/wp-content\/uploads\/sites\/17\/2024\/04\/IMG_4341-768x1024.jpg 768w, https:\/\/instytutpolski.pl\/stockholm\/wp-content\/uploads\/sites\/17\/2024\/04\/IMG_4341-225x300.jpg 225w, https:\/\/instytutpolski.pl\/stockholm\/wp-content\/uploads\/sites\/17\/2024\/04\/IMG_4341-1152x1536.jpg 1152w, https:\/\/instytutpolski.pl\/stockholm\/wp-content\/uploads\/sites\/17\/2024\/04\/IMG_4341-1536x2048.jpg 1536w, https:\/\/instytutpolski.pl\/stockholm\/wp-content\/uploads\/sites\/17\/2024\/04\/IMG_4341-scaled.jpg 1920w\" sizes=\"auto, (max-width: 768px) 100vw, 768px\" \/><\/figure>\n\n\n\n<figure class=\"wp-block-image size-large\"><img loading=\"lazy\" decoding=\"async\" width=\"768\" height=\"1024\" data-id=\"12422\" src=\"https:\/\/instytutpolski.pl\/stockholm\/wp-content\/uploads\/sites\/17\/2024\/04\/IMG_4335-768x1024.jpg\" alt=\"\" class=\"wp-image-12422\" srcset=\"https:\/\/instytutpolski.pl\/stockholm\/wp-content\/uploads\/sites\/17\/2024\/04\/IMG_4335-768x1024.jpg 768w, https:\/\/instytutpolski.pl\/stockholm\/wp-content\/uploads\/sites\/17\/2024\/04\/IMG_4335-225x300.jpg 225w, https:\/\/instytutpolski.pl\/stockholm\/wp-content\/uploads\/sites\/17\/2024\/04\/IMG_4335-1152x1536.jpg 1152w, https:\/\/instytutpolski.pl\/stockholm\/wp-content\/uploads\/sites\/17\/2024\/04\/IMG_4335-1536x2048.jpg 1536w, https:\/\/instytutpolski.pl\/stockholm\/wp-content\/uploads\/sites\/17\/2024\/04\/IMG_4335-scaled.jpg 1920w\" sizes=\"auto, (max-width: 768px) 100vw, 768px\" \/><\/figure>\n\n\n\n<figure class=\"wp-block-image size-large\"><img loading=\"lazy\" decoding=\"async\" width=\"768\" height=\"1024\" data-id=\"12424\" src=\"https:\/\/instytutpolski.pl\/stockholm\/wp-content\/uploads\/sites\/17\/2024\/04\/IMG_4358-768x1024.jpg\" alt=\"\" class=\"wp-image-12424\" srcset=\"https:\/\/instytutpolski.pl\/stockholm\/wp-content\/uploads\/sites\/17\/2024\/04\/IMG_4358-768x1024.jpg 768w, https:\/\/instytutpolski.pl\/stockholm\/wp-content\/uploads\/sites\/17\/2024\/04\/IMG_4358-225x300.jpg 225w, https:\/\/instytutpolski.pl\/stockholm\/wp-content\/uploads\/sites\/17\/2024\/04\/IMG_4358-1152x1536.jpg 1152w, https:\/\/instytutpolski.pl\/stockholm\/wp-content\/uploads\/sites\/17\/2024\/04\/IMG_4358-1536x2048.jpg 1536w, https:\/\/instytutpolski.pl\/stockholm\/wp-content\/uploads\/sites\/17\/2024\/04\/IMG_4358-scaled.jpg 1920w\" sizes=\"auto, (max-width: 768px) 100vw, 768px\" \/><\/figure>\n\n\n\n<figure class=\"wp-block-image size-large\"><img loading=\"lazy\" decoding=\"async\" width=\"768\" height=\"1024\" data-id=\"12425\" src=\"https:\/\/instytutpolski.pl\/stockholm\/wp-content\/uploads\/sites\/17\/2024\/04\/IMG_4380-768x1024.jpg\" alt=\"\" class=\"wp-image-12425\" srcset=\"https:\/\/instytutpolski.pl\/stockholm\/wp-content\/uploads\/sites\/17\/2024\/04\/IMG_4380-768x1024.jpg 768w, https:\/\/instytutpolski.pl\/stockholm\/wp-content\/uploads\/sites\/17\/2024\/04\/IMG_4380-225x300.jpg 225w, https:\/\/instytutpolski.pl\/stockholm\/wp-content\/uploads\/sites\/17\/2024\/04\/IMG_4380-1152x1536.jpg 1152w, https:\/\/instytutpolski.pl\/stockholm\/wp-content\/uploads\/sites\/17\/2024\/04\/IMG_4380-1536x2048.jpg 1536w, https:\/\/instytutpolski.pl\/stockholm\/wp-content\/uploads\/sites\/17\/2024\/04\/IMG_4380-scaled.jpg 1920w\" sizes=\"auto, (max-width: 768px) 100vw, 768px\" \/><\/figure>\n\n\n\n<figure class=\"wp-block-image size-large\"><img loading=\"lazy\" decoding=\"async\" width=\"1024\" height=\"768\" data-id=\"12427\" src=\"https:\/\/instytutpolski.pl\/stockholm\/wp-content\/uploads\/sites\/17\/2024\/04\/IMG_4388-1024x768.jpg\" alt=\"\" class=\"wp-image-12427\" srcset=\"https:\/\/instytutpolski.pl\/stockholm\/wp-content\/uploads\/sites\/17\/2024\/04\/IMG_4388-1024x768.jpg 1024w, https:\/\/instytutpolski.pl\/stockholm\/wp-content\/uploads\/sites\/17\/2024\/04\/IMG_4388-300x225.jpg 300w, https:\/\/instytutpolski.pl\/stockholm\/wp-content\/uploads\/sites\/17\/2024\/04\/IMG_4388-768x576.jpg 768w, https:\/\/instytutpolski.pl\/stockholm\/wp-content\/uploads\/sites\/17\/2024\/04\/IMG_4388-1536x1152.jpg 1536w, https:\/\/instytutpolski.pl\/stockholm\/wp-content\/uploads\/sites\/17\/2024\/04\/IMG_4388-2048x1536.jpg 2048w\" sizes=\"auto, (max-width: 1024px) 100vw, 1024px\" \/><\/figure>\n<\/figure>\n\n\n\n<figure class=\"wp-block-gallery has-nested-images columns-default is-cropped wp-block-gallery-2 is-layout-flex wp-block-gallery-is-layout-flex\">\n<figure class=\"wp-block-image size-large\"><img loading=\"lazy\" decoding=\"async\" width=\"1024\" height=\"683\" data-id=\"12480\" src=\"https:\/\/instytutpolski.pl\/stockholm\/wp-content\/uploads\/sites\/17\/2024\/04\/IMG_2871-1024x683.jpg\" alt=\"\" class=\"wp-image-12480\" srcset=\"https:\/\/instytutpolski.pl\/stockholm\/wp-content\/uploads\/sites\/17\/2024\/04\/IMG_2871-1024x683.jpg 1024w, https:\/\/instytutpolski.pl\/stockholm\/wp-content\/uploads\/sites\/17\/2024\/04\/IMG_2871-300x200.jpg 300w, https:\/\/instytutpolski.pl\/stockholm\/wp-content\/uploads\/sites\/17\/2024\/04\/IMG_2871-768x512.jpg 768w, https:\/\/instytutpolski.pl\/stockholm\/wp-content\/uploads\/sites\/17\/2024\/04\/IMG_2871-1536x1024.jpg 1536w, https:\/\/instytutpolski.pl\/stockholm\/wp-content\/uploads\/sites\/17\/2024\/04\/IMG_2871-2048x1365.jpg 2048w\" sizes=\"auto, (max-width: 1024px) 100vw, 1024px\" \/><\/figure>\n<\/figure>\n","protected":false},"excerpt":{"rendered":"<p>Szczeg\u00f3lne gratulacje i podzi\u0119kowania nale\u017c\u0105 si\u0119 r\u00f3wnie\u017c artystom obecnym na wernisa\u017cu: \u00c9vie Mag, Annie Kellerth, J\u00f3zefowi Ga\u0142\u0105zce, Natanowi Kryszkowi i Teresie Seger oraz Annie-Lenie Renqvist, kt\u00f3ra przedstawi\u0142a posta\u0107 Torstena Renqvista. Podczas otwarcia stworzone zosta\u0142o r\u00f3wnie\u017c grupowe dzie\u0142o sztuki &#8211; sztandar, z inicjatywy Natana i J\u00f3zefa, z kt\u00f3rym nast\u0119pnie odby\u0142 si\u0119 marsz do instalacji S\u0142oneczny rydwan [&hellip;]<\/p>\n","protected":false},"author":173,"featured_media":12480,"comment_status":"closed","ping_status":"closed","sticky":true,"template":"","format":"standard","meta":{"inline_featured_image":false,"_monsterinsights_skip_tracking":false,"_monsterinsights_sitenote_active":false,"_monsterinsights_sitenote_note":"","_monsterinsights_sitenote_category":0,"footnotes":""},"categories":[208,190],"tags":[],"class_list":["post-12433","post","type-post","status-publish","format-standard","has-post-thumbnail","hentry","category-galeria-pl","category-sztuka-polska"],"yoast_head":"<!-- This site is optimized with the Yoast SEO plugin v24.6 - https:\/\/yoast.com\/wordpress\/plugins\/seo\/ -->\n<title>Prace polskich i szwedzkich artyst\u00f3w na wystawie Polskie \u015blady w galerii sztuki S\u00f6dert\u00e4lje konsthall - Instytut Polski w Sztokholmie<\/title>\n<meta name=\"robots\" content=\"index, follow, max-snippet:-1, max-image-preview:large, max-video-preview:-1\" \/>\n<link rel=\"canonical\" href=\"https:\/\/instytutpolski.pl\/stockholm\/pl\/2024\/04\/11\/prace-polskich-i-szwedzkich-artystow-na-wystawie-polskie-slady-w-galerii-sztuki-sodertalje-konsthall\/\" \/>\n<meta property=\"og:locale\" content=\"pl_PL\" \/>\n<meta property=\"og:type\" content=\"article\" \/>\n<meta property=\"og:title\" content=\"Prace polskich i szwedzkich artyst\u00f3w na wystawie Polskie \u015blady w galerii sztuki S\u00f6dert\u00e4lje konsthall - Instytut Polski w Sztokholmie\" \/>\n<meta property=\"og:description\" content=\"Szczeg\u00f3lne gratulacje i podzi\u0119kowania nale\u017c\u0105 si\u0119 r\u00f3wnie\u017c artystom obecnym na wernisa\u017cu: \u00c9vie Mag, Annie Kellerth, J\u00f3zefowi Ga\u0142\u0105zce, Natanowi Kryszkowi i Teresie Seger oraz Annie-Lenie Renqvist, kt\u00f3ra przedstawi\u0142a posta\u0107 Torstena Renqvista. Podczas otwarcia stworzone zosta\u0142o r\u00f3wnie\u017c grupowe dzie\u0142o sztuki &#8211; sztandar, z inicjatywy Natana i J\u00f3zefa, z kt\u00f3rym nast\u0119pnie odby\u0142 si\u0119 marsz do instalacji S\u0142oneczny rydwan [&hellip;]\" \/>\n<meta property=\"og:url\" content=\"https:\/\/instytutpolski.pl\/stockholm\/pl\/2024\/04\/11\/prace-polskich-i-szwedzkich-artystow-na-wystawie-polskie-slady-w-galerii-sztuki-sodertalje-konsthall\/\" \/>\n<meta property=\"og:site_name\" content=\"Instytut Polski w Sztokholmie\" \/>\n<meta property=\"article:published_time\" content=\"2024-04-11T12:15:14+00:00\" \/>\n<meta property=\"article:modified_time\" content=\"2024-06-17T12:54:19+00:00\" \/>\n<meta property=\"og:image\" content=\"https:\/\/instytutpolski.pl\/stockholm\/wp-content\/uploads\/sites\/17\/2024\/04\/IMG_2871-scaled.jpg\" \/>\n\t<meta property=\"og:image:width\" content=\"2560\" \/>\n\t<meta property=\"og:image:height\" content=\"1707\" \/>\n\t<meta property=\"og:image:type\" content=\"image\/jpeg\" \/>\n<meta name=\"author\" content=\"treichelp\" \/>\n<meta name=\"twitter:card\" content=\"summary_large_image\" \/>\n<meta name=\"twitter:label1\" content=\"Napisane przez\" \/>\n\t<meta name=\"twitter:data1\" content=\"treichelp\" \/>\n\t<meta name=\"twitter:label2\" content=\"Szacowany czas czytania\" \/>\n\t<meta name=\"twitter:data2\" content=\"7 minut\" \/>\n<script type=\"application\/ld+json\" class=\"yoast-schema-graph\">{\"@context\":\"https:\/\/schema.org\",\"@graph\":[{\"@type\":\"event\",\"@id\":\"https:\/\/instytutpolski.pl\/stockholm\/pl\/2024\/04\/11\/prace-polskich-i-szwedzkich-artystow-na-wystawie-polskie-slady-w-galerii-sztuki-sodertalje-konsthall\/\",\"url\":\"https:\/\/instytutpolski.pl\/stockholm\/pl\/2024\/04\/11\/prace-polskich-i-szwedzkich-artystow-na-wystawie-polskie-slady-w-galerii-sztuki-sodertalje-konsthall\/\",\"name\":\"Prace polskich i szwedzkich artyst\u00f3w na wystawie Polskie \u015blady w galerii sztuki S\u00f6dert\u00e4lje konsthall\",\"isPartOf\":{\"@id\":\"https:\/\/instytutpolski.pl\/stockholm\/#website\"},\"primaryImageOfPage\":{\"@id\":\"https:\/\/instytutpolski.pl\/stockholm\/pl\/2024\/04\/11\/prace-polskich-i-szwedzkich-artystow-na-wystawie-polskie-slady-w-galerii-sztuki-sodertalje-konsthall\/#primaryimage\"},\"image\":[\"https:\/\/instytutpolski.pl\/stockholm\/wp-content\/uploads\/sites\/17\/2024\/04\/IMG_2871-scaled.jpg\",\"https:\/\/instytutpolski.pl\/stockholm\/wp-content\/uploads\/sites\/17\/2024\/04\/IMG_2871-300x200.jpg\",\"https:\/\/instytutpolski.pl\/stockholm\/wp-content\/uploads\/sites\/17\/2024\/04\/IMG_2871-1024x683.jpg\",\"https:\/\/instytutpolski.pl\/stockholm\/wp-content\/uploads\/sites\/17\/2024\/04\/IMG_2871-scaled.jpg\"],\"thumbnailUrl\":\"https:\/\/instytutpolski.pl\/stockholm\/wp-content\/uploads\/sites\/17\/2024\/04\/IMG_2871-scaled.jpg\",\"datePublished\":\"2024-04-11T12:15:14+02:00\",\"dateModified\":\"2024-06-17T12:54:19+02:00\",\"author\":{\"@id\":\"https:\/\/instytutpolski.pl\/stockholm\/#\/schema\/person\/866a2c0f4ccf0982a286809684f7bc1e\"},\"breadcrumb\":{\"@id\":\"https:\/\/instytutpolski.pl\/stockholm\/pl\/2024\/04\/11\/prace-polskich-i-szwedzkich-artystow-na-wystawie-polskie-slady-w-galerii-sztuki-sodertalje-konsthall\/#breadcrumb\"},\"inLanguage\":\"pl-PL\",\"potentialAction\":[{\"@type\":\"ReadAction\",\"target\":[\"https:\/\/instytutpolski.pl\/stockholm\/pl\/2024\/04\/11\/prace-polskich-i-szwedzkich-artystow-na-wystawie-polskie-slady-w-galerii-sztuki-sodertalje-konsthall\/\"]}],\"@context\":\"https:\/\/schema.org\",\"startDate\":\"2024-03-23\",\"endDate\":\"2024-05-25\",\"eventStatus\":\"EventScheduled\",\"eventAttendanceMode\":\"OfflineEventAttendanceMode\",\"location\":{\"@type\":\"place\",\"name\":\"S\u00f6dert\u00e4lje konsthall, Lunagallerian, Storgatan 15\",\"address\":\"S\u00f6dert\u00e4lje konsthall, Lunagallerian, Storgatan 15\",\"geo\":{\"@type\":\"GeoCoordinates\",\"latitude\":\"59.203538126431056\",\"longitude\":\"-1.599442091141852\"}},\"description\":\"Szczeg\u00f3lne gratulacje i podzi\u0119kowania nale\u017c\u0105 si\u0119 r\u00f3wnie\u017c artystom obecnym na wernisa\u017cu: \u00c9vie Mag, Annie Kellerth, J\u00f3zefowi Ga\u0142\u0105zce, Natanowi Kryszkowi i Teresie Seger oraz Annie-Lenie Renqvist, kt\u00f3ra przedstawi\u0142a posta\u0107 Torstena Renqvista. Podczas otwarcia stworzone zosta\u0142o r\u00f3wnie\u017c grupowe dzie\u0142o sztuki - sztandar, z inicjatywy Natana i J\u00f3zefa, z kt\u00f3rym nast\u0119pnie odby\u0142 si\u0119 marsz do instalacji S\u0142oneczny rydwan W\u0142adys\u0142awa Hasiora stoj\u0105cej w S\u00f6dert\u00e4lje. Ponadto, zesp\u00f3\u0142 Ukrainian-Polish Orchestra zagra\u0142 polsk\u0105 muzyk\u0119 folkow\u0105 a grupa teatralna z Teater Albatross zaprezentowa\u0142a sztuk\u0119 inspirowan\u0105 tw\u00f3rczo\u015bci\u0105 W\u0142adys\u0142awa Hasiora.\\nWystawa Polskie \u015blady jest otwarta do 25 maja. Zapraszamy!\\nFot. Wojtek SidorowiczPrezentowani arty\u015bci: Magdalena Abakanowicz, Jerzy Bere\u015b, J\u00f3zef Ga\u0142\u0105zka, Teresa Gogulska-Seger, W\u0142adys\u0142aw Hasior, Jan H\u00e5fstr\u00f6m, Anna Kellerth, Natan Kryszk, \u00c9va Mag, Torsten Renqvist.\\nProjekt jest efektem wsp\u00f3\u0142pracy galerii S\u00f6dert\u00e4lje konsthall, Instytutu Polskiego w Sztokholmie, uniwersytetu S\u00f6dert\u00f6rns h\u00f6gskola, grupy Teater Albatross oraz Kulturhistoriska F\u00f6reningen i S\u00f6dert\u00e4lje.\\nWi\u0119cej informacji znajdziesz na stronie galerii S\u00f6dert\u00e4lje konsthall (po szwedzku).\"},{\"@type\":\"ImageObject\",\"inLanguage\":\"pl-PL\",\"@id\":\"https:\/\/instytutpolski.pl\/stockholm\/pl\/2024\/04\/11\/prace-polskich-i-szwedzkich-artystow-na-wystawie-polskie-slady-w-galerii-sztuki-sodertalje-konsthall\/#primaryimage\",\"url\":\"https:\/\/instytutpolski.pl\/stockholm\/wp-content\/uploads\/sites\/17\/2024\/04\/IMG_2871-scaled.jpg\",\"contentUrl\":\"https:\/\/instytutpolski.pl\/stockholm\/wp-content\/uploads\/sites\/17\/2024\/04\/IMG_2871-scaled.jpg\",\"width\":2560,\"height\":1707},{\"@type\":\"BreadcrumbList\",\"@id\":\"https:\/\/instytutpolski.pl\/stockholm\/pl\/2024\/04\/11\/prace-polskich-i-szwedzkich-artystow-na-wystawie-polskie-slady-w-galerii-sztuki-sodertalje-konsthall\/#breadcrumb\",\"itemListElement\":[{\"@type\":\"ListItem\",\"position\":1,\"name\":\"Home\",\"item\":\"https:\/\/instytutpolski.pl\/stockholm\/\"},{\"@type\":\"ListItem\",\"position\":2,\"name\":\"Prace polskich i szwedzkich artyst\u00f3w na wystawie Polskie \u015blady w galerii sztuki S\u00f6dert\u00e4lje konsthall\"}]},{\"@type\":\"WebSite\",\"@id\":\"https:\/\/instytutpolski.pl\/stockholm\/#website\",\"url\":\"https:\/\/instytutpolski.pl\/stockholm\/\",\"name\":\"Instytut Polski w Sztokholmie\",\"description\":\"Instytuty Polskie\",\"potentialAction\":[{\"@type\":\"SearchAction\",\"target\":{\"@type\":\"EntryPoint\",\"urlTemplate\":\"https:\/\/instytutpolski.pl\/stockholm\/?s={search_term_string}\"},\"query-input\":{\"@type\":\"PropertyValueSpecification\",\"valueRequired\":true,\"valueName\":\"search_term_string\"}}],\"inLanguage\":\"pl-PL\"},{\"@type\":\"Person\",\"@id\":\"https:\/\/instytutpolski.pl\/stockholm\/#\/schema\/person\/866a2c0f4ccf0982a286809684f7bc1e\",\"name\":\"treichelp\",\"image\":{\"@type\":\"ImageObject\",\"inLanguage\":\"pl-PL\",\"@id\":\"https:\/\/instytutpolski.pl\/stockholm\/#\/schema\/person\/image\/\",\"url\":\"https:\/\/secure.gravatar.com\/avatar\/fb2c1caae0df0854742a56fc463dd1fb?s=96&d=mm&r=g\",\"contentUrl\":\"https:\/\/secure.gravatar.com\/avatar\/fb2c1caae0df0854742a56fc463dd1fb?s=96&d=mm&r=g\",\"caption\":\"treichelp\"},\"url\":\"https:\/\/instytutpolski.pl\/stockholm\/author\/treichelp\/\"}]}<\/script>\n<!-- \/ Yoast SEO plugin. -->","yoast_head_json":{"title":"Prace polskich i szwedzkich artyst\u00f3w na wystawie Polskie \u015blady w galerii sztuki S\u00f6dert\u00e4lje konsthall - Instytut Polski w Sztokholmie","robots":{"index":"index","follow":"follow","max-snippet":"max-snippet:-1","max-image-preview":"max-image-preview:large","max-video-preview":"max-video-preview:-1"},"canonical":"https:\/\/instytutpolski.pl\/stockholm\/pl\/2024\/04\/11\/prace-polskich-i-szwedzkich-artystow-na-wystawie-polskie-slady-w-galerii-sztuki-sodertalje-konsthall\/","og_locale":"pl_PL","og_type":"article","og_title":"Prace polskich i szwedzkich artyst\u00f3w na wystawie Polskie \u015blady w galerii sztuki S\u00f6dert\u00e4lje konsthall - Instytut Polski w Sztokholmie","og_description":"Szczeg\u00f3lne gratulacje i podzi\u0119kowania nale\u017c\u0105 si\u0119 r\u00f3wnie\u017c artystom obecnym na wernisa\u017cu: \u00c9vie Mag, Annie Kellerth, J\u00f3zefowi Ga\u0142\u0105zce, Natanowi Kryszkowi i Teresie Seger oraz Annie-Lenie Renqvist, kt\u00f3ra przedstawi\u0142a posta\u0107 Torstena Renqvista. Podczas otwarcia stworzone zosta\u0142o r\u00f3wnie\u017c grupowe dzie\u0142o sztuki &#8211; sztandar, z inicjatywy Natana i J\u00f3zefa, z kt\u00f3rym nast\u0119pnie odby\u0142 si\u0119 marsz do instalacji S\u0142oneczny rydwan [&hellip;]","og_url":"https:\/\/instytutpolski.pl\/stockholm\/pl\/2024\/04\/11\/prace-polskich-i-szwedzkich-artystow-na-wystawie-polskie-slady-w-galerii-sztuki-sodertalje-konsthall\/","og_site_name":"Instytut Polski w Sztokholmie","article_published_time":"2024-04-11T12:15:14+00:00","article_modified_time":"2024-06-17T12:54:19+00:00","og_image":[{"width":2560,"height":1707,"url":"https:\/\/instytutpolski.pl\/stockholm\/wp-content\/uploads\/sites\/17\/2024\/04\/IMG_2871-scaled.jpg","type":"image\/jpeg"}],"author":"treichelp","twitter_card":"summary_large_image","twitter_misc":{"Napisane przez":"treichelp","Szacowany czas czytania":"7 minut"},"schema":{"@context":"https:\/\/schema.org","@graph":[{"@type":"event","@id":"https:\/\/instytutpolski.pl\/stockholm\/pl\/2024\/04\/11\/prace-polskich-i-szwedzkich-artystow-na-wystawie-polskie-slady-w-galerii-sztuki-sodertalje-konsthall\/","url":"https:\/\/instytutpolski.pl\/stockholm\/pl\/2024\/04\/11\/prace-polskich-i-szwedzkich-artystow-na-wystawie-polskie-slady-w-galerii-sztuki-sodertalje-konsthall\/","name":"Prace polskich i szwedzkich artyst\u00f3w na wystawie Polskie \u015blady w galerii sztuki S\u00f6dert\u00e4lje konsthall","isPartOf":{"@id":"https:\/\/instytutpolski.pl\/stockholm\/#website"},"primaryImageOfPage":{"@id":"https:\/\/instytutpolski.pl\/stockholm\/pl\/2024\/04\/11\/prace-polskich-i-szwedzkich-artystow-na-wystawie-polskie-slady-w-galerii-sztuki-sodertalje-konsthall\/#primaryimage"},"image":["https:\/\/instytutpolski.pl\/stockholm\/wp-content\/uploads\/sites\/17\/2024\/04\/IMG_2871-scaled.jpg","https:\/\/instytutpolski.pl\/stockholm\/wp-content\/uploads\/sites\/17\/2024\/04\/IMG_2871-300x200.jpg","https:\/\/instytutpolski.pl\/stockholm\/wp-content\/uploads\/sites\/17\/2024\/04\/IMG_2871-1024x683.jpg","https:\/\/instytutpolski.pl\/stockholm\/wp-content\/uploads\/sites\/17\/2024\/04\/IMG_2871-scaled.jpg"],"thumbnailUrl":"https:\/\/instytutpolski.pl\/stockholm\/wp-content\/uploads\/sites\/17\/2024\/04\/IMG_2871-scaled.jpg","datePublished":"2024-04-11T12:15:14+02:00","dateModified":"2024-06-17T12:54:19+02:00","author":{"@id":"https:\/\/instytutpolski.pl\/stockholm\/#\/schema\/person\/866a2c0f4ccf0982a286809684f7bc1e"},"breadcrumb":{"@id":"https:\/\/instytutpolski.pl\/stockholm\/pl\/2024\/04\/11\/prace-polskich-i-szwedzkich-artystow-na-wystawie-polskie-slady-w-galerii-sztuki-sodertalje-konsthall\/#breadcrumb"},"inLanguage":"pl-PL","potentialAction":[{"@type":"ReadAction","target":["https:\/\/instytutpolski.pl\/stockholm\/pl\/2024\/04\/11\/prace-polskich-i-szwedzkich-artystow-na-wystawie-polskie-slady-w-galerii-sztuki-sodertalje-konsthall\/"]}],"@context":"https:\/\/schema.org","startDate":"2024-03-23","endDate":"2024-05-25","eventStatus":"EventScheduled","eventAttendanceMode":"OfflineEventAttendanceMode","location":{"@type":"place","name":"S\u00f6dert\u00e4lje konsthall, Lunagallerian, Storgatan 15","address":"S\u00f6dert\u00e4lje konsthall, Lunagallerian, Storgatan 15","geo":{"@type":"GeoCoordinates","latitude":"59.203538126431056","longitude":"-1.599442091141852"}},"description":"Szczeg\u00f3lne gratulacje i podzi\u0119kowania nale\u017c\u0105 si\u0119 r\u00f3wnie\u017c artystom obecnym na wernisa\u017cu: \u00c9vie Mag, Annie Kellerth, J\u00f3zefowi Ga\u0142\u0105zce, Natanowi Kryszkowi i Teresie Seger oraz Annie-Lenie Renqvist, kt\u00f3ra przedstawi\u0142a posta\u0107 Torstena Renqvista. Podczas otwarcia stworzone zosta\u0142o r\u00f3wnie\u017c grupowe dzie\u0142o sztuki - sztandar, z inicjatywy Natana i J\u00f3zefa, z kt\u00f3rym nast\u0119pnie odby\u0142 si\u0119 marsz do instalacji S\u0142oneczny rydwan W\u0142adys\u0142awa Hasiora stoj\u0105cej w S\u00f6dert\u00e4lje. Ponadto, zesp\u00f3\u0142 Ukrainian-Polish Orchestra zagra\u0142 polsk\u0105 muzyk\u0119 folkow\u0105 a grupa teatralna z Teater Albatross zaprezentowa\u0142a sztuk\u0119 inspirowan\u0105 tw\u00f3rczo\u015bci\u0105 W\u0142adys\u0142awa Hasiora.\nWystawa Polskie \u015blady jest otwarta do 25 maja. Zapraszamy!\nFot. Wojtek SidorowiczPrezentowani arty\u015bci: Magdalena Abakanowicz, Jerzy Bere\u015b, J\u00f3zef Ga\u0142\u0105zka, Teresa Gogulska-Seger, W\u0142adys\u0142aw Hasior, Jan H\u00e5fstr\u00f6m, Anna Kellerth, Natan Kryszk, \u00c9va Mag, Torsten Renqvist.\nProjekt jest efektem wsp\u00f3\u0142pracy galerii S\u00f6dert\u00e4lje konsthall, Instytutu Polskiego w Sztokholmie, uniwersytetu S\u00f6dert\u00f6rns h\u00f6gskola, grupy Teater Albatross oraz Kulturhistoriska F\u00f6reningen i S\u00f6dert\u00e4lje.\nWi\u0119cej informacji znajdziesz na stronie galerii S\u00f6dert\u00e4lje konsthall (po szwedzku)."},{"@type":"ImageObject","inLanguage":"pl-PL","@id":"https:\/\/instytutpolski.pl\/stockholm\/pl\/2024\/04\/11\/prace-polskich-i-szwedzkich-artystow-na-wystawie-polskie-slady-w-galerii-sztuki-sodertalje-konsthall\/#primaryimage","url":"https:\/\/instytutpolski.pl\/stockholm\/wp-content\/uploads\/sites\/17\/2024\/04\/IMG_2871-scaled.jpg","contentUrl":"https:\/\/instytutpolski.pl\/stockholm\/wp-content\/uploads\/sites\/17\/2024\/04\/IMG_2871-scaled.jpg","width":2560,"height":1707},{"@type":"BreadcrumbList","@id":"https:\/\/instytutpolski.pl\/stockholm\/pl\/2024\/04\/11\/prace-polskich-i-szwedzkich-artystow-na-wystawie-polskie-slady-w-galerii-sztuki-sodertalje-konsthall\/#breadcrumb","itemListElement":[{"@type":"ListItem","position":1,"name":"Home","item":"https:\/\/instytutpolski.pl\/stockholm\/"},{"@type":"ListItem","position":2,"name":"Prace polskich i szwedzkich artyst\u00f3w na wystawie Polskie \u015blady w galerii sztuki S\u00f6dert\u00e4lje konsthall"}]},{"@type":"WebSite","@id":"https:\/\/instytutpolski.pl\/stockholm\/#website","url":"https:\/\/instytutpolski.pl\/stockholm\/","name":"Instytut Polski w Sztokholmie","description":"Instytuty Polskie","potentialAction":[{"@type":"SearchAction","target":{"@type":"EntryPoint","urlTemplate":"https:\/\/instytutpolski.pl\/stockholm\/?s={search_term_string}"},"query-input":{"@type":"PropertyValueSpecification","valueRequired":true,"valueName":"search_term_string"}}],"inLanguage":"pl-PL"},{"@type":"Person","@id":"https:\/\/instytutpolski.pl\/stockholm\/#\/schema\/person\/866a2c0f4ccf0982a286809684f7bc1e","name":"treichelp","image":{"@type":"ImageObject","inLanguage":"pl-PL","@id":"https:\/\/instytutpolski.pl\/stockholm\/#\/schema\/person\/image\/","url":"https:\/\/secure.gravatar.com\/avatar\/fb2c1caae0df0854742a56fc463dd1fb?s=96&d=mm&r=g","contentUrl":"https:\/\/secure.gravatar.com\/avatar\/fb2c1caae0df0854742a56fc463dd1fb?s=96&d=mm&r=g","caption":"treichelp"},"url":"https:\/\/instytutpolski.pl\/stockholm\/author\/treichelp\/"}]}},"_links":{"self":[{"href":"https:\/\/instytutpolski.pl\/stockholm\/wp-json\/wp\/v2\/posts\/12433","targetHints":{"allow":["GET"]}}],"collection":[{"href":"https:\/\/instytutpolski.pl\/stockholm\/wp-json\/wp\/v2\/posts"}],"about":[{"href":"https:\/\/instytutpolski.pl\/stockholm\/wp-json\/wp\/v2\/types\/post"}],"author":[{"embeddable":true,"href":"https:\/\/instytutpolski.pl\/stockholm\/wp-json\/wp\/v2\/users\/173"}],"replies":[{"embeddable":true,"href":"https:\/\/instytutpolski.pl\/stockholm\/wp-json\/wp\/v2\/comments?post=12433"}],"version-history":[{"count":4,"href":"https:\/\/instytutpolski.pl\/stockholm\/wp-json\/wp\/v2\/posts\/12433\/revisions"}],"predecessor-version":[{"id":12491,"href":"https:\/\/instytutpolski.pl\/stockholm\/wp-json\/wp\/v2\/posts\/12433\/revisions\/12491"}],"wp:featuredmedia":[{"embeddable":true,"href":"https:\/\/instytutpolski.pl\/stockholm\/wp-json\/wp\/v2\/media\/12480"}],"wp:attachment":[{"href":"https:\/\/instytutpolski.pl\/stockholm\/wp-json\/wp\/v2\/media?parent=12433"}],"wp:term":[{"taxonomy":"category","embeddable":true,"href":"https:\/\/instytutpolski.pl\/stockholm\/wp-json\/wp\/v2\/categories?post=12433"},{"taxonomy":"post_tag","embeddable":true,"href":"https:\/\/instytutpolski.pl\/stockholm\/wp-json\/wp\/v2\/tags?post=12433"}],"curies":[{"name":"wp","href":"https:\/\/api.w.org\/{rel}","templated":true}]}}