{"id":12516,"date":"2024-04-29T14:52:05","date_gmt":"2024-04-29T12:52:05","guid":{"rendered":"https:\/\/instytutpolski.pl\/stockholm\/?p=12516"},"modified":"2024-06-10T10:51:49","modified_gmt":"2024-06-10T08:51:49","slug":"polska-gaster-pa-stockholms-internationella-seriefestival","status":"publish","type":"post","link":"https:\/\/instytutpolski.pl\/stockholm\/2024\/04\/29\/polska-gaster-pa-stockholms-internationella-seriefestival\/","title":{"rendered":"Polska g\u00e4ster p\u00e5 Stockholms Internationella Seriefestival"},"content":{"rendered":"\n<p>P\u00e5 festivalen kan du tr\u00e4ffa Janek, Lucie och Micha\u0142, k\u00f6pa Centralas seriealbum och lyssna p\u00e5 programpunkterna de deltar i.<br><strong>L\u00f6rdag 25 maj kl. <strong>12:00-12:45<\/strong>,<\/strong> Foaj\u00e9scenen, Kulturhuset, plan 3: Samtal med Janek, Lucie och Micha\u0142 som modereras av journalisten och f\u00f6rfattaren Fredrik Str\u00f6mberg. L\u00e4s mer <a href=\"https:\/\/kulturhusetstadsteatern.se\/festivalschema#:~:text=12.00%2D12.45%3A%20Foaj%C3%A9%203%20(plan%203)\">H\u00c4R<\/a>.<br><strong>L\u00f6rdag 25 maj kl. 13.45\u201314.45<\/strong>, Klarabiografen, Kulturhuset, plan 3: Visning av filmen \u201cSomething no yes!\u201d med Janek Kozas animerade kortfilmer och musikvideor. L\u00e4s mer <a href=\"https:\/\/kulturhusetstadsteatern.se\/film\/something-no-yes-med-janek-koza\" target=\"_blank\" rel=\"noreferrer noopener\">H\u00c4R<\/a>.<\/p>\n\n\n\n<p style=\"font-size:19px\">Mer om g\u00e4sterna: <\/p>\n\n\n\n<p style=\"font-size:19px\"><strong>Jan Koza <\/strong>\u00e4r m\u00e5lare, och skapare av tecknade serier och animerade filmer. Han f\u00f6ddes 1 april 1970 i Wroc\u0142aw och tog examen i m\u00e5leri och nya medier p\u00e5 konsth\u00f6gskolan i Wroc\u0142aw. Under \u00e5ren har han gjort ett drygt hundratal animerade filmer och videor, flera grafiska romaner och tusentals politiska sk\u00e4mtteckningar. Hans teckningar publiceras regelbundet i den st\u00f6rsta polska nyhetsveckotidningen Polityka. Kozas verk \u00e4r en utm\u00e4rkt ledsagare till den vardag som f\u00f6r m\u00e5nga \u00e4r en sv\u00e5rforcerad labyrint. Det \u00e4r ber\u00e4ttelser ur det verkliga livet med en sens moral som vill varna l\u00e4saren f\u00f6r alla m\u00f6jliga faror \u2013 att l\u00e4gga sina k\u00e4nslor p\u00e5 fel person, yrkesm\u00e4ssiga eller \u00e4ktenskapliga konflikter, medm\u00e4nniskornas allm\u00e4nna uselhet. Figurerna \u00e4r tecknade utan f\u00f6rsk\u00f6ning, med fel och brister. Typiskt f\u00f6r Kozas l\u00e4tt igenk\u00e4nneliga bildspr\u00e5k \u00e4r tragikomiska h\u00e4ndelser, perfekt f\u00e5ngade i enkla teckningar med lakoniska, ofta skarpa kommentarer, och en handling som \u00e4r starkt f\u00f6rankrad i den polska verkligheten. Han \u00e4r skicklig i att flytta \u00f6ver en kondenserad vardagsverklighet till bilder med en ironisk, giftigt satirisk stil. Jan Kozas sociala engagemang riktas rakt mot v\u00e5r verklighet med en vass konstn\u00e4rlig egg som avsiktligt ligger l\u00e5ngt fr\u00e5n den konventionella bilden av sk\u00f6nhet, rentav kan uppfattas som fr\u00e5nst\u00f6tande. Hans internationellt uppskattade serietidning Bad Dreams \u00e4r en samling av bittra ber\u00e4ttelser om \u00f6nskan att fly fr\u00e5n den tr\u00f6ttsamma verkligheten.<\/p>\n\n\n\n<pre class=\"wp-block-verse\"><\/pre>\n\n\n\n<figure class=\"wp-block-gallery has-nested-images columns-default is-cropped wp-block-gallery-1 is-layout-flex wp-block-gallery-is-layout-flex\">\n<figure class=\"wp-block-image size-large is-style-rounded\"><img loading=\"lazy\" decoding=\"async\" width=\"1024\" height=\"1024\" data-id=\"12533\" src=\"https:\/\/instytutpolski.pl\/stockholm\/wp-content\/uploads\/sites\/17\/2024\/04\/1-1024x1024.png\" alt=\"\" class=\"wp-image-12533\" srcset=\"https:\/\/instytutpolski.pl\/stockholm\/wp-content\/uploads\/sites\/17\/2024\/04\/1-1024x1024.png 1024w, https:\/\/instytutpolski.pl\/stockholm\/wp-content\/uploads\/sites\/17\/2024\/04\/1-300x300.png 300w, https:\/\/instytutpolski.pl\/stockholm\/wp-content\/uploads\/sites\/17\/2024\/04\/1-150x150.png 150w, https:\/\/instytutpolski.pl\/stockholm\/wp-content\/uploads\/sites\/17\/2024\/04\/1-768x768.png 768w, https:\/\/instytutpolski.pl\/stockholm\/wp-content\/uploads\/sites\/17\/2024\/04\/1.png 1080w\" sizes=\"auto, (max-width: 1024px) 100vw, 1024px\" \/><\/figure>\n<\/figure>\n\n\n\n<p style=\"font-size:19px\">Mer om Janek Koza: <a href=\"https:\/\/cargocollective.com\/JanekKoza\">https:\/\/cargocollective.com\/JanekKoza<\/a>&nbsp;<\/p>\n\n\n\n<p style=\"font-size:19px\">Serien Bad Dreams <a href=\"https:\/\/www.akademibokhandeln.se\/bok\/bad-dreams\/9781912278176\" target=\"_blank\" rel=\"noreferrer noopener\">finns att k\u00f6pa p\u00e5 Akademibokhandeln<\/a><\/p>\n\n\n\n<p style=\"font-size:19px\"><strong>Micha\u0142 S\u0142omka <\/strong>driver <a href=\"http:\/\/centrala.org.uk\/\" target=\"_blank\" rel=\"noreferrer noopener\">f\u00f6rlaget Centrala<\/a>, som han grundade 2007. Centrala fokuserar p\u00e5 konstn\u00e4rliga \u00f6steuropeiska och utl\u00e4ndska serier fr\u00e4mst f\u00f6r vuxna l\u00e4sare, men \u00e4ven f\u00f6r barn. Han \u00e4r koordinator f\u00f6r ett barnprojekt och Koma Pitchings inom ramen f\u00f6r den internationella seriekonstfestivalen KOMA i Brno, Tjeckien.<\/p>\n\n\n\n<figure class=\"wp-block-gallery has-nested-images columns-default is-cropped wp-block-gallery-2 is-layout-flex wp-block-gallery-is-layout-flex\">\n<figure class=\"wp-block-image size-full is-style-rounded\"><img loading=\"lazy\" decoding=\"async\" width=\"1080\" height=\"1080\" data-id=\"12534\" src=\"https:\/\/instytutpolski.pl\/stockholm\/wp-content\/uploads\/sites\/17\/2024\/04\/2.png\" alt=\"\" class=\"wp-image-12534\" srcset=\"https:\/\/instytutpolski.pl\/stockholm\/wp-content\/uploads\/sites\/17\/2024\/04\/2.png 1080w, https:\/\/instytutpolski.pl\/stockholm\/wp-content\/uploads\/sites\/17\/2024\/04\/2-300x300.png 300w, https:\/\/instytutpolski.pl\/stockholm\/wp-content\/uploads\/sites\/17\/2024\/04\/2-1024x1024.png 1024w, https:\/\/instytutpolski.pl\/stockholm\/wp-content\/uploads\/sites\/17\/2024\/04\/2-150x150.png 150w, https:\/\/instytutpolski.pl\/stockholm\/wp-content\/uploads\/sites\/17\/2024\/04\/2-768x768.png 768w\" sizes=\"auto, (max-width: 1080px) 100vw, 1080px\" \/><\/figure>\n<\/figure>\n\n\n\n<p style=\"font-size:19px\">L\u00e4s mer om SIS p\u00e5 <a href=\"https:\/\/seriestockholm.se\/events\/stockholms-internationella-seriefestival-2024-sis24\/\" target=\"_blank\" rel=\"noreferrer noopener\">den officiella hemsidan av Serieteket<\/a><\/p>\n\n\n\n<p style=\"font-size:19px\">Projektet \u00e4r ett samarbete med Serieteket, Tjeckiska centrum, Tjeckiens ambassad och f\u00f6rlaget Centrala.<\/p>\n","protected":false},"excerpt":{"rendered":"<p>P\u00e5 festivalen kan du tr\u00e4ffa Janek, Lucie och Micha\u0142, k\u00f6pa Centralas seriealbum och lyssna p\u00e5 programpunkterna de deltar i.L\u00f6rdag 25 maj kl. 12:00-12:45, Foaj\u00e9scenen, Kulturhuset, plan 3: Samtal med Janek, Lucie och Micha\u0142 som modereras av journalisten och f\u00f6rfattaren Fredrik Str\u00f6mberg. L\u00e4s mer H\u00c4R.L\u00f6rdag 25 maj kl. 13.45\u201314.45, Klarabiografen, Kulturhuset, plan 3: Visning av filmen [&hellip;]<\/p>\n","protected":false},"author":173,"featured_media":12501,"comment_status":"closed","ping_status":"closed","sticky":false,"template":"","format":"standard","meta":{"inline_featured_image":false,"_monsterinsights_skip_tracking":false,"_monsterinsights_sitenote_active":false,"_monsterinsights_sitenote_note":"","_monsterinsights_sitenote_category":0,"footnotes":""},"categories":[222,12,95,102,106],"tags":[],"class_list":["post-12516","post","type-post","status-publish","format-standard","has-post-thumbnail","hentry","category-aktualnosc-se","category-evenemang","category-film-evenemang","category-konst","category-litteratur"],"yoast_head":"<!-- This site is optimized with the Yoast SEO plugin v24.6 - https:\/\/yoast.com\/wordpress\/plugins\/seo\/ -->\n<title>Polska g\u00e4ster p\u00e5 Stockholms Internationella Seriefestival - Instytut Polski w Sztokholmie<\/title>\n<meta name=\"robots\" content=\"index, follow, max-snippet:-1, max-image-preview:large, max-video-preview:-1\" \/>\n<link rel=\"canonical\" href=\"https:\/\/instytutpolski.pl\/stockholm\/2024\/04\/29\/polska-gaster-pa-stockholms-internationella-seriefestival\/\" \/>\n<meta property=\"og:locale\" content=\"pl_PL\" \/>\n<meta property=\"og:type\" content=\"article\" \/>\n<meta property=\"og:title\" content=\"Polska g\u00e4ster p\u00e5 Stockholms Internationella Seriefestival - Instytut Polski w Sztokholmie\" \/>\n<meta property=\"og:description\" content=\"P\u00e5 festivalen kan du tr\u00e4ffa Janek, Lucie och Micha\u0142, k\u00f6pa Centralas seriealbum och lyssna p\u00e5 programpunkterna de deltar i.L\u00f6rdag 25 maj kl. 12:00-12:45, Foaj\u00e9scenen, Kulturhuset, plan 3: Samtal med Janek, Lucie och Micha\u0142 som modereras av journalisten och f\u00f6rfattaren Fredrik Str\u00f6mberg. L\u00e4s mer H\u00c4R.L\u00f6rdag 25 maj kl. 13.45\u201314.45, Klarabiografen, Kulturhuset, plan 3: Visning av filmen [&hellip;]\" \/>\n<meta property=\"og:url\" content=\"https:\/\/instytutpolski.pl\/stockholm\/2024\/04\/29\/polska-gaster-pa-stockholms-internationella-seriefestival\/\" \/>\n<meta property=\"og:site_name\" content=\"Instytut Polski w Sztokholmie\" \/>\n<meta property=\"article:published_time\" content=\"2024-04-29T12:52:05+00:00\" \/>\n<meta property=\"article:modified_time\" content=\"2024-06-10T08:51:49+00:00\" \/>\n<meta property=\"og:image\" content=\"https:\/\/instytutpolski.pl\/stockholm\/wp-content\/uploads\/sites\/17\/2024\/04\/Seriefestivalen2024.png\" \/>\n\t<meta property=\"og:image:width\" content=\"1120\" \/>\n\t<meta property=\"og:image:height\" content=\"630\" \/>\n\t<meta property=\"og:image:type\" content=\"image\/png\" \/>\n<meta name=\"author\" content=\"treichelp\" \/>\n<meta name=\"twitter:card\" content=\"summary_large_image\" \/>\n<meta name=\"twitter:label1\" content=\"Napisane przez\" \/>\n\t<meta name=\"twitter:data1\" content=\"treichelp\" \/>\n\t<meta name=\"twitter:label2\" content=\"Szacowany czas czytania\" \/>\n\t<meta name=\"twitter:data2\" content=\"3 minuty\" \/>\n<script type=\"application\/ld+json\" class=\"yoast-schema-graph\">{\"@context\":\"https:\/\/schema.org\",\"@graph\":[{\"@type\":\"event\",\"@id\":\"https:\/\/instytutpolski.pl\/stockholm\/2024\/04\/29\/polska-gaster-pa-stockholms-internationella-seriefestival\/\",\"url\":\"https:\/\/instytutpolski.pl\/stockholm\/2024\/04\/29\/polska-gaster-pa-stockholms-internationella-seriefestival\/\",\"name\":\"Polska g\u00e4ster p\u00e5 Stockholms Internationella Seriefestival\",\"isPartOf\":{\"@id\":\"https:\/\/instytutpolski.pl\/stockholm\/#website\"},\"primaryImageOfPage\":{\"@id\":\"https:\/\/instytutpolski.pl\/stockholm\/2024\/04\/29\/polska-gaster-pa-stockholms-internationella-seriefestival\/#primaryimage\"},\"image\":[\"https:\/\/instytutpolski.pl\/stockholm\/wp-content\/uploads\/sites\/17\/2024\/04\/Seriefestivalen2024.png\",\"https:\/\/instytutpolski.pl\/stockholm\/wp-content\/uploads\/sites\/17\/2024\/04\/Seriefestivalen2024-300x169.png\",\"https:\/\/instytutpolski.pl\/stockholm\/wp-content\/uploads\/sites\/17\/2024\/04\/Seriefestivalen2024-1024x576.png\",\"https:\/\/instytutpolski.pl\/stockholm\/wp-content\/uploads\/sites\/17\/2024\/04\/Seriefestivalen2024.png\"],\"thumbnailUrl\":\"https:\/\/instytutpolski.pl\/stockholm\/wp-content\/uploads\/sites\/17\/2024\/04\/Seriefestivalen2024.png\",\"datePublished\":\"2024-04-29T12:52:05+02:00\",\"dateModified\":\"2024-06-10T08:51:49+02:00\",\"author\":{\"@id\":\"https:\/\/instytutpolski.pl\/stockholm\/#\/schema\/person\/866a2c0f4ccf0982a286809684f7bc1e\"},\"breadcrumb\":{\"@id\":\"https:\/\/instytutpolski.pl\/stockholm\/2024\/04\/29\/polska-gaster-pa-stockholms-internationella-seriefestival\/#breadcrumb\"},\"inLanguage\":\"pl-PL\",\"potentialAction\":[{\"@type\":\"ReadAction\",\"target\":[\"https:\/\/instytutpolski.pl\/stockholm\/2024\/04\/29\/polska-gaster-pa-stockholms-internationella-seriefestival\/\"]}],\"@context\":\"https:\/\/schema.org\",\"startDate\":\"2024-05-25\",\"endDate\":\"2024-05-26\",\"eventStatus\":\"EventScheduled\",\"eventAttendanceMode\":\"OfflineEventAttendanceMode\",\"location\":{\"@type\":\"place\",\"name\":\"Kulturhuset Stadsteatern, Stockholm\",\"address\":\"Kulturhuset Stadsteatern, Stockholm\",\"geo\":{\"@type\":\"GeoCoordinates\",\"latitude\":\"59.31090140405186\",\"longitude\":\"18.058051550816664\"}},\"description\":\"P\u00e5 festivalen kan du tr\u00e4ffa Janek, Lucie och Micha\u0142, k\u00f6pa Centralas seriealbum och lyssna p\u00e5 programpunkterna de deltar i.L\u00f6rdag 25 maj kl. 12:00-12:45, Foaj\u00e9scenen, Kulturhuset, plan 3: Samtal med Janek, Lucie och Micha\u0142 som modereras av journalisten och f\u00f6rfattaren Fredrik Str\u00f6mberg. L\u00e4s mer H\u00c4R.L\u00f6rdag 25 maj kl. 13.45\u201314.45, Klarabiografen, Kulturhuset, plan 3: Visning av filmen \u201cSomething no yes!\u201d med Janek Kozas animerade kortfilmer och musikvideor. L\u00e4s mer H\u00c4R.\\nMer om g\u00e4sterna: \\nJan Koza \u00e4r m\u00e5lare, och skapare av tecknade serier och animerade filmer. Han f\u00f6ddes 1 april 1970 i Wroc\u0142aw och tog examen i m\u00e5leri och nya medier p\u00e5 konsth\u00f6gskolan i Wroc\u0142aw. Under \u00e5ren har han gjort ett drygt hundratal animerade filmer och videor, flera grafiska romaner och tusentals politiska sk\u00e4mtteckningar. Hans teckningar publiceras regelbundet i den st\u00f6rsta polska nyhetsveckotidningen Polityka. Kozas verk \u00e4r en utm\u00e4rkt ledsagare till den vardag som f\u00f6r m\u00e5nga \u00e4r en sv\u00e5rforcerad labyrint. Det \u00e4r ber\u00e4ttelser ur det verkliga livet med en sens moral som vill varna l\u00e4saren f\u00f6r alla m\u00f6jliga faror \u2013 att l\u00e4gga sina k\u00e4nslor p\u00e5 fel person, yrkesm\u00e4ssiga eller \u00e4ktenskapliga konflikter, medm\u00e4nniskornas allm\u00e4nna uselhet. Figurerna \u00e4r tecknade utan f\u00f6rsk\u00f6ning, med fel och brister. Typiskt f\u00f6r Kozas l\u00e4tt igenk\u00e4nneliga bildspr\u00e5k \u00e4r tragikomiska h\u00e4ndelser, perfekt f\u00e5ngade i enkla teckningar med lakoniska, ofta skarpa kommentarer, och en handling som \u00e4r starkt f\u00f6rankrad i den polska verkligheten. Han \u00e4r skicklig i att flytta \u00f6ver en kondenserad vardagsverklighet till bilder med en ironisk, giftigt satirisk stil. Jan Kozas sociala engagemang riktas rakt mot v\u00e5r verklighet med en vass konstn\u00e4rlig egg som avsiktligt ligger l\u00e5ngt fr\u00e5n den konventionella bilden av sk\u00f6nhet, rentav kan uppfattas som fr\u00e5nst\u00f6tande. Hans internationellt uppskattade serietidning Bad Dreams \u00e4r en samling av bittra ber\u00e4ttelser om \u00f6nskan att fly fr\u00e5n den tr\u00f6ttsamma verkligheten.\\nMer om Janek Koza: https:\/\/cargocollective.com\/JanekKoza \\nSerien Bad Dreams finns att k\u00f6pa p\u00e5 Akademibokhandeln\\nMicha\u0142 S\u0142omka driver f\u00f6rlaget Centrala, som han grundade 2007. Centrala fokuserar p\u00e5 konstn\u00e4rliga \u00f6steuropeiska och utl\u00e4ndska serier fr\u00e4mst f\u00f6r vuxna l\u00e4sare, men \u00e4ven f\u00f6r barn. Han \u00e4r koordinator f\u00f6r ett barnprojekt och Koma Pitchings inom ramen f\u00f6r den internationella seriekonstfestivalen KOMA i Brno, Tjeckien.\\nL\u00e4s mer om SIS p\u00e5 den officiella hemsidan av Serieteket\\nProjektet \u00e4r ett samarbete med Serieteket, Tjeckiska centrum, Tjeckiens ambassad och f\u00f6rlaget Centrala.\"},{\"@type\":\"ImageObject\",\"inLanguage\":\"pl-PL\",\"@id\":\"https:\/\/instytutpolski.pl\/stockholm\/2024\/04\/29\/polska-gaster-pa-stockholms-internationella-seriefestival\/#primaryimage\",\"url\":\"https:\/\/instytutpolski.pl\/stockholm\/wp-content\/uploads\/sites\/17\/2024\/04\/Seriefestivalen2024.png\",\"contentUrl\":\"https:\/\/instytutpolski.pl\/stockholm\/wp-content\/uploads\/sites\/17\/2024\/04\/Seriefestivalen2024.png\",\"width\":1120,\"height\":630},{\"@type\":\"BreadcrumbList\",\"@id\":\"https:\/\/instytutpolski.pl\/stockholm\/2024\/04\/29\/polska-gaster-pa-stockholms-internationella-seriefestival\/#breadcrumb\",\"itemListElement\":[{\"@type\":\"ListItem\",\"position\":1,\"name\":\"Home\",\"item\":\"https:\/\/instytutpolski.pl\/stockholm\/\"},{\"@type\":\"ListItem\",\"position\":2,\"name\":\"Polska g\u00e4ster p\u00e5 Stockholms Internationella Seriefestival\"}]},{\"@type\":\"WebSite\",\"@id\":\"https:\/\/instytutpolski.pl\/stockholm\/#website\",\"url\":\"https:\/\/instytutpolski.pl\/stockholm\/\",\"name\":\"Instytut Polski w Sztokholmie\",\"description\":\"Instytuty Polskie\",\"potentialAction\":[{\"@type\":\"SearchAction\",\"target\":{\"@type\":\"EntryPoint\",\"urlTemplate\":\"https:\/\/instytutpolski.pl\/stockholm\/?s={search_term_string}\"},\"query-input\":{\"@type\":\"PropertyValueSpecification\",\"valueRequired\":true,\"valueName\":\"search_term_string\"}}],\"inLanguage\":\"pl-PL\"},{\"@type\":\"Person\",\"@id\":\"https:\/\/instytutpolski.pl\/stockholm\/#\/schema\/person\/866a2c0f4ccf0982a286809684f7bc1e\",\"name\":\"treichelp\",\"image\":{\"@type\":\"ImageObject\",\"inLanguage\":\"pl-PL\",\"@id\":\"https:\/\/instytutpolski.pl\/stockholm\/#\/schema\/person\/image\/\",\"url\":\"https:\/\/secure.gravatar.com\/avatar\/fb2c1caae0df0854742a56fc463dd1fb?s=96&d=mm&r=g\",\"contentUrl\":\"https:\/\/secure.gravatar.com\/avatar\/fb2c1caae0df0854742a56fc463dd1fb?s=96&d=mm&r=g\",\"caption\":\"treichelp\"},\"url\":\"https:\/\/instytutpolski.pl\/stockholm\/author\/treichelp\/\"}]}<\/script>\n<!-- \/ Yoast SEO plugin. -->","yoast_head_json":{"title":"Polska g\u00e4ster p\u00e5 Stockholms Internationella Seriefestival - Instytut Polski w Sztokholmie","robots":{"index":"index","follow":"follow","max-snippet":"max-snippet:-1","max-image-preview":"max-image-preview:large","max-video-preview":"max-video-preview:-1"},"canonical":"https:\/\/instytutpolski.pl\/stockholm\/2024\/04\/29\/polska-gaster-pa-stockholms-internationella-seriefestival\/","og_locale":"pl_PL","og_type":"article","og_title":"Polska g\u00e4ster p\u00e5 Stockholms Internationella Seriefestival - Instytut Polski w Sztokholmie","og_description":"P\u00e5 festivalen kan du tr\u00e4ffa Janek, Lucie och Micha\u0142, k\u00f6pa Centralas seriealbum och lyssna p\u00e5 programpunkterna de deltar i.L\u00f6rdag 25 maj kl. 12:00-12:45, Foaj\u00e9scenen, Kulturhuset, plan 3: Samtal med Janek, Lucie och Micha\u0142 som modereras av journalisten och f\u00f6rfattaren Fredrik Str\u00f6mberg. L\u00e4s mer H\u00c4R.L\u00f6rdag 25 maj kl. 13.45\u201314.45, Klarabiografen, Kulturhuset, plan 3: Visning av filmen [&hellip;]","og_url":"https:\/\/instytutpolski.pl\/stockholm\/2024\/04\/29\/polska-gaster-pa-stockholms-internationella-seriefestival\/","og_site_name":"Instytut Polski w Sztokholmie","article_published_time":"2024-04-29T12:52:05+00:00","article_modified_time":"2024-06-10T08:51:49+00:00","og_image":[{"width":1120,"height":630,"url":"https:\/\/instytutpolski.pl\/stockholm\/wp-content\/uploads\/sites\/17\/2024\/04\/Seriefestivalen2024.png","type":"image\/png"}],"author":"treichelp","twitter_card":"summary_large_image","twitter_misc":{"Napisane przez":"treichelp","Szacowany czas czytania":"3 minuty"},"schema":{"@context":"https:\/\/schema.org","@graph":[{"@type":"event","@id":"https:\/\/instytutpolski.pl\/stockholm\/2024\/04\/29\/polska-gaster-pa-stockholms-internationella-seriefestival\/","url":"https:\/\/instytutpolski.pl\/stockholm\/2024\/04\/29\/polska-gaster-pa-stockholms-internationella-seriefestival\/","name":"Polska g\u00e4ster p\u00e5 Stockholms Internationella Seriefestival","isPartOf":{"@id":"https:\/\/instytutpolski.pl\/stockholm\/#website"},"primaryImageOfPage":{"@id":"https:\/\/instytutpolski.pl\/stockholm\/2024\/04\/29\/polska-gaster-pa-stockholms-internationella-seriefestival\/#primaryimage"},"image":["https:\/\/instytutpolski.pl\/stockholm\/wp-content\/uploads\/sites\/17\/2024\/04\/Seriefestivalen2024.png","https:\/\/instytutpolski.pl\/stockholm\/wp-content\/uploads\/sites\/17\/2024\/04\/Seriefestivalen2024-300x169.png","https:\/\/instytutpolski.pl\/stockholm\/wp-content\/uploads\/sites\/17\/2024\/04\/Seriefestivalen2024-1024x576.png","https:\/\/instytutpolski.pl\/stockholm\/wp-content\/uploads\/sites\/17\/2024\/04\/Seriefestivalen2024.png"],"thumbnailUrl":"https:\/\/instytutpolski.pl\/stockholm\/wp-content\/uploads\/sites\/17\/2024\/04\/Seriefestivalen2024.png","datePublished":"2024-04-29T12:52:05+02:00","dateModified":"2024-06-10T08:51:49+02:00","author":{"@id":"https:\/\/instytutpolski.pl\/stockholm\/#\/schema\/person\/866a2c0f4ccf0982a286809684f7bc1e"},"breadcrumb":{"@id":"https:\/\/instytutpolski.pl\/stockholm\/2024\/04\/29\/polska-gaster-pa-stockholms-internationella-seriefestival\/#breadcrumb"},"inLanguage":"pl-PL","potentialAction":[{"@type":"ReadAction","target":["https:\/\/instytutpolski.pl\/stockholm\/2024\/04\/29\/polska-gaster-pa-stockholms-internationella-seriefestival\/"]}],"@context":"https:\/\/schema.org","startDate":"2024-05-25","endDate":"2024-05-26","eventStatus":"EventScheduled","eventAttendanceMode":"OfflineEventAttendanceMode","location":{"@type":"place","name":"Kulturhuset Stadsteatern, Stockholm","address":"Kulturhuset Stadsteatern, Stockholm","geo":{"@type":"GeoCoordinates","latitude":"59.31090140405186","longitude":"18.058051550816664"}},"description":"P\u00e5 festivalen kan du tr\u00e4ffa Janek, Lucie och Micha\u0142, k\u00f6pa Centralas seriealbum och lyssna p\u00e5 programpunkterna de deltar i.L\u00f6rdag 25 maj kl. 12:00-12:45, Foaj\u00e9scenen, Kulturhuset, plan 3: Samtal med Janek, Lucie och Micha\u0142 som modereras av journalisten och f\u00f6rfattaren Fredrik Str\u00f6mberg. L\u00e4s mer H\u00c4R.L\u00f6rdag 25 maj kl. 13.45\u201314.45, Klarabiografen, Kulturhuset, plan 3: Visning av filmen \u201cSomething no yes!\u201d med Janek Kozas animerade kortfilmer och musikvideor. L\u00e4s mer H\u00c4R.\nMer om g\u00e4sterna: \nJan Koza \u00e4r m\u00e5lare, och skapare av tecknade serier och animerade filmer. Han f\u00f6ddes 1 april 1970 i Wroc\u0142aw och tog examen i m\u00e5leri och nya medier p\u00e5 konsth\u00f6gskolan i Wroc\u0142aw. Under \u00e5ren har han gjort ett drygt hundratal animerade filmer och videor, flera grafiska romaner och tusentals politiska sk\u00e4mtteckningar. Hans teckningar publiceras regelbundet i den st\u00f6rsta polska nyhetsveckotidningen Polityka. Kozas verk \u00e4r en utm\u00e4rkt ledsagare till den vardag som f\u00f6r m\u00e5nga \u00e4r en sv\u00e5rforcerad labyrint. Det \u00e4r ber\u00e4ttelser ur det verkliga livet med en sens moral som vill varna l\u00e4saren f\u00f6r alla m\u00f6jliga faror \u2013 att l\u00e4gga sina k\u00e4nslor p\u00e5 fel person, yrkesm\u00e4ssiga eller \u00e4ktenskapliga konflikter, medm\u00e4nniskornas allm\u00e4nna uselhet. Figurerna \u00e4r tecknade utan f\u00f6rsk\u00f6ning, med fel och brister. Typiskt f\u00f6r Kozas l\u00e4tt igenk\u00e4nneliga bildspr\u00e5k \u00e4r tragikomiska h\u00e4ndelser, perfekt f\u00e5ngade i enkla teckningar med lakoniska, ofta skarpa kommentarer, och en handling som \u00e4r starkt f\u00f6rankrad i den polska verkligheten. Han \u00e4r skicklig i att flytta \u00f6ver en kondenserad vardagsverklighet till bilder med en ironisk, giftigt satirisk stil. Jan Kozas sociala engagemang riktas rakt mot v\u00e5r verklighet med en vass konstn\u00e4rlig egg som avsiktligt ligger l\u00e5ngt fr\u00e5n den konventionella bilden av sk\u00f6nhet, rentav kan uppfattas som fr\u00e5nst\u00f6tande. Hans internationellt uppskattade serietidning Bad Dreams \u00e4r en samling av bittra ber\u00e4ttelser om \u00f6nskan att fly fr\u00e5n den tr\u00f6ttsamma verkligheten.\nMer om Janek Koza: https:\/\/cargocollective.com\/JanekKoza \nSerien Bad Dreams finns att k\u00f6pa p\u00e5 Akademibokhandeln\nMicha\u0142 S\u0142omka driver f\u00f6rlaget Centrala, som han grundade 2007. Centrala fokuserar p\u00e5 konstn\u00e4rliga \u00f6steuropeiska och utl\u00e4ndska serier fr\u00e4mst f\u00f6r vuxna l\u00e4sare, men \u00e4ven f\u00f6r barn. Han \u00e4r koordinator f\u00f6r ett barnprojekt och Koma Pitchings inom ramen f\u00f6r den internationella seriekonstfestivalen KOMA i Brno, Tjeckien.\nL\u00e4s mer om SIS p\u00e5 den officiella hemsidan av Serieteket\nProjektet \u00e4r ett samarbete med Serieteket, Tjeckiska centrum, Tjeckiens ambassad och f\u00f6rlaget Centrala."},{"@type":"ImageObject","inLanguage":"pl-PL","@id":"https:\/\/instytutpolski.pl\/stockholm\/2024\/04\/29\/polska-gaster-pa-stockholms-internationella-seriefestival\/#primaryimage","url":"https:\/\/instytutpolski.pl\/stockholm\/wp-content\/uploads\/sites\/17\/2024\/04\/Seriefestivalen2024.png","contentUrl":"https:\/\/instytutpolski.pl\/stockholm\/wp-content\/uploads\/sites\/17\/2024\/04\/Seriefestivalen2024.png","width":1120,"height":630},{"@type":"BreadcrumbList","@id":"https:\/\/instytutpolski.pl\/stockholm\/2024\/04\/29\/polska-gaster-pa-stockholms-internationella-seriefestival\/#breadcrumb","itemListElement":[{"@type":"ListItem","position":1,"name":"Home","item":"https:\/\/instytutpolski.pl\/stockholm\/"},{"@type":"ListItem","position":2,"name":"Polska g\u00e4ster p\u00e5 Stockholms Internationella Seriefestival"}]},{"@type":"WebSite","@id":"https:\/\/instytutpolski.pl\/stockholm\/#website","url":"https:\/\/instytutpolski.pl\/stockholm\/","name":"Instytut Polski w Sztokholmie","description":"Instytuty Polskie","potentialAction":[{"@type":"SearchAction","target":{"@type":"EntryPoint","urlTemplate":"https:\/\/instytutpolski.pl\/stockholm\/?s={search_term_string}"},"query-input":{"@type":"PropertyValueSpecification","valueRequired":true,"valueName":"search_term_string"}}],"inLanguage":"pl-PL"},{"@type":"Person","@id":"https:\/\/instytutpolski.pl\/stockholm\/#\/schema\/person\/866a2c0f4ccf0982a286809684f7bc1e","name":"treichelp","image":{"@type":"ImageObject","inLanguage":"pl-PL","@id":"https:\/\/instytutpolski.pl\/stockholm\/#\/schema\/person\/image\/","url":"https:\/\/secure.gravatar.com\/avatar\/fb2c1caae0df0854742a56fc463dd1fb?s=96&d=mm&r=g","contentUrl":"https:\/\/secure.gravatar.com\/avatar\/fb2c1caae0df0854742a56fc463dd1fb?s=96&d=mm&r=g","caption":"treichelp"},"url":"https:\/\/instytutpolski.pl\/stockholm\/author\/treichelp\/"}]}},"_links":{"self":[{"href":"https:\/\/instytutpolski.pl\/stockholm\/wp-json\/wp\/v2\/posts\/12516","targetHints":{"allow":["GET"]}}],"collection":[{"href":"https:\/\/instytutpolski.pl\/stockholm\/wp-json\/wp\/v2\/posts"}],"about":[{"href":"https:\/\/instytutpolski.pl\/stockholm\/wp-json\/wp\/v2\/types\/post"}],"author":[{"embeddable":true,"href":"https:\/\/instytutpolski.pl\/stockholm\/wp-json\/wp\/v2\/users\/173"}],"replies":[{"embeddable":true,"href":"https:\/\/instytutpolski.pl\/stockholm\/wp-json\/wp\/v2\/comments?post=12516"}],"version-history":[{"count":26,"href":"https:\/\/instytutpolski.pl\/stockholm\/wp-json\/wp\/v2\/posts\/12516\/revisions"}],"predecessor-version":[{"id":12646,"href":"https:\/\/instytutpolski.pl\/stockholm\/wp-json\/wp\/v2\/posts\/12516\/revisions\/12646"}],"wp:featuredmedia":[{"embeddable":true,"href":"https:\/\/instytutpolski.pl\/stockholm\/wp-json\/wp\/v2\/media\/12501"}],"wp:attachment":[{"href":"https:\/\/instytutpolski.pl\/stockholm\/wp-json\/wp\/v2\/media?parent=12516"}],"wp:term":[{"taxonomy":"category","embeddable":true,"href":"https:\/\/instytutpolski.pl\/stockholm\/wp-json\/wp\/v2\/categories?post=12516"},{"taxonomy":"post_tag","embeddable":true,"href":"https:\/\/instytutpolski.pl\/stockholm\/wp-json\/wp\/v2\/tags?post=12516"}],"curies":[{"name":"wp","href":"https:\/\/api.w.org\/{rel}","templated":true}]}}