{"id":12542,"date":"2024-04-29T14:52:05","date_gmt":"2024-04-29T12:52:05","guid":{"rendered":"https:\/\/instytutpolski.pl\/stockholm\/?p=12542"},"modified":"2024-05-22T09:50:50","modified_gmt":"2024-05-22T07:50:50","slug":"polscy-goscie-na-stockholms-internationella-seriefestival","status":"publish","type":"post","link":"https:\/\/instytutpolski.pl\/stockholm\/pl\/2024\/04\/29\/polscy-goscie-na-stockholms-internationella-seriefestival\/","title":{"rendered":"Polscy go\u015bcie na Mi\u0119dzynarodowym Festiwalu Komiksu w Sztokholmie"},"content":{"rendered":"\n<p><\/p>\n\n\n\n<p>Na festiwalu b\u0119dzie mo\u017cna pozna\u0107 Janka, Lucie i Micha\u0142a, kupi\u0107 komiksy wydane przez Central\u0119 i wzi\u0105\u0107 udzia\u0142 w programie z udzia\u0142em polskich artyst\u00f3w:<\/p>\n\n\n\n<p><strong>Sobota, 25 maja, godz 12-12:45<\/strong>, Foaj\u00e9scenen, Kulturhuset, pi\u0119tro 3: Rozmowa z Jankiem, Lucie i Micha\u0142em, moderowana przez dziennikarza i autora Fredrika Str\u00f6mberga. Wi\u0119cej informacji znajdziesz <a href=\"https:\/\/kulturhusetstadsteatern.se\/festivalschema#:~:text=12.00%2D12.45%3A%20Foaj%C3%A9%203%20(plan%203)\">TUTAJ<\/a>.<\/p>\n\n\n\n<p><strong>Sobota, 25 maja, godz 13.45\u201314.45<\/strong>, Klarabiografen, Kulturhuset, pi\u0119tro 3: Pokaz filmowy \u201eSomething no yes!\u201d prezentuj\u0105cy kr\u00f3tkometra\u017cowe animacje i teledyski Janka Kozy. Wi\u0119cej informacji znajdziesz <a href=\"https:\/\/kulturhusetstadsteatern.se\/film\/something-no-yes-med-janek-koza\" target=\"_blank\" rel=\"noreferrer noopener\">TUTAJ<\/a>.<\/p>\n\n\n\n<p style=\"font-size:19px\">Wi\u0119cej o polskich go\u015bciach:<\/p>\n\n\n\n<p style=\"font-size:19px\"><strong>Jan Koza<\/strong> maluje, tworzy animacje, filmy i komiksy. Urodzi\u0142 si\u0119 1 kwietnia 1970 roku we Wroc\u0142awiu. Jest absolwentem kierunk\u00f3w malarstwo i nowe media Akademii Sztuk Pi\u0119knych we Wroc\u0142awiu. Na przestrzeni lat stworzy\u0142 ponad sto animacji i film\u00f3w animowanych, kilka powie\u015bci graficznych oraz tysi\u0105ce karykatur politycznych (regularnie publikuje w tygodniku \u201ePolityka\u201d). Tw\u00f3rczo\u015b\u0107 Kozy jest niczym przewodnik po codzienno\u015bci, dla wielu labiryntu pe\u0142nego wyzwa\u0144. Janek Koza przedstawia historie z \u017cycia, w kt\u00f3rych ostrzega przed zagro\u017ceniami czyhaj\u0105cymi na czytelnik\u00f3w, takimi jak: \u017ale ulokowane uczucia, problemy w pracy czy w ma\u0142\u017ce\u0144stwie lub nikczemno\u015b\u0107 innych. Postaci nie s\u0105 upi\u0119kszane, maj\u0105 wiele ludzkich wad i wraz z tragikomicznymi wydarzeniami oddane s\u0105 za pomoc\u0105 prostych rysunk\u00f3w i lakonicznych, mocnych komentarzy. Opr\u00f3cz fabu\u0142y, mocno osadzonej w polskim kontek\u015bcie, Koza u\u017cywa charakterystycznego stylu tekst\u00f3w i kreski i bardzo personalnie interpretuje \u017cycie codzienne w sztucznych sytuacjach utrzymanych w ironicznym, drwi\u0105cym stylu. Zaanga\u017cowany spo\u0142ecznie Koza kieruje swoje artystyczne ostrze, prze\u015bmiewcze i celowo dalekie od kanon\u00f3w pi\u0119kna, w stron\u0119 naszej rzeczywisto\u015bci. Jego ciesz\u0105cy si\u0119 mi\u0119dzynarodowym uznaniem komiks Bad Dreams to zbi\u00f3r gorzkich historii o pragnieniu ucieczki od m\u0119cz\u0105cej rzeczywisto\u015bci.<\/p>\n\n\n\n<p style=\"font-size:19px\">Wi\u0119cej o Janku Kozie: <a href=\"https:\/\/cargocollective.com\/JanekKoza\">https:\/\/cargocollective.com\/JanekKoza<\/a>&nbsp;<\/p>\n\n\n\n<p style=\"font-size:19px\">Komiks Bad Dreams mo\u017cna kupi\u0107 poprzez <a href=\"https:\/\/www.akademibokhandeln.se\/bok\/bad-dreams\/9781912278176\" target=\"_blank\" rel=\"noreferrer noopener\">stron\u0119 Akademibokhandeln <\/a> <\/p>\n\n\n\n<pre class=\"wp-block-verse\"><\/pre>\n\n\n\n<figure class=\"wp-block-gallery has-nested-images columns-default is-cropped wp-block-gallery-1 is-layout-flex wp-block-gallery-is-layout-flex\">\n<figure class=\"wp-block-image size-large is-style-rounded\"><img loading=\"lazy\" decoding=\"async\" width=\"1024\" height=\"1024\" data-id=\"12533\" src=\"https:\/\/instytutpolski.pl\/stockholm\/wp-content\/uploads\/sites\/17\/2024\/04\/1-1024x1024.png\" alt=\"\" class=\"wp-image-12533\" srcset=\"https:\/\/instytutpolski.pl\/stockholm\/wp-content\/uploads\/sites\/17\/2024\/04\/1-1024x1024.png 1024w, https:\/\/instytutpolski.pl\/stockholm\/wp-content\/uploads\/sites\/17\/2024\/04\/1-300x300.png 300w, https:\/\/instytutpolski.pl\/stockholm\/wp-content\/uploads\/sites\/17\/2024\/04\/1-150x150.png 150w, https:\/\/instytutpolski.pl\/stockholm\/wp-content\/uploads\/sites\/17\/2024\/04\/1-768x768.png 768w, https:\/\/instytutpolski.pl\/stockholm\/wp-content\/uploads\/sites\/17\/2024\/04\/1.png 1080w\" sizes=\"auto, (max-width: 1024px) 100vw, 1024px\" \/><\/figure>\n<\/figure>\n\n\n\n<pre class=\"wp-block-verse\"><\/pre>\n\n\n\n<p style=\"font-size:19px\"><strong>Micha\u0142 S\u0142omka<\/strong> prowadzi <a href=\"http:\/\/centrala.org.uk\/pl\/\" target=\"_blank\" rel=\"noreferrer noopener\">wydawnictwo Centrala<\/a>, kt\u00f3re za\u0142o\u017cy\u0142 w 2007 roku. Centrala skupia si\u0119 na komiksach artystycznych z Europy Wschodniej, przeznaczonych przede wszystkim dla czytelnik\u00f3w doros\u0142ych, ale tak\u017ce dla tych m\u0142odszych. Jest koordynatorem programu dla dzieci oraz programu Koma Pitchings w ramach International Comic Art Festival KOMA w Brnie w Czechach.<\/p>\n\n\n\n<pre class=\"wp-block-verse\"><\/pre>\n\n\n\n<figure class=\"wp-block-gallery has-nested-images columns-default is-cropped wp-block-gallery-2 is-layout-flex wp-block-gallery-is-layout-flex\">\n<figure class=\"wp-block-image size-large is-style-rounded\"><img loading=\"lazy\" decoding=\"async\" width=\"1024\" height=\"1024\" data-id=\"12534\" src=\"https:\/\/instytutpolski.pl\/stockholm\/wp-content\/uploads\/sites\/17\/2024\/04\/2-1024x1024.png\" alt=\"\" class=\"wp-image-12534\" srcset=\"https:\/\/instytutpolski.pl\/stockholm\/wp-content\/uploads\/sites\/17\/2024\/04\/2-1024x1024.png 1024w, https:\/\/instytutpolski.pl\/stockholm\/wp-content\/uploads\/sites\/17\/2024\/04\/2-300x300.png 300w, https:\/\/instytutpolski.pl\/stockholm\/wp-content\/uploads\/sites\/17\/2024\/04\/2-150x150.png 150w, https:\/\/instytutpolski.pl\/stockholm\/wp-content\/uploads\/sites\/17\/2024\/04\/2-768x768.png 768w, https:\/\/instytutpolski.pl\/stockholm\/wp-content\/uploads\/sites\/17\/2024\/04\/2.png 1080w\" sizes=\"auto, (max-width: 1024px) 100vw, 1024px\" \/><\/figure>\n<\/figure>\n\n\n\n<pre class=\"wp-block-verse\"><\/pre>\n\n\n\n<pre class=\"wp-block-verse\" style=\"font-size:19px\">Wi\u0119cej o SIS przeczytasz na <a href=\"https:\/\/seriestockholm.se\/events\/stockholms-internationella-seriefestival-2024-sis24\/\" target=\"_blank\" rel=\"noreferrer noopener\">oficjalnej stronie Serieteket <\/a>\n\nWe wsp\u00f3\u0142pracy z Serieteket, Czeskim Centrum w Sztokholmie, Ambasad\u0105 Republiki Czeskiej w Sztokholmie oraz wydawnictwem Centrala.\n<\/pre>\n","protected":false},"excerpt":{"rendered":"<p>Na festiwalu b\u0119dzie mo\u017cna pozna\u0107 Janka, Lucie i Micha\u0142a, kupi\u0107 komiksy wydane przez Central\u0119 i wzi\u0105\u0107 udzia\u0142 w programie z udzia\u0142em polskich artyst\u00f3w: Sobota, 25 maja, godz 12-12:45, Foaj\u00e9scenen, Kulturhuset, pi\u0119tro 3: Rozmowa z Jankiem, Lucie i Micha\u0142em, moderowana przez dziennikarza i autora Fredrika Str\u00f6mberga. Wi\u0119cej informacji znajdziesz TUTAJ. Sobota, 25 maja, godz 13.45\u201314.45, Klarabiografen, [&hellip;]<\/p>\n","protected":false},"author":173,"featured_media":12501,"comment_status":"closed","ping_status":"closed","sticky":false,"template":"","format":"standard","meta":{"inline_featured_image":false,"_monsterinsights_skip_tracking":false,"_monsterinsights_sitenote_active":false,"_monsterinsights_sitenote_note":"","_monsterinsights_sitenote_category":0,"footnotes":""},"categories":[224,85,87,81,36],"tags":[],"class_list":["post-12542","post","type-post","status-publish","format-standard","has-post-thumbnail","hentry","category-aktualnosc-pl","category-kino","category-literatura","category-sztuki-wizualne","category-wydarzenie"],"yoast_head":"<!-- This site is optimized with the Yoast SEO plugin v24.6 - https:\/\/yoast.com\/wordpress\/plugins\/seo\/ -->\n<title>Polscy go\u015bcie na Mi\u0119dzynarodowym Festiwalu Komiksu w Sztokholmie - Instytut Polski w Sztokholmie<\/title>\n<meta name=\"robots\" content=\"index, follow, max-snippet:-1, max-image-preview:large, max-video-preview:-1\" \/>\n<link rel=\"canonical\" href=\"https:\/\/instytutpolski.pl\/stockholm\/pl\/2024\/04\/29\/polscy-goscie-na-stockholms-internationella-seriefestival\/\" \/>\n<meta property=\"og:locale\" content=\"pl_PL\" \/>\n<meta property=\"og:type\" content=\"article\" \/>\n<meta property=\"og:title\" content=\"Polscy go\u015bcie na Mi\u0119dzynarodowym Festiwalu Komiksu w Sztokholmie - Instytut Polski w Sztokholmie\" \/>\n<meta property=\"og:description\" content=\"Na festiwalu b\u0119dzie mo\u017cna pozna\u0107 Janka, Lucie i Micha\u0142a, kupi\u0107 komiksy wydane przez Central\u0119 i wzi\u0105\u0107 udzia\u0142 w programie z udzia\u0142em polskich artyst\u00f3w: Sobota, 25 maja, godz 12-12:45, Foaj\u00e9scenen, Kulturhuset, pi\u0119tro 3: Rozmowa z Jankiem, Lucie i Micha\u0142em, moderowana przez dziennikarza i autora Fredrika Str\u00f6mberga. Wi\u0119cej informacji znajdziesz TUTAJ. Sobota, 25 maja, godz 13.45\u201314.45, Klarabiografen, [&hellip;]\" \/>\n<meta property=\"og:url\" content=\"https:\/\/instytutpolski.pl\/stockholm\/pl\/2024\/04\/29\/polscy-goscie-na-stockholms-internationella-seriefestival\/\" \/>\n<meta property=\"og:site_name\" content=\"Instytut Polski w Sztokholmie\" \/>\n<meta property=\"article:published_time\" content=\"2024-04-29T12:52:05+00:00\" \/>\n<meta property=\"article:modified_time\" content=\"2024-05-22T07:50:50+00:00\" \/>\n<meta property=\"og:image\" content=\"https:\/\/instytutpolski.pl\/stockholm\/wp-content\/uploads\/sites\/17\/2024\/04\/Seriefestivalen2024.png\" \/>\n\t<meta property=\"og:image:width\" content=\"1120\" \/>\n\t<meta property=\"og:image:height\" content=\"630\" \/>\n\t<meta property=\"og:image:type\" content=\"image\/png\" \/>\n<meta name=\"author\" content=\"treichelp\" \/>\n<meta name=\"twitter:card\" content=\"summary_large_image\" \/>\n<meta name=\"twitter:label1\" content=\"Napisane przez\" \/>\n\t<meta name=\"twitter:data1\" content=\"treichelp\" \/>\n\t<meta name=\"twitter:label2\" content=\"Szacowany czas czytania\" \/>\n\t<meta name=\"twitter:data2\" content=\"3 minuty\" \/>\n<script type=\"application\/ld+json\" class=\"yoast-schema-graph\">{\"@context\":\"https:\/\/schema.org\",\"@graph\":[{\"@type\":\"event\",\"@id\":\"https:\/\/instytutpolski.pl\/stockholm\/pl\/2024\/04\/29\/polscy-goscie-na-stockholms-internationella-seriefestival\/\",\"url\":\"https:\/\/instytutpolski.pl\/stockholm\/pl\/2024\/04\/29\/polscy-goscie-na-stockholms-internationella-seriefestival\/\",\"name\":\"Polscy go\u015bcie na Mi\u0119dzynarodowym Festiwalu Komiksu w Sztokholmie\",\"isPartOf\":{\"@id\":\"https:\/\/instytutpolski.pl\/stockholm\/#website\"},\"primaryImageOfPage\":{\"@id\":\"https:\/\/instytutpolski.pl\/stockholm\/pl\/2024\/04\/29\/polscy-goscie-na-stockholms-internationella-seriefestival\/#primaryimage\"},\"image\":[\"https:\/\/instytutpolski.pl\/stockholm\/wp-content\/uploads\/sites\/17\/2024\/04\/Seriefestivalen2024.png\",\"https:\/\/instytutpolski.pl\/stockholm\/wp-content\/uploads\/sites\/17\/2024\/04\/Seriefestivalen2024-300x169.png\",\"https:\/\/instytutpolski.pl\/stockholm\/wp-content\/uploads\/sites\/17\/2024\/04\/Seriefestivalen2024-1024x576.png\",\"https:\/\/instytutpolski.pl\/stockholm\/wp-content\/uploads\/sites\/17\/2024\/04\/Seriefestivalen2024.png\"],\"thumbnailUrl\":\"https:\/\/instytutpolski.pl\/stockholm\/wp-content\/uploads\/sites\/17\/2024\/04\/Seriefestivalen2024.png\",\"datePublished\":\"2024-04-29T12:52:05+02:00\",\"dateModified\":\"2024-05-22T07:50:50+02:00\",\"author\":{\"@id\":\"https:\/\/instytutpolski.pl\/stockholm\/#\/schema\/person\/866a2c0f4ccf0982a286809684f7bc1e\"},\"breadcrumb\":{\"@id\":\"https:\/\/instytutpolski.pl\/stockholm\/pl\/2024\/04\/29\/polscy-goscie-na-stockholms-internationella-seriefestival\/#breadcrumb\"},\"inLanguage\":\"pl-PL\",\"potentialAction\":[{\"@type\":\"ReadAction\",\"target\":[\"https:\/\/instytutpolski.pl\/stockholm\/pl\/2024\/04\/29\/polscy-goscie-na-stockholms-internationella-seriefestival\/\"]}],\"@context\":\"https:\/\/schema.org\",\"startDate\":\"2024-05-25\",\"endDate\":\"2024-05-26\",\"eventStatus\":\"EventScheduled\",\"eventAttendanceMode\":\"OfflineEventAttendanceMode\",\"location\":{\"@type\":\"place\",\"name\":\"Kulturhuset Stadsteatern, Stockholm\",\"address\":\"Kulturhuset Stadsteatern, Stockholm\",\"geo\":{\"@type\":\"GeoCoordinates\",\"latitude\":\"59.31090140405186\",\"longitude\":\"18.058051550816664\"}},\"description\":\"Na festiwalu b\u0119dzie mo\u017cna pozna\u0107 Janka, Lucie i Micha\u0142a, kupi\u0107 komiksy wydane przez Central\u0119 i wzi\u0105\u0107 udzia\u0142 w programie z udzia\u0142em polskich artyst\u00f3w:\\nSobota, 25 maja, godz 12-12:45, Foaj\u00e9scenen, Kulturhuset, pi\u0119tro 3: Rozmowa z Jankiem, Lucie i Micha\u0142em, moderowana przez dziennikarza i autora Fredrika Str\u00f6mberga. Wi\u0119cej informacji znajdziesz TUTAJ.\\nSobota, 25 maja, godz 13.45\u201314.45, Klarabiografen, Kulturhuset, pi\u0119tro 3: Pokaz filmowy \u201eSomething no yes!\u201d prezentuj\u0105cy kr\u00f3tkometra\u017cowe animacje i teledyski Janka Kozy. Wi\u0119cej informacji znajdziesz TUTAJ.\\nWi\u0119cej o polskich go\u015bciach:\\nJan Koza maluje, tworzy animacje, filmy i komiksy. Urodzi\u0142 si\u0119 1 kwietnia 1970 roku we Wroc\u0142awiu. Jest absolwentem kierunk\u00f3w malarstwo i nowe media Akademii Sztuk Pi\u0119knych we Wroc\u0142awiu. Na przestrzeni lat stworzy\u0142 ponad sto animacji i film\u00f3w animowanych, kilka powie\u015bci graficznych oraz tysi\u0105ce karykatur politycznych (regularnie publikuje w tygodniku \u201ePolityka\u201d). Tw\u00f3rczo\u015b\u0107 Kozy jest niczym przewodnik po codzienno\u015bci, dla wielu labiryntu pe\u0142nego wyzwa\u0144. Janek Koza przedstawia historie z \u017cycia, w kt\u00f3rych ostrzega przed zagro\u017ceniami czyhaj\u0105cymi na czytelnik\u00f3w, takimi jak: \u017ale ulokowane uczucia, problemy w pracy czy w ma\u0142\u017ce\u0144stwie lub nikczemno\u015b\u0107 innych. Postaci nie s\u0105 upi\u0119kszane, maj\u0105 wiele ludzkich wad i wraz z tragikomicznymi wydarzeniami oddane s\u0105 za pomoc\u0105 prostych rysunk\u00f3w i lakonicznych, mocnych komentarzy. Opr\u00f3cz fabu\u0142y, mocno osadzonej w polskim kontek\u015bcie, Koza u\u017cywa charakterystycznego stylu tekst\u00f3w i kreski i bardzo personalnie interpretuje \u017cycie codzienne w sztucznych sytuacjach utrzymanych w ironicznym, drwi\u0105cym stylu. Zaanga\u017cowany spo\u0142ecznie Koza kieruje swoje artystyczne ostrze, prze\u015bmiewcze i celowo dalekie od kanon\u00f3w pi\u0119kna, w stron\u0119 naszej rzeczywisto\u015bci. Jego ciesz\u0105cy si\u0119 mi\u0119dzynarodowym uznaniem komiks Bad Dreams to zbi\u00f3r gorzkich historii o pragnieniu ucieczki od m\u0119cz\u0105cej rzeczywisto\u015bci.\\nWi\u0119cej o Janku Kozie: https:\/\/cargocollective.com\/JanekKoza \\nKomiks Bad Dreams mo\u017cna kupi\u0107 poprzez stron\u0119 Akademibokhandeln  \\nMicha\u0142 S\u0142omka prowadzi wydawnictwo Centrala, kt\u00f3re za\u0142o\u017cy\u0142 w 2007 roku. Centrala skupia si\u0119 na komiksach artystycznych z Europy Wschodniej, przeznaczonych przede wszystkim dla czytelnik\u00f3w doros\u0142ych, ale tak\u017ce dla tych m\u0142odszych. Jest koordynatorem programu dla dzieci oraz programu Koma Pitchings w ramach International Comic Art Festival KOMA w Brnie w Czechach.\\nWi\u0119cej o SIS przeczytasz na oficjalnej stronie Serieteket \\nWe wsp\u00f3\u0142pracy z Serieteket, Czeskim Centrum w Sztokholmie, Ambasad\u0105 Republiki Czeskiej w Sztokholmie oraz wydawnictwem Centrala.\"},{\"@type\":\"ImageObject\",\"inLanguage\":\"pl-PL\",\"@id\":\"https:\/\/instytutpolski.pl\/stockholm\/pl\/2024\/04\/29\/polscy-goscie-na-stockholms-internationella-seriefestival\/#primaryimage\",\"url\":\"https:\/\/instytutpolski.pl\/stockholm\/wp-content\/uploads\/sites\/17\/2024\/04\/Seriefestivalen2024.png\",\"contentUrl\":\"https:\/\/instytutpolski.pl\/stockholm\/wp-content\/uploads\/sites\/17\/2024\/04\/Seriefestivalen2024.png\",\"width\":1120,\"height\":630},{\"@type\":\"BreadcrumbList\",\"@id\":\"https:\/\/instytutpolski.pl\/stockholm\/pl\/2024\/04\/29\/polscy-goscie-na-stockholms-internationella-seriefestival\/#breadcrumb\",\"itemListElement\":[{\"@type\":\"ListItem\",\"position\":1,\"name\":\"Home\",\"item\":\"https:\/\/instytutpolski.pl\/stockholm\/\"},{\"@type\":\"ListItem\",\"position\":2,\"name\":\"Polscy go\u015bcie na Mi\u0119dzynarodowym Festiwalu Komiksu w Sztokholmie\"}]},{\"@type\":\"WebSite\",\"@id\":\"https:\/\/instytutpolski.pl\/stockholm\/#website\",\"url\":\"https:\/\/instytutpolski.pl\/stockholm\/\",\"name\":\"Instytut Polski w Sztokholmie\",\"description\":\"Instytuty Polskie\",\"potentialAction\":[{\"@type\":\"SearchAction\",\"target\":{\"@type\":\"EntryPoint\",\"urlTemplate\":\"https:\/\/instytutpolski.pl\/stockholm\/?s={search_term_string}\"},\"query-input\":{\"@type\":\"PropertyValueSpecification\",\"valueRequired\":true,\"valueName\":\"search_term_string\"}}],\"inLanguage\":\"pl-PL\"},{\"@type\":\"Person\",\"@id\":\"https:\/\/instytutpolski.pl\/stockholm\/#\/schema\/person\/866a2c0f4ccf0982a286809684f7bc1e\",\"name\":\"treichelp\",\"image\":{\"@type\":\"ImageObject\",\"inLanguage\":\"pl-PL\",\"@id\":\"https:\/\/instytutpolski.pl\/stockholm\/#\/schema\/person\/image\/\",\"url\":\"https:\/\/secure.gravatar.com\/avatar\/fb2c1caae0df0854742a56fc463dd1fb?s=96&d=mm&r=g\",\"contentUrl\":\"https:\/\/secure.gravatar.com\/avatar\/fb2c1caae0df0854742a56fc463dd1fb?s=96&d=mm&r=g\",\"caption\":\"treichelp\"},\"url\":\"https:\/\/instytutpolski.pl\/stockholm\/author\/treichelp\/\"}]}<\/script>\n<!-- \/ Yoast SEO plugin. -->","yoast_head_json":{"title":"Polscy go\u015bcie na Mi\u0119dzynarodowym Festiwalu Komiksu w Sztokholmie - Instytut Polski w Sztokholmie","robots":{"index":"index","follow":"follow","max-snippet":"max-snippet:-1","max-image-preview":"max-image-preview:large","max-video-preview":"max-video-preview:-1"},"canonical":"https:\/\/instytutpolski.pl\/stockholm\/pl\/2024\/04\/29\/polscy-goscie-na-stockholms-internationella-seriefestival\/","og_locale":"pl_PL","og_type":"article","og_title":"Polscy go\u015bcie na Mi\u0119dzynarodowym Festiwalu Komiksu w Sztokholmie - Instytut Polski w Sztokholmie","og_description":"Na festiwalu b\u0119dzie mo\u017cna pozna\u0107 Janka, Lucie i Micha\u0142a, kupi\u0107 komiksy wydane przez Central\u0119 i wzi\u0105\u0107 udzia\u0142 w programie z udzia\u0142em polskich artyst\u00f3w: Sobota, 25 maja, godz 12-12:45, Foaj\u00e9scenen, Kulturhuset, pi\u0119tro 3: Rozmowa z Jankiem, Lucie i Micha\u0142em, moderowana przez dziennikarza i autora Fredrika Str\u00f6mberga. Wi\u0119cej informacji znajdziesz TUTAJ. Sobota, 25 maja, godz 13.45\u201314.45, Klarabiografen, [&hellip;]","og_url":"https:\/\/instytutpolski.pl\/stockholm\/pl\/2024\/04\/29\/polscy-goscie-na-stockholms-internationella-seriefestival\/","og_site_name":"Instytut Polski w Sztokholmie","article_published_time":"2024-04-29T12:52:05+00:00","article_modified_time":"2024-05-22T07:50:50+00:00","og_image":[{"width":1120,"height":630,"url":"https:\/\/instytutpolski.pl\/stockholm\/wp-content\/uploads\/sites\/17\/2024\/04\/Seriefestivalen2024.png","type":"image\/png"}],"author":"treichelp","twitter_card":"summary_large_image","twitter_misc":{"Napisane przez":"treichelp","Szacowany czas czytania":"3 minuty"},"schema":{"@context":"https:\/\/schema.org","@graph":[{"@type":"event","@id":"https:\/\/instytutpolski.pl\/stockholm\/pl\/2024\/04\/29\/polscy-goscie-na-stockholms-internationella-seriefestival\/","url":"https:\/\/instytutpolski.pl\/stockholm\/pl\/2024\/04\/29\/polscy-goscie-na-stockholms-internationella-seriefestival\/","name":"Polscy go\u015bcie na Mi\u0119dzynarodowym Festiwalu Komiksu w Sztokholmie","isPartOf":{"@id":"https:\/\/instytutpolski.pl\/stockholm\/#website"},"primaryImageOfPage":{"@id":"https:\/\/instytutpolski.pl\/stockholm\/pl\/2024\/04\/29\/polscy-goscie-na-stockholms-internationella-seriefestival\/#primaryimage"},"image":["https:\/\/instytutpolski.pl\/stockholm\/wp-content\/uploads\/sites\/17\/2024\/04\/Seriefestivalen2024.png","https:\/\/instytutpolski.pl\/stockholm\/wp-content\/uploads\/sites\/17\/2024\/04\/Seriefestivalen2024-300x169.png","https:\/\/instytutpolski.pl\/stockholm\/wp-content\/uploads\/sites\/17\/2024\/04\/Seriefestivalen2024-1024x576.png","https:\/\/instytutpolski.pl\/stockholm\/wp-content\/uploads\/sites\/17\/2024\/04\/Seriefestivalen2024.png"],"thumbnailUrl":"https:\/\/instytutpolski.pl\/stockholm\/wp-content\/uploads\/sites\/17\/2024\/04\/Seriefestivalen2024.png","datePublished":"2024-04-29T12:52:05+02:00","dateModified":"2024-05-22T07:50:50+02:00","author":{"@id":"https:\/\/instytutpolski.pl\/stockholm\/#\/schema\/person\/866a2c0f4ccf0982a286809684f7bc1e"},"breadcrumb":{"@id":"https:\/\/instytutpolski.pl\/stockholm\/pl\/2024\/04\/29\/polscy-goscie-na-stockholms-internationella-seriefestival\/#breadcrumb"},"inLanguage":"pl-PL","potentialAction":[{"@type":"ReadAction","target":["https:\/\/instytutpolski.pl\/stockholm\/pl\/2024\/04\/29\/polscy-goscie-na-stockholms-internationella-seriefestival\/"]}],"@context":"https:\/\/schema.org","startDate":"2024-05-25","endDate":"2024-05-26","eventStatus":"EventScheduled","eventAttendanceMode":"OfflineEventAttendanceMode","location":{"@type":"place","name":"Kulturhuset Stadsteatern, Stockholm","address":"Kulturhuset Stadsteatern, Stockholm","geo":{"@type":"GeoCoordinates","latitude":"59.31090140405186","longitude":"18.058051550816664"}},"description":"Na festiwalu b\u0119dzie mo\u017cna pozna\u0107 Janka, Lucie i Micha\u0142a, kupi\u0107 komiksy wydane przez Central\u0119 i wzi\u0105\u0107 udzia\u0142 w programie z udzia\u0142em polskich artyst\u00f3w:\nSobota, 25 maja, godz 12-12:45, Foaj\u00e9scenen, Kulturhuset, pi\u0119tro 3: Rozmowa z Jankiem, Lucie i Micha\u0142em, moderowana przez dziennikarza i autora Fredrika Str\u00f6mberga. Wi\u0119cej informacji znajdziesz TUTAJ.\nSobota, 25 maja, godz 13.45\u201314.45, Klarabiografen, Kulturhuset, pi\u0119tro 3: Pokaz filmowy \u201eSomething no yes!\u201d prezentuj\u0105cy kr\u00f3tkometra\u017cowe animacje i teledyski Janka Kozy. Wi\u0119cej informacji znajdziesz TUTAJ.\nWi\u0119cej o polskich go\u015bciach:\nJan Koza maluje, tworzy animacje, filmy i komiksy. Urodzi\u0142 si\u0119 1 kwietnia 1970 roku we Wroc\u0142awiu. Jest absolwentem kierunk\u00f3w malarstwo i nowe media Akademii Sztuk Pi\u0119knych we Wroc\u0142awiu. Na przestrzeni lat stworzy\u0142 ponad sto animacji i film\u00f3w animowanych, kilka powie\u015bci graficznych oraz tysi\u0105ce karykatur politycznych (regularnie publikuje w tygodniku \u201ePolityka\u201d). Tw\u00f3rczo\u015b\u0107 Kozy jest niczym przewodnik po codzienno\u015bci, dla wielu labiryntu pe\u0142nego wyzwa\u0144. Janek Koza przedstawia historie z \u017cycia, w kt\u00f3rych ostrzega przed zagro\u017ceniami czyhaj\u0105cymi na czytelnik\u00f3w, takimi jak: \u017ale ulokowane uczucia, problemy w pracy czy w ma\u0142\u017ce\u0144stwie lub nikczemno\u015b\u0107 innych. Postaci nie s\u0105 upi\u0119kszane, maj\u0105 wiele ludzkich wad i wraz z tragikomicznymi wydarzeniami oddane s\u0105 za pomoc\u0105 prostych rysunk\u00f3w i lakonicznych, mocnych komentarzy. Opr\u00f3cz fabu\u0142y, mocno osadzonej w polskim kontek\u015bcie, Koza u\u017cywa charakterystycznego stylu tekst\u00f3w i kreski i bardzo personalnie interpretuje \u017cycie codzienne w sztucznych sytuacjach utrzymanych w ironicznym, drwi\u0105cym stylu. Zaanga\u017cowany spo\u0142ecznie Koza kieruje swoje artystyczne ostrze, prze\u015bmiewcze i celowo dalekie od kanon\u00f3w pi\u0119kna, w stron\u0119 naszej rzeczywisto\u015bci. Jego ciesz\u0105cy si\u0119 mi\u0119dzynarodowym uznaniem komiks Bad Dreams to zbi\u00f3r gorzkich historii o pragnieniu ucieczki od m\u0119cz\u0105cej rzeczywisto\u015bci.\nWi\u0119cej o Janku Kozie: https:\/\/cargocollective.com\/JanekKoza \nKomiks Bad Dreams mo\u017cna kupi\u0107 poprzez stron\u0119 Akademibokhandeln  \nMicha\u0142 S\u0142omka prowadzi wydawnictwo Centrala, kt\u00f3re za\u0142o\u017cy\u0142 w 2007 roku. Centrala skupia si\u0119 na komiksach artystycznych z Europy Wschodniej, przeznaczonych przede wszystkim dla czytelnik\u00f3w doros\u0142ych, ale tak\u017ce dla tych m\u0142odszych. Jest koordynatorem programu dla dzieci oraz programu Koma Pitchings w ramach International Comic Art Festival KOMA w Brnie w Czechach.\nWi\u0119cej o SIS przeczytasz na oficjalnej stronie Serieteket \nWe wsp\u00f3\u0142pracy z Serieteket, Czeskim Centrum w Sztokholmie, Ambasad\u0105 Republiki Czeskiej w Sztokholmie oraz wydawnictwem Centrala."},{"@type":"ImageObject","inLanguage":"pl-PL","@id":"https:\/\/instytutpolski.pl\/stockholm\/pl\/2024\/04\/29\/polscy-goscie-na-stockholms-internationella-seriefestival\/#primaryimage","url":"https:\/\/instytutpolski.pl\/stockholm\/wp-content\/uploads\/sites\/17\/2024\/04\/Seriefestivalen2024.png","contentUrl":"https:\/\/instytutpolski.pl\/stockholm\/wp-content\/uploads\/sites\/17\/2024\/04\/Seriefestivalen2024.png","width":1120,"height":630},{"@type":"BreadcrumbList","@id":"https:\/\/instytutpolski.pl\/stockholm\/pl\/2024\/04\/29\/polscy-goscie-na-stockholms-internationella-seriefestival\/#breadcrumb","itemListElement":[{"@type":"ListItem","position":1,"name":"Home","item":"https:\/\/instytutpolski.pl\/stockholm\/"},{"@type":"ListItem","position":2,"name":"Polscy go\u015bcie na Mi\u0119dzynarodowym Festiwalu Komiksu w Sztokholmie"}]},{"@type":"WebSite","@id":"https:\/\/instytutpolski.pl\/stockholm\/#website","url":"https:\/\/instytutpolski.pl\/stockholm\/","name":"Instytut Polski w Sztokholmie","description":"Instytuty Polskie","potentialAction":[{"@type":"SearchAction","target":{"@type":"EntryPoint","urlTemplate":"https:\/\/instytutpolski.pl\/stockholm\/?s={search_term_string}"},"query-input":{"@type":"PropertyValueSpecification","valueRequired":true,"valueName":"search_term_string"}}],"inLanguage":"pl-PL"},{"@type":"Person","@id":"https:\/\/instytutpolski.pl\/stockholm\/#\/schema\/person\/866a2c0f4ccf0982a286809684f7bc1e","name":"treichelp","image":{"@type":"ImageObject","inLanguage":"pl-PL","@id":"https:\/\/instytutpolski.pl\/stockholm\/#\/schema\/person\/image\/","url":"https:\/\/secure.gravatar.com\/avatar\/fb2c1caae0df0854742a56fc463dd1fb?s=96&d=mm&r=g","contentUrl":"https:\/\/secure.gravatar.com\/avatar\/fb2c1caae0df0854742a56fc463dd1fb?s=96&d=mm&r=g","caption":"treichelp"},"url":"https:\/\/instytutpolski.pl\/stockholm\/author\/treichelp\/"}]}},"_links":{"self":[{"href":"https:\/\/instytutpolski.pl\/stockholm\/wp-json\/wp\/v2\/posts\/12542","targetHints":{"allow":["GET"]}}],"collection":[{"href":"https:\/\/instytutpolski.pl\/stockholm\/wp-json\/wp\/v2\/posts"}],"about":[{"href":"https:\/\/instytutpolski.pl\/stockholm\/wp-json\/wp\/v2\/types\/post"}],"author":[{"embeddable":true,"href":"https:\/\/instytutpolski.pl\/stockholm\/wp-json\/wp\/v2\/users\/173"}],"replies":[{"embeddable":true,"href":"https:\/\/instytutpolski.pl\/stockholm\/wp-json\/wp\/v2\/comments?post=12542"}],"version-history":[{"count":15,"href":"https:\/\/instytutpolski.pl\/stockholm\/wp-json\/wp\/v2\/posts\/12542\/revisions"}],"predecessor-version":[{"id":12611,"href":"https:\/\/instytutpolski.pl\/stockholm\/wp-json\/wp\/v2\/posts\/12542\/revisions\/12611"}],"wp:featuredmedia":[{"embeddable":true,"href":"https:\/\/instytutpolski.pl\/stockholm\/wp-json\/wp\/v2\/media\/12501"}],"wp:attachment":[{"href":"https:\/\/instytutpolski.pl\/stockholm\/wp-json\/wp\/v2\/media?parent=12542"}],"wp:term":[{"taxonomy":"category","embeddable":true,"href":"https:\/\/instytutpolski.pl\/stockholm\/wp-json\/wp\/v2\/categories?post=12542"},{"taxonomy":"post_tag","embeddable":true,"href":"https:\/\/instytutpolski.pl\/stockholm\/wp-json\/wp\/v2\/tags?post=12542"}],"curies":[{"name":"wp","href":"https:\/\/api.w.org\/{rel}","templated":true}]}}